{"id":160960,"date":"2022-03-03T02:39:25","date_gmt":"2022-03-03T02:39:25","guid":{"rendered":"http:\/\/candas365.es\/noticias\/?p=160960"},"modified":"2022-03-03T02:39:25","modified_gmt":"2022-03-03T02:39:25","slug":"comite-aleman-critica-la-admision-de-rusia-en-juegos-paralimpicos","status":"publish","type":"post","link":"https:\/\/candas365.es\/noticias\/comite-aleman-critica-la-admision-de-rusia-en-juegos-paralimpicos\/","title":{"rendered":"Comit\u00e9 alem\u00e1n critica la admisi\u00f3n de Rusia en Juegos Paral\u00edmpicos"},"content":{"rendered":"<p>Pek\u00edn, 2 mar (dpa) &#8211; El Comit\u00e9 Ol\u00edmpico Alem\u00e1n (DOSB) critic\u00f3 hoy duramente la admisi\u00f3n de atletas de Rusia y Bielorrusia en los Juegos Paral\u00edmpicos de Invierno.<\/p>\n<figure id=\"attachment_160961\" aria-describedby=\"caption-attachment-160961\" style=\"width: 650px\" class=\"wp-caption aligncenter\"><img fetchpriority=\"high\" decoding=\"async\" class=\"wp-image-160961 size-large\" src=\"https:\/\/candas365.es\/noticias\/wp-content\/uploads\/2022\/03\/Paralimpicos-650x438.jpg\" alt=\"Paral\u00edmpicos\" width=\"650\" height=\"438\" srcset=\"https:\/\/candas365.es\/noticias\/wp-content\/uploads\/2022\/03\/Paralimpicos-650x438.jpg 650w, https:\/\/candas365.es\/noticias\/wp-content\/uploads\/2022\/03\/Paralimpicos-360x243.jpg 360w, https:\/\/candas365.es\/noticias\/wp-content\/uploads\/2022\/03\/Paralimpicos-768x518.jpg 768w, https:\/\/candas365.es\/noticias\/wp-content\/uploads\/2022\/03\/Paralimpicos-150x101.jpg 150w, https:\/\/candas365.es\/noticias\/wp-content\/uploads\/2022\/03\/Paralimpicos-450x303.jpg 450w, https:\/\/candas365.es\/noticias\/wp-content\/uploads\/2022\/03\/Paralimpicos.jpg 975w\" sizes=\"(max-width: 650px) 100vw, 650px\" \/><figcaption id=\"caption-attachment-160961\" class=\"wp-caption-text\">El logotipo del Comit\u00e9 Paral\u00edmpico Internacional IPC. Foto: picture alliance \/ Rolf Vennenbernd\/dpa<\/figcaption><\/figure>\n<p>\u00abConsideramos err\u00f3nea la decisi\u00f3n del Comit\u00e9 Paral\u00edmpico Internacional junto con la Asociaci\u00f3n Alemana de Deportes para Discapacitados\u00bb, declar\u00f3 el presidente de la entidad, Thomas Weikert, en relaci\u00f3n a la decisi\u00f3n de permitir que los deportistas de estos pa\u00edses compitan como atletas neutrales.<\/p>\n<p>\u00abEn vista de la guerra que Rusia, con el apoyo de Bielorrusia, est\u00e1 librando contra Ucrania y su pueblo, el deporte mundial est\u00e1 recurriendo a duras medidas de sanci\u00f3n\u00bb, dijo Weikert.<\/p>\n<p>Agreg\u00f3 que el DOSB sigue manteniendo la exigencia de excluir del deporte internacional a los atletas rusos y bielorrusos, as\u00ed como a los funcionarios de ambos pa\u00edses, hasta nuevo aviso.<\/p>\n<p>\u00abLa participaci\u00f3n basada en el cambio de nombre a supuestos &#8216;neutrales&#8217; socava la intenci\u00f3n y el objetivo de las sanciones de contrarrestar la flagrante violaci\u00f3n del derecho internacional con se\u00f1ales globalmente visibles\u00bb, afirm\u00f3 Weikert.<\/p>\n","protected":false},"excerpt":{"rendered":"<p>Pek\u00edn, 2 mar (dpa) &#8211; El Comit\u00e9 Ol\u00edmpico Alem\u00e1n (DOSB) critic\u00f3 hoy duramente la admisi\u00f3n de atletas de Rusia y Bielorrusia en los Juegos Paral\u00edmpicos de Invierno. \u00abConsideramos err\u00f3nea la decisi\u00f3n del Comit\u00e9 Paral\u00edmpico Internacional junto con la Asociaci\u00f3n Alemana de Deportes para Discapacitados\u00bb, declar\u00f3 el presidente de la entidad, Thomas Weikert, en relaci\u00f3n a<\/p>\n","protected":false},"author":1,"featured_media":160961,"comment_status":"closed","ping_status":"closed","sticky":false,"template":"","format":"standard","meta":{"footnotes":""},"categories":[319],"tags":[387],"class_list":{"0":"post-160960","1":"post","2":"type-post","3":"status-publish","4":"format-standard","5":"has-post-thumbnail","7":"category-deporte","8":"tag-deporte"},"aioseo_notices":[],"aioseo_head":"\n\t\t<!-- All in One SEO Pro 4.9.6.2 - aioseo.com -->\n\t<meta name=\"description\" content=\"El Comit\u00e9 Ol\u00edmpico Alem\u00e1n (DOSB) critic\u00f3 hoy duramente la admisi\u00f3n de atletas de Rusia y Bielorrusia en los Juegos Paral\u00edmpicos de Invierno\" \/>\n\t<meta name=\"robots\" content=\"max-image-preview:large\" \/>\n\t<meta name=\"author\" content=\"Cand\u00e1s 365\"\/>\n\t<meta name=\"google-site-verification\" content=\"UA-32230408-1\" \/>\n\t<meta name=\"msvalidate.01\" content=\"354F3CDFB2DA171B47FBE9ABF1F88D5\" \/>\n\t<meta name=\"keywords\" content=\"deporte\" \/>\n\t<link rel=\"canonical\" href=\"https:\/\/candas365.es\/noticias\/comite-aleman-critica-la-admision-de-rusia-en-juegos-paralimpicos\/\" \/>\n\t<meta name=\"generator\" content=\"All in One SEO Pro (AIOSEO) 4.9.6.2\" \/>\n\t\t<meta property=\"og:locale\" content=\"es_ES\" \/>\n\t\t<meta property=\"og:site_name\" content=\"Cand\u00e1s 365\" \/>\n\t\t<meta property=\"og:type\" content=\"article\" \/>\n\t\t<meta property=\"og:title\" content=\"Comit\u00e9 alem\u00e1n critica la admisi\u00f3n de Rusia en Juegos Paral\u00edmpicos | Cand\u00e1s 365\" \/>\n\t\t<meta property=\"og:description\" content=\"El Comit\u00e9 Ol\u00edmpico Alem\u00e1n (DOSB) critic\u00f3 hoy duramente la admisi\u00f3n de atletas de Rusia y Bielorrusia en los Juegos Paral\u00edmpicos de Invierno\" \/>\n\t\t<meta property=\"og:url\" content=\"https:\/\/candas365.es\/noticias\/comite-aleman-critica-la-admision-de-rusia-en-juegos-paralimpicos\/\" \/>\n\t\t<meta property=\"og:image\" content=\"https:\/\/candas365.es\/noticias\/wp-content\/uploads\/2022\/03\/Paralimpicos.jpg\" \/>\n\t\t<meta property=\"og:image:secure_url\" content=\"https:\/\/candas365.es\/noticias\/wp-content\/uploads\/2022\/03\/Paralimpicos.jpg\" \/>\n\t\t<meta property=\"og:image:width\" content=\"975\" \/>\n\t\t<meta property=\"og:image:height\" content=\"657\" \/>\n\t\t<meta property=\"article:published_time\" content=\"2022-03-03T02:39:25+00:00\" \/>\n\t\t<meta property=\"article:modified_time\" content=\"2022-03-03T02:39:25+00:00\" \/>\n\t\t<meta property=\"article:publisher\" content=\"https:\/\/www.facebook.com\/Nachofdezber\" \/>\n\t\t<meta property=\"article:author\" content=\"https:\/\/www.facebook.com\/carrenoactualidad\" \/>\n\t\t<meta name=\"twitter:card\" content=\"summary_large_image\" \/>\n\t\t<meta name=\"twitter:site\" content=\"@NabercoDigital\" \/>\n\t\t<meta name=\"twitter:title\" content=\"Comit\u00e9 alem\u00e1n critica la admisi\u00f3n de Rusia en Juegos Paral\u00edmpicos | Cand\u00e1s 365\" \/>\n\t\t<meta name=\"twitter:description\" content=\"El Comit\u00e9 Ol\u00edmpico Alem\u00e1n (DOSB) critic\u00f3 hoy duramente la admisi\u00f3n de atletas de Rusia y Bielorrusia en los Juegos Paral\u00edmpicos de Invierno\" \/>\n\t\t<meta name=\"twitter:creator\" content=\"@nbasturias\" \/>\n\t\t<meta name=\"twitter:image\" content=\"https:\/\/candas365.es\/noticias\/wp-content\/uploads\/2022\/03\/Paralimpicos.jpg\" \/>\n\t\t<meta name=\"twitter:label1\" content=\"Escrito por\" \/>\n\t\t<meta name=\"twitter:data1\" content=\"Cand\u00e1s 365\" \/>\n\t\t<meta name=\"twitter:label2\" content=\"Tiempo de lectura estimado\" \/>\n\t\t<meta name=\"twitter:data2\" content=\"1 minuto\" \/>\n\t\t<script type=\"application\/ld+json\" class=\"aioseo-schema\">\n\t\t\t{\"@context\":\"https:\\\/\\\/schema.org\",\"@graph\":[{\"@type\":\"BreadcrumbList\",\"@id\":\"https:\\\/\\\/candas365.es\\\/noticias\\\/comite-aleman-critica-la-admision-de-rusia-en-juegos-paralimpicos\\\/#breadcrumblist\",\"itemListElement\":[{\"@type\":\"ListItem\",\"@id\":\"https:\\\/\\\/candas365.es\\\/noticias#listItem\",\"position\":1,\"name\":\"Home\",\"item\":\"https:\\\/\\\/candas365.es\\\/noticias\",\"nextItem\":{\"@type\":\"ListItem\",\"@id\":\"https:\\\/\\\/candas365.es\\\/noticias\\\/category\\\/deporte\\\/#listItem\",\"name\":\"Deporte\"}},{\"@type\":\"ListItem\",\"@id\":\"https:\\\/\\\/candas365.es\\\/noticias\\\/category\\\/deporte\\\/#listItem\",\"position\":2,\"name\":\"Deporte\",\"item\":\"https:\\\/\\\/candas365.es\\\/noticias\\\/category\\\/deporte\\\/\",\"nextItem\":{\"@type\":\"ListItem\",\"@id\":\"https:\\\/\\\/candas365.es\\\/noticias\\\/comite-aleman-critica-la-admision-de-rusia-en-juegos-paralimpicos\\\/#listItem\",\"name\":\"Comit\\u00e9 alem\\u00e1n critica la admisi\\u00f3n de Rusia en Juegos Paral\\u00edmpicos\"},\"previousItem\":{\"@type\":\"ListItem\",\"@id\":\"https:\\\/\\\/candas365.es\\\/noticias#listItem\",\"name\":\"Home\"}},{\"@type\":\"ListItem\",\"@id\":\"https:\\\/\\\/candas365.es\\\/noticias\\\/comite-aleman-critica-la-admision-de-rusia-en-juegos-paralimpicos\\\/#listItem\",\"position\":3,\"name\":\"Comit\\u00e9 alem\\u00e1n critica la admisi\\u00f3n de Rusia en Juegos Paral\\u00edmpicos\",\"previousItem\":{\"@type\":\"ListItem\",\"@id\":\"https:\\\/\\\/candas365.es\\\/noticias\\\/category\\\/deporte\\\/#listItem\",\"name\":\"Deporte\"}}]},{\"@type\":\"NewsArticle\",\"@id\":\"https:\\\/\\\/candas365.es\\\/noticias\\\/comite-aleman-critica-la-admision-de-rusia-en-juegos-paralimpicos\\\/#newsarticle\",\"name\":\"Comit\\u00e9 alem\\u00e1n critica la admisi\\u00f3n de Rusia en Juegos Paral\\u00edmpicos | Cand\\u00e1s 365\",\"headline\":\"Comit\\u00e9 alem\\u00e1n critica la admisi\\u00f3n de Rusia en Juegos Paral\\u00edmpicos\",\"author\":{\"@id\":\"https:\\\/\\\/candas365.es\\\/noticias\\\/author\\\/admin\\\/#author\"},\"publisher\":{\"@id\":\"https:\\\/\\\/candas365.es\\\/noticias\\\/#organization\"},\"image\":{\"@type\":\"ImageObject\",\"url\":\"https:\\\/\\\/candas365.es\\\/noticias\\\/wp-content\\\/uploads\\\/2022\\\/03\\\/Paralimpicos.jpg\",\"width\":975,\"height\":657,\"caption\":\"El logotipo del Comit\\u00e9 Paral\\u00edmpico Internacional IPC. Foto: picture alliance \\\/ Rolf Vennenbernd\\\/dpa\"},\"datePublished\":\"2022-03-03T02:39:25+01:00\",\"dateModified\":\"2022-03-03T02:39:25+01:00\",\"inLanguage\":\"es-ES\",\"mainEntityOfPage\":{\"@id\":\"https:\\\/\\\/candas365.es\\\/noticias\\\/comite-aleman-critica-la-admision-de-rusia-en-juegos-paralimpicos\\\/#webpage\"},\"isPartOf\":{\"@id\":\"https:\\\/\\\/candas365.es\\\/noticias\\\/comite-aleman-critica-la-admision-de-rusia-en-juegos-paralimpicos\\\/#webpage\"},\"articleSection\":\"Deporte, deporte\",\"dateline\":\"Publicado el marzo 3, 2022.\"},{\"@type\":\"Organization\",\"@id\":\"https:\\\/\\\/candas365.es\\\/noticias\\\/#organization\",\"name\":\"Cand\\u00e1s 365\",\"description\":\"Cand\\u00e1s 365 es un diario digital independiente, fundado en 2012, con base en Asturias. Informamos con rigor sobre actualidad, sociedad, cultura y ocio, con una mirada local y global.\",\"url\":\"https:\\\/\\\/candas365.es\\\/noticias\\\/\",\"email\":\"info@candas365.es\",\"telephone\":\"+34652131393\",\"foundingDate\":\"2012-06-10\",\"logo\":{\"@type\":\"ImageObject\",\"url\":\"https:\\\/\\\/candas365.es\\\/noticias\\\/wp-content\\\/uploads\\\/2024\\\/09\\\/Candas-365-Redes.jpg\",\"@id\":\"https:\\\/\\\/candas365.es\\\/noticias\\\/comite-aleman-critica-la-admision-de-rusia-en-juegos-paralimpicos\\\/#organizationLogo\",\"width\":1152,\"height\":864,\"caption\":\"Cand\\u00e1s 365 Redes\"},\"image\":{\"@id\":\"https:\\\/\\\/candas365.es\\\/noticias\\\/comite-aleman-critica-la-admision-de-rusia-en-juegos-paralimpicos\\\/#organizationLogo\"},\"sameAs\":[\"https:\\\/\\\/www.facebook.com\\\/Nachofdezber\",\"https:\\\/\\\/x.com\\\/NabercoDigital\",\"https:\\\/\\\/www.instagram.com\\\/nachofdezber\\\/\",\"https:\\\/\\\/www.youtube.com\\\/channel\\\/UCZP-2wLEB9Rv6erhFmqVnvg\"],\"address\":{\"@id\":\"https:\\\/\\\/candas365.es\\\/noticias\\\/#postaladdress\",\"@type\":\"PostalAddress\",\"streetAddress\":\"san antonio 4, san antonio 4\",\"postalCode\":\"33430\",\"addressLocality\":\"Cand\\u00e1s\",\"addressRegion\":\"Asturias\",\"addressCountry\":\"ES\"}},{\"@type\":\"Person\",\"@id\":\"https:\\\/\\\/candas365.es\\\/noticias\\\/author\\\/admin\\\/#author\",\"url\":\"https:\\\/\\\/candas365.es\\\/noticias\\\/author\\\/admin\\\/\",\"name\":\"Cand\\u00e1s 365\",\"image\":{\"@type\":\"ImageObject\",\"@id\":\"https:\\\/\\\/candas365.es\\\/noticias\\\/comite-aleman-critica-la-admision-de-rusia-en-juegos-paralimpicos\\\/#authorImage\",\"url\":\"https:\\\/\\\/secure.gravatar.com\\\/avatar\\\/496a8e03d0c493ede1718b7934145dbdf8d89be1036b0eec9544e1094c9de390?s=96&d=mm&r=g\",\"width\":96,\"height\":96,\"caption\":\"Cand\\u00e1s 365\"},\"sameAs\":[\"https:\\\/\\\/www.facebook.com\\\/carrenoactualidad\",\"https:\\\/\\\/twitter.com\\\/nbasturias\",\"https:\\\/\\\/www.instagram.com\\\/nachofdezber\\\/\",\"https:\\\/\\\/www.youtube.com\\\/channel\\\/UCZP-2wLEB9Rv6erhFmqVnvg\"]},{\"@type\":\"WebPage\",\"@id\":\"https:\\\/\\\/candas365.es\\\/noticias\\\/comite-aleman-critica-la-admision-de-rusia-en-juegos-paralimpicos\\\/#webpage\",\"url\":\"https:\\\/\\\/candas365.es\\\/noticias\\\/comite-aleman-critica-la-admision-de-rusia-en-juegos-paralimpicos\\\/\",\"name\":\"Comit\\u00e9 alem\\u00e1n critica la admisi\\u00f3n de Rusia en Juegos Paral\\u00edmpicos | Cand\\u00e1s 365\",\"description\":\"El Comit\\u00e9 Ol\\u00edmpico Alem\\u00e1n (DOSB) critic\\u00f3 hoy duramente la admisi\\u00f3n de atletas de Rusia y Bielorrusia en los Juegos Paral\\u00edmpicos de Invierno\",\"inLanguage\":\"es-ES\",\"isPartOf\":{\"@id\":\"https:\\\/\\\/candas365.es\\\/noticias\\\/#website\"},\"breadcrumb\":{\"@id\":\"https:\\\/\\\/candas365.es\\\/noticias\\\/comite-aleman-critica-la-admision-de-rusia-en-juegos-paralimpicos\\\/#breadcrumblist\"},\"author\":{\"@id\":\"https:\\\/\\\/candas365.es\\\/noticias\\\/author\\\/admin\\\/#author\"},\"creator\":{\"@id\":\"https:\\\/\\\/candas365.es\\\/noticias\\\/author\\\/admin\\\/#author\"},\"image\":{\"@type\":\"ImageObject\",\"url\":\"https:\\\/\\\/candas365.es\\\/noticias\\\/wp-content\\\/uploads\\\/2022\\\/03\\\/Paralimpicos.jpg\",\"@id\":\"https:\\\/\\\/candas365.es\\\/noticias\\\/comite-aleman-critica-la-admision-de-rusia-en-juegos-paralimpicos\\\/#mainImage\",\"width\":975,\"height\":657,\"caption\":\"El logotipo del Comit\\u00e9 Paral\\u00edmpico Internacional IPC. Foto: picture alliance \\\/ Rolf Vennenbernd\\\/dpa\"},\"primaryImageOfPage\":{\"@id\":\"https:\\\/\\\/candas365.es\\\/noticias\\\/comite-aleman-critica-la-admision-de-rusia-en-juegos-paralimpicos\\\/#mainImage\"},\"datePublished\":\"2022-03-03T02:39:25+01:00\",\"dateModified\":\"2022-03-03T02:39:25+01:00\"},{\"@type\":\"WebSite\",\"@id\":\"https:\\\/\\\/candas365.es\\\/noticias\\\/#website\",\"url\":\"https:\\\/\\\/candas365.es\\\/noticias\\\/\",\"name\":\"Cand\\u00e1s 365\",\"alternateName\":\"Cand\\u00e1s 365 Noticias\",\"description\":\"Actualidad desde Carre\\u00f1o para el mundo\",\"inLanguage\":\"es-ES\",\"publisher\":{\"@id\":\"https:\\\/\\\/candas365.es\\\/noticias\\\/#organization\"}}]}\n\t\t<\/script>\n\t\t<!-- All in One SEO Pro -->\r\n\t\t<title>Comit\u00e9 alem\u00e1n critica la admisi\u00f3n de Rusia en Juegos Paral\u00edmpicos | Cand\u00e1s 365<\/title>\n\n","aioseo_head_json":{"title":"Comit\u00e9 alem\u00e1n critica la admisi\u00f3n de Rusia en Juegos Paral\u00edmpicos | Cand\u00e1s 365","description":"El Comit\u00e9 Ol\u00edmpico Alem\u00e1n (DOSB) critic\u00f3 hoy duramente la admisi\u00f3n de atletas de Rusia y Bielorrusia en los Juegos Paral\u00edmpicos de Invierno","canonical_url":"https:\/\/candas365.es\/noticias\/comite-aleman-critica-la-admision-de-rusia-en-juegos-paralimpicos\/","robots":"max-image-preview:large","keywords":"deporte","webmasterTools":{"google-site-verification":"UA-32230408-1","msvalidate.01":"354F3CDFB2DA171B47FBE9ABF1F88D5","miscellaneous":""},"schema":{"@context":"https:\/\/schema.org","@graph":[{"@type":"BreadcrumbList","@id":"https:\/\/candas365.es\/noticias\/comite-aleman-critica-la-admision-de-rusia-en-juegos-paralimpicos\/#breadcrumblist","itemListElement":[{"@type":"ListItem","@id":"https:\/\/candas365.es\/noticias#listItem","position":1,"name":"Home","item":"https:\/\/candas365.es\/noticias","nextItem":{"@type":"ListItem","@id":"https:\/\/candas365.es\/noticias\/category\/deporte\/#listItem","name":"Deporte"}},{"@type":"ListItem","@id":"https:\/\/candas365.es\/noticias\/category\/deporte\/#listItem","position":2,"name":"Deporte","item":"https:\/\/candas365.es\/noticias\/category\/deporte\/","nextItem":{"@type":"ListItem","@id":"https:\/\/candas365.es\/noticias\/comite-aleman-critica-la-admision-de-rusia-en-juegos-paralimpicos\/#listItem","name":"Comit\u00e9 alem\u00e1n critica la admisi\u00f3n de Rusia en Juegos Paral\u00edmpicos"},"previousItem":{"@type":"ListItem","@id":"https:\/\/candas365.es\/noticias#listItem","name":"Home"}},{"@type":"ListItem","@id":"https:\/\/candas365.es\/noticias\/comite-aleman-critica-la-admision-de-rusia-en-juegos-paralimpicos\/#listItem","position":3,"name":"Comit\u00e9 alem\u00e1n critica la admisi\u00f3n de Rusia en Juegos Paral\u00edmpicos","previousItem":{"@type":"ListItem","@id":"https:\/\/candas365.es\/noticias\/category\/deporte\/#listItem","name":"Deporte"}}]},{"@type":"NewsArticle","@id":"https:\/\/candas365.es\/noticias\/comite-aleman-critica-la-admision-de-rusia-en-juegos-paralimpicos\/#newsarticle","name":"Comit\u00e9 alem\u00e1n critica la admisi\u00f3n de Rusia en Juegos Paral\u00edmpicos | Cand\u00e1s 365","headline":"Comit\u00e9 alem\u00e1n critica la admisi\u00f3n de Rusia en Juegos Paral\u00edmpicos","author":{"@id":"https:\/\/candas365.es\/noticias\/author\/admin\/#author"},"publisher":{"@id":"https:\/\/candas365.es\/noticias\/#organization"},"image":{"@type":"ImageObject","url":"https:\/\/candas365.es\/noticias\/wp-content\/uploads\/2022\/03\/Paralimpicos.jpg","width":975,"height":657,"caption":"El logotipo del Comit\u00e9 Paral\u00edmpico Internacional IPC. Foto: picture alliance \/ Rolf Vennenbernd\/dpa"},"datePublished":"2022-03-03T02:39:25+01:00","dateModified":"2022-03-03T02:39:25+01:00","inLanguage":"es-ES","mainEntityOfPage":{"@id":"https:\/\/candas365.es\/noticias\/comite-aleman-critica-la-admision-de-rusia-en-juegos-paralimpicos\/#webpage"},"isPartOf":{"@id":"https:\/\/candas365.es\/noticias\/comite-aleman-critica-la-admision-de-rusia-en-juegos-paralimpicos\/#webpage"},"articleSection":"Deporte, deporte","dateline":"Publicado el marzo 3, 2022."},{"@type":"Organization","@id":"https:\/\/candas365.es\/noticias\/#organization","name":"Cand\u00e1s 365","description":"Cand\u00e1s 365 es un diario digital independiente, fundado en 2012, con base en Asturias. Informamos con rigor sobre actualidad, sociedad, cultura y ocio, con una mirada local y global.","url":"https:\/\/candas365.es\/noticias\/","email":"info@candas365.es","telephone":"+34652131393","foundingDate":"2012-06-10","logo":{"@type":"ImageObject","url":"https:\/\/candas365.es\/noticias\/wp-content\/uploads\/2024\/09\/Candas-365-Redes.jpg","@id":"https:\/\/candas365.es\/noticias\/comite-aleman-critica-la-admision-de-rusia-en-juegos-paralimpicos\/#organizationLogo","width":1152,"height":864,"caption":"Cand\u00e1s 365 Redes"},"image":{"@id":"https:\/\/candas365.es\/noticias\/comite-aleman-critica-la-admision-de-rusia-en-juegos-paralimpicos\/#organizationLogo"},"sameAs":["https:\/\/www.facebook.com\/Nachofdezber","https:\/\/x.com\/NabercoDigital","https:\/\/www.instagram.com\/nachofdezber\/","https:\/\/www.youtube.com\/channel\/UCZP-2wLEB9Rv6erhFmqVnvg"],"address":{"@id":"https:\/\/candas365.es\/noticias\/#postaladdress","@type":"PostalAddress","streetAddress":"san antonio 4, san antonio 4","postalCode":"33430","addressLocality":"Cand\u00e1s","addressRegion":"Asturias","addressCountry":"ES"}},{"@type":"Person","@id":"https:\/\/candas365.es\/noticias\/author\/admin\/#author","url":"https:\/\/candas365.es\/noticias\/author\/admin\/","name":"Cand\u00e1s 365","image":{"@type":"ImageObject","@id":"https:\/\/candas365.es\/noticias\/comite-aleman-critica-la-admision-de-rusia-en-juegos-paralimpicos\/#authorImage","url":"https:\/\/secure.gravatar.com\/avatar\/496a8e03d0c493ede1718b7934145dbdf8d89be1036b0eec9544e1094c9de390?s=96&d=mm&r=g","width":96,"height":96,"caption":"Cand\u00e1s 365"},"sameAs":["https:\/\/www.facebook.com\/carrenoactualidad","https:\/\/twitter.com\/nbasturias","https:\/\/www.instagram.com\/nachofdezber\/","https:\/\/www.youtube.com\/channel\/UCZP-2wLEB9Rv6erhFmqVnvg"]},{"@type":"WebPage","@id":"https:\/\/candas365.es\/noticias\/comite-aleman-critica-la-admision-de-rusia-en-juegos-paralimpicos\/#webpage","url":"https:\/\/candas365.es\/noticias\/comite-aleman-critica-la-admision-de-rusia-en-juegos-paralimpicos\/","name":"Comit\u00e9 alem\u00e1n critica la admisi\u00f3n de Rusia en Juegos Paral\u00edmpicos | Cand\u00e1s 365","description":"El Comit\u00e9 Ol\u00edmpico Alem\u00e1n (DOSB) critic\u00f3 hoy duramente la admisi\u00f3n de atletas de Rusia y Bielorrusia en los Juegos Paral\u00edmpicos de Invierno","inLanguage":"es-ES","isPartOf":{"@id":"https:\/\/candas365.es\/noticias\/#website"},"breadcrumb":{"@id":"https:\/\/candas365.es\/noticias\/comite-aleman-critica-la-admision-de-rusia-en-juegos-paralimpicos\/#breadcrumblist"},"author":{"@id":"https:\/\/candas365.es\/noticias\/author\/admin\/#author"},"creator":{"@id":"https:\/\/candas365.es\/noticias\/author\/admin\/#author"},"image":{"@type":"ImageObject","url":"https:\/\/candas365.es\/noticias\/wp-content\/uploads\/2022\/03\/Paralimpicos.jpg","@id":"https:\/\/candas365.es\/noticias\/comite-aleman-critica-la-admision-de-rusia-en-juegos-paralimpicos\/#mainImage","width":975,"height":657,"caption":"El logotipo del Comit\u00e9 Paral\u00edmpico Internacional IPC. Foto: picture alliance \/ Rolf Vennenbernd\/dpa"},"primaryImageOfPage":{"@id":"https:\/\/candas365.es\/noticias\/comite-aleman-critica-la-admision-de-rusia-en-juegos-paralimpicos\/#mainImage"},"datePublished":"2022-03-03T02:39:25+01:00","dateModified":"2022-03-03T02:39:25+01:00"},{"@type":"WebSite","@id":"https:\/\/candas365.es\/noticias\/#website","url":"https:\/\/candas365.es\/noticias\/","name":"Cand\u00e1s 365","alternateName":"Cand\u00e1s 365 Noticias","description":"Actualidad desde Carre\u00f1o para el mundo","inLanguage":"es-ES","publisher":{"@id":"https:\/\/candas365.es\/noticias\/#organization"}}]},"og:locale":"es_ES","og:site_name":"Cand\u00e1s 365","og:type":"article","og:title":"Comit\u00e9 alem\u00e1n critica la admisi\u00f3n de Rusia en Juegos Paral\u00edmpicos | Cand\u00e1s 365","og:description":"El Comit\u00e9 Ol\u00edmpico Alem\u00e1n (DOSB) critic\u00f3 hoy duramente la admisi\u00f3n de atletas de Rusia y Bielorrusia en los Juegos Paral\u00edmpicos de Invierno","og:url":"https:\/\/candas365.es\/noticias\/comite-aleman-critica-la-admision-de-rusia-en-juegos-paralimpicos\/","og:image":"https:\/\/candas365.es\/noticias\/wp-content\/uploads\/2022\/03\/Paralimpicos.jpg","og:image:secure_url":"https:\/\/candas365.es\/noticias\/wp-content\/uploads\/2022\/03\/Paralimpicos.jpg","og:image:width":975,"og:image:height":657,"article:published_time":"2022-03-03T02:39:25+00:00","article:modified_time":"2022-03-03T02:39:25+00:00","article:publisher":"https:\/\/www.facebook.com\/Nachofdezber","article:author":"https:\/\/www.facebook.com\/carrenoactualidad","twitter:card":"summary_large_image","twitter:site":"@NabercoDigital","twitter:title":"Comit\u00e9 alem\u00e1n critica la admisi\u00f3n de Rusia en Juegos Paral\u00edmpicos | Cand\u00e1s 365","twitter:description":"El Comit\u00e9 Ol\u00edmpico Alem\u00e1n (DOSB) critic\u00f3 hoy duramente la admisi\u00f3n de atletas de Rusia y Bielorrusia en los Juegos Paral\u00edmpicos de Invierno","twitter:creator":"@nbasturias","twitter:image":"https:\/\/candas365.es\/noticias\/wp-content\/uploads\/2022\/03\/Paralimpicos.jpg","twitter:label1":"Escrito por","twitter:data1":"Cand\u00e1s 365","twitter:label2":"Tiempo de lectura estimado","twitter:data2":"1 minuto"},"aioseo_meta_data":{"post_id":"160960","title":null,"description":"El Comit\u00e9 Ol\u00edmpico Alem\u00e1n (DOSB) critic\u00f3 hoy duramente la admisi\u00f3n de atletas de Rusia y Bielorrusia en los Juegos Paral\u00edmpicos de Invierno","keywords":[],"keyphrases":{"focus":{"keyphrase":"Paral\u00edmpicos","score":92,"analysis":{"keyphraseInTitle":{"title":"Focus keyphrase in SEO title","description":"Focus keyphrase found in SEO title.","score":9,"maxScore":9,"error":0},"keyphraseInDescription":{"title":"Focus keyphrase in meta description","description":"Focus keyphrase found in meta description.","score":9,"maxScore":9,"error":0},"keyphraseLength":{"title":"Focus keyphrase length","description":"Good job!","score":9,"maxScore":9,"error":0,"length":1},"keyphraseInURL":{"title":"Focus keyphrase in URL","description":"Focus keyphrase not found in the URL.","score":1,"maxScore":5,"error":1},"keyphraseInIntroduction":{"title":"Focus keyphrase in introduction","description":"Your Focus keyphrase appears in the first paragraph. Well done!","score":9,"maxScore":9,"error":0},"keyphraseInSubHeadings":[],"keyphraseInImageAlt":{"title":"Focus keyphrase in image alt attributes","description":"Focus keyphrase found in image alt attribute(s).","score":9,"maxScore":9,"error":0}}},"additional":[]},"primary_term":null,"canonical_url":null,"og_title":null,"og_description":null,"og_object_type":"default","og_image_type":"default","og_image_url":null,"og_image_width":null,"og_image_height":null,"og_image_custom_url":null,"og_image_custom_fields":null,"og_video":"","og_custom_url":null,"og_article_section":null,"og_article_tags":[],"twitter_use_og":false,"twitter_card":"default","twitter_image_type":"default","twitter_image_url":null,"twitter_image_custom_url":null,"twitter_image_custom_fields":null,"twitter_title":null,"twitter_description":null,"schema":{"blockGraphs":[],"customGraphs":[],"default":{"data":{"Article":[],"Course":[],"Dataset":[],"FAQPage":[],"Movie":[],"Person":[],"Product":[],"ProductReview":[],"Car":[],"Recipe":[],"Service":[],"SoftwareApplication":[],"WebPage":[]},"graphName":"","isEnabled":true},"graphs":[],"defaultGraph":"Article","defaultPostTypeGraph":""},"schema_type":"default","schema_type_options":"{\"article\":{\"articleType\":\"BlogPosting\"},\"course\":{\"name\":\"\",\"description\":\"\",\"provider\":\"\"},\"faq\":{\"pages\":[]},\"product\":{\"reviews\":[]},\"recipe\":{\"ingredients\":[],\"instructions\":[],\"keywords\":[]},\"software\":{\"reviews\":[],\"operatingSystems\":[]},\"webPage\":{\"webPageType\":\"WebPage\"}}","pillar_content":false,"robots_default":true,"robots_noindex":false,"robots_noarchive":false,"robots_nosnippet":false,"robots_nofollow":false,"robots_noimageindex":false,"robots_noodp":false,"robots_notranslate":false,"robots_max_snippet":"-1","robots_max_videopreview":"-1","robots_max_imagepreview":"large","priority":null,"frequency":"default","location":null,"local_seo":null,"seo_analyzer_scan_date":"2025-09-01 05:37:17","breadcrumb_settings":null,"limit_modified_date":false,"reviewed_by":null,"open_ai":null,"ai":null,"created":"2022-03-02 20:28:15","updated":"2025-09-01 05:37:17"},"aioseo_breadcrumb":"<div class=\"aioseo-breadcrumbs\"><span class=\"aioseo-breadcrumb\">\n\t<a href=\"https:\/\/candas365.es\/noticias\" title=\"Home\">Home<\/a>\n<\/span><span class=\"aioseo-breadcrumb-separator\">&ndash;<\/span><span class=\"aioseo-breadcrumb\">\n\t<a href=\"https:\/\/candas365.es\/noticias\/category\/deporte\/\" title=\"Deporte\">Deporte<\/a>\n<\/span><span class=\"aioseo-breadcrumb-separator\">&ndash;<\/span><span class=\"aioseo-breadcrumb\">\n\tComit\u00e9 alem\u00e1n critica la admisi\u00f3n de Rusia en Juegos Paral\u00edmpicos\n<\/span><\/div>","aioseo_breadcrumb_json":[{"label":"Home","link":"https:\/\/candas365.es\/noticias"},{"label":"Deporte","link":"https:\/\/candas365.es\/noticias\/category\/deporte\/"},{"label":"Comit\u00e9 alem\u00e1n critica la admisi\u00f3n de Rusia en Juegos Paral\u00edmpicos","link":"https:\/\/candas365.es\/noticias\/comite-aleman-critica-la-admision-de-rusia-en-juegos-paralimpicos\/"}],"_links":{"self":[{"href":"https:\/\/candas365.es\/noticias\/wp-json\/wp\/v2\/posts\/160960","targetHints":{"allow":["GET"]}}],"collection":[{"href":"https:\/\/candas365.es\/noticias\/wp-json\/wp\/v2\/posts"}],"about":[{"href":"https:\/\/candas365.es\/noticias\/wp-json\/wp\/v2\/types\/post"}],"author":[{"embeddable":true,"href":"https:\/\/candas365.es\/noticias\/wp-json\/wp\/v2\/users\/1"}],"replies":[{"embeddable":true,"href":"https:\/\/candas365.es\/noticias\/wp-json\/wp\/v2\/comments?post=160960"}],"version-history":[{"count":0,"href":"https:\/\/candas365.es\/noticias\/wp-json\/wp\/v2\/posts\/160960\/revisions"}],"wp:featuredmedia":[{"embeddable":true,"href":"https:\/\/candas365.es\/noticias\/wp-json\/wp\/v2\/media\/160961"}],"wp:attachment":[{"href":"https:\/\/candas365.es\/noticias\/wp-json\/wp\/v2\/media?parent=160960"}],"wp:term":[{"taxonomy":"category","embeddable":true,"href":"https:\/\/candas365.es\/noticias\/wp-json\/wp\/v2\/categories?post=160960"},{"taxonomy":"post_tag","embeddable":true,"href":"https:\/\/candas365.es\/noticias\/wp-json\/wp\/v2\/tags?post=160960"}],"curies":[{"name":"wp","href":"https:\/\/api.w.org\/{rel}","templated":true}]}}