{"id":160054,"date":"2022-01-03T15:46:10","date_gmt":"2022-01-03T15:46:10","guid":{"rendered":"http:\/\/candas365.es\/noticias\/?p=160054"},"modified":"2022-01-03T15:46:10","modified_gmt":"2022-01-03T15:46:10","slug":"lewandowski-y-klopp-los-mejores-para-la-bundesliga","status":"publish","type":"post","link":"https:\/\/candas365.es\/noticias\/lewandowski-y-klopp-los-mejores-para-la-bundesliga\/","title":{"rendered":"Lewandowski y Klopp: Los \u00abmejores\u00bb para la Bundesliga"},"content":{"rendered":"<p>Berl\u00edn, 3 ene (dpa) &#8211; El delantero del Bayern M\u00fanich <strong>Robert <span style=\"color: #ff6600;\"><a style=\"color: #ff6600;\" href=\"https:\/\/candas365.es\/noticias\/lewandowski-no-quiere-obsesiones\/\" target=\"_blank\" rel=\"noopener\">Lewandowski<\/a><\/span><\/strong> y el entrenador del Liverpool, el alem\u00e1n <span style=\"color: #ff6600;\"><a style=\"color: #ff6600;\" href=\"https:\/\/www.eldigitaldeasturias.com\/noticias\/jurgen-klopp-es-el-favorito-para-el-banquillo-del-liverpool\/\" target=\"_blank\" rel=\"noopener\"><strong>J\u00fcrgen Klopp<\/strong><\/a><\/span>, fueron elegidos por los jugadores de la Bundesliga como los mejores del curso, seg\u00fan un sondeo publicado hoy por la revista \u00abKicker\u00bb.<\/p>\n<figure id=\"attachment_160055\" aria-describedby=\"caption-attachment-160055\" style=\"width: 980px\" class=\"wp-caption aligncenter\"><img fetchpriority=\"high\" decoding=\"async\" class=\"size-full wp-image-160055\" src=\"https:\/\/candas365.es\/noticias\/wp-content\/uploads\/2022\/01\/Lewandowski.jpg\" alt=\"Lewandowski \" width=\"980\" height=\"662\" srcset=\"https:\/\/candas365.es\/noticias\/wp-content\/uploads\/2022\/01\/Lewandowski.jpg 980w, https:\/\/candas365.es\/noticias\/wp-content\/uploads\/2022\/01\/Lewandowski-360x243.jpg 360w, https:\/\/candas365.es\/noticias\/wp-content\/uploads\/2022\/01\/Lewandowski-650x439.jpg 650w, https:\/\/candas365.es\/noticias\/wp-content\/uploads\/2022\/01\/Lewandowski-768x519.jpg 768w, https:\/\/candas365.es\/noticias\/wp-content\/uploads\/2022\/01\/Lewandowski-150x101.jpg 150w, https:\/\/candas365.es\/noticias\/wp-content\/uploads\/2022\/01\/Lewandowski-450x304.jpg 450w\" sizes=\"(max-width: 980px) 100vw, 980px\" \/><figcaption id=\"caption-attachment-160055\" class=\"wp-caption-text\">Robert Lewandowski celebra uno de sus numerosos goles para el Bayern M\u00fanich. Foto: Tobias Hase\/dpa<\/figcaption><\/figure>\n<p>De acuerdo con la publicaci\u00f3n germana, el delantero polaco obtuvo el 43,2 por ciento de los votos del total de 234 jugadores consultados en la encuesta. En segundo lugar, con 20,5 por ciento, fue elegido Mo Salah, del Liverpool.<\/p>\n<blockquote><p>El reciente ganador del Bal\u00f3n de Oro, el argentino Lionel Messi, ocup\u00f3 el tercer lugar en la encuesta.<\/p><\/blockquote>\n<p>Asimismo, los jugadores de la liga alemana consultados consideraron a J\u00fcrgen Klopp como el mejor t\u00e9cnico en la actualidad (34,6 por ciento), por delante de su compatriota Thomas Tuchel (24,8 por ciento), del Chelsea , y el espa\u00f1ol Pep Guardiola, del Manchester City.<\/p>\n<p>Seg\u00fan los resultados del sondeo, los futbolistas de la Bundesliga eligieron a la primera divisi\u00f3n inglesa como la mejor liga del mundo, con una gran mayor\u00eda del 67,9 por ciento.<\/p>\n<p><strong>Por \u00faltimo, los encuestados otorgaron al jugador del Bayern M\u00fanich Joshua Kimmich el dudoso honor de ser elegido como la decepci\u00f3n de la temporada actual<\/strong>. M\u00e1s all\u00e1 de su desempe\u00f1o futbol\u00edstico, es posible que la elecci\u00f3n tenga que ver con su rechazo p\u00fablico a la vacuna contra el coronavirus.<\/p>\n<p>El jugador alem\u00e1n, que despert\u00f3 una pol\u00e9mica en el pa\u00eds al reconocer que no se hab\u00eda vacunado, se encuentra fuera de los terrenos de juego desde principios de noviembre, tras encadenar dos cuarentenas, un positivo por infecci\u00f3n del virus y consiguientes problemas pulmonares.<\/p>\n","protected":false},"excerpt":{"rendered":"<p>Berl\u00edn, 3 ene (dpa) &#8211; El delantero del Bayern M\u00fanich Robert Lewandowski y el entrenador del Liverpool, el alem\u00e1n J\u00fcrgen Klopp, fueron elegidos por los jugadores de la Bundesliga como los mejores del curso, seg\u00fan un sondeo publicado hoy por la revista \u00abKicker\u00bb. De acuerdo con la publicaci\u00f3n germana, el delantero polaco obtuvo el 43,2<\/p>\n","protected":false},"author":1,"featured_media":160055,"comment_status":"closed","ping_status":"closed","sticky":false,"template":"","format":"standard","meta":{"footnotes":""},"categories":[319],"tags":[457,387,389],"class_list":{"0":"post-160054","1":"post","2":"type-post","3":"status-publish","4":"format-standard","5":"has-post-thumbnail","7":"category-deporte","8":"tag-bun","9":"tag-deporte","10":"tag-futbol"},"aioseo_notices":[],"aioseo_head":"\n\t\t<!-- All in One SEO Pro 4.9.6.2 - aioseo.com -->\n\t<meta name=\"description\" content=\"El delantero del Bayern M\u00fanich Robert Lewandowski y el entrenador del Liverpool, el alem\u00e1n J\u00fcrgen Klopp, fueron elegidos por los jugadores de la Bundesliga\" \/>\n\t<meta name=\"robots\" content=\"max-image-preview:large\" \/>\n\t<meta name=\"author\" content=\"Cand\u00e1s 365\"\/>\n\t<meta name=\"google-site-verification\" content=\"UA-32230408-1\" \/>\n\t<meta name=\"msvalidate.01\" content=\"354F3CDFB2DA171B47FBE9ABF1F88D5\" \/>\n\t<meta name=\"keywords\" content=\"deporte\" \/>\n\t<link rel=\"canonical\" href=\"https:\/\/candas365.es\/noticias\/lewandowski-y-klopp-los-mejores-para-la-bundesliga\/\" \/>\n\t<meta name=\"generator\" content=\"All in One SEO Pro (AIOSEO) 4.9.6.2\" \/>\n\t\t<meta property=\"og:locale\" content=\"es_ES\" \/>\n\t\t<meta property=\"og:site_name\" content=\"Cand\u00e1s 365\" \/>\n\t\t<meta property=\"og:type\" content=\"article\" \/>\n\t\t<meta property=\"og:title\" content=\"Lewandowski y Klopp: Los \u00abmejores\u00bb para la Bundesliga | Cand\u00e1s 365\" \/>\n\t\t<meta property=\"og:description\" content=\"El delantero del Bayern M\u00fanich Robert Lewandowski y el entrenador del Liverpool, el alem\u00e1n J\u00fcrgen Klopp, fueron elegidos por los jugadores de la Bundesliga\" \/>\n\t\t<meta property=\"og:url\" content=\"https:\/\/candas365.es\/noticias\/lewandowski-y-klopp-los-mejores-para-la-bundesliga\/\" \/>\n\t\t<meta property=\"og:image\" content=\"https:\/\/candas365.es\/noticias\/wp-content\/uploads\/2022\/01\/Lewandowski.jpg\" \/>\n\t\t<meta property=\"og:image:secure_url\" content=\"https:\/\/candas365.es\/noticias\/wp-content\/uploads\/2022\/01\/Lewandowski.jpg\" \/>\n\t\t<meta property=\"og:image:width\" content=\"980\" \/>\n\t\t<meta property=\"og:image:height\" content=\"662\" \/>\n\t\t<meta property=\"article:published_time\" content=\"2022-01-03T15:46:10+00:00\" \/>\n\t\t<meta property=\"article:modified_time\" content=\"2022-01-03T15:46:10+00:00\" \/>\n\t\t<meta property=\"article:publisher\" content=\"https:\/\/www.facebook.com\/Nachofdezber\" \/>\n\t\t<meta property=\"article:author\" content=\"https:\/\/www.facebook.com\/carrenoactualidad\" \/>\n\t\t<meta name=\"twitter:card\" content=\"summary_large_image\" \/>\n\t\t<meta name=\"twitter:site\" content=\"@NabercoDigital\" \/>\n\t\t<meta name=\"twitter:title\" content=\"Lewandowski y Klopp: Los \u00abmejores\u00bb para la Bundesliga | Cand\u00e1s 365\" \/>\n\t\t<meta name=\"twitter:description\" content=\"El delantero del Bayern M\u00fanich Robert Lewandowski y el entrenador del Liverpool, el alem\u00e1n J\u00fcrgen Klopp, fueron elegidos por los jugadores de la Bundesliga\" \/>\n\t\t<meta name=\"twitter:creator\" content=\"@nbasturias\" \/>\n\t\t<meta name=\"twitter:image\" content=\"https:\/\/candas365.es\/noticias\/wp-content\/uploads\/2022\/01\/Lewandowski.jpg\" \/>\n\t\t<meta name=\"twitter:label1\" content=\"Escrito por\" \/>\n\t\t<meta name=\"twitter:data1\" content=\"Cand\u00e1s 365\" \/>\n\t\t<meta name=\"twitter:label2\" content=\"Tiempo de lectura estimado\" \/>\n\t\t<meta name=\"twitter:data2\" content=\"2 minutos\" \/>\n\t\t<script type=\"application\/ld+json\" class=\"aioseo-schema\">\n\t\t\t{\"@context\":\"https:\\\/\\\/schema.org\",\"@graph\":[{\"@type\":\"BreadcrumbList\",\"@id\":\"https:\\\/\\\/candas365.es\\\/noticias\\\/lewandowski-y-klopp-los-mejores-para-la-bundesliga\\\/#breadcrumblist\",\"itemListElement\":[{\"@type\":\"ListItem\",\"@id\":\"https:\\\/\\\/candas365.es\\\/noticias#listItem\",\"position\":1,\"name\":\"Home\",\"item\":\"https:\\\/\\\/candas365.es\\\/noticias\",\"nextItem\":{\"@type\":\"ListItem\",\"@id\":\"https:\\\/\\\/candas365.es\\\/noticias\\\/category\\\/deporte\\\/#listItem\",\"name\":\"Deporte\"}},{\"@type\":\"ListItem\",\"@id\":\"https:\\\/\\\/candas365.es\\\/noticias\\\/category\\\/deporte\\\/#listItem\",\"position\":2,\"name\":\"Deporte\",\"item\":\"https:\\\/\\\/candas365.es\\\/noticias\\\/category\\\/deporte\\\/\",\"nextItem\":{\"@type\":\"ListItem\",\"@id\":\"https:\\\/\\\/candas365.es\\\/noticias\\\/lewandowski-y-klopp-los-mejores-para-la-bundesliga\\\/#listItem\",\"name\":\"Lewandowski y Klopp: Los \\u00abmejores\\u00bb para la Bundesliga\"},\"previousItem\":{\"@type\":\"ListItem\",\"@id\":\"https:\\\/\\\/candas365.es\\\/noticias#listItem\",\"name\":\"Home\"}},{\"@type\":\"ListItem\",\"@id\":\"https:\\\/\\\/candas365.es\\\/noticias\\\/lewandowski-y-klopp-los-mejores-para-la-bundesliga\\\/#listItem\",\"position\":3,\"name\":\"Lewandowski y Klopp: Los \\u00abmejores\\u00bb para la Bundesliga\",\"previousItem\":{\"@type\":\"ListItem\",\"@id\":\"https:\\\/\\\/candas365.es\\\/noticias\\\/category\\\/deporte\\\/#listItem\",\"name\":\"Deporte\"}}]},{\"@type\":\"NewsArticle\",\"@id\":\"https:\\\/\\\/candas365.es\\\/noticias\\\/lewandowski-y-klopp-los-mejores-para-la-bundesliga\\\/#newsarticle\",\"name\":\"Lewandowski y Klopp: Los \\u00abmejores\\u00bb para la Bundesliga | Cand\\u00e1s 365\",\"headline\":\"Lewandowski y Klopp: Los \\u00abmejores\\u00bb para la Bundesliga\",\"author\":{\"@id\":\"https:\\\/\\\/candas365.es\\\/noticias\\\/author\\\/admin\\\/#author\"},\"publisher\":{\"@id\":\"https:\\\/\\\/candas365.es\\\/noticias\\\/#organization\"},\"image\":{\"@type\":\"ImageObject\",\"url\":\"https:\\\/\\\/candas365.es\\\/noticias\\\/wp-content\\\/uploads\\\/2022\\\/01\\\/Lewandowski.jpg\",\"width\":980,\"height\":662,\"caption\":\"Robert Lewandowski celebra uno de sus numerosos goles para el Bayern M\\u00fanich. Foto: Tobias Hase\\\/dpa\"},\"datePublished\":\"2022-01-03T15:46:10+01:00\",\"dateModified\":\"2022-01-03T15:46:10+01:00\",\"inLanguage\":\"es-ES\",\"mainEntityOfPage\":{\"@id\":\"https:\\\/\\\/candas365.es\\\/noticias\\\/lewandowski-y-klopp-los-mejores-para-la-bundesliga\\\/#webpage\"},\"isPartOf\":{\"@id\":\"https:\\\/\\\/candas365.es\\\/noticias\\\/lewandowski-y-klopp-los-mejores-para-la-bundesliga\\\/#webpage\"},\"articleSection\":\"Deporte, bun, deporte, f\\u00fatbol\",\"dateline\":\"Publicado el enero 3, 2022.\"},{\"@type\":\"Organization\",\"@id\":\"https:\\\/\\\/candas365.es\\\/noticias\\\/#organization\",\"name\":\"Cand\\u00e1s 365\",\"description\":\"Cand\\u00e1s 365 es un diario digital independiente, fundado en 2012, con base en Asturias. Informamos con rigor sobre actualidad, sociedad, cultura y ocio, con una mirada local y global.\",\"url\":\"https:\\\/\\\/candas365.es\\\/noticias\\\/\",\"email\":\"info@candas365.es\",\"telephone\":\"+34652131393\",\"foundingDate\":\"2012-06-10\",\"logo\":{\"@type\":\"ImageObject\",\"url\":\"https:\\\/\\\/candas365.es\\\/noticias\\\/wp-content\\\/uploads\\\/2024\\\/09\\\/Candas-365-Redes.jpg\",\"@id\":\"https:\\\/\\\/candas365.es\\\/noticias\\\/lewandowski-y-klopp-los-mejores-para-la-bundesliga\\\/#organizationLogo\",\"width\":1152,\"height\":864,\"caption\":\"Cand\\u00e1s 365 Redes\"},\"image\":{\"@id\":\"https:\\\/\\\/candas365.es\\\/noticias\\\/lewandowski-y-klopp-los-mejores-para-la-bundesliga\\\/#organizationLogo\"},\"sameAs\":[\"https:\\\/\\\/www.facebook.com\\\/Nachofdezber\",\"https:\\\/\\\/x.com\\\/NabercoDigital\",\"https:\\\/\\\/www.instagram.com\\\/nachofdezber\\\/\",\"https:\\\/\\\/www.youtube.com\\\/channel\\\/UCZP-2wLEB9Rv6erhFmqVnvg\"],\"address\":{\"@id\":\"https:\\\/\\\/candas365.es\\\/noticias\\\/#postaladdress\",\"@type\":\"PostalAddress\",\"streetAddress\":\"san antonio 4, san antonio 4\",\"postalCode\":\"33430\",\"addressLocality\":\"Cand\\u00e1s\",\"addressRegion\":\"Asturias\",\"addressCountry\":\"ES\"}},{\"@type\":\"Person\",\"@id\":\"https:\\\/\\\/candas365.es\\\/noticias\\\/author\\\/admin\\\/#author\",\"url\":\"https:\\\/\\\/candas365.es\\\/noticias\\\/author\\\/admin\\\/\",\"name\":\"Cand\\u00e1s 365\",\"image\":{\"@type\":\"ImageObject\",\"@id\":\"https:\\\/\\\/candas365.es\\\/noticias\\\/lewandowski-y-klopp-los-mejores-para-la-bundesliga\\\/#authorImage\",\"url\":\"https:\\\/\\\/secure.gravatar.com\\\/avatar\\\/496a8e03d0c493ede1718b7934145dbdf8d89be1036b0eec9544e1094c9de390?s=96&d=mm&r=g\",\"width\":96,\"height\":96,\"caption\":\"Cand\\u00e1s 365\"},\"sameAs\":[\"https:\\\/\\\/www.facebook.com\\\/carrenoactualidad\",\"https:\\\/\\\/twitter.com\\\/nbasturias\",\"https:\\\/\\\/www.instagram.com\\\/nachofdezber\\\/\",\"https:\\\/\\\/www.youtube.com\\\/channel\\\/UCZP-2wLEB9Rv6erhFmqVnvg\"]},{\"@type\":\"WebPage\",\"@id\":\"https:\\\/\\\/candas365.es\\\/noticias\\\/lewandowski-y-klopp-los-mejores-para-la-bundesliga\\\/#webpage\",\"url\":\"https:\\\/\\\/candas365.es\\\/noticias\\\/lewandowski-y-klopp-los-mejores-para-la-bundesliga\\\/\",\"name\":\"Lewandowski y Klopp: Los \\u00abmejores\\u00bb para la Bundesliga | Cand\\u00e1s 365\",\"description\":\"El delantero del Bayern M\\u00fanich Robert Lewandowski y el entrenador del Liverpool, el alem\\u00e1n J\\u00fcrgen Klopp, fueron elegidos por los jugadores de la Bundesliga\",\"inLanguage\":\"es-ES\",\"isPartOf\":{\"@id\":\"https:\\\/\\\/candas365.es\\\/noticias\\\/#website\"},\"breadcrumb\":{\"@id\":\"https:\\\/\\\/candas365.es\\\/noticias\\\/lewandowski-y-klopp-los-mejores-para-la-bundesliga\\\/#breadcrumblist\"},\"author\":{\"@id\":\"https:\\\/\\\/candas365.es\\\/noticias\\\/author\\\/admin\\\/#author\"},\"creator\":{\"@id\":\"https:\\\/\\\/candas365.es\\\/noticias\\\/author\\\/admin\\\/#author\"},\"image\":{\"@type\":\"ImageObject\",\"url\":\"https:\\\/\\\/candas365.es\\\/noticias\\\/wp-content\\\/uploads\\\/2022\\\/01\\\/Lewandowski.jpg\",\"@id\":\"https:\\\/\\\/candas365.es\\\/noticias\\\/lewandowski-y-klopp-los-mejores-para-la-bundesliga\\\/#mainImage\",\"width\":980,\"height\":662,\"caption\":\"Robert Lewandowski celebra uno de sus numerosos goles para el Bayern M\\u00fanich. Foto: Tobias Hase\\\/dpa\"},\"primaryImageOfPage\":{\"@id\":\"https:\\\/\\\/candas365.es\\\/noticias\\\/lewandowski-y-klopp-los-mejores-para-la-bundesliga\\\/#mainImage\"},\"datePublished\":\"2022-01-03T15:46:10+01:00\",\"dateModified\":\"2022-01-03T15:46:10+01:00\"},{\"@type\":\"WebSite\",\"@id\":\"https:\\\/\\\/candas365.es\\\/noticias\\\/#website\",\"url\":\"https:\\\/\\\/candas365.es\\\/noticias\\\/\",\"name\":\"Cand\\u00e1s 365\",\"alternateName\":\"Cand\\u00e1s 365 Noticias\",\"description\":\"Actualidad desde Carre\\u00f1o para el mundo\",\"inLanguage\":\"es-ES\",\"publisher\":{\"@id\":\"https:\\\/\\\/candas365.es\\\/noticias\\\/#organization\"}}]}\n\t\t<\/script>\n\t\t<!-- All in One SEO Pro -->\r\n\t\t<title>Lewandowski y Klopp: Los \u00abmejores\u00bb para la Bundesliga | Cand\u00e1s 365<\/title>\n\n","aioseo_head_json":{"title":"Lewandowski y Klopp: Los \u00abmejores\u00bb para la Bundesliga | Cand\u00e1s 365","description":"El delantero del Bayern M\u00fanich Robert Lewandowski y el entrenador del Liverpool, el alem\u00e1n J\u00fcrgen Klopp, fueron elegidos por los jugadores de la Bundesliga","canonical_url":"https:\/\/candas365.es\/noticias\/lewandowski-y-klopp-los-mejores-para-la-bundesliga\/","robots":"max-image-preview:large","keywords":"deporte","webmasterTools":{"google-site-verification":"UA-32230408-1","msvalidate.01":"354F3CDFB2DA171B47FBE9ABF1F88D5","miscellaneous":""},"schema":{"@context":"https:\/\/schema.org","@graph":[{"@type":"BreadcrumbList","@id":"https:\/\/candas365.es\/noticias\/lewandowski-y-klopp-los-mejores-para-la-bundesliga\/#breadcrumblist","itemListElement":[{"@type":"ListItem","@id":"https:\/\/candas365.es\/noticias#listItem","position":1,"name":"Home","item":"https:\/\/candas365.es\/noticias","nextItem":{"@type":"ListItem","@id":"https:\/\/candas365.es\/noticias\/category\/deporte\/#listItem","name":"Deporte"}},{"@type":"ListItem","@id":"https:\/\/candas365.es\/noticias\/category\/deporte\/#listItem","position":2,"name":"Deporte","item":"https:\/\/candas365.es\/noticias\/category\/deporte\/","nextItem":{"@type":"ListItem","@id":"https:\/\/candas365.es\/noticias\/lewandowski-y-klopp-los-mejores-para-la-bundesliga\/#listItem","name":"Lewandowski y Klopp: Los \u00abmejores\u00bb para la Bundesliga"},"previousItem":{"@type":"ListItem","@id":"https:\/\/candas365.es\/noticias#listItem","name":"Home"}},{"@type":"ListItem","@id":"https:\/\/candas365.es\/noticias\/lewandowski-y-klopp-los-mejores-para-la-bundesliga\/#listItem","position":3,"name":"Lewandowski y Klopp: Los \u00abmejores\u00bb para la Bundesliga","previousItem":{"@type":"ListItem","@id":"https:\/\/candas365.es\/noticias\/category\/deporte\/#listItem","name":"Deporte"}}]},{"@type":"NewsArticle","@id":"https:\/\/candas365.es\/noticias\/lewandowski-y-klopp-los-mejores-para-la-bundesliga\/#newsarticle","name":"Lewandowski y Klopp: Los \u00abmejores\u00bb para la Bundesliga | Cand\u00e1s 365","headline":"Lewandowski y Klopp: Los \u00abmejores\u00bb para la Bundesliga","author":{"@id":"https:\/\/candas365.es\/noticias\/author\/admin\/#author"},"publisher":{"@id":"https:\/\/candas365.es\/noticias\/#organization"},"image":{"@type":"ImageObject","url":"https:\/\/candas365.es\/noticias\/wp-content\/uploads\/2022\/01\/Lewandowski.jpg","width":980,"height":662,"caption":"Robert Lewandowski celebra uno de sus numerosos goles para el Bayern M\u00fanich. Foto: Tobias Hase\/dpa"},"datePublished":"2022-01-03T15:46:10+01:00","dateModified":"2022-01-03T15:46:10+01:00","inLanguage":"es-ES","mainEntityOfPage":{"@id":"https:\/\/candas365.es\/noticias\/lewandowski-y-klopp-los-mejores-para-la-bundesliga\/#webpage"},"isPartOf":{"@id":"https:\/\/candas365.es\/noticias\/lewandowski-y-klopp-los-mejores-para-la-bundesliga\/#webpage"},"articleSection":"Deporte, bun, deporte, f\u00fatbol","dateline":"Publicado el enero 3, 2022."},{"@type":"Organization","@id":"https:\/\/candas365.es\/noticias\/#organization","name":"Cand\u00e1s 365","description":"Cand\u00e1s 365 es un diario digital independiente, fundado en 2012, con base en Asturias. Informamos con rigor sobre actualidad, sociedad, cultura y ocio, con una mirada local y global.","url":"https:\/\/candas365.es\/noticias\/","email":"info@candas365.es","telephone":"+34652131393","foundingDate":"2012-06-10","logo":{"@type":"ImageObject","url":"https:\/\/candas365.es\/noticias\/wp-content\/uploads\/2024\/09\/Candas-365-Redes.jpg","@id":"https:\/\/candas365.es\/noticias\/lewandowski-y-klopp-los-mejores-para-la-bundesliga\/#organizationLogo","width":1152,"height":864,"caption":"Cand\u00e1s 365 Redes"},"image":{"@id":"https:\/\/candas365.es\/noticias\/lewandowski-y-klopp-los-mejores-para-la-bundesliga\/#organizationLogo"},"sameAs":["https:\/\/www.facebook.com\/Nachofdezber","https:\/\/x.com\/NabercoDigital","https:\/\/www.instagram.com\/nachofdezber\/","https:\/\/www.youtube.com\/channel\/UCZP-2wLEB9Rv6erhFmqVnvg"],"address":{"@id":"https:\/\/candas365.es\/noticias\/#postaladdress","@type":"PostalAddress","streetAddress":"san antonio 4, san antonio 4","postalCode":"33430","addressLocality":"Cand\u00e1s","addressRegion":"Asturias","addressCountry":"ES"}},{"@type":"Person","@id":"https:\/\/candas365.es\/noticias\/author\/admin\/#author","url":"https:\/\/candas365.es\/noticias\/author\/admin\/","name":"Cand\u00e1s 365","image":{"@type":"ImageObject","@id":"https:\/\/candas365.es\/noticias\/lewandowski-y-klopp-los-mejores-para-la-bundesliga\/#authorImage","url":"https:\/\/secure.gravatar.com\/avatar\/496a8e03d0c493ede1718b7934145dbdf8d89be1036b0eec9544e1094c9de390?s=96&d=mm&r=g","width":96,"height":96,"caption":"Cand\u00e1s 365"},"sameAs":["https:\/\/www.facebook.com\/carrenoactualidad","https:\/\/twitter.com\/nbasturias","https:\/\/www.instagram.com\/nachofdezber\/","https:\/\/www.youtube.com\/channel\/UCZP-2wLEB9Rv6erhFmqVnvg"]},{"@type":"WebPage","@id":"https:\/\/candas365.es\/noticias\/lewandowski-y-klopp-los-mejores-para-la-bundesliga\/#webpage","url":"https:\/\/candas365.es\/noticias\/lewandowski-y-klopp-los-mejores-para-la-bundesliga\/","name":"Lewandowski y Klopp: Los \u00abmejores\u00bb para la Bundesliga | Cand\u00e1s 365","description":"El delantero del Bayern M\u00fanich Robert Lewandowski y el entrenador del Liverpool, el alem\u00e1n J\u00fcrgen Klopp, fueron elegidos por los jugadores de la Bundesliga","inLanguage":"es-ES","isPartOf":{"@id":"https:\/\/candas365.es\/noticias\/#website"},"breadcrumb":{"@id":"https:\/\/candas365.es\/noticias\/lewandowski-y-klopp-los-mejores-para-la-bundesliga\/#breadcrumblist"},"author":{"@id":"https:\/\/candas365.es\/noticias\/author\/admin\/#author"},"creator":{"@id":"https:\/\/candas365.es\/noticias\/author\/admin\/#author"},"image":{"@type":"ImageObject","url":"https:\/\/candas365.es\/noticias\/wp-content\/uploads\/2022\/01\/Lewandowski.jpg","@id":"https:\/\/candas365.es\/noticias\/lewandowski-y-klopp-los-mejores-para-la-bundesliga\/#mainImage","width":980,"height":662,"caption":"Robert Lewandowski celebra uno de sus numerosos goles para el Bayern M\u00fanich. Foto: Tobias Hase\/dpa"},"primaryImageOfPage":{"@id":"https:\/\/candas365.es\/noticias\/lewandowski-y-klopp-los-mejores-para-la-bundesliga\/#mainImage"},"datePublished":"2022-01-03T15:46:10+01:00","dateModified":"2022-01-03T15:46:10+01:00"},{"@type":"WebSite","@id":"https:\/\/candas365.es\/noticias\/#website","url":"https:\/\/candas365.es\/noticias\/","name":"Cand\u00e1s 365","alternateName":"Cand\u00e1s 365 Noticias","description":"Actualidad desde Carre\u00f1o para el mundo","inLanguage":"es-ES","publisher":{"@id":"https:\/\/candas365.es\/noticias\/#organization"}}]},"og:locale":"es_ES","og:site_name":"Cand\u00e1s 365","og:type":"article","og:title":"Lewandowski y Klopp: Los \u00abmejores\u00bb para la Bundesliga | Cand\u00e1s 365","og:description":"El delantero del Bayern M\u00fanich Robert Lewandowski y el entrenador del Liverpool, el alem\u00e1n J\u00fcrgen Klopp, fueron elegidos por los jugadores de la Bundesliga","og:url":"https:\/\/candas365.es\/noticias\/lewandowski-y-klopp-los-mejores-para-la-bundesliga\/","og:image":"https:\/\/candas365.es\/noticias\/wp-content\/uploads\/2022\/01\/Lewandowski.jpg","og:image:secure_url":"https:\/\/candas365.es\/noticias\/wp-content\/uploads\/2022\/01\/Lewandowski.jpg","og:image:width":980,"og:image:height":662,"article:published_time":"2022-01-03T15:46:10+00:00","article:modified_time":"2022-01-03T15:46:10+00:00","article:publisher":"https:\/\/www.facebook.com\/Nachofdezber","article:author":"https:\/\/www.facebook.com\/carrenoactualidad","twitter:card":"summary_large_image","twitter:site":"@NabercoDigital","twitter:title":"Lewandowski y Klopp: Los \u00abmejores\u00bb para la Bundesliga | Cand\u00e1s 365","twitter:description":"El delantero del Bayern M\u00fanich Robert Lewandowski y el entrenador del Liverpool, el alem\u00e1n J\u00fcrgen Klopp, fueron elegidos por los jugadores de la Bundesliga","twitter:creator":"@nbasturias","twitter:image":"https:\/\/candas365.es\/noticias\/wp-content\/uploads\/2022\/01\/Lewandowski.jpg","twitter:label1":"Escrito por","twitter:data1":"Cand\u00e1s 365","twitter:label2":"Tiempo de lectura estimado","twitter:data2":"2 minutos"},"aioseo_meta_data":{"post_id":"160054","title":null,"description":"El delantero del Bayern M\u00fanich Robert Lewandowski y el entrenador del Liverpool, el alem\u00e1n J\u00fcrgen Klopp, fueron elegidos por los jugadores de la Bundesliga","keywords":[],"keyphrases":{"focus":{"keyphrase":"Lewandowski","score":100,"analysis":{"keyphraseInTitle":{"title":"Focus Keyphrase in SEO title","description":"Focus Keyphrase found in SEO title.","score":9,"maxScore":9,"error":0},"keyphraseInDescription":{"title":"Focus keyphrase in meta description","description":"Focus keyphrase found in meta description.","score":9,"maxScore":9,"error":0},"keyphraseInURL":[],"keyphraseLength":{"title":"Focus keyphrase length","description":"Good job!","score":9,"maxScore":9,"error":0,"length":1},"keyphraseInIntroduction":{"title":"Focus keyphrase in introduction","description":"Your Focus keyphrase appears in the first paragraph. Well done!","score":9,"maxScore":9,"error":0},"keyphraseInSubHeadings":[],"keyphraseInImageAlt":{"title":"Focus keyphrase in image alt attributes","description":"Focus keyphrase found in image alt attribute(s).","score":9,"maxScore":9,"error":0}}},"additional":[{"keyphrase":"Bundesliga","score":83,"analysis":{"keyphraseInDescription":{"title":"Keyphrase in meta description","description":"Keyphrase found in meta description.","score":9,"maxScore":9,"error":0},"keyphraseLength":{"title":"Keyphrase length","description":"Good job!","score":9,"maxScore":9,"error":0,"length":1},"keyphraseInIntroduction":{"title":"Keyphrase in introduction","description":"Your Keyphrase appears in the first paragraph. Well done!","score":9,"maxScore":9,"error":0},"keyphraseInImageAlt":{"title":"Keyphrase in image alt attributes","description":"Keyphrase not found in image alt attribute(s). Add an image with your Keyphrase as alt text.","score":3,"maxScore":9,"error":1}}},{"keyphrase":"J\u00fcrgen Klopp","score":83,"analysis":{"keyphraseInDescription":{"title":"Keyphrase in meta description","description":"Keyphrase found in meta description.","score":9,"maxScore":9,"error":0},"keyphraseLength":{"title":"Keyphrase length","description":"Good job!","score":9,"maxScore":9,"error":0,"length":2},"keyphraseInIntroduction":{"title":"Keyphrase in introduction","description":"Your Keyphrase appears in the first paragraph. Well done!","score":9,"maxScore":9,"error":0},"keyphraseInImageAlt":{"title":"Keyphrase in image alt attributes","description":"Keyphrase not found in image alt attribute(s). Add an image with your Keyphrase as alt text.","score":3,"maxScore":9,"error":1}}}]},"primary_term":null,"canonical_url":null,"og_title":null,"og_description":null,"og_object_type":"default","og_image_type":"default","og_image_url":null,"og_image_width":null,"og_image_height":null,"og_image_custom_url":null,"og_image_custom_fields":null,"og_video":"","og_custom_url":null,"og_article_section":null,"og_article_tags":[],"twitter_use_og":false,"twitter_card":"default","twitter_image_type":"default","twitter_image_url":null,"twitter_image_custom_url":null,"twitter_image_custom_fields":null,"twitter_title":null,"twitter_description":null,"schema":{"blockGraphs":[],"customGraphs":[],"default":{"data":{"Article":[],"Course":[],"Dataset":[],"FAQPage":[],"Movie":[],"Person":[],"Product":[],"ProductReview":[],"Car":[],"Recipe":[],"Service":[],"SoftwareApplication":[],"WebPage":[]},"graphName":"","isEnabled":true},"graphs":[],"defaultGraph":"Article","defaultPostTypeGraph":""},"schema_type":"default","schema_type_options":"{\"article\":{\"articleType\":\"BlogPosting\"},\"course\":{\"name\":\"\",\"description\":\"\",\"provider\":\"\"},\"faq\":{\"pages\":[]},\"product\":{\"reviews\":[]},\"recipe\":{\"ingredients\":[],\"instructions\":[],\"keywords\":[]},\"software\":{\"reviews\":[],\"operatingSystems\":[]},\"webPage\":{\"webPageType\":\"WebPage\"}}","pillar_content":false,"robots_default":true,"robots_noindex":false,"robots_noarchive":false,"robots_nosnippet":false,"robots_nofollow":false,"robots_noimageindex":false,"robots_noodp":false,"robots_notranslate":false,"robots_max_snippet":"-1","robots_max_videopreview":"-1","robots_max_imagepreview":"large","priority":null,"frequency":"default","location":null,"local_seo":null,"seo_analyzer_scan_date":"2025-09-01 04:28:10","breadcrumb_settings":null,"limit_modified_date":false,"reviewed_by":null,"open_ai":null,"ai":null,"created":"2022-01-03 15:30:53","updated":"2025-09-01 04:28:10"},"aioseo_breadcrumb":"<div class=\"aioseo-breadcrumbs\"><span class=\"aioseo-breadcrumb\">\n\t<a href=\"https:\/\/candas365.es\/noticias\" title=\"Home\">Home<\/a>\n<\/span><span class=\"aioseo-breadcrumb-separator\">&ndash;<\/span><span class=\"aioseo-breadcrumb\">\n\t<a href=\"https:\/\/candas365.es\/noticias\/category\/deporte\/\" title=\"Deporte\">Deporte<\/a>\n<\/span><span class=\"aioseo-breadcrumb-separator\">&ndash;<\/span><span class=\"aioseo-breadcrumb\">\n\tLewandowski y Klopp: Los \u00abmejores\u00bb para la Bundesliga\n<\/span><\/div>","aioseo_breadcrumb_json":[{"label":"Home","link":"https:\/\/candas365.es\/noticias"},{"label":"Deporte","link":"https:\/\/candas365.es\/noticias\/category\/deporte\/"},{"label":"Lewandowski y Klopp: Los \u00abmejores\u00bb para la Bundesliga","link":"https:\/\/candas365.es\/noticias\/lewandowski-y-klopp-los-mejores-para-la-bundesliga\/"}],"_links":{"self":[{"href":"https:\/\/candas365.es\/noticias\/wp-json\/wp\/v2\/posts\/160054","targetHints":{"allow":["GET"]}}],"collection":[{"href":"https:\/\/candas365.es\/noticias\/wp-json\/wp\/v2\/posts"}],"about":[{"href":"https:\/\/candas365.es\/noticias\/wp-json\/wp\/v2\/types\/post"}],"author":[{"embeddable":true,"href":"https:\/\/candas365.es\/noticias\/wp-json\/wp\/v2\/users\/1"}],"replies":[{"embeddable":true,"href":"https:\/\/candas365.es\/noticias\/wp-json\/wp\/v2\/comments?post=160054"}],"version-history":[{"count":0,"href":"https:\/\/candas365.es\/noticias\/wp-json\/wp\/v2\/posts\/160054\/revisions"}],"wp:featuredmedia":[{"embeddable":true,"href":"https:\/\/candas365.es\/noticias\/wp-json\/wp\/v2\/media\/160055"}],"wp:attachment":[{"href":"https:\/\/candas365.es\/noticias\/wp-json\/wp\/v2\/media?parent=160054"}],"wp:term":[{"taxonomy":"category","embeddable":true,"href":"https:\/\/candas365.es\/noticias\/wp-json\/wp\/v2\/categories?post=160054"},{"taxonomy":"post_tag","embeddable":true,"href":"https:\/\/candas365.es\/noticias\/wp-json\/wp\/v2\/tags?post=160054"}],"curies":[{"name":"wp","href":"https:\/\/api.w.org\/{rel}","templated":true}]}}