{"id":160032,"date":"2022-01-02T12:06:46","date_gmt":"2022-01-02T12:06:46","guid":{"rendered":"http:\/\/candas365.es\/noticias\/?p=160032"},"modified":"2022-01-02T12:06:46","modified_gmt":"2022-01-02T12:06:46","slug":"xavi-slams-crazy-decision-not-to-postpone-barcas-mallorca-trip","status":"publish","type":"post","link":"https:\/\/candas365.es\/noticias\/xavi-slams-crazy-decision-not-to-postpone-barcas-mallorca-trip\/","title":{"rendered":"Xavi slams &#8216;crazy&#8217; decision not to postpone Barca&#8217;s Mallorca trip"},"content":{"rendered":"<p>Berlin (STATS Perform\/dpa) &#8211; Xavi believes forcing Barcelona to play Real Mallorca on Sunday is \u00abcrazy\u00bb due to the Blaugrana&#8217;s 17 first-team absences.<\/p>\n<p><img fetchpriority=\"high\" decoding=\"async\" class=\"aligncenter size-full wp-image-89552\" src=\"https:\/\/candas365.es\/noticias\/wp-content\/uploads\/2018\/02\/football-1406106_1280.jpg\" alt=\"football\" width=\"1280\" height=\"857\" srcset=\"https:\/\/candas365.es\/noticias\/wp-content\/uploads\/2018\/02\/football-1406106_1280.jpg 1280w, https:\/\/candas365.es\/noticias\/wp-content\/uploads\/2018\/02\/football-1406106_1280-696x466.jpg 696w, https:\/\/candas365.es\/noticias\/wp-content\/uploads\/2018\/02\/football-1406106_1280-1068x715.jpg 1068w, https:\/\/candas365.es\/noticias\/wp-content\/uploads\/2018\/02\/football-1406106_1280-627x420.jpg 627w, https:\/\/candas365.es\/noticias\/wp-content\/uploads\/2018\/02\/football-1406106_1280-360x241.jpg 360w, https:\/\/candas365.es\/noticias\/wp-content\/uploads\/2018\/02\/football-1406106_1280-768x514.jpg 768w, https:\/\/candas365.es\/noticias\/wp-content\/uploads\/2018\/02\/football-1406106_1280-655x439.jpg 655w\" sizes=\"(max-width: 1280px) 100vw, 1280px\" \/><\/p>\n<p>Barca were hit with a spate of Covid-19 cases during the winter break, with as many as 10 players testing positive for the illness.<\/p>\n<p>One of those \u2013 Samuel Umtiti \u2013 has since returned a negative test meaning he is technically available for Sunday&#8217;s trip, though he is not deemed match fit after being unable to train in the past week.<\/p>\n<p>Additionally, Xavi is without five players through injury; Sergio Busquets is suspended; Yusuf Demir is negotiating his departure; and Ferran Torres, who is injured anyway, cannot be registered until Monday at the earliest.<\/p>\n<p>While postponements have become commonplace in other competitions, such as the Premier League, regulations in La Liga make such situations much rarer.<\/p>\n<p>Teams will still have to play so long as they have 13 available players from their first and second teams. Clubs must continue to adhere to the rule that dictates a minimum of seven players registered to the senior team are on the pitch at the same time.<\/p>\n<p>But that minimum can drop to five players if teams have fewer than seven professionals available for selection \u2013 essentially, as long as Barca can name five first-team players in a starting team, their games will not be postponed, much to the frustration of Xavi.<\/p>\n<p>\u00abIt makes no sense to play tomorrow,\u00bb Xavi told reporters in Saturday&#8217;s pre-match news conference.<\/p>\n<p>\u00abWe are in an extreme situation. We have between 17-18 casualties, it depends on Umtiti, who today has tested negative but has not trained for a week.<\/p>\n<p>\u00abIt&#8217;s a time to suspend the game. In this way [not postponing the game], the competition is adulterated, it is crazy to play like this.<\/p>\n<p>\u00abWe have no choice but to compete with who we have. Mallorca has also asked for it [the game to be postponed].<\/p>\n<p>\u00abWe must appeal to common sense. It&#8217;s not a complaint, it&#8217;s a reality. Basketball has been suspended.<\/p>\n<p>\u00abWe will play if La Liga forces us. We&#8217;ve trained well, but it&#8217;s a chaotic situation. Be that as it may, we will go out to compete and try to win.\u00bb<\/p>\n<p>Barca head into their first game of 2022 seventh in La Liga, 18 points adrift of leaders Real Madrid.<\/p>\n","protected":false},"excerpt":{"rendered":"<p>Berlin (STATS Perform\/dpa) &#8211; Xavi believes forcing Barcelona to play Real Mallorca on Sunday is \u00abcrazy\u00bb due to the Blaugrana&#8217;s 17 first-team absences. Barca were hit with a spate of Covid-19 cases during the winter break, with as many as 10 players testing positive for the illness. One of those \u2013 Samuel Umtiti \u2013 has<\/p>\n","protected":false},"author":1,"featured_media":89552,"comment_status":"closed","ping_status":"closed","sticky":false,"template":"","format":"standard","meta":{"footnotes":""},"categories":[343],"tags":[427],"class_list":{"0":"post-160032","1":"post","2":"type-post","3":"status-publish","4":"format-standard","5":"has-post-thumbnail","7":"category-actualidad","8":"tag-news"},"aioseo_notices":[],"aioseo_head":"\n\t\t<!-- All in One SEO Pro 4.9.6.2 - aioseo.com -->\n\t<meta name=\"description\" content=\"Xavi believes forcing Barcelona to play Real Mallorca on Sunday is &quot;crazy&quot; due to the Blaugrana&#039;s 17 first-team absences.\" \/>\n\t<meta name=\"robots\" content=\"max-image-preview:large\" \/>\n\t<meta name=\"author\" content=\"Cand\u00e1s 365\"\/>\n\t<meta name=\"google-site-verification\" content=\"UA-32230408-1\" \/>\n\t<meta name=\"msvalidate.01\" content=\"354F3CDFB2DA171B47FBE9ABF1F88D5\" \/>\n\t<meta name=\"keywords\" content=\"actualidad\" \/>\n\t<link rel=\"canonical\" href=\"https:\/\/candas365.es\/noticias\/xavi-slams-crazy-decision-not-to-postpone-barcas-mallorca-trip\/\" \/>\n\t<meta name=\"generator\" content=\"All in One SEO Pro (AIOSEO) 4.9.6.2\" \/>\n\t\t<meta property=\"og:locale\" content=\"es_ES\" \/>\n\t\t<meta property=\"og:site_name\" content=\"Cand\u00e1s 365\" \/>\n\t\t<meta property=\"og:type\" content=\"article\" \/>\n\t\t<meta property=\"og:title\" content=\"Xavi slams \u2018crazy\u2019 decision not to postpone Barca\u2019s Mallorca trip | Cand\u00e1s 365\" \/>\n\t\t<meta property=\"og:description\" content=\"Xavi believes forcing Barcelona to play Real Mallorca on Sunday is &quot;crazy&quot; due to the Blaugrana&#039;s 17 first-team absences.\" \/>\n\t\t<meta property=\"og:url\" content=\"https:\/\/candas365.es\/noticias\/xavi-slams-crazy-decision-not-to-postpone-barcas-mallorca-trip\/\" \/>\n\t\t<meta property=\"og:image\" content=\"https:\/\/candas365.es\/noticias\/wp-content\/uploads\/2018\/02\/football-1406106_1280.jpg\" \/>\n\t\t<meta property=\"og:image:secure_url\" content=\"https:\/\/candas365.es\/noticias\/wp-content\/uploads\/2018\/02\/football-1406106_1280.jpg\" \/>\n\t\t<meta property=\"og:image:width\" content=\"1280\" \/>\n\t\t<meta property=\"og:image:height\" content=\"857\" \/>\n\t\t<meta property=\"article:published_time\" content=\"2022-01-02T12:06:46+00:00\" \/>\n\t\t<meta property=\"article:modified_time\" content=\"2022-01-02T12:06:46+00:00\" \/>\n\t\t<meta property=\"article:publisher\" content=\"https:\/\/www.facebook.com\/Nachofdezber\" \/>\n\t\t<meta property=\"article:author\" content=\"https:\/\/www.facebook.com\/carrenoactualidad\" \/>\n\t\t<meta name=\"twitter:card\" content=\"summary_large_image\" \/>\n\t\t<meta name=\"twitter:site\" content=\"@NabercoDigital\" \/>\n\t\t<meta name=\"twitter:title\" content=\"Xavi slams \u2018crazy\u2019 decision not to postpone Barca\u2019s Mallorca trip | Cand\u00e1s 365\" \/>\n\t\t<meta name=\"twitter:description\" content=\"Xavi believes forcing Barcelona to play Real Mallorca on Sunday is &quot;crazy&quot; due to the Blaugrana&#039;s 17 first-team absences.\" \/>\n\t\t<meta name=\"twitter:creator\" content=\"@nbasturias\" \/>\n\t\t<meta name=\"twitter:image\" content=\"https:\/\/candas365.es\/noticias\/wp-content\/uploads\/2018\/02\/football-1406106_1280.jpg\" \/>\n\t\t<meta name=\"twitter:label1\" content=\"Escrito por\" \/>\n\t\t<meta name=\"twitter:data1\" content=\"Cand\u00e1s 365\" \/>\n\t\t<meta name=\"twitter:label2\" content=\"Tiempo de lectura estimado\" \/>\n\t\t<meta name=\"twitter:data2\" content=\"2 minutos\" \/>\n\t\t<script type=\"application\/ld+json\" class=\"aioseo-schema\">\n\t\t\t{\"@context\":\"https:\\\/\\\/schema.org\",\"@graph\":[{\"@type\":\"BreadcrumbList\",\"@id\":\"https:\\\/\\\/candas365.es\\\/noticias\\\/xavi-slams-crazy-decision-not-to-postpone-barcas-mallorca-trip\\\/#breadcrumblist\",\"itemListElement\":[{\"@type\":\"ListItem\",\"@id\":\"https:\\\/\\\/candas365.es\\\/noticias#listItem\",\"position\":1,\"name\":\"Home\",\"item\":\"https:\\\/\\\/candas365.es\\\/noticias\",\"nextItem\":{\"@type\":\"ListItem\",\"@id\":\"https:\\\/\\\/candas365.es\\\/noticias\\\/category\\\/actualidad\\\/#listItem\",\"name\":\"Actualidad\"}},{\"@type\":\"ListItem\",\"@id\":\"https:\\\/\\\/candas365.es\\\/noticias\\\/category\\\/actualidad\\\/#listItem\",\"position\":2,\"name\":\"Actualidad\",\"item\":\"https:\\\/\\\/candas365.es\\\/noticias\\\/category\\\/actualidad\\\/\",\"nextItem\":{\"@type\":\"ListItem\",\"@id\":\"https:\\\/\\\/candas365.es\\\/noticias\\\/xavi-slams-crazy-decision-not-to-postpone-barcas-mallorca-trip\\\/#listItem\",\"name\":\"Xavi slams &#8216;crazy&#8217; decision not to postpone Barca&#8217;s Mallorca trip\"},\"previousItem\":{\"@type\":\"ListItem\",\"@id\":\"https:\\\/\\\/candas365.es\\\/noticias#listItem\",\"name\":\"Home\"}},{\"@type\":\"ListItem\",\"@id\":\"https:\\\/\\\/candas365.es\\\/noticias\\\/xavi-slams-crazy-decision-not-to-postpone-barcas-mallorca-trip\\\/#listItem\",\"position\":3,\"name\":\"Xavi slams &#8216;crazy&#8217; decision not to postpone Barca&#8217;s Mallorca trip\",\"previousItem\":{\"@type\":\"ListItem\",\"@id\":\"https:\\\/\\\/candas365.es\\\/noticias\\\/category\\\/actualidad\\\/#listItem\",\"name\":\"Actualidad\"}}]},{\"@type\":\"NewsArticle\",\"@id\":\"https:\\\/\\\/candas365.es\\\/noticias\\\/xavi-slams-crazy-decision-not-to-postpone-barcas-mallorca-trip\\\/#newsarticle\",\"name\":\"Xavi slams \\u2018crazy\\u2019 decision not to postpone Barca\\u2019s Mallorca trip | Cand\\u00e1s 365\",\"headline\":\"Xavi slams &#8216;crazy&#8217; decision not to postpone Barca&#8217;s Mallorca trip\",\"author\":{\"@id\":\"https:\\\/\\\/candas365.es\\\/noticias\\\/author\\\/admin\\\/#author\"},\"publisher\":{\"@id\":\"https:\\\/\\\/candas365.es\\\/noticias\\\/#organization\"},\"image\":{\"@type\":\"ImageObject\",\"url\":\"https:\\\/\\\/candas365.es\\\/noticias\\\/wp-content\\\/uploads\\\/2018\\\/02\\\/football-1406106_1280.jpg\",\"width\":1280,\"height\":857,\"caption\":\"football\"},\"datePublished\":\"2022-01-02T12:06:46+01:00\",\"dateModified\":\"2022-01-02T12:06:46+01:00\",\"inLanguage\":\"es-ES\",\"mainEntityOfPage\":{\"@id\":\"https:\\\/\\\/candas365.es\\\/noticias\\\/xavi-slams-crazy-decision-not-to-postpone-barcas-mallorca-trip\\\/#webpage\"},\"isPartOf\":{\"@id\":\"https:\\\/\\\/candas365.es\\\/noticias\\\/xavi-slams-crazy-decision-not-to-postpone-barcas-mallorca-trip\\\/#webpage\"},\"articleSection\":\"Actualidad, news\",\"dateline\":\"Publicado el enero 2, 2022.\"},{\"@type\":\"Organization\",\"@id\":\"https:\\\/\\\/candas365.es\\\/noticias\\\/#organization\",\"name\":\"Cand\\u00e1s 365\",\"description\":\"Cand\\u00e1s 365 es un diario digital independiente, fundado en 2012, con base en Asturias. Informamos con rigor sobre actualidad, sociedad, cultura y ocio, con una mirada local y global.\",\"url\":\"https:\\\/\\\/candas365.es\\\/noticias\\\/\",\"email\":\"info@candas365.es\",\"telephone\":\"+34652131393\",\"foundingDate\":\"2012-06-10\",\"logo\":{\"@type\":\"ImageObject\",\"url\":\"https:\\\/\\\/candas365.es\\\/noticias\\\/wp-content\\\/uploads\\\/2024\\\/09\\\/Candas-365-Redes.jpg\",\"@id\":\"https:\\\/\\\/candas365.es\\\/noticias\\\/xavi-slams-crazy-decision-not-to-postpone-barcas-mallorca-trip\\\/#organizationLogo\",\"width\":1152,\"height\":864,\"caption\":\"Cand\\u00e1s 365 Redes\"},\"image\":{\"@id\":\"https:\\\/\\\/candas365.es\\\/noticias\\\/xavi-slams-crazy-decision-not-to-postpone-barcas-mallorca-trip\\\/#organizationLogo\"},\"sameAs\":[\"https:\\\/\\\/www.facebook.com\\\/Nachofdezber\",\"https:\\\/\\\/x.com\\\/NabercoDigital\",\"https:\\\/\\\/www.instagram.com\\\/nachofdezber\\\/\",\"https:\\\/\\\/www.youtube.com\\\/channel\\\/UCZP-2wLEB9Rv6erhFmqVnvg\"],\"address\":{\"@id\":\"https:\\\/\\\/candas365.es\\\/noticias\\\/#postaladdress\",\"@type\":\"PostalAddress\",\"streetAddress\":\"san antonio 4, san antonio 4\",\"postalCode\":\"33430\",\"addressLocality\":\"Cand\\u00e1s\",\"addressRegion\":\"Asturias\",\"addressCountry\":\"ES\"}},{\"@type\":\"Person\",\"@id\":\"https:\\\/\\\/candas365.es\\\/noticias\\\/author\\\/admin\\\/#author\",\"url\":\"https:\\\/\\\/candas365.es\\\/noticias\\\/author\\\/admin\\\/\",\"name\":\"Cand\\u00e1s 365\",\"image\":{\"@type\":\"ImageObject\",\"@id\":\"https:\\\/\\\/candas365.es\\\/noticias\\\/xavi-slams-crazy-decision-not-to-postpone-barcas-mallorca-trip\\\/#authorImage\",\"url\":\"https:\\\/\\\/secure.gravatar.com\\\/avatar\\\/496a8e03d0c493ede1718b7934145dbdf8d89be1036b0eec9544e1094c9de390?s=96&d=mm&r=g\",\"width\":96,\"height\":96,\"caption\":\"Cand\\u00e1s 365\"},\"sameAs\":[\"https:\\\/\\\/www.facebook.com\\\/carrenoactualidad\",\"https:\\\/\\\/twitter.com\\\/nbasturias\",\"https:\\\/\\\/www.instagram.com\\\/nachofdezber\\\/\",\"https:\\\/\\\/www.youtube.com\\\/channel\\\/UCZP-2wLEB9Rv6erhFmqVnvg\"]},{\"@type\":\"WebPage\",\"@id\":\"https:\\\/\\\/candas365.es\\\/noticias\\\/xavi-slams-crazy-decision-not-to-postpone-barcas-mallorca-trip\\\/#webpage\",\"url\":\"https:\\\/\\\/candas365.es\\\/noticias\\\/xavi-slams-crazy-decision-not-to-postpone-barcas-mallorca-trip\\\/\",\"name\":\"Xavi slams \\u2018crazy\\u2019 decision not to postpone Barca\\u2019s Mallorca trip | Cand\\u00e1s 365\",\"description\":\"Xavi believes forcing Barcelona to play Real Mallorca on Sunday is \\\"crazy\\\" due to the Blaugrana's 17 first-team absences.\",\"inLanguage\":\"es-ES\",\"isPartOf\":{\"@id\":\"https:\\\/\\\/candas365.es\\\/noticias\\\/#website\"},\"breadcrumb\":{\"@id\":\"https:\\\/\\\/candas365.es\\\/noticias\\\/xavi-slams-crazy-decision-not-to-postpone-barcas-mallorca-trip\\\/#breadcrumblist\"},\"author\":{\"@id\":\"https:\\\/\\\/candas365.es\\\/noticias\\\/author\\\/admin\\\/#author\"},\"creator\":{\"@id\":\"https:\\\/\\\/candas365.es\\\/noticias\\\/author\\\/admin\\\/#author\"},\"image\":{\"@type\":\"ImageObject\",\"url\":\"https:\\\/\\\/candas365.es\\\/noticias\\\/wp-content\\\/uploads\\\/2018\\\/02\\\/football-1406106_1280.jpg\",\"@id\":\"https:\\\/\\\/candas365.es\\\/noticias\\\/xavi-slams-crazy-decision-not-to-postpone-barcas-mallorca-trip\\\/#mainImage\",\"width\":1280,\"height\":857,\"caption\":\"football\"},\"primaryImageOfPage\":{\"@id\":\"https:\\\/\\\/candas365.es\\\/noticias\\\/xavi-slams-crazy-decision-not-to-postpone-barcas-mallorca-trip\\\/#mainImage\"},\"datePublished\":\"2022-01-02T12:06:46+01:00\",\"dateModified\":\"2022-01-02T12:06:46+01:00\"},{\"@type\":\"WebSite\",\"@id\":\"https:\\\/\\\/candas365.es\\\/noticias\\\/#website\",\"url\":\"https:\\\/\\\/candas365.es\\\/noticias\\\/\",\"name\":\"Cand\\u00e1s 365\",\"alternateName\":\"Cand\\u00e1s 365 Noticias\",\"description\":\"Actualidad desde Carre\\u00f1o para el mundo\",\"inLanguage\":\"es-ES\",\"publisher\":{\"@id\":\"https:\\\/\\\/candas365.es\\\/noticias\\\/#organization\"}}]}\n\t\t<\/script>\n\t\t<!-- All in One SEO Pro -->\r\n\t\t<title>Xavi slams \u2018crazy\u2019 decision not to postpone Barca\u2019s Mallorca trip | Cand\u00e1s 365<\/title>\n\n","aioseo_head_json":{"title":"Xavi slams \u2018crazy\u2019 decision not to postpone Barca\u2019s Mallorca trip | Cand\u00e1s 365","description":"Xavi believes forcing Barcelona to play Real Mallorca on Sunday is \"crazy\" due to the Blaugrana's 17 first-team absences.","canonical_url":"https:\/\/candas365.es\/noticias\/xavi-slams-crazy-decision-not-to-postpone-barcas-mallorca-trip\/","robots":"max-image-preview:large","keywords":"actualidad","webmasterTools":{"google-site-verification":"UA-32230408-1","msvalidate.01":"354F3CDFB2DA171B47FBE9ABF1F88D5","miscellaneous":""},"schema":{"@context":"https:\/\/schema.org","@graph":[{"@type":"BreadcrumbList","@id":"https:\/\/candas365.es\/noticias\/xavi-slams-crazy-decision-not-to-postpone-barcas-mallorca-trip\/#breadcrumblist","itemListElement":[{"@type":"ListItem","@id":"https:\/\/candas365.es\/noticias#listItem","position":1,"name":"Home","item":"https:\/\/candas365.es\/noticias","nextItem":{"@type":"ListItem","@id":"https:\/\/candas365.es\/noticias\/category\/actualidad\/#listItem","name":"Actualidad"}},{"@type":"ListItem","@id":"https:\/\/candas365.es\/noticias\/category\/actualidad\/#listItem","position":2,"name":"Actualidad","item":"https:\/\/candas365.es\/noticias\/category\/actualidad\/","nextItem":{"@type":"ListItem","@id":"https:\/\/candas365.es\/noticias\/xavi-slams-crazy-decision-not-to-postpone-barcas-mallorca-trip\/#listItem","name":"Xavi slams &#8216;crazy&#8217; decision not to postpone Barca&#8217;s Mallorca trip"},"previousItem":{"@type":"ListItem","@id":"https:\/\/candas365.es\/noticias#listItem","name":"Home"}},{"@type":"ListItem","@id":"https:\/\/candas365.es\/noticias\/xavi-slams-crazy-decision-not-to-postpone-barcas-mallorca-trip\/#listItem","position":3,"name":"Xavi slams &#8216;crazy&#8217; decision not to postpone Barca&#8217;s Mallorca trip","previousItem":{"@type":"ListItem","@id":"https:\/\/candas365.es\/noticias\/category\/actualidad\/#listItem","name":"Actualidad"}}]},{"@type":"NewsArticle","@id":"https:\/\/candas365.es\/noticias\/xavi-slams-crazy-decision-not-to-postpone-barcas-mallorca-trip\/#newsarticle","name":"Xavi slams \u2018crazy\u2019 decision not to postpone Barca\u2019s Mallorca trip | Cand\u00e1s 365","headline":"Xavi slams &#8216;crazy&#8217; decision not to postpone Barca&#8217;s Mallorca trip","author":{"@id":"https:\/\/candas365.es\/noticias\/author\/admin\/#author"},"publisher":{"@id":"https:\/\/candas365.es\/noticias\/#organization"},"image":{"@type":"ImageObject","url":"https:\/\/candas365.es\/noticias\/wp-content\/uploads\/2018\/02\/football-1406106_1280.jpg","width":1280,"height":857,"caption":"football"},"datePublished":"2022-01-02T12:06:46+01:00","dateModified":"2022-01-02T12:06:46+01:00","inLanguage":"es-ES","mainEntityOfPage":{"@id":"https:\/\/candas365.es\/noticias\/xavi-slams-crazy-decision-not-to-postpone-barcas-mallorca-trip\/#webpage"},"isPartOf":{"@id":"https:\/\/candas365.es\/noticias\/xavi-slams-crazy-decision-not-to-postpone-barcas-mallorca-trip\/#webpage"},"articleSection":"Actualidad, news","dateline":"Publicado el enero 2, 2022."},{"@type":"Organization","@id":"https:\/\/candas365.es\/noticias\/#organization","name":"Cand\u00e1s 365","description":"Cand\u00e1s 365 es un diario digital independiente, fundado en 2012, con base en Asturias. Informamos con rigor sobre actualidad, sociedad, cultura y ocio, con una mirada local y global.","url":"https:\/\/candas365.es\/noticias\/","email":"info@candas365.es","telephone":"+34652131393","foundingDate":"2012-06-10","logo":{"@type":"ImageObject","url":"https:\/\/candas365.es\/noticias\/wp-content\/uploads\/2024\/09\/Candas-365-Redes.jpg","@id":"https:\/\/candas365.es\/noticias\/xavi-slams-crazy-decision-not-to-postpone-barcas-mallorca-trip\/#organizationLogo","width":1152,"height":864,"caption":"Cand\u00e1s 365 Redes"},"image":{"@id":"https:\/\/candas365.es\/noticias\/xavi-slams-crazy-decision-not-to-postpone-barcas-mallorca-trip\/#organizationLogo"},"sameAs":["https:\/\/www.facebook.com\/Nachofdezber","https:\/\/x.com\/NabercoDigital","https:\/\/www.instagram.com\/nachofdezber\/","https:\/\/www.youtube.com\/channel\/UCZP-2wLEB9Rv6erhFmqVnvg"],"address":{"@id":"https:\/\/candas365.es\/noticias\/#postaladdress","@type":"PostalAddress","streetAddress":"san antonio 4, san antonio 4","postalCode":"33430","addressLocality":"Cand\u00e1s","addressRegion":"Asturias","addressCountry":"ES"}},{"@type":"Person","@id":"https:\/\/candas365.es\/noticias\/author\/admin\/#author","url":"https:\/\/candas365.es\/noticias\/author\/admin\/","name":"Cand\u00e1s 365","image":{"@type":"ImageObject","@id":"https:\/\/candas365.es\/noticias\/xavi-slams-crazy-decision-not-to-postpone-barcas-mallorca-trip\/#authorImage","url":"https:\/\/secure.gravatar.com\/avatar\/496a8e03d0c493ede1718b7934145dbdf8d89be1036b0eec9544e1094c9de390?s=96&d=mm&r=g","width":96,"height":96,"caption":"Cand\u00e1s 365"},"sameAs":["https:\/\/www.facebook.com\/carrenoactualidad","https:\/\/twitter.com\/nbasturias","https:\/\/www.instagram.com\/nachofdezber\/","https:\/\/www.youtube.com\/channel\/UCZP-2wLEB9Rv6erhFmqVnvg"]},{"@type":"WebPage","@id":"https:\/\/candas365.es\/noticias\/xavi-slams-crazy-decision-not-to-postpone-barcas-mallorca-trip\/#webpage","url":"https:\/\/candas365.es\/noticias\/xavi-slams-crazy-decision-not-to-postpone-barcas-mallorca-trip\/","name":"Xavi slams \u2018crazy\u2019 decision not to postpone Barca\u2019s Mallorca trip | Cand\u00e1s 365","description":"Xavi believes forcing Barcelona to play Real Mallorca on Sunday is \"crazy\" due to the Blaugrana's 17 first-team absences.","inLanguage":"es-ES","isPartOf":{"@id":"https:\/\/candas365.es\/noticias\/#website"},"breadcrumb":{"@id":"https:\/\/candas365.es\/noticias\/xavi-slams-crazy-decision-not-to-postpone-barcas-mallorca-trip\/#breadcrumblist"},"author":{"@id":"https:\/\/candas365.es\/noticias\/author\/admin\/#author"},"creator":{"@id":"https:\/\/candas365.es\/noticias\/author\/admin\/#author"},"image":{"@type":"ImageObject","url":"https:\/\/candas365.es\/noticias\/wp-content\/uploads\/2018\/02\/football-1406106_1280.jpg","@id":"https:\/\/candas365.es\/noticias\/xavi-slams-crazy-decision-not-to-postpone-barcas-mallorca-trip\/#mainImage","width":1280,"height":857,"caption":"football"},"primaryImageOfPage":{"@id":"https:\/\/candas365.es\/noticias\/xavi-slams-crazy-decision-not-to-postpone-barcas-mallorca-trip\/#mainImage"},"datePublished":"2022-01-02T12:06:46+01:00","dateModified":"2022-01-02T12:06:46+01:00"},{"@type":"WebSite","@id":"https:\/\/candas365.es\/noticias\/#website","url":"https:\/\/candas365.es\/noticias\/","name":"Cand\u00e1s 365","alternateName":"Cand\u00e1s 365 Noticias","description":"Actualidad desde Carre\u00f1o para el mundo","inLanguage":"es-ES","publisher":{"@id":"https:\/\/candas365.es\/noticias\/#organization"}}]},"og:locale":"es_ES","og:site_name":"Cand\u00e1s 365","og:type":"article","og:title":"Xavi slams \u2018crazy\u2019 decision not to postpone Barca\u2019s Mallorca trip | Cand\u00e1s 365","og:description":"Xavi believes forcing Barcelona to play Real Mallorca on Sunday is &quot;crazy&quot; due to the Blaugrana's 17 first-team absences.","og:url":"https:\/\/candas365.es\/noticias\/xavi-slams-crazy-decision-not-to-postpone-barcas-mallorca-trip\/","og:image":"https:\/\/candas365.es\/noticias\/wp-content\/uploads\/2018\/02\/football-1406106_1280.jpg","og:image:secure_url":"https:\/\/candas365.es\/noticias\/wp-content\/uploads\/2018\/02\/football-1406106_1280.jpg","og:image:width":1280,"og:image:height":857,"article:published_time":"2022-01-02T12:06:46+00:00","article:modified_time":"2022-01-02T12:06:46+00:00","article:publisher":"https:\/\/www.facebook.com\/Nachofdezber","article:author":"https:\/\/www.facebook.com\/carrenoactualidad","twitter:card":"summary_large_image","twitter:site":"@NabercoDigital","twitter:title":"Xavi slams \u2018crazy\u2019 decision not to postpone Barca\u2019s Mallorca trip | Cand\u00e1s 365","twitter:description":"Xavi believes forcing Barcelona to play Real Mallorca on Sunday is &quot;crazy&quot; due to the Blaugrana's 17 first-team absences.","twitter:creator":"@nbasturias","twitter:image":"https:\/\/candas365.es\/noticias\/wp-content\/uploads\/2018\/02\/football-1406106_1280.jpg","twitter:label1":"Escrito por","twitter:data1":"Cand\u00e1s 365","twitter:label2":"Tiempo de lectura estimado","twitter:data2":"2 minutos"},"aioseo_meta_data":{"post_id":"160032","title":null,"description":"Xavi believes forcing Barcelona to play Real Mallorca on Sunday is \"crazy\" due to the Blaugrana's 17 first-team absences.","keywords":[],"keyphrases":{"focus":{"keyphrase":"Xavi","score":87,"analysis":{"keyphraseInTitle":{"title":"Focus Keyphrase in SEO title","description":"Focus Keyphrase found in SEO title.","score":9,"maxScore":9,"error":0},"keyphraseInDescription":{"title":"Focus keyphrase in meta description","description":"Focus keyphrase found in meta description.","score":9,"maxScore":9,"error":0},"keyphraseInURL":[],"keyphraseLength":{"title":"Focus keyphrase length","description":"Good job!","score":9,"maxScore":9,"error":0,"length":1},"keyphraseInIntroduction":{"title":"Focus keyphrase in introduction","description":"Your Focus keyphrase appears in the first paragraph. Well done!","score":9,"maxScore":9,"error":0},"keyphraseInSubHeadings":[],"keyphraseInImageAlt":{"title":"Focus keyphrase in image alt attributes","description":"Focus keyphrase not found in image alt attribute(s). Add an image with your Focus keyphrase as alt text.","score":3,"maxScore":9,"error":1}}},"additional":[{"keyphrase":"Barcelona ","score":83,"analysis":{"keyphraseInDescription":{"title":"Keyphrase in meta description","description":"Keyphrase found in meta description.","score":9,"maxScore":9,"error":0},"keyphraseLength":{"title":"Keyphrase length","description":"Good job!","score":9,"maxScore":9,"error":0,"length":1},"keyphraseInIntroduction":{"title":"Keyphrase in introduction","description":"Your Keyphrase appears in the first paragraph. Well done!","score":9,"maxScore":9,"error":0},"keyphraseInImageAlt":{"title":"Keyphrase in image alt attributes","description":"Keyphrase not found in image alt attribute(s). Add an image with your Keyphrase as alt text.","score":3,"maxScore":9,"error":1}}},{"keyphrase":" Mallorca ","score":100,"analysis":{"keyphraseInDescription":{"title":"Keyphrase in meta description","description":"Keyphrase found in meta description.","score":9,"maxScore":9,"error":0},"keyphraseLength":{"title":"Keyphrase length","description":"Good job!","score":9,"maxScore":9,"error":0,"length":1},"keyphraseInIntroduction":{"title":"Keyphrase in introduction","description":"Your Keyphrase appears in the first paragraph. Well done!","score":9,"maxScore":9,"error":0},"keyphraseInImageAlt":{"title":"Keyphrase in image alt attributes","description":"Keyphrase found in image alt attribute(s).","score":9,"maxScore":9,"error":0}}}]},"primary_term":null,"canonical_url":null,"og_title":null,"og_description":null,"og_object_type":"default","og_image_type":"default","og_image_url":null,"og_image_width":null,"og_image_height":null,"og_image_custom_url":null,"og_image_custom_fields":null,"og_video":"","og_custom_url":null,"og_article_section":null,"og_article_tags":[],"twitter_use_og":false,"twitter_card":"default","twitter_image_type":"default","twitter_image_url":null,"twitter_image_custom_url":null,"twitter_image_custom_fields":null,"twitter_title":null,"twitter_description":null,"schema":{"blockGraphs":[],"customGraphs":[],"default":{"data":{"Article":[],"Course":[],"Dataset":[],"FAQPage":[],"Movie":[],"Person":[],"Product":[],"ProductReview":[],"Car":[],"Recipe":[],"Service":[],"SoftwareApplication":[],"WebPage":[]},"graphName":"","isEnabled":true},"graphs":[],"defaultGraph":"Article","defaultPostTypeGraph":""},"schema_type":"default","schema_type_options":"{\"article\":{\"articleType\":\"BlogPosting\"},\"course\":{\"name\":\"\",\"description\":\"\",\"provider\":\"\"},\"faq\":{\"pages\":[]},\"product\":{\"reviews\":[]},\"recipe\":{\"ingredients\":[],\"instructions\":[],\"keywords\":[]},\"software\":{\"reviews\":[],\"operatingSystems\":[]},\"webPage\":{\"webPageType\":\"WebPage\"}}","pillar_content":false,"robots_default":true,"robots_noindex":false,"robots_noarchive":false,"robots_nosnippet":false,"robots_nofollow":false,"robots_noimageindex":false,"robots_noodp":false,"robots_notranslate":false,"robots_max_snippet":"-1","robots_max_videopreview":"-1","robots_max_imagepreview":"large","priority":null,"frequency":"default","location":null,"local_seo":null,"seo_analyzer_scan_date":"2025-09-01 04:26:14","breadcrumb_settings":null,"limit_modified_date":false,"reviewed_by":null,"open_ai":null,"ai":null,"created":"2022-01-02 12:04:32","updated":"2025-09-01 04:26:14"},"aioseo_breadcrumb":"<div class=\"aioseo-breadcrumbs\"><span class=\"aioseo-breadcrumb\">\n\t<a href=\"https:\/\/candas365.es\/noticias\" title=\"Home\">Home<\/a>\n<\/span><span class=\"aioseo-breadcrumb-separator\">&ndash;<\/span><span class=\"aioseo-breadcrumb\">\n\t<a href=\"https:\/\/candas365.es\/noticias\/category\/actualidad\/\" title=\"Actualidad\">Actualidad<\/a>\n<\/span><span class=\"aioseo-breadcrumb-separator\">&ndash;<\/span><span class=\"aioseo-breadcrumb\">\n\tXavi slams \u2018crazy\u2019 decision not to postpone Barca\u2019s Mallorca trip\n<\/span><\/div>","aioseo_breadcrumb_json":[{"label":"Home","link":"https:\/\/candas365.es\/noticias"},{"label":"Actualidad","link":"https:\/\/candas365.es\/noticias\/category\/actualidad\/"},{"label":"Xavi slams &#8216;crazy&#8217; decision not to postpone Barca&#8217;s Mallorca trip","link":"https:\/\/candas365.es\/noticias\/xavi-slams-crazy-decision-not-to-postpone-barcas-mallorca-trip\/"}],"_links":{"self":[{"href":"https:\/\/candas365.es\/noticias\/wp-json\/wp\/v2\/posts\/160032","targetHints":{"allow":["GET"]}}],"collection":[{"href":"https:\/\/candas365.es\/noticias\/wp-json\/wp\/v2\/posts"}],"about":[{"href":"https:\/\/candas365.es\/noticias\/wp-json\/wp\/v2\/types\/post"}],"author":[{"embeddable":true,"href":"https:\/\/candas365.es\/noticias\/wp-json\/wp\/v2\/users\/1"}],"replies":[{"embeddable":true,"href":"https:\/\/candas365.es\/noticias\/wp-json\/wp\/v2\/comments?post=160032"}],"version-history":[{"count":0,"href":"https:\/\/candas365.es\/noticias\/wp-json\/wp\/v2\/posts\/160032\/revisions"}],"wp:featuredmedia":[{"embeddable":true,"href":"https:\/\/candas365.es\/noticias\/wp-json\/wp\/v2\/media\/89552"}],"wp:attachment":[{"href":"https:\/\/candas365.es\/noticias\/wp-json\/wp\/v2\/media?parent=160032"}],"wp:term":[{"taxonomy":"category","embeddable":true,"href":"https:\/\/candas365.es\/noticias\/wp-json\/wp\/v2\/categories?post=160032"},{"taxonomy":"post_tag","embeddable":true,"href":"https:\/\/candas365.es\/noticias\/wp-json\/wp\/v2\/tags?post=160032"}],"curies":[{"name":"wp","href":"https:\/\/api.w.org\/{rel}","templated":true}]}}