{"id":159945,"date":"2021-12-27T08:57:57","date_gmt":"2021-12-27T08:57:57","guid":{"rendered":"http:\/\/candas365.es\/noticias\/?p=159945"},"modified":"2021-12-27T08:57:57","modified_gmt":"2021-12-27T08:57:57","slug":"covid-19-ocho-musicos-de-el-gran-combo-de-puerto-rico-han-dado-positivo","status":"publish","type":"post","link":"https:\/\/candas365.es\/noticias\/covid-19-ocho-musicos-de-el-gran-combo-de-puerto-rico-han-dado-positivo\/","title":{"rendered":"Covid-19: Ocho m\u00fasicos de El Gran Combo de Puerto Rico han dado positivo"},"content":{"rendered":"<p>(EP) &#8211; Ocho m\u00fasicos de la orquesta de salsa <strong>El Gran Combo de Puerto Rico<\/strong> han dado positivo en COVID-19 y el grupo ha cancelado el s\u00e1bado su asistencia en la<strong> Feria de Cali<\/strong>, en Colombia.<\/p>\n<p><img fetchpriority=\"high\" decoding=\"async\" class=\"aligncenter size-full wp-image-148199\" src=\"https:\/\/candas365.es\/noticias\/wp-content\/uploads\/2020\/11\/covid-19-4982910_640.jpg\" alt=\"Covid-19\" width=\"640\" height=\"427\" srcset=\"https:\/\/candas365.es\/noticias\/wp-content\/uploads\/2020\/11\/covid-19-4982910_640.jpg 640w, https:\/\/candas365.es\/noticias\/wp-content\/uploads\/2020\/11\/covid-19-4982910_640-360x240.jpg 360w\" sizes=\"(max-width: 640px) 100vw, 640px\" \/><\/p>\n<p>Adem\u00e1s de desear una \u00abFeliz Navidad\u00bb, la orquesta ha comunicado en su perfil de Instagram que los contagios del coronavirus no les han permitido participar en la Feria de Cali, un festival de salsa de seis d\u00edas celebrado en Colombia.<\/p>\n<p>\u00abLe enviamos un fuerte abrazo a todos nuestros hermanos colombianos y pronto estaremos nuevamente llev\u00e1ndoles nuestra m\u00fasica\u00bb ha expresado el grupo de m\u00fasica El Gran Combo.<\/p>\n<p>\u00abEn enero, estaremos en Manizales, Santa Marta y Cartagena si el todopoderoso lo permite. \u00a1All\u00e1 nos vemos!\u00bb han sentenciado los m\u00fasicos.<\/p>\n","protected":false},"excerpt":{"rendered":"<p>(EP) &#8211; Ocho m\u00fasicos de la orquesta de salsa El Gran Combo de Puerto Rico han dado positivo en COVID-19 y el grupo ha cancelado el s\u00e1bado su asistencia en la Feria de Cali, en Colombia. Adem\u00e1s de desear una \u00abFeliz Navidad\u00bb, la orquesta ha comunicado en su perfil de Instagram que los contagios del<\/p>\n","protected":false},"author":1,"featured_media":148199,"comment_status":"closed","ping_status":"closed","sticky":false,"template":"","format":"standard","meta":{"footnotes":""},"categories":[372],"tags":[390],"class_list":{"0":"post-159945","1":"post","2":"type-post","3":"status-publish","4":"format-standard","5":"has-post-thumbnail","7":"category-salud","8":"tag-covid-19"},"aioseo_notices":[],"aioseo_head":"\n\t\t<!-- All in One SEO Pro 4.9.6.2 - aioseo.com -->\n\t<meta name=\"description\" content=\"Ocho m\u00fasicos de la orquesta de salsa El Gran Combo de Puerto Rico han dado positivo en COVID-19 y el grupo ha cancelado el s\u00e1bado su asistencia\" \/>\n\t<meta name=\"robots\" content=\"max-image-preview:large\" \/>\n\t<meta name=\"author\" content=\"Cand\u00e1s 365\"\/>\n\t<meta name=\"google-site-verification\" content=\"UA-32230408-1\" \/>\n\t<meta name=\"msvalidate.01\" content=\"354F3CDFB2DA171B47FBE9ABF1F88D5\" \/>\n\t<meta name=\"keywords\" content=\"salud\" \/>\n\t<link rel=\"canonical\" href=\"https:\/\/candas365.es\/noticias\/covid-19-ocho-musicos-de-el-gran-combo-de-puerto-rico-han-dado-positivo\/\" \/>\n\t<meta name=\"generator\" content=\"All in One SEO Pro (AIOSEO) 4.9.6.2\" \/>\n\t\t<meta property=\"og:locale\" content=\"es_ES\" \/>\n\t\t<meta property=\"og:site_name\" content=\"Cand\u00e1s 365\" \/>\n\t\t<meta property=\"og:type\" content=\"article\" \/>\n\t\t<meta property=\"og:title\" content=\"Covid-19: Ocho m\u00fasicos de El Gran Combo de Puerto Rico han dado positivo | Cand\u00e1s 365\" \/>\n\t\t<meta property=\"og:description\" content=\"Ocho m\u00fasicos de la orquesta de salsa El Gran Combo de Puerto Rico han dado positivo en COVID-19 y el grupo ha cancelado el s\u00e1bado su asistencia\" \/>\n\t\t<meta property=\"og:url\" content=\"https:\/\/candas365.es\/noticias\/covid-19-ocho-musicos-de-el-gran-combo-de-puerto-rico-han-dado-positivo\/\" \/>\n\t\t<meta property=\"og:image\" content=\"https:\/\/candas365.es\/noticias\/wp-content\/uploads\/2020\/11\/covid-19-4982910_640.jpg\" \/>\n\t\t<meta property=\"og:image:secure_url\" content=\"https:\/\/candas365.es\/noticias\/wp-content\/uploads\/2020\/11\/covid-19-4982910_640.jpg\" \/>\n\t\t<meta property=\"og:image:width\" content=\"640\" \/>\n\t\t<meta property=\"og:image:height\" content=\"427\" \/>\n\t\t<meta property=\"article:published_time\" content=\"2021-12-27T08:57:57+00:00\" \/>\n\t\t<meta property=\"article:modified_time\" content=\"2021-12-27T08:57:57+00:00\" \/>\n\t\t<meta property=\"article:publisher\" content=\"https:\/\/www.facebook.com\/Nachofdezber\" \/>\n\t\t<meta property=\"article:author\" content=\"https:\/\/www.facebook.com\/carrenoactualidad\" \/>\n\t\t<meta name=\"twitter:card\" content=\"summary_large_image\" \/>\n\t\t<meta name=\"twitter:site\" content=\"@NabercoDigital\" \/>\n\t\t<meta name=\"twitter:title\" content=\"Covid-19: Ocho m\u00fasicos de El Gran Combo de Puerto Rico han dado positivo | Cand\u00e1s 365\" \/>\n\t\t<meta name=\"twitter:description\" content=\"Ocho m\u00fasicos de la orquesta de salsa El Gran Combo de Puerto Rico han dado positivo en COVID-19 y el grupo ha cancelado el s\u00e1bado su asistencia\" \/>\n\t\t<meta name=\"twitter:creator\" content=\"@nbasturias\" \/>\n\t\t<meta name=\"twitter:image\" content=\"https:\/\/candas365.es\/noticias\/wp-content\/uploads\/2020\/11\/covid-19-4982910_640.jpg\" \/>\n\t\t<meta name=\"twitter:label1\" content=\"Escrito por\" \/>\n\t\t<meta name=\"twitter:data1\" content=\"Cand\u00e1s 365\" \/>\n\t\t<meta name=\"twitter:label2\" content=\"Tiempo de lectura estimado\" \/>\n\t\t<meta name=\"twitter:data2\" content=\"1 minuto\" \/>\n\t\t<script type=\"application\/ld+json\" class=\"aioseo-schema\">\n\t\t\t{\"@context\":\"https:\\\/\\\/schema.org\",\"@graph\":[{\"@type\":\"BreadcrumbList\",\"@id\":\"https:\\\/\\\/candas365.es\\\/noticias\\\/covid-19-ocho-musicos-de-el-gran-combo-de-puerto-rico-han-dado-positivo\\\/#breadcrumblist\",\"itemListElement\":[{\"@type\":\"ListItem\",\"@id\":\"https:\\\/\\\/candas365.es\\\/noticias#listItem\",\"position\":1,\"name\":\"Home\",\"item\":\"https:\\\/\\\/candas365.es\\\/noticias\",\"nextItem\":{\"@type\":\"ListItem\",\"@id\":\"https:\\\/\\\/candas365.es\\\/noticias\\\/category\\\/salud\\\/#listItem\",\"name\":\"Salud\"}},{\"@type\":\"ListItem\",\"@id\":\"https:\\\/\\\/candas365.es\\\/noticias\\\/category\\\/salud\\\/#listItem\",\"position\":2,\"name\":\"Salud\",\"item\":\"https:\\\/\\\/candas365.es\\\/noticias\\\/category\\\/salud\\\/\",\"nextItem\":{\"@type\":\"ListItem\",\"@id\":\"https:\\\/\\\/candas365.es\\\/noticias\\\/covid-19-ocho-musicos-de-el-gran-combo-de-puerto-rico-han-dado-positivo\\\/#listItem\",\"name\":\"Covid-19: Ocho m\\u00fasicos de El Gran Combo de Puerto Rico han dado positivo\"},\"previousItem\":{\"@type\":\"ListItem\",\"@id\":\"https:\\\/\\\/candas365.es\\\/noticias#listItem\",\"name\":\"Home\"}},{\"@type\":\"ListItem\",\"@id\":\"https:\\\/\\\/candas365.es\\\/noticias\\\/covid-19-ocho-musicos-de-el-gran-combo-de-puerto-rico-han-dado-positivo\\\/#listItem\",\"position\":3,\"name\":\"Covid-19: Ocho m\\u00fasicos de El Gran Combo de Puerto Rico han dado positivo\",\"previousItem\":{\"@type\":\"ListItem\",\"@id\":\"https:\\\/\\\/candas365.es\\\/noticias\\\/category\\\/salud\\\/#listItem\",\"name\":\"Salud\"}}]},{\"@type\":\"NewsArticle\",\"@id\":\"https:\\\/\\\/candas365.es\\\/noticias\\\/covid-19-ocho-musicos-de-el-gran-combo-de-puerto-rico-han-dado-positivo\\\/#newsarticle\",\"name\":\"Covid-19: Ocho m\\u00fasicos de El Gran Combo de Puerto Rico han dado positivo | Cand\\u00e1s 365\",\"headline\":\"Covid-19: Ocho m\\u00fasicos de El Gran Combo de Puerto Rico han dado positivo\",\"author\":{\"@id\":\"https:\\\/\\\/candas365.es\\\/noticias\\\/author\\\/admin\\\/#author\"},\"publisher\":{\"@id\":\"https:\\\/\\\/candas365.es\\\/noticias\\\/#organization\"},\"image\":{\"@type\":\"ImageObject\",\"url\":\"https:\\\/\\\/candas365.es\\\/noticias\\\/wp-content\\\/uploads\\\/2020\\\/11\\\/covid-19-4982910_640.jpg\",\"width\":640,\"height\":427,\"caption\":\"Covid-19\"},\"datePublished\":\"2021-12-27T08:57:57+01:00\",\"dateModified\":\"2021-12-27T08:57:57+01:00\",\"inLanguage\":\"es-ES\",\"mainEntityOfPage\":{\"@id\":\"https:\\\/\\\/candas365.es\\\/noticias\\\/covid-19-ocho-musicos-de-el-gran-combo-de-puerto-rico-han-dado-positivo\\\/#webpage\"},\"isPartOf\":{\"@id\":\"https:\\\/\\\/candas365.es\\\/noticias\\\/covid-19-ocho-musicos-de-el-gran-combo-de-puerto-rico-han-dado-positivo\\\/#webpage\"},\"articleSection\":\"Salud, covid-19\",\"dateline\":\"Publicado el diciembre 27, 2021.\"},{\"@type\":\"Organization\",\"@id\":\"https:\\\/\\\/candas365.es\\\/noticias\\\/#organization\",\"name\":\"Cand\\u00e1s 365\",\"description\":\"Cand\\u00e1s 365 es un diario digital independiente, fundado en 2012, con base en Asturias. Informamos con rigor sobre actualidad, sociedad, cultura y ocio, con una mirada local y global.\",\"url\":\"https:\\\/\\\/candas365.es\\\/noticias\\\/\",\"email\":\"info@candas365.es\",\"telephone\":\"+34652131393\",\"foundingDate\":\"2012-06-10\",\"logo\":{\"@type\":\"ImageObject\",\"url\":\"https:\\\/\\\/candas365.es\\\/noticias\\\/wp-content\\\/uploads\\\/2024\\\/09\\\/Candas-365-Redes.jpg\",\"@id\":\"https:\\\/\\\/candas365.es\\\/noticias\\\/covid-19-ocho-musicos-de-el-gran-combo-de-puerto-rico-han-dado-positivo\\\/#organizationLogo\",\"width\":1152,\"height\":864,\"caption\":\"Cand\\u00e1s 365 Redes\"},\"image\":{\"@id\":\"https:\\\/\\\/candas365.es\\\/noticias\\\/covid-19-ocho-musicos-de-el-gran-combo-de-puerto-rico-han-dado-positivo\\\/#organizationLogo\"},\"sameAs\":[\"https:\\\/\\\/www.facebook.com\\\/Nachofdezber\",\"https:\\\/\\\/x.com\\\/NabercoDigital\",\"https:\\\/\\\/www.instagram.com\\\/nachofdezber\\\/\",\"https:\\\/\\\/www.youtube.com\\\/channel\\\/UCZP-2wLEB9Rv6erhFmqVnvg\"],\"address\":{\"@id\":\"https:\\\/\\\/candas365.es\\\/noticias\\\/#postaladdress\",\"@type\":\"PostalAddress\",\"streetAddress\":\"san antonio 4, san antonio 4\",\"postalCode\":\"33430\",\"addressLocality\":\"Cand\\u00e1s\",\"addressRegion\":\"Asturias\",\"addressCountry\":\"ES\"}},{\"@type\":\"Person\",\"@id\":\"https:\\\/\\\/candas365.es\\\/noticias\\\/author\\\/admin\\\/#author\",\"url\":\"https:\\\/\\\/candas365.es\\\/noticias\\\/author\\\/admin\\\/\",\"name\":\"Cand\\u00e1s 365\",\"image\":{\"@type\":\"ImageObject\",\"@id\":\"https:\\\/\\\/candas365.es\\\/noticias\\\/covid-19-ocho-musicos-de-el-gran-combo-de-puerto-rico-han-dado-positivo\\\/#authorImage\",\"url\":\"https:\\\/\\\/secure.gravatar.com\\\/avatar\\\/496a8e03d0c493ede1718b7934145dbdf8d89be1036b0eec9544e1094c9de390?s=96&d=mm&r=g\",\"width\":96,\"height\":96,\"caption\":\"Cand\\u00e1s 365\"},\"sameAs\":[\"https:\\\/\\\/www.facebook.com\\\/carrenoactualidad\",\"https:\\\/\\\/twitter.com\\\/nbasturias\",\"https:\\\/\\\/www.instagram.com\\\/nachofdezber\\\/\",\"https:\\\/\\\/www.youtube.com\\\/channel\\\/UCZP-2wLEB9Rv6erhFmqVnvg\"]},{\"@type\":\"WebPage\",\"@id\":\"https:\\\/\\\/candas365.es\\\/noticias\\\/covid-19-ocho-musicos-de-el-gran-combo-de-puerto-rico-han-dado-positivo\\\/#webpage\",\"url\":\"https:\\\/\\\/candas365.es\\\/noticias\\\/covid-19-ocho-musicos-de-el-gran-combo-de-puerto-rico-han-dado-positivo\\\/\",\"name\":\"Covid-19: Ocho m\\u00fasicos de El Gran Combo de Puerto Rico han dado positivo | Cand\\u00e1s 365\",\"description\":\"Ocho m\\u00fasicos de la orquesta de salsa El Gran Combo de Puerto Rico han dado positivo en COVID-19 y el grupo ha cancelado el s\\u00e1bado su asistencia\",\"inLanguage\":\"es-ES\",\"isPartOf\":{\"@id\":\"https:\\\/\\\/candas365.es\\\/noticias\\\/#website\"},\"breadcrumb\":{\"@id\":\"https:\\\/\\\/candas365.es\\\/noticias\\\/covid-19-ocho-musicos-de-el-gran-combo-de-puerto-rico-han-dado-positivo\\\/#breadcrumblist\"},\"author\":{\"@id\":\"https:\\\/\\\/candas365.es\\\/noticias\\\/author\\\/admin\\\/#author\"},\"creator\":{\"@id\":\"https:\\\/\\\/candas365.es\\\/noticias\\\/author\\\/admin\\\/#author\"},\"image\":{\"@type\":\"ImageObject\",\"url\":\"https:\\\/\\\/candas365.es\\\/noticias\\\/wp-content\\\/uploads\\\/2020\\\/11\\\/covid-19-4982910_640.jpg\",\"@id\":\"https:\\\/\\\/candas365.es\\\/noticias\\\/covid-19-ocho-musicos-de-el-gran-combo-de-puerto-rico-han-dado-positivo\\\/#mainImage\",\"width\":640,\"height\":427,\"caption\":\"Covid-19\"},\"primaryImageOfPage\":{\"@id\":\"https:\\\/\\\/candas365.es\\\/noticias\\\/covid-19-ocho-musicos-de-el-gran-combo-de-puerto-rico-han-dado-positivo\\\/#mainImage\"},\"datePublished\":\"2021-12-27T08:57:57+01:00\",\"dateModified\":\"2021-12-27T08:57:57+01:00\"},{\"@type\":\"WebSite\",\"@id\":\"https:\\\/\\\/candas365.es\\\/noticias\\\/#website\",\"url\":\"https:\\\/\\\/candas365.es\\\/noticias\\\/\",\"name\":\"Cand\\u00e1s 365\",\"alternateName\":\"Cand\\u00e1s 365 Noticias\",\"description\":\"Actualidad desde Carre\\u00f1o para el mundo\",\"inLanguage\":\"es-ES\",\"publisher\":{\"@id\":\"https:\\\/\\\/candas365.es\\\/noticias\\\/#organization\"}}]}\n\t\t<\/script>\n\t\t<!-- All in One SEO Pro -->\r\n\t\t<title>Covid-19: Ocho m\u00fasicos de El Gran Combo de Puerto Rico han dado positivo | Cand\u00e1s 365<\/title>\n\n","aioseo_head_json":{"title":"Covid-19: Ocho m\u00fasicos de El Gran Combo de Puerto Rico han dado positivo | Cand\u00e1s 365","description":"Ocho m\u00fasicos de la orquesta de salsa El Gran Combo de Puerto Rico han dado positivo en COVID-19 y el grupo ha cancelado el s\u00e1bado su asistencia","canonical_url":"https:\/\/candas365.es\/noticias\/covid-19-ocho-musicos-de-el-gran-combo-de-puerto-rico-han-dado-positivo\/","robots":"max-image-preview:large","keywords":"salud","webmasterTools":{"google-site-verification":"UA-32230408-1","msvalidate.01":"354F3CDFB2DA171B47FBE9ABF1F88D5","miscellaneous":""},"schema":{"@context":"https:\/\/schema.org","@graph":[{"@type":"BreadcrumbList","@id":"https:\/\/candas365.es\/noticias\/covid-19-ocho-musicos-de-el-gran-combo-de-puerto-rico-han-dado-positivo\/#breadcrumblist","itemListElement":[{"@type":"ListItem","@id":"https:\/\/candas365.es\/noticias#listItem","position":1,"name":"Home","item":"https:\/\/candas365.es\/noticias","nextItem":{"@type":"ListItem","@id":"https:\/\/candas365.es\/noticias\/category\/salud\/#listItem","name":"Salud"}},{"@type":"ListItem","@id":"https:\/\/candas365.es\/noticias\/category\/salud\/#listItem","position":2,"name":"Salud","item":"https:\/\/candas365.es\/noticias\/category\/salud\/","nextItem":{"@type":"ListItem","@id":"https:\/\/candas365.es\/noticias\/covid-19-ocho-musicos-de-el-gran-combo-de-puerto-rico-han-dado-positivo\/#listItem","name":"Covid-19: Ocho m\u00fasicos de El Gran Combo de Puerto Rico han dado positivo"},"previousItem":{"@type":"ListItem","@id":"https:\/\/candas365.es\/noticias#listItem","name":"Home"}},{"@type":"ListItem","@id":"https:\/\/candas365.es\/noticias\/covid-19-ocho-musicos-de-el-gran-combo-de-puerto-rico-han-dado-positivo\/#listItem","position":3,"name":"Covid-19: Ocho m\u00fasicos de El Gran Combo de Puerto Rico han dado positivo","previousItem":{"@type":"ListItem","@id":"https:\/\/candas365.es\/noticias\/category\/salud\/#listItem","name":"Salud"}}]},{"@type":"NewsArticle","@id":"https:\/\/candas365.es\/noticias\/covid-19-ocho-musicos-de-el-gran-combo-de-puerto-rico-han-dado-positivo\/#newsarticle","name":"Covid-19: Ocho m\u00fasicos de El Gran Combo de Puerto Rico han dado positivo | Cand\u00e1s 365","headline":"Covid-19: Ocho m\u00fasicos de El Gran Combo de Puerto Rico han dado positivo","author":{"@id":"https:\/\/candas365.es\/noticias\/author\/admin\/#author"},"publisher":{"@id":"https:\/\/candas365.es\/noticias\/#organization"},"image":{"@type":"ImageObject","url":"https:\/\/candas365.es\/noticias\/wp-content\/uploads\/2020\/11\/covid-19-4982910_640.jpg","width":640,"height":427,"caption":"Covid-19"},"datePublished":"2021-12-27T08:57:57+01:00","dateModified":"2021-12-27T08:57:57+01:00","inLanguage":"es-ES","mainEntityOfPage":{"@id":"https:\/\/candas365.es\/noticias\/covid-19-ocho-musicos-de-el-gran-combo-de-puerto-rico-han-dado-positivo\/#webpage"},"isPartOf":{"@id":"https:\/\/candas365.es\/noticias\/covid-19-ocho-musicos-de-el-gran-combo-de-puerto-rico-han-dado-positivo\/#webpage"},"articleSection":"Salud, covid-19","dateline":"Publicado el diciembre 27, 2021."},{"@type":"Organization","@id":"https:\/\/candas365.es\/noticias\/#organization","name":"Cand\u00e1s 365","description":"Cand\u00e1s 365 es un diario digital independiente, fundado en 2012, con base en Asturias. Informamos con rigor sobre actualidad, sociedad, cultura y ocio, con una mirada local y global.","url":"https:\/\/candas365.es\/noticias\/","email":"info@candas365.es","telephone":"+34652131393","foundingDate":"2012-06-10","logo":{"@type":"ImageObject","url":"https:\/\/candas365.es\/noticias\/wp-content\/uploads\/2024\/09\/Candas-365-Redes.jpg","@id":"https:\/\/candas365.es\/noticias\/covid-19-ocho-musicos-de-el-gran-combo-de-puerto-rico-han-dado-positivo\/#organizationLogo","width":1152,"height":864,"caption":"Cand\u00e1s 365 Redes"},"image":{"@id":"https:\/\/candas365.es\/noticias\/covid-19-ocho-musicos-de-el-gran-combo-de-puerto-rico-han-dado-positivo\/#organizationLogo"},"sameAs":["https:\/\/www.facebook.com\/Nachofdezber","https:\/\/x.com\/NabercoDigital","https:\/\/www.instagram.com\/nachofdezber\/","https:\/\/www.youtube.com\/channel\/UCZP-2wLEB9Rv6erhFmqVnvg"],"address":{"@id":"https:\/\/candas365.es\/noticias\/#postaladdress","@type":"PostalAddress","streetAddress":"san antonio 4, san antonio 4","postalCode":"33430","addressLocality":"Cand\u00e1s","addressRegion":"Asturias","addressCountry":"ES"}},{"@type":"Person","@id":"https:\/\/candas365.es\/noticias\/author\/admin\/#author","url":"https:\/\/candas365.es\/noticias\/author\/admin\/","name":"Cand\u00e1s 365","image":{"@type":"ImageObject","@id":"https:\/\/candas365.es\/noticias\/covid-19-ocho-musicos-de-el-gran-combo-de-puerto-rico-han-dado-positivo\/#authorImage","url":"https:\/\/secure.gravatar.com\/avatar\/496a8e03d0c493ede1718b7934145dbdf8d89be1036b0eec9544e1094c9de390?s=96&d=mm&r=g","width":96,"height":96,"caption":"Cand\u00e1s 365"},"sameAs":["https:\/\/www.facebook.com\/carrenoactualidad","https:\/\/twitter.com\/nbasturias","https:\/\/www.instagram.com\/nachofdezber\/","https:\/\/www.youtube.com\/channel\/UCZP-2wLEB9Rv6erhFmqVnvg"]},{"@type":"WebPage","@id":"https:\/\/candas365.es\/noticias\/covid-19-ocho-musicos-de-el-gran-combo-de-puerto-rico-han-dado-positivo\/#webpage","url":"https:\/\/candas365.es\/noticias\/covid-19-ocho-musicos-de-el-gran-combo-de-puerto-rico-han-dado-positivo\/","name":"Covid-19: Ocho m\u00fasicos de El Gran Combo de Puerto Rico han dado positivo | Cand\u00e1s 365","description":"Ocho m\u00fasicos de la orquesta de salsa El Gran Combo de Puerto Rico han dado positivo en COVID-19 y el grupo ha cancelado el s\u00e1bado su asistencia","inLanguage":"es-ES","isPartOf":{"@id":"https:\/\/candas365.es\/noticias\/#website"},"breadcrumb":{"@id":"https:\/\/candas365.es\/noticias\/covid-19-ocho-musicos-de-el-gran-combo-de-puerto-rico-han-dado-positivo\/#breadcrumblist"},"author":{"@id":"https:\/\/candas365.es\/noticias\/author\/admin\/#author"},"creator":{"@id":"https:\/\/candas365.es\/noticias\/author\/admin\/#author"},"image":{"@type":"ImageObject","url":"https:\/\/candas365.es\/noticias\/wp-content\/uploads\/2020\/11\/covid-19-4982910_640.jpg","@id":"https:\/\/candas365.es\/noticias\/covid-19-ocho-musicos-de-el-gran-combo-de-puerto-rico-han-dado-positivo\/#mainImage","width":640,"height":427,"caption":"Covid-19"},"primaryImageOfPage":{"@id":"https:\/\/candas365.es\/noticias\/covid-19-ocho-musicos-de-el-gran-combo-de-puerto-rico-han-dado-positivo\/#mainImage"},"datePublished":"2021-12-27T08:57:57+01:00","dateModified":"2021-12-27T08:57:57+01:00"},{"@type":"WebSite","@id":"https:\/\/candas365.es\/noticias\/#website","url":"https:\/\/candas365.es\/noticias\/","name":"Cand\u00e1s 365","alternateName":"Cand\u00e1s 365 Noticias","description":"Actualidad desde Carre\u00f1o para el mundo","inLanguage":"es-ES","publisher":{"@id":"https:\/\/candas365.es\/noticias\/#organization"}}]},"og:locale":"es_ES","og:site_name":"Cand\u00e1s 365","og:type":"article","og:title":"Covid-19: Ocho m\u00fasicos de El Gran Combo de Puerto Rico han dado positivo | Cand\u00e1s 365","og:description":"Ocho m\u00fasicos de la orquesta de salsa El Gran Combo de Puerto Rico han dado positivo en COVID-19 y el grupo ha cancelado el s\u00e1bado su asistencia","og:url":"https:\/\/candas365.es\/noticias\/covid-19-ocho-musicos-de-el-gran-combo-de-puerto-rico-han-dado-positivo\/","og:image":"https:\/\/candas365.es\/noticias\/wp-content\/uploads\/2020\/11\/covid-19-4982910_640.jpg","og:image:secure_url":"https:\/\/candas365.es\/noticias\/wp-content\/uploads\/2020\/11\/covid-19-4982910_640.jpg","og:image:width":640,"og:image:height":427,"article:published_time":"2021-12-27T08:57:57+00:00","article:modified_time":"2021-12-27T08:57:57+00:00","article:publisher":"https:\/\/www.facebook.com\/Nachofdezber","article:author":"https:\/\/www.facebook.com\/carrenoactualidad","twitter:card":"summary_large_image","twitter:site":"@NabercoDigital","twitter:title":"Covid-19: Ocho m\u00fasicos de El Gran Combo de Puerto Rico han dado positivo | Cand\u00e1s 365","twitter:description":"Ocho m\u00fasicos de la orquesta de salsa El Gran Combo de Puerto Rico han dado positivo en COVID-19 y el grupo ha cancelado el s\u00e1bado su asistencia","twitter:creator":"@nbasturias","twitter:image":"https:\/\/candas365.es\/noticias\/wp-content\/uploads\/2020\/11\/covid-19-4982910_640.jpg","twitter:label1":"Escrito por","twitter:data1":"Cand\u00e1s 365","twitter:label2":"Tiempo de lectura estimado","twitter:data2":"1 minuto"},"aioseo_meta_data":{"post_id":"159945","title":null,"description":"Ocho m\u00fasicos de la orquesta de salsa El Gran Combo de Puerto Rico han dado positivo en COVID-19 y el grupo ha cancelado el s\u00e1bado su asistencia","keywords":[],"keyphrases":{"focus":{"keyphrase":"COVID-19","score":100,"analysis":{"keyphraseInTitle":{"title":"Focus Keyphrase in SEO title","description":"Focus Keyphrase found in SEO title.","score":9,"maxScore":9,"error":0},"keyphraseInDescription":{"title":"Focus keyphrase in meta description","description":"Focus keyphrase found in meta description.","score":9,"maxScore":9,"error":0},"keyphraseInURL":[],"keyphraseLength":{"title":"Focus keyphrase length","description":"Good job!","score":9,"maxScore":9,"error":0,"length":1},"keyphraseInIntroduction":{"title":"Focus keyphrase in introduction","description":"Your Focus keyphrase appears in the first paragraph. Well done!","score":9,"maxScore":9,"error":0},"keyphraseInSubHeadings":[],"keyphraseInImageAlt":{"title":"Focus keyphrase in image alt attributes","description":"Focus keyphrase found in image alt attribute(s).","score":9,"maxScore":9,"error":0}}},"additional":[{"keyphrase":"Puerto Rico","score":83,"analysis":{"keyphraseInDescription":{"title":"Keyphrase in meta description","description":"Keyphrase found in meta description.","score":9,"maxScore":9,"error":0},"keyphraseLength":{"title":"Keyphrase length","description":"Good job!","score":9,"maxScore":9,"error":0,"length":2},"keyphraseInIntroduction":{"title":"Keyphrase in introduction","description":"Your Keyphrase appears in the first paragraph. Well done!","score":9,"maxScore":9,"error":0},"keyphraseInImageAlt":{"title":"Keyphrase in image alt attributes","description":"Keyphrase not found in image alt attribute(s). Add an image with your Keyphrase as alt text.","score":3,"maxScore":9,"error":1}}},{"keyphrase":"orquesta de salsa","score":83,"analysis":{"keyphraseInDescription":{"title":"Keyphrase in meta description","description":"Keyphrase found in meta description.","score":9,"maxScore":9,"error":0},"keyphraseLength":{"title":"Keyphrase length","description":"Good job!","score":9,"maxScore":9,"error":0,"length":3},"keyphraseInIntroduction":{"title":"Keyphrase in introduction","description":"Your Keyphrase appears in the first paragraph. Well done!","score":9,"maxScore":9,"error":0},"keyphraseInImageAlt":{"title":"Keyphrase in image alt attributes","description":"Keyphrase not found in image alt attribute(s). Add an image with your Keyphrase as alt text.","score":3,"maxScore":9,"error":1}}},{"keyphrase":" El Gran Combo ","score":100,"analysis":{"keyphraseInDescription":{"title":"Keyphrase in meta description","description":"Keyphrase found in meta description.","score":9,"maxScore":9,"error":0},"keyphraseLength":{"title":"Keyphrase length","description":"Good job!","score":9,"maxScore":9,"error":0,"length":3},"keyphraseInIntroduction":{"title":"Keyphrase in introduction","description":"Your Keyphrase appears in the first paragraph. Well done!","score":9,"maxScore":9,"error":0},"keyphraseInImageAlt":{"title":"Keyphrase in image alt attributes","description":"Keyphrase found in image alt attribute(s).","score":9,"maxScore":9,"error":0}}}]},"primary_term":null,"canonical_url":null,"og_title":null,"og_description":null,"og_object_type":"default","og_image_type":"default","og_image_url":null,"og_image_width":null,"og_image_height":null,"og_image_custom_url":null,"og_image_custom_fields":null,"og_video":"","og_custom_url":null,"og_article_section":null,"og_article_tags":[],"twitter_use_og":false,"twitter_card":"default","twitter_image_type":"default","twitter_image_url":null,"twitter_image_custom_url":null,"twitter_image_custom_fields":null,"twitter_title":null,"twitter_description":null,"schema":{"blockGraphs":[],"customGraphs":[],"default":{"data":{"Article":[],"Course":[],"Dataset":[],"FAQPage":[],"Movie":[],"Person":[],"Product":[],"ProductReview":[],"Car":[],"Recipe":[],"Service":[],"SoftwareApplication":[],"WebPage":[]},"graphName":"","isEnabled":true},"graphs":[],"defaultGraph":"Article","defaultPostTypeGraph":""},"schema_type":"default","schema_type_options":"{\"article\":{\"articleType\":\"BlogPosting\"},\"course\":{\"name\":\"\",\"description\":\"\",\"provider\":\"\"},\"faq\":{\"pages\":[]},\"product\":{\"reviews\":[]},\"recipe\":{\"ingredients\":[],\"instructions\":[],\"keywords\":[]},\"software\":{\"reviews\":[],\"operatingSystems\":[]},\"webPage\":{\"webPageType\":\"WebPage\"}}","pillar_content":false,"robots_default":true,"robots_noindex":false,"robots_noarchive":false,"robots_nosnippet":false,"robots_nofollow":false,"robots_noimageindex":false,"robots_noodp":false,"robots_notranslate":false,"robots_max_snippet":"-1","robots_max_videopreview":"-1","robots_max_imagepreview":"large","priority":null,"frequency":"default","location":null,"local_seo":null,"seo_analyzer_scan_date":"2025-09-01 04:20:23","breadcrumb_settings":null,"limit_modified_date":false,"reviewed_by":null,"open_ai":null,"ai":null,"created":"2021-12-27 08:54:29","updated":"2025-09-01 04:20:23"},"aioseo_breadcrumb":"<div class=\"aioseo-breadcrumbs\"><span class=\"aioseo-breadcrumb\">\n\t<a href=\"https:\/\/candas365.es\/noticias\" title=\"Home\">Home<\/a>\n<\/span><span class=\"aioseo-breadcrumb-separator\">&ndash;<\/span><span class=\"aioseo-breadcrumb\">\n\t<a href=\"https:\/\/candas365.es\/noticias\/category\/salud\/\" title=\"Salud\">Salud<\/a>\n<\/span><span class=\"aioseo-breadcrumb-separator\">&ndash;<\/span><span class=\"aioseo-breadcrumb\">\n\tCovid-19: Ocho m\u00fasicos de El Gran Combo de Puerto Rico han dado positivo\n<\/span><\/div>","aioseo_breadcrumb_json":[{"label":"Home","link":"https:\/\/candas365.es\/noticias"},{"label":"Salud","link":"https:\/\/candas365.es\/noticias\/category\/salud\/"},{"label":"Covid-19: Ocho m\u00fasicos de El Gran Combo de Puerto Rico han dado positivo","link":"https:\/\/candas365.es\/noticias\/covid-19-ocho-musicos-de-el-gran-combo-de-puerto-rico-han-dado-positivo\/"}],"_links":{"self":[{"href":"https:\/\/candas365.es\/noticias\/wp-json\/wp\/v2\/posts\/159945","targetHints":{"allow":["GET"]}}],"collection":[{"href":"https:\/\/candas365.es\/noticias\/wp-json\/wp\/v2\/posts"}],"about":[{"href":"https:\/\/candas365.es\/noticias\/wp-json\/wp\/v2\/types\/post"}],"author":[{"embeddable":true,"href":"https:\/\/candas365.es\/noticias\/wp-json\/wp\/v2\/users\/1"}],"replies":[{"embeddable":true,"href":"https:\/\/candas365.es\/noticias\/wp-json\/wp\/v2\/comments?post=159945"}],"version-history":[{"count":0,"href":"https:\/\/candas365.es\/noticias\/wp-json\/wp\/v2\/posts\/159945\/revisions"}],"wp:featuredmedia":[{"embeddable":true,"href":"https:\/\/candas365.es\/noticias\/wp-json\/wp\/v2\/media\/148199"}],"wp:attachment":[{"href":"https:\/\/candas365.es\/noticias\/wp-json\/wp\/v2\/media?parent=159945"}],"wp:term":[{"taxonomy":"category","embeddable":true,"href":"https:\/\/candas365.es\/noticias\/wp-json\/wp\/v2\/categories?post=159945"},{"taxonomy":"post_tag","embeddable":true,"href":"https:\/\/candas365.es\/noticias\/wp-json\/wp\/v2\/tags?post=159945"}],"curies":[{"name":"wp","href":"https:\/\/api.w.org\/{rel}","templated":true}]}}