{"id":159823,"date":"2021-12-16T16:20:40","date_gmt":"2021-12-16T16:20:40","guid":{"rendered":"http:\/\/candas365.es\/noticias\/?p=159823"},"modified":"2021-12-16T16:20:40","modified_gmt":"2021-12-16T16:20:40","slug":"mensaje-emotivo-de-messi-al-kun-aguero","status":"publish","type":"post","link":"https:\/\/candas365.es\/noticias\/mensaje-emotivo-de-messi-al-kun-aguero\/","title":{"rendered":"Mensaje emotivo de Messi al \u00abKun\u00bb Ag\u00fcero"},"content":{"rendered":"<p>(EP) &#8211; El jugador argentino del <strong>Paris Saint-Germain Lionel Messi envi\u00f3 un mensaje muy cari\u00f1oso a su amigo y excompa\u00f1ero Sergio &#8216;Kun&#8217; Ag\u00fcero<\/strong>, que anunci\u00f3 su retirada este mi\u00e9rcoles, y asegur\u00f3 que seguir\u00e1n viviendo \u00abmomentos hermosos fuera de la cancha\u00bb.<\/p>\n<p><img fetchpriority=\"high\" decoding=\"async\" class=\"aligncenter wp-image-89552 size-large\" src=\"https:\/\/candas365.es\/noticias\/wp-content\/uploads\/2018\/02\/football-1406106_1280-655x439.jpg\" alt=\"football\" width=\"650\" height=\"436\" srcset=\"https:\/\/candas365.es\/noticias\/wp-content\/uploads\/2018\/02\/football-1406106_1280-655x439.jpg 655w, https:\/\/candas365.es\/noticias\/wp-content\/uploads\/2018\/02\/football-1406106_1280-696x466.jpg 696w, https:\/\/candas365.es\/noticias\/wp-content\/uploads\/2018\/02\/football-1406106_1280-1068x715.jpg 1068w, https:\/\/candas365.es\/noticias\/wp-content\/uploads\/2018\/02\/football-1406106_1280-627x420.jpg 627w, https:\/\/candas365.es\/noticias\/wp-content\/uploads\/2018\/02\/football-1406106_1280-360x241.jpg 360w, https:\/\/candas365.es\/noticias\/wp-content\/uploads\/2018\/02\/football-1406106_1280-768x514.jpg 768w, https:\/\/candas365.es\/noticias\/wp-content\/uploads\/2018\/02\/football-1406106_1280.jpg 1280w\" sizes=\"(max-width: 650px) 100vw, 650px\" \/><\/p>\n<p>Messi mostr\u00f3 su tristeza despu\u00e9s de que Ag\u00fcero, de 33 a\u00f1os, se haya visto obligado a anunciar su retirada de forma forzada a ra\u00edz de un problema card\u00edaco. Su \u00faltimo partido fue el 30 de octubre frente al Deportivo Alav\u00e9s.<\/p>\n<p>Tras la emotiva rueda de prensa de Ag\u00fcero, Messi rindi\u00f3 un sentido homenaje a su amigo en las redes sociales. \u00abPr\u00e1cticamente toda una carrera juntos, &#8216;Kun&#8217;&#8230; Vivimos momentos muy lindos y otros que no fueron tanto, todos ellos nos hicieron unirnos cada vez m\u00e1s y ser m\u00e1s amigos. Y vamos a seguir viviendo [momentos hermosos] juntos fuera de la cancha\u00bb, escribi\u00f3.<\/p>\n<p>\u00abCon la gran alegr\u00eda de levantar la Copa Am\u00e9rica hace tan poquito, con todos los logros que conseguiste en Inglaterra&#8230; Y la verdad es que ahora duele mucho ver c\u00f3mo tienes que dejar de hacer lo que m\u00e1s te gusta por culpa de lo que te pas\u00f3. Seguro que seguir\u00e1s siendo feliz porque eres una persona que transmite felicidad, y los que te queremos estaremos con vos\u00bb, a\u00f1adi\u00f3 el ex del Bar\u00e7a.<\/p>\n<p>\u00abAhora arranca una nueva etapa de tu vida y estoy convencido de que la vas a vivir con una sonrisa y con toda la ilusi\u00f3n que le metes a todo. \u00a1Todo lo mejor en esta nueva etapa! Te quiero mucho amigo m\u00edo, \u00a1voy a extra\u00f1ar mucho estar contigo en la cancha con la selecci\u00f3n!\u00bb, sentenci\u00f3 Messi.<\/p>\n<p>El &#8216;Kun&#8217; Ag\u00fcero se despidi\u00f3 en una rueda de prensa ofrecida en el Camp Nou. \u00abEstoy muy orgulloso por mi carrera, muy feliz. Me voy con la cabeza alta y muy feliz. No s\u00e9 qu\u00e9 me esperar\u00e1 en otra vida pero tengo a mucha gente que me quiere. Gracias a todos los hinchas de los clubes en los que he jugado, me quedan cosas muy bonitas. Gracias\u00bb, indic\u00f3.<\/p>\n","protected":false},"excerpt":{"rendered":"<p>(EP) &#8211; El jugador argentino del Paris Saint-Germain Lionel Messi envi\u00f3 un mensaje muy cari\u00f1oso a su amigo y excompa\u00f1ero Sergio &#8216;Kun&#8217; Ag\u00fcero, que anunci\u00f3 su retirada este mi\u00e9rcoles, y asegur\u00f3 que seguir\u00e1n viviendo \u00abmomentos hermosos fuera de la cancha\u00bb. Messi mostr\u00f3 su tristeza despu\u00e9s de que Ag\u00fcero, de 33 a\u00f1os, se haya visto obligado<\/p>\n","protected":false},"author":1,"featured_media":93130,"comment_status":"closed","ping_status":"closed","sticky":false,"template":"","format":"standard","meta":{"footnotes":""},"categories":[319],"tags":[387],"class_list":{"0":"post-159823","1":"post","2":"type-post","3":"status-publish","4":"format-standard","5":"has-post-thumbnail","7":"category-deporte","8":"tag-deporte"},"aioseo_notices":[],"aioseo_head":"\n\t\t<!-- All in One SEO Pro 4.9.6.2 - aioseo.com -->\n\t<meta name=\"description\" content=\"El jugador argentino del Paris Saint-Germain Lionel Messi envi\u00f3 un mensaje muy cari\u00f1oso a su amigo y excompa\u00f1ero Sergio &#039;Kun&#039; Ag\u00fcero\" \/>\n\t<meta name=\"robots\" content=\"max-image-preview:large\" \/>\n\t<meta name=\"author\" content=\"Cand\u00e1s 365\"\/>\n\t<meta name=\"google-site-verification\" content=\"UA-32230408-1\" \/>\n\t<meta name=\"msvalidate.01\" content=\"354F3CDFB2DA171B47FBE9ABF1F88D5\" \/>\n\t<meta name=\"keywords\" content=\"deporte\" \/>\n\t<link rel=\"canonical\" href=\"https:\/\/candas365.es\/noticias\/mensaje-emotivo-de-messi-al-kun-aguero\/\" \/>\n\t<meta name=\"generator\" content=\"All in One SEO Pro (AIOSEO) 4.9.6.2\" \/>\n\t\t<meta property=\"og:locale\" content=\"es_ES\" \/>\n\t\t<meta property=\"og:site_name\" content=\"Cand\u00e1s 365\" \/>\n\t\t<meta property=\"og:type\" content=\"article\" \/>\n\t\t<meta property=\"og:title\" content=\"Mensaje emotivo de Messi al \u00abKun\u00bb Ag\u00fcero | Cand\u00e1s 365\" \/>\n\t\t<meta property=\"og:description\" content=\"El jugador argentino del Paris Saint-Germain Lionel Messi envi\u00f3 un mensaje muy cari\u00f1oso a su amigo y excompa\u00f1ero Sergio &#039;Kun&#039; Ag\u00fcero\" \/>\n\t\t<meta property=\"og:url\" content=\"https:\/\/candas365.es\/noticias\/mensaje-emotivo-de-messi-al-kun-aguero\/\" \/>\n\t\t<meta property=\"og:image\" content=\"https:\/\/candas365.es\/noticias\/wp-content\/uploads\/2018\/04\/football-stadium-62891_1280.jpg\" \/>\n\t\t<meta property=\"og:image:secure_url\" content=\"https:\/\/candas365.es\/noticias\/wp-content\/uploads\/2018\/04\/football-stadium-62891_1280.jpg\" \/>\n\t\t<meta property=\"og:image:width\" content=\"1280\" \/>\n\t\t<meta property=\"og:image:height\" content=\"960\" \/>\n\t\t<meta property=\"article:published_time\" content=\"2021-12-16T16:20:40+00:00\" \/>\n\t\t<meta property=\"article:modified_time\" content=\"2021-12-16T16:20:40+00:00\" \/>\n\t\t<meta property=\"article:publisher\" content=\"https:\/\/www.facebook.com\/Nachofdezber\" \/>\n\t\t<meta property=\"article:author\" content=\"https:\/\/www.facebook.com\/carrenoactualidad\" \/>\n\t\t<meta name=\"twitter:card\" content=\"summary_large_image\" \/>\n\t\t<meta name=\"twitter:site\" content=\"@NabercoDigital\" \/>\n\t\t<meta name=\"twitter:title\" content=\"Mensaje emotivo de Messi al \u00abKun\u00bb Ag\u00fcero | Cand\u00e1s 365\" \/>\n\t\t<meta name=\"twitter:description\" content=\"El jugador argentino del Paris Saint-Germain Lionel Messi envi\u00f3 un mensaje muy cari\u00f1oso a su amigo y excompa\u00f1ero Sergio &#039;Kun&#039; Ag\u00fcero\" \/>\n\t\t<meta name=\"twitter:creator\" content=\"@nbasturias\" \/>\n\t\t<meta name=\"twitter:image\" content=\"https:\/\/candas365.es\/noticias\/wp-content\/uploads\/2018\/04\/football-stadium-62891_1280.jpg\" \/>\n\t\t<meta name=\"twitter:label1\" content=\"Escrito por\" \/>\n\t\t<meta name=\"twitter:data1\" content=\"Cand\u00e1s 365\" \/>\n\t\t<meta name=\"twitter:label2\" content=\"Tiempo de lectura estimado\" \/>\n\t\t<meta name=\"twitter:data2\" content=\"2 minutos\" \/>\n\t\t<script type=\"application\/ld+json\" class=\"aioseo-schema\">\n\t\t\t{\"@context\":\"https:\\\/\\\/schema.org\",\"@graph\":[{\"@type\":\"BreadcrumbList\",\"@id\":\"https:\\\/\\\/candas365.es\\\/noticias\\\/mensaje-emotivo-de-messi-al-kun-aguero\\\/#breadcrumblist\",\"itemListElement\":[{\"@type\":\"ListItem\",\"@id\":\"https:\\\/\\\/candas365.es\\\/noticias#listItem\",\"position\":1,\"name\":\"Home\",\"item\":\"https:\\\/\\\/candas365.es\\\/noticias\",\"nextItem\":{\"@type\":\"ListItem\",\"@id\":\"https:\\\/\\\/candas365.es\\\/noticias\\\/category\\\/deporte\\\/#listItem\",\"name\":\"Deporte\"}},{\"@type\":\"ListItem\",\"@id\":\"https:\\\/\\\/candas365.es\\\/noticias\\\/category\\\/deporte\\\/#listItem\",\"position\":2,\"name\":\"Deporte\",\"item\":\"https:\\\/\\\/candas365.es\\\/noticias\\\/category\\\/deporte\\\/\",\"nextItem\":{\"@type\":\"ListItem\",\"@id\":\"https:\\\/\\\/candas365.es\\\/noticias\\\/mensaje-emotivo-de-messi-al-kun-aguero\\\/#listItem\",\"name\":\"Mensaje emotivo de Messi al \\u00abKun\\u00bb Ag\\u00fcero\"},\"previousItem\":{\"@type\":\"ListItem\",\"@id\":\"https:\\\/\\\/candas365.es\\\/noticias#listItem\",\"name\":\"Home\"}},{\"@type\":\"ListItem\",\"@id\":\"https:\\\/\\\/candas365.es\\\/noticias\\\/mensaje-emotivo-de-messi-al-kun-aguero\\\/#listItem\",\"position\":3,\"name\":\"Mensaje emotivo de Messi al \\u00abKun\\u00bb Ag\\u00fcero\",\"previousItem\":{\"@type\":\"ListItem\",\"@id\":\"https:\\\/\\\/candas365.es\\\/noticias\\\/category\\\/deporte\\\/#listItem\",\"name\":\"Deporte\"}}]},{\"@type\":\"NewsArticle\",\"@id\":\"https:\\\/\\\/candas365.es\\\/noticias\\\/mensaje-emotivo-de-messi-al-kun-aguero\\\/#newsarticle\",\"name\":\"Mensaje emotivo de Messi al \\u00abKun\\u00bb Ag\\u00fcero | Cand\\u00e1s 365\",\"headline\":\"Mensaje emotivo de Messi al \\u00abKun\\u00bb Ag\\u00fcero\",\"author\":{\"@id\":\"https:\\\/\\\/candas365.es\\\/noticias\\\/author\\\/admin\\\/#author\"},\"publisher\":{\"@id\":\"https:\\\/\\\/candas365.es\\\/noticias\\\/#organization\"},\"image\":{\"@type\":\"ImageObject\",\"url\":\"https:\\\/\\\/candas365.es\\\/noticias\\\/wp-content\\\/uploads\\\/2018\\\/04\\\/football-stadium-62891_1280.jpg\",\"width\":1280,\"height\":960},\"datePublished\":\"2021-12-16T16:20:40+01:00\",\"dateModified\":\"2021-12-16T16:20:40+01:00\",\"inLanguage\":\"es-ES\",\"mainEntityOfPage\":{\"@id\":\"https:\\\/\\\/candas365.es\\\/noticias\\\/mensaje-emotivo-de-messi-al-kun-aguero\\\/#webpage\"},\"isPartOf\":{\"@id\":\"https:\\\/\\\/candas365.es\\\/noticias\\\/mensaje-emotivo-de-messi-al-kun-aguero\\\/#webpage\"},\"articleSection\":\"Deporte, deporte\",\"dateline\":\"Publicado el diciembre 16, 2021.\"},{\"@type\":\"Organization\",\"@id\":\"https:\\\/\\\/candas365.es\\\/noticias\\\/#organization\",\"name\":\"Cand\\u00e1s 365\",\"description\":\"Cand\\u00e1s 365 es un diario digital independiente, fundado en 2012, con base en Asturias. Informamos con rigor sobre actualidad, sociedad, cultura y ocio, con una mirada local y global.\",\"url\":\"https:\\\/\\\/candas365.es\\\/noticias\\\/\",\"email\":\"info@candas365.es\",\"telephone\":\"+34652131393\",\"foundingDate\":\"2012-06-10\",\"logo\":{\"@type\":\"ImageObject\",\"url\":\"https:\\\/\\\/candas365.es\\\/noticias\\\/wp-content\\\/uploads\\\/2024\\\/09\\\/Candas-365-Redes.jpg\",\"@id\":\"https:\\\/\\\/candas365.es\\\/noticias\\\/mensaje-emotivo-de-messi-al-kun-aguero\\\/#organizationLogo\",\"width\":1152,\"height\":864,\"caption\":\"Cand\\u00e1s 365 Redes\"},\"image\":{\"@id\":\"https:\\\/\\\/candas365.es\\\/noticias\\\/mensaje-emotivo-de-messi-al-kun-aguero\\\/#organizationLogo\"},\"sameAs\":[\"https:\\\/\\\/www.facebook.com\\\/Nachofdezber\",\"https:\\\/\\\/x.com\\\/NabercoDigital\",\"https:\\\/\\\/www.instagram.com\\\/nachofdezber\\\/\",\"https:\\\/\\\/www.youtube.com\\\/channel\\\/UCZP-2wLEB9Rv6erhFmqVnvg\"],\"address\":{\"@id\":\"https:\\\/\\\/candas365.es\\\/noticias\\\/#postaladdress\",\"@type\":\"PostalAddress\",\"streetAddress\":\"san antonio 4, san antonio 4\",\"postalCode\":\"33430\",\"addressLocality\":\"Cand\\u00e1s\",\"addressRegion\":\"Asturias\",\"addressCountry\":\"ES\"}},{\"@type\":\"Person\",\"@id\":\"https:\\\/\\\/candas365.es\\\/noticias\\\/author\\\/admin\\\/#author\",\"url\":\"https:\\\/\\\/candas365.es\\\/noticias\\\/author\\\/admin\\\/\",\"name\":\"Cand\\u00e1s 365\",\"image\":{\"@type\":\"ImageObject\",\"@id\":\"https:\\\/\\\/candas365.es\\\/noticias\\\/mensaje-emotivo-de-messi-al-kun-aguero\\\/#authorImage\",\"url\":\"https:\\\/\\\/secure.gravatar.com\\\/avatar\\\/496a8e03d0c493ede1718b7934145dbdf8d89be1036b0eec9544e1094c9de390?s=96&d=mm&r=g\",\"width\":96,\"height\":96,\"caption\":\"Cand\\u00e1s 365\"},\"sameAs\":[\"https:\\\/\\\/www.facebook.com\\\/carrenoactualidad\",\"https:\\\/\\\/twitter.com\\\/nbasturias\",\"https:\\\/\\\/www.instagram.com\\\/nachofdezber\\\/\",\"https:\\\/\\\/www.youtube.com\\\/channel\\\/UCZP-2wLEB9Rv6erhFmqVnvg\"]},{\"@type\":\"WebPage\",\"@id\":\"https:\\\/\\\/candas365.es\\\/noticias\\\/mensaje-emotivo-de-messi-al-kun-aguero\\\/#webpage\",\"url\":\"https:\\\/\\\/candas365.es\\\/noticias\\\/mensaje-emotivo-de-messi-al-kun-aguero\\\/\",\"name\":\"Mensaje emotivo de Messi al \\u00abKun\\u00bb Ag\\u00fcero | Cand\\u00e1s 365\",\"description\":\"El jugador argentino del Paris Saint-Germain Lionel Messi envi\\u00f3 un mensaje muy cari\\u00f1oso a su amigo y excompa\\u00f1ero Sergio 'Kun' Ag\\u00fcero\",\"inLanguage\":\"es-ES\",\"isPartOf\":{\"@id\":\"https:\\\/\\\/candas365.es\\\/noticias\\\/#website\"},\"breadcrumb\":{\"@id\":\"https:\\\/\\\/candas365.es\\\/noticias\\\/mensaje-emotivo-de-messi-al-kun-aguero\\\/#breadcrumblist\"},\"author\":{\"@id\":\"https:\\\/\\\/candas365.es\\\/noticias\\\/author\\\/admin\\\/#author\"},\"creator\":{\"@id\":\"https:\\\/\\\/candas365.es\\\/noticias\\\/author\\\/admin\\\/#author\"},\"image\":{\"@type\":\"ImageObject\",\"url\":\"https:\\\/\\\/candas365.es\\\/noticias\\\/wp-content\\\/uploads\\\/2018\\\/04\\\/football-stadium-62891_1280.jpg\",\"@id\":\"https:\\\/\\\/candas365.es\\\/noticias\\\/mensaje-emotivo-de-messi-al-kun-aguero\\\/#mainImage\",\"width\":1280,\"height\":960},\"primaryImageOfPage\":{\"@id\":\"https:\\\/\\\/candas365.es\\\/noticias\\\/mensaje-emotivo-de-messi-al-kun-aguero\\\/#mainImage\"},\"datePublished\":\"2021-12-16T16:20:40+01:00\",\"dateModified\":\"2021-12-16T16:20:40+01:00\"},{\"@type\":\"WebSite\",\"@id\":\"https:\\\/\\\/candas365.es\\\/noticias\\\/#website\",\"url\":\"https:\\\/\\\/candas365.es\\\/noticias\\\/\",\"name\":\"Cand\\u00e1s 365\",\"alternateName\":\"Cand\\u00e1s 365 Noticias\",\"description\":\"Actualidad desde Carre\\u00f1o para el mundo\",\"inLanguage\":\"es-ES\",\"publisher\":{\"@id\":\"https:\\\/\\\/candas365.es\\\/noticias\\\/#organization\"}}]}\n\t\t<\/script>\n\t\t<!-- All in One SEO Pro -->\r\n\t\t<title>Mensaje emotivo de Messi al \u00abKun\u00bb Ag\u00fcero | Cand\u00e1s 365<\/title>\n\n","aioseo_head_json":{"title":"Mensaje emotivo de Messi al \u00abKun\u00bb Ag\u00fcero | Cand\u00e1s 365","description":"El jugador argentino del Paris Saint-Germain Lionel Messi envi\u00f3 un mensaje muy cari\u00f1oso a su amigo y excompa\u00f1ero Sergio 'Kun' Ag\u00fcero","canonical_url":"https:\/\/candas365.es\/noticias\/mensaje-emotivo-de-messi-al-kun-aguero\/","robots":"max-image-preview:large","keywords":"deporte","webmasterTools":{"google-site-verification":"UA-32230408-1","msvalidate.01":"354F3CDFB2DA171B47FBE9ABF1F88D5","miscellaneous":""},"schema":{"@context":"https:\/\/schema.org","@graph":[{"@type":"BreadcrumbList","@id":"https:\/\/candas365.es\/noticias\/mensaje-emotivo-de-messi-al-kun-aguero\/#breadcrumblist","itemListElement":[{"@type":"ListItem","@id":"https:\/\/candas365.es\/noticias#listItem","position":1,"name":"Home","item":"https:\/\/candas365.es\/noticias","nextItem":{"@type":"ListItem","@id":"https:\/\/candas365.es\/noticias\/category\/deporte\/#listItem","name":"Deporte"}},{"@type":"ListItem","@id":"https:\/\/candas365.es\/noticias\/category\/deporte\/#listItem","position":2,"name":"Deporte","item":"https:\/\/candas365.es\/noticias\/category\/deporte\/","nextItem":{"@type":"ListItem","@id":"https:\/\/candas365.es\/noticias\/mensaje-emotivo-de-messi-al-kun-aguero\/#listItem","name":"Mensaje emotivo de Messi al \u00abKun\u00bb Ag\u00fcero"},"previousItem":{"@type":"ListItem","@id":"https:\/\/candas365.es\/noticias#listItem","name":"Home"}},{"@type":"ListItem","@id":"https:\/\/candas365.es\/noticias\/mensaje-emotivo-de-messi-al-kun-aguero\/#listItem","position":3,"name":"Mensaje emotivo de Messi al \u00abKun\u00bb Ag\u00fcero","previousItem":{"@type":"ListItem","@id":"https:\/\/candas365.es\/noticias\/category\/deporte\/#listItem","name":"Deporte"}}]},{"@type":"NewsArticle","@id":"https:\/\/candas365.es\/noticias\/mensaje-emotivo-de-messi-al-kun-aguero\/#newsarticle","name":"Mensaje emotivo de Messi al \u00abKun\u00bb Ag\u00fcero | Cand\u00e1s 365","headline":"Mensaje emotivo de Messi al \u00abKun\u00bb Ag\u00fcero","author":{"@id":"https:\/\/candas365.es\/noticias\/author\/admin\/#author"},"publisher":{"@id":"https:\/\/candas365.es\/noticias\/#organization"},"image":{"@type":"ImageObject","url":"https:\/\/candas365.es\/noticias\/wp-content\/uploads\/2018\/04\/football-stadium-62891_1280.jpg","width":1280,"height":960},"datePublished":"2021-12-16T16:20:40+01:00","dateModified":"2021-12-16T16:20:40+01:00","inLanguage":"es-ES","mainEntityOfPage":{"@id":"https:\/\/candas365.es\/noticias\/mensaje-emotivo-de-messi-al-kun-aguero\/#webpage"},"isPartOf":{"@id":"https:\/\/candas365.es\/noticias\/mensaje-emotivo-de-messi-al-kun-aguero\/#webpage"},"articleSection":"Deporte, deporte","dateline":"Publicado el diciembre 16, 2021."},{"@type":"Organization","@id":"https:\/\/candas365.es\/noticias\/#organization","name":"Cand\u00e1s 365","description":"Cand\u00e1s 365 es un diario digital independiente, fundado en 2012, con base en Asturias. Informamos con rigor sobre actualidad, sociedad, cultura y ocio, con una mirada local y global.","url":"https:\/\/candas365.es\/noticias\/","email":"info@candas365.es","telephone":"+34652131393","foundingDate":"2012-06-10","logo":{"@type":"ImageObject","url":"https:\/\/candas365.es\/noticias\/wp-content\/uploads\/2024\/09\/Candas-365-Redes.jpg","@id":"https:\/\/candas365.es\/noticias\/mensaje-emotivo-de-messi-al-kun-aguero\/#organizationLogo","width":1152,"height":864,"caption":"Cand\u00e1s 365 Redes"},"image":{"@id":"https:\/\/candas365.es\/noticias\/mensaje-emotivo-de-messi-al-kun-aguero\/#organizationLogo"},"sameAs":["https:\/\/www.facebook.com\/Nachofdezber","https:\/\/x.com\/NabercoDigital","https:\/\/www.instagram.com\/nachofdezber\/","https:\/\/www.youtube.com\/channel\/UCZP-2wLEB9Rv6erhFmqVnvg"],"address":{"@id":"https:\/\/candas365.es\/noticias\/#postaladdress","@type":"PostalAddress","streetAddress":"san antonio 4, san antonio 4","postalCode":"33430","addressLocality":"Cand\u00e1s","addressRegion":"Asturias","addressCountry":"ES"}},{"@type":"Person","@id":"https:\/\/candas365.es\/noticias\/author\/admin\/#author","url":"https:\/\/candas365.es\/noticias\/author\/admin\/","name":"Cand\u00e1s 365","image":{"@type":"ImageObject","@id":"https:\/\/candas365.es\/noticias\/mensaje-emotivo-de-messi-al-kun-aguero\/#authorImage","url":"https:\/\/secure.gravatar.com\/avatar\/496a8e03d0c493ede1718b7934145dbdf8d89be1036b0eec9544e1094c9de390?s=96&d=mm&r=g","width":96,"height":96,"caption":"Cand\u00e1s 365"},"sameAs":["https:\/\/www.facebook.com\/carrenoactualidad","https:\/\/twitter.com\/nbasturias","https:\/\/www.instagram.com\/nachofdezber\/","https:\/\/www.youtube.com\/channel\/UCZP-2wLEB9Rv6erhFmqVnvg"]},{"@type":"WebPage","@id":"https:\/\/candas365.es\/noticias\/mensaje-emotivo-de-messi-al-kun-aguero\/#webpage","url":"https:\/\/candas365.es\/noticias\/mensaje-emotivo-de-messi-al-kun-aguero\/","name":"Mensaje emotivo de Messi al \u00abKun\u00bb Ag\u00fcero | Cand\u00e1s 365","description":"El jugador argentino del Paris Saint-Germain Lionel Messi envi\u00f3 un mensaje muy cari\u00f1oso a su amigo y excompa\u00f1ero Sergio 'Kun' Ag\u00fcero","inLanguage":"es-ES","isPartOf":{"@id":"https:\/\/candas365.es\/noticias\/#website"},"breadcrumb":{"@id":"https:\/\/candas365.es\/noticias\/mensaje-emotivo-de-messi-al-kun-aguero\/#breadcrumblist"},"author":{"@id":"https:\/\/candas365.es\/noticias\/author\/admin\/#author"},"creator":{"@id":"https:\/\/candas365.es\/noticias\/author\/admin\/#author"},"image":{"@type":"ImageObject","url":"https:\/\/candas365.es\/noticias\/wp-content\/uploads\/2018\/04\/football-stadium-62891_1280.jpg","@id":"https:\/\/candas365.es\/noticias\/mensaje-emotivo-de-messi-al-kun-aguero\/#mainImage","width":1280,"height":960},"primaryImageOfPage":{"@id":"https:\/\/candas365.es\/noticias\/mensaje-emotivo-de-messi-al-kun-aguero\/#mainImage"},"datePublished":"2021-12-16T16:20:40+01:00","dateModified":"2021-12-16T16:20:40+01:00"},{"@type":"WebSite","@id":"https:\/\/candas365.es\/noticias\/#website","url":"https:\/\/candas365.es\/noticias\/","name":"Cand\u00e1s 365","alternateName":"Cand\u00e1s 365 Noticias","description":"Actualidad desde Carre\u00f1o para el mundo","inLanguage":"es-ES","publisher":{"@id":"https:\/\/candas365.es\/noticias\/#organization"}}]},"og:locale":"es_ES","og:site_name":"Cand\u00e1s 365","og:type":"article","og:title":"Mensaje emotivo de Messi al \u00abKun\u00bb Ag\u00fcero | Cand\u00e1s 365","og:description":"El jugador argentino del Paris Saint-Germain Lionel Messi envi\u00f3 un mensaje muy cari\u00f1oso a su amigo y excompa\u00f1ero Sergio 'Kun' Ag\u00fcero","og:url":"https:\/\/candas365.es\/noticias\/mensaje-emotivo-de-messi-al-kun-aguero\/","og:image":"https:\/\/candas365.es\/noticias\/wp-content\/uploads\/2018\/04\/football-stadium-62891_1280.jpg","og:image:secure_url":"https:\/\/candas365.es\/noticias\/wp-content\/uploads\/2018\/04\/football-stadium-62891_1280.jpg","og:image:width":1280,"og:image:height":960,"article:published_time":"2021-12-16T16:20:40+00:00","article:modified_time":"2021-12-16T16:20:40+00:00","article:publisher":"https:\/\/www.facebook.com\/Nachofdezber","article:author":"https:\/\/www.facebook.com\/carrenoactualidad","twitter:card":"summary_large_image","twitter:site":"@NabercoDigital","twitter:title":"Mensaje emotivo de Messi al \u00abKun\u00bb Ag\u00fcero | Cand\u00e1s 365","twitter:description":"El jugador argentino del Paris Saint-Germain Lionel Messi envi\u00f3 un mensaje muy cari\u00f1oso a su amigo y excompa\u00f1ero Sergio 'Kun' Ag\u00fcero","twitter:creator":"@nbasturias","twitter:image":"https:\/\/candas365.es\/noticias\/wp-content\/uploads\/2018\/04\/football-stadium-62891_1280.jpg","twitter:label1":"Escrito por","twitter:data1":"Cand\u00e1s 365","twitter:label2":"Tiempo de lectura estimado","twitter:data2":"2 minutos"},"aioseo_meta_data":{"post_id":"159823","title":null,"description":"El jugador argentino del Paris Saint-Germain Lionel Messi envi\u00f3 un mensaje muy cari\u00f1oso a su amigo y excompa\u00f1ero Sergio 'Kun' Ag\u00fcero","keywords":[],"keyphrases":{"focus":{"keyphrase":"Messi ","score":80,"analysis":{"keyphraseInTitle":{"title":"Focus Keyphrase in SEO title","description":"Focus Keyphrase found in SEO title.","score":9,"maxScore":9,"error":0},"keyphraseInDescription":{"title":"Focus keyphrase in meta description","description":"Focus keyphrase found in meta description.","score":9,"maxScore":9,"error":0},"keyphraseInURL":{"title":"Focus Keyphrase in URL","description":"Focus Keyphrase not found in the URL.","score":1,"maxScore":5,"error":1},"keyphraseLength":{"title":"Focus keyphrase length","description":"Good job!","score":9,"maxScore":9,"error":0,"length":1},"keyphraseInIntroduction":{"title":"Focus keyphrase in introduction","description":"Your Focus keyphrase appears in the first paragraph. Well done!","score":9,"maxScore":9,"error":0},"keyphraseInSubHeadings":[],"keyphraseInImageAlt":{"title":"Focus keyphrase in image alt attributes","description":"Focus keyphrase not found in image alt attribute(s). Add an image with your Focus keyphrase as alt text.","score":3,"maxScore":9,"error":1}}},"additional":[{"keyphrase":" 'Kun' Ag\u00fcero","score":100,"analysis":{"keyphraseInDescription":{"title":"Keyphrase in meta description","description":"Keyphrase found in meta description.","score":9,"maxScore":9,"error":0},"keyphraseLength":{"title":"Keyphrase length","description":"Good job!","score":9,"maxScore":9,"error":0,"length":2},"keyphraseInIntroduction":{"title":"Keyphrase in introduction","description":"Your Keyphrase appears in the first paragraph. Well done!","score":9,"maxScore":9,"error":0},"keyphraseInImageAlt":{"title":"Keyphrase in image alt attributes","description":"Keyphrase found in image alt attribute(s).","score":9,"maxScore":9,"error":0}}}]},"primary_term":null,"canonical_url":null,"og_title":null,"og_description":null,"og_object_type":"default","og_image_type":"default","og_image_url":null,"og_image_width":null,"og_image_height":null,"og_image_custom_url":null,"og_image_custom_fields":null,"og_video":"","og_custom_url":null,"og_article_section":null,"og_article_tags":[],"twitter_use_og":false,"twitter_card":"default","twitter_image_type":"default","twitter_image_url":null,"twitter_image_custom_url":null,"twitter_image_custom_fields":null,"twitter_title":null,"twitter_description":null,"schema":{"blockGraphs":[],"customGraphs":[],"default":{"data":{"Article":[],"Course":[],"Dataset":[],"FAQPage":[],"Movie":[],"Person":[],"Product":[],"ProductReview":[],"Car":[],"Recipe":[],"Service":[],"SoftwareApplication":[],"WebPage":[]},"graphName":"","isEnabled":true},"graphs":[]},"schema_type":"default","schema_type_options":"{\"article\":{\"articleType\":\"BlogPosting\"},\"course\":{\"name\":\"\",\"description\":\"\",\"provider\":\"\"},\"faq\":{\"pages\":[]},\"product\":{\"reviews\":[]},\"recipe\":{\"ingredients\":[],\"instructions\":[],\"keywords\":[]},\"software\":{\"reviews\":[],\"operatingSystems\":[]},\"webPage\":{\"webPageType\":\"WebPage\"}}","pillar_content":false,"robots_default":true,"robots_noindex":false,"robots_noarchive":false,"robots_nosnippet":false,"robots_nofollow":false,"robots_noimageindex":false,"robots_noodp":false,"robots_notranslate":false,"robots_max_snippet":"-1","robots_max_videopreview":"-1","robots_max_imagepreview":"large","priority":null,"frequency":"default","location":null,"local_seo":null,"seo_analyzer_scan_date":"2025-09-01 04:12:24","breadcrumb_settings":null,"limit_modified_date":false,"reviewed_by":null,"open_ai":null,"ai":null,"created":"2021-12-16 16:17:47","updated":"2025-09-01 04:12:24"},"aioseo_breadcrumb":"<div class=\"aioseo-breadcrumbs\"><span class=\"aioseo-breadcrumb\">\n\t<a href=\"https:\/\/candas365.es\/noticias\" title=\"Home\">Home<\/a>\n<\/span><span class=\"aioseo-breadcrumb-separator\">&ndash;<\/span><span class=\"aioseo-breadcrumb\">\n\t<a href=\"https:\/\/candas365.es\/noticias\/category\/deporte\/\" title=\"Deporte\">Deporte<\/a>\n<\/span><span class=\"aioseo-breadcrumb-separator\">&ndash;<\/span><span class=\"aioseo-breadcrumb\">\n\tMensaje emotivo de Messi al \u00abKun\u00bb Ag\u00fcero\n<\/span><\/div>","aioseo_breadcrumb_json":[{"label":"Home","link":"https:\/\/candas365.es\/noticias"},{"label":"Deporte","link":"https:\/\/candas365.es\/noticias\/category\/deporte\/"},{"label":"Mensaje emotivo de Messi al \u00abKun\u00bb Ag\u00fcero","link":"https:\/\/candas365.es\/noticias\/mensaje-emotivo-de-messi-al-kun-aguero\/"}],"_links":{"self":[{"href":"https:\/\/candas365.es\/noticias\/wp-json\/wp\/v2\/posts\/159823","targetHints":{"allow":["GET"]}}],"collection":[{"href":"https:\/\/candas365.es\/noticias\/wp-json\/wp\/v2\/posts"}],"about":[{"href":"https:\/\/candas365.es\/noticias\/wp-json\/wp\/v2\/types\/post"}],"author":[{"embeddable":true,"href":"https:\/\/candas365.es\/noticias\/wp-json\/wp\/v2\/users\/1"}],"replies":[{"embeddable":true,"href":"https:\/\/candas365.es\/noticias\/wp-json\/wp\/v2\/comments?post=159823"}],"version-history":[{"count":0,"href":"https:\/\/candas365.es\/noticias\/wp-json\/wp\/v2\/posts\/159823\/revisions"}],"wp:featuredmedia":[{"embeddable":true,"href":"https:\/\/candas365.es\/noticias\/wp-json\/wp\/v2\/media\/93130"}],"wp:attachment":[{"href":"https:\/\/candas365.es\/noticias\/wp-json\/wp\/v2\/media?parent=159823"}],"wp:term":[{"taxonomy":"category","embeddable":true,"href":"https:\/\/candas365.es\/noticias\/wp-json\/wp\/v2\/categories?post=159823"},{"taxonomy":"post_tag","embeddable":true,"href":"https:\/\/candas365.es\/noticias\/wp-json\/wp\/v2\/tags?post=159823"}],"curies":[{"name":"wp","href":"https:\/\/api.w.org\/{rel}","templated":true}]}}