{"id":159653,"date":"2021-12-02T16:42:01","date_gmt":"2021-12-02T16:42:01","guid":{"rendered":"http:\/\/candas365.es\/noticias\/?p=159653"},"modified":"2021-12-02T16:42:01","modified_gmt":"2021-12-02T16:42:01","slug":"espana-tiempos-dificiles-1-de-diciembre-de-2021","status":"publish","type":"post","link":"https:\/\/candas365.es\/noticias\/espana-tiempos-dificiles-1-de-diciembre-de-2021\/","title":{"rendered":"Espa\u00f1a Tiempos Dif\u00edciles: 1 de diciembre de 2021"},"content":{"rendered":"<p>El mi\u00e9rcoles, 1 diciembre de 2021, una nueva entrega de <strong>Espa\u00f1a Tiempos Dif\u00edciles<\/strong>, programa dirigido por <strong>Pablo Barr\u00f3n<\/strong> fue emitido tanto en el <strong>canal oficial de CADENA IBERICA<\/strong> Producciones audiovisuales, como en el resto de medios asociados, <strong>ha sido el \u00faltimo programa del a\u00f1o 2021<\/strong>.<\/p>\n<p><iframe title=\"YouTube video player\" src=\"https:\/\/www.youtube.com\/embed\/YuYddFbAS7g\" width=\"663\" height=\"373\" frameborder=\"0\" allowfullscreen=\"allowfullscreen\"><\/iframe><\/p>\n<p>Informaci\u00f3n, an\u00e1lisis, debate e invitados forman parte de la propuesta semanal que nos pone al d\u00eda de todo lo que ocurre y acontece en Espa\u00f1a y en el resto del mundo. Siempre con los mejores colaboradores y un ampl\u00edo elenco de invitados y expertos que nos ofrecen su visi\u00f3n de temas actuales.<\/p>\n<p>Puedes acceder al resto de <a href=\"https:\/\/candas365.es\/noticias\/category\/espana-tiempos-dificiles\/\" target=\"_blank\" rel=\"noopener\"><span style=\"color: #ff6600;\"><strong>videos pulsando aqu\u00ed<\/strong><\/span><\/a>, y no olvides suscribirte para estar al d\u00eda de todas las novedades semanales.<\/p>\n","protected":false},"excerpt":{"rendered":"<p>El mi\u00e9rcoles, 1 diciembre de 2021, una nueva entrega de Espa\u00f1a Tiempos Dif\u00edciles, programa dirigido por Pablo Barr\u00f3n fue emitido tanto en el canal oficial de CADENA IBERICA Producciones audiovisuales, como en el resto de medios asociados, ha sido el \u00faltimo programa del a\u00f1o 2021. Informaci\u00f3n, an\u00e1lisis, debate e invitados forman parte de la propuesta<\/p>\n","protected":false},"author":1,"featured_media":159323,"comment_status":"closed","ping_status":"closed","sticky":false,"template":"","format":"video","meta":{"footnotes":""},"categories":[1],"tags":[441],"class_list":{"0":"post-159653","1":"post","2":"type-post","3":"status-publish","4":"format-video","5":"has-post-thumbnail","7":"category-agenda","8":"tag-etd","9":"post_format-post-format-video"},"aioseo_notices":[],"aioseo_head":"\n\t\t<!-- All in One SEO Pro 4.9.6.2 - aioseo.com -->\n\t<meta name=\"description\" content=\"El mi\u00e9rcoles, 1 diciembre de 2021, una nueva entrega de Espa\u00f1a Tiempos Dif\u00edciles, programa dirigido por Pablo Barr\u00f3n fue emitido tanto en el canal oficial\" \/>\n\t<meta name=\"robots\" content=\"max-image-preview:large\" \/>\n\t<meta name=\"author\" content=\"Cand\u00e1s 365\"\/>\n\t<meta name=\"google-site-verification\" content=\"UA-32230408-1\" \/>\n\t<meta name=\"msvalidate.01\" content=\"354F3CDFB2DA171B47FBE9ABF1F88D5\" \/>\n\t<meta name=\"keywords\" content=\"agenda\" \/>\n\t<link rel=\"canonical\" href=\"https:\/\/candas365.es\/noticias\/espana-tiempos-dificiles-1-de-diciembre-de-2021\/\" \/>\n\t<meta name=\"generator\" content=\"All in One SEO Pro (AIOSEO) 4.9.6.2\" \/>\n\t\t<meta property=\"og:locale\" content=\"es_ES\" \/>\n\t\t<meta property=\"og:site_name\" content=\"Cand\u00e1s 365\" \/>\n\t\t<meta property=\"og:type\" content=\"article\" \/>\n\t\t<meta property=\"og:title\" content=\"Espa\u00f1a Tiempos Dif\u00edciles: 1 de diciembre de 2021 | Cand\u00e1s 365\" \/>\n\t\t<meta property=\"og:description\" content=\"El mi\u00e9rcoles, 1 diciembre de 2021, una nueva entrega de Espa\u00f1a Tiempos Dif\u00edciles, programa dirigido por Pablo Barr\u00f3n fue emitido tanto en el canal oficial\" \/>\n\t\t<meta property=\"og:url\" content=\"https:\/\/candas365.es\/noticias\/espana-tiempos-dificiles-1-de-diciembre-de-2021\/\" \/>\n\t\t<meta property=\"og:image\" content=\"https:\/\/candas365.es\/noticias\/wp-content\/uploads\/2021\/11\/Espana-Tiempos-Dificiles.jpg\" \/>\n\t\t<meta property=\"og:image:secure_url\" content=\"https:\/\/candas365.es\/noticias\/wp-content\/uploads\/2021\/11\/Espana-Tiempos-Dificiles.jpg\" \/>\n\t\t<meta property=\"og:image:width\" content=\"696\" \/>\n\t\t<meta property=\"og:image:height\" content=\"238\" \/>\n\t\t<meta property=\"article:published_time\" content=\"2021-12-02T16:42:01+00:00\" \/>\n\t\t<meta property=\"article:modified_time\" content=\"2021-12-02T16:42:01+00:00\" \/>\n\t\t<meta property=\"article:publisher\" content=\"https:\/\/www.facebook.com\/Nachofdezber\" \/>\n\t\t<meta property=\"article:author\" content=\"https:\/\/www.facebook.com\/carrenoactualidad\" \/>\n\t\t<meta name=\"twitter:card\" content=\"summary_large_image\" \/>\n\t\t<meta name=\"twitter:site\" content=\"@NabercoDigital\" \/>\n\t\t<meta name=\"twitter:title\" content=\"Espa\u00f1a Tiempos Dif\u00edciles: 1 de diciembre de 2021 | Cand\u00e1s 365\" \/>\n\t\t<meta name=\"twitter:description\" content=\"El mi\u00e9rcoles, 1 diciembre de 2021, una nueva entrega de Espa\u00f1a Tiempos Dif\u00edciles, programa dirigido por Pablo Barr\u00f3n fue emitido tanto en el canal oficial\" \/>\n\t\t<meta name=\"twitter:creator\" content=\"@nbasturias\" \/>\n\t\t<meta name=\"twitter:image\" content=\"https:\/\/candas365.es\/noticias\/wp-content\/uploads\/2021\/11\/Espana-Tiempos-Dificiles.jpg\" \/>\n\t\t<meta name=\"twitter:label1\" content=\"Escrito por\" \/>\n\t\t<meta name=\"twitter:data1\" content=\"Cand\u00e1s 365\" \/>\n\t\t<meta name=\"twitter:label2\" content=\"Tiempo de lectura estimado\" \/>\n\t\t<meta name=\"twitter:data2\" content=\"1 minuto\" \/>\n\t\t<script type=\"application\/ld+json\" class=\"aioseo-schema\">\n\t\t\t{\"@context\":\"https:\\\/\\\/schema.org\",\"@graph\":[{\"@type\":\"BreadcrumbList\",\"@id\":\"https:\\\/\\\/candas365.es\\\/noticias\\\/espana-tiempos-dificiles-1-de-diciembre-de-2021\\\/#breadcrumblist\",\"itemListElement\":[{\"@type\":\"ListItem\",\"@id\":\"https:\\\/\\\/candas365.es\\\/noticias#listItem\",\"position\":1,\"name\":\"Home\",\"item\":\"https:\\\/\\\/candas365.es\\\/noticias\",\"nextItem\":{\"@type\":\"ListItem\",\"@id\":\"https:\\\/\\\/candas365.es\\\/noticias\\\/category\\\/agenda\\\/#listItem\",\"name\":\"Agenda\"}},{\"@type\":\"ListItem\",\"@id\":\"https:\\\/\\\/candas365.es\\\/noticias\\\/category\\\/agenda\\\/#listItem\",\"position\":2,\"name\":\"Agenda\",\"item\":\"https:\\\/\\\/candas365.es\\\/noticias\\\/category\\\/agenda\\\/\",\"nextItem\":{\"@type\":\"ListItem\",\"@id\":\"https:\\\/\\\/candas365.es\\\/noticias\\\/espana-tiempos-dificiles-1-de-diciembre-de-2021\\\/#listItem\",\"name\":\"Espa\\u00f1a Tiempos Dif\\u00edciles: 1 de diciembre de 2021\"},\"previousItem\":{\"@type\":\"ListItem\",\"@id\":\"https:\\\/\\\/candas365.es\\\/noticias#listItem\",\"name\":\"Home\"}},{\"@type\":\"ListItem\",\"@id\":\"https:\\\/\\\/candas365.es\\\/noticias\\\/espana-tiempos-dificiles-1-de-diciembre-de-2021\\\/#listItem\",\"position\":3,\"name\":\"Espa\\u00f1a Tiempos Dif\\u00edciles: 1 de diciembre de 2021\",\"previousItem\":{\"@type\":\"ListItem\",\"@id\":\"https:\\\/\\\/candas365.es\\\/noticias\\\/category\\\/agenda\\\/#listItem\",\"name\":\"Agenda\"}}]},{\"@type\":\"NewsArticle\",\"@id\":\"https:\\\/\\\/candas365.es\\\/noticias\\\/espana-tiempos-dificiles-1-de-diciembre-de-2021\\\/#newsarticle\",\"name\":\"Espa\\u00f1a Tiempos Dif\\u00edciles: 1 de diciembre de 2021 | Cand\\u00e1s 365\",\"headline\":\"Espa\\u00f1a Tiempos Dif\\u00edciles: 1 de diciembre de 2021\",\"author\":{\"@id\":\"https:\\\/\\\/candas365.es\\\/noticias\\\/author\\\/admin\\\/#author\"},\"publisher\":{\"@id\":\"https:\\\/\\\/candas365.es\\\/noticias\\\/#organization\"},\"image\":{\"@type\":\"ImageObject\",\"url\":\"https:\\\/\\\/candas365.es\\\/noticias\\\/wp-content\\\/uploads\\\/2021\\\/11\\\/Espana-Tiempos-Dificiles.jpg\",\"width\":696,\"height\":238,\"caption\":\"Espa\\u00f1a Tiempos Dif\\u00edciles\"},\"datePublished\":\"2021-12-02T16:42:01+01:00\",\"dateModified\":\"2021-12-02T16:42:01+01:00\",\"inLanguage\":\"es-ES\",\"mainEntityOfPage\":{\"@id\":\"https:\\\/\\\/candas365.es\\\/noticias\\\/espana-tiempos-dificiles-1-de-diciembre-de-2021\\\/#webpage\"},\"isPartOf\":{\"@id\":\"https:\\\/\\\/candas365.es\\\/noticias\\\/espana-tiempos-dificiles-1-de-diciembre-de-2021\\\/#webpage\"},\"articleSection\":\"Agenda, ETD, V\\u00eddeo\",\"dateline\":\"Publicado el diciembre 2, 2021.\"},{\"@type\":\"Organization\",\"@id\":\"https:\\\/\\\/candas365.es\\\/noticias\\\/#organization\",\"name\":\"Cand\\u00e1s 365\",\"description\":\"Cand\\u00e1s 365 es un diario digital independiente, fundado en 2012, con base en Asturias. Informamos con rigor sobre actualidad, sociedad, cultura y ocio, con una mirada local y global.\",\"url\":\"https:\\\/\\\/candas365.es\\\/noticias\\\/\",\"email\":\"info@candas365.es\",\"telephone\":\"+34652131393\",\"foundingDate\":\"2012-06-10\",\"logo\":{\"@type\":\"ImageObject\",\"url\":\"https:\\\/\\\/candas365.es\\\/noticias\\\/wp-content\\\/uploads\\\/2024\\\/09\\\/Candas-365-Redes.jpg\",\"@id\":\"https:\\\/\\\/candas365.es\\\/noticias\\\/espana-tiempos-dificiles-1-de-diciembre-de-2021\\\/#organizationLogo\",\"width\":1152,\"height\":864,\"caption\":\"Cand\\u00e1s 365 Redes\"},\"image\":{\"@id\":\"https:\\\/\\\/candas365.es\\\/noticias\\\/espana-tiempos-dificiles-1-de-diciembre-de-2021\\\/#organizationLogo\"},\"sameAs\":[\"https:\\\/\\\/www.facebook.com\\\/Nachofdezber\",\"https:\\\/\\\/x.com\\\/NabercoDigital\",\"https:\\\/\\\/www.instagram.com\\\/nachofdezber\\\/\",\"https:\\\/\\\/www.youtube.com\\\/channel\\\/UCZP-2wLEB9Rv6erhFmqVnvg\"],\"address\":{\"@id\":\"https:\\\/\\\/candas365.es\\\/noticias\\\/#postaladdress\",\"@type\":\"PostalAddress\",\"streetAddress\":\"san antonio 4, san antonio 4\",\"postalCode\":\"33430\",\"addressLocality\":\"Cand\\u00e1s\",\"addressRegion\":\"Asturias\",\"addressCountry\":\"ES\"}},{\"@type\":\"Person\",\"@id\":\"https:\\\/\\\/candas365.es\\\/noticias\\\/author\\\/admin\\\/#author\",\"url\":\"https:\\\/\\\/candas365.es\\\/noticias\\\/author\\\/admin\\\/\",\"name\":\"Cand\\u00e1s 365\",\"image\":{\"@type\":\"ImageObject\",\"@id\":\"https:\\\/\\\/candas365.es\\\/noticias\\\/espana-tiempos-dificiles-1-de-diciembre-de-2021\\\/#authorImage\",\"url\":\"https:\\\/\\\/secure.gravatar.com\\\/avatar\\\/496a8e03d0c493ede1718b7934145dbdf8d89be1036b0eec9544e1094c9de390?s=96&d=mm&r=g\",\"width\":96,\"height\":96,\"caption\":\"Cand\\u00e1s 365\"},\"sameAs\":[\"https:\\\/\\\/www.facebook.com\\\/carrenoactualidad\",\"https:\\\/\\\/twitter.com\\\/nbasturias\",\"https:\\\/\\\/www.instagram.com\\\/nachofdezber\\\/\",\"https:\\\/\\\/www.youtube.com\\\/channel\\\/UCZP-2wLEB9Rv6erhFmqVnvg\"]},{\"@type\":\"WebPage\",\"@id\":\"https:\\\/\\\/candas365.es\\\/noticias\\\/espana-tiempos-dificiles-1-de-diciembre-de-2021\\\/#webpage\",\"url\":\"https:\\\/\\\/candas365.es\\\/noticias\\\/espana-tiempos-dificiles-1-de-diciembre-de-2021\\\/\",\"name\":\"Espa\\u00f1a Tiempos Dif\\u00edciles: 1 de diciembre de 2021 | Cand\\u00e1s 365\",\"description\":\"El mi\\u00e9rcoles, 1 diciembre de 2021, una nueva entrega de Espa\\u00f1a Tiempos Dif\\u00edciles, programa dirigido por Pablo Barr\\u00f3n fue emitido tanto en el canal oficial\",\"inLanguage\":\"es-ES\",\"isPartOf\":{\"@id\":\"https:\\\/\\\/candas365.es\\\/noticias\\\/#website\"},\"breadcrumb\":{\"@id\":\"https:\\\/\\\/candas365.es\\\/noticias\\\/espana-tiempos-dificiles-1-de-diciembre-de-2021\\\/#breadcrumblist\"},\"author\":{\"@id\":\"https:\\\/\\\/candas365.es\\\/noticias\\\/author\\\/admin\\\/#author\"},\"creator\":{\"@id\":\"https:\\\/\\\/candas365.es\\\/noticias\\\/author\\\/admin\\\/#author\"},\"image\":{\"@type\":\"ImageObject\",\"url\":\"https:\\\/\\\/candas365.es\\\/noticias\\\/wp-content\\\/uploads\\\/2021\\\/11\\\/Espana-Tiempos-Dificiles.jpg\",\"@id\":\"https:\\\/\\\/candas365.es\\\/noticias\\\/espana-tiempos-dificiles-1-de-diciembre-de-2021\\\/#mainImage\",\"width\":696,\"height\":238,\"caption\":\"Espa\\u00f1a Tiempos Dif\\u00edciles\"},\"primaryImageOfPage\":{\"@id\":\"https:\\\/\\\/candas365.es\\\/noticias\\\/espana-tiempos-dificiles-1-de-diciembre-de-2021\\\/#mainImage\"},\"datePublished\":\"2021-12-02T16:42:01+01:00\",\"dateModified\":\"2021-12-02T16:42:01+01:00\"},{\"@type\":\"WebSite\",\"@id\":\"https:\\\/\\\/candas365.es\\\/noticias\\\/#website\",\"url\":\"https:\\\/\\\/candas365.es\\\/noticias\\\/\",\"name\":\"Cand\\u00e1s 365\",\"alternateName\":\"Cand\\u00e1s 365 Noticias\",\"description\":\"Actualidad desde Carre\\u00f1o para el mundo\",\"inLanguage\":\"es-ES\",\"publisher\":{\"@id\":\"https:\\\/\\\/candas365.es\\\/noticias\\\/#organization\"}}]}\n\t\t<\/script>\n\t\t<!-- All in One SEO Pro -->\r\n\t\t<title>Espa\u00f1a Tiempos Dif\u00edciles: 1 de diciembre de 2021 | Cand\u00e1s 365<\/title>\n\n","aioseo_head_json":{"title":"Espa\u00f1a Tiempos Dif\u00edciles: 1 de diciembre de 2021 | Cand\u00e1s 365","description":"El mi\u00e9rcoles, 1 diciembre de 2021, una nueva entrega de Espa\u00f1a Tiempos Dif\u00edciles, programa dirigido por Pablo Barr\u00f3n fue emitido tanto en el canal oficial","canonical_url":"https:\/\/candas365.es\/noticias\/espana-tiempos-dificiles-1-de-diciembre-de-2021\/","robots":"max-image-preview:large","keywords":"agenda","webmasterTools":{"google-site-verification":"UA-32230408-1","msvalidate.01":"354F3CDFB2DA171B47FBE9ABF1F88D5","miscellaneous":""},"schema":{"@context":"https:\/\/schema.org","@graph":[{"@type":"BreadcrumbList","@id":"https:\/\/candas365.es\/noticias\/espana-tiempos-dificiles-1-de-diciembre-de-2021\/#breadcrumblist","itemListElement":[{"@type":"ListItem","@id":"https:\/\/candas365.es\/noticias#listItem","position":1,"name":"Home","item":"https:\/\/candas365.es\/noticias","nextItem":{"@type":"ListItem","@id":"https:\/\/candas365.es\/noticias\/category\/agenda\/#listItem","name":"Agenda"}},{"@type":"ListItem","@id":"https:\/\/candas365.es\/noticias\/category\/agenda\/#listItem","position":2,"name":"Agenda","item":"https:\/\/candas365.es\/noticias\/category\/agenda\/","nextItem":{"@type":"ListItem","@id":"https:\/\/candas365.es\/noticias\/espana-tiempos-dificiles-1-de-diciembre-de-2021\/#listItem","name":"Espa\u00f1a Tiempos Dif\u00edciles: 1 de diciembre de 2021"},"previousItem":{"@type":"ListItem","@id":"https:\/\/candas365.es\/noticias#listItem","name":"Home"}},{"@type":"ListItem","@id":"https:\/\/candas365.es\/noticias\/espana-tiempos-dificiles-1-de-diciembre-de-2021\/#listItem","position":3,"name":"Espa\u00f1a Tiempos Dif\u00edciles: 1 de diciembre de 2021","previousItem":{"@type":"ListItem","@id":"https:\/\/candas365.es\/noticias\/category\/agenda\/#listItem","name":"Agenda"}}]},{"@type":"NewsArticle","@id":"https:\/\/candas365.es\/noticias\/espana-tiempos-dificiles-1-de-diciembre-de-2021\/#newsarticle","name":"Espa\u00f1a Tiempos Dif\u00edciles: 1 de diciembre de 2021 | Cand\u00e1s 365","headline":"Espa\u00f1a Tiempos Dif\u00edciles: 1 de diciembre de 2021","author":{"@id":"https:\/\/candas365.es\/noticias\/author\/admin\/#author"},"publisher":{"@id":"https:\/\/candas365.es\/noticias\/#organization"},"image":{"@type":"ImageObject","url":"https:\/\/candas365.es\/noticias\/wp-content\/uploads\/2021\/11\/Espana-Tiempos-Dificiles.jpg","width":696,"height":238,"caption":"Espa\u00f1a Tiempos Dif\u00edciles"},"datePublished":"2021-12-02T16:42:01+01:00","dateModified":"2021-12-02T16:42:01+01:00","inLanguage":"es-ES","mainEntityOfPage":{"@id":"https:\/\/candas365.es\/noticias\/espana-tiempos-dificiles-1-de-diciembre-de-2021\/#webpage"},"isPartOf":{"@id":"https:\/\/candas365.es\/noticias\/espana-tiempos-dificiles-1-de-diciembre-de-2021\/#webpage"},"articleSection":"Agenda, ETD, V\u00eddeo","dateline":"Publicado el diciembre 2, 2021."},{"@type":"Organization","@id":"https:\/\/candas365.es\/noticias\/#organization","name":"Cand\u00e1s 365","description":"Cand\u00e1s 365 es un diario digital independiente, fundado en 2012, con base en Asturias. Informamos con rigor sobre actualidad, sociedad, cultura y ocio, con una mirada local y global.","url":"https:\/\/candas365.es\/noticias\/","email":"info@candas365.es","telephone":"+34652131393","foundingDate":"2012-06-10","logo":{"@type":"ImageObject","url":"https:\/\/candas365.es\/noticias\/wp-content\/uploads\/2024\/09\/Candas-365-Redes.jpg","@id":"https:\/\/candas365.es\/noticias\/espana-tiempos-dificiles-1-de-diciembre-de-2021\/#organizationLogo","width":1152,"height":864,"caption":"Cand\u00e1s 365 Redes"},"image":{"@id":"https:\/\/candas365.es\/noticias\/espana-tiempos-dificiles-1-de-diciembre-de-2021\/#organizationLogo"},"sameAs":["https:\/\/www.facebook.com\/Nachofdezber","https:\/\/x.com\/NabercoDigital","https:\/\/www.instagram.com\/nachofdezber\/","https:\/\/www.youtube.com\/channel\/UCZP-2wLEB9Rv6erhFmqVnvg"],"address":{"@id":"https:\/\/candas365.es\/noticias\/#postaladdress","@type":"PostalAddress","streetAddress":"san antonio 4, san antonio 4","postalCode":"33430","addressLocality":"Cand\u00e1s","addressRegion":"Asturias","addressCountry":"ES"}},{"@type":"Person","@id":"https:\/\/candas365.es\/noticias\/author\/admin\/#author","url":"https:\/\/candas365.es\/noticias\/author\/admin\/","name":"Cand\u00e1s 365","image":{"@type":"ImageObject","@id":"https:\/\/candas365.es\/noticias\/espana-tiempos-dificiles-1-de-diciembre-de-2021\/#authorImage","url":"https:\/\/secure.gravatar.com\/avatar\/496a8e03d0c493ede1718b7934145dbdf8d89be1036b0eec9544e1094c9de390?s=96&d=mm&r=g","width":96,"height":96,"caption":"Cand\u00e1s 365"},"sameAs":["https:\/\/www.facebook.com\/carrenoactualidad","https:\/\/twitter.com\/nbasturias","https:\/\/www.instagram.com\/nachofdezber\/","https:\/\/www.youtube.com\/channel\/UCZP-2wLEB9Rv6erhFmqVnvg"]},{"@type":"WebPage","@id":"https:\/\/candas365.es\/noticias\/espana-tiempos-dificiles-1-de-diciembre-de-2021\/#webpage","url":"https:\/\/candas365.es\/noticias\/espana-tiempos-dificiles-1-de-diciembre-de-2021\/","name":"Espa\u00f1a Tiempos Dif\u00edciles: 1 de diciembre de 2021 | Cand\u00e1s 365","description":"El mi\u00e9rcoles, 1 diciembre de 2021, una nueva entrega de Espa\u00f1a Tiempos Dif\u00edciles, programa dirigido por Pablo Barr\u00f3n fue emitido tanto en el canal oficial","inLanguage":"es-ES","isPartOf":{"@id":"https:\/\/candas365.es\/noticias\/#website"},"breadcrumb":{"@id":"https:\/\/candas365.es\/noticias\/espana-tiempos-dificiles-1-de-diciembre-de-2021\/#breadcrumblist"},"author":{"@id":"https:\/\/candas365.es\/noticias\/author\/admin\/#author"},"creator":{"@id":"https:\/\/candas365.es\/noticias\/author\/admin\/#author"},"image":{"@type":"ImageObject","url":"https:\/\/candas365.es\/noticias\/wp-content\/uploads\/2021\/11\/Espana-Tiempos-Dificiles.jpg","@id":"https:\/\/candas365.es\/noticias\/espana-tiempos-dificiles-1-de-diciembre-de-2021\/#mainImage","width":696,"height":238,"caption":"Espa\u00f1a Tiempos Dif\u00edciles"},"primaryImageOfPage":{"@id":"https:\/\/candas365.es\/noticias\/espana-tiempos-dificiles-1-de-diciembre-de-2021\/#mainImage"},"datePublished":"2021-12-02T16:42:01+01:00","dateModified":"2021-12-02T16:42:01+01:00"},{"@type":"WebSite","@id":"https:\/\/candas365.es\/noticias\/#website","url":"https:\/\/candas365.es\/noticias\/","name":"Cand\u00e1s 365","alternateName":"Cand\u00e1s 365 Noticias","description":"Actualidad desde Carre\u00f1o para el mundo","inLanguage":"es-ES","publisher":{"@id":"https:\/\/candas365.es\/noticias\/#organization"}}]},"og:locale":"es_ES","og:site_name":"Cand\u00e1s 365","og:type":"article","og:title":"Espa\u00f1a Tiempos Dif\u00edciles: 1 de diciembre de 2021 | Cand\u00e1s 365","og:description":"El mi\u00e9rcoles, 1 diciembre de 2021, una nueva entrega de Espa\u00f1a Tiempos Dif\u00edciles, programa dirigido por Pablo Barr\u00f3n fue emitido tanto en el canal oficial","og:url":"https:\/\/candas365.es\/noticias\/espana-tiempos-dificiles-1-de-diciembre-de-2021\/","og:image":"https:\/\/candas365.es\/noticias\/wp-content\/uploads\/2021\/11\/Espana-Tiempos-Dificiles.jpg","og:image:secure_url":"https:\/\/candas365.es\/noticias\/wp-content\/uploads\/2021\/11\/Espana-Tiempos-Dificiles.jpg","og:image:width":696,"og:image:height":238,"article:published_time":"2021-12-02T16:42:01+00:00","article:modified_time":"2021-12-02T16:42:01+00:00","article:publisher":"https:\/\/www.facebook.com\/Nachofdezber","article:author":"https:\/\/www.facebook.com\/carrenoactualidad","twitter:card":"summary_large_image","twitter:site":"@NabercoDigital","twitter:title":"Espa\u00f1a Tiempos Dif\u00edciles: 1 de diciembre de 2021 | Cand\u00e1s 365","twitter:description":"El mi\u00e9rcoles, 1 diciembre de 2021, una nueva entrega de Espa\u00f1a Tiempos Dif\u00edciles, programa dirigido por Pablo Barr\u00f3n fue emitido tanto en el canal oficial","twitter:creator":"@nbasturias","twitter:image":"https:\/\/candas365.es\/noticias\/wp-content\/uploads\/2021\/11\/Espana-Tiempos-Dificiles.jpg","twitter:label1":"Escrito por","twitter:data1":"Cand\u00e1s 365","twitter:label2":"Tiempo de lectura estimado","twitter:data2":"1 minuto"},"aioseo_meta_data":{"post_id":"159653","title":null,"description":"El mi\u00e9rcoles, 1 diciembre de 2021, una nueva entrega de Espa\u00f1a Tiempos Dif\u00edciles, programa dirigido por Pablo Barr\u00f3n fue emitido tanto en el canal oficial","keywords":[],"keyphrases":{"focus":{"keyphrase":"Espa\u00f1a Tiempos Dif\u00edciles","score":100,"analysis":{"keyphraseInTitle":{"title":"Focus Keyphrase in SEO title","description":"Focus Keyphrase found in SEO title.","score":9,"maxScore":9,"error":0},"keyphraseInDescription":{"title":"Focus keyphrase in meta description","description":"Focus keyphrase found in meta description.","score":9,"maxScore":9,"error":0},"keyphraseInURL":[],"keyphraseLength":{"title":"Focus keyphrase length","description":"Good job!","score":9,"maxScore":9,"error":0,"length":3},"keyphraseInIntroduction":{"title":"Focus keyphrase in introduction","description":"Your Focus keyphrase appears in the first paragraph. Well done!","score":9,"maxScore":9,"error":0},"keyphraseInSubHeadings":[],"keyphraseInImageAlt":[]}},"additional":[{"keyphrase":"Pablo Barr\u00f3n","score":100,"analysis":{"keyphraseInDescription":{"title":"Keyphrase in meta description","description":"Keyphrase found in meta description.","score":9,"maxScore":9,"error":0},"keyphraseLength":{"title":"Keyphrase length","description":"Good job!","score":9,"maxScore":9,"error":0,"length":2},"keyphraseInIntroduction":{"title":"Keyphrase in introduction","description":"Your Keyphrase appears in the first paragraph. Well done!","score":9,"maxScore":9,"error":0},"keyphraseInImageAlt":[]}}]},"primary_term":null,"canonical_url":null,"og_title":null,"og_description":null,"og_object_type":"default","og_image_type":"default","og_image_url":null,"og_image_width":null,"og_image_height":null,"og_image_custom_url":null,"og_image_custom_fields":null,"og_video":"","og_custom_url":null,"og_article_section":null,"og_article_tags":[],"twitter_use_og":false,"twitter_card":"default","twitter_image_type":"default","twitter_image_url":null,"twitter_image_custom_url":null,"twitter_image_custom_fields":null,"twitter_title":null,"twitter_description":null,"schema":{"blockGraphs":[],"customGraphs":[],"default":{"data":{"Article":[],"Course":[],"Dataset":[],"FAQPage":[],"Movie":[],"Person":[],"Product":[],"ProductReview":[],"Car":[],"Recipe":[],"Service":[],"SoftwareApplication":[],"WebPage":[]},"graphName":"","isEnabled":true},"graphs":[],"defaultGraph":"Article","defaultPostTypeGraph":""},"schema_type":"default","schema_type_options":"{\"article\":{\"articleType\":\"BlogPosting\"},\"course\":{\"name\":\"\",\"description\":\"\",\"provider\":\"\"},\"faq\":{\"pages\":[]},\"product\":{\"reviews\":[]},\"recipe\":{\"ingredients\":[],\"instructions\":[],\"keywords\":[]},\"software\":{\"reviews\":[],\"operatingSystems\":[]},\"webPage\":{\"webPageType\":\"WebPage\"}}","pillar_content":false,"robots_default":true,"robots_noindex":false,"robots_noarchive":false,"robots_nosnippet":false,"robots_nofollow":false,"robots_noimageindex":false,"robots_noodp":false,"robots_notranslate":false,"robots_max_snippet":"-1","robots_max_videopreview":"-1","robots_max_imagepreview":"large","priority":null,"frequency":"default","location":null,"local_seo":null,"seo_analyzer_scan_date":"2025-09-01 03:58:21","breadcrumb_settings":null,"limit_modified_date":false,"reviewed_by":null,"open_ai":null,"ai":null,"created":"2021-12-02 16:38:25","updated":"2025-09-01 03:58:21"},"aioseo_breadcrumb":"<div class=\"aioseo-breadcrumbs\"><span class=\"aioseo-breadcrumb\">\n\t<a href=\"https:\/\/candas365.es\/noticias\" title=\"Home\">Home<\/a>\n<\/span><span class=\"aioseo-breadcrumb-separator\">&ndash;<\/span><span class=\"aioseo-breadcrumb\">\n\t<a href=\"https:\/\/candas365.es\/noticias\/category\/agenda\/\" title=\"Agenda\">Agenda<\/a>\n<\/span><span class=\"aioseo-breadcrumb-separator\">&ndash;<\/span><span class=\"aioseo-breadcrumb\">\n\tEspa\u00f1a Tiempos Dif\u00edciles: 1 de diciembre de 2021\n<\/span><\/div>","aioseo_breadcrumb_json":[{"label":"Home","link":"https:\/\/candas365.es\/noticias"},{"label":"Agenda","link":"https:\/\/candas365.es\/noticias\/category\/agenda\/"},{"label":"Espa\u00f1a Tiempos Dif\u00edciles: 1 de diciembre de 2021","link":"https:\/\/candas365.es\/noticias\/espana-tiempos-dificiles-1-de-diciembre-de-2021\/"}],"_links":{"self":[{"href":"https:\/\/candas365.es\/noticias\/wp-json\/wp\/v2\/posts\/159653","targetHints":{"allow":["GET"]}}],"collection":[{"href":"https:\/\/candas365.es\/noticias\/wp-json\/wp\/v2\/posts"}],"about":[{"href":"https:\/\/candas365.es\/noticias\/wp-json\/wp\/v2\/types\/post"}],"author":[{"embeddable":true,"href":"https:\/\/candas365.es\/noticias\/wp-json\/wp\/v2\/users\/1"}],"replies":[{"embeddable":true,"href":"https:\/\/candas365.es\/noticias\/wp-json\/wp\/v2\/comments?post=159653"}],"version-history":[{"count":0,"href":"https:\/\/candas365.es\/noticias\/wp-json\/wp\/v2\/posts\/159653\/revisions"}],"wp:featuredmedia":[{"embeddable":true,"href":"https:\/\/candas365.es\/noticias\/wp-json\/wp\/v2\/media\/159323"}],"wp:attachment":[{"href":"https:\/\/candas365.es\/noticias\/wp-json\/wp\/v2\/media?parent=159653"}],"wp:term":[{"taxonomy":"category","embeddable":true,"href":"https:\/\/candas365.es\/noticias\/wp-json\/wp\/v2\/categories?post=159653"},{"taxonomy":"post_tag","embeddable":true,"href":"https:\/\/candas365.es\/noticias\/wp-json\/wp\/v2\/tags?post=159653"}],"curies":[{"name":"wp","href":"https:\/\/api.w.org\/{rel}","templated":true}]}}