{"id":159633,"date":"2021-11-30T14:54:23","date_gmt":"2021-11-30T14:54:23","guid":{"rendered":"http:\/\/candas365.es\/noticias\/?p=159633"},"modified":"2021-11-30T14:54:23","modified_gmt":"2021-11-30T14:54:23","slug":"alemania-advierte-a-rusia-de-consecuencias-si-ataca-a-ucrania","status":"publish","type":"post","link":"https:\/\/candas365.es\/noticias\/alemania-advierte-a-rusia-de-consecuencias-si-ataca-a-ucrania\/","title":{"rendered":"Alemania advierte a Rusia de \u00abconsecuencias\u00bb si ataca a Ucrania"},"content":{"rendered":"<p>Riga, 30 nov (dpa) &#8211; El ministro alem\u00e1n de Relaciones Exteriores (RREE) en funciones, Heiko Maas, advirti\u00f3 hoy a Rusia de las consecuencias que tendr\u00eda que afrontar en caso de que atacase a Ucrania.<\/p>\n<p><img fetchpriority=\"high\" decoding=\"async\" class=\"aligncenter wp-image-157400 size-full\" src=\"https:\/\/candas365.es\/noticias\/wp-content\/uploads\/2021\/08\/noticias-urgentes.jpg\" alt=\"noticias urgentes\" width=\"640\" height=\"400\" srcset=\"https:\/\/candas365.es\/noticias\/wp-content\/uploads\/2021\/08\/noticias-urgentes.jpg 640w, https:\/\/candas365.es\/noticias\/wp-content\/uploads\/2021\/08\/noticias-urgentes-360x225.jpg 360w\" sizes=\"(max-width: 640px) 100vw, 640px\" \/><\/p>\n<p>\u00abRusia tendr\u00eda que pagar un alto precio por cualquier forma de agresi\u00f3n\u00bb, dijo Maas, antes de partir hacia las consultas de la Organizaci\u00f3n del Tratado del Atl\u00e1ntico Norte (OTAN) en Riga, la capital letona.<\/p>\n<p>\u00abEl apoyo de la OTAN a Ucrania es inquebrantable, su independencia, integridad territorial y soberan\u00eda son incuestionables\u00bb, agreg\u00f3 el ministro.<\/p>\n<p>El trasfondo de las declaraciones de Maas son las conclusiones de la OTAN de que Rusia ha vuelto a acumular contingentes de tropas inusualmente grandes as\u00ed como moderno armamento cerca de su frontera con Ucrania.<\/p>\n<p>\u00abLas actividades militares de Rusia en la frontera con Ucrania son motivo de gran preocupaci\u00f3n\u00bb, coment\u00f3 el titular de Exteriores.<\/p>\n<p>El creciente n\u00famero de violaciones del alto el fuego en el este de Ucrania y la obstrucci\u00f3n de la Misi\u00f3n Especial de Observaci\u00f3n de la Organizaci\u00f3n para la Seguridad y la Cooperaci\u00f3n en Europa (OSCE) sobre el terreno tampoco contribuyen a aliviar la situaci\u00f3n, sino lo contrario, agreg\u00f3.<\/p>\n<p>Seg\u00fan Maas, lo importante ahora son los pasos honestos y sostenibles hacia la desescalada, que s\u00f3lo pueden lograrse mediante conversaciones. \u00abNo me cansar\u00e9 de insistir en que la puerta de estas conversaciones sigue abierta para Rusia\u00bb, apunt\u00f3.<\/p>\n<p>Maas no descart\u00f3 que la OTAN reaccionase ante una nueva agresi\u00f3n de Rusia contra Ucrania. Por ejemplo, es concebible que los Estados de la alianza impusiesen nuevas y duras sanciones econ\u00f3micas. La intervenci\u00f3n militar en el conflicto se considera improbable debido al peligro de una guerra mayor.<\/p>\n<p>No est\u00e1 claro cu\u00e1les son las razones para el despliegue masivo de tropas rusas cerca de Ucrania. El gobierno de Mosc\u00fa afirma que no representan ning\u00fan peligro y argumenta que puede mover las tropas en territorio ruso como considere oportuno.<\/p>\n<p>Por otro lado, Mosc\u00fa se refiri\u00f3 a la presencia naval estadounidense en el Mar Negro. A diferencia de Estados Unidos, Rusia es ribere\u00f1a de este mar y ha criticado repetidamente las maniobras que llevan a cabo all\u00ed las fuerzas estadounidenses.<\/p>\n<p>La OTAN considera que Mosc\u00fa podr\u00eda desestabilizar a\u00fan m\u00e1s a Ucrania. Preguntado al respecto, el secretario general de la OTAN, Jens Stoltenberg, se\u00f1al\u00f3 recientemente que Rusia ya hab\u00eda demostrado que ten\u00eda la voluntad y la capacidad de utilizar la fuerza militar cuando se anexion\u00f3 la pen\u00ednsula ucraniana de Crimea y apoy\u00f3 a los separatistas en la regi\u00f3n oriental ucraniana.<\/p>\n","protected":false},"excerpt":{"rendered":"<p>Riga, 30 nov (dpa) &#8211; El ministro alem\u00e1n de Relaciones Exteriores (RREE) en funciones, Heiko Maas, advirti\u00f3 hoy a Rusia de las consecuencias que tendr\u00eda que afrontar en caso de que atacase a Ucrania. \u00abRusia tendr\u00eda que pagar un alto precio por cualquier forma de agresi\u00f3n\u00bb, dijo Maas, antes de partir hacia las consultas de<\/p>\n","protected":false},"author":1,"featured_media":157400,"comment_status":"closed","ping_status":"closed","sticky":false,"template":"","format":"standard","meta":{"footnotes":""},"categories":[343,316],"tags":[417,364,418],"class_list":{"0":"post-159633","1":"post","2":"type-post","3":"status-publish","4":"format-standard","5":"has-post-thumbnail","7":"category-actualidad","8":"category-destacadas","9":"tag-alemania","10":"tag-destacadas","11":"tag-internacional"},"aioseo_notices":[],"aioseo_head":"\n\t\t<!-- All in One SEO Pro 4.9.6.2 - aioseo.com -->\n\t<meta name=\"description\" content=\"El ministro alem\u00e1n de Relaciones Exteriores (RREE) en funciones, Heiko Maas, advirti\u00f3 hoy a Rusia de las consecuencias que tendr\u00eda que afrontar\" \/>\n\t<meta name=\"robots\" content=\"max-image-preview:large\" \/>\n\t<meta name=\"author\" content=\"Cand\u00e1s 365\"\/>\n\t<meta name=\"google-site-verification\" content=\"UA-32230408-1\" \/>\n\t<meta name=\"msvalidate.01\" content=\"354F3CDFB2DA171B47FBE9ABF1F88D5\" \/>\n\t<meta name=\"keywords\" content=\"actualidad,destacadas\" \/>\n\t<link rel=\"canonical\" href=\"https:\/\/candas365.es\/noticias\/alemania-advierte-a-rusia-de-consecuencias-si-ataca-a-ucrania\/\" \/>\n\t<meta name=\"generator\" content=\"All in One SEO Pro (AIOSEO) 4.9.6.2\" \/>\n\t\t<meta property=\"og:locale\" content=\"es_ES\" \/>\n\t\t<meta property=\"og:site_name\" content=\"Cand\u00e1s 365\" \/>\n\t\t<meta property=\"og:type\" content=\"article\" \/>\n\t\t<meta property=\"og:title\" content=\"Alemania advierte a Rusia de \u00abconsecuencias\u00bb si ataca a Ucrania | Cand\u00e1s 365\" \/>\n\t\t<meta property=\"og:description\" content=\"El ministro alem\u00e1n de Relaciones Exteriores (RREE) en funciones, Heiko Maas, advirti\u00f3 hoy a Rusia de las consecuencias que tendr\u00eda que afrontar\" \/>\n\t\t<meta property=\"og:url\" content=\"https:\/\/candas365.es\/noticias\/alemania-advierte-a-rusia-de-consecuencias-si-ataca-a-ucrania\/\" \/>\n\t\t<meta property=\"og:image\" content=\"https:\/\/candas365.es\/noticias\/wp-content\/uploads\/2021\/08\/noticias-urgentes.jpg\" \/>\n\t\t<meta property=\"og:image:secure_url\" content=\"https:\/\/candas365.es\/noticias\/wp-content\/uploads\/2021\/08\/noticias-urgentes.jpg\" \/>\n\t\t<meta property=\"og:image:width\" content=\"640\" \/>\n\t\t<meta property=\"og:image:height\" content=\"400\" \/>\n\t\t<meta property=\"article:published_time\" content=\"2021-11-30T14:54:23+00:00\" \/>\n\t\t<meta property=\"article:modified_time\" content=\"2021-11-30T14:54:23+00:00\" \/>\n\t\t<meta property=\"article:publisher\" content=\"https:\/\/www.facebook.com\/Nachofdezber\" \/>\n\t\t<meta property=\"article:author\" content=\"https:\/\/www.facebook.com\/carrenoactualidad\" \/>\n\t\t<meta name=\"twitter:card\" content=\"summary_large_image\" \/>\n\t\t<meta name=\"twitter:site\" content=\"@NabercoDigital\" \/>\n\t\t<meta name=\"twitter:title\" content=\"Alemania advierte a Rusia de \u00abconsecuencias\u00bb si ataca a Ucrania | Cand\u00e1s 365\" \/>\n\t\t<meta name=\"twitter:description\" content=\"El ministro alem\u00e1n de Relaciones Exteriores (RREE) en funciones, Heiko Maas, advirti\u00f3 hoy a Rusia de las consecuencias que tendr\u00eda que afrontar\" \/>\n\t\t<meta name=\"twitter:creator\" content=\"@nbasturias\" \/>\n\t\t<meta name=\"twitter:image\" content=\"https:\/\/candas365.es\/noticias\/wp-content\/uploads\/2021\/08\/noticias-urgentes.jpg\" \/>\n\t\t<meta name=\"twitter:label1\" content=\"Escrito por\" \/>\n\t\t<meta name=\"twitter:data1\" content=\"Cand\u00e1s 365\" \/>\n\t\t<meta name=\"twitter:label2\" content=\"Tiempo de lectura estimado\" \/>\n\t\t<meta name=\"twitter:data2\" content=\"2 minutos\" \/>\n\t\t<script type=\"application\/ld+json\" class=\"aioseo-schema\">\n\t\t\t{\"@context\":\"https:\\\/\\\/schema.org\",\"@graph\":[{\"@type\":\"BreadcrumbList\",\"@id\":\"https:\\\/\\\/candas365.es\\\/noticias\\\/alemania-advierte-a-rusia-de-consecuencias-si-ataca-a-ucrania\\\/#breadcrumblist\",\"itemListElement\":[{\"@type\":\"ListItem\",\"@id\":\"https:\\\/\\\/candas365.es\\\/noticias#listItem\",\"position\":1,\"name\":\"Home\",\"item\":\"https:\\\/\\\/candas365.es\\\/noticias\",\"nextItem\":{\"@type\":\"ListItem\",\"@id\":\"https:\\\/\\\/candas365.es\\\/noticias\\\/category\\\/destacadas\\\/#listItem\",\"name\":\"Destacadas\"}},{\"@type\":\"ListItem\",\"@id\":\"https:\\\/\\\/candas365.es\\\/noticias\\\/category\\\/destacadas\\\/#listItem\",\"position\":2,\"name\":\"Destacadas\",\"item\":\"https:\\\/\\\/candas365.es\\\/noticias\\\/category\\\/destacadas\\\/\",\"nextItem\":{\"@type\":\"ListItem\",\"@id\":\"https:\\\/\\\/candas365.es\\\/noticias\\\/alemania-advierte-a-rusia-de-consecuencias-si-ataca-a-ucrania\\\/#listItem\",\"name\":\"Alemania advierte a Rusia de \\u00abconsecuencias\\u00bb si ataca a Ucrania\"},\"previousItem\":{\"@type\":\"ListItem\",\"@id\":\"https:\\\/\\\/candas365.es\\\/noticias#listItem\",\"name\":\"Home\"}},{\"@type\":\"ListItem\",\"@id\":\"https:\\\/\\\/candas365.es\\\/noticias\\\/alemania-advierte-a-rusia-de-consecuencias-si-ataca-a-ucrania\\\/#listItem\",\"position\":3,\"name\":\"Alemania advierte a Rusia de \\u00abconsecuencias\\u00bb si ataca a Ucrania\",\"previousItem\":{\"@type\":\"ListItem\",\"@id\":\"https:\\\/\\\/candas365.es\\\/noticias\\\/category\\\/destacadas\\\/#listItem\",\"name\":\"Destacadas\"}}]},{\"@type\":\"NewsArticle\",\"@id\":\"https:\\\/\\\/candas365.es\\\/noticias\\\/alemania-advierte-a-rusia-de-consecuencias-si-ataca-a-ucrania\\\/#newsarticle\",\"name\":\"Alemania advierte a Rusia de \\u00abconsecuencias\\u00bb si ataca a Ucrania | Cand\\u00e1s 365\",\"headline\":\"Alemania advierte a Rusia de \\u00abconsecuencias\\u00bb si ataca a Ucrania\",\"author\":{\"@id\":\"https:\\\/\\\/candas365.es\\\/noticias\\\/author\\\/admin\\\/#author\"},\"publisher\":{\"@id\":\"https:\\\/\\\/candas365.es\\\/noticias\\\/#organization\"},\"image\":{\"@type\":\"ImageObject\",\"url\":\"https:\\\/\\\/candas365.es\\\/noticias\\\/wp-content\\\/uploads\\\/2021\\\/08\\\/noticias-urgentes.jpg\",\"width\":640,\"height\":400,\"caption\":\"noticias urgentes\"},\"datePublished\":\"2021-11-30T14:54:23+01:00\",\"dateModified\":\"2021-11-30T14:54:23+01:00\",\"inLanguage\":\"es-ES\",\"mainEntityOfPage\":{\"@id\":\"https:\\\/\\\/candas365.es\\\/noticias\\\/alemania-advierte-a-rusia-de-consecuencias-si-ataca-a-ucrania\\\/#webpage\"},\"isPartOf\":{\"@id\":\"https:\\\/\\\/candas365.es\\\/noticias\\\/alemania-advierte-a-rusia-de-consecuencias-si-ataca-a-ucrania\\\/#webpage\"},\"articleSection\":\"Actualidad, Destacadas, Alemania, Destacadas, Internacional\",\"dateline\":\"Publicado el noviembre 30, 2021.\"},{\"@type\":\"Organization\",\"@id\":\"https:\\\/\\\/candas365.es\\\/noticias\\\/#organization\",\"name\":\"Cand\\u00e1s 365\",\"description\":\"Cand\\u00e1s 365 es un diario digital independiente, fundado en 2012, con base en Asturias. Informamos con rigor sobre actualidad, sociedad, cultura y ocio, con una mirada local y global.\",\"url\":\"https:\\\/\\\/candas365.es\\\/noticias\\\/\",\"email\":\"info@candas365.es\",\"telephone\":\"+34652131393\",\"foundingDate\":\"2012-06-10\",\"logo\":{\"@type\":\"ImageObject\",\"url\":\"https:\\\/\\\/candas365.es\\\/noticias\\\/wp-content\\\/uploads\\\/2024\\\/09\\\/Candas-365-Redes.jpg\",\"@id\":\"https:\\\/\\\/candas365.es\\\/noticias\\\/alemania-advierte-a-rusia-de-consecuencias-si-ataca-a-ucrania\\\/#organizationLogo\",\"width\":1152,\"height\":864,\"caption\":\"Cand\\u00e1s 365 Redes\"},\"image\":{\"@id\":\"https:\\\/\\\/candas365.es\\\/noticias\\\/alemania-advierte-a-rusia-de-consecuencias-si-ataca-a-ucrania\\\/#organizationLogo\"},\"sameAs\":[\"https:\\\/\\\/www.facebook.com\\\/Nachofdezber\",\"https:\\\/\\\/x.com\\\/NabercoDigital\",\"https:\\\/\\\/www.instagram.com\\\/nachofdezber\\\/\",\"https:\\\/\\\/www.youtube.com\\\/channel\\\/UCZP-2wLEB9Rv6erhFmqVnvg\"],\"address\":{\"@id\":\"https:\\\/\\\/candas365.es\\\/noticias\\\/#postaladdress\",\"@type\":\"PostalAddress\",\"streetAddress\":\"san antonio 4, san antonio 4\",\"postalCode\":\"33430\",\"addressLocality\":\"Cand\\u00e1s\",\"addressRegion\":\"Asturias\",\"addressCountry\":\"ES\"}},{\"@type\":\"Person\",\"@id\":\"https:\\\/\\\/candas365.es\\\/noticias\\\/author\\\/admin\\\/#author\",\"url\":\"https:\\\/\\\/candas365.es\\\/noticias\\\/author\\\/admin\\\/\",\"name\":\"Cand\\u00e1s 365\",\"image\":{\"@type\":\"ImageObject\",\"@id\":\"https:\\\/\\\/candas365.es\\\/noticias\\\/alemania-advierte-a-rusia-de-consecuencias-si-ataca-a-ucrania\\\/#authorImage\",\"url\":\"https:\\\/\\\/secure.gravatar.com\\\/avatar\\\/496a8e03d0c493ede1718b7934145dbdf8d89be1036b0eec9544e1094c9de390?s=96&d=mm&r=g\",\"width\":96,\"height\":96,\"caption\":\"Cand\\u00e1s 365\"},\"sameAs\":[\"https:\\\/\\\/www.facebook.com\\\/carrenoactualidad\",\"https:\\\/\\\/twitter.com\\\/nbasturias\",\"https:\\\/\\\/www.instagram.com\\\/nachofdezber\\\/\",\"https:\\\/\\\/www.youtube.com\\\/channel\\\/UCZP-2wLEB9Rv6erhFmqVnvg\"]},{\"@type\":\"WebPage\",\"@id\":\"https:\\\/\\\/candas365.es\\\/noticias\\\/alemania-advierte-a-rusia-de-consecuencias-si-ataca-a-ucrania\\\/#webpage\",\"url\":\"https:\\\/\\\/candas365.es\\\/noticias\\\/alemania-advierte-a-rusia-de-consecuencias-si-ataca-a-ucrania\\\/\",\"name\":\"Alemania advierte a Rusia de \\u00abconsecuencias\\u00bb si ataca a Ucrania | Cand\\u00e1s 365\",\"description\":\"El ministro alem\\u00e1n de Relaciones Exteriores (RREE) en funciones, Heiko Maas, advirti\\u00f3 hoy a Rusia de las consecuencias que tendr\\u00eda que afrontar\",\"inLanguage\":\"es-ES\",\"isPartOf\":{\"@id\":\"https:\\\/\\\/candas365.es\\\/noticias\\\/#website\"},\"breadcrumb\":{\"@id\":\"https:\\\/\\\/candas365.es\\\/noticias\\\/alemania-advierte-a-rusia-de-consecuencias-si-ataca-a-ucrania\\\/#breadcrumblist\"},\"author\":{\"@id\":\"https:\\\/\\\/candas365.es\\\/noticias\\\/author\\\/admin\\\/#author\"},\"creator\":{\"@id\":\"https:\\\/\\\/candas365.es\\\/noticias\\\/author\\\/admin\\\/#author\"},\"image\":{\"@type\":\"ImageObject\",\"url\":\"https:\\\/\\\/candas365.es\\\/noticias\\\/wp-content\\\/uploads\\\/2021\\\/08\\\/noticias-urgentes.jpg\",\"@id\":\"https:\\\/\\\/candas365.es\\\/noticias\\\/alemania-advierte-a-rusia-de-consecuencias-si-ataca-a-ucrania\\\/#mainImage\",\"width\":640,\"height\":400,\"caption\":\"noticias urgentes\"},\"primaryImageOfPage\":{\"@id\":\"https:\\\/\\\/candas365.es\\\/noticias\\\/alemania-advierte-a-rusia-de-consecuencias-si-ataca-a-ucrania\\\/#mainImage\"},\"datePublished\":\"2021-11-30T14:54:23+01:00\",\"dateModified\":\"2021-11-30T14:54:23+01:00\"},{\"@type\":\"WebSite\",\"@id\":\"https:\\\/\\\/candas365.es\\\/noticias\\\/#website\",\"url\":\"https:\\\/\\\/candas365.es\\\/noticias\\\/\",\"name\":\"Cand\\u00e1s 365\",\"alternateName\":\"Cand\\u00e1s 365 Noticias\",\"description\":\"Actualidad desde Carre\\u00f1o para el mundo\",\"inLanguage\":\"es-ES\",\"publisher\":{\"@id\":\"https:\\\/\\\/candas365.es\\\/noticias\\\/#organization\"}}]}\n\t\t<\/script>\n\t\t<!-- All in One SEO Pro -->\r\n\t\t<title>Alemania advierte a Rusia de \u00abconsecuencias\u00bb si ataca a Ucrania | Cand\u00e1s 365<\/title>\n\n","aioseo_head_json":{"title":"Alemania advierte a Rusia de \u00abconsecuencias\u00bb si ataca a Ucrania | Cand\u00e1s 365","description":"El ministro alem\u00e1n de Relaciones Exteriores (RREE) en funciones, Heiko Maas, advirti\u00f3 hoy a Rusia de las consecuencias que tendr\u00eda que afrontar","canonical_url":"https:\/\/candas365.es\/noticias\/alemania-advierte-a-rusia-de-consecuencias-si-ataca-a-ucrania\/","robots":"max-image-preview:large","keywords":"actualidad,destacadas","webmasterTools":{"google-site-verification":"UA-32230408-1","msvalidate.01":"354F3CDFB2DA171B47FBE9ABF1F88D5","miscellaneous":""},"schema":{"@context":"https:\/\/schema.org","@graph":[{"@type":"BreadcrumbList","@id":"https:\/\/candas365.es\/noticias\/alemania-advierte-a-rusia-de-consecuencias-si-ataca-a-ucrania\/#breadcrumblist","itemListElement":[{"@type":"ListItem","@id":"https:\/\/candas365.es\/noticias#listItem","position":1,"name":"Home","item":"https:\/\/candas365.es\/noticias","nextItem":{"@type":"ListItem","@id":"https:\/\/candas365.es\/noticias\/category\/destacadas\/#listItem","name":"Destacadas"}},{"@type":"ListItem","@id":"https:\/\/candas365.es\/noticias\/category\/destacadas\/#listItem","position":2,"name":"Destacadas","item":"https:\/\/candas365.es\/noticias\/category\/destacadas\/","nextItem":{"@type":"ListItem","@id":"https:\/\/candas365.es\/noticias\/alemania-advierte-a-rusia-de-consecuencias-si-ataca-a-ucrania\/#listItem","name":"Alemania advierte a Rusia de \u00abconsecuencias\u00bb si ataca a Ucrania"},"previousItem":{"@type":"ListItem","@id":"https:\/\/candas365.es\/noticias#listItem","name":"Home"}},{"@type":"ListItem","@id":"https:\/\/candas365.es\/noticias\/alemania-advierte-a-rusia-de-consecuencias-si-ataca-a-ucrania\/#listItem","position":3,"name":"Alemania advierte a Rusia de \u00abconsecuencias\u00bb si ataca a Ucrania","previousItem":{"@type":"ListItem","@id":"https:\/\/candas365.es\/noticias\/category\/destacadas\/#listItem","name":"Destacadas"}}]},{"@type":"NewsArticle","@id":"https:\/\/candas365.es\/noticias\/alemania-advierte-a-rusia-de-consecuencias-si-ataca-a-ucrania\/#newsarticle","name":"Alemania advierte a Rusia de \u00abconsecuencias\u00bb si ataca a Ucrania | Cand\u00e1s 365","headline":"Alemania advierte a Rusia de \u00abconsecuencias\u00bb si ataca a Ucrania","author":{"@id":"https:\/\/candas365.es\/noticias\/author\/admin\/#author"},"publisher":{"@id":"https:\/\/candas365.es\/noticias\/#organization"},"image":{"@type":"ImageObject","url":"https:\/\/candas365.es\/noticias\/wp-content\/uploads\/2021\/08\/noticias-urgentes.jpg","width":640,"height":400,"caption":"noticias urgentes"},"datePublished":"2021-11-30T14:54:23+01:00","dateModified":"2021-11-30T14:54:23+01:00","inLanguage":"es-ES","mainEntityOfPage":{"@id":"https:\/\/candas365.es\/noticias\/alemania-advierte-a-rusia-de-consecuencias-si-ataca-a-ucrania\/#webpage"},"isPartOf":{"@id":"https:\/\/candas365.es\/noticias\/alemania-advierte-a-rusia-de-consecuencias-si-ataca-a-ucrania\/#webpage"},"articleSection":"Actualidad, Destacadas, Alemania, Destacadas, Internacional","dateline":"Publicado el noviembre 30, 2021."},{"@type":"Organization","@id":"https:\/\/candas365.es\/noticias\/#organization","name":"Cand\u00e1s 365","description":"Cand\u00e1s 365 es un diario digital independiente, fundado en 2012, con base en Asturias. Informamos con rigor sobre actualidad, sociedad, cultura y ocio, con una mirada local y global.","url":"https:\/\/candas365.es\/noticias\/","email":"info@candas365.es","telephone":"+34652131393","foundingDate":"2012-06-10","logo":{"@type":"ImageObject","url":"https:\/\/candas365.es\/noticias\/wp-content\/uploads\/2024\/09\/Candas-365-Redes.jpg","@id":"https:\/\/candas365.es\/noticias\/alemania-advierte-a-rusia-de-consecuencias-si-ataca-a-ucrania\/#organizationLogo","width":1152,"height":864,"caption":"Cand\u00e1s 365 Redes"},"image":{"@id":"https:\/\/candas365.es\/noticias\/alemania-advierte-a-rusia-de-consecuencias-si-ataca-a-ucrania\/#organizationLogo"},"sameAs":["https:\/\/www.facebook.com\/Nachofdezber","https:\/\/x.com\/NabercoDigital","https:\/\/www.instagram.com\/nachofdezber\/","https:\/\/www.youtube.com\/channel\/UCZP-2wLEB9Rv6erhFmqVnvg"],"address":{"@id":"https:\/\/candas365.es\/noticias\/#postaladdress","@type":"PostalAddress","streetAddress":"san antonio 4, san antonio 4","postalCode":"33430","addressLocality":"Cand\u00e1s","addressRegion":"Asturias","addressCountry":"ES"}},{"@type":"Person","@id":"https:\/\/candas365.es\/noticias\/author\/admin\/#author","url":"https:\/\/candas365.es\/noticias\/author\/admin\/","name":"Cand\u00e1s 365","image":{"@type":"ImageObject","@id":"https:\/\/candas365.es\/noticias\/alemania-advierte-a-rusia-de-consecuencias-si-ataca-a-ucrania\/#authorImage","url":"https:\/\/secure.gravatar.com\/avatar\/496a8e03d0c493ede1718b7934145dbdf8d89be1036b0eec9544e1094c9de390?s=96&d=mm&r=g","width":96,"height":96,"caption":"Cand\u00e1s 365"},"sameAs":["https:\/\/www.facebook.com\/carrenoactualidad","https:\/\/twitter.com\/nbasturias","https:\/\/www.instagram.com\/nachofdezber\/","https:\/\/www.youtube.com\/channel\/UCZP-2wLEB9Rv6erhFmqVnvg"]},{"@type":"WebPage","@id":"https:\/\/candas365.es\/noticias\/alemania-advierte-a-rusia-de-consecuencias-si-ataca-a-ucrania\/#webpage","url":"https:\/\/candas365.es\/noticias\/alemania-advierte-a-rusia-de-consecuencias-si-ataca-a-ucrania\/","name":"Alemania advierte a Rusia de \u00abconsecuencias\u00bb si ataca a Ucrania | Cand\u00e1s 365","description":"El ministro alem\u00e1n de Relaciones Exteriores (RREE) en funciones, Heiko Maas, advirti\u00f3 hoy a Rusia de las consecuencias que tendr\u00eda que afrontar","inLanguage":"es-ES","isPartOf":{"@id":"https:\/\/candas365.es\/noticias\/#website"},"breadcrumb":{"@id":"https:\/\/candas365.es\/noticias\/alemania-advierte-a-rusia-de-consecuencias-si-ataca-a-ucrania\/#breadcrumblist"},"author":{"@id":"https:\/\/candas365.es\/noticias\/author\/admin\/#author"},"creator":{"@id":"https:\/\/candas365.es\/noticias\/author\/admin\/#author"},"image":{"@type":"ImageObject","url":"https:\/\/candas365.es\/noticias\/wp-content\/uploads\/2021\/08\/noticias-urgentes.jpg","@id":"https:\/\/candas365.es\/noticias\/alemania-advierte-a-rusia-de-consecuencias-si-ataca-a-ucrania\/#mainImage","width":640,"height":400,"caption":"noticias urgentes"},"primaryImageOfPage":{"@id":"https:\/\/candas365.es\/noticias\/alemania-advierte-a-rusia-de-consecuencias-si-ataca-a-ucrania\/#mainImage"},"datePublished":"2021-11-30T14:54:23+01:00","dateModified":"2021-11-30T14:54:23+01:00"},{"@type":"WebSite","@id":"https:\/\/candas365.es\/noticias\/#website","url":"https:\/\/candas365.es\/noticias\/","name":"Cand\u00e1s 365","alternateName":"Cand\u00e1s 365 Noticias","description":"Actualidad desde Carre\u00f1o para el mundo","inLanguage":"es-ES","publisher":{"@id":"https:\/\/candas365.es\/noticias\/#organization"}}]},"og:locale":"es_ES","og:site_name":"Cand\u00e1s 365","og:type":"article","og:title":"Alemania advierte a Rusia de \u00abconsecuencias\u00bb si ataca a Ucrania | Cand\u00e1s 365","og:description":"El ministro alem\u00e1n de Relaciones Exteriores (RREE) en funciones, Heiko Maas, advirti\u00f3 hoy a Rusia de las consecuencias que tendr\u00eda que afrontar","og:url":"https:\/\/candas365.es\/noticias\/alemania-advierte-a-rusia-de-consecuencias-si-ataca-a-ucrania\/","og:image":"https:\/\/candas365.es\/noticias\/wp-content\/uploads\/2021\/08\/noticias-urgentes.jpg","og:image:secure_url":"https:\/\/candas365.es\/noticias\/wp-content\/uploads\/2021\/08\/noticias-urgentes.jpg","og:image:width":640,"og:image:height":400,"article:published_time":"2021-11-30T14:54:23+00:00","article:modified_time":"2021-11-30T14:54:23+00:00","article:publisher":"https:\/\/www.facebook.com\/Nachofdezber","article:author":"https:\/\/www.facebook.com\/carrenoactualidad","twitter:card":"summary_large_image","twitter:site":"@NabercoDigital","twitter:title":"Alemania advierte a Rusia de \u00abconsecuencias\u00bb si ataca a Ucrania | Cand\u00e1s 365","twitter:description":"El ministro alem\u00e1n de Relaciones Exteriores (RREE) en funciones, Heiko Maas, advirti\u00f3 hoy a Rusia de las consecuencias que tendr\u00eda que afrontar","twitter:creator":"@nbasturias","twitter:image":"https:\/\/candas365.es\/noticias\/wp-content\/uploads\/2021\/08\/noticias-urgentes.jpg","twitter:label1":"Escrito por","twitter:data1":"Cand\u00e1s 365","twitter:label2":"Tiempo de lectura estimado","twitter:data2":"2 minutos"},"aioseo_meta_data":{"post_id":"159633","title":null,"description":"El ministro alem\u00e1n de Relaciones Exteriores (RREE) en funciones, Heiko Maas, advirti\u00f3 hoy a Rusia de las consecuencias que tendr\u00eda que afrontar","keywords":[],"keyphrases":{"focus":{"keyphrase":"Rusia","score":87,"analysis":{"keyphraseInTitle":{"title":"Focus Keyphrase in SEO title","description":"Focus Keyphrase found in SEO title.","score":9,"maxScore":9,"error":0},"keyphraseInDescription":{"title":"Focus keyphrase in meta description","description":"Focus keyphrase found in meta description.","score":9,"maxScore":9,"error":0},"keyphraseInURL":[],"keyphraseLength":{"title":"Focus keyphrase length","description":"Good job!","score":9,"maxScore":9,"error":0,"length":1},"keyphraseInIntroduction":{"title":"Focus keyphrase in introduction","description":"Your Focus keyphrase appears in the first paragraph. Well done!","score":9,"maxScore":9,"error":0},"keyphraseInSubHeadings":[],"keyphraseInImageAlt":{"title":"Focus keyphrase in image alt attributes","description":"Focus keyphrase not found in image alt attribute(s). Add an image with your Focus keyphrase as alt text.","score":3,"maxScore":9,"error":1}}},"additional":[{"keyphrase":"Heiko Maas","score":83,"analysis":{"keyphraseInDescription":{"title":"Keyphrase in meta description","description":"Keyphrase found in meta description.","score":9,"maxScore":9,"error":0},"keyphraseLength":{"title":"Keyphrase length","description":"Good job!","score":9,"maxScore":9,"error":0,"length":2},"keyphraseInIntroduction":{"title":"Keyphrase in introduction","description":"Your Keyphrase appears in the first paragraph. Well done!","score":9,"maxScore":9,"error":0},"keyphraseInImageAlt":{"title":"Keyphrase in image alt attributes","description":"Keyphrase not found in image alt attribute(s). Add an image with your Keyphrase as alt text.","score":3,"maxScore":9,"error":1}}},{"keyphrase":"consecuencias ","score":83,"analysis":{"keyphraseInDescription":{"title":"Keyphrase in meta description","description":"Keyphrase found in meta description.","score":9,"maxScore":9,"error":0},"keyphraseLength":{"title":"Keyphrase length","description":"Good job!","score":9,"maxScore":9,"error":0,"length":1},"keyphraseInIntroduction":{"title":"Keyphrase in introduction","description":"Your Keyphrase appears in the first paragraph. Well done!","score":9,"maxScore":9,"error":0},"keyphraseInImageAlt":{"title":"Keyphrase in image alt attributes","description":"Keyphrase not found in image alt attribute(s). Add an image with your Keyphrase as alt text.","score":3,"maxScore":9,"error":1}}}]},"primary_term":null,"canonical_url":null,"og_title":null,"og_description":null,"og_object_type":"default","og_image_type":"default","og_image_url":null,"og_image_width":null,"og_image_height":null,"og_image_custom_url":null,"og_image_custom_fields":null,"og_video":"","og_custom_url":null,"og_article_section":null,"og_article_tags":[],"twitter_use_og":false,"twitter_card":"default","twitter_image_type":"default","twitter_image_url":null,"twitter_image_custom_url":null,"twitter_image_custom_fields":null,"twitter_title":null,"twitter_description":null,"schema":{"blockGraphs":[],"customGraphs":[],"default":{"data":{"Article":[],"Course":[],"Dataset":[],"FAQPage":[],"Movie":[],"Person":[],"Product":[],"ProductReview":[],"Car":[],"Recipe":[],"Service":[],"SoftwareApplication":[],"WebPage":[]},"graphName":"","isEnabled":true},"graphs":[],"defaultGraph":"Article","defaultPostTypeGraph":""},"schema_type":"default","schema_type_options":"{\"article\":{\"articleType\":\"BlogPosting\"},\"course\":{\"name\":\"\",\"description\":\"\",\"provider\":\"\"},\"faq\":{\"pages\":[]},\"product\":{\"reviews\":[]},\"recipe\":{\"ingredients\":[],\"instructions\":[],\"keywords\":[]},\"software\":{\"reviews\":[],\"operatingSystems\":[]},\"webPage\":{\"webPageType\":\"WebPage\"}}","pillar_content":false,"robots_default":true,"robots_noindex":false,"robots_noarchive":false,"robots_nosnippet":false,"robots_nofollow":false,"robots_noimageindex":false,"robots_noodp":false,"robots_notranslate":false,"robots_max_snippet":"-1","robots_max_videopreview":"-1","robots_max_imagepreview":"large","priority":null,"frequency":"default","location":null,"local_seo":null,"seo_analyzer_scan_date":"2025-09-01 03:56:32","breadcrumb_settings":null,"limit_modified_date":false,"reviewed_by":null,"open_ai":null,"ai":null,"created":"2021-11-30 14:48:45","updated":"2025-09-01 03:56:32"},"aioseo_breadcrumb":"<div class=\"aioseo-breadcrumbs\"><span class=\"aioseo-breadcrumb\">\n\t<a href=\"https:\/\/candas365.es\/noticias\" title=\"Home\">Home<\/a>\n<\/span><span class=\"aioseo-breadcrumb-separator\">&ndash;<\/span><span class=\"aioseo-breadcrumb\">\n\t<a href=\"https:\/\/candas365.es\/noticias\/category\/destacadas\/\" title=\"Destacadas\">Destacadas<\/a>\n<\/span><span class=\"aioseo-breadcrumb-separator\">&ndash;<\/span><span class=\"aioseo-breadcrumb\">\n\tAlemania advierte a Rusia de \u00abconsecuencias\u00bb si ataca a Ucrania\n<\/span><\/div>","aioseo_breadcrumb_json":[{"label":"Home","link":"https:\/\/candas365.es\/noticias"},{"label":"Destacadas","link":"https:\/\/candas365.es\/noticias\/category\/destacadas\/"},{"label":"Alemania advierte a Rusia de \u00abconsecuencias\u00bb si ataca a Ucrania","link":"https:\/\/candas365.es\/noticias\/alemania-advierte-a-rusia-de-consecuencias-si-ataca-a-ucrania\/"}],"_links":{"self":[{"href":"https:\/\/candas365.es\/noticias\/wp-json\/wp\/v2\/posts\/159633","targetHints":{"allow":["GET"]}}],"collection":[{"href":"https:\/\/candas365.es\/noticias\/wp-json\/wp\/v2\/posts"}],"about":[{"href":"https:\/\/candas365.es\/noticias\/wp-json\/wp\/v2\/types\/post"}],"author":[{"embeddable":true,"href":"https:\/\/candas365.es\/noticias\/wp-json\/wp\/v2\/users\/1"}],"replies":[{"embeddable":true,"href":"https:\/\/candas365.es\/noticias\/wp-json\/wp\/v2\/comments?post=159633"}],"version-history":[{"count":0,"href":"https:\/\/candas365.es\/noticias\/wp-json\/wp\/v2\/posts\/159633\/revisions"}],"wp:featuredmedia":[{"embeddable":true,"href":"https:\/\/candas365.es\/noticias\/wp-json\/wp\/v2\/media\/157400"}],"wp:attachment":[{"href":"https:\/\/candas365.es\/noticias\/wp-json\/wp\/v2\/media?parent=159633"}],"wp:term":[{"taxonomy":"category","embeddable":true,"href":"https:\/\/candas365.es\/noticias\/wp-json\/wp\/v2\/categories?post=159633"},{"taxonomy":"post_tag","embeddable":true,"href":"https:\/\/candas365.es\/noticias\/wp-json\/wp\/v2\/tags?post=159633"}],"curies":[{"name":"wp","href":"https:\/\/api.w.org\/{rel}","templated":true}]}}