{"id":159630,"date":"2021-11-29T15:44:31","date_gmt":"2021-11-29T15:44:31","guid":{"rendered":"http:\/\/candas365.es\/noticias\/?p=159630"},"modified":"2021-11-29T15:44:31","modified_gmt":"2021-11-29T15:44:31","slug":"france-tells-pm-to-take-responsibility-for-channel-migrant-crisis","status":"publish","type":"post","link":"https:\/\/candas365.es\/noticias\/france-tells-pm-to-take-responsibility-for-channel-migrant-crisis\/","title":{"rendered":"France tells PM to &#8216;take responsibility&#8217; for Channel migrant crisis"},"content":{"rendered":"<p>London (PA Media\/dpa) &#8211; Prime Minister Boris Johnson has been accused of making a \u00abmockery\u00bb of British-French relations, and been told he must \u00abtake responsibility\u00bb for the migrant crisis following last week&#8217;s fallout.<\/p>\n<p><img fetchpriority=\"high\" decoding=\"async\" class=\"aligncenter wp-image-152340 size-full\" src=\"https:\/\/candas365.es\/noticias\/wp-content\/uploads\/2021\/03\/Redes-sociales.jpg\" alt=\"urgente\" width=\"640\" height=\"400\" srcset=\"https:\/\/candas365.es\/noticias\/wp-content\/uploads\/2021\/03\/Redes-sociales.jpg 640w, https:\/\/candas365.es\/noticias\/wp-content\/uploads\/2021\/03\/Redes-sociales-360x225.jpg 360w, https:\/\/candas365.es\/noticias\/wp-content\/uploads\/2021\/03\/Redes-sociales-400x250.jpg 400w\" sizes=\"(max-width: 640px) 100vw, 640px\" \/><\/p>\n<p>France&#8217;s interior minister Gerald Darmanin said Johnson had acted in a \u00abpeculiar\u00bb fashion by opting to post on Twitter a letter to French President Emmanuel Macron outlining his proposed solutions to the small boat crossings in the Channel.<\/p>\n<p>Paris was so enraged by the publication of the letter that it opted to withdraw the invitation for Britain to join weekend talks with other European ministers about how to stem the flow of people across the strait.<\/p>\n<p>Counterparts from France, the Netherlands, Belgium and the European Commission met in Calais on Sunday, but neither Home Secretary Priti Patel nor British officials were present after being told they were not welcome.<\/p>\n<p>The British prime minister&#8217;s letter to Macron had come after a dinghy capsized in the Channel Sea on Wednesday, claiming 27 lives.<\/p>\n<p>Darmanin said the British leader had looked to make a \u00abmockery\u00bb of France by, according to the minister, urging Paris to \u00abtake back their migrants.\u00bb<\/p>\n<p>Speaking to BFMTV, Darmanin said: \u00abWhen there are serious diplomatic exchanges &#8230; and lives that are at stake &#8230; and some minutes later you see that a letter, which no one has ever mentioned before, is published on Twitter from the British prime minister to the president of the French republic before the president of the republic has received it, it&#8217;s a bit peculiar.<\/p>\n<p>\u00abWhen in this letter the English say the French should &#8216;take back their migrants, all their migrants,&#8217; it&#8217;s a mockery.\u00bb<\/p>\n<p>He added that British-French relations were not currently \u00abnormal\u00bb and that \u00abour private exchanges are not always in line with our public exchanges.\u00bb<\/p>\n<p>The senior French politician also tweeted on Monday, urging the British government to \u00abtake responsibility\u00bb for the migrant crisis.<\/p>\n<p>Downing Street has previously looked to play down talk of a bilateral rift.<\/p>\n<p>After talks on Sunday, it was agreed that a plane, operated by European Union border agency Frontex, will monitor the shores of the Channel for people crossing from December 1.<\/p>\n<p>Migration officials also pledged to work together more closely against people-smuggling networks and the trade in inflatable boats.<\/p>\n<p>Patel was understood to be pleased with the decision to dispatch the Frontex plane.<\/p>\n<p>Among the dead after Wednesday\u2019s tragedy was said to have included a pregnant woman, children and a 24-year-old Kurdish woman from northern Iraq trying to reunite with her fiance.<\/p>\n<p>It was the highest death toll on record in the current crisis.<\/p>\n","protected":false},"excerpt":{"rendered":"<p>London (PA Media\/dpa) &#8211; Prime Minister Boris Johnson has been accused of making a \u00abmockery\u00bb of British-French relations, and been told he must \u00abtake responsibility\u00bb for the migrant crisis following last week&#8217;s fallout. France&#8217;s interior minister Gerald Darmanin said Johnson had acted in a \u00abpeculiar\u00bb fashion by opting to post on Twitter a letter to<\/p>\n","protected":false},"author":1,"featured_media":152340,"comment_status":"closed","ping_status":"closed","sticky":false,"template":"","format":"standard","meta":{"footnotes":""},"categories":[343],"tags":[427],"class_list":{"0":"post-159630","1":"post","2":"type-post","3":"status-publish","4":"format-standard","5":"has-post-thumbnail","7":"category-actualidad","8":"tag-news"},"aioseo_notices":[],"aioseo_head":"\n\t\t<!-- All in One SEO Pro 4.9.6.2 - aioseo.com -->\n\t<meta name=\"description\" content=\"Prime Minister Boris Johnson has been accused of making a &quot;mockery&quot; of British-French relations, and been told he must &quot;take responsibility&quot; for the migran\" \/>\n\t<meta name=\"robots\" content=\"max-image-preview:large\" \/>\n\t<meta name=\"author\" content=\"Cand\u00e1s 365\"\/>\n\t<meta name=\"google-site-verification\" content=\"UA-32230408-1\" \/>\n\t<meta name=\"msvalidate.01\" content=\"354F3CDFB2DA171B47FBE9ABF1F88D5\" \/>\n\t<meta name=\"keywords\" content=\"actualidad\" \/>\n\t<link rel=\"canonical\" href=\"https:\/\/candas365.es\/noticias\/france-tells-pm-to-take-responsibility-for-channel-migrant-crisis\/\" \/>\n\t<meta name=\"generator\" content=\"All in One SEO Pro (AIOSEO) 4.9.6.2\" \/>\n\t\t<meta property=\"og:locale\" content=\"es_ES\" \/>\n\t\t<meta property=\"og:site_name\" content=\"Cand\u00e1s 365\" \/>\n\t\t<meta property=\"og:type\" content=\"article\" \/>\n\t\t<meta property=\"og:title\" content=\"France tells PM to \u2018take responsibility\u2019 for Channel migrant crisis | Cand\u00e1s 365\" \/>\n\t\t<meta property=\"og:description\" content=\"Prime Minister Boris Johnson has been accused of making a &quot;mockery&quot; of British-French relations, and been told he must &quot;take responsibility&quot; for the migran\" \/>\n\t\t<meta property=\"og:url\" content=\"https:\/\/candas365.es\/noticias\/france-tells-pm-to-take-responsibility-for-channel-migrant-crisis\/\" \/>\n\t\t<meta property=\"og:image\" content=\"https:\/\/candas365.es\/noticias\/wp-content\/uploads\/2021\/03\/Redes-sociales.jpg\" \/>\n\t\t<meta property=\"og:image:secure_url\" content=\"https:\/\/candas365.es\/noticias\/wp-content\/uploads\/2021\/03\/Redes-sociales.jpg\" \/>\n\t\t<meta property=\"og:image:width\" content=\"640\" \/>\n\t\t<meta property=\"og:image:height\" content=\"400\" \/>\n\t\t<meta property=\"article:published_time\" content=\"2021-11-29T15:44:31+00:00\" \/>\n\t\t<meta property=\"article:modified_time\" content=\"2021-11-29T15:44:31+00:00\" \/>\n\t\t<meta property=\"article:publisher\" content=\"https:\/\/www.facebook.com\/Nachofdezber\" \/>\n\t\t<meta property=\"article:author\" content=\"https:\/\/www.facebook.com\/carrenoactualidad\" \/>\n\t\t<meta name=\"twitter:card\" content=\"summary_large_image\" \/>\n\t\t<meta name=\"twitter:site\" content=\"@NabercoDigital\" \/>\n\t\t<meta name=\"twitter:title\" content=\"France tells PM to \u2018take responsibility\u2019 for Channel migrant crisis | Cand\u00e1s 365\" \/>\n\t\t<meta name=\"twitter:description\" content=\"Prime Minister Boris Johnson has been accused of making a &quot;mockery&quot; of British-French relations, and been told he must &quot;take responsibility&quot; for the migran\" \/>\n\t\t<meta name=\"twitter:creator\" content=\"@nbasturias\" \/>\n\t\t<meta name=\"twitter:image\" content=\"https:\/\/candas365.es\/noticias\/wp-content\/uploads\/2021\/03\/Redes-sociales.jpg\" \/>\n\t\t<meta name=\"twitter:label1\" content=\"Escrito por\" \/>\n\t\t<meta name=\"twitter:data1\" content=\"Cand\u00e1s 365\" \/>\n\t\t<meta name=\"twitter:label2\" content=\"Tiempo de lectura estimado\" \/>\n\t\t<meta name=\"twitter:data2\" content=\"2 minutos\" \/>\n\t\t<script type=\"application\/ld+json\" class=\"aioseo-schema\">\n\t\t\t{\"@context\":\"https:\\\/\\\/schema.org\",\"@graph\":[{\"@type\":\"BreadcrumbList\",\"@id\":\"https:\\\/\\\/candas365.es\\\/noticias\\\/france-tells-pm-to-take-responsibility-for-channel-migrant-crisis\\\/#breadcrumblist\",\"itemListElement\":[{\"@type\":\"ListItem\",\"@id\":\"https:\\\/\\\/candas365.es\\\/noticias#listItem\",\"position\":1,\"name\":\"Home\",\"item\":\"https:\\\/\\\/candas365.es\\\/noticias\",\"nextItem\":{\"@type\":\"ListItem\",\"@id\":\"https:\\\/\\\/candas365.es\\\/noticias\\\/category\\\/actualidad\\\/#listItem\",\"name\":\"Actualidad\"}},{\"@type\":\"ListItem\",\"@id\":\"https:\\\/\\\/candas365.es\\\/noticias\\\/category\\\/actualidad\\\/#listItem\",\"position\":2,\"name\":\"Actualidad\",\"item\":\"https:\\\/\\\/candas365.es\\\/noticias\\\/category\\\/actualidad\\\/\",\"nextItem\":{\"@type\":\"ListItem\",\"@id\":\"https:\\\/\\\/candas365.es\\\/noticias\\\/france-tells-pm-to-take-responsibility-for-channel-migrant-crisis\\\/#listItem\",\"name\":\"France tells PM to &#8216;take responsibility&#8217; for Channel migrant crisis\"},\"previousItem\":{\"@type\":\"ListItem\",\"@id\":\"https:\\\/\\\/candas365.es\\\/noticias#listItem\",\"name\":\"Home\"}},{\"@type\":\"ListItem\",\"@id\":\"https:\\\/\\\/candas365.es\\\/noticias\\\/france-tells-pm-to-take-responsibility-for-channel-migrant-crisis\\\/#listItem\",\"position\":3,\"name\":\"France tells PM to &#8216;take responsibility&#8217; for Channel migrant crisis\",\"previousItem\":{\"@type\":\"ListItem\",\"@id\":\"https:\\\/\\\/candas365.es\\\/noticias\\\/category\\\/actualidad\\\/#listItem\",\"name\":\"Actualidad\"}}]},{\"@type\":\"NewsArticle\",\"@id\":\"https:\\\/\\\/candas365.es\\\/noticias\\\/france-tells-pm-to-take-responsibility-for-channel-migrant-crisis\\\/#newsarticle\",\"name\":\"France tells PM to \\u2018take responsibility\\u2019 for Channel migrant crisis | Cand\\u00e1s 365\",\"headline\":\"France tells PM to &#8216;take responsibility&#8217; for Channel migrant crisis\",\"author\":{\"@id\":\"https:\\\/\\\/candas365.es\\\/noticias\\\/author\\\/admin\\\/#author\"},\"publisher\":{\"@id\":\"https:\\\/\\\/candas365.es\\\/noticias\\\/#organization\"},\"image\":{\"@type\":\"ImageObject\",\"url\":\"https:\\\/\\\/candas365.es\\\/noticias\\\/wp-content\\\/uploads\\\/2021\\\/03\\\/Redes-sociales.jpg\",\"width\":640,\"height\":400,\"caption\":\"urgente\"},\"datePublished\":\"2021-11-29T15:44:31+01:00\",\"dateModified\":\"2021-11-29T15:44:31+01:00\",\"inLanguage\":\"es-ES\",\"mainEntityOfPage\":{\"@id\":\"https:\\\/\\\/candas365.es\\\/noticias\\\/france-tells-pm-to-take-responsibility-for-channel-migrant-crisis\\\/#webpage\"},\"isPartOf\":{\"@id\":\"https:\\\/\\\/candas365.es\\\/noticias\\\/france-tells-pm-to-take-responsibility-for-channel-migrant-crisis\\\/#webpage\"},\"articleSection\":\"Actualidad, news\",\"dateline\":\"Publicado el noviembre 29, 2021.\"},{\"@type\":\"Organization\",\"@id\":\"https:\\\/\\\/candas365.es\\\/noticias\\\/#organization\",\"name\":\"Cand\\u00e1s 365\",\"description\":\"Cand\\u00e1s 365 es un diario digital independiente, fundado en 2012, con base en Asturias. Informamos con rigor sobre actualidad, sociedad, cultura y ocio, con una mirada local y global.\",\"url\":\"https:\\\/\\\/candas365.es\\\/noticias\\\/\",\"email\":\"info@candas365.es\",\"telephone\":\"+34652131393\",\"foundingDate\":\"2012-06-10\",\"logo\":{\"@type\":\"ImageObject\",\"url\":\"https:\\\/\\\/candas365.es\\\/noticias\\\/wp-content\\\/uploads\\\/2024\\\/09\\\/Candas-365-Redes.jpg\",\"@id\":\"https:\\\/\\\/candas365.es\\\/noticias\\\/france-tells-pm-to-take-responsibility-for-channel-migrant-crisis\\\/#organizationLogo\",\"width\":1152,\"height\":864,\"caption\":\"Cand\\u00e1s 365 Redes\"},\"image\":{\"@id\":\"https:\\\/\\\/candas365.es\\\/noticias\\\/france-tells-pm-to-take-responsibility-for-channel-migrant-crisis\\\/#organizationLogo\"},\"sameAs\":[\"https:\\\/\\\/www.facebook.com\\\/Nachofdezber\",\"https:\\\/\\\/x.com\\\/NabercoDigital\",\"https:\\\/\\\/www.instagram.com\\\/nachofdezber\\\/\",\"https:\\\/\\\/www.youtube.com\\\/channel\\\/UCZP-2wLEB9Rv6erhFmqVnvg\"],\"address\":{\"@id\":\"https:\\\/\\\/candas365.es\\\/noticias\\\/#postaladdress\",\"@type\":\"PostalAddress\",\"streetAddress\":\"san antonio 4, san antonio 4\",\"postalCode\":\"33430\",\"addressLocality\":\"Cand\\u00e1s\",\"addressRegion\":\"Asturias\",\"addressCountry\":\"ES\"}},{\"@type\":\"Person\",\"@id\":\"https:\\\/\\\/candas365.es\\\/noticias\\\/author\\\/admin\\\/#author\",\"url\":\"https:\\\/\\\/candas365.es\\\/noticias\\\/author\\\/admin\\\/\",\"name\":\"Cand\\u00e1s 365\",\"image\":{\"@type\":\"ImageObject\",\"@id\":\"https:\\\/\\\/candas365.es\\\/noticias\\\/france-tells-pm-to-take-responsibility-for-channel-migrant-crisis\\\/#authorImage\",\"url\":\"https:\\\/\\\/secure.gravatar.com\\\/avatar\\\/496a8e03d0c493ede1718b7934145dbdf8d89be1036b0eec9544e1094c9de390?s=96&d=mm&r=g\",\"width\":96,\"height\":96,\"caption\":\"Cand\\u00e1s 365\"},\"sameAs\":[\"https:\\\/\\\/www.facebook.com\\\/carrenoactualidad\",\"https:\\\/\\\/twitter.com\\\/nbasturias\",\"https:\\\/\\\/www.instagram.com\\\/nachofdezber\\\/\",\"https:\\\/\\\/www.youtube.com\\\/channel\\\/UCZP-2wLEB9Rv6erhFmqVnvg\"]},{\"@type\":\"WebPage\",\"@id\":\"https:\\\/\\\/candas365.es\\\/noticias\\\/france-tells-pm-to-take-responsibility-for-channel-migrant-crisis\\\/#webpage\",\"url\":\"https:\\\/\\\/candas365.es\\\/noticias\\\/france-tells-pm-to-take-responsibility-for-channel-migrant-crisis\\\/\",\"name\":\"France tells PM to \\u2018take responsibility\\u2019 for Channel migrant crisis | Cand\\u00e1s 365\",\"description\":\"Prime Minister Boris Johnson has been accused of making a \\\"mockery\\\" of British-French relations, and been told he must \\\"take responsibility\\\" for the migran\",\"inLanguage\":\"es-ES\",\"isPartOf\":{\"@id\":\"https:\\\/\\\/candas365.es\\\/noticias\\\/#website\"},\"breadcrumb\":{\"@id\":\"https:\\\/\\\/candas365.es\\\/noticias\\\/france-tells-pm-to-take-responsibility-for-channel-migrant-crisis\\\/#breadcrumblist\"},\"author\":{\"@id\":\"https:\\\/\\\/candas365.es\\\/noticias\\\/author\\\/admin\\\/#author\"},\"creator\":{\"@id\":\"https:\\\/\\\/candas365.es\\\/noticias\\\/author\\\/admin\\\/#author\"},\"image\":{\"@type\":\"ImageObject\",\"url\":\"https:\\\/\\\/candas365.es\\\/noticias\\\/wp-content\\\/uploads\\\/2021\\\/03\\\/Redes-sociales.jpg\",\"@id\":\"https:\\\/\\\/candas365.es\\\/noticias\\\/france-tells-pm-to-take-responsibility-for-channel-migrant-crisis\\\/#mainImage\",\"width\":640,\"height\":400,\"caption\":\"urgente\"},\"primaryImageOfPage\":{\"@id\":\"https:\\\/\\\/candas365.es\\\/noticias\\\/france-tells-pm-to-take-responsibility-for-channel-migrant-crisis\\\/#mainImage\"},\"datePublished\":\"2021-11-29T15:44:31+01:00\",\"dateModified\":\"2021-11-29T15:44:31+01:00\"},{\"@type\":\"WebSite\",\"@id\":\"https:\\\/\\\/candas365.es\\\/noticias\\\/#website\",\"url\":\"https:\\\/\\\/candas365.es\\\/noticias\\\/\",\"name\":\"Cand\\u00e1s 365\",\"alternateName\":\"Cand\\u00e1s 365 Noticias\",\"description\":\"Actualidad desde Carre\\u00f1o para el mundo\",\"inLanguage\":\"es-ES\",\"publisher\":{\"@id\":\"https:\\\/\\\/candas365.es\\\/noticias\\\/#organization\"}}]}\n\t\t<\/script>\n\t\t<!-- All in One SEO Pro -->\r\n\t\t<title>France tells PM to \u2018take responsibility\u2019 for Channel migrant crisis | Cand\u00e1s 365<\/title>\n\n","aioseo_head_json":{"title":"France tells PM to \u2018take responsibility\u2019 for Channel migrant crisis | Cand\u00e1s 365","description":"Prime Minister Boris Johnson has been accused of making a \"mockery\" of British-French relations, and been told he must \"take responsibility\" for the migran","canonical_url":"https:\/\/candas365.es\/noticias\/france-tells-pm-to-take-responsibility-for-channel-migrant-crisis\/","robots":"max-image-preview:large","keywords":"actualidad","webmasterTools":{"google-site-verification":"UA-32230408-1","msvalidate.01":"354F3CDFB2DA171B47FBE9ABF1F88D5","miscellaneous":""},"schema":{"@context":"https:\/\/schema.org","@graph":[{"@type":"BreadcrumbList","@id":"https:\/\/candas365.es\/noticias\/france-tells-pm-to-take-responsibility-for-channel-migrant-crisis\/#breadcrumblist","itemListElement":[{"@type":"ListItem","@id":"https:\/\/candas365.es\/noticias#listItem","position":1,"name":"Home","item":"https:\/\/candas365.es\/noticias","nextItem":{"@type":"ListItem","@id":"https:\/\/candas365.es\/noticias\/category\/actualidad\/#listItem","name":"Actualidad"}},{"@type":"ListItem","@id":"https:\/\/candas365.es\/noticias\/category\/actualidad\/#listItem","position":2,"name":"Actualidad","item":"https:\/\/candas365.es\/noticias\/category\/actualidad\/","nextItem":{"@type":"ListItem","@id":"https:\/\/candas365.es\/noticias\/france-tells-pm-to-take-responsibility-for-channel-migrant-crisis\/#listItem","name":"France tells PM to &#8216;take responsibility&#8217; for Channel migrant crisis"},"previousItem":{"@type":"ListItem","@id":"https:\/\/candas365.es\/noticias#listItem","name":"Home"}},{"@type":"ListItem","@id":"https:\/\/candas365.es\/noticias\/france-tells-pm-to-take-responsibility-for-channel-migrant-crisis\/#listItem","position":3,"name":"France tells PM to &#8216;take responsibility&#8217; for Channel migrant crisis","previousItem":{"@type":"ListItem","@id":"https:\/\/candas365.es\/noticias\/category\/actualidad\/#listItem","name":"Actualidad"}}]},{"@type":"NewsArticle","@id":"https:\/\/candas365.es\/noticias\/france-tells-pm-to-take-responsibility-for-channel-migrant-crisis\/#newsarticle","name":"France tells PM to \u2018take responsibility\u2019 for Channel migrant crisis | Cand\u00e1s 365","headline":"France tells PM to &#8216;take responsibility&#8217; for Channel migrant crisis","author":{"@id":"https:\/\/candas365.es\/noticias\/author\/admin\/#author"},"publisher":{"@id":"https:\/\/candas365.es\/noticias\/#organization"},"image":{"@type":"ImageObject","url":"https:\/\/candas365.es\/noticias\/wp-content\/uploads\/2021\/03\/Redes-sociales.jpg","width":640,"height":400,"caption":"urgente"},"datePublished":"2021-11-29T15:44:31+01:00","dateModified":"2021-11-29T15:44:31+01:00","inLanguage":"es-ES","mainEntityOfPage":{"@id":"https:\/\/candas365.es\/noticias\/france-tells-pm-to-take-responsibility-for-channel-migrant-crisis\/#webpage"},"isPartOf":{"@id":"https:\/\/candas365.es\/noticias\/france-tells-pm-to-take-responsibility-for-channel-migrant-crisis\/#webpage"},"articleSection":"Actualidad, news","dateline":"Publicado el noviembre 29, 2021."},{"@type":"Organization","@id":"https:\/\/candas365.es\/noticias\/#organization","name":"Cand\u00e1s 365","description":"Cand\u00e1s 365 es un diario digital independiente, fundado en 2012, con base en Asturias. Informamos con rigor sobre actualidad, sociedad, cultura y ocio, con una mirada local y global.","url":"https:\/\/candas365.es\/noticias\/","email":"info@candas365.es","telephone":"+34652131393","foundingDate":"2012-06-10","logo":{"@type":"ImageObject","url":"https:\/\/candas365.es\/noticias\/wp-content\/uploads\/2024\/09\/Candas-365-Redes.jpg","@id":"https:\/\/candas365.es\/noticias\/france-tells-pm-to-take-responsibility-for-channel-migrant-crisis\/#organizationLogo","width":1152,"height":864,"caption":"Cand\u00e1s 365 Redes"},"image":{"@id":"https:\/\/candas365.es\/noticias\/france-tells-pm-to-take-responsibility-for-channel-migrant-crisis\/#organizationLogo"},"sameAs":["https:\/\/www.facebook.com\/Nachofdezber","https:\/\/x.com\/NabercoDigital","https:\/\/www.instagram.com\/nachofdezber\/","https:\/\/www.youtube.com\/channel\/UCZP-2wLEB9Rv6erhFmqVnvg"],"address":{"@id":"https:\/\/candas365.es\/noticias\/#postaladdress","@type":"PostalAddress","streetAddress":"san antonio 4, san antonio 4","postalCode":"33430","addressLocality":"Cand\u00e1s","addressRegion":"Asturias","addressCountry":"ES"}},{"@type":"Person","@id":"https:\/\/candas365.es\/noticias\/author\/admin\/#author","url":"https:\/\/candas365.es\/noticias\/author\/admin\/","name":"Cand\u00e1s 365","image":{"@type":"ImageObject","@id":"https:\/\/candas365.es\/noticias\/france-tells-pm-to-take-responsibility-for-channel-migrant-crisis\/#authorImage","url":"https:\/\/secure.gravatar.com\/avatar\/496a8e03d0c493ede1718b7934145dbdf8d89be1036b0eec9544e1094c9de390?s=96&d=mm&r=g","width":96,"height":96,"caption":"Cand\u00e1s 365"},"sameAs":["https:\/\/www.facebook.com\/carrenoactualidad","https:\/\/twitter.com\/nbasturias","https:\/\/www.instagram.com\/nachofdezber\/","https:\/\/www.youtube.com\/channel\/UCZP-2wLEB9Rv6erhFmqVnvg"]},{"@type":"WebPage","@id":"https:\/\/candas365.es\/noticias\/france-tells-pm-to-take-responsibility-for-channel-migrant-crisis\/#webpage","url":"https:\/\/candas365.es\/noticias\/france-tells-pm-to-take-responsibility-for-channel-migrant-crisis\/","name":"France tells PM to \u2018take responsibility\u2019 for Channel migrant crisis | Cand\u00e1s 365","description":"Prime Minister Boris Johnson has been accused of making a \"mockery\" of British-French relations, and been told he must \"take responsibility\" for the migran","inLanguage":"es-ES","isPartOf":{"@id":"https:\/\/candas365.es\/noticias\/#website"},"breadcrumb":{"@id":"https:\/\/candas365.es\/noticias\/france-tells-pm-to-take-responsibility-for-channel-migrant-crisis\/#breadcrumblist"},"author":{"@id":"https:\/\/candas365.es\/noticias\/author\/admin\/#author"},"creator":{"@id":"https:\/\/candas365.es\/noticias\/author\/admin\/#author"},"image":{"@type":"ImageObject","url":"https:\/\/candas365.es\/noticias\/wp-content\/uploads\/2021\/03\/Redes-sociales.jpg","@id":"https:\/\/candas365.es\/noticias\/france-tells-pm-to-take-responsibility-for-channel-migrant-crisis\/#mainImage","width":640,"height":400,"caption":"urgente"},"primaryImageOfPage":{"@id":"https:\/\/candas365.es\/noticias\/france-tells-pm-to-take-responsibility-for-channel-migrant-crisis\/#mainImage"},"datePublished":"2021-11-29T15:44:31+01:00","dateModified":"2021-11-29T15:44:31+01:00"},{"@type":"WebSite","@id":"https:\/\/candas365.es\/noticias\/#website","url":"https:\/\/candas365.es\/noticias\/","name":"Cand\u00e1s 365","alternateName":"Cand\u00e1s 365 Noticias","description":"Actualidad desde Carre\u00f1o para el mundo","inLanguage":"es-ES","publisher":{"@id":"https:\/\/candas365.es\/noticias\/#organization"}}]},"og:locale":"es_ES","og:site_name":"Cand\u00e1s 365","og:type":"article","og:title":"France tells PM to \u2018take responsibility\u2019 for Channel migrant crisis | Cand\u00e1s 365","og:description":"Prime Minister Boris Johnson has been accused of making a &quot;mockery&quot; of British-French relations, and been told he must &quot;take responsibility&quot; for the migran","og:url":"https:\/\/candas365.es\/noticias\/france-tells-pm-to-take-responsibility-for-channel-migrant-crisis\/","og:image":"https:\/\/candas365.es\/noticias\/wp-content\/uploads\/2021\/03\/Redes-sociales.jpg","og:image:secure_url":"https:\/\/candas365.es\/noticias\/wp-content\/uploads\/2021\/03\/Redes-sociales.jpg","og:image:width":640,"og:image:height":400,"article:published_time":"2021-11-29T15:44:31+00:00","article:modified_time":"2021-11-29T15:44:31+00:00","article:publisher":"https:\/\/www.facebook.com\/Nachofdezber","article:author":"https:\/\/www.facebook.com\/carrenoactualidad","twitter:card":"summary_large_image","twitter:site":"@NabercoDigital","twitter:title":"France tells PM to \u2018take responsibility\u2019 for Channel migrant crisis | Cand\u00e1s 365","twitter:description":"Prime Minister Boris Johnson has been accused of making a &quot;mockery&quot; of British-French relations, and been told he must &quot;take responsibility&quot; for the migran","twitter:creator":"@nbasturias","twitter:image":"https:\/\/candas365.es\/noticias\/wp-content\/uploads\/2021\/03\/Redes-sociales.jpg","twitter:label1":"Escrito por","twitter:data1":"Cand\u00e1s 365","twitter:label2":"Tiempo de lectura estimado","twitter:data2":"2 minutos"},"aioseo_meta_data":{"post_id":"159630","title":null,"description":"Prime Minister Boris Johnson has been accused of making a \"mockery\" of British-French relations, and been told he must \"take responsibility\" for the migran","keywords":[],"keyphrases":{"focus":{"keyphrase":"Boris Johnson ","score":73,"analysis":{"keyphraseInTitle":{"title":"Focus Keyphrase in SEO title","description":"Focus Keyphrase not found in SEO title.","score":3,"maxScore":9,"error":1},"keyphraseInDescription":{"title":"Focus keyphrase in meta description","description":"Focus keyphrase found in meta description.","score":9,"maxScore":9,"error":0},"keyphraseInURL":[],"keyphraseLength":{"title":"Focus keyphrase length","description":"Good job!","score":9,"maxScore":9,"error":0,"length":2},"keyphraseInIntroduction":{"title":"Focus keyphrase in introduction","description":"Your Focus keyphrase appears in the first paragraph. Well done!","score":9,"maxScore":9,"error":0},"keyphraseInSubHeadings":[],"keyphraseInImageAlt":{"title":"Focus keyphrase in image alt attributes","description":"Focus keyphrase not found in image alt attribute(s). Add an image with your Focus keyphrase as alt text.","score":3,"maxScore":9,"error":1}}},"additional":[{"keyphrase":"British-French","score":83,"analysis":{"keyphraseInDescription":{"title":"Keyphrase in meta description","description":"Keyphrase found in meta description.","score":9,"maxScore":9,"error":0},"keyphraseLength":{"title":"Keyphrase length","description":"Good job!","score":9,"maxScore":9,"error":0,"length":1},"keyphraseInIntroduction":{"title":"Keyphrase in introduction","description":"Your Keyphrase appears in the first paragraph. Well done!","score":9,"maxScore":9,"error":0},"keyphraseInImageAlt":{"title":"Keyphrase in image alt attributes","description":"Keyphrase not found in image alt attribute(s). Add an image with your Keyphrase as alt text.","score":3,"maxScore":9,"error":1}}}]},"primary_term":null,"canonical_url":null,"og_title":null,"og_description":null,"og_object_type":"default","og_image_type":"default","og_image_url":null,"og_image_width":null,"og_image_height":null,"og_image_custom_url":null,"og_image_custom_fields":null,"og_video":"","og_custom_url":null,"og_article_section":null,"og_article_tags":[],"twitter_use_og":false,"twitter_card":"default","twitter_image_type":"default","twitter_image_url":null,"twitter_image_custom_url":null,"twitter_image_custom_fields":null,"twitter_title":null,"twitter_description":null,"schema":{"blockGraphs":[],"customGraphs":[],"default":{"data":{"Article":[],"Course":[],"Dataset":[],"FAQPage":[],"Movie":[],"Person":[],"Product":[],"ProductReview":[],"Car":[],"Recipe":[],"Service":[],"SoftwareApplication":[],"WebPage":[]},"graphName":"","isEnabled":true},"graphs":[],"defaultGraph":"Article","defaultPostTypeGraph":""},"schema_type":"default","schema_type_options":"{\"article\":{\"articleType\":\"BlogPosting\"},\"course\":{\"name\":\"\",\"description\":\"\",\"provider\":\"\"},\"faq\":{\"pages\":[]},\"product\":{\"reviews\":[]},\"recipe\":{\"ingredients\":[],\"instructions\":[],\"keywords\":[]},\"software\":{\"reviews\":[],\"operatingSystems\":[]},\"webPage\":{\"webPageType\":\"WebPage\"}}","pillar_content":false,"robots_default":true,"robots_noindex":false,"robots_noarchive":false,"robots_nosnippet":false,"robots_nofollow":false,"robots_noimageindex":false,"robots_noodp":false,"robots_notranslate":false,"robots_max_snippet":"-1","robots_max_videopreview":"-1","robots_max_imagepreview":"large","priority":null,"frequency":"default","location":null,"local_seo":null,"seo_analyzer_scan_date":"2025-09-01 03:56:30","breadcrumb_settings":null,"limit_modified_date":false,"reviewed_by":null,"open_ai":null,"ai":null,"created":"2021-11-29 15:33:58","updated":"2025-09-01 03:56:30"},"aioseo_breadcrumb":"<div class=\"aioseo-breadcrumbs\"><span class=\"aioseo-breadcrumb\">\n\t<a href=\"https:\/\/candas365.es\/noticias\" title=\"Home\">Home<\/a>\n<\/span><span class=\"aioseo-breadcrumb-separator\">&ndash;<\/span><span class=\"aioseo-breadcrumb\">\n\t<a href=\"https:\/\/candas365.es\/noticias\/category\/actualidad\/\" title=\"Actualidad\">Actualidad<\/a>\n<\/span><span class=\"aioseo-breadcrumb-separator\">&ndash;<\/span><span class=\"aioseo-breadcrumb\">\n\tFrance tells PM to \u2018take responsibility\u2019 for Channel migrant crisis\n<\/span><\/div>","aioseo_breadcrumb_json":[{"label":"Home","link":"https:\/\/candas365.es\/noticias"},{"label":"Actualidad","link":"https:\/\/candas365.es\/noticias\/category\/actualidad\/"},{"label":"France tells PM to &#8216;take responsibility&#8217; for Channel migrant crisis","link":"https:\/\/candas365.es\/noticias\/france-tells-pm-to-take-responsibility-for-channel-migrant-crisis\/"}],"_links":{"self":[{"href":"https:\/\/candas365.es\/noticias\/wp-json\/wp\/v2\/posts\/159630","targetHints":{"allow":["GET"]}}],"collection":[{"href":"https:\/\/candas365.es\/noticias\/wp-json\/wp\/v2\/posts"}],"about":[{"href":"https:\/\/candas365.es\/noticias\/wp-json\/wp\/v2\/types\/post"}],"author":[{"embeddable":true,"href":"https:\/\/candas365.es\/noticias\/wp-json\/wp\/v2\/users\/1"}],"replies":[{"embeddable":true,"href":"https:\/\/candas365.es\/noticias\/wp-json\/wp\/v2\/comments?post=159630"}],"version-history":[{"count":0,"href":"https:\/\/candas365.es\/noticias\/wp-json\/wp\/v2\/posts\/159630\/revisions"}],"wp:featuredmedia":[{"embeddable":true,"href":"https:\/\/candas365.es\/noticias\/wp-json\/wp\/v2\/media\/152340"}],"wp:attachment":[{"href":"https:\/\/candas365.es\/noticias\/wp-json\/wp\/v2\/media?parent=159630"}],"wp:term":[{"taxonomy":"category","embeddable":true,"href":"https:\/\/candas365.es\/noticias\/wp-json\/wp\/v2\/categories?post=159630"},{"taxonomy":"post_tag","embeddable":true,"href":"https:\/\/candas365.es\/noticias\/wp-json\/wp\/v2\/tags?post=159630"}],"curies":[{"name":"wp","href":"https:\/\/api.w.org\/{rel}","templated":true}]}}