{"id":159628,"date":"2021-11-29T15:26:44","date_gmt":"2021-11-29T15:26:44","guid":{"rendered":"http:\/\/candas365.es\/noticias\/?p=159628"},"modified":"2021-11-29T15:26:44","modified_gmt":"2021-11-29T15:26:44","slug":"a-closer-look-at-previous-german-managers-in-the-premier-league","status":"publish","type":"post","link":"https:\/\/candas365.es\/noticias\/a-closer-look-at-previous-german-managers-in-the-premier-league\/","title":{"rendered":"A closer look at previous German managers in the Premier League"},"content":{"rendered":"<p>London (PA Media\/dpa) &#8211; Ralf Rangnick has been appointed as Manchester United&#8217;s interim manager to become the sixth German to coach in the Premier League.<\/p>\n<p><img fetchpriority=\"high\" decoding=\"async\" class=\"aligncenter wp-image-156904 size-large\" src=\"https:\/\/candas365.es\/noticias\/wp-content\/uploads\/2021\/07\/footer_bg-650x288.jpg\" alt=\"\" width=\"650\" height=\"288\" srcset=\"https:\/\/candas365.es\/noticias\/wp-content\/uploads\/2021\/07\/footer_bg-650x288.jpg 650w, https:\/\/candas365.es\/noticias\/wp-content\/uploads\/2021\/07\/footer_bg-360x159.jpg 360w, https:\/\/candas365.es\/noticias\/wp-content\/uploads\/2021\/07\/footer_bg-768x340.jpg 768w, https:\/\/candas365.es\/noticias\/wp-content\/uploads\/2021\/07\/footer_bg-696x308.jpg 696w, https:\/\/candas365.es\/noticias\/wp-content\/uploads\/2021\/07\/footer_bg-1068x473.jpg 1068w, https:\/\/candas365.es\/noticias\/wp-content\/uploads\/2021\/07\/footer_bg.jpg 1200w\" sizes=\"(max-width: 650px) 100vw, 650px\" \/><\/p>\n<p>Here, the PA news agency looks at the mixed record of the previous five, with success for Juergen Klopp and Thomas Tuchel but little else to get excited about.<\/p>\n<h2>Felix Magath<\/h2>\n<p>12 matches, won 3, drew 3, lost 6; win percentage 25.0<\/p>\n<p>Arriving having won Bundesliga titles with both Bayern Munich and Wolfsburg, Magath was brought in to save Fulham from relegation in February 2014. Twelve matches and 12 points later, they were down and he was sacked in September of the Championship (second tier) season which followed.<\/p>\n<h2>Juergen Klopp<\/h2>\n<p>233 matches, won 146, drawn 54, lost 33; win percentage 62.7<\/p>\n<p>The league&#8217;s second German appointment was significantly more successful than its first, with former Borussia Dortmund boss Klopp leading the Reds to Champions League glory in 2019 and a first league title of the Premier League era the following year &#8211; in the process becoming FIFA&#8217;s two-time reigning Best men&#8217;s coach of the year. His side&#8217;s battle with Pep Guardiola&#8217;s Manchester City has defined the recent years of the Premier League.<\/p>\n<h2>Daniel Farke<\/h2>\n<p>49 matches, won 6, drew 8, lost 35; win percentage 12.2<\/p>\n<p>Klopp&#8217;s success brought attention to his former assistants at Dortmund, with Farke following former United States international David Wagner to England. He twice took Norwich into the top flight but was unable to sustain his success once they got there, finishing bottom of the 2019-20 table with just 21 points and leaving them in the same position this term when he was sacked despite sealing a first win of the campaign at Brentford the same day.<\/p>\n<h2>Jan Siewert<\/h2>\n<p>15 matches, won 1, drew 2, lost 12; win percentage 6.7<\/p>\n<p>Wagner&#8217;s successor at Huddersfield saw out the 2018-19 relegation season in a spell memorable less for its sole win, against Wolves, and five points than for the comical misunderstanding that saw lookalike Terriers fan \u00abMartin from Wakefield\u00bb mistaken for the new boss upon his arrival.<\/p>\n<h2>Thomas Tuchel<\/h2>\n<p>32 matches, won 20, drawn 8, lost 4; win percentage 62.5<\/p>\n<p>The only German manager to so far rival Klopp&#8217;s success, and another off the Dortmund production line via a spell at Paris St Germain, Tuchel succeeded Frank Lampard in January and the immediate improvements he made &#8211; particularly to the Blues&#8217; defensive record &#8211; yielded the Champions League and an FA Cup final appearance within five months. They lead the Premier League by a point this season as they battle City and Liverpool for further silverware.<\/p>\n<p>Rangnick joins Tuchel and Klopp in arriving into one of the \u00abbig six\u00bb clubs, with those two managers having combined for 166 wins from 265 games &#8211; compared to 10 from 76 for managers at other clubs. United will be hoping that pattern holds true if they are to bridge the five-point gap to the Champions League places.<\/p>\n","protected":false},"excerpt":{"rendered":"<p>London (PA Media\/dpa) &#8211; Ralf Rangnick has been appointed as Manchester United&#8217;s interim manager to become the sixth German to coach in the Premier League. Here, the PA news agency looks at the mixed record of the previous five, with success for Juergen Klopp and Thomas Tuchel but little else to get excited about. Felix<\/p>\n","protected":false},"author":1,"featured_media":156904,"comment_status":"closed","ping_status":"closed","sticky":false,"template":"","format":"standard","meta":{"footnotes":""},"categories":[343],"tags":[427],"class_list":{"0":"post-159628","1":"post","2":"type-post","3":"status-publish","4":"format-standard","5":"has-post-thumbnail","7":"category-actualidad","8":"tag-news"},"aioseo_notices":[],"aioseo_head":"\n\t\t<!-- All in One SEO Pro 4.9.6.2 - aioseo.com -->\n\t<meta name=\"description\" content=\"Ralf Rangnick has been appointed as Manchester United&#039;s interim manager to become the sixth German to coach in the Premier League\" \/>\n\t<meta name=\"robots\" content=\"max-image-preview:large\" \/>\n\t<meta name=\"author\" content=\"Cand\u00e1s 365\"\/>\n\t<meta name=\"google-site-verification\" content=\"UA-32230408-1\" \/>\n\t<meta name=\"msvalidate.01\" content=\"354F3CDFB2DA171B47FBE9ABF1F88D5\" \/>\n\t<meta name=\"keywords\" content=\"actualidad\" \/>\n\t<link rel=\"canonical\" href=\"https:\/\/candas365.es\/noticias\/a-closer-look-at-previous-german-managers-in-the-premier-league\/\" \/>\n\t<meta name=\"generator\" content=\"All in One SEO Pro (AIOSEO) 4.9.6.2\" \/>\n\t\t<meta property=\"og:locale\" content=\"es_ES\" \/>\n\t\t<meta property=\"og:site_name\" content=\"Cand\u00e1s 365\" \/>\n\t\t<meta property=\"og:type\" content=\"article\" \/>\n\t\t<meta property=\"og:title\" content=\"A closer look at previous German managers in the Premier League | Cand\u00e1s 365\" \/>\n\t\t<meta property=\"og:description\" content=\"Ralf Rangnick has been appointed as Manchester United&#039;s interim manager to become the sixth German to coach in the Premier League\" \/>\n\t\t<meta property=\"og:url\" content=\"https:\/\/candas365.es\/noticias\/a-closer-look-at-previous-german-managers-in-the-premier-league\/\" \/>\n\t\t<meta property=\"og:image\" content=\"https:\/\/candas365.es\/noticias\/wp-content\/uploads\/2021\/07\/footer_bg.jpg\" \/>\n\t\t<meta property=\"og:image:secure_url\" content=\"https:\/\/candas365.es\/noticias\/wp-content\/uploads\/2021\/07\/footer_bg.jpg\" \/>\n\t\t<meta property=\"og:image:width\" content=\"1200\" \/>\n\t\t<meta property=\"og:image:height\" content=\"531\" \/>\n\t\t<meta property=\"article:published_time\" content=\"2021-11-29T15:26:44+00:00\" \/>\n\t\t<meta property=\"article:modified_time\" content=\"2021-11-29T15:26:44+00:00\" \/>\n\t\t<meta property=\"article:publisher\" content=\"https:\/\/www.facebook.com\/Nachofdezber\" \/>\n\t\t<meta property=\"article:author\" content=\"https:\/\/www.facebook.com\/carrenoactualidad\" \/>\n\t\t<meta name=\"twitter:card\" content=\"summary_large_image\" \/>\n\t\t<meta name=\"twitter:site\" content=\"@NabercoDigital\" \/>\n\t\t<meta name=\"twitter:title\" content=\"A closer look at previous German managers in the Premier League | Cand\u00e1s 365\" \/>\n\t\t<meta name=\"twitter:description\" content=\"Ralf Rangnick has been appointed as Manchester United&#039;s interim manager to become the sixth German to coach in the Premier League\" \/>\n\t\t<meta name=\"twitter:creator\" content=\"@nbasturias\" \/>\n\t\t<meta name=\"twitter:image\" content=\"https:\/\/candas365.es\/noticias\/wp-content\/uploads\/2021\/07\/footer_bg.jpg\" \/>\n\t\t<meta name=\"twitter:label1\" content=\"Escrito por\" \/>\n\t\t<meta name=\"twitter:data1\" content=\"Cand\u00e1s 365\" \/>\n\t\t<meta name=\"twitter:label2\" content=\"Tiempo de lectura estimado\" \/>\n\t\t<meta name=\"twitter:data2\" content=\"2 minutos\" \/>\n\t\t<script type=\"application\/ld+json\" class=\"aioseo-schema\">\n\t\t\t{\"@context\":\"https:\\\/\\\/schema.org\",\"@graph\":[{\"@type\":\"BreadcrumbList\",\"@id\":\"https:\\\/\\\/candas365.es\\\/noticias\\\/a-closer-look-at-previous-german-managers-in-the-premier-league\\\/#breadcrumblist\",\"itemListElement\":[{\"@type\":\"ListItem\",\"@id\":\"https:\\\/\\\/candas365.es\\\/noticias#listItem\",\"position\":1,\"name\":\"Home\",\"item\":\"https:\\\/\\\/candas365.es\\\/noticias\",\"nextItem\":{\"@type\":\"ListItem\",\"@id\":\"https:\\\/\\\/candas365.es\\\/noticias\\\/category\\\/actualidad\\\/#listItem\",\"name\":\"Actualidad\"}},{\"@type\":\"ListItem\",\"@id\":\"https:\\\/\\\/candas365.es\\\/noticias\\\/category\\\/actualidad\\\/#listItem\",\"position\":2,\"name\":\"Actualidad\",\"item\":\"https:\\\/\\\/candas365.es\\\/noticias\\\/category\\\/actualidad\\\/\",\"nextItem\":{\"@type\":\"ListItem\",\"@id\":\"https:\\\/\\\/candas365.es\\\/noticias\\\/a-closer-look-at-previous-german-managers-in-the-premier-league\\\/#listItem\",\"name\":\"A closer look at previous German managers in the Premier League\"},\"previousItem\":{\"@type\":\"ListItem\",\"@id\":\"https:\\\/\\\/candas365.es\\\/noticias#listItem\",\"name\":\"Home\"}},{\"@type\":\"ListItem\",\"@id\":\"https:\\\/\\\/candas365.es\\\/noticias\\\/a-closer-look-at-previous-german-managers-in-the-premier-league\\\/#listItem\",\"position\":3,\"name\":\"A closer look at previous German managers in the Premier League\",\"previousItem\":{\"@type\":\"ListItem\",\"@id\":\"https:\\\/\\\/candas365.es\\\/noticias\\\/category\\\/actualidad\\\/#listItem\",\"name\":\"Actualidad\"}}]},{\"@type\":\"NewsArticle\",\"@id\":\"https:\\\/\\\/candas365.es\\\/noticias\\\/a-closer-look-at-previous-german-managers-in-the-premier-league\\\/#newsarticle\",\"name\":\"A closer look at previous German managers in the Premier League | Cand\\u00e1s 365\",\"headline\":\"A closer look at previous German managers in the Premier League\",\"author\":{\"@id\":\"https:\\\/\\\/candas365.es\\\/noticias\\\/author\\\/admin\\\/#author\"},\"publisher\":{\"@id\":\"https:\\\/\\\/candas365.es\\\/noticias\\\/#organization\"},\"image\":{\"@type\":\"ImageObject\",\"url\":\"https:\\\/\\\/candas365.es\\\/noticias\\\/wp-content\\\/uploads\\\/2021\\\/07\\\/footer_bg.jpg\",\"width\":1200,\"height\":531},\"datePublished\":\"2021-11-29T15:26:44+01:00\",\"dateModified\":\"2021-11-29T15:26:44+01:00\",\"inLanguage\":\"es-ES\",\"mainEntityOfPage\":{\"@id\":\"https:\\\/\\\/candas365.es\\\/noticias\\\/a-closer-look-at-previous-german-managers-in-the-premier-league\\\/#webpage\"},\"isPartOf\":{\"@id\":\"https:\\\/\\\/candas365.es\\\/noticias\\\/a-closer-look-at-previous-german-managers-in-the-premier-league\\\/#webpage\"},\"articleSection\":\"Actualidad, news\",\"dateline\":\"Publicado el noviembre 29, 2021.\"},{\"@type\":\"Organization\",\"@id\":\"https:\\\/\\\/candas365.es\\\/noticias\\\/#organization\",\"name\":\"Cand\\u00e1s 365\",\"description\":\"Cand\\u00e1s 365 es un diario digital independiente, fundado en 2012, con base en Asturias. Informamos con rigor sobre actualidad, sociedad, cultura y ocio, con una mirada local y global.\",\"url\":\"https:\\\/\\\/candas365.es\\\/noticias\\\/\",\"email\":\"info@candas365.es\",\"telephone\":\"+34652131393\",\"foundingDate\":\"2012-06-10\",\"logo\":{\"@type\":\"ImageObject\",\"url\":\"https:\\\/\\\/candas365.es\\\/noticias\\\/wp-content\\\/uploads\\\/2024\\\/09\\\/Candas-365-Redes.jpg\",\"@id\":\"https:\\\/\\\/candas365.es\\\/noticias\\\/a-closer-look-at-previous-german-managers-in-the-premier-league\\\/#organizationLogo\",\"width\":1152,\"height\":864,\"caption\":\"Cand\\u00e1s 365 Redes\"},\"image\":{\"@id\":\"https:\\\/\\\/candas365.es\\\/noticias\\\/a-closer-look-at-previous-german-managers-in-the-premier-league\\\/#organizationLogo\"},\"sameAs\":[\"https:\\\/\\\/www.facebook.com\\\/Nachofdezber\",\"https:\\\/\\\/x.com\\\/NabercoDigital\",\"https:\\\/\\\/www.instagram.com\\\/nachofdezber\\\/\",\"https:\\\/\\\/www.youtube.com\\\/channel\\\/UCZP-2wLEB9Rv6erhFmqVnvg\"],\"address\":{\"@id\":\"https:\\\/\\\/candas365.es\\\/noticias\\\/#postaladdress\",\"@type\":\"PostalAddress\",\"streetAddress\":\"san antonio 4, san antonio 4\",\"postalCode\":\"33430\",\"addressLocality\":\"Cand\\u00e1s\",\"addressRegion\":\"Asturias\",\"addressCountry\":\"ES\"}},{\"@type\":\"Person\",\"@id\":\"https:\\\/\\\/candas365.es\\\/noticias\\\/author\\\/admin\\\/#author\",\"url\":\"https:\\\/\\\/candas365.es\\\/noticias\\\/author\\\/admin\\\/\",\"name\":\"Cand\\u00e1s 365\",\"image\":{\"@type\":\"ImageObject\",\"@id\":\"https:\\\/\\\/candas365.es\\\/noticias\\\/a-closer-look-at-previous-german-managers-in-the-premier-league\\\/#authorImage\",\"url\":\"https:\\\/\\\/secure.gravatar.com\\\/avatar\\\/496a8e03d0c493ede1718b7934145dbdf8d89be1036b0eec9544e1094c9de390?s=96&d=mm&r=g\",\"width\":96,\"height\":96,\"caption\":\"Cand\\u00e1s 365\"},\"sameAs\":[\"https:\\\/\\\/www.facebook.com\\\/carrenoactualidad\",\"https:\\\/\\\/twitter.com\\\/nbasturias\",\"https:\\\/\\\/www.instagram.com\\\/nachofdezber\\\/\",\"https:\\\/\\\/www.youtube.com\\\/channel\\\/UCZP-2wLEB9Rv6erhFmqVnvg\"]},{\"@type\":\"WebPage\",\"@id\":\"https:\\\/\\\/candas365.es\\\/noticias\\\/a-closer-look-at-previous-german-managers-in-the-premier-league\\\/#webpage\",\"url\":\"https:\\\/\\\/candas365.es\\\/noticias\\\/a-closer-look-at-previous-german-managers-in-the-premier-league\\\/\",\"name\":\"A closer look at previous German managers in the Premier League | Cand\\u00e1s 365\",\"description\":\"Ralf Rangnick has been appointed as Manchester United's interim manager to become the sixth German to coach in the Premier League\",\"inLanguage\":\"es-ES\",\"isPartOf\":{\"@id\":\"https:\\\/\\\/candas365.es\\\/noticias\\\/#website\"},\"breadcrumb\":{\"@id\":\"https:\\\/\\\/candas365.es\\\/noticias\\\/a-closer-look-at-previous-german-managers-in-the-premier-league\\\/#breadcrumblist\"},\"author\":{\"@id\":\"https:\\\/\\\/candas365.es\\\/noticias\\\/author\\\/admin\\\/#author\"},\"creator\":{\"@id\":\"https:\\\/\\\/candas365.es\\\/noticias\\\/author\\\/admin\\\/#author\"},\"image\":{\"@type\":\"ImageObject\",\"url\":\"https:\\\/\\\/candas365.es\\\/noticias\\\/wp-content\\\/uploads\\\/2021\\\/07\\\/footer_bg.jpg\",\"@id\":\"https:\\\/\\\/candas365.es\\\/noticias\\\/a-closer-look-at-previous-german-managers-in-the-premier-league\\\/#mainImage\",\"width\":1200,\"height\":531},\"primaryImageOfPage\":{\"@id\":\"https:\\\/\\\/candas365.es\\\/noticias\\\/a-closer-look-at-previous-german-managers-in-the-premier-league\\\/#mainImage\"},\"datePublished\":\"2021-11-29T15:26:44+01:00\",\"dateModified\":\"2021-11-29T15:26:44+01:00\"},{\"@type\":\"WebSite\",\"@id\":\"https:\\\/\\\/candas365.es\\\/noticias\\\/#website\",\"url\":\"https:\\\/\\\/candas365.es\\\/noticias\\\/\",\"name\":\"Cand\\u00e1s 365\",\"alternateName\":\"Cand\\u00e1s 365 Noticias\",\"description\":\"Actualidad desde Carre\\u00f1o para el mundo\",\"inLanguage\":\"es-ES\",\"publisher\":{\"@id\":\"https:\\\/\\\/candas365.es\\\/noticias\\\/#organization\"}}]}\n\t\t<\/script>\n\t\t<!-- All in One SEO Pro -->\r\n\t\t<title>A closer look at previous German managers in the Premier League | Cand\u00e1s 365<\/title>\n\n","aioseo_head_json":{"title":"A closer look at previous German managers in the Premier League | Cand\u00e1s 365","description":"Ralf Rangnick has been appointed as Manchester United's interim manager to become the sixth German to coach in the Premier League","canonical_url":"https:\/\/candas365.es\/noticias\/a-closer-look-at-previous-german-managers-in-the-premier-league\/","robots":"max-image-preview:large","keywords":"actualidad","webmasterTools":{"google-site-verification":"UA-32230408-1","msvalidate.01":"354F3CDFB2DA171B47FBE9ABF1F88D5","miscellaneous":""},"schema":{"@context":"https:\/\/schema.org","@graph":[{"@type":"BreadcrumbList","@id":"https:\/\/candas365.es\/noticias\/a-closer-look-at-previous-german-managers-in-the-premier-league\/#breadcrumblist","itemListElement":[{"@type":"ListItem","@id":"https:\/\/candas365.es\/noticias#listItem","position":1,"name":"Home","item":"https:\/\/candas365.es\/noticias","nextItem":{"@type":"ListItem","@id":"https:\/\/candas365.es\/noticias\/category\/actualidad\/#listItem","name":"Actualidad"}},{"@type":"ListItem","@id":"https:\/\/candas365.es\/noticias\/category\/actualidad\/#listItem","position":2,"name":"Actualidad","item":"https:\/\/candas365.es\/noticias\/category\/actualidad\/","nextItem":{"@type":"ListItem","@id":"https:\/\/candas365.es\/noticias\/a-closer-look-at-previous-german-managers-in-the-premier-league\/#listItem","name":"A closer look at previous German managers in the Premier League"},"previousItem":{"@type":"ListItem","@id":"https:\/\/candas365.es\/noticias#listItem","name":"Home"}},{"@type":"ListItem","@id":"https:\/\/candas365.es\/noticias\/a-closer-look-at-previous-german-managers-in-the-premier-league\/#listItem","position":3,"name":"A closer look at previous German managers in the Premier League","previousItem":{"@type":"ListItem","@id":"https:\/\/candas365.es\/noticias\/category\/actualidad\/#listItem","name":"Actualidad"}}]},{"@type":"NewsArticle","@id":"https:\/\/candas365.es\/noticias\/a-closer-look-at-previous-german-managers-in-the-premier-league\/#newsarticle","name":"A closer look at previous German managers in the Premier League | Cand\u00e1s 365","headline":"A closer look at previous German managers in the Premier League","author":{"@id":"https:\/\/candas365.es\/noticias\/author\/admin\/#author"},"publisher":{"@id":"https:\/\/candas365.es\/noticias\/#organization"},"image":{"@type":"ImageObject","url":"https:\/\/candas365.es\/noticias\/wp-content\/uploads\/2021\/07\/footer_bg.jpg","width":1200,"height":531},"datePublished":"2021-11-29T15:26:44+01:00","dateModified":"2021-11-29T15:26:44+01:00","inLanguage":"es-ES","mainEntityOfPage":{"@id":"https:\/\/candas365.es\/noticias\/a-closer-look-at-previous-german-managers-in-the-premier-league\/#webpage"},"isPartOf":{"@id":"https:\/\/candas365.es\/noticias\/a-closer-look-at-previous-german-managers-in-the-premier-league\/#webpage"},"articleSection":"Actualidad, news","dateline":"Publicado el noviembre 29, 2021."},{"@type":"Organization","@id":"https:\/\/candas365.es\/noticias\/#organization","name":"Cand\u00e1s 365","description":"Cand\u00e1s 365 es un diario digital independiente, fundado en 2012, con base en Asturias. Informamos con rigor sobre actualidad, sociedad, cultura y ocio, con una mirada local y global.","url":"https:\/\/candas365.es\/noticias\/","email":"info@candas365.es","telephone":"+34652131393","foundingDate":"2012-06-10","logo":{"@type":"ImageObject","url":"https:\/\/candas365.es\/noticias\/wp-content\/uploads\/2024\/09\/Candas-365-Redes.jpg","@id":"https:\/\/candas365.es\/noticias\/a-closer-look-at-previous-german-managers-in-the-premier-league\/#organizationLogo","width":1152,"height":864,"caption":"Cand\u00e1s 365 Redes"},"image":{"@id":"https:\/\/candas365.es\/noticias\/a-closer-look-at-previous-german-managers-in-the-premier-league\/#organizationLogo"},"sameAs":["https:\/\/www.facebook.com\/Nachofdezber","https:\/\/x.com\/NabercoDigital","https:\/\/www.instagram.com\/nachofdezber\/","https:\/\/www.youtube.com\/channel\/UCZP-2wLEB9Rv6erhFmqVnvg"],"address":{"@id":"https:\/\/candas365.es\/noticias\/#postaladdress","@type":"PostalAddress","streetAddress":"san antonio 4, san antonio 4","postalCode":"33430","addressLocality":"Cand\u00e1s","addressRegion":"Asturias","addressCountry":"ES"}},{"@type":"Person","@id":"https:\/\/candas365.es\/noticias\/author\/admin\/#author","url":"https:\/\/candas365.es\/noticias\/author\/admin\/","name":"Cand\u00e1s 365","image":{"@type":"ImageObject","@id":"https:\/\/candas365.es\/noticias\/a-closer-look-at-previous-german-managers-in-the-premier-league\/#authorImage","url":"https:\/\/secure.gravatar.com\/avatar\/496a8e03d0c493ede1718b7934145dbdf8d89be1036b0eec9544e1094c9de390?s=96&d=mm&r=g","width":96,"height":96,"caption":"Cand\u00e1s 365"},"sameAs":["https:\/\/www.facebook.com\/carrenoactualidad","https:\/\/twitter.com\/nbasturias","https:\/\/www.instagram.com\/nachofdezber\/","https:\/\/www.youtube.com\/channel\/UCZP-2wLEB9Rv6erhFmqVnvg"]},{"@type":"WebPage","@id":"https:\/\/candas365.es\/noticias\/a-closer-look-at-previous-german-managers-in-the-premier-league\/#webpage","url":"https:\/\/candas365.es\/noticias\/a-closer-look-at-previous-german-managers-in-the-premier-league\/","name":"A closer look at previous German managers in the Premier League | Cand\u00e1s 365","description":"Ralf Rangnick has been appointed as Manchester United's interim manager to become the sixth German to coach in the Premier League","inLanguage":"es-ES","isPartOf":{"@id":"https:\/\/candas365.es\/noticias\/#website"},"breadcrumb":{"@id":"https:\/\/candas365.es\/noticias\/a-closer-look-at-previous-german-managers-in-the-premier-league\/#breadcrumblist"},"author":{"@id":"https:\/\/candas365.es\/noticias\/author\/admin\/#author"},"creator":{"@id":"https:\/\/candas365.es\/noticias\/author\/admin\/#author"},"image":{"@type":"ImageObject","url":"https:\/\/candas365.es\/noticias\/wp-content\/uploads\/2021\/07\/footer_bg.jpg","@id":"https:\/\/candas365.es\/noticias\/a-closer-look-at-previous-german-managers-in-the-premier-league\/#mainImage","width":1200,"height":531},"primaryImageOfPage":{"@id":"https:\/\/candas365.es\/noticias\/a-closer-look-at-previous-german-managers-in-the-premier-league\/#mainImage"},"datePublished":"2021-11-29T15:26:44+01:00","dateModified":"2021-11-29T15:26:44+01:00"},{"@type":"WebSite","@id":"https:\/\/candas365.es\/noticias\/#website","url":"https:\/\/candas365.es\/noticias\/","name":"Cand\u00e1s 365","alternateName":"Cand\u00e1s 365 Noticias","description":"Actualidad desde Carre\u00f1o para el mundo","inLanguage":"es-ES","publisher":{"@id":"https:\/\/candas365.es\/noticias\/#organization"}}]},"og:locale":"es_ES","og:site_name":"Cand\u00e1s 365","og:type":"article","og:title":"A closer look at previous German managers in the Premier League | Cand\u00e1s 365","og:description":"Ralf Rangnick has been appointed as Manchester United's interim manager to become the sixth German to coach in the Premier League","og:url":"https:\/\/candas365.es\/noticias\/a-closer-look-at-previous-german-managers-in-the-premier-league\/","og:image":"https:\/\/candas365.es\/noticias\/wp-content\/uploads\/2021\/07\/footer_bg.jpg","og:image:secure_url":"https:\/\/candas365.es\/noticias\/wp-content\/uploads\/2021\/07\/footer_bg.jpg","og:image:width":1200,"og:image:height":531,"article:published_time":"2021-11-29T15:26:44+00:00","article:modified_time":"2021-11-29T15:26:44+00:00","article:publisher":"https:\/\/www.facebook.com\/Nachofdezber","article:author":"https:\/\/www.facebook.com\/carrenoactualidad","twitter:card":"summary_large_image","twitter:site":"@NabercoDigital","twitter:title":"A closer look at previous German managers in the Premier League | Cand\u00e1s 365","twitter:description":"Ralf Rangnick has been appointed as Manchester United's interim manager to become the sixth German to coach in the Premier League","twitter:creator":"@nbasturias","twitter:image":"https:\/\/candas365.es\/noticias\/wp-content\/uploads\/2021\/07\/footer_bg.jpg","twitter:label1":"Escrito por","twitter:data1":"Cand\u00e1s 365","twitter:label2":"Tiempo de lectura estimado","twitter:data2":"2 minutos"},"aioseo_meta_data":{"post_id":"159628","title":null,"description":"Ralf Rangnick has been appointed as Manchester United's interim manager to become the sixth German to coach in the Premier League","keywords":[],"keyphrases":{"focus":{"keyphrase":"Premier","score":78,"analysis":{"keyphraseInTitle":{"title":"Focus Keyphrase in SEO title","description":"Focus Keyphrase found in SEO title.","score":9,"maxScore":9,"error":0},"keyphraseInDescription":{"title":"Focus keyphrase in meta description","description":"Focus keyphrase found in meta description.","score":9,"maxScore":9,"error":0},"keyphraseInURL":[],"keyphraseLength":{"title":"Focus keyphrase length","description":"Good job!","score":9,"maxScore":9,"error":0,"length":1},"keyphraseInIntroduction":{"title":"Focus keyphrase in introduction","description":"Your Focus keyphrase appears in the first paragraph. Well done!","score":9,"maxScore":9,"error":0},"keyphraseInSubHeadings":{"title":"Focus Keyphrase in Subheadings","description":"Use your focus keyphrase more in your H2 and H3 subheadings.","score":3,"maxScore":9,"error":1},"keyphraseInImageAlt":{"title":"Focus keyphrase in image alt attributes","description":"Focus keyphrase not found in image alt attribute(s). Add an image with your Focus keyphrase as alt text.","score":3,"maxScore":9,"error":1}}},"additional":[{"keyphrase":"German to coach","score":83,"analysis":{"keyphraseInDescription":{"title":"Keyphrase in meta description","description":"Keyphrase found in meta description.","score":9,"maxScore":9,"error":0},"keyphraseLength":{"title":"Keyphrase length","description":"Good job!","score":9,"maxScore":9,"error":0,"length":3},"keyphraseInIntroduction":{"title":"Keyphrase in introduction","description":"Your Keyphrase appears in the first paragraph. Well done!","score":9,"maxScore":9,"error":0},"keyphraseInImageAlt":{"title":"Keyphrase in image alt attributes","description":"Keyphrase not found in image alt attribute(s). Add an image with your Keyphrase as alt text.","score":3,"maxScore":9,"error":1}}},{"keyphrase":"Ralf Rangnick ","score":83,"analysis":{"keyphraseInDescription":{"title":"Keyphrase in meta description","description":"Keyphrase found in meta description.","score":9,"maxScore":9,"error":0},"keyphraseLength":{"title":"Keyphrase length","description":"Good job!","score":9,"maxScore":9,"error":0,"length":2},"keyphraseInIntroduction":{"title":"Keyphrase in introduction","description":"Your Keyphrase appears in the first paragraph. Well done!","score":9,"maxScore":9,"error":0},"keyphraseInImageAlt":{"title":"Keyphrase in image alt attributes","description":"Keyphrase not found in image alt attribute(s). Add an image with your Keyphrase as alt text.","score":3,"maxScore":9,"error":1}}},{"keyphrase":"Premier League","score":83,"analysis":{"keyphraseInDescription":{"title":"Keyphrase in meta description","description":"Keyphrase found in meta description.","score":9,"maxScore":9,"error":0},"keyphraseLength":{"title":"Keyphrase length","description":"Good job!","score":9,"maxScore":9,"error":0,"length":2},"keyphraseInIntroduction":{"title":"Keyphrase in introduction","description":"Your Keyphrase appears in the first paragraph. Well done!","score":9,"maxScore":9,"error":0},"keyphraseInImageAlt":{"title":"Keyphrase in image alt attributes","description":"Keyphrase not found in image alt attribute(s). Add an image with your Keyphrase as alt text.","score":3,"maxScore":9,"error":1}}}]},"primary_term":null,"canonical_url":null,"og_title":null,"og_description":null,"og_object_type":"default","og_image_type":"default","og_image_url":null,"og_image_width":null,"og_image_height":null,"og_image_custom_url":null,"og_image_custom_fields":null,"og_video":"","og_custom_url":null,"og_article_section":null,"og_article_tags":[],"twitter_use_og":false,"twitter_card":"default","twitter_image_type":"default","twitter_image_url":null,"twitter_image_custom_url":null,"twitter_image_custom_fields":null,"twitter_title":null,"twitter_description":null,"schema":{"blockGraphs":[],"customGraphs":[],"default":{"data":{"Article":[],"Course":[],"Dataset":[],"FAQPage":[],"Movie":[],"Person":[],"Product":[],"ProductReview":[],"Car":[],"Recipe":[],"Service":[],"SoftwareApplication":[],"WebPage":[]},"graphName":"","isEnabled":true},"graphs":[],"defaultGraph":"Article","defaultPostTypeGraph":""},"schema_type":"default","schema_type_options":"{\"article\":{\"articleType\":\"BlogPosting\"},\"course\":{\"name\":\"\",\"description\":\"\",\"provider\":\"\"},\"faq\":{\"pages\":[]},\"product\":{\"reviews\":[]},\"recipe\":{\"ingredients\":[],\"instructions\":[],\"keywords\":[]},\"software\":{\"reviews\":[],\"operatingSystems\":[]},\"webPage\":{\"webPageType\":\"WebPage\"}}","pillar_content":false,"robots_default":true,"robots_noindex":false,"robots_noarchive":false,"robots_nosnippet":false,"robots_nofollow":false,"robots_noimageindex":false,"robots_noodp":false,"robots_notranslate":false,"robots_max_snippet":"-1","robots_max_videopreview":"-1","robots_max_imagepreview":"large","priority":null,"frequency":"default","location":null,"local_seo":null,"seo_analyzer_scan_date":"2025-09-01 03:56:28","breadcrumb_settings":null,"limit_modified_date":false,"reviewed_by":null,"open_ai":null,"ai":null,"created":"2021-11-29 15:22:19","updated":"2025-09-01 03:56:28"},"aioseo_breadcrumb":"<div class=\"aioseo-breadcrumbs\"><span class=\"aioseo-breadcrumb\">\n\t<a href=\"https:\/\/candas365.es\/noticias\" title=\"Home\">Home<\/a>\n<\/span><span class=\"aioseo-breadcrumb-separator\">&ndash;<\/span><span class=\"aioseo-breadcrumb\">\n\t<a href=\"https:\/\/candas365.es\/noticias\/category\/actualidad\/\" title=\"Actualidad\">Actualidad<\/a>\n<\/span><span class=\"aioseo-breadcrumb-separator\">&ndash;<\/span><span class=\"aioseo-breadcrumb\">\n\tA closer look at previous German managers in the Premier League\n<\/span><\/div>","aioseo_breadcrumb_json":[{"label":"Home","link":"https:\/\/candas365.es\/noticias"},{"label":"Actualidad","link":"https:\/\/candas365.es\/noticias\/category\/actualidad\/"},{"label":"A closer look at previous German managers in the Premier League","link":"https:\/\/candas365.es\/noticias\/a-closer-look-at-previous-german-managers-in-the-premier-league\/"}],"_links":{"self":[{"href":"https:\/\/candas365.es\/noticias\/wp-json\/wp\/v2\/posts\/159628","targetHints":{"allow":["GET"]}}],"collection":[{"href":"https:\/\/candas365.es\/noticias\/wp-json\/wp\/v2\/posts"}],"about":[{"href":"https:\/\/candas365.es\/noticias\/wp-json\/wp\/v2\/types\/post"}],"author":[{"embeddable":true,"href":"https:\/\/candas365.es\/noticias\/wp-json\/wp\/v2\/users\/1"}],"replies":[{"embeddable":true,"href":"https:\/\/candas365.es\/noticias\/wp-json\/wp\/v2\/comments?post=159628"}],"version-history":[{"count":0,"href":"https:\/\/candas365.es\/noticias\/wp-json\/wp\/v2\/posts\/159628\/revisions"}],"wp:featuredmedia":[{"embeddable":true,"href":"https:\/\/candas365.es\/noticias\/wp-json\/wp\/v2\/media\/156904"}],"wp:attachment":[{"href":"https:\/\/candas365.es\/noticias\/wp-json\/wp\/v2\/media?parent=159628"}],"wp:term":[{"taxonomy":"category","embeddable":true,"href":"https:\/\/candas365.es\/noticias\/wp-json\/wp\/v2\/categories?post=159628"},{"taxonomy":"post_tag","embeddable":true,"href":"https:\/\/candas365.es\/noticias\/wp-json\/wp\/v2\/tags?post=159628"}],"curies":[{"name":"wp","href":"https:\/\/api.w.org\/{rel}","templated":true}]}}