{"id":159616,"date":"2021-11-29T04:32:25","date_gmt":"2021-11-29T04:32:25","guid":{"rendered":"http:\/\/candas365.es\/noticias\/?p=159616"},"modified":"2021-11-29T04:32:25","modified_gmt":"2021-11-29T04:32:25","slug":"nasar-dagga-con-empeno-y-dedicacion-logro-ser-el-empresario-del-ano","status":"publish","type":"post","link":"https:\/\/candas365.es\/noticias\/nasar-dagga-con-empeno-y-dedicacion-logro-ser-el-empresario-del-ano\/","title":{"rendered":"Nasar Dagga, con empe\u00f1o y dedicaci\u00f3n logr\u00f3 ser el Empresario del A\u00f1o"},"content":{"rendered":"<p><a href=\"https:\/\/www.noticias-ahora.com\/tag\/nasar-dagga\/\" target=\"_blank\" rel=\"nofollow noopener\"><span style=\"font-weight: 400;\"><span style=\"color: #ff6600;\"><strong>Nasar Dagga<\/strong><\/span><\/span><\/a><span style=\"font-weight: 400;\"> puso empe\u00f1o, constancia, dedicaci\u00f3n y disciplina y logr\u00f3 ser el Empresario de 2021. Faltando apenas dos meses para que termine este a\u00f1o desde el mes de enero ha generado, puestos de empleo, ha cre\u00eddo en Venezuela y ha sido factor importante en la econom\u00eda del pa\u00eds.<\/span><\/p>\n<p><img fetchpriority=\"high\" decoding=\"async\" class=\"aligncenter wp-image-159617 size-large\" src=\"https:\/\/candas365.es\/noticias\/wp-content\/uploads\/2021\/11\/Nasar-Dagga-650x423.jpg\" alt=\"Nasar Dagga\" width=\"650\" height=\"423\" srcset=\"https:\/\/candas365.es\/noticias\/wp-content\/uploads\/2021\/11\/Nasar-Dagga-650x423.jpg 650w, https:\/\/candas365.es\/noticias\/wp-content\/uploads\/2021\/11\/Nasar-Dagga-360x235.jpg 360w, https:\/\/candas365.es\/noticias\/wp-content\/uploads\/2021\/11\/Nasar-Dagga-150x98.jpg 150w, https:\/\/candas365.es\/noticias\/wp-content\/uploads\/2021\/11\/Nasar-Dagga-450x293.jpg 450w, https:\/\/candas365.es\/noticias\/wp-content\/uploads\/2021\/11\/Nasar-Dagga.jpg 703w\" sizes=\"(max-width: 650px) 100vw, 650px\" \/><\/p>\n<p><span style=\"font-weight: 400;\">Lograr tal distinci\u00f3n como empresario no ha sido f\u00e1cil, han sido meses de trabajo duro, pero ha puesto mucho empe\u00f1o en cada una de sus empresas, logrando de esta manera que las mismas est\u00e9n a la vanguardia en el pa\u00eds. El presidente de CLX Official Partner de Samsung y representante \u00a0de Gad Tecnology de LG Corporation en Venezuela y nacido en el estado Carabobo es uno de los empresarios m\u00e1s j\u00f3venes que hay en el pa\u00eds.<\/span><\/p>\n<p><span style=\"font-weight: 400;\">Dagga ha sido la realidad de manejar las empresas en Venezuela, lo ha hecho creyendo en el pa\u00eds, ha sido adem\u00e1s un promotor de mostrar al mundo que se logran las cosas y manejando bien cada ganancia y teniendo un soporte como el de los trabajadores, quienes son la punta de lanza de este importante logro.<\/span><\/p>\n<h2><b>Presidente del Grupo CLX y su visi\u00f3n de empleos en Venezuela<\/b><\/h2>\n<p><span style=\"font-weight: 400;\">Cada empresa va generando m\u00e1s y m\u00e1s puestos de empleo y de esta manera da mayores ganancias al pa\u00eds. Para el Empresario del A\u00f1o es un reto que se abre para 2022 un a\u00f1o de muchas expectativas econ\u00f3micas para Venezuela.<\/span><\/p>\n<p><span style=\"font-weight: 400;\">\u201cSi este a\u00f1o trabajamos con empe\u00f1o y ah\u00ednco y logramos muchas cosas positivas, tenemos que hacer en 2022 el doble de las cosas para poder triunfar\u201d; coment\u00f3. Dagga tiene como norte una Venezuela que puede salir adelante con el empe\u00f1o y esfuerzo de todos y cree en la recuperaci\u00f3n econ\u00f3mica del pa\u00eds.<\/span><\/p>\n<p><span style=\"font-weight: 400;\">El a\u00f1o que viene representa una ventana para la inversi\u00f3n en el mejor pa\u00eds de Am\u00e9rica del Sur como lo es nuestra Venezuela. Donde la voluntad est\u00e1 en el coraz\u00f3n de nuestra gente y ellos son los baluartes para lograr las metas que queremos.<\/span><\/p>\n<p><span style=\"font-weight: 400;\">Para Dagga, Venezuela tiene un potencial inmenso en su gente, el ser venezolano es sin\u00f3nimo de luchar al \u00e9xito, y apuesta por nuestro pa\u00eds para estar entre los primeros en calidad y producci\u00f3n, gracias al esfuerzo de todos.<\/span><\/p>\n<h3><b>Fundaci\u00f3n Nasar Dagga, el esfuerzo brinda sus frutos<\/b><\/h3>\n<p><span style=\"font-weight: 400;\">La Fundaci\u00f3n Nasar Dagga poco a poco ha ido encaminada a ser una de las instituciones de ayuda social que va ayudando a m\u00e1s y m\u00e1s personas. La misma busca dar la mano amiga al progreso del pa\u00eds.<\/span><\/p>\n<p><span style=\"font-weight: 400;\">Dagga busca que la Fundaci\u00f3n sea una instituci\u00f3n pluralista que se afiance e su gente y en el salir adelante. No es solo la ayuda, es el seguimiento y el ver lo que puede ayudar, desde el arreglo de un pupitre en una escuela como un implemento para un deportista.<\/span><\/p>\n<p><span style=\"font-weight: 400;\">El objetivo principal de la Fundaci\u00f3n es crear, desarrollar ideas, impulsar en un futuro microempresas y que esto sustente la econom\u00eda del pa\u00eds. En otras palabras es cambiar la idea de lo que han sido las fundaciones que muchas veces se quedan en el dar, todo lo contrario es dar y desarrollar.<\/span><\/p>\n<p><span style=\"font-weight: 400;\">De esta manera el apoyo es mutuo y muy clave en el desarrollo \u00edntegro de Venezuela. Las fundaciones en la sociedad cumplen un papel importante y esto da mayor visi\u00f3n de pa\u00eds y apunta al \u00e9xito econ\u00f3mico.<\/span><\/p>\n","protected":false},"excerpt":{"rendered":"<p>Nasar Dagga puso empe\u00f1o, constancia, dedicaci\u00f3n y disciplina y logr\u00f3 ser el Empresario de 2021. Faltando apenas dos meses para que termine este a\u00f1o desde el mes de enero ha generado, puestos de empleo, ha cre\u00eddo en Venezuela y ha sido factor importante en la econom\u00eda del pa\u00eds. Lograr tal distinci\u00f3n como empresario no ha<\/p>\n","protected":false},"author":1,"featured_media":159617,"comment_status":"closed","ping_status":"closed","sticky":false,"template":"","format":"standard","meta":{"footnotes":""},"categories":[151],"tags":[437,383],"class_list":{"0":"post-159616","1":"post","2":"type-post","3":"status-publish","4":"format-standard","5":"has-post-thumbnail","7":"category-canal-empresas","8":"tag-economia","9":"tag-empresas"},"aioseo_notices":[],"aioseo_head":"\n\t\t<!-- All in One SEO Pro 4.9.6.2 - aioseo.com -->\n\t<meta name=\"description\" content=\"Nasar Dagga puso empe\u00f1o, constancia, dedicaci\u00f3n y disciplina y logr\u00f3 ser el Empresario de 2021. Faltando apenas dos meses para que termine este a\u00f1o\" \/>\n\t<meta name=\"robots\" content=\"max-image-preview:large\" \/>\n\t<meta name=\"author\" content=\"Cand\u00e1s 365\"\/>\n\t<meta name=\"google-site-verification\" content=\"UA-32230408-1\" \/>\n\t<meta name=\"msvalidate.01\" content=\"354F3CDFB2DA171B47FBE9ABF1F88D5\" \/>\n\t<meta name=\"keywords\" content=\"canal empresas\" \/>\n\t<link rel=\"canonical\" href=\"https:\/\/candas365.es\/noticias\/nasar-dagga-con-empeno-y-dedicacion-logro-ser-el-empresario-del-ano\/\" \/>\n\t<meta name=\"generator\" content=\"All in One SEO Pro (AIOSEO) 4.9.6.2\" \/>\n\t\t<meta property=\"og:locale\" content=\"es_ES\" \/>\n\t\t<meta property=\"og:site_name\" content=\"Cand\u00e1s 365\" \/>\n\t\t<meta property=\"og:type\" content=\"article\" \/>\n\t\t<meta property=\"og:title\" content=\"Nasar Dagga, con empe\u00f1o y dedicaci\u00f3n logr\u00f3 ser el Empresario del A\u00f1o | Cand\u00e1s 365\" \/>\n\t\t<meta property=\"og:description\" content=\"Nasar Dagga puso empe\u00f1o, constancia, dedicaci\u00f3n y disciplina y logr\u00f3 ser el Empresario de 2021. Faltando apenas dos meses para que termine este a\u00f1o\" \/>\n\t\t<meta property=\"og:url\" content=\"https:\/\/candas365.es\/noticias\/nasar-dagga-con-empeno-y-dedicacion-logro-ser-el-empresario-del-ano\/\" \/>\n\t\t<meta property=\"og:image\" content=\"https:\/\/candas365.es\/noticias\/wp-content\/uploads\/2021\/11\/Nasar-Dagga.jpg\" \/>\n\t\t<meta property=\"og:image:secure_url\" content=\"https:\/\/candas365.es\/noticias\/wp-content\/uploads\/2021\/11\/Nasar-Dagga.jpg\" \/>\n\t\t<meta property=\"og:image:width\" content=\"703\" \/>\n\t\t<meta property=\"og:image:height\" content=\"458\" \/>\n\t\t<meta property=\"article:published_time\" content=\"2021-11-29T04:32:25+00:00\" \/>\n\t\t<meta property=\"article:modified_time\" content=\"2021-11-29T04:32:25+00:00\" \/>\n\t\t<meta property=\"article:publisher\" content=\"https:\/\/www.facebook.com\/Nachofdezber\" \/>\n\t\t<meta property=\"article:author\" content=\"https:\/\/www.facebook.com\/carrenoactualidad\" \/>\n\t\t<meta name=\"twitter:card\" content=\"summary_large_image\" \/>\n\t\t<meta name=\"twitter:site\" content=\"@NabercoDigital\" \/>\n\t\t<meta name=\"twitter:title\" content=\"Nasar Dagga, con empe\u00f1o y dedicaci\u00f3n logr\u00f3 ser el Empresario del A\u00f1o | Cand\u00e1s 365\" \/>\n\t\t<meta name=\"twitter:description\" content=\"Nasar Dagga puso empe\u00f1o, constancia, dedicaci\u00f3n y disciplina y logr\u00f3 ser el Empresario de 2021. Faltando apenas dos meses para que termine este a\u00f1o\" \/>\n\t\t<meta name=\"twitter:creator\" content=\"@nbasturias\" \/>\n\t\t<meta name=\"twitter:image\" content=\"https:\/\/candas365.es\/noticias\/wp-content\/uploads\/2021\/11\/Nasar-Dagga.jpg\" \/>\n\t\t<meta name=\"twitter:label1\" content=\"Escrito por\" \/>\n\t\t<meta name=\"twitter:data1\" content=\"Cand\u00e1s 365\" \/>\n\t\t<meta name=\"twitter:label2\" content=\"Tiempo de lectura estimado\" \/>\n\t\t<meta name=\"twitter:data2\" content=\"3 minutos\" \/>\n\t\t<script type=\"application\/ld+json\" class=\"aioseo-schema\">\n\t\t\t{\"@context\":\"https:\\\/\\\/schema.org\",\"@graph\":[{\"@type\":\"BreadcrumbList\",\"@id\":\"https:\\\/\\\/candas365.es\\\/noticias\\\/nasar-dagga-con-empeno-y-dedicacion-logro-ser-el-empresario-del-ano\\\/#breadcrumblist\",\"itemListElement\":[{\"@type\":\"ListItem\",\"@id\":\"https:\\\/\\\/candas365.es\\\/noticias#listItem\",\"position\":1,\"name\":\"Home\",\"item\":\"https:\\\/\\\/candas365.es\\\/noticias\",\"nextItem\":{\"@type\":\"ListItem\",\"@id\":\"https:\\\/\\\/candas365.es\\\/noticias\\\/category\\\/canal-empresas\\\/#listItem\",\"name\":\"Canal Empresas\"}},{\"@type\":\"ListItem\",\"@id\":\"https:\\\/\\\/candas365.es\\\/noticias\\\/category\\\/canal-empresas\\\/#listItem\",\"position\":2,\"name\":\"Canal Empresas\",\"item\":\"https:\\\/\\\/candas365.es\\\/noticias\\\/category\\\/canal-empresas\\\/\",\"nextItem\":{\"@type\":\"ListItem\",\"@id\":\"https:\\\/\\\/candas365.es\\\/noticias\\\/nasar-dagga-con-empeno-y-dedicacion-logro-ser-el-empresario-del-ano\\\/#listItem\",\"name\":\"Nasar Dagga, con empe\\u00f1o y dedicaci\\u00f3n logr\\u00f3 ser el Empresario del A\\u00f1o\"},\"previousItem\":{\"@type\":\"ListItem\",\"@id\":\"https:\\\/\\\/candas365.es\\\/noticias#listItem\",\"name\":\"Home\"}},{\"@type\":\"ListItem\",\"@id\":\"https:\\\/\\\/candas365.es\\\/noticias\\\/nasar-dagga-con-empeno-y-dedicacion-logro-ser-el-empresario-del-ano\\\/#listItem\",\"position\":3,\"name\":\"Nasar Dagga, con empe\\u00f1o y dedicaci\\u00f3n logr\\u00f3 ser el Empresario del A\\u00f1o\",\"previousItem\":{\"@type\":\"ListItem\",\"@id\":\"https:\\\/\\\/candas365.es\\\/noticias\\\/category\\\/canal-empresas\\\/#listItem\",\"name\":\"Canal Empresas\"}}]},{\"@type\":\"NewsArticle\",\"@id\":\"https:\\\/\\\/candas365.es\\\/noticias\\\/nasar-dagga-con-empeno-y-dedicacion-logro-ser-el-empresario-del-ano\\\/#newsarticle\",\"name\":\"Nasar Dagga, con empe\\u00f1o y dedicaci\\u00f3n logr\\u00f3 ser el Empresario del A\\u00f1o | Cand\\u00e1s 365\",\"headline\":\"Nasar Dagga, con empe\\u00f1o y dedicaci\\u00f3n logr\\u00f3 ser el Empresario del A\\u00f1o\",\"author\":{\"@id\":\"https:\\\/\\\/candas365.es\\\/noticias\\\/author\\\/admin\\\/#author\"},\"publisher\":{\"@id\":\"https:\\\/\\\/candas365.es\\\/noticias\\\/#organization\"},\"image\":{\"@type\":\"ImageObject\",\"url\":\"https:\\\/\\\/candas365.es\\\/noticias\\\/wp-content\\\/uploads\\\/2021\\\/11\\\/Nasar-Dagga.jpg\",\"width\":703,\"height\":458,\"caption\":\"Nasar Dagga\"},\"datePublished\":\"2021-11-29T04:32:25+01:00\",\"dateModified\":\"2021-11-29T04:32:25+01:00\",\"inLanguage\":\"es-ES\",\"mainEntityOfPage\":{\"@id\":\"https:\\\/\\\/candas365.es\\\/noticias\\\/nasar-dagga-con-empeno-y-dedicacion-logro-ser-el-empresario-del-ano\\\/#webpage\"},\"isPartOf\":{\"@id\":\"https:\\\/\\\/candas365.es\\\/noticias\\\/nasar-dagga-con-empeno-y-dedicacion-logro-ser-el-empresario-del-ano\\\/#webpage\"},\"articleSection\":\"Canal Empresas, Econom\\u00eda, empresas\",\"dateline\":\"Publicado el noviembre 29, 2021.\"},{\"@type\":\"Organization\",\"@id\":\"https:\\\/\\\/candas365.es\\\/noticias\\\/#organization\",\"name\":\"Cand\\u00e1s 365\",\"description\":\"Cand\\u00e1s 365 es un diario digital independiente, fundado en 2012, con base en Asturias. Informamos con rigor sobre actualidad, sociedad, cultura y ocio, con una mirada local y global.\",\"url\":\"https:\\\/\\\/candas365.es\\\/noticias\\\/\",\"email\":\"info@candas365.es\",\"telephone\":\"+34652131393\",\"foundingDate\":\"2012-06-10\",\"logo\":{\"@type\":\"ImageObject\",\"url\":\"https:\\\/\\\/candas365.es\\\/noticias\\\/wp-content\\\/uploads\\\/2024\\\/09\\\/Candas-365-Redes.jpg\",\"@id\":\"https:\\\/\\\/candas365.es\\\/noticias\\\/nasar-dagga-con-empeno-y-dedicacion-logro-ser-el-empresario-del-ano\\\/#organizationLogo\",\"width\":1152,\"height\":864,\"caption\":\"Cand\\u00e1s 365 Redes\"},\"image\":{\"@id\":\"https:\\\/\\\/candas365.es\\\/noticias\\\/nasar-dagga-con-empeno-y-dedicacion-logro-ser-el-empresario-del-ano\\\/#organizationLogo\"},\"sameAs\":[\"https:\\\/\\\/www.facebook.com\\\/Nachofdezber\",\"https:\\\/\\\/x.com\\\/NabercoDigital\",\"https:\\\/\\\/www.instagram.com\\\/nachofdezber\\\/\",\"https:\\\/\\\/www.youtube.com\\\/channel\\\/UCZP-2wLEB9Rv6erhFmqVnvg\"],\"address\":{\"@id\":\"https:\\\/\\\/candas365.es\\\/noticias\\\/#postaladdress\",\"@type\":\"PostalAddress\",\"streetAddress\":\"san antonio 4, san antonio 4\",\"postalCode\":\"33430\",\"addressLocality\":\"Cand\\u00e1s\",\"addressRegion\":\"Asturias\",\"addressCountry\":\"ES\"}},{\"@type\":\"Person\",\"@id\":\"https:\\\/\\\/candas365.es\\\/noticias\\\/author\\\/admin\\\/#author\",\"url\":\"https:\\\/\\\/candas365.es\\\/noticias\\\/author\\\/admin\\\/\",\"name\":\"Cand\\u00e1s 365\",\"image\":{\"@type\":\"ImageObject\",\"@id\":\"https:\\\/\\\/candas365.es\\\/noticias\\\/nasar-dagga-con-empeno-y-dedicacion-logro-ser-el-empresario-del-ano\\\/#authorImage\",\"url\":\"https:\\\/\\\/secure.gravatar.com\\\/avatar\\\/496a8e03d0c493ede1718b7934145dbdf8d89be1036b0eec9544e1094c9de390?s=96&d=mm&r=g\",\"width\":96,\"height\":96,\"caption\":\"Cand\\u00e1s 365\"},\"sameAs\":[\"https:\\\/\\\/www.facebook.com\\\/carrenoactualidad\",\"https:\\\/\\\/twitter.com\\\/nbasturias\",\"https:\\\/\\\/www.instagram.com\\\/nachofdezber\\\/\",\"https:\\\/\\\/www.youtube.com\\\/channel\\\/UCZP-2wLEB9Rv6erhFmqVnvg\"]},{\"@type\":\"WebPage\",\"@id\":\"https:\\\/\\\/candas365.es\\\/noticias\\\/nasar-dagga-con-empeno-y-dedicacion-logro-ser-el-empresario-del-ano\\\/#webpage\",\"url\":\"https:\\\/\\\/candas365.es\\\/noticias\\\/nasar-dagga-con-empeno-y-dedicacion-logro-ser-el-empresario-del-ano\\\/\",\"name\":\"Nasar Dagga, con empe\\u00f1o y dedicaci\\u00f3n logr\\u00f3 ser el Empresario del A\\u00f1o | Cand\\u00e1s 365\",\"description\":\"Nasar Dagga puso empe\\u00f1o, constancia, dedicaci\\u00f3n y disciplina y logr\\u00f3 ser el Empresario de 2021. Faltando apenas dos meses para que termine este a\\u00f1o\",\"inLanguage\":\"es-ES\",\"isPartOf\":{\"@id\":\"https:\\\/\\\/candas365.es\\\/noticias\\\/#website\"},\"breadcrumb\":{\"@id\":\"https:\\\/\\\/candas365.es\\\/noticias\\\/nasar-dagga-con-empeno-y-dedicacion-logro-ser-el-empresario-del-ano\\\/#breadcrumblist\"},\"author\":{\"@id\":\"https:\\\/\\\/candas365.es\\\/noticias\\\/author\\\/admin\\\/#author\"},\"creator\":{\"@id\":\"https:\\\/\\\/candas365.es\\\/noticias\\\/author\\\/admin\\\/#author\"},\"image\":{\"@type\":\"ImageObject\",\"url\":\"https:\\\/\\\/candas365.es\\\/noticias\\\/wp-content\\\/uploads\\\/2021\\\/11\\\/Nasar-Dagga.jpg\",\"@id\":\"https:\\\/\\\/candas365.es\\\/noticias\\\/nasar-dagga-con-empeno-y-dedicacion-logro-ser-el-empresario-del-ano\\\/#mainImage\",\"width\":703,\"height\":458,\"caption\":\"Nasar Dagga\"},\"primaryImageOfPage\":{\"@id\":\"https:\\\/\\\/candas365.es\\\/noticias\\\/nasar-dagga-con-empeno-y-dedicacion-logro-ser-el-empresario-del-ano\\\/#mainImage\"},\"datePublished\":\"2021-11-29T04:32:25+01:00\",\"dateModified\":\"2021-11-29T04:32:25+01:00\"},{\"@type\":\"WebSite\",\"@id\":\"https:\\\/\\\/candas365.es\\\/noticias\\\/#website\",\"url\":\"https:\\\/\\\/candas365.es\\\/noticias\\\/\",\"name\":\"Cand\\u00e1s 365\",\"alternateName\":\"Cand\\u00e1s 365 Noticias\",\"description\":\"Actualidad desde Carre\\u00f1o para el mundo\",\"inLanguage\":\"es-ES\",\"publisher\":{\"@id\":\"https:\\\/\\\/candas365.es\\\/noticias\\\/#organization\"}}]}\n\t\t<\/script>\n\t\t<!-- All in One SEO Pro -->\r\n\t\t<title>Nasar Dagga, con empe\u00f1o y dedicaci\u00f3n logr\u00f3 ser el Empresario del A\u00f1o | Cand\u00e1s 365<\/title>\n\n","aioseo_head_json":{"title":"Nasar Dagga, con empe\u00f1o y dedicaci\u00f3n logr\u00f3 ser el Empresario del A\u00f1o | Cand\u00e1s 365","description":"Nasar Dagga puso empe\u00f1o, constancia, dedicaci\u00f3n y disciplina y logr\u00f3 ser el Empresario de 2021. Faltando apenas dos meses para que termine este a\u00f1o","canonical_url":"https:\/\/candas365.es\/noticias\/nasar-dagga-con-empeno-y-dedicacion-logro-ser-el-empresario-del-ano\/","robots":"max-image-preview:large","keywords":"canal empresas","webmasterTools":{"google-site-verification":"UA-32230408-1","msvalidate.01":"354F3CDFB2DA171B47FBE9ABF1F88D5","miscellaneous":""},"schema":{"@context":"https:\/\/schema.org","@graph":[{"@type":"BreadcrumbList","@id":"https:\/\/candas365.es\/noticias\/nasar-dagga-con-empeno-y-dedicacion-logro-ser-el-empresario-del-ano\/#breadcrumblist","itemListElement":[{"@type":"ListItem","@id":"https:\/\/candas365.es\/noticias#listItem","position":1,"name":"Home","item":"https:\/\/candas365.es\/noticias","nextItem":{"@type":"ListItem","@id":"https:\/\/candas365.es\/noticias\/category\/canal-empresas\/#listItem","name":"Canal Empresas"}},{"@type":"ListItem","@id":"https:\/\/candas365.es\/noticias\/category\/canal-empresas\/#listItem","position":2,"name":"Canal Empresas","item":"https:\/\/candas365.es\/noticias\/category\/canal-empresas\/","nextItem":{"@type":"ListItem","@id":"https:\/\/candas365.es\/noticias\/nasar-dagga-con-empeno-y-dedicacion-logro-ser-el-empresario-del-ano\/#listItem","name":"Nasar Dagga, con empe\u00f1o y dedicaci\u00f3n logr\u00f3 ser el Empresario del A\u00f1o"},"previousItem":{"@type":"ListItem","@id":"https:\/\/candas365.es\/noticias#listItem","name":"Home"}},{"@type":"ListItem","@id":"https:\/\/candas365.es\/noticias\/nasar-dagga-con-empeno-y-dedicacion-logro-ser-el-empresario-del-ano\/#listItem","position":3,"name":"Nasar Dagga, con empe\u00f1o y dedicaci\u00f3n logr\u00f3 ser el Empresario del A\u00f1o","previousItem":{"@type":"ListItem","@id":"https:\/\/candas365.es\/noticias\/category\/canal-empresas\/#listItem","name":"Canal Empresas"}}]},{"@type":"NewsArticle","@id":"https:\/\/candas365.es\/noticias\/nasar-dagga-con-empeno-y-dedicacion-logro-ser-el-empresario-del-ano\/#newsarticle","name":"Nasar Dagga, con empe\u00f1o y dedicaci\u00f3n logr\u00f3 ser el Empresario del A\u00f1o | Cand\u00e1s 365","headline":"Nasar Dagga, con empe\u00f1o y dedicaci\u00f3n logr\u00f3 ser el Empresario del A\u00f1o","author":{"@id":"https:\/\/candas365.es\/noticias\/author\/admin\/#author"},"publisher":{"@id":"https:\/\/candas365.es\/noticias\/#organization"},"image":{"@type":"ImageObject","url":"https:\/\/candas365.es\/noticias\/wp-content\/uploads\/2021\/11\/Nasar-Dagga.jpg","width":703,"height":458,"caption":"Nasar Dagga"},"datePublished":"2021-11-29T04:32:25+01:00","dateModified":"2021-11-29T04:32:25+01:00","inLanguage":"es-ES","mainEntityOfPage":{"@id":"https:\/\/candas365.es\/noticias\/nasar-dagga-con-empeno-y-dedicacion-logro-ser-el-empresario-del-ano\/#webpage"},"isPartOf":{"@id":"https:\/\/candas365.es\/noticias\/nasar-dagga-con-empeno-y-dedicacion-logro-ser-el-empresario-del-ano\/#webpage"},"articleSection":"Canal Empresas, Econom\u00eda, empresas","dateline":"Publicado el noviembre 29, 2021."},{"@type":"Organization","@id":"https:\/\/candas365.es\/noticias\/#organization","name":"Cand\u00e1s 365","description":"Cand\u00e1s 365 es un diario digital independiente, fundado en 2012, con base en Asturias. Informamos con rigor sobre actualidad, sociedad, cultura y ocio, con una mirada local y global.","url":"https:\/\/candas365.es\/noticias\/","email":"info@candas365.es","telephone":"+34652131393","foundingDate":"2012-06-10","logo":{"@type":"ImageObject","url":"https:\/\/candas365.es\/noticias\/wp-content\/uploads\/2024\/09\/Candas-365-Redes.jpg","@id":"https:\/\/candas365.es\/noticias\/nasar-dagga-con-empeno-y-dedicacion-logro-ser-el-empresario-del-ano\/#organizationLogo","width":1152,"height":864,"caption":"Cand\u00e1s 365 Redes"},"image":{"@id":"https:\/\/candas365.es\/noticias\/nasar-dagga-con-empeno-y-dedicacion-logro-ser-el-empresario-del-ano\/#organizationLogo"},"sameAs":["https:\/\/www.facebook.com\/Nachofdezber","https:\/\/x.com\/NabercoDigital","https:\/\/www.instagram.com\/nachofdezber\/","https:\/\/www.youtube.com\/channel\/UCZP-2wLEB9Rv6erhFmqVnvg"],"address":{"@id":"https:\/\/candas365.es\/noticias\/#postaladdress","@type":"PostalAddress","streetAddress":"san antonio 4, san antonio 4","postalCode":"33430","addressLocality":"Cand\u00e1s","addressRegion":"Asturias","addressCountry":"ES"}},{"@type":"Person","@id":"https:\/\/candas365.es\/noticias\/author\/admin\/#author","url":"https:\/\/candas365.es\/noticias\/author\/admin\/","name":"Cand\u00e1s 365","image":{"@type":"ImageObject","@id":"https:\/\/candas365.es\/noticias\/nasar-dagga-con-empeno-y-dedicacion-logro-ser-el-empresario-del-ano\/#authorImage","url":"https:\/\/secure.gravatar.com\/avatar\/496a8e03d0c493ede1718b7934145dbdf8d89be1036b0eec9544e1094c9de390?s=96&d=mm&r=g","width":96,"height":96,"caption":"Cand\u00e1s 365"},"sameAs":["https:\/\/www.facebook.com\/carrenoactualidad","https:\/\/twitter.com\/nbasturias","https:\/\/www.instagram.com\/nachofdezber\/","https:\/\/www.youtube.com\/channel\/UCZP-2wLEB9Rv6erhFmqVnvg"]},{"@type":"WebPage","@id":"https:\/\/candas365.es\/noticias\/nasar-dagga-con-empeno-y-dedicacion-logro-ser-el-empresario-del-ano\/#webpage","url":"https:\/\/candas365.es\/noticias\/nasar-dagga-con-empeno-y-dedicacion-logro-ser-el-empresario-del-ano\/","name":"Nasar Dagga, con empe\u00f1o y dedicaci\u00f3n logr\u00f3 ser el Empresario del A\u00f1o | Cand\u00e1s 365","description":"Nasar Dagga puso empe\u00f1o, constancia, dedicaci\u00f3n y disciplina y logr\u00f3 ser el Empresario de 2021. Faltando apenas dos meses para que termine este a\u00f1o","inLanguage":"es-ES","isPartOf":{"@id":"https:\/\/candas365.es\/noticias\/#website"},"breadcrumb":{"@id":"https:\/\/candas365.es\/noticias\/nasar-dagga-con-empeno-y-dedicacion-logro-ser-el-empresario-del-ano\/#breadcrumblist"},"author":{"@id":"https:\/\/candas365.es\/noticias\/author\/admin\/#author"},"creator":{"@id":"https:\/\/candas365.es\/noticias\/author\/admin\/#author"},"image":{"@type":"ImageObject","url":"https:\/\/candas365.es\/noticias\/wp-content\/uploads\/2021\/11\/Nasar-Dagga.jpg","@id":"https:\/\/candas365.es\/noticias\/nasar-dagga-con-empeno-y-dedicacion-logro-ser-el-empresario-del-ano\/#mainImage","width":703,"height":458,"caption":"Nasar Dagga"},"primaryImageOfPage":{"@id":"https:\/\/candas365.es\/noticias\/nasar-dagga-con-empeno-y-dedicacion-logro-ser-el-empresario-del-ano\/#mainImage"},"datePublished":"2021-11-29T04:32:25+01:00","dateModified":"2021-11-29T04:32:25+01:00"},{"@type":"WebSite","@id":"https:\/\/candas365.es\/noticias\/#website","url":"https:\/\/candas365.es\/noticias\/","name":"Cand\u00e1s 365","alternateName":"Cand\u00e1s 365 Noticias","description":"Actualidad desde Carre\u00f1o para el mundo","inLanguage":"es-ES","publisher":{"@id":"https:\/\/candas365.es\/noticias\/#organization"}}]},"og:locale":"es_ES","og:site_name":"Cand\u00e1s 365","og:type":"article","og:title":"Nasar Dagga, con empe\u00f1o y dedicaci\u00f3n logr\u00f3 ser el Empresario del A\u00f1o | Cand\u00e1s 365","og:description":"Nasar Dagga puso empe\u00f1o, constancia, dedicaci\u00f3n y disciplina y logr\u00f3 ser el Empresario de 2021. Faltando apenas dos meses para que termine este a\u00f1o","og:url":"https:\/\/candas365.es\/noticias\/nasar-dagga-con-empeno-y-dedicacion-logro-ser-el-empresario-del-ano\/","og:image":"https:\/\/candas365.es\/noticias\/wp-content\/uploads\/2021\/11\/Nasar-Dagga.jpg","og:image:secure_url":"https:\/\/candas365.es\/noticias\/wp-content\/uploads\/2021\/11\/Nasar-Dagga.jpg","og:image:width":703,"og:image:height":458,"article:published_time":"2021-11-29T04:32:25+00:00","article:modified_time":"2021-11-29T04:32:25+00:00","article:publisher":"https:\/\/www.facebook.com\/Nachofdezber","article:author":"https:\/\/www.facebook.com\/carrenoactualidad","twitter:card":"summary_large_image","twitter:site":"@NabercoDigital","twitter:title":"Nasar Dagga, con empe\u00f1o y dedicaci\u00f3n logr\u00f3 ser el Empresario del A\u00f1o | Cand\u00e1s 365","twitter:description":"Nasar Dagga puso empe\u00f1o, constancia, dedicaci\u00f3n y disciplina y logr\u00f3 ser el Empresario de 2021. Faltando apenas dos meses para que termine este a\u00f1o","twitter:creator":"@nbasturias","twitter:image":"https:\/\/candas365.es\/noticias\/wp-content\/uploads\/2021\/11\/Nasar-Dagga.jpg","twitter:label1":"Escrito por","twitter:data1":"Cand\u00e1s 365","twitter:label2":"Tiempo de lectura estimado","twitter:data2":"3 minutos"},"aioseo_meta_data":{"post_id":"159616","title":null,"description":"Nasar Dagga puso empe\u00f1o, constancia, dedicaci\u00f3n y disciplina y logr\u00f3 ser el Empresario de 2021. Faltando apenas dos meses para que termine este a\u00f1o","keywords":[],"keyphrases":{"focus":{"keyphrase":"Nasar Dagga","score":100,"analysis":{"keyphraseInTitle":{"title":"Focus Keyphrase in SEO title","description":"Focus Keyphrase found in SEO title.","score":9,"maxScore":9,"error":0},"keyphraseInDescription":{"title":"Focus keyphrase in meta description","description":"Focus keyphrase found in meta description.","score":9,"maxScore":9,"error":0},"keyphraseInURL":[],"keyphraseLength":{"title":"Focus keyphrase length","description":"Good job!","score":9,"maxScore":9,"error":0,"length":2},"keyphraseInIntroduction":{"title":"Focus keyphrase in introduction","description":"Your Focus keyphrase appears in the first paragraph. Well done!","score":9,"maxScore":9,"error":0},"keyphraseInSubHeadings":{"title":"Focus Keyphrase in Subheadings","description":"Your H2 and H3 subheadings reflects the topic of your copy. Good job!","score":9,"maxScore":9,"error":0},"keyphraseInImageAlt":{"title":"Focus keyphrase in image alt attributes","description":"Focus keyphrase found in image alt attribute(s).","score":9,"maxScore":9,"error":0}}},"additional":[{"keyphrase":"Empresario de 2021","score":83,"analysis":{"keyphraseInDescription":{"title":"Keyphrase in meta description","description":"Keyphrase found in meta description.","score":9,"maxScore":9,"error":0},"keyphraseLength":{"title":"Keyphrase length","description":"Good job!","score":9,"maxScore":9,"error":0,"length":2},"keyphraseInIntroduction":{"title":"Keyphrase in introduction","description":"Your Keyphrase appears in the first paragraph. Well done!","score":9,"maxScore":9,"error":0},"keyphraseInImageAlt":{"title":"Keyphrase in image alt attributes","description":"Keyphrase not found in image alt attribute(s). Add an image with your Keyphrase as alt text.","score":3,"maxScore":9,"error":1}}}]},"primary_term":null,"canonical_url":null,"og_title":null,"og_description":null,"og_object_type":"default","og_image_type":"default","og_image_url":null,"og_image_width":null,"og_image_height":null,"og_image_custom_url":null,"og_image_custom_fields":null,"og_video":"","og_custom_url":null,"og_article_section":null,"og_article_tags":[],"twitter_use_og":false,"twitter_card":"default","twitter_image_type":"default","twitter_image_url":null,"twitter_image_custom_url":null,"twitter_image_custom_fields":null,"twitter_title":null,"twitter_description":null,"schema":{"blockGraphs":[],"customGraphs":[],"default":{"data":{"Article":[],"Course":[],"Dataset":[],"FAQPage":[],"Movie":[],"Person":[],"Product":[],"ProductReview":[],"Car":[],"Recipe":[],"Service":[],"SoftwareApplication":[],"WebPage":[]},"graphName":"","isEnabled":true},"graphs":[],"defaultGraph":"Article","defaultPostTypeGraph":""},"schema_type":"default","schema_type_options":"{\"article\":{\"articleType\":\"BlogPosting\"},\"course\":{\"name\":\"\",\"description\":\"\",\"provider\":\"\"},\"faq\":{\"pages\":[]},\"product\":{\"reviews\":[]},\"recipe\":{\"ingredients\":[],\"instructions\":[],\"keywords\":[]},\"software\":{\"reviews\":[],\"operatingSystems\":[]},\"webPage\":{\"webPageType\":\"WebPage\"}}","pillar_content":false,"robots_default":true,"robots_noindex":false,"robots_noarchive":false,"robots_nosnippet":false,"robots_nofollow":false,"robots_noimageindex":false,"robots_noodp":false,"robots_notranslate":false,"robots_max_snippet":"-1","robots_max_videopreview":"-1","robots_max_imagepreview":"large","priority":null,"frequency":"default","location":null,"local_seo":null,"seo_analyzer_scan_date":"2025-09-01 03:56:24","breadcrumb_settings":null,"limit_modified_date":false,"reviewed_by":null,"open_ai":null,"ai":null,"created":"2021-11-29 04:02:09","updated":"2025-09-01 03:56:24"},"aioseo_breadcrumb":"<div class=\"aioseo-breadcrumbs\"><span class=\"aioseo-breadcrumb\">\n\t<a href=\"https:\/\/candas365.es\/noticias\" title=\"Home\">Home<\/a>\n<\/span><span class=\"aioseo-breadcrumb-separator\">&ndash;<\/span><span class=\"aioseo-breadcrumb\">\n\t<a href=\"https:\/\/candas365.es\/noticias\/category\/canal-empresas\/\" title=\"Canal Empresas\">Canal Empresas<\/a>\n<\/span><span class=\"aioseo-breadcrumb-separator\">&ndash;<\/span><span class=\"aioseo-breadcrumb\">\n\tNasar Dagga, con empe\u00f1o y dedicaci\u00f3n logr\u00f3 ser el Empresario del A\u00f1o\n<\/span><\/div>","aioseo_breadcrumb_json":[{"label":"Home","link":"https:\/\/candas365.es\/noticias"},{"label":"Canal Empresas","link":"https:\/\/candas365.es\/noticias\/category\/canal-empresas\/"},{"label":"Nasar Dagga, con empe\u00f1o y dedicaci\u00f3n logr\u00f3 ser el Empresario del A\u00f1o","link":"https:\/\/candas365.es\/noticias\/nasar-dagga-con-empeno-y-dedicacion-logro-ser-el-empresario-del-ano\/"}],"_links":{"self":[{"href":"https:\/\/candas365.es\/noticias\/wp-json\/wp\/v2\/posts\/159616","targetHints":{"allow":["GET"]}}],"collection":[{"href":"https:\/\/candas365.es\/noticias\/wp-json\/wp\/v2\/posts"}],"about":[{"href":"https:\/\/candas365.es\/noticias\/wp-json\/wp\/v2\/types\/post"}],"author":[{"embeddable":true,"href":"https:\/\/candas365.es\/noticias\/wp-json\/wp\/v2\/users\/1"}],"replies":[{"embeddable":true,"href":"https:\/\/candas365.es\/noticias\/wp-json\/wp\/v2\/comments?post=159616"}],"version-history":[{"count":0,"href":"https:\/\/candas365.es\/noticias\/wp-json\/wp\/v2\/posts\/159616\/revisions"}],"wp:featuredmedia":[{"embeddable":true,"href":"https:\/\/candas365.es\/noticias\/wp-json\/wp\/v2\/media\/159617"}],"wp:attachment":[{"href":"https:\/\/candas365.es\/noticias\/wp-json\/wp\/v2\/media?parent=159616"}],"wp:term":[{"taxonomy":"category","embeddable":true,"href":"https:\/\/candas365.es\/noticias\/wp-json\/wp\/v2\/categories?post=159616"},{"taxonomy":"post_tag","embeddable":true,"href":"https:\/\/candas365.es\/noticias\/wp-json\/wp\/v2\/tags?post=159616"}],"curies":[{"name":"wp","href":"https:\/\/api.w.org\/{rel}","templated":true}]}}