{"id":158881,"date":"2021-10-20T10:59:38","date_gmt":"2021-10-20T10:59:38","guid":{"rendered":"http:\/\/candas365.es\/noticias\/?p=158881"},"modified":"2021-10-20T10:59:38","modified_gmt":"2021-10-20T10:59:38","slug":"el-equipo-sp80-preparado-para-un-nuevo-reto-alcanzar-el-record-del-mundo-de-velocidad-a-vela","status":"publish","type":"post","link":"https:\/\/candas365.es\/noticias\/el-equipo-sp80-preparado-para-un-nuevo-reto-alcanzar-el-record-del-mundo-de-velocidad-a-vela\/","title":{"rendered":"El equipo SP80, preparado para un nuevo reto: alcanzar el r\u00e9cord del mundo de velocidad a vela"},"content":{"rendered":"<p><b>VENEZUELA <\/b><span style=\"font-weight: 400;\">&#8211; El nuevo informe, redactado por el periodista venezolano <\/span><span style=\"color: #ff6600;\"><strong><a style=\"color: #ff6600;\" href=\"https:\/\/tomaseliasgonzalezbenitezvenezuela.com\/richard-mille-y-sp80-por-el-record-mundial\/\" target=\"_blank\" rel=\"nofollow noopener\">Tom\u00e1s El\u00edas Gonz\u00e1lez Ben\u00edtez<\/a><\/strong><\/span><i><span style=\"font-weight: 400;\">, <\/span><\/i><span style=\"font-weight: 400;\">analiza, en profundidad, la fusi\u00f3n entre Richard Mille y SP80, en su \u00faltimo desaf\u00edo: construir un barco que rompa el r\u00e9cord mundial de velocidad a vela, el pr\u00f3ximo a\u00f1o.<\/span><\/p>\n<figure id=\"attachment_158882\" aria-describedby=\"caption-attachment-158882\" style=\"width: 650px\" class=\"wp-caption aligncenter\"><img fetchpriority=\"high\" decoding=\"async\" class=\"wp-image-158882 size-large\" src=\"https:\/\/candas365.es\/noticias\/wp-content\/uploads\/2021\/10\/equipo-SP80-650x430.jpg\" alt=\"equipo SP80\" width=\"650\" height=\"430\" srcset=\"https:\/\/candas365.es\/noticias\/wp-content\/uploads\/2021\/10\/equipo-SP80-650x430.jpg 650w, https:\/\/candas365.es\/noticias\/wp-content\/uploads\/2021\/10\/equipo-SP80-360x238.jpg 360w, https:\/\/candas365.es\/noticias\/wp-content\/uploads\/2021\/10\/equipo-SP80-150x99.jpg 150w, https:\/\/candas365.es\/noticias\/wp-content\/uploads\/2021\/10\/equipo-SP80-450x298.jpg 450w, https:\/\/candas365.es\/noticias\/wp-content\/uploads\/2021\/10\/equipo-SP80.jpg 687w\" sizes=\"(max-width: 650px) 100vw, 650px\" \/><figcaption id=\"caption-attachment-158882\" class=\"wp-caption-text\">Richard Mille y SP80 se asocian para conseguir su \u00faltimo desaf\u00edo, en 2022<\/figcaption><\/figure>\n<h2><b>\u00bfCu\u00e1l es el proyecto entre SP80 y Richard Mille?<\/b><\/h2>\n<p><span style=\"font-weight: 400;\">La marca, Richard Mille, se ha unido al constructor naval suizo SP80 en el nuevo reto que se ha planteado: batir en 2022 el r\u00e9cord del mundo de velocidad a vela.<\/span><\/p>\n<p><span style=\"font-weight: 400;\">North Thin Ply Technology (NTPT), l\u00edder, a nivel mundial, de materiales preimpregnados, tambi\u00e9n contribuye en esta aventura proporcionando carbono TPT para la estructura del barco.<\/span><\/p>\n<p><span style=\"font-weight: 400;\">El equipo ya puede ponerse a trabajar en la fase crucial de la fabricaci\u00f3n del velero, que deber\u00e1 alcanzar los 150 km\/h, solo con la fuerza del viento.<\/span><\/p>\n<p><span style=\"font-weight: 400;\">Richard Mille siempre ha estado fascinado por la velocidad, la aeron\u00e1utica y los desarrollos tecnol\u00f3gicos extremos.<\/span><\/p>\n<p><span style=\"font-weight: 400;\">Cuando NTPT, socio de Richard Mille desde hace muchos a\u00f1os, present\u00f3 el nuevo proyecto, la decisi\u00f3n de la marca de relojes fue la esperada por su p\u00fablico.<\/span><\/p>\n<p><i><span style=\"font-weight: 400;\">\u201cAnimada por la voluntad de alcanzar su objetivo, SP80 no duda en romper los c\u00f3digos de la vela, y es esta misma audacia la que gu\u00eda a la marca desde hace veinte a\u00f1os. En esta joven empresa encontramos la efervescencia de un equipo entusiasta y con talento\u201d, <\/span><\/i><span style=\"font-weight: 400;\">comunic\u00f3 el director de marketing, Tim Malachard<\/span><i><span style=\"font-weight: 400;\">.<\/span><\/i><\/p>\n<h2><b>La historia de SP80<\/b><\/h2>\n<p><span style=\"font-weight: 400;\">SP80 fue fundado, en 2018, por Xavier Lepercq, Beno\u00eet Gaudiot y Mayeul van den Broek, tres ingenieros apasionados por el kitesurf, los veleros de todo tipo y las traves\u00edas oce\u00e1nicas.<\/span><\/p>\n<p><span style=\"font-weight: 400;\">Hoy en d\u00eda, la empresa cuenta con unos 40 ingenieros y estudiantes de la Escuela Polit\u00e9cnica Federal de Lausana (EPFL).<\/span><\/p>\n<p><span style=\"font-weight: 400;\">Para batir el r\u00e9cord mundial de velocidad de 65 nudos (121 km \/ h) establecido en 2012, el equipo SP80 ha decidido buscar una soluci\u00f3n completamente innovadora.<\/span><\/p>\n<p><span style=\"font-weight: 400;\">As\u00ed pues, est\u00e1 desarrollando un velero con un dise\u00f1o diferente al del resto del mercado: mide 7 metros de largo y 6 metros de ancho con un casco fabricado \u00edntegramente de Carbon TPT y es remolcado por una vela de kitesurf con una envergadura de m\u00e1s de 20 m.<\/span><\/p>\n<h2><b>El objetivo: el velero con mayor velocidad, en la historia<\/b><\/h2>\n<p><span style=\"font-weight: 400;\">El equipo t\u00e9cnico ha desarrollado un <\/span><i><span style=\"font-weight: 400;\">superventilante, <\/span><\/i><span style=\"font-weight: 400;\">que es un h\u00edbrido entre barco, avi\u00f3n y coche de F\u00f3rmula 1, que adhiere el velero a la superficie del agua para garantizar su estabilidad y equilibrio a altas velocidades.<\/span><\/p>\n<p><span style=\"font-weight: 400;\">Esta tecnolog\u00eda evita la vaporizaci\u00f3n del agua procedente de una depresi\u00f3n demasiado fuerte que afecta al rendimiento.<\/span><\/p>\n<p><span style=\"font-weight: 400;\">Adem\u00e1s, se ha patentado un nuevo modelo de gesti\u00f3n de la potencia, que env\u00eda toda la fuerza del ala al foil del barco, manteniendo el equilibrio a alta velocidad.<\/span><\/p>\n<p><i><span style=\"font-weight: 400;\">\u201cEsta colaboraci\u00f3n es el encuentro entre dos empresas comprometidas con la b\u00fasqueda del rendimiento, la excepci\u00f3n y la innovaci\u00f3n. Nos parecemos hasta en nuestros respectivos procesos de producci\u00f3n, en torno a un material, el carbono TPT, presente en la composici\u00f3n de los relojes Mille y de nuestro barco. La implicaci\u00f3n de Richard Mille en la aventura SP80 es todo un orgullo y una fuente incre\u00edble de motivaci\u00f3n para nuestro joven equipo. Gracias a ella, podemos acelerar nuestro desarrollo e iniciar la construcci\u00f3n del velero para realizar las primeras navegaciones, en 2020\u201d, <\/span><\/i><span style=\"font-weight: 400;\">indica el cofundador de SP80, Mayuel van den Broek.<\/span><\/p>\n","protected":false},"excerpt":{"rendered":"<p>VENEZUELA &#8211; El nuevo informe, redactado por el periodista venezolano Tom\u00e1s El\u00edas Gonz\u00e1lez Ben\u00edtez, analiza, en profundidad, la fusi\u00f3n entre Richard Mille y SP80, en su \u00faltimo desaf\u00edo: construir un barco que rompa el r\u00e9cord mundial de velocidad a vela, el pr\u00f3ximo a\u00f1o. \u00bfCu\u00e1l es el proyecto entre SP80 y Richard Mille? La marca, Richard<\/p>\n","protected":false},"author":1,"featured_media":158882,"comment_status":"closed","ping_status":"closed","sticky":false,"template":"","format":"standard","meta":{"footnotes":""},"categories":[319],"tags":[387],"class_list":{"0":"post-158881","1":"post","2":"type-post","3":"status-publish","4":"format-standard","5":"has-post-thumbnail","7":"category-deporte","8":"tag-deporte"},"aioseo_notices":[],"aioseo_head":"\n\t\t<!-- All in One SEO Pro 4.9.6.2 - aioseo.com -->\n\t<meta name=\"description\" content=\"El nuevo informe, redactado por el periodista venezolano Tom\u00e1s El\u00edas Gonz\u00e1lez Ben\u00edtez, analiza, en profundidad, la fusi\u00f3n entre Richard Mille\" \/>\n\t<meta name=\"robots\" content=\"max-image-preview:large\" \/>\n\t<meta name=\"author\" content=\"Cand\u00e1s 365\"\/>\n\t<meta name=\"google-site-verification\" content=\"UA-32230408-1\" \/>\n\t<meta name=\"msvalidate.01\" content=\"354F3CDFB2DA171B47FBE9ABF1F88D5\" \/>\n\t<meta name=\"keywords\" content=\"deporte\" \/>\n\t<link rel=\"canonical\" href=\"https:\/\/candas365.es\/noticias\/el-equipo-sp80-preparado-para-un-nuevo-reto-alcanzar-el-record-del-mundo-de-velocidad-a-vela\/\" \/>\n\t<meta name=\"generator\" content=\"All in One SEO Pro (AIOSEO) 4.9.6.2\" \/>\n\t\t<meta property=\"og:locale\" content=\"es_ES\" \/>\n\t\t<meta property=\"og:site_name\" content=\"Cand\u00e1s 365\" \/>\n\t\t<meta property=\"og:type\" content=\"article\" \/>\n\t\t<meta property=\"og:title\" content=\"El equipo SP80, preparado para un nuevo reto: alcanzar el r\u00e9cord del mundo de velocidad a vela | Cand\u00e1s 365\" \/>\n\t\t<meta property=\"og:description\" content=\"El nuevo informe, redactado por el periodista venezolano Tom\u00e1s El\u00edas Gonz\u00e1lez Ben\u00edtez, analiza, en profundidad, la fusi\u00f3n entre Richard Mille\" \/>\n\t\t<meta property=\"og:url\" content=\"https:\/\/candas365.es\/noticias\/el-equipo-sp80-preparado-para-un-nuevo-reto-alcanzar-el-record-del-mundo-de-velocidad-a-vela\/\" \/>\n\t\t<meta property=\"og:image\" content=\"https:\/\/candas365.es\/noticias\/wp-content\/uploads\/2021\/10\/equipo-SP80.jpg\" \/>\n\t\t<meta property=\"og:image:secure_url\" content=\"https:\/\/candas365.es\/noticias\/wp-content\/uploads\/2021\/10\/equipo-SP80.jpg\" \/>\n\t\t<meta property=\"og:image:width\" content=\"687\" \/>\n\t\t<meta property=\"og:image:height\" content=\"455\" \/>\n\t\t<meta property=\"article:published_time\" content=\"2021-10-20T10:59:38+00:00\" \/>\n\t\t<meta property=\"article:modified_time\" content=\"2021-10-20T10:59:38+00:00\" \/>\n\t\t<meta property=\"article:publisher\" content=\"https:\/\/www.facebook.com\/Nachofdezber\" \/>\n\t\t<meta property=\"article:author\" content=\"https:\/\/www.facebook.com\/carrenoactualidad\" \/>\n\t\t<meta name=\"twitter:card\" content=\"summary_large_image\" \/>\n\t\t<meta name=\"twitter:site\" content=\"@NabercoDigital\" \/>\n\t\t<meta name=\"twitter:title\" content=\"El equipo SP80, preparado para un nuevo reto: alcanzar el r\u00e9cord del mundo de velocidad a vela | Cand\u00e1s 365\" \/>\n\t\t<meta name=\"twitter:description\" content=\"El nuevo informe, redactado por el periodista venezolano Tom\u00e1s El\u00edas Gonz\u00e1lez Ben\u00edtez, analiza, en profundidad, la fusi\u00f3n entre Richard Mille\" \/>\n\t\t<meta name=\"twitter:creator\" content=\"@nbasturias\" \/>\n\t\t<meta name=\"twitter:image\" content=\"https:\/\/candas365.es\/noticias\/wp-content\/uploads\/2021\/10\/equipo-SP80.jpg\" \/>\n\t\t<meta name=\"twitter:label1\" content=\"Escrito por\" \/>\n\t\t<meta name=\"twitter:data1\" content=\"Cand\u00e1s 365\" \/>\n\t\t<meta name=\"twitter:label2\" content=\"Tiempo de lectura estimado\" \/>\n\t\t<meta name=\"twitter:data2\" content=\"3 minutos\" \/>\n\t\t<script type=\"application\/ld+json\" class=\"aioseo-schema\">\n\t\t\t{\"@context\":\"https:\\\/\\\/schema.org\",\"@graph\":[{\"@type\":\"BreadcrumbList\",\"@id\":\"https:\\\/\\\/candas365.es\\\/noticias\\\/el-equipo-sp80-preparado-para-un-nuevo-reto-alcanzar-el-record-del-mundo-de-velocidad-a-vela\\\/#breadcrumblist\",\"itemListElement\":[{\"@type\":\"ListItem\",\"@id\":\"https:\\\/\\\/candas365.es\\\/noticias#listItem\",\"position\":1,\"name\":\"Home\",\"item\":\"https:\\\/\\\/candas365.es\\\/noticias\",\"nextItem\":{\"@type\":\"ListItem\",\"@id\":\"https:\\\/\\\/candas365.es\\\/noticias\\\/category\\\/deporte\\\/#listItem\",\"name\":\"Deporte\"}},{\"@type\":\"ListItem\",\"@id\":\"https:\\\/\\\/candas365.es\\\/noticias\\\/category\\\/deporte\\\/#listItem\",\"position\":2,\"name\":\"Deporte\",\"item\":\"https:\\\/\\\/candas365.es\\\/noticias\\\/category\\\/deporte\\\/\",\"nextItem\":{\"@type\":\"ListItem\",\"@id\":\"https:\\\/\\\/candas365.es\\\/noticias\\\/el-equipo-sp80-preparado-para-un-nuevo-reto-alcanzar-el-record-del-mundo-de-velocidad-a-vela\\\/#listItem\",\"name\":\"El equipo SP80, preparado para un nuevo reto: alcanzar el r\\u00e9cord del mundo de velocidad a vela\"},\"previousItem\":{\"@type\":\"ListItem\",\"@id\":\"https:\\\/\\\/candas365.es\\\/noticias#listItem\",\"name\":\"Home\"}},{\"@type\":\"ListItem\",\"@id\":\"https:\\\/\\\/candas365.es\\\/noticias\\\/el-equipo-sp80-preparado-para-un-nuevo-reto-alcanzar-el-record-del-mundo-de-velocidad-a-vela\\\/#listItem\",\"position\":3,\"name\":\"El equipo SP80, preparado para un nuevo reto: alcanzar el r\\u00e9cord del mundo de velocidad a vela\",\"previousItem\":{\"@type\":\"ListItem\",\"@id\":\"https:\\\/\\\/candas365.es\\\/noticias\\\/category\\\/deporte\\\/#listItem\",\"name\":\"Deporte\"}}]},{\"@type\":\"NewsArticle\",\"@id\":\"https:\\\/\\\/candas365.es\\\/noticias\\\/el-equipo-sp80-preparado-para-un-nuevo-reto-alcanzar-el-record-del-mundo-de-velocidad-a-vela\\\/#newsarticle\",\"name\":\"El equipo SP80, preparado para un nuevo reto: alcanzar el r\\u00e9cord del mundo de velocidad a vela | Cand\\u00e1s 365\",\"headline\":\"El equipo SP80, preparado para un nuevo reto: alcanzar el r\\u00e9cord del mundo de velocidad a vela\",\"author\":{\"@id\":\"https:\\\/\\\/candas365.es\\\/noticias\\\/author\\\/admin\\\/#author\"},\"publisher\":{\"@id\":\"https:\\\/\\\/candas365.es\\\/noticias\\\/#organization\"},\"image\":{\"@type\":\"ImageObject\",\"url\":\"https:\\\/\\\/candas365.es\\\/noticias\\\/wp-content\\\/uploads\\\/2021\\\/10\\\/equipo-SP80.jpg\",\"width\":687,\"height\":455,\"caption\":\"Richard Mille y SP80 se asocian para conseguir su \\u00faltimo desaf\\u00edo, en 2022\"},\"datePublished\":\"2021-10-20T10:59:38+02:00\",\"dateModified\":\"2021-10-20T10:59:38+02:00\",\"inLanguage\":\"es-ES\",\"mainEntityOfPage\":{\"@id\":\"https:\\\/\\\/candas365.es\\\/noticias\\\/el-equipo-sp80-preparado-para-un-nuevo-reto-alcanzar-el-record-del-mundo-de-velocidad-a-vela\\\/#webpage\"},\"isPartOf\":{\"@id\":\"https:\\\/\\\/candas365.es\\\/noticias\\\/el-equipo-sp80-preparado-para-un-nuevo-reto-alcanzar-el-record-del-mundo-de-velocidad-a-vela\\\/#webpage\"},\"articleSection\":\"Deporte, deporte\",\"dateline\":\"Publicado el octubre 20, 2021.\"},{\"@type\":\"Organization\",\"@id\":\"https:\\\/\\\/candas365.es\\\/noticias\\\/#organization\",\"name\":\"Cand\\u00e1s 365\",\"description\":\"Cand\\u00e1s 365 es un diario digital independiente, fundado en 2012, con base en Asturias. Informamos con rigor sobre actualidad, sociedad, cultura y ocio, con una mirada local y global.\",\"url\":\"https:\\\/\\\/candas365.es\\\/noticias\\\/\",\"email\":\"info@candas365.es\",\"telephone\":\"+34652131393\",\"foundingDate\":\"2012-06-10\",\"logo\":{\"@type\":\"ImageObject\",\"url\":\"https:\\\/\\\/candas365.es\\\/noticias\\\/wp-content\\\/uploads\\\/2024\\\/09\\\/Candas-365-Redes.jpg\",\"@id\":\"https:\\\/\\\/candas365.es\\\/noticias\\\/el-equipo-sp80-preparado-para-un-nuevo-reto-alcanzar-el-record-del-mundo-de-velocidad-a-vela\\\/#organizationLogo\",\"width\":1152,\"height\":864,\"caption\":\"Cand\\u00e1s 365 Redes\"},\"image\":{\"@id\":\"https:\\\/\\\/candas365.es\\\/noticias\\\/el-equipo-sp80-preparado-para-un-nuevo-reto-alcanzar-el-record-del-mundo-de-velocidad-a-vela\\\/#organizationLogo\"},\"sameAs\":[\"https:\\\/\\\/www.facebook.com\\\/Nachofdezber\",\"https:\\\/\\\/x.com\\\/NabercoDigital\",\"https:\\\/\\\/www.instagram.com\\\/nachofdezber\\\/\",\"https:\\\/\\\/www.youtube.com\\\/channel\\\/UCZP-2wLEB9Rv6erhFmqVnvg\"],\"address\":{\"@id\":\"https:\\\/\\\/candas365.es\\\/noticias\\\/#postaladdress\",\"@type\":\"PostalAddress\",\"streetAddress\":\"san antonio 4, san antonio 4\",\"postalCode\":\"33430\",\"addressLocality\":\"Cand\\u00e1s\",\"addressRegion\":\"Asturias\",\"addressCountry\":\"ES\"}},{\"@type\":\"Person\",\"@id\":\"https:\\\/\\\/candas365.es\\\/noticias\\\/author\\\/admin\\\/#author\",\"url\":\"https:\\\/\\\/candas365.es\\\/noticias\\\/author\\\/admin\\\/\",\"name\":\"Cand\\u00e1s 365\",\"image\":{\"@type\":\"ImageObject\",\"@id\":\"https:\\\/\\\/candas365.es\\\/noticias\\\/el-equipo-sp80-preparado-para-un-nuevo-reto-alcanzar-el-record-del-mundo-de-velocidad-a-vela\\\/#authorImage\",\"url\":\"https:\\\/\\\/secure.gravatar.com\\\/avatar\\\/496a8e03d0c493ede1718b7934145dbdf8d89be1036b0eec9544e1094c9de390?s=96&d=mm&r=g\",\"width\":96,\"height\":96,\"caption\":\"Cand\\u00e1s 365\"},\"sameAs\":[\"https:\\\/\\\/www.facebook.com\\\/carrenoactualidad\",\"https:\\\/\\\/twitter.com\\\/nbasturias\",\"https:\\\/\\\/www.instagram.com\\\/nachofdezber\\\/\",\"https:\\\/\\\/www.youtube.com\\\/channel\\\/UCZP-2wLEB9Rv6erhFmqVnvg\"]},{\"@type\":\"WebPage\",\"@id\":\"https:\\\/\\\/candas365.es\\\/noticias\\\/el-equipo-sp80-preparado-para-un-nuevo-reto-alcanzar-el-record-del-mundo-de-velocidad-a-vela\\\/#webpage\",\"url\":\"https:\\\/\\\/candas365.es\\\/noticias\\\/el-equipo-sp80-preparado-para-un-nuevo-reto-alcanzar-el-record-del-mundo-de-velocidad-a-vela\\\/\",\"name\":\"El equipo SP80, preparado para un nuevo reto: alcanzar el r\\u00e9cord del mundo de velocidad a vela | Cand\\u00e1s 365\",\"description\":\"El nuevo informe, redactado por el periodista venezolano Tom\\u00e1s El\\u00edas Gonz\\u00e1lez Ben\\u00edtez, analiza, en profundidad, la fusi\\u00f3n entre Richard Mille\",\"inLanguage\":\"es-ES\",\"isPartOf\":{\"@id\":\"https:\\\/\\\/candas365.es\\\/noticias\\\/#website\"},\"breadcrumb\":{\"@id\":\"https:\\\/\\\/candas365.es\\\/noticias\\\/el-equipo-sp80-preparado-para-un-nuevo-reto-alcanzar-el-record-del-mundo-de-velocidad-a-vela\\\/#breadcrumblist\"},\"author\":{\"@id\":\"https:\\\/\\\/candas365.es\\\/noticias\\\/author\\\/admin\\\/#author\"},\"creator\":{\"@id\":\"https:\\\/\\\/candas365.es\\\/noticias\\\/author\\\/admin\\\/#author\"},\"image\":{\"@type\":\"ImageObject\",\"url\":\"https:\\\/\\\/candas365.es\\\/noticias\\\/wp-content\\\/uploads\\\/2021\\\/10\\\/equipo-SP80.jpg\",\"@id\":\"https:\\\/\\\/candas365.es\\\/noticias\\\/el-equipo-sp80-preparado-para-un-nuevo-reto-alcanzar-el-record-del-mundo-de-velocidad-a-vela\\\/#mainImage\",\"width\":687,\"height\":455,\"caption\":\"Richard Mille y SP80 se asocian para conseguir su \\u00faltimo desaf\\u00edo, en 2022\"},\"primaryImageOfPage\":{\"@id\":\"https:\\\/\\\/candas365.es\\\/noticias\\\/el-equipo-sp80-preparado-para-un-nuevo-reto-alcanzar-el-record-del-mundo-de-velocidad-a-vela\\\/#mainImage\"},\"datePublished\":\"2021-10-20T10:59:38+02:00\",\"dateModified\":\"2021-10-20T10:59:38+02:00\"},{\"@type\":\"WebSite\",\"@id\":\"https:\\\/\\\/candas365.es\\\/noticias\\\/#website\",\"url\":\"https:\\\/\\\/candas365.es\\\/noticias\\\/\",\"name\":\"Cand\\u00e1s 365\",\"alternateName\":\"Cand\\u00e1s 365 Noticias\",\"description\":\"Actualidad desde Carre\\u00f1o para el mundo\",\"inLanguage\":\"es-ES\",\"publisher\":{\"@id\":\"https:\\\/\\\/candas365.es\\\/noticias\\\/#organization\"}}]}\n\t\t<\/script>\n\t\t<!-- All in One SEO Pro -->\r\n\t\t<title>El equipo SP80, preparado para un nuevo reto: alcanzar el r\u00e9cord del mundo de velocidad a vela | Cand\u00e1s 365<\/title>\n\n","aioseo_head_json":{"title":"El equipo SP80, preparado para un nuevo reto: alcanzar el r\u00e9cord del mundo de velocidad a vela | Cand\u00e1s 365","description":"El nuevo informe, redactado por el periodista venezolano Tom\u00e1s El\u00edas Gonz\u00e1lez Ben\u00edtez, analiza, en profundidad, la fusi\u00f3n entre Richard Mille","canonical_url":"https:\/\/candas365.es\/noticias\/el-equipo-sp80-preparado-para-un-nuevo-reto-alcanzar-el-record-del-mundo-de-velocidad-a-vela\/","robots":"max-image-preview:large","keywords":"deporte","webmasterTools":{"google-site-verification":"UA-32230408-1","msvalidate.01":"354F3CDFB2DA171B47FBE9ABF1F88D5","miscellaneous":""},"schema":{"@context":"https:\/\/schema.org","@graph":[{"@type":"BreadcrumbList","@id":"https:\/\/candas365.es\/noticias\/el-equipo-sp80-preparado-para-un-nuevo-reto-alcanzar-el-record-del-mundo-de-velocidad-a-vela\/#breadcrumblist","itemListElement":[{"@type":"ListItem","@id":"https:\/\/candas365.es\/noticias#listItem","position":1,"name":"Home","item":"https:\/\/candas365.es\/noticias","nextItem":{"@type":"ListItem","@id":"https:\/\/candas365.es\/noticias\/category\/deporte\/#listItem","name":"Deporte"}},{"@type":"ListItem","@id":"https:\/\/candas365.es\/noticias\/category\/deporte\/#listItem","position":2,"name":"Deporte","item":"https:\/\/candas365.es\/noticias\/category\/deporte\/","nextItem":{"@type":"ListItem","@id":"https:\/\/candas365.es\/noticias\/el-equipo-sp80-preparado-para-un-nuevo-reto-alcanzar-el-record-del-mundo-de-velocidad-a-vela\/#listItem","name":"El equipo SP80, preparado para un nuevo reto: alcanzar el r\u00e9cord del mundo de velocidad a vela"},"previousItem":{"@type":"ListItem","@id":"https:\/\/candas365.es\/noticias#listItem","name":"Home"}},{"@type":"ListItem","@id":"https:\/\/candas365.es\/noticias\/el-equipo-sp80-preparado-para-un-nuevo-reto-alcanzar-el-record-del-mundo-de-velocidad-a-vela\/#listItem","position":3,"name":"El equipo SP80, preparado para un nuevo reto: alcanzar el r\u00e9cord del mundo de velocidad a vela","previousItem":{"@type":"ListItem","@id":"https:\/\/candas365.es\/noticias\/category\/deporte\/#listItem","name":"Deporte"}}]},{"@type":"NewsArticle","@id":"https:\/\/candas365.es\/noticias\/el-equipo-sp80-preparado-para-un-nuevo-reto-alcanzar-el-record-del-mundo-de-velocidad-a-vela\/#newsarticle","name":"El equipo SP80, preparado para un nuevo reto: alcanzar el r\u00e9cord del mundo de velocidad a vela | Cand\u00e1s 365","headline":"El equipo SP80, preparado para un nuevo reto: alcanzar el r\u00e9cord del mundo de velocidad a vela","author":{"@id":"https:\/\/candas365.es\/noticias\/author\/admin\/#author"},"publisher":{"@id":"https:\/\/candas365.es\/noticias\/#organization"},"image":{"@type":"ImageObject","url":"https:\/\/candas365.es\/noticias\/wp-content\/uploads\/2021\/10\/equipo-SP80.jpg","width":687,"height":455,"caption":"Richard Mille y SP80 se asocian para conseguir su \u00faltimo desaf\u00edo, en 2022"},"datePublished":"2021-10-20T10:59:38+02:00","dateModified":"2021-10-20T10:59:38+02:00","inLanguage":"es-ES","mainEntityOfPage":{"@id":"https:\/\/candas365.es\/noticias\/el-equipo-sp80-preparado-para-un-nuevo-reto-alcanzar-el-record-del-mundo-de-velocidad-a-vela\/#webpage"},"isPartOf":{"@id":"https:\/\/candas365.es\/noticias\/el-equipo-sp80-preparado-para-un-nuevo-reto-alcanzar-el-record-del-mundo-de-velocidad-a-vela\/#webpage"},"articleSection":"Deporte, deporte","dateline":"Publicado el octubre 20, 2021."},{"@type":"Organization","@id":"https:\/\/candas365.es\/noticias\/#organization","name":"Cand\u00e1s 365","description":"Cand\u00e1s 365 es un diario digital independiente, fundado en 2012, con base en Asturias. Informamos con rigor sobre actualidad, sociedad, cultura y ocio, con una mirada local y global.","url":"https:\/\/candas365.es\/noticias\/","email":"info@candas365.es","telephone":"+34652131393","foundingDate":"2012-06-10","logo":{"@type":"ImageObject","url":"https:\/\/candas365.es\/noticias\/wp-content\/uploads\/2024\/09\/Candas-365-Redes.jpg","@id":"https:\/\/candas365.es\/noticias\/el-equipo-sp80-preparado-para-un-nuevo-reto-alcanzar-el-record-del-mundo-de-velocidad-a-vela\/#organizationLogo","width":1152,"height":864,"caption":"Cand\u00e1s 365 Redes"},"image":{"@id":"https:\/\/candas365.es\/noticias\/el-equipo-sp80-preparado-para-un-nuevo-reto-alcanzar-el-record-del-mundo-de-velocidad-a-vela\/#organizationLogo"},"sameAs":["https:\/\/www.facebook.com\/Nachofdezber","https:\/\/x.com\/NabercoDigital","https:\/\/www.instagram.com\/nachofdezber\/","https:\/\/www.youtube.com\/channel\/UCZP-2wLEB9Rv6erhFmqVnvg"],"address":{"@id":"https:\/\/candas365.es\/noticias\/#postaladdress","@type":"PostalAddress","streetAddress":"san antonio 4, san antonio 4","postalCode":"33430","addressLocality":"Cand\u00e1s","addressRegion":"Asturias","addressCountry":"ES"}},{"@type":"Person","@id":"https:\/\/candas365.es\/noticias\/author\/admin\/#author","url":"https:\/\/candas365.es\/noticias\/author\/admin\/","name":"Cand\u00e1s 365","image":{"@type":"ImageObject","@id":"https:\/\/candas365.es\/noticias\/el-equipo-sp80-preparado-para-un-nuevo-reto-alcanzar-el-record-del-mundo-de-velocidad-a-vela\/#authorImage","url":"https:\/\/secure.gravatar.com\/avatar\/496a8e03d0c493ede1718b7934145dbdf8d89be1036b0eec9544e1094c9de390?s=96&d=mm&r=g","width":96,"height":96,"caption":"Cand\u00e1s 365"},"sameAs":["https:\/\/www.facebook.com\/carrenoactualidad","https:\/\/twitter.com\/nbasturias","https:\/\/www.instagram.com\/nachofdezber\/","https:\/\/www.youtube.com\/channel\/UCZP-2wLEB9Rv6erhFmqVnvg"]},{"@type":"WebPage","@id":"https:\/\/candas365.es\/noticias\/el-equipo-sp80-preparado-para-un-nuevo-reto-alcanzar-el-record-del-mundo-de-velocidad-a-vela\/#webpage","url":"https:\/\/candas365.es\/noticias\/el-equipo-sp80-preparado-para-un-nuevo-reto-alcanzar-el-record-del-mundo-de-velocidad-a-vela\/","name":"El equipo SP80, preparado para un nuevo reto: alcanzar el r\u00e9cord del mundo de velocidad a vela | Cand\u00e1s 365","description":"El nuevo informe, redactado por el periodista venezolano Tom\u00e1s El\u00edas Gonz\u00e1lez Ben\u00edtez, analiza, en profundidad, la fusi\u00f3n entre Richard Mille","inLanguage":"es-ES","isPartOf":{"@id":"https:\/\/candas365.es\/noticias\/#website"},"breadcrumb":{"@id":"https:\/\/candas365.es\/noticias\/el-equipo-sp80-preparado-para-un-nuevo-reto-alcanzar-el-record-del-mundo-de-velocidad-a-vela\/#breadcrumblist"},"author":{"@id":"https:\/\/candas365.es\/noticias\/author\/admin\/#author"},"creator":{"@id":"https:\/\/candas365.es\/noticias\/author\/admin\/#author"},"image":{"@type":"ImageObject","url":"https:\/\/candas365.es\/noticias\/wp-content\/uploads\/2021\/10\/equipo-SP80.jpg","@id":"https:\/\/candas365.es\/noticias\/el-equipo-sp80-preparado-para-un-nuevo-reto-alcanzar-el-record-del-mundo-de-velocidad-a-vela\/#mainImage","width":687,"height":455,"caption":"Richard Mille y SP80 se asocian para conseguir su \u00faltimo desaf\u00edo, en 2022"},"primaryImageOfPage":{"@id":"https:\/\/candas365.es\/noticias\/el-equipo-sp80-preparado-para-un-nuevo-reto-alcanzar-el-record-del-mundo-de-velocidad-a-vela\/#mainImage"},"datePublished":"2021-10-20T10:59:38+02:00","dateModified":"2021-10-20T10:59:38+02:00"},{"@type":"WebSite","@id":"https:\/\/candas365.es\/noticias\/#website","url":"https:\/\/candas365.es\/noticias\/","name":"Cand\u00e1s 365","alternateName":"Cand\u00e1s 365 Noticias","description":"Actualidad desde Carre\u00f1o para el mundo","inLanguage":"es-ES","publisher":{"@id":"https:\/\/candas365.es\/noticias\/#organization"}}]},"og:locale":"es_ES","og:site_name":"Cand\u00e1s 365","og:type":"article","og:title":"El equipo SP80, preparado para un nuevo reto: alcanzar el r\u00e9cord del mundo de velocidad a vela | Cand\u00e1s 365","og:description":"El nuevo informe, redactado por el periodista venezolano Tom\u00e1s El\u00edas Gonz\u00e1lez Ben\u00edtez, analiza, en profundidad, la fusi\u00f3n entre Richard Mille","og:url":"https:\/\/candas365.es\/noticias\/el-equipo-sp80-preparado-para-un-nuevo-reto-alcanzar-el-record-del-mundo-de-velocidad-a-vela\/","og:image":"https:\/\/candas365.es\/noticias\/wp-content\/uploads\/2021\/10\/equipo-SP80.jpg","og:image:secure_url":"https:\/\/candas365.es\/noticias\/wp-content\/uploads\/2021\/10\/equipo-SP80.jpg","og:image:width":687,"og:image:height":455,"article:published_time":"2021-10-20T10:59:38+00:00","article:modified_time":"2021-10-20T10:59:38+00:00","article:publisher":"https:\/\/www.facebook.com\/Nachofdezber","article:author":"https:\/\/www.facebook.com\/carrenoactualidad","twitter:card":"summary_large_image","twitter:site":"@NabercoDigital","twitter:title":"El equipo SP80, preparado para un nuevo reto: alcanzar el r\u00e9cord del mundo de velocidad a vela | Cand\u00e1s 365","twitter:description":"El nuevo informe, redactado por el periodista venezolano Tom\u00e1s El\u00edas Gonz\u00e1lez Ben\u00edtez, analiza, en profundidad, la fusi\u00f3n entre Richard Mille","twitter:creator":"@nbasturias","twitter:image":"https:\/\/candas365.es\/noticias\/wp-content\/uploads\/2021\/10\/equipo-SP80.jpg","twitter:label1":"Escrito por","twitter:data1":"Cand\u00e1s 365","twitter:label2":"Tiempo de lectura estimado","twitter:data2":"3 minutos"},"aioseo_meta_data":{"post_id":"158881","title":null,"description":"El nuevo informe, redactado por el periodista venezolano Tom\u00e1s El\u00edas Gonz\u00e1lez Ben\u00edtez, analiza, en profundidad, la fusi\u00f3n entre Richard Mille","keywords":[],"keyphrases":{"focus":{"keyphrase":"periodista ","score":67,"analysis":{"keyphraseInTitle":{"title":"Focus Keyphrase in SEO title","description":"Focus Keyphrase not found in SEO title.","score":3,"maxScore":9,"error":1},"keyphraseInDescription":{"title":"Focus keyphrase in meta description","description":"Focus keyphrase found in meta description.","score":9,"maxScore":9,"error":0},"keyphraseInURL":[],"keyphraseLength":{"title":"Focus keyphrase length","description":"Good job!","score":9,"maxScore":9,"error":0,"length":1},"keyphraseInIntroduction":{"title":"Focus keyphrase in introduction","description":"Your Focus keyphrase appears in the first paragraph. Well done!","score":9,"maxScore":9,"error":0},"keyphraseInSubHeadings":{"title":"Focus Keyphrase in Subheadings","description":"Use your focus keyphrase more in your H2 and H3 subheadings.","score":3,"maxScore":9,"error":1},"keyphraseInImageAlt":{"title":"Focus keyphrase in image alt attributes","description":"Focus keyphrase not found in image alt attribute(s). Add an image with your Focus keyphrase as alt text.","score":3,"maxScore":9,"error":1}}},"additional":[{"keyphrase":"informe","score":83,"analysis":{"keyphraseInDescription":{"title":"Keyphrase in meta description","description":"Keyphrase found in meta description.","score":9,"maxScore":9,"error":0},"keyphraseLength":{"title":"Keyphrase length","description":"Good job!","score":9,"maxScore":9,"error":0,"length":1},"keyphraseInIntroduction":{"title":"Keyphrase in introduction","description":"Your Keyphrase appears in the first paragraph. Well done!","score":9,"maxScore":9,"error":0},"keyphraseInImageAlt":{"title":"Keyphrase in image alt attributes","description":"Keyphrase not found in image alt attribute(s). Add an image with your Keyphrase as alt text.","score":3,"maxScore":9,"error":1}}},{"keyphrase":"Tom\u00e1s El\u00edas Gonz\u00e1lez Ben\u00edtez","score":83,"analysis":{"keyphraseInDescription":{"title":"Keyphrase in meta description","description":"Keyphrase found in meta description.","score":9,"maxScore":9,"error":0},"keyphraseLength":{"title":"Keyphrase length","description":"Good job!","score":9,"maxScore":9,"error":0,"length":4},"keyphraseInIntroduction":{"title":"Keyphrase in introduction","description":"Your Keyphrase appears in the first paragraph. Well done!","score":9,"maxScore":9,"error":0},"keyphraseInImageAlt":{"title":"Keyphrase in image alt attributes","description":"Keyphrase not found in image alt attribute(s). Add an image with your Keyphrase as alt text.","score":3,"maxScore":9,"error":1}}}]},"primary_term":null,"canonical_url":null,"og_title":null,"og_description":null,"og_object_type":"default","og_image_type":"default","og_image_url":null,"og_image_width":null,"og_image_height":null,"og_image_custom_url":null,"og_image_custom_fields":null,"og_video":"","og_custom_url":null,"og_article_section":null,"og_article_tags":[],"twitter_use_og":false,"twitter_card":"default","twitter_image_type":"default","twitter_image_url":null,"twitter_image_custom_url":null,"twitter_image_custom_fields":null,"twitter_title":null,"twitter_description":null,"schema":{"blockGraphs":[],"customGraphs":[],"default":{"data":{"Article":[],"Course":[],"Dataset":[],"FAQPage":[],"Movie":[],"Person":[],"Product":[],"ProductReview":[],"Car":[],"Recipe":[],"Service":[],"SoftwareApplication":[],"WebPage":[]},"graphName":"","isEnabled":true},"graphs":[],"defaultGraph":"Article","defaultPostTypeGraph":""},"schema_type":"default","schema_type_options":"{\"article\":{\"articleType\":\"BlogPosting\"},\"course\":{\"name\":\"\",\"description\":\"\",\"provider\":\"\"},\"faq\":{\"pages\":[]},\"product\":{\"reviews\":[]},\"recipe\":{\"ingredients\":[],\"instructions\":[],\"keywords\":[]},\"software\":{\"reviews\":[],\"operatingSystems\":[]},\"webPage\":{\"webPageType\":\"WebPage\"}}","pillar_content":false,"robots_default":true,"robots_noindex":false,"robots_noarchive":false,"robots_nosnippet":false,"robots_nofollow":false,"robots_noimageindex":false,"robots_noodp":false,"robots_notranslate":false,"robots_max_snippet":"-1","robots_max_videopreview":"-1","robots_max_imagepreview":"large","priority":null,"frequency":"default","location":null,"local_seo":null,"seo_analyzer_scan_date":"2025-09-01 03:09:09","breadcrumb_settings":null,"limit_modified_date":false,"reviewed_by":null,"open_ai":null,"ai":null,"created":"2021-10-20 10:55:59","updated":"2025-09-01 03:09:09"},"aioseo_breadcrumb":"<div class=\"aioseo-breadcrumbs\"><span class=\"aioseo-breadcrumb\">\n\t<a href=\"https:\/\/candas365.es\/noticias\" title=\"Home\">Home<\/a>\n<\/span><span class=\"aioseo-breadcrumb-separator\">&ndash;<\/span><span class=\"aioseo-breadcrumb\">\n\t<a href=\"https:\/\/candas365.es\/noticias\/category\/deporte\/\" title=\"Deporte\">Deporte<\/a>\n<\/span><span class=\"aioseo-breadcrumb-separator\">&ndash;<\/span><span class=\"aioseo-breadcrumb\">\n\tEl equipo SP80, preparado para un nuevo reto: alcanzar el r\u00e9cord del mundo de velocidad a vela\n<\/span><\/div>","aioseo_breadcrumb_json":[{"label":"Home","link":"https:\/\/candas365.es\/noticias"},{"label":"Deporte","link":"https:\/\/candas365.es\/noticias\/category\/deporte\/"},{"label":"El equipo SP80, preparado para un nuevo reto: alcanzar el r\u00e9cord del mundo de velocidad a vela","link":"https:\/\/candas365.es\/noticias\/el-equipo-sp80-preparado-para-un-nuevo-reto-alcanzar-el-record-del-mundo-de-velocidad-a-vela\/"}],"_links":{"self":[{"href":"https:\/\/candas365.es\/noticias\/wp-json\/wp\/v2\/posts\/158881","targetHints":{"allow":["GET"]}}],"collection":[{"href":"https:\/\/candas365.es\/noticias\/wp-json\/wp\/v2\/posts"}],"about":[{"href":"https:\/\/candas365.es\/noticias\/wp-json\/wp\/v2\/types\/post"}],"author":[{"embeddable":true,"href":"https:\/\/candas365.es\/noticias\/wp-json\/wp\/v2\/users\/1"}],"replies":[{"embeddable":true,"href":"https:\/\/candas365.es\/noticias\/wp-json\/wp\/v2\/comments?post=158881"}],"version-history":[{"count":0,"href":"https:\/\/candas365.es\/noticias\/wp-json\/wp\/v2\/posts\/158881\/revisions"}],"wp:featuredmedia":[{"embeddable":true,"href":"https:\/\/candas365.es\/noticias\/wp-json\/wp\/v2\/media\/158882"}],"wp:attachment":[{"href":"https:\/\/candas365.es\/noticias\/wp-json\/wp\/v2\/media?parent=158881"}],"wp:term":[{"taxonomy":"category","embeddable":true,"href":"https:\/\/candas365.es\/noticias\/wp-json\/wp\/v2\/categories?post=158881"},{"taxonomy":"post_tag","embeddable":true,"href":"https:\/\/candas365.es\/noticias\/wp-json\/wp\/v2\/tags?post=158881"}],"curies":[{"name":"wp","href":"https:\/\/api.w.org\/{rel}","templated":true}]}}