{"id":158855,"date":"2021-09-09T13:08:13","date_gmt":"2021-09-09T13:08:13","guid":{"rendered":"http:\/\/candas365.es\/noticias\/?p=158855"},"modified":"2021-10-18T13:12:20","modified_gmt":"2021-10-18T13:12:20","slug":"nueva-marcha-jubilar-de-las-mujeres-rurales-de-carreno","status":"publish","type":"post","link":"https:\/\/candas365.es\/noticias\/nueva-marcha-jubilar-de-las-mujeres-rurales-de-carreno\/","title":{"rendered":"Nueva marcha jubilar de las mujeres rurales de Carre\u00f1o"},"content":{"rendered":"<p><img fetchpriority=\"high\" decoding=\"async\" class=\"alignleft size-medium wp-image-158856\" src=\"https:\/\/candas365.es\/noticias\/wp-content\/uploads\/2021\/10\/Carreno-Sociedad-360x176.jpg\" alt=\"Carre\u00f1o Sociedad\" width=\"360\" height=\"176\" srcset=\"https:\/\/candas365.es\/noticias\/wp-content\/uploads\/2021\/10\/Carreno-Sociedad-360x176.jpg 360w, https:\/\/candas365.es\/noticias\/wp-content\/uploads\/2021\/10\/Carreno-Sociedad-650x318.jpg 650w, https:\/\/candas365.es\/noticias\/wp-content\/uploads\/2021\/10\/Carreno-Sociedad-768x376.jpg 768w, https:\/\/candas365.es\/noticias\/wp-content\/uploads\/2021\/10\/Carreno-Sociedad-150x73.jpg 150w, https:\/\/candas365.es\/noticias\/wp-content\/uploads\/2021\/10\/Carreno-Sociedad-450x220.jpg 450w, https:\/\/candas365.es\/noticias\/wp-content\/uploads\/2021\/10\/Carreno-Sociedad.jpg 977w\" sizes=\"(max-width: 360px) 100vw, 360px\" \/>A las 16:30 h. salieron de la ermita recorriendo a la inversa el antiguo Cam\u00edn de la Paxa, una ruta que hac\u00edan de madrugada las antiguas sardineras que ven\u00edan desde Cand\u00e1s para vender el pescado en el Font\u00e1n en Oviedo. La lluvia no detuvo a las andariegas. A mitad del camino, en la zona de Arquiella ( Perlora) habilitaron, en colaboraci\u00f3n con la Asamblea Local de Cruz Roja, la zona de avituallamiento para facilitar agua a las participantes. Al llegar a Cand\u00e1s hicieron una parada ante la escultura de Ant\u00f3n, \u201c La Marinera\u201d donde realizaron la foto de grupo como recuerdo gr\u00e1fico de la expedici\u00f3n. Una vez en Cand\u00e1s fueron recibidas por la Alcaldesa y la Concejala de Igualdad al t\u00e9rmino de la Junta de Gobierno Local.<\/p>\n<p>La asociaci\u00f3n de mujeres rurales de Carre\u00f1o \u201cNosotr@s\u201d fue la primera asociaci\u00f3n de mujeres legalmente constituida en el municipio de Carre\u00f1o, surgi\u00f3 casi a la par que el Ayuntamiento publicaba su I Plan de Igualdad de Oportunidades. Esta veterana asociaci\u00f3n cumple, junto con el resto de asociaciones que han ido surgiendo en los \u00faltimos a\u00f1os, un importante papel generando espacios para la interrelaci\u00f3n personal de las mujeres y aportando una serie de actividades que a su vez implican un refuerzo psicol\u00f3gico y emocional muy importante para las socias. En la actualidad adem\u00e1s de la Comisi\u00f3n de Igualdad participan en las Comisiones de gesti\u00f3n de los Fondos europeos LEADER y FEMP. Las doce parroquias de Carre\u00f1o se hallan representadas en esta asociaci\u00f3n, pues sus socias son mujeres que viven en todas las parroquias del concejo, once de ellas n\u00facleos rurales dispersos.<\/p>\n<p>Las integrantes de la asociaci\u00f3n merendaron juntas en un establecimiento de Cand\u00e1s, para seguidamente, las que as\u00ed lo desearon acudir a la Novena del Cristo.<\/p>\n<p>Mar\u00eda \u00c1lvarez (popularmente conocida como \u201cArgentina la de David de Duardo\u201d) vecina de Santa Eulalia de El Valle de Carre\u00f1o, a sus 91 a\u00f1os, fue la socia m\u00e1s longeva que particip\u00f3 en la actividad. No todas las socias pudieron completar la marcha, aquellas que por problemas de movilidad no pudieron realizarla se sumaron al encuentro y merienda posterior en Cand\u00e1s.<\/p>\n","protected":false},"excerpt":{"rendered":"<p>A las 16:30 h. salieron de la ermita recorriendo a la inversa el antiguo Cam\u00edn de la Paxa, una ruta que hac\u00edan de madrugada las antiguas sardineras que ven\u00edan desde Cand\u00e1s para vender el pescado en el Font\u00e1n en Oviedo. La lluvia no detuvo a las andariegas. A mitad del camino, en la zona de<\/p>\n","protected":false},"author":1,"featured_media":158856,"comment_status":"closed","ping_status":"closed","sticky":false,"template":"","format":"standard","meta":{"footnotes":""},"categories":[2],"tags":[366,365,408],"class_list":{"0":"post-158855","1":"post","2":"type-post","3":"status-publish","4":"format-standard","5":"has-post-thumbnail","7":"category-noticias-carreno","8":"tag-candas","9":"tag-carreno","10":"tag-sociedad"},"aioseo_notices":[],"aioseo_head":"\n\t\t<!-- All in One SEO Pro 4.9.6.2 - aioseo.com -->\n\t<meta name=\"description\" content=\"A las 16:30 h. salieron de la ermita recorriendo a la inversa el antiguo Cam\u00edn de la Paxa, una ruta que hac\u00edan de madrugada las antiguas sardineras\" \/>\n\t<meta name=\"robots\" content=\"max-image-preview:large\" \/>\n\t<meta name=\"author\" content=\"Cand\u00e1s 365\"\/>\n\t<meta name=\"google-site-verification\" content=\"UA-32230408-1\" \/>\n\t<meta name=\"msvalidate.01\" content=\"354F3CDFB2DA171B47FBE9ABF1F88D5\" \/>\n\t<meta name=\"keywords\" content=\"noticias carre\u00f1o\" \/>\n\t<link rel=\"canonical\" href=\"https:\/\/candas365.es\/noticias\/nueva-marcha-jubilar-de-las-mujeres-rurales-de-carreno\/\" \/>\n\t<meta name=\"generator\" content=\"All in One SEO Pro (AIOSEO) 4.9.6.2\" \/>\n\t\t<meta property=\"og:locale\" content=\"es_ES\" \/>\n\t\t<meta property=\"og:site_name\" content=\"Cand\u00e1s 365\" \/>\n\t\t<meta property=\"og:type\" content=\"article\" \/>\n\t\t<meta property=\"og:title\" content=\"Nueva marcha jubilar de las mujeres rurales de Carre\u00f1o | Cand\u00e1s 365\" \/>\n\t\t<meta property=\"og:description\" content=\"A las 16:30 h. salieron de la ermita recorriendo a la inversa el antiguo Cam\u00edn de la Paxa, una ruta que hac\u00edan de madrugada las antiguas sardineras\" \/>\n\t\t<meta property=\"og:url\" content=\"https:\/\/candas365.es\/noticias\/nueva-marcha-jubilar-de-las-mujeres-rurales-de-carreno\/\" \/>\n\t\t<meta property=\"og:image\" content=\"https:\/\/candas365.es\/noticias\/wp-content\/uploads\/2021\/10\/Carreno-Sociedad.jpg\" \/>\n\t\t<meta property=\"og:image:secure_url\" content=\"https:\/\/candas365.es\/noticias\/wp-content\/uploads\/2021\/10\/Carreno-Sociedad.jpg\" \/>\n\t\t<meta property=\"og:image:width\" content=\"977\" \/>\n\t\t<meta property=\"og:image:height\" content=\"478\" \/>\n\t\t<meta property=\"article:published_time\" content=\"2021-09-09T13:08:13+00:00\" \/>\n\t\t<meta property=\"article:modified_time\" content=\"2021-10-18T13:12:20+00:00\" \/>\n\t\t<meta property=\"article:publisher\" content=\"https:\/\/www.facebook.com\/Nachofdezber\" \/>\n\t\t<meta property=\"article:author\" content=\"https:\/\/www.facebook.com\/carrenoactualidad\" \/>\n\t\t<meta name=\"twitter:card\" content=\"summary_large_image\" \/>\n\t\t<meta name=\"twitter:site\" content=\"@NabercoDigital\" \/>\n\t\t<meta name=\"twitter:title\" content=\"Nueva marcha jubilar de las mujeres rurales de Carre\u00f1o | Cand\u00e1s 365\" \/>\n\t\t<meta name=\"twitter:description\" content=\"A las 16:30 h. salieron de la ermita recorriendo a la inversa el antiguo Cam\u00edn de la Paxa, una ruta que hac\u00edan de madrugada las antiguas sardineras\" \/>\n\t\t<meta name=\"twitter:creator\" content=\"@nbasturias\" \/>\n\t\t<meta name=\"twitter:image\" content=\"https:\/\/candas365.es\/noticias\/wp-content\/uploads\/2021\/10\/Carreno-Sociedad.jpg\" \/>\n\t\t<meta name=\"twitter:label1\" content=\"Escrito por\" \/>\n\t\t<meta name=\"twitter:data1\" content=\"Cand\u00e1s 365\" \/>\n\t\t<meta name=\"twitter:label2\" content=\"Tiempo de lectura estimado\" \/>\n\t\t<meta name=\"twitter:data2\" content=\"2 minutos\" \/>\n\t\t<script type=\"application\/ld+json\" class=\"aioseo-schema\">\n\t\t\t{\"@context\":\"https:\\\/\\\/schema.org\",\"@graph\":[{\"@type\":\"BreadcrumbList\",\"@id\":\"https:\\\/\\\/candas365.es\\\/noticias\\\/nueva-marcha-jubilar-de-las-mujeres-rurales-de-carreno\\\/#breadcrumblist\",\"itemListElement\":[{\"@type\":\"ListItem\",\"@id\":\"https:\\\/\\\/candas365.es\\\/noticias#listItem\",\"position\":1,\"name\":\"Home\",\"item\":\"https:\\\/\\\/candas365.es\\\/noticias\",\"nextItem\":{\"@type\":\"ListItem\",\"@id\":\"https:\\\/\\\/candas365.es\\\/noticias\\\/category\\\/noticias-carreno\\\/#listItem\",\"name\":\"Noticias Carre\\u00f1o\"}},{\"@type\":\"ListItem\",\"@id\":\"https:\\\/\\\/candas365.es\\\/noticias\\\/category\\\/noticias-carreno\\\/#listItem\",\"position\":2,\"name\":\"Noticias Carre\\u00f1o\",\"item\":\"https:\\\/\\\/candas365.es\\\/noticias\\\/category\\\/noticias-carreno\\\/\",\"nextItem\":{\"@type\":\"ListItem\",\"@id\":\"https:\\\/\\\/candas365.es\\\/noticias\\\/nueva-marcha-jubilar-de-las-mujeres-rurales-de-carreno\\\/#listItem\",\"name\":\"Nueva marcha jubilar de las mujeres rurales de Carre\\u00f1o\"},\"previousItem\":{\"@type\":\"ListItem\",\"@id\":\"https:\\\/\\\/candas365.es\\\/noticias#listItem\",\"name\":\"Home\"}},{\"@type\":\"ListItem\",\"@id\":\"https:\\\/\\\/candas365.es\\\/noticias\\\/nueva-marcha-jubilar-de-las-mujeres-rurales-de-carreno\\\/#listItem\",\"position\":3,\"name\":\"Nueva marcha jubilar de las mujeres rurales de Carre\\u00f1o\",\"previousItem\":{\"@type\":\"ListItem\",\"@id\":\"https:\\\/\\\/candas365.es\\\/noticias\\\/category\\\/noticias-carreno\\\/#listItem\",\"name\":\"Noticias Carre\\u00f1o\"}}]},{\"@type\":\"NewsArticle\",\"@id\":\"https:\\\/\\\/candas365.es\\\/noticias\\\/nueva-marcha-jubilar-de-las-mujeres-rurales-de-carreno\\\/#newsarticle\",\"name\":\"Nueva marcha jubilar de las mujeres rurales de Carre\\u00f1o | Cand\\u00e1s 365\",\"headline\":\"Nueva marcha jubilar de las mujeres rurales de Carre\\u00f1o\",\"author\":{\"@id\":\"https:\\\/\\\/candas365.es\\\/noticias\\\/author\\\/admin\\\/#author\"},\"publisher\":{\"@id\":\"https:\\\/\\\/candas365.es\\\/noticias\\\/#organization\"},\"image\":{\"@type\":\"ImageObject\",\"url\":\"https:\\\/\\\/candas365.es\\\/noticias\\\/wp-content\\\/uploads\\\/2021\\\/10\\\/Carreno-Sociedad.jpg\",\"width\":977,\"height\":478,\"caption\":\"Carre\\u00f1o Sociedad\"},\"datePublished\":\"2021-09-09T13:08:13+02:00\",\"dateModified\":\"2021-10-18T13:12:20+02:00\",\"inLanguage\":\"es-ES\",\"mainEntityOfPage\":{\"@id\":\"https:\\\/\\\/candas365.es\\\/noticias\\\/nueva-marcha-jubilar-de-las-mujeres-rurales-de-carreno\\\/#webpage\"},\"isPartOf\":{\"@id\":\"https:\\\/\\\/candas365.es\\\/noticias\\\/nueva-marcha-jubilar-de-las-mujeres-rurales-de-carreno\\\/#webpage\"},\"articleSection\":\"Noticias Carre\\u00f1o, Cand\\u00e1s, Carre\\u00f1o, sociedad\",\"dateline\":\"Publicado el septiembre 9, 2021.\"},{\"@type\":\"Organization\",\"@id\":\"https:\\\/\\\/candas365.es\\\/noticias\\\/#organization\",\"name\":\"Cand\\u00e1s 365\",\"description\":\"Cand\\u00e1s 365 es un diario digital independiente, fundado en 2012, con base en Asturias. Informamos con rigor sobre actualidad, sociedad, cultura y ocio, con una mirada local y global.\",\"url\":\"https:\\\/\\\/candas365.es\\\/noticias\\\/\",\"email\":\"info@candas365.es\",\"telephone\":\"+34652131393\",\"foundingDate\":\"2012-06-10\",\"logo\":{\"@type\":\"ImageObject\",\"url\":\"https:\\\/\\\/candas365.es\\\/noticias\\\/wp-content\\\/uploads\\\/2024\\\/09\\\/Candas-365-Redes.jpg\",\"@id\":\"https:\\\/\\\/candas365.es\\\/noticias\\\/nueva-marcha-jubilar-de-las-mujeres-rurales-de-carreno\\\/#organizationLogo\",\"width\":1152,\"height\":864,\"caption\":\"Cand\\u00e1s 365 Redes\"},\"image\":{\"@id\":\"https:\\\/\\\/candas365.es\\\/noticias\\\/nueva-marcha-jubilar-de-las-mujeres-rurales-de-carreno\\\/#organizationLogo\"},\"sameAs\":[\"https:\\\/\\\/www.facebook.com\\\/Nachofdezber\",\"https:\\\/\\\/x.com\\\/NabercoDigital\",\"https:\\\/\\\/www.instagram.com\\\/nachofdezber\\\/\",\"https:\\\/\\\/www.youtube.com\\\/channel\\\/UCZP-2wLEB9Rv6erhFmqVnvg\"],\"address\":{\"@id\":\"https:\\\/\\\/candas365.es\\\/noticias\\\/#postaladdress\",\"@type\":\"PostalAddress\",\"streetAddress\":\"san antonio 4, san antonio 4\",\"postalCode\":\"33430\",\"addressLocality\":\"Cand\\u00e1s\",\"addressRegion\":\"Asturias\",\"addressCountry\":\"ES\"}},{\"@type\":\"Person\",\"@id\":\"https:\\\/\\\/candas365.es\\\/noticias\\\/author\\\/admin\\\/#author\",\"url\":\"https:\\\/\\\/candas365.es\\\/noticias\\\/author\\\/admin\\\/\",\"name\":\"Cand\\u00e1s 365\",\"image\":{\"@type\":\"ImageObject\",\"@id\":\"https:\\\/\\\/candas365.es\\\/noticias\\\/nueva-marcha-jubilar-de-las-mujeres-rurales-de-carreno\\\/#authorImage\",\"url\":\"https:\\\/\\\/secure.gravatar.com\\\/avatar\\\/496a8e03d0c493ede1718b7934145dbdf8d89be1036b0eec9544e1094c9de390?s=96&d=mm&r=g\",\"width\":96,\"height\":96,\"caption\":\"Cand\\u00e1s 365\"},\"sameAs\":[\"https:\\\/\\\/www.facebook.com\\\/carrenoactualidad\",\"https:\\\/\\\/twitter.com\\\/nbasturias\",\"https:\\\/\\\/www.instagram.com\\\/nachofdezber\\\/\",\"https:\\\/\\\/www.youtube.com\\\/channel\\\/UCZP-2wLEB9Rv6erhFmqVnvg\"]},{\"@type\":\"WebPage\",\"@id\":\"https:\\\/\\\/candas365.es\\\/noticias\\\/nueva-marcha-jubilar-de-las-mujeres-rurales-de-carreno\\\/#webpage\",\"url\":\"https:\\\/\\\/candas365.es\\\/noticias\\\/nueva-marcha-jubilar-de-las-mujeres-rurales-de-carreno\\\/\",\"name\":\"Nueva marcha jubilar de las mujeres rurales de Carre\\u00f1o | Cand\\u00e1s 365\",\"description\":\"A las 16:30 h. salieron de la ermita recorriendo a la inversa el antiguo Cam\\u00edn de la Paxa, una ruta que hac\\u00edan de madrugada las antiguas sardineras\",\"inLanguage\":\"es-ES\",\"isPartOf\":{\"@id\":\"https:\\\/\\\/candas365.es\\\/noticias\\\/#website\"},\"breadcrumb\":{\"@id\":\"https:\\\/\\\/candas365.es\\\/noticias\\\/nueva-marcha-jubilar-de-las-mujeres-rurales-de-carreno\\\/#breadcrumblist\"},\"author\":{\"@id\":\"https:\\\/\\\/candas365.es\\\/noticias\\\/author\\\/admin\\\/#author\"},\"creator\":{\"@id\":\"https:\\\/\\\/candas365.es\\\/noticias\\\/author\\\/admin\\\/#author\"},\"image\":{\"@type\":\"ImageObject\",\"url\":\"https:\\\/\\\/candas365.es\\\/noticias\\\/wp-content\\\/uploads\\\/2021\\\/10\\\/Carreno-Sociedad.jpg\",\"@id\":\"https:\\\/\\\/candas365.es\\\/noticias\\\/nueva-marcha-jubilar-de-las-mujeres-rurales-de-carreno\\\/#mainImage\",\"width\":977,\"height\":478,\"caption\":\"Carre\\u00f1o Sociedad\"},\"primaryImageOfPage\":{\"@id\":\"https:\\\/\\\/candas365.es\\\/noticias\\\/nueva-marcha-jubilar-de-las-mujeres-rurales-de-carreno\\\/#mainImage\"},\"datePublished\":\"2021-09-09T13:08:13+02:00\",\"dateModified\":\"2021-10-18T13:12:20+02:00\"},{\"@type\":\"WebSite\",\"@id\":\"https:\\\/\\\/candas365.es\\\/noticias\\\/#website\",\"url\":\"https:\\\/\\\/candas365.es\\\/noticias\\\/\",\"name\":\"Cand\\u00e1s 365\",\"alternateName\":\"Cand\\u00e1s 365 Noticias\",\"description\":\"Actualidad desde Carre\\u00f1o para el mundo\",\"inLanguage\":\"es-ES\",\"publisher\":{\"@id\":\"https:\\\/\\\/candas365.es\\\/noticias\\\/#organization\"}}]}\n\t\t<\/script>\n\t\t<!-- All in One SEO Pro -->\r\n\t\t<title>Nueva marcha jubilar de las mujeres rurales de Carre\u00f1o | Cand\u00e1s 365<\/title>\n\n","aioseo_head_json":{"title":"Nueva marcha jubilar de las mujeres rurales de Carre\u00f1o | Cand\u00e1s 365","description":"A las 16:30 h. salieron de la ermita recorriendo a la inversa el antiguo Cam\u00edn de la Paxa, una ruta que hac\u00edan de madrugada las antiguas sardineras","canonical_url":"https:\/\/candas365.es\/noticias\/nueva-marcha-jubilar-de-las-mujeres-rurales-de-carreno\/","robots":"max-image-preview:large","keywords":"noticias carre\u00f1o","webmasterTools":{"google-site-verification":"UA-32230408-1","msvalidate.01":"354F3CDFB2DA171B47FBE9ABF1F88D5","miscellaneous":""},"schema":{"@context":"https:\/\/schema.org","@graph":[{"@type":"BreadcrumbList","@id":"https:\/\/candas365.es\/noticias\/nueva-marcha-jubilar-de-las-mujeres-rurales-de-carreno\/#breadcrumblist","itemListElement":[{"@type":"ListItem","@id":"https:\/\/candas365.es\/noticias#listItem","position":1,"name":"Home","item":"https:\/\/candas365.es\/noticias","nextItem":{"@type":"ListItem","@id":"https:\/\/candas365.es\/noticias\/category\/noticias-carreno\/#listItem","name":"Noticias Carre\u00f1o"}},{"@type":"ListItem","@id":"https:\/\/candas365.es\/noticias\/category\/noticias-carreno\/#listItem","position":2,"name":"Noticias Carre\u00f1o","item":"https:\/\/candas365.es\/noticias\/category\/noticias-carreno\/","nextItem":{"@type":"ListItem","@id":"https:\/\/candas365.es\/noticias\/nueva-marcha-jubilar-de-las-mujeres-rurales-de-carreno\/#listItem","name":"Nueva marcha jubilar de las mujeres rurales de Carre\u00f1o"},"previousItem":{"@type":"ListItem","@id":"https:\/\/candas365.es\/noticias#listItem","name":"Home"}},{"@type":"ListItem","@id":"https:\/\/candas365.es\/noticias\/nueva-marcha-jubilar-de-las-mujeres-rurales-de-carreno\/#listItem","position":3,"name":"Nueva marcha jubilar de las mujeres rurales de Carre\u00f1o","previousItem":{"@type":"ListItem","@id":"https:\/\/candas365.es\/noticias\/category\/noticias-carreno\/#listItem","name":"Noticias Carre\u00f1o"}}]},{"@type":"NewsArticle","@id":"https:\/\/candas365.es\/noticias\/nueva-marcha-jubilar-de-las-mujeres-rurales-de-carreno\/#newsarticle","name":"Nueva marcha jubilar de las mujeres rurales de Carre\u00f1o | Cand\u00e1s 365","headline":"Nueva marcha jubilar de las mujeres rurales de Carre\u00f1o","author":{"@id":"https:\/\/candas365.es\/noticias\/author\/admin\/#author"},"publisher":{"@id":"https:\/\/candas365.es\/noticias\/#organization"},"image":{"@type":"ImageObject","url":"https:\/\/candas365.es\/noticias\/wp-content\/uploads\/2021\/10\/Carreno-Sociedad.jpg","width":977,"height":478,"caption":"Carre\u00f1o Sociedad"},"datePublished":"2021-09-09T13:08:13+02:00","dateModified":"2021-10-18T13:12:20+02:00","inLanguage":"es-ES","mainEntityOfPage":{"@id":"https:\/\/candas365.es\/noticias\/nueva-marcha-jubilar-de-las-mujeres-rurales-de-carreno\/#webpage"},"isPartOf":{"@id":"https:\/\/candas365.es\/noticias\/nueva-marcha-jubilar-de-las-mujeres-rurales-de-carreno\/#webpage"},"articleSection":"Noticias Carre\u00f1o, Cand\u00e1s, Carre\u00f1o, sociedad","dateline":"Publicado el septiembre 9, 2021."},{"@type":"Organization","@id":"https:\/\/candas365.es\/noticias\/#organization","name":"Cand\u00e1s 365","description":"Cand\u00e1s 365 es un diario digital independiente, fundado en 2012, con base en Asturias. Informamos con rigor sobre actualidad, sociedad, cultura y ocio, con una mirada local y global.","url":"https:\/\/candas365.es\/noticias\/","email":"info@candas365.es","telephone":"+34652131393","foundingDate":"2012-06-10","logo":{"@type":"ImageObject","url":"https:\/\/candas365.es\/noticias\/wp-content\/uploads\/2024\/09\/Candas-365-Redes.jpg","@id":"https:\/\/candas365.es\/noticias\/nueva-marcha-jubilar-de-las-mujeres-rurales-de-carreno\/#organizationLogo","width":1152,"height":864,"caption":"Cand\u00e1s 365 Redes"},"image":{"@id":"https:\/\/candas365.es\/noticias\/nueva-marcha-jubilar-de-las-mujeres-rurales-de-carreno\/#organizationLogo"},"sameAs":["https:\/\/www.facebook.com\/Nachofdezber","https:\/\/x.com\/NabercoDigital","https:\/\/www.instagram.com\/nachofdezber\/","https:\/\/www.youtube.com\/channel\/UCZP-2wLEB9Rv6erhFmqVnvg"],"address":{"@id":"https:\/\/candas365.es\/noticias\/#postaladdress","@type":"PostalAddress","streetAddress":"san antonio 4, san antonio 4","postalCode":"33430","addressLocality":"Cand\u00e1s","addressRegion":"Asturias","addressCountry":"ES"}},{"@type":"Person","@id":"https:\/\/candas365.es\/noticias\/author\/admin\/#author","url":"https:\/\/candas365.es\/noticias\/author\/admin\/","name":"Cand\u00e1s 365","image":{"@type":"ImageObject","@id":"https:\/\/candas365.es\/noticias\/nueva-marcha-jubilar-de-las-mujeres-rurales-de-carreno\/#authorImage","url":"https:\/\/secure.gravatar.com\/avatar\/496a8e03d0c493ede1718b7934145dbdf8d89be1036b0eec9544e1094c9de390?s=96&d=mm&r=g","width":96,"height":96,"caption":"Cand\u00e1s 365"},"sameAs":["https:\/\/www.facebook.com\/carrenoactualidad","https:\/\/twitter.com\/nbasturias","https:\/\/www.instagram.com\/nachofdezber\/","https:\/\/www.youtube.com\/channel\/UCZP-2wLEB9Rv6erhFmqVnvg"]},{"@type":"WebPage","@id":"https:\/\/candas365.es\/noticias\/nueva-marcha-jubilar-de-las-mujeres-rurales-de-carreno\/#webpage","url":"https:\/\/candas365.es\/noticias\/nueva-marcha-jubilar-de-las-mujeres-rurales-de-carreno\/","name":"Nueva marcha jubilar de las mujeres rurales de Carre\u00f1o | Cand\u00e1s 365","description":"A las 16:30 h. salieron de la ermita recorriendo a la inversa el antiguo Cam\u00edn de la Paxa, una ruta que hac\u00edan de madrugada las antiguas sardineras","inLanguage":"es-ES","isPartOf":{"@id":"https:\/\/candas365.es\/noticias\/#website"},"breadcrumb":{"@id":"https:\/\/candas365.es\/noticias\/nueva-marcha-jubilar-de-las-mujeres-rurales-de-carreno\/#breadcrumblist"},"author":{"@id":"https:\/\/candas365.es\/noticias\/author\/admin\/#author"},"creator":{"@id":"https:\/\/candas365.es\/noticias\/author\/admin\/#author"},"image":{"@type":"ImageObject","url":"https:\/\/candas365.es\/noticias\/wp-content\/uploads\/2021\/10\/Carreno-Sociedad.jpg","@id":"https:\/\/candas365.es\/noticias\/nueva-marcha-jubilar-de-las-mujeres-rurales-de-carreno\/#mainImage","width":977,"height":478,"caption":"Carre\u00f1o Sociedad"},"primaryImageOfPage":{"@id":"https:\/\/candas365.es\/noticias\/nueva-marcha-jubilar-de-las-mujeres-rurales-de-carreno\/#mainImage"},"datePublished":"2021-09-09T13:08:13+02:00","dateModified":"2021-10-18T13:12:20+02:00"},{"@type":"WebSite","@id":"https:\/\/candas365.es\/noticias\/#website","url":"https:\/\/candas365.es\/noticias\/","name":"Cand\u00e1s 365","alternateName":"Cand\u00e1s 365 Noticias","description":"Actualidad desde Carre\u00f1o para el mundo","inLanguage":"es-ES","publisher":{"@id":"https:\/\/candas365.es\/noticias\/#organization"}}]},"og:locale":"es_ES","og:site_name":"Cand\u00e1s 365","og:type":"article","og:title":"Nueva marcha jubilar de las mujeres rurales de Carre\u00f1o | Cand\u00e1s 365","og:description":"A las 16:30 h. salieron de la ermita recorriendo a la inversa el antiguo Cam\u00edn de la Paxa, una ruta que hac\u00edan de madrugada las antiguas sardineras","og:url":"https:\/\/candas365.es\/noticias\/nueva-marcha-jubilar-de-las-mujeres-rurales-de-carreno\/","og:image":"https:\/\/candas365.es\/noticias\/wp-content\/uploads\/2021\/10\/Carreno-Sociedad.jpg","og:image:secure_url":"https:\/\/candas365.es\/noticias\/wp-content\/uploads\/2021\/10\/Carreno-Sociedad.jpg","og:image:width":977,"og:image:height":478,"article:published_time":"2021-09-09T13:08:13+00:00","article:modified_time":"2021-10-18T13:12:20+00:00","article:publisher":"https:\/\/www.facebook.com\/Nachofdezber","article:author":"https:\/\/www.facebook.com\/carrenoactualidad","twitter:card":"summary_large_image","twitter:site":"@NabercoDigital","twitter:title":"Nueva marcha jubilar de las mujeres rurales de Carre\u00f1o | Cand\u00e1s 365","twitter:description":"A las 16:30 h. salieron de la ermita recorriendo a la inversa el antiguo Cam\u00edn de la Paxa, una ruta que hac\u00edan de madrugada las antiguas sardineras","twitter:creator":"@nbasturias","twitter:image":"https:\/\/candas365.es\/noticias\/wp-content\/uploads\/2021\/10\/Carreno-Sociedad.jpg","twitter:label1":"Escrito por","twitter:data1":"Cand\u00e1s 365","twitter:label2":"Tiempo de lectura estimado","twitter:data2":"2 minutos"},"aioseo_meta_data":{"post_id":"158855","title":null,"description":"A las 16:30 h. salieron de la ermita recorriendo a la inversa el antiguo Cam\u00edn de la Paxa, una ruta que hac\u00edan de madrugada las antiguas sardineras","keywords":[],"keyphrases":{"focus":{"keyphrase":"ruta","score":73,"analysis":{"keyphraseInTitle":{"title":"Focus Keyphrase in SEO title","description":"Focus Keyphrase not found in SEO title.","score":3,"maxScore":9,"error":1},"keyphraseInDescription":{"title":"Focus keyphrase in meta description","description":"Focus keyphrase found in meta description.","score":9,"maxScore":9,"error":0},"keyphraseInURL":[],"keyphraseLength":{"title":"Focus keyphrase length","description":"Good job!","score":9,"maxScore":9,"error":0,"length":1},"keyphraseInIntroduction":{"title":"Focus keyphrase in introduction","description":"Your Focus keyphrase appears in the first paragraph. Well done!","score":9,"maxScore":9,"error":0},"keyphraseInSubHeadings":[],"keyphraseInImageAlt":{"title":"Focus keyphrase in image alt attributes","description":"Focus keyphrase not found in image alt attribute(s). Add an image with your Focus keyphrase as alt text.","score":3,"maxScore":9,"error":1}}},"additional":[]},"primary_term":null,"canonical_url":null,"og_title":null,"og_description":null,"og_object_type":"default","og_image_type":"default","og_image_url":null,"og_image_width":null,"og_image_height":null,"og_image_custom_url":null,"og_image_custom_fields":null,"og_video":"","og_custom_url":null,"og_article_section":null,"og_article_tags":[],"twitter_use_og":false,"twitter_card":"default","twitter_image_type":"default","twitter_image_url":null,"twitter_image_custom_url":null,"twitter_image_custom_fields":null,"twitter_title":null,"twitter_description":null,"schema":{"blockGraphs":[],"customGraphs":[],"default":{"data":{"Article":[],"Course":[],"Dataset":[],"FAQPage":[],"Movie":[],"Person":[],"Product":[],"ProductReview":[],"Car":[],"Recipe":[],"Service":[],"SoftwareApplication":[],"WebPage":[]},"graphName":"","isEnabled":true},"graphs":[],"defaultGraph":"Article","defaultPostTypeGraph":""},"schema_type":"default","schema_type_options":"{\"article\":{\"articleType\":\"BlogPosting\"},\"course\":{\"name\":\"\",\"description\":\"\",\"provider\":\"\"},\"faq\":{\"pages\":[]},\"product\":{\"reviews\":[]},\"recipe\":{\"ingredients\":[],\"instructions\":[],\"keywords\":[]},\"software\":{\"reviews\":[],\"operatingSystems\":[]},\"webPage\":{\"webPageType\":\"WebPage\"}}","pillar_content":false,"robots_default":true,"robots_noindex":false,"robots_noarchive":false,"robots_nosnippet":false,"robots_nofollow":false,"robots_noimageindex":false,"robots_noodp":false,"robots_notranslate":false,"robots_max_snippet":"-1","robots_max_videopreview":"-1","robots_max_imagepreview":"large","priority":null,"frequency":"default","location":null,"local_seo":null,"seo_analyzer_scan_date":"2025-09-01 02:10:20","breadcrumb_settings":null,"limit_modified_date":false,"reviewed_by":null,"open_ai":null,"ai":null,"created":"2021-10-18 13:08:13","updated":"2025-09-01 02:10:20"},"aioseo_breadcrumb":"<div class=\"aioseo-breadcrumbs\"><span class=\"aioseo-breadcrumb\">\n\t<a href=\"https:\/\/candas365.es\/noticias\" title=\"Home\">Home<\/a>\n<\/span><span class=\"aioseo-breadcrumb-separator\">&ndash;<\/span><span class=\"aioseo-breadcrumb\">\n\t<a href=\"https:\/\/candas365.es\/noticias\/category\/noticias-carreno\/\" title=\"Noticias Carre\u00f1o\">Noticias Carre\u00f1o<\/a>\n<\/span><span class=\"aioseo-breadcrumb-separator\">&ndash;<\/span><span class=\"aioseo-breadcrumb\">\n\tNueva marcha jubilar de las mujeres rurales de Carre\u00f1o\n<\/span><\/div>","aioseo_breadcrumb_json":[{"label":"Home","link":"https:\/\/candas365.es\/noticias"},{"label":"Noticias Carre\u00f1o","link":"https:\/\/candas365.es\/noticias\/category\/noticias-carreno\/"},{"label":"Nueva marcha jubilar de las mujeres rurales de Carre\u00f1o","link":"https:\/\/candas365.es\/noticias\/nueva-marcha-jubilar-de-las-mujeres-rurales-de-carreno\/"}],"_links":{"self":[{"href":"https:\/\/candas365.es\/noticias\/wp-json\/wp\/v2\/posts\/158855","targetHints":{"allow":["GET"]}}],"collection":[{"href":"https:\/\/candas365.es\/noticias\/wp-json\/wp\/v2\/posts"}],"about":[{"href":"https:\/\/candas365.es\/noticias\/wp-json\/wp\/v2\/types\/post"}],"author":[{"embeddable":true,"href":"https:\/\/candas365.es\/noticias\/wp-json\/wp\/v2\/users\/1"}],"replies":[{"embeddable":true,"href":"https:\/\/candas365.es\/noticias\/wp-json\/wp\/v2\/comments?post=158855"}],"version-history":[{"count":0,"href":"https:\/\/candas365.es\/noticias\/wp-json\/wp\/v2\/posts\/158855\/revisions"}],"wp:featuredmedia":[{"embeddable":true,"href":"https:\/\/candas365.es\/noticias\/wp-json\/wp\/v2\/media\/158856"}],"wp:attachment":[{"href":"https:\/\/candas365.es\/noticias\/wp-json\/wp\/v2\/media?parent=158855"}],"wp:term":[{"taxonomy":"category","embeddable":true,"href":"https:\/\/candas365.es\/noticias\/wp-json\/wp\/v2\/categories?post=158855"},{"taxonomy":"post_tag","embeddable":true,"href":"https:\/\/candas365.es\/noticias\/wp-json\/wp\/v2\/tags?post=158855"}],"curies":[{"name":"wp","href":"https:\/\/api.w.org\/{rel}","templated":true}]}}