{"id":158847,"date":"2021-10-15T17:22:18","date_gmt":"2021-10-15T17:22:18","guid":{"rendered":"http:\/\/candas365.es\/noticias\/?p=158847"},"modified":"2021-10-15T17:22:18","modified_gmt":"2021-10-15T17:22:18","slug":"nagelsmann-cuenta-con-hernandez-contra-el-leverkusen-y-el-benfica","status":"publish","type":"post","link":"https:\/\/candas365.es\/noticias\/nagelsmann-cuenta-con-hernandez-contra-el-leverkusen-y-el-benfica\/","title":{"rendered":"Nagelsmann cuenta con Hern\u00e1ndez contra el Leverkusen y el Benfica"},"content":{"rendered":"<p><img fetchpriority=\"high\" decoding=\"async\" class=\"alignleft size-medium wp-image-94574\" src=\"https:\/\/candas365.es\/noticias\/wp-content\/uploads\/2018\/04\/arena-1181668_960_720-360x240.jpg\" alt=\"\" width=\"360\" height=\"240\" srcset=\"https:\/\/candas365.es\/noticias\/wp-content\/uploads\/2018\/04\/arena-1181668_960_720-360x240.jpg 360w, https:\/\/candas365.es\/noticias\/wp-content\/uploads\/2018\/04\/arena-1181668_960_720-768x512.jpg 768w, https:\/\/candas365.es\/noticias\/wp-content\/uploads\/2018\/04\/arena-1181668_960_720-655x437.jpg 655w, https:\/\/candas365.es\/noticias\/wp-content\/uploads\/2018\/04\/arena-1181668_960_720-696x464.jpg 696w, https:\/\/candas365.es\/noticias\/wp-content\/uploads\/2018\/04\/arena-1181668_960_720-630x420.jpg 630w, https:\/\/candas365.es\/noticias\/wp-content\/uploads\/2018\/04\/arena-1181668_960_720.jpg 960w\" sizes=\"(max-width: 360px) 100vw, 360px\" \/>M\u00fanich, 15 oct (dpa) &#8211; El entrenador del Bayern M\u00fanich, Julian Nagelsmann, cuenta con Lucas Hern\u00e1ndez para los partidos contra el Bayer Leverkusen por la Bundesliga y el Benfica por la Champions League a pesar de la pena de prisi\u00f3n a la que se enfrenta.<\/p>\n<p>\u00abLo vi totalmente normal\u00bb, dijo Nagelsmann hoy respecto de Hern\u00e1ndez. \u00abEntren\u00f3 muy bien y est\u00e1 en mi planificaci\u00f3n para los dos partidos con total normalidad\u00bb.<\/p>\n<p>El franc\u00e9s de 25 a\u00f1os se enfrenta a una pena de prisi\u00f3n en Espa\u00f1a por infringir una orden de restricci\u00f3n mutua con su pareja en 2017, dictada luego de una pelea violenta cuando jugaba en el Atl\u00e9tico de Madrid.<\/p>\n<p>El martes pr\u00f3ximo, un d\u00eda antes del partido en Lisboa, Hern\u00e1ndez debe presentarse en un tribunal de Madrid para elegir penal para cumplir una pena de seis meses de prisi\u00f3n. Desde esa fecha, tiene diez d\u00edas para ingresar en prisi\u00f3n.<\/p>\n<p>En Espa\u00f1a, las \u00f3rdenes de restricci\u00f3n siguen vigentes incluso en caso de reconciliaci\u00f3n con el fin de evitar toda reconciliaci\u00f3n forzada.<\/p>\n<p>El jugador apel\u00f3 a un tribunal superior. Por el momento, no est\u00e1 claro qu\u00e9 tan r\u00e1pido se ocupar\u00e1 del caso este tribunal y si apelar le evitar\u00e1 entrar en prisi\u00f3n.<\/p>\n<p>Los b\u00e1varos jugar\u00e1n este domingo en Leverkusen y el mi\u00e9rcoles en Lisboa.<\/p>\n","protected":false},"excerpt":{"rendered":"<p>M\u00fanich, 15 oct (dpa) &#8211; El entrenador del Bayern M\u00fanich, Julian Nagelsmann, cuenta con Lucas Hern\u00e1ndez para los partidos contra el Bayer Leverkusen por la Bundesliga y el Benfica por la Champions League a pesar de la pena de prisi\u00f3n a la que se enfrenta. \u00abLo vi totalmente normal\u00bb, dijo Nagelsmann hoy respecto de Hern\u00e1ndez.<\/p>\n","protected":false},"author":1,"featured_media":94574,"comment_status":"closed","ping_status":"closed","sticky":false,"template":"","format":"standard","meta":{"footnotes":""},"categories":[319],"tags":[387,389],"class_list":{"0":"post-158847","1":"post","2":"type-post","3":"status-publish","4":"format-standard","5":"has-post-thumbnail","7":"category-deporte","8":"tag-deporte","9":"tag-futbol"},"aioseo_notices":[],"aioseo_head":"\n\t\t<!-- All in One SEO Pro 4.9.6.2 - aioseo.com -->\n\t<meta name=\"description\" content=\"El entrenador del Bayern M\u00fanich, Julian Nagelsmann, cuenta con Lucas Hern\u00e1ndez para los partidos contra el Bayer Leverkusen por la Bundesliga y\" \/>\n\t<meta name=\"robots\" content=\"max-image-preview:large\" \/>\n\t<meta name=\"author\" content=\"Cand\u00e1s 365\"\/>\n\t<meta name=\"google-site-verification\" content=\"UA-32230408-1\" \/>\n\t<meta name=\"msvalidate.01\" content=\"354F3CDFB2DA171B47FBE9ABF1F88D5\" \/>\n\t<meta name=\"keywords\" content=\"deporte\" \/>\n\t<link rel=\"canonical\" href=\"https:\/\/candas365.es\/noticias\/nagelsmann-cuenta-con-hernandez-contra-el-leverkusen-y-el-benfica\/\" \/>\n\t<meta name=\"generator\" content=\"All in One SEO Pro (AIOSEO) 4.9.6.2\" \/>\n\t\t<meta property=\"og:locale\" content=\"es_ES\" \/>\n\t\t<meta property=\"og:site_name\" content=\"Cand\u00e1s 365\" \/>\n\t\t<meta property=\"og:type\" content=\"article\" \/>\n\t\t<meta property=\"og:title\" content=\"Nagelsmann cuenta con Hern\u00e1ndez contra el Leverkusen y el Benfica | Cand\u00e1s 365\" \/>\n\t\t<meta property=\"og:description\" content=\"El entrenador del Bayern M\u00fanich, Julian Nagelsmann, cuenta con Lucas Hern\u00e1ndez para los partidos contra el Bayer Leverkusen por la Bundesliga y\" \/>\n\t\t<meta property=\"og:url\" content=\"https:\/\/candas365.es\/noticias\/nagelsmann-cuenta-con-hernandez-contra-el-leverkusen-y-el-benfica\/\" \/>\n\t\t<meta property=\"og:image\" content=\"https:\/\/candas365.es\/noticias\/wp-content\/uploads\/2018\/04\/arena-1181668_960_720.jpg\" \/>\n\t\t<meta property=\"og:image:secure_url\" content=\"https:\/\/candas365.es\/noticias\/wp-content\/uploads\/2018\/04\/arena-1181668_960_720.jpg\" \/>\n\t\t<meta property=\"og:image:width\" content=\"960\" \/>\n\t\t<meta property=\"og:image:height\" content=\"640\" \/>\n\t\t<meta property=\"article:published_time\" content=\"2021-10-15T17:22:18+00:00\" \/>\n\t\t<meta property=\"article:modified_time\" content=\"2021-10-15T17:22:18+00:00\" \/>\n\t\t<meta property=\"article:publisher\" content=\"https:\/\/www.facebook.com\/Nachofdezber\" \/>\n\t\t<meta property=\"article:author\" content=\"https:\/\/www.facebook.com\/carrenoactualidad\" \/>\n\t\t<meta name=\"twitter:card\" content=\"summary_large_image\" \/>\n\t\t<meta name=\"twitter:site\" content=\"@NabercoDigital\" \/>\n\t\t<meta name=\"twitter:title\" content=\"Nagelsmann cuenta con Hern\u00e1ndez contra el Leverkusen y el Benfica | Cand\u00e1s 365\" \/>\n\t\t<meta name=\"twitter:description\" content=\"El entrenador del Bayern M\u00fanich, Julian Nagelsmann, cuenta con Lucas Hern\u00e1ndez para los partidos contra el Bayer Leverkusen por la Bundesliga y\" \/>\n\t\t<meta name=\"twitter:creator\" content=\"@nbasturias\" \/>\n\t\t<meta name=\"twitter:image\" content=\"https:\/\/candas365.es\/noticias\/wp-content\/uploads\/2018\/04\/arena-1181668_960_720.jpg\" \/>\n\t\t<meta name=\"twitter:label1\" content=\"Escrito por\" \/>\n\t\t<meta name=\"twitter:data1\" content=\"Cand\u00e1s 365\" \/>\n\t\t<meta name=\"twitter:label2\" content=\"Tiempo de lectura estimado\" \/>\n\t\t<meta name=\"twitter:data2\" content=\"1 minuto\" \/>\n\t\t<script type=\"application\/ld+json\" class=\"aioseo-schema\">\n\t\t\t{\"@context\":\"https:\\\/\\\/schema.org\",\"@graph\":[{\"@type\":\"BreadcrumbList\",\"@id\":\"https:\\\/\\\/candas365.es\\\/noticias\\\/nagelsmann-cuenta-con-hernandez-contra-el-leverkusen-y-el-benfica\\\/#breadcrumblist\",\"itemListElement\":[{\"@type\":\"ListItem\",\"@id\":\"https:\\\/\\\/candas365.es\\\/noticias#listItem\",\"position\":1,\"name\":\"Home\",\"item\":\"https:\\\/\\\/candas365.es\\\/noticias\",\"nextItem\":{\"@type\":\"ListItem\",\"@id\":\"https:\\\/\\\/candas365.es\\\/noticias\\\/category\\\/deporte\\\/#listItem\",\"name\":\"Deporte\"}},{\"@type\":\"ListItem\",\"@id\":\"https:\\\/\\\/candas365.es\\\/noticias\\\/category\\\/deporte\\\/#listItem\",\"position\":2,\"name\":\"Deporte\",\"item\":\"https:\\\/\\\/candas365.es\\\/noticias\\\/category\\\/deporte\\\/\",\"nextItem\":{\"@type\":\"ListItem\",\"@id\":\"https:\\\/\\\/candas365.es\\\/noticias\\\/nagelsmann-cuenta-con-hernandez-contra-el-leverkusen-y-el-benfica\\\/#listItem\",\"name\":\"Nagelsmann cuenta con Hern\\u00e1ndez contra el Leverkusen y el Benfica\"},\"previousItem\":{\"@type\":\"ListItem\",\"@id\":\"https:\\\/\\\/candas365.es\\\/noticias#listItem\",\"name\":\"Home\"}},{\"@type\":\"ListItem\",\"@id\":\"https:\\\/\\\/candas365.es\\\/noticias\\\/nagelsmann-cuenta-con-hernandez-contra-el-leverkusen-y-el-benfica\\\/#listItem\",\"position\":3,\"name\":\"Nagelsmann cuenta con Hern\\u00e1ndez contra el Leverkusen y el Benfica\",\"previousItem\":{\"@type\":\"ListItem\",\"@id\":\"https:\\\/\\\/candas365.es\\\/noticias\\\/category\\\/deporte\\\/#listItem\",\"name\":\"Deporte\"}}]},{\"@type\":\"NewsArticle\",\"@id\":\"https:\\\/\\\/candas365.es\\\/noticias\\\/nagelsmann-cuenta-con-hernandez-contra-el-leverkusen-y-el-benfica\\\/#newsarticle\",\"name\":\"Nagelsmann cuenta con Hern\\u00e1ndez contra el Leverkusen y el Benfica | Cand\\u00e1s 365\",\"headline\":\"Nagelsmann cuenta con Hern\\u00e1ndez contra el Leverkusen y el Benfica\",\"author\":{\"@id\":\"https:\\\/\\\/candas365.es\\\/noticias\\\/author\\\/admin\\\/#author\"},\"publisher\":{\"@id\":\"https:\\\/\\\/candas365.es\\\/noticias\\\/#organization\"},\"image\":{\"@type\":\"ImageObject\",\"url\":\"https:\\\/\\\/candas365.es\\\/noticias\\\/wp-content\\\/uploads\\\/2018\\\/04\\\/arena-1181668_960_720.jpg\",\"width\":960,\"height\":640},\"datePublished\":\"2021-10-15T17:22:18+02:00\",\"dateModified\":\"2021-10-15T17:22:18+02:00\",\"inLanguage\":\"es-ES\",\"mainEntityOfPage\":{\"@id\":\"https:\\\/\\\/candas365.es\\\/noticias\\\/nagelsmann-cuenta-con-hernandez-contra-el-leverkusen-y-el-benfica\\\/#webpage\"},\"isPartOf\":{\"@id\":\"https:\\\/\\\/candas365.es\\\/noticias\\\/nagelsmann-cuenta-con-hernandez-contra-el-leverkusen-y-el-benfica\\\/#webpage\"},\"articleSection\":\"Deporte, deporte, f\\u00fatbol\",\"dateline\":\"Publicado el octubre 15, 2021.\"},{\"@type\":\"Organization\",\"@id\":\"https:\\\/\\\/candas365.es\\\/noticias\\\/#organization\",\"name\":\"Cand\\u00e1s 365\",\"description\":\"Cand\\u00e1s 365 es un diario digital independiente, fundado en 2012, con base en Asturias. Informamos con rigor sobre actualidad, sociedad, cultura y ocio, con una mirada local y global.\",\"url\":\"https:\\\/\\\/candas365.es\\\/noticias\\\/\",\"email\":\"info@candas365.es\",\"telephone\":\"+34652131393\",\"foundingDate\":\"2012-06-10\",\"logo\":{\"@type\":\"ImageObject\",\"url\":\"https:\\\/\\\/candas365.es\\\/noticias\\\/wp-content\\\/uploads\\\/2024\\\/09\\\/Candas-365-Redes.jpg\",\"@id\":\"https:\\\/\\\/candas365.es\\\/noticias\\\/nagelsmann-cuenta-con-hernandez-contra-el-leverkusen-y-el-benfica\\\/#organizationLogo\",\"width\":1152,\"height\":864,\"caption\":\"Cand\\u00e1s 365 Redes\"},\"image\":{\"@id\":\"https:\\\/\\\/candas365.es\\\/noticias\\\/nagelsmann-cuenta-con-hernandez-contra-el-leverkusen-y-el-benfica\\\/#organizationLogo\"},\"sameAs\":[\"https:\\\/\\\/www.facebook.com\\\/Nachofdezber\",\"https:\\\/\\\/x.com\\\/NabercoDigital\",\"https:\\\/\\\/www.instagram.com\\\/nachofdezber\\\/\",\"https:\\\/\\\/www.youtube.com\\\/channel\\\/UCZP-2wLEB9Rv6erhFmqVnvg\"],\"address\":{\"@id\":\"https:\\\/\\\/candas365.es\\\/noticias\\\/#postaladdress\",\"@type\":\"PostalAddress\",\"streetAddress\":\"san antonio 4, san antonio 4\",\"postalCode\":\"33430\",\"addressLocality\":\"Cand\\u00e1s\",\"addressRegion\":\"Asturias\",\"addressCountry\":\"ES\"}},{\"@type\":\"Person\",\"@id\":\"https:\\\/\\\/candas365.es\\\/noticias\\\/author\\\/admin\\\/#author\",\"url\":\"https:\\\/\\\/candas365.es\\\/noticias\\\/author\\\/admin\\\/\",\"name\":\"Cand\\u00e1s 365\",\"image\":{\"@type\":\"ImageObject\",\"@id\":\"https:\\\/\\\/candas365.es\\\/noticias\\\/nagelsmann-cuenta-con-hernandez-contra-el-leverkusen-y-el-benfica\\\/#authorImage\",\"url\":\"https:\\\/\\\/secure.gravatar.com\\\/avatar\\\/496a8e03d0c493ede1718b7934145dbdf8d89be1036b0eec9544e1094c9de390?s=96&d=mm&r=g\",\"width\":96,\"height\":96,\"caption\":\"Cand\\u00e1s 365\"},\"sameAs\":[\"https:\\\/\\\/www.facebook.com\\\/carrenoactualidad\",\"https:\\\/\\\/twitter.com\\\/nbasturias\",\"https:\\\/\\\/www.instagram.com\\\/nachofdezber\\\/\",\"https:\\\/\\\/www.youtube.com\\\/channel\\\/UCZP-2wLEB9Rv6erhFmqVnvg\"]},{\"@type\":\"WebPage\",\"@id\":\"https:\\\/\\\/candas365.es\\\/noticias\\\/nagelsmann-cuenta-con-hernandez-contra-el-leverkusen-y-el-benfica\\\/#webpage\",\"url\":\"https:\\\/\\\/candas365.es\\\/noticias\\\/nagelsmann-cuenta-con-hernandez-contra-el-leverkusen-y-el-benfica\\\/\",\"name\":\"Nagelsmann cuenta con Hern\\u00e1ndez contra el Leverkusen y el Benfica | Cand\\u00e1s 365\",\"description\":\"El entrenador del Bayern M\\u00fanich, Julian Nagelsmann, cuenta con Lucas Hern\\u00e1ndez para los partidos contra el Bayer Leverkusen por la Bundesliga y\",\"inLanguage\":\"es-ES\",\"isPartOf\":{\"@id\":\"https:\\\/\\\/candas365.es\\\/noticias\\\/#website\"},\"breadcrumb\":{\"@id\":\"https:\\\/\\\/candas365.es\\\/noticias\\\/nagelsmann-cuenta-con-hernandez-contra-el-leverkusen-y-el-benfica\\\/#breadcrumblist\"},\"author\":{\"@id\":\"https:\\\/\\\/candas365.es\\\/noticias\\\/author\\\/admin\\\/#author\"},\"creator\":{\"@id\":\"https:\\\/\\\/candas365.es\\\/noticias\\\/author\\\/admin\\\/#author\"},\"image\":{\"@type\":\"ImageObject\",\"url\":\"https:\\\/\\\/candas365.es\\\/noticias\\\/wp-content\\\/uploads\\\/2018\\\/04\\\/arena-1181668_960_720.jpg\",\"@id\":\"https:\\\/\\\/candas365.es\\\/noticias\\\/nagelsmann-cuenta-con-hernandez-contra-el-leverkusen-y-el-benfica\\\/#mainImage\",\"width\":960,\"height\":640},\"primaryImageOfPage\":{\"@id\":\"https:\\\/\\\/candas365.es\\\/noticias\\\/nagelsmann-cuenta-con-hernandez-contra-el-leverkusen-y-el-benfica\\\/#mainImage\"},\"datePublished\":\"2021-10-15T17:22:18+02:00\",\"dateModified\":\"2021-10-15T17:22:18+02:00\"},{\"@type\":\"WebSite\",\"@id\":\"https:\\\/\\\/candas365.es\\\/noticias\\\/#website\",\"url\":\"https:\\\/\\\/candas365.es\\\/noticias\\\/\",\"name\":\"Cand\\u00e1s 365\",\"alternateName\":\"Cand\\u00e1s 365 Noticias\",\"description\":\"Actualidad desde Carre\\u00f1o para el mundo\",\"inLanguage\":\"es-ES\",\"publisher\":{\"@id\":\"https:\\\/\\\/candas365.es\\\/noticias\\\/#organization\"}}]}\n\t\t<\/script>\n\t\t<!-- All in One SEO Pro -->\r\n\t\t<title>Nagelsmann cuenta con Hern\u00e1ndez contra el Leverkusen y el Benfica | Cand\u00e1s 365<\/title>\n\n","aioseo_head_json":{"title":"Nagelsmann cuenta con Hern\u00e1ndez contra el Leverkusen y el Benfica | Cand\u00e1s 365","description":"El entrenador del Bayern M\u00fanich, Julian Nagelsmann, cuenta con Lucas Hern\u00e1ndez para los partidos contra el Bayer Leverkusen por la Bundesliga y","canonical_url":"https:\/\/candas365.es\/noticias\/nagelsmann-cuenta-con-hernandez-contra-el-leverkusen-y-el-benfica\/","robots":"max-image-preview:large","keywords":"deporte","webmasterTools":{"google-site-verification":"UA-32230408-1","msvalidate.01":"354F3CDFB2DA171B47FBE9ABF1F88D5","miscellaneous":""},"schema":{"@context":"https:\/\/schema.org","@graph":[{"@type":"BreadcrumbList","@id":"https:\/\/candas365.es\/noticias\/nagelsmann-cuenta-con-hernandez-contra-el-leverkusen-y-el-benfica\/#breadcrumblist","itemListElement":[{"@type":"ListItem","@id":"https:\/\/candas365.es\/noticias#listItem","position":1,"name":"Home","item":"https:\/\/candas365.es\/noticias","nextItem":{"@type":"ListItem","@id":"https:\/\/candas365.es\/noticias\/category\/deporte\/#listItem","name":"Deporte"}},{"@type":"ListItem","@id":"https:\/\/candas365.es\/noticias\/category\/deporte\/#listItem","position":2,"name":"Deporte","item":"https:\/\/candas365.es\/noticias\/category\/deporte\/","nextItem":{"@type":"ListItem","@id":"https:\/\/candas365.es\/noticias\/nagelsmann-cuenta-con-hernandez-contra-el-leverkusen-y-el-benfica\/#listItem","name":"Nagelsmann cuenta con Hern\u00e1ndez contra el Leverkusen y el Benfica"},"previousItem":{"@type":"ListItem","@id":"https:\/\/candas365.es\/noticias#listItem","name":"Home"}},{"@type":"ListItem","@id":"https:\/\/candas365.es\/noticias\/nagelsmann-cuenta-con-hernandez-contra-el-leverkusen-y-el-benfica\/#listItem","position":3,"name":"Nagelsmann cuenta con Hern\u00e1ndez contra el Leverkusen y el Benfica","previousItem":{"@type":"ListItem","@id":"https:\/\/candas365.es\/noticias\/category\/deporte\/#listItem","name":"Deporte"}}]},{"@type":"NewsArticle","@id":"https:\/\/candas365.es\/noticias\/nagelsmann-cuenta-con-hernandez-contra-el-leverkusen-y-el-benfica\/#newsarticle","name":"Nagelsmann cuenta con Hern\u00e1ndez contra el Leverkusen y el Benfica | Cand\u00e1s 365","headline":"Nagelsmann cuenta con Hern\u00e1ndez contra el Leverkusen y el Benfica","author":{"@id":"https:\/\/candas365.es\/noticias\/author\/admin\/#author"},"publisher":{"@id":"https:\/\/candas365.es\/noticias\/#organization"},"image":{"@type":"ImageObject","url":"https:\/\/candas365.es\/noticias\/wp-content\/uploads\/2018\/04\/arena-1181668_960_720.jpg","width":960,"height":640},"datePublished":"2021-10-15T17:22:18+02:00","dateModified":"2021-10-15T17:22:18+02:00","inLanguage":"es-ES","mainEntityOfPage":{"@id":"https:\/\/candas365.es\/noticias\/nagelsmann-cuenta-con-hernandez-contra-el-leverkusen-y-el-benfica\/#webpage"},"isPartOf":{"@id":"https:\/\/candas365.es\/noticias\/nagelsmann-cuenta-con-hernandez-contra-el-leverkusen-y-el-benfica\/#webpage"},"articleSection":"Deporte, deporte, f\u00fatbol","dateline":"Publicado el octubre 15, 2021."},{"@type":"Organization","@id":"https:\/\/candas365.es\/noticias\/#organization","name":"Cand\u00e1s 365","description":"Cand\u00e1s 365 es un diario digital independiente, fundado en 2012, con base en Asturias. Informamos con rigor sobre actualidad, sociedad, cultura y ocio, con una mirada local y global.","url":"https:\/\/candas365.es\/noticias\/","email":"info@candas365.es","telephone":"+34652131393","foundingDate":"2012-06-10","logo":{"@type":"ImageObject","url":"https:\/\/candas365.es\/noticias\/wp-content\/uploads\/2024\/09\/Candas-365-Redes.jpg","@id":"https:\/\/candas365.es\/noticias\/nagelsmann-cuenta-con-hernandez-contra-el-leverkusen-y-el-benfica\/#organizationLogo","width":1152,"height":864,"caption":"Cand\u00e1s 365 Redes"},"image":{"@id":"https:\/\/candas365.es\/noticias\/nagelsmann-cuenta-con-hernandez-contra-el-leverkusen-y-el-benfica\/#organizationLogo"},"sameAs":["https:\/\/www.facebook.com\/Nachofdezber","https:\/\/x.com\/NabercoDigital","https:\/\/www.instagram.com\/nachofdezber\/","https:\/\/www.youtube.com\/channel\/UCZP-2wLEB9Rv6erhFmqVnvg"],"address":{"@id":"https:\/\/candas365.es\/noticias\/#postaladdress","@type":"PostalAddress","streetAddress":"san antonio 4, san antonio 4","postalCode":"33430","addressLocality":"Cand\u00e1s","addressRegion":"Asturias","addressCountry":"ES"}},{"@type":"Person","@id":"https:\/\/candas365.es\/noticias\/author\/admin\/#author","url":"https:\/\/candas365.es\/noticias\/author\/admin\/","name":"Cand\u00e1s 365","image":{"@type":"ImageObject","@id":"https:\/\/candas365.es\/noticias\/nagelsmann-cuenta-con-hernandez-contra-el-leverkusen-y-el-benfica\/#authorImage","url":"https:\/\/secure.gravatar.com\/avatar\/496a8e03d0c493ede1718b7934145dbdf8d89be1036b0eec9544e1094c9de390?s=96&d=mm&r=g","width":96,"height":96,"caption":"Cand\u00e1s 365"},"sameAs":["https:\/\/www.facebook.com\/carrenoactualidad","https:\/\/twitter.com\/nbasturias","https:\/\/www.instagram.com\/nachofdezber\/","https:\/\/www.youtube.com\/channel\/UCZP-2wLEB9Rv6erhFmqVnvg"]},{"@type":"WebPage","@id":"https:\/\/candas365.es\/noticias\/nagelsmann-cuenta-con-hernandez-contra-el-leverkusen-y-el-benfica\/#webpage","url":"https:\/\/candas365.es\/noticias\/nagelsmann-cuenta-con-hernandez-contra-el-leverkusen-y-el-benfica\/","name":"Nagelsmann cuenta con Hern\u00e1ndez contra el Leverkusen y el Benfica | Cand\u00e1s 365","description":"El entrenador del Bayern M\u00fanich, Julian Nagelsmann, cuenta con Lucas Hern\u00e1ndez para los partidos contra el Bayer Leverkusen por la Bundesliga y","inLanguage":"es-ES","isPartOf":{"@id":"https:\/\/candas365.es\/noticias\/#website"},"breadcrumb":{"@id":"https:\/\/candas365.es\/noticias\/nagelsmann-cuenta-con-hernandez-contra-el-leverkusen-y-el-benfica\/#breadcrumblist"},"author":{"@id":"https:\/\/candas365.es\/noticias\/author\/admin\/#author"},"creator":{"@id":"https:\/\/candas365.es\/noticias\/author\/admin\/#author"},"image":{"@type":"ImageObject","url":"https:\/\/candas365.es\/noticias\/wp-content\/uploads\/2018\/04\/arena-1181668_960_720.jpg","@id":"https:\/\/candas365.es\/noticias\/nagelsmann-cuenta-con-hernandez-contra-el-leverkusen-y-el-benfica\/#mainImage","width":960,"height":640},"primaryImageOfPage":{"@id":"https:\/\/candas365.es\/noticias\/nagelsmann-cuenta-con-hernandez-contra-el-leverkusen-y-el-benfica\/#mainImage"},"datePublished":"2021-10-15T17:22:18+02:00","dateModified":"2021-10-15T17:22:18+02:00"},{"@type":"WebSite","@id":"https:\/\/candas365.es\/noticias\/#website","url":"https:\/\/candas365.es\/noticias\/","name":"Cand\u00e1s 365","alternateName":"Cand\u00e1s 365 Noticias","description":"Actualidad desde Carre\u00f1o para el mundo","inLanguage":"es-ES","publisher":{"@id":"https:\/\/candas365.es\/noticias\/#organization"}}]},"og:locale":"es_ES","og:site_name":"Cand\u00e1s 365","og:type":"article","og:title":"Nagelsmann cuenta con Hern\u00e1ndez contra el Leverkusen y el Benfica | Cand\u00e1s 365","og:description":"El entrenador del Bayern M\u00fanich, Julian Nagelsmann, cuenta con Lucas Hern\u00e1ndez para los partidos contra el Bayer Leverkusen por la Bundesliga y","og:url":"https:\/\/candas365.es\/noticias\/nagelsmann-cuenta-con-hernandez-contra-el-leverkusen-y-el-benfica\/","og:image":"https:\/\/candas365.es\/noticias\/wp-content\/uploads\/2018\/04\/arena-1181668_960_720.jpg","og:image:secure_url":"https:\/\/candas365.es\/noticias\/wp-content\/uploads\/2018\/04\/arena-1181668_960_720.jpg","og:image:width":960,"og:image:height":640,"article:published_time":"2021-10-15T17:22:18+00:00","article:modified_time":"2021-10-15T17:22:18+00:00","article:publisher":"https:\/\/www.facebook.com\/Nachofdezber","article:author":"https:\/\/www.facebook.com\/carrenoactualidad","twitter:card":"summary_large_image","twitter:site":"@NabercoDigital","twitter:title":"Nagelsmann cuenta con Hern\u00e1ndez contra el Leverkusen y el Benfica | Cand\u00e1s 365","twitter:description":"El entrenador del Bayern M\u00fanich, Julian Nagelsmann, cuenta con Lucas Hern\u00e1ndez para los partidos contra el Bayer Leverkusen por la Bundesliga y","twitter:creator":"@nbasturias","twitter:image":"https:\/\/candas365.es\/noticias\/wp-content\/uploads\/2018\/04\/arena-1181668_960_720.jpg","twitter:label1":"Escrito por","twitter:data1":"Cand\u00e1s 365","twitter:label2":"Tiempo de lectura estimado","twitter:data2":"1 minuto"},"aioseo_meta_data":{"post_id":"158847","title":null,"description":"El entrenador del Bayern M\u00fanich, Julian Nagelsmann, cuenta con Lucas Hern\u00e1ndez para los partidos contra el Bayer Leverkusen por la Bundesliga y","keywords":[],"keyphrases":{"focus":{"keyphrase":"Nagelsmann","score":87,"analysis":{"keyphraseInTitle":{"title":"Focus Keyphrase in SEO title","description":"Focus Keyphrase found in SEO title.","score":9,"maxScore":9,"error":0},"keyphraseInDescription":{"title":"Focus keyphrase in meta description","description":"Focus keyphrase found in meta description.","score":9,"maxScore":9,"error":0},"keyphraseInURL":[],"keyphraseLength":{"title":"Focus keyphrase length","description":"Good job!","score":9,"maxScore":9,"error":0,"length":1},"keyphraseInIntroduction":{"title":"Focus keyphrase in introduction","description":"Your Focus keyphrase appears in the first paragraph. Well done!","score":9,"maxScore":9,"error":0},"keyphraseInSubHeadings":[],"keyphraseInImageAlt":{"title":"Focus keyphrase in image alt attributes","description":"Focus keyphrase not found in image alt attribute(s). Add an image with your Focus keyphrase as alt text.","score":3,"maxScore":9,"error":1}}},"additional":[{"keyphrase":"Lucas Hern\u00e1ndez ","score":83,"analysis":{"keyphraseInDescription":{"title":"Keyphrase in meta description","description":"Keyphrase found in meta description.","score":9,"maxScore":9,"error":0},"keyphraseLength":{"title":"Keyphrase length","description":"Good job!","score":9,"maxScore":9,"error":0,"length":2},"keyphraseInIntroduction":{"title":"Keyphrase in introduction","description":"Your Keyphrase appears in the first paragraph. Well done!","score":9,"maxScore":9,"error":0},"keyphraseInImageAlt":{"title":"Keyphrase in image alt attributes","description":"Keyphrase not found in image alt attribute(s). Add an image with your Keyphrase as alt text.","score":3,"maxScore":9,"error":1}}},{"keyphrase":"Bayern M\u00fanich","score":83,"analysis":{"keyphraseInDescription":{"title":"Keyphrase in meta description","description":"Keyphrase found in meta description.","score":9,"maxScore":9,"error":0},"keyphraseLength":{"title":"Keyphrase length","description":"Good job!","score":9,"maxScore":9,"error":0,"length":2},"keyphraseInIntroduction":{"title":"Keyphrase in introduction","description":"Your Keyphrase appears in the first paragraph. Well done!","score":9,"maxScore":9,"error":0},"keyphraseInImageAlt":{"title":"Keyphrase in image alt attributes","description":"Keyphrase not found in image alt attribute(s). Add an image with your Keyphrase as alt text.","score":3,"maxScore":9,"error":1}}}]},"primary_term":null,"canonical_url":null,"og_title":null,"og_description":null,"og_object_type":"default","og_image_type":"default","og_image_url":null,"og_image_width":null,"og_image_height":null,"og_image_custom_url":null,"og_image_custom_fields":null,"og_video":"","og_custom_url":null,"og_article_section":null,"og_article_tags":[],"twitter_use_og":false,"twitter_card":"default","twitter_image_type":"default","twitter_image_url":null,"twitter_image_custom_url":null,"twitter_image_custom_fields":null,"twitter_title":null,"twitter_description":null,"schema":{"blockGraphs":[],"customGraphs":[],"default":{"data":{"Article":[],"Course":[],"Dataset":[],"FAQPage":[],"Movie":[],"Person":[],"Product":[],"ProductReview":[],"Car":[],"Recipe":[],"Service":[],"SoftwareApplication":[],"WebPage":[]},"graphName":"","isEnabled":true},"graphs":[],"defaultGraph":"Article","defaultPostTypeGraph":""},"schema_type":"default","schema_type_options":"{\"article\":{\"articleType\":\"BlogPosting\"},\"course\":{\"name\":\"\",\"description\":\"\",\"provider\":\"\"},\"faq\":{\"pages\":[]},\"product\":{\"reviews\":[]},\"recipe\":{\"ingredients\":[],\"instructions\":[],\"keywords\":[]},\"software\":{\"reviews\":[],\"operatingSystems\":[]},\"webPage\":{\"webPageType\":\"WebPage\"}}","pillar_content":false,"robots_default":true,"robots_noindex":false,"robots_noarchive":false,"robots_nosnippet":false,"robots_nofollow":false,"robots_noimageindex":false,"robots_noodp":false,"robots_notranslate":false,"robots_max_snippet":"-1","robots_max_videopreview":"-1","robots_max_imagepreview":"large","priority":null,"frequency":"default","location":null,"local_seo":null,"seo_analyzer_scan_date":"2025-09-01 03:08:09","breadcrumb_settings":null,"limit_modified_date":false,"reviewed_by":null,"open_ai":null,"ai":null,"created":"2021-10-15 17:20:44","updated":"2025-09-01 03:08:09"},"aioseo_breadcrumb":"<div class=\"aioseo-breadcrumbs\"><span class=\"aioseo-breadcrumb\">\n\t<a href=\"https:\/\/candas365.es\/noticias\" title=\"Home\">Home<\/a>\n<\/span><span class=\"aioseo-breadcrumb-separator\">&ndash;<\/span><span class=\"aioseo-breadcrumb\">\n\t<a href=\"https:\/\/candas365.es\/noticias\/category\/deporte\/\" title=\"Deporte\">Deporte<\/a>\n<\/span><span class=\"aioseo-breadcrumb-separator\">&ndash;<\/span><span class=\"aioseo-breadcrumb\">\n\tNagelsmann cuenta con Hern\u00e1ndez contra el Leverkusen y el Benfica\n<\/span><\/div>","aioseo_breadcrumb_json":[{"label":"Home","link":"https:\/\/candas365.es\/noticias"},{"label":"Deporte","link":"https:\/\/candas365.es\/noticias\/category\/deporte\/"},{"label":"Nagelsmann cuenta con Hern\u00e1ndez contra el Leverkusen y el Benfica","link":"https:\/\/candas365.es\/noticias\/nagelsmann-cuenta-con-hernandez-contra-el-leverkusen-y-el-benfica\/"}],"_links":{"self":[{"href":"https:\/\/candas365.es\/noticias\/wp-json\/wp\/v2\/posts\/158847","targetHints":{"allow":["GET"]}}],"collection":[{"href":"https:\/\/candas365.es\/noticias\/wp-json\/wp\/v2\/posts"}],"about":[{"href":"https:\/\/candas365.es\/noticias\/wp-json\/wp\/v2\/types\/post"}],"author":[{"embeddable":true,"href":"https:\/\/candas365.es\/noticias\/wp-json\/wp\/v2\/users\/1"}],"replies":[{"embeddable":true,"href":"https:\/\/candas365.es\/noticias\/wp-json\/wp\/v2\/comments?post=158847"}],"version-history":[{"count":0,"href":"https:\/\/candas365.es\/noticias\/wp-json\/wp\/v2\/posts\/158847\/revisions"}],"wp:featuredmedia":[{"embeddable":true,"href":"https:\/\/candas365.es\/noticias\/wp-json\/wp\/v2\/media\/94574"}],"wp:attachment":[{"href":"https:\/\/candas365.es\/noticias\/wp-json\/wp\/v2\/media?parent=158847"}],"wp:term":[{"taxonomy":"category","embeddable":true,"href":"https:\/\/candas365.es\/noticias\/wp-json\/wp\/v2\/categories?post=158847"},{"taxonomy":"post_tag","embeddable":true,"href":"https:\/\/candas365.es\/noticias\/wp-json\/wp\/v2\/tags?post=158847"}],"curies":[{"name":"wp","href":"https:\/\/api.w.org\/{rel}","templated":true}]}}