{"id":158826,"date":"2021-10-12T15:14:06","date_gmt":"2021-10-12T15:14:06","guid":{"rendered":"http:\/\/candas365.es\/noticias\/?p=158826"},"modified":"2021-10-12T15:14:06","modified_gmt":"2021-10-12T15:14:06","slug":"alemania-se-clasifica-para-el-mundial-2022-pero-ahora-falta-lo-mas-dificil","status":"publish","type":"post","link":"https:\/\/candas365.es\/noticias\/alemania-se-clasifica-para-el-mundial-2022-pero-ahora-falta-lo-mas-dificil\/","title":{"rendered":"Alemania se clasifica para el Mundial 2022 pero ahora falta lo m\u00e1s dif\u00edcil"},"content":{"rendered":"<p>Skopie, 12 oct (dpa) &#8211; El seleccionador de Alemania, Hansi Flick, se mostr\u00f3 \u00aborgulloso\u00bb de su equipo tras conseguir el lunes por la noche la clasificaci\u00f3n para el Mundial 2022 a falta de dos partidos con un 4-0 sobre Macedonia del Norte, pero pocos dudan de que a\u00fan quede mucho trabajo por delante.<\/p>\n<figure id=\"attachment_158827\" aria-describedby=\"caption-attachment-158827\" style=\"width: 650px\" class=\"wp-caption aligncenter\"><img fetchpriority=\"high\" decoding=\"async\" class=\"wp-image-158827 size-large\" src=\"https:\/\/candas365.es\/noticias\/wp-content\/uploads\/2021\/10\/Alemania-futbol-650x434.jpg\" alt=\"Alemania f\u00fatbol\" width=\"650\" height=\"434\" srcset=\"https:\/\/candas365.es\/noticias\/wp-content\/uploads\/2021\/10\/Alemania-futbol-650x434.jpg 650w, https:\/\/candas365.es\/noticias\/wp-content\/uploads\/2021\/10\/Alemania-futbol-360x240.jpg 360w, https:\/\/candas365.es\/noticias\/wp-content\/uploads\/2021\/10\/Alemania-futbol-768x512.jpg 768w, https:\/\/candas365.es\/noticias\/wp-content\/uploads\/2021\/10\/Alemania-futbol-150x100.jpg 150w, https:\/\/candas365.es\/noticias\/wp-content\/uploads\/2021\/10\/Alemania-futbol-450x300.jpg 450w, https:\/\/candas365.es\/noticias\/wp-content\/uploads\/2021\/10\/Alemania-futbol.jpg 997w\" sizes=\"(max-width: 650px) 100vw, 650px\" \/><figcaption id=\"caption-attachment-158827\" class=\"wp-caption-text\">Alemania se clasific\u00f3 para el Mundial 2022 con un 4-0 sobre Macedonia del Norte. El la foto, el gol del 1-0 marcado por Kai Havertz (derecha). Foto: Federico Gambarini\/dpa<\/figcaption><\/figure>\n<p>A falta de 13 meses para la fase final del Mundial de Catar, la revista \u00abKicker\u00bb calific\u00f3 la clasificaci\u00f3n de Alemania como \u00absimplemente l\u00f3gica\u00bb y \u00abesperable\u00bb en un grupo en el que estaban Ruman\u00eda, Macedonia del Norte, Armenia, Islandia y Liechtenstein.<\/p>\n<p>Pese a ello, el resultado es un alivio para Flick porque Macedonia del Norte hab\u00eda sorprendido a Alemania con una victoria en un partido en casa en marzo, cuando llegaba a su fin la era del ex seleccionador Joachim L\u00f6w.<\/p>\n<p>Flick cambi\u00f3 el rumbo r\u00e1pidamente, con cinco victorias en cinco partidos desde que asumi\u00f3 el cargo tras la Eurocopa 2020, y consigui\u00f3 que Alemania sea la primera selecci\u00f3n clasificada junto con los anfitriones. \u00abAhora se trata de seguir por el camino elegido\u00bb, coment\u00f3 \u00abKicker\u00bb, \u00abporque los mayores retos est\u00e1n por llegar\u00bb.<\/p>\n<p>Hay pocas dudas al respecto, en vista de que pocos consideran que el nivel actual de Alemania est\u00e9 a la altura de Francia o Espa\u00f1a, que acaban de disputar la final de La Liga de las Naciones de la UEFA este fin de semana, o incluso de Italia o B\u00e9lgica, que quedaron en tercer y cuarto lugar en este torneo.<\/p>\n<p>En la actualidad, la selecci\u00f3n alemana ocupa el d\u00e9cimo cuarto puesto en la clasificaci\u00f3n mundial de la FIFA, por lo que parece inevitable que tenga que enfrentarse a un rival de alto nivel en la fase de grupos del torneo que comenzar\u00e1 en noviembre del a\u00f1o que viene.<\/p>\n<p>Seg\u00fan ha podido saber dpa de c\u00edrculos de la FIFA, el organismo rector del f\u00fatbol mundial tiene previsto volver a utilizar su lista de clasificaci\u00f3n mundial como criterio principal para la formaci\u00f3n de los bombos para el sorteo. Por lo tanto, los siete equipos mejor clasificados estar\u00edan en el primero junto con el anfitri\u00f3n, Catar.<\/p>\n<p>Estas plazas las ocupan actualmente B\u00e9lgica, Brasil, Inglaterra, Francia, Italia, Argentina y Portugal. Alemania se enfrentar\u00eda as\u00ed a uno de los ocho cabezas de grupo del torneo que se celebrar\u00e1 del 21 de noviembre al 18 de diciembre de 2022.<\/p>\n<p>\u00abCreo que el equipo ha evolucionado\u00bb, dijo Flick. \u00abSe ha vuelto a ver la mentalidad que hay sobre el terreno de juego. Por supuesto que no todo ha funcionado al cien por cien y ha faltado un poco de precisi\u00f3n, reconoci\u00f3. \u00abPero a\u00fan as\u00ed hay que decir: no hemos aflojado nunca\u00bb.<\/p>\n<p>Flick no se mostr\u00f3 preocupado por tener que enfrentarse a equipos fuertes. \u00abPor la calidad de nuestros jugadores, si nos fijamos en d\u00f3nde juegan, simplemente hay que decir que tambi\u00e9n tienen calidad para enfrentarse a Italia, Espa\u00f1a, Francia, B\u00e9lgica. Tengo mucha confianza\u00bb, dijo tras la victoria en Skopie.<\/p>\n<p>Pese a ello, el t\u00e9cnico de 56 a\u00f1os tambi\u00e9n se\u00f1al\u00f3 que la selecci\u00f3n a\u00fan tiene que evolucionar hasta el Mundial. \u00abNo s\u00e9 hasta d\u00f3nde llegaremos entonces. Pero definitivamente s\u00e9 que con esta mentalidad, muchas cosas son posibles\u00bb.<\/p>\n<p>La victoria por 4-0 fue posible gracias a un doblete de Timo Werner, acompa\u00f1ado por el primer gol de Kai Havertz y por el tanto decisivo de Jamal Musiala, aunque Alemania podr\u00eda haber terminado con una cifra a\u00fan mayor ante su abrumado rival.<\/p>\n<p>Werner cont\u00f3 con los elogios de su entrenador, pero son en realidad los jugadores como Havertz, de 22 a\u00f1os y ganador de la Liga de Campeones con el Chelsea, y Musiala, extremo del Bayern M\u00fanich de 18 a\u00f1os, los que simbolizan la verdadera esperanza para el Mundial.<\/p>\n<p>Aunque los veteranos del triunfo de 2014 en Brasil como el capit\u00e1n Manuel Neuer y Thomas M\u00fcller, vuelto a convocar por Flick, pueden apuntalar la nave, est\u00e1 claro que se necesita una renovaci\u00f3n juvenil.<\/p>\n<p>Karim Adeyemi (19 a\u00f1os), del Red Bull Salzburgo, y Florian Wirtz, el ni\u00f1o prodigio del Bayer Leverkusen, un a\u00f1o m\u00e1s joven, son otros de los que se espera que se impongan en el once inicial m\u00e1s pronto que tarde.<\/p>\n<p>Los partidos contra Liechtenstein y Armenia del mes que viene cerrar\u00e1n oficialmente la fase de clasificaci\u00f3n, pero en realidad los preparativos no han hecho m\u00e1s que empezar.<\/p>\n<p>\u00abPodemos y debemos mejorar ciertas cosas y evolucionar\u00bb, dijo Flick. \u00abHay un largo camino hasta el Mundial\u00bb.<\/p>\n<p><i class=\"lang-es\"><span class=\" readonly\" title=\"\">Por Klaus Bergmann y Jan Mies (dpa)<\/span><\/i><\/p>\n","protected":false},"excerpt":{"rendered":"<p>Skopie, 12 oct (dpa) &#8211; El seleccionador de Alemania, Hansi Flick, se mostr\u00f3 \u00aborgulloso\u00bb de su equipo tras conseguir el lunes por la noche la clasificaci\u00f3n para el Mundial 2022 a falta de dos partidos con un 4-0 sobre Macedonia del Norte, pero pocos dudan de que a\u00fan quede mucho trabajo por delante. A falta<\/p>\n","protected":false},"author":1,"featured_media":158827,"comment_status":"closed","ping_status":"closed","sticky":false,"template":"","format":"standard","meta":{"footnotes":""},"categories":[319],"tags":[387,389],"class_list":{"0":"post-158826","1":"post","2":"type-post","3":"status-publish","4":"format-standard","5":"has-post-thumbnail","7":"category-deporte","8":"tag-deporte","9":"tag-futbol"},"aioseo_notices":[],"aioseo_head":"\n\t\t<!-- All in One SEO Pro 4.9.6.2 - aioseo.com -->\n\t<meta name=\"description\" content=\"El seleccionador de Alemania, Hansi Flick, se mostr\u00f3 &quot;orgulloso&quot; de su equipo tras conseguir el lunes por la noche la clasificaci\u00f3n para el Mundial 2022\" \/>\n\t<meta name=\"robots\" content=\"max-image-preview:large\" \/>\n\t<meta name=\"author\" content=\"Cand\u00e1s 365\"\/>\n\t<meta name=\"google-site-verification\" content=\"UA-32230408-1\" \/>\n\t<meta name=\"msvalidate.01\" content=\"354F3CDFB2DA171B47FBE9ABF1F88D5\" \/>\n\t<meta name=\"keywords\" content=\"deporte\" \/>\n\t<link rel=\"canonical\" href=\"https:\/\/candas365.es\/noticias\/alemania-se-clasifica-para-el-mundial-2022-pero-ahora-falta-lo-mas-dificil\/\" \/>\n\t<meta name=\"generator\" content=\"All in One SEO Pro (AIOSEO) 4.9.6.2\" \/>\n\t\t<meta property=\"og:locale\" content=\"es_ES\" \/>\n\t\t<meta property=\"og:site_name\" content=\"Cand\u00e1s 365\" \/>\n\t\t<meta property=\"og:type\" content=\"article\" \/>\n\t\t<meta property=\"og:title\" content=\"Alemania se clasifica para el Mundial 2022 pero ahora falta lo m\u00e1s dif\u00edcil | Cand\u00e1s 365\" \/>\n\t\t<meta property=\"og:description\" content=\"El seleccionador de Alemania, Hansi Flick, se mostr\u00f3 &quot;orgulloso&quot; de su equipo tras conseguir el lunes por la noche la clasificaci\u00f3n para el Mundial 2022\" \/>\n\t\t<meta property=\"og:url\" content=\"https:\/\/candas365.es\/noticias\/alemania-se-clasifica-para-el-mundial-2022-pero-ahora-falta-lo-mas-dificil\/\" \/>\n\t\t<meta property=\"og:image\" content=\"https:\/\/candas365.es\/noticias\/wp-content\/uploads\/2021\/10\/Alemania-futbol.jpg\" \/>\n\t\t<meta property=\"og:image:secure_url\" content=\"https:\/\/candas365.es\/noticias\/wp-content\/uploads\/2021\/10\/Alemania-futbol.jpg\" \/>\n\t\t<meta property=\"og:image:width\" content=\"997\" \/>\n\t\t<meta property=\"og:image:height\" content=\"665\" \/>\n\t\t<meta property=\"article:published_time\" content=\"2021-10-12T15:14:06+00:00\" \/>\n\t\t<meta property=\"article:modified_time\" content=\"2021-10-12T15:14:06+00:00\" \/>\n\t\t<meta property=\"article:publisher\" content=\"https:\/\/www.facebook.com\/Nachofdezber\" \/>\n\t\t<meta property=\"article:author\" content=\"https:\/\/www.facebook.com\/carrenoactualidad\" \/>\n\t\t<meta name=\"twitter:card\" content=\"summary_large_image\" \/>\n\t\t<meta name=\"twitter:site\" content=\"@NabercoDigital\" \/>\n\t\t<meta name=\"twitter:title\" content=\"Alemania se clasifica para el Mundial 2022 pero ahora falta lo m\u00e1s dif\u00edcil | Cand\u00e1s 365\" \/>\n\t\t<meta name=\"twitter:description\" content=\"El seleccionador de Alemania, Hansi Flick, se mostr\u00f3 &quot;orgulloso&quot; de su equipo tras conseguir el lunes por la noche la clasificaci\u00f3n para el Mundial 2022\" \/>\n\t\t<meta name=\"twitter:creator\" content=\"@nbasturias\" \/>\n\t\t<meta name=\"twitter:image\" content=\"https:\/\/candas365.es\/noticias\/wp-content\/uploads\/2021\/10\/Alemania-futbol.jpg\" \/>\n\t\t<meta name=\"twitter:label1\" content=\"Escrito por\" \/>\n\t\t<meta name=\"twitter:data1\" content=\"Cand\u00e1s 365\" \/>\n\t\t<meta name=\"twitter:label2\" content=\"Tiempo de lectura estimado\" \/>\n\t\t<meta name=\"twitter:data2\" content=\"4 minutos\" \/>\n\t\t<script type=\"application\/ld+json\" class=\"aioseo-schema\">\n\t\t\t{\"@context\":\"https:\\\/\\\/schema.org\",\"@graph\":[{\"@type\":\"BreadcrumbList\",\"@id\":\"https:\\\/\\\/candas365.es\\\/noticias\\\/alemania-se-clasifica-para-el-mundial-2022-pero-ahora-falta-lo-mas-dificil\\\/#breadcrumblist\",\"itemListElement\":[{\"@type\":\"ListItem\",\"@id\":\"https:\\\/\\\/candas365.es\\\/noticias#listItem\",\"position\":1,\"name\":\"Home\",\"item\":\"https:\\\/\\\/candas365.es\\\/noticias\",\"nextItem\":{\"@type\":\"ListItem\",\"@id\":\"https:\\\/\\\/candas365.es\\\/noticias\\\/category\\\/deporte\\\/#listItem\",\"name\":\"Deporte\"}},{\"@type\":\"ListItem\",\"@id\":\"https:\\\/\\\/candas365.es\\\/noticias\\\/category\\\/deporte\\\/#listItem\",\"position\":2,\"name\":\"Deporte\",\"item\":\"https:\\\/\\\/candas365.es\\\/noticias\\\/category\\\/deporte\\\/\",\"nextItem\":{\"@type\":\"ListItem\",\"@id\":\"https:\\\/\\\/candas365.es\\\/noticias\\\/alemania-se-clasifica-para-el-mundial-2022-pero-ahora-falta-lo-mas-dificil\\\/#listItem\",\"name\":\"Alemania se clasifica para el Mundial 2022 pero ahora falta lo m\\u00e1s dif\\u00edcil\"},\"previousItem\":{\"@type\":\"ListItem\",\"@id\":\"https:\\\/\\\/candas365.es\\\/noticias#listItem\",\"name\":\"Home\"}},{\"@type\":\"ListItem\",\"@id\":\"https:\\\/\\\/candas365.es\\\/noticias\\\/alemania-se-clasifica-para-el-mundial-2022-pero-ahora-falta-lo-mas-dificil\\\/#listItem\",\"position\":3,\"name\":\"Alemania se clasifica para el Mundial 2022 pero ahora falta lo m\\u00e1s dif\\u00edcil\",\"previousItem\":{\"@type\":\"ListItem\",\"@id\":\"https:\\\/\\\/candas365.es\\\/noticias\\\/category\\\/deporte\\\/#listItem\",\"name\":\"Deporte\"}}]},{\"@type\":\"NewsArticle\",\"@id\":\"https:\\\/\\\/candas365.es\\\/noticias\\\/alemania-se-clasifica-para-el-mundial-2022-pero-ahora-falta-lo-mas-dificil\\\/#newsarticle\",\"name\":\"Alemania se clasifica para el Mundial 2022 pero ahora falta lo m\\u00e1s dif\\u00edcil | Cand\\u00e1s 365\",\"headline\":\"Alemania se clasifica para el Mundial 2022 pero ahora falta lo m\\u00e1s dif\\u00edcil\",\"author\":{\"@id\":\"https:\\\/\\\/candas365.es\\\/noticias\\\/author\\\/admin\\\/#author\"},\"publisher\":{\"@id\":\"https:\\\/\\\/candas365.es\\\/noticias\\\/#organization\"},\"image\":{\"@type\":\"ImageObject\",\"url\":\"https:\\\/\\\/candas365.es\\\/noticias\\\/wp-content\\\/uploads\\\/2021\\\/10\\\/Alemania-futbol.jpg\",\"width\":997,\"height\":665,\"caption\":\"Alemania se clasific\\u00f3 para el Mundial 2022 con un 4-0 sobre Macedonia del Norte. El la foto, el gol del 1-0 marcado por Kai Havertz (derecha). Foto: Federico Gambarini\\\/dpa\"},\"datePublished\":\"2021-10-12T15:14:06+02:00\",\"dateModified\":\"2021-10-12T15:14:06+02:00\",\"inLanguage\":\"es-ES\",\"mainEntityOfPage\":{\"@id\":\"https:\\\/\\\/candas365.es\\\/noticias\\\/alemania-se-clasifica-para-el-mundial-2022-pero-ahora-falta-lo-mas-dificil\\\/#webpage\"},\"isPartOf\":{\"@id\":\"https:\\\/\\\/candas365.es\\\/noticias\\\/alemania-se-clasifica-para-el-mundial-2022-pero-ahora-falta-lo-mas-dificil\\\/#webpage\"},\"articleSection\":\"Deporte, deporte, f\\u00fatbol\",\"dateline\":\"Publicado el octubre 12, 2021.\"},{\"@type\":\"Organization\",\"@id\":\"https:\\\/\\\/candas365.es\\\/noticias\\\/#organization\",\"name\":\"Cand\\u00e1s 365\",\"description\":\"Cand\\u00e1s 365 es un diario digital independiente, fundado en 2012, con base en Asturias. Informamos con rigor sobre actualidad, sociedad, cultura y ocio, con una mirada local y global.\",\"url\":\"https:\\\/\\\/candas365.es\\\/noticias\\\/\",\"email\":\"info@candas365.es\",\"telephone\":\"+34652131393\",\"foundingDate\":\"2012-06-10\",\"logo\":{\"@type\":\"ImageObject\",\"url\":\"https:\\\/\\\/candas365.es\\\/noticias\\\/wp-content\\\/uploads\\\/2024\\\/09\\\/Candas-365-Redes.jpg\",\"@id\":\"https:\\\/\\\/candas365.es\\\/noticias\\\/alemania-se-clasifica-para-el-mundial-2022-pero-ahora-falta-lo-mas-dificil\\\/#organizationLogo\",\"width\":1152,\"height\":864,\"caption\":\"Cand\\u00e1s 365 Redes\"},\"image\":{\"@id\":\"https:\\\/\\\/candas365.es\\\/noticias\\\/alemania-se-clasifica-para-el-mundial-2022-pero-ahora-falta-lo-mas-dificil\\\/#organizationLogo\"},\"sameAs\":[\"https:\\\/\\\/www.facebook.com\\\/Nachofdezber\",\"https:\\\/\\\/x.com\\\/NabercoDigital\",\"https:\\\/\\\/www.instagram.com\\\/nachofdezber\\\/\",\"https:\\\/\\\/www.youtube.com\\\/channel\\\/UCZP-2wLEB9Rv6erhFmqVnvg\"],\"address\":{\"@id\":\"https:\\\/\\\/candas365.es\\\/noticias\\\/#postaladdress\",\"@type\":\"PostalAddress\",\"streetAddress\":\"san antonio 4, san antonio 4\",\"postalCode\":\"33430\",\"addressLocality\":\"Cand\\u00e1s\",\"addressRegion\":\"Asturias\",\"addressCountry\":\"ES\"}},{\"@type\":\"Person\",\"@id\":\"https:\\\/\\\/candas365.es\\\/noticias\\\/author\\\/admin\\\/#author\",\"url\":\"https:\\\/\\\/candas365.es\\\/noticias\\\/author\\\/admin\\\/\",\"name\":\"Cand\\u00e1s 365\",\"image\":{\"@type\":\"ImageObject\",\"@id\":\"https:\\\/\\\/candas365.es\\\/noticias\\\/alemania-se-clasifica-para-el-mundial-2022-pero-ahora-falta-lo-mas-dificil\\\/#authorImage\",\"url\":\"https:\\\/\\\/secure.gravatar.com\\\/avatar\\\/496a8e03d0c493ede1718b7934145dbdf8d89be1036b0eec9544e1094c9de390?s=96&d=mm&r=g\",\"width\":96,\"height\":96,\"caption\":\"Cand\\u00e1s 365\"},\"sameAs\":[\"https:\\\/\\\/www.facebook.com\\\/carrenoactualidad\",\"https:\\\/\\\/twitter.com\\\/nbasturias\",\"https:\\\/\\\/www.instagram.com\\\/nachofdezber\\\/\",\"https:\\\/\\\/www.youtube.com\\\/channel\\\/UCZP-2wLEB9Rv6erhFmqVnvg\"]},{\"@type\":\"WebPage\",\"@id\":\"https:\\\/\\\/candas365.es\\\/noticias\\\/alemania-se-clasifica-para-el-mundial-2022-pero-ahora-falta-lo-mas-dificil\\\/#webpage\",\"url\":\"https:\\\/\\\/candas365.es\\\/noticias\\\/alemania-se-clasifica-para-el-mundial-2022-pero-ahora-falta-lo-mas-dificil\\\/\",\"name\":\"Alemania se clasifica para el Mundial 2022 pero ahora falta lo m\\u00e1s dif\\u00edcil | Cand\\u00e1s 365\",\"description\":\"El seleccionador de Alemania, Hansi Flick, se mostr\\u00f3 \\\"orgulloso\\\" de su equipo tras conseguir el lunes por la noche la clasificaci\\u00f3n para el Mundial 2022\",\"inLanguage\":\"es-ES\",\"isPartOf\":{\"@id\":\"https:\\\/\\\/candas365.es\\\/noticias\\\/#website\"},\"breadcrumb\":{\"@id\":\"https:\\\/\\\/candas365.es\\\/noticias\\\/alemania-se-clasifica-para-el-mundial-2022-pero-ahora-falta-lo-mas-dificil\\\/#breadcrumblist\"},\"author\":{\"@id\":\"https:\\\/\\\/candas365.es\\\/noticias\\\/author\\\/admin\\\/#author\"},\"creator\":{\"@id\":\"https:\\\/\\\/candas365.es\\\/noticias\\\/author\\\/admin\\\/#author\"},\"image\":{\"@type\":\"ImageObject\",\"url\":\"https:\\\/\\\/candas365.es\\\/noticias\\\/wp-content\\\/uploads\\\/2021\\\/10\\\/Alemania-futbol.jpg\",\"@id\":\"https:\\\/\\\/candas365.es\\\/noticias\\\/alemania-se-clasifica-para-el-mundial-2022-pero-ahora-falta-lo-mas-dificil\\\/#mainImage\",\"width\":997,\"height\":665,\"caption\":\"Alemania se clasific\\u00f3 para el Mundial 2022 con un 4-0 sobre Macedonia del Norte. El la foto, el gol del 1-0 marcado por Kai Havertz (derecha). Foto: Federico Gambarini\\\/dpa\"},\"primaryImageOfPage\":{\"@id\":\"https:\\\/\\\/candas365.es\\\/noticias\\\/alemania-se-clasifica-para-el-mundial-2022-pero-ahora-falta-lo-mas-dificil\\\/#mainImage\"},\"datePublished\":\"2021-10-12T15:14:06+02:00\",\"dateModified\":\"2021-10-12T15:14:06+02:00\"},{\"@type\":\"WebSite\",\"@id\":\"https:\\\/\\\/candas365.es\\\/noticias\\\/#website\",\"url\":\"https:\\\/\\\/candas365.es\\\/noticias\\\/\",\"name\":\"Cand\\u00e1s 365\",\"alternateName\":\"Cand\\u00e1s 365 Noticias\",\"description\":\"Actualidad desde Carre\\u00f1o para el mundo\",\"inLanguage\":\"es-ES\",\"publisher\":{\"@id\":\"https:\\\/\\\/candas365.es\\\/noticias\\\/#organization\"}}]}\n\t\t<\/script>\n\t\t<!-- All in One SEO Pro -->\r\n\t\t<title>Alemania se clasifica para el Mundial 2022 pero ahora falta lo m\u00e1s dif\u00edcil | Cand\u00e1s 365<\/title>\n\n","aioseo_head_json":{"title":"Alemania se clasifica para el Mundial 2022 pero ahora falta lo m\u00e1s dif\u00edcil | Cand\u00e1s 365","description":"El seleccionador de Alemania, Hansi Flick, se mostr\u00f3 \"orgulloso\" de su equipo tras conseguir el lunes por la noche la clasificaci\u00f3n para el Mundial 2022","canonical_url":"https:\/\/candas365.es\/noticias\/alemania-se-clasifica-para-el-mundial-2022-pero-ahora-falta-lo-mas-dificil\/","robots":"max-image-preview:large","keywords":"deporte","webmasterTools":{"google-site-verification":"UA-32230408-1","msvalidate.01":"354F3CDFB2DA171B47FBE9ABF1F88D5","miscellaneous":""},"schema":{"@context":"https:\/\/schema.org","@graph":[{"@type":"BreadcrumbList","@id":"https:\/\/candas365.es\/noticias\/alemania-se-clasifica-para-el-mundial-2022-pero-ahora-falta-lo-mas-dificil\/#breadcrumblist","itemListElement":[{"@type":"ListItem","@id":"https:\/\/candas365.es\/noticias#listItem","position":1,"name":"Home","item":"https:\/\/candas365.es\/noticias","nextItem":{"@type":"ListItem","@id":"https:\/\/candas365.es\/noticias\/category\/deporte\/#listItem","name":"Deporte"}},{"@type":"ListItem","@id":"https:\/\/candas365.es\/noticias\/category\/deporte\/#listItem","position":2,"name":"Deporte","item":"https:\/\/candas365.es\/noticias\/category\/deporte\/","nextItem":{"@type":"ListItem","@id":"https:\/\/candas365.es\/noticias\/alemania-se-clasifica-para-el-mundial-2022-pero-ahora-falta-lo-mas-dificil\/#listItem","name":"Alemania se clasifica para el Mundial 2022 pero ahora falta lo m\u00e1s dif\u00edcil"},"previousItem":{"@type":"ListItem","@id":"https:\/\/candas365.es\/noticias#listItem","name":"Home"}},{"@type":"ListItem","@id":"https:\/\/candas365.es\/noticias\/alemania-se-clasifica-para-el-mundial-2022-pero-ahora-falta-lo-mas-dificil\/#listItem","position":3,"name":"Alemania se clasifica para el Mundial 2022 pero ahora falta lo m\u00e1s dif\u00edcil","previousItem":{"@type":"ListItem","@id":"https:\/\/candas365.es\/noticias\/category\/deporte\/#listItem","name":"Deporte"}}]},{"@type":"NewsArticle","@id":"https:\/\/candas365.es\/noticias\/alemania-se-clasifica-para-el-mundial-2022-pero-ahora-falta-lo-mas-dificil\/#newsarticle","name":"Alemania se clasifica para el Mundial 2022 pero ahora falta lo m\u00e1s dif\u00edcil | Cand\u00e1s 365","headline":"Alemania se clasifica para el Mundial 2022 pero ahora falta lo m\u00e1s dif\u00edcil","author":{"@id":"https:\/\/candas365.es\/noticias\/author\/admin\/#author"},"publisher":{"@id":"https:\/\/candas365.es\/noticias\/#organization"},"image":{"@type":"ImageObject","url":"https:\/\/candas365.es\/noticias\/wp-content\/uploads\/2021\/10\/Alemania-futbol.jpg","width":997,"height":665,"caption":"Alemania se clasific\u00f3 para el Mundial 2022 con un 4-0 sobre Macedonia del Norte. El la foto, el gol del 1-0 marcado por Kai Havertz (derecha). Foto: Federico Gambarini\/dpa"},"datePublished":"2021-10-12T15:14:06+02:00","dateModified":"2021-10-12T15:14:06+02:00","inLanguage":"es-ES","mainEntityOfPage":{"@id":"https:\/\/candas365.es\/noticias\/alemania-se-clasifica-para-el-mundial-2022-pero-ahora-falta-lo-mas-dificil\/#webpage"},"isPartOf":{"@id":"https:\/\/candas365.es\/noticias\/alemania-se-clasifica-para-el-mundial-2022-pero-ahora-falta-lo-mas-dificil\/#webpage"},"articleSection":"Deporte, deporte, f\u00fatbol","dateline":"Publicado el octubre 12, 2021."},{"@type":"Organization","@id":"https:\/\/candas365.es\/noticias\/#organization","name":"Cand\u00e1s 365","description":"Cand\u00e1s 365 es un diario digital independiente, fundado en 2012, con base en Asturias. Informamos con rigor sobre actualidad, sociedad, cultura y ocio, con una mirada local y global.","url":"https:\/\/candas365.es\/noticias\/","email":"info@candas365.es","telephone":"+34652131393","foundingDate":"2012-06-10","logo":{"@type":"ImageObject","url":"https:\/\/candas365.es\/noticias\/wp-content\/uploads\/2024\/09\/Candas-365-Redes.jpg","@id":"https:\/\/candas365.es\/noticias\/alemania-se-clasifica-para-el-mundial-2022-pero-ahora-falta-lo-mas-dificil\/#organizationLogo","width":1152,"height":864,"caption":"Cand\u00e1s 365 Redes"},"image":{"@id":"https:\/\/candas365.es\/noticias\/alemania-se-clasifica-para-el-mundial-2022-pero-ahora-falta-lo-mas-dificil\/#organizationLogo"},"sameAs":["https:\/\/www.facebook.com\/Nachofdezber","https:\/\/x.com\/NabercoDigital","https:\/\/www.instagram.com\/nachofdezber\/","https:\/\/www.youtube.com\/channel\/UCZP-2wLEB9Rv6erhFmqVnvg"],"address":{"@id":"https:\/\/candas365.es\/noticias\/#postaladdress","@type":"PostalAddress","streetAddress":"san antonio 4, san antonio 4","postalCode":"33430","addressLocality":"Cand\u00e1s","addressRegion":"Asturias","addressCountry":"ES"}},{"@type":"Person","@id":"https:\/\/candas365.es\/noticias\/author\/admin\/#author","url":"https:\/\/candas365.es\/noticias\/author\/admin\/","name":"Cand\u00e1s 365","image":{"@type":"ImageObject","@id":"https:\/\/candas365.es\/noticias\/alemania-se-clasifica-para-el-mundial-2022-pero-ahora-falta-lo-mas-dificil\/#authorImage","url":"https:\/\/secure.gravatar.com\/avatar\/496a8e03d0c493ede1718b7934145dbdf8d89be1036b0eec9544e1094c9de390?s=96&d=mm&r=g","width":96,"height":96,"caption":"Cand\u00e1s 365"},"sameAs":["https:\/\/www.facebook.com\/carrenoactualidad","https:\/\/twitter.com\/nbasturias","https:\/\/www.instagram.com\/nachofdezber\/","https:\/\/www.youtube.com\/channel\/UCZP-2wLEB9Rv6erhFmqVnvg"]},{"@type":"WebPage","@id":"https:\/\/candas365.es\/noticias\/alemania-se-clasifica-para-el-mundial-2022-pero-ahora-falta-lo-mas-dificil\/#webpage","url":"https:\/\/candas365.es\/noticias\/alemania-se-clasifica-para-el-mundial-2022-pero-ahora-falta-lo-mas-dificil\/","name":"Alemania se clasifica para el Mundial 2022 pero ahora falta lo m\u00e1s dif\u00edcil | Cand\u00e1s 365","description":"El seleccionador de Alemania, Hansi Flick, se mostr\u00f3 \"orgulloso\" de su equipo tras conseguir el lunes por la noche la clasificaci\u00f3n para el Mundial 2022","inLanguage":"es-ES","isPartOf":{"@id":"https:\/\/candas365.es\/noticias\/#website"},"breadcrumb":{"@id":"https:\/\/candas365.es\/noticias\/alemania-se-clasifica-para-el-mundial-2022-pero-ahora-falta-lo-mas-dificil\/#breadcrumblist"},"author":{"@id":"https:\/\/candas365.es\/noticias\/author\/admin\/#author"},"creator":{"@id":"https:\/\/candas365.es\/noticias\/author\/admin\/#author"},"image":{"@type":"ImageObject","url":"https:\/\/candas365.es\/noticias\/wp-content\/uploads\/2021\/10\/Alemania-futbol.jpg","@id":"https:\/\/candas365.es\/noticias\/alemania-se-clasifica-para-el-mundial-2022-pero-ahora-falta-lo-mas-dificil\/#mainImage","width":997,"height":665,"caption":"Alemania se clasific\u00f3 para el Mundial 2022 con un 4-0 sobre Macedonia del Norte. El la foto, el gol del 1-0 marcado por Kai Havertz (derecha). Foto: Federico Gambarini\/dpa"},"primaryImageOfPage":{"@id":"https:\/\/candas365.es\/noticias\/alemania-se-clasifica-para-el-mundial-2022-pero-ahora-falta-lo-mas-dificil\/#mainImage"},"datePublished":"2021-10-12T15:14:06+02:00","dateModified":"2021-10-12T15:14:06+02:00"},{"@type":"WebSite","@id":"https:\/\/candas365.es\/noticias\/#website","url":"https:\/\/candas365.es\/noticias\/","name":"Cand\u00e1s 365","alternateName":"Cand\u00e1s 365 Noticias","description":"Actualidad desde Carre\u00f1o para el mundo","inLanguage":"es-ES","publisher":{"@id":"https:\/\/candas365.es\/noticias\/#organization"}}]},"og:locale":"es_ES","og:site_name":"Cand\u00e1s 365","og:type":"article","og:title":"Alemania se clasifica para el Mundial 2022 pero ahora falta lo m\u00e1s dif\u00edcil | Cand\u00e1s 365","og:description":"El seleccionador de Alemania, Hansi Flick, se mostr\u00f3 &quot;orgulloso&quot; de su equipo tras conseguir el lunes por la noche la clasificaci\u00f3n para el Mundial 2022","og:url":"https:\/\/candas365.es\/noticias\/alemania-se-clasifica-para-el-mundial-2022-pero-ahora-falta-lo-mas-dificil\/","og:image":"https:\/\/candas365.es\/noticias\/wp-content\/uploads\/2021\/10\/Alemania-futbol.jpg","og:image:secure_url":"https:\/\/candas365.es\/noticias\/wp-content\/uploads\/2021\/10\/Alemania-futbol.jpg","og:image:width":997,"og:image:height":665,"article:published_time":"2021-10-12T15:14:06+00:00","article:modified_time":"2021-10-12T15:14:06+00:00","article:publisher":"https:\/\/www.facebook.com\/Nachofdezber","article:author":"https:\/\/www.facebook.com\/carrenoactualidad","twitter:card":"summary_large_image","twitter:site":"@NabercoDigital","twitter:title":"Alemania se clasifica para el Mundial 2022 pero ahora falta lo m\u00e1s dif\u00edcil | Cand\u00e1s 365","twitter:description":"El seleccionador de Alemania, Hansi Flick, se mostr\u00f3 &quot;orgulloso&quot; de su equipo tras conseguir el lunes por la noche la clasificaci\u00f3n para el Mundial 2022","twitter:creator":"@nbasturias","twitter:image":"https:\/\/candas365.es\/noticias\/wp-content\/uploads\/2021\/10\/Alemania-futbol.jpg","twitter:label1":"Escrito por","twitter:data1":"Cand\u00e1s 365","twitter:label2":"Tiempo de lectura estimado","twitter:data2":"4 minutos"},"aioseo_meta_data":{"post_id":"158826","title":null,"description":"El seleccionador de Alemania, Hansi Flick, se mostr\u00f3 \"orgulloso\" de su equipo tras conseguir el lunes por la noche la clasificaci\u00f3n para el Mundial&nbsp;2022","keywords":[],"keyphrases":{"focus":{"keyphrase":"Alemania","score":92,"analysis":{"keyphraseInTitle":{"title":"Focus Keyphrase in SEO title","description":"Focus Keyphrase found in SEO title.","score":9,"maxScore":9,"error":0},"keyphraseInDescription":{"title":"Focus keyphrase in meta description","description":"Focus keyphrase found in meta description.","score":9,"maxScore":9,"error":0},"keyphraseInURL":{"title":"Focus Keyphrase in URL","description":"Focus Keyphrase not found in the URL.","score":1,"maxScore":5,"error":1},"keyphraseLength":{"title":"Focus keyphrase length","description":"Good job!","score":9,"maxScore":9,"error":0,"length":1},"keyphraseInIntroduction":{"title":"Focus keyphrase in introduction","description":"Your Focus keyphrase appears in the first paragraph. Well done!","score":9,"maxScore":9,"error":0},"keyphraseInSubHeadings":[],"keyphraseInImageAlt":{"title":"Focus keyphrase in image alt attributes","description":"Focus keyphrase found in image alt attribute(s).","score":9,"maxScore":9,"error":0}}},"additional":[{"keyphrase":"Mundial 2022","score":83,"analysis":{"keyphraseInDescription":{"title":"Keyphrase in meta description","description":"Keyphrase found in meta description.","score":9,"maxScore":9,"error":0},"keyphraseLength":{"title":"Keyphrase length","description":"Good job!","score":9,"maxScore":9,"error":0,"length":1},"keyphraseInIntroduction":{"title":"Keyphrase in introduction","description":"Your Keyphrase appears in the first paragraph. Well done!","score":9,"maxScore":9,"error":0},"keyphraseInImageAlt":{"title":"Keyphrase in image alt attributes","description":"Keyphrase not found in image alt attribute(s). Add an image with your Keyphrase as alt text.","score":3,"maxScore":9,"error":1}}},{"keyphrase":" Hansi Flick","score":83,"analysis":{"keyphraseInDescription":{"title":"Keyphrase in meta description","description":"Keyphrase found in meta description.","score":9,"maxScore":9,"error":0},"keyphraseLength":{"title":"Keyphrase length","description":"Good job!","score":9,"maxScore":9,"error":0,"length":2},"keyphraseInIntroduction":{"title":"Keyphrase in introduction","description":"Your Keyphrase appears in the first paragraph. Well done!","score":9,"maxScore":9,"error":0},"keyphraseInImageAlt":{"title":"Keyphrase in image alt attributes","description":"Keyphrase not found in image alt attribute(s). Add an image with your Keyphrase as alt text.","score":3,"maxScore":9,"error":1}}}]},"primary_term":null,"canonical_url":null,"og_title":null,"og_description":null,"og_object_type":"default","og_image_type":"default","og_image_url":null,"og_image_width":null,"og_image_height":null,"og_image_custom_url":null,"og_image_custom_fields":null,"og_video":"","og_custom_url":null,"og_article_section":null,"og_article_tags":[],"twitter_use_og":false,"twitter_card":"default","twitter_image_type":"default","twitter_image_url":null,"twitter_image_custom_url":null,"twitter_image_custom_fields":null,"twitter_title":null,"twitter_description":null,"schema":{"blockGraphs":[],"customGraphs":[],"default":{"data":{"Article":[],"Course":[],"Dataset":[],"FAQPage":[],"Movie":[],"Person":[],"Product":[],"ProductReview":[],"Car":[],"Recipe":[],"Service":[],"SoftwareApplication":[],"WebPage":[]},"graphName":"","isEnabled":true},"graphs":[],"defaultGraph":"Article","defaultPostTypeGraph":""},"schema_type":"default","schema_type_options":"{\"article\":{\"articleType\":\"BlogPosting\"},\"course\":{\"name\":\"\",\"description\":\"\",\"provider\":\"\"},\"faq\":{\"pages\":[]},\"product\":{\"reviews\":[]},\"recipe\":{\"ingredients\":[],\"instructions\":[],\"keywords\":[]},\"software\":{\"reviews\":[],\"operatingSystems\":[]},\"webPage\":{\"webPageType\":\"WebPage\"}}","pillar_content":false,"robots_default":true,"robots_noindex":false,"robots_noarchive":false,"robots_nosnippet":false,"robots_nofollow":false,"robots_noimageindex":false,"robots_noodp":false,"robots_notranslate":false,"robots_max_snippet":"-1","robots_max_videopreview":"-1","robots_max_imagepreview":"large","priority":null,"frequency":"default","location":null,"local_seo":null,"seo_analyzer_scan_date":"2025-09-01 03:06:15","breadcrumb_settings":null,"limit_modified_date":false,"reviewed_by":null,"open_ai":null,"ai":null,"created":"2021-10-12 15:10:17","updated":"2025-09-01 03:06:15"},"aioseo_breadcrumb":"<div class=\"aioseo-breadcrumbs\"><span class=\"aioseo-breadcrumb\">\n\t<a href=\"https:\/\/candas365.es\/noticias\" title=\"Home\">Home<\/a>\n<\/span><span class=\"aioseo-breadcrumb-separator\">&ndash;<\/span><span class=\"aioseo-breadcrumb\">\n\t<a href=\"https:\/\/candas365.es\/noticias\/category\/deporte\/\" title=\"Deporte\">Deporte<\/a>\n<\/span><span class=\"aioseo-breadcrumb-separator\">&ndash;<\/span><span class=\"aioseo-breadcrumb\">\n\tAlemania se clasifica para el Mundial 2022 pero ahora falta lo m\u00e1s dif\u00edcil\n<\/span><\/div>","aioseo_breadcrumb_json":[{"label":"Home","link":"https:\/\/candas365.es\/noticias"},{"label":"Deporte","link":"https:\/\/candas365.es\/noticias\/category\/deporte\/"},{"label":"Alemania se clasifica para el Mundial 2022 pero ahora falta lo m\u00e1s dif\u00edcil","link":"https:\/\/candas365.es\/noticias\/alemania-se-clasifica-para-el-mundial-2022-pero-ahora-falta-lo-mas-dificil\/"}],"_links":{"self":[{"href":"https:\/\/candas365.es\/noticias\/wp-json\/wp\/v2\/posts\/158826","targetHints":{"allow":["GET"]}}],"collection":[{"href":"https:\/\/candas365.es\/noticias\/wp-json\/wp\/v2\/posts"}],"about":[{"href":"https:\/\/candas365.es\/noticias\/wp-json\/wp\/v2\/types\/post"}],"author":[{"embeddable":true,"href":"https:\/\/candas365.es\/noticias\/wp-json\/wp\/v2\/users\/1"}],"replies":[{"embeddable":true,"href":"https:\/\/candas365.es\/noticias\/wp-json\/wp\/v2\/comments?post=158826"}],"version-history":[{"count":0,"href":"https:\/\/candas365.es\/noticias\/wp-json\/wp\/v2\/posts\/158826\/revisions"}],"wp:featuredmedia":[{"embeddable":true,"href":"https:\/\/candas365.es\/noticias\/wp-json\/wp\/v2\/media\/158827"}],"wp:attachment":[{"href":"https:\/\/candas365.es\/noticias\/wp-json\/wp\/v2\/media?parent=158826"}],"wp:term":[{"taxonomy":"category","embeddable":true,"href":"https:\/\/candas365.es\/noticias\/wp-json\/wp\/v2\/categories?post=158826"},{"taxonomy":"post_tag","embeddable":true,"href":"https:\/\/candas365.es\/noticias\/wp-json\/wp\/v2\/tags?post=158826"}],"curies":[{"name":"wp","href":"https:\/\/api.w.org\/{rel}","templated":true}]}}