{"id":158736,"date":"2021-10-07T17:07:00","date_gmt":"2021-10-07T17:07:00","guid":{"rendered":"http:\/\/candas365.es\/noticias\/?p=158736"},"modified":"2021-10-07T17:07:00","modified_gmt":"2021-10-07T17:07:00","slug":"flora-duffy-medalla-olimpica-para-el-pais-mas-pequeno","status":"publish","type":"post","link":"https:\/\/candas365.es\/noticias\/flora-duffy-medalla-olimpica-para-el-pais-mas-pequeno\/","title":{"rendered":"Flora Duffy: medalla ol\u00edmpica para el pa\u00eds m\u00e1s peque\u00f1o"},"content":{"rendered":"<p><b>VENEZUELA <\/b><span style=\"font-weight: 400;\">&#8211; El nuevo informe, redactado por el periodista <\/span><span style=\"color: #ff6600;\"><a style=\"color: #ff6600;\" href=\"https:\/\/tomaseliasgonzalezbenitezvenezuela.com\/flora-duffy-medalla-oro\/\" target=\"_blank\" rel=\"nofollow noopener\"><span style=\"font-weight: 400;\">Tom\u00e1s El\u00edas Gonz\u00e1lez Ben\u00edtez<\/span><\/a><\/span><i><span style=\"font-weight: 400;\">, <\/span><\/i><span style=\"font-weight: 400;\">analiza el perfil de Flora Duffy, la atleta que ha hecho historia con la primera medalla para Bermudas. La victoria de Flora Duffy es un \u00e9xito para su pa\u00eds. Bermudas ha ganado la primera medalla de oro en unos Juegos Ol\u00edmpicos.<\/span><\/p>\n<figure id=\"attachment_158737\" aria-describedby=\"caption-attachment-158737\" style=\"width: 650px\" class=\"wp-caption aligncenter\"><img fetchpriority=\"high\" decoding=\"async\" class=\"wp-image-158737 size-large\" src=\"https:\/\/candas365.es\/noticias\/wp-content\/uploads\/2021\/10\/medalla-olimpica-650x387.jpg\" alt=\"medalla ol\u00edmpica\" width=\"650\" height=\"387\" srcset=\"https:\/\/candas365.es\/noticias\/wp-content\/uploads\/2021\/10\/medalla-olimpica-650x387.jpg 650w, https:\/\/candas365.es\/noticias\/wp-content\/uploads\/2021\/10\/medalla-olimpica-360x214.jpg 360w, https:\/\/candas365.es\/noticias\/wp-content\/uploads\/2021\/10\/medalla-olimpica-150x89.jpg 150w, https:\/\/candas365.es\/noticias\/wp-content\/uploads\/2021\/10\/medalla-olimpica-450x268.jpg 450w, https:\/\/candas365.es\/noticias\/wp-content\/uploads\/2021\/10\/medalla-olimpica.jpg 692w\" sizes=\"(max-width: 650px) 100vw, 650px\" \/><figcaption id=\"caption-attachment-158737\" class=\"wp-caption-text\">La atleta le dio el primer oro a Bermudas, en unos Juegos Ol\u00edmpicos<\/figcaption><\/figure>\n<p><span style=\"font-weight: 400;\">As\u00ed, Bermudas se ha convertido en el pa\u00eds m\u00e1s peque\u00f1o, del mundo, en conseguir una medalla de oro en unos Juegos Ol\u00edmpicos.<\/span><\/p>\n<h2><b>Campeona ol\u00edmpica de triatl\u00f3n<\/b><\/h2>\n<p><span style=\"font-weight: 400;\">Flora Duffy gan\u00f3 el oro en triatl\u00f3n femenino, una disciplina que incluye nataci\u00f3n, ciclismo y carrera. El \u00e9xito es a\u00fan m\u00e1s valioso debido a las condiciones clim\u00e1ticas a las que se tuvo que enfrentar Duffy, en su competici\u00f3n. La tormenta tropical que acompa\u00f1\u00f3 toda la carrera supuso un handicap mayor para la atleta, sobre todo en el tramo de ciclismo. La prueba estaba conformada por 1.500 metros a nado, 40 kil\u00f3metros en bicicleta y 10 de carrera.<\/span><\/p>\n<h2><b>\u00bfQui\u00e9n es Flora Duffy?<\/b><\/h2>\n<p><i><span style=\"font-weight: 400;\">\u201cPertenec\u00eda a un equipo de nataci\u00f3n, amaba correr y ten\u00eda una bici, as\u00ed que mi madre me apunt\u00f3 y mis amigas hicieron lo mismo y me enganch\u00e9 al deporte\u201d, <\/span><\/i><span style=\"font-weight: 400;\">explica cuando le preguntan por sus or\u00edgenes. Flora Duffy es una deportista, que compite en triatl\u00f3n, nacida en Bermudas, en septiembre de 1987.<\/span><\/p>\n<p><span style=\"font-weight: 400;\">Ha participado en cuatro Juegos Ol\u00edmpicos, haciendo historia en el \u00faltimo torneo de Tokio 2020. En el Campeonato Mundial de Triatl\u00f3n, entre 2016 y 2021, ha ganado cuatro medallas. Asimismo, en 2015, alcanz\u00f3 el bronce en los Juegos Panamericanos. El \u00e9xito es mayor al recordar la depresi\u00f3n que sufri\u00f3 en 2006, teniendo que dejar el deporte temporalmente.<\/span><\/p>\n<p><span style=\"font-weight: 400;\">A ello, hay que sumar las numerosas lesiones que le han acompa\u00f1ado en su carrera como profesional. Sufri\u00f3 fascitis plantar, el s\u00edndrome de la banda iliotibilial de la rodilla, anemia y una fractura en su pie izquierdo, por estr\u00e9s. Los Juegos Ol\u00edmpicos de R\u00edo de Janeiro marcaron un antes y despu\u00e9s en sus problemas f\u00edsicos.<\/span><\/p>\n<p><i><span style=\"font-weight: 400;\">\u201cY 2020 iba a ser mi a\u00f1o, me prepar\u00e9 como nunca y todo cambi\u00f3, as\u00ed que pens\u00e9 que 2021 ser\u00eda diferente porque hab\u00eda corrido de una forma m\u00e1s relajada. Los Juegos Ol\u00edmpicos siempre fueron mi objetivo\u201d.<\/span><\/i><\/p>\n<h2><b>La carrera de Flora Duffy<\/b><\/h2>\n<p><span style=\"font-weight: 400;\">Flora Duffy, saliendo sexta del agua, form\u00f3 parte del grupo de favoritas en la bicicleta. Junto a ella, se hallaba la inglesa, Georgia Taylor-Brown, la estadounidense Katie Zaferes y la alemana, Laura Lindemann. Cuando bajaron de la bicicleta, Duffy mejor\u00f3 el ritmo que sus tres compa\u00f1eras. Finalmente, Duffy estuvo acompa\u00f1ada, en el podium, por la brit\u00e1nica Georgia Taylor-Brown; y la estadounidense Katie Zaferes. La marca final de la triatleta fue de una hora, 55 minutos y 36 segundos: a un minuto y 14 segundos de Taylor-Brown. La prueba se disput\u00f3 en el circuito del Parque Marino de Odaiba, en Tokio. La bermude\u00f1a sucedi\u00f3 a la estadounidense Gwen Jorgensen, el oro ol\u00edmpico de Brasil. Nicola Spirig, la veterana suiza, \u00fanica triatleta de la historia con cinco Juegos Ol\u00edmpicos, finaliz\u00f3 sexta, a sus 39 a\u00f1os.<\/span><\/p>\n<h2><b>Bermudas: el pa\u00eds m\u00e1s peque\u00f1o en conseguir una medalla de oro<\/b><\/h2>\n<p><span style=\"font-weight: 400;\">Bermudas es un archipi\u00e9lago formado por 300 islotes de coral, ubicados en el ultramar brit\u00e1nico. De estos islotes, solo 20 est\u00e1n habitados. Con sus 64.000 habitantes, Bermudas se convierte en el pa\u00eds m\u00e1s peque\u00f1o del mundo en conseguir una medalla de oro en unos Juegos Ol\u00edmpicos. Los habitantes de Bermudas sienten una gran satisfacci\u00f3n, por sus dos atletas participantes en los Juegos Ol\u00edmpicos. Las redes sociales se llenaron de alegr\u00eda y felicitaciones, por un orgullo, ya permanente, por su triatleta. Anteriormente, el pa\u00eds hab\u00eda ganado una medalla de bronce, con Clarence Hill, en boxeo, en Montreal \u201876.<\/span><\/p>\n","protected":false},"excerpt":{"rendered":"<p>VENEZUELA &#8211; El nuevo informe, redactado por el periodista Tom\u00e1s El\u00edas Gonz\u00e1lez Ben\u00edtez, analiza el perfil de Flora Duffy, la atleta que ha hecho historia con la primera medalla para Bermudas. La victoria de Flora Duffy es un \u00e9xito para su pa\u00eds. Bermudas ha ganado la primera medalla de oro en unos Juegos Ol\u00edmpicos. As\u00ed,<\/p>\n","protected":false},"author":1,"featured_media":158737,"comment_status":"closed","ping_status":"closed","sticky":false,"template":"","format":"standard","meta":{"footnotes":""},"categories":[319],"tags":[],"class_list":{"0":"post-158736","1":"post","2":"type-post","3":"status-publish","4":"format-standard","5":"has-post-thumbnail","7":"category-deporte"},"aioseo_notices":[],"aioseo_head":"\n\t\t<!-- All in One SEO Pro 4.9.6.2 - aioseo.com -->\n\t<meta name=\"description\" content=\"El nuevo informe, redactado por el periodista Tom\u00e1s El\u00edas Gonz\u00e1lez Ben\u00edtez, analiza el perfil de Flora Duffy, la atleta que ha hecho historia ..\" \/>\n\t<meta name=\"robots\" content=\"max-image-preview:large\" \/>\n\t<meta name=\"author\" content=\"Cand\u00e1s 365\"\/>\n\t<meta name=\"google-site-verification\" content=\"UA-32230408-1\" \/>\n\t<meta name=\"msvalidate.01\" content=\"354F3CDFB2DA171B47FBE9ABF1F88D5\" \/>\n\t<meta name=\"keywords\" content=\"deporte\" \/>\n\t<link rel=\"canonical\" href=\"https:\/\/candas365.es\/noticias\/flora-duffy-medalla-olimpica-para-el-pais-mas-pequeno\/\" \/>\n\t<meta name=\"generator\" content=\"All in One SEO Pro (AIOSEO) 4.9.6.2\" \/>\n\t\t<meta property=\"og:locale\" content=\"es_ES\" \/>\n\t\t<meta property=\"og:site_name\" content=\"Cand\u00e1s 365\" \/>\n\t\t<meta property=\"og:type\" content=\"article\" \/>\n\t\t<meta property=\"og:title\" content=\"Flora Duffy: medalla ol\u00edmpica para el pa\u00eds m\u00e1s peque\u00f1o | Cand\u00e1s 365\" \/>\n\t\t<meta property=\"og:description\" content=\"El nuevo informe, redactado por el periodista Tom\u00e1s El\u00edas Gonz\u00e1lez Ben\u00edtez, analiza el perfil de Flora Duffy, la atleta que ha hecho historia ..\" \/>\n\t\t<meta property=\"og:url\" content=\"https:\/\/candas365.es\/noticias\/flora-duffy-medalla-olimpica-para-el-pais-mas-pequeno\/\" \/>\n\t\t<meta property=\"og:image\" content=\"https:\/\/candas365.es\/noticias\/wp-content\/uploads\/2021\/10\/medalla-olimpica.jpg\" \/>\n\t\t<meta property=\"og:image:secure_url\" content=\"https:\/\/candas365.es\/noticias\/wp-content\/uploads\/2021\/10\/medalla-olimpica.jpg\" \/>\n\t\t<meta property=\"og:image:width\" content=\"692\" \/>\n\t\t<meta property=\"og:image:height\" content=\"412\" \/>\n\t\t<meta property=\"article:published_time\" content=\"2021-10-07T17:07:00+00:00\" \/>\n\t\t<meta property=\"article:modified_time\" content=\"2021-10-07T17:07:00+00:00\" \/>\n\t\t<meta property=\"article:publisher\" content=\"https:\/\/www.facebook.com\/Nachofdezber\" \/>\n\t\t<meta property=\"article:author\" content=\"https:\/\/www.facebook.com\/carrenoactualidad\" \/>\n\t\t<meta name=\"twitter:card\" content=\"summary_large_image\" \/>\n\t\t<meta name=\"twitter:site\" content=\"@NabercoDigital\" \/>\n\t\t<meta name=\"twitter:title\" content=\"Flora Duffy: medalla ol\u00edmpica para el pa\u00eds m\u00e1s peque\u00f1o | Cand\u00e1s 365\" \/>\n\t\t<meta name=\"twitter:description\" content=\"El nuevo informe, redactado por el periodista Tom\u00e1s El\u00edas Gonz\u00e1lez Ben\u00edtez, analiza el perfil de Flora Duffy, la atleta que ha hecho historia ..\" \/>\n\t\t<meta name=\"twitter:creator\" content=\"@nbasturias\" \/>\n\t\t<meta name=\"twitter:image\" content=\"https:\/\/candas365.es\/noticias\/wp-content\/uploads\/2021\/10\/medalla-olimpica.jpg\" \/>\n\t\t<meta name=\"twitter:label1\" content=\"Escrito por\" \/>\n\t\t<meta name=\"twitter:data1\" content=\"Cand\u00e1s 365\" \/>\n\t\t<meta name=\"twitter:label2\" content=\"Tiempo de lectura estimado\" \/>\n\t\t<meta name=\"twitter:data2\" content=\"3 minutos\" \/>\n\t\t<script type=\"application\/ld+json\" class=\"aioseo-schema\">\n\t\t\t{\"@context\":\"https:\\\/\\\/schema.org\",\"@graph\":[{\"@type\":\"BreadcrumbList\",\"@id\":\"https:\\\/\\\/candas365.es\\\/noticias\\\/flora-duffy-medalla-olimpica-para-el-pais-mas-pequeno\\\/#breadcrumblist\",\"itemListElement\":[{\"@type\":\"ListItem\",\"@id\":\"https:\\\/\\\/candas365.es\\\/noticias#listItem\",\"position\":1,\"name\":\"Home\",\"item\":\"https:\\\/\\\/candas365.es\\\/noticias\",\"nextItem\":{\"@type\":\"ListItem\",\"@id\":\"https:\\\/\\\/candas365.es\\\/noticias\\\/category\\\/deporte\\\/#listItem\",\"name\":\"Deporte\"}},{\"@type\":\"ListItem\",\"@id\":\"https:\\\/\\\/candas365.es\\\/noticias\\\/category\\\/deporte\\\/#listItem\",\"position\":2,\"name\":\"Deporte\",\"item\":\"https:\\\/\\\/candas365.es\\\/noticias\\\/category\\\/deporte\\\/\",\"nextItem\":{\"@type\":\"ListItem\",\"@id\":\"https:\\\/\\\/candas365.es\\\/noticias\\\/flora-duffy-medalla-olimpica-para-el-pais-mas-pequeno\\\/#listItem\",\"name\":\"Flora Duffy: medalla ol\\u00edmpica para el pa\\u00eds m\\u00e1s peque\\u00f1o\"},\"previousItem\":{\"@type\":\"ListItem\",\"@id\":\"https:\\\/\\\/candas365.es\\\/noticias#listItem\",\"name\":\"Home\"}},{\"@type\":\"ListItem\",\"@id\":\"https:\\\/\\\/candas365.es\\\/noticias\\\/flora-duffy-medalla-olimpica-para-el-pais-mas-pequeno\\\/#listItem\",\"position\":3,\"name\":\"Flora Duffy: medalla ol\\u00edmpica para el pa\\u00eds m\\u00e1s peque\\u00f1o\",\"previousItem\":{\"@type\":\"ListItem\",\"@id\":\"https:\\\/\\\/candas365.es\\\/noticias\\\/category\\\/deporte\\\/#listItem\",\"name\":\"Deporte\"}}]},{\"@type\":\"NewsArticle\",\"@id\":\"https:\\\/\\\/candas365.es\\\/noticias\\\/flora-duffy-medalla-olimpica-para-el-pais-mas-pequeno\\\/#newsarticle\",\"name\":\"Flora Duffy: medalla ol\\u00edmpica para el pa\\u00eds m\\u00e1s peque\\u00f1o | Cand\\u00e1s 365\",\"headline\":\"Flora Duffy: medalla ol\\u00edmpica para el pa\\u00eds m\\u00e1s peque\\u00f1o\",\"author\":{\"@id\":\"https:\\\/\\\/candas365.es\\\/noticias\\\/author\\\/admin\\\/#author\"},\"publisher\":{\"@id\":\"https:\\\/\\\/candas365.es\\\/noticias\\\/#organization\"},\"image\":{\"@type\":\"ImageObject\",\"url\":\"https:\\\/\\\/candas365.es\\\/noticias\\\/wp-content\\\/uploads\\\/2021\\\/10\\\/medalla-olimpica.jpg\",\"width\":692,\"height\":412,\"caption\":\"La atleta le dio el primer oro a Bermudas, en unos Juegos Ol\\u00edmpicos\"},\"datePublished\":\"2021-10-07T17:07:00+02:00\",\"dateModified\":\"2021-10-07T17:07:00+02:00\",\"inLanguage\":\"es-ES\",\"mainEntityOfPage\":{\"@id\":\"https:\\\/\\\/candas365.es\\\/noticias\\\/flora-duffy-medalla-olimpica-para-el-pais-mas-pequeno\\\/#webpage\"},\"isPartOf\":{\"@id\":\"https:\\\/\\\/candas365.es\\\/noticias\\\/flora-duffy-medalla-olimpica-para-el-pais-mas-pequeno\\\/#webpage\"},\"articleSection\":\"Deporte\",\"dateline\":\"Publicado el octubre 7, 2021.\"},{\"@type\":\"Organization\",\"@id\":\"https:\\\/\\\/candas365.es\\\/noticias\\\/#organization\",\"name\":\"Cand\\u00e1s 365\",\"description\":\"Cand\\u00e1s 365 es un diario digital independiente, fundado en 2012, con base en Asturias. Informamos con rigor sobre actualidad, sociedad, cultura y ocio, con una mirada local y global.\",\"url\":\"https:\\\/\\\/candas365.es\\\/noticias\\\/\",\"email\":\"info@candas365.es\",\"telephone\":\"+34652131393\",\"foundingDate\":\"2012-06-10\",\"logo\":{\"@type\":\"ImageObject\",\"url\":\"https:\\\/\\\/candas365.es\\\/noticias\\\/wp-content\\\/uploads\\\/2024\\\/09\\\/Candas-365-Redes.jpg\",\"@id\":\"https:\\\/\\\/candas365.es\\\/noticias\\\/flora-duffy-medalla-olimpica-para-el-pais-mas-pequeno\\\/#organizationLogo\",\"width\":1152,\"height\":864,\"caption\":\"Cand\\u00e1s 365 Redes\"},\"image\":{\"@id\":\"https:\\\/\\\/candas365.es\\\/noticias\\\/flora-duffy-medalla-olimpica-para-el-pais-mas-pequeno\\\/#organizationLogo\"},\"sameAs\":[\"https:\\\/\\\/www.facebook.com\\\/Nachofdezber\",\"https:\\\/\\\/x.com\\\/NabercoDigital\",\"https:\\\/\\\/www.instagram.com\\\/nachofdezber\\\/\",\"https:\\\/\\\/www.youtube.com\\\/channel\\\/UCZP-2wLEB9Rv6erhFmqVnvg\"],\"address\":{\"@id\":\"https:\\\/\\\/candas365.es\\\/noticias\\\/#postaladdress\",\"@type\":\"PostalAddress\",\"streetAddress\":\"san antonio 4, san antonio 4\",\"postalCode\":\"33430\",\"addressLocality\":\"Cand\\u00e1s\",\"addressRegion\":\"Asturias\",\"addressCountry\":\"ES\"}},{\"@type\":\"Person\",\"@id\":\"https:\\\/\\\/candas365.es\\\/noticias\\\/author\\\/admin\\\/#author\",\"url\":\"https:\\\/\\\/candas365.es\\\/noticias\\\/author\\\/admin\\\/\",\"name\":\"Cand\\u00e1s 365\",\"image\":{\"@type\":\"ImageObject\",\"@id\":\"https:\\\/\\\/candas365.es\\\/noticias\\\/flora-duffy-medalla-olimpica-para-el-pais-mas-pequeno\\\/#authorImage\",\"url\":\"https:\\\/\\\/secure.gravatar.com\\\/avatar\\\/496a8e03d0c493ede1718b7934145dbdf8d89be1036b0eec9544e1094c9de390?s=96&d=mm&r=g\",\"width\":96,\"height\":96,\"caption\":\"Cand\\u00e1s 365\"},\"sameAs\":[\"https:\\\/\\\/www.facebook.com\\\/carrenoactualidad\",\"https:\\\/\\\/twitter.com\\\/nbasturias\",\"https:\\\/\\\/www.instagram.com\\\/nachofdezber\\\/\",\"https:\\\/\\\/www.youtube.com\\\/channel\\\/UCZP-2wLEB9Rv6erhFmqVnvg\"]},{\"@type\":\"WebPage\",\"@id\":\"https:\\\/\\\/candas365.es\\\/noticias\\\/flora-duffy-medalla-olimpica-para-el-pais-mas-pequeno\\\/#webpage\",\"url\":\"https:\\\/\\\/candas365.es\\\/noticias\\\/flora-duffy-medalla-olimpica-para-el-pais-mas-pequeno\\\/\",\"name\":\"Flora Duffy: medalla ol\\u00edmpica para el pa\\u00eds m\\u00e1s peque\\u00f1o | Cand\\u00e1s 365\",\"description\":\"El nuevo informe, redactado por el periodista Tom\\u00e1s El\\u00edas Gonz\\u00e1lez Ben\\u00edtez, analiza el perfil de Flora Duffy, la atleta que ha hecho historia ..\",\"inLanguage\":\"es-ES\",\"isPartOf\":{\"@id\":\"https:\\\/\\\/candas365.es\\\/noticias\\\/#website\"},\"breadcrumb\":{\"@id\":\"https:\\\/\\\/candas365.es\\\/noticias\\\/flora-duffy-medalla-olimpica-para-el-pais-mas-pequeno\\\/#breadcrumblist\"},\"author\":{\"@id\":\"https:\\\/\\\/candas365.es\\\/noticias\\\/author\\\/admin\\\/#author\"},\"creator\":{\"@id\":\"https:\\\/\\\/candas365.es\\\/noticias\\\/author\\\/admin\\\/#author\"},\"image\":{\"@type\":\"ImageObject\",\"url\":\"https:\\\/\\\/candas365.es\\\/noticias\\\/wp-content\\\/uploads\\\/2021\\\/10\\\/medalla-olimpica.jpg\",\"@id\":\"https:\\\/\\\/candas365.es\\\/noticias\\\/flora-duffy-medalla-olimpica-para-el-pais-mas-pequeno\\\/#mainImage\",\"width\":692,\"height\":412,\"caption\":\"La atleta le dio el primer oro a Bermudas, en unos Juegos Ol\\u00edmpicos\"},\"primaryImageOfPage\":{\"@id\":\"https:\\\/\\\/candas365.es\\\/noticias\\\/flora-duffy-medalla-olimpica-para-el-pais-mas-pequeno\\\/#mainImage\"},\"datePublished\":\"2021-10-07T17:07:00+02:00\",\"dateModified\":\"2021-10-07T17:07:00+02:00\"},{\"@type\":\"WebSite\",\"@id\":\"https:\\\/\\\/candas365.es\\\/noticias\\\/#website\",\"url\":\"https:\\\/\\\/candas365.es\\\/noticias\\\/\",\"name\":\"Cand\\u00e1s 365\",\"alternateName\":\"Cand\\u00e1s 365 Noticias\",\"description\":\"Actualidad desde Carre\\u00f1o para el mundo\",\"inLanguage\":\"es-ES\",\"publisher\":{\"@id\":\"https:\\\/\\\/candas365.es\\\/noticias\\\/#organization\"}}]}\n\t\t<\/script>\n\t\t<!-- All in One SEO Pro -->\r\n\t\t<title>Flora Duffy: medalla ol\u00edmpica para el pa\u00eds m\u00e1s peque\u00f1o | Cand\u00e1s 365<\/title>\n\n","aioseo_head_json":{"title":"Flora Duffy: medalla ol\u00edmpica para el pa\u00eds m\u00e1s peque\u00f1o | Cand\u00e1s 365","description":"El nuevo informe, redactado por el periodista Tom\u00e1s El\u00edas Gonz\u00e1lez Ben\u00edtez, analiza el perfil de Flora Duffy, la atleta que ha hecho historia ..","canonical_url":"https:\/\/candas365.es\/noticias\/flora-duffy-medalla-olimpica-para-el-pais-mas-pequeno\/","robots":"max-image-preview:large","keywords":"deporte","webmasterTools":{"google-site-verification":"UA-32230408-1","msvalidate.01":"354F3CDFB2DA171B47FBE9ABF1F88D5","miscellaneous":""},"schema":{"@context":"https:\/\/schema.org","@graph":[{"@type":"BreadcrumbList","@id":"https:\/\/candas365.es\/noticias\/flora-duffy-medalla-olimpica-para-el-pais-mas-pequeno\/#breadcrumblist","itemListElement":[{"@type":"ListItem","@id":"https:\/\/candas365.es\/noticias#listItem","position":1,"name":"Home","item":"https:\/\/candas365.es\/noticias","nextItem":{"@type":"ListItem","@id":"https:\/\/candas365.es\/noticias\/category\/deporte\/#listItem","name":"Deporte"}},{"@type":"ListItem","@id":"https:\/\/candas365.es\/noticias\/category\/deporte\/#listItem","position":2,"name":"Deporte","item":"https:\/\/candas365.es\/noticias\/category\/deporte\/","nextItem":{"@type":"ListItem","@id":"https:\/\/candas365.es\/noticias\/flora-duffy-medalla-olimpica-para-el-pais-mas-pequeno\/#listItem","name":"Flora Duffy: medalla ol\u00edmpica para el pa\u00eds m\u00e1s peque\u00f1o"},"previousItem":{"@type":"ListItem","@id":"https:\/\/candas365.es\/noticias#listItem","name":"Home"}},{"@type":"ListItem","@id":"https:\/\/candas365.es\/noticias\/flora-duffy-medalla-olimpica-para-el-pais-mas-pequeno\/#listItem","position":3,"name":"Flora Duffy: medalla ol\u00edmpica para el pa\u00eds m\u00e1s peque\u00f1o","previousItem":{"@type":"ListItem","@id":"https:\/\/candas365.es\/noticias\/category\/deporte\/#listItem","name":"Deporte"}}]},{"@type":"NewsArticle","@id":"https:\/\/candas365.es\/noticias\/flora-duffy-medalla-olimpica-para-el-pais-mas-pequeno\/#newsarticle","name":"Flora Duffy: medalla ol\u00edmpica para el pa\u00eds m\u00e1s peque\u00f1o | Cand\u00e1s 365","headline":"Flora Duffy: medalla ol\u00edmpica para el pa\u00eds m\u00e1s peque\u00f1o","author":{"@id":"https:\/\/candas365.es\/noticias\/author\/admin\/#author"},"publisher":{"@id":"https:\/\/candas365.es\/noticias\/#organization"},"image":{"@type":"ImageObject","url":"https:\/\/candas365.es\/noticias\/wp-content\/uploads\/2021\/10\/medalla-olimpica.jpg","width":692,"height":412,"caption":"La atleta le dio el primer oro a Bermudas, en unos Juegos Ol\u00edmpicos"},"datePublished":"2021-10-07T17:07:00+02:00","dateModified":"2021-10-07T17:07:00+02:00","inLanguage":"es-ES","mainEntityOfPage":{"@id":"https:\/\/candas365.es\/noticias\/flora-duffy-medalla-olimpica-para-el-pais-mas-pequeno\/#webpage"},"isPartOf":{"@id":"https:\/\/candas365.es\/noticias\/flora-duffy-medalla-olimpica-para-el-pais-mas-pequeno\/#webpage"},"articleSection":"Deporte","dateline":"Publicado el octubre 7, 2021."},{"@type":"Organization","@id":"https:\/\/candas365.es\/noticias\/#organization","name":"Cand\u00e1s 365","description":"Cand\u00e1s 365 es un diario digital independiente, fundado en 2012, con base en Asturias. Informamos con rigor sobre actualidad, sociedad, cultura y ocio, con una mirada local y global.","url":"https:\/\/candas365.es\/noticias\/","email":"info@candas365.es","telephone":"+34652131393","foundingDate":"2012-06-10","logo":{"@type":"ImageObject","url":"https:\/\/candas365.es\/noticias\/wp-content\/uploads\/2024\/09\/Candas-365-Redes.jpg","@id":"https:\/\/candas365.es\/noticias\/flora-duffy-medalla-olimpica-para-el-pais-mas-pequeno\/#organizationLogo","width":1152,"height":864,"caption":"Cand\u00e1s 365 Redes"},"image":{"@id":"https:\/\/candas365.es\/noticias\/flora-duffy-medalla-olimpica-para-el-pais-mas-pequeno\/#organizationLogo"},"sameAs":["https:\/\/www.facebook.com\/Nachofdezber","https:\/\/x.com\/NabercoDigital","https:\/\/www.instagram.com\/nachofdezber\/","https:\/\/www.youtube.com\/channel\/UCZP-2wLEB9Rv6erhFmqVnvg"],"address":{"@id":"https:\/\/candas365.es\/noticias\/#postaladdress","@type":"PostalAddress","streetAddress":"san antonio 4, san antonio 4","postalCode":"33430","addressLocality":"Cand\u00e1s","addressRegion":"Asturias","addressCountry":"ES"}},{"@type":"Person","@id":"https:\/\/candas365.es\/noticias\/author\/admin\/#author","url":"https:\/\/candas365.es\/noticias\/author\/admin\/","name":"Cand\u00e1s 365","image":{"@type":"ImageObject","@id":"https:\/\/candas365.es\/noticias\/flora-duffy-medalla-olimpica-para-el-pais-mas-pequeno\/#authorImage","url":"https:\/\/secure.gravatar.com\/avatar\/496a8e03d0c493ede1718b7934145dbdf8d89be1036b0eec9544e1094c9de390?s=96&d=mm&r=g","width":96,"height":96,"caption":"Cand\u00e1s 365"},"sameAs":["https:\/\/www.facebook.com\/carrenoactualidad","https:\/\/twitter.com\/nbasturias","https:\/\/www.instagram.com\/nachofdezber\/","https:\/\/www.youtube.com\/channel\/UCZP-2wLEB9Rv6erhFmqVnvg"]},{"@type":"WebPage","@id":"https:\/\/candas365.es\/noticias\/flora-duffy-medalla-olimpica-para-el-pais-mas-pequeno\/#webpage","url":"https:\/\/candas365.es\/noticias\/flora-duffy-medalla-olimpica-para-el-pais-mas-pequeno\/","name":"Flora Duffy: medalla ol\u00edmpica para el pa\u00eds m\u00e1s peque\u00f1o | Cand\u00e1s 365","description":"El nuevo informe, redactado por el periodista Tom\u00e1s El\u00edas Gonz\u00e1lez Ben\u00edtez, analiza el perfil de Flora Duffy, la atleta que ha hecho historia ..","inLanguage":"es-ES","isPartOf":{"@id":"https:\/\/candas365.es\/noticias\/#website"},"breadcrumb":{"@id":"https:\/\/candas365.es\/noticias\/flora-duffy-medalla-olimpica-para-el-pais-mas-pequeno\/#breadcrumblist"},"author":{"@id":"https:\/\/candas365.es\/noticias\/author\/admin\/#author"},"creator":{"@id":"https:\/\/candas365.es\/noticias\/author\/admin\/#author"},"image":{"@type":"ImageObject","url":"https:\/\/candas365.es\/noticias\/wp-content\/uploads\/2021\/10\/medalla-olimpica.jpg","@id":"https:\/\/candas365.es\/noticias\/flora-duffy-medalla-olimpica-para-el-pais-mas-pequeno\/#mainImage","width":692,"height":412,"caption":"La atleta le dio el primer oro a Bermudas, en unos Juegos Ol\u00edmpicos"},"primaryImageOfPage":{"@id":"https:\/\/candas365.es\/noticias\/flora-duffy-medalla-olimpica-para-el-pais-mas-pequeno\/#mainImage"},"datePublished":"2021-10-07T17:07:00+02:00","dateModified":"2021-10-07T17:07:00+02:00"},{"@type":"WebSite","@id":"https:\/\/candas365.es\/noticias\/#website","url":"https:\/\/candas365.es\/noticias\/","name":"Cand\u00e1s 365","alternateName":"Cand\u00e1s 365 Noticias","description":"Actualidad desde Carre\u00f1o para el mundo","inLanguage":"es-ES","publisher":{"@id":"https:\/\/candas365.es\/noticias\/#organization"}}]},"og:locale":"es_ES","og:site_name":"Cand\u00e1s 365","og:type":"article","og:title":"Flora Duffy: medalla ol\u00edmpica para el pa\u00eds m\u00e1s peque\u00f1o | Cand\u00e1s 365","og:description":"El nuevo informe, redactado por el periodista Tom\u00e1s El\u00edas Gonz\u00e1lez Ben\u00edtez, analiza el perfil de Flora Duffy, la atleta que ha hecho historia ..","og:url":"https:\/\/candas365.es\/noticias\/flora-duffy-medalla-olimpica-para-el-pais-mas-pequeno\/","og:image":"https:\/\/candas365.es\/noticias\/wp-content\/uploads\/2021\/10\/medalla-olimpica.jpg","og:image:secure_url":"https:\/\/candas365.es\/noticias\/wp-content\/uploads\/2021\/10\/medalla-olimpica.jpg","og:image:width":692,"og:image:height":412,"article:published_time":"2021-10-07T17:07:00+00:00","article:modified_time":"2021-10-07T17:07:00+00:00","article:publisher":"https:\/\/www.facebook.com\/Nachofdezber","article:author":"https:\/\/www.facebook.com\/carrenoactualidad","twitter:card":"summary_large_image","twitter:site":"@NabercoDigital","twitter:title":"Flora Duffy: medalla ol\u00edmpica para el pa\u00eds m\u00e1s peque\u00f1o | Cand\u00e1s 365","twitter:description":"El nuevo informe, redactado por el periodista Tom\u00e1s El\u00edas Gonz\u00e1lez Ben\u00edtez, analiza el perfil de Flora Duffy, la atleta que ha hecho historia ..","twitter:creator":"@nbasturias","twitter:image":"https:\/\/candas365.es\/noticias\/wp-content\/uploads\/2021\/10\/medalla-olimpica.jpg","twitter:label1":"Escrito por","twitter:data1":"Cand\u00e1s 365","twitter:label2":"Tiempo de lectura estimado","twitter:data2":"3 minutos"},"aioseo_meta_data":{"post_id":"158736","title":null,"description":"El nuevo informe, redactado por el periodista Tom\u00e1s El\u00edas Gonz\u00e1lez Ben\u00edtez, analiza el perfil de Flora Duffy, la atleta que ha hecho historia ..","keywords":[],"keyphrases":{"focus":{"keyphrase":"Flora Duffy","score":89,"analysis":{"keyphraseInTitle":{"title":"Focus Keyphrase in SEO title","description":"Focus Keyphrase found in SEO title.","score":9,"maxScore":9,"error":0},"keyphraseInDescription":{"title":"Focus keyphrase in meta description","description":"Focus keyphrase found in meta description.","score":9,"maxScore":9,"error":0},"keyphraseInURL":[],"keyphraseLength":{"title":"Focus keyphrase length","description":"Good job!","score":9,"maxScore":9,"error":0,"length":2},"keyphraseInIntroduction":{"title":"Focus keyphrase in introduction","description":"Your Focus keyphrase appears in the first paragraph. Well done!","score":9,"maxScore":9,"error":0},"keyphraseInSubHeadings":{"title":"Focus Keyphrase in Subheadings","description":"Your H2 and H3 subheadings reflects the topic of your copy. Good job!","score":9,"maxScore":9,"error":0},"keyphraseInImageAlt":{"title":"Focus keyphrase in image alt attributes","description":"Focus keyphrase not found in image alt attribute(s). Add an image with your Focus keyphrase as alt text.","score":3,"maxScore":9,"error":1}}},"additional":[{"keyphrase":"Tom\u00e1s El\u00edas Gonz\u00e1lez","score":83,"analysis":{"keyphraseInDescription":{"title":"Keyphrase in meta description","description":"Keyphrase found in meta description.","score":9,"maxScore":9,"error":0},"keyphraseLength":{"title":"Keyphrase length","description":"Good job!","score":9,"maxScore":9,"error":0,"length":3},"keyphraseInIntroduction":{"title":"Keyphrase in introduction","description":"Your Keyphrase appears in the first paragraph. Well done!","score":9,"maxScore":9,"error":0},"keyphraseInImageAlt":{"title":"Keyphrase in image alt attributes","description":"Keyphrase not found in image alt attribute(s). Add an image with your Keyphrase as alt text.","score":3,"maxScore":9,"error":1}}},{"keyphrase":"periodista","score":83,"analysis":{"keyphraseInDescription":{"title":"Keyphrase in meta description","description":"Keyphrase found in meta description.","score":9,"maxScore":9,"error":0},"keyphraseLength":{"title":"Keyphrase length","description":"Good job!","score":9,"maxScore":9,"error":0,"length":1},"keyphraseInIntroduction":{"title":"Keyphrase in introduction","description":"Your Keyphrase appears in the first paragraph. Well done!","score":9,"maxScore":9,"error":0},"keyphraseInImageAlt":{"title":"Keyphrase in image alt attributes","description":"Keyphrase not found in image alt attribute(s). Add an image with your Keyphrase as alt text.","score":3,"maxScore":9,"error":1}}}]},"primary_term":null,"canonical_url":null,"og_title":null,"og_description":null,"og_object_type":"default","og_image_type":"default","og_image_url":null,"og_image_width":null,"og_image_height":null,"og_image_custom_url":null,"og_image_custom_fields":null,"og_video":"","og_custom_url":null,"og_article_section":null,"og_article_tags":[],"twitter_use_og":false,"twitter_card":"default","twitter_image_type":"default","twitter_image_url":null,"twitter_image_custom_url":null,"twitter_image_custom_fields":null,"twitter_title":null,"twitter_description":null,"schema":{"blockGraphs":[],"customGraphs":[],"default":{"data":{"Article":[],"Course":[],"Dataset":[],"FAQPage":[],"Movie":[],"Person":[],"Product":[],"ProductReview":[],"Car":[],"Recipe":[],"Service":[],"SoftwareApplication":[],"WebPage":[]},"graphName":"","isEnabled":true},"graphs":[],"defaultGraph":"Article","defaultPostTypeGraph":""},"schema_type":"default","schema_type_options":"{\"article\":{\"articleType\":\"BlogPosting\"},\"course\":{\"name\":\"\",\"description\":\"\",\"provider\":\"\"},\"faq\":{\"pages\":[]},\"product\":{\"reviews\":[]},\"recipe\":{\"ingredients\":[],\"instructions\":[],\"keywords\":[]},\"software\":{\"reviews\":[],\"operatingSystems\":[]},\"webPage\":{\"webPageType\":\"WebPage\"}}","pillar_content":false,"robots_default":true,"robots_noindex":false,"robots_noarchive":false,"robots_nosnippet":false,"robots_nofollow":false,"robots_noimageindex":false,"robots_noodp":false,"robots_notranslate":false,"robots_max_snippet":"-1","robots_max_videopreview":"-1","robots_max_imagepreview":"large","priority":null,"frequency":"default","location":null,"local_seo":null,"seo_analyzer_scan_date":"2025-09-01 02:58:16","breadcrumb_settings":null,"limit_modified_date":false,"reviewed_by":null,"open_ai":null,"ai":null,"created":"2021-10-07 17:02:20","updated":"2025-09-01 02:58:16"},"aioseo_breadcrumb":"<div class=\"aioseo-breadcrumbs\"><span class=\"aioseo-breadcrumb\">\n\t<a href=\"https:\/\/candas365.es\/noticias\" title=\"Home\">Home<\/a>\n<\/span><span class=\"aioseo-breadcrumb-separator\">&ndash;<\/span><span class=\"aioseo-breadcrumb\">\n\t<a href=\"https:\/\/candas365.es\/noticias\/category\/deporte\/\" title=\"Deporte\">Deporte<\/a>\n<\/span><span class=\"aioseo-breadcrumb-separator\">&ndash;<\/span><span class=\"aioseo-breadcrumb\">\n\tFlora Duffy: medalla ol\u00edmpica para el pa\u00eds m\u00e1s peque\u00f1o\n<\/span><\/div>","aioseo_breadcrumb_json":[{"label":"Home","link":"https:\/\/candas365.es\/noticias"},{"label":"Deporte","link":"https:\/\/candas365.es\/noticias\/category\/deporte\/"},{"label":"Flora Duffy: medalla ol\u00edmpica para el pa\u00eds m\u00e1s peque\u00f1o","link":"https:\/\/candas365.es\/noticias\/flora-duffy-medalla-olimpica-para-el-pais-mas-pequeno\/"}],"_links":{"self":[{"href":"https:\/\/candas365.es\/noticias\/wp-json\/wp\/v2\/posts\/158736","targetHints":{"allow":["GET"]}}],"collection":[{"href":"https:\/\/candas365.es\/noticias\/wp-json\/wp\/v2\/posts"}],"about":[{"href":"https:\/\/candas365.es\/noticias\/wp-json\/wp\/v2\/types\/post"}],"author":[{"embeddable":true,"href":"https:\/\/candas365.es\/noticias\/wp-json\/wp\/v2\/users\/1"}],"replies":[{"embeddable":true,"href":"https:\/\/candas365.es\/noticias\/wp-json\/wp\/v2\/comments?post=158736"}],"version-history":[{"count":0,"href":"https:\/\/candas365.es\/noticias\/wp-json\/wp\/v2\/posts\/158736\/revisions"}],"wp:featuredmedia":[{"embeddable":true,"href":"https:\/\/candas365.es\/noticias\/wp-json\/wp\/v2\/media\/158737"}],"wp:attachment":[{"href":"https:\/\/candas365.es\/noticias\/wp-json\/wp\/v2\/media?parent=158736"}],"wp:term":[{"taxonomy":"category","embeddable":true,"href":"https:\/\/candas365.es\/noticias\/wp-json\/wp\/v2\/categories?post=158736"},{"taxonomy":"post_tag","embeddable":true,"href":"https:\/\/candas365.es\/noticias\/wp-json\/wp\/v2\/tags?post=158736"}],"curies":[{"name":"wp","href":"https:\/\/api.w.org\/{rel}","templated":true}]}}