{"id":158695,"date":"2021-10-06T14:09:02","date_gmt":"2021-10-06T14:09:02","guid":{"rendered":"http:\/\/candas365.es\/noticias\/?p=158695"},"modified":"2021-10-06T14:09:02","modified_gmt":"2021-10-06T14:09:02","slug":"nuevos-recursos-para-la-transformacion-digital-en-asturias","status":"publish","type":"post","link":"https:\/\/candas365.es\/noticias\/nuevos-recursos-para-la-transformacion-digital-en-asturias\/","title":{"rendered":"Nuevos recursos para la transformaci\u00f3n digital en Asturias"},"content":{"rendered":"<p>La Conferencia Sectorial para la Transformaci\u00f3n Digital ha acordado hoy destinar 7.399.174 euros a <strong>cuatro proyectos de transformaci\u00f3n digital que se desarrollar\u00e1n durante los pr\u00f3ximos a\u00f1os en Asturias<\/strong>. Estas ayudas se destinar\u00e1n a dotar de redes de comunicaci\u00f3n de alta capacidad y mejorar las existentes en hogares, pol\u00edgonos industriales y centros log\u00edsticos.<\/p>\n<p><img fetchpriority=\"high\" decoding=\"async\" class=\"aligncenter wp-image-158696 size-large\" src=\"https:\/\/candas365.es\/noticias\/wp-content\/uploads\/2021\/10\/Transformacion-Digital-650x369.jpg\" alt=\"Transformaci\u00f3n Digital Asturias\" width=\"650\" height=\"369\" srcset=\"https:\/\/candas365.es\/noticias\/wp-content\/uploads\/2021\/10\/Transformacion-Digital-650x369.jpg 650w, https:\/\/candas365.es\/noticias\/wp-content\/uploads\/2021\/10\/Transformacion-Digital-360x204.jpg 360w, https:\/\/candas365.es\/noticias\/wp-content\/uploads\/2021\/10\/Transformacion-Digital-768x436.jpg 768w, https:\/\/candas365.es\/noticias\/wp-content\/uploads\/2021\/10\/Transformacion-Digital-150x85.jpg 150w, https:\/\/candas365.es\/noticias\/wp-content\/uploads\/2021\/10\/Transformacion-Digital-450x256.jpg 450w, https:\/\/candas365.es\/noticias\/wp-content\/uploads\/2021\/10\/Transformacion-Digital.jpg 1058w\" sizes=\"(max-width: 650px) 100vw, 650px\" \/><\/p>\n<p>El objetivo de estos fondos, procedentes del Plan de Recuperaci\u00f3n, Transformaci\u00f3n y Resiliencia, es garantizar una conectividad adecuada para el 100% de la poblaci\u00f3n, promoviendo la desaparici\u00f3n de la brecha digital entre zonas rurales y urbanas en 2025.<\/p>\n<h2>Los cuatro proyectos a los que se ha dado luz verde hoy son los siguientes:<\/h2>\n<ul>\n<li>Refuerzo de la conectividad en centros p\u00fablicos de referencia. Prev\u00e9 proporcionar y reforzar la conectividad de redes de banda ancha de muy alta velocidad, capaces de prestar servicios de al menos 300 megabits por segundo (Mbps). Se destinar\u00e1n a centros vinculados con los servicios esenciales, asistenciales y sociales, tales como hospitales, centros de salud, centros educativos y de formaci\u00f3n, entre otros. El importe es de 3.263.463 euros y se intervendr\u00e1 en 214 unidades de referencia.<\/li>\n<li>Mejora de infraestructuras de telecomunicaciones en edificios. Fomenta la retirada de antenas y cableado en desuso de radio y televisi\u00f3n, la sustituci\u00f3n de sistemas individuales de recepci\u00f3n de radio y televisi\u00f3n y de antiguas instalaciones colectivas por sistemas comunes y actualizados que faciliten la prestaci\u00f3n de servicios de banda ancha ultrarr\u00e1pida. Se actuar\u00e1 en 323 edificios finalizados antes del 1 de enero de 2000 por un importe de 1.901.610 euros.<\/li>\n<li>Refuerzo de la conectividad en pol\u00edgonos industriales y centros log\u00edsticos. Pretende dar cobertura de redes de banda ancha de muy alta velocidad, mediante la instalaci\u00f3n de un sistema de comunicaciones electr\u00f3nicas en cada una de las f\u00e1bricas, unidades, instalaciones y dependencias de centros log\u00edsticos y pol\u00edgonos. El m\u00e1ximo de la ayuda no podr\u00e1 superar el 80% del coste de los conceptos subvencionables. El presupuesto para este proyecto asciende a 1.693.531 euros<\/li>\n<li>Emisi\u00f3n de bonos para colectivos vulnerables. Contribuir\u00e1n a financiar la contrataci\u00f3n de servicios de conexi\u00f3n de banda ancha o el incremento de la velocidad de los ya contratados. S\u00f3lo se podr\u00e1 conceder un bono digital por persona f\u00edsica y por unidad familiar. Se entregar\u00e1 al solicitante que forme parte de colectivos vulnerables por un importe anual de 240 euros, a repartir en 12 mensualidades, de tal manera que se aplique una minoraci\u00f3n mensual de 20 euros en la factura emitida por el operador-colaborador del programa. El importe que recibir\u00e1 el Principado es de 540.570 euros en tres a\u00f1os para 2.252 actuaciones.<\/li>\n<\/ul>\n<p>Cada uno de los proyectos ser\u00e1 objeto de una convocatoria espec\u00edfica de ayudas que concretar\u00e1 las condiciones de las personas f\u00edsicas o jur\u00eddicas que pueden optar a las mismas, as\u00ed como los plazos.<\/p>\n<p>En la reuni\u00f3n de la conferencia sectorial celebrada esta ma\u00f1ana han participado la consejera de Presidencia, Rita Camblor, y los directores generales de Seguridad y Estrategia Digital, Javier Fern\u00e1ndez, y de Innovaci\u00f3n, Investigaci\u00f3n y Transformaci\u00f3n Digital, Iv\u00e1n Aitor Lucas.<\/p>\n","protected":false},"excerpt":{"rendered":"<p>La Conferencia Sectorial para la Transformaci\u00f3n Digital ha acordado hoy destinar 7.399.174 euros a cuatro proyectos de transformaci\u00f3n digital que se desarrollar\u00e1n durante los pr\u00f3ximos a\u00f1os en Asturias. Estas ayudas se destinar\u00e1n a dotar de redes de comunicaci\u00f3n de alta capacidad y mejorar las existentes en hogares, pol\u00edgonos industriales y centros log\u00edsticos. El objetivo de<\/p>\n","protected":false},"author":1,"featured_media":158696,"comment_status":"closed","ping_status":"closed","sticky":false,"template":"","format":"standard","meta":{"footnotes":""},"categories":[7],"tags":[380,437,428],"class_list":{"0":"post-158695","1":"post","2":"type-post","3":"status-publish","4":"format-standard","5":"has-post-thumbnail","7":"category-asturias","8":"tag-asturias","9":"tag-economia","10":"tag-internet"},"aioseo_notices":[],"aioseo_head":"\n\t\t<!-- All in One SEO Pro 4.9.6.2 - aioseo.com -->\n\t<meta name=\"description\" content=\"La Conferencia Sectorial para la Transformaci\u00f3n Digital ha acordado hoy destinar 7.399.174 euros a cuatro proyectos de transformaci\u00f3n digital\" \/>\n\t<meta name=\"robots\" content=\"max-image-preview:large\" \/>\n\t<meta name=\"author\" content=\"Cand\u00e1s 365\"\/>\n\t<meta name=\"google-site-verification\" content=\"UA-32230408-1\" \/>\n\t<meta name=\"msvalidate.01\" content=\"354F3CDFB2DA171B47FBE9ABF1F88D5\" \/>\n\t<meta name=\"keywords\" content=\"asturias\" \/>\n\t<link rel=\"canonical\" href=\"https:\/\/candas365.es\/noticias\/nuevos-recursos-para-la-transformacion-digital-en-asturias\/\" \/>\n\t<meta name=\"generator\" content=\"All in One SEO Pro (AIOSEO) 4.9.6.2\" \/>\n\t\t<meta property=\"og:locale\" content=\"es_ES\" \/>\n\t\t<meta property=\"og:site_name\" content=\"Cand\u00e1s 365\" \/>\n\t\t<meta property=\"og:type\" content=\"article\" \/>\n\t\t<meta property=\"og:title\" content=\"Nuevos recursos para la transformaci\u00f3n digital en Asturias | Cand\u00e1s 365\" \/>\n\t\t<meta property=\"og:description\" content=\"La Conferencia Sectorial para la Transformaci\u00f3n Digital ha acordado hoy destinar 7.399.174 euros a cuatro proyectos de transformaci\u00f3n digital\" \/>\n\t\t<meta property=\"og:url\" content=\"https:\/\/candas365.es\/noticias\/nuevos-recursos-para-la-transformacion-digital-en-asturias\/\" \/>\n\t\t<meta property=\"og:image\" content=\"https:\/\/candas365.es\/noticias\/wp-content\/uploads\/2021\/10\/Transformacion-Digital.jpg\" \/>\n\t\t<meta property=\"og:image:secure_url\" content=\"https:\/\/candas365.es\/noticias\/wp-content\/uploads\/2021\/10\/Transformacion-Digital.jpg\" \/>\n\t\t<meta property=\"og:image:width\" content=\"1058\" \/>\n\t\t<meta property=\"og:image:height\" content=\"601\" \/>\n\t\t<meta property=\"article:published_time\" content=\"2021-10-06T14:09:02+00:00\" \/>\n\t\t<meta property=\"article:modified_time\" content=\"2021-10-06T14:09:02+00:00\" \/>\n\t\t<meta property=\"article:publisher\" content=\"https:\/\/www.facebook.com\/Nachofdezber\" \/>\n\t\t<meta property=\"article:author\" content=\"https:\/\/www.facebook.com\/carrenoactualidad\" \/>\n\t\t<meta name=\"twitter:card\" content=\"summary_large_image\" \/>\n\t\t<meta name=\"twitter:site\" content=\"@NabercoDigital\" \/>\n\t\t<meta name=\"twitter:title\" content=\"Nuevos recursos para la transformaci\u00f3n digital en Asturias | Cand\u00e1s 365\" \/>\n\t\t<meta name=\"twitter:description\" content=\"La Conferencia Sectorial para la Transformaci\u00f3n Digital ha acordado hoy destinar 7.399.174 euros a cuatro proyectos de transformaci\u00f3n digital\" \/>\n\t\t<meta name=\"twitter:creator\" content=\"@nbasturias\" \/>\n\t\t<meta name=\"twitter:image\" content=\"https:\/\/candas365.es\/noticias\/wp-content\/uploads\/2021\/10\/Transformacion-Digital.jpg\" \/>\n\t\t<meta name=\"twitter:label1\" content=\"Escrito por\" \/>\n\t\t<meta name=\"twitter:data1\" content=\"Cand\u00e1s 365\" \/>\n\t\t<meta name=\"twitter:label2\" content=\"Tiempo de lectura estimado\" \/>\n\t\t<meta name=\"twitter:data2\" content=\"3 minutos\" \/>\n\t\t<script type=\"application\/ld+json\" class=\"aioseo-schema\">\n\t\t\t{\"@context\":\"https:\\\/\\\/schema.org\",\"@graph\":[{\"@type\":\"BreadcrumbList\",\"@id\":\"https:\\\/\\\/candas365.es\\\/noticias\\\/nuevos-recursos-para-la-transformacion-digital-en-asturias\\\/#breadcrumblist\",\"itemListElement\":[{\"@type\":\"ListItem\",\"@id\":\"https:\\\/\\\/candas365.es\\\/noticias#listItem\",\"position\":1,\"name\":\"Home\",\"item\":\"https:\\\/\\\/candas365.es\\\/noticias\",\"nextItem\":{\"@type\":\"ListItem\",\"@id\":\"https:\\\/\\\/candas365.es\\\/noticias\\\/category\\\/asturias\\\/#listItem\",\"name\":\"Asturias\"}},{\"@type\":\"ListItem\",\"@id\":\"https:\\\/\\\/candas365.es\\\/noticias\\\/category\\\/asturias\\\/#listItem\",\"position\":2,\"name\":\"Asturias\",\"item\":\"https:\\\/\\\/candas365.es\\\/noticias\\\/category\\\/asturias\\\/\",\"nextItem\":{\"@type\":\"ListItem\",\"@id\":\"https:\\\/\\\/candas365.es\\\/noticias\\\/nuevos-recursos-para-la-transformacion-digital-en-asturias\\\/#listItem\",\"name\":\"Nuevos recursos para la transformaci\\u00f3n digital en Asturias\"},\"previousItem\":{\"@type\":\"ListItem\",\"@id\":\"https:\\\/\\\/candas365.es\\\/noticias#listItem\",\"name\":\"Home\"}},{\"@type\":\"ListItem\",\"@id\":\"https:\\\/\\\/candas365.es\\\/noticias\\\/nuevos-recursos-para-la-transformacion-digital-en-asturias\\\/#listItem\",\"position\":3,\"name\":\"Nuevos recursos para la transformaci\\u00f3n digital en Asturias\",\"previousItem\":{\"@type\":\"ListItem\",\"@id\":\"https:\\\/\\\/candas365.es\\\/noticias\\\/category\\\/asturias\\\/#listItem\",\"name\":\"Asturias\"}}]},{\"@type\":\"NewsArticle\",\"@id\":\"https:\\\/\\\/candas365.es\\\/noticias\\\/nuevos-recursos-para-la-transformacion-digital-en-asturias\\\/#newsarticle\",\"name\":\"Nuevos recursos para la transformaci\\u00f3n digital en Asturias | Cand\\u00e1s 365\",\"headline\":\"Nuevos recursos para la transformaci\\u00f3n digital en Asturias\",\"author\":{\"@id\":\"https:\\\/\\\/candas365.es\\\/noticias\\\/author\\\/admin\\\/#author\"},\"publisher\":{\"@id\":\"https:\\\/\\\/candas365.es\\\/noticias\\\/#organization\"},\"image\":{\"@type\":\"ImageObject\",\"url\":\"https:\\\/\\\/candas365.es\\\/noticias\\\/wp-content\\\/uploads\\\/2021\\\/10\\\/Transformacion-Digital.jpg\",\"width\":1058,\"height\":601,\"caption\":\"Transformaci\\u00f3n Digital Asturias\"},\"datePublished\":\"2021-10-06T14:09:02+02:00\",\"dateModified\":\"2021-10-06T14:09:02+02:00\",\"inLanguage\":\"es-ES\",\"mainEntityOfPage\":{\"@id\":\"https:\\\/\\\/candas365.es\\\/noticias\\\/nuevos-recursos-para-la-transformacion-digital-en-asturias\\\/#webpage\"},\"isPartOf\":{\"@id\":\"https:\\\/\\\/candas365.es\\\/noticias\\\/nuevos-recursos-para-la-transformacion-digital-en-asturias\\\/#webpage\"},\"articleSection\":\"Asturias, Asturias, Econom\\u00eda, internet\",\"dateline\":\"Publicado el octubre 6, 2021.\"},{\"@type\":\"Organization\",\"@id\":\"https:\\\/\\\/candas365.es\\\/noticias\\\/#organization\",\"name\":\"Cand\\u00e1s 365\",\"description\":\"Cand\\u00e1s 365 es un diario digital independiente, fundado en 2012, con base en Asturias. Informamos con rigor sobre actualidad, sociedad, cultura y ocio, con una mirada local y global.\",\"url\":\"https:\\\/\\\/candas365.es\\\/noticias\\\/\",\"email\":\"info@candas365.es\",\"telephone\":\"+34652131393\",\"foundingDate\":\"2012-06-10\",\"logo\":{\"@type\":\"ImageObject\",\"url\":\"https:\\\/\\\/candas365.es\\\/noticias\\\/wp-content\\\/uploads\\\/2024\\\/09\\\/Candas-365-Redes.jpg\",\"@id\":\"https:\\\/\\\/candas365.es\\\/noticias\\\/nuevos-recursos-para-la-transformacion-digital-en-asturias\\\/#organizationLogo\",\"width\":1152,\"height\":864,\"caption\":\"Cand\\u00e1s 365 Redes\"},\"image\":{\"@id\":\"https:\\\/\\\/candas365.es\\\/noticias\\\/nuevos-recursos-para-la-transformacion-digital-en-asturias\\\/#organizationLogo\"},\"sameAs\":[\"https:\\\/\\\/www.facebook.com\\\/Nachofdezber\",\"https:\\\/\\\/x.com\\\/NabercoDigital\",\"https:\\\/\\\/www.instagram.com\\\/nachofdezber\\\/\",\"https:\\\/\\\/www.youtube.com\\\/channel\\\/UCZP-2wLEB9Rv6erhFmqVnvg\"],\"address\":{\"@id\":\"https:\\\/\\\/candas365.es\\\/noticias\\\/#postaladdress\",\"@type\":\"PostalAddress\",\"streetAddress\":\"san antonio 4, san antonio 4\",\"postalCode\":\"33430\",\"addressLocality\":\"Cand\\u00e1s\",\"addressRegion\":\"Asturias\",\"addressCountry\":\"ES\"}},{\"@type\":\"Person\",\"@id\":\"https:\\\/\\\/candas365.es\\\/noticias\\\/author\\\/admin\\\/#author\",\"url\":\"https:\\\/\\\/candas365.es\\\/noticias\\\/author\\\/admin\\\/\",\"name\":\"Cand\\u00e1s 365\",\"image\":{\"@type\":\"ImageObject\",\"@id\":\"https:\\\/\\\/candas365.es\\\/noticias\\\/nuevos-recursos-para-la-transformacion-digital-en-asturias\\\/#authorImage\",\"url\":\"https:\\\/\\\/secure.gravatar.com\\\/avatar\\\/496a8e03d0c493ede1718b7934145dbdf8d89be1036b0eec9544e1094c9de390?s=96&d=mm&r=g\",\"width\":96,\"height\":96,\"caption\":\"Cand\\u00e1s 365\"},\"sameAs\":[\"https:\\\/\\\/www.facebook.com\\\/carrenoactualidad\",\"https:\\\/\\\/twitter.com\\\/nbasturias\",\"https:\\\/\\\/www.instagram.com\\\/nachofdezber\\\/\",\"https:\\\/\\\/www.youtube.com\\\/channel\\\/UCZP-2wLEB9Rv6erhFmqVnvg\"]},{\"@type\":\"WebPage\",\"@id\":\"https:\\\/\\\/candas365.es\\\/noticias\\\/nuevos-recursos-para-la-transformacion-digital-en-asturias\\\/#webpage\",\"url\":\"https:\\\/\\\/candas365.es\\\/noticias\\\/nuevos-recursos-para-la-transformacion-digital-en-asturias\\\/\",\"name\":\"Nuevos recursos para la transformaci\\u00f3n digital en Asturias | Cand\\u00e1s 365\",\"description\":\"La Conferencia Sectorial para la Transformaci\\u00f3n Digital ha acordado hoy destinar 7.399.174 euros a cuatro proyectos de transformaci\\u00f3n digital\",\"inLanguage\":\"es-ES\",\"isPartOf\":{\"@id\":\"https:\\\/\\\/candas365.es\\\/noticias\\\/#website\"},\"breadcrumb\":{\"@id\":\"https:\\\/\\\/candas365.es\\\/noticias\\\/nuevos-recursos-para-la-transformacion-digital-en-asturias\\\/#breadcrumblist\"},\"author\":{\"@id\":\"https:\\\/\\\/candas365.es\\\/noticias\\\/author\\\/admin\\\/#author\"},\"creator\":{\"@id\":\"https:\\\/\\\/candas365.es\\\/noticias\\\/author\\\/admin\\\/#author\"},\"image\":{\"@type\":\"ImageObject\",\"url\":\"https:\\\/\\\/candas365.es\\\/noticias\\\/wp-content\\\/uploads\\\/2021\\\/10\\\/Transformacion-Digital.jpg\",\"@id\":\"https:\\\/\\\/candas365.es\\\/noticias\\\/nuevos-recursos-para-la-transformacion-digital-en-asturias\\\/#mainImage\",\"width\":1058,\"height\":601,\"caption\":\"Transformaci\\u00f3n Digital Asturias\"},\"primaryImageOfPage\":{\"@id\":\"https:\\\/\\\/candas365.es\\\/noticias\\\/nuevos-recursos-para-la-transformacion-digital-en-asturias\\\/#mainImage\"},\"datePublished\":\"2021-10-06T14:09:02+02:00\",\"dateModified\":\"2021-10-06T14:09:02+02:00\"},{\"@type\":\"WebSite\",\"@id\":\"https:\\\/\\\/candas365.es\\\/noticias\\\/#website\",\"url\":\"https:\\\/\\\/candas365.es\\\/noticias\\\/\",\"name\":\"Cand\\u00e1s 365\",\"alternateName\":\"Cand\\u00e1s 365 Noticias\",\"description\":\"Actualidad desde Carre\\u00f1o para el mundo\",\"inLanguage\":\"es-ES\",\"publisher\":{\"@id\":\"https:\\\/\\\/candas365.es\\\/noticias\\\/#organization\"}}]}\n\t\t<\/script>\n\t\t<!-- All in One SEO Pro -->\r\n\t\t<title>Nuevos recursos para la transformaci\u00f3n digital en Asturias | Cand\u00e1s 365<\/title>\n\n","aioseo_head_json":{"title":"Nuevos recursos para la transformaci\u00f3n digital en Asturias | Cand\u00e1s 365","description":"La Conferencia Sectorial para la Transformaci\u00f3n Digital ha acordado hoy destinar 7.399.174 euros a cuatro proyectos de transformaci\u00f3n digital","canonical_url":"https:\/\/candas365.es\/noticias\/nuevos-recursos-para-la-transformacion-digital-en-asturias\/","robots":"max-image-preview:large","keywords":"asturias","webmasterTools":{"google-site-verification":"UA-32230408-1","msvalidate.01":"354F3CDFB2DA171B47FBE9ABF1F88D5","miscellaneous":""},"schema":{"@context":"https:\/\/schema.org","@graph":[{"@type":"BreadcrumbList","@id":"https:\/\/candas365.es\/noticias\/nuevos-recursos-para-la-transformacion-digital-en-asturias\/#breadcrumblist","itemListElement":[{"@type":"ListItem","@id":"https:\/\/candas365.es\/noticias#listItem","position":1,"name":"Home","item":"https:\/\/candas365.es\/noticias","nextItem":{"@type":"ListItem","@id":"https:\/\/candas365.es\/noticias\/category\/asturias\/#listItem","name":"Asturias"}},{"@type":"ListItem","@id":"https:\/\/candas365.es\/noticias\/category\/asturias\/#listItem","position":2,"name":"Asturias","item":"https:\/\/candas365.es\/noticias\/category\/asturias\/","nextItem":{"@type":"ListItem","@id":"https:\/\/candas365.es\/noticias\/nuevos-recursos-para-la-transformacion-digital-en-asturias\/#listItem","name":"Nuevos recursos para la transformaci\u00f3n digital en Asturias"},"previousItem":{"@type":"ListItem","@id":"https:\/\/candas365.es\/noticias#listItem","name":"Home"}},{"@type":"ListItem","@id":"https:\/\/candas365.es\/noticias\/nuevos-recursos-para-la-transformacion-digital-en-asturias\/#listItem","position":3,"name":"Nuevos recursos para la transformaci\u00f3n digital en Asturias","previousItem":{"@type":"ListItem","@id":"https:\/\/candas365.es\/noticias\/category\/asturias\/#listItem","name":"Asturias"}}]},{"@type":"NewsArticle","@id":"https:\/\/candas365.es\/noticias\/nuevos-recursos-para-la-transformacion-digital-en-asturias\/#newsarticle","name":"Nuevos recursos para la transformaci\u00f3n digital en Asturias | Cand\u00e1s 365","headline":"Nuevos recursos para la transformaci\u00f3n digital en Asturias","author":{"@id":"https:\/\/candas365.es\/noticias\/author\/admin\/#author"},"publisher":{"@id":"https:\/\/candas365.es\/noticias\/#organization"},"image":{"@type":"ImageObject","url":"https:\/\/candas365.es\/noticias\/wp-content\/uploads\/2021\/10\/Transformacion-Digital.jpg","width":1058,"height":601,"caption":"Transformaci\u00f3n Digital Asturias"},"datePublished":"2021-10-06T14:09:02+02:00","dateModified":"2021-10-06T14:09:02+02:00","inLanguage":"es-ES","mainEntityOfPage":{"@id":"https:\/\/candas365.es\/noticias\/nuevos-recursos-para-la-transformacion-digital-en-asturias\/#webpage"},"isPartOf":{"@id":"https:\/\/candas365.es\/noticias\/nuevos-recursos-para-la-transformacion-digital-en-asturias\/#webpage"},"articleSection":"Asturias, Asturias, Econom\u00eda, internet","dateline":"Publicado el octubre 6, 2021."},{"@type":"Organization","@id":"https:\/\/candas365.es\/noticias\/#organization","name":"Cand\u00e1s 365","description":"Cand\u00e1s 365 es un diario digital independiente, fundado en 2012, con base en Asturias. Informamos con rigor sobre actualidad, sociedad, cultura y ocio, con una mirada local y global.","url":"https:\/\/candas365.es\/noticias\/","email":"info@candas365.es","telephone":"+34652131393","foundingDate":"2012-06-10","logo":{"@type":"ImageObject","url":"https:\/\/candas365.es\/noticias\/wp-content\/uploads\/2024\/09\/Candas-365-Redes.jpg","@id":"https:\/\/candas365.es\/noticias\/nuevos-recursos-para-la-transformacion-digital-en-asturias\/#organizationLogo","width":1152,"height":864,"caption":"Cand\u00e1s 365 Redes"},"image":{"@id":"https:\/\/candas365.es\/noticias\/nuevos-recursos-para-la-transformacion-digital-en-asturias\/#organizationLogo"},"sameAs":["https:\/\/www.facebook.com\/Nachofdezber","https:\/\/x.com\/NabercoDigital","https:\/\/www.instagram.com\/nachofdezber\/","https:\/\/www.youtube.com\/channel\/UCZP-2wLEB9Rv6erhFmqVnvg"],"address":{"@id":"https:\/\/candas365.es\/noticias\/#postaladdress","@type":"PostalAddress","streetAddress":"san antonio 4, san antonio 4","postalCode":"33430","addressLocality":"Cand\u00e1s","addressRegion":"Asturias","addressCountry":"ES"}},{"@type":"Person","@id":"https:\/\/candas365.es\/noticias\/author\/admin\/#author","url":"https:\/\/candas365.es\/noticias\/author\/admin\/","name":"Cand\u00e1s 365","image":{"@type":"ImageObject","@id":"https:\/\/candas365.es\/noticias\/nuevos-recursos-para-la-transformacion-digital-en-asturias\/#authorImage","url":"https:\/\/secure.gravatar.com\/avatar\/496a8e03d0c493ede1718b7934145dbdf8d89be1036b0eec9544e1094c9de390?s=96&d=mm&r=g","width":96,"height":96,"caption":"Cand\u00e1s 365"},"sameAs":["https:\/\/www.facebook.com\/carrenoactualidad","https:\/\/twitter.com\/nbasturias","https:\/\/www.instagram.com\/nachofdezber\/","https:\/\/www.youtube.com\/channel\/UCZP-2wLEB9Rv6erhFmqVnvg"]},{"@type":"WebPage","@id":"https:\/\/candas365.es\/noticias\/nuevos-recursos-para-la-transformacion-digital-en-asturias\/#webpage","url":"https:\/\/candas365.es\/noticias\/nuevos-recursos-para-la-transformacion-digital-en-asturias\/","name":"Nuevos recursos para la transformaci\u00f3n digital en Asturias | Cand\u00e1s 365","description":"La Conferencia Sectorial para la Transformaci\u00f3n Digital ha acordado hoy destinar 7.399.174 euros a cuatro proyectos de transformaci\u00f3n digital","inLanguage":"es-ES","isPartOf":{"@id":"https:\/\/candas365.es\/noticias\/#website"},"breadcrumb":{"@id":"https:\/\/candas365.es\/noticias\/nuevos-recursos-para-la-transformacion-digital-en-asturias\/#breadcrumblist"},"author":{"@id":"https:\/\/candas365.es\/noticias\/author\/admin\/#author"},"creator":{"@id":"https:\/\/candas365.es\/noticias\/author\/admin\/#author"},"image":{"@type":"ImageObject","url":"https:\/\/candas365.es\/noticias\/wp-content\/uploads\/2021\/10\/Transformacion-Digital.jpg","@id":"https:\/\/candas365.es\/noticias\/nuevos-recursos-para-la-transformacion-digital-en-asturias\/#mainImage","width":1058,"height":601,"caption":"Transformaci\u00f3n Digital Asturias"},"primaryImageOfPage":{"@id":"https:\/\/candas365.es\/noticias\/nuevos-recursos-para-la-transformacion-digital-en-asturias\/#mainImage"},"datePublished":"2021-10-06T14:09:02+02:00","dateModified":"2021-10-06T14:09:02+02:00"},{"@type":"WebSite","@id":"https:\/\/candas365.es\/noticias\/#website","url":"https:\/\/candas365.es\/noticias\/","name":"Cand\u00e1s 365","alternateName":"Cand\u00e1s 365 Noticias","description":"Actualidad desde Carre\u00f1o para el mundo","inLanguage":"es-ES","publisher":{"@id":"https:\/\/candas365.es\/noticias\/#organization"}}]},"og:locale":"es_ES","og:site_name":"Cand\u00e1s 365","og:type":"article","og:title":"Nuevos recursos para la transformaci\u00f3n digital en Asturias | Cand\u00e1s 365","og:description":"La Conferencia Sectorial para la Transformaci\u00f3n Digital ha acordado hoy destinar 7.399.174 euros a cuatro proyectos de transformaci\u00f3n digital","og:url":"https:\/\/candas365.es\/noticias\/nuevos-recursos-para-la-transformacion-digital-en-asturias\/","og:image":"https:\/\/candas365.es\/noticias\/wp-content\/uploads\/2021\/10\/Transformacion-Digital.jpg","og:image:secure_url":"https:\/\/candas365.es\/noticias\/wp-content\/uploads\/2021\/10\/Transformacion-Digital.jpg","og:image:width":1058,"og:image:height":601,"article:published_time":"2021-10-06T14:09:02+00:00","article:modified_time":"2021-10-06T14:09:02+00:00","article:publisher":"https:\/\/www.facebook.com\/Nachofdezber","article:author":"https:\/\/www.facebook.com\/carrenoactualidad","twitter:card":"summary_large_image","twitter:site":"@NabercoDigital","twitter:title":"Nuevos recursos para la transformaci\u00f3n digital en Asturias | Cand\u00e1s 365","twitter:description":"La Conferencia Sectorial para la Transformaci\u00f3n Digital ha acordado hoy destinar 7.399.174 euros a cuatro proyectos de transformaci\u00f3n digital","twitter:creator":"@nbasturias","twitter:image":"https:\/\/candas365.es\/noticias\/wp-content\/uploads\/2021\/10\/Transformacion-Digital.jpg","twitter:label1":"Escrito por","twitter:data1":"Cand\u00e1s 365","twitter:label2":"Tiempo de lectura estimado","twitter:data2":"3 minutos"},"aioseo_meta_data":{"post_id":"158695","title":null,"description":"La Conferencia Sectorial para la Transformaci\u00f3n Digital ha acordado hoy destinar 7.399.174 euros a cuatro proyectos de transformaci\u00f3n digital&nbsp;","keywords":[],"keyphrases":{"focus":{"keyphrase":"Transformaci\u00f3n Digital ","score":89,"analysis":{"keyphraseInTitle":{"title":"Focus Keyphrase in SEO title","description":"Focus Keyphrase found in SEO title.","score":9,"maxScore":9,"error":0},"keyphraseInDescription":{"title":"Focus keyphrase in meta description","description":"Focus keyphrase found in meta description.","score":9,"maxScore":9,"error":0},"keyphraseInURL":[],"keyphraseLength":{"title":"Focus keyphrase length","description":"Good job!","score":9,"maxScore":9,"error":0,"length":2},"keyphraseInIntroduction":{"title":"Focus keyphrase in introduction","description":"Your Focus keyphrase appears in the first paragraph. Well done!","score":9,"maxScore":9,"error":0},"keyphraseInSubHeadings":{"title":"Focus Keyphrase in Subheadings","description":"Use your focus keyphrase more in your H2 and H3 subheadings.","score":3,"maxScore":9,"error":1},"keyphraseInImageAlt":{"title":"Focus keyphrase in image alt attributes","description":"Focus keyphrase found in image alt attribute(s).","score":9,"maxScore":9,"error":0}}},"additional":[{"keyphrase":"digital ","score":100,"analysis":{"keyphraseInDescription":{"title":"Keyphrase in meta description","description":"Keyphrase found in meta description.","score":9,"maxScore":9,"error":0},"keyphraseLength":{"title":"Keyphrase length","description":"Good job!","score":9,"maxScore":9,"error":0,"length":1},"keyphraseInIntroduction":{"title":"Keyphrase in introduction","description":"Your Keyphrase appears in the first paragraph. Well done!","score":9,"maxScore":9,"error":0},"keyphraseInImageAlt":{"title":"Keyphrase in image alt attributes","description":"Keyphrase found in image alt attribute(s).","score":9,"maxScore":9,"error":0}}},{"keyphrase":"Asturias","score":83,"analysis":{"keyphraseInDescription":{"title":"Keyphrase in meta description","description":"Keyphrase not found in meta description.","score":3,"maxScore":9,"error":1},"keyphraseLength":{"title":"Keyphrase length","description":"Good job!","score":9,"maxScore":9,"error":0,"length":1},"keyphraseInIntroduction":{"title":"Keyphrase in introduction","description":"Your Keyphrase appears in the first paragraph. Well done!","score":9,"maxScore":9,"error":0},"keyphraseInImageAlt":{"title":"Keyphrase in image alt attributes","description":"Keyphrase found in image alt attribute(s).","score":9,"maxScore":9,"error":0}}},{"keyphrase":"de","score":83,"analysis":{"keyphraseInDescription":{"title":"Keyphrase in meta description","description":"Keyphrase found in meta description.","score":9,"maxScore":9,"error":0},"keyphraseLength":{"title":"Keyphrase length","description":"Good job!","score":9,"maxScore":9,"error":0,"length":1},"keyphraseInIntroduction":{"title":"Keyphrase in introduction","description":"Your Keyphrase appears in the first paragraph. Well done!","score":9,"maxScore":9,"error":0},"keyphraseInImageAlt":{"title":"Keyphrase in image alt attributes","description":"Keyphrase not found in image alt attribute(s). Add an image with your Keyphrase as alt text.","score":3,"maxScore":9,"error":1}}}]},"primary_term":null,"canonical_url":null,"og_title":null,"og_description":null,"og_object_type":"default","og_image_type":"default","og_image_url":null,"og_image_width":null,"og_image_height":null,"og_image_custom_url":null,"og_image_custom_fields":null,"og_video":"","og_custom_url":null,"og_article_section":null,"og_article_tags":[],"twitter_use_og":false,"twitter_card":"default","twitter_image_type":"default","twitter_image_url":null,"twitter_image_custom_url":null,"twitter_image_custom_fields":null,"twitter_title":null,"twitter_description":null,"schema":{"blockGraphs":[],"customGraphs":[],"default":{"data":{"Article":[],"Course":[],"Dataset":[],"FAQPage":[],"Movie":[],"Person":[],"Product":[],"ProductReview":[],"Car":[],"Recipe":[],"Service":[],"SoftwareApplication":[],"WebPage":[]},"graphName":"","isEnabled":true},"graphs":[]},"schema_type":"default","schema_type_options":"{\"article\":{\"articleType\":\"BlogPosting\"},\"course\":{\"name\":\"\",\"description\":\"\",\"provider\":\"\"},\"faq\":{\"pages\":[]},\"product\":{\"reviews\":[]},\"recipe\":{\"ingredients\":[],\"instructions\":[],\"keywords\":[]},\"software\":{\"reviews\":[],\"operatingSystems\":[]},\"webPage\":{\"webPageType\":\"WebPage\"}}","pillar_content":false,"robots_default":true,"robots_noindex":false,"robots_noarchive":false,"robots_nosnippet":false,"robots_nofollow":false,"robots_noimageindex":false,"robots_noodp":false,"robots_notranslate":false,"robots_max_snippet":"-1","robots_max_videopreview":"-1","robots_max_imagepreview":"large","priority":null,"frequency":"default","location":null,"local_seo":null,"seo_analyzer_scan_date":"2025-09-01 02:54:59","breadcrumb_settings":null,"limit_modified_date":false,"reviewed_by":null,"open_ai":null,"ai":null,"created":"2021-10-06 14:05:25","updated":"2025-09-01 02:54:59"},"aioseo_breadcrumb":"<div class=\"aioseo-breadcrumbs\"><span class=\"aioseo-breadcrumb\">\n\t<a href=\"https:\/\/candas365.es\/noticias\" title=\"Home\">Home<\/a>\n<\/span><span class=\"aioseo-breadcrumb-separator\">&ndash;<\/span><span class=\"aioseo-breadcrumb\">\n\t<a href=\"https:\/\/candas365.es\/noticias\/category\/asturias\/\" title=\"Asturias\">Asturias<\/a>\n<\/span><span class=\"aioseo-breadcrumb-separator\">&ndash;<\/span><span class=\"aioseo-breadcrumb\">\n\tNuevos recursos para la transformaci\u00f3n digital en Asturias\n<\/span><\/div>","aioseo_breadcrumb_json":[{"label":"Home","link":"https:\/\/candas365.es\/noticias"},{"label":"Asturias","link":"https:\/\/candas365.es\/noticias\/category\/asturias\/"},{"label":"Nuevos recursos para la transformaci\u00f3n digital en Asturias","link":"https:\/\/candas365.es\/noticias\/nuevos-recursos-para-la-transformacion-digital-en-asturias\/"}],"_links":{"self":[{"href":"https:\/\/candas365.es\/noticias\/wp-json\/wp\/v2\/posts\/158695","targetHints":{"allow":["GET"]}}],"collection":[{"href":"https:\/\/candas365.es\/noticias\/wp-json\/wp\/v2\/posts"}],"about":[{"href":"https:\/\/candas365.es\/noticias\/wp-json\/wp\/v2\/types\/post"}],"author":[{"embeddable":true,"href":"https:\/\/candas365.es\/noticias\/wp-json\/wp\/v2\/users\/1"}],"replies":[{"embeddable":true,"href":"https:\/\/candas365.es\/noticias\/wp-json\/wp\/v2\/comments?post=158695"}],"version-history":[{"count":0,"href":"https:\/\/candas365.es\/noticias\/wp-json\/wp\/v2\/posts\/158695\/revisions"}],"wp:featuredmedia":[{"embeddable":true,"href":"https:\/\/candas365.es\/noticias\/wp-json\/wp\/v2\/media\/158696"}],"wp:attachment":[{"href":"https:\/\/candas365.es\/noticias\/wp-json\/wp\/v2\/media?parent=158695"}],"wp:term":[{"taxonomy":"category","embeddable":true,"href":"https:\/\/candas365.es\/noticias\/wp-json\/wp\/v2\/categories?post=158695"},{"taxonomy":"post_tag","embeddable":true,"href":"https:\/\/candas365.es\/noticias\/wp-json\/wp\/v2\/tags?post=158695"}],"curies":[{"name":"wp","href":"https:\/\/api.w.org\/{rel}","templated":true}]}}