{"id":158583,"date":"2021-10-01T15:51:14","date_gmt":"2021-10-01T15:51:14","guid":{"rendered":"http:\/\/candas365.es\/noticias\/?p=158583"},"modified":"2021-10-01T15:51:14","modified_gmt":"2021-10-01T15:51:14","slug":"daimler-aprueba-separacion-y-salida-a-bolsa-de-la-filial-de-camiones","status":"publish","type":"post","link":"https:\/\/candas365.es\/noticias\/daimler-aprueba-separacion-y-salida-a-bolsa-de-la-filial-de-camiones\/","title":{"rendered":"Daimler aprueba separaci\u00f3n y salida a bolsa de la filial de camiones"},"content":{"rendered":"<p>Kehl (Alemania), 1 oct (dpa) &#8211; Los accionistas de Daimler aprobaron hoy un plan que supone la escisi\u00f3n de la filial de camiones Daimler Truck y su cotizaci\u00f3n en bolsa como entidad independiente.<\/p>\n<p>El presidente del Consejo de Supervisi\u00f3n de Daimler, Bernd Pischetsrieder, anunci\u00f3 que el plan hab\u00eda sido aprobado por el 99,9 por ciento de los accionistas en una asamblea general extraordinaria celebrada en l\u00ednea.<\/p>\n<p>Se prev\u00e9 que la salida de Daimler a bolsa se produzca antes de Navidad.<\/p>\n<p>De paso \u00abhist\u00f3rico\u00bb calific\u00f3 el fabricante alem\u00e1n la divisi\u00f3n de Daimler en dos empresas: Mercedes-Benz (autom\u00f3viles) y Daimler Truck (camiones).<\/p>\n<p>La escisi\u00f3n costar\u00e1 unos 700 millones de euros (811 millones de d\u00f3lares), pero Daimler sostiene que la nueva compa\u00f1\u00eda tendr\u00e1 mayor independencia y, por tanto, ser\u00e1 m\u00e1s rentable.<\/p>\n<p>\u00abAseguraremos los puestos de trabajo existentes y crearemos otros nuevos\u00bb, dijo el director general de Daimler, Ola Kaellenius, a los accionistas en la junta, a\u00f1adiendo que las divisiones de autom\u00f3viles y de camiones eran muy diferentes y funcionar\u00edan mejor como entidades separadas.<\/p>\n","protected":false},"excerpt":{"rendered":"<p>Kehl (Alemania), 1 oct (dpa) &#8211; Los accionistas de Daimler aprobaron hoy un plan que supone la escisi\u00f3n de la filial de camiones Daimler Truck y su cotizaci\u00f3n en bolsa como entidad independiente. El presidente del Consejo de Supervisi\u00f3n de Daimler, Bernd Pischetsrieder, anunci\u00f3 que el plan hab\u00eda sido aprobado por el 99,9 por ciento<\/p>\n","protected":false},"author":1,"featured_media":158584,"comment_status":"closed","ping_status":"closed","sticky":false,"template":"","format":"standard","meta":{"footnotes":""},"categories":[151],"tags":[437,383,420],"class_list":{"0":"post-158583","1":"post","2":"type-post","3":"status-publish","4":"format-standard","5":"has-post-thumbnail","7":"category-canal-empresas","8":"tag-economia","9":"tag-empresas","10":"tag-motor"},"aioseo_notices":[],"aioseo_head":"\n\t\t<!-- All in One SEO Pro 4.9.6.2 - aioseo.com -->\n\t<meta name=\"description\" content=\"Los accionistas de Daimler aprobaron hoy un plan que supone la escisi\u00f3n de la filial de camiones Daimler Truck y su cotizaci\u00f3n en bolsa\" \/>\n\t<meta name=\"robots\" content=\"max-image-preview:large\" \/>\n\t<meta name=\"author\" content=\"Cand\u00e1s 365\"\/>\n\t<meta name=\"google-site-verification\" content=\"UA-32230408-1\" \/>\n\t<meta name=\"msvalidate.01\" content=\"354F3CDFB2DA171B47FBE9ABF1F88D5\" \/>\n\t<meta name=\"keywords\" content=\"canal empresas\" \/>\n\t<link rel=\"canonical\" href=\"https:\/\/candas365.es\/noticias\/daimler-aprueba-separacion-y-salida-a-bolsa-de-la-filial-de-camiones\/\" \/>\n\t<meta name=\"generator\" content=\"All in One SEO Pro (AIOSEO) 4.9.6.2\" \/>\n\t\t<meta property=\"og:locale\" content=\"es_ES\" \/>\n\t\t<meta property=\"og:site_name\" content=\"Cand\u00e1s 365\" \/>\n\t\t<meta property=\"og:type\" content=\"article\" \/>\n\t\t<meta property=\"og:title\" content=\"Daimler aprueba separaci\u00f3n y salida a bolsa de la filial de camiones | Cand\u00e1s 365\" \/>\n\t\t<meta property=\"og:description\" content=\"Los accionistas de Daimler aprobaron hoy un plan que supone la escisi\u00f3n de la filial de camiones Daimler Truck y su cotizaci\u00f3n en bolsa\" \/>\n\t\t<meta property=\"og:url\" content=\"https:\/\/candas365.es\/noticias\/daimler-aprueba-separacion-y-salida-a-bolsa-de-la-filial-de-camiones\/\" \/>\n\t\t<meta property=\"og:image\" content=\"https:\/\/candas365.es\/noticias\/wp-content\/uploads\/2021\/10\/Bolsa.jpg\" \/>\n\t\t<meta property=\"og:image:secure_url\" content=\"https:\/\/candas365.es\/noticias\/wp-content\/uploads\/2021\/10\/Bolsa.jpg\" \/>\n\t\t<meta property=\"og:image:width\" content=\"640\" \/>\n\t\t<meta property=\"og:image:height\" content=\"452\" \/>\n\t\t<meta property=\"article:published_time\" content=\"2021-10-01T15:51:14+00:00\" \/>\n\t\t<meta property=\"article:modified_time\" content=\"2021-10-01T15:51:14+00:00\" \/>\n\t\t<meta property=\"article:publisher\" content=\"https:\/\/www.facebook.com\/Nachofdezber\" \/>\n\t\t<meta property=\"article:author\" content=\"https:\/\/www.facebook.com\/carrenoactualidad\" \/>\n\t\t<meta name=\"twitter:card\" content=\"summary_large_image\" \/>\n\t\t<meta name=\"twitter:site\" content=\"@NabercoDigital\" \/>\n\t\t<meta name=\"twitter:title\" content=\"Daimler aprueba separaci\u00f3n y salida a bolsa de la filial de camiones | Cand\u00e1s 365\" \/>\n\t\t<meta name=\"twitter:description\" content=\"Los accionistas de Daimler aprobaron hoy un plan que supone la escisi\u00f3n de la filial de camiones Daimler Truck y su cotizaci\u00f3n en bolsa\" \/>\n\t\t<meta name=\"twitter:creator\" content=\"@nbasturias\" \/>\n\t\t<meta name=\"twitter:image\" content=\"https:\/\/candas365.es\/noticias\/wp-content\/uploads\/2021\/10\/Bolsa.jpg\" \/>\n\t\t<meta name=\"twitter:label1\" content=\"Escrito por\" \/>\n\t\t<meta name=\"twitter:data1\" content=\"Cand\u00e1s 365\" \/>\n\t\t<meta name=\"twitter:label2\" content=\"Tiempo de lectura estimado\" \/>\n\t\t<meta name=\"twitter:data2\" content=\"1 minuto\" \/>\n\t\t<script type=\"application\/ld+json\" class=\"aioseo-schema\">\n\t\t\t{\"@context\":\"https:\\\/\\\/schema.org\",\"@graph\":[{\"@type\":\"BreadcrumbList\",\"@id\":\"https:\\\/\\\/candas365.es\\\/noticias\\\/daimler-aprueba-separacion-y-salida-a-bolsa-de-la-filial-de-camiones\\\/#breadcrumblist\",\"itemListElement\":[{\"@type\":\"ListItem\",\"@id\":\"https:\\\/\\\/candas365.es\\\/noticias#listItem\",\"position\":1,\"name\":\"Home\",\"item\":\"https:\\\/\\\/candas365.es\\\/noticias\",\"nextItem\":{\"@type\":\"ListItem\",\"@id\":\"https:\\\/\\\/candas365.es\\\/noticias\\\/category\\\/canal-empresas\\\/#listItem\",\"name\":\"Canal Empresas\"}},{\"@type\":\"ListItem\",\"@id\":\"https:\\\/\\\/candas365.es\\\/noticias\\\/category\\\/canal-empresas\\\/#listItem\",\"position\":2,\"name\":\"Canal Empresas\",\"item\":\"https:\\\/\\\/candas365.es\\\/noticias\\\/category\\\/canal-empresas\\\/\",\"nextItem\":{\"@type\":\"ListItem\",\"@id\":\"https:\\\/\\\/candas365.es\\\/noticias\\\/daimler-aprueba-separacion-y-salida-a-bolsa-de-la-filial-de-camiones\\\/#listItem\",\"name\":\"Daimler aprueba separaci\\u00f3n y salida a bolsa de la filial de camiones\"},\"previousItem\":{\"@type\":\"ListItem\",\"@id\":\"https:\\\/\\\/candas365.es\\\/noticias#listItem\",\"name\":\"Home\"}},{\"@type\":\"ListItem\",\"@id\":\"https:\\\/\\\/candas365.es\\\/noticias\\\/daimler-aprueba-separacion-y-salida-a-bolsa-de-la-filial-de-camiones\\\/#listItem\",\"position\":3,\"name\":\"Daimler aprueba separaci\\u00f3n y salida a bolsa de la filial de camiones\",\"previousItem\":{\"@type\":\"ListItem\",\"@id\":\"https:\\\/\\\/candas365.es\\\/noticias\\\/category\\\/canal-empresas\\\/#listItem\",\"name\":\"Canal Empresas\"}}]},{\"@type\":\"NewsArticle\",\"@id\":\"https:\\\/\\\/candas365.es\\\/noticias\\\/daimler-aprueba-separacion-y-salida-a-bolsa-de-la-filial-de-camiones\\\/#newsarticle\",\"name\":\"Daimler aprueba separaci\\u00f3n y salida a bolsa de la filial de camiones | Cand\\u00e1s 365\",\"headline\":\"Daimler aprueba separaci\\u00f3n y salida a bolsa de la filial de camiones\",\"author\":{\"@id\":\"https:\\\/\\\/candas365.es\\\/noticias\\\/author\\\/admin\\\/#author\"},\"publisher\":{\"@id\":\"https:\\\/\\\/candas365.es\\\/noticias\\\/#organization\"},\"image\":{\"@type\":\"ImageObject\",\"url\":\"https:\\\/\\\/candas365.es\\\/noticias\\\/wp-content\\\/uploads\\\/2021\\\/10\\\/Bolsa.jpg\",\"width\":640,\"height\":452,\"caption\":\"Bolsa\"},\"datePublished\":\"2021-10-01T15:51:14+02:00\",\"dateModified\":\"2021-10-01T15:51:14+02:00\",\"inLanguage\":\"es-ES\",\"mainEntityOfPage\":{\"@id\":\"https:\\\/\\\/candas365.es\\\/noticias\\\/daimler-aprueba-separacion-y-salida-a-bolsa-de-la-filial-de-camiones\\\/#webpage\"},\"isPartOf\":{\"@id\":\"https:\\\/\\\/candas365.es\\\/noticias\\\/daimler-aprueba-separacion-y-salida-a-bolsa-de-la-filial-de-camiones\\\/#webpage\"},\"articleSection\":\"Canal Empresas, Econom\\u00eda, empresas, Motor\",\"dateline\":\"Publicado el octubre 1, 2021.\"},{\"@type\":\"Organization\",\"@id\":\"https:\\\/\\\/candas365.es\\\/noticias\\\/#organization\",\"name\":\"Cand\\u00e1s 365\",\"description\":\"Cand\\u00e1s 365 es un diario digital independiente, fundado en 2012, con base en Asturias. Informamos con rigor sobre actualidad, sociedad, cultura y ocio, con una mirada local y global.\",\"url\":\"https:\\\/\\\/candas365.es\\\/noticias\\\/\",\"email\":\"info@candas365.es\",\"telephone\":\"+34652131393\",\"foundingDate\":\"2012-06-10\",\"logo\":{\"@type\":\"ImageObject\",\"url\":\"https:\\\/\\\/candas365.es\\\/noticias\\\/wp-content\\\/uploads\\\/2024\\\/09\\\/Candas-365-Redes.jpg\",\"@id\":\"https:\\\/\\\/candas365.es\\\/noticias\\\/daimler-aprueba-separacion-y-salida-a-bolsa-de-la-filial-de-camiones\\\/#organizationLogo\",\"width\":1152,\"height\":864,\"caption\":\"Cand\\u00e1s 365 Redes\"},\"image\":{\"@id\":\"https:\\\/\\\/candas365.es\\\/noticias\\\/daimler-aprueba-separacion-y-salida-a-bolsa-de-la-filial-de-camiones\\\/#organizationLogo\"},\"sameAs\":[\"https:\\\/\\\/www.facebook.com\\\/Nachofdezber\",\"https:\\\/\\\/x.com\\\/NabercoDigital\",\"https:\\\/\\\/www.instagram.com\\\/nachofdezber\\\/\",\"https:\\\/\\\/www.youtube.com\\\/channel\\\/UCZP-2wLEB9Rv6erhFmqVnvg\"],\"address\":{\"@id\":\"https:\\\/\\\/candas365.es\\\/noticias\\\/#postaladdress\",\"@type\":\"PostalAddress\",\"streetAddress\":\"san antonio 4, san antonio 4\",\"postalCode\":\"33430\",\"addressLocality\":\"Cand\\u00e1s\",\"addressRegion\":\"Asturias\",\"addressCountry\":\"ES\"}},{\"@type\":\"Person\",\"@id\":\"https:\\\/\\\/candas365.es\\\/noticias\\\/author\\\/admin\\\/#author\",\"url\":\"https:\\\/\\\/candas365.es\\\/noticias\\\/author\\\/admin\\\/\",\"name\":\"Cand\\u00e1s 365\",\"image\":{\"@type\":\"ImageObject\",\"@id\":\"https:\\\/\\\/candas365.es\\\/noticias\\\/daimler-aprueba-separacion-y-salida-a-bolsa-de-la-filial-de-camiones\\\/#authorImage\",\"url\":\"https:\\\/\\\/secure.gravatar.com\\\/avatar\\\/496a8e03d0c493ede1718b7934145dbdf8d89be1036b0eec9544e1094c9de390?s=96&d=mm&r=g\",\"width\":96,\"height\":96,\"caption\":\"Cand\\u00e1s 365\"},\"sameAs\":[\"https:\\\/\\\/www.facebook.com\\\/carrenoactualidad\",\"https:\\\/\\\/twitter.com\\\/nbasturias\",\"https:\\\/\\\/www.instagram.com\\\/nachofdezber\\\/\",\"https:\\\/\\\/www.youtube.com\\\/channel\\\/UCZP-2wLEB9Rv6erhFmqVnvg\"]},{\"@type\":\"WebPage\",\"@id\":\"https:\\\/\\\/candas365.es\\\/noticias\\\/daimler-aprueba-separacion-y-salida-a-bolsa-de-la-filial-de-camiones\\\/#webpage\",\"url\":\"https:\\\/\\\/candas365.es\\\/noticias\\\/daimler-aprueba-separacion-y-salida-a-bolsa-de-la-filial-de-camiones\\\/\",\"name\":\"Daimler aprueba separaci\\u00f3n y salida a bolsa de la filial de camiones | Cand\\u00e1s 365\",\"description\":\"Los accionistas de Daimler aprobaron hoy un plan que supone la escisi\\u00f3n de la filial de camiones Daimler Truck y su cotizaci\\u00f3n en bolsa\",\"inLanguage\":\"es-ES\",\"isPartOf\":{\"@id\":\"https:\\\/\\\/candas365.es\\\/noticias\\\/#website\"},\"breadcrumb\":{\"@id\":\"https:\\\/\\\/candas365.es\\\/noticias\\\/daimler-aprueba-separacion-y-salida-a-bolsa-de-la-filial-de-camiones\\\/#breadcrumblist\"},\"author\":{\"@id\":\"https:\\\/\\\/candas365.es\\\/noticias\\\/author\\\/admin\\\/#author\"},\"creator\":{\"@id\":\"https:\\\/\\\/candas365.es\\\/noticias\\\/author\\\/admin\\\/#author\"},\"image\":{\"@type\":\"ImageObject\",\"url\":\"https:\\\/\\\/candas365.es\\\/noticias\\\/wp-content\\\/uploads\\\/2021\\\/10\\\/Bolsa.jpg\",\"@id\":\"https:\\\/\\\/candas365.es\\\/noticias\\\/daimler-aprueba-separacion-y-salida-a-bolsa-de-la-filial-de-camiones\\\/#mainImage\",\"width\":640,\"height\":452,\"caption\":\"Bolsa\"},\"primaryImageOfPage\":{\"@id\":\"https:\\\/\\\/candas365.es\\\/noticias\\\/daimler-aprueba-separacion-y-salida-a-bolsa-de-la-filial-de-camiones\\\/#mainImage\"},\"datePublished\":\"2021-10-01T15:51:14+02:00\",\"dateModified\":\"2021-10-01T15:51:14+02:00\"},{\"@type\":\"WebSite\",\"@id\":\"https:\\\/\\\/candas365.es\\\/noticias\\\/#website\",\"url\":\"https:\\\/\\\/candas365.es\\\/noticias\\\/\",\"name\":\"Cand\\u00e1s 365\",\"alternateName\":\"Cand\\u00e1s 365 Noticias\",\"description\":\"Actualidad desde Carre\\u00f1o para el mundo\",\"inLanguage\":\"es-ES\",\"publisher\":{\"@id\":\"https:\\\/\\\/candas365.es\\\/noticias\\\/#organization\"}}]}\n\t\t<\/script>\n\t\t<!-- All in One SEO Pro -->\r\n\t\t<title>Daimler aprueba separaci\u00f3n y salida a bolsa de la filial de camiones | Cand\u00e1s 365<\/title>\n\n","aioseo_head_json":{"title":"Daimler aprueba separaci\u00f3n y salida a bolsa de la filial de camiones | Cand\u00e1s 365","description":"Los accionistas de Daimler aprobaron hoy un plan que supone la escisi\u00f3n de la filial de camiones Daimler Truck y su cotizaci\u00f3n en bolsa","canonical_url":"https:\/\/candas365.es\/noticias\/daimler-aprueba-separacion-y-salida-a-bolsa-de-la-filial-de-camiones\/","robots":"max-image-preview:large","keywords":"canal empresas","webmasterTools":{"google-site-verification":"UA-32230408-1","msvalidate.01":"354F3CDFB2DA171B47FBE9ABF1F88D5","miscellaneous":""},"schema":{"@context":"https:\/\/schema.org","@graph":[{"@type":"BreadcrumbList","@id":"https:\/\/candas365.es\/noticias\/daimler-aprueba-separacion-y-salida-a-bolsa-de-la-filial-de-camiones\/#breadcrumblist","itemListElement":[{"@type":"ListItem","@id":"https:\/\/candas365.es\/noticias#listItem","position":1,"name":"Home","item":"https:\/\/candas365.es\/noticias","nextItem":{"@type":"ListItem","@id":"https:\/\/candas365.es\/noticias\/category\/canal-empresas\/#listItem","name":"Canal Empresas"}},{"@type":"ListItem","@id":"https:\/\/candas365.es\/noticias\/category\/canal-empresas\/#listItem","position":2,"name":"Canal Empresas","item":"https:\/\/candas365.es\/noticias\/category\/canal-empresas\/","nextItem":{"@type":"ListItem","@id":"https:\/\/candas365.es\/noticias\/daimler-aprueba-separacion-y-salida-a-bolsa-de-la-filial-de-camiones\/#listItem","name":"Daimler aprueba separaci\u00f3n y salida a bolsa de la filial de camiones"},"previousItem":{"@type":"ListItem","@id":"https:\/\/candas365.es\/noticias#listItem","name":"Home"}},{"@type":"ListItem","@id":"https:\/\/candas365.es\/noticias\/daimler-aprueba-separacion-y-salida-a-bolsa-de-la-filial-de-camiones\/#listItem","position":3,"name":"Daimler aprueba separaci\u00f3n y salida a bolsa de la filial de camiones","previousItem":{"@type":"ListItem","@id":"https:\/\/candas365.es\/noticias\/category\/canal-empresas\/#listItem","name":"Canal Empresas"}}]},{"@type":"NewsArticle","@id":"https:\/\/candas365.es\/noticias\/daimler-aprueba-separacion-y-salida-a-bolsa-de-la-filial-de-camiones\/#newsarticle","name":"Daimler aprueba separaci\u00f3n y salida a bolsa de la filial de camiones | Cand\u00e1s 365","headline":"Daimler aprueba separaci\u00f3n y salida a bolsa de la filial de camiones","author":{"@id":"https:\/\/candas365.es\/noticias\/author\/admin\/#author"},"publisher":{"@id":"https:\/\/candas365.es\/noticias\/#organization"},"image":{"@type":"ImageObject","url":"https:\/\/candas365.es\/noticias\/wp-content\/uploads\/2021\/10\/Bolsa.jpg","width":640,"height":452,"caption":"Bolsa"},"datePublished":"2021-10-01T15:51:14+02:00","dateModified":"2021-10-01T15:51:14+02:00","inLanguage":"es-ES","mainEntityOfPage":{"@id":"https:\/\/candas365.es\/noticias\/daimler-aprueba-separacion-y-salida-a-bolsa-de-la-filial-de-camiones\/#webpage"},"isPartOf":{"@id":"https:\/\/candas365.es\/noticias\/daimler-aprueba-separacion-y-salida-a-bolsa-de-la-filial-de-camiones\/#webpage"},"articleSection":"Canal Empresas, Econom\u00eda, empresas, Motor","dateline":"Publicado el octubre 1, 2021."},{"@type":"Organization","@id":"https:\/\/candas365.es\/noticias\/#organization","name":"Cand\u00e1s 365","description":"Cand\u00e1s 365 es un diario digital independiente, fundado en 2012, con base en Asturias. Informamos con rigor sobre actualidad, sociedad, cultura y ocio, con una mirada local y global.","url":"https:\/\/candas365.es\/noticias\/","email":"info@candas365.es","telephone":"+34652131393","foundingDate":"2012-06-10","logo":{"@type":"ImageObject","url":"https:\/\/candas365.es\/noticias\/wp-content\/uploads\/2024\/09\/Candas-365-Redes.jpg","@id":"https:\/\/candas365.es\/noticias\/daimler-aprueba-separacion-y-salida-a-bolsa-de-la-filial-de-camiones\/#organizationLogo","width":1152,"height":864,"caption":"Cand\u00e1s 365 Redes"},"image":{"@id":"https:\/\/candas365.es\/noticias\/daimler-aprueba-separacion-y-salida-a-bolsa-de-la-filial-de-camiones\/#organizationLogo"},"sameAs":["https:\/\/www.facebook.com\/Nachofdezber","https:\/\/x.com\/NabercoDigital","https:\/\/www.instagram.com\/nachofdezber\/","https:\/\/www.youtube.com\/channel\/UCZP-2wLEB9Rv6erhFmqVnvg"],"address":{"@id":"https:\/\/candas365.es\/noticias\/#postaladdress","@type":"PostalAddress","streetAddress":"san antonio 4, san antonio 4","postalCode":"33430","addressLocality":"Cand\u00e1s","addressRegion":"Asturias","addressCountry":"ES"}},{"@type":"Person","@id":"https:\/\/candas365.es\/noticias\/author\/admin\/#author","url":"https:\/\/candas365.es\/noticias\/author\/admin\/","name":"Cand\u00e1s 365","image":{"@type":"ImageObject","@id":"https:\/\/candas365.es\/noticias\/daimler-aprueba-separacion-y-salida-a-bolsa-de-la-filial-de-camiones\/#authorImage","url":"https:\/\/secure.gravatar.com\/avatar\/496a8e03d0c493ede1718b7934145dbdf8d89be1036b0eec9544e1094c9de390?s=96&d=mm&r=g","width":96,"height":96,"caption":"Cand\u00e1s 365"},"sameAs":["https:\/\/www.facebook.com\/carrenoactualidad","https:\/\/twitter.com\/nbasturias","https:\/\/www.instagram.com\/nachofdezber\/","https:\/\/www.youtube.com\/channel\/UCZP-2wLEB9Rv6erhFmqVnvg"]},{"@type":"WebPage","@id":"https:\/\/candas365.es\/noticias\/daimler-aprueba-separacion-y-salida-a-bolsa-de-la-filial-de-camiones\/#webpage","url":"https:\/\/candas365.es\/noticias\/daimler-aprueba-separacion-y-salida-a-bolsa-de-la-filial-de-camiones\/","name":"Daimler aprueba separaci\u00f3n y salida a bolsa de la filial de camiones | Cand\u00e1s 365","description":"Los accionistas de Daimler aprobaron hoy un plan que supone la escisi\u00f3n de la filial de camiones Daimler Truck y su cotizaci\u00f3n en bolsa","inLanguage":"es-ES","isPartOf":{"@id":"https:\/\/candas365.es\/noticias\/#website"},"breadcrumb":{"@id":"https:\/\/candas365.es\/noticias\/daimler-aprueba-separacion-y-salida-a-bolsa-de-la-filial-de-camiones\/#breadcrumblist"},"author":{"@id":"https:\/\/candas365.es\/noticias\/author\/admin\/#author"},"creator":{"@id":"https:\/\/candas365.es\/noticias\/author\/admin\/#author"},"image":{"@type":"ImageObject","url":"https:\/\/candas365.es\/noticias\/wp-content\/uploads\/2021\/10\/Bolsa.jpg","@id":"https:\/\/candas365.es\/noticias\/daimler-aprueba-separacion-y-salida-a-bolsa-de-la-filial-de-camiones\/#mainImage","width":640,"height":452,"caption":"Bolsa"},"primaryImageOfPage":{"@id":"https:\/\/candas365.es\/noticias\/daimler-aprueba-separacion-y-salida-a-bolsa-de-la-filial-de-camiones\/#mainImage"},"datePublished":"2021-10-01T15:51:14+02:00","dateModified":"2021-10-01T15:51:14+02:00"},{"@type":"WebSite","@id":"https:\/\/candas365.es\/noticias\/#website","url":"https:\/\/candas365.es\/noticias\/","name":"Cand\u00e1s 365","alternateName":"Cand\u00e1s 365 Noticias","description":"Actualidad desde Carre\u00f1o para el mundo","inLanguage":"es-ES","publisher":{"@id":"https:\/\/candas365.es\/noticias\/#organization"}}]},"og:locale":"es_ES","og:site_name":"Cand\u00e1s 365","og:type":"article","og:title":"Daimler aprueba separaci\u00f3n y salida a bolsa de la filial de camiones | Cand\u00e1s 365","og:description":"Los accionistas de Daimler aprobaron hoy un plan que supone la escisi\u00f3n de la filial de camiones Daimler Truck y su cotizaci\u00f3n en bolsa","og:url":"https:\/\/candas365.es\/noticias\/daimler-aprueba-separacion-y-salida-a-bolsa-de-la-filial-de-camiones\/","og:image":"https:\/\/candas365.es\/noticias\/wp-content\/uploads\/2021\/10\/Bolsa.jpg","og:image:secure_url":"https:\/\/candas365.es\/noticias\/wp-content\/uploads\/2021\/10\/Bolsa.jpg","og:image:width":640,"og:image:height":452,"article:published_time":"2021-10-01T15:51:14+00:00","article:modified_time":"2021-10-01T15:51:14+00:00","article:publisher":"https:\/\/www.facebook.com\/Nachofdezber","article:author":"https:\/\/www.facebook.com\/carrenoactualidad","twitter:card":"summary_large_image","twitter:site":"@NabercoDigital","twitter:title":"Daimler aprueba separaci\u00f3n y salida a bolsa de la filial de camiones | Cand\u00e1s 365","twitter:description":"Los accionistas de Daimler aprobaron hoy un plan que supone la escisi\u00f3n de la filial de camiones Daimler Truck y su cotizaci\u00f3n en bolsa","twitter:creator":"@nbasturias","twitter:image":"https:\/\/candas365.es\/noticias\/wp-content\/uploads\/2021\/10\/Bolsa.jpg","twitter:label1":"Escrito por","twitter:data1":"Cand\u00e1s 365","twitter:label2":"Tiempo de lectura estimado","twitter:data2":"1 minuto"},"aioseo_meta_data":{"post_id":"158583","title":null,"description":"Los accionistas de Daimler aprobaron hoy un plan que supone la escisi\u00f3n de la filial de camiones Daimler Truck y su cotizaci\u00f3n en bolsa","keywords":[],"keyphrases":{"focus":{"keyphrase":"Daimler","score":100,"analysis":{"keyphraseInTitle":{"title":"Focus Keyphrase in SEO title","description":"Focus Keyphrase found in SEO title.","score":9,"maxScore":9,"error":0},"keyphraseInDescription":{"title":"Focus keyphrase in meta description","description":"Focus keyphrase found in meta description.","score":9,"maxScore":9,"error":0},"keyphraseInURL":[],"keyphraseLength":{"title":"Focus keyphrase length","description":"Good job!","score":9,"maxScore":9,"error":0,"length":1},"keyphraseInIntroduction":{"title":"Focus keyphrase in introduction","description":"Your Focus keyphrase appears in the first paragraph. Well done!","score":9,"maxScore":9,"error":0},"keyphraseInSubHeadings":[],"keyphraseInImageAlt":[]}},"additional":[{"keyphrase":"Daimler Truck","score":100,"analysis":{"keyphraseInDescription":{"title":"Keyphrase in meta description","description":"Keyphrase found in meta description.","score":9,"maxScore":9,"error":0},"keyphraseLength":{"title":"Keyphrase length","description":"Good job!","score":9,"maxScore":9,"error":0,"length":2},"keyphraseInIntroduction":{"title":"Keyphrase in introduction","description":"Your Keyphrase appears in the first paragraph. Well done!","score":9,"maxScore":9,"error":0},"keyphraseInImageAlt":[]}},{"keyphrase":"cotizaci\u00f3n en bolsa","score":100,"analysis":{"keyphraseInDescription":{"title":"Keyphrase in meta description","description":"Keyphrase found in meta description.","score":9,"maxScore":9,"error":0},"keyphraseLength":{"title":"Keyphrase length","description":"Good job!","score":9,"maxScore":9,"error":0,"length":3},"keyphraseInIntroduction":{"title":"Keyphrase in introduction","description":"Your Keyphrase appears in the first paragraph. Well done!","score":9,"maxScore":9,"error":0},"keyphraseInImageAlt":[]}}]},"primary_term":null,"canonical_url":null,"og_title":null,"og_description":null,"og_object_type":"default","og_image_type":"default","og_image_url":null,"og_image_width":null,"og_image_height":null,"og_image_custom_url":null,"og_image_custom_fields":null,"og_video":"","og_custom_url":null,"og_article_section":null,"og_article_tags":[],"twitter_use_og":false,"twitter_card":"default","twitter_image_type":"default","twitter_image_url":null,"twitter_image_custom_url":null,"twitter_image_custom_fields":null,"twitter_title":null,"twitter_description":null,"schema":{"blockGraphs":[],"customGraphs":[],"default":{"data":{"Article":[],"Course":[],"Dataset":[],"FAQPage":[],"Movie":[],"Person":[],"Product":[],"ProductReview":[],"Car":[],"Recipe":[],"Service":[],"SoftwareApplication":[],"WebPage":[]},"graphName":"","isEnabled":true},"graphs":[]},"schema_type":"default","schema_type_options":"{\"article\":{\"articleType\":\"BlogPosting\"},\"course\":{\"name\":\"\",\"description\":\"\",\"provider\":\"\"},\"faq\":{\"pages\":[]},\"product\":{\"reviews\":[]},\"recipe\":{\"ingredients\":[],\"instructions\":[],\"keywords\":[]},\"software\":{\"reviews\":[],\"operatingSystems\":[]},\"webPage\":{\"webPageType\":\"WebPage\"}}","pillar_content":false,"robots_default":true,"robots_noindex":false,"robots_noarchive":false,"robots_nosnippet":false,"robots_nofollow":false,"robots_noimageindex":false,"robots_noodp":false,"robots_notranslate":false,"robots_max_snippet":"-1","robots_max_videopreview":"-1","robots_max_imagepreview":"large","priority":null,"frequency":"default","location":null,"local_seo":null,"seo_analyzer_scan_date":"2025-09-01 02:45:10","breadcrumb_settings":null,"limit_modified_date":false,"reviewed_by":null,"open_ai":null,"ai":null,"created":"2021-10-01 15:47:17","updated":"2025-09-01 02:45:10"},"aioseo_breadcrumb":"<div class=\"aioseo-breadcrumbs\"><span class=\"aioseo-breadcrumb\">\n\t<a href=\"https:\/\/candas365.es\/noticias\" title=\"Home\">Home<\/a>\n<\/span><span class=\"aioseo-breadcrumb-separator\">&ndash;<\/span><span class=\"aioseo-breadcrumb\">\n\t<a href=\"https:\/\/candas365.es\/noticias\/category\/canal-empresas\/\" title=\"Canal Empresas\">Canal Empresas<\/a>\n<\/span><span class=\"aioseo-breadcrumb-separator\">&ndash;<\/span><span class=\"aioseo-breadcrumb\">\n\tDaimler aprueba separaci\u00f3n y salida a bolsa de la filial de camiones\n<\/span><\/div>","aioseo_breadcrumb_json":[{"label":"Home","link":"https:\/\/candas365.es\/noticias"},{"label":"Canal Empresas","link":"https:\/\/candas365.es\/noticias\/category\/canal-empresas\/"},{"label":"Daimler aprueba separaci\u00f3n y salida a bolsa de la filial de camiones","link":"https:\/\/candas365.es\/noticias\/daimler-aprueba-separacion-y-salida-a-bolsa-de-la-filial-de-camiones\/"}],"_links":{"self":[{"href":"https:\/\/candas365.es\/noticias\/wp-json\/wp\/v2\/posts\/158583","targetHints":{"allow":["GET"]}}],"collection":[{"href":"https:\/\/candas365.es\/noticias\/wp-json\/wp\/v2\/posts"}],"about":[{"href":"https:\/\/candas365.es\/noticias\/wp-json\/wp\/v2\/types\/post"}],"author":[{"embeddable":true,"href":"https:\/\/candas365.es\/noticias\/wp-json\/wp\/v2\/users\/1"}],"replies":[{"embeddable":true,"href":"https:\/\/candas365.es\/noticias\/wp-json\/wp\/v2\/comments?post=158583"}],"version-history":[{"count":0,"href":"https:\/\/candas365.es\/noticias\/wp-json\/wp\/v2\/posts\/158583\/revisions"}],"wp:featuredmedia":[{"embeddable":true,"href":"https:\/\/candas365.es\/noticias\/wp-json\/wp\/v2\/media\/158584"}],"wp:attachment":[{"href":"https:\/\/candas365.es\/noticias\/wp-json\/wp\/v2\/media?parent=158583"}],"wp:term":[{"taxonomy":"category","embeddable":true,"href":"https:\/\/candas365.es\/noticias\/wp-json\/wp\/v2\/categories?post=158583"},{"taxonomy":"post_tag","embeddable":true,"href":"https:\/\/candas365.es\/noticias\/wp-json\/wp\/v2\/tags?post=158583"}],"curies":[{"name":"wp","href":"https:\/\/api.w.org\/{rel}","templated":true}]}}