{"id":158572,"date":"2021-09-30T15:39:55","date_gmt":"2021-09-30T15:39:55","guid":{"rendered":"http:\/\/candas365.es\/noticias\/?p=158572"},"modified":"2021-09-30T15:39:55","modified_gmt":"2021-09-30T15:39:55","slug":"era-la-primera-vez-que-lo-usaban-wolfsburgo-se-queja-del-var","status":"publish","type":"post","link":"https:\/\/candas365.es\/noticias\/era-la-primera-vez-que-lo-usaban-wolfsburgo-se-queja-del-var\/","title":{"rendered":"\u00ab\u00bfEra la primera vez que lo usaban?\u00bb: Wolfsburgo se queja del VAR"},"content":{"rendered":"<p>Wolfsburgo (Alemania), 30 sep (dpa) &#8211; Las pol\u00e9micas arbitrales sucedidas tanto en el empate a uno del Wolfsburgo alem\u00e1n contra el Sevilla espa\u00f1ol como en el Milan-Atl\u00e9tico de Madrid de la Liga de Campeones han hecho a\u00fan m\u00e1s da\u00f1o a la tecnolog\u00eda del videoarbitraje.<\/p>\n<p>\u00abTodo el mundo aqu\u00ed en la sala, en el estadio y frente a la televisi\u00f3n est\u00e1 de acuerdo en que eso no es un penalti. Incluso m\u00e1s claramente con el videoarbitraje\u00bb, dijo en rueda de prensa el entrenador del Wolfsburgo, Mark van Bommel.<\/p>\n<p>Un penalti dudoso a favor del Sevilla pitado en el minuto 84 priv\u00f3 a su equipo de su primera victoria en esta temporada en la Liga de Campeones, ya que el croata Ivan Rakitic lo convirti\u00f3 minutos despu\u00e9s y logr\u00f3 as\u00ed el empate a uno para el club espa\u00f1ol.<\/p>\n<p>Hasta ahora, la mayor\u00eda de las discusiones sobre el \u00e1rbitro asistente de video VAR (por sus siglas en ingl\u00e9s) se han centrado en el hecho de que a veces interven\u00eda en determinadas situaciones y a veces no. As\u00ed que, a menudo, se trataba de cu\u00e1ndo se utilizaba, y no del sistema en s\u00ed.<\/p>\n<p>Sin embargo, el mi\u00e9rcoles por la noche en Wolfsburgo, el propio sistema de videoarbitraje, introducido en la Bundesliga en 2017 y en la Liga de Campeones en 2019, fue llevada al absurdo porque convirti\u00f3 una decisi\u00f3n correcta en una equivocada poco antes del final del partido, en una situaci\u00f3n decisiva para el resultado del mismo.<\/p>\n<p>La escena tuvo lugar en el minuto 84 con el marcador de 1-0 a favor de los alemanes. El centrocampista del Wolfsburgo Josuha Guilavogui despej\u00f3 el bal\u00f3n fuera de la zona de peligro en el \u00e1rea y luego golpe\u00f3 la espinilla de Erik Lamela, del Sevilla, ya sin posibilidades de conectar con el bal\u00f3n.<\/p>\n<p>El \u00e1rbitro b\u00falgaro Georgi Kabakov, que se mostr\u00f3 inseguro desde el principio del encuentro, dej\u00f3 que el juego continuara hasta que intervino su asistente de v\u00eddeo, de los Pa\u00edses Bajos. Ambos miraron las im\u00e1genes de v\u00eddeo durante mucho tiempo y luego decidieron expulsar a Guilavogui por doble amarilla y conceder al Sevilla el penalti, materializado por Rakitic.<\/p>\n<p>Al parecer, los \u00e1rbitros juzgaron la acci\u00f3n como una entrada temeraria, que deb\u00eda ser calificada con mayor severidad que el simple juego peligroso, porque Guilavogui hab\u00eda golpeado la pierna de su adversario con la suela abierta.<\/p>\n<p>\u00abNo s\u00e9 si era la primera vez que utilizaban im\u00e1genes de v\u00eddeo, si era algo nuevo para ellos\u00bb, dijo el jugador del Wolfsburgo Maximilian Arnold. \u00abNo se puede pitar algo as\u00ed en la Liga de Campeones\u00bb, a\u00f1adi\u00f3.<\/p>\n<p><i class=\"lang-es\"><span class=\" readonly\" title=\"\">Por Sebastian Stiekel (dpa)<\/span><\/i><\/p>\n","protected":false},"excerpt":{"rendered":"<p>Wolfsburgo (Alemania), 30 sep (dpa) &#8211; Las pol\u00e9micas arbitrales sucedidas tanto en el empate a uno del Wolfsburgo alem\u00e1n contra el Sevilla espa\u00f1ol como en el Milan-Atl\u00e9tico de Madrid de la Liga de Campeones han hecho a\u00fan m\u00e1s da\u00f1o a la tecnolog\u00eda del videoarbitraje. \u00abTodo el mundo aqu\u00ed en la sala, en el estadio y<\/p>\n","protected":false},"author":1,"featured_media":92011,"comment_status":"closed","ping_status":"closed","sticky":false,"template":"","format":"standard","meta":{"footnotes":""},"categories":[319],"tags":[387,389],"class_list":{"0":"post-158572","1":"post","2":"type-post","3":"status-publish","4":"format-standard","5":"has-post-thumbnail","7":"category-deporte","8":"tag-deporte","9":"tag-futbol"},"aioseo_notices":[],"aioseo_head":"\n\t\t<!-- All in One SEO Pro 4.9.6.2 - aioseo.com -->\n\t<meta name=\"description\" content=\"Las pol\u00e9micas arbitrales sucedidas tanto en el empate a uno del Wolfsburgo alem\u00e1n contra el Sevilla espa\u00f1ol como en el Milan-Atl\u00e9tico de Madrid de la Liga\" \/>\n\t<meta name=\"robots\" content=\"max-image-preview:large\" \/>\n\t<meta name=\"author\" content=\"Cand\u00e1s 365\"\/>\n\t<meta name=\"google-site-verification\" content=\"UA-32230408-1\" \/>\n\t<meta name=\"msvalidate.01\" content=\"354F3CDFB2DA171B47FBE9ABF1F88D5\" \/>\n\t<meta name=\"keywords\" content=\"deporte\" \/>\n\t<link rel=\"canonical\" href=\"https:\/\/candas365.es\/noticias\/era-la-primera-vez-que-lo-usaban-wolfsburgo-se-queja-del-var\/\" \/>\n\t<meta name=\"generator\" content=\"All in One SEO Pro (AIOSEO) 4.9.6.2\" \/>\n\t\t<meta property=\"og:locale\" content=\"es_ES\" \/>\n\t\t<meta property=\"og:site_name\" content=\"Cand\u00e1s 365\" \/>\n\t\t<meta property=\"og:type\" content=\"article\" \/>\n\t\t<meta property=\"og:title\" content=\"\u00ab\u00bfEra la primera vez que lo usaban?\u00bb: Wolfsburgo se queja del VAR | Cand\u00e1s 365\" \/>\n\t\t<meta property=\"og:description\" content=\"Las pol\u00e9micas arbitrales sucedidas tanto en el empate a uno del Wolfsburgo alem\u00e1n contra el Sevilla espa\u00f1ol como en el Milan-Atl\u00e9tico de Madrid de la Liga\" \/>\n\t\t<meta property=\"og:url\" content=\"https:\/\/candas365.es\/noticias\/era-la-primera-vez-que-lo-usaban-wolfsburgo-se-queja-del-var\/\" \/>\n\t\t<meta property=\"og:image\" content=\"https:\/\/candas365.es\/noticias\/wp-content\/uploads\/2018\/03\/woman-638384_1280.jpg\" \/>\n\t\t<meta property=\"og:image:secure_url\" content=\"https:\/\/candas365.es\/noticias\/wp-content\/uploads\/2018\/03\/woman-638384_1280.jpg\" \/>\n\t\t<meta property=\"og:image:width\" content=\"1280\" \/>\n\t\t<meta property=\"og:image:height\" content=\"850\" \/>\n\t\t<meta property=\"article:published_time\" content=\"2021-09-30T15:39:55+00:00\" \/>\n\t\t<meta property=\"article:modified_time\" content=\"2021-09-30T15:39:55+00:00\" \/>\n\t\t<meta property=\"article:publisher\" content=\"https:\/\/www.facebook.com\/Nachofdezber\" \/>\n\t\t<meta property=\"article:author\" content=\"https:\/\/www.facebook.com\/carrenoactualidad\" \/>\n\t\t<meta name=\"twitter:card\" content=\"summary_large_image\" \/>\n\t\t<meta name=\"twitter:site\" content=\"@NabercoDigital\" \/>\n\t\t<meta name=\"twitter:title\" content=\"\u00ab\u00bfEra la primera vez que lo usaban?\u00bb: Wolfsburgo se queja del VAR | Cand\u00e1s 365\" \/>\n\t\t<meta name=\"twitter:description\" content=\"Las pol\u00e9micas arbitrales sucedidas tanto en el empate a uno del Wolfsburgo alem\u00e1n contra el Sevilla espa\u00f1ol como en el Milan-Atl\u00e9tico de Madrid de la Liga\" \/>\n\t\t<meta name=\"twitter:creator\" content=\"@nbasturias\" \/>\n\t\t<meta name=\"twitter:image\" content=\"https:\/\/candas365.es\/noticias\/wp-content\/uploads\/2018\/03\/woman-638384_1280.jpg\" \/>\n\t\t<meta name=\"twitter:label1\" content=\"Escrito por\" \/>\n\t\t<meta name=\"twitter:data1\" content=\"Cand\u00e1s 365\" \/>\n\t\t<meta name=\"twitter:label2\" content=\"Tiempo de lectura estimado\" \/>\n\t\t<meta name=\"twitter:data2\" content=\"2 minutos\" \/>\n\t\t<script type=\"application\/ld+json\" class=\"aioseo-schema\">\n\t\t\t{\"@context\":\"https:\\\/\\\/schema.org\",\"@graph\":[{\"@type\":\"BreadcrumbList\",\"@id\":\"https:\\\/\\\/candas365.es\\\/noticias\\\/era-la-primera-vez-que-lo-usaban-wolfsburgo-se-queja-del-var\\\/#breadcrumblist\",\"itemListElement\":[{\"@type\":\"ListItem\",\"@id\":\"https:\\\/\\\/candas365.es\\\/noticias#listItem\",\"position\":1,\"name\":\"Home\",\"item\":\"https:\\\/\\\/candas365.es\\\/noticias\",\"nextItem\":{\"@type\":\"ListItem\",\"@id\":\"https:\\\/\\\/candas365.es\\\/noticias\\\/category\\\/deporte\\\/#listItem\",\"name\":\"Deporte\"}},{\"@type\":\"ListItem\",\"@id\":\"https:\\\/\\\/candas365.es\\\/noticias\\\/category\\\/deporte\\\/#listItem\",\"position\":2,\"name\":\"Deporte\",\"item\":\"https:\\\/\\\/candas365.es\\\/noticias\\\/category\\\/deporte\\\/\",\"nextItem\":{\"@type\":\"ListItem\",\"@id\":\"https:\\\/\\\/candas365.es\\\/noticias\\\/era-la-primera-vez-que-lo-usaban-wolfsburgo-se-queja-del-var\\\/#listItem\",\"name\":\"\\u00ab\\u00bfEra la primera vez que lo usaban?\\u00bb: Wolfsburgo se queja del VAR\"},\"previousItem\":{\"@type\":\"ListItem\",\"@id\":\"https:\\\/\\\/candas365.es\\\/noticias#listItem\",\"name\":\"Home\"}},{\"@type\":\"ListItem\",\"@id\":\"https:\\\/\\\/candas365.es\\\/noticias\\\/era-la-primera-vez-que-lo-usaban-wolfsburgo-se-queja-del-var\\\/#listItem\",\"position\":3,\"name\":\"\\u00ab\\u00bfEra la primera vez que lo usaban?\\u00bb: Wolfsburgo se queja del VAR\",\"previousItem\":{\"@type\":\"ListItem\",\"@id\":\"https:\\\/\\\/candas365.es\\\/noticias\\\/category\\\/deporte\\\/#listItem\",\"name\":\"Deporte\"}}]},{\"@type\":\"NewsArticle\",\"@id\":\"https:\\\/\\\/candas365.es\\\/noticias\\\/era-la-primera-vez-que-lo-usaban-wolfsburgo-se-queja-del-var\\\/#newsarticle\",\"name\":\"\\u00ab\\u00bfEra la primera vez que lo usaban?\\u00bb: Wolfsburgo se queja del VAR | Cand\\u00e1s 365\",\"headline\":\"\\u00ab\\u00bfEra la primera vez que lo usaban?\\u00bb: Wolfsburgo se queja del VAR\",\"author\":{\"@id\":\"https:\\\/\\\/candas365.es\\\/noticias\\\/author\\\/admin\\\/#author\"},\"publisher\":{\"@id\":\"https:\\\/\\\/candas365.es\\\/noticias\\\/#organization\"},\"image\":{\"@type\":\"ImageObject\",\"url\":\"https:\\\/\\\/candas365.es\\\/noticias\\\/wp-content\\\/uploads\\\/2018\\\/03\\\/woman-638384_1280.jpg\",\"width\":1280,\"height\":850},\"datePublished\":\"2021-09-30T15:39:55+02:00\",\"dateModified\":\"2021-09-30T15:39:55+02:00\",\"inLanguage\":\"es-ES\",\"mainEntityOfPage\":{\"@id\":\"https:\\\/\\\/candas365.es\\\/noticias\\\/era-la-primera-vez-que-lo-usaban-wolfsburgo-se-queja-del-var\\\/#webpage\"},\"isPartOf\":{\"@id\":\"https:\\\/\\\/candas365.es\\\/noticias\\\/era-la-primera-vez-que-lo-usaban-wolfsburgo-se-queja-del-var\\\/#webpage\"},\"articleSection\":\"Deporte, deporte, f\\u00fatbol\",\"dateline\":\"Publicado el septiembre 30, 2021.\"},{\"@type\":\"Organization\",\"@id\":\"https:\\\/\\\/candas365.es\\\/noticias\\\/#organization\",\"name\":\"Cand\\u00e1s 365\",\"description\":\"Cand\\u00e1s 365 es un diario digital independiente, fundado en 2012, con base en Asturias. Informamos con rigor sobre actualidad, sociedad, cultura y ocio, con una mirada local y global.\",\"url\":\"https:\\\/\\\/candas365.es\\\/noticias\\\/\",\"email\":\"info@candas365.es\",\"telephone\":\"+34652131393\",\"foundingDate\":\"2012-06-10\",\"logo\":{\"@type\":\"ImageObject\",\"url\":\"https:\\\/\\\/candas365.es\\\/noticias\\\/wp-content\\\/uploads\\\/2024\\\/09\\\/Candas-365-Redes.jpg\",\"@id\":\"https:\\\/\\\/candas365.es\\\/noticias\\\/era-la-primera-vez-que-lo-usaban-wolfsburgo-se-queja-del-var\\\/#organizationLogo\",\"width\":1152,\"height\":864,\"caption\":\"Cand\\u00e1s 365 Redes\"},\"image\":{\"@id\":\"https:\\\/\\\/candas365.es\\\/noticias\\\/era-la-primera-vez-que-lo-usaban-wolfsburgo-se-queja-del-var\\\/#organizationLogo\"},\"sameAs\":[\"https:\\\/\\\/www.facebook.com\\\/Nachofdezber\",\"https:\\\/\\\/x.com\\\/NabercoDigital\",\"https:\\\/\\\/www.instagram.com\\\/nachofdezber\\\/\",\"https:\\\/\\\/www.youtube.com\\\/channel\\\/UCZP-2wLEB9Rv6erhFmqVnvg\"],\"address\":{\"@id\":\"https:\\\/\\\/candas365.es\\\/noticias\\\/#postaladdress\",\"@type\":\"PostalAddress\",\"streetAddress\":\"san antonio 4, san antonio 4\",\"postalCode\":\"33430\",\"addressLocality\":\"Cand\\u00e1s\",\"addressRegion\":\"Asturias\",\"addressCountry\":\"ES\"}},{\"@type\":\"Person\",\"@id\":\"https:\\\/\\\/candas365.es\\\/noticias\\\/author\\\/admin\\\/#author\",\"url\":\"https:\\\/\\\/candas365.es\\\/noticias\\\/author\\\/admin\\\/\",\"name\":\"Cand\\u00e1s 365\",\"image\":{\"@type\":\"ImageObject\",\"@id\":\"https:\\\/\\\/candas365.es\\\/noticias\\\/era-la-primera-vez-que-lo-usaban-wolfsburgo-se-queja-del-var\\\/#authorImage\",\"url\":\"https:\\\/\\\/secure.gravatar.com\\\/avatar\\\/496a8e03d0c493ede1718b7934145dbdf8d89be1036b0eec9544e1094c9de390?s=96&d=mm&r=g\",\"width\":96,\"height\":96,\"caption\":\"Cand\\u00e1s 365\"},\"sameAs\":[\"https:\\\/\\\/www.facebook.com\\\/carrenoactualidad\",\"https:\\\/\\\/twitter.com\\\/nbasturias\",\"https:\\\/\\\/www.instagram.com\\\/nachofdezber\\\/\",\"https:\\\/\\\/www.youtube.com\\\/channel\\\/UCZP-2wLEB9Rv6erhFmqVnvg\"]},{\"@type\":\"WebPage\",\"@id\":\"https:\\\/\\\/candas365.es\\\/noticias\\\/era-la-primera-vez-que-lo-usaban-wolfsburgo-se-queja-del-var\\\/#webpage\",\"url\":\"https:\\\/\\\/candas365.es\\\/noticias\\\/era-la-primera-vez-que-lo-usaban-wolfsburgo-se-queja-del-var\\\/\",\"name\":\"\\u00ab\\u00bfEra la primera vez que lo usaban?\\u00bb: Wolfsburgo se queja del VAR | Cand\\u00e1s 365\",\"description\":\"Las pol\\u00e9micas arbitrales sucedidas tanto en el empate a uno del Wolfsburgo alem\\u00e1n contra el Sevilla espa\\u00f1ol como en el Milan-Atl\\u00e9tico de Madrid de la Liga\",\"inLanguage\":\"es-ES\",\"isPartOf\":{\"@id\":\"https:\\\/\\\/candas365.es\\\/noticias\\\/#website\"},\"breadcrumb\":{\"@id\":\"https:\\\/\\\/candas365.es\\\/noticias\\\/era-la-primera-vez-que-lo-usaban-wolfsburgo-se-queja-del-var\\\/#breadcrumblist\"},\"author\":{\"@id\":\"https:\\\/\\\/candas365.es\\\/noticias\\\/author\\\/admin\\\/#author\"},\"creator\":{\"@id\":\"https:\\\/\\\/candas365.es\\\/noticias\\\/author\\\/admin\\\/#author\"},\"image\":{\"@type\":\"ImageObject\",\"url\":\"https:\\\/\\\/candas365.es\\\/noticias\\\/wp-content\\\/uploads\\\/2018\\\/03\\\/woman-638384_1280.jpg\",\"@id\":\"https:\\\/\\\/candas365.es\\\/noticias\\\/era-la-primera-vez-que-lo-usaban-wolfsburgo-se-queja-del-var\\\/#mainImage\",\"width\":1280,\"height\":850},\"primaryImageOfPage\":{\"@id\":\"https:\\\/\\\/candas365.es\\\/noticias\\\/era-la-primera-vez-que-lo-usaban-wolfsburgo-se-queja-del-var\\\/#mainImage\"},\"datePublished\":\"2021-09-30T15:39:55+02:00\",\"dateModified\":\"2021-09-30T15:39:55+02:00\"},{\"@type\":\"WebSite\",\"@id\":\"https:\\\/\\\/candas365.es\\\/noticias\\\/#website\",\"url\":\"https:\\\/\\\/candas365.es\\\/noticias\\\/\",\"name\":\"Cand\\u00e1s 365\",\"alternateName\":\"Cand\\u00e1s 365 Noticias\",\"description\":\"Actualidad desde Carre\\u00f1o para el mundo\",\"inLanguage\":\"es-ES\",\"publisher\":{\"@id\":\"https:\\\/\\\/candas365.es\\\/noticias\\\/#organization\"}}]}\n\t\t<\/script>\n\t\t<!-- All in One SEO Pro -->\r\n\t\t<title>\u00ab\u00bfEra la primera vez que lo usaban?\u00bb: Wolfsburgo se queja del VAR | Cand\u00e1s 365<\/title>\n\n","aioseo_head_json":{"title":"\u00ab\u00bfEra la primera vez que lo usaban?\u00bb: Wolfsburgo se queja del VAR | Cand\u00e1s 365","description":"Las pol\u00e9micas arbitrales sucedidas tanto en el empate a uno del Wolfsburgo alem\u00e1n contra el Sevilla espa\u00f1ol como en el Milan-Atl\u00e9tico de Madrid de la Liga","canonical_url":"https:\/\/candas365.es\/noticias\/era-la-primera-vez-que-lo-usaban-wolfsburgo-se-queja-del-var\/","robots":"max-image-preview:large","keywords":"deporte","webmasterTools":{"google-site-verification":"UA-32230408-1","msvalidate.01":"354F3CDFB2DA171B47FBE9ABF1F88D5","miscellaneous":""},"schema":{"@context":"https:\/\/schema.org","@graph":[{"@type":"BreadcrumbList","@id":"https:\/\/candas365.es\/noticias\/era-la-primera-vez-que-lo-usaban-wolfsburgo-se-queja-del-var\/#breadcrumblist","itemListElement":[{"@type":"ListItem","@id":"https:\/\/candas365.es\/noticias#listItem","position":1,"name":"Home","item":"https:\/\/candas365.es\/noticias","nextItem":{"@type":"ListItem","@id":"https:\/\/candas365.es\/noticias\/category\/deporte\/#listItem","name":"Deporte"}},{"@type":"ListItem","@id":"https:\/\/candas365.es\/noticias\/category\/deporte\/#listItem","position":2,"name":"Deporte","item":"https:\/\/candas365.es\/noticias\/category\/deporte\/","nextItem":{"@type":"ListItem","@id":"https:\/\/candas365.es\/noticias\/era-la-primera-vez-que-lo-usaban-wolfsburgo-se-queja-del-var\/#listItem","name":"\u00ab\u00bfEra la primera vez que lo usaban?\u00bb: Wolfsburgo se queja del VAR"},"previousItem":{"@type":"ListItem","@id":"https:\/\/candas365.es\/noticias#listItem","name":"Home"}},{"@type":"ListItem","@id":"https:\/\/candas365.es\/noticias\/era-la-primera-vez-que-lo-usaban-wolfsburgo-se-queja-del-var\/#listItem","position":3,"name":"\u00ab\u00bfEra la primera vez que lo usaban?\u00bb: Wolfsburgo se queja del VAR","previousItem":{"@type":"ListItem","@id":"https:\/\/candas365.es\/noticias\/category\/deporte\/#listItem","name":"Deporte"}}]},{"@type":"NewsArticle","@id":"https:\/\/candas365.es\/noticias\/era-la-primera-vez-que-lo-usaban-wolfsburgo-se-queja-del-var\/#newsarticle","name":"\u00ab\u00bfEra la primera vez que lo usaban?\u00bb: Wolfsburgo se queja del VAR | Cand\u00e1s 365","headline":"\u00ab\u00bfEra la primera vez que lo usaban?\u00bb: Wolfsburgo se queja del VAR","author":{"@id":"https:\/\/candas365.es\/noticias\/author\/admin\/#author"},"publisher":{"@id":"https:\/\/candas365.es\/noticias\/#organization"},"image":{"@type":"ImageObject","url":"https:\/\/candas365.es\/noticias\/wp-content\/uploads\/2018\/03\/woman-638384_1280.jpg","width":1280,"height":850},"datePublished":"2021-09-30T15:39:55+02:00","dateModified":"2021-09-30T15:39:55+02:00","inLanguage":"es-ES","mainEntityOfPage":{"@id":"https:\/\/candas365.es\/noticias\/era-la-primera-vez-que-lo-usaban-wolfsburgo-se-queja-del-var\/#webpage"},"isPartOf":{"@id":"https:\/\/candas365.es\/noticias\/era-la-primera-vez-que-lo-usaban-wolfsburgo-se-queja-del-var\/#webpage"},"articleSection":"Deporte, deporte, f\u00fatbol","dateline":"Publicado el septiembre 30, 2021."},{"@type":"Organization","@id":"https:\/\/candas365.es\/noticias\/#organization","name":"Cand\u00e1s 365","description":"Cand\u00e1s 365 es un diario digital independiente, fundado en 2012, con base en Asturias. Informamos con rigor sobre actualidad, sociedad, cultura y ocio, con una mirada local y global.","url":"https:\/\/candas365.es\/noticias\/","email":"info@candas365.es","telephone":"+34652131393","foundingDate":"2012-06-10","logo":{"@type":"ImageObject","url":"https:\/\/candas365.es\/noticias\/wp-content\/uploads\/2024\/09\/Candas-365-Redes.jpg","@id":"https:\/\/candas365.es\/noticias\/era-la-primera-vez-que-lo-usaban-wolfsburgo-se-queja-del-var\/#organizationLogo","width":1152,"height":864,"caption":"Cand\u00e1s 365 Redes"},"image":{"@id":"https:\/\/candas365.es\/noticias\/era-la-primera-vez-que-lo-usaban-wolfsburgo-se-queja-del-var\/#organizationLogo"},"sameAs":["https:\/\/www.facebook.com\/Nachofdezber","https:\/\/x.com\/NabercoDigital","https:\/\/www.instagram.com\/nachofdezber\/","https:\/\/www.youtube.com\/channel\/UCZP-2wLEB9Rv6erhFmqVnvg"],"address":{"@id":"https:\/\/candas365.es\/noticias\/#postaladdress","@type":"PostalAddress","streetAddress":"san antonio 4, san antonio 4","postalCode":"33430","addressLocality":"Cand\u00e1s","addressRegion":"Asturias","addressCountry":"ES"}},{"@type":"Person","@id":"https:\/\/candas365.es\/noticias\/author\/admin\/#author","url":"https:\/\/candas365.es\/noticias\/author\/admin\/","name":"Cand\u00e1s 365","image":{"@type":"ImageObject","@id":"https:\/\/candas365.es\/noticias\/era-la-primera-vez-que-lo-usaban-wolfsburgo-se-queja-del-var\/#authorImage","url":"https:\/\/secure.gravatar.com\/avatar\/496a8e03d0c493ede1718b7934145dbdf8d89be1036b0eec9544e1094c9de390?s=96&d=mm&r=g","width":96,"height":96,"caption":"Cand\u00e1s 365"},"sameAs":["https:\/\/www.facebook.com\/carrenoactualidad","https:\/\/twitter.com\/nbasturias","https:\/\/www.instagram.com\/nachofdezber\/","https:\/\/www.youtube.com\/channel\/UCZP-2wLEB9Rv6erhFmqVnvg"]},{"@type":"WebPage","@id":"https:\/\/candas365.es\/noticias\/era-la-primera-vez-que-lo-usaban-wolfsburgo-se-queja-del-var\/#webpage","url":"https:\/\/candas365.es\/noticias\/era-la-primera-vez-que-lo-usaban-wolfsburgo-se-queja-del-var\/","name":"\u00ab\u00bfEra la primera vez que lo usaban?\u00bb: Wolfsburgo se queja del VAR | Cand\u00e1s 365","description":"Las pol\u00e9micas arbitrales sucedidas tanto en el empate a uno del Wolfsburgo alem\u00e1n contra el Sevilla espa\u00f1ol como en el Milan-Atl\u00e9tico de Madrid de la Liga","inLanguage":"es-ES","isPartOf":{"@id":"https:\/\/candas365.es\/noticias\/#website"},"breadcrumb":{"@id":"https:\/\/candas365.es\/noticias\/era-la-primera-vez-que-lo-usaban-wolfsburgo-se-queja-del-var\/#breadcrumblist"},"author":{"@id":"https:\/\/candas365.es\/noticias\/author\/admin\/#author"},"creator":{"@id":"https:\/\/candas365.es\/noticias\/author\/admin\/#author"},"image":{"@type":"ImageObject","url":"https:\/\/candas365.es\/noticias\/wp-content\/uploads\/2018\/03\/woman-638384_1280.jpg","@id":"https:\/\/candas365.es\/noticias\/era-la-primera-vez-que-lo-usaban-wolfsburgo-se-queja-del-var\/#mainImage","width":1280,"height":850},"primaryImageOfPage":{"@id":"https:\/\/candas365.es\/noticias\/era-la-primera-vez-que-lo-usaban-wolfsburgo-se-queja-del-var\/#mainImage"},"datePublished":"2021-09-30T15:39:55+02:00","dateModified":"2021-09-30T15:39:55+02:00"},{"@type":"WebSite","@id":"https:\/\/candas365.es\/noticias\/#website","url":"https:\/\/candas365.es\/noticias\/","name":"Cand\u00e1s 365","alternateName":"Cand\u00e1s 365 Noticias","description":"Actualidad desde Carre\u00f1o para el mundo","inLanguage":"es-ES","publisher":{"@id":"https:\/\/candas365.es\/noticias\/#organization"}}]},"og:locale":"es_ES","og:site_name":"Cand\u00e1s 365","og:type":"article","og:title":"\u00ab\u00bfEra la primera vez que lo usaban?\u00bb: Wolfsburgo se queja del VAR | Cand\u00e1s 365","og:description":"Las pol\u00e9micas arbitrales sucedidas tanto en el empate a uno del Wolfsburgo alem\u00e1n contra el Sevilla espa\u00f1ol como en el Milan-Atl\u00e9tico de Madrid de la Liga","og:url":"https:\/\/candas365.es\/noticias\/era-la-primera-vez-que-lo-usaban-wolfsburgo-se-queja-del-var\/","og:image":"https:\/\/candas365.es\/noticias\/wp-content\/uploads\/2018\/03\/woman-638384_1280.jpg","og:image:secure_url":"https:\/\/candas365.es\/noticias\/wp-content\/uploads\/2018\/03\/woman-638384_1280.jpg","og:image:width":1280,"og:image:height":850,"article:published_time":"2021-09-30T15:39:55+00:00","article:modified_time":"2021-09-30T15:39:55+00:00","article:publisher":"https:\/\/www.facebook.com\/Nachofdezber","article:author":"https:\/\/www.facebook.com\/carrenoactualidad","twitter:card":"summary_large_image","twitter:site":"@NabercoDigital","twitter:title":"\u00ab\u00bfEra la primera vez que lo usaban?\u00bb: Wolfsburgo se queja del VAR | Cand\u00e1s 365","twitter:description":"Las pol\u00e9micas arbitrales sucedidas tanto en el empate a uno del Wolfsburgo alem\u00e1n contra el Sevilla espa\u00f1ol como en el Milan-Atl\u00e9tico de Madrid de la Liga","twitter:creator":"@nbasturias","twitter:image":"https:\/\/candas365.es\/noticias\/wp-content\/uploads\/2018\/03\/woman-638384_1280.jpg","twitter:label1":"Escrito por","twitter:data1":"Cand\u00e1s 365","twitter:label2":"Tiempo de lectura estimado","twitter:data2":"2 minutos"},"aioseo_meta_data":{"post_id":"158572","title":null,"description":"Las pol\u00e9micas arbitrales sucedidas tanto en el empate a uno del Wolfsburgo alem\u00e1n contra el Sevilla espa\u00f1ol como en el Milan-Atl\u00e9tico de Madrid de la Liga","keywords":[],"keyphrases":{"focus":{"keyphrase":"Wolfsburgo","score":100,"analysis":{"keyphraseInTitle":{"title":"Focus Keyphrase in SEO title","description":"Focus Keyphrase found in SEO title.","score":9,"maxScore":9,"error":0},"keyphraseInDescription":{"title":"Focus keyphrase in meta description","description":"Focus keyphrase found in meta description.","score":9,"maxScore":9,"error":0},"keyphraseInURL":[],"keyphraseLength":{"title":"Focus keyphrase length","description":"Good job!","score":9,"maxScore":9,"error":0,"length":1},"keyphraseInIntroduction":{"title":"Focus keyphrase in introduction","description":"Your Focus keyphrase appears in the first paragraph. Well done!","score":9,"maxScore":9,"error":0},"keyphraseInSubHeadings":[],"keyphraseInImageAlt":[]}},"additional":[{"keyphrase":"Liga ","score":100,"analysis":{"keyphraseInDescription":{"title":"Keyphrase in meta description","description":"Keyphrase found in meta description.","score":9,"maxScore":9,"error":0},"keyphraseLength":{"title":"Keyphrase length","description":"Good job!","score":9,"maxScore":9,"error":0,"length":1},"keyphraseInIntroduction":{"title":"Keyphrase in introduction","description":"Your Keyphrase appears in the first paragraph. Well done!","score":9,"maxScore":9,"error":0},"keyphraseInImageAlt":[]}}]},"primary_term":null,"canonical_url":null,"og_title":null,"og_description":null,"og_object_type":"default","og_image_type":"default","og_image_url":null,"og_image_width":null,"og_image_height":null,"og_image_custom_url":null,"og_image_custom_fields":null,"og_video":"","og_custom_url":null,"og_article_section":null,"og_article_tags":[],"twitter_use_og":false,"twitter_card":"default","twitter_image_type":"default","twitter_image_url":null,"twitter_image_custom_url":null,"twitter_image_custom_fields":null,"twitter_title":null,"twitter_description":null,"schema":{"blockGraphs":[],"customGraphs":[],"default":{"data":{"Article":[],"Course":[],"Dataset":[],"FAQPage":[],"Movie":[],"Person":[],"Product":[],"ProductReview":[],"Car":[],"Recipe":[],"Service":[],"SoftwareApplication":[],"WebPage":[]},"graphName":"","isEnabled":true},"graphs":[]},"schema_type":"default","schema_type_options":"{\"article\":{\"articleType\":\"BlogPosting\"},\"course\":{\"name\":\"\",\"description\":\"\",\"provider\":\"\"},\"faq\":{\"pages\":[]},\"product\":{\"reviews\":[]},\"recipe\":{\"ingredients\":[],\"instructions\":[],\"keywords\":[]},\"software\":{\"reviews\":[],\"operatingSystems\":[]},\"webPage\":{\"webPageType\":\"WebPage\"}}","pillar_content":false,"robots_default":true,"robots_noindex":false,"robots_noarchive":false,"robots_nosnippet":false,"robots_nofollow":false,"robots_noimageindex":false,"robots_noodp":false,"robots_notranslate":false,"robots_max_snippet":"-1","robots_max_videopreview":"-1","robots_max_imagepreview":"large","priority":null,"frequency":"default","location":null,"local_seo":null,"seo_analyzer_scan_date":"2025-09-01 02:43:24","breadcrumb_settings":null,"limit_modified_date":false,"reviewed_by":null,"open_ai":null,"ai":null,"created":"2021-09-30 15:36:19","updated":"2025-09-01 02:43:24"},"aioseo_breadcrumb":"<div class=\"aioseo-breadcrumbs\"><span class=\"aioseo-breadcrumb\">\n\t<a href=\"https:\/\/candas365.es\/noticias\" title=\"Home\">Home<\/a>\n<\/span><span class=\"aioseo-breadcrumb-separator\">&ndash;<\/span><span class=\"aioseo-breadcrumb\">\n\t<a href=\"https:\/\/candas365.es\/noticias\/category\/deporte\/\" title=\"Deporte\">Deporte<\/a>\n<\/span><span class=\"aioseo-breadcrumb-separator\">&ndash;<\/span><span class=\"aioseo-breadcrumb\">\n\t\u00ab\u00bfEra la primera vez que lo usaban?\u00bb: Wolfsburgo se queja del VAR\n<\/span><\/div>","aioseo_breadcrumb_json":[{"label":"Home","link":"https:\/\/candas365.es\/noticias"},{"label":"Deporte","link":"https:\/\/candas365.es\/noticias\/category\/deporte\/"},{"label":"\u00ab\u00bfEra la primera vez que lo usaban?\u00bb: Wolfsburgo se queja del VAR","link":"https:\/\/candas365.es\/noticias\/era-la-primera-vez-que-lo-usaban-wolfsburgo-se-queja-del-var\/"}],"_links":{"self":[{"href":"https:\/\/candas365.es\/noticias\/wp-json\/wp\/v2\/posts\/158572","targetHints":{"allow":["GET"]}}],"collection":[{"href":"https:\/\/candas365.es\/noticias\/wp-json\/wp\/v2\/posts"}],"about":[{"href":"https:\/\/candas365.es\/noticias\/wp-json\/wp\/v2\/types\/post"}],"author":[{"embeddable":true,"href":"https:\/\/candas365.es\/noticias\/wp-json\/wp\/v2\/users\/1"}],"replies":[{"embeddable":true,"href":"https:\/\/candas365.es\/noticias\/wp-json\/wp\/v2\/comments?post=158572"}],"version-history":[{"count":0,"href":"https:\/\/candas365.es\/noticias\/wp-json\/wp\/v2\/posts\/158572\/revisions"}],"wp:featuredmedia":[{"embeddable":true,"href":"https:\/\/candas365.es\/noticias\/wp-json\/wp\/v2\/media\/92011"}],"wp:attachment":[{"href":"https:\/\/candas365.es\/noticias\/wp-json\/wp\/v2\/media?parent=158572"}],"wp:term":[{"taxonomy":"category","embeddable":true,"href":"https:\/\/candas365.es\/noticias\/wp-json\/wp\/v2\/categories?post=158572"},{"taxonomy":"post_tag","embeddable":true,"href":"https:\/\/candas365.es\/noticias\/wp-json\/wp\/v2\/tags?post=158572"}],"curies":[{"name":"wp","href":"https:\/\/api.w.org\/{rel}","templated":true}]}}