{"id":158563,"date":"2021-09-30T11:24:04","date_gmt":"2021-09-30T11:24:04","guid":{"rendered":"http:\/\/candas365.es\/noticias\/?p=158563"},"modified":"2021-09-30T11:24:04","modified_gmt":"2021-09-30T11:24:04","slug":"liga-de-campeones-el-atletico-suma-tres-puntos-de-oro-en-milan","status":"publish","type":"post","link":"https:\/\/candas365.es\/noticias\/liga-de-campeones-el-atletico-suma-tres-puntos-de-oro-en-milan\/","title":{"rendered":"Liga de Campeones: El Atl\u00e9tico suma tres puntos de oro en Mil\u00e1n"},"content":{"rendered":"<p>(EP) &#8211; El <strong>Atl\u00e9tico de Madrid<\/strong> sum\u00f3 tres puntos importantes en la <strong>Liga de Campeones<\/strong> tras imponerse este martes con mucho sufrimiento por 1-2 en su visita al AC Milan, gracias a los goles en el tramo final de <strong>Antoine Griezmann<\/strong> y Luis Su\u00e1rez, de penalti, y despu\u00e9s de jugar m\u00e1s de una hora con uno m\u00e1s.<\/p>\n<figure id=\"attachment_158564\" aria-describedby=\"caption-attachment-158564\" style=\"width: 650px\" class=\"wp-caption aligncenter\"><img fetchpriority=\"high\" decoding=\"async\" class=\"wp-image-158564 size-large\" src=\"https:\/\/candas365.es\/noticias\/wp-content\/uploads\/2021\/09\/Marcos-Llorente-650x473.jpg\" alt=\"Marcos Llorente\" width=\"650\" height=\"473\" srcset=\"https:\/\/candas365.es\/noticias\/wp-content\/uploads\/2021\/09\/Marcos-Llorente-650x473.jpg 650w, https:\/\/candas365.es\/noticias\/wp-content\/uploads\/2021\/09\/Marcos-Llorente-360x262.jpg 360w, https:\/\/candas365.es\/noticias\/wp-content\/uploads\/2021\/09\/Marcos-Llorente-768x559.jpg 768w, https:\/\/candas365.es\/noticias\/wp-content\/uploads\/2021\/09\/Marcos-Llorente.jpg 911w\" sizes=\"(max-width: 650px) 100vw, 650px\" \/><figcaption id=\"caption-attachment-158564\" class=\"wp-caption-text\">FOTO: ATL\u00c9TICO DE MADRID \/ Europa Press<\/figcaption><\/figure>\n<p>El equipo madrile\u00f1o se march\u00f3 con una sonrisa de San Siro, el escenario donde hace cinco a\u00f1os perdi\u00f3 otra final de la Champions, pero que por momentos estuvo cerca de dejarle otro amargo recuerdo. El campe\u00f3n espa\u00f1ol no estuvo brillante, pero la expulsi\u00f3n de Kessi\u00e9 a la media hora le ayud\u00f3 a cogerle el pulso a un encuentro que se le hab\u00eda puesto cuesta arriba por una mala salida.<\/p>\n<p>Sin embargo, la inferioridad y el esfuerzo, m\u00e1s la mejor\u00eda colchonera, acabaron siendo una losa para los &#8216;rossoneri&#8217;, encerrados en la segunda mitad. Griezmann puso la primera piedra de la reconciliaci\u00f3n con la afici\u00f3n con el tanto del empate en el 84 y un penalti en el 97 permiti\u00f3 a Luis Su\u00e1rez dar la victoria y marcar su primer gol a domicilio desde 2015 en el torneo continental.<\/p>\n<p>El Atl\u00e9tico, con defensa de cuatro y Correa y el uruguayo en ataque, no tuvo un retorno pl\u00e1cido en San Siro. Su vuelta al feudo del siete veces campe\u00f3n de Europa no fue nada c\u00f3moda, en parte por cierta falta de intensidad a la hora de afrontar el duelo, lo que no perdon\u00f3 un Milan hambriento de volver a ser protagonista en el Viejo Continente.<\/p>\n<p>El equipo local sali\u00f3 con las ideas claras y le meti\u00f3 una intensidad tremenda al choque desde el pitido inicial. Aunque esto le acabar\u00eda pasando factura, el conjunto de Stefano Pioli desarbol\u00f3 por todos los lados a un campe\u00f3n espa\u00f1ol irreconocible y que demostr\u00f3 que su inicio de campa\u00f1a no est\u00e1 siendo el m\u00e1s \u00f3ptimo.<\/p>\n<p>El choque s\u00f3lo tuvo una direcci\u00f3n pr\u00e1cticamente en la primera media hora. El mediocampo &#8216;rossonero&#8217; devor\u00f3 al colchonero, perdido en el trepidante ritmo local e incapaz de encontrar aire para frenar un partido que se le puso en contra en el minuto 20. Justo despu\u00e9s de que Oblak le sacase un mano a mano a Rebic, Brahim encontr\u00f3 un bal\u00f3n suelto en el \u00e1rea y sin demasiada presi\u00f3n, se lo cedi\u00f3 a Rafael Leao, tampoco incomodado por nadie y cuyo potente disparo super\u00f3 al portero esloveno.<\/p>\n<p>El equipo de Diego Pablo Simeone acus\u00f3 este golpe, pero encontr\u00f3 aire gracias a la impetuosidad de Kessi\u00e9. El marfile\u00f1o ten\u00eda ya una amarilla y lleg\u00f3 tarde en su presi\u00f3n a Llorente minutos despu\u00e9s para que a Cakir no le temblase el pulso y le enviase a vestuarios. El ritmo italiano baj\u00f3, y aunque el Atl\u00e9tico no consigui\u00f3 tampoco dominar con claridad, pudo asomarse algo m\u00e1s a la porter\u00eda de Maignan. Ya con Joao Felix en el campo por la lesi\u00f3n de Trippier, Luis Su\u00e1rez roz\u00f3 el empate al filo del descanso.<\/p>\n<h2>GRIEZMANN Y SU\u00c1REZ SENTENCIAN<\/h2>\n<p>El Atl\u00e9tico, con Lodi y De Paul en el campo por Hermosos y Carrasco, aprovech\u00f3 tras el descanso que a su rival le empezaba a pesar el esfuerzo del primer acto y daba un paso atr\u00e1s, para controlar mejor el choque y amenazar ahora s\u00ed con el empate.<\/p>\n<p>Luis Su\u00e1rez, en posici\u00f3n franca, no acert\u00f3 con su cabezazo en la mejor opci\u00f3n visitante del partido, y Joao Felix estrell\u00f3 su remate tambi\u00e9n claro en el cuerpo de un defensa. Al uruguayo y al portugu\u00e9s ya les acompa\u00f1aba en el campo Griezmann, apuesta decidida del &#8216;Cholo&#8217; de ir a por el partido sin esperar m\u00e1s, mientras que Pioli quitaba a sus dos bazas ofensivas, Brahim y Leao, por el veterano Giroud y Tour\u00e9 para intentar tener m\u00e1s frescura.<\/p>\n<p>Los &#8216;rossoneri&#8217; estaban privados de la pelota y ahora la \u00fanica direcci\u00f3n del encuentro era el \u00e1rea de Maignan, aunque el portero local s\u00f3lo era espectador del agobio que iba en aumento con el paso de los minutos. A\u00fan as\u00ed, tuvo que meter una mano a potente disparo desde fuera del \u00e1rea de Lemar, \u00fanica acci\u00f3n peligrosa en esos minutos de los visitantes ante un disciplinado Milan en su trabajo defensivo.<\/p>\n<p>Al final, el campe\u00f3n de LaLiga Santander encontr\u00f3 premio a su asedio con el ansiado tanto de Griezmann, a\u00fan con tiempo para buscar una nueva remontada ante un rival ya buscando ara\u00f1ar el empate pese a dos disparos amenazantes de Florenzi. Joao Felix tuvo una buena opci\u00f3n, pero fue, de nuevo, en el descuento, cuando encontr\u00f3 un triunfo vital con el fin de la maldici\u00f3n de Su\u00e1rez a domicilio.<\/p>\n<h2>FICHA T\u00c9CNICA.<\/h2>\n<p>RESULTADO: AC MILAN, 1 &#8211; ATL\u00c9TICO DE MADRID, 2 (0-1, al descanso).<\/p>\n<p>ALINEACIONES.<\/p>\n<p>AC MILAN: Maignan; Calabria, Romagnoli, Tomori, Theo Hernandez; Saelemaekers (Kalulu, min.81), Bennacer (Florenzi, min.81), Kessi\u00e9; Brahim (Tour\u00e9, min.57), Rebic (Tonali, min.34) y Rafael Leao (Giroud, min.57).<\/p>\n<p>ATL\u00c9TICO DE MADRID: Oblak; Trippier (Joao Felix, min.40), Gim\u00e9nez, Felipe, Hermoso (Lodi, min.46); Llorente, Koke (Griezmann, min.61), Kondogbia (Lemar, min.64), Carrasco (De Paul, min.46); Correa y Luis Su\u00e1rez.<\/p>\n<p>GOLES.<\/p>\n<p>1-0, minuto 20. Rafael Leao.<\/p>\n<p>1-1, minuto 84. Griezmann.<\/p>\n<p>1-2, minuto 97. Luis Su\u00e1rez, de penalti.<\/p>\n<p>\u00c1RBITRO: C\u00fcneyt \u00c7akir (TUR). Amonest\u00f3 a Rebic (min.29), Theo Hernandez (min.69), Saelemakers (min.79), Maignan (min.96), por el Milan, y a Kondogbia (min.60), por el Atl\u00e9tico. Expuls\u00f3 a Kessi\u00e9 por doble amonestaci\u00f3n en el minuto 29.<\/p>\n<p>ESTADIO: San Siro.<\/p>\n","protected":false},"excerpt":{"rendered":"<p>(EP) &#8211; El Atl\u00e9tico de Madrid sum\u00f3 tres puntos importantes en la Liga de Campeones tras imponerse este martes con mucho sufrimiento por 1-2 en su visita al AC Milan, gracias a los goles en el tramo final de Antoine Griezmann y Luis Su\u00e1rez, de penalti, y despu\u00e9s de jugar m\u00e1s de una hora con<\/p>\n","protected":false},"author":1,"featured_media":158564,"comment_status":"closed","ping_status":"closed","sticky":false,"template":"","format":"standard","meta":{"footnotes":""},"categories":[319],"tags":[387],"class_list":{"0":"post-158563","1":"post","2":"type-post","3":"status-publish","4":"format-standard","5":"has-post-thumbnail","7":"category-deporte","8":"tag-deporte"},"aioseo_notices":[],"aioseo_head":"\n\t\t<!-- All in One SEO Pro 4.9.6.2 - aioseo.com -->\n\t<meta name=\"description\" content=\"El Atl\u00e9tico de Madrid sum\u00f3 tres puntos importantes en la Liga de Campeones tras imponerse este martes con mucho sufrimiento\" \/>\n\t<meta name=\"robots\" content=\"max-image-preview:large\" \/>\n\t<meta name=\"author\" content=\"Cand\u00e1s 365\"\/>\n\t<meta name=\"google-site-verification\" content=\"UA-32230408-1\" \/>\n\t<meta name=\"msvalidate.01\" content=\"354F3CDFB2DA171B47FBE9ABF1F88D5\" \/>\n\t<meta name=\"keywords\" content=\"deporte\" \/>\n\t<link rel=\"canonical\" href=\"https:\/\/candas365.es\/noticias\/liga-de-campeones-el-atletico-suma-tres-puntos-de-oro-en-milan\/\" \/>\n\t<meta name=\"generator\" content=\"All in One SEO Pro (AIOSEO) 4.9.6.2\" \/>\n\t\t<meta property=\"og:locale\" content=\"es_ES\" \/>\n\t\t<meta property=\"og:site_name\" content=\"Cand\u00e1s 365\" \/>\n\t\t<meta property=\"og:type\" content=\"article\" \/>\n\t\t<meta property=\"og:title\" content=\"Liga de Campeones: El Atl\u00e9tico suma tres puntos de oro en Mil\u00e1n | Cand\u00e1s 365\" \/>\n\t\t<meta property=\"og:description\" content=\"El Atl\u00e9tico de Madrid sum\u00f3 tres puntos importantes en la Liga de Campeones tras imponerse este martes con mucho sufrimiento\" \/>\n\t\t<meta property=\"og:url\" content=\"https:\/\/candas365.es\/noticias\/liga-de-campeones-el-atletico-suma-tres-puntos-de-oro-en-milan\/\" \/>\n\t\t<meta property=\"og:image\" content=\"https:\/\/candas365.es\/noticias\/wp-content\/uploads\/2021\/09\/Marcos-Llorente.jpg\" \/>\n\t\t<meta property=\"og:image:secure_url\" content=\"https:\/\/candas365.es\/noticias\/wp-content\/uploads\/2021\/09\/Marcos-Llorente.jpg\" \/>\n\t\t<meta property=\"og:image:width\" content=\"911\" \/>\n\t\t<meta property=\"og:image:height\" content=\"663\" \/>\n\t\t<meta property=\"article:published_time\" content=\"2021-09-30T11:24:04+00:00\" \/>\n\t\t<meta property=\"article:modified_time\" content=\"2021-09-30T11:24:04+00:00\" \/>\n\t\t<meta property=\"article:publisher\" content=\"https:\/\/www.facebook.com\/Nachofdezber\" \/>\n\t\t<meta property=\"article:author\" content=\"https:\/\/www.facebook.com\/carrenoactualidad\" \/>\n\t\t<meta name=\"twitter:card\" content=\"summary_large_image\" \/>\n\t\t<meta name=\"twitter:site\" content=\"@NabercoDigital\" \/>\n\t\t<meta name=\"twitter:title\" content=\"Liga de Campeones: El Atl\u00e9tico suma tres puntos de oro en Mil\u00e1n | Cand\u00e1s 365\" \/>\n\t\t<meta name=\"twitter:description\" content=\"El Atl\u00e9tico de Madrid sum\u00f3 tres puntos importantes en la Liga de Campeones tras imponerse este martes con mucho sufrimiento\" \/>\n\t\t<meta name=\"twitter:creator\" content=\"@nbasturias\" \/>\n\t\t<meta name=\"twitter:image\" content=\"https:\/\/candas365.es\/noticias\/wp-content\/uploads\/2021\/09\/Marcos-Llorente.jpg\" \/>\n\t\t<meta name=\"twitter:label1\" content=\"Escrito por\" \/>\n\t\t<meta name=\"twitter:data1\" content=\"Cand\u00e1s 365\" \/>\n\t\t<meta name=\"twitter:label2\" content=\"Tiempo de lectura estimado\" \/>\n\t\t<meta name=\"twitter:data2\" content=\"5 minutos\" \/>\n\t\t<script type=\"application\/ld+json\" class=\"aioseo-schema\">\n\t\t\t{\"@context\":\"https:\\\/\\\/schema.org\",\"@graph\":[{\"@type\":\"BreadcrumbList\",\"@id\":\"https:\\\/\\\/candas365.es\\\/noticias\\\/liga-de-campeones-el-atletico-suma-tres-puntos-de-oro-en-milan\\\/#breadcrumblist\",\"itemListElement\":[{\"@type\":\"ListItem\",\"@id\":\"https:\\\/\\\/candas365.es\\\/noticias#listItem\",\"position\":1,\"name\":\"Home\",\"item\":\"https:\\\/\\\/candas365.es\\\/noticias\",\"nextItem\":{\"@type\":\"ListItem\",\"@id\":\"https:\\\/\\\/candas365.es\\\/noticias\\\/category\\\/deporte\\\/#listItem\",\"name\":\"Deporte\"}},{\"@type\":\"ListItem\",\"@id\":\"https:\\\/\\\/candas365.es\\\/noticias\\\/category\\\/deporte\\\/#listItem\",\"position\":2,\"name\":\"Deporte\",\"item\":\"https:\\\/\\\/candas365.es\\\/noticias\\\/category\\\/deporte\\\/\",\"nextItem\":{\"@type\":\"ListItem\",\"@id\":\"https:\\\/\\\/candas365.es\\\/noticias\\\/liga-de-campeones-el-atletico-suma-tres-puntos-de-oro-en-milan\\\/#listItem\",\"name\":\"Liga de Campeones: El Atl\\u00e9tico suma tres puntos de oro en Mil\\u00e1n\"},\"previousItem\":{\"@type\":\"ListItem\",\"@id\":\"https:\\\/\\\/candas365.es\\\/noticias#listItem\",\"name\":\"Home\"}},{\"@type\":\"ListItem\",\"@id\":\"https:\\\/\\\/candas365.es\\\/noticias\\\/liga-de-campeones-el-atletico-suma-tres-puntos-de-oro-en-milan\\\/#listItem\",\"position\":3,\"name\":\"Liga de Campeones: El Atl\\u00e9tico suma tres puntos de oro en Mil\\u00e1n\",\"previousItem\":{\"@type\":\"ListItem\",\"@id\":\"https:\\\/\\\/candas365.es\\\/noticias\\\/category\\\/deporte\\\/#listItem\",\"name\":\"Deporte\"}}]},{\"@type\":\"NewsArticle\",\"@id\":\"https:\\\/\\\/candas365.es\\\/noticias\\\/liga-de-campeones-el-atletico-suma-tres-puntos-de-oro-en-milan\\\/#newsarticle\",\"name\":\"Liga de Campeones: El Atl\\u00e9tico suma tres puntos de oro en Mil\\u00e1n | Cand\\u00e1s 365\",\"headline\":\"Liga de Campeones: El Atl\\u00e9tico suma tres puntos de oro en Mil\\u00e1n\",\"author\":{\"@id\":\"https:\\\/\\\/candas365.es\\\/noticias\\\/author\\\/admin\\\/#author\"},\"publisher\":{\"@id\":\"https:\\\/\\\/candas365.es\\\/noticias\\\/#organization\"},\"image\":{\"@type\":\"ImageObject\",\"url\":\"https:\\\/\\\/candas365.es\\\/noticias\\\/wp-content\\\/uploads\\\/2021\\\/09\\\/Marcos-Llorente.jpg\",\"width\":911,\"height\":663,\"caption\":\"FOTO: ATL\\u00c9TICO DE MADRID \\\/ Europa Press\"},\"datePublished\":\"2021-09-30T11:24:04+02:00\",\"dateModified\":\"2021-09-30T11:24:04+02:00\",\"inLanguage\":\"es-ES\",\"mainEntityOfPage\":{\"@id\":\"https:\\\/\\\/candas365.es\\\/noticias\\\/liga-de-campeones-el-atletico-suma-tres-puntos-de-oro-en-milan\\\/#webpage\"},\"isPartOf\":{\"@id\":\"https:\\\/\\\/candas365.es\\\/noticias\\\/liga-de-campeones-el-atletico-suma-tres-puntos-de-oro-en-milan\\\/#webpage\"},\"articleSection\":\"Deporte, deporte\",\"dateline\":\"Publicado el septiembre 30, 2021.\"},{\"@type\":\"Organization\",\"@id\":\"https:\\\/\\\/candas365.es\\\/noticias\\\/#organization\",\"name\":\"Cand\\u00e1s 365\",\"description\":\"Cand\\u00e1s 365 es un diario digital independiente, fundado en 2012, con base en Asturias. Informamos con rigor sobre actualidad, sociedad, cultura y ocio, con una mirada local y global.\",\"url\":\"https:\\\/\\\/candas365.es\\\/noticias\\\/\",\"email\":\"info@candas365.es\",\"telephone\":\"+34652131393\",\"foundingDate\":\"2012-06-10\",\"logo\":{\"@type\":\"ImageObject\",\"url\":\"https:\\\/\\\/candas365.es\\\/noticias\\\/wp-content\\\/uploads\\\/2024\\\/09\\\/Candas-365-Redes.jpg\",\"@id\":\"https:\\\/\\\/candas365.es\\\/noticias\\\/liga-de-campeones-el-atletico-suma-tres-puntos-de-oro-en-milan\\\/#organizationLogo\",\"width\":1152,\"height\":864,\"caption\":\"Cand\\u00e1s 365 Redes\"},\"image\":{\"@id\":\"https:\\\/\\\/candas365.es\\\/noticias\\\/liga-de-campeones-el-atletico-suma-tres-puntos-de-oro-en-milan\\\/#organizationLogo\"},\"sameAs\":[\"https:\\\/\\\/www.facebook.com\\\/Nachofdezber\",\"https:\\\/\\\/x.com\\\/NabercoDigital\",\"https:\\\/\\\/www.instagram.com\\\/nachofdezber\\\/\",\"https:\\\/\\\/www.youtube.com\\\/channel\\\/UCZP-2wLEB9Rv6erhFmqVnvg\"],\"address\":{\"@id\":\"https:\\\/\\\/candas365.es\\\/noticias\\\/#postaladdress\",\"@type\":\"PostalAddress\",\"streetAddress\":\"san antonio 4, san antonio 4\",\"postalCode\":\"33430\",\"addressLocality\":\"Cand\\u00e1s\",\"addressRegion\":\"Asturias\",\"addressCountry\":\"ES\"}},{\"@type\":\"Person\",\"@id\":\"https:\\\/\\\/candas365.es\\\/noticias\\\/author\\\/admin\\\/#author\",\"url\":\"https:\\\/\\\/candas365.es\\\/noticias\\\/author\\\/admin\\\/\",\"name\":\"Cand\\u00e1s 365\",\"image\":{\"@type\":\"ImageObject\",\"@id\":\"https:\\\/\\\/candas365.es\\\/noticias\\\/liga-de-campeones-el-atletico-suma-tres-puntos-de-oro-en-milan\\\/#authorImage\",\"url\":\"https:\\\/\\\/secure.gravatar.com\\\/avatar\\\/496a8e03d0c493ede1718b7934145dbdf8d89be1036b0eec9544e1094c9de390?s=96&d=mm&r=g\",\"width\":96,\"height\":96,\"caption\":\"Cand\\u00e1s 365\"},\"sameAs\":[\"https:\\\/\\\/www.facebook.com\\\/carrenoactualidad\",\"https:\\\/\\\/twitter.com\\\/nbasturias\",\"https:\\\/\\\/www.instagram.com\\\/nachofdezber\\\/\",\"https:\\\/\\\/www.youtube.com\\\/channel\\\/UCZP-2wLEB9Rv6erhFmqVnvg\"]},{\"@type\":\"WebPage\",\"@id\":\"https:\\\/\\\/candas365.es\\\/noticias\\\/liga-de-campeones-el-atletico-suma-tres-puntos-de-oro-en-milan\\\/#webpage\",\"url\":\"https:\\\/\\\/candas365.es\\\/noticias\\\/liga-de-campeones-el-atletico-suma-tres-puntos-de-oro-en-milan\\\/\",\"name\":\"Liga de Campeones: El Atl\\u00e9tico suma tres puntos de oro en Mil\\u00e1n | Cand\\u00e1s 365\",\"description\":\"El Atl\\u00e9tico de Madrid sum\\u00f3 tres puntos importantes en la Liga de Campeones tras imponerse este martes con mucho sufrimiento\",\"inLanguage\":\"es-ES\",\"isPartOf\":{\"@id\":\"https:\\\/\\\/candas365.es\\\/noticias\\\/#website\"},\"breadcrumb\":{\"@id\":\"https:\\\/\\\/candas365.es\\\/noticias\\\/liga-de-campeones-el-atletico-suma-tres-puntos-de-oro-en-milan\\\/#breadcrumblist\"},\"author\":{\"@id\":\"https:\\\/\\\/candas365.es\\\/noticias\\\/author\\\/admin\\\/#author\"},\"creator\":{\"@id\":\"https:\\\/\\\/candas365.es\\\/noticias\\\/author\\\/admin\\\/#author\"},\"image\":{\"@type\":\"ImageObject\",\"url\":\"https:\\\/\\\/candas365.es\\\/noticias\\\/wp-content\\\/uploads\\\/2021\\\/09\\\/Marcos-Llorente.jpg\",\"@id\":\"https:\\\/\\\/candas365.es\\\/noticias\\\/liga-de-campeones-el-atletico-suma-tres-puntos-de-oro-en-milan\\\/#mainImage\",\"width\":911,\"height\":663,\"caption\":\"FOTO: ATL\\u00c9TICO DE MADRID \\\/ Europa Press\"},\"primaryImageOfPage\":{\"@id\":\"https:\\\/\\\/candas365.es\\\/noticias\\\/liga-de-campeones-el-atletico-suma-tres-puntos-de-oro-en-milan\\\/#mainImage\"},\"datePublished\":\"2021-09-30T11:24:04+02:00\",\"dateModified\":\"2021-09-30T11:24:04+02:00\"},{\"@type\":\"WebSite\",\"@id\":\"https:\\\/\\\/candas365.es\\\/noticias\\\/#website\",\"url\":\"https:\\\/\\\/candas365.es\\\/noticias\\\/\",\"name\":\"Cand\\u00e1s 365\",\"alternateName\":\"Cand\\u00e1s 365 Noticias\",\"description\":\"Actualidad desde Carre\\u00f1o para el mundo\",\"inLanguage\":\"es-ES\",\"publisher\":{\"@id\":\"https:\\\/\\\/candas365.es\\\/noticias\\\/#organization\"}}]}\n\t\t<\/script>\n\t\t<!-- All in One SEO Pro -->\r\n\t\t<title>Liga de Campeones: El Atl\u00e9tico suma tres puntos de oro en Mil\u00e1n | Cand\u00e1s 365<\/title>\n\n","aioseo_head_json":{"title":"Liga de Campeones: El Atl\u00e9tico suma tres puntos de oro en Mil\u00e1n | Cand\u00e1s 365","description":"El Atl\u00e9tico de Madrid sum\u00f3 tres puntos importantes en la Liga de Campeones tras imponerse este martes con mucho sufrimiento","canonical_url":"https:\/\/candas365.es\/noticias\/liga-de-campeones-el-atletico-suma-tres-puntos-de-oro-en-milan\/","robots":"max-image-preview:large","keywords":"deporte","webmasterTools":{"google-site-verification":"UA-32230408-1","msvalidate.01":"354F3CDFB2DA171B47FBE9ABF1F88D5","miscellaneous":""},"schema":{"@context":"https:\/\/schema.org","@graph":[{"@type":"BreadcrumbList","@id":"https:\/\/candas365.es\/noticias\/liga-de-campeones-el-atletico-suma-tres-puntos-de-oro-en-milan\/#breadcrumblist","itemListElement":[{"@type":"ListItem","@id":"https:\/\/candas365.es\/noticias#listItem","position":1,"name":"Home","item":"https:\/\/candas365.es\/noticias","nextItem":{"@type":"ListItem","@id":"https:\/\/candas365.es\/noticias\/category\/deporte\/#listItem","name":"Deporte"}},{"@type":"ListItem","@id":"https:\/\/candas365.es\/noticias\/category\/deporte\/#listItem","position":2,"name":"Deporte","item":"https:\/\/candas365.es\/noticias\/category\/deporte\/","nextItem":{"@type":"ListItem","@id":"https:\/\/candas365.es\/noticias\/liga-de-campeones-el-atletico-suma-tres-puntos-de-oro-en-milan\/#listItem","name":"Liga de Campeones: El Atl\u00e9tico suma tres puntos de oro en Mil\u00e1n"},"previousItem":{"@type":"ListItem","@id":"https:\/\/candas365.es\/noticias#listItem","name":"Home"}},{"@type":"ListItem","@id":"https:\/\/candas365.es\/noticias\/liga-de-campeones-el-atletico-suma-tres-puntos-de-oro-en-milan\/#listItem","position":3,"name":"Liga de Campeones: El Atl\u00e9tico suma tres puntos de oro en Mil\u00e1n","previousItem":{"@type":"ListItem","@id":"https:\/\/candas365.es\/noticias\/category\/deporte\/#listItem","name":"Deporte"}}]},{"@type":"NewsArticle","@id":"https:\/\/candas365.es\/noticias\/liga-de-campeones-el-atletico-suma-tres-puntos-de-oro-en-milan\/#newsarticle","name":"Liga de Campeones: El Atl\u00e9tico suma tres puntos de oro en Mil\u00e1n | Cand\u00e1s 365","headline":"Liga de Campeones: El Atl\u00e9tico suma tres puntos de oro en Mil\u00e1n","author":{"@id":"https:\/\/candas365.es\/noticias\/author\/admin\/#author"},"publisher":{"@id":"https:\/\/candas365.es\/noticias\/#organization"},"image":{"@type":"ImageObject","url":"https:\/\/candas365.es\/noticias\/wp-content\/uploads\/2021\/09\/Marcos-Llorente.jpg","width":911,"height":663,"caption":"FOTO: ATL\u00c9TICO DE MADRID \/ Europa Press"},"datePublished":"2021-09-30T11:24:04+02:00","dateModified":"2021-09-30T11:24:04+02:00","inLanguage":"es-ES","mainEntityOfPage":{"@id":"https:\/\/candas365.es\/noticias\/liga-de-campeones-el-atletico-suma-tres-puntos-de-oro-en-milan\/#webpage"},"isPartOf":{"@id":"https:\/\/candas365.es\/noticias\/liga-de-campeones-el-atletico-suma-tres-puntos-de-oro-en-milan\/#webpage"},"articleSection":"Deporte, deporte","dateline":"Publicado el septiembre 30, 2021."},{"@type":"Organization","@id":"https:\/\/candas365.es\/noticias\/#organization","name":"Cand\u00e1s 365","description":"Cand\u00e1s 365 es un diario digital independiente, fundado en 2012, con base en Asturias. Informamos con rigor sobre actualidad, sociedad, cultura y ocio, con una mirada local y global.","url":"https:\/\/candas365.es\/noticias\/","email":"info@candas365.es","telephone":"+34652131393","foundingDate":"2012-06-10","logo":{"@type":"ImageObject","url":"https:\/\/candas365.es\/noticias\/wp-content\/uploads\/2024\/09\/Candas-365-Redes.jpg","@id":"https:\/\/candas365.es\/noticias\/liga-de-campeones-el-atletico-suma-tres-puntos-de-oro-en-milan\/#organizationLogo","width":1152,"height":864,"caption":"Cand\u00e1s 365 Redes"},"image":{"@id":"https:\/\/candas365.es\/noticias\/liga-de-campeones-el-atletico-suma-tres-puntos-de-oro-en-milan\/#organizationLogo"},"sameAs":["https:\/\/www.facebook.com\/Nachofdezber","https:\/\/x.com\/NabercoDigital","https:\/\/www.instagram.com\/nachofdezber\/","https:\/\/www.youtube.com\/channel\/UCZP-2wLEB9Rv6erhFmqVnvg"],"address":{"@id":"https:\/\/candas365.es\/noticias\/#postaladdress","@type":"PostalAddress","streetAddress":"san antonio 4, san antonio 4","postalCode":"33430","addressLocality":"Cand\u00e1s","addressRegion":"Asturias","addressCountry":"ES"}},{"@type":"Person","@id":"https:\/\/candas365.es\/noticias\/author\/admin\/#author","url":"https:\/\/candas365.es\/noticias\/author\/admin\/","name":"Cand\u00e1s 365","image":{"@type":"ImageObject","@id":"https:\/\/candas365.es\/noticias\/liga-de-campeones-el-atletico-suma-tres-puntos-de-oro-en-milan\/#authorImage","url":"https:\/\/secure.gravatar.com\/avatar\/496a8e03d0c493ede1718b7934145dbdf8d89be1036b0eec9544e1094c9de390?s=96&d=mm&r=g","width":96,"height":96,"caption":"Cand\u00e1s 365"},"sameAs":["https:\/\/www.facebook.com\/carrenoactualidad","https:\/\/twitter.com\/nbasturias","https:\/\/www.instagram.com\/nachofdezber\/","https:\/\/www.youtube.com\/channel\/UCZP-2wLEB9Rv6erhFmqVnvg"]},{"@type":"WebPage","@id":"https:\/\/candas365.es\/noticias\/liga-de-campeones-el-atletico-suma-tres-puntos-de-oro-en-milan\/#webpage","url":"https:\/\/candas365.es\/noticias\/liga-de-campeones-el-atletico-suma-tres-puntos-de-oro-en-milan\/","name":"Liga de Campeones: El Atl\u00e9tico suma tres puntos de oro en Mil\u00e1n | Cand\u00e1s 365","description":"El Atl\u00e9tico de Madrid sum\u00f3 tres puntos importantes en la Liga de Campeones tras imponerse este martes con mucho sufrimiento","inLanguage":"es-ES","isPartOf":{"@id":"https:\/\/candas365.es\/noticias\/#website"},"breadcrumb":{"@id":"https:\/\/candas365.es\/noticias\/liga-de-campeones-el-atletico-suma-tres-puntos-de-oro-en-milan\/#breadcrumblist"},"author":{"@id":"https:\/\/candas365.es\/noticias\/author\/admin\/#author"},"creator":{"@id":"https:\/\/candas365.es\/noticias\/author\/admin\/#author"},"image":{"@type":"ImageObject","url":"https:\/\/candas365.es\/noticias\/wp-content\/uploads\/2021\/09\/Marcos-Llorente.jpg","@id":"https:\/\/candas365.es\/noticias\/liga-de-campeones-el-atletico-suma-tres-puntos-de-oro-en-milan\/#mainImage","width":911,"height":663,"caption":"FOTO: ATL\u00c9TICO DE MADRID \/ Europa Press"},"primaryImageOfPage":{"@id":"https:\/\/candas365.es\/noticias\/liga-de-campeones-el-atletico-suma-tres-puntos-de-oro-en-milan\/#mainImage"},"datePublished":"2021-09-30T11:24:04+02:00","dateModified":"2021-09-30T11:24:04+02:00"},{"@type":"WebSite","@id":"https:\/\/candas365.es\/noticias\/#website","url":"https:\/\/candas365.es\/noticias\/","name":"Cand\u00e1s 365","alternateName":"Cand\u00e1s 365 Noticias","description":"Actualidad desde Carre\u00f1o para el mundo","inLanguage":"es-ES","publisher":{"@id":"https:\/\/candas365.es\/noticias\/#organization"}}]},"og:locale":"es_ES","og:site_name":"Cand\u00e1s 365","og:type":"article","og:title":"Liga de Campeones: El Atl\u00e9tico suma tres puntos de oro en Mil\u00e1n | Cand\u00e1s 365","og:description":"El Atl\u00e9tico de Madrid sum\u00f3 tres puntos importantes en la Liga de Campeones tras imponerse este martes con mucho sufrimiento","og:url":"https:\/\/candas365.es\/noticias\/liga-de-campeones-el-atletico-suma-tres-puntos-de-oro-en-milan\/","og:image":"https:\/\/candas365.es\/noticias\/wp-content\/uploads\/2021\/09\/Marcos-Llorente.jpg","og:image:secure_url":"https:\/\/candas365.es\/noticias\/wp-content\/uploads\/2021\/09\/Marcos-Llorente.jpg","og:image:width":911,"og:image:height":663,"article:published_time":"2021-09-30T11:24:04+00:00","article:modified_time":"2021-09-30T11:24:04+00:00","article:publisher":"https:\/\/www.facebook.com\/Nachofdezber","article:author":"https:\/\/www.facebook.com\/carrenoactualidad","twitter:card":"summary_large_image","twitter:site":"@NabercoDigital","twitter:title":"Liga de Campeones: El Atl\u00e9tico suma tres puntos de oro en Mil\u00e1n | Cand\u00e1s 365","twitter:description":"El Atl\u00e9tico de Madrid sum\u00f3 tres puntos importantes en la Liga de Campeones tras imponerse este martes con mucho sufrimiento","twitter:creator":"@nbasturias","twitter:image":"https:\/\/candas365.es\/noticias\/wp-content\/uploads\/2021\/09\/Marcos-Llorente.jpg","twitter:label1":"Escrito por","twitter:data1":"Cand\u00e1s 365","twitter:label2":"Tiempo de lectura estimado","twitter:data2":"5 minutos"},"aioseo_meta_data":{"post_id":"158563","title":null,"description":"El Atl\u00e9tico de Madrid sum\u00f3 tres puntos importantes en la Liga de Campeones tras imponerse este martes con mucho sufrimiento","keywords":[],"keyphrases":{"focus":{"keyphrase":"Atl\u00e9tico","score":78,"analysis":{"keyphraseInTitle":{"title":"Focus Keyphrase in SEO title","description":"Focus Keyphrase found in SEO title.","score":9,"maxScore":9,"error":0},"keyphraseInDescription":{"title":"Focus keyphrase in meta description","description":"Focus keyphrase found in meta description.","score":9,"maxScore":9,"error":0},"keyphraseInURL":[],"keyphraseLength":{"title":"Focus keyphrase length","description":"Good job!","score":9,"maxScore":9,"error":0,"length":1},"keyphraseInIntroduction":{"title":"Focus keyphrase in introduction","description":"Your Focus keyphrase appears in the first paragraph. Well done!","score":9,"maxScore":9,"error":0},"keyphraseInSubHeadings":{"title":"Focus Keyphrase in Subheadings","description":"Use your focus keyphrase more in your H2 and H3 subheadings.","score":3,"maxScore":9,"error":1},"keyphraseInImageAlt":{"title":"Focus keyphrase in image alt attributes","description":"Focus keyphrase not found in image alt attribute(s). Add an image with your Focus keyphrase as alt text.","score":3,"maxScore":9,"error":1}}},"additional":[{"keyphrase":"Liga de Campeones","score":83,"analysis":{"keyphraseInDescription":{"title":"Keyphrase in meta description","description":"Keyphrase found in meta description.","score":9,"maxScore":9,"error":0},"keyphraseLength":{"title":"Keyphrase length","description":"Good job!","score":9,"maxScore":9,"error":0,"length":3},"keyphraseInIntroduction":{"title":"Keyphrase in introduction","description":"Your Keyphrase appears in the first paragraph. Well done!","score":9,"maxScore":9,"error":0},"keyphraseInImageAlt":{"title":"Keyphrase in image alt attributes","description":"Keyphrase not found in image alt attribute(s). Add an image with your Keyphrase as alt text.","score":3,"maxScore":9,"error":1}}}]},"primary_term":null,"canonical_url":null,"og_title":null,"og_description":null,"og_object_type":"default","og_image_type":"default","og_image_url":null,"og_image_width":null,"og_image_height":null,"og_image_custom_url":null,"og_image_custom_fields":null,"og_video":"","og_custom_url":null,"og_article_section":null,"og_article_tags":[],"twitter_use_og":false,"twitter_card":"default","twitter_image_type":"default","twitter_image_url":null,"twitter_image_custom_url":null,"twitter_image_custom_fields":null,"twitter_title":null,"twitter_description":null,"schema":{"blockGraphs":[],"customGraphs":[],"default":{"data":{"Article":[],"Course":[],"Dataset":[],"FAQPage":[],"Movie":[],"Person":[],"Product":[],"ProductReview":[],"Car":[],"Recipe":[],"Service":[],"SoftwareApplication":[],"WebPage":[]},"graphName":"","isEnabled":true},"graphs":[]},"schema_type":"default","schema_type_options":"{\"article\":{\"articleType\":\"BlogPosting\"},\"course\":{\"name\":\"\",\"description\":\"\",\"provider\":\"\"},\"faq\":{\"pages\":[]},\"product\":{\"reviews\":[]},\"recipe\":{\"ingredients\":[],\"instructions\":[],\"keywords\":[]},\"software\":{\"reviews\":[],\"operatingSystems\":[]},\"webPage\":{\"webPageType\":\"WebPage\"}}","pillar_content":false,"robots_default":true,"robots_noindex":false,"robots_noarchive":false,"robots_nosnippet":false,"robots_nofollow":false,"robots_noimageindex":false,"robots_noodp":false,"robots_notranslate":false,"robots_max_snippet":"-1","robots_max_videopreview":"-1","robots_max_imagepreview":"large","priority":null,"frequency":"default","location":null,"local_seo":null,"seo_analyzer_scan_date":"2025-09-01 02:43:21","breadcrumb_settings":null,"limit_modified_date":false,"reviewed_by":null,"open_ai":null,"ai":null,"created":"2021-09-30 11:09:01","updated":"2025-09-01 02:43:21"},"aioseo_breadcrumb":"<div class=\"aioseo-breadcrumbs\"><span class=\"aioseo-breadcrumb\">\n\t<a href=\"https:\/\/candas365.es\/noticias\" title=\"Home\">Home<\/a>\n<\/span><span class=\"aioseo-breadcrumb-separator\">&ndash;<\/span><span class=\"aioseo-breadcrumb\">\n\t<a href=\"https:\/\/candas365.es\/noticias\/category\/deporte\/\" title=\"Deporte\">Deporte<\/a>\n<\/span><span class=\"aioseo-breadcrumb-separator\">&ndash;<\/span><span class=\"aioseo-breadcrumb\">\n\tLiga de Campeones: El Atl\u00e9tico suma tres puntos de oro en Mil\u00e1n\n<\/span><\/div>","aioseo_breadcrumb_json":[{"label":"Home","link":"https:\/\/candas365.es\/noticias"},{"label":"Deporte","link":"https:\/\/candas365.es\/noticias\/category\/deporte\/"},{"label":"Liga de Campeones: El Atl\u00e9tico suma tres puntos de oro en Mil\u00e1n","link":"https:\/\/candas365.es\/noticias\/liga-de-campeones-el-atletico-suma-tres-puntos-de-oro-en-milan\/"}],"_links":{"self":[{"href":"https:\/\/candas365.es\/noticias\/wp-json\/wp\/v2\/posts\/158563","targetHints":{"allow":["GET"]}}],"collection":[{"href":"https:\/\/candas365.es\/noticias\/wp-json\/wp\/v2\/posts"}],"about":[{"href":"https:\/\/candas365.es\/noticias\/wp-json\/wp\/v2\/types\/post"}],"author":[{"embeddable":true,"href":"https:\/\/candas365.es\/noticias\/wp-json\/wp\/v2\/users\/1"}],"replies":[{"embeddable":true,"href":"https:\/\/candas365.es\/noticias\/wp-json\/wp\/v2\/comments?post=158563"}],"version-history":[{"count":0,"href":"https:\/\/candas365.es\/noticias\/wp-json\/wp\/v2\/posts\/158563\/revisions"}],"wp:featuredmedia":[{"embeddable":true,"href":"https:\/\/candas365.es\/noticias\/wp-json\/wp\/v2\/media\/158564"}],"wp:attachment":[{"href":"https:\/\/candas365.es\/noticias\/wp-json\/wp\/v2\/media?parent=158563"}],"wp:term":[{"taxonomy":"category","embeddable":true,"href":"https:\/\/candas365.es\/noticias\/wp-json\/wp\/v2\/categories?post=158563"},{"taxonomy":"post_tag","embeddable":true,"href":"https:\/\/candas365.es\/noticias\/wp-json\/wp\/v2\/tags?post=158563"}],"curies":[{"name":"wp","href":"https:\/\/api.w.org\/{rel}","templated":true}]}}