{"id":158541,"date":"2021-09-25T15:17:25","date_gmt":"2021-09-25T15:17:25","guid":{"rendered":"http:\/\/candas365.es\/noticias\/?p=158541"},"modified":"2021-09-25T15:17:44","modified_gmt":"2021-09-25T15:17:44","slug":"graciela-blanco-se-ha-reunido-con-la-alcaldesa-de-colunga","status":"publish","type":"post","link":"https:\/\/candas365.es\/noticias\/graciela-blanco-se-ha-reunido-con-la-alcaldesa-de-colunga\/","title":{"rendered":"Graciela Blanco se ha reunido con la alcaldesa de Colunga"},"content":{"rendered":"<p>La viceconsejera asturiana de Turismo, Graciela Blanco, se ha reunido con la alcaldesa de Colunga, Sandra Cuesta, para conocer las actuaciones incluidas en el proyecto que la Mancomunidad de la Sidra ha presentado a la convocatoria extraordinaria de <a href=\"https:\/\/www.eldigitaldeasturias.com\/noticias\/programas-de-sostenibilidad-turistica-en-destino-asturias-presenta-proyectos\/\" target=\"_blank\" rel=\"noopener\"><span style=\"color: #ff6600;\"><strong>Planes de Sostenibilidad Tur\u00edstica en Destino<\/strong><\/span><\/a>.<\/p>\n<p><img fetchpriority=\"high\" decoding=\"async\" class=\"aligncenter wp-image-158542 size-large\" src=\"https:\/\/candas365.es\/noticias\/wp-content\/uploads\/2021\/09\/Alcadesa-Colunga-650x463.jpg\" alt=\"Alcadesa Colunga\" width=\"650\" height=\"463\" srcset=\"https:\/\/candas365.es\/noticias\/wp-content\/uploads\/2021\/09\/Alcadesa-Colunga-650x463.jpg 650w, https:\/\/candas365.es\/noticias\/wp-content\/uploads\/2021\/09\/Alcadesa-Colunga-360x257.jpg 360w, https:\/\/candas365.es\/noticias\/wp-content\/uploads\/2021\/09\/Alcadesa-Colunga-768x547.jpg 768w, https:\/\/candas365.es\/noticias\/wp-content\/uploads\/2021\/09\/Alcadesa-Colunga.jpg 982w\" sizes=\"(max-width: 650px) 100vw, 650px\" \/><\/p>\n<p><em>La viceconsejera ha explicado que Asturias opta con nueve proyectos al Plan Territorial de Turismo del Gobierno de Espa\u00f1a<\/em>.<\/p>\n<p>El Gobierno de Asturias ha presentado nueve proyectos, con una inversi\u00f3n de 4,4 millones, a la convocatoria extraordinaria de los programas de Sostenibilidad Tur\u00edstica en Destino impulsados por el Gobierno de Espa\u00f1a dentro del Plan de Competitividad y Modernizaci\u00f3n del Sector Tur\u00edstico 2021-2023. Estas iniciativas est\u00e1n concebidas para armonizar y cohesionar las actuaciones impulsadas por las entidades de \u00e1mbito local.<\/p>\n<p>La viceconsejera de Turismo, Graciela Blanco, ha explicado que las propuestas presentadas por su departamento \u201cbuscan dar cumplimiento a los objetivos definidos en la Estrategia Tur\u00edstica 2020-2030 del Principado de Asturias\u201d y su aprobaci\u00f3n representar\u00eda \u201cun gran paso para consolidar la reactivaci\u00f3n de nuestro turismo como un impulsor sostenible de la econom\u00eda y la sociedad\u201d.<\/p>\n<p>Estas iniciativas se centran en \u00e1mbitos como la digitalizaci\u00f3n, la gesti\u00f3n de la informaci\u00f3n tur\u00edstica, el desarrollo de acciones de impulso del producto tur\u00edstico, la consolidaci\u00f3n de sistemas de calidad y la puesta en marcha de acciones de formaci\u00f3n destinadas al sector.<\/p>\n<p>A estas actuaciones se suma el referido al Xacobeo 21-22, considerado como una prioridad estrat\u00e9gica para el plan estatal. Consta de seis acciones de cohesi\u00f3n en destino sobre el Camino de Santiago que buscan mejorar la accesibilidad y sostenibilidad de estas rutas, modernizar la gesti\u00f3n de sus infraestructuras y recursos, y aumentar la calidad de la experiencia tur\u00edstica en el camino. Estas seis acciones est\u00e1n destinadas a reforzar el posicionamiento de Asturias y de los caminos del norte dentro de los itinerarios del Camino de Santiago y cuentan con una dotaci\u00f3n que supera los cinco millones.<\/p>\n","protected":false},"excerpt":{"rendered":"<p>La viceconsejera asturiana de Turismo, Graciela Blanco, se ha reunido con la alcaldesa de Colunga, Sandra Cuesta, para conocer las actuaciones incluidas en el proyecto que la Mancomunidad de la Sidra ha presentado a la convocatoria extraordinaria de Planes de Sostenibilidad Tur\u00edstica en Destino. La viceconsejera ha explicado que Asturias opta con nueve proyectos al<\/p>\n","protected":false},"author":1,"featured_media":158542,"comment_status":"closed","ping_status":"closed","sticky":false,"template":"","format":"standard","meta":{"footnotes":""},"categories":[7],"tags":[380,437,412],"class_list":{"0":"post-158541","1":"post","2":"type-post","3":"status-publish","4":"format-standard","5":"has-post-thumbnail","7":"category-asturias","8":"tag-asturias","9":"tag-economia","10":"tag-turismo"},"aioseo_notices":[],"aioseo_head":"\n\t\t<!-- All in One SEO Pro 4.9.6.2 - aioseo.com -->\n\t<meta name=\"description\" content=\"La viceconsejera asturiana de Turismo, Graciela Blanco, se ha reunido con la alcaldesa de Colunga, Sandra Cuesta, para conocer las actuaciones incluidas\" \/>\n\t<meta name=\"robots\" content=\"max-image-preview:large\" \/>\n\t<meta name=\"author\" content=\"Cand\u00e1s 365\"\/>\n\t<meta name=\"google-site-verification\" content=\"UA-32230408-1\" \/>\n\t<meta name=\"msvalidate.01\" content=\"354F3CDFB2DA171B47FBE9ABF1F88D5\" \/>\n\t<meta name=\"keywords\" content=\"asturias\" \/>\n\t<link rel=\"canonical\" href=\"https:\/\/candas365.es\/noticias\/graciela-blanco-se-ha-reunido-con-la-alcaldesa-de-colunga\/\" \/>\n\t<meta name=\"generator\" content=\"All in One SEO Pro (AIOSEO) 4.9.6.2\" \/>\n\t\t<meta property=\"og:locale\" content=\"es_ES\" \/>\n\t\t<meta property=\"og:site_name\" content=\"Cand\u00e1s 365\" \/>\n\t\t<meta property=\"og:type\" content=\"article\" \/>\n\t\t<meta property=\"og:title\" content=\"Graciela Blanco se ha reunido con la alcaldesa de Colunga | Cand\u00e1s 365\" \/>\n\t\t<meta property=\"og:description\" content=\"La viceconsejera asturiana de Turismo, Graciela Blanco, se ha reunido con la alcaldesa de Colunga, Sandra Cuesta, para conocer las actuaciones incluidas\" \/>\n\t\t<meta property=\"og:url\" content=\"https:\/\/candas365.es\/noticias\/graciela-blanco-se-ha-reunido-con-la-alcaldesa-de-colunga\/\" \/>\n\t\t<meta property=\"og:image\" content=\"https:\/\/candas365.es\/noticias\/wp-content\/uploads\/2021\/09\/Alcadesa-Colunga.jpg\" \/>\n\t\t<meta property=\"og:image:secure_url\" content=\"https:\/\/candas365.es\/noticias\/wp-content\/uploads\/2021\/09\/Alcadesa-Colunga.jpg\" \/>\n\t\t<meta property=\"og:image:width\" content=\"982\" \/>\n\t\t<meta property=\"og:image:height\" content=\"700\" \/>\n\t\t<meta property=\"article:published_time\" content=\"2021-09-25T15:17:25+00:00\" \/>\n\t\t<meta property=\"article:modified_time\" content=\"2021-09-25T15:17:44+00:00\" \/>\n\t\t<meta property=\"article:publisher\" content=\"https:\/\/www.facebook.com\/Nachofdezber\" \/>\n\t\t<meta property=\"article:author\" content=\"https:\/\/www.facebook.com\/carrenoactualidad\" \/>\n\t\t<meta name=\"twitter:card\" content=\"summary_large_image\" \/>\n\t\t<meta name=\"twitter:site\" content=\"@NabercoDigital\" \/>\n\t\t<meta name=\"twitter:title\" content=\"Graciela Blanco se ha reunido con la alcaldesa de Colunga | Cand\u00e1s 365\" \/>\n\t\t<meta name=\"twitter:description\" content=\"La viceconsejera asturiana de Turismo, Graciela Blanco, se ha reunido con la alcaldesa de Colunga, Sandra Cuesta, para conocer las actuaciones incluidas\" \/>\n\t\t<meta name=\"twitter:creator\" content=\"@nbasturias\" \/>\n\t\t<meta name=\"twitter:image\" content=\"https:\/\/candas365.es\/noticias\/wp-content\/uploads\/2021\/09\/Alcadesa-Colunga.jpg\" \/>\n\t\t<meta name=\"twitter:label1\" content=\"Escrito por\" \/>\n\t\t<meta name=\"twitter:data1\" content=\"Cand\u00e1s 365\" \/>\n\t\t<meta name=\"twitter:label2\" content=\"Tiempo de lectura estimado\" \/>\n\t\t<meta name=\"twitter:data2\" content=\"2 minutos\" \/>\n\t\t<script type=\"application\/ld+json\" class=\"aioseo-schema\">\n\t\t\t{\"@context\":\"https:\\\/\\\/schema.org\",\"@graph\":[{\"@type\":\"BreadcrumbList\",\"@id\":\"https:\\\/\\\/candas365.es\\\/noticias\\\/graciela-blanco-se-ha-reunido-con-la-alcaldesa-de-colunga\\\/#breadcrumblist\",\"itemListElement\":[{\"@type\":\"ListItem\",\"@id\":\"https:\\\/\\\/candas365.es\\\/noticias#listItem\",\"position\":1,\"name\":\"Home\",\"item\":\"https:\\\/\\\/candas365.es\\\/noticias\",\"nextItem\":{\"@type\":\"ListItem\",\"@id\":\"https:\\\/\\\/candas365.es\\\/noticias\\\/category\\\/asturias\\\/#listItem\",\"name\":\"Asturias\"}},{\"@type\":\"ListItem\",\"@id\":\"https:\\\/\\\/candas365.es\\\/noticias\\\/category\\\/asturias\\\/#listItem\",\"position\":2,\"name\":\"Asturias\",\"item\":\"https:\\\/\\\/candas365.es\\\/noticias\\\/category\\\/asturias\\\/\",\"nextItem\":{\"@type\":\"ListItem\",\"@id\":\"https:\\\/\\\/candas365.es\\\/noticias\\\/graciela-blanco-se-ha-reunido-con-la-alcaldesa-de-colunga\\\/#listItem\",\"name\":\"Graciela Blanco se ha reunido con la alcaldesa de Colunga\"},\"previousItem\":{\"@type\":\"ListItem\",\"@id\":\"https:\\\/\\\/candas365.es\\\/noticias#listItem\",\"name\":\"Home\"}},{\"@type\":\"ListItem\",\"@id\":\"https:\\\/\\\/candas365.es\\\/noticias\\\/graciela-blanco-se-ha-reunido-con-la-alcaldesa-de-colunga\\\/#listItem\",\"position\":3,\"name\":\"Graciela Blanco se ha reunido con la alcaldesa de Colunga\",\"previousItem\":{\"@type\":\"ListItem\",\"@id\":\"https:\\\/\\\/candas365.es\\\/noticias\\\/category\\\/asturias\\\/#listItem\",\"name\":\"Asturias\"}}]},{\"@type\":\"NewsArticle\",\"@id\":\"https:\\\/\\\/candas365.es\\\/noticias\\\/graciela-blanco-se-ha-reunido-con-la-alcaldesa-de-colunga\\\/#newsarticle\",\"name\":\"Graciela Blanco se ha reunido con la alcaldesa de Colunga | Cand\\u00e1s 365\",\"headline\":\"Graciela Blanco se ha reunido con la alcaldesa de Colunga\",\"author\":{\"@id\":\"https:\\\/\\\/candas365.es\\\/noticias\\\/author\\\/admin\\\/#author\"},\"publisher\":{\"@id\":\"https:\\\/\\\/candas365.es\\\/noticias\\\/#organization\"},\"image\":{\"@type\":\"ImageObject\",\"url\":\"https:\\\/\\\/candas365.es\\\/noticias\\\/wp-content\\\/uploads\\\/2021\\\/09\\\/Alcadesa-Colunga.jpg\",\"width\":982,\"height\":700,\"caption\":\"Alcadesa Colunga\"},\"datePublished\":\"2021-09-25T15:17:25+02:00\",\"dateModified\":\"2021-09-25T15:17:44+02:00\",\"inLanguage\":\"es-ES\",\"mainEntityOfPage\":{\"@id\":\"https:\\\/\\\/candas365.es\\\/noticias\\\/graciela-blanco-se-ha-reunido-con-la-alcaldesa-de-colunga\\\/#webpage\"},\"isPartOf\":{\"@id\":\"https:\\\/\\\/candas365.es\\\/noticias\\\/graciela-blanco-se-ha-reunido-con-la-alcaldesa-de-colunga\\\/#webpage\"},\"articleSection\":\"Asturias, Asturias, Econom\\u00eda, turismo\",\"dateline\":\"Publicado el septiembre 25, 2021.\"},{\"@type\":\"Organization\",\"@id\":\"https:\\\/\\\/candas365.es\\\/noticias\\\/#organization\",\"name\":\"Cand\\u00e1s 365\",\"description\":\"Cand\\u00e1s 365 es un diario digital independiente, fundado en 2012, con base en Asturias. Informamos con rigor sobre actualidad, sociedad, cultura y ocio, con una mirada local y global.\",\"url\":\"https:\\\/\\\/candas365.es\\\/noticias\\\/\",\"email\":\"info@candas365.es\",\"telephone\":\"+34652131393\",\"foundingDate\":\"2012-06-10\",\"logo\":{\"@type\":\"ImageObject\",\"url\":\"https:\\\/\\\/candas365.es\\\/noticias\\\/wp-content\\\/uploads\\\/2024\\\/09\\\/Candas-365-Redes.jpg\",\"@id\":\"https:\\\/\\\/candas365.es\\\/noticias\\\/graciela-blanco-se-ha-reunido-con-la-alcaldesa-de-colunga\\\/#organizationLogo\",\"width\":1152,\"height\":864,\"caption\":\"Cand\\u00e1s 365 Redes\"},\"image\":{\"@id\":\"https:\\\/\\\/candas365.es\\\/noticias\\\/graciela-blanco-se-ha-reunido-con-la-alcaldesa-de-colunga\\\/#organizationLogo\"},\"sameAs\":[\"https:\\\/\\\/www.facebook.com\\\/Nachofdezber\",\"https:\\\/\\\/x.com\\\/NabercoDigital\",\"https:\\\/\\\/www.instagram.com\\\/nachofdezber\\\/\",\"https:\\\/\\\/www.youtube.com\\\/channel\\\/UCZP-2wLEB9Rv6erhFmqVnvg\"],\"address\":{\"@id\":\"https:\\\/\\\/candas365.es\\\/noticias\\\/#postaladdress\",\"@type\":\"PostalAddress\",\"streetAddress\":\"san antonio 4, san antonio 4\",\"postalCode\":\"33430\",\"addressLocality\":\"Cand\\u00e1s\",\"addressRegion\":\"Asturias\",\"addressCountry\":\"ES\"}},{\"@type\":\"Person\",\"@id\":\"https:\\\/\\\/candas365.es\\\/noticias\\\/author\\\/admin\\\/#author\",\"url\":\"https:\\\/\\\/candas365.es\\\/noticias\\\/author\\\/admin\\\/\",\"name\":\"Cand\\u00e1s 365\",\"image\":{\"@type\":\"ImageObject\",\"@id\":\"https:\\\/\\\/candas365.es\\\/noticias\\\/graciela-blanco-se-ha-reunido-con-la-alcaldesa-de-colunga\\\/#authorImage\",\"url\":\"https:\\\/\\\/secure.gravatar.com\\\/avatar\\\/496a8e03d0c493ede1718b7934145dbdf8d89be1036b0eec9544e1094c9de390?s=96&d=mm&r=g\",\"width\":96,\"height\":96,\"caption\":\"Cand\\u00e1s 365\"},\"sameAs\":[\"https:\\\/\\\/www.facebook.com\\\/carrenoactualidad\",\"https:\\\/\\\/twitter.com\\\/nbasturias\",\"https:\\\/\\\/www.instagram.com\\\/nachofdezber\\\/\",\"https:\\\/\\\/www.youtube.com\\\/channel\\\/UCZP-2wLEB9Rv6erhFmqVnvg\"]},{\"@type\":\"WebPage\",\"@id\":\"https:\\\/\\\/candas365.es\\\/noticias\\\/graciela-blanco-se-ha-reunido-con-la-alcaldesa-de-colunga\\\/#webpage\",\"url\":\"https:\\\/\\\/candas365.es\\\/noticias\\\/graciela-blanco-se-ha-reunido-con-la-alcaldesa-de-colunga\\\/\",\"name\":\"Graciela Blanco se ha reunido con la alcaldesa de Colunga | Cand\\u00e1s 365\",\"description\":\"La viceconsejera asturiana de Turismo, Graciela Blanco, se ha reunido con la alcaldesa de Colunga, Sandra Cuesta, para conocer las actuaciones incluidas\",\"inLanguage\":\"es-ES\",\"isPartOf\":{\"@id\":\"https:\\\/\\\/candas365.es\\\/noticias\\\/#website\"},\"breadcrumb\":{\"@id\":\"https:\\\/\\\/candas365.es\\\/noticias\\\/graciela-blanco-se-ha-reunido-con-la-alcaldesa-de-colunga\\\/#breadcrumblist\"},\"author\":{\"@id\":\"https:\\\/\\\/candas365.es\\\/noticias\\\/author\\\/admin\\\/#author\"},\"creator\":{\"@id\":\"https:\\\/\\\/candas365.es\\\/noticias\\\/author\\\/admin\\\/#author\"},\"image\":{\"@type\":\"ImageObject\",\"url\":\"https:\\\/\\\/candas365.es\\\/noticias\\\/wp-content\\\/uploads\\\/2021\\\/09\\\/Alcadesa-Colunga.jpg\",\"@id\":\"https:\\\/\\\/candas365.es\\\/noticias\\\/graciela-blanco-se-ha-reunido-con-la-alcaldesa-de-colunga\\\/#mainImage\",\"width\":982,\"height\":700,\"caption\":\"Alcadesa Colunga\"},\"primaryImageOfPage\":{\"@id\":\"https:\\\/\\\/candas365.es\\\/noticias\\\/graciela-blanco-se-ha-reunido-con-la-alcaldesa-de-colunga\\\/#mainImage\"},\"datePublished\":\"2021-09-25T15:17:25+02:00\",\"dateModified\":\"2021-09-25T15:17:44+02:00\"},{\"@type\":\"WebSite\",\"@id\":\"https:\\\/\\\/candas365.es\\\/noticias\\\/#website\",\"url\":\"https:\\\/\\\/candas365.es\\\/noticias\\\/\",\"name\":\"Cand\\u00e1s 365\",\"alternateName\":\"Cand\\u00e1s 365 Noticias\",\"description\":\"Actualidad desde Carre\\u00f1o para el mundo\",\"inLanguage\":\"es-ES\",\"publisher\":{\"@id\":\"https:\\\/\\\/candas365.es\\\/noticias\\\/#organization\"}}]}\n\t\t<\/script>\n\t\t<!-- All in One SEO Pro -->\r\n\t\t<title>Graciela Blanco se ha reunido con la alcaldesa de Colunga | Cand\u00e1s 365<\/title>\n\n","aioseo_head_json":{"title":"Graciela Blanco se ha reunido con la alcaldesa de Colunga | Cand\u00e1s 365","description":"La viceconsejera asturiana de Turismo, Graciela Blanco, se ha reunido con la alcaldesa de Colunga, Sandra Cuesta, para conocer las actuaciones incluidas","canonical_url":"https:\/\/candas365.es\/noticias\/graciela-blanco-se-ha-reunido-con-la-alcaldesa-de-colunga\/","robots":"max-image-preview:large","keywords":"asturias","webmasterTools":{"google-site-verification":"UA-32230408-1","msvalidate.01":"354F3CDFB2DA171B47FBE9ABF1F88D5","miscellaneous":""},"schema":{"@context":"https:\/\/schema.org","@graph":[{"@type":"BreadcrumbList","@id":"https:\/\/candas365.es\/noticias\/graciela-blanco-se-ha-reunido-con-la-alcaldesa-de-colunga\/#breadcrumblist","itemListElement":[{"@type":"ListItem","@id":"https:\/\/candas365.es\/noticias#listItem","position":1,"name":"Home","item":"https:\/\/candas365.es\/noticias","nextItem":{"@type":"ListItem","@id":"https:\/\/candas365.es\/noticias\/category\/asturias\/#listItem","name":"Asturias"}},{"@type":"ListItem","@id":"https:\/\/candas365.es\/noticias\/category\/asturias\/#listItem","position":2,"name":"Asturias","item":"https:\/\/candas365.es\/noticias\/category\/asturias\/","nextItem":{"@type":"ListItem","@id":"https:\/\/candas365.es\/noticias\/graciela-blanco-se-ha-reunido-con-la-alcaldesa-de-colunga\/#listItem","name":"Graciela Blanco se ha reunido con la alcaldesa de Colunga"},"previousItem":{"@type":"ListItem","@id":"https:\/\/candas365.es\/noticias#listItem","name":"Home"}},{"@type":"ListItem","@id":"https:\/\/candas365.es\/noticias\/graciela-blanco-se-ha-reunido-con-la-alcaldesa-de-colunga\/#listItem","position":3,"name":"Graciela Blanco se ha reunido con la alcaldesa de Colunga","previousItem":{"@type":"ListItem","@id":"https:\/\/candas365.es\/noticias\/category\/asturias\/#listItem","name":"Asturias"}}]},{"@type":"NewsArticle","@id":"https:\/\/candas365.es\/noticias\/graciela-blanco-se-ha-reunido-con-la-alcaldesa-de-colunga\/#newsarticle","name":"Graciela Blanco se ha reunido con la alcaldesa de Colunga | Cand\u00e1s 365","headline":"Graciela Blanco se ha reunido con la alcaldesa de Colunga","author":{"@id":"https:\/\/candas365.es\/noticias\/author\/admin\/#author"},"publisher":{"@id":"https:\/\/candas365.es\/noticias\/#organization"},"image":{"@type":"ImageObject","url":"https:\/\/candas365.es\/noticias\/wp-content\/uploads\/2021\/09\/Alcadesa-Colunga.jpg","width":982,"height":700,"caption":"Alcadesa Colunga"},"datePublished":"2021-09-25T15:17:25+02:00","dateModified":"2021-09-25T15:17:44+02:00","inLanguage":"es-ES","mainEntityOfPage":{"@id":"https:\/\/candas365.es\/noticias\/graciela-blanco-se-ha-reunido-con-la-alcaldesa-de-colunga\/#webpage"},"isPartOf":{"@id":"https:\/\/candas365.es\/noticias\/graciela-blanco-se-ha-reunido-con-la-alcaldesa-de-colunga\/#webpage"},"articleSection":"Asturias, Asturias, Econom\u00eda, turismo","dateline":"Publicado el septiembre 25, 2021."},{"@type":"Organization","@id":"https:\/\/candas365.es\/noticias\/#organization","name":"Cand\u00e1s 365","description":"Cand\u00e1s 365 es un diario digital independiente, fundado en 2012, con base en Asturias. Informamos con rigor sobre actualidad, sociedad, cultura y ocio, con una mirada local y global.","url":"https:\/\/candas365.es\/noticias\/","email":"info@candas365.es","telephone":"+34652131393","foundingDate":"2012-06-10","logo":{"@type":"ImageObject","url":"https:\/\/candas365.es\/noticias\/wp-content\/uploads\/2024\/09\/Candas-365-Redes.jpg","@id":"https:\/\/candas365.es\/noticias\/graciela-blanco-se-ha-reunido-con-la-alcaldesa-de-colunga\/#organizationLogo","width":1152,"height":864,"caption":"Cand\u00e1s 365 Redes"},"image":{"@id":"https:\/\/candas365.es\/noticias\/graciela-blanco-se-ha-reunido-con-la-alcaldesa-de-colunga\/#organizationLogo"},"sameAs":["https:\/\/www.facebook.com\/Nachofdezber","https:\/\/x.com\/NabercoDigital","https:\/\/www.instagram.com\/nachofdezber\/","https:\/\/www.youtube.com\/channel\/UCZP-2wLEB9Rv6erhFmqVnvg"],"address":{"@id":"https:\/\/candas365.es\/noticias\/#postaladdress","@type":"PostalAddress","streetAddress":"san antonio 4, san antonio 4","postalCode":"33430","addressLocality":"Cand\u00e1s","addressRegion":"Asturias","addressCountry":"ES"}},{"@type":"Person","@id":"https:\/\/candas365.es\/noticias\/author\/admin\/#author","url":"https:\/\/candas365.es\/noticias\/author\/admin\/","name":"Cand\u00e1s 365","image":{"@type":"ImageObject","@id":"https:\/\/candas365.es\/noticias\/graciela-blanco-se-ha-reunido-con-la-alcaldesa-de-colunga\/#authorImage","url":"https:\/\/secure.gravatar.com\/avatar\/496a8e03d0c493ede1718b7934145dbdf8d89be1036b0eec9544e1094c9de390?s=96&d=mm&r=g","width":96,"height":96,"caption":"Cand\u00e1s 365"},"sameAs":["https:\/\/www.facebook.com\/carrenoactualidad","https:\/\/twitter.com\/nbasturias","https:\/\/www.instagram.com\/nachofdezber\/","https:\/\/www.youtube.com\/channel\/UCZP-2wLEB9Rv6erhFmqVnvg"]},{"@type":"WebPage","@id":"https:\/\/candas365.es\/noticias\/graciela-blanco-se-ha-reunido-con-la-alcaldesa-de-colunga\/#webpage","url":"https:\/\/candas365.es\/noticias\/graciela-blanco-se-ha-reunido-con-la-alcaldesa-de-colunga\/","name":"Graciela Blanco se ha reunido con la alcaldesa de Colunga | Cand\u00e1s 365","description":"La viceconsejera asturiana de Turismo, Graciela Blanco, se ha reunido con la alcaldesa de Colunga, Sandra Cuesta, para conocer las actuaciones incluidas","inLanguage":"es-ES","isPartOf":{"@id":"https:\/\/candas365.es\/noticias\/#website"},"breadcrumb":{"@id":"https:\/\/candas365.es\/noticias\/graciela-blanco-se-ha-reunido-con-la-alcaldesa-de-colunga\/#breadcrumblist"},"author":{"@id":"https:\/\/candas365.es\/noticias\/author\/admin\/#author"},"creator":{"@id":"https:\/\/candas365.es\/noticias\/author\/admin\/#author"},"image":{"@type":"ImageObject","url":"https:\/\/candas365.es\/noticias\/wp-content\/uploads\/2021\/09\/Alcadesa-Colunga.jpg","@id":"https:\/\/candas365.es\/noticias\/graciela-blanco-se-ha-reunido-con-la-alcaldesa-de-colunga\/#mainImage","width":982,"height":700,"caption":"Alcadesa Colunga"},"primaryImageOfPage":{"@id":"https:\/\/candas365.es\/noticias\/graciela-blanco-se-ha-reunido-con-la-alcaldesa-de-colunga\/#mainImage"},"datePublished":"2021-09-25T15:17:25+02:00","dateModified":"2021-09-25T15:17:44+02:00"},{"@type":"WebSite","@id":"https:\/\/candas365.es\/noticias\/#website","url":"https:\/\/candas365.es\/noticias\/","name":"Cand\u00e1s 365","alternateName":"Cand\u00e1s 365 Noticias","description":"Actualidad desde Carre\u00f1o para el mundo","inLanguage":"es-ES","publisher":{"@id":"https:\/\/candas365.es\/noticias\/#organization"}}]},"og:locale":"es_ES","og:site_name":"Cand\u00e1s 365","og:type":"article","og:title":"Graciela Blanco se ha reunido con la alcaldesa de Colunga | Cand\u00e1s 365","og:description":"La viceconsejera asturiana de Turismo, Graciela Blanco, se ha reunido con la alcaldesa de Colunga, Sandra Cuesta, para conocer las actuaciones incluidas","og:url":"https:\/\/candas365.es\/noticias\/graciela-blanco-se-ha-reunido-con-la-alcaldesa-de-colunga\/","og:image":"https:\/\/candas365.es\/noticias\/wp-content\/uploads\/2021\/09\/Alcadesa-Colunga.jpg","og:image:secure_url":"https:\/\/candas365.es\/noticias\/wp-content\/uploads\/2021\/09\/Alcadesa-Colunga.jpg","og:image:width":982,"og:image:height":700,"article:published_time":"2021-09-25T15:17:25+00:00","article:modified_time":"2021-09-25T15:17:44+00:00","article:publisher":"https:\/\/www.facebook.com\/Nachofdezber","article:author":"https:\/\/www.facebook.com\/carrenoactualidad","twitter:card":"summary_large_image","twitter:site":"@NabercoDigital","twitter:title":"Graciela Blanco se ha reunido con la alcaldesa de Colunga | Cand\u00e1s 365","twitter:description":"La viceconsejera asturiana de Turismo, Graciela Blanco, se ha reunido con la alcaldesa de Colunga, Sandra Cuesta, para conocer las actuaciones incluidas","twitter:creator":"@nbasturias","twitter:image":"https:\/\/candas365.es\/noticias\/wp-content\/uploads\/2021\/09\/Alcadesa-Colunga.jpg","twitter:label1":"Escrito por","twitter:data1":"Cand\u00e1s 365","twitter:label2":"Tiempo de lectura estimado","twitter:data2":"2 minutos"},"aioseo_meta_data":{"post_id":"158541","title":null,"description":"La viceconsejera asturiana de Turismo, Graciela Blanco, se ha reunido con la alcaldesa de Colunga, Sandra Cuesta, para conocer las actuaciones incluidas&nbsp;","keywords":[],"keyphrases":{"focus":{"keyphrase":"Colunga","score":100,"analysis":{"keyphraseInTitle":{"title":"Focus Keyphrase in SEO title","description":"Focus Keyphrase found in SEO title.","score":9,"maxScore":9,"error":0},"keyphraseInDescription":{"title":"Focus keyphrase in meta description","description":"Focus keyphrase found in meta description.","score":9,"maxScore":9,"error":0},"keyphraseInURL":{"title":"Focus Keyphrase in URL","description":"Focus Keyphrase used in the URL.","score":5,"maxScore":5,"error":0},"keyphraseLength":{"title":"Focus keyphrase length","description":"Good job!","score":9,"maxScore":9,"error":0,"length":1},"keyphraseInIntroduction":{"title":"Focus keyphrase in introduction","description":"Your Focus keyphrase appears in the first paragraph. Well done!","score":9,"maxScore":9,"error":0},"keyphraseInSubHeadings":[],"keyphraseInImageAlt":{"title":"Focus keyphrase in image alt attributes","description":"Focus keyphrase found in image alt attribute(s).","score":9,"maxScore":9,"error":0}}},"additional":[{"keyphrase":"alcaldesa de Colunga","score":83,"analysis":{"keyphraseInDescription":{"title":"Keyphrase in meta description","description":"Keyphrase found in meta description.","score":9,"maxScore":9,"error":0},"keyphraseLength":{"title":"Keyphrase length","description":"Good job!","score":9,"maxScore":9,"error":0,"length":3},"keyphraseInIntroduction":{"title":"Keyphrase in introduction","description":"Your Keyphrase appears in the first paragraph. Well done!","score":9,"maxScore":9,"error":0},"keyphraseInImageAlt":{"title":"Keyphrase in image alt attributes","description":"Keyphrase not found in image alt attribute(s). Add an image with your Keyphrase as alt text.","score":3,"maxScore":9,"error":1}}},{"keyphrase":"Graciela Blanco","score":83,"analysis":{"keyphraseInDescription":{"title":"Keyphrase in meta description","description":"Keyphrase found in meta description.","score":9,"maxScore":9,"error":0},"keyphraseLength":{"title":"Keyphrase length","description":"Good job!","score":9,"maxScore":9,"error":0,"length":2},"keyphraseInIntroduction":{"title":"Keyphrase in introduction","description":"Your Keyphrase appears in the first paragraph. Well done!","score":9,"maxScore":9,"error":0},"keyphraseInImageAlt":{"title":"Keyphrase in image alt attributes","description":"Keyphrase not found in image alt attribute(s). Add an image with your Keyphrase as alt text.","score":3,"maxScore":9,"error":1}}}]},"primary_term":null,"canonical_url":null,"og_title":null,"og_description":null,"og_object_type":"default","og_image_type":"default","og_image_url":null,"og_image_width":null,"og_image_height":null,"og_image_custom_url":null,"og_image_custom_fields":null,"og_video":"","og_custom_url":null,"og_article_section":null,"og_article_tags":[],"twitter_use_og":false,"twitter_card":"default","twitter_image_type":"default","twitter_image_url":null,"twitter_image_custom_url":null,"twitter_image_custom_fields":null,"twitter_title":null,"twitter_description":null,"schema":{"blockGraphs":[],"customGraphs":[],"default":{"data":{"Article":[],"Course":[],"Dataset":[],"FAQPage":[],"Movie":[],"Person":[],"Product":[],"ProductReview":[],"Car":[],"Recipe":[],"Service":[],"SoftwareApplication":[],"WebPage":[]},"graphName":"","isEnabled":true},"graphs":[],"defaultGraph":"Article","defaultPostTypeGraph":""},"schema_type":"default","schema_type_options":"{\"article\":{\"articleType\":\"BlogPosting\"},\"course\":{\"name\":\"\",\"description\":\"\",\"provider\":\"\"},\"faq\":{\"pages\":[]},\"product\":{\"reviews\":[]},\"recipe\":{\"ingredients\":[],\"instructions\":[],\"keywords\":[]},\"software\":{\"reviews\":[],\"operatingSystems\":[]},\"webPage\":{\"webPageType\":\"WebPage\"}}","pillar_content":false,"robots_default":true,"robots_noindex":false,"robots_noarchive":false,"robots_nosnippet":false,"robots_nofollow":false,"robots_noimageindex":false,"robots_noodp":false,"robots_notranslate":false,"robots_max_snippet":"-1","robots_max_videopreview":"-1","robots_max_imagepreview":"large","priority":null,"frequency":"default","location":null,"local_seo":null,"seo_analyzer_scan_date":"2025-09-01 02:42:15","breadcrumb_settings":null,"limit_modified_date":false,"reviewed_by":null,"open_ai":null,"ai":null,"created":"2021-09-25 15:14:06","updated":"2025-09-01 02:42:15"},"aioseo_breadcrumb":"<div class=\"aioseo-breadcrumbs\"><span class=\"aioseo-breadcrumb\">\n\t<a href=\"https:\/\/candas365.es\/noticias\" title=\"Home\">Home<\/a>\n<\/span><span class=\"aioseo-breadcrumb-separator\">&ndash;<\/span><span class=\"aioseo-breadcrumb\">\n\t<a href=\"https:\/\/candas365.es\/noticias\/category\/asturias\/\" title=\"Asturias\">Asturias<\/a>\n<\/span><span class=\"aioseo-breadcrumb-separator\">&ndash;<\/span><span class=\"aioseo-breadcrumb\">\n\tGraciela Blanco se ha reunido con la alcaldesa de Colunga\n<\/span><\/div>","aioseo_breadcrumb_json":[{"label":"Home","link":"https:\/\/candas365.es\/noticias"},{"label":"Asturias","link":"https:\/\/candas365.es\/noticias\/category\/asturias\/"},{"label":"Graciela Blanco se ha reunido con la alcaldesa de Colunga","link":"https:\/\/candas365.es\/noticias\/graciela-blanco-se-ha-reunido-con-la-alcaldesa-de-colunga\/"}],"_links":{"self":[{"href":"https:\/\/candas365.es\/noticias\/wp-json\/wp\/v2\/posts\/158541","targetHints":{"allow":["GET"]}}],"collection":[{"href":"https:\/\/candas365.es\/noticias\/wp-json\/wp\/v2\/posts"}],"about":[{"href":"https:\/\/candas365.es\/noticias\/wp-json\/wp\/v2\/types\/post"}],"author":[{"embeddable":true,"href":"https:\/\/candas365.es\/noticias\/wp-json\/wp\/v2\/users\/1"}],"replies":[{"embeddable":true,"href":"https:\/\/candas365.es\/noticias\/wp-json\/wp\/v2\/comments?post=158541"}],"version-history":[{"count":0,"href":"https:\/\/candas365.es\/noticias\/wp-json\/wp\/v2\/posts\/158541\/revisions"}],"wp:featuredmedia":[{"embeddable":true,"href":"https:\/\/candas365.es\/noticias\/wp-json\/wp\/v2\/media\/158542"}],"wp:attachment":[{"href":"https:\/\/candas365.es\/noticias\/wp-json\/wp\/v2\/media?parent=158541"}],"wp:term":[{"taxonomy":"category","embeddable":true,"href":"https:\/\/candas365.es\/noticias\/wp-json\/wp\/v2\/categories?post=158541"},{"taxonomy":"post_tag","embeddable":true,"href":"https:\/\/candas365.es\/noticias\/wp-json\/wp\/v2\/tags?post=158541"}],"curies":[{"name":"wp","href":"https:\/\/api.w.org\/{rel}","templated":true}]}}