{"id":158434,"date":"2021-09-15T17:48:46","date_gmt":"2021-09-15T17:48:46","guid":{"rendered":"http:\/\/candas365.es\/noticias\/?p=158434"},"modified":"2021-09-15T17:48:46","modified_gmt":"2021-09-15T17:48:46","slug":"hrw-alerta-del-peligro-que-bolsonaro-para-la-democracia","status":"publish","type":"post","link":"https:\/\/candas365.es\/noticias\/hrw-alerta-del-peligro-que-bolsonaro-para-la-democracia\/","title":{"rendered":"HRW alerta del peligro que Bolsonaro para la democracia"},"content":{"rendered":"<p><img fetchpriority=\"high\" decoding=\"async\" class=\"alignleft size-medium wp-image-158435\" src=\"https:\/\/candas365.es\/noticias\/wp-content\/uploads\/2021\/09\/Brasil-360x203.jpg\" alt=\"\" width=\"360\" height=\"203\" srcset=\"https:\/\/candas365.es\/noticias\/wp-content\/uploads\/2021\/09\/Brasil-360x203.jpg 360w, https:\/\/candas365.es\/noticias\/wp-content\/uploads\/2021\/09\/Brasil-600x337.jpg 600w, https:\/\/candas365.es\/noticias\/wp-content\/uploads\/2021\/09\/Brasil.jpg 640w\" sizes=\"(max-width: 360px) 100vw, 360px\" \/>(EP) &#8211; La ONG Human Rights Watch (HRW) ha alertado este mi\u00e9rcoles de que el presidente de Brasil, Jair Bolsonaro, a quien ha tildado de \u00abapologeta de la dictadura\u00bb, supone un peligro para el orden democr\u00e1tico del pa\u00eds, tal y como atestiguan sus \u00abcampa\u00f1as de intimidaci\u00f3n\u00bb contra el Tribunal Supremo, sus amenazas de cancelar las elecciones de 2022, as\u00ed como por sus ataques a las libertad de expresi\u00f3n de los cr\u00edticos con su Gobierno.<\/p>\n<p>\u00abEl presidente Bolsonaro, un apologeta de la dictadura militar de Brasil, es cada vez m\u00e1s hostil con el sistema democr\u00e1tico\u00bb, ha denunciado el director para las Am\u00e9ricas de HRW, Jos\u00e9 Miguel Vivanco, quien cr\u00edtica los \u00abinsultos\u00bb y \u00abamenazas\u00bb que el presidente brasile\u00f1o ha dedicado al Supremo, que investiga sus posibles desmanes.<\/p>\n<p>Vivanco ha alertado que las \u00abinfundadas afirmaciones de fraude electoral\u00bb que desde hace unos meses viene difundiendo Bolsonaro son un intento por \u00absentar las bases\u00bb de una posible cancelaci\u00f3n de las elecciones previstas para octubre de 2022, o bien \u00abimpugnar la decisi\u00f3n del pueblo si no es reelegido\u00bb.<\/p>\n<p>El 7 de septiembre, con motivo de la celebraci\u00f3n del d\u00eda de la independencia, Bolsonaro lider\u00f3 una multitudinaria marcha por las calles de Brasilia y Sao Paulo, que culminaron con una serie de discursos incendiarios contra el Poder Judicial y el sistema electoral, \u00abque parecen dise\u00f1ados para socavar los derechos fundamentales, las instituciones democr\u00e1ticas y el estado de derecho en Brasil\u00bb.<\/p>\n<p>Durante aquel mitin, Bolsonaro lleg\u00f3 asegurar que no acatar\u00eda ninguna de las decisiones que emanasen del Supremo, que investiga entre otras cosas sus intentos por interferir en la Polic\u00eda Federal y sus pol\u00edticas durante la pandemia, y volvi\u00f3 a criticar al Congreso por rechazar una de sus propuestas para modificar el sistema electr\u00f3nico de votaci\u00f3n, al que considera fraudulento.<\/p>\n<p>Pocos d\u00edas despu\u00e9s y ante las cr\u00edticas, Bolsonaro recul\u00f3 y asegur\u00f3 que nunca tuvo la intenci\u00f3n de atacar a ninguno de los poderes del Estado y pidi\u00f3 a sus seguidores que levantaran los bloqueos que manten\u00edan paralizado el tr\u00e1fico en algunas de las principales v\u00edas del pa\u00eds, lo que provoc\u00f3 el descontento y la ira de estos, que le acusaron de traidor.<\/p>\n<p>\u00abEl presidente Bolsonaro a menudo afirma defender la &#8216;democracia&#8217;, pero sus declaraciones plantean preguntas sobre qu\u00e9 entiende por democracia\u00bb, se\u00f1ala HRW. Antiguo capit\u00e1n del Ej\u00e9rcito, nunca ha escondido sus filias por la dictadura militar (1964-1985) y ha restablecido actos de homenaje al golpe de Estado y a los \u00abh\u00e9roes nacionales\u00bb de aquella etapa de la historia reciente de Brasil.<\/p>\n<p>La ONG ha recordado que Bolsonaro no solo \u00abha llenado el Gobierno Federal con m\u00e1s de 6.000 miembros en servicio activo y retirados de las Fuerzas Armadas\u00bb, sino que adem\u00e1s ha sugerido en varias ocasiones que el Ej\u00e9rcito deber\u00eda apoyar sus pol\u00edticas, pues son ellos quienes \u00abdeciden si la gente vive en una democracia o en una dictadura\u00bb.<\/p>\n<h2>ATAQUES A LA LIBERTAD DE EXPRESI\u00d3N<\/h2>\n<p>Adem\u00e1s de sus amenazas al resto de instituciones del Estado, Bolsonaro, contin\u00faa HRW, no ha escatimado tampoco en ataques contra la libertad de expresi\u00f3n, llegando incluso a pedir condenas de c\u00e1rcel contra una quincena de cr\u00edticos, entre periodistas, profesores de universidad y pol\u00edticos de la oposici\u00f3n.<\/p>\n<p>\u00abAunque muchos de esos casos se han cerrado sin cargos, esas acciones del Gobierno env\u00edan el mensaje de que criticar al presidente puede conducir a la persecuci\u00f3n\u00bb, alerta HRW, quien recuerda el compromiso de Brasil con el Pacto Internacional de Derechos Civiles y Pol\u00edticos (ICCPR), el cual establece que cualquier ciudadano tiene derecho a votar y ser elegido en elecciones, as\u00ed como a expresar su opini\u00f3n libremente.<\/p>\n<p>\u00abLas amenazas de Bolsonaro de cancelar elecciones y tomar medidas ilegales en respuesta a las investigaciones en su contra son imprudentes y peligrosas\u00bb, denuncia Vivanco, quien finaliza pidiendo a la comunidad internacional que le haga saber \u00abque la independencia judicial significa que los tribunales no est\u00e1n sujetos a las \u00f3rdenes del presidente\u00bb.<\/p>\n","protected":false},"excerpt":{"rendered":"<p>(EP) &#8211; La ONG Human Rights Watch (HRW) ha alertado este mi\u00e9rcoles de que el presidente de Brasil, Jair Bolsonaro, a quien ha tildado de \u00abapologeta de la dictadura\u00bb, supone un peligro para el orden democr\u00e1tico del pa\u00eds, tal y como atestiguan sus \u00abcampa\u00f1as de intimidaci\u00f3n\u00bb contra el Tribunal Supremo, sus amenazas de cancelar las<\/p>\n","protected":false},"author":1,"featured_media":158435,"comment_status":"closed","ping_status":"closed","sticky":false,"template":"","format":"standard","meta":{"footnotes":""},"categories":[343],"tags":[438,418],"class_list":{"0":"post-158434","1":"post","2":"type-post","3":"status-publish","4":"format-standard","5":"has-post-thumbnail","7":"category-actualidad","8":"tag-brasil","9":"tag-internacional"},"aioseo_notices":[],"aioseo_head":"\n\t\t<!-- All in One SEO Pro 4.9.6.2 - aioseo.com -->\n\t<meta name=\"description\" content=\"La ONG Human Rights Watch (HRW) ha alertado este mi\u00e9rcoles de que el presidente de Brasil, Jair Bolsonaro, a quien ha tildado de &quot;apologeta de la dictadura&quot;,\" \/>\n\t<meta name=\"robots\" content=\"max-image-preview:large\" \/>\n\t<meta name=\"author\" content=\"Cand\u00e1s 365\"\/>\n\t<meta name=\"google-site-verification\" content=\"UA-32230408-1\" \/>\n\t<meta name=\"msvalidate.01\" content=\"354F3CDFB2DA171B47FBE9ABF1F88D5\" \/>\n\t<meta name=\"keywords\" content=\"actualidad\" \/>\n\t<link rel=\"canonical\" href=\"https:\/\/candas365.es\/noticias\/hrw-alerta-del-peligro-que-bolsonaro-para-la-democracia\/\" \/>\n\t<meta name=\"generator\" content=\"All in One SEO Pro (AIOSEO) 4.9.6.2\" \/>\n\t\t<meta property=\"og:locale\" content=\"es_ES\" \/>\n\t\t<meta property=\"og:site_name\" content=\"Cand\u00e1s 365\" \/>\n\t\t<meta property=\"og:type\" content=\"article\" \/>\n\t\t<meta property=\"og:title\" content=\"HRW alerta del peligro que Bolsonaro para la democracia | Cand\u00e1s 365\" \/>\n\t\t<meta property=\"og:description\" content=\"La ONG Human Rights Watch (HRW) ha alertado este mi\u00e9rcoles de que el presidente de Brasil, Jair Bolsonaro, a quien ha tildado de &quot;apologeta de la dictadura&quot;,\" \/>\n\t\t<meta property=\"og:url\" content=\"https:\/\/candas365.es\/noticias\/hrw-alerta-del-peligro-que-bolsonaro-para-la-democracia\/\" \/>\n\t\t<meta property=\"og:image\" content=\"https:\/\/candas365.es\/noticias\/wp-content\/uploads\/2021\/09\/Brasil.jpg\" \/>\n\t\t<meta property=\"og:image:secure_url\" content=\"https:\/\/candas365.es\/noticias\/wp-content\/uploads\/2021\/09\/Brasil.jpg\" \/>\n\t\t<meta property=\"og:image:width\" content=\"640\" \/>\n\t\t<meta property=\"og:image:height\" content=\"360\" \/>\n\t\t<meta property=\"article:published_time\" content=\"2021-09-15T17:48:46+00:00\" \/>\n\t\t<meta property=\"article:modified_time\" content=\"2021-09-15T17:48:46+00:00\" \/>\n\t\t<meta property=\"article:publisher\" content=\"https:\/\/www.facebook.com\/Nachofdezber\" \/>\n\t\t<meta property=\"article:author\" content=\"https:\/\/www.facebook.com\/carrenoactualidad\" \/>\n\t\t<meta name=\"twitter:card\" content=\"summary_large_image\" \/>\n\t\t<meta name=\"twitter:site\" content=\"@NabercoDigital\" \/>\n\t\t<meta name=\"twitter:title\" content=\"HRW alerta del peligro que Bolsonaro para la democracia | Cand\u00e1s 365\" \/>\n\t\t<meta name=\"twitter:description\" content=\"La ONG Human Rights Watch (HRW) ha alertado este mi\u00e9rcoles de que el presidente de Brasil, Jair Bolsonaro, a quien ha tildado de &quot;apologeta de la dictadura&quot;,\" \/>\n\t\t<meta name=\"twitter:creator\" content=\"@nbasturias\" \/>\n\t\t<meta name=\"twitter:image\" content=\"https:\/\/candas365.es\/noticias\/wp-content\/uploads\/2021\/09\/Brasil.jpg\" \/>\n\t\t<meta name=\"twitter:label1\" content=\"Escrito por\" \/>\n\t\t<meta name=\"twitter:data1\" content=\"Cand\u00e1s 365\" \/>\n\t\t<meta name=\"twitter:label2\" content=\"Tiempo de lectura estimado\" \/>\n\t\t<meta name=\"twitter:data2\" content=\"3 minutos\" \/>\n\t\t<script type=\"application\/ld+json\" class=\"aioseo-schema\">\n\t\t\t{\"@context\":\"https:\\\/\\\/schema.org\",\"@graph\":[{\"@type\":\"BreadcrumbList\",\"@id\":\"https:\\\/\\\/candas365.es\\\/noticias\\\/hrw-alerta-del-peligro-que-bolsonaro-para-la-democracia\\\/#breadcrumblist\",\"itemListElement\":[{\"@type\":\"ListItem\",\"@id\":\"https:\\\/\\\/candas365.es\\\/noticias#listItem\",\"position\":1,\"name\":\"Home\",\"item\":\"https:\\\/\\\/candas365.es\\\/noticias\",\"nextItem\":{\"@type\":\"ListItem\",\"@id\":\"https:\\\/\\\/candas365.es\\\/noticias\\\/category\\\/actualidad\\\/#listItem\",\"name\":\"Actualidad\"}},{\"@type\":\"ListItem\",\"@id\":\"https:\\\/\\\/candas365.es\\\/noticias\\\/category\\\/actualidad\\\/#listItem\",\"position\":2,\"name\":\"Actualidad\",\"item\":\"https:\\\/\\\/candas365.es\\\/noticias\\\/category\\\/actualidad\\\/\",\"nextItem\":{\"@type\":\"ListItem\",\"@id\":\"https:\\\/\\\/candas365.es\\\/noticias\\\/hrw-alerta-del-peligro-que-bolsonaro-para-la-democracia\\\/#listItem\",\"name\":\"HRW alerta del peligro que Bolsonaro para la democracia\"},\"previousItem\":{\"@type\":\"ListItem\",\"@id\":\"https:\\\/\\\/candas365.es\\\/noticias#listItem\",\"name\":\"Home\"}},{\"@type\":\"ListItem\",\"@id\":\"https:\\\/\\\/candas365.es\\\/noticias\\\/hrw-alerta-del-peligro-que-bolsonaro-para-la-democracia\\\/#listItem\",\"position\":3,\"name\":\"HRW alerta del peligro que Bolsonaro para la democracia\",\"previousItem\":{\"@type\":\"ListItem\",\"@id\":\"https:\\\/\\\/candas365.es\\\/noticias\\\/category\\\/actualidad\\\/#listItem\",\"name\":\"Actualidad\"}}]},{\"@type\":\"NewsArticle\",\"@id\":\"https:\\\/\\\/candas365.es\\\/noticias\\\/hrw-alerta-del-peligro-que-bolsonaro-para-la-democracia\\\/#newsarticle\",\"name\":\"HRW alerta del peligro que Bolsonaro para la democracia | Cand\\u00e1s 365\",\"headline\":\"HRW alerta del peligro que Bolsonaro para la democracia\",\"author\":{\"@id\":\"https:\\\/\\\/candas365.es\\\/noticias\\\/author\\\/admin\\\/#author\"},\"publisher\":{\"@id\":\"https:\\\/\\\/candas365.es\\\/noticias\\\/#organization\"},\"image\":{\"@type\":\"ImageObject\",\"url\":\"https:\\\/\\\/candas365.es\\\/noticias\\\/wp-content\\\/uploads\\\/2021\\\/09\\\/Brasil.jpg\",\"width\":640,\"height\":360},\"datePublished\":\"2021-09-15T17:48:46+02:00\",\"dateModified\":\"2021-09-15T17:48:46+02:00\",\"inLanguage\":\"es-ES\",\"mainEntityOfPage\":{\"@id\":\"https:\\\/\\\/candas365.es\\\/noticias\\\/hrw-alerta-del-peligro-que-bolsonaro-para-la-democracia\\\/#webpage\"},\"isPartOf\":{\"@id\":\"https:\\\/\\\/candas365.es\\\/noticias\\\/hrw-alerta-del-peligro-que-bolsonaro-para-la-democracia\\\/#webpage\"},\"articleSection\":\"Actualidad, Brasil, Internacional\",\"dateline\":\"Publicado el septiembre 15, 2021.\"},{\"@type\":\"Organization\",\"@id\":\"https:\\\/\\\/candas365.es\\\/noticias\\\/#organization\",\"name\":\"Cand\\u00e1s 365\",\"description\":\"Cand\\u00e1s 365 es un diario digital independiente, fundado en 2012, con base en Asturias. Informamos con rigor sobre actualidad, sociedad, cultura y ocio, con una mirada local y global.\",\"url\":\"https:\\\/\\\/candas365.es\\\/noticias\\\/\",\"email\":\"info@candas365.es\",\"telephone\":\"+34652131393\",\"foundingDate\":\"2012-06-10\",\"logo\":{\"@type\":\"ImageObject\",\"url\":\"https:\\\/\\\/candas365.es\\\/noticias\\\/wp-content\\\/uploads\\\/2024\\\/09\\\/Candas-365-Redes.jpg\",\"@id\":\"https:\\\/\\\/candas365.es\\\/noticias\\\/hrw-alerta-del-peligro-que-bolsonaro-para-la-democracia\\\/#organizationLogo\",\"width\":1152,\"height\":864,\"caption\":\"Cand\\u00e1s 365 Redes\"},\"image\":{\"@id\":\"https:\\\/\\\/candas365.es\\\/noticias\\\/hrw-alerta-del-peligro-que-bolsonaro-para-la-democracia\\\/#organizationLogo\"},\"sameAs\":[\"https:\\\/\\\/www.facebook.com\\\/Nachofdezber\",\"https:\\\/\\\/x.com\\\/NabercoDigital\",\"https:\\\/\\\/www.instagram.com\\\/nachofdezber\\\/\",\"https:\\\/\\\/www.youtube.com\\\/channel\\\/UCZP-2wLEB9Rv6erhFmqVnvg\"],\"address\":{\"@id\":\"https:\\\/\\\/candas365.es\\\/noticias\\\/#postaladdress\",\"@type\":\"PostalAddress\",\"streetAddress\":\"san antonio 4, san antonio 4\",\"postalCode\":\"33430\",\"addressLocality\":\"Cand\\u00e1s\",\"addressRegion\":\"Asturias\",\"addressCountry\":\"ES\"}},{\"@type\":\"Person\",\"@id\":\"https:\\\/\\\/candas365.es\\\/noticias\\\/author\\\/admin\\\/#author\",\"url\":\"https:\\\/\\\/candas365.es\\\/noticias\\\/author\\\/admin\\\/\",\"name\":\"Cand\\u00e1s 365\",\"image\":{\"@type\":\"ImageObject\",\"@id\":\"https:\\\/\\\/candas365.es\\\/noticias\\\/hrw-alerta-del-peligro-que-bolsonaro-para-la-democracia\\\/#authorImage\",\"url\":\"https:\\\/\\\/secure.gravatar.com\\\/avatar\\\/496a8e03d0c493ede1718b7934145dbdf8d89be1036b0eec9544e1094c9de390?s=96&d=mm&r=g\",\"width\":96,\"height\":96,\"caption\":\"Cand\\u00e1s 365\"},\"sameAs\":[\"https:\\\/\\\/www.facebook.com\\\/carrenoactualidad\",\"https:\\\/\\\/twitter.com\\\/nbasturias\",\"https:\\\/\\\/www.instagram.com\\\/nachofdezber\\\/\",\"https:\\\/\\\/www.youtube.com\\\/channel\\\/UCZP-2wLEB9Rv6erhFmqVnvg\"]},{\"@type\":\"WebPage\",\"@id\":\"https:\\\/\\\/candas365.es\\\/noticias\\\/hrw-alerta-del-peligro-que-bolsonaro-para-la-democracia\\\/#webpage\",\"url\":\"https:\\\/\\\/candas365.es\\\/noticias\\\/hrw-alerta-del-peligro-que-bolsonaro-para-la-democracia\\\/\",\"name\":\"HRW alerta del peligro que Bolsonaro para la democracia | Cand\\u00e1s 365\",\"description\":\"La ONG Human Rights Watch (HRW) ha alertado este mi\\u00e9rcoles de que el presidente de Brasil, Jair Bolsonaro, a quien ha tildado de \\\"apologeta de la dictadura\\\",\",\"inLanguage\":\"es-ES\",\"isPartOf\":{\"@id\":\"https:\\\/\\\/candas365.es\\\/noticias\\\/#website\"},\"breadcrumb\":{\"@id\":\"https:\\\/\\\/candas365.es\\\/noticias\\\/hrw-alerta-del-peligro-que-bolsonaro-para-la-democracia\\\/#breadcrumblist\"},\"author\":{\"@id\":\"https:\\\/\\\/candas365.es\\\/noticias\\\/author\\\/admin\\\/#author\"},\"creator\":{\"@id\":\"https:\\\/\\\/candas365.es\\\/noticias\\\/author\\\/admin\\\/#author\"},\"image\":{\"@type\":\"ImageObject\",\"url\":\"https:\\\/\\\/candas365.es\\\/noticias\\\/wp-content\\\/uploads\\\/2021\\\/09\\\/Brasil.jpg\",\"@id\":\"https:\\\/\\\/candas365.es\\\/noticias\\\/hrw-alerta-del-peligro-que-bolsonaro-para-la-democracia\\\/#mainImage\",\"width\":640,\"height\":360},\"primaryImageOfPage\":{\"@id\":\"https:\\\/\\\/candas365.es\\\/noticias\\\/hrw-alerta-del-peligro-que-bolsonaro-para-la-democracia\\\/#mainImage\"},\"datePublished\":\"2021-09-15T17:48:46+02:00\",\"dateModified\":\"2021-09-15T17:48:46+02:00\"},{\"@type\":\"WebSite\",\"@id\":\"https:\\\/\\\/candas365.es\\\/noticias\\\/#website\",\"url\":\"https:\\\/\\\/candas365.es\\\/noticias\\\/\",\"name\":\"Cand\\u00e1s 365\",\"alternateName\":\"Cand\\u00e1s 365 Noticias\",\"description\":\"Actualidad desde Carre\\u00f1o para el mundo\",\"inLanguage\":\"es-ES\",\"publisher\":{\"@id\":\"https:\\\/\\\/candas365.es\\\/noticias\\\/#organization\"}}]}\n\t\t<\/script>\n\t\t<!-- All in One SEO Pro -->\r\n\t\t<title>HRW alerta del peligro que Bolsonaro para la democracia | Cand\u00e1s 365<\/title>\n\n","aioseo_head_json":{"title":"HRW alerta del peligro que Bolsonaro para la democracia | Cand\u00e1s 365","description":"La ONG Human Rights Watch (HRW) ha alertado este mi\u00e9rcoles de que el presidente de Brasil, Jair Bolsonaro, a quien ha tildado de \"apologeta de la dictadura\",","canonical_url":"https:\/\/candas365.es\/noticias\/hrw-alerta-del-peligro-que-bolsonaro-para-la-democracia\/","robots":"max-image-preview:large","keywords":"actualidad","webmasterTools":{"google-site-verification":"UA-32230408-1","msvalidate.01":"354F3CDFB2DA171B47FBE9ABF1F88D5","miscellaneous":""},"schema":{"@context":"https:\/\/schema.org","@graph":[{"@type":"BreadcrumbList","@id":"https:\/\/candas365.es\/noticias\/hrw-alerta-del-peligro-que-bolsonaro-para-la-democracia\/#breadcrumblist","itemListElement":[{"@type":"ListItem","@id":"https:\/\/candas365.es\/noticias#listItem","position":1,"name":"Home","item":"https:\/\/candas365.es\/noticias","nextItem":{"@type":"ListItem","@id":"https:\/\/candas365.es\/noticias\/category\/actualidad\/#listItem","name":"Actualidad"}},{"@type":"ListItem","@id":"https:\/\/candas365.es\/noticias\/category\/actualidad\/#listItem","position":2,"name":"Actualidad","item":"https:\/\/candas365.es\/noticias\/category\/actualidad\/","nextItem":{"@type":"ListItem","@id":"https:\/\/candas365.es\/noticias\/hrw-alerta-del-peligro-que-bolsonaro-para-la-democracia\/#listItem","name":"HRW alerta del peligro que Bolsonaro para la democracia"},"previousItem":{"@type":"ListItem","@id":"https:\/\/candas365.es\/noticias#listItem","name":"Home"}},{"@type":"ListItem","@id":"https:\/\/candas365.es\/noticias\/hrw-alerta-del-peligro-que-bolsonaro-para-la-democracia\/#listItem","position":3,"name":"HRW alerta del peligro que Bolsonaro para la democracia","previousItem":{"@type":"ListItem","@id":"https:\/\/candas365.es\/noticias\/category\/actualidad\/#listItem","name":"Actualidad"}}]},{"@type":"NewsArticle","@id":"https:\/\/candas365.es\/noticias\/hrw-alerta-del-peligro-que-bolsonaro-para-la-democracia\/#newsarticle","name":"HRW alerta del peligro que Bolsonaro para la democracia | Cand\u00e1s 365","headline":"HRW alerta del peligro que Bolsonaro para la democracia","author":{"@id":"https:\/\/candas365.es\/noticias\/author\/admin\/#author"},"publisher":{"@id":"https:\/\/candas365.es\/noticias\/#organization"},"image":{"@type":"ImageObject","url":"https:\/\/candas365.es\/noticias\/wp-content\/uploads\/2021\/09\/Brasil.jpg","width":640,"height":360},"datePublished":"2021-09-15T17:48:46+02:00","dateModified":"2021-09-15T17:48:46+02:00","inLanguage":"es-ES","mainEntityOfPage":{"@id":"https:\/\/candas365.es\/noticias\/hrw-alerta-del-peligro-que-bolsonaro-para-la-democracia\/#webpage"},"isPartOf":{"@id":"https:\/\/candas365.es\/noticias\/hrw-alerta-del-peligro-que-bolsonaro-para-la-democracia\/#webpage"},"articleSection":"Actualidad, Brasil, Internacional","dateline":"Publicado el septiembre 15, 2021."},{"@type":"Organization","@id":"https:\/\/candas365.es\/noticias\/#organization","name":"Cand\u00e1s 365","description":"Cand\u00e1s 365 es un diario digital independiente, fundado en 2012, con base en Asturias. Informamos con rigor sobre actualidad, sociedad, cultura y ocio, con una mirada local y global.","url":"https:\/\/candas365.es\/noticias\/","email":"info@candas365.es","telephone":"+34652131393","foundingDate":"2012-06-10","logo":{"@type":"ImageObject","url":"https:\/\/candas365.es\/noticias\/wp-content\/uploads\/2024\/09\/Candas-365-Redes.jpg","@id":"https:\/\/candas365.es\/noticias\/hrw-alerta-del-peligro-que-bolsonaro-para-la-democracia\/#organizationLogo","width":1152,"height":864,"caption":"Cand\u00e1s 365 Redes"},"image":{"@id":"https:\/\/candas365.es\/noticias\/hrw-alerta-del-peligro-que-bolsonaro-para-la-democracia\/#organizationLogo"},"sameAs":["https:\/\/www.facebook.com\/Nachofdezber","https:\/\/x.com\/NabercoDigital","https:\/\/www.instagram.com\/nachofdezber\/","https:\/\/www.youtube.com\/channel\/UCZP-2wLEB9Rv6erhFmqVnvg"],"address":{"@id":"https:\/\/candas365.es\/noticias\/#postaladdress","@type":"PostalAddress","streetAddress":"san antonio 4, san antonio 4","postalCode":"33430","addressLocality":"Cand\u00e1s","addressRegion":"Asturias","addressCountry":"ES"}},{"@type":"Person","@id":"https:\/\/candas365.es\/noticias\/author\/admin\/#author","url":"https:\/\/candas365.es\/noticias\/author\/admin\/","name":"Cand\u00e1s 365","image":{"@type":"ImageObject","@id":"https:\/\/candas365.es\/noticias\/hrw-alerta-del-peligro-que-bolsonaro-para-la-democracia\/#authorImage","url":"https:\/\/secure.gravatar.com\/avatar\/496a8e03d0c493ede1718b7934145dbdf8d89be1036b0eec9544e1094c9de390?s=96&d=mm&r=g","width":96,"height":96,"caption":"Cand\u00e1s 365"},"sameAs":["https:\/\/www.facebook.com\/carrenoactualidad","https:\/\/twitter.com\/nbasturias","https:\/\/www.instagram.com\/nachofdezber\/","https:\/\/www.youtube.com\/channel\/UCZP-2wLEB9Rv6erhFmqVnvg"]},{"@type":"WebPage","@id":"https:\/\/candas365.es\/noticias\/hrw-alerta-del-peligro-que-bolsonaro-para-la-democracia\/#webpage","url":"https:\/\/candas365.es\/noticias\/hrw-alerta-del-peligro-que-bolsonaro-para-la-democracia\/","name":"HRW alerta del peligro que Bolsonaro para la democracia | Cand\u00e1s 365","description":"La ONG Human Rights Watch (HRW) ha alertado este mi\u00e9rcoles de que el presidente de Brasil, Jair Bolsonaro, a quien ha tildado de \"apologeta de la dictadura\",","inLanguage":"es-ES","isPartOf":{"@id":"https:\/\/candas365.es\/noticias\/#website"},"breadcrumb":{"@id":"https:\/\/candas365.es\/noticias\/hrw-alerta-del-peligro-que-bolsonaro-para-la-democracia\/#breadcrumblist"},"author":{"@id":"https:\/\/candas365.es\/noticias\/author\/admin\/#author"},"creator":{"@id":"https:\/\/candas365.es\/noticias\/author\/admin\/#author"},"image":{"@type":"ImageObject","url":"https:\/\/candas365.es\/noticias\/wp-content\/uploads\/2021\/09\/Brasil.jpg","@id":"https:\/\/candas365.es\/noticias\/hrw-alerta-del-peligro-que-bolsonaro-para-la-democracia\/#mainImage","width":640,"height":360},"primaryImageOfPage":{"@id":"https:\/\/candas365.es\/noticias\/hrw-alerta-del-peligro-que-bolsonaro-para-la-democracia\/#mainImage"},"datePublished":"2021-09-15T17:48:46+02:00","dateModified":"2021-09-15T17:48:46+02:00"},{"@type":"WebSite","@id":"https:\/\/candas365.es\/noticias\/#website","url":"https:\/\/candas365.es\/noticias\/","name":"Cand\u00e1s 365","alternateName":"Cand\u00e1s 365 Noticias","description":"Actualidad desde Carre\u00f1o para el mundo","inLanguage":"es-ES","publisher":{"@id":"https:\/\/candas365.es\/noticias\/#organization"}}]},"og:locale":"es_ES","og:site_name":"Cand\u00e1s 365","og:type":"article","og:title":"HRW alerta del peligro que Bolsonaro para la democracia | Cand\u00e1s 365","og:description":"La ONG Human Rights Watch (HRW) ha alertado este mi\u00e9rcoles de que el presidente de Brasil, Jair Bolsonaro, a quien ha tildado de &quot;apologeta de la dictadura&quot;,","og:url":"https:\/\/candas365.es\/noticias\/hrw-alerta-del-peligro-que-bolsonaro-para-la-democracia\/","og:image":"https:\/\/candas365.es\/noticias\/wp-content\/uploads\/2021\/09\/Brasil.jpg","og:image:secure_url":"https:\/\/candas365.es\/noticias\/wp-content\/uploads\/2021\/09\/Brasil.jpg","og:image:width":640,"og:image:height":360,"article:published_time":"2021-09-15T17:48:46+00:00","article:modified_time":"2021-09-15T17:48:46+00:00","article:publisher":"https:\/\/www.facebook.com\/Nachofdezber","article:author":"https:\/\/www.facebook.com\/carrenoactualidad","twitter:card":"summary_large_image","twitter:site":"@NabercoDigital","twitter:title":"HRW alerta del peligro que Bolsonaro para la democracia | Cand\u00e1s 365","twitter:description":"La ONG Human Rights Watch (HRW) ha alertado este mi\u00e9rcoles de que el presidente de Brasil, Jair Bolsonaro, a quien ha tildado de &quot;apologeta de la dictadura&quot;,","twitter:creator":"@nbasturias","twitter:image":"https:\/\/candas365.es\/noticias\/wp-content\/uploads\/2021\/09\/Brasil.jpg","twitter:label1":"Escrito por","twitter:data1":"Cand\u00e1s 365","twitter:label2":"Tiempo de lectura estimado","twitter:data2":"3 minutos"},"aioseo_meta_data":{"post_id":"158434","title":null,"description":"La ONG Human Rights Watch (HRW) ha alertado este mi\u00e9rcoles de que el presidente de Brasil, Jair Bolsonaro, a quien ha tildado de \"apologeta de la dictadura\",","keywords":[],"keyphrases":{"focus":{"keyphrase":"Bolsonaro","score":78,"analysis":{"keyphraseInTitle":{"title":"Focus Keyphrase in SEO title","description":"Focus Keyphrase found in SEO title.","score":9,"maxScore":9,"error":0},"keyphraseInDescription":{"title":"Focus keyphrase in meta description","description":"Focus keyphrase found in meta description.","score":9,"maxScore":9,"error":0},"keyphraseInURL":[],"keyphraseLength":{"title":"Focus keyphrase length","description":"Good job!","score":9,"maxScore":9,"error":0,"length":1},"keyphraseInIntroduction":{"title":"Focus keyphrase in introduction","description":"Your Focus keyphrase appears in the first paragraph. Well done!","score":9,"maxScore":9,"error":0},"keyphraseInSubHeadings":{"title":"Focus Keyphrase in Subheadings","description":"Use your focus keyphrase more in your H2 and H3 subheadings.","score":3,"maxScore":9,"error":1},"keyphraseInImageAlt":{"title":"Focus keyphrase in image alt attributes","description":"Focus keyphrase not found in image alt attribute(s). Add an image with your Focus keyphrase as alt text.","score":3,"maxScore":9,"error":1}}},"additional":[{"keyphrase":"Human Rights Watch ","score":83,"analysis":{"keyphraseInDescription":{"title":"Keyphrase in meta description","description":"Keyphrase found in meta description.","score":9,"maxScore":9,"error":0},"keyphraseLength":{"title":"Keyphrase length","description":"Good job!","score":9,"maxScore":9,"error":0,"length":3},"keyphraseInIntroduction":{"title":"Keyphrase in introduction","description":"Your Keyphrase appears in the first paragraph. Well done!","score":9,"maxScore":9,"error":0},"keyphraseInImageAlt":{"title":"Keyphrase in image alt attributes","description":"Keyphrase not found in image alt attribute(s). Add an image with your Keyphrase as alt text.","score":3,"maxScore":9,"error":1}}},{"keyphrase":"Brasil","score":83,"analysis":{"keyphraseInDescription":{"title":"Keyphrase in meta description","description":"Keyphrase found in meta description.","score":9,"maxScore":9,"error":0},"keyphraseLength":{"title":"Keyphrase length","description":"Good job!","score":9,"maxScore":9,"error":0,"length":1},"keyphraseInIntroduction":{"title":"Keyphrase in introduction","description":"Your Keyphrase appears in the first paragraph. Well done!","score":9,"maxScore":9,"error":0},"keyphraseInImageAlt":{"title":"Keyphrase in image alt attributes","description":"Keyphrase not found in image alt attribute(s). Add an image with your Keyphrase as alt text.","score":3,"maxScore":9,"error":1}}}]},"primary_term":null,"canonical_url":null,"og_title":null,"og_description":null,"og_object_type":"default","og_image_type":"default","og_image_url":null,"og_image_width":null,"og_image_height":null,"og_image_custom_url":null,"og_image_custom_fields":null,"og_video":"","og_custom_url":null,"og_article_section":null,"og_article_tags":[],"twitter_use_og":false,"twitter_card":"default","twitter_image_type":"default","twitter_image_url":null,"twitter_image_custom_url":null,"twitter_image_custom_fields":null,"twitter_title":null,"twitter_description":null,"schema":{"blockGraphs":[],"customGraphs":[],"default":{"data":{"Article":[],"Course":[],"Dataset":[],"FAQPage":[],"Movie":[],"Person":[],"Product":[],"ProductReview":[],"Car":[],"Recipe":[],"Service":[],"SoftwareApplication":[],"WebPage":[]},"graphName":"","isEnabled":true},"graphs":[],"defaultGraph":"Article","defaultPostTypeGraph":""},"schema_type":"default","schema_type_options":"{\"article\":{\"articleType\":\"BlogPosting\"},\"course\":{\"name\":\"\",\"description\":\"\",\"provider\":\"\"},\"faq\":{\"pages\":[]},\"product\":{\"reviews\":[]},\"recipe\":{\"ingredients\":[],\"instructions\":[],\"keywords\":[]},\"software\":{\"reviews\":[],\"operatingSystems\":[]},\"webPage\":{\"webPageType\":\"WebPage\"}}","pillar_content":false,"robots_default":true,"robots_noindex":false,"robots_noarchive":false,"robots_nosnippet":false,"robots_nofollow":false,"robots_noimageindex":false,"robots_noodp":false,"robots_notranslate":false,"robots_max_snippet":"-1","robots_max_videopreview":"-1","robots_max_imagepreview":"large","priority":null,"frequency":"default","location":null,"local_seo":null,"seo_analyzer_scan_date":"2025-09-01 02:29:34","breadcrumb_settings":null,"limit_modified_date":false,"reviewed_by":null,"open_ai":null,"ai":null,"created":"2021-09-15 17:45:27","updated":"2025-09-01 02:29:34"},"aioseo_breadcrumb":"<div class=\"aioseo-breadcrumbs\"><span class=\"aioseo-breadcrumb\">\n\t<a href=\"https:\/\/candas365.es\/noticias\" title=\"Home\">Home<\/a>\n<\/span><span class=\"aioseo-breadcrumb-separator\">&ndash;<\/span><span class=\"aioseo-breadcrumb\">\n\t<a href=\"https:\/\/candas365.es\/noticias\/category\/actualidad\/\" title=\"Actualidad\">Actualidad<\/a>\n<\/span><span class=\"aioseo-breadcrumb-separator\">&ndash;<\/span><span class=\"aioseo-breadcrumb\">\n\tHRW alerta del peligro que Bolsonaro para la democracia\n<\/span><\/div>","aioseo_breadcrumb_json":[{"label":"Home","link":"https:\/\/candas365.es\/noticias"},{"label":"Actualidad","link":"https:\/\/candas365.es\/noticias\/category\/actualidad\/"},{"label":"HRW alerta del peligro que Bolsonaro para la democracia","link":"https:\/\/candas365.es\/noticias\/hrw-alerta-del-peligro-que-bolsonaro-para-la-democracia\/"}],"_links":{"self":[{"href":"https:\/\/candas365.es\/noticias\/wp-json\/wp\/v2\/posts\/158434","targetHints":{"allow":["GET"]}}],"collection":[{"href":"https:\/\/candas365.es\/noticias\/wp-json\/wp\/v2\/posts"}],"about":[{"href":"https:\/\/candas365.es\/noticias\/wp-json\/wp\/v2\/types\/post"}],"author":[{"embeddable":true,"href":"https:\/\/candas365.es\/noticias\/wp-json\/wp\/v2\/users\/1"}],"replies":[{"embeddable":true,"href":"https:\/\/candas365.es\/noticias\/wp-json\/wp\/v2\/comments?post=158434"}],"version-history":[{"count":0,"href":"https:\/\/candas365.es\/noticias\/wp-json\/wp\/v2\/posts\/158434\/revisions"}],"wp:featuredmedia":[{"embeddable":true,"href":"https:\/\/candas365.es\/noticias\/wp-json\/wp\/v2\/media\/158435"}],"wp:attachment":[{"href":"https:\/\/candas365.es\/noticias\/wp-json\/wp\/v2\/media?parent=158434"}],"wp:term":[{"taxonomy":"category","embeddable":true,"href":"https:\/\/candas365.es\/noticias\/wp-json\/wp\/v2\/categories?post=158434"},{"taxonomy":"post_tag","embeddable":true,"href":"https:\/\/candas365.es\/noticias\/wp-json\/wp\/v2\/tags?post=158434"}],"curies":[{"name":"wp","href":"https:\/\/api.w.org\/{rel}","templated":true}]}}