{"id":158404,"date":"2021-09-14T17:55:15","date_gmt":"2021-09-14T17:55:15","guid":{"rendered":"http:\/\/candas365.es\/noticias\/?p=158404"},"modified":"2021-09-14T17:55:15","modified_gmt":"2021-09-14T17:55:15","slug":"jose-eduardo-dos-santos-abandona-su-exilio-y-regresa-a-angola","status":"publish","type":"post","link":"https:\/\/candas365.es\/noticias\/jose-eduardo-dos-santos-abandona-su-exilio-y-regresa-a-angola\/","title":{"rendered":"Jos\u00e9 Eduardo dos Santos abandona su exilio y regresa a Angola"},"content":{"rendered":"<p>(EP) &#8211; El expresidente de Angola Jos\u00e9 Eduardo dos Santos ha regresado este martes al pa\u00eds africano, despu\u00e9s de estar exiliado m\u00e1s de dos a\u00f1os en Barcelona, ha informado la prensa angole\u00f1a.<\/p>\n<p>Seg\u00fan la informaci\u00f3n recogida por la agencia estatal de noticias de Angola, ANGOP, el exmandatario ha aterrizado en el Aeropuerto Internacional 4 de Fevreiro de la capital angole\u00f1a, Luanda, alrededor de las 11.00 horas (hora local).<\/p>\n<p>Dos Santos, de 79 a\u00f1os, se exili\u00f3 en Barcelona en abril de 2019. Lleg\u00f3 a la Presidencia de Angola en septiembre de 1979, tras la muerte de Ant\u00f3nio Agostinho Neto. Ocup\u00f3 el cargo durante 38 a\u00f1os, hasta septiembre de 2017, cuando fue sucedido por el actual mandatario, Joao Louren\u00e7o.<\/p>\n<p>Adem\u00e1s de como presidente, Dos Santos se ha desempe\u00f1ado como comandante en jefe de las Fuerzas Armadas de Angola y presidente del Movimiento Popular de Liberaci\u00f3n de Angola (MPLA), el partido que ha gobernado el pa\u00eds desde su independencia, en noviembre de 1975.<\/p>\n<p>A pesar de que Louren\u00e7o era un hombre de confianza de Dos Santos, desde su llegada al poder ha lanzado numerosas campa\u00f1as contra la corrupci\u00f3n del c\u00edrculo cercano del exmandatario.<\/p>\n","protected":false},"excerpt":{"rendered":"<p>(EP) &#8211; El expresidente de Angola Jos\u00e9 Eduardo dos Santos ha regresado este martes al pa\u00eds africano, despu\u00e9s de estar exiliado m\u00e1s de dos a\u00f1os en Barcelona, ha informado la prensa angole\u00f1a. Seg\u00fan la informaci\u00f3n recogida por la agencia estatal de noticias de Angola, ANGOP, el exmandatario ha aterrizado en el Aeropuerto Internacional 4 de<\/p>\n","protected":false},"author":1,"featured_media":157400,"comment_status":"closed","ping_status":"closed","sticky":false,"template":"","format":"standard","meta":{"footnotes":""},"categories":[1],"tags":[418],"class_list":{"0":"post-158404","1":"post","2":"type-post","3":"status-publish","4":"format-standard","5":"has-post-thumbnail","7":"category-agenda","8":"tag-internacional"},"aioseo_notices":[],"aioseo_head":"\n\t\t<!-- All in One SEO Pro 4.9.6.2 - aioseo.com -->\n\t<meta name=\"description\" content=\"El expresidente de Angola Jos\u00e9 Eduardo dos Santos ha regresado este martes al pa\u00eds africano, despu\u00e9s de estar exiliado m\u00e1s de dos a\u00f1os en Barcelona\" \/>\n\t<meta name=\"robots\" content=\"max-image-preview:large\" \/>\n\t<meta name=\"author\" content=\"Cand\u00e1s 365\"\/>\n\t<meta name=\"google-site-verification\" content=\"UA-32230408-1\" \/>\n\t<meta name=\"msvalidate.01\" content=\"354F3CDFB2DA171B47FBE9ABF1F88D5\" \/>\n\t<meta name=\"keywords\" content=\"agenda\" \/>\n\t<link rel=\"canonical\" href=\"https:\/\/candas365.es\/noticias\/jose-eduardo-dos-santos-abandona-su-exilio-y-regresa-a-angola\/\" \/>\n\t<meta name=\"generator\" content=\"All in One SEO Pro (AIOSEO) 4.9.6.2\" \/>\n\t\t<meta property=\"og:locale\" content=\"es_ES\" \/>\n\t\t<meta property=\"og:site_name\" content=\"Cand\u00e1s 365\" \/>\n\t\t<meta property=\"og:type\" content=\"article\" \/>\n\t\t<meta property=\"og:title\" content=\"Jos\u00e9 Eduardo dos Santos abandona su exilio y regresa a Angola | Cand\u00e1s 365\" \/>\n\t\t<meta property=\"og:description\" content=\"El expresidente de Angola Jos\u00e9 Eduardo dos Santos ha regresado este martes al pa\u00eds africano, despu\u00e9s de estar exiliado m\u00e1s de dos a\u00f1os en Barcelona\" \/>\n\t\t<meta property=\"og:url\" content=\"https:\/\/candas365.es\/noticias\/jose-eduardo-dos-santos-abandona-su-exilio-y-regresa-a-angola\/\" \/>\n\t\t<meta property=\"og:image\" content=\"https:\/\/candas365.es\/noticias\/wp-content\/uploads\/2021\/08\/noticias-urgentes.jpg\" \/>\n\t\t<meta property=\"og:image:secure_url\" content=\"https:\/\/candas365.es\/noticias\/wp-content\/uploads\/2021\/08\/noticias-urgentes.jpg\" \/>\n\t\t<meta property=\"og:image:width\" content=\"640\" \/>\n\t\t<meta property=\"og:image:height\" content=\"400\" \/>\n\t\t<meta property=\"article:published_time\" content=\"2021-09-14T17:55:15+00:00\" \/>\n\t\t<meta property=\"article:modified_time\" content=\"2021-09-14T17:55:15+00:00\" \/>\n\t\t<meta property=\"article:publisher\" content=\"https:\/\/www.facebook.com\/Nachofdezber\" \/>\n\t\t<meta property=\"article:author\" content=\"https:\/\/www.facebook.com\/carrenoactualidad\" \/>\n\t\t<meta name=\"twitter:card\" content=\"summary_large_image\" \/>\n\t\t<meta name=\"twitter:site\" content=\"@NabercoDigital\" \/>\n\t\t<meta name=\"twitter:title\" content=\"Jos\u00e9 Eduardo dos Santos abandona su exilio y regresa a Angola | Cand\u00e1s 365\" \/>\n\t\t<meta name=\"twitter:description\" content=\"El expresidente de Angola Jos\u00e9 Eduardo dos Santos ha regresado este martes al pa\u00eds africano, despu\u00e9s de estar exiliado m\u00e1s de dos a\u00f1os en Barcelona\" \/>\n\t\t<meta name=\"twitter:creator\" content=\"@nbasturias\" \/>\n\t\t<meta name=\"twitter:image\" content=\"https:\/\/candas365.es\/noticias\/wp-content\/uploads\/2021\/08\/noticias-urgentes.jpg\" \/>\n\t\t<meta name=\"twitter:label1\" content=\"Escrito por\" \/>\n\t\t<meta name=\"twitter:data1\" content=\"Cand\u00e1s 365\" \/>\n\t\t<meta name=\"twitter:label2\" content=\"Tiempo de lectura estimado\" \/>\n\t\t<meta name=\"twitter:data2\" content=\"1 minuto\" \/>\n\t\t<script type=\"application\/ld+json\" class=\"aioseo-schema\">\n\t\t\t{\"@context\":\"https:\\\/\\\/schema.org\",\"@graph\":[{\"@type\":\"BreadcrumbList\",\"@id\":\"https:\\\/\\\/candas365.es\\\/noticias\\\/jose-eduardo-dos-santos-abandona-su-exilio-y-regresa-a-angola\\\/#breadcrumblist\",\"itemListElement\":[{\"@type\":\"ListItem\",\"@id\":\"https:\\\/\\\/candas365.es\\\/noticias#listItem\",\"position\":1,\"name\":\"Home\",\"item\":\"https:\\\/\\\/candas365.es\\\/noticias\",\"nextItem\":{\"@type\":\"ListItem\",\"@id\":\"https:\\\/\\\/candas365.es\\\/noticias\\\/category\\\/agenda\\\/#listItem\",\"name\":\"Agenda\"}},{\"@type\":\"ListItem\",\"@id\":\"https:\\\/\\\/candas365.es\\\/noticias\\\/category\\\/agenda\\\/#listItem\",\"position\":2,\"name\":\"Agenda\",\"item\":\"https:\\\/\\\/candas365.es\\\/noticias\\\/category\\\/agenda\\\/\",\"nextItem\":{\"@type\":\"ListItem\",\"@id\":\"https:\\\/\\\/candas365.es\\\/noticias\\\/jose-eduardo-dos-santos-abandona-su-exilio-y-regresa-a-angola\\\/#listItem\",\"name\":\"Jos\\u00e9 Eduardo dos Santos abandona su exilio y regresa a Angola\"},\"previousItem\":{\"@type\":\"ListItem\",\"@id\":\"https:\\\/\\\/candas365.es\\\/noticias#listItem\",\"name\":\"Home\"}},{\"@type\":\"ListItem\",\"@id\":\"https:\\\/\\\/candas365.es\\\/noticias\\\/jose-eduardo-dos-santos-abandona-su-exilio-y-regresa-a-angola\\\/#listItem\",\"position\":3,\"name\":\"Jos\\u00e9 Eduardo dos Santos abandona su exilio y regresa a Angola\",\"previousItem\":{\"@type\":\"ListItem\",\"@id\":\"https:\\\/\\\/candas365.es\\\/noticias\\\/category\\\/agenda\\\/#listItem\",\"name\":\"Agenda\"}}]},{\"@type\":\"NewsArticle\",\"@id\":\"https:\\\/\\\/candas365.es\\\/noticias\\\/jose-eduardo-dos-santos-abandona-su-exilio-y-regresa-a-angola\\\/#newsarticle\",\"name\":\"Jos\\u00e9 Eduardo dos Santos abandona su exilio y regresa a Angola | Cand\\u00e1s 365\",\"headline\":\"Jos\\u00e9 Eduardo dos Santos abandona su exilio y regresa a Angola\",\"author\":{\"@id\":\"https:\\\/\\\/candas365.es\\\/noticias\\\/author\\\/admin\\\/#author\"},\"publisher\":{\"@id\":\"https:\\\/\\\/candas365.es\\\/noticias\\\/#organization\"},\"image\":{\"@type\":\"ImageObject\",\"url\":\"https:\\\/\\\/candas365.es\\\/noticias\\\/wp-content\\\/uploads\\\/2021\\\/08\\\/noticias-urgentes.jpg\",\"width\":640,\"height\":400,\"caption\":\"noticias urgentes\"},\"datePublished\":\"2021-09-14T17:55:15+02:00\",\"dateModified\":\"2021-09-14T17:55:15+02:00\",\"inLanguage\":\"es-ES\",\"mainEntityOfPage\":{\"@id\":\"https:\\\/\\\/candas365.es\\\/noticias\\\/jose-eduardo-dos-santos-abandona-su-exilio-y-regresa-a-angola\\\/#webpage\"},\"isPartOf\":{\"@id\":\"https:\\\/\\\/candas365.es\\\/noticias\\\/jose-eduardo-dos-santos-abandona-su-exilio-y-regresa-a-angola\\\/#webpage\"},\"articleSection\":\"Agenda, Internacional\",\"dateline\":\"Publicado el septiembre 14, 2021.\"},{\"@type\":\"Organization\",\"@id\":\"https:\\\/\\\/candas365.es\\\/noticias\\\/#organization\",\"name\":\"Cand\\u00e1s 365\",\"description\":\"Cand\\u00e1s 365 es un diario digital independiente, fundado en 2012, con base en Asturias. Informamos con rigor sobre actualidad, sociedad, cultura y ocio, con una mirada local y global.\",\"url\":\"https:\\\/\\\/candas365.es\\\/noticias\\\/\",\"email\":\"info@candas365.es\",\"telephone\":\"+34652131393\",\"foundingDate\":\"2012-06-10\",\"logo\":{\"@type\":\"ImageObject\",\"url\":\"https:\\\/\\\/candas365.es\\\/noticias\\\/wp-content\\\/uploads\\\/2024\\\/09\\\/Candas-365-Redes.jpg\",\"@id\":\"https:\\\/\\\/candas365.es\\\/noticias\\\/jose-eduardo-dos-santos-abandona-su-exilio-y-regresa-a-angola\\\/#organizationLogo\",\"width\":1152,\"height\":864,\"caption\":\"Cand\\u00e1s 365 Redes\"},\"image\":{\"@id\":\"https:\\\/\\\/candas365.es\\\/noticias\\\/jose-eduardo-dos-santos-abandona-su-exilio-y-regresa-a-angola\\\/#organizationLogo\"},\"sameAs\":[\"https:\\\/\\\/www.facebook.com\\\/Nachofdezber\",\"https:\\\/\\\/x.com\\\/NabercoDigital\",\"https:\\\/\\\/www.instagram.com\\\/nachofdezber\\\/\",\"https:\\\/\\\/www.youtube.com\\\/channel\\\/UCZP-2wLEB9Rv6erhFmqVnvg\"],\"address\":{\"@id\":\"https:\\\/\\\/candas365.es\\\/noticias\\\/#postaladdress\",\"@type\":\"PostalAddress\",\"streetAddress\":\"san antonio 4, san antonio 4\",\"postalCode\":\"33430\",\"addressLocality\":\"Cand\\u00e1s\",\"addressRegion\":\"Asturias\",\"addressCountry\":\"ES\"}},{\"@type\":\"Person\",\"@id\":\"https:\\\/\\\/candas365.es\\\/noticias\\\/author\\\/admin\\\/#author\",\"url\":\"https:\\\/\\\/candas365.es\\\/noticias\\\/author\\\/admin\\\/\",\"name\":\"Cand\\u00e1s 365\",\"image\":{\"@type\":\"ImageObject\",\"@id\":\"https:\\\/\\\/candas365.es\\\/noticias\\\/jose-eduardo-dos-santos-abandona-su-exilio-y-regresa-a-angola\\\/#authorImage\",\"url\":\"https:\\\/\\\/secure.gravatar.com\\\/avatar\\\/496a8e03d0c493ede1718b7934145dbdf8d89be1036b0eec9544e1094c9de390?s=96&d=mm&r=g\",\"width\":96,\"height\":96,\"caption\":\"Cand\\u00e1s 365\"},\"sameAs\":[\"https:\\\/\\\/www.facebook.com\\\/carrenoactualidad\",\"https:\\\/\\\/twitter.com\\\/nbasturias\",\"https:\\\/\\\/www.instagram.com\\\/nachofdezber\\\/\",\"https:\\\/\\\/www.youtube.com\\\/channel\\\/UCZP-2wLEB9Rv6erhFmqVnvg\"]},{\"@type\":\"WebPage\",\"@id\":\"https:\\\/\\\/candas365.es\\\/noticias\\\/jose-eduardo-dos-santos-abandona-su-exilio-y-regresa-a-angola\\\/#webpage\",\"url\":\"https:\\\/\\\/candas365.es\\\/noticias\\\/jose-eduardo-dos-santos-abandona-su-exilio-y-regresa-a-angola\\\/\",\"name\":\"Jos\\u00e9 Eduardo dos Santos abandona su exilio y regresa a Angola | Cand\\u00e1s 365\",\"description\":\"El expresidente de Angola Jos\\u00e9 Eduardo dos Santos ha regresado este martes al pa\\u00eds africano, despu\\u00e9s de estar exiliado m\\u00e1s de dos a\\u00f1os en Barcelona\",\"inLanguage\":\"es-ES\",\"isPartOf\":{\"@id\":\"https:\\\/\\\/candas365.es\\\/noticias\\\/#website\"},\"breadcrumb\":{\"@id\":\"https:\\\/\\\/candas365.es\\\/noticias\\\/jose-eduardo-dos-santos-abandona-su-exilio-y-regresa-a-angola\\\/#breadcrumblist\"},\"author\":{\"@id\":\"https:\\\/\\\/candas365.es\\\/noticias\\\/author\\\/admin\\\/#author\"},\"creator\":{\"@id\":\"https:\\\/\\\/candas365.es\\\/noticias\\\/author\\\/admin\\\/#author\"},\"image\":{\"@type\":\"ImageObject\",\"url\":\"https:\\\/\\\/candas365.es\\\/noticias\\\/wp-content\\\/uploads\\\/2021\\\/08\\\/noticias-urgentes.jpg\",\"@id\":\"https:\\\/\\\/candas365.es\\\/noticias\\\/jose-eduardo-dos-santos-abandona-su-exilio-y-regresa-a-angola\\\/#mainImage\",\"width\":640,\"height\":400,\"caption\":\"noticias urgentes\"},\"primaryImageOfPage\":{\"@id\":\"https:\\\/\\\/candas365.es\\\/noticias\\\/jose-eduardo-dos-santos-abandona-su-exilio-y-regresa-a-angola\\\/#mainImage\"},\"datePublished\":\"2021-09-14T17:55:15+02:00\",\"dateModified\":\"2021-09-14T17:55:15+02:00\"},{\"@type\":\"WebSite\",\"@id\":\"https:\\\/\\\/candas365.es\\\/noticias\\\/#website\",\"url\":\"https:\\\/\\\/candas365.es\\\/noticias\\\/\",\"name\":\"Cand\\u00e1s 365\",\"alternateName\":\"Cand\\u00e1s 365 Noticias\",\"description\":\"Actualidad desde Carre\\u00f1o para el mundo\",\"inLanguage\":\"es-ES\",\"publisher\":{\"@id\":\"https:\\\/\\\/candas365.es\\\/noticias\\\/#organization\"}}]}\n\t\t<\/script>\n\t\t<!-- All in One SEO Pro -->\r\n\t\t<title>Jos\u00e9 Eduardo dos Santos abandona su exilio y regresa a Angola | Cand\u00e1s 365<\/title>\n\n","aioseo_head_json":{"title":"Jos\u00e9 Eduardo dos Santos abandona su exilio y regresa a Angola | Cand\u00e1s 365","description":"El expresidente de Angola Jos\u00e9 Eduardo dos Santos ha regresado este martes al pa\u00eds africano, despu\u00e9s de estar exiliado m\u00e1s de dos a\u00f1os en Barcelona","canonical_url":"https:\/\/candas365.es\/noticias\/jose-eduardo-dos-santos-abandona-su-exilio-y-regresa-a-angola\/","robots":"max-image-preview:large","keywords":"agenda","webmasterTools":{"google-site-verification":"UA-32230408-1","msvalidate.01":"354F3CDFB2DA171B47FBE9ABF1F88D5","miscellaneous":""},"schema":{"@context":"https:\/\/schema.org","@graph":[{"@type":"BreadcrumbList","@id":"https:\/\/candas365.es\/noticias\/jose-eduardo-dos-santos-abandona-su-exilio-y-regresa-a-angola\/#breadcrumblist","itemListElement":[{"@type":"ListItem","@id":"https:\/\/candas365.es\/noticias#listItem","position":1,"name":"Home","item":"https:\/\/candas365.es\/noticias","nextItem":{"@type":"ListItem","@id":"https:\/\/candas365.es\/noticias\/category\/agenda\/#listItem","name":"Agenda"}},{"@type":"ListItem","@id":"https:\/\/candas365.es\/noticias\/category\/agenda\/#listItem","position":2,"name":"Agenda","item":"https:\/\/candas365.es\/noticias\/category\/agenda\/","nextItem":{"@type":"ListItem","@id":"https:\/\/candas365.es\/noticias\/jose-eduardo-dos-santos-abandona-su-exilio-y-regresa-a-angola\/#listItem","name":"Jos\u00e9 Eduardo dos Santos abandona su exilio y regresa a Angola"},"previousItem":{"@type":"ListItem","@id":"https:\/\/candas365.es\/noticias#listItem","name":"Home"}},{"@type":"ListItem","@id":"https:\/\/candas365.es\/noticias\/jose-eduardo-dos-santos-abandona-su-exilio-y-regresa-a-angola\/#listItem","position":3,"name":"Jos\u00e9 Eduardo dos Santos abandona su exilio y regresa a Angola","previousItem":{"@type":"ListItem","@id":"https:\/\/candas365.es\/noticias\/category\/agenda\/#listItem","name":"Agenda"}}]},{"@type":"NewsArticle","@id":"https:\/\/candas365.es\/noticias\/jose-eduardo-dos-santos-abandona-su-exilio-y-regresa-a-angola\/#newsarticle","name":"Jos\u00e9 Eduardo dos Santos abandona su exilio y regresa a Angola | Cand\u00e1s 365","headline":"Jos\u00e9 Eduardo dos Santos abandona su exilio y regresa a Angola","author":{"@id":"https:\/\/candas365.es\/noticias\/author\/admin\/#author"},"publisher":{"@id":"https:\/\/candas365.es\/noticias\/#organization"},"image":{"@type":"ImageObject","url":"https:\/\/candas365.es\/noticias\/wp-content\/uploads\/2021\/08\/noticias-urgentes.jpg","width":640,"height":400,"caption":"noticias urgentes"},"datePublished":"2021-09-14T17:55:15+02:00","dateModified":"2021-09-14T17:55:15+02:00","inLanguage":"es-ES","mainEntityOfPage":{"@id":"https:\/\/candas365.es\/noticias\/jose-eduardo-dos-santos-abandona-su-exilio-y-regresa-a-angola\/#webpage"},"isPartOf":{"@id":"https:\/\/candas365.es\/noticias\/jose-eduardo-dos-santos-abandona-su-exilio-y-regresa-a-angola\/#webpage"},"articleSection":"Agenda, Internacional","dateline":"Publicado el septiembre 14, 2021."},{"@type":"Organization","@id":"https:\/\/candas365.es\/noticias\/#organization","name":"Cand\u00e1s 365","description":"Cand\u00e1s 365 es un diario digital independiente, fundado en 2012, con base en Asturias. Informamos con rigor sobre actualidad, sociedad, cultura y ocio, con una mirada local y global.","url":"https:\/\/candas365.es\/noticias\/","email":"info@candas365.es","telephone":"+34652131393","foundingDate":"2012-06-10","logo":{"@type":"ImageObject","url":"https:\/\/candas365.es\/noticias\/wp-content\/uploads\/2024\/09\/Candas-365-Redes.jpg","@id":"https:\/\/candas365.es\/noticias\/jose-eduardo-dos-santos-abandona-su-exilio-y-regresa-a-angola\/#organizationLogo","width":1152,"height":864,"caption":"Cand\u00e1s 365 Redes"},"image":{"@id":"https:\/\/candas365.es\/noticias\/jose-eduardo-dos-santos-abandona-su-exilio-y-regresa-a-angola\/#organizationLogo"},"sameAs":["https:\/\/www.facebook.com\/Nachofdezber","https:\/\/x.com\/NabercoDigital","https:\/\/www.instagram.com\/nachofdezber\/","https:\/\/www.youtube.com\/channel\/UCZP-2wLEB9Rv6erhFmqVnvg"],"address":{"@id":"https:\/\/candas365.es\/noticias\/#postaladdress","@type":"PostalAddress","streetAddress":"san antonio 4, san antonio 4","postalCode":"33430","addressLocality":"Cand\u00e1s","addressRegion":"Asturias","addressCountry":"ES"}},{"@type":"Person","@id":"https:\/\/candas365.es\/noticias\/author\/admin\/#author","url":"https:\/\/candas365.es\/noticias\/author\/admin\/","name":"Cand\u00e1s 365","image":{"@type":"ImageObject","@id":"https:\/\/candas365.es\/noticias\/jose-eduardo-dos-santos-abandona-su-exilio-y-regresa-a-angola\/#authorImage","url":"https:\/\/secure.gravatar.com\/avatar\/496a8e03d0c493ede1718b7934145dbdf8d89be1036b0eec9544e1094c9de390?s=96&d=mm&r=g","width":96,"height":96,"caption":"Cand\u00e1s 365"},"sameAs":["https:\/\/www.facebook.com\/carrenoactualidad","https:\/\/twitter.com\/nbasturias","https:\/\/www.instagram.com\/nachofdezber\/","https:\/\/www.youtube.com\/channel\/UCZP-2wLEB9Rv6erhFmqVnvg"]},{"@type":"WebPage","@id":"https:\/\/candas365.es\/noticias\/jose-eduardo-dos-santos-abandona-su-exilio-y-regresa-a-angola\/#webpage","url":"https:\/\/candas365.es\/noticias\/jose-eduardo-dos-santos-abandona-su-exilio-y-regresa-a-angola\/","name":"Jos\u00e9 Eduardo dos Santos abandona su exilio y regresa a Angola | Cand\u00e1s 365","description":"El expresidente de Angola Jos\u00e9 Eduardo dos Santos ha regresado este martes al pa\u00eds africano, despu\u00e9s de estar exiliado m\u00e1s de dos a\u00f1os en Barcelona","inLanguage":"es-ES","isPartOf":{"@id":"https:\/\/candas365.es\/noticias\/#website"},"breadcrumb":{"@id":"https:\/\/candas365.es\/noticias\/jose-eduardo-dos-santos-abandona-su-exilio-y-regresa-a-angola\/#breadcrumblist"},"author":{"@id":"https:\/\/candas365.es\/noticias\/author\/admin\/#author"},"creator":{"@id":"https:\/\/candas365.es\/noticias\/author\/admin\/#author"},"image":{"@type":"ImageObject","url":"https:\/\/candas365.es\/noticias\/wp-content\/uploads\/2021\/08\/noticias-urgentes.jpg","@id":"https:\/\/candas365.es\/noticias\/jose-eduardo-dos-santos-abandona-su-exilio-y-regresa-a-angola\/#mainImage","width":640,"height":400,"caption":"noticias urgentes"},"primaryImageOfPage":{"@id":"https:\/\/candas365.es\/noticias\/jose-eduardo-dos-santos-abandona-su-exilio-y-regresa-a-angola\/#mainImage"},"datePublished":"2021-09-14T17:55:15+02:00","dateModified":"2021-09-14T17:55:15+02:00"},{"@type":"WebSite","@id":"https:\/\/candas365.es\/noticias\/#website","url":"https:\/\/candas365.es\/noticias\/","name":"Cand\u00e1s 365","alternateName":"Cand\u00e1s 365 Noticias","description":"Actualidad desde Carre\u00f1o para el mundo","inLanguage":"es-ES","publisher":{"@id":"https:\/\/candas365.es\/noticias\/#organization"}}]},"og:locale":"es_ES","og:site_name":"Cand\u00e1s 365","og:type":"article","og:title":"Jos\u00e9 Eduardo dos Santos abandona su exilio y regresa a Angola | Cand\u00e1s 365","og:description":"El expresidente de Angola Jos\u00e9 Eduardo dos Santos ha regresado este martes al pa\u00eds africano, despu\u00e9s de estar exiliado m\u00e1s de dos a\u00f1os en Barcelona","og:url":"https:\/\/candas365.es\/noticias\/jose-eduardo-dos-santos-abandona-su-exilio-y-regresa-a-angola\/","og:image":"https:\/\/candas365.es\/noticias\/wp-content\/uploads\/2021\/08\/noticias-urgentes.jpg","og:image:secure_url":"https:\/\/candas365.es\/noticias\/wp-content\/uploads\/2021\/08\/noticias-urgentes.jpg","og:image:width":640,"og:image:height":400,"article:published_time":"2021-09-14T17:55:15+00:00","article:modified_time":"2021-09-14T17:55:15+00:00","article:publisher":"https:\/\/www.facebook.com\/Nachofdezber","article:author":"https:\/\/www.facebook.com\/carrenoactualidad","twitter:card":"summary_large_image","twitter:site":"@NabercoDigital","twitter:title":"Jos\u00e9 Eduardo dos Santos abandona su exilio y regresa a Angola | Cand\u00e1s 365","twitter:description":"El expresidente de Angola Jos\u00e9 Eduardo dos Santos ha regresado este martes al pa\u00eds africano, despu\u00e9s de estar exiliado m\u00e1s de dos a\u00f1os en Barcelona","twitter:creator":"@nbasturias","twitter:image":"https:\/\/candas365.es\/noticias\/wp-content\/uploads\/2021\/08\/noticias-urgentes.jpg","twitter:label1":"Escrito por","twitter:data1":"Cand\u00e1s 365","twitter:label2":"Tiempo de lectura estimado","twitter:data2":"1 minuto"},"aioseo_meta_data":{"post_id":"158404","title":null,"description":"El expresidente de Angola Jos\u00e9 Eduardo dos Santos ha regresado este martes al pa\u00eds africano, despu\u00e9s de estar exiliado m\u00e1s de dos a\u00f1os en Barcelona","keywords":[],"keyphrases":{"focus":{"keyphrase":"Angola","score":100,"analysis":{"keyphraseInTitle":{"title":"Focus Keyphrase in SEO title","description":"Focus Keyphrase found in SEO title.","score":9,"maxScore":9,"error":0},"keyphraseInDescription":{"title":"Focus keyphrase in meta description","description":"Focus keyphrase found in meta description.","score":9,"maxScore":9,"error":0},"keyphraseInURL":[],"keyphraseLength":{"title":"Focus keyphrase length","description":"Good job!","score":9,"maxScore":9,"error":0,"length":1},"keyphraseInIntroduction":{"title":"Focus keyphrase in introduction","description":"Your Focus keyphrase appears in the first paragraph. Well done!","score":9,"maxScore":9,"error":0},"keyphraseInSubHeadings":[],"keyphraseInImageAlt":[]}},"additional":[{"keyphrase":"expresidente","score":100,"analysis":{"keyphraseInDescription":{"title":"Keyphrase in meta description","description":"Keyphrase found in meta description.","score":9,"maxScore":9,"error":0},"keyphraseLength":{"title":"Keyphrase length","description":"Good job!","score":9,"maxScore":9,"error":0,"length":1},"keyphraseInIntroduction":{"title":"Keyphrase in introduction","description":"Your Keyphrase appears in the first paragraph. Well done!","score":9,"maxScore":9,"error":0},"keyphraseInImageAlt":[]}},{"keyphrase":"Jos\u00e9 Eduardo dos Santos ","score":100,"analysis":{"keyphraseInDescription":{"title":"Keyphrase in meta description","description":"Keyphrase found in meta description.","score":9,"maxScore":9,"error":0},"keyphraseLength":{"title":"Keyphrase length","description":"Good job!","score":9,"maxScore":9,"error":0,"length":4},"keyphraseInIntroduction":{"title":"Keyphrase in introduction","description":"Your Keyphrase appears in the first paragraph. Well done!","score":9,"maxScore":9,"error":0},"keyphraseInImageAlt":[]}}]},"primary_term":null,"canonical_url":null,"og_title":null,"og_description":null,"og_object_type":"default","og_image_type":"default","og_image_url":null,"og_image_width":null,"og_image_height":null,"og_image_custom_url":null,"og_image_custom_fields":null,"og_video":"","og_custom_url":null,"og_article_section":null,"og_article_tags":[],"twitter_use_og":false,"twitter_card":"default","twitter_image_type":"default","twitter_image_url":null,"twitter_image_custom_url":null,"twitter_image_custom_fields":null,"twitter_title":null,"twitter_description":null,"schema":{"blockGraphs":[],"customGraphs":[],"default":{"data":{"Article":[],"Course":[],"Dataset":[],"FAQPage":[],"Movie":[],"Person":[],"Product":[],"ProductReview":[],"Car":[],"Recipe":[],"Service":[],"SoftwareApplication":[],"WebPage":[]},"graphName":"","isEnabled":true},"graphs":[],"defaultGraph":"Article","defaultPostTypeGraph":""},"schema_type":"default","schema_type_options":"{\"article\":{\"articleType\":\"BlogPosting\"},\"course\":{\"name\":\"\",\"description\":\"\",\"provider\":\"\"},\"faq\":{\"pages\":[]},\"product\":{\"reviews\":[]},\"recipe\":{\"ingredients\":[],\"instructions\":[],\"keywords\":[]},\"software\":{\"reviews\":[],\"operatingSystems\":[]},\"webPage\":{\"webPageType\":\"WebPage\"}}","pillar_content":false,"robots_default":true,"robots_noindex":false,"robots_noarchive":false,"robots_nosnippet":false,"robots_nofollow":false,"robots_noimageindex":false,"robots_noodp":false,"robots_notranslate":false,"robots_max_snippet":"-1","robots_max_videopreview":"-1","robots_max_imagepreview":"large","priority":null,"frequency":"default","location":null,"local_seo":null,"seo_analyzer_scan_date":"2025-09-01 02:26:24","breadcrumb_settings":null,"limit_modified_date":false,"reviewed_by":null,"open_ai":null,"ai":null,"created":"2021-09-14 17:53:25","updated":"2025-09-01 02:26:24"},"aioseo_breadcrumb":"<div class=\"aioseo-breadcrumbs\"><span class=\"aioseo-breadcrumb\">\n\t<a href=\"https:\/\/candas365.es\/noticias\" title=\"Home\">Home<\/a>\n<\/span><span class=\"aioseo-breadcrumb-separator\">&ndash;<\/span><span class=\"aioseo-breadcrumb\">\n\t<a href=\"https:\/\/candas365.es\/noticias\/category\/agenda\/\" title=\"Agenda\">Agenda<\/a>\n<\/span><span class=\"aioseo-breadcrumb-separator\">&ndash;<\/span><span class=\"aioseo-breadcrumb\">\n\tJos\u00e9 Eduardo dos Santos abandona su exilio y regresa a Angola\n<\/span><\/div>","aioseo_breadcrumb_json":[{"label":"Home","link":"https:\/\/candas365.es\/noticias"},{"label":"Agenda","link":"https:\/\/candas365.es\/noticias\/category\/agenda\/"},{"label":"Jos\u00e9 Eduardo dos Santos abandona su exilio y regresa a Angola","link":"https:\/\/candas365.es\/noticias\/jose-eduardo-dos-santos-abandona-su-exilio-y-regresa-a-angola\/"}],"_links":{"self":[{"href":"https:\/\/candas365.es\/noticias\/wp-json\/wp\/v2\/posts\/158404","targetHints":{"allow":["GET"]}}],"collection":[{"href":"https:\/\/candas365.es\/noticias\/wp-json\/wp\/v2\/posts"}],"about":[{"href":"https:\/\/candas365.es\/noticias\/wp-json\/wp\/v2\/types\/post"}],"author":[{"embeddable":true,"href":"https:\/\/candas365.es\/noticias\/wp-json\/wp\/v2\/users\/1"}],"replies":[{"embeddable":true,"href":"https:\/\/candas365.es\/noticias\/wp-json\/wp\/v2\/comments?post=158404"}],"version-history":[{"count":0,"href":"https:\/\/candas365.es\/noticias\/wp-json\/wp\/v2\/posts\/158404\/revisions"}],"wp:featuredmedia":[{"embeddable":true,"href":"https:\/\/candas365.es\/noticias\/wp-json\/wp\/v2\/media\/157400"}],"wp:attachment":[{"href":"https:\/\/candas365.es\/noticias\/wp-json\/wp\/v2\/media?parent=158404"}],"wp:term":[{"taxonomy":"category","embeddable":true,"href":"https:\/\/candas365.es\/noticias\/wp-json\/wp\/v2\/categories?post=158404"},{"taxonomy":"post_tag","embeddable":true,"href":"https:\/\/candas365.es\/noticias\/wp-json\/wp\/v2\/tags?post=158404"}],"curies":[{"name":"wp","href":"https:\/\/api.w.org\/{rel}","templated":true}]}}