{"id":158402,"date":"2021-09-14T17:53:02","date_gmt":"2021-09-14T17:53:02","guid":{"rendered":"http:\/\/candas365.es\/noticias\/?p=158402"},"modified":"2021-09-14T17:53:02","modified_gmt":"2021-09-14T17:53:02","slug":"hrw-denuncia-el-maltrato-y-el-aislamiento-de-los-estudiantes-lgtb-en-las-escuelas-de-corea-del-sur","status":"publish","type":"post","link":"https:\/\/candas365.es\/noticias\/hrw-denuncia-el-maltrato-y-el-aislamiento-de-los-estudiantes-lgtb-en-las-escuelas-de-corea-del-sur\/","title":{"rendered":"HRW denuncia el \u00abmaltrato\u00bb y el \u00abaislamiento\u00bb de los estudiantes LGTB en las escuelas de Corea del Sur"},"content":{"rendered":"<p>(EP) &#8211; La ONG Human Rights Watch (HRW) ha denunciado este martes el \u00abmaltrato\u00bb y el \u00abaislamiento\u00bb al que est\u00e1n siendo sometidos en las escuelas de Corea del Sur los estudiantes que pertenecen a la comunidad de LGTB, lo que en la mayor\u00eda de los casos deriva en el abandono de sus estudios.<\/p>\n<p>En un \u00faltimo estudio elaborado a dos manos entre HRW y la Cl\u00ednica Lowenstein de la Facultad de Derechos de Yale, se pone de relieve \u00abla intimidaci\u00f3n, el acoso, la falta de apoyo a la salud mental, la exclusi\u00f3n de los planes de estudios escolares\u00bb que muchos de estos j\u00f3venes estudiantes surcoreanos est\u00e1n padeciendo en las escuelas del pa\u00eds.<\/p>\n<p>\u00abEl Gobierno de Corea del Sur debe implementar medidas de protecci\u00f3n contra la discriminaci\u00f3n y garantizar que los j\u00f3venes LGBT tengan recursos de apoyo para salvaguardar su salud y educaci\u00f3n\u00bb, ha enfatizado HRW.<\/p>\n<p>El responsable de la oficina de Derechos LGTB de HRW, Ryan Thoreson, ha denunciado que este acoso y discriminaci\u00f3n en las aulas de Corea del Sur procede tanto de otros estudiantes como de los \u00abadultos\u00bb de los centros. Sin protecciones claras, muchos estudiantes sufren en silencio a expensas de su educaci\u00f3n y bienestar\u00bb, lamenta.<\/p>\n<p>La ONG y la Cl\u00ednica Lowenstein han tenido acceso a m\u00e1s de medio centenar de testimonios, entre alumnos, personal docente, progenitores y trabajadores p\u00fablicos y activistas de este colectivo, de varias regiones, como Se\u00fal, Cheongju y Cheonan.<\/p>\n<p>Muchos de los estudiantes entrevistados han coincidido en se\u00f1alar que se \u00absintieron solos\u00bb cuando hicieron p\u00fablicas su condici\u00f3n y preferencias sexuales, o bien \u00abno sab\u00edan a d\u00f3nde acudir en busca de informaci\u00f3n y apoyo cuando ten\u00edan preguntas o estaban sufriendo maltrato en la escuela\u00bb.<\/p>\n<p>\u00abLos j\u00f3venes entrevistados describieron haber sido excluidos y condenados al ostracismo, ser atacados o acosados a trav\u00e9s de las redes sociales\u00bb, pero tambi\u00e9n de manera \u00abf\u00edsica o sexual\u00bb, cuenta el informe.<\/p>\n<p>El informe tambi\u00e9n relata que la situaci\u00f3n en estos centros se ve agravada debido a la escasa capacitaci\u00f3n del personal docente y de los consejeros educativos para abordar este tipo de realidades. Los estudiantes lamentan no sentir la confianza necesaria para tratar esta problem\u00e1tica con unos profesionales que en la mayor\u00eda de los casos opta por relativizar lo ocurrido o bien criticar a la v\u00edctima.<\/p>\n<h2>PAPEL DE LAS AUTORIDADES<\/h2>\n<p>HRW apunta que a pesar de que algunos municipios han sacado adelante legislaciones que promueven la aceptaci\u00f3n y la igualdad de derechos de la comunidad LGTB con el resto de la sociedad, el Gobierno central de Corea del Sur todav\u00eda no ha dado este paso, por lo que a pesar de la denuncias que se puedan presentar, no existe una autoridad legal s\u00f3lida para dar respuesta a las mismas.<\/p>\n<p>A su vez, las propuestas legislativas que se han presentado se han encontrado con \u00abuna feroz oposici\u00f3n de los grupos conservadores\u00bb, oponi\u00e9ndose abiertamente a cualquier reconocimiento o protecci\u00f3n de los derechos de las personas LGBT.<\/p>\n<p>\u00abA pesar del aumento del apoyo popular a la comunidad LGTB y sus derechos, los legisladores no han podido aprobar un proyecto de ley integral contra la discriminaci\u00f3n, lo que pone al colectivo en riesgo de ser ninguneadas, rechazadas y maltratadas debido a su orientaci\u00f3n sexual o identidad de g\u00e9nero\u00bb, lamenta la ONG.<\/p>\n<p>\u00abLa Asamblea Nacional debe promulgar una ley integral contra la discriminaci\u00f3n y el acoso escolar. Los ministerios de Educaci\u00f3n y de Igualdad de G\u00e9nero y Familia deben tomar medidas para incluir material LGBT tanto en el plan de estudios nacional de educaci\u00f3n sexual como en los recursos de salud mental que est\u00e1n disponibles para los j\u00f3venes en Corea del Sur\u00bb, solicita el informe.<\/p>\n<p>\u00abLas escuelas deben ser espacios seguros e inclusivos para que todos los j\u00f3venes puedan aprender\u00bb, se\u00f1ala Thoreson, quien pide a legisladores y funcionarios escolares \u00abtomar medidas significativas para que estos estudiantes puedan aprender y prosperar sin temor a la intimidaci\u00f3n, la exclusi\u00f3n y la exposici\u00f3n\u00bb.<\/p>\n","protected":false},"excerpt":{"rendered":"<p>(EP) &#8211; La ONG Human Rights Watch (HRW) ha denunciado este martes el \u00abmaltrato\u00bb y el \u00abaislamiento\u00bb al que est\u00e1n siendo sometidos en las escuelas de Corea del Sur los estudiantes que pertenecen a la comunidad de LGTB, lo que en la mayor\u00eda de los casos deriva en el abandono de sus estudios. En un<\/p>\n","protected":false},"author":1,"featured_media":119676,"comment_status":"closed","ping_status":"closed","sticky":false,"template":"","format":"standard","meta":{"footnotes":""},"categories":[343],"tags":[418,408],"class_list":{"0":"post-158402","1":"post","2":"type-post","3":"status-publish","4":"format-standard","5":"has-post-thumbnail","7":"category-actualidad","8":"tag-internacional","9":"tag-sociedad"},"aioseo_notices":[],"aioseo_head":"\n\t\t<!-- All in One SEO Pro 4.9.6.2 - aioseo.com -->\n\t<meta name=\"description\" content=\"La ONG Human Rights Watch (HRW) ha denunciado este martes el &quot;maltrato&quot; y el &quot;aislamiento&quot; al que est\u00e1n siendo sometidos\" \/>\n\t<meta name=\"robots\" content=\"max-image-preview:large\" \/>\n\t<meta name=\"author\" content=\"Cand\u00e1s 365\"\/>\n\t<meta name=\"google-site-verification\" content=\"UA-32230408-1\" \/>\n\t<meta name=\"msvalidate.01\" content=\"354F3CDFB2DA171B47FBE9ABF1F88D5\" \/>\n\t<meta name=\"keywords\" content=\"actualidad\" \/>\n\t<link rel=\"canonical\" href=\"https:\/\/candas365.es\/noticias\/hrw-denuncia-el-maltrato-y-el-aislamiento-de-los-estudiantes-lgtb-en-las-escuelas-de-corea-del-sur\/\" \/>\n\t<meta name=\"generator\" content=\"All in One SEO Pro (AIOSEO) 4.9.6.2\" \/>\n\t\t<meta property=\"og:locale\" content=\"es_ES\" \/>\n\t\t<meta property=\"og:site_name\" content=\"Cand\u00e1s 365\" \/>\n\t\t<meta property=\"og:type\" content=\"article\" \/>\n\t\t<meta property=\"og:title\" content=\"HRW denuncia el \u00abmaltrato\u00bb y el \u00abaislamiento\u00bb de los estudiantes LGTB en las escuelas de Corea del Sur | Cand\u00e1s 365\" \/>\n\t\t<meta property=\"og:description\" content=\"La ONG Human Rights Watch (HRW) ha denunciado este martes el &quot;maltrato&quot; y el &quot;aislamiento&quot; al que est\u00e1n siendo sometidos\" \/>\n\t\t<meta property=\"og:url\" content=\"https:\/\/candas365.es\/noticias\/hrw-denuncia-el-maltrato-y-el-aislamiento-de-los-estudiantes-lgtb-en-las-escuelas-de-corea-del-sur\/\" \/>\n\t\t<meta property=\"og:image\" content=\"https:\/\/candas365.es\/noticias\/wp-content\/uploads\/2019\/03\/window-770535_960_720-2.jpg\" \/>\n\t\t<meta property=\"og:image:secure_url\" content=\"https:\/\/candas365.es\/noticias\/wp-content\/uploads\/2019\/03\/window-770535_960_720-2.jpg\" \/>\n\t\t<meta property=\"og:image:width\" content=\"960\" \/>\n\t\t<meta property=\"og:image:height\" content=\"640\" \/>\n\t\t<meta property=\"article:published_time\" content=\"2021-09-14T17:53:02+00:00\" \/>\n\t\t<meta property=\"article:modified_time\" content=\"2021-09-14T17:53:02+00:00\" \/>\n\t\t<meta property=\"article:publisher\" content=\"https:\/\/www.facebook.com\/Nachofdezber\" \/>\n\t\t<meta property=\"article:author\" content=\"https:\/\/www.facebook.com\/carrenoactualidad\" \/>\n\t\t<meta name=\"twitter:card\" content=\"summary_large_image\" \/>\n\t\t<meta name=\"twitter:site\" content=\"@NabercoDigital\" \/>\n\t\t<meta name=\"twitter:title\" content=\"HRW denuncia el \u00abmaltrato\u00bb y el \u00abaislamiento\u00bb de los estudiantes LGTB en las escuelas de Corea del Sur | Cand\u00e1s 365\" \/>\n\t\t<meta name=\"twitter:description\" content=\"La ONG Human Rights Watch (HRW) ha denunciado este martes el &quot;maltrato&quot; y el &quot;aislamiento&quot; al que est\u00e1n siendo sometidos\" \/>\n\t\t<meta name=\"twitter:creator\" content=\"@nbasturias\" \/>\n\t\t<meta name=\"twitter:image\" content=\"https:\/\/candas365.es\/noticias\/wp-content\/uploads\/2019\/03\/window-770535_960_720-2.jpg\" \/>\n\t\t<meta name=\"twitter:label1\" content=\"Escrito por\" \/>\n\t\t<meta name=\"twitter:data1\" content=\"Cand\u00e1s 365\" \/>\n\t\t<meta name=\"twitter:label2\" content=\"Tiempo de lectura estimado\" \/>\n\t\t<meta name=\"twitter:data2\" content=\"4 minutos\" \/>\n\t\t<script type=\"application\/ld+json\" class=\"aioseo-schema\">\n\t\t\t{\"@context\":\"https:\\\/\\\/schema.org\",\"@graph\":[{\"@type\":\"BreadcrumbList\",\"@id\":\"https:\\\/\\\/candas365.es\\\/noticias\\\/hrw-denuncia-el-maltrato-y-el-aislamiento-de-los-estudiantes-lgtb-en-las-escuelas-de-corea-del-sur\\\/#breadcrumblist\",\"itemListElement\":[{\"@type\":\"ListItem\",\"@id\":\"https:\\\/\\\/candas365.es\\\/noticias#listItem\",\"position\":1,\"name\":\"Home\",\"item\":\"https:\\\/\\\/candas365.es\\\/noticias\",\"nextItem\":{\"@type\":\"ListItem\",\"@id\":\"https:\\\/\\\/candas365.es\\\/noticias\\\/category\\\/actualidad\\\/#listItem\",\"name\":\"Actualidad\"}},{\"@type\":\"ListItem\",\"@id\":\"https:\\\/\\\/candas365.es\\\/noticias\\\/category\\\/actualidad\\\/#listItem\",\"position\":2,\"name\":\"Actualidad\",\"item\":\"https:\\\/\\\/candas365.es\\\/noticias\\\/category\\\/actualidad\\\/\",\"nextItem\":{\"@type\":\"ListItem\",\"@id\":\"https:\\\/\\\/candas365.es\\\/noticias\\\/hrw-denuncia-el-maltrato-y-el-aislamiento-de-los-estudiantes-lgtb-en-las-escuelas-de-corea-del-sur\\\/#listItem\",\"name\":\"HRW denuncia el \\u00abmaltrato\\u00bb y el \\u00abaislamiento\\u00bb de los estudiantes LGTB en las escuelas de Corea del Sur\"},\"previousItem\":{\"@type\":\"ListItem\",\"@id\":\"https:\\\/\\\/candas365.es\\\/noticias#listItem\",\"name\":\"Home\"}},{\"@type\":\"ListItem\",\"@id\":\"https:\\\/\\\/candas365.es\\\/noticias\\\/hrw-denuncia-el-maltrato-y-el-aislamiento-de-los-estudiantes-lgtb-en-las-escuelas-de-corea-del-sur\\\/#listItem\",\"position\":3,\"name\":\"HRW denuncia el \\u00abmaltrato\\u00bb y el \\u00abaislamiento\\u00bb de los estudiantes LGTB en las escuelas de Corea del Sur\",\"previousItem\":{\"@type\":\"ListItem\",\"@id\":\"https:\\\/\\\/candas365.es\\\/noticias\\\/category\\\/actualidad\\\/#listItem\",\"name\":\"Actualidad\"}}]},{\"@type\":\"NewsArticle\",\"@id\":\"https:\\\/\\\/candas365.es\\\/noticias\\\/hrw-denuncia-el-maltrato-y-el-aislamiento-de-los-estudiantes-lgtb-en-las-escuelas-de-corea-del-sur\\\/#newsarticle\",\"name\":\"HRW denuncia el \\u00abmaltrato\\u00bb y el \\u00abaislamiento\\u00bb de los estudiantes LGTB en las escuelas de Corea del Sur | Cand\\u00e1s 365\",\"headline\":\"HRW denuncia el \\u00abmaltrato\\u00bb y el \\u00abaislamiento\\u00bb de los estudiantes LGTB en las escuelas de Corea del Sur\",\"author\":{\"@id\":\"https:\\\/\\\/candas365.es\\\/noticias\\\/author\\\/admin\\\/#author\"},\"publisher\":{\"@id\":\"https:\\\/\\\/candas365.es\\\/noticias\\\/#organization\"},\"image\":{\"@type\":\"ImageObject\",\"url\":\"https:\\\/\\\/candas365.es\\\/noticias\\\/wp-content\\\/uploads\\\/2019\\\/03\\\/window-770535_960_720-2.jpg\",\"width\":960,\"height\":640},\"datePublished\":\"2021-09-14T17:53:02+02:00\",\"dateModified\":\"2021-09-14T17:53:02+02:00\",\"inLanguage\":\"es-ES\",\"mainEntityOfPage\":{\"@id\":\"https:\\\/\\\/candas365.es\\\/noticias\\\/hrw-denuncia-el-maltrato-y-el-aislamiento-de-los-estudiantes-lgtb-en-las-escuelas-de-corea-del-sur\\\/#webpage\"},\"isPartOf\":{\"@id\":\"https:\\\/\\\/candas365.es\\\/noticias\\\/hrw-denuncia-el-maltrato-y-el-aislamiento-de-los-estudiantes-lgtb-en-las-escuelas-de-corea-del-sur\\\/#webpage\"},\"articleSection\":\"Actualidad, Internacional, sociedad\",\"dateline\":\"Publicado el septiembre 14, 2021.\"},{\"@type\":\"Organization\",\"@id\":\"https:\\\/\\\/candas365.es\\\/noticias\\\/#organization\",\"name\":\"Cand\\u00e1s 365\",\"description\":\"Cand\\u00e1s 365 es un diario digital independiente, fundado en 2012, con base en Asturias. Informamos con rigor sobre actualidad, sociedad, cultura y ocio, con una mirada local y global.\",\"url\":\"https:\\\/\\\/candas365.es\\\/noticias\\\/\",\"email\":\"info@candas365.es\",\"telephone\":\"+34652131393\",\"foundingDate\":\"2012-06-10\",\"logo\":{\"@type\":\"ImageObject\",\"url\":\"https:\\\/\\\/candas365.es\\\/noticias\\\/wp-content\\\/uploads\\\/2024\\\/09\\\/Candas-365-Redes.jpg\",\"@id\":\"https:\\\/\\\/candas365.es\\\/noticias\\\/hrw-denuncia-el-maltrato-y-el-aislamiento-de-los-estudiantes-lgtb-en-las-escuelas-de-corea-del-sur\\\/#organizationLogo\",\"width\":1152,\"height\":864,\"caption\":\"Cand\\u00e1s 365 Redes\"},\"image\":{\"@id\":\"https:\\\/\\\/candas365.es\\\/noticias\\\/hrw-denuncia-el-maltrato-y-el-aislamiento-de-los-estudiantes-lgtb-en-las-escuelas-de-corea-del-sur\\\/#organizationLogo\"},\"sameAs\":[\"https:\\\/\\\/www.facebook.com\\\/Nachofdezber\",\"https:\\\/\\\/x.com\\\/NabercoDigital\",\"https:\\\/\\\/www.instagram.com\\\/nachofdezber\\\/\",\"https:\\\/\\\/www.youtube.com\\\/channel\\\/UCZP-2wLEB9Rv6erhFmqVnvg\"],\"address\":{\"@id\":\"https:\\\/\\\/candas365.es\\\/noticias\\\/#postaladdress\",\"@type\":\"PostalAddress\",\"streetAddress\":\"san antonio 4, san antonio 4\",\"postalCode\":\"33430\",\"addressLocality\":\"Cand\\u00e1s\",\"addressRegion\":\"Asturias\",\"addressCountry\":\"ES\"}},{\"@type\":\"Person\",\"@id\":\"https:\\\/\\\/candas365.es\\\/noticias\\\/author\\\/admin\\\/#author\",\"url\":\"https:\\\/\\\/candas365.es\\\/noticias\\\/author\\\/admin\\\/\",\"name\":\"Cand\\u00e1s 365\",\"image\":{\"@type\":\"ImageObject\",\"@id\":\"https:\\\/\\\/candas365.es\\\/noticias\\\/hrw-denuncia-el-maltrato-y-el-aislamiento-de-los-estudiantes-lgtb-en-las-escuelas-de-corea-del-sur\\\/#authorImage\",\"url\":\"https:\\\/\\\/secure.gravatar.com\\\/avatar\\\/496a8e03d0c493ede1718b7934145dbdf8d89be1036b0eec9544e1094c9de390?s=96&d=mm&r=g\",\"width\":96,\"height\":96,\"caption\":\"Cand\\u00e1s 365\"},\"sameAs\":[\"https:\\\/\\\/www.facebook.com\\\/carrenoactualidad\",\"https:\\\/\\\/twitter.com\\\/nbasturias\",\"https:\\\/\\\/www.instagram.com\\\/nachofdezber\\\/\",\"https:\\\/\\\/www.youtube.com\\\/channel\\\/UCZP-2wLEB9Rv6erhFmqVnvg\"]},{\"@type\":\"WebPage\",\"@id\":\"https:\\\/\\\/candas365.es\\\/noticias\\\/hrw-denuncia-el-maltrato-y-el-aislamiento-de-los-estudiantes-lgtb-en-las-escuelas-de-corea-del-sur\\\/#webpage\",\"url\":\"https:\\\/\\\/candas365.es\\\/noticias\\\/hrw-denuncia-el-maltrato-y-el-aislamiento-de-los-estudiantes-lgtb-en-las-escuelas-de-corea-del-sur\\\/\",\"name\":\"HRW denuncia el \\u00abmaltrato\\u00bb y el \\u00abaislamiento\\u00bb de los estudiantes LGTB en las escuelas de Corea del Sur | Cand\\u00e1s 365\",\"description\":\"La ONG Human Rights Watch (HRW) ha denunciado este martes el \\\"maltrato\\\" y el \\\"aislamiento\\\" al que est\\u00e1n siendo sometidos\",\"inLanguage\":\"es-ES\",\"isPartOf\":{\"@id\":\"https:\\\/\\\/candas365.es\\\/noticias\\\/#website\"},\"breadcrumb\":{\"@id\":\"https:\\\/\\\/candas365.es\\\/noticias\\\/hrw-denuncia-el-maltrato-y-el-aislamiento-de-los-estudiantes-lgtb-en-las-escuelas-de-corea-del-sur\\\/#breadcrumblist\"},\"author\":{\"@id\":\"https:\\\/\\\/candas365.es\\\/noticias\\\/author\\\/admin\\\/#author\"},\"creator\":{\"@id\":\"https:\\\/\\\/candas365.es\\\/noticias\\\/author\\\/admin\\\/#author\"},\"image\":{\"@type\":\"ImageObject\",\"url\":\"https:\\\/\\\/candas365.es\\\/noticias\\\/wp-content\\\/uploads\\\/2019\\\/03\\\/window-770535_960_720-2.jpg\",\"@id\":\"https:\\\/\\\/candas365.es\\\/noticias\\\/hrw-denuncia-el-maltrato-y-el-aislamiento-de-los-estudiantes-lgtb-en-las-escuelas-de-corea-del-sur\\\/#mainImage\",\"width\":960,\"height\":640},\"primaryImageOfPage\":{\"@id\":\"https:\\\/\\\/candas365.es\\\/noticias\\\/hrw-denuncia-el-maltrato-y-el-aislamiento-de-los-estudiantes-lgtb-en-las-escuelas-de-corea-del-sur\\\/#mainImage\"},\"datePublished\":\"2021-09-14T17:53:02+02:00\",\"dateModified\":\"2021-09-14T17:53:02+02:00\"},{\"@type\":\"WebSite\",\"@id\":\"https:\\\/\\\/candas365.es\\\/noticias\\\/#website\",\"url\":\"https:\\\/\\\/candas365.es\\\/noticias\\\/\",\"name\":\"Cand\\u00e1s 365\",\"alternateName\":\"Cand\\u00e1s 365 Noticias\",\"description\":\"Actualidad desde Carre\\u00f1o para el mundo\",\"inLanguage\":\"es-ES\",\"publisher\":{\"@id\":\"https:\\\/\\\/candas365.es\\\/noticias\\\/#organization\"}}]}\n\t\t<\/script>\n\t\t<!-- All in One SEO Pro -->\r\n\t\t<title>HRW denuncia el \u00abmaltrato\u00bb y el \u00abaislamiento\u00bb de los estudiantes LGTB en las escuelas de Corea del Sur | Cand\u00e1s 365<\/title>\n\n","aioseo_head_json":{"title":"HRW denuncia el \u00abmaltrato\u00bb y el \u00abaislamiento\u00bb de los estudiantes LGTB en las escuelas de Corea del Sur | Cand\u00e1s 365","description":"La ONG Human Rights Watch (HRW) ha denunciado este martes el \"maltrato\" y el \"aislamiento\" al que est\u00e1n siendo sometidos","canonical_url":"https:\/\/candas365.es\/noticias\/hrw-denuncia-el-maltrato-y-el-aislamiento-de-los-estudiantes-lgtb-en-las-escuelas-de-corea-del-sur\/","robots":"max-image-preview:large","keywords":"actualidad","webmasterTools":{"google-site-verification":"UA-32230408-1","msvalidate.01":"354F3CDFB2DA171B47FBE9ABF1F88D5","miscellaneous":""},"schema":{"@context":"https:\/\/schema.org","@graph":[{"@type":"BreadcrumbList","@id":"https:\/\/candas365.es\/noticias\/hrw-denuncia-el-maltrato-y-el-aislamiento-de-los-estudiantes-lgtb-en-las-escuelas-de-corea-del-sur\/#breadcrumblist","itemListElement":[{"@type":"ListItem","@id":"https:\/\/candas365.es\/noticias#listItem","position":1,"name":"Home","item":"https:\/\/candas365.es\/noticias","nextItem":{"@type":"ListItem","@id":"https:\/\/candas365.es\/noticias\/category\/actualidad\/#listItem","name":"Actualidad"}},{"@type":"ListItem","@id":"https:\/\/candas365.es\/noticias\/category\/actualidad\/#listItem","position":2,"name":"Actualidad","item":"https:\/\/candas365.es\/noticias\/category\/actualidad\/","nextItem":{"@type":"ListItem","@id":"https:\/\/candas365.es\/noticias\/hrw-denuncia-el-maltrato-y-el-aislamiento-de-los-estudiantes-lgtb-en-las-escuelas-de-corea-del-sur\/#listItem","name":"HRW denuncia el \u00abmaltrato\u00bb y el \u00abaislamiento\u00bb de los estudiantes LGTB en las escuelas de Corea del Sur"},"previousItem":{"@type":"ListItem","@id":"https:\/\/candas365.es\/noticias#listItem","name":"Home"}},{"@type":"ListItem","@id":"https:\/\/candas365.es\/noticias\/hrw-denuncia-el-maltrato-y-el-aislamiento-de-los-estudiantes-lgtb-en-las-escuelas-de-corea-del-sur\/#listItem","position":3,"name":"HRW denuncia el \u00abmaltrato\u00bb y el \u00abaislamiento\u00bb de los estudiantes LGTB en las escuelas de Corea del Sur","previousItem":{"@type":"ListItem","@id":"https:\/\/candas365.es\/noticias\/category\/actualidad\/#listItem","name":"Actualidad"}}]},{"@type":"NewsArticle","@id":"https:\/\/candas365.es\/noticias\/hrw-denuncia-el-maltrato-y-el-aislamiento-de-los-estudiantes-lgtb-en-las-escuelas-de-corea-del-sur\/#newsarticle","name":"HRW denuncia el \u00abmaltrato\u00bb y el \u00abaislamiento\u00bb de los estudiantes LGTB en las escuelas de Corea del Sur | Cand\u00e1s 365","headline":"HRW denuncia el \u00abmaltrato\u00bb y el \u00abaislamiento\u00bb de los estudiantes LGTB en las escuelas de Corea del Sur","author":{"@id":"https:\/\/candas365.es\/noticias\/author\/admin\/#author"},"publisher":{"@id":"https:\/\/candas365.es\/noticias\/#organization"},"image":{"@type":"ImageObject","url":"https:\/\/candas365.es\/noticias\/wp-content\/uploads\/2019\/03\/window-770535_960_720-2.jpg","width":960,"height":640},"datePublished":"2021-09-14T17:53:02+02:00","dateModified":"2021-09-14T17:53:02+02:00","inLanguage":"es-ES","mainEntityOfPage":{"@id":"https:\/\/candas365.es\/noticias\/hrw-denuncia-el-maltrato-y-el-aislamiento-de-los-estudiantes-lgtb-en-las-escuelas-de-corea-del-sur\/#webpage"},"isPartOf":{"@id":"https:\/\/candas365.es\/noticias\/hrw-denuncia-el-maltrato-y-el-aislamiento-de-los-estudiantes-lgtb-en-las-escuelas-de-corea-del-sur\/#webpage"},"articleSection":"Actualidad, Internacional, sociedad","dateline":"Publicado el septiembre 14, 2021."},{"@type":"Organization","@id":"https:\/\/candas365.es\/noticias\/#organization","name":"Cand\u00e1s 365","description":"Cand\u00e1s 365 es un diario digital independiente, fundado en 2012, con base en Asturias. Informamos con rigor sobre actualidad, sociedad, cultura y ocio, con una mirada local y global.","url":"https:\/\/candas365.es\/noticias\/","email":"info@candas365.es","telephone":"+34652131393","foundingDate":"2012-06-10","logo":{"@type":"ImageObject","url":"https:\/\/candas365.es\/noticias\/wp-content\/uploads\/2024\/09\/Candas-365-Redes.jpg","@id":"https:\/\/candas365.es\/noticias\/hrw-denuncia-el-maltrato-y-el-aislamiento-de-los-estudiantes-lgtb-en-las-escuelas-de-corea-del-sur\/#organizationLogo","width":1152,"height":864,"caption":"Cand\u00e1s 365 Redes"},"image":{"@id":"https:\/\/candas365.es\/noticias\/hrw-denuncia-el-maltrato-y-el-aislamiento-de-los-estudiantes-lgtb-en-las-escuelas-de-corea-del-sur\/#organizationLogo"},"sameAs":["https:\/\/www.facebook.com\/Nachofdezber","https:\/\/x.com\/NabercoDigital","https:\/\/www.instagram.com\/nachofdezber\/","https:\/\/www.youtube.com\/channel\/UCZP-2wLEB9Rv6erhFmqVnvg"],"address":{"@id":"https:\/\/candas365.es\/noticias\/#postaladdress","@type":"PostalAddress","streetAddress":"san antonio 4, san antonio 4","postalCode":"33430","addressLocality":"Cand\u00e1s","addressRegion":"Asturias","addressCountry":"ES"}},{"@type":"Person","@id":"https:\/\/candas365.es\/noticias\/author\/admin\/#author","url":"https:\/\/candas365.es\/noticias\/author\/admin\/","name":"Cand\u00e1s 365","image":{"@type":"ImageObject","@id":"https:\/\/candas365.es\/noticias\/hrw-denuncia-el-maltrato-y-el-aislamiento-de-los-estudiantes-lgtb-en-las-escuelas-de-corea-del-sur\/#authorImage","url":"https:\/\/secure.gravatar.com\/avatar\/496a8e03d0c493ede1718b7934145dbdf8d89be1036b0eec9544e1094c9de390?s=96&d=mm&r=g","width":96,"height":96,"caption":"Cand\u00e1s 365"},"sameAs":["https:\/\/www.facebook.com\/carrenoactualidad","https:\/\/twitter.com\/nbasturias","https:\/\/www.instagram.com\/nachofdezber\/","https:\/\/www.youtube.com\/channel\/UCZP-2wLEB9Rv6erhFmqVnvg"]},{"@type":"WebPage","@id":"https:\/\/candas365.es\/noticias\/hrw-denuncia-el-maltrato-y-el-aislamiento-de-los-estudiantes-lgtb-en-las-escuelas-de-corea-del-sur\/#webpage","url":"https:\/\/candas365.es\/noticias\/hrw-denuncia-el-maltrato-y-el-aislamiento-de-los-estudiantes-lgtb-en-las-escuelas-de-corea-del-sur\/","name":"HRW denuncia el \u00abmaltrato\u00bb y el \u00abaislamiento\u00bb de los estudiantes LGTB en las escuelas de Corea del Sur | Cand\u00e1s 365","description":"La ONG Human Rights Watch (HRW) ha denunciado este martes el \"maltrato\" y el \"aislamiento\" al que est\u00e1n siendo sometidos","inLanguage":"es-ES","isPartOf":{"@id":"https:\/\/candas365.es\/noticias\/#website"},"breadcrumb":{"@id":"https:\/\/candas365.es\/noticias\/hrw-denuncia-el-maltrato-y-el-aislamiento-de-los-estudiantes-lgtb-en-las-escuelas-de-corea-del-sur\/#breadcrumblist"},"author":{"@id":"https:\/\/candas365.es\/noticias\/author\/admin\/#author"},"creator":{"@id":"https:\/\/candas365.es\/noticias\/author\/admin\/#author"},"image":{"@type":"ImageObject","url":"https:\/\/candas365.es\/noticias\/wp-content\/uploads\/2019\/03\/window-770535_960_720-2.jpg","@id":"https:\/\/candas365.es\/noticias\/hrw-denuncia-el-maltrato-y-el-aislamiento-de-los-estudiantes-lgtb-en-las-escuelas-de-corea-del-sur\/#mainImage","width":960,"height":640},"primaryImageOfPage":{"@id":"https:\/\/candas365.es\/noticias\/hrw-denuncia-el-maltrato-y-el-aislamiento-de-los-estudiantes-lgtb-en-las-escuelas-de-corea-del-sur\/#mainImage"},"datePublished":"2021-09-14T17:53:02+02:00","dateModified":"2021-09-14T17:53:02+02:00"},{"@type":"WebSite","@id":"https:\/\/candas365.es\/noticias\/#website","url":"https:\/\/candas365.es\/noticias\/","name":"Cand\u00e1s 365","alternateName":"Cand\u00e1s 365 Noticias","description":"Actualidad desde Carre\u00f1o para el mundo","inLanguage":"es-ES","publisher":{"@id":"https:\/\/candas365.es\/noticias\/#organization"}}]},"og:locale":"es_ES","og:site_name":"Cand\u00e1s 365","og:type":"article","og:title":"HRW denuncia el \u00abmaltrato\u00bb y el \u00abaislamiento\u00bb de los estudiantes LGTB en las escuelas de Corea del Sur | Cand\u00e1s 365","og:description":"La ONG Human Rights Watch (HRW) ha denunciado este martes el &quot;maltrato&quot; y el &quot;aislamiento&quot; al que est\u00e1n siendo sometidos","og:url":"https:\/\/candas365.es\/noticias\/hrw-denuncia-el-maltrato-y-el-aislamiento-de-los-estudiantes-lgtb-en-las-escuelas-de-corea-del-sur\/","og:image":"https:\/\/candas365.es\/noticias\/wp-content\/uploads\/2019\/03\/window-770535_960_720-2.jpg","og:image:secure_url":"https:\/\/candas365.es\/noticias\/wp-content\/uploads\/2019\/03\/window-770535_960_720-2.jpg","og:image:width":960,"og:image:height":640,"article:published_time":"2021-09-14T17:53:02+00:00","article:modified_time":"2021-09-14T17:53:02+00:00","article:publisher":"https:\/\/www.facebook.com\/Nachofdezber","article:author":"https:\/\/www.facebook.com\/carrenoactualidad","twitter:card":"summary_large_image","twitter:site":"@NabercoDigital","twitter:title":"HRW denuncia el \u00abmaltrato\u00bb y el \u00abaislamiento\u00bb de los estudiantes LGTB en las escuelas de Corea del Sur | Cand\u00e1s 365","twitter:description":"La ONG Human Rights Watch (HRW) ha denunciado este martes el &quot;maltrato&quot; y el &quot;aislamiento&quot; al que est\u00e1n siendo sometidos","twitter:creator":"@nbasturias","twitter:image":"https:\/\/candas365.es\/noticias\/wp-content\/uploads\/2019\/03\/window-770535_960_720-2.jpg","twitter:label1":"Escrito por","twitter:data1":"Cand\u00e1s 365","twitter:label2":"Tiempo de lectura estimado","twitter:data2":"4 minutos"},"aioseo_meta_data":{"post_id":"158402","title":null,"description":"La ONG Human Rights Watch (HRW) ha denunciado este martes el \"maltrato\" y el \"aislamiento\" al que est\u00e1n siendo sometidos","keywords":[],"keyphrases":{"focus":{"keyphrase":"ONG","score":73,"analysis":{"keyphraseInTitle":{"title":"Focus Keyphrase in SEO title","description":"Focus Keyphrase not found in SEO title.","score":3,"maxScore":9,"error":1},"keyphraseInDescription":{"title":"Focus keyphrase in meta description","description":"Focus keyphrase found in meta description.","score":9,"maxScore":9,"error":0},"keyphraseInURL":[],"keyphraseLength":{"title":"Focus keyphrase length","description":"Good job!","score":9,"maxScore":9,"error":0,"length":1},"keyphraseInIntroduction":{"title":"Focus keyphrase in introduction","description":"Your Focus keyphrase appears in the first paragraph. Well done!","score":9,"maxScore":9,"error":0},"keyphraseInSubHeadings":{"title":"Focus Keyphrase in Subheadings","description":"Use your focus keyphrase more in your H2 and H3 subheadings.","score":3,"maxScore":9,"error":1},"keyphraseInImageAlt":[]}},"additional":[{"keyphrase":"Human Rights Watch ","score":100,"analysis":{"keyphraseInDescription":{"title":"Keyphrase in meta description","description":"Keyphrase found in meta description.","score":9,"maxScore":9,"error":0},"keyphraseLength":{"title":"Keyphrase length","description":"Good job!","score":9,"maxScore":9,"error":0,"length":3},"keyphraseInIntroduction":{"title":"Keyphrase in introduction","description":"Your Keyphrase appears in the first paragraph. Well done!","score":9,"maxScore":9,"error":0},"keyphraseInImageAlt":[]}}]},"primary_term":null,"canonical_url":null,"og_title":null,"og_description":null,"og_object_type":"default","og_image_type":"default","og_image_url":null,"og_image_width":null,"og_image_height":null,"og_image_custom_url":null,"og_image_custom_fields":null,"og_video":"","og_custom_url":null,"og_article_section":null,"og_article_tags":[],"twitter_use_og":false,"twitter_card":"default","twitter_image_type":"default","twitter_image_url":null,"twitter_image_custom_url":null,"twitter_image_custom_fields":null,"twitter_title":null,"twitter_description":null,"schema":{"blockGraphs":[],"customGraphs":[],"default":{"data":{"Article":[],"Course":[],"Dataset":[],"FAQPage":[],"Movie":[],"Person":[],"Product":[],"ProductReview":[],"Car":[],"Recipe":[],"Service":[],"SoftwareApplication":[],"WebPage":[]},"graphName":"","isEnabled":true},"graphs":[],"defaultGraph":"Article","defaultPostTypeGraph":""},"schema_type":"default","schema_type_options":"{\"article\":{\"articleType\":\"BlogPosting\"},\"course\":{\"name\":\"\",\"description\":\"\",\"provider\":\"\"},\"faq\":{\"pages\":[]},\"product\":{\"reviews\":[]},\"recipe\":{\"ingredients\":[],\"instructions\":[],\"keywords\":[]},\"software\":{\"reviews\":[],\"operatingSystems\":[]},\"webPage\":{\"webPageType\":\"WebPage\"}}","pillar_content":false,"robots_default":true,"robots_noindex":false,"robots_noarchive":false,"robots_nosnippet":false,"robots_nofollow":false,"robots_noimageindex":false,"robots_noodp":false,"robots_notranslate":false,"robots_max_snippet":"-1","robots_max_videopreview":"-1","robots_max_imagepreview":"large","priority":null,"frequency":"default","location":null,"local_seo":null,"seo_analyzer_scan_date":"2025-09-01 02:26:23","breadcrumb_settings":null,"limit_modified_date":false,"reviewed_by":null,"open_ai":null,"ai":null,"created":"2021-09-14 17:51:19","updated":"2025-09-01 02:26:23"},"aioseo_breadcrumb":"<div class=\"aioseo-breadcrumbs\"><span class=\"aioseo-breadcrumb\">\n\t<a href=\"https:\/\/candas365.es\/noticias\" title=\"Home\">Home<\/a>\n<\/span><span class=\"aioseo-breadcrumb-separator\">&ndash;<\/span><span class=\"aioseo-breadcrumb\">\n\t<a href=\"https:\/\/candas365.es\/noticias\/category\/actualidad\/\" title=\"Actualidad\">Actualidad<\/a>\n<\/span><span class=\"aioseo-breadcrumb-separator\">&ndash;<\/span><span class=\"aioseo-breadcrumb\">\n\tHRW denuncia el \u00abmaltrato\u00bb y el \u00abaislamiento\u00bb de los estudiantes LGTB en las escuelas de Corea del Sur\n<\/span><\/div>","aioseo_breadcrumb_json":[{"label":"Home","link":"https:\/\/candas365.es\/noticias"},{"label":"Actualidad","link":"https:\/\/candas365.es\/noticias\/category\/actualidad\/"},{"label":"HRW denuncia el \u00abmaltrato\u00bb y el \u00abaislamiento\u00bb de los estudiantes LGTB en las escuelas de Corea del Sur","link":"https:\/\/candas365.es\/noticias\/hrw-denuncia-el-maltrato-y-el-aislamiento-de-los-estudiantes-lgtb-en-las-escuelas-de-corea-del-sur\/"}],"_links":{"self":[{"href":"https:\/\/candas365.es\/noticias\/wp-json\/wp\/v2\/posts\/158402","targetHints":{"allow":["GET"]}}],"collection":[{"href":"https:\/\/candas365.es\/noticias\/wp-json\/wp\/v2\/posts"}],"about":[{"href":"https:\/\/candas365.es\/noticias\/wp-json\/wp\/v2\/types\/post"}],"author":[{"embeddable":true,"href":"https:\/\/candas365.es\/noticias\/wp-json\/wp\/v2\/users\/1"}],"replies":[{"embeddable":true,"href":"https:\/\/candas365.es\/noticias\/wp-json\/wp\/v2\/comments?post=158402"}],"version-history":[{"count":0,"href":"https:\/\/candas365.es\/noticias\/wp-json\/wp\/v2\/posts\/158402\/revisions"}],"wp:featuredmedia":[{"embeddable":true,"href":"https:\/\/candas365.es\/noticias\/wp-json\/wp\/v2\/media\/119676"}],"wp:attachment":[{"href":"https:\/\/candas365.es\/noticias\/wp-json\/wp\/v2\/media?parent=158402"}],"wp:term":[{"taxonomy":"category","embeddable":true,"href":"https:\/\/candas365.es\/noticias\/wp-json\/wp\/v2\/categories?post=158402"},{"taxonomy":"post_tag","embeddable":true,"href":"https:\/\/candas365.es\/noticias\/wp-json\/wp\/v2\/tags?post=158402"}],"curies":[{"name":"wp","href":"https:\/\/api.w.org\/{rel}","templated":true}]}}