{"id":158199,"date":"2021-09-07T14:30:18","date_gmt":"2021-09-07T14:30:18","guid":{"rendered":"http:\/\/candas365.es\/noticias\/?p=158199"},"modified":"2021-09-07T14:30:18","modified_gmt":"2021-09-07T14:30:18","slug":"el-paro-continua-disminuyendo-en-asturias","status":"publish","type":"post","link":"https:\/\/candas365.es\/noticias\/el-paro-continua-disminuyendo-en-asturias\/","title":{"rendered":"El paro contin\u00faa disminuyendo en Asturias"},"content":{"rendered":"<p><img fetchpriority=\"high\" decoding=\"async\" class=\"alignleft size-medium wp-image-113234\" src=\"https:\/\/candas365.es\/noticias\/wp-content\/uploads\/2019\/01\/1546259580_hands_people_woman_working-360x240.jpg\" alt=\"\" width=\"360\" height=\"240\" srcset=\"https:\/\/candas365.es\/noticias\/wp-content\/uploads\/2019\/01\/1546259580_hands_people_woman_working-360x240.jpg 360w, https:\/\/candas365.es\/noticias\/wp-content\/uploads\/2019\/01\/1546259580_hands_people_woman_working-768x512.jpg 768w, https:\/\/candas365.es\/noticias\/wp-content\/uploads\/2019\/01\/1546259580_hands_people_woman_working-655x437.jpg 655w, https:\/\/candas365.es\/noticias\/wp-content\/uploads\/2019\/01\/1546259580_hands_people_woman_working-696x464.jpg 696w, https:\/\/candas365.es\/noticias\/wp-content\/uploads\/2019\/01\/1546259580_hands_people_woman_working-1068x712.jpg 1068w, https:\/\/candas365.es\/noticias\/wp-content\/uploads\/2019\/01\/1546259580_hands_people_woman_working-630x420.jpg 630w, https:\/\/candas365.es\/noticias\/wp-content\/uploads\/2019\/01\/1546259580_hands_people_woman_working.jpg 1125w\" sizes=\"(max-width: 360px) 100vw, 360px\" \/>El desempleo mantiene su tendencia decreciente en el Principado de Asturias. Los datos de paro registrado de agosto constatan una nueva bajada de 3.496 personas,<strong> lo que sit\u00faa el n\u00famero de demandantes de empleo en 61.669<\/strong>, el mejor dato desde noviembre de 2008. Es el sexto mes consecutivo de disminuci\u00f3n interanual.<\/p>\n<p>Seg\u00fan los datos difundidos\u00a0 por el Ministerio de Trabajo y Econom\u00eda Social, el descenso alcanza el 5,36% respecto a julio, casi el doble que la media nacional, que se situ\u00f3 en el 2,42%. <strong>Asturias alcanz\u00f3 la tercera mayor ca\u00edda de las comunidades aut\u00f3nomas, solo por detr\u00e1s de Baleares y Canarias<\/strong>.<\/p>\n<p>Si se toman como referencia las cifras de agosto de 2020, el descenso se eleva al 20,22%, con 15.629 parados menos que hace un a\u00f1o. <strong>Es la mayor ca\u00edda de toda la serie hist\u00f3rica<\/strong> y el segundo mayor descenso del pa\u00eds, cuya media se sit\u00fao en el 12,33%.<\/p>\n<p>El desempleo se redujo en todos los sectores de actividad, en ambos sexos y en todos los grupos de edad, especialmente entre menores de 25 a\u00f1os, con una ca\u00edda de 12,37%. En comparaci\u00f3n con agosto de 2020, el paro en este colectivo ha descendido el 34,56%. Los j\u00f3venes son uno de los grupos prioritarios de las pol\u00edticas activas de empleo que desarrolla el Gobierno de Asturias para mejorar la inserci\u00f3n laboral.<\/p>\n<h2>Actividades productivas<\/h2>\n<p>Todas las actividades productivas han registrado una evoluci\u00f3n positiva, especialmente el sector servicios, con 2.012 parados menos (-4,26%). Respecto a agosto de 2020, el descenso se sit\u00faa en 9.759 personas (-17,73%).<\/p>\n<p>Por su parte, tanto la industria (-5,39%) como la construcci\u00f3n (-4,71%) mantienen la tendencia positiva de los \u00faltimos meses. Ambos sectores son los que muestran una evoluci\u00f3n interanual m\u00e1s favorable en t\u00e9rminos porcentuales, con un 29,16% y un 24,69% de descensos, respectivamente.<\/p>\n<p>Asimismo, han sido notables los descensos en el colectivo de personas sin empleo anterior (-933 parados menos y -14,15%). En t\u00e9rminos interanuales, este colectivo acumula un descenso del 27,01%.<\/p>\n<p>En cuanto a la las afiliaciones a la Seguridad Social han subido en 1.971 personas, hasta llegar a 373.232, una cifra que no se alcanzaba desde agosto de 2019, antes de la pandemia. En agosto, el n\u00famero de cotizantes creci\u00f3 el 0,53%.<\/p>\n<p>La directora gerente del Servicio P\u00fablico de Empleo del Principado (Sepepa), Pilar Varela, ha destacado esta tendencia de aumento a la Seguridad Social \u201ca pesar de que el grueso de contrataciones vinculadas al periodo estival se concentran en el mes de julio\u201d.<\/p>\n<p>\u201cLos datos son buenos y muestran que Asturias ha liderado la recuperaci\u00f3n del turismo espa\u00f1ol con m\u00e1ximos hist\u00f3ricos de visitantes y pernoctaciones que se han traducido en t\u00e9rminos de empleo\u201d, ha subrayado. No obstante, Varela tambi\u00e9n ha llamado la atenci\u00f3n sobre la evoluci\u00f3n de los concejos de la zona central \u201cque acumulan descensos m\u00e1s pronunciados que otros con mayor protagonismo tur\u00edstico\u201d.<\/p>\n","protected":false},"excerpt":{"rendered":"<p>El desempleo mantiene su tendencia decreciente en el Principado de Asturias. Los datos de paro registrado de agosto constatan una nueva bajada de 3.496 personas, lo que sit\u00faa el n\u00famero de demandantes de empleo en 61.669, el mejor dato desde noviembre de 2008. Es el sexto mes consecutivo de disminuci\u00f3n interanual. Seg\u00fan los datos difundidos\u00a0<\/p>\n","protected":false},"author":1,"featured_media":113234,"comment_status":"closed","ping_status":"closed","sticky":false,"template":"","format":"standard","meta":{"footnotes":""},"categories":[7],"tags":[380,382,383,408],"class_list":{"0":"post-158199","1":"post","2":"type-post","3":"status-publish","4":"format-standard","5":"has-post-thumbnail","7":"category-asturias","8":"tag-asturias","9":"tag-empleo","10":"tag-empresas","11":"tag-sociedad"},"aioseo_notices":[],"aioseo_head":"\n\t\t<!-- All in One SEO Pro 4.9.6.2 - aioseo.com -->\n\t<meta name=\"description\" content=\"El desempleo mantiene su tendencia decreciente en el Principado de Asturias. Los datos de paro registrado de agosto constatan una nueva bajada de 3.496 personas\" \/>\n\t<meta name=\"robots\" content=\"max-image-preview:large\" \/>\n\t<meta name=\"author\" content=\"Cand\u00e1s 365\"\/>\n\t<meta name=\"google-site-verification\" content=\"UA-32230408-1\" \/>\n\t<meta name=\"msvalidate.01\" content=\"354F3CDFB2DA171B47FBE9ABF1F88D5\" \/>\n\t<meta name=\"keywords\" content=\"asturias\" \/>\n\t<link rel=\"canonical\" href=\"https:\/\/candas365.es\/noticias\/el-paro-continua-disminuyendo-en-asturias\/\" \/>\n\t<meta name=\"generator\" content=\"All in One SEO Pro (AIOSEO) 4.9.6.2\" \/>\n\t\t<meta property=\"og:locale\" content=\"es_ES\" \/>\n\t\t<meta property=\"og:site_name\" content=\"Cand\u00e1s 365\" \/>\n\t\t<meta property=\"og:type\" content=\"article\" \/>\n\t\t<meta property=\"og:title\" content=\"El paro contin\u00faa disminuyendo en Asturias | Cand\u00e1s 365\" \/>\n\t\t<meta property=\"og:description\" content=\"El desempleo mantiene su tendencia decreciente en el Principado de Asturias. Los datos de paro registrado de agosto constatan una nueva bajada de 3.496 personas\" \/>\n\t\t<meta property=\"og:url\" content=\"https:\/\/candas365.es\/noticias\/el-paro-continua-disminuyendo-en-asturias\/\" \/>\n\t\t<meta property=\"og:image\" content=\"https:\/\/candas365.es\/noticias\/wp-content\/uploads\/2019\/01\/1546259580_hands_people_woman_working.jpg\" \/>\n\t\t<meta property=\"og:image:secure_url\" content=\"https:\/\/candas365.es\/noticias\/wp-content\/uploads\/2019\/01\/1546259580_hands_people_woman_working.jpg\" \/>\n\t\t<meta property=\"og:image:width\" content=\"1125\" \/>\n\t\t<meta property=\"og:image:height\" content=\"750\" \/>\n\t\t<meta property=\"article:published_time\" content=\"2021-09-07T14:30:18+00:00\" \/>\n\t\t<meta property=\"article:modified_time\" content=\"2021-09-07T14:30:18+00:00\" \/>\n\t\t<meta property=\"article:publisher\" content=\"https:\/\/www.facebook.com\/Nachofdezber\" \/>\n\t\t<meta property=\"article:author\" content=\"https:\/\/www.facebook.com\/carrenoactualidad\" \/>\n\t\t<meta name=\"twitter:card\" content=\"summary_large_image\" \/>\n\t\t<meta name=\"twitter:site\" content=\"@NabercoDigital\" \/>\n\t\t<meta name=\"twitter:title\" content=\"El paro contin\u00faa disminuyendo en Asturias | Cand\u00e1s 365\" \/>\n\t\t<meta name=\"twitter:description\" content=\"El desempleo mantiene su tendencia decreciente en el Principado de Asturias. Los datos de paro registrado de agosto constatan una nueva bajada de 3.496 personas\" \/>\n\t\t<meta name=\"twitter:creator\" content=\"@nbasturias\" \/>\n\t\t<meta name=\"twitter:image\" content=\"https:\/\/candas365.es\/noticias\/wp-content\/uploads\/2019\/01\/1546259580_hands_people_woman_working.jpg\" \/>\n\t\t<meta name=\"twitter:label1\" content=\"Escrito por\" \/>\n\t\t<meta name=\"twitter:data1\" content=\"Cand\u00e1s 365\" \/>\n\t\t<meta name=\"twitter:label2\" content=\"Tiempo de lectura estimado\" \/>\n\t\t<meta name=\"twitter:data2\" content=\"2 minutos\" \/>\n\t\t<script type=\"application\/ld+json\" class=\"aioseo-schema\">\n\t\t\t{\"@context\":\"https:\\\/\\\/schema.org\",\"@graph\":[{\"@type\":\"BreadcrumbList\",\"@id\":\"https:\\\/\\\/candas365.es\\\/noticias\\\/el-paro-continua-disminuyendo-en-asturias\\\/#breadcrumblist\",\"itemListElement\":[{\"@type\":\"ListItem\",\"@id\":\"https:\\\/\\\/candas365.es\\\/noticias#listItem\",\"position\":1,\"name\":\"Home\",\"item\":\"https:\\\/\\\/candas365.es\\\/noticias\",\"nextItem\":{\"@type\":\"ListItem\",\"@id\":\"https:\\\/\\\/candas365.es\\\/noticias\\\/category\\\/asturias\\\/#listItem\",\"name\":\"Asturias\"}},{\"@type\":\"ListItem\",\"@id\":\"https:\\\/\\\/candas365.es\\\/noticias\\\/category\\\/asturias\\\/#listItem\",\"position\":2,\"name\":\"Asturias\",\"item\":\"https:\\\/\\\/candas365.es\\\/noticias\\\/category\\\/asturias\\\/\",\"nextItem\":{\"@type\":\"ListItem\",\"@id\":\"https:\\\/\\\/candas365.es\\\/noticias\\\/el-paro-continua-disminuyendo-en-asturias\\\/#listItem\",\"name\":\"El paro contin\\u00faa disminuyendo en Asturias\"},\"previousItem\":{\"@type\":\"ListItem\",\"@id\":\"https:\\\/\\\/candas365.es\\\/noticias#listItem\",\"name\":\"Home\"}},{\"@type\":\"ListItem\",\"@id\":\"https:\\\/\\\/candas365.es\\\/noticias\\\/el-paro-continua-disminuyendo-en-asturias\\\/#listItem\",\"position\":3,\"name\":\"El paro contin\\u00faa disminuyendo en Asturias\",\"previousItem\":{\"@type\":\"ListItem\",\"@id\":\"https:\\\/\\\/candas365.es\\\/noticias\\\/category\\\/asturias\\\/#listItem\",\"name\":\"Asturias\"}}]},{\"@type\":\"NewsArticle\",\"@id\":\"https:\\\/\\\/candas365.es\\\/noticias\\\/el-paro-continua-disminuyendo-en-asturias\\\/#newsarticle\",\"name\":\"El paro contin\\u00faa disminuyendo en Asturias | Cand\\u00e1s 365\",\"headline\":\"El paro contin\\u00faa disminuyendo en Asturias\",\"author\":{\"@id\":\"https:\\\/\\\/candas365.es\\\/noticias\\\/author\\\/admin\\\/#author\"},\"publisher\":{\"@id\":\"https:\\\/\\\/candas365.es\\\/noticias\\\/#organization\"},\"image\":{\"@type\":\"ImageObject\",\"url\":\"https:\\\/\\\/candas365.es\\\/noticias\\\/wp-content\\\/uploads\\\/2019\\\/01\\\/1546259580_hands_people_woman_working.jpg\",\"width\":1125,\"height\":750},\"datePublished\":\"2021-09-07T14:30:18+02:00\",\"dateModified\":\"2021-09-07T14:30:18+02:00\",\"inLanguage\":\"es-ES\",\"mainEntityOfPage\":{\"@id\":\"https:\\\/\\\/candas365.es\\\/noticias\\\/el-paro-continua-disminuyendo-en-asturias\\\/#webpage\"},\"isPartOf\":{\"@id\":\"https:\\\/\\\/candas365.es\\\/noticias\\\/el-paro-continua-disminuyendo-en-asturias\\\/#webpage\"},\"articleSection\":\"Asturias, Asturias, empleo, empresas, sociedad\",\"dateline\":\"Publicado el septiembre 7, 2021.\"},{\"@type\":\"Organization\",\"@id\":\"https:\\\/\\\/candas365.es\\\/noticias\\\/#organization\",\"name\":\"Cand\\u00e1s 365\",\"description\":\"Cand\\u00e1s 365 es un diario digital independiente, fundado en 2012, con base en Asturias. Informamos con rigor sobre actualidad, sociedad, cultura y ocio, con una mirada local y global.\",\"url\":\"https:\\\/\\\/candas365.es\\\/noticias\\\/\",\"email\":\"info@candas365.es\",\"telephone\":\"+34652131393\",\"foundingDate\":\"2012-06-10\",\"logo\":{\"@type\":\"ImageObject\",\"url\":\"https:\\\/\\\/candas365.es\\\/noticias\\\/wp-content\\\/uploads\\\/2024\\\/09\\\/Candas-365-Redes.jpg\",\"@id\":\"https:\\\/\\\/candas365.es\\\/noticias\\\/el-paro-continua-disminuyendo-en-asturias\\\/#organizationLogo\",\"width\":1152,\"height\":864,\"caption\":\"Cand\\u00e1s 365 Redes\"},\"image\":{\"@id\":\"https:\\\/\\\/candas365.es\\\/noticias\\\/el-paro-continua-disminuyendo-en-asturias\\\/#organizationLogo\"},\"sameAs\":[\"https:\\\/\\\/www.facebook.com\\\/Nachofdezber\",\"https:\\\/\\\/x.com\\\/NabercoDigital\",\"https:\\\/\\\/www.instagram.com\\\/nachofdezber\\\/\",\"https:\\\/\\\/www.youtube.com\\\/channel\\\/UCZP-2wLEB9Rv6erhFmqVnvg\"],\"address\":{\"@id\":\"https:\\\/\\\/candas365.es\\\/noticias\\\/#postaladdress\",\"@type\":\"PostalAddress\",\"streetAddress\":\"san antonio 4, san antonio 4\",\"postalCode\":\"33430\",\"addressLocality\":\"Cand\\u00e1s\",\"addressRegion\":\"Asturias\",\"addressCountry\":\"ES\"}},{\"@type\":\"Person\",\"@id\":\"https:\\\/\\\/candas365.es\\\/noticias\\\/author\\\/admin\\\/#author\",\"url\":\"https:\\\/\\\/candas365.es\\\/noticias\\\/author\\\/admin\\\/\",\"name\":\"Cand\\u00e1s 365\",\"image\":{\"@type\":\"ImageObject\",\"@id\":\"https:\\\/\\\/candas365.es\\\/noticias\\\/el-paro-continua-disminuyendo-en-asturias\\\/#authorImage\",\"url\":\"https:\\\/\\\/secure.gravatar.com\\\/avatar\\\/496a8e03d0c493ede1718b7934145dbdf8d89be1036b0eec9544e1094c9de390?s=96&d=mm&r=g\",\"width\":96,\"height\":96,\"caption\":\"Cand\\u00e1s 365\"},\"sameAs\":[\"https:\\\/\\\/www.facebook.com\\\/carrenoactualidad\",\"https:\\\/\\\/twitter.com\\\/nbasturias\",\"https:\\\/\\\/www.instagram.com\\\/nachofdezber\\\/\",\"https:\\\/\\\/www.youtube.com\\\/channel\\\/UCZP-2wLEB9Rv6erhFmqVnvg\"]},{\"@type\":\"WebPage\",\"@id\":\"https:\\\/\\\/candas365.es\\\/noticias\\\/el-paro-continua-disminuyendo-en-asturias\\\/#webpage\",\"url\":\"https:\\\/\\\/candas365.es\\\/noticias\\\/el-paro-continua-disminuyendo-en-asturias\\\/\",\"name\":\"El paro contin\\u00faa disminuyendo en Asturias | Cand\\u00e1s 365\",\"description\":\"El desempleo mantiene su tendencia decreciente en el Principado de Asturias. Los datos de paro registrado de agosto constatan una nueva bajada de 3.496 personas\",\"inLanguage\":\"es-ES\",\"isPartOf\":{\"@id\":\"https:\\\/\\\/candas365.es\\\/noticias\\\/#website\"},\"breadcrumb\":{\"@id\":\"https:\\\/\\\/candas365.es\\\/noticias\\\/el-paro-continua-disminuyendo-en-asturias\\\/#breadcrumblist\"},\"author\":{\"@id\":\"https:\\\/\\\/candas365.es\\\/noticias\\\/author\\\/admin\\\/#author\"},\"creator\":{\"@id\":\"https:\\\/\\\/candas365.es\\\/noticias\\\/author\\\/admin\\\/#author\"},\"image\":{\"@type\":\"ImageObject\",\"url\":\"https:\\\/\\\/candas365.es\\\/noticias\\\/wp-content\\\/uploads\\\/2019\\\/01\\\/1546259580_hands_people_woman_working.jpg\",\"@id\":\"https:\\\/\\\/candas365.es\\\/noticias\\\/el-paro-continua-disminuyendo-en-asturias\\\/#mainImage\",\"width\":1125,\"height\":750},\"primaryImageOfPage\":{\"@id\":\"https:\\\/\\\/candas365.es\\\/noticias\\\/el-paro-continua-disminuyendo-en-asturias\\\/#mainImage\"},\"datePublished\":\"2021-09-07T14:30:18+02:00\",\"dateModified\":\"2021-09-07T14:30:18+02:00\"},{\"@type\":\"WebSite\",\"@id\":\"https:\\\/\\\/candas365.es\\\/noticias\\\/#website\",\"url\":\"https:\\\/\\\/candas365.es\\\/noticias\\\/\",\"name\":\"Cand\\u00e1s 365\",\"alternateName\":\"Cand\\u00e1s 365 Noticias\",\"description\":\"Actualidad desde Carre\\u00f1o para el mundo\",\"inLanguage\":\"es-ES\",\"publisher\":{\"@id\":\"https:\\\/\\\/candas365.es\\\/noticias\\\/#organization\"}}]}\n\t\t<\/script>\n\t\t<!-- All in One SEO Pro -->\r\n\t\t<title>El paro contin\u00faa disminuyendo en Asturias | Cand\u00e1s 365<\/title>\n\n","aioseo_head_json":{"title":"El paro contin\u00faa disminuyendo en Asturias | Cand\u00e1s 365","description":"El desempleo mantiene su tendencia decreciente en el Principado de Asturias. Los datos de paro registrado de agosto constatan una nueva bajada de 3.496 personas","canonical_url":"https:\/\/candas365.es\/noticias\/el-paro-continua-disminuyendo-en-asturias\/","robots":"max-image-preview:large","keywords":"asturias","webmasterTools":{"google-site-verification":"UA-32230408-1","msvalidate.01":"354F3CDFB2DA171B47FBE9ABF1F88D5","miscellaneous":""},"schema":{"@context":"https:\/\/schema.org","@graph":[{"@type":"BreadcrumbList","@id":"https:\/\/candas365.es\/noticias\/el-paro-continua-disminuyendo-en-asturias\/#breadcrumblist","itemListElement":[{"@type":"ListItem","@id":"https:\/\/candas365.es\/noticias#listItem","position":1,"name":"Home","item":"https:\/\/candas365.es\/noticias","nextItem":{"@type":"ListItem","@id":"https:\/\/candas365.es\/noticias\/category\/asturias\/#listItem","name":"Asturias"}},{"@type":"ListItem","@id":"https:\/\/candas365.es\/noticias\/category\/asturias\/#listItem","position":2,"name":"Asturias","item":"https:\/\/candas365.es\/noticias\/category\/asturias\/","nextItem":{"@type":"ListItem","@id":"https:\/\/candas365.es\/noticias\/el-paro-continua-disminuyendo-en-asturias\/#listItem","name":"El paro contin\u00faa disminuyendo en Asturias"},"previousItem":{"@type":"ListItem","@id":"https:\/\/candas365.es\/noticias#listItem","name":"Home"}},{"@type":"ListItem","@id":"https:\/\/candas365.es\/noticias\/el-paro-continua-disminuyendo-en-asturias\/#listItem","position":3,"name":"El paro contin\u00faa disminuyendo en Asturias","previousItem":{"@type":"ListItem","@id":"https:\/\/candas365.es\/noticias\/category\/asturias\/#listItem","name":"Asturias"}}]},{"@type":"NewsArticle","@id":"https:\/\/candas365.es\/noticias\/el-paro-continua-disminuyendo-en-asturias\/#newsarticle","name":"El paro contin\u00faa disminuyendo en Asturias | Cand\u00e1s 365","headline":"El paro contin\u00faa disminuyendo en Asturias","author":{"@id":"https:\/\/candas365.es\/noticias\/author\/admin\/#author"},"publisher":{"@id":"https:\/\/candas365.es\/noticias\/#organization"},"image":{"@type":"ImageObject","url":"https:\/\/candas365.es\/noticias\/wp-content\/uploads\/2019\/01\/1546259580_hands_people_woman_working.jpg","width":1125,"height":750},"datePublished":"2021-09-07T14:30:18+02:00","dateModified":"2021-09-07T14:30:18+02:00","inLanguage":"es-ES","mainEntityOfPage":{"@id":"https:\/\/candas365.es\/noticias\/el-paro-continua-disminuyendo-en-asturias\/#webpage"},"isPartOf":{"@id":"https:\/\/candas365.es\/noticias\/el-paro-continua-disminuyendo-en-asturias\/#webpage"},"articleSection":"Asturias, Asturias, empleo, empresas, sociedad","dateline":"Publicado el septiembre 7, 2021."},{"@type":"Organization","@id":"https:\/\/candas365.es\/noticias\/#organization","name":"Cand\u00e1s 365","description":"Cand\u00e1s 365 es un diario digital independiente, fundado en 2012, con base en Asturias. Informamos con rigor sobre actualidad, sociedad, cultura y ocio, con una mirada local y global.","url":"https:\/\/candas365.es\/noticias\/","email":"info@candas365.es","telephone":"+34652131393","foundingDate":"2012-06-10","logo":{"@type":"ImageObject","url":"https:\/\/candas365.es\/noticias\/wp-content\/uploads\/2024\/09\/Candas-365-Redes.jpg","@id":"https:\/\/candas365.es\/noticias\/el-paro-continua-disminuyendo-en-asturias\/#organizationLogo","width":1152,"height":864,"caption":"Cand\u00e1s 365 Redes"},"image":{"@id":"https:\/\/candas365.es\/noticias\/el-paro-continua-disminuyendo-en-asturias\/#organizationLogo"},"sameAs":["https:\/\/www.facebook.com\/Nachofdezber","https:\/\/x.com\/NabercoDigital","https:\/\/www.instagram.com\/nachofdezber\/","https:\/\/www.youtube.com\/channel\/UCZP-2wLEB9Rv6erhFmqVnvg"],"address":{"@id":"https:\/\/candas365.es\/noticias\/#postaladdress","@type":"PostalAddress","streetAddress":"san antonio 4, san antonio 4","postalCode":"33430","addressLocality":"Cand\u00e1s","addressRegion":"Asturias","addressCountry":"ES"}},{"@type":"Person","@id":"https:\/\/candas365.es\/noticias\/author\/admin\/#author","url":"https:\/\/candas365.es\/noticias\/author\/admin\/","name":"Cand\u00e1s 365","image":{"@type":"ImageObject","@id":"https:\/\/candas365.es\/noticias\/el-paro-continua-disminuyendo-en-asturias\/#authorImage","url":"https:\/\/secure.gravatar.com\/avatar\/496a8e03d0c493ede1718b7934145dbdf8d89be1036b0eec9544e1094c9de390?s=96&d=mm&r=g","width":96,"height":96,"caption":"Cand\u00e1s 365"},"sameAs":["https:\/\/www.facebook.com\/carrenoactualidad","https:\/\/twitter.com\/nbasturias","https:\/\/www.instagram.com\/nachofdezber\/","https:\/\/www.youtube.com\/channel\/UCZP-2wLEB9Rv6erhFmqVnvg"]},{"@type":"WebPage","@id":"https:\/\/candas365.es\/noticias\/el-paro-continua-disminuyendo-en-asturias\/#webpage","url":"https:\/\/candas365.es\/noticias\/el-paro-continua-disminuyendo-en-asturias\/","name":"El paro contin\u00faa disminuyendo en Asturias | Cand\u00e1s 365","description":"El desempleo mantiene su tendencia decreciente en el Principado de Asturias. Los datos de paro registrado de agosto constatan una nueva bajada de 3.496 personas","inLanguage":"es-ES","isPartOf":{"@id":"https:\/\/candas365.es\/noticias\/#website"},"breadcrumb":{"@id":"https:\/\/candas365.es\/noticias\/el-paro-continua-disminuyendo-en-asturias\/#breadcrumblist"},"author":{"@id":"https:\/\/candas365.es\/noticias\/author\/admin\/#author"},"creator":{"@id":"https:\/\/candas365.es\/noticias\/author\/admin\/#author"},"image":{"@type":"ImageObject","url":"https:\/\/candas365.es\/noticias\/wp-content\/uploads\/2019\/01\/1546259580_hands_people_woman_working.jpg","@id":"https:\/\/candas365.es\/noticias\/el-paro-continua-disminuyendo-en-asturias\/#mainImage","width":1125,"height":750},"primaryImageOfPage":{"@id":"https:\/\/candas365.es\/noticias\/el-paro-continua-disminuyendo-en-asturias\/#mainImage"},"datePublished":"2021-09-07T14:30:18+02:00","dateModified":"2021-09-07T14:30:18+02:00"},{"@type":"WebSite","@id":"https:\/\/candas365.es\/noticias\/#website","url":"https:\/\/candas365.es\/noticias\/","name":"Cand\u00e1s 365","alternateName":"Cand\u00e1s 365 Noticias","description":"Actualidad desde Carre\u00f1o para el mundo","inLanguage":"es-ES","publisher":{"@id":"https:\/\/candas365.es\/noticias\/#organization"}}]},"og:locale":"es_ES","og:site_name":"Cand\u00e1s 365","og:type":"article","og:title":"El paro contin\u00faa disminuyendo en Asturias | Cand\u00e1s 365","og:description":"El desempleo mantiene su tendencia decreciente en el Principado de Asturias. Los datos de paro registrado de agosto constatan una nueva bajada de 3.496 personas","og:url":"https:\/\/candas365.es\/noticias\/el-paro-continua-disminuyendo-en-asturias\/","og:image":"https:\/\/candas365.es\/noticias\/wp-content\/uploads\/2019\/01\/1546259580_hands_people_woman_working.jpg","og:image:secure_url":"https:\/\/candas365.es\/noticias\/wp-content\/uploads\/2019\/01\/1546259580_hands_people_woman_working.jpg","og:image:width":1125,"og:image:height":750,"article:published_time":"2021-09-07T14:30:18+00:00","article:modified_time":"2021-09-07T14:30:18+00:00","article:publisher":"https:\/\/www.facebook.com\/Nachofdezber","article:author":"https:\/\/www.facebook.com\/carrenoactualidad","twitter:card":"summary_large_image","twitter:site":"@NabercoDigital","twitter:title":"El paro contin\u00faa disminuyendo en Asturias | Cand\u00e1s 365","twitter:description":"El desempleo mantiene su tendencia decreciente en el Principado de Asturias. Los datos de paro registrado de agosto constatan una nueva bajada de 3.496 personas","twitter:creator":"@nbasturias","twitter:image":"https:\/\/candas365.es\/noticias\/wp-content\/uploads\/2019\/01\/1546259580_hands_people_woman_working.jpg","twitter:label1":"Escrito por","twitter:data1":"Cand\u00e1s 365","twitter:label2":"Tiempo de lectura estimado","twitter:data2":"2 minutos"},"aioseo_meta_data":{"post_id":"158199","title":null,"description":"El desempleo mantiene su tendencia decreciente en el Principado de Asturias. Los datos de paro registrado de agosto constatan una nueva bajada de 3.496 personas","keywords":[],"keyphrases":{"focus":{"keyphrase":"Asturias","score":78,"analysis":{"keyphraseInTitle":{"title":"Focus Keyphrase in SEO title","description":"Focus Keyphrase found in SEO title.","score":9,"maxScore":9,"error":0},"keyphraseInDescription":{"title":"Focus keyphrase in meta description","description":"Focus keyphrase found in meta description.","score":9,"maxScore":9,"error":0},"keyphraseInURL":[],"keyphraseLength":{"title":"Focus keyphrase length","description":"Good job!","score":9,"maxScore":9,"error":0,"length":1},"keyphraseInIntroduction":{"title":"Focus keyphrase in introduction","description":"Your Focus keyphrase appears in the first paragraph. Well done!","score":9,"maxScore":9,"error":0},"keyphraseInSubHeadings":{"title":"Focus Keyphrase in Subheadings","description":"Use your focus keyphrase more in your H2 and H3 subheadings.","score":3,"maxScore":9,"error":1},"keyphraseInImageAlt":{"title":"Focus keyphrase in image alt attributes","description":"Focus keyphrase not found in image alt attribute(s). Add an image with your Focus keyphrase as alt text.","score":3,"maxScore":9,"error":1}}},"additional":[{"keyphrase":"desempleo","score":83,"analysis":{"keyphraseInDescription":{"title":"Keyphrase in meta description","description":"Keyphrase found in meta description.","score":9,"maxScore":9,"error":0},"keyphraseLength":{"title":"Keyphrase length","description":"Good job!","score":9,"maxScore":9,"error":0,"length":1},"keyphraseInIntroduction":{"title":"Keyphrase in introduction","description":"Your Keyphrase appears in the first paragraph. Well done!","score":9,"maxScore":9,"error":0},"keyphraseInImageAlt":{"title":"Keyphrase in image alt attributes","description":"Keyphrase not found in image alt attribute(s). Add an image with your Keyphrase as alt text.","score":3,"maxScore":9,"error":1}}},{"keyphrase":"datos de paro ","score":83,"analysis":{"keyphraseInDescription":{"title":"Keyphrase in meta description","description":"Keyphrase found in meta description.","score":9,"maxScore":9,"error":0},"keyphraseLength":{"title":"Keyphrase length","description":"Good job!","score":9,"maxScore":9,"error":0,"length":3},"keyphraseInIntroduction":{"title":"Keyphrase in introduction","description":"Your Keyphrase appears in the first paragraph. Well done!","score":9,"maxScore":9,"error":0},"keyphraseInImageAlt":{"title":"Keyphrase in image alt attributes","description":"Keyphrase not found in image alt attribute(s). Add an image with your Keyphrase as alt text.","score":3,"maxScore":9,"error":1}}}]},"primary_term":null,"canonical_url":null,"og_title":null,"og_description":null,"og_object_type":"default","og_image_type":"default","og_image_url":null,"og_image_width":null,"og_image_height":null,"og_image_custom_url":null,"og_image_custom_fields":null,"og_video":"","og_custom_url":null,"og_article_section":null,"og_article_tags":[],"twitter_use_og":false,"twitter_card":"default","twitter_image_type":"default","twitter_image_url":null,"twitter_image_custom_url":null,"twitter_image_custom_fields":null,"twitter_title":null,"twitter_description":null,"schema":{"blockGraphs":[],"customGraphs":[],"default":{"data":{"Article":[],"Course":[],"Dataset":[],"FAQPage":[],"Movie":[],"Person":[],"Product":[],"ProductReview":[],"Car":[],"Recipe":[],"Service":[],"SoftwareApplication":[],"WebPage":[]},"graphName":"","isEnabled":true},"graphs":[],"defaultGraph":"Article","defaultPostTypeGraph":""},"schema_type":"default","schema_type_options":"{\"article\":{\"articleType\":\"BlogPosting\"},\"course\":{\"name\":\"\",\"description\":\"\",\"provider\":\"\"},\"faq\":{\"pages\":[]},\"product\":{\"reviews\":[]},\"recipe\":{\"ingredients\":[],\"instructions\":[],\"keywords\":[]},\"software\":{\"reviews\":[],\"operatingSystems\":[]},\"webPage\":{\"webPageType\":\"WebPage\"}}","pillar_content":false,"robots_default":true,"robots_noindex":false,"robots_noarchive":false,"robots_nosnippet":false,"robots_nofollow":false,"robots_noimageindex":false,"robots_noodp":false,"robots_notranslate":false,"robots_max_snippet":"-1","robots_max_videopreview":"-1","robots_max_imagepreview":"large","priority":null,"frequency":"default","location":null,"local_seo":null,"seo_analyzer_scan_date":"2025-09-01 02:07:15","breadcrumb_settings":null,"limit_modified_date":false,"reviewed_by":null,"open_ai":null,"ai":null,"created":"2021-09-07 14:27:41","updated":"2025-09-01 02:07:15"},"aioseo_breadcrumb":"<div class=\"aioseo-breadcrumbs\"><span class=\"aioseo-breadcrumb\">\n\t<a href=\"https:\/\/candas365.es\/noticias\" title=\"Home\">Home<\/a>\n<\/span><span class=\"aioseo-breadcrumb-separator\">&ndash;<\/span><span class=\"aioseo-breadcrumb\">\n\t<a href=\"https:\/\/candas365.es\/noticias\/category\/asturias\/\" title=\"Asturias\">Asturias<\/a>\n<\/span><span class=\"aioseo-breadcrumb-separator\">&ndash;<\/span><span class=\"aioseo-breadcrumb\">\n\tEl paro contin\u00faa disminuyendo en Asturias\n<\/span><\/div>","aioseo_breadcrumb_json":[{"label":"Home","link":"https:\/\/candas365.es\/noticias"},{"label":"Asturias","link":"https:\/\/candas365.es\/noticias\/category\/asturias\/"},{"label":"El paro contin\u00faa disminuyendo en Asturias","link":"https:\/\/candas365.es\/noticias\/el-paro-continua-disminuyendo-en-asturias\/"}],"_links":{"self":[{"href":"https:\/\/candas365.es\/noticias\/wp-json\/wp\/v2\/posts\/158199","targetHints":{"allow":["GET"]}}],"collection":[{"href":"https:\/\/candas365.es\/noticias\/wp-json\/wp\/v2\/posts"}],"about":[{"href":"https:\/\/candas365.es\/noticias\/wp-json\/wp\/v2\/types\/post"}],"author":[{"embeddable":true,"href":"https:\/\/candas365.es\/noticias\/wp-json\/wp\/v2\/users\/1"}],"replies":[{"embeddable":true,"href":"https:\/\/candas365.es\/noticias\/wp-json\/wp\/v2\/comments?post=158199"}],"version-history":[{"count":0,"href":"https:\/\/candas365.es\/noticias\/wp-json\/wp\/v2\/posts\/158199\/revisions"}],"wp:featuredmedia":[{"embeddable":true,"href":"https:\/\/candas365.es\/noticias\/wp-json\/wp\/v2\/media\/113234"}],"wp:attachment":[{"href":"https:\/\/candas365.es\/noticias\/wp-json\/wp\/v2\/media?parent=158199"}],"wp:term":[{"taxonomy":"category","embeddable":true,"href":"https:\/\/candas365.es\/noticias\/wp-json\/wp\/v2\/categories?post=158199"},{"taxonomy":"post_tag","embeddable":true,"href":"https:\/\/candas365.es\/noticias\/wp-json\/wp\/v2\/tags?post=158199"}],"curies":[{"name":"wp","href":"https:\/\/api.w.org\/{rel}","templated":true}]}}