{"id":158158,"date":"2021-09-06T12:11:30","date_gmt":"2021-09-06T12:11:30","guid":{"rendered":"http:\/\/candas365.es\/noticias\/?p=158158"},"modified":"2021-09-06T12:11:30","modified_gmt":"2021-09-06T12:11:30","slug":"freddy-guevara-se-incorporara-a-la-delegacion-de-la-plataforma-democratica-unitaria","status":"publish","type":"post","link":"https:\/\/candas365.es\/noticias\/freddy-guevara-se-incorporara-a-la-delegacion-de-la-plataforma-democratica-unitaria\/","title":{"rendered":"Freddy Guevara se incorporar\u00e1 a la delegaci\u00f3n de la Plataforma Democr\u00e1tica Unitaria"},"content":{"rendered":"<p><img fetchpriority=\"high\" decoding=\"async\" class=\"alignleft size-medium wp-image-108169\" src=\"https:\/\/candas365.es\/noticias\/wp-content\/uploads\/2018\/10\/venezuela-1716111_960_720-360x240.jpg\" alt=\"\" width=\"360\" height=\"240\" srcset=\"https:\/\/candas365.es\/noticias\/wp-content\/uploads\/2018\/10\/venezuela-1716111_960_720-360x240.jpg 360w, https:\/\/candas365.es\/noticias\/wp-content\/uploads\/2018\/10\/venezuela-1716111_960_720-768x512.jpg 768w, https:\/\/candas365.es\/noticias\/wp-content\/uploads\/2018\/10\/venezuela-1716111_960_720-655x437.jpg 655w, https:\/\/candas365.es\/noticias\/wp-content\/uploads\/2018\/10\/venezuela-1716111_960_720-696x464.jpg 696w, https:\/\/candas365.es\/noticias\/wp-content\/uploads\/2018\/10\/venezuela-1716111_960_720-630x420.jpg 630w, https:\/\/candas365.es\/noticias\/wp-content\/uploads\/2018\/10\/venezuela-1716111_960_720.jpg 960w\" sizes=\"(max-width: 360px) 100vw, 360px\" \/>(EP) &#8211; El dirigente opositor venezolano Freddy Guevara se incorporar\u00e1 a la delegaci\u00f3n de la Plataforma Democr\u00e1tica Unitaria de la oposici\u00f3n venezolana que negocia con el Gobierno venezolano en M\u00e9xico en sustituci\u00f3n del delegado de la oposici\u00f3n en Estados Unidos, Carlos Vecchio.<\/p>\n<p>Vecchio ha explicado en un comunicado publicado este s\u00e1bado, seg\u00fan d\u00eda de reuniones de esta ronda de negociaci\u00f3n, que se retira por el \u00abveto\u00bb del Gobierno a su persona.<\/p>\n<p>\u00abEl r\u00e9gimen de Maduro se niega a continuar con el proceso de negociaci\u00f3n iniciado en M\u00e9xico &#8216;si Carlos Vecchio contin\u00faa en la delegaci\u00f3n'\u00bb, ha indicado Vecchio.<\/p>\n<p>\u00abMis acciones a favor de la libertad de Venezuela han molestado mucho al dictador. Por eso, una vez m\u00e1s, como ya lo ha hecho en todos los procesos de negociaci\u00f3n anteriores, ha pedido este veto para que no integre la delegaci\u00f3n de la Plataforma Democr\u00e1tica Unitaria que asiste al proceso de negociaci\u00f3n en M\u00e9xico, al punto de paralizar el proceso\u00bb, ha a\u00f1adido.<\/p>\n<p>Las negociaciones se han reanudad en Ciudad de M\u00e9xico, donde las delegaciones del Gobierno y la plataforma unitaria se vieron las caras, tras el primer encuentro que se produjo el 13 de agosto, cuando se firm\u00f3 un memorando de entendimiento, una hoja de ruta, con la presencia de Vecchio.<\/p>\n<p>\u00abQuiero dejar claro que no seremos nosotros la excusa que use la dictadura para eludir el camino que nos lleve a la soluci\u00f3n real de esta crisis, ni mucho menos para la necesaria liberaci\u00f3n de presos pol\u00edticos. Nuestro pa\u00eds merece superar la tragedia humanitaria que sufre bajo la dictadura y no tener m\u00e1s nunca una lista de presos pol\u00edticos, torturados, exiliados y desaparecidos. Antes que cualquier posici\u00f3n personal, est\u00e1n Venezuela y los venezolanos\u00bb, ha proseguido Vecchio.<\/p>\n<p>En sustituci\u00f3n de Vecchio pasar\u00e1 a formar parte de la delegaci\u00f3n el exdiputado y dirigente de Voluntad Popular Freddy Guevara, excarcelado a mediados de agosto despu\u00e9s de un mes. Guevara ha confirmado la informaci\u00f3n en Twitter: \u00abA partir de este momento me incorporo formalmente a la delegaci\u00f3n de la Unidad en el proceso de M\u00e9xico para lograr una soluci\u00f3n a la crisis y el retorno de la democracia. Cuenten conmigo, particularmente los presos pol\u00edticos y sus familias\u00bb.<\/p>\n<p>Guevara hab\u00eda sido el interlocutor del l\u00edder de la oposici\u00f3n, Juan Guaid\u00f3, con el Gobierno antes del anuncio del 11 de mayo, cuando se present\u00f3 el llamado acuerdo de salvaci\u00f3n nacional, donde plante\u00f3 conversaciones con el Gobierno del presidente Nicol\u00e1s Maduro.<\/p>\n<p>El portavoz el Departamento de Estado norteamericano, Ned Price, ha celebrado el inicio de la segunda ronda de contactos entre la oposici\u00f3n y el Gobierno de Venezuela en M\u00e9xico.<\/p>\n<p>\u00abCelebramos el inicio de negociaciones integrales lideradas por Venezuela en M\u00e9xico\u00bb, afirm\u00f3 Price el viernes. Price ha manifestado a trav\u00e9s de un mensaje publicado en Twitter su solidaridad con el pueblo venezolano y sus deseos de que el proceso de negociaciones \u00absiente las bases para el resultado democr\u00e1tico que merecen\u00bb los venezolanos.<\/p>\n<p>Este nuevo di\u00e1logo cuenta con la mediaci\u00f3n de Noruega y con el apoyo de M\u00e9xico como territorio neutral para las negociaciones. La actual ronda de negociaci\u00f3n termina el pr\u00f3ximo lunes.<\/p>\n","protected":false},"excerpt":{"rendered":"<p>(EP) &#8211; El dirigente opositor venezolano Freddy Guevara se incorporar\u00e1 a la delegaci\u00f3n de la Plataforma Democr\u00e1tica Unitaria de la oposici\u00f3n venezolana que negocia con el Gobierno venezolano en M\u00e9xico en sustituci\u00f3n del delegado de la oposici\u00f3n en Estados Unidos, Carlos Vecchio. Vecchio ha explicado en un comunicado publicado este s\u00e1bado, seg\u00fan d\u00eda de reuniones<\/p>\n","protected":false},"author":1,"featured_media":108169,"comment_status":"closed","ping_status":"closed","sticky":false,"template":"","format":"standard","meta":{"footnotes":""},"categories":[343],"tags":[418,432],"class_list":{"0":"post-158158","1":"post","2":"type-post","3":"status-publish","4":"format-standard","5":"has-post-thumbnail","7":"category-actualidad","8":"tag-internacional","9":"tag-venezuela"},"aioseo_notices":[],"aioseo_head":"\n\t\t<!-- All in One SEO Pro 4.9.6.2 - aioseo.com -->\n\t<meta name=\"description\" content=\"El dirigente opositor venezolano Freddy Guevara se incorporar\u00e1 a la delegaci\u00f3n de la Plataforma Democr\u00e1tica Unitaria de la oposici\u00f3n venezolana\" \/>\n\t<meta name=\"robots\" content=\"max-image-preview:large\" \/>\n\t<meta name=\"author\" content=\"Cand\u00e1s 365\"\/>\n\t<meta name=\"google-site-verification\" content=\"UA-32230408-1\" \/>\n\t<meta name=\"msvalidate.01\" content=\"354F3CDFB2DA171B47FBE9ABF1F88D5\" \/>\n\t<meta name=\"keywords\" content=\"actualidad\" \/>\n\t<link rel=\"canonical\" href=\"https:\/\/candas365.es\/noticias\/freddy-guevara-se-incorporara-a-la-delegacion-de-la-plataforma-democratica-unitaria\/\" \/>\n\t<meta name=\"generator\" content=\"All in One SEO Pro (AIOSEO) 4.9.6.2\" \/>\n\t\t<meta property=\"og:locale\" content=\"es_ES\" \/>\n\t\t<meta property=\"og:site_name\" content=\"Cand\u00e1s 365\" \/>\n\t\t<meta property=\"og:type\" content=\"article\" \/>\n\t\t<meta property=\"og:title\" content=\"Freddy Guevara se incorporar\u00e1 a la delegaci\u00f3n de la Plataforma Democr\u00e1tica Unitaria | Cand\u00e1s 365\" \/>\n\t\t<meta property=\"og:description\" content=\"El dirigente opositor venezolano Freddy Guevara se incorporar\u00e1 a la delegaci\u00f3n de la Plataforma Democr\u00e1tica Unitaria de la oposici\u00f3n venezolana\" \/>\n\t\t<meta property=\"og:url\" content=\"https:\/\/candas365.es\/noticias\/freddy-guevara-se-incorporara-a-la-delegacion-de-la-plataforma-democratica-unitaria\/\" \/>\n\t\t<meta property=\"og:image\" content=\"https:\/\/candas365.es\/noticias\/wp-content\/uploads\/2018\/10\/venezuela-1716111_960_720.jpg\" \/>\n\t\t<meta property=\"og:image:secure_url\" content=\"https:\/\/candas365.es\/noticias\/wp-content\/uploads\/2018\/10\/venezuela-1716111_960_720.jpg\" \/>\n\t\t<meta property=\"og:image:width\" content=\"960\" \/>\n\t\t<meta property=\"og:image:height\" content=\"640\" \/>\n\t\t<meta property=\"article:published_time\" content=\"2021-09-06T12:11:30+00:00\" \/>\n\t\t<meta property=\"article:modified_time\" content=\"2021-09-06T12:11:30+00:00\" \/>\n\t\t<meta property=\"article:publisher\" content=\"https:\/\/www.facebook.com\/Nachofdezber\" \/>\n\t\t<meta property=\"article:author\" content=\"https:\/\/www.facebook.com\/carrenoactualidad\" \/>\n\t\t<meta name=\"twitter:card\" content=\"summary_large_image\" \/>\n\t\t<meta name=\"twitter:site\" content=\"@NabercoDigital\" \/>\n\t\t<meta name=\"twitter:title\" content=\"Freddy Guevara se incorporar\u00e1 a la delegaci\u00f3n de la Plataforma Democr\u00e1tica Unitaria | Cand\u00e1s 365\" \/>\n\t\t<meta name=\"twitter:description\" content=\"El dirigente opositor venezolano Freddy Guevara se incorporar\u00e1 a la delegaci\u00f3n de la Plataforma Democr\u00e1tica Unitaria de la oposici\u00f3n venezolana\" \/>\n\t\t<meta name=\"twitter:creator\" content=\"@nbasturias\" \/>\n\t\t<meta name=\"twitter:image\" content=\"https:\/\/candas365.es\/noticias\/wp-content\/uploads\/2018\/10\/venezuela-1716111_960_720.jpg\" \/>\n\t\t<meta name=\"twitter:label1\" content=\"Escrito por\" \/>\n\t\t<meta name=\"twitter:data1\" content=\"Cand\u00e1s 365\" \/>\n\t\t<meta name=\"twitter:label2\" content=\"Tiempo de lectura estimado\" \/>\n\t\t<meta name=\"twitter:data2\" content=\"3 minutos\" \/>\n\t\t<script type=\"application\/ld+json\" class=\"aioseo-schema\">\n\t\t\t{\"@context\":\"https:\\\/\\\/schema.org\",\"@graph\":[{\"@type\":\"BreadcrumbList\",\"@id\":\"https:\\\/\\\/candas365.es\\\/noticias\\\/freddy-guevara-se-incorporara-a-la-delegacion-de-la-plataforma-democratica-unitaria\\\/#breadcrumblist\",\"itemListElement\":[{\"@type\":\"ListItem\",\"@id\":\"https:\\\/\\\/candas365.es\\\/noticias#listItem\",\"position\":1,\"name\":\"Home\",\"item\":\"https:\\\/\\\/candas365.es\\\/noticias\",\"nextItem\":{\"@type\":\"ListItem\",\"@id\":\"https:\\\/\\\/candas365.es\\\/noticias\\\/category\\\/actualidad\\\/#listItem\",\"name\":\"Actualidad\"}},{\"@type\":\"ListItem\",\"@id\":\"https:\\\/\\\/candas365.es\\\/noticias\\\/category\\\/actualidad\\\/#listItem\",\"position\":2,\"name\":\"Actualidad\",\"item\":\"https:\\\/\\\/candas365.es\\\/noticias\\\/category\\\/actualidad\\\/\",\"nextItem\":{\"@type\":\"ListItem\",\"@id\":\"https:\\\/\\\/candas365.es\\\/noticias\\\/freddy-guevara-se-incorporara-a-la-delegacion-de-la-plataforma-democratica-unitaria\\\/#listItem\",\"name\":\"Freddy Guevara se incorporar\\u00e1 a la delegaci\\u00f3n de la Plataforma Democr\\u00e1tica Unitaria\"},\"previousItem\":{\"@type\":\"ListItem\",\"@id\":\"https:\\\/\\\/candas365.es\\\/noticias#listItem\",\"name\":\"Home\"}},{\"@type\":\"ListItem\",\"@id\":\"https:\\\/\\\/candas365.es\\\/noticias\\\/freddy-guevara-se-incorporara-a-la-delegacion-de-la-plataforma-democratica-unitaria\\\/#listItem\",\"position\":3,\"name\":\"Freddy Guevara se incorporar\\u00e1 a la delegaci\\u00f3n de la Plataforma Democr\\u00e1tica Unitaria\",\"previousItem\":{\"@type\":\"ListItem\",\"@id\":\"https:\\\/\\\/candas365.es\\\/noticias\\\/category\\\/actualidad\\\/#listItem\",\"name\":\"Actualidad\"}}]},{\"@type\":\"NewsArticle\",\"@id\":\"https:\\\/\\\/candas365.es\\\/noticias\\\/freddy-guevara-se-incorporara-a-la-delegacion-de-la-plataforma-democratica-unitaria\\\/#newsarticle\",\"name\":\"Freddy Guevara se incorporar\\u00e1 a la delegaci\\u00f3n de la Plataforma Democr\\u00e1tica Unitaria | Cand\\u00e1s 365\",\"headline\":\"Freddy Guevara se incorporar\\u00e1 a la delegaci\\u00f3n de la Plataforma Democr\\u00e1tica Unitaria\",\"author\":{\"@id\":\"https:\\\/\\\/candas365.es\\\/noticias\\\/author\\\/admin\\\/#author\"},\"publisher\":{\"@id\":\"https:\\\/\\\/candas365.es\\\/noticias\\\/#organization\"},\"image\":{\"@type\":\"ImageObject\",\"url\":\"https:\\\/\\\/candas365.es\\\/noticias\\\/wp-content\\\/uploads\\\/2018\\\/10\\\/venezuela-1716111_960_720.jpg\",\"width\":960,\"height\":640},\"datePublished\":\"2021-09-06T12:11:30+02:00\",\"dateModified\":\"2021-09-06T12:11:30+02:00\",\"inLanguage\":\"es-ES\",\"mainEntityOfPage\":{\"@id\":\"https:\\\/\\\/candas365.es\\\/noticias\\\/freddy-guevara-se-incorporara-a-la-delegacion-de-la-plataforma-democratica-unitaria\\\/#webpage\"},\"isPartOf\":{\"@id\":\"https:\\\/\\\/candas365.es\\\/noticias\\\/freddy-guevara-se-incorporara-a-la-delegacion-de-la-plataforma-democratica-unitaria\\\/#webpage\"},\"articleSection\":\"Actualidad, Internacional, Venezuela\",\"dateline\":\"Publicado el septiembre 6, 2021.\"},{\"@type\":\"Organization\",\"@id\":\"https:\\\/\\\/candas365.es\\\/noticias\\\/#organization\",\"name\":\"Cand\\u00e1s 365\",\"description\":\"Cand\\u00e1s 365 es un diario digital independiente, fundado en 2012, con base en Asturias. Informamos con rigor sobre actualidad, sociedad, cultura y ocio, con una mirada local y global.\",\"url\":\"https:\\\/\\\/candas365.es\\\/noticias\\\/\",\"email\":\"info@candas365.es\",\"telephone\":\"+34652131393\",\"foundingDate\":\"2012-06-10\",\"logo\":{\"@type\":\"ImageObject\",\"url\":\"https:\\\/\\\/candas365.es\\\/noticias\\\/wp-content\\\/uploads\\\/2024\\\/09\\\/Candas-365-Redes.jpg\",\"@id\":\"https:\\\/\\\/candas365.es\\\/noticias\\\/freddy-guevara-se-incorporara-a-la-delegacion-de-la-plataforma-democratica-unitaria\\\/#organizationLogo\",\"width\":1152,\"height\":864,\"caption\":\"Cand\\u00e1s 365 Redes\"},\"image\":{\"@id\":\"https:\\\/\\\/candas365.es\\\/noticias\\\/freddy-guevara-se-incorporara-a-la-delegacion-de-la-plataforma-democratica-unitaria\\\/#organizationLogo\"},\"sameAs\":[\"https:\\\/\\\/www.facebook.com\\\/Nachofdezber\",\"https:\\\/\\\/x.com\\\/NabercoDigital\",\"https:\\\/\\\/www.instagram.com\\\/nachofdezber\\\/\",\"https:\\\/\\\/www.youtube.com\\\/channel\\\/UCZP-2wLEB9Rv6erhFmqVnvg\"],\"address\":{\"@id\":\"https:\\\/\\\/candas365.es\\\/noticias\\\/#postaladdress\",\"@type\":\"PostalAddress\",\"streetAddress\":\"san antonio 4, san antonio 4\",\"postalCode\":\"33430\",\"addressLocality\":\"Cand\\u00e1s\",\"addressRegion\":\"Asturias\",\"addressCountry\":\"ES\"}},{\"@type\":\"Person\",\"@id\":\"https:\\\/\\\/candas365.es\\\/noticias\\\/author\\\/admin\\\/#author\",\"url\":\"https:\\\/\\\/candas365.es\\\/noticias\\\/author\\\/admin\\\/\",\"name\":\"Cand\\u00e1s 365\",\"image\":{\"@type\":\"ImageObject\",\"@id\":\"https:\\\/\\\/candas365.es\\\/noticias\\\/freddy-guevara-se-incorporara-a-la-delegacion-de-la-plataforma-democratica-unitaria\\\/#authorImage\",\"url\":\"https:\\\/\\\/secure.gravatar.com\\\/avatar\\\/496a8e03d0c493ede1718b7934145dbdf8d89be1036b0eec9544e1094c9de390?s=96&d=mm&r=g\",\"width\":96,\"height\":96,\"caption\":\"Cand\\u00e1s 365\"},\"sameAs\":[\"https:\\\/\\\/www.facebook.com\\\/carrenoactualidad\",\"https:\\\/\\\/twitter.com\\\/nbasturias\",\"https:\\\/\\\/www.instagram.com\\\/nachofdezber\\\/\",\"https:\\\/\\\/www.youtube.com\\\/channel\\\/UCZP-2wLEB9Rv6erhFmqVnvg\"]},{\"@type\":\"WebPage\",\"@id\":\"https:\\\/\\\/candas365.es\\\/noticias\\\/freddy-guevara-se-incorporara-a-la-delegacion-de-la-plataforma-democratica-unitaria\\\/#webpage\",\"url\":\"https:\\\/\\\/candas365.es\\\/noticias\\\/freddy-guevara-se-incorporara-a-la-delegacion-de-la-plataforma-democratica-unitaria\\\/\",\"name\":\"Freddy Guevara se incorporar\\u00e1 a la delegaci\\u00f3n de la Plataforma Democr\\u00e1tica Unitaria | Cand\\u00e1s 365\",\"description\":\"El dirigente opositor venezolano Freddy Guevara se incorporar\\u00e1 a la delegaci\\u00f3n de la Plataforma Democr\\u00e1tica Unitaria de la oposici\\u00f3n venezolana\",\"inLanguage\":\"es-ES\",\"isPartOf\":{\"@id\":\"https:\\\/\\\/candas365.es\\\/noticias\\\/#website\"},\"breadcrumb\":{\"@id\":\"https:\\\/\\\/candas365.es\\\/noticias\\\/freddy-guevara-se-incorporara-a-la-delegacion-de-la-plataforma-democratica-unitaria\\\/#breadcrumblist\"},\"author\":{\"@id\":\"https:\\\/\\\/candas365.es\\\/noticias\\\/author\\\/admin\\\/#author\"},\"creator\":{\"@id\":\"https:\\\/\\\/candas365.es\\\/noticias\\\/author\\\/admin\\\/#author\"},\"image\":{\"@type\":\"ImageObject\",\"url\":\"https:\\\/\\\/candas365.es\\\/noticias\\\/wp-content\\\/uploads\\\/2018\\\/10\\\/venezuela-1716111_960_720.jpg\",\"@id\":\"https:\\\/\\\/candas365.es\\\/noticias\\\/freddy-guevara-se-incorporara-a-la-delegacion-de-la-plataforma-democratica-unitaria\\\/#mainImage\",\"width\":960,\"height\":640},\"primaryImageOfPage\":{\"@id\":\"https:\\\/\\\/candas365.es\\\/noticias\\\/freddy-guevara-se-incorporara-a-la-delegacion-de-la-plataforma-democratica-unitaria\\\/#mainImage\"},\"datePublished\":\"2021-09-06T12:11:30+02:00\",\"dateModified\":\"2021-09-06T12:11:30+02:00\"},{\"@type\":\"WebSite\",\"@id\":\"https:\\\/\\\/candas365.es\\\/noticias\\\/#website\",\"url\":\"https:\\\/\\\/candas365.es\\\/noticias\\\/\",\"name\":\"Cand\\u00e1s 365\",\"alternateName\":\"Cand\\u00e1s 365 Noticias\",\"description\":\"Actualidad desde Carre\\u00f1o para el mundo\",\"inLanguage\":\"es-ES\",\"publisher\":{\"@id\":\"https:\\\/\\\/candas365.es\\\/noticias\\\/#organization\"}}]}\n\t\t<\/script>\n\t\t<!-- All in One SEO Pro -->\r\n\t\t<title>Freddy Guevara se incorporar\u00e1 a la delegaci\u00f3n de la Plataforma Democr\u00e1tica Unitaria | Cand\u00e1s 365<\/title>\n\n","aioseo_head_json":{"title":"Freddy Guevara se incorporar\u00e1 a la delegaci\u00f3n de la Plataforma Democr\u00e1tica Unitaria | Cand\u00e1s 365","description":"El dirigente opositor venezolano Freddy Guevara se incorporar\u00e1 a la delegaci\u00f3n de la Plataforma Democr\u00e1tica Unitaria de la oposici\u00f3n venezolana","canonical_url":"https:\/\/candas365.es\/noticias\/freddy-guevara-se-incorporara-a-la-delegacion-de-la-plataforma-democratica-unitaria\/","robots":"max-image-preview:large","keywords":"actualidad","webmasterTools":{"google-site-verification":"UA-32230408-1","msvalidate.01":"354F3CDFB2DA171B47FBE9ABF1F88D5","miscellaneous":""},"schema":{"@context":"https:\/\/schema.org","@graph":[{"@type":"BreadcrumbList","@id":"https:\/\/candas365.es\/noticias\/freddy-guevara-se-incorporara-a-la-delegacion-de-la-plataforma-democratica-unitaria\/#breadcrumblist","itemListElement":[{"@type":"ListItem","@id":"https:\/\/candas365.es\/noticias#listItem","position":1,"name":"Home","item":"https:\/\/candas365.es\/noticias","nextItem":{"@type":"ListItem","@id":"https:\/\/candas365.es\/noticias\/category\/actualidad\/#listItem","name":"Actualidad"}},{"@type":"ListItem","@id":"https:\/\/candas365.es\/noticias\/category\/actualidad\/#listItem","position":2,"name":"Actualidad","item":"https:\/\/candas365.es\/noticias\/category\/actualidad\/","nextItem":{"@type":"ListItem","@id":"https:\/\/candas365.es\/noticias\/freddy-guevara-se-incorporara-a-la-delegacion-de-la-plataforma-democratica-unitaria\/#listItem","name":"Freddy Guevara se incorporar\u00e1 a la delegaci\u00f3n de la Plataforma Democr\u00e1tica Unitaria"},"previousItem":{"@type":"ListItem","@id":"https:\/\/candas365.es\/noticias#listItem","name":"Home"}},{"@type":"ListItem","@id":"https:\/\/candas365.es\/noticias\/freddy-guevara-se-incorporara-a-la-delegacion-de-la-plataforma-democratica-unitaria\/#listItem","position":3,"name":"Freddy Guevara se incorporar\u00e1 a la delegaci\u00f3n de la Plataforma Democr\u00e1tica Unitaria","previousItem":{"@type":"ListItem","@id":"https:\/\/candas365.es\/noticias\/category\/actualidad\/#listItem","name":"Actualidad"}}]},{"@type":"NewsArticle","@id":"https:\/\/candas365.es\/noticias\/freddy-guevara-se-incorporara-a-la-delegacion-de-la-plataforma-democratica-unitaria\/#newsarticle","name":"Freddy Guevara se incorporar\u00e1 a la delegaci\u00f3n de la Plataforma Democr\u00e1tica Unitaria | Cand\u00e1s 365","headline":"Freddy Guevara se incorporar\u00e1 a la delegaci\u00f3n de la Plataforma Democr\u00e1tica Unitaria","author":{"@id":"https:\/\/candas365.es\/noticias\/author\/admin\/#author"},"publisher":{"@id":"https:\/\/candas365.es\/noticias\/#organization"},"image":{"@type":"ImageObject","url":"https:\/\/candas365.es\/noticias\/wp-content\/uploads\/2018\/10\/venezuela-1716111_960_720.jpg","width":960,"height":640},"datePublished":"2021-09-06T12:11:30+02:00","dateModified":"2021-09-06T12:11:30+02:00","inLanguage":"es-ES","mainEntityOfPage":{"@id":"https:\/\/candas365.es\/noticias\/freddy-guevara-se-incorporara-a-la-delegacion-de-la-plataforma-democratica-unitaria\/#webpage"},"isPartOf":{"@id":"https:\/\/candas365.es\/noticias\/freddy-guevara-se-incorporara-a-la-delegacion-de-la-plataforma-democratica-unitaria\/#webpage"},"articleSection":"Actualidad, Internacional, Venezuela","dateline":"Publicado el septiembre 6, 2021."},{"@type":"Organization","@id":"https:\/\/candas365.es\/noticias\/#organization","name":"Cand\u00e1s 365","description":"Cand\u00e1s 365 es un diario digital independiente, fundado en 2012, con base en Asturias. Informamos con rigor sobre actualidad, sociedad, cultura y ocio, con una mirada local y global.","url":"https:\/\/candas365.es\/noticias\/","email":"info@candas365.es","telephone":"+34652131393","foundingDate":"2012-06-10","logo":{"@type":"ImageObject","url":"https:\/\/candas365.es\/noticias\/wp-content\/uploads\/2024\/09\/Candas-365-Redes.jpg","@id":"https:\/\/candas365.es\/noticias\/freddy-guevara-se-incorporara-a-la-delegacion-de-la-plataforma-democratica-unitaria\/#organizationLogo","width":1152,"height":864,"caption":"Cand\u00e1s 365 Redes"},"image":{"@id":"https:\/\/candas365.es\/noticias\/freddy-guevara-se-incorporara-a-la-delegacion-de-la-plataforma-democratica-unitaria\/#organizationLogo"},"sameAs":["https:\/\/www.facebook.com\/Nachofdezber","https:\/\/x.com\/NabercoDigital","https:\/\/www.instagram.com\/nachofdezber\/","https:\/\/www.youtube.com\/channel\/UCZP-2wLEB9Rv6erhFmqVnvg"],"address":{"@id":"https:\/\/candas365.es\/noticias\/#postaladdress","@type":"PostalAddress","streetAddress":"san antonio 4, san antonio 4","postalCode":"33430","addressLocality":"Cand\u00e1s","addressRegion":"Asturias","addressCountry":"ES"}},{"@type":"Person","@id":"https:\/\/candas365.es\/noticias\/author\/admin\/#author","url":"https:\/\/candas365.es\/noticias\/author\/admin\/","name":"Cand\u00e1s 365","image":{"@type":"ImageObject","@id":"https:\/\/candas365.es\/noticias\/freddy-guevara-se-incorporara-a-la-delegacion-de-la-plataforma-democratica-unitaria\/#authorImage","url":"https:\/\/secure.gravatar.com\/avatar\/496a8e03d0c493ede1718b7934145dbdf8d89be1036b0eec9544e1094c9de390?s=96&d=mm&r=g","width":96,"height":96,"caption":"Cand\u00e1s 365"},"sameAs":["https:\/\/www.facebook.com\/carrenoactualidad","https:\/\/twitter.com\/nbasturias","https:\/\/www.instagram.com\/nachofdezber\/","https:\/\/www.youtube.com\/channel\/UCZP-2wLEB9Rv6erhFmqVnvg"]},{"@type":"WebPage","@id":"https:\/\/candas365.es\/noticias\/freddy-guevara-se-incorporara-a-la-delegacion-de-la-plataforma-democratica-unitaria\/#webpage","url":"https:\/\/candas365.es\/noticias\/freddy-guevara-se-incorporara-a-la-delegacion-de-la-plataforma-democratica-unitaria\/","name":"Freddy Guevara se incorporar\u00e1 a la delegaci\u00f3n de la Plataforma Democr\u00e1tica Unitaria | Cand\u00e1s 365","description":"El dirigente opositor venezolano Freddy Guevara se incorporar\u00e1 a la delegaci\u00f3n de la Plataforma Democr\u00e1tica Unitaria de la oposici\u00f3n venezolana","inLanguage":"es-ES","isPartOf":{"@id":"https:\/\/candas365.es\/noticias\/#website"},"breadcrumb":{"@id":"https:\/\/candas365.es\/noticias\/freddy-guevara-se-incorporara-a-la-delegacion-de-la-plataforma-democratica-unitaria\/#breadcrumblist"},"author":{"@id":"https:\/\/candas365.es\/noticias\/author\/admin\/#author"},"creator":{"@id":"https:\/\/candas365.es\/noticias\/author\/admin\/#author"},"image":{"@type":"ImageObject","url":"https:\/\/candas365.es\/noticias\/wp-content\/uploads\/2018\/10\/venezuela-1716111_960_720.jpg","@id":"https:\/\/candas365.es\/noticias\/freddy-guevara-se-incorporara-a-la-delegacion-de-la-plataforma-democratica-unitaria\/#mainImage","width":960,"height":640},"primaryImageOfPage":{"@id":"https:\/\/candas365.es\/noticias\/freddy-guevara-se-incorporara-a-la-delegacion-de-la-plataforma-democratica-unitaria\/#mainImage"},"datePublished":"2021-09-06T12:11:30+02:00","dateModified":"2021-09-06T12:11:30+02:00"},{"@type":"WebSite","@id":"https:\/\/candas365.es\/noticias\/#website","url":"https:\/\/candas365.es\/noticias\/","name":"Cand\u00e1s 365","alternateName":"Cand\u00e1s 365 Noticias","description":"Actualidad desde Carre\u00f1o para el mundo","inLanguage":"es-ES","publisher":{"@id":"https:\/\/candas365.es\/noticias\/#organization"}}]},"og:locale":"es_ES","og:site_name":"Cand\u00e1s 365","og:type":"article","og:title":"Freddy Guevara se incorporar\u00e1 a la delegaci\u00f3n de la Plataforma Democr\u00e1tica Unitaria | Cand\u00e1s 365","og:description":"El dirigente opositor venezolano Freddy Guevara se incorporar\u00e1 a la delegaci\u00f3n de la Plataforma Democr\u00e1tica Unitaria de la oposici\u00f3n venezolana","og:url":"https:\/\/candas365.es\/noticias\/freddy-guevara-se-incorporara-a-la-delegacion-de-la-plataforma-democratica-unitaria\/","og:image":"https:\/\/candas365.es\/noticias\/wp-content\/uploads\/2018\/10\/venezuela-1716111_960_720.jpg","og:image:secure_url":"https:\/\/candas365.es\/noticias\/wp-content\/uploads\/2018\/10\/venezuela-1716111_960_720.jpg","og:image:width":960,"og:image:height":640,"article:published_time":"2021-09-06T12:11:30+00:00","article:modified_time":"2021-09-06T12:11:30+00:00","article:publisher":"https:\/\/www.facebook.com\/Nachofdezber","article:author":"https:\/\/www.facebook.com\/carrenoactualidad","twitter:card":"summary_large_image","twitter:site":"@NabercoDigital","twitter:title":"Freddy Guevara se incorporar\u00e1 a la delegaci\u00f3n de la Plataforma Democr\u00e1tica Unitaria | Cand\u00e1s 365","twitter:description":"El dirigente opositor venezolano Freddy Guevara se incorporar\u00e1 a la delegaci\u00f3n de la Plataforma Democr\u00e1tica Unitaria de la oposici\u00f3n venezolana","twitter:creator":"@nbasturias","twitter:image":"https:\/\/candas365.es\/noticias\/wp-content\/uploads\/2018\/10\/venezuela-1716111_960_720.jpg","twitter:label1":"Escrito por","twitter:data1":"Cand\u00e1s 365","twitter:label2":"Tiempo de lectura estimado","twitter:data2":"3 minutos"},"aioseo_meta_data":{"post_id":"158158","title":null,"description":"El dirigente opositor venezolano Freddy Guevara se incorporar\u00e1 a la delegaci\u00f3n de la Plataforma Democr\u00e1tica Unitaria de la oposici\u00f3n venezolana","keywords":[],"keyphrases":{"focus":{"keyphrase":"Freddy Guevara ","score":87,"analysis":{"keyphraseInTitle":{"title":"Focus Keyphrase in SEO title","description":"Focus Keyphrase found in SEO title.","score":9,"maxScore":9,"error":0},"keyphraseInDescription":{"title":"Focus keyphrase in meta description","description":"Focus keyphrase found in meta description.","score":9,"maxScore":9,"error":0},"keyphraseInURL":[],"keyphraseLength":{"title":"Focus keyphrase length","description":"Good job!","score":9,"maxScore":9,"error":0,"length":2},"keyphraseInIntroduction":{"title":"Focus keyphrase in introduction","description":"Your Focus keyphrase appears in the first paragraph. Well done!","score":9,"maxScore":9,"error":0},"keyphraseInSubHeadings":[],"keyphraseInImageAlt":{"title":"Focus keyphrase in image alt attributes","description":"Focus keyphrase not found in image alt attribute(s). Add an image with your Focus keyphrase as alt text.","score":3,"maxScore":9,"error":1}}},"additional":[{"keyphrase":"opositor venezolano ","score":83,"analysis":{"keyphraseInDescription":{"title":"Keyphrase in meta description","description":"Keyphrase found in meta description.","score":9,"maxScore":9,"error":0},"keyphraseLength":{"title":"Keyphrase length","description":"Good job!","score":9,"maxScore":9,"error":0,"length":2},"keyphraseInIntroduction":{"title":"Keyphrase in introduction","description":"Your Keyphrase appears in the first paragraph. Well done!","score":9,"maxScore":9,"error":0},"keyphraseInImageAlt":{"title":"Keyphrase in image alt attributes","description":"Keyphrase not found in image alt attribute(s). Add an image with your Keyphrase as alt text.","score":3,"maxScore":9,"error":1}}}]},"primary_term":null,"canonical_url":null,"og_title":null,"og_description":null,"og_object_type":"default","og_image_type":"default","og_image_url":null,"og_image_width":null,"og_image_height":null,"og_image_custom_url":null,"og_image_custom_fields":null,"og_video":"","og_custom_url":null,"og_article_section":null,"og_article_tags":[],"twitter_use_og":false,"twitter_card":"default","twitter_image_type":"default","twitter_image_url":null,"twitter_image_custom_url":null,"twitter_image_custom_fields":null,"twitter_title":null,"twitter_description":null,"schema":{"blockGraphs":[],"customGraphs":[],"default":{"data":{"Article":[],"Course":[],"Dataset":[],"FAQPage":[],"Movie":[],"Person":[],"Product":[],"ProductReview":[],"Car":[],"Recipe":[],"Service":[],"SoftwareApplication":[],"WebPage":[]},"graphName":"","isEnabled":true},"graphs":[],"defaultGraph":"Article","defaultPostTypeGraph":""},"schema_type":"default","schema_type_options":"{\"article\":{\"articleType\":\"BlogPosting\"},\"course\":{\"name\":\"\",\"description\":\"\",\"provider\":\"\"},\"faq\":{\"pages\":[]},\"product\":{\"reviews\":[]},\"recipe\":{\"ingredients\":[],\"instructions\":[],\"keywords\":[]},\"software\":{\"reviews\":[],\"operatingSystems\":[]},\"webPage\":{\"webPageType\":\"WebPage\"}}","pillar_content":false,"robots_default":true,"robots_noindex":false,"robots_noarchive":false,"robots_nosnippet":false,"robots_nofollow":false,"robots_noimageindex":false,"robots_noodp":false,"robots_notranslate":false,"robots_max_snippet":"-1","robots_max_videopreview":"-1","robots_max_imagepreview":"large","priority":null,"frequency":"default","location":null,"local_seo":null,"seo_analyzer_scan_date":"2025-09-01 02:04:10","breadcrumb_settings":null,"limit_modified_date":false,"reviewed_by":null,"open_ai":null,"ai":null,"created":"2021-09-06 12:09:11","updated":"2025-09-01 02:04:10"},"aioseo_breadcrumb":"<div class=\"aioseo-breadcrumbs\"><span class=\"aioseo-breadcrumb\">\n\t<a href=\"https:\/\/candas365.es\/noticias\" title=\"Home\">Home<\/a>\n<\/span><span class=\"aioseo-breadcrumb-separator\">&ndash;<\/span><span class=\"aioseo-breadcrumb\">\n\t<a href=\"https:\/\/candas365.es\/noticias\/category\/actualidad\/\" title=\"Actualidad\">Actualidad<\/a>\n<\/span><span class=\"aioseo-breadcrumb-separator\">&ndash;<\/span><span class=\"aioseo-breadcrumb\">\n\tFreddy Guevara se incorporar\u00e1 a la delegaci\u00f3n de la Plataforma Democr\u00e1tica Unitaria\n<\/span><\/div>","aioseo_breadcrumb_json":[{"label":"Home","link":"https:\/\/candas365.es\/noticias"},{"label":"Actualidad","link":"https:\/\/candas365.es\/noticias\/category\/actualidad\/"},{"label":"Freddy Guevara se incorporar\u00e1 a la delegaci\u00f3n de la Plataforma Democr\u00e1tica Unitaria","link":"https:\/\/candas365.es\/noticias\/freddy-guevara-se-incorporara-a-la-delegacion-de-la-plataforma-democratica-unitaria\/"}],"_links":{"self":[{"href":"https:\/\/candas365.es\/noticias\/wp-json\/wp\/v2\/posts\/158158","targetHints":{"allow":["GET"]}}],"collection":[{"href":"https:\/\/candas365.es\/noticias\/wp-json\/wp\/v2\/posts"}],"about":[{"href":"https:\/\/candas365.es\/noticias\/wp-json\/wp\/v2\/types\/post"}],"author":[{"embeddable":true,"href":"https:\/\/candas365.es\/noticias\/wp-json\/wp\/v2\/users\/1"}],"replies":[{"embeddable":true,"href":"https:\/\/candas365.es\/noticias\/wp-json\/wp\/v2\/comments?post=158158"}],"version-history":[{"count":0,"href":"https:\/\/candas365.es\/noticias\/wp-json\/wp\/v2\/posts\/158158\/revisions"}],"wp:featuredmedia":[{"embeddable":true,"href":"https:\/\/candas365.es\/noticias\/wp-json\/wp\/v2\/media\/108169"}],"wp:attachment":[{"href":"https:\/\/candas365.es\/noticias\/wp-json\/wp\/v2\/media?parent=158158"}],"wp:term":[{"taxonomy":"category","embeddable":true,"href":"https:\/\/candas365.es\/noticias\/wp-json\/wp\/v2\/categories?post=158158"},{"taxonomy":"post_tag","embeddable":true,"href":"https:\/\/candas365.es\/noticias\/wp-json\/wp\/v2\/tags?post=158158"}],"curies":[{"name":"wp","href":"https:\/\/api.w.org\/{rel}","templated":true}]}}