{"id":158082,"date":"2021-09-04T16:00:18","date_gmt":"2021-09-04T16:00:18","guid":{"rendered":"http:\/\/candas365.es\/noticias\/?p=158082"},"modified":"2021-09-04T16:00:18","modified_gmt":"2021-09-04T16:00:18","slug":"luis-enrique-esta-con-la-moral-a-tope","status":"publish","type":"post","link":"https:\/\/candas365.es\/noticias\/luis-enrique-esta-con-la-moral-a-tope\/","title":{"rendered":"Luis Enrique est\u00e1 \u00abcon la moral a tope\u00bb"},"content":{"rendered":"<p>(EP) &#8211; El seleccionador espa\u00f1ol, Luis Enrique Mart\u00ednez, ha asegurado que est\u00e1 \u00abcon la moral a tope\u00bb para afrontar el partido de este domingo ante Georgia y ha recordado que dependen de s\u00ed mismos para estar en el Mundial de Catar 2022, a pesar del duro tropiezo del pasado jueves ante Suecia, y ha recordado que est\u00e1n \u00abacostumbrados a superar las dificultades de cualquier \u00edndole\u00bb.<\/p>\n<p>\u00abNo depende de nosotros pasar como primeros en noviembre, pero s\u00ed depende de nosotros estar en el pr\u00f3ximo Mundial, con la repesca asegurada. Si miramos la trayectoria de la selecci\u00f3n en las \u00faltimas Liga de Naciones y Eurocopa, Espa\u00f1a e Italia son las \u00fanicas selecciones que han estado entre las cuatro mejores. De los \u00faltimos 10 partidos, a excepci\u00f3n de la derrota de ayer, solo hab\u00edamos perdido contra Ucrania\u00bb, declar\u00f3 en rueda de prensa.<\/p>\n<p>Adem\u00e1s, asegur\u00f3 que ve a todos sus jugadores \u00abconcentrados en su trabajo\u00bb. \u00abDependemos de nosotros para ir al Mundial; aunque Suecia ganase todos sus partidos y qued\u00e1semos segundos, ganando los partidos de la repesca ir\u00edamos al Mundial. Si a algo estamos acostumbrados es a superar las dificultades de cualquier \u00edndole. Tras el partido estuvimos afectados por el resultado, es normal, pero al d\u00eda siguiente haces de tripas coraz\u00f3n y te olvidas de unos puntos que no podr\u00e1s recuperar y piensas en el siguiente partido\u00bb, explic\u00f3.<\/p>\n<p>En este sentido, el t\u00e9cnico asturiano afirm\u00f3 que es \u00abm\u00e1s optimista\u00bb que tras el encuentro en el Friends Arena de Solna. \u00abNos sucede a todos despu\u00e9s de resultados adversos. Hay muchas cosas positivas y cosas a corregir. En lo futbol\u00edstico, las transiciones las pod\u00edamos haber mejorado, hay errores individuales de pase, de posicionamiento, acierto del rival&#8230; Estoy con la moral a tope para preparar lo que queda\u00bb, apunt\u00f3.<\/p>\n<p>\u00abEl f\u00fatbol es un juego de errores. Hay errores individuales y colectivos, el acierto de los jugadores suecos de cara a gol es destacable. La igualdad reinante en el f\u00fatbol europeo y mundial hace que sea muy dif\u00edcil ganar los partidos. Ma\u00f1ana ante Georgia volveremos a tener dificultades\u00bb, a\u00f1adi\u00f3. \u00abOtro ir\u00eda a guardarse el 1-0, nosotros no\u00bb, se\u00f1al\u00f3.<\/p>\n<p>Tambi\u00e9n apel\u00f3 a centrarse en el duelo del Nuevo Vivero ante Georgia. \u00abEn el partido de la primera vuelta ganamos en el \u00faltimo minuto. Va a ser complicado seguro\u00bb, expuso, y pidi\u00f3 el apoyo de los seguidores espa\u00f1oles. \u00abLo que le dir\u00eda a la afici\u00f3n es que es un apoyo vital. Esperamos contar con ese apoyo y que nos d\u00e9 alas, sobre todo si estamos en dificultades\u00bb, dese\u00f3.<\/p>\n<h2>\u00abSUFRIMOS VIOLENCIA VERBAL Y EST\u00c1IS M\u00c1S PREOCUPADOS POR MI RESPUESTA\u00bb<\/h2>\n<p>En otro orden de cosas, habl\u00f3 de la supuesta &#8216;peineta&#8217; que habr\u00eda dedicado a un aficionado tras el partido ante Suecia. \u00abMe resulta muy gracioso que los profesionales sufran violencia verbal y est\u00e9is m\u00e1s preocupados de cu\u00e1l es mi respuesta. Era un insulto. Estoy acostumbrado a ellos, pero parece que interesa m\u00e1s cu\u00e1l es la respuesta de la persona que sufre la violencia, y no conden\u00e1is el hecho\u00bb, manifest\u00f3.<\/p>\n<p>Por \u00faltimo, Luis Enrique se mostr\u00f3 \u00abencantado\u00bb con el estado de forma de Eric Garc\u00eda. \u00abEric ha comenzado la temporada de manera brillante. Est\u00e1 en perfecto estado. Sufrimos en las transiciones, pero tambi\u00e9n Laporte. Estoy encantado con su rendimiento\u00bb, concluy\u00f3 sobre el central azulgrana.<\/p>\n","protected":false},"excerpt":{"rendered":"<p>(EP) &#8211; El seleccionador espa\u00f1ol, Luis Enrique Mart\u00ednez, ha asegurado que est\u00e1 \u00abcon la moral a tope\u00bb para afrontar el partido de este domingo ante Georgia y ha recordado que dependen de s\u00ed mismos para estar en el Mundial de Catar 2022, a pesar del duro tropiezo del pasado jueves ante Suecia, y ha recordado<\/p>\n","protected":false},"author":1,"featured_media":157395,"comment_status":"closed","ping_status":"closed","sticky":false,"template":"","format":"standard","meta":{"footnotes":""},"categories":[319],"tags":[387,389],"class_list":{"0":"post-158082","1":"post","2":"type-post","3":"status-publish","4":"format-standard","5":"has-post-thumbnail","7":"category-deporte","8":"tag-deporte","9":"tag-futbol"},"aioseo_notices":[],"aioseo_head":"\n\t\t<!-- All in One SEO Pro 4.9.6.2 - aioseo.com -->\n\t<meta name=\"description\" content=\"El seleccionador espa\u00f1ol, Luis Enrique Mart\u00ednez, ha asegurado que est\u00e1 &quot;con la moral a tope&quot; para afrontar el partido de este domingo\" \/>\n\t<meta name=\"robots\" content=\"max-image-preview:large\" \/>\n\t<meta name=\"author\" content=\"Cand\u00e1s 365\"\/>\n\t<meta name=\"google-site-verification\" content=\"UA-32230408-1\" \/>\n\t<meta name=\"msvalidate.01\" content=\"354F3CDFB2DA171B47FBE9ABF1F88D5\" \/>\n\t<meta name=\"keywords\" content=\"deporte\" \/>\n\t<link rel=\"canonical\" href=\"https:\/\/candas365.es\/noticias\/luis-enrique-esta-con-la-moral-a-tope\/\" \/>\n\t<meta name=\"generator\" content=\"All in One SEO Pro (AIOSEO) 4.9.6.2\" \/>\n\t\t<meta property=\"og:locale\" content=\"es_ES\" \/>\n\t\t<meta property=\"og:site_name\" content=\"Cand\u00e1s 365\" \/>\n\t\t<meta property=\"og:type\" content=\"article\" \/>\n\t\t<meta property=\"og:title\" content=\"Luis Enrique est\u00e1 \u00abcon la moral a tope\u00bb | Cand\u00e1s 365\" \/>\n\t\t<meta property=\"og:description\" content=\"El seleccionador espa\u00f1ol, Luis Enrique Mart\u00ednez, ha asegurado que est\u00e1 &quot;con la moral a tope&quot; para afrontar el partido de este domingo\" \/>\n\t\t<meta property=\"og:url\" content=\"https:\/\/candas365.es\/noticias\/luis-enrique-esta-con-la-moral-a-tope\/\" \/>\n\t\t<meta property=\"og:image\" content=\"https:\/\/candas365.es\/noticias\/wp-content\/uploads\/2021\/08\/futbol.jpg\" \/>\n\t\t<meta property=\"og:image:secure_url\" content=\"https:\/\/candas365.es\/noticias\/wp-content\/uploads\/2021\/08\/futbol.jpg\" \/>\n\t\t<meta property=\"og:image:width\" content=\"640\" \/>\n\t\t<meta property=\"og:image:height\" content=\"428\" \/>\n\t\t<meta property=\"article:published_time\" content=\"2021-09-04T16:00:18+00:00\" \/>\n\t\t<meta property=\"article:modified_time\" content=\"2021-09-04T16:00:18+00:00\" \/>\n\t\t<meta property=\"article:publisher\" content=\"https:\/\/www.facebook.com\/Nachofdezber\" \/>\n\t\t<meta property=\"article:author\" content=\"https:\/\/www.facebook.com\/carrenoactualidad\" \/>\n\t\t<meta name=\"twitter:card\" content=\"summary_large_image\" \/>\n\t\t<meta name=\"twitter:site\" content=\"@NabercoDigital\" \/>\n\t\t<meta name=\"twitter:title\" content=\"Luis Enrique est\u00e1 \u00abcon la moral a tope\u00bb | Cand\u00e1s 365\" \/>\n\t\t<meta name=\"twitter:description\" content=\"El seleccionador espa\u00f1ol, Luis Enrique Mart\u00ednez, ha asegurado que est\u00e1 &quot;con la moral a tope&quot; para afrontar el partido de este domingo\" \/>\n\t\t<meta name=\"twitter:creator\" content=\"@nbasturias\" \/>\n\t\t<meta name=\"twitter:image\" content=\"https:\/\/candas365.es\/noticias\/wp-content\/uploads\/2021\/08\/futbol.jpg\" \/>\n\t\t<meta name=\"twitter:label1\" content=\"Escrito por\" \/>\n\t\t<meta name=\"twitter:data1\" content=\"Cand\u00e1s 365\" \/>\n\t\t<meta name=\"twitter:label2\" content=\"Tiempo de lectura estimado\" \/>\n\t\t<meta name=\"twitter:data2\" content=\"3 minutos\" \/>\n\t\t<script type=\"application\/ld+json\" class=\"aioseo-schema\">\n\t\t\t{\"@context\":\"https:\\\/\\\/schema.org\",\"@graph\":[{\"@type\":\"BreadcrumbList\",\"@id\":\"https:\\\/\\\/candas365.es\\\/noticias\\\/luis-enrique-esta-con-la-moral-a-tope\\\/#breadcrumblist\",\"itemListElement\":[{\"@type\":\"ListItem\",\"@id\":\"https:\\\/\\\/candas365.es\\\/noticias#listItem\",\"position\":1,\"name\":\"Home\",\"item\":\"https:\\\/\\\/candas365.es\\\/noticias\",\"nextItem\":{\"@type\":\"ListItem\",\"@id\":\"https:\\\/\\\/candas365.es\\\/noticias\\\/category\\\/deporte\\\/#listItem\",\"name\":\"Deporte\"}},{\"@type\":\"ListItem\",\"@id\":\"https:\\\/\\\/candas365.es\\\/noticias\\\/category\\\/deporte\\\/#listItem\",\"position\":2,\"name\":\"Deporte\",\"item\":\"https:\\\/\\\/candas365.es\\\/noticias\\\/category\\\/deporte\\\/\",\"nextItem\":{\"@type\":\"ListItem\",\"@id\":\"https:\\\/\\\/candas365.es\\\/noticias\\\/luis-enrique-esta-con-la-moral-a-tope\\\/#listItem\",\"name\":\"Luis Enrique est\\u00e1 \\u00abcon la moral a tope\\u00bb\"},\"previousItem\":{\"@type\":\"ListItem\",\"@id\":\"https:\\\/\\\/candas365.es\\\/noticias#listItem\",\"name\":\"Home\"}},{\"@type\":\"ListItem\",\"@id\":\"https:\\\/\\\/candas365.es\\\/noticias\\\/luis-enrique-esta-con-la-moral-a-tope\\\/#listItem\",\"position\":3,\"name\":\"Luis Enrique est\\u00e1 \\u00abcon la moral a tope\\u00bb\",\"previousItem\":{\"@type\":\"ListItem\",\"@id\":\"https:\\\/\\\/candas365.es\\\/noticias\\\/category\\\/deporte\\\/#listItem\",\"name\":\"Deporte\"}}]},{\"@type\":\"NewsArticle\",\"@id\":\"https:\\\/\\\/candas365.es\\\/noticias\\\/luis-enrique-esta-con-la-moral-a-tope\\\/#newsarticle\",\"name\":\"Luis Enrique est\\u00e1 \\u00abcon la moral a tope\\u00bb | Cand\\u00e1s 365\",\"headline\":\"Luis Enrique est\\u00e1 \\u00abcon la moral a tope\\u00bb\",\"author\":{\"@id\":\"https:\\\/\\\/candas365.es\\\/noticias\\\/author\\\/admin\\\/#author\"},\"publisher\":{\"@id\":\"https:\\\/\\\/candas365.es\\\/noticias\\\/#organization\"},\"image\":{\"@type\":\"ImageObject\",\"url\":\"https:\\\/\\\/candas365.es\\\/noticias\\\/wp-content\\\/uploads\\\/2021\\\/08\\\/futbol.jpg\",\"width\":640,\"height\":428,\"caption\":\"f\\u00fatbol\"},\"datePublished\":\"2021-09-04T16:00:18+02:00\",\"dateModified\":\"2021-09-04T16:00:18+02:00\",\"inLanguage\":\"es-ES\",\"mainEntityOfPage\":{\"@id\":\"https:\\\/\\\/candas365.es\\\/noticias\\\/luis-enrique-esta-con-la-moral-a-tope\\\/#webpage\"},\"isPartOf\":{\"@id\":\"https:\\\/\\\/candas365.es\\\/noticias\\\/luis-enrique-esta-con-la-moral-a-tope\\\/#webpage\"},\"articleSection\":\"Deporte, deporte, f\\u00fatbol\",\"dateline\":\"Publicado el septiembre 4, 2021.\"},{\"@type\":\"Organization\",\"@id\":\"https:\\\/\\\/candas365.es\\\/noticias\\\/#organization\",\"name\":\"Cand\\u00e1s 365\",\"description\":\"Cand\\u00e1s 365 es un diario digital independiente, fundado en 2012, con base en Asturias. Informamos con rigor sobre actualidad, sociedad, cultura y ocio, con una mirada local y global.\",\"url\":\"https:\\\/\\\/candas365.es\\\/noticias\\\/\",\"email\":\"info@candas365.es\",\"telephone\":\"+34652131393\",\"foundingDate\":\"2012-06-10\",\"logo\":{\"@type\":\"ImageObject\",\"url\":\"https:\\\/\\\/candas365.es\\\/noticias\\\/wp-content\\\/uploads\\\/2024\\\/09\\\/Candas-365-Redes.jpg\",\"@id\":\"https:\\\/\\\/candas365.es\\\/noticias\\\/luis-enrique-esta-con-la-moral-a-tope\\\/#organizationLogo\",\"width\":1152,\"height\":864,\"caption\":\"Cand\\u00e1s 365 Redes\"},\"image\":{\"@id\":\"https:\\\/\\\/candas365.es\\\/noticias\\\/luis-enrique-esta-con-la-moral-a-tope\\\/#organizationLogo\"},\"sameAs\":[\"https:\\\/\\\/www.facebook.com\\\/Nachofdezber\",\"https:\\\/\\\/x.com\\\/NabercoDigital\",\"https:\\\/\\\/www.instagram.com\\\/nachofdezber\\\/\",\"https:\\\/\\\/www.youtube.com\\\/channel\\\/UCZP-2wLEB9Rv6erhFmqVnvg\"],\"address\":{\"@id\":\"https:\\\/\\\/candas365.es\\\/noticias\\\/#postaladdress\",\"@type\":\"PostalAddress\",\"streetAddress\":\"san antonio 4, san antonio 4\",\"postalCode\":\"33430\",\"addressLocality\":\"Cand\\u00e1s\",\"addressRegion\":\"Asturias\",\"addressCountry\":\"ES\"}},{\"@type\":\"Person\",\"@id\":\"https:\\\/\\\/candas365.es\\\/noticias\\\/author\\\/admin\\\/#author\",\"url\":\"https:\\\/\\\/candas365.es\\\/noticias\\\/author\\\/admin\\\/\",\"name\":\"Cand\\u00e1s 365\",\"image\":{\"@type\":\"ImageObject\",\"@id\":\"https:\\\/\\\/candas365.es\\\/noticias\\\/luis-enrique-esta-con-la-moral-a-tope\\\/#authorImage\",\"url\":\"https:\\\/\\\/secure.gravatar.com\\\/avatar\\\/496a8e03d0c493ede1718b7934145dbdf8d89be1036b0eec9544e1094c9de390?s=96&d=mm&r=g\",\"width\":96,\"height\":96,\"caption\":\"Cand\\u00e1s 365\"},\"sameAs\":[\"https:\\\/\\\/www.facebook.com\\\/carrenoactualidad\",\"https:\\\/\\\/twitter.com\\\/nbasturias\",\"https:\\\/\\\/www.instagram.com\\\/nachofdezber\\\/\",\"https:\\\/\\\/www.youtube.com\\\/channel\\\/UCZP-2wLEB9Rv6erhFmqVnvg\"]},{\"@type\":\"WebPage\",\"@id\":\"https:\\\/\\\/candas365.es\\\/noticias\\\/luis-enrique-esta-con-la-moral-a-tope\\\/#webpage\",\"url\":\"https:\\\/\\\/candas365.es\\\/noticias\\\/luis-enrique-esta-con-la-moral-a-tope\\\/\",\"name\":\"Luis Enrique est\\u00e1 \\u00abcon la moral a tope\\u00bb | Cand\\u00e1s 365\",\"description\":\"El seleccionador espa\\u00f1ol, Luis Enrique Mart\\u00ednez, ha asegurado que est\\u00e1 \\\"con la moral a tope\\\" para afrontar el partido de este domingo\",\"inLanguage\":\"es-ES\",\"isPartOf\":{\"@id\":\"https:\\\/\\\/candas365.es\\\/noticias\\\/#website\"},\"breadcrumb\":{\"@id\":\"https:\\\/\\\/candas365.es\\\/noticias\\\/luis-enrique-esta-con-la-moral-a-tope\\\/#breadcrumblist\"},\"author\":{\"@id\":\"https:\\\/\\\/candas365.es\\\/noticias\\\/author\\\/admin\\\/#author\"},\"creator\":{\"@id\":\"https:\\\/\\\/candas365.es\\\/noticias\\\/author\\\/admin\\\/#author\"},\"image\":{\"@type\":\"ImageObject\",\"url\":\"https:\\\/\\\/candas365.es\\\/noticias\\\/wp-content\\\/uploads\\\/2021\\\/08\\\/futbol.jpg\",\"@id\":\"https:\\\/\\\/candas365.es\\\/noticias\\\/luis-enrique-esta-con-la-moral-a-tope\\\/#mainImage\",\"width\":640,\"height\":428,\"caption\":\"f\\u00fatbol\"},\"primaryImageOfPage\":{\"@id\":\"https:\\\/\\\/candas365.es\\\/noticias\\\/luis-enrique-esta-con-la-moral-a-tope\\\/#mainImage\"},\"datePublished\":\"2021-09-04T16:00:18+02:00\",\"dateModified\":\"2021-09-04T16:00:18+02:00\"},{\"@type\":\"WebSite\",\"@id\":\"https:\\\/\\\/candas365.es\\\/noticias\\\/#website\",\"url\":\"https:\\\/\\\/candas365.es\\\/noticias\\\/\",\"name\":\"Cand\\u00e1s 365\",\"alternateName\":\"Cand\\u00e1s 365 Noticias\",\"description\":\"Actualidad desde Carre\\u00f1o para el mundo\",\"inLanguage\":\"es-ES\",\"publisher\":{\"@id\":\"https:\\\/\\\/candas365.es\\\/noticias\\\/#organization\"}}]}\n\t\t<\/script>\n\t\t<!-- All in One SEO Pro -->\r\n\t\t<title>Luis Enrique est\u00e1 \u00abcon la moral a tope\u00bb | Cand\u00e1s 365<\/title>\n\n","aioseo_head_json":{"title":"Luis Enrique est\u00e1 \u00abcon la moral a tope\u00bb | Cand\u00e1s 365","description":"El seleccionador espa\u00f1ol, Luis Enrique Mart\u00ednez, ha asegurado que est\u00e1 \"con la moral a tope\" para afrontar el partido de este domingo","canonical_url":"https:\/\/candas365.es\/noticias\/luis-enrique-esta-con-la-moral-a-tope\/","robots":"max-image-preview:large","keywords":"deporte","webmasterTools":{"google-site-verification":"UA-32230408-1","msvalidate.01":"354F3CDFB2DA171B47FBE9ABF1F88D5","miscellaneous":""},"schema":{"@context":"https:\/\/schema.org","@graph":[{"@type":"BreadcrumbList","@id":"https:\/\/candas365.es\/noticias\/luis-enrique-esta-con-la-moral-a-tope\/#breadcrumblist","itemListElement":[{"@type":"ListItem","@id":"https:\/\/candas365.es\/noticias#listItem","position":1,"name":"Home","item":"https:\/\/candas365.es\/noticias","nextItem":{"@type":"ListItem","@id":"https:\/\/candas365.es\/noticias\/category\/deporte\/#listItem","name":"Deporte"}},{"@type":"ListItem","@id":"https:\/\/candas365.es\/noticias\/category\/deporte\/#listItem","position":2,"name":"Deporte","item":"https:\/\/candas365.es\/noticias\/category\/deporte\/","nextItem":{"@type":"ListItem","@id":"https:\/\/candas365.es\/noticias\/luis-enrique-esta-con-la-moral-a-tope\/#listItem","name":"Luis Enrique est\u00e1 \u00abcon la moral a tope\u00bb"},"previousItem":{"@type":"ListItem","@id":"https:\/\/candas365.es\/noticias#listItem","name":"Home"}},{"@type":"ListItem","@id":"https:\/\/candas365.es\/noticias\/luis-enrique-esta-con-la-moral-a-tope\/#listItem","position":3,"name":"Luis Enrique est\u00e1 \u00abcon la moral a tope\u00bb","previousItem":{"@type":"ListItem","@id":"https:\/\/candas365.es\/noticias\/category\/deporte\/#listItem","name":"Deporte"}}]},{"@type":"NewsArticle","@id":"https:\/\/candas365.es\/noticias\/luis-enrique-esta-con-la-moral-a-tope\/#newsarticle","name":"Luis Enrique est\u00e1 \u00abcon la moral a tope\u00bb | Cand\u00e1s 365","headline":"Luis Enrique est\u00e1 \u00abcon la moral a tope\u00bb","author":{"@id":"https:\/\/candas365.es\/noticias\/author\/admin\/#author"},"publisher":{"@id":"https:\/\/candas365.es\/noticias\/#organization"},"image":{"@type":"ImageObject","url":"https:\/\/candas365.es\/noticias\/wp-content\/uploads\/2021\/08\/futbol.jpg","width":640,"height":428,"caption":"f\u00fatbol"},"datePublished":"2021-09-04T16:00:18+02:00","dateModified":"2021-09-04T16:00:18+02:00","inLanguage":"es-ES","mainEntityOfPage":{"@id":"https:\/\/candas365.es\/noticias\/luis-enrique-esta-con-la-moral-a-tope\/#webpage"},"isPartOf":{"@id":"https:\/\/candas365.es\/noticias\/luis-enrique-esta-con-la-moral-a-tope\/#webpage"},"articleSection":"Deporte, deporte, f\u00fatbol","dateline":"Publicado el septiembre 4, 2021."},{"@type":"Organization","@id":"https:\/\/candas365.es\/noticias\/#organization","name":"Cand\u00e1s 365","description":"Cand\u00e1s 365 es un diario digital independiente, fundado en 2012, con base en Asturias. Informamos con rigor sobre actualidad, sociedad, cultura y ocio, con una mirada local y global.","url":"https:\/\/candas365.es\/noticias\/","email":"info@candas365.es","telephone":"+34652131393","foundingDate":"2012-06-10","logo":{"@type":"ImageObject","url":"https:\/\/candas365.es\/noticias\/wp-content\/uploads\/2024\/09\/Candas-365-Redes.jpg","@id":"https:\/\/candas365.es\/noticias\/luis-enrique-esta-con-la-moral-a-tope\/#organizationLogo","width":1152,"height":864,"caption":"Cand\u00e1s 365 Redes"},"image":{"@id":"https:\/\/candas365.es\/noticias\/luis-enrique-esta-con-la-moral-a-tope\/#organizationLogo"},"sameAs":["https:\/\/www.facebook.com\/Nachofdezber","https:\/\/x.com\/NabercoDigital","https:\/\/www.instagram.com\/nachofdezber\/","https:\/\/www.youtube.com\/channel\/UCZP-2wLEB9Rv6erhFmqVnvg"],"address":{"@id":"https:\/\/candas365.es\/noticias\/#postaladdress","@type":"PostalAddress","streetAddress":"san antonio 4, san antonio 4","postalCode":"33430","addressLocality":"Cand\u00e1s","addressRegion":"Asturias","addressCountry":"ES"}},{"@type":"Person","@id":"https:\/\/candas365.es\/noticias\/author\/admin\/#author","url":"https:\/\/candas365.es\/noticias\/author\/admin\/","name":"Cand\u00e1s 365","image":{"@type":"ImageObject","@id":"https:\/\/candas365.es\/noticias\/luis-enrique-esta-con-la-moral-a-tope\/#authorImage","url":"https:\/\/secure.gravatar.com\/avatar\/496a8e03d0c493ede1718b7934145dbdf8d89be1036b0eec9544e1094c9de390?s=96&d=mm&r=g","width":96,"height":96,"caption":"Cand\u00e1s 365"},"sameAs":["https:\/\/www.facebook.com\/carrenoactualidad","https:\/\/twitter.com\/nbasturias","https:\/\/www.instagram.com\/nachofdezber\/","https:\/\/www.youtube.com\/channel\/UCZP-2wLEB9Rv6erhFmqVnvg"]},{"@type":"WebPage","@id":"https:\/\/candas365.es\/noticias\/luis-enrique-esta-con-la-moral-a-tope\/#webpage","url":"https:\/\/candas365.es\/noticias\/luis-enrique-esta-con-la-moral-a-tope\/","name":"Luis Enrique est\u00e1 \u00abcon la moral a tope\u00bb | Cand\u00e1s 365","description":"El seleccionador espa\u00f1ol, Luis Enrique Mart\u00ednez, ha asegurado que est\u00e1 \"con la moral a tope\" para afrontar el partido de este domingo","inLanguage":"es-ES","isPartOf":{"@id":"https:\/\/candas365.es\/noticias\/#website"},"breadcrumb":{"@id":"https:\/\/candas365.es\/noticias\/luis-enrique-esta-con-la-moral-a-tope\/#breadcrumblist"},"author":{"@id":"https:\/\/candas365.es\/noticias\/author\/admin\/#author"},"creator":{"@id":"https:\/\/candas365.es\/noticias\/author\/admin\/#author"},"image":{"@type":"ImageObject","url":"https:\/\/candas365.es\/noticias\/wp-content\/uploads\/2021\/08\/futbol.jpg","@id":"https:\/\/candas365.es\/noticias\/luis-enrique-esta-con-la-moral-a-tope\/#mainImage","width":640,"height":428,"caption":"f\u00fatbol"},"primaryImageOfPage":{"@id":"https:\/\/candas365.es\/noticias\/luis-enrique-esta-con-la-moral-a-tope\/#mainImage"},"datePublished":"2021-09-04T16:00:18+02:00","dateModified":"2021-09-04T16:00:18+02:00"},{"@type":"WebSite","@id":"https:\/\/candas365.es\/noticias\/#website","url":"https:\/\/candas365.es\/noticias\/","name":"Cand\u00e1s 365","alternateName":"Cand\u00e1s 365 Noticias","description":"Actualidad desde Carre\u00f1o para el mundo","inLanguage":"es-ES","publisher":{"@id":"https:\/\/candas365.es\/noticias\/#organization"}}]},"og:locale":"es_ES","og:site_name":"Cand\u00e1s 365","og:type":"article","og:title":"Luis Enrique est\u00e1 \u00abcon la moral a tope\u00bb | Cand\u00e1s 365","og:description":"El seleccionador espa\u00f1ol, Luis Enrique Mart\u00ednez, ha asegurado que est\u00e1 &quot;con la moral a tope&quot; para afrontar el partido de este domingo","og:url":"https:\/\/candas365.es\/noticias\/luis-enrique-esta-con-la-moral-a-tope\/","og:image":"https:\/\/candas365.es\/noticias\/wp-content\/uploads\/2021\/08\/futbol.jpg","og:image:secure_url":"https:\/\/candas365.es\/noticias\/wp-content\/uploads\/2021\/08\/futbol.jpg","og:image:width":640,"og:image:height":428,"article:published_time":"2021-09-04T16:00:18+00:00","article:modified_time":"2021-09-04T16:00:18+00:00","article:publisher":"https:\/\/www.facebook.com\/Nachofdezber","article:author":"https:\/\/www.facebook.com\/carrenoactualidad","twitter:card":"summary_large_image","twitter:site":"@NabercoDigital","twitter:title":"Luis Enrique est\u00e1 \u00abcon la moral a tope\u00bb | Cand\u00e1s 365","twitter:description":"El seleccionador espa\u00f1ol, Luis Enrique Mart\u00ednez, ha asegurado que est\u00e1 &quot;con la moral a tope&quot; para afrontar el partido de este domingo","twitter:creator":"@nbasturias","twitter:image":"https:\/\/candas365.es\/noticias\/wp-content\/uploads\/2021\/08\/futbol.jpg","twitter:label1":"Escrito por","twitter:data1":"Cand\u00e1s 365","twitter:label2":"Tiempo de lectura estimado","twitter:data2":"3 minutos"},"aioseo_meta_data":{"post_id":"158082","title":null,"description":"El seleccionador espa\u00f1ol, Luis Enrique Mart\u00ednez, ha asegurado que est\u00e1 \"con la moral a tope\" para afrontar el partido de este domingo&nbsp;","keywords":[],"keyphrases":{"focus":{"keyphrase":"Luis Enrique ","score":87,"analysis":{"keyphraseInTitle":{"title":"Focus Keyphrase in SEO title","description":"Focus Keyphrase found in SEO title.","score":9,"maxScore":9,"error":0},"keyphraseInDescription":{"title":"Focus keyphrase in meta description","description":"Focus keyphrase found in meta description.","score":9,"maxScore":9,"error":0},"keyphraseInURL":[],"keyphraseLength":{"title":"Focus keyphrase length","description":"Good job!","score":9,"maxScore":9,"error":0,"length":2},"keyphraseInIntroduction":{"title":"Focus keyphrase in introduction","description":"Your Focus keyphrase appears in the first paragraph. Well done!","score":9,"maxScore":9,"error":0},"keyphraseInSubHeadings":{"title":"Focus Keyphrase in Subheadings","description":"Use your focus keyphrase more in your H2 and H3 subheadings.","score":3,"maxScore":9,"error":1},"keyphraseInImageAlt":[]}},"additional":[{"keyphrase":"con la moral a tope","score":89,"analysis":{"keyphraseInDescription":{"title":"Keyphrase in meta description","description":"Keyphrase found in meta description.","score":9,"maxScore":9,"error":0},"keyphraseLength":{"title":"Keyphrase length","description":"Keyphrase is slightly long. Try to make it shorter.","score":6,"maxScore":9,"error":1,"length":5},"keyphraseInIntroduction":{"title":"Keyphrase in introduction","description":"Your Keyphrase appears in the first paragraph. Well done!","score":9,"maxScore":9,"error":0},"keyphraseInImageAlt":[]}}]},"primary_term":null,"canonical_url":null,"og_title":null,"og_description":null,"og_object_type":"default","og_image_type":"default","og_image_url":null,"og_image_width":null,"og_image_height":null,"og_image_custom_url":null,"og_image_custom_fields":null,"og_video":"","og_custom_url":null,"og_article_section":null,"og_article_tags":[],"twitter_use_og":false,"twitter_card":"default","twitter_image_type":"default","twitter_image_url":null,"twitter_image_custom_url":null,"twitter_image_custom_fields":null,"twitter_title":null,"twitter_description":null,"schema":{"blockGraphs":[],"customGraphs":[],"default":{"data":{"Article":[],"Course":[],"Dataset":[],"FAQPage":[],"Movie":[],"Person":[],"Product":[],"ProductReview":[],"Car":[],"Recipe":[],"Service":[],"SoftwareApplication":[],"WebPage":[]},"graphName":"","isEnabled":true},"graphs":[]},"schema_type":"default","schema_type_options":"{\"article\":{\"articleType\":\"BlogPosting\"},\"course\":{\"name\":\"\",\"description\":\"\",\"provider\":\"\"},\"faq\":{\"pages\":[]},\"product\":{\"reviews\":[]},\"recipe\":{\"ingredients\":[],\"instructions\":[],\"keywords\":[]},\"software\":{\"reviews\":[],\"operatingSystems\":[]},\"webPage\":{\"webPageType\":\"WebPage\"}}","pillar_content":false,"robots_default":true,"robots_noindex":false,"robots_noarchive":false,"robots_nosnippet":false,"robots_nofollow":false,"robots_noimageindex":false,"robots_noodp":false,"robots_notranslate":false,"robots_max_snippet":"-1","robots_max_videopreview":"-1","robots_max_imagepreview":"large","priority":null,"frequency":"default","location":null,"local_seo":null,"seo_analyzer_scan_date":"2025-09-01 01:54:04","breadcrumb_settings":null,"limit_modified_date":false,"reviewed_by":null,"open_ai":null,"ai":null,"created":"2021-09-04 15:58:31","updated":"2025-09-01 01:54:04"},"aioseo_breadcrumb":"<div class=\"aioseo-breadcrumbs\"><span class=\"aioseo-breadcrumb\">\n\t<a href=\"https:\/\/candas365.es\/noticias\" title=\"Home\">Home<\/a>\n<\/span><span class=\"aioseo-breadcrumb-separator\">&ndash;<\/span><span class=\"aioseo-breadcrumb\">\n\t<a href=\"https:\/\/candas365.es\/noticias\/category\/deporte\/\" title=\"Deporte\">Deporte<\/a>\n<\/span><span class=\"aioseo-breadcrumb-separator\">&ndash;<\/span><span class=\"aioseo-breadcrumb\">\n\tLuis Enrique est\u00e1 \u00abcon la moral a tope\u00bb\n<\/span><\/div>","aioseo_breadcrumb_json":[{"label":"Home","link":"https:\/\/candas365.es\/noticias"},{"label":"Deporte","link":"https:\/\/candas365.es\/noticias\/category\/deporte\/"},{"label":"Luis Enrique est\u00e1 \u00abcon la moral a tope\u00bb","link":"https:\/\/candas365.es\/noticias\/luis-enrique-esta-con-la-moral-a-tope\/"}],"_links":{"self":[{"href":"https:\/\/candas365.es\/noticias\/wp-json\/wp\/v2\/posts\/158082","targetHints":{"allow":["GET"]}}],"collection":[{"href":"https:\/\/candas365.es\/noticias\/wp-json\/wp\/v2\/posts"}],"about":[{"href":"https:\/\/candas365.es\/noticias\/wp-json\/wp\/v2\/types\/post"}],"author":[{"embeddable":true,"href":"https:\/\/candas365.es\/noticias\/wp-json\/wp\/v2\/users\/1"}],"replies":[{"embeddable":true,"href":"https:\/\/candas365.es\/noticias\/wp-json\/wp\/v2\/comments?post=158082"}],"version-history":[{"count":0,"href":"https:\/\/candas365.es\/noticias\/wp-json\/wp\/v2\/posts\/158082\/revisions"}],"wp:featuredmedia":[{"embeddable":true,"href":"https:\/\/candas365.es\/noticias\/wp-json\/wp\/v2\/media\/157395"}],"wp:attachment":[{"href":"https:\/\/candas365.es\/noticias\/wp-json\/wp\/v2\/media?parent=158082"}],"wp:term":[{"taxonomy":"category","embeddable":true,"href":"https:\/\/candas365.es\/noticias\/wp-json\/wp\/v2\/categories?post=158082"},{"taxonomy":"post_tag","embeddable":true,"href":"https:\/\/candas365.es\/noticias\/wp-json\/wp\/v2\/tags?post=158082"}],"curies":[{"name":"wp","href":"https:\/\/api.w.org\/{rel}","templated":true}]}}