{"id":157947,"date":"2021-09-01T12:24:46","date_gmt":"2021-09-01T12:24:46","guid":{"rendered":"http:\/\/candas365.es\/noticias\/?p=157947"},"modified":"2021-09-01T12:24:46","modified_gmt":"2021-09-01T12:24:46","slug":"inigo-cordoba-cedido-al-go-ahead-eagles","status":"publish","type":"post","link":"https:\/\/candas365.es\/noticias\/inigo-cordoba-cedido-al-go-ahead-eagles\/","title":{"rendered":"I\u00f1igo C\u00f3rdoba cedido al Go Ahead Eagles"},"content":{"rendered":"<p>(EP) &#8211; El Athletic Club y el Go Ahead Eagles, club de la Eredivisie de Pa\u00edses Bajos, han alcanzado un acuerdo para la cesi\u00f3n por una temporada con opci\u00f3n de compra de <strong>I\u00f1igo C\u00f3rdoba<\/strong>.<\/p>\n<figure id=\"attachment_157948\" aria-describedby=\"caption-attachment-157948\" style=\"width: 650px\" class=\"wp-caption aligncenter\"><img fetchpriority=\"high\" decoding=\"async\" class=\"wp-image-157948 size-large\" src=\"https:\/\/candas365.es\/noticias\/wp-content\/uploads\/2021\/09\/Inigo-Cordoba-650x438.jpg\" alt=\"I\u00f1igo C\u00f3rdoba \" width=\"650\" height=\"438\" srcset=\"https:\/\/candas365.es\/noticias\/wp-content\/uploads\/2021\/09\/Inigo-Cordoba-650x438.jpg 650w, https:\/\/candas365.es\/noticias\/wp-content\/uploads\/2021\/09\/Inigo-Cordoba-360x243.jpg 360w, https:\/\/candas365.es\/noticias\/wp-content\/uploads\/2021\/09\/Inigo-Cordoba-768x518.jpg 768w, https:\/\/candas365.es\/noticias\/wp-content\/uploads\/2021\/09\/Inigo-Cordoba-150x101.jpg 150w, https:\/\/candas365.es\/noticias\/wp-content\/uploads\/2021\/09\/Inigo-Cordoba-450x303.jpg 450w, https:\/\/candas365.es\/noticias\/wp-content\/uploads\/2021\/09\/Inigo-Cordoba.jpg 972w\" sizes=\"(max-width: 650px) 100vw, 650px\" \/><figcaption id=\"caption-attachment-157948\" class=\"wp-caption-text\">FOTO: AGENCIA LOF\/EUROPA PRESS<\/figcaption><\/figure>\n<p>Finalizado su pr\u00e9stamo en el club neerland\u00e9s, el club bilba\u00edno se reserva una opci\u00f3n de prorrogar el contrato del extremo hasta junio de 2025, seg\u00fan detall\u00f3 en un comunicado.<\/p>\n","protected":false},"excerpt":{"rendered":"<p>(EP) &#8211; El Athletic Club y el Go Ahead Eagles, club de la Eredivisie de Pa\u00edses Bajos, han alcanzado un acuerdo para la cesi\u00f3n por una temporada con opci\u00f3n de compra de I\u00f1igo C\u00f3rdoba. Finalizado su pr\u00e9stamo en el club neerland\u00e9s, el club bilba\u00edno se reserva una opci\u00f3n de prorrogar el contrato del extremo hasta<\/p>\n","protected":false},"author":1,"featured_media":157948,"comment_status":"closed","ping_status":"closed","sticky":false,"template":"","format":"standard","meta":{"footnotes":""},"categories":[319],"tags":[387,389],"class_list":{"0":"post-157947","1":"post","2":"type-post","3":"status-publish","4":"format-standard","5":"has-post-thumbnail","7":"category-deporte","8":"tag-deporte","9":"tag-futbol"},"aioseo_notices":[],"aioseo_head":"\n\t\t<!-- All in One SEO Pro 4.9.6.2 - aioseo.com -->\n\t<meta name=\"description\" content=\"El Athletic Club y el Go Ahead Eagles, club de la Eredivisie de Pa\u00edses Bajos, han alcanzado un acuerdo para la cesi\u00f3n por una temporada con opci\u00f3n de compra\" \/>\n\t<meta name=\"robots\" content=\"max-image-preview:large\" \/>\n\t<meta name=\"author\" content=\"Cand\u00e1s 365\"\/>\n\t<meta name=\"google-site-verification\" content=\"UA-32230408-1\" \/>\n\t<meta name=\"msvalidate.01\" content=\"354F3CDFB2DA171B47FBE9ABF1F88D5\" \/>\n\t<meta name=\"keywords\" content=\"deporte\" \/>\n\t<link rel=\"canonical\" href=\"https:\/\/candas365.es\/noticias\/inigo-cordoba-cedido-al-go-ahead-eagles\/\" \/>\n\t<meta name=\"generator\" content=\"All in One SEO Pro (AIOSEO) 4.9.6.2\" \/>\n\t\t<meta property=\"og:locale\" content=\"es_ES\" \/>\n\t\t<meta property=\"og:site_name\" content=\"Cand\u00e1s 365\" \/>\n\t\t<meta property=\"og:type\" content=\"article\" \/>\n\t\t<meta property=\"og:title\" content=\"I\u00f1igo C\u00f3rdoba cedido al Go Ahead Eagles | Cand\u00e1s 365\" \/>\n\t\t<meta property=\"og:description\" content=\"El Athletic Club y el Go Ahead Eagles, club de la Eredivisie de Pa\u00edses Bajos, han alcanzado un acuerdo para la cesi\u00f3n por una temporada con opci\u00f3n de compra\" \/>\n\t\t<meta property=\"og:url\" content=\"https:\/\/candas365.es\/noticias\/inigo-cordoba-cedido-al-go-ahead-eagles\/\" \/>\n\t\t<meta property=\"og:image\" content=\"https:\/\/candas365.es\/noticias\/wp-content\/uploads\/2021\/09\/Inigo-Cordoba.jpg\" \/>\n\t\t<meta property=\"og:image:secure_url\" content=\"https:\/\/candas365.es\/noticias\/wp-content\/uploads\/2021\/09\/Inigo-Cordoba.jpg\" \/>\n\t\t<meta property=\"og:image:width\" content=\"972\" \/>\n\t\t<meta property=\"og:image:height\" content=\"655\" \/>\n\t\t<meta property=\"article:published_time\" content=\"2021-09-01T12:24:46+00:00\" \/>\n\t\t<meta property=\"article:modified_time\" content=\"2021-09-01T12:24:46+00:00\" \/>\n\t\t<meta property=\"article:publisher\" content=\"https:\/\/www.facebook.com\/Nachofdezber\" \/>\n\t\t<meta property=\"article:author\" content=\"https:\/\/www.facebook.com\/carrenoactualidad\" \/>\n\t\t<meta name=\"twitter:card\" content=\"summary_large_image\" \/>\n\t\t<meta name=\"twitter:site\" content=\"@NabercoDigital\" \/>\n\t\t<meta name=\"twitter:title\" content=\"I\u00f1igo C\u00f3rdoba cedido al Go Ahead Eagles | Cand\u00e1s 365\" \/>\n\t\t<meta name=\"twitter:description\" content=\"El Athletic Club y el Go Ahead Eagles, club de la Eredivisie de Pa\u00edses Bajos, han alcanzado un acuerdo para la cesi\u00f3n por una temporada con opci\u00f3n de compra\" \/>\n\t\t<meta name=\"twitter:creator\" content=\"@nbasturias\" \/>\n\t\t<meta name=\"twitter:image\" content=\"https:\/\/candas365.es\/noticias\/wp-content\/uploads\/2021\/09\/Inigo-Cordoba.jpg\" \/>\n\t\t<meta name=\"twitter:label1\" content=\"Escrito por\" \/>\n\t\t<meta name=\"twitter:data1\" content=\"Cand\u00e1s 365\" \/>\n\t\t<script type=\"application\/ld+json\" class=\"aioseo-schema\">\n\t\t\t{\"@context\":\"https:\\\/\\\/schema.org\",\"@graph\":[{\"@type\":\"BreadcrumbList\",\"@id\":\"https:\\\/\\\/candas365.es\\\/noticias\\\/inigo-cordoba-cedido-al-go-ahead-eagles\\\/#breadcrumblist\",\"itemListElement\":[{\"@type\":\"ListItem\",\"@id\":\"https:\\\/\\\/candas365.es\\\/noticias#listItem\",\"position\":1,\"name\":\"Home\",\"item\":\"https:\\\/\\\/candas365.es\\\/noticias\",\"nextItem\":{\"@type\":\"ListItem\",\"@id\":\"https:\\\/\\\/candas365.es\\\/noticias\\\/category\\\/deporte\\\/#listItem\",\"name\":\"Deporte\"}},{\"@type\":\"ListItem\",\"@id\":\"https:\\\/\\\/candas365.es\\\/noticias\\\/category\\\/deporte\\\/#listItem\",\"position\":2,\"name\":\"Deporte\",\"item\":\"https:\\\/\\\/candas365.es\\\/noticias\\\/category\\\/deporte\\\/\",\"nextItem\":{\"@type\":\"ListItem\",\"@id\":\"https:\\\/\\\/candas365.es\\\/noticias\\\/inigo-cordoba-cedido-al-go-ahead-eagles\\\/#listItem\",\"name\":\"I\\u00f1igo C\\u00f3rdoba cedido al Go Ahead Eagles\"},\"previousItem\":{\"@type\":\"ListItem\",\"@id\":\"https:\\\/\\\/candas365.es\\\/noticias#listItem\",\"name\":\"Home\"}},{\"@type\":\"ListItem\",\"@id\":\"https:\\\/\\\/candas365.es\\\/noticias\\\/inigo-cordoba-cedido-al-go-ahead-eagles\\\/#listItem\",\"position\":3,\"name\":\"I\\u00f1igo C\\u00f3rdoba cedido al Go Ahead Eagles\",\"previousItem\":{\"@type\":\"ListItem\",\"@id\":\"https:\\\/\\\/candas365.es\\\/noticias\\\/category\\\/deporte\\\/#listItem\",\"name\":\"Deporte\"}}]},{\"@type\":\"NewsArticle\",\"@id\":\"https:\\\/\\\/candas365.es\\\/noticias\\\/inigo-cordoba-cedido-al-go-ahead-eagles\\\/#newsarticle\",\"name\":\"I\\u00f1igo C\\u00f3rdoba cedido al Go Ahead Eagles | Cand\\u00e1s 365\",\"headline\":\"I\\u00f1igo C\\u00f3rdoba cedido al Go Ahead Eagles\",\"author\":{\"@id\":\"https:\\\/\\\/candas365.es\\\/noticias\\\/author\\\/admin\\\/#author\"},\"publisher\":{\"@id\":\"https:\\\/\\\/candas365.es\\\/noticias\\\/#organization\"},\"image\":{\"@type\":\"ImageObject\",\"url\":\"https:\\\/\\\/candas365.es\\\/noticias\\\/wp-content\\\/uploads\\\/2021\\\/09\\\/Inigo-Cordoba.jpg\",\"width\":972,\"height\":655,\"caption\":\"FOTO: AGENCIA LOF\\\/EUROPA PRESS\"},\"datePublished\":\"2021-09-01T12:24:46+02:00\",\"dateModified\":\"2021-09-01T12:24:46+02:00\",\"inLanguage\":\"es-ES\",\"mainEntityOfPage\":{\"@id\":\"https:\\\/\\\/candas365.es\\\/noticias\\\/inigo-cordoba-cedido-al-go-ahead-eagles\\\/#webpage\"},\"isPartOf\":{\"@id\":\"https:\\\/\\\/candas365.es\\\/noticias\\\/inigo-cordoba-cedido-al-go-ahead-eagles\\\/#webpage\"},\"articleSection\":\"Deporte, deporte, f\\u00fatbol\",\"dateline\":\"Publicado el septiembre 1, 2021.\"},{\"@type\":\"Organization\",\"@id\":\"https:\\\/\\\/candas365.es\\\/noticias\\\/#organization\",\"name\":\"Cand\\u00e1s 365\",\"description\":\"Cand\\u00e1s 365 es un diario digital independiente, fundado en 2012, con base en Asturias. Informamos con rigor sobre actualidad, sociedad, cultura y ocio, con una mirada local y global.\",\"url\":\"https:\\\/\\\/candas365.es\\\/noticias\\\/\",\"email\":\"info@candas365.es\",\"telephone\":\"+34652131393\",\"foundingDate\":\"2012-06-10\",\"logo\":{\"@type\":\"ImageObject\",\"url\":\"https:\\\/\\\/candas365.es\\\/noticias\\\/wp-content\\\/uploads\\\/2024\\\/09\\\/Candas-365-Redes.jpg\",\"@id\":\"https:\\\/\\\/candas365.es\\\/noticias\\\/inigo-cordoba-cedido-al-go-ahead-eagles\\\/#organizationLogo\",\"width\":1152,\"height\":864,\"caption\":\"Cand\\u00e1s 365 Redes\"},\"image\":{\"@id\":\"https:\\\/\\\/candas365.es\\\/noticias\\\/inigo-cordoba-cedido-al-go-ahead-eagles\\\/#organizationLogo\"},\"sameAs\":[\"https:\\\/\\\/www.facebook.com\\\/Nachofdezber\",\"https:\\\/\\\/x.com\\\/NabercoDigital\",\"https:\\\/\\\/www.instagram.com\\\/nachofdezber\\\/\",\"https:\\\/\\\/www.youtube.com\\\/channel\\\/UCZP-2wLEB9Rv6erhFmqVnvg\"],\"address\":{\"@id\":\"https:\\\/\\\/candas365.es\\\/noticias\\\/#postaladdress\",\"@type\":\"PostalAddress\",\"streetAddress\":\"san antonio 4, san antonio 4\",\"postalCode\":\"33430\",\"addressLocality\":\"Cand\\u00e1s\",\"addressRegion\":\"Asturias\",\"addressCountry\":\"ES\"}},{\"@type\":\"Person\",\"@id\":\"https:\\\/\\\/candas365.es\\\/noticias\\\/author\\\/admin\\\/#author\",\"url\":\"https:\\\/\\\/candas365.es\\\/noticias\\\/author\\\/admin\\\/\",\"name\":\"Cand\\u00e1s 365\",\"image\":{\"@type\":\"ImageObject\",\"@id\":\"https:\\\/\\\/candas365.es\\\/noticias\\\/inigo-cordoba-cedido-al-go-ahead-eagles\\\/#authorImage\",\"url\":\"https:\\\/\\\/secure.gravatar.com\\\/avatar\\\/496a8e03d0c493ede1718b7934145dbdf8d89be1036b0eec9544e1094c9de390?s=96&d=mm&r=g\",\"width\":96,\"height\":96,\"caption\":\"Cand\\u00e1s 365\"},\"sameAs\":[\"https:\\\/\\\/www.facebook.com\\\/carrenoactualidad\",\"https:\\\/\\\/twitter.com\\\/nbasturias\",\"https:\\\/\\\/www.instagram.com\\\/nachofdezber\\\/\",\"https:\\\/\\\/www.youtube.com\\\/channel\\\/UCZP-2wLEB9Rv6erhFmqVnvg\"]},{\"@type\":\"WebPage\",\"@id\":\"https:\\\/\\\/candas365.es\\\/noticias\\\/inigo-cordoba-cedido-al-go-ahead-eagles\\\/#webpage\",\"url\":\"https:\\\/\\\/candas365.es\\\/noticias\\\/inigo-cordoba-cedido-al-go-ahead-eagles\\\/\",\"name\":\"I\\u00f1igo C\\u00f3rdoba cedido al Go Ahead Eagles | Cand\\u00e1s 365\",\"description\":\"El Athletic Club y el Go Ahead Eagles, club de la Eredivisie de Pa\\u00edses Bajos, han alcanzado un acuerdo para la cesi\\u00f3n por una temporada con opci\\u00f3n de compra\",\"inLanguage\":\"es-ES\",\"isPartOf\":{\"@id\":\"https:\\\/\\\/candas365.es\\\/noticias\\\/#website\"},\"breadcrumb\":{\"@id\":\"https:\\\/\\\/candas365.es\\\/noticias\\\/inigo-cordoba-cedido-al-go-ahead-eagles\\\/#breadcrumblist\"},\"author\":{\"@id\":\"https:\\\/\\\/candas365.es\\\/noticias\\\/author\\\/admin\\\/#author\"},\"creator\":{\"@id\":\"https:\\\/\\\/candas365.es\\\/noticias\\\/author\\\/admin\\\/#author\"},\"image\":{\"@type\":\"ImageObject\",\"url\":\"https:\\\/\\\/candas365.es\\\/noticias\\\/wp-content\\\/uploads\\\/2021\\\/09\\\/Inigo-Cordoba.jpg\",\"@id\":\"https:\\\/\\\/candas365.es\\\/noticias\\\/inigo-cordoba-cedido-al-go-ahead-eagles\\\/#mainImage\",\"width\":972,\"height\":655,\"caption\":\"FOTO: AGENCIA LOF\\\/EUROPA PRESS\"},\"primaryImageOfPage\":{\"@id\":\"https:\\\/\\\/candas365.es\\\/noticias\\\/inigo-cordoba-cedido-al-go-ahead-eagles\\\/#mainImage\"},\"datePublished\":\"2021-09-01T12:24:46+02:00\",\"dateModified\":\"2021-09-01T12:24:46+02:00\"},{\"@type\":\"WebSite\",\"@id\":\"https:\\\/\\\/candas365.es\\\/noticias\\\/#website\",\"url\":\"https:\\\/\\\/candas365.es\\\/noticias\\\/\",\"name\":\"Cand\\u00e1s 365\",\"alternateName\":\"Cand\\u00e1s 365 Noticias\",\"description\":\"Actualidad desde Carre\\u00f1o para el mundo\",\"inLanguage\":\"es-ES\",\"publisher\":{\"@id\":\"https:\\\/\\\/candas365.es\\\/noticias\\\/#organization\"}}]}\n\t\t<\/script>\n\t\t<!-- All in One SEO Pro -->\r\n\t\t<title>I\u00f1igo C\u00f3rdoba cedido al Go Ahead Eagles | Cand\u00e1s 365<\/title>\n\n","aioseo_head_json":{"title":"I\u00f1igo C\u00f3rdoba cedido al Go Ahead Eagles | Cand\u00e1s 365","description":"El Athletic Club y el Go Ahead Eagles, club de la Eredivisie de Pa\u00edses Bajos, han alcanzado un acuerdo para la cesi\u00f3n por una temporada con opci\u00f3n de compra","canonical_url":"https:\/\/candas365.es\/noticias\/inigo-cordoba-cedido-al-go-ahead-eagles\/","robots":"max-image-preview:large","keywords":"deporte","webmasterTools":{"google-site-verification":"UA-32230408-1","msvalidate.01":"354F3CDFB2DA171B47FBE9ABF1F88D5","miscellaneous":""},"schema":{"@context":"https:\/\/schema.org","@graph":[{"@type":"BreadcrumbList","@id":"https:\/\/candas365.es\/noticias\/inigo-cordoba-cedido-al-go-ahead-eagles\/#breadcrumblist","itemListElement":[{"@type":"ListItem","@id":"https:\/\/candas365.es\/noticias#listItem","position":1,"name":"Home","item":"https:\/\/candas365.es\/noticias","nextItem":{"@type":"ListItem","@id":"https:\/\/candas365.es\/noticias\/category\/deporte\/#listItem","name":"Deporte"}},{"@type":"ListItem","@id":"https:\/\/candas365.es\/noticias\/category\/deporte\/#listItem","position":2,"name":"Deporte","item":"https:\/\/candas365.es\/noticias\/category\/deporte\/","nextItem":{"@type":"ListItem","@id":"https:\/\/candas365.es\/noticias\/inigo-cordoba-cedido-al-go-ahead-eagles\/#listItem","name":"I\u00f1igo C\u00f3rdoba cedido al Go Ahead Eagles"},"previousItem":{"@type":"ListItem","@id":"https:\/\/candas365.es\/noticias#listItem","name":"Home"}},{"@type":"ListItem","@id":"https:\/\/candas365.es\/noticias\/inigo-cordoba-cedido-al-go-ahead-eagles\/#listItem","position":3,"name":"I\u00f1igo C\u00f3rdoba cedido al Go Ahead Eagles","previousItem":{"@type":"ListItem","@id":"https:\/\/candas365.es\/noticias\/category\/deporte\/#listItem","name":"Deporte"}}]},{"@type":"NewsArticle","@id":"https:\/\/candas365.es\/noticias\/inigo-cordoba-cedido-al-go-ahead-eagles\/#newsarticle","name":"I\u00f1igo C\u00f3rdoba cedido al Go Ahead Eagles | Cand\u00e1s 365","headline":"I\u00f1igo C\u00f3rdoba cedido al Go Ahead Eagles","author":{"@id":"https:\/\/candas365.es\/noticias\/author\/admin\/#author"},"publisher":{"@id":"https:\/\/candas365.es\/noticias\/#organization"},"image":{"@type":"ImageObject","url":"https:\/\/candas365.es\/noticias\/wp-content\/uploads\/2021\/09\/Inigo-Cordoba.jpg","width":972,"height":655,"caption":"FOTO: AGENCIA LOF\/EUROPA PRESS"},"datePublished":"2021-09-01T12:24:46+02:00","dateModified":"2021-09-01T12:24:46+02:00","inLanguage":"es-ES","mainEntityOfPage":{"@id":"https:\/\/candas365.es\/noticias\/inigo-cordoba-cedido-al-go-ahead-eagles\/#webpage"},"isPartOf":{"@id":"https:\/\/candas365.es\/noticias\/inigo-cordoba-cedido-al-go-ahead-eagles\/#webpage"},"articleSection":"Deporte, deporte, f\u00fatbol","dateline":"Publicado el septiembre 1, 2021."},{"@type":"Organization","@id":"https:\/\/candas365.es\/noticias\/#organization","name":"Cand\u00e1s 365","description":"Cand\u00e1s 365 es un diario digital independiente, fundado en 2012, con base en Asturias. Informamos con rigor sobre actualidad, sociedad, cultura y ocio, con una mirada local y global.","url":"https:\/\/candas365.es\/noticias\/","email":"info@candas365.es","telephone":"+34652131393","foundingDate":"2012-06-10","logo":{"@type":"ImageObject","url":"https:\/\/candas365.es\/noticias\/wp-content\/uploads\/2024\/09\/Candas-365-Redes.jpg","@id":"https:\/\/candas365.es\/noticias\/inigo-cordoba-cedido-al-go-ahead-eagles\/#organizationLogo","width":1152,"height":864,"caption":"Cand\u00e1s 365 Redes"},"image":{"@id":"https:\/\/candas365.es\/noticias\/inigo-cordoba-cedido-al-go-ahead-eagles\/#organizationLogo"},"sameAs":["https:\/\/www.facebook.com\/Nachofdezber","https:\/\/x.com\/NabercoDigital","https:\/\/www.instagram.com\/nachofdezber\/","https:\/\/www.youtube.com\/channel\/UCZP-2wLEB9Rv6erhFmqVnvg"],"address":{"@id":"https:\/\/candas365.es\/noticias\/#postaladdress","@type":"PostalAddress","streetAddress":"san antonio 4, san antonio 4","postalCode":"33430","addressLocality":"Cand\u00e1s","addressRegion":"Asturias","addressCountry":"ES"}},{"@type":"Person","@id":"https:\/\/candas365.es\/noticias\/author\/admin\/#author","url":"https:\/\/candas365.es\/noticias\/author\/admin\/","name":"Cand\u00e1s 365","image":{"@type":"ImageObject","@id":"https:\/\/candas365.es\/noticias\/inigo-cordoba-cedido-al-go-ahead-eagles\/#authorImage","url":"https:\/\/secure.gravatar.com\/avatar\/496a8e03d0c493ede1718b7934145dbdf8d89be1036b0eec9544e1094c9de390?s=96&d=mm&r=g","width":96,"height":96,"caption":"Cand\u00e1s 365"},"sameAs":["https:\/\/www.facebook.com\/carrenoactualidad","https:\/\/twitter.com\/nbasturias","https:\/\/www.instagram.com\/nachofdezber\/","https:\/\/www.youtube.com\/channel\/UCZP-2wLEB9Rv6erhFmqVnvg"]},{"@type":"WebPage","@id":"https:\/\/candas365.es\/noticias\/inigo-cordoba-cedido-al-go-ahead-eagles\/#webpage","url":"https:\/\/candas365.es\/noticias\/inigo-cordoba-cedido-al-go-ahead-eagles\/","name":"I\u00f1igo C\u00f3rdoba cedido al Go Ahead Eagles | Cand\u00e1s 365","description":"El Athletic Club y el Go Ahead Eagles, club de la Eredivisie de Pa\u00edses Bajos, han alcanzado un acuerdo para la cesi\u00f3n por una temporada con opci\u00f3n de compra","inLanguage":"es-ES","isPartOf":{"@id":"https:\/\/candas365.es\/noticias\/#website"},"breadcrumb":{"@id":"https:\/\/candas365.es\/noticias\/inigo-cordoba-cedido-al-go-ahead-eagles\/#breadcrumblist"},"author":{"@id":"https:\/\/candas365.es\/noticias\/author\/admin\/#author"},"creator":{"@id":"https:\/\/candas365.es\/noticias\/author\/admin\/#author"},"image":{"@type":"ImageObject","url":"https:\/\/candas365.es\/noticias\/wp-content\/uploads\/2021\/09\/Inigo-Cordoba.jpg","@id":"https:\/\/candas365.es\/noticias\/inigo-cordoba-cedido-al-go-ahead-eagles\/#mainImage","width":972,"height":655,"caption":"FOTO: AGENCIA LOF\/EUROPA PRESS"},"primaryImageOfPage":{"@id":"https:\/\/candas365.es\/noticias\/inigo-cordoba-cedido-al-go-ahead-eagles\/#mainImage"},"datePublished":"2021-09-01T12:24:46+02:00","dateModified":"2021-09-01T12:24:46+02:00"},{"@type":"WebSite","@id":"https:\/\/candas365.es\/noticias\/#website","url":"https:\/\/candas365.es\/noticias\/","name":"Cand\u00e1s 365","alternateName":"Cand\u00e1s 365 Noticias","description":"Actualidad desde Carre\u00f1o para el mundo","inLanguage":"es-ES","publisher":{"@id":"https:\/\/candas365.es\/noticias\/#organization"}}]},"og:locale":"es_ES","og:site_name":"Cand\u00e1s 365","og:type":"article","og:title":"I\u00f1igo C\u00f3rdoba cedido al Go Ahead Eagles | Cand\u00e1s 365","og:description":"El Athletic Club y el Go Ahead Eagles, club de la Eredivisie de Pa\u00edses Bajos, han alcanzado un acuerdo para la cesi\u00f3n por una temporada con opci\u00f3n de compra","og:url":"https:\/\/candas365.es\/noticias\/inigo-cordoba-cedido-al-go-ahead-eagles\/","og:image":"https:\/\/candas365.es\/noticias\/wp-content\/uploads\/2021\/09\/Inigo-Cordoba.jpg","og:image:secure_url":"https:\/\/candas365.es\/noticias\/wp-content\/uploads\/2021\/09\/Inigo-Cordoba.jpg","og:image:width":972,"og:image:height":655,"article:published_time":"2021-09-01T12:24:46+00:00","article:modified_time":"2021-09-01T12:24:46+00:00","article:publisher":"https:\/\/www.facebook.com\/Nachofdezber","article:author":"https:\/\/www.facebook.com\/carrenoactualidad","twitter:card":"summary_large_image","twitter:site":"@NabercoDigital","twitter:title":"I\u00f1igo C\u00f3rdoba cedido al Go Ahead Eagles | Cand\u00e1s 365","twitter:description":"El Athletic Club y el Go Ahead Eagles, club de la Eredivisie de Pa\u00edses Bajos, han alcanzado un acuerdo para la cesi\u00f3n por una temporada con opci\u00f3n de compra","twitter:creator":"@nbasturias","twitter:image":"https:\/\/candas365.es\/noticias\/wp-content\/uploads\/2021\/09\/Inigo-Cordoba.jpg","twitter:label1":"Escrito por","twitter:data1":"Cand\u00e1s 365"},"aioseo_meta_data":{"post_id":"157947","title":null,"description":"El Athletic Club y el Go Ahead Eagles, club de la Eredivisie de Pa\u00edses Bajos, han alcanzado un acuerdo para la cesi\u00f3n por una temporada con opci\u00f3n de compra&nbsp;","keywords":[],"keyphrases":{"focus":{"keyphrase":"I\u00f1igo C\u00f3rdoba","score":80,"analysis":{"keyphraseInTitle":{"title":"Focus Keyphrase in SEO title","description":"Focus Keyphrase found in SEO title.","score":9,"maxScore":9,"error":0},"keyphraseInDescription":{"title":"Focus keyphrase in meta description","description":"Focus keyphrase not found in meta description.","score":3,"maxScore":9,"error":1},"keyphraseInURL":{"title":"Focus Keyphrase in URL","description":"Focus Keyphrase not found in the URL.","score":1,"maxScore":5,"error":1},"keyphraseLength":{"title":"Focus keyphrase length","description":"Good job!","score":9,"maxScore":9,"error":0,"length":2},"keyphraseInIntroduction":{"title":"Focus keyphrase in introduction","description":"Your Focus keyphrase appears in the first paragraph. Well done!","score":9,"maxScore":9,"error":0},"keyphraseInSubHeadings":[],"keyphraseInImageAlt":{"title":"Focus keyphrase in image alt attributes","description":"Focus keyphrase found in image alt attribute(s).","score":9,"maxScore":9,"error":0}}},"additional":[{"keyphrase":"Go Ahead Eagles","score":83,"analysis":{"keyphraseInDescription":{"title":"Keyphrase in meta description","description":"Keyphrase found in meta description.","score":9,"maxScore":9,"error":0},"keyphraseLength":{"title":"Keyphrase length","description":"Good job!","score":9,"maxScore":9,"error":0,"length":3},"keyphraseInIntroduction":{"title":"Keyphrase in introduction","description":"Your Keyphrase appears in the first paragraph. Well done!","score":9,"maxScore":9,"error":0},"keyphraseInImageAlt":{"title":"Keyphrase in image alt attributes","description":"Keyphrase not found in image alt attribute(s). Add an image with your Keyphrase as alt text.","score":3,"maxScore":9,"error":1}}}]},"primary_term":null,"canonical_url":null,"og_title":null,"og_description":null,"og_object_type":"default","og_image_type":"default","og_image_url":null,"og_image_width":null,"og_image_height":null,"og_image_custom_url":null,"og_image_custom_fields":null,"og_video":"","og_custom_url":null,"og_article_section":null,"og_article_tags":[],"twitter_use_og":false,"twitter_card":"default","twitter_image_type":"default","twitter_image_url":null,"twitter_image_custom_url":null,"twitter_image_custom_fields":null,"twitter_title":null,"twitter_description":null,"schema":{"blockGraphs":[],"customGraphs":[],"default":{"data":{"Article":[],"Course":[],"Dataset":[],"FAQPage":[],"Movie":[],"Person":[],"Product":[],"ProductReview":[],"Car":[],"Recipe":[],"Service":[],"SoftwareApplication":[],"WebPage":[]},"graphName":"","isEnabled":true},"graphs":[],"defaultGraph":"Article","defaultPostTypeGraph":""},"schema_type":"default","schema_type_options":"{\"article\":{\"articleType\":\"BlogPosting\"},\"course\":{\"name\":\"\",\"description\":\"\",\"provider\":\"\"},\"faq\":{\"pages\":[]},\"product\":{\"reviews\":[]},\"recipe\":{\"ingredients\":[],\"instructions\":[],\"keywords\":[]},\"software\":{\"reviews\":[],\"operatingSystems\":[]},\"webPage\":{\"webPageType\":\"WebPage\"}}","pillar_content":false,"robots_default":true,"robots_noindex":false,"robots_noarchive":false,"robots_nosnippet":false,"robots_nofollow":false,"robots_noimageindex":false,"robots_noodp":false,"robots_notranslate":false,"robots_max_snippet":"-1","robots_max_videopreview":"-1","robots_max_imagepreview":"large","priority":null,"frequency":"default","location":null,"local_seo":null,"seo_analyzer_scan_date":"2025-09-01 01:40:19","breadcrumb_settings":null,"limit_modified_date":false,"reviewed_by":null,"open_ai":null,"ai":null,"created":"2021-09-01 12:19:53","updated":"2025-09-01 01:40:19"},"aioseo_breadcrumb":"<div class=\"aioseo-breadcrumbs\"><span class=\"aioseo-breadcrumb\">\n\t<a href=\"https:\/\/candas365.es\/noticias\" title=\"Home\">Home<\/a>\n<\/span><span class=\"aioseo-breadcrumb-separator\">&ndash;<\/span><span class=\"aioseo-breadcrumb\">\n\t<a href=\"https:\/\/candas365.es\/noticias\/category\/deporte\/\" title=\"Deporte\">Deporte<\/a>\n<\/span><span class=\"aioseo-breadcrumb-separator\">&ndash;<\/span><span class=\"aioseo-breadcrumb\">\n\tI\u00f1igo C\u00f3rdoba cedido al Go Ahead Eagles\n<\/span><\/div>","aioseo_breadcrumb_json":[{"label":"Home","link":"https:\/\/candas365.es\/noticias"},{"label":"Deporte","link":"https:\/\/candas365.es\/noticias\/category\/deporte\/"},{"label":"I\u00f1igo C\u00f3rdoba cedido al Go Ahead Eagles","link":"https:\/\/candas365.es\/noticias\/inigo-cordoba-cedido-al-go-ahead-eagles\/"}],"_links":{"self":[{"href":"https:\/\/candas365.es\/noticias\/wp-json\/wp\/v2\/posts\/157947","targetHints":{"allow":["GET"]}}],"collection":[{"href":"https:\/\/candas365.es\/noticias\/wp-json\/wp\/v2\/posts"}],"about":[{"href":"https:\/\/candas365.es\/noticias\/wp-json\/wp\/v2\/types\/post"}],"author":[{"embeddable":true,"href":"https:\/\/candas365.es\/noticias\/wp-json\/wp\/v2\/users\/1"}],"replies":[{"embeddable":true,"href":"https:\/\/candas365.es\/noticias\/wp-json\/wp\/v2\/comments?post=157947"}],"version-history":[{"count":0,"href":"https:\/\/candas365.es\/noticias\/wp-json\/wp\/v2\/posts\/157947\/revisions"}],"wp:featuredmedia":[{"embeddable":true,"href":"https:\/\/candas365.es\/noticias\/wp-json\/wp\/v2\/media\/157948"}],"wp:attachment":[{"href":"https:\/\/candas365.es\/noticias\/wp-json\/wp\/v2\/media?parent=157947"}],"wp:term":[{"taxonomy":"category","embeddable":true,"href":"https:\/\/candas365.es\/noticias\/wp-json\/wp\/v2\/categories?post=157947"},{"taxonomy":"post_tag","embeddable":true,"href":"https:\/\/candas365.es\/noticias\/wp-json\/wp\/v2\/tags?post=157947"}],"curies":[{"name":"wp","href":"https:\/\/api.w.org\/{rel}","templated":true}]}}