{"id":157882,"date":"2021-08-31T13:09:55","date_gmt":"2021-08-31T13:09:55","guid":{"rendered":"http:\/\/candas365.es\/noticias\/?p=157882"},"modified":"2021-08-31T13:09:55","modified_gmt":"2021-08-31T13:09:55","slug":"marc-cucurella-ficha-por-el-brighton","status":"publish","type":"post","link":"https:\/\/candas365.es\/noticias\/marc-cucurella-ficha-por-el-brighton\/","title":{"rendered":"Marc Cucurella ficha por el Brighton"},"content":{"rendered":"<p>(EP) &#8211; El Brighton &amp; Hove Albion ingl\u00e9s ha anunciado el fichaje del centrocampista espa\u00f1ol Marc Cucurella, que llega tras un acuerdo de traspaso con el Getafe y firma contrato por cinco temporadas hasta junio de 2026.<\/p>\n<figure id=\"attachment_157883\" aria-describedby=\"caption-attachment-157883\" style=\"width: 650px\" class=\"wp-caption aligncenter\"><img fetchpriority=\"high\" decoding=\"async\" class=\"wp-image-157883 size-large\" src=\"https:\/\/candas365.es\/noticias\/wp-content\/uploads\/2021\/08\/Cucurella-650x383.jpg\" alt=\"Cucurella\" width=\"650\" height=\"383\" srcset=\"https:\/\/candas365.es\/noticias\/wp-content\/uploads\/2021\/08\/Cucurella-650x383.jpg 650w, https:\/\/candas365.es\/noticias\/wp-content\/uploads\/2021\/08\/Cucurella-360x212.jpg 360w, https:\/\/candas365.es\/noticias\/wp-content\/uploads\/2021\/08\/Cucurella-768x453.jpg 768w, https:\/\/candas365.es\/noticias\/wp-content\/uploads\/2021\/08\/Cucurella.jpg 824w\" sizes=\"(max-width: 650px) 100vw, 650px\" \/><figcaption id=\"caption-attachment-157883\" class=\"wp-caption-text\">FOTO: BRIGHTON \/ Europa Press<\/figcaption><\/figure>\n<p>\u00abEl Getafe Club de F\u00fatbol y el Brighton &amp; Hove Albion Football Club han llegado a un acuerdo para el traspaso de Marc Cucurella al conjunto ingl\u00e9s. Desde la entidad agradecemos la contribuci\u00f3n del jugador en las dos temporadas que ha jugado en el Coliseum\u00bb, le despidi\u00f3 el Getafe.<\/p>\n<p>Al mismo tiempo, <strong>el Brighton confirm\u00f3 que el acuerdo con el jugador catal\u00e1n es por cinco temporadas<\/strong>. \u00abEst\u00e1bamos ansiosos por traer a Marc al club. Ha tenido una educaci\u00f3n fant\u00e1stica en los equipos juveniles del Barcelona y ha dejado una gran impresi\u00f3n en LaLiga. Es un jugador vers\u00e1til que sumar\u00e1 competencia y opciones a la plantilla\u00bb, analiz\u00f3 el entrenador del club ingl\u00e9s, Graham Potter, en un comunicado.<\/p>\n","protected":false},"excerpt":{"rendered":"<p>(EP) &#8211; El Brighton &amp; Hove Albion ingl\u00e9s ha anunciado el fichaje del centrocampista espa\u00f1ol Marc Cucurella, que llega tras un acuerdo de traspaso con el Getafe y firma contrato por cinco temporadas hasta junio de 2026. \u00abEl Getafe Club de F\u00fatbol y el Brighton &amp; Hove Albion Football Club han llegado a un acuerdo<\/p>\n","protected":false},"author":1,"featured_media":157883,"comment_status":"closed","ping_status":"closed","sticky":false,"template":"","format":"standard","meta":{"footnotes":""},"categories":[319],"tags":[387,389],"class_list":{"0":"post-157882","1":"post","2":"type-post","3":"status-publish","4":"format-standard","5":"has-post-thumbnail","7":"category-deporte","8":"tag-deporte","9":"tag-futbol"},"aioseo_notices":[],"aioseo_head":"\n\t\t<!-- All in One SEO Pro 4.9.6.2 - aioseo.com -->\n\t<meta name=\"description\" content=\"El Brighton &amp; Hove Albion ingl\u00e9s ha anunciado el fichaje del centrocampista espa\u00f1ol Marc Cucurella, que llega tras un acuerdo de traspaso con el Getafe\" \/>\n\t<meta name=\"robots\" content=\"max-image-preview:large\" \/>\n\t<meta name=\"author\" content=\"Cand\u00e1s 365\"\/>\n\t<meta name=\"google-site-verification\" content=\"UA-32230408-1\" \/>\n\t<meta name=\"msvalidate.01\" content=\"354F3CDFB2DA171B47FBE9ABF1F88D5\" \/>\n\t<meta name=\"keywords\" content=\"deporte\" \/>\n\t<link rel=\"canonical\" href=\"https:\/\/candas365.es\/noticias\/marc-cucurella-ficha-por-el-brighton\/\" \/>\n\t<meta name=\"generator\" content=\"All in One SEO Pro (AIOSEO) 4.9.6.2\" \/>\n\t\t<meta property=\"og:locale\" content=\"es_ES\" \/>\n\t\t<meta property=\"og:site_name\" content=\"Cand\u00e1s 365\" \/>\n\t\t<meta property=\"og:type\" content=\"article\" \/>\n\t\t<meta property=\"og:title\" content=\"Marc Cucurella ficha por el Brighton | Cand\u00e1s 365\" \/>\n\t\t<meta property=\"og:description\" content=\"El Brighton &amp; Hove Albion ingl\u00e9s ha anunciado el fichaje del centrocampista espa\u00f1ol Marc Cucurella, que llega tras un acuerdo de traspaso con el Getafe\" \/>\n\t\t<meta property=\"og:url\" content=\"https:\/\/candas365.es\/noticias\/marc-cucurella-ficha-por-el-brighton\/\" \/>\n\t\t<meta property=\"og:image\" content=\"https:\/\/candas365.es\/noticias\/wp-content\/uploads\/2021\/08\/Cucurella.jpg\" \/>\n\t\t<meta property=\"og:image:secure_url\" content=\"https:\/\/candas365.es\/noticias\/wp-content\/uploads\/2021\/08\/Cucurella.jpg\" \/>\n\t\t<meta property=\"og:image:width\" content=\"824\" \/>\n\t\t<meta property=\"og:image:height\" content=\"486\" \/>\n\t\t<meta property=\"article:published_time\" content=\"2021-08-31T13:09:55+00:00\" \/>\n\t\t<meta property=\"article:modified_time\" content=\"2021-08-31T13:09:55+00:00\" \/>\n\t\t<meta property=\"article:publisher\" content=\"https:\/\/www.facebook.com\/Nachofdezber\" \/>\n\t\t<meta property=\"article:author\" content=\"https:\/\/www.facebook.com\/carrenoactualidad\" \/>\n\t\t<meta name=\"twitter:card\" content=\"summary_large_image\" \/>\n\t\t<meta name=\"twitter:site\" content=\"@NabercoDigital\" \/>\n\t\t<meta name=\"twitter:title\" content=\"Marc Cucurella ficha por el Brighton | Cand\u00e1s 365\" \/>\n\t\t<meta name=\"twitter:description\" content=\"El Brighton &amp; Hove Albion ingl\u00e9s ha anunciado el fichaje del centrocampista espa\u00f1ol Marc Cucurella, que llega tras un acuerdo de traspaso con el Getafe\" \/>\n\t\t<meta name=\"twitter:creator\" content=\"@nbasturias\" \/>\n\t\t<meta name=\"twitter:image\" content=\"https:\/\/candas365.es\/noticias\/wp-content\/uploads\/2021\/08\/Cucurella.jpg\" \/>\n\t\t<meta name=\"twitter:label1\" content=\"Escrito por\" \/>\n\t\t<meta name=\"twitter:data1\" content=\"Cand\u00e1s 365\" \/>\n\t\t<meta name=\"twitter:label2\" content=\"Tiempo de lectura estimado\" \/>\n\t\t<meta name=\"twitter:data2\" content=\"1 minuto\" \/>\n\t\t<script type=\"application\/ld+json\" class=\"aioseo-schema\">\n\t\t\t{\"@context\":\"https:\\\/\\\/schema.org\",\"@graph\":[{\"@type\":\"BreadcrumbList\",\"@id\":\"https:\\\/\\\/candas365.es\\\/noticias\\\/marc-cucurella-ficha-por-el-brighton\\\/#breadcrumblist\",\"itemListElement\":[{\"@type\":\"ListItem\",\"@id\":\"https:\\\/\\\/candas365.es\\\/noticias#listItem\",\"position\":1,\"name\":\"Home\",\"item\":\"https:\\\/\\\/candas365.es\\\/noticias\",\"nextItem\":{\"@type\":\"ListItem\",\"@id\":\"https:\\\/\\\/candas365.es\\\/noticias\\\/category\\\/deporte\\\/#listItem\",\"name\":\"Deporte\"}},{\"@type\":\"ListItem\",\"@id\":\"https:\\\/\\\/candas365.es\\\/noticias\\\/category\\\/deporte\\\/#listItem\",\"position\":2,\"name\":\"Deporte\",\"item\":\"https:\\\/\\\/candas365.es\\\/noticias\\\/category\\\/deporte\\\/\",\"nextItem\":{\"@type\":\"ListItem\",\"@id\":\"https:\\\/\\\/candas365.es\\\/noticias\\\/marc-cucurella-ficha-por-el-brighton\\\/#listItem\",\"name\":\"Marc Cucurella ficha por el Brighton\"},\"previousItem\":{\"@type\":\"ListItem\",\"@id\":\"https:\\\/\\\/candas365.es\\\/noticias#listItem\",\"name\":\"Home\"}},{\"@type\":\"ListItem\",\"@id\":\"https:\\\/\\\/candas365.es\\\/noticias\\\/marc-cucurella-ficha-por-el-brighton\\\/#listItem\",\"position\":3,\"name\":\"Marc Cucurella ficha por el Brighton\",\"previousItem\":{\"@type\":\"ListItem\",\"@id\":\"https:\\\/\\\/candas365.es\\\/noticias\\\/category\\\/deporte\\\/#listItem\",\"name\":\"Deporte\"}}]},{\"@type\":\"NewsArticle\",\"@id\":\"https:\\\/\\\/candas365.es\\\/noticias\\\/marc-cucurella-ficha-por-el-brighton\\\/#newsarticle\",\"name\":\"Marc Cucurella ficha por el Brighton | Cand\\u00e1s 365\",\"headline\":\"Marc Cucurella ficha por el Brighton\",\"author\":{\"@id\":\"https:\\\/\\\/candas365.es\\\/noticias\\\/author\\\/admin\\\/#author\"},\"publisher\":{\"@id\":\"https:\\\/\\\/candas365.es\\\/noticias\\\/#organization\"},\"image\":{\"@type\":\"ImageObject\",\"url\":\"https:\\\/\\\/candas365.es\\\/noticias\\\/wp-content\\\/uploads\\\/2021\\\/08\\\/Cucurella.jpg\",\"width\":824,\"height\":486,\"caption\":\"FOTO: BRIGHTON \\\/ Europa Press\"},\"datePublished\":\"2021-08-31T13:09:55+02:00\",\"dateModified\":\"2021-08-31T13:09:55+02:00\",\"inLanguage\":\"es-ES\",\"mainEntityOfPage\":{\"@id\":\"https:\\\/\\\/candas365.es\\\/noticias\\\/marc-cucurella-ficha-por-el-brighton\\\/#webpage\"},\"isPartOf\":{\"@id\":\"https:\\\/\\\/candas365.es\\\/noticias\\\/marc-cucurella-ficha-por-el-brighton\\\/#webpage\"},\"articleSection\":\"Deporte, deporte, f\\u00fatbol\",\"dateline\":\"Publicado el agosto 31, 2021.\"},{\"@type\":\"Organization\",\"@id\":\"https:\\\/\\\/candas365.es\\\/noticias\\\/#organization\",\"name\":\"Cand\\u00e1s 365\",\"description\":\"Cand\\u00e1s 365 es un diario digital independiente, fundado en 2012, con base en Asturias. Informamos con rigor sobre actualidad, sociedad, cultura y ocio, con una mirada local y global.\",\"url\":\"https:\\\/\\\/candas365.es\\\/noticias\\\/\",\"email\":\"info@candas365.es\",\"telephone\":\"+34652131393\",\"foundingDate\":\"2012-06-10\",\"logo\":{\"@type\":\"ImageObject\",\"url\":\"https:\\\/\\\/candas365.es\\\/noticias\\\/wp-content\\\/uploads\\\/2024\\\/09\\\/Candas-365-Redes.jpg\",\"@id\":\"https:\\\/\\\/candas365.es\\\/noticias\\\/marc-cucurella-ficha-por-el-brighton\\\/#organizationLogo\",\"width\":1152,\"height\":864,\"caption\":\"Cand\\u00e1s 365 Redes\"},\"image\":{\"@id\":\"https:\\\/\\\/candas365.es\\\/noticias\\\/marc-cucurella-ficha-por-el-brighton\\\/#organizationLogo\"},\"sameAs\":[\"https:\\\/\\\/www.facebook.com\\\/Nachofdezber\",\"https:\\\/\\\/x.com\\\/NabercoDigital\",\"https:\\\/\\\/www.instagram.com\\\/nachofdezber\\\/\",\"https:\\\/\\\/www.youtube.com\\\/channel\\\/UCZP-2wLEB9Rv6erhFmqVnvg\"],\"address\":{\"@id\":\"https:\\\/\\\/candas365.es\\\/noticias\\\/#postaladdress\",\"@type\":\"PostalAddress\",\"streetAddress\":\"san antonio 4, san antonio 4\",\"postalCode\":\"33430\",\"addressLocality\":\"Cand\\u00e1s\",\"addressRegion\":\"Asturias\",\"addressCountry\":\"ES\"}},{\"@type\":\"Person\",\"@id\":\"https:\\\/\\\/candas365.es\\\/noticias\\\/author\\\/admin\\\/#author\",\"url\":\"https:\\\/\\\/candas365.es\\\/noticias\\\/author\\\/admin\\\/\",\"name\":\"Cand\\u00e1s 365\",\"image\":{\"@type\":\"ImageObject\",\"@id\":\"https:\\\/\\\/candas365.es\\\/noticias\\\/marc-cucurella-ficha-por-el-brighton\\\/#authorImage\",\"url\":\"https:\\\/\\\/secure.gravatar.com\\\/avatar\\\/496a8e03d0c493ede1718b7934145dbdf8d89be1036b0eec9544e1094c9de390?s=96&d=mm&r=g\",\"width\":96,\"height\":96,\"caption\":\"Cand\\u00e1s 365\"},\"sameAs\":[\"https:\\\/\\\/www.facebook.com\\\/carrenoactualidad\",\"https:\\\/\\\/twitter.com\\\/nbasturias\",\"https:\\\/\\\/www.instagram.com\\\/nachofdezber\\\/\",\"https:\\\/\\\/www.youtube.com\\\/channel\\\/UCZP-2wLEB9Rv6erhFmqVnvg\"]},{\"@type\":\"WebPage\",\"@id\":\"https:\\\/\\\/candas365.es\\\/noticias\\\/marc-cucurella-ficha-por-el-brighton\\\/#webpage\",\"url\":\"https:\\\/\\\/candas365.es\\\/noticias\\\/marc-cucurella-ficha-por-el-brighton\\\/\",\"name\":\"Marc Cucurella ficha por el Brighton | Cand\\u00e1s 365\",\"description\":\"El Brighton & Hove Albion ingl\\u00e9s ha anunciado el fichaje del centrocampista espa\\u00f1ol Marc Cucurella, que llega tras un acuerdo de traspaso con el Getafe\",\"inLanguage\":\"es-ES\",\"isPartOf\":{\"@id\":\"https:\\\/\\\/candas365.es\\\/noticias\\\/#website\"},\"breadcrumb\":{\"@id\":\"https:\\\/\\\/candas365.es\\\/noticias\\\/marc-cucurella-ficha-por-el-brighton\\\/#breadcrumblist\"},\"author\":{\"@id\":\"https:\\\/\\\/candas365.es\\\/noticias\\\/author\\\/admin\\\/#author\"},\"creator\":{\"@id\":\"https:\\\/\\\/candas365.es\\\/noticias\\\/author\\\/admin\\\/#author\"},\"image\":{\"@type\":\"ImageObject\",\"url\":\"https:\\\/\\\/candas365.es\\\/noticias\\\/wp-content\\\/uploads\\\/2021\\\/08\\\/Cucurella.jpg\",\"@id\":\"https:\\\/\\\/candas365.es\\\/noticias\\\/marc-cucurella-ficha-por-el-brighton\\\/#mainImage\",\"width\":824,\"height\":486,\"caption\":\"FOTO: BRIGHTON \\\/ Europa Press\"},\"primaryImageOfPage\":{\"@id\":\"https:\\\/\\\/candas365.es\\\/noticias\\\/marc-cucurella-ficha-por-el-brighton\\\/#mainImage\"},\"datePublished\":\"2021-08-31T13:09:55+02:00\",\"dateModified\":\"2021-08-31T13:09:55+02:00\"},{\"@type\":\"WebSite\",\"@id\":\"https:\\\/\\\/candas365.es\\\/noticias\\\/#website\",\"url\":\"https:\\\/\\\/candas365.es\\\/noticias\\\/\",\"name\":\"Cand\\u00e1s 365\",\"alternateName\":\"Cand\\u00e1s 365 Noticias\",\"description\":\"Actualidad desde Carre\\u00f1o para el mundo\",\"inLanguage\":\"es-ES\",\"publisher\":{\"@id\":\"https:\\\/\\\/candas365.es\\\/noticias\\\/#organization\"}}]}\n\t\t<\/script>\n\t\t<!-- All in One SEO Pro -->\r\n\t\t<title>Marc Cucurella ficha por el Brighton | Cand\u00e1s 365<\/title>\n\n","aioseo_head_json":{"title":"Marc Cucurella ficha por el Brighton | Cand\u00e1s 365","description":"El Brighton & Hove Albion ingl\u00e9s ha anunciado el fichaje del centrocampista espa\u00f1ol Marc Cucurella, que llega tras un acuerdo de traspaso con el Getafe","canonical_url":"https:\/\/candas365.es\/noticias\/marc-cucurella-ficha-por-el-brighton\/","robots":"max-image-preview:large","keywords":"deporte","webmasterTools":{"google-site-verification":"UA-32230408-1","msvalidate.01":"354F3CDFB2DA171B47FBE9ABF1F88D5","miscellaneous":""},"schema":{"@context":"https:\/\/schema.org","@graph":[{"@type":"BreadcrumbList","@id":"https:\/\/candas365.es\/noticias\/marc-cucurella-ficha-por-el-brighton\/#breadcrumblist","itemListElement":[{"@type":"ListItem","@id":"https:\/\/candas365.es\/noticias#listItem","position":1,"name":"Home","item":"https:\/\/candas365.es\/noticias","nextItem":{"@type":"ListItem","@id":"https:\/\/candas365.es\/noticias\/category\/deporte\/#listItem","name":"Deporte"}},{"@type":"ListItem","@id":"https:\/\/candas365.es\/noticias\/category\/deporte\/#listItem","position":2,"name":"Deporte","item":"https:\/\/candas365.es\/noticias\/category\/deporte\/","nextItem":{"@type":"ListItem","@id":"https:\/\/candas365.es\/noticias\/marc-cucurella-ficha-por-el-brighton\/#listItem","name":"Marc Cucurella ficha por el Brighton"},"previousItem":{"@type":"ListItem","@id":"https:\/\/candas365.es\/noticias#listItem","name":"Home"}},{"@type":"ListItem","@id":"https:\/\/candas365.es\/noticias\/marc-cucurella-ficha-por-el-brighton\/#listItem","position":3,"name":"Marc Cucurella ficha por el Brighton","previousItem":{"@type":"ListItem","@id":"https:\/\/candas365.es\/noticias\/category\/deporte\/#listItem","name":"Deporte"}}]},{"@type":"NewsArticle","@id":"https:\/\/candas365.es\/noticias\/marc-cucurella-ficha-por-el-brighton\/#newsarticle","name":"Marc Cucurella ficha por el Brighton | Cand\u00e1s 365","headline":"Marc Cucurella ficha por el Brighton","author":{"@id":"https:\/\/candas365.es\/noticias\/author\/admin\/#author"},"publisher":{"@id":"https:\/\/candas365.es\/noticias\/#organization"},"image":{"@type":"ImageObject","url":"https:\/\/candas365.es\/noticias\/wp-content\/uploads\/2021\/08\/Cucurella.jpg","width":824,"height":486,"caption":"FOTO: BRIGHTON \/ Europa Press"},"datePublished":"2021-08-31T13:09:55+02:00","dateModified":"2021-08-31T13:09:55+02:00","inLanguage":"es-ES","mainEntityOfPage":{"@id":"https:\/\/candas365.es\/noticias\/marc-cucurella-ficha-por-el-brighton\/#webpage"},"isPartOf":{"@id":"https:\/\/candas365.es\/noticias\/marc-cucurella-ficha-por-el-brighton\/#webpage"},"articleSection":"Deporte, deporte, f\u00fatbol","dateline":"Publicado el agosto 31, 2021."},{"@type":"Organization","@id":"https:\/\/candas365.es\/noticias\/#organization","name":"Cand\u00e1s 365","description":"Cand\u00e1s 365 es un diario digital independiente, fundado en 2012, con base en Asturias. Informamos con rigor sobre actualidad, sociedad, cultura y ocio, con una mirada local y global.","url":"https:\/\/candas365.es\/noticias\/","email":"info@candas365.es","telephone":"+34652131393","foundingDate":"2012-06-10","logo":{"@type":"ImageObject","url":"https:\/\/candas365.es\/noticias\/wp-content\/uploads\/2024\/09\/Candas-365-Redes.jpg","@id":"https:\/\/candas365.es\/noticias\/marc-cucurella-ficha-por-el-brighton\/#organizationLogo","width":1152,"height":864,"caption":"Cand\u00e1s 365 Redes"},"image":{"@id":"https:\/\/candas365.es\/noticias\/marc-cucurella-ficha-por-el-brighton\/#organizationLogo"},"sameAs":["https:\/\/www.facebook.com\/Nachofdezber","https:\/\/x.com\/NabercoDigital","https:\/\/www.instagram.com\/nachofdezber\/","https:\/\/www.youtube.com\/channel\/UCZP-2wLEB9Rv6erhFmqVnvg"],"address":{"@id":"https:\/\/candas365.es\/noticias\/#postaladdress","@type":"PostalAddress","streetAddress":"san antonio 4, san antonio 4","postalCode":"33430","addressLocality":"Cand\u00e1s","addressRegion":"Asturias","addressCountry":"ES"}},{"@type":"Person","@id":"https:\/\/candas365.es\/noticias\/author\/admin\/#author","url":"https:\/\/candas365.es\/noticias\/author\/admin\/","name":"Cand\u00e1s 365","image":{"@type":"ImageObject","@id":"https:\/\/candas365.es\/noticias\/marc-cucurella-ficha-por-el-brighton\/#authorImage","url":"https:\/\/secure.gravatar.com\/avatar\/496a8e03d0c493ede1718b7934145dbdf8d89be1036b0eec9544e1094c9de390?s=96&d=mm&r=g","width":96,"height":96,"caption":"Cand\u00e1s 365"},"sameAs":["https:\/\/www.facebook.com\/carrenoactualidad","https:\/\/twitter.com\/nbasturias","https:\/\/www.instagram.com\/nachofdezber\/","https:\/\/www.youtube.com\/channel\/UCZP-2wLEB9Rv6erhFmqVnvg"]},{"@type":"WebPage","@id":"https:\/\/candas365.es\/noticias\/marc-cucurella-ficha-por-el-brighton\/#webpage","url":"https:\/\/candas365.es\/noticias\/marc-cucurella-ficha-por-el-brighton\/","name":"Marc Cucurella ficha por el Brighton | Cand\u00e1s 365","description":"El Brighton & Hove Albion ingl\u00e9s ha anunciado el fichaje del centrocampista espa\u00f1ol Marc Cucurella, que llega tras un acuerdo de traspaso con el Getafe","inLanguage":"es-ES","isPartOf":{"@id":"https:\/\/candas365.es\/noticias\/#website"},"breadcrumb":{"@id":"https:\/\/candas365.es\/noticias\/marc-cucurella-ficha-por-el-brighton\/#breadcrumblist"},"author":{"@id":"https:\/\/candas365.es\/noticias\/author\/admin\/#author"},"creator":{"@id":"https:\/\/candas365.es\/noticias\/author\/admin\/#author"},"image":{"@type":"ImageObject","url":"https:\/\/candas365.es\/noticias\/wp-content\/uploads\/2021\/08\/Cucurella.jpg","@id":"https:\/\/candas365.es\/noticias\/marc-cucurella-ficha-por-el-brighton\/#mainImage","width":824,"height":486,"caption":"FOTO: BRIGHTON \/ Europa Press"},"primaryImageOfPage":{"@id":"https:\/\/candas365.es\/noticias\/marc-cucurella-ficha-por-el-brighton\/#mainImage"},"datePublished":"2021-08-31T13:09:55+02:00","dateModified":"2021-08-31T13:09:55+02:00"},{"@type":"WebSite","@id":"https:\/\/candas365.es\/noticias\/#website","url":"https:\/\/candas365.es\/noticias\/","name":"Cand\u00e1s 365","alternateName":"Cand\u00e1s 365 Noticias","description":"Actualidad desde Carre\u00f1o para el mundo","inLanguage":"es-ES","publisher":{"@id":"https:\/\/candas365.es\/noticias\/#organization"}}]},"og:locale":"es_ES","og:site_name":"Cand\u00e1s 365","og:type":"article","og:title":"Marc Cucurella ficha por el Brighton | Cand\u00e1s 365","og:description":"El Brighton &amp; Hove Albion ingl\u00e9s ha anunciado el fichaje del centrocampista espa\u00f1ol Marc Cucurella, que llega tras un acuerdo de traspaso con el Getafe","og:url":"https:\/\/candas365.es\/noticias\/marc-cucurella-ficha-por-el-brighton\/","og:image":"https:\/\/candas365.es\/noticias\/wp-content\/uploads\/2021\/08\/Cucurella.jpg","og:image:secure_url":"https:\/\/candas365.es\/noticias\/wp-content\/uploads\/2021\/08\/Cucurella.jpg","og:image:width":824,"og:image:height":486,"article:published_time":"2021-08-31T13:09:55+00:00","article:modified_time":"2021-08-31T13:09:55+00:00","article:publisher":"https:\/\/www.facebook.com\/Nachofdezber","article:author":"https:\/\/www.facebook.com\/carrenoactualidad","twitter:card":"summary_large_image","twitter:site":"@NabercoDigital","twitter:title":"Marc Cucurella ficha por el Brighton | Cand\u00e1s 365","twitter:description":"El Brighton &amp; Hove Albion ingl\u00e9s ha anunciado el fichaje del centrocampista espa\u00f1ol Marc Cucurella, que llega tras un acuerdo de traspaso con el Getafe","twitter:creator":"@nbasturias","twitter:image":"https:\/\/candas365.es\/noticias\/wp-content\/uploads\/2021\/08\/Cucurella.jpg","twitter:label1":"Escrito por","twitter:data1":"Cand\u00e1s 365","twitter:label2":"Tiempo de lectura estimado","twitter:data2":"1 minuto"},"aioseo_meta_data":{"post_id":"157882","title":null,"description":"El Brighton &amp; Hove Albion ingl\u00e9s ha anunciado el fichaje del centrocampista espa\u00f1ol Marc Cucurella, que llega tras un acuerdo de traspaso con el Getafe","keywords":[],"keyphrases":{"focus":{"keyphrase":"Cucurella","score":0,"analysis":[]},"additional":[{"keyphrase":"Brighton","score":0},{"keyphrase":"Marc Cucurella","score":0}]},"primary_term":null,"canonical_url":null,"og_title":null,"og_description":null,"og_object_type":"default","og_image_type":"default","og_image_url":null,"og_image_width":null,"og_image_height":null,"og_image_custom_url":null,"og_image_custom_fields":null,"og_video":"","og_custom_url":null,"og_article_section":null,"og_article_tags":[],"twitter_use_og":false,"twitter_card":"default","twitter_image_type":"default","twitter_image_url":null,"twitter_image_custom_url":null,"twitter_image_custom_fields":null,"twitter_title":null,"twitter_description":null,"schema":{"blockGraphs":[],"customGraphs":[],"default":{"data":{"Article":[],"Course":[],"Dataset":[],"FAQPage":[],"Movie":[],"Person":[],"Product":[],"ProductReview":[],"Car":[],"Recipe":[],"Service":[],"SoftwareApplication":[],"WebPage":[]},"graphName":"","isEnabled":true},"graphs":[],"defaultGraph":"Article","defaultPostTypeGraph":""},"schema_type":"default","schema_type_options":"{\"article\":{\"articleType\":\"BlogPosting\"},\"course\":{\"name\":\"\",\"description\":\"\",\"provider\":\"\"},\"faq\":{\"pages\":[]},\"product\":{\"reviews\":[]},\"recipe\":{\"ingredients\":[],\"instructions\":[],\"keywords\":[]},\"software\":{\"reviews\":[],\"operatingSystems\":[]},\"webPage\":{\"webPageType\":\"WebPage\"}}","pillar_content":false,"robots_default":true,"robots_noindex":false,"robots_noarchive":false,"robots_nosnippet":false,"robots_nofollow":false,"robots_noimageindex":false,"robots_noodp":false,"robots_notranslate":false,"robots_max_snippet":"-1","robots_max_videopreview":"-1","robots_max_imagepreview":"large","priority":null,"frequency":"default","location":null,"local_seo":{"locations":{"business":{"name":"","businessType":"","image":"","areaServed":"","urls":{"website":"","aboutPage":"","contactPage":""},"address":{"streetLine1":"","streetLine2":"","zipCode":"","city":"","state":"","country":"","addressFormat":"#streetLineOne\n#streetLineTwo\n#city, #state #zipCode"},"contact":{"email":"","phone":"","phoneFormatted":"","fax":"","faxFormatted":""},"ids":{"vat":"","tax":"","chamberOfCommerce":""},"payment":{"priceRange":"","currenciesAccepted":"","methods":""}}},"openingHours":{"useDefaults":true,"show":true,"alwaysOpen":false,"use24hFormat":false,"timezone":"","labels":{"closed":"","alwaysOpen":""},"days":{"monday":{"open24h":false,"closed":false,"openTime":"09:00","closeTime":"17:00"},"tuesday":{"open24h":false,"closed":false,"openTime":"09:00","closeTime":"17:00"},"wednesday":{"open24h":false,"closed":false,"openTime":"09:00","closeTime":"17:00"},"thursday":{"open24h":false,"closed":false,"openTime":"09:00","closeTime":"17:00"},"friday":{"open24h":false,"closed":false,"openTime":"09:00","closeTime":"17:00"},"saturday":{"open24h":false,"closed":false,"openTime":"09:00","closeTime":"17:00"},"sunday":{"open24h":false,"closed":false,"openTime":"09:00","closeTime":"17:00"}}}},"seo_analyzer_scan_date":"2025-09-01 01:32:38","breadcrumb_settings":null,"limit_modified_date":false,"reviewed_by":null,"open_ai":null,"ai":null,"created":"2021-08-31 13:05:34","updated":"2025-09-01 01:32:38"},"aioseo_breadcrumb":"<div class=\"aioseo-breadcrumbs\"><span class=\"aioseo-breadcrumb\">\n\t<a href=\"https:\/\/candas365.es\/noticias\" title=\"Home\">Home<\/a>\n<\/span><span class=\"aioseo-breadcrumb-separator\">&ndash;<\/span><span class=\"aioseo-breadcrumb\">\n\t<a href=\"https:\/\/candas365.es\/noticias\/category\/deporte\/\" title=\"Deporte\">Deporte<\/a>\n<\/span><span class=\"aioseo-breadcrumb-separator\">&ndash;<\/span><span class=\"aioseo-breadcrumb\">\n\tMarc Cucurella ficha por el Brighton\n<\/span><\/div>","aioseo_breadcrumb_json":[{"label":"Home","link":"https:\/\/candas365.es\/noticias"},{"label":"Deporte","link":"https:\/\/candas365.es\/noticias\/category\/deporte\/"},{"label":"Marc Cucurella ficha por el Brighton","link":"https:\/\/candas365.es\/noticias\/marc-cucurella-ficha-por-el-brighton\/"}],"_links":{"self":[{"href":"https:\/\/candas365.es\/noticias\/wp-json\/wp\/v2\/posts\/157882","targetHints":{"allow":["GET"]}}],"collection":[{"href":"https:\/\/candas365.es\/noticias\/wp-json\/wp\/v2\/posts"}],"about":[{"href":"https:\/\/candas365.es\/noticias\/wp-json\/wp\/v2\/types\/post"}],"author":[{"embeddable":true,"href":"https:\/\/candas365.es\/noticias\/wp-json\/wp\/v2\/users\/1"}],"replies":[{"embeddable":true,"href":"https:\/\/candas365.es\/noticias\/wp-json\/wp\/v2\/comments?post=157882"}],"version-history":[{"count":0,"href":"https:\/\/candas365.es\/noticias\/wp-json\/wp\/v2\/posts\/157882\/revisions"}],"wp:featuredmedia":[{"embeddable":true,"href":"https:\/\/candas365.es\/noticias\/wp-json\/wp\/v2\/media\/157883"}],"wp:attachment":[{"href":"https:\/\/candas365.es\/noticias\/wp-json\/wp\/v2\/media?parent=157882"}],"wp:term":[{"taxonomy":"category","embeddable":true,"href":"https:\/\/candas365.es\/noticias\/wp-json\/wp\/v2\/categories?post=157882"},{"taxonomy":"post_tag","embeddable":true,"href":"https:\/\/candas365.es\/noticias\/wp-json\/wp\/v2\/tags?post=157882"}],"curies":[{"name":"wp","href":"https:\/\/api.w.org\/{rel}","templated":true}]}}