{"id":157853,"date":"2021-08-30T13:00:05","date_gmt":"2021-08-30T13:00:05","guid":{"rendered":"http:\/\/candas365.es\/noticias\/?p=157853"},"modified":"2021-08-30T13:00:05","modified_gmt":"2021-08-30T13:00:05","slug":"dibu-martinez-el-arquero-del-momento","status":"publish","type":"post","link":"https:\/\/candas365.es\/noticias\/dibu-martinez-el-arquero-del-momento\/","title":{"rendered":"Dibu Mart\u00ednez: el arquero del momento"},"content":{"rendered":"<p><b>VENEZUELA <\/b><span style=\"font-weight: 400;\">&#8211; El nuevo informe, redactado por el periodista <\/span><span style=\"color: #ff0000;\"><strong><a style=\"color: #ff0000;\" href=\"https:\/\/tomaseliasgonzalezbenitezvenezuela.com\/dibu-martinez-el-arquero-mas-valioso-de-argentina\/\" target=\"_blank\" rel=\"nofollow noopener\">Tom\u00e1s El\u00edas Gonz\u00e1lez Ben\u00edtez<\/a><\/strong><\/span><i><span style=\"font-weight: 400;\">, <\/span><\/i><span style=\"font-weight: 400;\">analiza el perfil de un jugador de la actualidad, Dibu Mart\u00ednez.<\/span><\/p>\n<p><img fetchpriority=\"high\" decoding=\"async\" class=\"aligncenter wp-image-157854 size-large\" src=\"https:\/\/candas365.es\/noticias\/wp-content\/uploads\/2021\/08\/arquero-650x425.jpg\" alt=\"\" width=\"650\" height=\"425\" srcset=\"https:\/\/candas365.es\/noticias\/wp-content\/uploads\/2021\/08\/arquero-650x425.jpg 650w, https:\/\/candas365.es\/noticias\/wp-content\/uploads\/2021\/08\/arquero-360x235.jpg 360w, https:\/\/candas365.es\/noticias\/wp-content\/uploads\/2021\/08\/arquero.jpg 722w\" sizes=\"(max-width: 650px) 100vw, 650px\" \/><\/p>\n<p><span style=\"font-weight: 400;\">Los tres penaltis, que salv\u00f3, en la \u00faltima semifinal, de la Copa Am\u00e9rica, ante Colombia, han llevado al periodista a realizar un an\u00e1lisis detallado del jugador.<\/span><\/p>\n<h2><b>El arquero del momento<\/b><\/h2>\n<p><span style=\"font-weight: 400;\">Tras su debut, en junio, con la selecci\u00f3n argentina, Dami\u00e1n Emiliano Mart\u00ednez se ha convertido en el arquero del momento en su pa\u00eds.<\/span><\/p>\n<p><span style=\"font-weight: 400;\">Dibu fue el h\u00e9roe de su selecci\u00f3n, dando el pase a la final de la Copa Am\u00e9rica.<\/span><\/p>\n<h2><b>El inicio de Dibu<\/b><\/h2>\n<p><span style=\"font-weight: 400;\">A los trece a\u00f1os, se uni\u00f3 al Independiente, despu\u00e9s de jugar en Talleres y San Isidro de Mar del Plata.<\/span><\/p>\n<p><span style=\"font-weight: 400;\">En Rojo, se gan\u00f3 el sobrenombre de Dibu, por el personaje de una serie. All\u00ed, conoci\u00f3 al portero Miguel \u00c1ngel Santoro, estrella de Avellaneda, que le form\u00f3.<\/span><\/p>\n<p><span style=\"font-weight: 400;\">Mediante su actuaci\u00f3n, en la selecci\u00f3n argentina sub-17, el Arsenal se fij\u00f3 en su t\u00e9cnica.<\/span><\/p>\n<h2><b>La llegada a la Premier League<\/b><\/h2>\n<p><span style=\"font-weight: 400;\">A sus 17 a\u00f1os, se march\u00f3 al Arsenal, sin conocer el idioma. Durante una d\u00e9cada, estuvo cedido en varios equipos de la liga inglesa y europea.<\/span><\/p>\n<p><span style=\"font-weight: 400;\">En 2020, alcanz\u00f3 su gran oportunidad con la lesi\u00f3n de Leno, jugando 15 partidos como titular.<\/span><\/p>\n<p><span style=\"font-weight: 400;\">El propio jugador declar\u00f3 que sus actuaciones se deben a la ayuda psicol\u00f3gica que recibe.<\/span><\/p>\n<p><i><span style=\"font-weight: 400;\">\u201cLa gente no se da cuenta de lo importante que es trabajar la mentalidad cuando juegas en alto rendimiento\u201d.<\/span><\/i><\/p>\n<p><span style=\"font-weight: 400;\">Para fortalecer su mente, uni\u00f3 la pr\u00e1ctica del yoga.<\/span><\/p>\n<h2><b>La gran oportunidad de Dibu Mart\u00ednez<\/b><\/h2>\n<p><span style=\"font-weight: 400;\">Su juego en el Arsenal conllevo un traspaso al Aston Villa, por 20 millones de libras. Con ello, se ha convertido en el portero m\u00e1s valioso de la historia argentina.<\/span><\/p>\n<p><span style=\"font-weight: 400;\">Como consecuencia, fue convocado con la selecci\u00f3n argentina, para jugar las eliminatorias del Mundial de Qatar 2022, y jugar la Copa Am\u00e9rica.<\/span><\/p>\n<p><span style=\"font-weight: 400;\">La victoria con su pa\u00eds le ha convertido en el mejor arquero de la competici\u00f3n, con una carrera deportiva, por delante, muy prometedora.<\/span><\/p>\n","protected":false},"excerpt":{"rendered":"<p>El arquero fomenta su mente y practica yoga para rendir al m\u00e1s alto nivel<\/p>\n","protected":false},"author":1,"featured_media":157854,"comment_status":"closed","ping_status":"closed","sticky":false,"template":"","format":"standard","meta":{"footnotes":""},"categories":[319],"tags":[387,389],"class_list":{"0":"post-157853","1":"post","2":"type-post","3":"status-publish","4":"format-standard","5":"has-post-thumbnail","7":"category-deporte","8":"tag-deporte","9":"tag-futbol"},"aioseo_notices":[],"aioseo_head":"\n\t\t<!-- All in One SEO Pro 4.9.6.2 - aioseo.com -->\n\t<meta name=\"description\" content=\"El nuevo informe, redactado por el periodista Tom\u00e1s El\u00edas Gonz\u00e1lez Ben\u00edtez, analiza el perfil de un jugador de la actualidad\" \/>\n\t<meta name=\"robots\" content=\"max-image-preview:large\" \/>\n\t<meta name=\"author\" content=\"Cand\u00e1s 365\"\/>\n\t<meta name=\"google-site-verification\" content=\"UA-32230408-1\" \/>\n\t<meta name=\"msvalidate.01\" content=\"354F3CDFB2DA171B47FBE9ABF1F88D5\" \/>\n\t<meta name=\"keywords\" content=\"deporte\" \/>\n\t<link rel=\"canonical\" href=\"https:\/\/candas365.es\/noticias\/dibu-martinez-el-arquero-del-momento\/\" \/>\n\t<meta name=\"generator\" content=\"All in One SEO Pro (AIOSEO) 4.9.6.2\" \/>\n\t\t<meta property=\"og:locale\" content=\"es_ES\" \/>\n\t\t<meta property=\"og:site_name\" content=\"Cand\u00e1s 365\" \/>\n\t\t<meta property=\"og:type\" content=\"article\" \/>\n\t\t<meta property=\"og:title\" content=\"Dibu Mart\u00ednez: el arquero del momento | Cand\u00e1s 365\" \/>\n\t\t<meta property=\"og:description\" content=\"El nuevo informe, redactado por el periodista Tom\u00e1s El\u00edas Gonz\u00e1lez Ben\u00edtez, analiza el perfil de un jugador de la actualidad\" \/>\n\t\t<meta property=\"og:url\" content=\"https:\/\/candas365.es\/noticias\/dibu-martinez-el-arquero-del-momento\/\" \/>\n\t\t<meta property=\"og:image\" content=\"https:\/\/candas365.es\/noticias\/wp-content\/uploads\/2021\/08\/arquero.jpg\" \/>\n\t\t<meta property=\"og:image:secure_url\" content=\"https:\/\/candas365.es\/noticias\/wp-content\/uploads\/2021\/08\/arquero.jpg\" \/>\n\t\t<meta property=\"og:image:width\" content=\"722\" \/>\n\t\t<meta property=\"og:image:height\" content=\"472\" \/>\n\t\t<meta property=\"article:published_time\" content=\"2021-08-30T13:00:05+00:00\" \/>\n\t\t<meta property=\"article:modified_time\" content=\"2021-08-30T13:00:05+00:00\" \/>\n\t\t<meta property=\"article:publisher\" content=\"https:\/\/www.facebook.com\/Nachofdezber\" \/>\n\t\t<meta property=\"article:author\" content=\"https:\/\/www.facebook.com\/carrenoactualidad\" \/>\n\t\t<meta name=\"twitter:card\" content=\"summary_large_image\" \/>\n\t\t<meta name=\"twitter:site\" content=\"@NabercoDigital\" \/>\n\t\t<meta name=\"twitter:title\" content=\"Dibu Mart\u00ednez: el arquero del momento | Cand\u00e1s 365\" \/>\n\t\t<meta name=\"twitter:description\" content=\"El nuevo informe, redactado por el periodista Tom\u00e1s El\u00edas Gonz\u00e1lez Ben\u00edtez, analiza el perfil de un jugador de la actualidad\" \/>\n\t\t<meta name=\"twitter:creator\" content=\"@nbasturias\" \/>\n\t\t<meta name=\"twitter:image\" content=\"https:\/\/candas365.es\/noticias\/wp-content\/uploads\/2021\/08\/arquero.jpg\" \/>\n\t\t<meta name=\"twitter:label1\" content=\"Escrito por\" \/>\n\t\t<meta name=\"twitter:data1\" content=\"Cand\u00e1s 365\" \/>\n\t\t<meta name=\"twitter:label2\" content=\"Tiempo de lectura estimado\" \/>\n\t\t<meta name=\"twitter:data2\" content=\"2 minutos\" \/>\n\t\t<script type=\"application\/ld+json\" class=\"aioseo-schema\">\n\t\t\t{\"@context\":\"https:\\\/\\\/schema.org\",\"@graph\":[{\"@type\":\"BreadcrumbList\",\"@id\":\"https:\\\/\\\/candas365.es\\\/noticias\\\/dibu-martinez-el-arquero-del-momento\\\/#breadcrumblist\",\"itemListElement\":[{\"@type\":\"ListItem\",\"@id\":\"https:\\\/\\\/candas365.es\\\/noticias#listItem\",\"position\":1,\"name\":\"Home\",\"item\":\"https:\\\/\\\/candas365.es\\\/noticias\",\"nextItem\":{\"@type\":\"ListItem\",\"@id\":\"https:\\\/\\\/candas365.es\\\/noticias\\\/category\\\/deporte\\\/#listItem\",\"name\":\"Deporte\"}},{\"@type\":\"ListItem\",\"@id\":\"https:\\\/\\\/candas365.es\\\/noticias\\\/category\\\/deporte\\\/#listItem\",\"position\":2,\"name\":\"Deporte\",\"item\":\"https:\\\/\\\/candas365.es\\\/noticias\\\/category\\\/deporte\\\/\",\"nextItem\":{\"@type\":\"ListItem\",\"@id\":\"https:\\\/\\\/candas365.es\\\/noticias\\\/dibu-martinez-el-arquero-del-momento\\\/#listItem\",\"name\":\"Dibu Mart\\u00ednez: el arquero del momento\"},\"previousItem\":{\"@type\":\"ListItem\",\"@id\":\"https:\\\/\\\/candas365.es\\\/noticias#listItem\",\"name\":\"Home\"}},{\"@type\":\"ListItem\",\"@id\":\"https:\\\/\\\/candas365.es\\\/noticias\\\/dibu-martinez-el-arquero-del-momento\\\/#listItem\",\"position\":3,\"name\":\"Dibu Mart\\u00ednez: el arquero del momento\",\"previousItem\":{\"@type\":\"ListItem\",\"@id\":\"https:\\\/\\\/candas365.es\\\/noticias\\\/category\\\/deporte\\\/#listItem\",\"name\":\"Deporte\"}}]},{\"@type\":\"NewsArticle\",\"@id\":\"https:\\\/\\\/candas365.es\\\/noticias\\\/dibu-martinez-el-arquero-del-momento\\\/#newsarticle\",\"name\":\"Dibu Mart\\u00ednez: el arquero del momento | Cand\\u00e1s 365\",\"headline\":\"Dibu Mart\\u00ednez: el arquero del momento\",\"author\":{\"@id\":\"https:\\\/\\\/candas365.es\\\/noticias\\\/author\\\/admin\\\/#author\"},\"publisher\":{\"@id\":\"https:\\\/\\\/candas365.es\\\/noticias\\\/#organization\"},\"image\":{\"@type\":\"ImageObject\",\"url\":\"https:\\\/\\\/candas365.es\\\/noticias\\\/wp-content\\\/uploads\\\/2021\\\/08\\\/arquero.jpg\",\"width\":722,\"height\":472},\"datePublished\":\"2021-08-30T13:00:05+02:00\",\"dateModified\":\"2021-08-30T13:00:05+02:00\",\"inLanguage\":\"es-ES\",\"mainEntityOfPage\":{\"@id\":\"https:\\\/\\\/candas365.es\\\/noticias\\\/dibu-martinez-el-arquero-del-momento\\\/#webpage\"},\"isPartOf\":{\"@id\":\"https:\\\/\\\/candas365.es\\\/noticias\\\/dibu-martinez-el-arquero-del-momento\\\/#webpage\"},\"articleSection\":\"Deporte, deporte, f\\u00fatbol\",\"dateline\":\"Publicado el agosto 30, 2021.\"},{\"@type\":\"Organization\",\"@id\":\"https:\\\/\\\/candas365.es\\\/noticias\\\/#organization\",\"name\":\"Cand\\u00e1s 365\",\"description\":\"Cand\\u00e1s 365 es un diario digital independiente, fundado en 2012, con base en Asturias. Informamos con rigor sobre actualidad, sociedad, cultura y ocio, con una mirada local y global.\",\"url\":\"https:\\\/\\\/candas365.es\\\/noticias\\\/\",\"email\":\"info@candas365.es\",\"telephone\":\"+34652131393\",\"foundingDate\":\"2012-06-10\",\"logo\":{\"@type\":\"ImageObject\",\"url\":\"https:\\\/\\\/candas365.es\\\/noticias\\\/wp-content\\\/uploads\\\/2024\\\/09\\\/Candas-365-Redes.jpg\",\"@id\":\"https:\\\/\\\/candas365.es\\\/noticias\\\/dibu-martinez-el-arquero-del-momento\\\/#organizationLogo\",\"width\":1152,\"height\":864,\"caption\":\"Cand\\u00e1s 365 Redes\"},\"image\":{\"@id\":\"https:\\\/\\\/candas365.es\\\/noticias\\\/dibu-martinez-el-arquero-del-momento\\\/#organizationLogo\"},\"sameAs\":[\"https:\\\/\\\/www.facebook.com\\\/Nachofdezber\",\"https:\\\/\\\/x.com\\\/NabercoDigital\",\"https:\\\/\\\/www.instagram.com\\\/nachofdezber\\\/\",\"https:\\\/\\\/www.youtube.com\\\/channel\\\/UCZP-2wLEB9Rv6erhFmqVnvg\"],\"address\":{\"@id\":\"https:\\\/\\\/candas365.es\\\/noticias\\\/#postaladdress\",\"@type\":\"PostalAddress\",\"streetAddress\":\"san antonio 4, san antonio 4\",\"postalCode\":\"33430\",\"addressLocality\":\"Cand\\u00e1s\",\"addressRegion\":\"Asturias\",\"addressCountry\":\"ES\"}},{\"@type\":\"Person\",\"@id\":\"https:\\\/\\\/candas365.es\\\/noticias\\\/author\\\/admin\\\/#author\",\"url\":\"https:\\\/\\\/candas365.es\\\/noticias\\\/author\\\/admin\\\/\",\"name\":\"Cand\\u00e1s 365\",\"image\":{\"@type\":\"ImageObject\",\"@id\":\"https:\\\/\\\/candas365.es\\\/noticias\\\/dibu-martinez-el-arquero-del-momento\\\/#authorImage\",\"url\":\"https:\\\/\\\/secure.gravatar.com\\\/avatar\\\/496a8e03d0c493ede1718b7934145dbdf8d89be1036b0eec9544e1094c9de390?s=96&d=mm&r=g\",\"width\":96,\"height\":96,\"caption\":\"Cand\\u00e1s 365\"},\"sameAs\":[\"https:\\\/\\\/www.facebook.com\\\/carrenoactualidad\",\"https:\\\/\\\/twitter.com\\\/nbasturias\",\"https:\\\/\\\/www.instagram.com\\\/nachofdezber\\\/\",\"https:\\\/\\\/www.youtube.com\\\/channel\\\/UCZP-2wLEB9Rv6erhFmqVnvg\"]},{\"@type\":\"WebPage\",\"@id\":\"https:\\\/\\\/candas365.es\\\/noticias\\\/dibu-martinez-el-arquero-del-momento\\\/#webpage\",\"url\":\"https:\\\/\\\/candas365.es\\\/noticias\\\/dibu-martinez-el-arquero-del-momento\\\/\",\"name\":\"Dibu Mart\\u00ednez: el arquero del momento | Cand\\u00e1s 365\",\"description\":\"El nuevo informe, redactado por el periodista Tom\\u00e1s El\\u00edas Gonz\\u00e1lez Ben\\u00edtez, analiza el perfil de un jugador de la actualidad\",\"inLanguage\":\"es-ES\",\"isPartOf\":{\"@id\":\"https:\\\/\\\/candas365.es\\\/noticias\\\/#website\"},\"breadcrumb\":{\"@id\":\"https:\\\/\\\/candas365.es\\\/noticias\\\/dibu-martinez-el-arquero-del-momento\\\/#breadcrumblist\"},\"author\":{\"@id\":\"https:\\\/\\\/candas365.es\\\/noticias\\\/author\\\/admin\\\/#author\"},\"creator\":{\"@id\":\"https:\\\/\\\/candas365.es\\\/noticias\\\/author\\\/admin\\\/#author\"},\"image\":{\"@type\":\"ImageObject\",\"url\":\"https:\\\/\\\/candas365.es\\\/noticias\\\/wp-content\\\/uploads\\\/2021\\\/08\\\/arquero.jpg\",\"@id\":\"https:\\\/\\\/candas365.es\\\/noticias\\\/dibu-martinez-el-arquero-del-momento\\\/#mainImage\",\"width\":722,\"height\":472},\"primaryImageOfPage\":{\"@id\":\"https:\\\/\\\/candas365.es\\\/noticias\\\/dibu-martinez-el-arquero-del-momento\\\/#mainImage\"},\"datePublished\":\"2021-08-30T13:00:05+02:00\",\"dateModified\":\"2021-08-30T13:00:05+02:00\"},{\"@type\":\"WebSite\",\"@id\":\"https:\\\/\\\/candas365.es\\\/noticias\\\/#website\",\"url\":\"https:\\\/\\\/candas365.es\\\/noticias\\\/\",\"name\":\"Cand\\u00e1s 365\",\"alternateName\":\"Cand\\u00e1s 365 Noticias\",\"description\":\"Actualidad desde Carre\\u00f1o para el mundo\",\"inLanguage\":\"es-ES\",\"publisher\":{\"@id\":\"https:\\\/\\\/candas365.es\\\/noticias\\\/#organization\"}}]}\n\t\t<\/script>\n\t\t<!-- All in One SEO Pro -->\r\n\t\t<title>Dibu Mart\u00ednez: el arquero del momento | Cand\u00e1s 365<\/title>\n\n","aioseo_head_json":{"title":"Dibu Mart\u00ednez: el arquero del momento | Cand\u00e1s 365","description":"El nuevo informe, redactado por el periodista Tom\u00e1s El\u00edas Gonz\u00e1lez Ben\u00edtez, analiza el perfil de un jugador de la actualidad","canonical_url":"https:\/\/candas365.es\/noticias\/dibu-martinez-el-arquero-del-momento\/","robots":"max-image-preview:large","keywords":"deporte","webmasterTools":{"google-site-verification":"UA-32230408-1","msvalidate.01":"354F3CDFB2DA171B47FBE9ABF1F88D5","miscellaneous":""},"schema":{"@context":"https:\/\/schema.org","@graph":[{"@type":"BreadcrumbList","@id":"https:\/\/candas365.es\/noticias\/dibu-martinez-el-arquero-del-momento\/#breadcrumblist","itemListElement":[{"@type":"ListItem","@id":"https:\/\/candas365.es\/noticias#listItem","position":1,"name":"Home","item":"https:\/\/candas365.es\/noticias","nextItem":{"@type":"ListItem","@id":"https:\/\/candas365.es\/noticias\/category\/deporte\/#listItem","name":"Deporte"}},{"@type":"ListItem","@id":"https:\/\/candas365.es\/noticias\/category\/deporte\/#listItem","position":2,"name":"Deporte","item":"https:\/\/candas365.es\/noticias\/category\/deporte\/","nextItem":{"@type":"ListItem","@id":"https:\/\/candas365.es\/noticias\/dibu-martinez-el-arquero-del-momento\/#listItem","name":"Dibu Mart\u00ednez: el arquero del momento"},"previousItem":{"@type":"ListItem","@id":"https:\/\/candas365.es\/noticias#listItem","name":"Home"}},{"@type":"ListItem","@id":"https:\/\/candas365.es\/noticias\/dibu-martinez-el-arquero-del-momento\/#listItem","position":3,"name":"Dibu Mart\u00ednez: el arquero del momento","previousItem":{"@type":"ListItem","@id":"https:\/\/candas365.es\/noticias\/category\/deporte\/#listItem","name":"Deporte"}}]},{"@type":"NewsArticle","@id":"https:\/\/candas365.es\/noticias\/dibu-martinez-el-arquero-del-momento\/#newsarticle","name":"Dibu Mart\u00ednez: el arquero del momento | Cand\u00e1s 365","headline":"Dibu Mart\u00ednez: el arquero del momento","author":{"@id":"https:\/\/candas365.es\/noticias\/author\/admin\/#author"},"publisher":{"@id":"https:\/\/candas365.es\/noticias\/#organization"},"image":{"@type":"ImageObject","url":"https:\/\/candas365.es\/noticias\/wp-content\/uploads\/2021\/08\/arquero.jpg","width":722,"height":472},"datePublished":"2021-08-30T13:00:05+02:00","dateModified":"2021-08-30T13:00:05+02:00","inLanguage":"es-ES","mainEntityOfPage":{"@id":"https:\/\/candas365.es\/noticias\/dibu-martinez-el-arquero-del-momento\/#webpage"},"isPartOf":{"@id":"https:\/\/candas365.es\/noticias\/dibu-martinez-el-arquero-del-momento\/#webpage"},"articleSection":"Deporte, deporte, f\u00fatbol","dateline":"Publicado el agosto 30, 2021."},{"@type":"Organization","@id":"https:\/\/candas365.es\/noticias\/#organization","name":"Cand\u00e1s 365","description":"Cand\u00e1s 365 es un diario digital independiente, fundado en 2012, con base en Asturias. Informamos con rigor sobre actualidad, sociedad, cultura y ocio, con una mirada local y global.","url":"https:\/\/candas365.es\/noticias\/","email":"info@candas365.es","telephone":"+34652131393","foundingDate":"2012-06-10","logo":{"@type":"ImageObject","url":"https:\/\/candas365.es\/noticias\/wp-content\/uploads\/2024\/09\/Candas-365-Redes.jpg","@id":"https:\/\/candas365.es\/noticias\/dibu-martinez-el-arquero-del-momento\/#organizationLogo","width":1152,"height":864,"caption":"Cand\u00e1s 365 Redes"},"image":{"@id":"https:\/\/candas365.es\/noticias\/dibu-martinez-el-arquero-del-momento\/#organizationLogo"},"sameAs":["https:\/\/www.facebook.com\/Nachofdezber","https:\/\/x.com\/NabercoDigital","https:\/\/www.instagram.com\/nachofdezber\/","https:\/\/www.youtube.com\/channel\/UCZP-2wLEB9Rv6erhFmqVnvg"],"address":{"@id":"https:\/\/candas365.es\/noticias\/#postaladdress","@type":"PostalAddress","streetAddress":"san antonio 4, san antonio 4","postalCode":"33430","addressLocality":"Cand\u00e1s","addressRegion":"Asturias","addressCountry":"ES"}},{"@type":"Person","@id":"https:\/\/candas365.es\/noticias\/author\/admin\/#author","url":"https:\/\/candas365.es\/noticias\/author\/admin\/","name":"Cand\u00e1s 365","image":{"@type":"ImageObject","@id":"https:\/\/candas365.es\/noticias\/dibu-martinez-el-arquero-del-momento\/#authorImage","url":"https:\/\/secure.gravatar.com\/avatar\/496a8e03d0c493ede1718b7934145dbdf8d89be1036b0eec9544e1094c9de390?s=96&d=mm&r=g","width":96,"height":96,"caption":"Cand\u00e1s 365"},"sameAs":["https:\/\/www.facebook.com\/carrenoactualidad","https:\/\/twitter.com\/nbasturias","https:\/\/www.instagram.com\/nachofdezber\/","https:\/\/www.youtube.com\/channel\/UCZP-2wLEB9Rv6erhFmqVnvg"]},{"@type":"WebPage","@id":"https:\/\/candas365.es\/noticias\/dibu-martinez-el-arquero-del-momento\/#webpage","url":"https:\/\/candas365.es\/noticias\/dibu-martinez-el-arquero-del-momento\/","name":"Dibu Mart\u00ednez: el arquero del momento | Cand\u00e1s 365","description":"El nuevo informe, redactado por el periodista Tom\u00e1s El\u00edas Gonz\u00e1lez Ben\u00edtez, analiza el perfil de un jugador de la actualidad","inLanguage":"es-ES","isPartOf":{"@id":"https:\/\/candas365.es\/noticias\/#website"},"breadcrumb":{"@id":"https:\/\/candas365.es\/noticias\/dibu-martinez-el-arquero-del-momento\/#breadcrumblist"},"author":{"@id":"https:\/\/candas365.es\/noticias\/author\/admin\/#author"},"creator":{"@id":"https:\/\/candas365.es\/noticias\/author\/admin\/#author"},"image":{"@type":"ImageObject","url":"https:\/\/candas365.es\/noticias\/wp-content\/uploads\/2021\/08\/arquero.jpg","@id":"https:\/\/candas365.es\/noticias\/dibu-martinez-el-arquero-del-momento\/#mainImage","width":722,"height":472},"primaryImageOfPage":{"@id":"https:\/\/candas365.es\/noticias\/dibu-martinez-el-arquero-del-momento\/#mainImage"},"datePublished":"2021-08-30T13:00:05+02:00","dateModified":"2021-08-30T13:00:05+02:00"},{"@type":"WebSite","@id":"https:\/\/candas365.es\/noticias\/#website","url":"https:\/\/candas365.es\/noticias\/","name":"Cand\u00e1s 365","alternateName":"Cand\u00e1s 365 Noticias","description":"Actualidad desde Carre\u00f1o para el mundo","inLanguage":"es-ES","publisher":{"@id":"https:\/\/candas365.es\/noticias\/#organization"}}]},"og:locale":"es_ES","og:site_name":"Cand\u00e1s 365","og:type":"article","og:title":"Dibu Mart\u00ednez: el arquero del momento | Cand\u00e1s 365","og:description":"El nuevo informe, redactado por el periodista Tom\u00e1s El\u00edas Gonz\u00e1lez Ben\u00edtez, analiza el perfil de un jugador de la actualidad","og:url":"https:\/\/candas365.es\/noticias\/dibu-martinez-el-arquero-del-momento\/","og:image":"https:\/\/candas365.es\/noticias\/wp-content\/uploads\/2021\/08\/arquero.jpg","og:image:secure_url":"https:\/\/candas365.es\/noticias\/wp-content\/uploads\/2021\/08\/arquero.jpg","og:image:width":722,"og:image:height":472,"article:published_time":"2021-08-30T13:00:05+00:00","article:modified_time":"2021-08-30T13:00:05+00:00","article:publisher":"https:\/\/www.facebook.com\/Nachofdezber","article:author":"https:\/\/www.facebook.com\/carrenoactualidad","twitter:card":"summary_large_image","twitter:site":"@NabercoDigital","twitter:title":"Dibu Mart\u00ednez: el arquero del momento | Cand\u00e1s 365","twitter:description":"El nuevo informe, redactado por el periodista Tom\u00e1s El\u00edas Gonz\u00e1lez Ben\u00edtez, analiza el perfil de un jugador de la actualidad","twitter:creator":"@nbasturias","twitter:image":"https:\/\/candas365.es\/noticias\/wp-content\/uploads\/2021\/08\/arquero.jpg","twitter:label1":"Escrito por","twitter:data1":"Cand\u00e1s 365","twitter:label2":"Tiempo de lectura estimado","twitter:data2":"2 minutos"},"aioseo_meta_data":{"post_id":"157853","title":null,"description":"El nuevo informe, redactado por el periodista Tom\u00e1s El\u00edas Gonz\u00e1lez Ben\u00edtez, analiza el perfil de un jugador de la actualidad","keywords":[],"keyphrases":{"focus":{"keyphrase":"periodista","score":67,"analysis":{"keyphraseInTitle":{"title":"Frase clave objetivo en el t\u00edtulo SEO","description":"Frase clave objetivo no se encuentra en el t\u00edtulo SEO.","score":3,"maxScore":9,"error":1},"keyphraseInDescription":{"title":"Frase clave objetivo en la meta descripci\u00f3n","description":"Frase clave objetivo encontrada en la meta descripci\u00f3n.","score":9,"maxScore":9,"error":0},"keyphraseInURL":[],"keyphraseLength":{"title":"Longitud de la Frase clave objetivo","description":"\u00a1Buen trabajo!","score":9,"maxScore":9,"error":0,"length":1},"keyphraseInIntroduction":{"title":"Frase clave objetivo en la introducci\u00f3n","description":"Su Frase clave objetivo aparece en el primer p\u00e1rrafo. \u00a1Bien hecho!","score":9,"maxScore":9,"error":0},"keyphraseInSubHeadings":{"title":"Frase clave objetivo sus subt\u00edtulos","description":"Use your focus keyphrase more in your H2 and H3 subheadings.","score":3,"maxScore":9,"error":1},"keyphraseInImageAlt":{"title":"Frase clave objetivo en los atributos alt de la imagen.","description":"Frase clave objetivo no se encuentra en los atributos alt de la imagen. A\u00f1ada una imagen con su Frase clave objetivo como texto alternativo.","score":3,"maxScore":9,"error":1}}},"additional":[{"keyphrase":"El\u00edas Gonz\u00e1lez Ben\u00edtez,","score":83,"analysis":{"keyphraseInDescription":{"title":"Frase clave en la meta descripci\u00f3n","description":"Frase clave encontrada en la meta descripci\u00f3n.","score":9,"maxScore":9,"error":0},"keyphraseLength":{"title":"Longitud de la Frase clave","description":"\u00a1Buen trabajo!","score":9,"maxScore":9,"error":0,"length":3},"keyphraseInIntroduction":{"title":"Frase clave en la introducci\u00f3n","description":"Su Frase clave aparece en el primer p\u00e1rrafo. \u00a1Bien hecho!","score":9,"maxScore":9,"error":0},"keyphraseInImageAlt":{"title":"Frase clave en los atributos alt de la imagen.","description":"Frase clave no se encuentra en los atributos alt de la imagen. A\u00f1ada una imagen con su Frase clave como texto alternativo.","score":3,"maxScore":9,"error":1}}},{"keyphrase":"perfil de un jugador","score":83,"analysis":{"keyphraseInDescription":{"title":"Frase clave en la meta descripci\u00f3n","description":"Frase clave encontrada en la meta descripci\u00f3n.","score":9,"maxScore":9,"error":0},"keyphraseLength":{"title":"Longitud de la Frase clave","description":"\u00a1Buen trabajo!","score":9,"maxScore":9,"error":0,"length":4},"keyphraseInIntroduction":{"title":"Frase clave en la introducci\u00f3n","description":"Su Frase clave aparece en el primer p\u00e1rrafo. \u00a1Bien hecho!","score":9,"maxScore":9,"error":0},"keyphraseInImageAlt":{"title":"Frase clave en los atributos alt de la imagen.","description":"Frase clave no se encuentra en los atributos alt de la imagen. A\u00f1ada una imagen con su Frase clave como texto alternativo.","score":3,"maxScore":9,"error":1}}}]},"primary_term":null,"canonical_url":null,"og_title":null,"og_description":null,"og_object_type":"default","og_image_type":"default","og_image_url":null,"og_image_width":null,"og_image_height":null,"og_image_custom_url":null,"og_image_custom_fields":null,"og_video":"","og_custom_url":null,"og_article_section":null,"og_article_tags":[],"twitter_use_og":false,"twitter_card":"default","twitter_image_type":"default","twitter_image_url":null,"twitter_image_custom_url":null,"twitter_image_custom_fields":null,"twitter_title":null,"twitter_description":null,"schema":{"blockGraphs":[],"customGraphs":[],"default":{"data":{"Article":[],"Course":[],"Dataset":[],"FAQPage":[],"Movie":[],"Person":[],"Product":[],"ProductReview":[],"Car":[],"Recipe":[],"Service":[],"SoftwareApplication":[],"WebPage":[]},"graphName":"","isEnabled":true},"graphs":[],"defaultGraph":"Article","defaultPostTypeGraph":""},"schema_type":"default","schema_type_options":"{\"article\":{\"articleType\":\"BlogPosting\"},\"course\":{\"name\":\"\",\"description\":\"\",\"provider\":\"\"},\"faq\":{\"pages\":[]},\"product\":{\"reviews\":[]},\"recipe\":{\"ingredients\":[],\"instructions\":[],\"keywords\":[]},\"software\":{\"reviews\":[],\"operatingSystems\":[]},\"webPage\":{\"webPageType\":\"WebPage\"}}","pillar_content":false,"robots_default":true,"robots_noindex":false,"robots_noarchive":false,"robots_nosnippet":false,"robots_nofollow":false,"robots_noimageindex":false,"robots_noodp":false,"robots_notranslate":false,"robots_max_snippet":"-1","robots_max_videopreview":"-1","robots_max_imagepreview":"large","priority":null,"frequency":"default","location":null,"local_seo":{"locations":{"business":{"name":"","businessType":"","image":"","areaServed":"","urls":{"website":"","aboutPage":"","contactPage":""},"address":{"streetLine1":"","streetLine2":"","zipCode":"","city":"","state":"","country":"","addressFormat":"#streetLineOne\n#streetLineTwo\n#city, #state #zipCode"},"contact":{"email":"","phone":"","phoneFormatted":"","fax":"","faxFormatted":""},"ids":{"vat":"","tax":"","chamberOfCommerce":""},"payment":{"priceRange":"","currenciesAccepted":"","methods":""}}},"openingHours":{"useDefaults":true,"show":true,"alwaysOpen":false,"use24hFormat":false,"timezone":"","labels":{"closed":"","alwaysOpen":""},"days":{"monday":{"open24h":false,"closed":false,"openTime":"09:00","closeTime":"17:00"},"tuesday":{"open24h":false,"closed":false,"openTime":"09:00","closeTime":"17:00"},"wednesday":{"open24h":false,"closed":false,"openTime":"09:00","closeTime":"17:00"},"thursday":{"open24h":false,"closed":false,"openTime":"09:00","closeTime":"17:00"},"friday":{"open24h":false,"closed":false,"openTime":"09:00","closeTime":"17:00"},"saturday":{"open24h":false,"closed":false,"openTime":"09:00","closeTime":"17:00"},"sunday":{"open24h":false,"closed":false,"openTime":"09:00","closeTime":"17:00"}}}},"seo_analyzer_scan_date":"2025-09-01 01:28:14","breadcrumb_settings":null,"limit_modified_date":false,"reviewed_by":null,"open_ai":null,"ai":null,"created":"2021-08-30 12:56:36","updated":"2025-09-01 01:28:14"},"aioseo_breadcrumb":"<div class=\"aioseo-breadcrumbs\"><span class=\"aioseo-breadcrumb\">\n\t<a href=\"https:\/\/candas365.es\/noticias\" title=\"Home\">Home<\/a>\n<\/span><span class=\"aioseo-breadcrumb-separator\">&ndash;<\/span><span class=\"aioseo-breadcrumb\">\n\t<a href=\"https:\/\/candas365.es\/noticias\/category\/deporte\/\" title=\"Deporte\">Deporte<\/a>\n<\/span><span class=\"aioseo-breadcrumb-separator\">&ndash;<\/span><span class=\"aioseo-breadcrumb\">\n\tDibu Mart\u00ednez: el arquero del momento\n<\/span><\/div>","aioseo_breadcrumb_json":[{"label":"Home","link":"https:\/\/candas365.es\/noticias"},{"label":"Deporte","link":"https:\/\/candas365.es\/noticias\/category\/deporte\/"},{"label":"Dibu Mart\u00ednez: el arquero del momento","link":"https:\/\/candas365.es\/noticias\/dibu-martinez-el-arquero-del-momento\/"}],"_links":{"self":[{"href":"https:\/\/candas365.es\/noticias\/wp-json\/wp\/v2\/posts\/157853","targetHints":{"allow":["GET"]}}],"collection":[{"href":"https:\/\/candas365.es\/noticias\/wp-json\/wp\/v2\/posts"}],"about":[{"href":"https:\/\/candas365.es\/noticias\/wp-json\/wp\/v2\/types\/post"}],"author":[{"embeddable":true,"href":"https:\/\/candas365.es\/noticias\/wp-json\/wp\/v2\/users\/1"}],"replies":[{"embeddable":true,"href":"https:\/\/candas365.es\/noticias\/wp-json\/wp\/v2\/comments?post=157853"}],"version-history":[{"count":0,"href":"https:\/\/candas365.es\/noticias\/wp-json\/wp\/v2\/posts\/157853\/revisions"}],"wp:featuredmedia":[{"embeddable":true,"href":"https:\/\/candas365.es\/noticias\/wp-json\/wp\/v2\/media\/157854"}],"wp:attachment":[{"href":"https:\/\/candas365.es\/noticias\/wp-json\/wp\/v2\/media?parent=157853"}],"wp:term":[{"taxonomy":"category","embeddable":true,"href":"https:\/\/candas365.es\/noticias\/wp-json\/wp\/v2\/categories?post=157853"},{"taxonomy":"post_tag","embeddable":true,"href":"https:\/\/candas365.es\/noticias\/wp-json\/wp\/v2\/tags?post=157853"}],"curies":[{"name":"wp","href":"https:\/\/api.w.org\/{rel}","templated":true}]}}