{"id":157735,"date":"2021-08-28T12:30:57","date_gmt":"2021-08-28T12:30:57","guid":{"rendered":"http:\/\/candas365.es\/noticias\/?p=157735"},"modified":"2021-08-28T12:30:57","modified_gmt":"2021-08-28T12:30:57","slug":"el-futuro-incierto-de-afganistan","status":"publish","type":"post","link":"https:\/\/candas365.es\/noticias\/el-futuro-incierto-de-afganistan\/","title":{"rendered":"El futuro incierto de Afganist\u00e1n"},"content":{"rendered":"<p><img fetchpriority=\"high\" decoding=\"async\" class=\"alignleft size-medium wp-image-35761\" src=\"https:\/\/candas365.es\/noticias\/wp-content\/uploads\/2016\/11\/Estado-Isl\u00e1mico-360x198.jpg\" alt=\"\" width=\"360\" height=\"198\" srcset=\"https:\/\/candas365.es\/noticias\/wp-content\/uploads\/2016\/11\/Estado-Isl\u00e1mico-360x198.jpg 360w, https:\/\/candas365.es\/noticias\/wp-content\/uploads\/2016\/11\/Estado-Isl\u00e1mico-650x357.jpg 650w, https:\/\/candas365.es\/noticias\/wp-content\/uploads\/2016\/11\/Estado-Isl\u00e1mico-150x82.jpg 150w, https:\/\/candas365.es\/noticias\/wp-content\/uploads\/2016\/11\/Estado-Isl\u00e1mico-450x247.jpg 450w, https:\/\/candas365.es\/noticias\/wp-content\/uploads\/2016\/11\/Estado-Isl\u00e1mico.jpg 655w\" sizes=\"(max-width: 360px) 100vw, 360px\" \/>(EP) &#8211; Afganist\u00e1n fue el pa\u00eds que vio nacer Al Qaeda a finales de los a\u00f1os 80, sirvi\u00f3 en dos ocasiones de refugio a su l\u00edder, Usama bin Laden, y a fecha de hoy seguir\u00eda cobijando a su actual &#8216;n\u00famero uno&#8217;, Ayman al Zawahiri. Ahora, bajo el control de los talib\u00e1n, <strong>el pa\u00eds podr\u00eda volver a convertirse de nuevo en un im\u00e1n que atraiga a yihadistas de todo el mundo al amparo de las nuevas autoridades<\/strong>.<\/p>\n<p>Eso es lo que temen muchos <strong>analistas y expertos<\/strong> que recuerdan que, en estos 20 a\u00f1os de guerra contra el terrorismo aunque se ha avanzado mucho y se ha conseguido evitar atentados de la magnitud de los del 11-S, Afganist\u00e1n no dej\u00f3 de ser en ning\u00fan momento refugio seguro para Al Qaeda y tambi\u00e9n para otros grupos extremistas, algunos de ellos de car\u00e1cter regional.<\/p>\n<p>As\u00ed se estima que el grupo terrorista tendr\u00eda actualmente unos 600 hombres en Afganist\u00e1n, <strong>frente a los alrededor de 400 que hab\u00eda antes del 11-S.<\/strong> Aunque la cifra no es grande en un pa\u00eds de m\u00e1s de 38 millones de habitantes, su \u00abrelevancia\u00bb s\u00ed lo es, explica en &#8216;New Yorker&#8217; Bruce Hoffman, experto en terrorismo del Council on Foreign Relations (CFR), ya que son \u00abm\u00e1s cosmopolitas y mejor educados\u00bb, con una mejor formaci\u00f3n para el combate, y han sido claves a la hora de apoyar a los talib\u00e1n en su ofensiva.<\/p>\n<p>Adem\u00e1s de milicianos extranjeros de Al Qaeda, en Afganist\u00e1n tambi\u00e9n est\u00e1n presentes los conocidos como &#8216;foreign fighters&#8217; de otros grupos terroristas como Tehrik-e-Taliban (TTP, los talib\u00e1n paquistan\u00edes) o el Movimiento Isl\u00e1mico de Turkest\u00e1n Este (ETIM, conformado por separatistas uigures de la regi\u00f3n china de Xinjiang), as\u00ed como yihadistas de pa\u00edses vecinos de Asia Central.<\/p>\n<h2>PRESENCIA DE ESTADO ISL\u00c1MICO<\/h2>\n<p>Para todos ellos, un Afganist\u00e1n bajo las riendas de los talib\u00e1n y que siga haciendo la vista gorda sobre sus actividades, es una muy buena noticia. No lo es tanto, sin embargo, para la filial de Estado Isl\u00e1mico en el pa\u00eds, <strong>con la que los talib\u00e1n ya han mantenido enfrentamientos en el pasado y a la que en general los afganos ven con bastante reticencia por ahora<\/strong>.<\/p>\n<p>El grupo terrorista ha restado importancia a la victoria talib\u00e1n, atribuy\u00e9ndola en realidad a la retirada estadounidense y ha puesto en tela de juicio su voluntad de implementar hasta las \u00faltimas consecuencias la &#8216;sharia&#8217;, la ley isl\u00e1mica, ahora que van a volver a gobernar. Estado Isl\u00e1mico Joras\u00e1n (ISKP, por sus siglas en ingl\u00e9s), contar\u00eda con unos 2.500 hombres que, a priori, se convertir\u00e1n ahora en objetivo de los talib\u00e1n.<\/p>\n<p>Por lo pronto, <strong>con el atentado de este jueves en el <span style=\"color: #ff6600;\"><a style=\"color: #ff6600;\" href=\"https:\/\/www.eldigitaldeasturias.com\/noticias\/atentado-junto-al-aeropuerto-de-kabul\/\" target=\"_blank\" rel=\"noopener\">aeropuerto de Kabul<\/a><\/span><\/strong>, que dej\u00f3 m\u00e1s de un centenar de muertos, entre ellos m\u00e1s de una docena de militares estadounidenses, ISKP ha lanzado un mensaje alto y claro de que est\u00e1n dispuestos a no ponerle f\u00e1cil la tarea de gobernar el pa\u00eds a los talib\u00e1n.<\/p>\n<p><strong>\u00abEs preciso tener en cuenta que cuanto mayor caos se genere en Afganist\u00e1n, m\u00e1s oportunidades tendr\u00e1 ISKP para convertirse en un actor relevante\u00bb, advierten Carlos Igualada y Javier Yag\u00fce<\/strong> en un art\u00edculo del Observatorio Internacional de Estudios sobre Terrorismo (OIET). \u00abDado que la situaci\u00f3n actual le sigue siendo desfavorable, buscar\u00e1n por todos los medios generar desconfianza entre la poblaci\u00f3n hacia el nuevo r\u00e9gimen y dinamizar cualquier posible estabilidad\u00bb, subrayan.<\/p>\n<p>La victoria talib\u00e1n, que ya han celebrado algunas de las franquicias de Al Qaeda en todo el mundo, supone un claro espaldarazo para los de Al Zawahiri, tras importantes reveses en los \u00faltimos a\u00f1os, pero tambi\u00e9n ha generado nuevas esperanzas en las filas de otros grupos yihadistas en todo el mundo.<\/p>\n<h2>LA VICTORIA ANIMAR\u00c1 LA LLEGADA DE YIHADISTAS<\/h2>\n<p>\u00abMilicianos de todo el mundo, ya sean islamistas centrados en cuestiones regionales o yihadistas con el foco global, seguramente intentar\u00e1n cruzar las porosas fronteras de Afganist\u00e1n\u00bb, advierte Rita Katz, directora de SITE, un grupo que realiza seguimiento de la actividad terrorista mundial, en declaraciones a &#8216;New Yorker&#8217;.<\/p>\n<p>\u00abCon la retirada estadounidense de Afganist\u00e1n y el triunfo talib\u00e1n, el mundo yihadista logra una victoria de propaganda similar a la que experiment\u00f3 hace m\u00e1s de 30 a\u00f1os\u00bb con la derrota sovi\u00e9tica que ser\u00eda fundamental a la postre para la ca\u00edda de la URSS, coincide Daniel Byman, experto de Brookings Institute, en un art\u00edculo en &#8216;Foreign Affairs&#8217;.<\/p>\n<p>El <strong>retorno de los talib\u00e1n al poder<\/strong> servir\u00e1 para ganar nuevos adeptos a la causa yihadista, como en su d\u00eda ocurri\u00f3 con la proclamaci\u00f3n del &#8216;califato&#8217; en Irak y Siria por parte de Estado Isl\u00e1mico, en un momento en que Estados Unidos y sus aliados no estar\u00e1n presentes en Afganist\u00e1n para poder evitar que en el pa\u00eds proliferen campos de entrenamiento y vuelva a ser el santuario que en su d\u00eda fue. La Inteligencia estadounidense calcula que entre 10.000 y 20.000 reclutas pasaron por estas bases entre 1996 y 2001, durante el anterior gobierno talib\u00e1n.<\/p>\n<p>Estos, por su parte, est\u00e1n inmersos en una campa\u00f1a de propaganda intensiva e intentando ofrecer una imagen de moderaci\u00f3n que les diferencie de los talib\u00e1n de hace dos d\u00e9cadas. En su primera rueda de prensa pocos d\u00edas despu\u00e9s de la toma de Kabul, su portavoz, Zabihul\u00e1 Muyahid, reiter\u00f3 el compromiso alcanzado con Estados Unidos en el acuerdo de febrero de 2020 de que no permitir\u00e1n que el pa\u00eds sirva para preparar atentados o atacar a otros pa\u00edses.<\/p>\n<p>El doble atentado en Kabul, del que tanto Estados Unidos como otros pa\u00edses hab\u00edan alertado horas antes de que se produjera, ha puesto de manifiesto que los talib\u00e1n podr\u00edan no estar preparados para asumir ahora las tareas de lucha antiterrorista, de ah\u00ed el que se tema que puedan producirse nuevos ataques.<\/p>\n<h2>DESCONFIANZA DE LA PALABRA DE LOS TALIB\u00c1N<\/h2>\n<p>En general, pocos conf\u00edan en la palabra de los talib\u00e1n, que pese a sus promesas han mantenido en estos meses de forma inquebrantable sus lazos con Al Qaeda, como constat\u00f3 la ONU en un informe en julio pasado. Aunque su compromiso fuera real, subrayan Tanya Mehra y Julie Coleman en un art\u00edculo publicado por el International Center for Counter-Terrorism (ICCT) de La Haya, podr\u00edan no tener la \u00abcapacidad\u00bb para evitar que combatientes extranjeros se asienten en Afganist\u00e1n.<\/p>\n<p>As\u00ed, ambas expertas inciden en que no est\u00e1 claro si \u00ablos l\u00edderes pol\u00edticos de los talib\u00e1n tienen control efectivo, y pueden hablar en nombre, de los generales y combatientes en el terreno en todo el pa\u00eds\u00bb. Por ejemplo, su &#8216;n\u00famero dos&#8217; y jefe negociador en Doha, el mul\u00e1 Abdul Ghani Baradar, lleva dos d\u00e9cadas fuera del pa\u00eds.<\/p>\n<p>En estas circunstancias, parece haber \u00abuna brecha entre la realidad que muestran los talib\u00e1n a nivel internacional y la interna\u00bb, subrayan, incidiendo en que habr\u00e1 que ver c\u00f3mo evolucionan las eventuales tensiones entre el ala pol\u00edtica y el ala militar del grupo.<\/p>\n<p>En todo caso, a\u00f1aden Mehra y Coleman, aunque los talib\u00e1n no apoyen o faciliten el que Afganist\u00e1n sea usado como santuario terrorista para cometer atentados, el hito que han logrado no ha pasado desapercibido para muchos grupos terroristas a nivel mundial, que ahora les ven como un ejemplo a seguir.<\/p>\n<p>Para grupos con una agenda m\u00e1s local que internacional y de corte m\u00e1s nacionalista en sus objetivos la forma en la que los talib\u00e1n se han hecho con el control de Afganist\u00e1n les inspira y les anima a seguir con su agenda por lo que cabe esperar que haya m\u00e1s atentados, advierten las expertas.<\/p>\n<p>De la misma opini\u00f3n se muestran Igualada y Yag\u00fce, que consideran que \u00abpuede servir de detonante para que otras organizaciones terroristas islamistas sun\u00edes presentes en otros pa\u00edses traten de seguir el mismo ejemplo\u00bb dado que cada vez son m\u00e1s los grupos de este tipo que \u00abaspiran \u00fanicamente a una agenda local con objetivos finales similares a los talib\u00e1n\u00bb. Entre ellos citan por ejemplo a Hayat Tahrir al Sham (HTS), en Siria o a Boko Haram, ahora \u00abdebilitado\u00bb, en Nigeria.<\/p>\n","protected":false},"excerpt":{"rendered":"<p>(EP) &#8211; Afganist\u00e1n fue el pa\u00eds que vio nacer Al Qaeda a finales de los a\u00f1os 80, sirvi\u00f3 en dos ocasiones de refugio a su l\u00edder, Usama bin Laden, y a fecha de hoy seguir\u00eda cobijando a su actual &#8216;n\u00famero uno&#8217;, Ayman al Zawahiri. Ahora, bajo el control de los talib\u00e1n, el pa\u00eds podr\u00eda volver<\/p>\n","protected":false},"author":1,"featured_media":35761,"comment_status":"closed","ping_status":"closed","sticky":false,"template":"","format":"standard","meta":{"footnotes":""},"categories":[343],"tags":[418],"class_list":{"0":"post-157735","1":"post","2":"type-post","3":"status-publish","4":"format-standard","5":"has-post-thumbnail","7":"category-actualidad","8":"tag-internacional"},"aioseo_notices":[],"aioseo_head":"\n\t\t<!-- All in One SEO Pro 4.9.6.2 - aioseo.com -->\n\t<meta name=\"description\" content=\"Afganist\u00e1n fue el pa\u00eds que vio nacer Al Qaeda a finales de los a\u00f1os 80, sirvi\u00f3 en dos ocasiones de refugio a su l\u00edder, Usama bin Laden, y a fecha de hoy ..\" \/>\n\t<meta name=\"robots\" content=\"max-image-preview:large\" \/>\n\t<meta name=\"author\" content=\"Cand\u00e1s 365\"\/>\n\t<meta name=\"google-site-verification\" content=\"UA-32230408-1\" \/>\n\t<meta name=\"msvalidate.01\" content=\"354F3CDFB2DA171B47FBE9ABF1F88D5\" \/>\n\t<meta name=\"keywords\" content=\"actualidad\" \/>\n\t<link rel=\"canonical\" href=\"https:\/\/candas365.es\/noticias\/el-futuro-incierto-de-afganistan\/\" \/>\n\t<meta name=\"generator\" content=\"All in One SEO Pro (AIOSEO) 4.9.6.2\" \/>\n\t\t<meta property=\"og:locale\" content=\"es_ES\" \/>\n\t\t<meta property=\"og:site_name\" content=\"Cand\u00e1s 365\" \/>\n\t\t<meta property=\"og:type\" content=\"article\" \/>\n\t\t<meta property=\"og:title\" content=\"El futuro incierto de Afganist\u00e1n | Cand\u00e1s 365\" \/>\n\t\t<meta property=\"og:description\" content=\"Afganist\u00e1n fue el pa\u00eds que vio nacer Al Qaeda a finales de los a\u00f1os 80, sirvi\u00f3 en dos ocasiones de refugio a su l\u00edder, Usama bin Laden, y a fecha de hoy ..\" \/>\n\t\t<meta property=\"og:url\" content=\"https:\/\/candas365.es\/noticias\/el-futuro-incierto-de-afganistan\/\" \/>\n\t\t<meta property=\"og:image\" content=\"https:\/\/candas365.es\/noticias\/wp-content\/uploads\/2016\/11\/Estado-Isl\u00e1mico.jpg\" \/>\n\t\t<meta property=\"og:image:secure_url\" content=\"https:\/\/candas365.es\/noticias\/wp-content\/uploads\/2016\/11\/Estado-Isl\u00e1mico.jpg\" \/>\n\t\t<meta property=\"og:image:width\" content=\"655\" \/>\n\t\t<meta property=\"og:image:height\" content=\"360\" \/>\n\t\t<meta property=\"article:published_time\" content=\"2021-08-28T12:30:57+00:00\" \/>\n\t\t<meta property=\"article:modified_time\" content=\"2021-08-28T12:30:57+00:00\" \/>\n\t\t<meta property=\"article:publisher\" content=\"https:\/\/www.facebook.com\/Nachofdezber\" \/>\n\t\t<meta property=\"article:author\" content=\"https:\/\/www.facebook.com\/carrenoactualidad\" \/>\n\t\t<meta name=\"twitter:card\" content=\"summary_large_image\" \/>\n\t\t<meta name=\"twitter:site\" content=\"@NabercoDigital\" \/>\n\t\t<meta name=\"twitter:title\" content=\"El futuro incierto de Afganist\u00e1n | Cand\u00e1s 365\" \/>\n\t\t<meta name=\"twitter:description\" content=\"Afganist\u00e1n fue el pa\u00eds que vio nacer Al Qaeda a finales de los a\u00f1os 80, sirvi\u00f3 en dos ocasiones de refugio a su l\u00edder, Usama bin Laden, y a fecha de hoy ..\" \/>\n\t\t<meta name=\"twitter:creator\" content=\"@nbasturias\" \/>\n\t\t<meta name=\"twitter:image\" content=\"https:\/\/candas365.es\/noticias\/wp-content\/uploads\/2016\/11\/Estado-Isl\u00e1mico.jpg\" \/>\n\t\t<meta name=\"twitter:label1\" content=\"Escrito por\" \/>\n\t\t<meta name=\"twitter:data1\" content=\"Cand\u00e1s 365\" \/>\n\t\t<meta name=\"twitter:label2\" content=\"Tiempo de lectura estimado\" \/>\n\t\t<meta name=\"twitter:data2\" content=\"7 minutos\" \/>\n\t\t<script type=\"application\/ld+json\" class=\"aioseo-schema\">\n\t\t\t{\"@context\":\"https:\\\/\\\/schema.org\",\"@graph\":[{\"@type\":\"BreadcrumbList\",\"@id\":\"https:\\\/\\\/candas365.es\\\/noticias\\\/el-futuro-incierto-de-afganistan\\\/#breadcrumblist\",\"itemListElement\":[{\"@type\":\"ListItem\",\"@id\":\"https:\\\/\\\/candas365.es\\\/noticias#listItem\",\"position\":1,\"name\":\"Home\",\"item\":\"https:\\\/\\\/candas365.es\\\/noticias\",\"nextItem\":{\"@type\":\"ListItem\",\"@id\":\"https:\\\/\\\/candas365.es\\\/noticias\\\/category\\\/actualidad\\\/#listItem\",\"name\":\"Actualidad\"}},{\"@type\":\"ListItem\",\"@id\":\"https:\\\/\\\/candas365.es\\\/noticias\\\/category\\\/actualidad\\\/#listItem\",\"position\":2,\"name\":\"Actualidad\",\"item\":\"https:\\\/\\\/candas365.es\\\/noticias\\\/category\\\/actualidad\\\/\",\"nextItem\":{\"@type\":\"ListItem\",\"@id\":\"https:\\\/\\\/candas365.es\\\/noticias\\\/el-futuro-incierto-de-afganistan\\\/#listItem\",\"name\":\"El futuro incierto de Afganist\\u00e1n\"},\"previousItem\":{\"@type\":\"ListItem\",\"@id\":\"https:\\\/\\\/candas365.es\\\/noticias#listItem\",\"name\":\"Home\"}},{\"@type\":\"ListItem\",\"@id\":\"https:\\\/\\\/candas365.es\\\/noticias\\\/el-futuro-incierto-de-afganistan\\\/#listItem\",\"position\":3,\"name\":\"El futuro incierto de Afganist\\u00e1n\",\"previousItem\":{\"@type\":\"ListItem\",\"@id\":\"https:\\\/\\\/candas365.es\\\/noticias\\\/category\\\/actualidad\\\/#listItem\",\"name\":\"Actualidad\"}}]},{\"@type\":\"NewsArticle\",\"@id\":\"https:\\\/\\\/candas365.es\\\/noticias\\\/el-futuro-incierto-de-afganistan\\\/#newsarticle\",\"name\":\"El futuro incierto de Afganist\\u00e1n | Cand\\u00e1s 365\",\"headline\":\"El futuro incierto de Afganist\\u00e1n\",\"author\":{\"@id\":\"https:\\\/\\\/candas365.es\\\/noticias\\\/author\\\/admin\\\/#author\"},\"publisher\":{\"@id\":\"https:\\\/\\\/candas365.es\\\/noticias\\\/#organization\"},\"image\":{\"@type\":\"ImageObject\",\"url\":\"https:\\\/\\\/candas365.es\\\/noticias\\\/wp-content\\\/uploads\\\/2016\\\/11\\\/Estado-Isl\\u00e1mico.jpg\",\"width\":655,\"height\":360},\"datePublished\":\"2021-08-28T12:30:57+02:00\",\"dateModified\":\"2021-08-28T12:30:57+02:00\",\"inLanguage\":\"es-ES\",\"mainEntityOfPage\":{\"@id\":\"https:\\\/\\\/candas365.es\\\/noticias\\\/el-futuro-incierto-de-afganistan\\\/#webpage\"},\"isPartOf\":{\"@id\":\"https:\\\/\\\/candas365.es\\\/noticias\\\/el-futuro-incierto-de-afganistan\\\/#webpage\"},\"articleSection\":\"Actualidad, Internacional\",\"dateline\":\"Publicado el agosto 28, 2021.\"},{\"@type\":\"Organization\",\"@id\":\"https:\\\/\\\/candas365.es\\\/noticias\\\/#organization\",\"name\":\"Cand\\u00e1s 365\",\"description\":\"Cand\\u00e1s 365 es un diario digital independiente, fundado en 2012, con base en Asturias. Informamos con rigor sobre actualidad, sociedad, cultura y ocio, con una mirada local y global.\",\"url\":\"https:\\\/\\\/candas365.es\\\/noticias\\\/\",\"email\":\"info@candas365.es\",\"telephone\":\"+34652131393\",\"foundingDate\":\"2012-06-10\",\"logo\":{\"@type\":\"ImageObject\",\"url\":\"https:\\\/\\\/candas365.es\\\/noticias\\\/wp-content\\\/uploads\\\/2024\\\/09\\\/Candas-365-Redes.jpg\",\"@id\":\"https:\\\/\\\/candas365.es\\\/noticias\\\/el-futuro-incierto-de-afganistan\\\/#organizationLogo\",\"width\":1152,\"height\":864,\"caption\":\"Cand\\u00e1s 365 Redes\"},\"image\":{\"@id\":\"https:\\\/\\\/candas365.es\\\/noticias\\\/el-futuro-incierto-de-afganistan\\\/#organizationLogo\"},\"sameAs\":[\"https:\\\/\\\/www.facebook.com\\\/Nachofdezber\",\"https:\\\/\\\/x.com\\\/NabercoDigital\",\"https:\\\/\\\/www.instagram.com\\\/nachofdezber\\\/\",\"https:\\\/\\\/www.youtube.com\\\/channel\\\/UCZP-2wLEB9Rv6erhFmqVnvg\"],\"address\":{\"@id\":\"https:\\\/\\\/candas365.es\\\/noticias\\\/#postaladdress\",\"@type\":\"PostalAddress\",\"streetAddress\":\"san antonio 4, san antonio 4\",\"postalCode\":\"33430\",\"addressLocality\":\"Cand\\u00e1s\",\"addressRegion\":\"Asturias\",\"addressCountry\":\"ES\"}},{\"@type\":\"Person\",\"@id\":\"https:\\\/\\\/candas365.es\\\/noticias\\\/author\\\/admin\\\/#author\",\"url\":\"https:\\\/\\\/candas365.es\\\/noticias\\\/author\\\/admin\\\/\",\"name\":\"Cand\\u00e1s 365\",\"image\":{\"@type\":\"ImageObject\",\"@id\":\"https:\\\/\\\/candas365.es\\\/noticias\\\/el-futuro-incierto-de-afganistan\\\/#authorImage\",\"url\":\"https:\\\/\\\/secure.gravatar.com\\\/avatar\\\/496a8e03d0c493ede1718b7934145dbdf8d89be1036b0eec9544e1094c9de390?s=96&d=mm&r=g\",\"width\":96,\"height\":96,\"caption\":\"Cand\\u00e1s 365\"},\"sameAs\":[\"https:\\\/\\\/www.facebook.com\\\/carrenoactualidad\",\"https:\\\/\\\/twitter.com\\\/nbasturias\",\"https:\\\/\\\/www.instagram.com\\\/nachofdezber\\\/\",\"https:\\\/\\\/www.youtube.com\\\/channel\\\/UCZP-2wLEB9Rv6erhFmqVnvg\"]},{\"@type\":\"WebPage\",\"@id\":\"https:\\\/\\\/candas365.es\\\/noticias\\\/el-futuro-incierto-de-afganistan\\\/#webpage\",\"url\":\"https:\\\/\\\/candas365.es\\\/noticias\\\/el-futuro-incierto-de-afganistan\\\/\",\"name\":\"El futuro incierto de Afganist\\u00e1n | Cand\\u00e1s 365\",\"description\":\"Afganist\\u00e1n fue el pa\\u00eds que vio nacer Al Qaeda a finales de los a\\u00f1os 80, sirvi\\u00f3 en dos ocasiones de refugio a su l\\u00edder, Usama bin Laden, y a fecha de hoy ..\",\"inLanguage\":\"es-ES\",\"isPartOf\":{\"@id\":\"https:\\\/\\\/candas365.es\\\/noticias\\\/#website\"},\"breadcrumb\":{\"@id\":\"https:\\\/\\\/candas365.es\\\/noticias\\\/el-futuro-incierto-de-afganistan\\\/#breadcrumblist\"},\"author\":{\"@id\":\"https:\\\/\\\/candas365.es\\\/noticias\\\/author\\\/admin\\\/#author\"},\"creator\":{\"@id\":\"https:\\\/\\\/candas365.es\\\/noticias\\\/author\\\/admin\\\/#author\"},\"image\":{\"@type\":\"ImageObject\",\"url\":\"https:\\\/\\\/candas365.es\\\/noticias\\\/wp-content\\\/uploads\\\/2016\\\/11\\\/Estado-Isl\\u00e1mico.jpg\",\"@id\":\"https:\\\/\\\/candas365.es\\\/noticias\\\/el-futuro-incierto-de-afganistan\\\/#mainImage\",\"width\":655,\"height\":360},\"primaryImageOfPage\":{\"@id\":\"https:\\\/\\\/candas365.es\\\/noticias\\\/el-futuro-incierto-de-afganistan\\\/#mainImage\"},\"datePublished\":\"2021-08-28T12:30:57+02:00\",\"dateModified\":\"2021-08-28T12:30:57+02:00\"},{\"@type\":\"WebSite\",\"@id\":\"https:\\\/\\\/candas365.es\\\/noticias\\\/#website\",\"url\":\"https:\\\/\\\/candas365.es\\\/noticias\\\/\",\"name\":\"Cand\\u00e1s 365\",\"alternateName\":\"Cand\\u00e1s 365 Noticias\",\"description\":\"Actualidad desde Carre\\u00f1o para el mundo\",\"inLanguage\":\"es-ES\",\"publisher\":{\"@id\":\"https:\\\/\\\/candas365.es\\\/noticias\\\/#organization\"}}]}\n\t\t<\/script>\n\t\t<!-- All in One SEO Pro -->\r\n\t\t<title>El futuro incierto de Afganist\u00e1n | Cand\u00e1s 365<\/title>\n\n","aioseo_head_json":{"title":"El futuro incierto de Afganist\u00e1n | Cand\u00e1s 365","description":"Afganist\u00e1n fue el pa\u00eds que vio nacer Al Qaeda a finales de los a\u00f1os 80, sirvi\u00f3 en dos ocasiones de refugio a su l\u00edder, Usama bin Laden, y a fecha de hoy ..","canonical_url":"https:\/\/candas365.es\/noticias\/el-futuro-incierto-de-afganistan\/","robots":"max-image-preview:large","keywords":"actualidad","webmasterTools":{"google-site-verification":"UA-32230408-1","msvalidate.01":"354F3CDFB2DA171B47FBE9ABF1F88D5","miscellaneous":""},"schema":{"@context":"https:\/\/schema.org","@graph":[{"@type":"BreadcrumbList","@id":"https:\/\/candas365.es\/noticias\/el-futuro-incierto-de-afganistan\/#breadcrumblist","itemListElement":[{"@type":"ListItem","@id":"https:\/\/candas365.es\/noticias#listItem","position":1,"name":"Home","item":"https:\/\/candas365.es\/noticias","nextItem":{"@type":"ListItem","@id":"https:\/\/candas365.es\/noticias\/category\/actualidad\/#listItem","name":"Actualidad"}},{"@type":"ListItem","@id":"https:\/\/candas365.es\/noticias\/category\/actualidad\/#listItem","position":2,"name":"Actualidad","item":"https:\/\/candas365.es\/noticias\/category\/actualidad\/","nextItem":{"@type":"ListItem","@id":"https:\/\/candas365.es\/noticias\/el-futuro-incierto-de-afganistan\/#listItem","name":"El futuro incierto de Afganist\u00e1n"},"previousItem":{"@type":"ListItem","@id":"https:\/\/candas365.es\/noticias#listItem","name":"Home"}},{"@type":"ListItem","@id":"https:\/\/candas365.es\/noticias\/el-futuro-incierto-de-afganistan\/#listItem","position":3,"name":"El futuro incierto de Afganist\u00e1n","previousItem":{"@type":"ListItem","@id":"https:\/\/candas365.es\/noticias\/category\/actualidad\/#listItem","name":"Actualidad"}}]},{"@type":"NewsArticle","@id":"https:\/\/candas365.es\/noticias\/el-futuro-incierto-de-afganistan\/#newsarticle","name":"El futuro incierto de Afganist\u00e1n | Cand\u00e1s 365","headline":"El futuro incierto de Afganist\u00e1n","author":{"@id":"https:\/\/candas365.es\/noticias\/author\/admin\/#author"},"publisher":{"@id":"https:\/\/candas365.es\/noticias\/#organization"},"image":{"@type":"ImageObject","url":"https:\/\/candas365.es\/noticias\/wp-content\/uploads\/2016\/11\/Estado-Isl\u00e1mico.jpg","width":655,"height":360},"datePublished":"2021-08-28T12:30:57+02:00","dateModified":"2021-08-28T12:30:57+02:00","inLanguage":"es-ES","mainEntityOfPage":{"@id":"https:\/\/candas365.es\/noticias\/el-futuro-incierto-de-afganistan\/#webpage"},"isPartOf":{"@id":"https:\/\/candas365.es\/noticias\/el-futuro-incierto-de-afganistan\/#webpage"},"articleSection":"Actualidad, Internacional","dateline":"Publicado el agosto 28, 2021."},{"@type":"Organization","@id":"https:\/\/candas365.es\/noticias\/#organization","name":"Cand\u00e1s 365","description":"Cand\u00e1s 365 es un diario digital independiente, fundado en 2012, con base en Asturias. Informamos con rigor sobre actualidad, sociedad, cultura y ocio, con una mirada local y global.","url":"https:\/\/candas365.es\/noticias\/","email":"info@candas365.es","telephone":"+34652131393","foundingDate":"2012-06-10","logo":{"@type":"ImageObject","url":"https:\/\/candas365.es\/noticias\/wp-content\/uploads\/2024\/09\/Candas-365-Redes.jpg","@id":"https:\/\/candas365.es\/noticias\/el-futuro-incierto-de-afganistan\/#organizationLogo","width":1152,"height":864,"caption":"Cand\u00e1s 365 Redes"},"image":{"@id":"https:\/\/candas365.es\/noticias\/el-futuro-incierto-de-afganistan\/#organizationLogo"},"sameAs":["https:\/\/www.facebook.com\/Nachofdezber","https:\/\/x.com\/NabercoDigital","https:\/\/www.instagram.com\/nachofdezber\/","https:\/\/www.youtube.com\/channel\/UCZP-2wLEB9Rv6erhFmqVnvg"],"address":{"@id":"https:\/\/candas365.es\/noticias\/#postaladdress","@type":"PostalAddress","streetAddress":"san antonio 4, san antonio 4","postalCode":"33430","addressLocality":"Cand\u00e1s","addressRegion":"Asturias","addressCountry":"ES"}},{"@type":"Person","@id":"https:\/\/candas365.es\/noticias\/author\/admin\/#author","url":"https:\/\/candas365.es\/noticias\/author\/admin\/","name":"Cand\u00e1s 365","image":{"@type":"ImageObject","@id":"https:\/\/candas365.es\/noticias\/el-futuro-incierto-de-afganistan\/#authorImage","url":"https:\/\/secure.gravatar.com\/avatar\/496a8e03d0c493ede1718b7934145dbdf8d89be1036b0eec9544e1094c9de390?s=96&d=mm&r=g","width":96,"height":96,"caption":"Cand\u00e1s 365"},"sameAs":["https:\/\/www.facebook.com\/carrenoactualidad","https:\/\/twitter.com\/nbasturias","https:\/\/www.instagram.com\/nachofdezber\/","https:\/\/www.youtube.com\/channel\/UCZP-2wLEB9Rv6erhFmqVnvg"]},{"@type":"WebPage","@id":"https:\/\/candas365.es\/noticias\/el-futuro-incierto-de-afganistan\/#webpage","url":"https:\/\/candas365.es\/noticias\/el-futuro-incierto-de-afganistan\/","name":"El futuro incierto de Afganist\u00e1n | Cand\u00e1s 365","description":"Afganist\u00e1n fue el pa\u00eds que vio nacer Al Qaeda a finales de los a\u00f1os 80, sirvi\u00f3 en dos ocasiones de refugio a su l\u00edder, Usama bin Laden, y a fecha de hoy ..","inLanguage":"es-ES","isPartOf":{"@id":"https:\/\/candas365.es\/noticias\/#website"},"breadcrumb":{"@id":"https:\/\/candas365.es\/noticias\/el-futuro-incierto-de-afganistan\/#breadcrumblist"},"author":{"@id":"https:\/\/candas365.es\/noticias\/author\/admin\/#author"},"creator":{"@id":"https:\/\/candas365.es\/noticias\/author\/admin\/#author"},"image":{"@type":"ImageObject","url":"https:\/\/candas365.es\/noticias\/wp-content\/uploads\/2016\/11\/Estado-Isl\u00e1mico.jpg","@id":"https:\/\/candas365.es\/noticias\/el-futuro-incierto-de-afganistan\/#mainImage","width":655,"height":360},"primaryImageOfPage":{"@id":"https:\/\/candas365.es\/noticias\/el-futuro-incierto-de-afganistan\/#mainImage"},"datePublished":"2021-08-28T12:30:57+02:00","dateModified":"2021-08-28T12:30:57+02:00"},{"@type":"WebSite","@id":"https:\/\/candas365.es\/noticias\/#website","url":"https:\/\/candas365.es\/noticias\/","name":"Cand\u00e1s 365","alternateName":"Cand\u00e1s 365 Noticias","description":"Actualidad desde Carre\u00f1o para el mundo","inLanguage":"es-ES","publisher":{"@id":"https:\/\/candas365.es\/noticias\/#organization"}}]},"og:locale":"es_ES","og:site_name":"Cand\u00e1s 365","og:type":"article","og:title":"El futuro incierto de Afganist\u00e1n | Cand\u00e1s 365","og:description":"Afganist\u00e1n fue el pa\u00eds que vio nacer Al Qaeda a finales de los a\u00f1os 80, sirvi\u00f3 en dos ocasiones de refugio a su l\u00edder, Usama bin Laden, y a fecha de hoy ..","og:url":"https:\/\/candas365.es\/noticias\/el-futuro-incierto-de-afganistan\/","og:image":"https:\/\/candas365.es\/noticias\/wp-content\/uploads\/2016\/11\/Estado-Isl\u00e1mico.jpg","og:image:secure_url":"https:\/\/candas365.es\/noticias\/wp-content\/uploads\/2016\/11\/Estado-Isl\u00e1mico.jpg","og:image:width":655,"og:image:height":360,"article:published_time":"2021-08-28T12:30:57+00:00","article:modified_time":"2021-08-28T12:30:57+00:00","article:publisher":"https:\/\/www.facebook.com\/Nachofdezber","article:author":"https:\/\/www.facebook.com\/carrenoactualidad","twitter:card":"summary_large_image","twitter:site":"@NabercoDigital","twitter:title":"El futuro incierto de Afganist\u00e1n | Cand\u00e1s 365","twitter:description":"Afganist\u00e1n fue el pa\u00eds que vio nacer Al Qaeda a finales de los a\u00f1os 80, sirvi\u00f3 en dos ocasiones de refugio a su l\u00edder, Usama bin Laden, y a fecha de hoy ..","twitter:creator":"@nbasturias","twitter:image":"https:\/\/candas365.es\/noticias\/wp-content\/uploads\/2016\/11\/Estado-Isl\u00e1mico.jpg","twitter:label1":"Escrito por","twitter:data1":"Cand\u00e1s 365","twitter:label2":"Tiempo de lectura estimado","twitter:data2":"7 minutos"},"aioseo_meta_data":{"post_id":"157735","title":null,"description":"Afganist\u00e1n fue el pa\u00eds que vio nacer Al Qaeda a finales de los a\u00f1os 80, sirvi\u00f3 en dos ocasiones de refugio a su l\u00edder, Usama bin Laden, y a fecha de hoy ..","keywords":[],"keyphrases":{"focus":{"keyphrase":"Afganist\u00e1n","score":73,"analysis":{"keyphraseInTitle":{"title":"Frase clave objetivo en el t\u00edtulo SEO","description":"Frase clave objetivo encontrada en el t\u00edtulo SEO.","score":9,"maxScore":9,"error":0},"keyphraseInDescription":{"title":"Frase clave objetivo en la meta descripci\u00f3n","description":"Frase clave objetivo encontrada en la meta descripci\u00f3n.","score":9,"maxScore":9,"error":0},"keyphraseInURL":{"title":"Frase clave objetivo en la URL","description":"Frase clave objetivo no encontrada en la URL.","score":1,"maxScore":5,"error":1},"keyphraseLength":{"title":"Longitud de la Frase clave objetivo","description":"\u00a1Buen trabajo!","score":9,"maxScore":9,"error":0,"length":1},"keyphraseInIntroduction":{"title":"Frase clave objetivo en la introducci\u00f3n","description":"Su Frase clave objetivo aparece en el primer p\u00e1rrafo. \u00a1Bien hecho!","score":9,"maxScore":9,"error":0},"keyphraseInSubHeadings":{"title":"Frase clave objetivo sus subt\u00edtulos","description":"Use your focus keyphrase more in your H2 and H3 subheadings.","score":3,"maxScore":9,"error":1},"keyphraseInImageAlt":{"title":"Frase clave objetivo en los atributos alt de la imagen.","description":"Frase clave objetivo no se encuentra en los atributos alt de la imagen. A\u00f1ada una imagen con su Frase clave objetivo como texto alternativo.","score":3,"maxScore":9,"error":1}}},"additional":[{"keyphrase":" Al Qaeda","score":100,"analysis":{"keyphraseInDescription":{"title":"Frase clave en la meta descripci\u00f3n","description":"Frase clave encontrada en la meta descripci\u00f3n.","score":9,"maxScore":9,"error":0},"keyphraseLength":{"title":"Longitud de la Frase clave","description":"\u00a1Buen trabajo!","score":9,"maxScore":9,"error":0,"length":2},"keyphraseInIntroduction":{"title":"Frase clave en la introducci\u00f3n","description":"Su Frase clave aparece en el primer p\u00e1rrafo. \u00a1Bien hecho!","score":9,"maxScore":9,"error":0},"keyphraseInImageAlt":{"title":"Frase clave en los atributos alt de la imagen.","description":"Frase clave encontrada en los atributos alt de la(s) imagen(es).","score":9,"maxScore":9,"error":0}}},{"keyphrase":"refugio","score":83,"analysis":{"keyphraseInDescription":{"title":"Frase clave en la meta descripci\u00f3n","description":"Frase clave encontrada en la meta descripci\u00f3n.","score":9,"maxScore":9,"error":0},"keyphraseLength":{"title":"Longitud de la Frase clave","description":"\u00a1Buen trabajo!","score":9,"maxScore":9,"error":0,"length":1},"keyphraseInIntroduction":{"title":"Frase clave en la introducci\u00f3n","description":"Su Frase clave aparece en el primer p\u00e1rrafo. \u00a1Bien hecho!","score":9,"maxScore":9,"error":0},"keyphraseInImageAlt":{"title":"Frase clave en los atributos alt de la imagen.","description":"Frase clave no se encuentra en los atributos alt de la imagen. A\u00f1ada una imagen con su Frase clave como texto alternativo.","score":3,"maxScore":9,"error":1}}}]},"primary_term":null,"canonical_url":null,"og_title":null,"og_description":null,"og_object_type":"default","og_image_type":"default","og_image_url":null,"og_image_width":null,"og_image_height":null,"og_image_custom_url":null,"og_image_custom_fields":null,"og_video":"","og_custom_url":null,"og_article_section":null,"og_article_tags":[],"twitter_use_og":false,"twitter_card":"default","twitter_image_type":"default","twitter_image_url":null,"twitter_image_custom_url":null,"twitter_image_custom_fields":null,"twitter_title":null,"twitter_description":null,"schema":{"blockGraphs":[],"customGraphs":[],"default":{"data":{"Article":[],"Course":[],"Dataset":[],"FAQPage":[],"Movie":[],"Person":[],"Product":[],"ProductReview":[],"Car":[],"Recipe":[],"Service":[],"SoftwareApplication":[],"WebPage":[]},"graphName":"","isEnabled":true},"graphs":[]},"schema_type":"default","schema_type_options":"{\"article\":{\"articleType\":\"BlogPosting\"},\"course\":{\"name\":\"\",\"description\":\"\",\"provider\":\"\"},\"faq\":{\"pages\":[]},\"product\":{\"reviews\":[]},\"recipe\":{\"ingredients\":[],\"instructions\":[],\"keywords\":[]},\"software\":{\"reviews\":[],\"operatingSystems\":[]},\"webPage\":{\"webPageType\":\"WebPage\"}}","pillar_content":false,"robots_default":true,"robots_noindex":false,"robots_noarchive":false,"robots_nosnippet":false,"robots_nofollow":false,"robots_noimageindex":false,"robots_noodp":false,"robots_notranslate":false,"robots_max_snippet":"-1","robots_max_videopreview":"-1","robots_max_imagepreview":"large","priority":null,"frequency":"default","location":null,"local_seo":{"locations":{"business":{"name":"","businessType":"","image":"","areaServed":"","urls":{"website":"","aboutPage":"","contactPage":""},"address":{"streetLine1":"","streetLine2":"","zipCode":"","city":"","state":"","country":"","addressFormat":"#streetLineOne\n#streetLineTwo\n#city, #state #zipCode"},"contact":{"email":"","phone":"","phoneFormatted":"","fax":"","faxFormatted":""},"ids":{"vat":"","tax":"","chamberOfCommerce":""},"payment":{"priceRange":"","currenciesAccepted":"","methods":""}}},"openingHours":{"useDefaults":true,"show":true,"alwaysOpen":false,"use24hFormat":false,"timezone":"","labels":{"closed":"","alwaysOpen":""},"days":{"monday":{"open24h":false,"closed":false,"openTime":"09:00","closeTime":"17:00"},"tuesday":{"open24h":false,"closed":false,"openTime":"09:00","closeTime":"17:00"},"wednesday":{"open24h":false,"closed":false,"openTime":"09:00","closeTime":"17:00"},"thursday":{"open24h":false,"closed":false,"openTime":"09:00","closeTime":"17:00"},"friday":{"open24h":false,"closed":false,"openTime":"09:00","closeTime":"17:00"},"saturday":{"open24h":false,"closed":false,"openTime":"09:00","closeTime":"17:00"},"sunday":{"open24h":false,"closed":false,"openTime":"09:00","closeTime":"17:00"}}}},"seo_analyzer_scan_date":"2025-09-01 01:14:46","breadcrumb_settings":null,"limit_modified_date":false,"reviewed_by":null,"open_ai":null,"ai":null,"created":"2021-08-28 12:26:31","updated":"2025-09-01 01:14:46"},"aioseo_breadcrumb":"<div class=\"aioseo-breadcrumbs\"><span class=\"aioseo-breadcrumb\">\n\t<a href=\"https:\/\/candas365.es\/noticias\" title=\"Home\">Home<\/a>\n<\/span><span class=\"aioseo-breadcrumb-separator\">&ndash;<\/span><span class=\"aioseo-breadcrumb\">\n\t<a href=\"https:\/\/candas365.es\/noticias\/category\/actualidad\/\" title=\"Actualidad\">Actualidad<\/a>\n<\/span><span class=\"aioseo-breadcrumb-separator\">&ndash;<\/span><span class=\"aioseo-breadcrumb\">\n\tEl futuro incierto de Afganist\u00e1n\n<\/span><\/div>","aioseo_breadcrumb_json":[{"label":"Home","link":"https:\/\/candas365.es\/noticias"},{"label":"Actualidad","link":"https:\/\/candas365.es\/noticias\/category\/actualidad\/"},{"label":"El futuro incierto de Afganist\u00e1n","link":"https:\/\/candas365.es\/noticias\/el-futuro-incierto-de-afganistan\/"}],"_links":{"self":[{"href":"https:\/\/candas365.es\/noticias\/wp-json\/wp\/v2\/posts\/157735","targetHints":{"allow":["GET"]}}],"collection":[{"href":"https:\/\/candas365.es\/noticias\/wp-json\/wp\/v2\/posts"}],"about":[{"href":"https:\/\/candas365.es\/noticias\/wp-json\/wp\/v2\/types\/post"}],"author":[{"embeddable":true,"href":"https:\/\/candas365.es\/noticias\/wp-json\/wp\/v2\/users\/1"}],"replies":[{"embeddable":true,"href":"https:\/\/candas365.es\/noticias\/wp-json\/wp\/v2\/comments?post=157735"}],"version-history":[{"count":0,"href":"https:\/\/candas365.es\/noticias\/wp-json\/wp\/v2\/posts\/157735\/revisions"}],"wp:featuredmedia":[{"embeddable":true,"href":"https:\/\/candas365.es\/noticias\/wp-json\/wp\/v2\/media\/35761"}],"wp:attachment":[{"href":"https:\/\/candas365.es\/noticias\/wp-json\/wp\/v2\/media?parent=157735"}],"wp:term":[{"taxonomy":"category","embeddable":true,"href":"https:\/\/candas365.es\/noticias\/wp-json\/wp\/v2\/categories?post=157735"},{"taxonomy":"post_tag","embeddable":true,"href":"https:\/\/candas365.es\/noticias\/wp-json\/wp\/v2\/tags?post=157735"}],"curies":[{"name":"wp","href":"https:\/\/api.w.org\/{rel}","templated":true}]}}