{"id":157650,"date":"2021-08-26T12:14:11","date_gmt":"2021-08-26T12:14:11","guid":{"rendered":"http:\/\/candas365.es\/noticias\/?p=157650"},"modified":"2021-08-26T12:14:11","modified_gmt":"2021-08-26T12:14:11","slug":"el-tiempo-jueves-26-de-agosto-2021","status":"publish","type":"post","link":"https:\/\/candas365.es\/noticias\/el-tiempo-jueves-26-de-agosto-2021\/","title":{"rendered":"El tiempo, jueves 26 de agosto 2021"},"content":{"rendered":"<p><img fetchpriority=\"high\" decoding=\"async\" class=\"alignleft size-medium wp-image-234\" src=\"https:\/\/candas365.es\/noticias\/wp-content\/uploads\/2014\/09\/playacandas-360x239.jpg\" alt=\"\" width=\"360\" height=\"239\" srcset=\"https:\/\/candas365.es\/noticias\/wp-content\/uploads\/2014\/09\/playacandas-360x239.jpg 360w, https:\/\/candas365.es\/noticias\/wp-content\/uploads\/2014\/09\/playacandas-150x100.jpg 150w, https:\/\/candas365.es\/noticias\/wp-content\/uploads\/2014\/09\/playacandas-450x299.jpg 450w, https:\/\/candas365.es\/noticias\/wp-content\/uploads\/2014\/09\/playacandas-84x55.jpg 84w, https:\/\/candas365.es\/noticias\/wp-content\/uploads\/2014\/09\/playacandas.jpg 628w\" sizes=\"(max-width: 360px) 100vw, 360px\" \/>Hoy jueves, en la mayor parte del pa\u00eds se espera un tiempo anticicl\u00f3nico, seco y soleado, predominando los cielos poco nubosos o despejados en la primera mitad del d\u00eda, aunque con<strong> nubes bajas matinales en el litoral e interior norte de Galicia, oeste de Asturias<\/strong>, litoral de Albor\u00e1n y norte de Canarias. No se descartan por la ma\u00f1ana algunas precipitaciones, d\u00e9biles y dispersas en el \u00e1rea del Estrecho y Melilla o chubascos en Extremadura. A lo largo del d\u00eda se formar\u00e1 nubosidad de evoluci\u00f3n diurna en amplias zonas del interior y Baleares, que por la tarde podr\u00edan originar algunos chubascos y tormentas dispersas y ocasionales en la mitad norte peninsular, resto del sistema Ib\u00e9rico y montes de Toledo, m\u00e1s probables en zonas de monta\u00f1a, y sin descartar alg\u00fan chubasco aislado en Mallorca. En general, ser\u00e1n menos intensos y frecuentes que el d\u00eda anterior, aunque podr\u00e1n ser localmente fuertes en la Ib\u00e9rica oriental y en \u00e1reas del interior del noroeste.<\/p>\n<p>Nubes bajas y brumas matinales en el centro este peninsular, Estrecho y nieblas costeras en el oeste y noroeste de Galicia. <strong>Posibilidad de polvo en suspensi\u00f3n en Melilla, por lo que algunas precipitaciones ir\u00e1n acompa\u00f1adas de barro<\/strong>.<\/p>\n<p>Las temperaturas diurnas aumentar\u00e1n en el Cant\u00e1brico y en los tercios este y sur peninsulares, mientras que descender\u00e1n en la Meseta y Galicia. las nocturnas subir\u00e1n en el tercio noroeste. <strong>Pocos cambios en el resto. Podr\u00edan alcanzarse los 34 grados, localmente, en el Guadalquivir, seg\u00fan informa AEMET<\/strong><\/p>\n<p>Vientos de componente este en el litoral norte de Galicia, Estrecho, Melilla y litoral sudeste peninsular. Alisios en Canarias. Predominio de vientos flojos en el resto.<\/p>\n","protected":false},"excerpt":{"rendered":"<p>Hoy jueves, en la mayor parte del pa\u00eds se espera un tiempo anticicl\u00f3nico, seco y soleado, predominando los cielos poco nubosos o despejados en la primera mitad del d\u00eda, aunque con nubes bajas matinales en el litoral e interior norte de Galicia, oeste de Asturias, litoral de Albor\u00e1n y norte de Canarias. No se descartan<\/p>\n","protected":false},"author":1,"featured_media":149471,"comment_status":"closed","ping_status":"closed","sticky":false,"template":"","format":"standard","meta":{"footnotes":""},"categories":[358],"tags":[429],"class_list":{"0":"post-157650","1":"post","2":"type-post","3":"status-publish","4":"format-standard","5":"has-post-thumbnail","7":"category-el-tiempo","8":"tag-el-tiempo"},"aioseo_notices":[],"aioseo_head":"\n\t\t<!-- All in One SEO Pro 4.9.6.2 - aioseo.com -->\n\t<meta name=\"description\" content=\"Hoy jueves, en la mayor parte del pa\u00eds se espera un tiempo anticicl\u00f3nico, seco y soleado, predominando los cielos poco nubosos o despejados\" \/>\n\t<meta name=\"robots\" content=\"max-image-preview:large\" \/>\n\t<meta name=\"author\" content=\"Cand\u00e1s 365\"\/>\n\t<meta name=\"google-site-verification\" content=\"UA-32230408-1\" \/>\n\t<meta name=\"msvalidate.01\" content=\"354F3CDFB2DA171B47FBE9ABF1F88D5\" \/>\n\t<meta name=\"keywords\" content=\"el tiempo\" \/>\n\t<link rel=\"canonical\" href=\"https:\/\/candas365.es\/noticias\/el-tiempo-jueves-26-de-agosto-2021\/\" \/>\n\t<meta name=\"generator\" content=\"All in One SEO Pro (AIOSEO) 4.9.6.2\" \/>\n\t\t<meta property=\"og:locale\" content=\"es_ES\" \/>\n\t\t<meta property=\"og:site_name\" content=\"Cand\u00e1s 365\" \/>\n\t\t<meta property=\"og:type\" content=\"article\" \/>\n\t\t<meta property=\"og:title\" content=\"El tiempo, jueves 26 de agosto 2021 | Cand\u00e1s 365\" \/>\n\t\t<meta property=\"og:description\" content=\"Hoy jueves, en la mayor parte del pa\u00eds se espera un tiempo anticicl\u00f3nico, seco y soleado, predominando los cielos poco nubosos o despejados\" \/>\n\t\t<meta property=\"og:url\" content=\"https:\/\/candas365.es\/noticias\/el-tiempo-jueves-26-de-agosto-2021\/\" \/>\n\t\t<meta property=\"og:image\" content=\"https:\/\/candas365.es\/noticias\/wp-content\/uploads\/2020\/12\/Perlora.jpg\" \/>\n\t\t<meta property=\"og:image:secure_url\" content=\"https:\/\/candas365.es\/noticias\/wp-content\/uploads\/2020\/12\/Perlora.jpg\" \/>\n\t\t<meta property=\"og:image:width\" content=\"497\" \/>\n\t\t<meta property=\"og:image:height\" content=\"613\" \/>\n\t\t<meta property=\"article:published_time\" content=\"2021-08-26T12:14:11+00:00\" \/>\n\t\t<meta property=\"article:modified_time\" content=\"2021-08-26T12:14:11+00:00\" \/>\n\t\t<meta property=\"article:publisher\" content=\"https:\/\/www.facebook.com\/Nachofdezber\" \/>\n\t\t<meta property=\"article:author\" content=\"https:\/\/www.facebook.com\/carrenoactualidad\" \/>\n\t\t<meta name=\"twitter:card\" content=\"summary_large_image\" \/>\n\t\t<meta name=\"twitter:site\" content=\"@NabercoDigital\" \/>\n\t\t<meta name=\"twitter:title\" content=\"El tiempo, jueves 26 de agosto 2021 | Cand\u00e1s 365\" \/>\n\t\t<meta name=\"twitter:description\" content=\"Hoy jueves, en la mayor parte del pa\u00eds se espera un tiempo anticicl\u00f3nico, seco y soleado, predominando los cielos poco nubosos o despejados\" \/>\n\t\t<meta name=\"twitter:creator\" content=\"@nbasturias\" \/>\n\t\t<meta name=\"twitter:image\" content=\"https:\/\/candas365.es\/noticias\/wp-content\/uploads\/2020\/12\/Perlora.jpg\" \/>\n\t\t<meta name=\"twitter:label1\" content=\"Escrito por\" \/>\n\t\t<meta name=\"twitter:data1\" content=\"Cand\u00e1s 365\" \/>\n\t\t<meta name=\"twitter:label2\" content=\"Tiempo de lectura estimado\" \/>\n\t\t<meta name=\"twitter:data2\" content=\"1 minuto\" \/>\n\t\t<script type=\"application\/ld+json\" class=\"aioseo-schema\">\n\t\t\t{\"@context\":\"https:\\\/\\\/schema.org\",\"@graph\":[{\"@type\":\"BreadcrumbList\",\"@id\":\"https:\\\/\\\/candas365.es\\\/noticias\\\/el-tiempo-jueves-26-de-agosto-2021\\\/#breadcrumblist\",\"itemListElement\":[{\"@type\":\"ListItem\",\"@id\":\"https:\\\/\\\/candas365.es\\\/noticias#listItem\",\"position\":1,\"name\":\"Home\",\"item\":\"https:\\\/\\\/candas365.es\\\/noticias\",\"nextItem\":{\"@type\":\"ListItem\",\"@id\":\"https:\\\/\\\/candas365.es\\\/noticias\\\/category\\\/el-tiempo\\\/#listItem\",\"name\":\"El tiempo\"}},{\"@type\":\"ListItem\",\"@id\":\"https:\\\/\\\/candas365.es\\\/noticias\\\/category\\\/el-tiempo\\\/#listItem\",\"position\":2,\"name\":\"El tiempo\",\"item\":\"https:\\\/\\\/candas365.es\\\/noticias\\\/category\\\/el-tiempo\\\/\",\"nextItem\":{\"@type\":\"ListItem\",\"@id\":\"https:\\\/\\\/candas365.es\\\/noticias\\\/el-tiempo-jueves-26-de-agosto-2021\\\/#listItem\",\"name\":\"El tiempo, jueves 26 de agosto 2021\"},\"previousItem\":{\"@type\":\"ListItem\",\"@id\":\"https:\\\/\\\/candas365.es\\\/noticias#listItem\",\"name\":\"Home\"}},{\"@type\":\"ListItem\",\"@id\":\"https:\\\/\\\/candas365.es\\\/noticias\\\/el-tiempo-jueves-26-de-agosto-2021\\\/#listItem\",\"position\":3,\"name\":\"El tiempo, jueves 26 de agosto 2021\",\"previousItem\":{\"@type\":\"ListItem\",\"@id\":\"https:\\\/\\\/candas365.es\\\/noticias\\\/category\\\/el-tiempo\\\/#listItem\",\"name\":\"El tiempo\"}}]},{\"@type\":\"NewsArticle\",\"@id\":\"https:\\\/\\\/candas365.es\\\/noticias\\\/el-tiempo-jueves-26-de-agosto-2021\\\/#newsarticle\",\"name\":\"El tiempo, jueves 26 de agosto 2021 | Cand\\u00e1s 365\",\"headline\":\"El tiempo, jueves 26 de agosto 2021\",\"author\":{\"@id\":\"https:\\\/\\\/candas365.es\\\/noticias\\\/author\\\/admin\\\/#author\"},\"publisher\":{\"@id\":\"https:\\\/\\\/candas365.es\\\/noticias\\\/#organization\"},\"image\":{\"@type\":\"ImageObject\",\"url\":\"https:\\\/\\\/candas365.es\\\/noticias\\\/wp-content\\\/uploads\\\/2020\\\/12\\\/Perlora.jpg\",\"width\":497,\"height\":613,\"caption\":\"Foto: N.Fern\\u00e1ndez \\\/ Cand\\u00e1s 365\"},\"datePublished\":\"2021-08-26T12:14:11+02:00\",\"dateModified\":\"2021-08-26T12:14:11+02:00\",\"inLanguage\":\"es-ES\",\"mainEntityOfPage\":{\"@id\":\"https:\\\/\\\/candas365.es\\\/noticias\\\/el-tiempo-jueves-26-de-agosto-2021\\\/#webpage\"},\"isPartOf\":{\"@id\":\"https:\\\/\\\/candas365.es\\\/noticias\\\/el-tiempo-jueves-26-de-agosto-2021\\\/#webpage\"},\"articleSection\":\"El tiempo, El tiempo\",\"dateline\":\"Publicado el agosto 26, 2021.\"},{\"@type\":\"Organization\",\"@id\":\"https:\\\/\\\/candas365.es\\\/noticias\\\/#organization\",\"name\":\"Cand\\u00e1s 365\",\"description\":\"Cand\\u00e1s 365 es un diario digital independiente, fundado en 2012, con base en Asturias. Informamos con rigor sobre actualidad, sociedad, cultura y ocio, con una mirada local y global.\",\"url\":\"https:\\\/\\\/candas365.es\\\/noticias\\\/\",\"email\":\"info@candas365.es\",\"telephone\":\"+34652131393\",\"foundingDate\":\"2012-06-10\",\"logo\":{\"@type\":\"ImageObject\",\"url\":\"https:\\\/\\\/candas365.es\\\/noticias\\\/wp-content\\\/uploads\\\/2024\\\/09\\\/Candas-365-Redes.jpg\",\"@id\":\"https:\\\/\\\/candas365.es\\\/noticias\\\/el-tiempo-jueves-26-de-agosto-2021\\\/#organizationLogo\",\"width\":1152,\"height\":864,\"caption\":\"Cand\\u00e1s 365 Redes\"},\"image\":{\"@id\":\"https:\\\/\\\/candas365.es\\\/noticias\\\/el-tiempo-jueves-26-de-agosto-2021\\\/#organizationLogo\"},\"sameAs\":[\"https:\\\/\\\/www.facebook.com\\\/Nachofdezber\",\"https:\\\/\\\/x.com\\\/NabercoDigital\",\"https:\\\/\\\/www.instagram.com\\\/nachofdezber\\\/\",\"https:\\\/\\\/www.youtube.com\\\/channel\\\/UCZP-2wLEB9Rv6erhFmqVnvg\"],\"address\":{\"@id\":\"https:\\\/\\\/candas365.es\\\/noticias\\\/#postaladdress\",\"@type\":\"PostalAddress\",\"streetAddress\":\"san antonio 4, san antonio 4\",\"postalCode\":\"33430\",\"addressLocality\":\"Cand\\u00e1s\",\"addressRegion\":\"Asturias\",\"addressCountry\":\"ES\"}},{\"@type\":\"Person\",\"@id\":\"https:\\\/\\\/candas365.es\\\/noticias\\\/author\\\/admin\\\/#author\",\"url\":\"https:\\\/\\\/candas365.es\\\/noticias\\\/author\\\/admin\\\/\",\"name\":\"Cand\\u00e1s 365\",\"image\":{\"@type\":\"ImageObject\",\"@id\":\"https:\\\/\\\/candas365.es\\\/noticias\\\/el-tiempo-jueves-26-de-agosto-2021\\\/#authorImage\",\"url\":\"https:\\\/\\\/secure.gravatar.com\\\/avatar\\\/496a8e03d0c493ede1718b7934145dbdf8d89be1036b0eec9544e1094c9de390?s=96&d=mm&r=g\",\"width\":96,\"height\":96,\"caption\":\"Cand\\u00e1s 365\"},\"sameAs\":[\"https:\\\/\\\/www.facebook.com\\\/carrenoactualidad\",\"https:\\\/\\\/twitter.com\\\/nbasturias\",\"https:\\\/\\\/www.instagram.com\\\/nachofdezber\\\/\",\"https:\\\/\\\/www.youtube.com\\\/channel\\\/UCZP-2wLEB9Rv6erhFmqVnvg\"]},{\"@type\":\"WebPage\",\"@id\":\"https:\\\/\\\/candas365.es\\\/noticias\\\/el-tiempo-jueves-26-de-agosto-2021\\\/#webpage\",\"url\":\"https:\\\/\\\/candas365.es\\\/noticias\\\/el-tiempo-jueves-26-de-agosto-2021\\\/\",\"name\":\"El tiempo, jueves 26 de agosto 2021 | Cand\\u00e1s 365\",\"description\":\"Hoy jueves, en la mayor parte del pa\\u00eds se espera un tiempo anticicl\\u00f3nico, seco y soleado, predominando los cielos poco nubosos o despejados\",\"inLanguage\":\"es-ES\",\"isPartOf\":{\"@id\":\"https:\\\/\\\/candas365.es\\\/noticias\\\/#website\"},\"breadcrumb\":{\"@id\":\"https:\\\/\\\/candas365.es\\\/noticias\\\/el-tiempo-jueves-26-de-agosto-2021\\\/#breadcrumblist\"},\"author\":{\"@id\":\"https:\\\/\\\/candas365.es\\\/noticias\\\/author\\\/admin\\\/#author\"},\"creator\":{\"@id\":\"https:\\\/\\\/candas365.es\\\/noticias\\\/author\\\/admin\\\/#author\"},\"image\":{\"@type\":\"ImageObject\",\"url\":\"https:\\\/\\\/candas365.es\\\/noticias\\\/wp-content\\\/uploads\\\/2020\\\/12\\\/Perlora.jpg\",\"@id\":\"https:\\\/\\\/candas365.es\\\/noticias\\\/el-tiempo-jueves-26-de-agosto-2021\\\/#mainImage\",\"width\":497,\"height\":613,\"caption\":\"Foto: N.Fern\\u00e1ndez \\\/ Cand\\u00e1s 365\"},\"primaryImageOfPage\":{\"@id\":\"https:\\\/\\\/candas365.es\\\/noticias\\\/el-tiempo-jueves-26-de-agosto-2021\\\/#mainImage\"},\"datePublished\":\"2021-08-26T12:14:11+02:00\",\"dateModified\":\"2021-08-26T12:14:11+02:00\"},{\"@type\":\"WebSite\",\"@id\":\"https:\\\/\\\/candas365.es\\\/noticias\\\/#website\",\"url\":\"https:\\\/\\\/candas365.es\\\/noticias\\\/\",\"name\":\"Cand\\u00e1s 365\",\"alternateName\":\"Cand\\u00e1s 365 Noticias\",\"description\":\"Actualidad desde Carre\\u00f1o para el mundo\",\"inLanguage\":\"es-ES\",\"publisher\":{\"@id\":\"https:\\\/\\\/candas365.es\\\/noticias\\\/#organization\"}}]}\n\t\t<\/script>\n\t\t<!-- All in One SEO Pro -->\r\n\t\t<title>El tiempo, jueves 26 de agosto 2021 | Cand\u00e1s 365<\/title>\n\n","aioseo_head_json":{"title":"El tiempo, jueves 26 de agosto 2021 | Cand\u00e1s 365","description":"Hoy jueves, en la mayor parte del pa\u00eds se espera un tiempo anticicl\u00f3nico, seco y soleado, predominando los cielos poco nubosos o despejados","canonical_url":"https:\/\/candas365.es\/noticias\/el-tiempo-jueves-26-de-agosto-2021\/","robots":"max-image-preview:large","keywords":"el tiempo","webmasterTools":{"google-site-verification":"UA-32230408-1","msvalidate.01":"354F3CDFB2DA171B47FBE9ABF1F88D5","miscellaneous":""},"schema":{"@context":"https:\/\/schema.org","@graph":[{"@type":"BreadcrumbList","@id":"https:\/\/candas365.es\/noticias\/el-tiempo-jueves-26-de-agosto-2021\/#breadcrumblist","itemListElement":[{"@type":"ListItem","@id":"https:\/\/candas365.es\/noticias#listItem","position":1,"name":"Home","item":"https:\/\/candas365.es\/noticias","nextItem":{"@type":"ListItem","@id":"https:\/\/candas365.es\/noticias\/category\/el-tiempo\/#listItem","name":"El tiempo"}},{"@type":"ListItem","@id":"https:\/\/candas365.es\/noticias\/category\/el-tiempo\/#listItem","position":2,"name":"El tiempo","item":"https:\/\/candas365.es\/noticias\/category\/el-tiempo\/","nextItem":{"@type":"ListItem","@id":"https:\/\/candas365.es\/noticias\/el-tiempo-jueves-26-de-agosto-2021\/#listItem","name":"El tiempo, jueves 26 de agosto 2021"},"previousItem":{"@type":"ListItem","@id":"https:\/\/candas365.es\/noticias#listItem","name":"Home"}},{"@type":"ListItem","@id":"https:\/\/candas365.es\/noticias\/el-tiempo-jueves-26-de-agosto-2021\/#listItem","position":3,"name":"El tiempo, jueves 26 de agosto 2021","previousItem":{"@type":"ListItem","@id":"https:\/\/candas365.es\/noticias\/category\/el-tiempo\/#listItem","name":"El tiempo"}}]},{"@type":"NewsArticle","@id":"https:\/\/candas365.es\/noticias\/el-tiempo-jueves-26-de-agosto-2021\/#newsarticle","name":"El tiempo, jueves 26 de agosto 2021 | Cand\u00e1s 365","headline":"El tiempo, jueves 26 de agosto 2021","author":{"@id":"https:\/\/candas365.es\/noticias\/author\/admin\/#author"},"publisher":{"@id":"https:\/\/candas365.es\/noticias\/#organization"},"image":{"@type":"ImageObject","url":"https:\/\/candas365.es\/noticias\/wp-content\/uploads\/2020\/12\/Perlora.jpg","width":497,"height":613,"caption":"Foto: N.Fern\u00e1ndez \/ Cand\u00e1s 365"},"datePublished":"2021-08-26T12:14:11+02:00","dateModified":"2021-08-26T12:14:11+02:00","inLanguage":"es-ES","mainEntityOfPage":{"@id":"https:\/\/candas365.es\/noticias\/el-tiempo-jueves-26-de-agosto-2021\/#webpage"},"isPartOf":{"@id":"https:\/\/candas365.es\/noticias\/el-tiempo-jueves-26-de-agosto-2021\/#webpage"},"articleSection":"El tiempo, El tiempo","dateline":"Publicado el agosto 26, 2021."},{"@type":"Organization","@id":"https:\/\/candas365.es\/noticias\/#organization","name":"Cand\u00e1s 365","description":"Cand\u00e1s 365 es un diario digital independiente, fundado en 2012, con base en Asturias. Informamos con rigor sobre actualidad, sociedad, cultura y ocio, con una mirada local y global.","url":"https:\/\/candas365.es\/noticias\/","email":"info@candas365.es","telephone":"+34652131393","foundingDate":"2012-06-10","logo":{"@type":"ImageObject","url":"https:\/\/candas365.es\/noticias\/wp-content\/uploads\/2024\/09\/Candas-365-Redes.jpg","@id":"https:\/\/candas365.es\/noticias\/el-tiempo-jueves-26-de-agosto-2021\/#organizationLogo","width":1152,"height":864,"caption":"Cand\u00e1s 365 Redes"},"image":{"@id":"https:\/\/candas365.es\/noticias\/el-tiempo-jueves-26-de-agosto-2021\/#organizationLogo"},"sameAs":["https:\/\/www.facebook.com\/Nachofdezber","https:\/\/x.com\/NabercoDigital","https:\/\/www.instagram.com\/nachofdezber\/","https:\/\/www.youtube.com\/channel\/UCZP-2wLEB9Rv6erhFmqVnvg"],"address":{"@id":"https:\/\/candas365.es\/noticias\/#postaladdress","@type":"PostalAddress","streetAddress":"san antonio 4, san antonio 4","postalCode":"33430","addressLocality":"Cand\u00e1s","addressRegion":"Asturias","addressCountry":"ES"}},{"@type":"Person","@id":"https:\/\/candas365.es\/noticias\/author\/admin\/#author","url":"https:\/\/candas365.es\/noticias\/author\/admin\/","name":"Cand\u00e1s 365","image":{"@type":"ImageObject","@id":"https:\/\/candas365.es\/noticias\/el-tiempo-jueves-26-de-agosto-2021\/#authorImage","url":"https:\/\/secure.gravatar.com\/avatar\/496a8e03d0c493ede1718b7934145dbdf8d89be1036b0eec9544e1094c9de390?s=96&d=mm&r=g","width":96,"height":96,"caption":"Cand\u00e1s 365"},"sameAs":["https:\/\/www.facebook.com\/carrenoactualidad","https:\/\/twitter.com\/nbasturias","https:\/\/www.instagram.com\/nachofdezber\/","https:\/\/www.youtube.com\/channel\/UCZP-2wLEB9Rv6erhFmqVnvg"]},{"@type":"WebPage","@id":"https:\/\/candas365.es\/noticias\/el-tiempo-jueves-26-de-agosto-2021\/#webpage","url":"https:\/\/candas365.es\/noticias\/el-tiempo-jueves-26-de-agosto-2021\/","name":"El tiempo, jueves 26 de agosto 2021 | Cand\u00e1s 365","description":"Hoy jueves, en la mayor parte del pa\u00eds se espera un tiempo anticicl\u00f3nico, seco y soleado, predominando los cielos poco nubosos o despejados","inLanguage":"es-ES","isPartOf":{"@id":"https:\/\/candas365.es\/noticias\/#website"},"breadcrumb":{"@id":"https:\/\/candas365.es\/noticias\/el-tiempo-jueves-26-de-agosto-2021\/#breadcrumblist"},"author":{"@id":"https:\/\/candas365.es\/noticias\/author\/admin\/#author"},"creator":{"@id":"https:\/\/candas365.es\/noticias\/author\/admin\/#author"},"image":{"@type":"ImageObject","url":"https:\/\/candas365.es\/noticias\/wp-content\/uploads\/2020\/12\/Perlora.jpg","@id":"https:\/\/candas365.es\/noticias\/el-tiempo-jueves-26-de-agosto-2021\/#mainImage","width":497,"height":613,"caption":"Foto: N.Fern\u00e1ndez \/ Cand\u00e1s 365"},"primaryImageOfPage":{"@id":"https:\/\/candas365.es\/noticias\/el-tiempo-jueves-26-de-agosto-2021\/#mainImage"},"datePublished":"2021-08-26T12:14:11+02:00","dateModified":"2021-08-26T12:14:11+02:00"},{"@type":"WebSite","@id":"https:\/\/candas365.es\/noticias\/#website","url":"https:\/\/candas365.es\/noticias\/","name":"Cand\u00e1s 365","alternateName":"Cand\u00e1s 365 Noticias","description":"Actualidad desde Carre\u00f1o para el mundo","inLanguage":"es-ES","publisher":{"@id":"https:\/\/candas365.es\/noticias\/#organization"}}]},"og:locale":"es_ES","og:site_name":"Cand\u00e1s 365","og:type":"article","og:title":"El tiempo, jueves 26 de agosto 2021 | Cand\u00e1s 365","og:description":"Hoy jueves, en la mayor parte del pa\u00eds se espera un tiempo anticicl\u00f3nico, seco y soleado, predominando los cielos poco nubosos o despejados","og:url":"https:\/\/candas365.es\/noticias\/el-tiempo-jueves-26-de-agosto-2021\/","og:image":"https:\/\/candas365.es\/noticias\/wp-content\/uploads\/2020\/12\/Perlora.jpg","og:image:secure_url":"https:\/\/candas365.es\/noticias\/wp-content\/uploads\/2020\/12\/Perlora.jpg","og:image:width":497,"og:image:height":613,"article:published_time":"2021-08-26T12:14:11+00:00","article:modified_time":"2021-08-26T12:14:11+00:00","article:publisher":"https:\/\/www.facebook.com\/Nachofdezber","article:author":"https:\/\/www.facebook.com\/carrenoactualidad","twitter:card":"summary_large_image","twitter:site":"@NabercoDigital","twitter:title":"El tiempo, jueves 26 de agosto 2021 | Cand\u00e1s 365","twitter:description":"Hoy jueves, en la mayor parte del pa\u00eds se espera un tiempo anticicl\u00f3nico, seco y soleado, predominando los cielos poco nubosos o despejados","twitter:creator":"@nbasturias","twitter:image":"https:\/\/candas365.es\/noticias\/wp-content\/uploads\/2020\/12\/Perlora.jpg","twitter:label1":"Escrito por","twitter:data1":"Cand\u00e1s 365","twitter:label2":"Tiempo de lectura estimado","twitter:data2":"1 minuto"},"aioseo_meta_data":{"post_id":"157650","title":null,"description":"Hoy jueves, en la mayor parte del pa\u00eds se espera un tiempo anticicl\u00f3nico, seco y soleado, predominando los cielos poco nubosos o despejados&nbsp;","keywords":[],"keyphrases":{"focus":{"keyphrase":" jueves","score":80,"analysis":{"keyphraseInTitle":{"title":"Frase clave objetivo en el t\u00edtulo SEO","description":"Frase clave objetivo encontrada en el t\u00edtulo SEO.","score":9,"maxScore":9,"error":0},"keyphraseInDescription":{"title":"Frase clave objetivo en la meta descripci\u00f3n","description":"Frase clave objetivo encontrada en la meta descripci\u00f3n.","score":9,"maxScore":9,"error":0},"keyphraseInURL":{"title":"Frase clave objetivo en la URL","description":"Frase clave objetivo no encontrada en la URL.","score":1,"maxScore":5,"error":1},"keyphraseLength":{"title":"Longitud de la Frase clave objetivo","description":"\u00a1Buen trabajo!","score":9,"maxScore":9,"error":0,"length":1},"keyphraseInIntroduction":{"title":"Frase clave objetivo en la introducci\u00f3n","description":"Su Frase clave objetivo aparece en el primer p\u00e1rrafo. \u00a1Bien hecho!","score":9,"maxScore":9,"error":0},"keyphraseInSubHeadings":[],"keyphraseInImageAlt":{"title":"Frase clave objetivo en los atributos alt de la imagen.","description":"Frase clave objetivo no se encuentra en los atributos alt de la imagen. A\u00f1ada una imagen con su Frase clave objetivo como texto alternativo.","score":3,"maxScore":9,"error":1}}},"additional":[{"keyphrase":"tiempo ","score":83,"analysis":{"keyphraseInDescription":{"title":"Frase clave en la meta descripci\u00f3n","description":"Frase clave encontrada en la meta descripci\u00f3n.","score":9,"maxScore":9,"error":0},"keyphraseLength":{"title":"Longitud de la Frase clave","description":"\u00a1Buen trabajo!","score":9,"maxScore":9,"error":0,"length":1},"keyphraseInIntroduction":{"title":"Frase clave en la introducci\u00f3n","description":"Su Frase clave aparece en el primer p\u00e1rrafo. \u00a1Bien hecho!","score":9,"maxScore":9,"error":0},"keyphraseInImageAlt":{"title":"Frase clave en los atributos alt de la imagen.","description":"Frase clave no se encuentra en los atributos alt de la imagen. A\u00f1ada una imagen con su Frase clave como texto alternativo.","score":3,"maxScore":9,"error":1}}},{"keyphrase":"tiempo anticicl\u00f3nico","score":83,"analysis":{"keyphraseInDescription":{"title":"Frase clave en la meta descripci\u00f3n","description":"Frase clave encontrada en la meta descripci\u00f3n.","score":9,"maxScore":9,"error":0},"keyphraseLength":{"title":"Longitud de la Frase clave","description":"\u00a1Buen trabajo!","score":9,"maxScore":9,"error":0,"length":2},"keyphraseInIntroduction":{"title":"Frase clave en la introducci\u00f3n","description":"Su Frase clave aparece en el primer p\u00e1rrafo. \u00a1Bien hecho!","score":9,"maxScore":9,"error":0},"keyphraseInImageAlt":{"title":"Frase clave en los atributos alt de la imagen.","description":"Frase clave no se encuentra en los atributos alt de la imagen. A\u00f1ada una imagen con su Frase clave como texto alternativo.","score":3,"maxScore":9,"error":1}}}]},"primary_term":null,"canonical_url":null,"og_title":null,"og_description":null,"og_object_type":"default","og_image_type":"default","og_image_url":null,"og_image_width":null,"og_image_height":null,"og_image_custom_url":null,"og_image_custom_fields":null,"og_video":"","og_custom_url":null,"og_article_section":null,"og_article_tags":[],"twitter_use_og":false,"twitter_card":"default","twitter_image_type":"default","twitter_image_url":null,"twitter_image_custom_url":null,"twitter_image_custom_fields":null,"twitter_title":null,"twitter_description":null,"schema":{"blockGraphs":[],"customGraphs":[],"default":{"data":{"Article":[],"Course":[],"Dataset":[],"FAQPage":[],"Movie":[],"Person":[],"Product":[],"ProductReview":[],"Car":[],"Recipe":[],"Service":[],"SoftwareApplication":[],"WebPage":[]},"graphName":"","isEnabled":true},"graphs":[],"defaultGraph":"Article","defaultPostTypeGraph":""},"schema_type":"default","schema_type_options":"{\"article\":{\"articleType\":\"BlogPosting\"},\"course\":{\"name\":\"\",\"description\":\"\",\"provider\":\"\"},\"faq\":{\"pages\":[]},\"product\":{\"reviews\":[]},\"recipe\":{\"ingredients\":[],\"instructions\":[],\"keywords\":[]},\"software\":{\"reviews\":[],\"operatingSystems\":[]},\"webPage\":{\"webPageType\":\"WebPage\"}}","pillar_content":false,"robots_default":true,"robots_noindex":false,"robots_noarchive":false,"robots_nosnippet":false,"robots_nofollow":false,"robots_noimageindex":false,"robots_noodp":false,"robots_notranslate":false,"robots_max_snippet":"-1","robots_max_videopreview":"-1","robots_max_imagepreview":"large","priority":null,"frequency":"default","location":null,"local_seo":{"locations":{"business":{"name":"","businessType":"","image":"","areaServed":"","urls":{"website":"","aboutPage":"","contactPage":""},"address":{"streetLine1":"","streetLine2":"","zipCode":"","city":"","state":"","country":"","addressFormat":"#streetLineOne\n#streetLineTwo\n#city, #state #zipCode"},"contact":{"email":"","phone":"","phoneFormatted":"","fax":"","faxFormatted":""},"ids":{"vat":"","tax":"","chamberOfCommerce":""},"payment":{"priceRange":"","currenciesAccepted":"","methods":""}}},"openingHours":{"useDefaults":true,"show":true,"alwaysOpen":false,"use24hFormat":false,"timezone":"","labels":{"closed":"","alwaysOpen":""},"days":{"monday":{"open24h":false,"closed":false,"openTime":"09:00","closeTime":"17:00"},"tuesday":{"open24h":false,"closed":false,"openTime":"09:00","closeTime":"17:00"},"wednesday":{"open24h":false,"closed":false,"openTime":"09:00","closeTime":"17:00"},"thursday":{"open24h":false,"closed":false,"openTime":"09:00","closeTime":"17:00"},"friday":{"open24h":false,"closed":false,"openTime":"09:00","closeTime":"17:00"},"saturday":{"open24h":false,"closed":false,"openTime":"09:00","closeTime":"17:00"},"sunday":{"open24h":false,"closed":false,"openTime":"09:00","closeTime":"17:00"}}}},"seo_analyzer_scan_date":"2025-09-01 01:06:27","breadcrumb_settings":null,"limit_modified_date":false,"reviewed_by":null,"open_ai":null,"ai":null,"created":"2021-08-26 12:10:26","updated":"2025-09-01 01:06:27"},"aioseo_breadcrumb":"<div class=\"aioseo-breadcrumbs\"><span class=\"aioseo-breadcrumb\">\n\t<a href=\"https:\/\/candas365.es\/noticias\" title=\"Home\">Home<\/a>\n<\/span><span class=\"aioseo-breadcrumb-separator\">&ndash;<\/span><span class=\"aioseo-breadcrumb\">\n\t<a href=\"https:\/\/candas365.es\/noticias\/category\/el-tiempo\/\" title=\"El tiempo\">El tiempo<\/a>\n<\/span><span class=\"aioseo-breadcrumb-separator\">&ndash;<\/span><span class=\"aioseo-breadcrumb\">\n\tEl tiempo, jueves 26 de agosto 2021\n<\/span><\/div>","aioseo_breadcrumb_json":[{"label":"Home","link":"https:\/\/candas365.es\/noticias"},{"label":"El tiempo","link":"https:\/\/candas365.es\/noticias\/category\/el-tiempo\/"},{"label":"El tiempo, jueves 26 de agosto 2021","link":"https:\/\/candas365.es\/noticias\/el-tiempo-jueves-26-de-agosto-2021\/"}],"_links":{"self":[{"href":"https:\/\/candas365.es\/noticias\/wp-json\/wp\/v2\/posts\/157650","targetHints":{"allow":["GET"]}}],"collection":[{"href":"https:\/\/candas365.es\/noticias\/wp-json\/wp\/v2\/posts"}],"about":[{"href":"https:\/\/candas365.es\/noticias\/wp-json\/wp\/v2\/types\/post"}],"author":[{"embeddable":true,"href":"https:\/\/candas365.es\/noticias\/wp-json\/wp\/v2\/users\/1"}],"replies":[{"embeddable":true,"href":"https:\/\/candas365.es\/noticias\/wp-json\/wp\/v2\/comments?post=157650"}],"version-history":[{"count":0,"href":"https:\/\/candas365.es\/noticias\/wp-json\/wp\/v2\/posts\/157650\/revisions"}],"wp:featuredmedia":[{"embeddable":true,"href":"https:\/\/candas365.es\/noticias\/wp-json\/wp\/v2\/media\/149471"}],"wp:attachment":[{"href":"https:\/\/candas365.es\/noticias\/wp-json\/wp\/v2\/media?parent=157650"}],"wp:term":[{"taxonomy":"category","embeddable":true,"href":"https:\/\/candas365.es\/noticias\/wp-json\/wp\/v2\/categories?post=157650"},{"taxonomy":"post_tag","embeddable":true,"href":"https:\/\/candas365.es\/noticias\/wp-json\/wp\/v2\/tags?post=157650"}],"curies":[{"name":"wp","href":"https:\/\/api.w.org\/{rel}","templated":true}]}}