{"id":157456,"date":"2021-08-22T23:36:06","date_gmt":"2021-08-22T23:36:06","guid":{"rendered":"http:\/\/candas365.es\/noticias\/?p=157456"},"modified":"2021-08-22T23:36:39","modified_gmt":"2021-08-22T23:36:39","slug":"un-zapato-de-la-talla-240","status":"publish","type":"post","link":"https:\/\/candas365.es\/noticias\/un-zapato-de-la-talla-240\/","title":{"rendered":"Un zapato de la talla 240 !!"},"content":{"rendered":"<p>M\u00fcnsingen (Alemania), 22 ago (dpa) &#8211; Dos zapateros alemanes crearon, con la ayuda de un carpintero, un zapato de la talla 240 solo por amor a los zapatos y a su oficio.<\/p>\n<figure id=\"attachment_157457\" aria-describedby=\"caption-attachment-157457\" style=\"width: 650px\" class=\"wp-caption aligncenter\"><img fetchpriority=\"high\" decoding=\"async\" class=\"wp-image-157457 size-large\" src=\"https:\/\/candas365.es\/noticias\/wp-content\/uploads\/2021\/08\/zapateros-alemanes-650x433.jpg\" alt=\"zapato de talla 240\" width=\"650\" height=\"433\" srcset=\"https:\/\/candas365.es\/noticias\/wp-content\/uploads\/2021\/08\/zapateros-alemanes-650x433.jpg 650w, https:\/\/candas365.es\/noticias\/wp-content\/uploads\/2021\/08\/zapateros-alemanes-360x240.jpg 360w, https:\/\/candas365.es\/noticias\/wp-content\/uploads\/2021\/08\/zapateros-alemanes-768x511.jpg 768w, https:\/\/candas365.es\/noticias\/wp-content\/uploads\/2021\/08\/zapateros-alemanes.jpg 988w\" sizes=\"(max-width: 650px) 100vw, 650px\" \/><figcaption id=\"caption-attachment-157457\" class=\"wp-caption-text\">Los zapateros alemanes Matth\u00e4us J\u00f6rg (izda.) y Johannes Schunk fabricaron con la ayuda de un carpintero un zapato de la talla 240. Foto: Marijan Murat\/dpa<\/figcaption><\/figure>\n<p>El gigantesco zapato negro y marr\u00f3n se encuentra junto a su horma en el taller de Matth\u00e4us J\u00f6rg en la localidad de M\u00fcnsingen, en el estado federado de Baden-W\u00fcrttemberg, en el suroeste de Alemania.<\/p>\n<p>Seg\u00fan detall\u00f3 J\u00f6rg, el zapato mide 1,6 metros de largo y pesa 27 kilogramos, mientras que su horma pesa 57 kilogramos.<\/p>\n<p>Un carpintero amigo ayud\u00f3 a fabricar el gigantesco zapato y cre\u00f3 una horma con 0,7 metros de madera maciza de tilo. La horma est\u00e1 compuesta de ocho piezas que se pueden atornillar.<\/p>\n<p>\u00abTiene que ser as\u00ed para poder sacar la horma del zapato\u00bb, explica J\u00f6rg, de 72 a\u00f1os. La idea de hacer zapatos gigantes se le ocurri\u00f3 en los a\u00f1os 90.<\/p>\n<p>El zapatero necesit\u00f3 19 metros cuadrados, lo que equivale a dos cueros de vaca, para realizar la suela, la parte superior y el forro del zapato. La creaci\u00f3n le demand\u00f3 unas 220 horas de trabajo que reparti\u00f3 a lo largo de varios meses.<\/p>\n<p>J\u00f6rg estima que unos 800.000 zapatos pasaron a lo largo de 20 a\u00f1os por sus manos, mientras que ha reparado m\u00e1s de 20.000.<\/p>\n<p>Adem\u00e1s del zapato gigante talla 240, tambi\u00e9n posee zapatos que van de las tallas 17 hasta la 135 y otras rarezas como un zapato de soldado de monta\u00f1a del a\u00f1o 1927.<\/p>\n<p>J\u00f6rg y su amigo Johannes Schunk, de la ciudad de Ulm y de su misma edad, comenzaron como aprendices a los 14 a\u00f1os. Ninguno de los dos quer\u00eda ser zapatero, pero sus respectivos padres ten\u00edan talleres y debieron abocarse al oficio.<\/p>\n<p>\u00abA los 25 a\u00f1os me met\u00ed de lleno en la profesi\u00f3n. Y ahora, al hacerme mayor, es a\u00fan peor\u00bb, dice J\u00f6rg, que en realidad hubiera preferido en aquella \u00e9poca dedicarse al comercio.<\/p>\n<p>El zapatero se jubil\u00f3 hace unos diez a\u00f1os, pero no perdi\u00f3 su amor por los zapatos, por lo que sigue activo en el oficio.<\/p>\n<p>Schunk, quien admite que hubiera preferido ser cocinero, relata que en Ulm ha buscado a lo largo de tres a\u00f1os un sucesor para su taller, pero sin \u00e9xito.<\/p>\n<p>Seg\u00fan estimaciones de la asociaci\u00f3n que nuclea a los zapateros alemanes, el a\u00f1o pasado quedaban en el pa\u00eds europeo solo entre 500 y 600 zapateros.<\/p>\n","protected":false},"excerpt":{"rendered":"<p>M\u00fcnsingen (Alemania), 22 ago (dpa) &#8211; Dos zapateros alemanes crearon, con la ayuda de un carpintero, un zapato de la talla 240 solo por amor a los zapatos y a su oficio. El gigantesco zapato negro y marr\u00f3n se encuentra junto a su horma en el taller de Matth\u00e4us J\u00f6rg en la localidad de M\u00fcnsingen,<\/p>\n","protected":false},"author":1,"featured_media":157457,"comment_status":"closed","ping_status":"closed","sticky":false,"template":"","format":"standard","meta":{"footnotes":""},"categories":[142],"tags":[364,425,421],"class_list":{"0":"post-157456","1":"post","2":"type-post","3":"status-publish","4":"format-standard","5":"has-post-thumbnail","7":"category-revista","8":"tag-destacadas","9":"tag-mundo-curioso","10":"tag-revista"},"aioseo_notices":[],"aioseo_head":"\n\t\t<!-- All in One SEO Pro 4.9.6.2 - aioseo.com -->\n\t<meta name=\"description\" content=\"Dos zapateros alemanes crearon, con la ayuda de un carpintero, un zapato de la talla 240 solo por amor a los zapatos y a su oficio\" \/>\n\t<meta name=\"robots\" content=\"max-image-preview:large\" \/>\n\t<meta name=\"author\" content=\"Cand\u00e1s 365\"\/>\n\t<meta name=\"google-site-verification\" content=\"UA-32230408-1\" \/>\n\t<meta name=\"msvalidate.01\" content=\"354F3CDFB2DA171B47FBE9ABF1F88D5\" \/>\n\t<meta name=\"keywords\" content=\"revista\" \/>\n\t<link rel=\"canonical\" href=\"https:\/\/candas365.es\/noticias\/un-zapato-de-la-talla-240\/\" \/>\n\t<meta name=\"generator\" content=\"All in One SEO Pro (AIOSEO) 4.9.6.2\" \/>\n\t\t<meta property=\"og:locale\" content=\"es_ES\" \/>\n\t\t<meta property=\"og:site_name\" content=\"Cand\u00e1s 365\" \/>\n\t\t<meta property=\"og:type\" content=\"article\" \/>\n\t\t<meta property=\"og:title\" content=\"Un zapato de la talla 240 !! | Cand\u00e1s 365\" \/>\n\t\t<meta property=\"og:description\" content=\"Dos zapateros alemanes crearon, con la ayuda de un carpintero, un zapato de la talla 240 solo por amor a los zapatos y a su oficio\" \/>\n\t\t<meta property=\"og:url\" content=\"https:\/\/candas365.es\/noticias\/un-zapato-de-la-talla-240\/\" \/>\n\t\t<meta property=\"og:image\" content=\"https:\/\/candas365.es\/noticias\/wp-content\/uploads\/2021\/08\/zapateros-alemanes.jpg\" \/>\n\t\t<meta property=\"og:image:secure_url\" content=\"https:\/\/candas365.es\/noticias\/wp-content\/uploads\/2021\/08\/zapateros-alemanes.jpg\" \/>\n\t\t<meta property=\"og:image:width\" content=\"988\" \/>\n\t\t<meta property=\"og:image:height\" content=\"658\" \/>\n\t\t<meta property=\"article:published_time\" content=\"2021-08-22T23:36:06+00:00\" \/>\n\t\t<meta property=\"article:modified_time\" content=\"2021-08-22T23:36:39+00:00\" \/>\n\t\t<meta property=\"article:publisher\" content=\"https:\/\/www.facebook.com\/Nachofdezber\" \/>\n\t\t<meta property=\"article:author\" content=\"https:\/\/www.facebook.com\/carrenoactualidad\" \/>\n\t\t<meta name=\"twitter:card\" content=\"summary_large_image\" \/>\n\t\t<meta name=\"twitter:site\" content=\"@NabercoDigital\" \/>\n\t\t<meta name=\"twitter:title\" content=\"Un zapato de la talla 240 !! | Cand\u00e1s 365\" \/>\n\t\t<meta name=\"twitter:description\" content=\"Dos zapateros alemanes crearon, con la ayuda de un carpintero, un zapato de la talla 240 solo por amor a los zapatos y a su oficio\" \/>\n\t\t<meta name=\"twitter:creator\" content=\"@nbasturias\" \/>\n\t\t<meta name=\"twitter:image\" content=\"https:\/\/candas365.es\/noticias\/wp-content\/uploads\/2021\/08\/zapateros-alemanes.jpg\" \/>\n\t\t<meta name=\"twitter:label1\" content=\"Escrito por\" \/>\n\t\t<meta name=\"twitter:data1\" content=\"Cand\u00e1s 365\" \/>\n\t\t<meta name=\"twitter:label2\" content=\"Tiempo de lectura estimado\" \/>\n\t\t<meta name=\"twitter:data2\" content=\"2 minutos\" \/>\n\t\t<script type=\"application\/ld+json\" class=\"aioseo-schema\">\n\t\t\t{\"@context\":\"https:\\\/\\\/schema.org\",\"@graph\":[{\"@type\":\"BreadcrumbList\",\"@id\":\"https:\\\/\\\/candas365.es\\\/noticias\\\/un-zapato-de-la-talla-240\\\/#breadcrumblist\",\"itemListElement\":[{\"@type\":\"ListItem\",\"@id\":\"https:\\\/\\\/candas365.es\\\/noticias#listItem\",\"position\":1,\"name\":\"Home\",\"item\":\"https:\\\/\\\/candas365.es\\\/noticias\",\"nextItem\":{\"@type\":\"ListItem\",\"@id\":\"https:\\\/\\\/candas365.es\\\/noticias\\\/category\\\/revista\\\/#listItem\",\"name\":\"Revista\"}},{\"@type\":\"ListItem\",\"@id\":\"https:\\\/\\\/candas365.es\\\/noticias\\\/category\\\/revista\\\/#listItem\",\"position\":2,\"name\":\"Revista\",\"item\":\"https:\\\/\\\/candas365.es\\\/noticias\\\/category\\\/revista\\\/\",\"nextItem\":{\"@type\":\"ListItem\",\"@id\":\"https:\\\/\\\/candas365.es\\\/noticias\\\/un-zapato-de-la-talla-240\\\/#listItem\",\"name\":\"Un zapato de la talla 240 !!\"},\"previousItem\":{\"@type\":\"ListItem\",\"@id\":\"https:\\\/\\\/candas365.es\\\/noticias#listItem\",\"name\":\"Home\"}},{\"@type\":\"ListItem\",\"@id\":\"https:\\\/\\\/candas365.es\\\/noticias\\\/un-zapato-de-la-talla-240\\\/#listItem\",\"position\":3,\"name\":\"Un zapato de la talla 240 !!\",\"previousItem\":{\"@type\":\"ListItem\",\"@id\":\"https:\\\/\\\/candas365.es\\\/noticias\\\/category\\\/revista\\\/#listItem\",\"name\":\"Revista\"}}]},{\"@type\":\"NewsArticle\",\"@id\":\"https:\\\/\\\/candas365.es\\\/noticias\\\/un-zapato-de-la-talla-240\\\/#newsarticle\",\"name\":\"Un zapato de la talla 240 !! | Cand\\u00e1s 365\",\"headline\":\"Un zapato de la talla 240 !!\",\"author\":{\"@id\":\"https:\\\/\\\/candas365.es\\\/noticias\\\/author\\\/admin\\\/#author\"},\"publisher\":{\"@id\":\"https:\\\/\\\/candas365.es\\\/noticias\\\/#organization\"},\"image\":{\"@type\":\"ImageObject\",\"url\":\"https:\\\/\\\/candas365.es\\\/noticias\\\/wp-content\\\/uploads\\\/2021\\\/08\\\/zapateros-alemanes.jpg\",\"width\":988,\"height\":658,\"caption\":\"Los zapateros alemanes Matth\\u00e4us J\\u00f6rg (izda.) y Johannes Schunk fabricaron con la ayuda de un carpintero un zapato de la talla 240. Foto: Marijan Murat\\\/dpa\"},\"datePublished\":\"2021-08-22T23:36:06+02:00\",\"dateModified\":\"2021-08-22T23:36:39+02:00\",\"inLanguage\":\"es-ES\",\"mainEntityOfPage\":{\"@id\":\"https:\\\/\\\/candas365.es\\\/noticias\\\/un-zapato-de-la-talla-240\\\/#webpage\"},\"isPartOf\":{\"@id\":\"https:\\\/\\\/candas365.es\\\/noticias\\\/un-zapato-de-la-talla-240\\\/#webpage\"},\"articleSection\":\"Revista, Destacadas, Mundo curioso, Revista\",\"dateline\":\"Publicado el agosto 22, 2021.\"},{\"@type\":\"Organization\",\"@id\":\"https:\\\/\\\/candas365.es\\\/noticias\\\/#organization\",\"name\":\"Cand\\u00e1s 365\",\"description\":\"Cand\\u00e1s 365 es un diario digital independiente, fundado en 2012, con base en Asturias. Informamos con rigor sobre actualidad, sociedad, cultura y ocio, con una mirada local y global.\",\"url\":\"https:\\\/\\\/candas365.es\\\/noticias\\\/\",\"email\":\"info@candas365.es\",\"telephone\":\"+34652131393\",\"foundingDate\":\"2012-06-10\",\"logo\":{\"@type\":\"ImageObject\",\"url\":\"https:\\\/\\\/candas365.es\\\/noticias\\\/wp-content\\\/uploads\\\/2024\\\/09\\\/Candas-365-Redes.jpg\",\"@id\":\"https:\\\/\\\/candas365.es\\\/noticias\\\/un-zapato-de-la-talla-240\\\/#organizationLogo\",\"width\":1152,\"height\":864,\"caption\":\"Cand\\u00e1s 365 Redes\"},\"image\":{\"@id\":\"https:\\\/\\\/candas365.es\\\/noticias\\\/un-zapato-de-la-talla-240\\\/#organizationLogo\"},\"sameAs\":[\"https:\\\/\\\/www.facebook.com\\\/Nachofdezber\",\"https:\\\/\\\/x.com\\\/NabercoDigital\",\"https:\\\/\\\/www.instagram.com\\\/nachofdezber\\\/\",\"https:\\\/\\\/www.youtube.com\\\/channel\\\/UCZP-2wLEB9Rv6erhFmqVnvg\"],\"address\":{\"@id\":\"https:\\\/\\\/candas365.es\\\/noticias\\\/#postaladdress\",\"@type\":\"PostalAddress\",\"streetAddress\":\"san antonio 4, san antonio 4\",\"postalCode\":\"33430\",\"addressLocality\":\"Cand\\u00e1s\",\"addressRegion\":\"Asturias\",\"addressCountry\":\"ES\"}},{\"@type\":\"Person\",\"@id\":\"https:\\\/\\\/candas365.es\\\/noticias\\\/author\\\/admin\\\/#author\",\"url\":\"https:\\\/\\\/candas365.es\\\/noticias\\\/author\\\/admin\\\/\",\"name\":\"Cand\\u00e1s 365\",\"image\":{\"@type\":\"ImageObject\",\"@id\":\"https:\\\/\\\/candas365.es\\\/noticias\\\/un-zapato-de-la-talla-240\\\/#authorImage\",\"url\":\"https:\\\/\\\/secure.gravatar.com\\\/avatar\\\/496a8e03d0c493ede1718b7934145dbdf8d89be1036b0eec9544e1094c9de390?s=96&d=mm&r=g\",\"width\":96,\"height\":96,\"caption\":\"Cand\\u00e1s 365\"},\"sameAs\":[\"https:\\\/\\\/www.facebook.com\\\/carrenoactualidad\",\"https:\\\/\\\/twitter.com\\\/nbasturias\",\"https:\\\/\\\/www.instagram.com\\\/nachofdezber\\\/\",\"https:\\\/\\\/www.youtube.com\\\/channel\\\/UCZP-2wLEB9Rv6erhFmqVnvg\"]},{\"@type\":\"WebPage\",\"@id\":\"https:\\\/\\\/candas365.es\\\/noticias\\\/un-zapato-de-la-talla-240\\\/#webpage\",\"url\":\"https:\\\/\\\/candas365.es\\\/noticias\\\/un-zapato-de-la-talla-240\\\/\",\"name\":\"Un zapato de la talla 240 !! | Cand\\u00e1s 365\",\"description\":\"Dos zapateros alemanes crearon, con la ayuda de un carpintero, un zapato de la talla 240 solo por amor a los zapatos y a su oficio\",\"inLanguage\":\"es-ES\",\"isPartOf\":{\"@id\":\"https:\\\/\\\/candas365.es\\\/noticias\\\/#website\"},\"breadcrumb\":{\"@id\":\"https:\\\/\\\/candas365.es\\\/noticias\\\/un-zapato-de-la-talla-240\\\/#breadcrumblist\"},\"author\":{\"@id\":\"https:\\\/\\\/candas365.es\\\/noticias\\\/author\\\/admin\\\/#author\"},\"creator\":{\"@id\":\"https:\\\/\\\/candas365.es\\\/noticias\\\/author\\\/admin\\\/#author\"},\"image\":{\"@type\":\"ImageObject\",\"url\":\"https:\\\/\\\/candas365.es\\\/noticias\\\/wp-content\\\/uploads\\\/2021\\\/08\\\/zapateros-alemanes.jpg\",\"@id\":\"https:\\\/\\\/candas365.es\\\/noticias\\\/un-zapato-de-la-talla-240\\\/#mainImage\",\"width\":988,\"height\":658,\"caption\":\"Los zapateros alemanes Matth\\u00e4us J\\u00f6rg (izda.) y Johannes Schunk fabricaron con la ayuda de un carpintero un zapato de la talla 240. Foto: Marijan Murat\\\/dpa\"},\"primaryImageOfPage\":{\"@id\":\"https:\\\/\\\/candas365.es\\\/noticias\\\/un-zapato-de-la-talla-240\\\/#mainImage\"},\"datePublished\":\"2021-08-22T23:36:06+02:00\",\"dateModified\":\"2021-08-22T23:36:39+02:00\"},{\"@type\":\"WebSite\",\"@id\":\"https:\\\/\\\/candas365.es\\\/noticias\\\/#website\",\"url\":\"https:\\\/\\\/candas365.es\\\/noticias\\\/\",\"name\":\"Cand\\u00e1s 365\",\"alternateName\":\"Cand\\u00e1s 365 Noticias\",\"description\":\"Actualidad desde Carre\\u00f1o para el mundo\",\"inLanguage\":\"es-ES\",\"publisher\":{\"@id\":\"https:\\\/\\\/candas365.es\\\/noticias\\\/#organization\"}}]}\n\t\t<\/script>\n\t\t<!-- All in One SEO Pro -->\r\n\t\t<title>Un zapato de la talla 240 !! | Cand\u00e1s 365<\/title>\n\n","aioseo_head_json":{"title":"Un zapato de la talla 240 !! | Cand\u00e1s 365","description":"Dos zapateros alemanes crearon, con la ayuda de un carpintero, un zapato de la talla 240 solo por amor a los zapatos y a su oficio","canonical_url":"https:\/\/candas365.es\/noticias\/un-zapato-de-la-talla-240\/","robots":"max-image-preview:large","keywords":"revista","webmasterTools":{"google-site-verification":"UA-32230408-1","msvalidate.01":"354F3CDFB2DA171B47FBE9ABF1F88D5","miscellaneous":""},"schema":{"@context":"https:\/\/schema.org","@graph":[{"@type":"BreadcrumbList","@id":"https:\/\/candas365.es\/noticias\/un-zapato-de-la-talla-240\/#breadcrumblist","itemListElement":[{"@type":"ListItem","@id":"https:\/\/candas365.es\/noticias#listItem","position":1,"name":"Home","item":"https:\/\/candas365.es\/noticias","nextItem":{"@type":"ListItem","@id":"https:\/\/candas365.es\/noticias\/category\/revista\/#listItem","name":"Revista"}},{"@type":"ListItem","@id":"https:\/\/candas365.es\/noticias\/category\/revista\/#listItem","position":2,"name":"Revista","item":"https:\/\/candas365.es\/noticias\/category\/revista\/","nextItem":{"@type":"ListItem","@id":"https:\/\/candas365.es\/noticias\/un-zapato-de-la-talla-240\/#listItem","name":"Un zapato de la talla 240 !!"},"previousItem":{"@type":"ListItem","@id":"https:\/\/candas365.es\/noticias#listItem","name":"Home"}},{"@type":"ListItem","@id":"https:\/\/candas365.es\/noticias\/un-zapato-de-la-talla-240\/#listItem","position":3,"name":"Un zapato de la talla 240 !!","previousItem":{"@type":"ListItem","@id":"https:\/\/candas365.es\/noticias\/category\/revista\/#listItem","name":"Revista"}}]},{"@type":"NewsArticle","@id":"https:\/\/candas365.es\/noticias\/un-zapato-de-la-talla-240\/#newsarticle","name":"Un zapato de la talla 240 !! | Cand\u00e1s 365","headline":"Un zapato de la talla 240 !!","author":{"@id":"https:\/\/candas365.es\/noticias\/author\/admin\/#author"},"publisher":{"@id":"https:\/\/candas365.es\/noticias\/#organization"},"image":{"@type":"ImageObject","url":"https:\/\/candas365.es\/noticias\/wp-content\/uploads\/2021\/08\/zapateros-alemanes.jpg","width":988,"height":658,"caption":"Los zapateros alemanes Matth\u00e4us J\u00f6rg (izda.) y Johannes Schunk fabricaron con la ayuda de un carpintero un zapato de la talla 240. Foto: Marijan Murat\/dpa"},"datePublished":"2021-08-22T23:36:06+02:00","dateModified":"2021-08-22T23:36:39+02:00","inLanguage":"es-ES","mainEntityOfPage":{"@id":"https:\/\/candas365.es\/noticias\/un-zapato-de-la-talla-240\/#webpage"},"isPartOf":{"@id":"https:\/\/candas365.es\/noticias\/un-zapato-de-la-talla-240\/#webpage"},"articleSection":"Revista, Destacadas, Mundo curioso, Revista","dateline":"Publicado el agosto 22, 2021."},{"@type":"Organization","@id":"https:\/\/candas365.es\/noticias\/#organization","name":"Cand\u00e1s 365","description":"Cand\u00e1s 365 es un diario digital independiente, fundado en 2012, con base en Asturias. Informamos con rigor sobre actualidad, sociedad, cultura y ocio, con una mirada local y global.","url":"https:\/\/candas365.es\/noticias\/","email":"info@candas365.es","telephone":"+34652131393","foundingDate":"2012-06-10","logo":{"@type":"ImageObject","url":"https:\/\/candas365.es\/noticias\/wp-content\/uploads\/2024\/09\/Candas-365-Redes.jpg","@id":"https:\/\/candas365.es\/noticias\/un-zapato-de-la-talla-240\/#organizationLogo","width":1152,"height":864,"caption":"Cand\u00e1s 365 Redes"},"image":{"@id":"https:\/\/candas365.es\/noticias\/un-zapato-de-la-talla-240\/#organizationLogo"},"sameAs":["https:\/\/www.facebook.com\/Nachofdezber","https:\/\/x.com\/NabercoDigital","https:\/\/www.instagram.com\/nachofdezber\/","https:\/\/www.youtube.com\/channel\/UCZP-2wLEB9Rv6erhFmqVnvg"],"address":{"@id":"https:\/\/candas365.es\/noticias\/#postaladdress","@type":"PostalAddress","streetAddress":"san antonio 4, san antonio 4","postalCode":"33430","addressLocality":"Cand\u00e1s","addressRegion":"Asturias","addressCountry":"ES"}},{"@type":"Person","@id":"https:\/\/candas365.es\/noticias\/author\/admin\/#author","url":"https:\/\/candas365.es\/noticias\/author\/admin\/","name":"Cand\u00e1s 365","image":{"@type":"ImageObject","@id":"https:\/\/candas365.es\/noticias\/un-zapato-de-la-talla-240\/#authorImage","url":"https:\/\/secure.gravatar.com\/avatar\/496a8e03d0c493ede1718b7934145dbdf8d89be1036b0eec9544e1094c9de390?s=96&d=mm&r=g","width":96,"height":96,"caption":"Cand\u00e1s 365"},"sameAs":["https:\/\/www.facebook.com\/carrenoactualidad","https:\/\/twitter.com\/nbasturias","https:\/\/www.instagram.com\/nachofdezber\/","https:\/\/www.youtube.com\/channel\/UCZP-2wLEB9Rv6erhFmqVnvg"]},{"@type":"WebPage","@id":"https:\/\/candas365.es\/noticias\/un-zapato-de-la-talla-240\/#webpage","url":"https:\/\/candas365.es\/noticias\/un-zapato-de-la-talla-240\/","name":"Un zapato de la talla 240 !! | Cand\u00e1s 365","description":"Dos zapateros alemanes crearon, con la ayuda de un carpintero, un zapato de la talla 240 solo por amor a los zapatos y a su oficio","inLanguage":"es-ES","isPartOf":{"@id":"https:\/\/candas365.es\/noticias\/#website"},"breadcrumb":{"@id":"https:\/\/candas365.es\/noticias\/un-zapato-de-la-talla-240\/#breadcrumblist"},"author":{"@id":"https:\/\/candas365.es\/noticias\/author\/admin\/#author"},"creator":{"@id":"https:\/\/candas365.es\/noticias\/author\/admin\/#author"},"image":{"@type":"ImageObject","url":"https:\/\/candas365.es\/noticias\/wp-content\/uploads\/2021\/08\/zapateros-alemanes.jpg","@id":"https:\/\/candas365.es\/noticias\/un-zapato-de-la-talla-240\/#mainImage","width":988,"height":658,"caption":"Los zapateros alemanes Matth\u00e4us J\u00f6rg (izda.) y Johannes Schunk fabricaron con la ayuda de un carpintero un zapato de la talla 240. Foto: Marijan Murat\/dpa"},"primaryImageOfPage":{"@id":"https:\/\/candas365.es\/noticias\/un-zapato-de-la-talla-240\/#mainImage"},"datePublished":"2021-08-22T23:36:06+02:00","dateModified":"2021-08-22T23:36:39+02:00"},{"@type":"WebSite","@id":"https:\/\/candas365.es\/noticias\/#website","url":"https:\/\/candas365.es\/noticias\/","name":"Cand\u00e1s 365","alternateName":"Cand\u00e1s 365 Noticias","description":"Actualidad desde Carre\u00f1o para el mundo","inLanguage":"es-ES","publisher":{"@id":"https:\/\/candas365.es\/noticias\/#organization"}}]},"og:locale":"es_ES","og:site_name":"Cand\u00e1s 365","og:type":"article","og:title":"Un zapato de la talla 240 !! | Cand\u00e1s 365","og:description":"Dos zapateros alemanes crearon, con la ayuda de un carpintero, un zapato de la talla 240 solo por amor a los zapatos y a su oficio","og:url":"https:\/\/candas365.es\/noticias\/un-zapato-de-la-talla-240\/","og:image":"https:\/\/candas365.es\/noticias\/wp-content\/uploads\/2021\/08\/zapateros-alemanes.jpg","og:image:secure_url":"https:\/\/candas365.es\/noticias\/wp-content\/uploads\/2021\/08\/zapateros-alemanes.jpg","og:image:width":988,"og:image:height":658,"article:published_time":"2021-08-22T23:36:06+00:00","article:modified_time":"2021-08-22T23:36:39+00:00","article:publisher":"https:\/\/www.facebook.com\/Nachofdezber","article:author":"https:\/\/www.facebook.com\/carrenoactualidad","twitter:card":"summary_large_image","twitter:site":"@NabercoDigital","twitter:title":"Un zapato de la talla 240 !! | Cand\u00e1s 365","twitter:description":"Dos zapateros alemanes crearon, con la ayuda de un carpintero, un zapato de la talla 240 solo por amor a los zapatos y a su oficio","twitter:creator":"@nbasturias","twitter:image":"https:\/\/candas365.es\/noticias\/wp-content\/uploads\/2021\/08\/zapateros-alemanes.jpg","twitter:label1":"Escrito por","twitter:data1":"Cand\u00e1s 365","twitter:label2":"Tiempo de lectura estimado","twitter:data2":"2 minutos"},"aioseo_meta_data":{"post_id":"157456","title":null,"description":"Dos zapateros alemanes crearon, con la ayuda de un carpintero, un zapato de la talla 240 solo por amor a los zapatos y a su oficio","keywords":[],"keyphrases":{"focus":{"keyphrase":" zapato de la talla 240","score":100,"analysis":{"keyphraseInTitle":{"title":"Frase clave objetivo en el t\u00edtulo SEO","description":"Frase clave objetivo encontrada en el t\u00edtulo SEO.","score":9,"maxScore":9,"error":0},"keyphraseInDescription":{"title":"Frase clave objetivo en la meta descripci\u00f3n","description":"Frase clave objetivo encontrada en la meta descripci\u00f3n.","score":9,"maxScore":9,"error":0},"keyphraseInURL":{"title":"Frase clave objetivo en la URL","description":"Frase clave objetivo usada en la URL.","score":5,"maxScore":5,"error":0},"keyphraseLength":{"title":"Longitud de la Frase clave objetivo","description":"\u00a1Buen trabajo!","score":9,"maxScore":9,"error":0,"length":4},"keyphraseInIntroduction":{"title":"Frase clave objetivo en la introducci\u00f3n","description":"Su Frase clave objetivo aparece en el primer p\u00e1rrafo. \u00a1Bien hecho!","score":9,"maxScore":9,"error":0},"keyphraseInSubHeadings":[],"keyphraseInImageAlt":{"title":"Frase clave objetivo en los atributos alt de la imagen.","description":"Frase clave objetivo encontrada en los atributos alt de la(s) imagen(es).","score":9,"maxScore":9,"error":0}}},"additional":[{"keyphrase":"zapateros alemanes ","score":83,"analysis":{"keyphraseInDescription":{"title":"Frase clave en la meta descripci\u00f3n","description":"Frase clave encontrada en la meta descripci\u00f3n.","score":9,"maxScore":9,"error":0},"keyphraseLength":{"title":"Longitud de la Frase clave","description":"\u00a1Buen trabajo!","score":9,"maxScore":9,"error":0,"length":2},"keyphraseInIntroduction":{"title":"Frase clave en la introducci\u00f3n","description":"Su Frase clave aparece en el primer p\u00e1rrafo. \u00a1Bien hecho!","score":9,"maxScore":9,"error":0},"keyphraseInImageAlt":{"title":"Frase clave en los atributos alt de la imagen.","description":"Frase clave no se encuentra en los atributos alt de la imagen. A\u00f1ada una imagen con su Frase clave como texto alternativo.","score":3,"maxScore":9,"error":1}}},{"keyphrase":"carpintero","score":83,"analysis":{"keyphraseInDescription":{"title":"Frase clave en la meta descripci\u00f3n","description":"Frase clave encontrada en la meta descripci\u00f3n.","score":9,"maxScore":9,"error":0},"keyphraseLength":{"title":"Longitud de la Frase clave","description":"\u00a1Buen trabajo!","score":9,"maxScore":9,"error":0,"length":1},"keyphraseInIntroduction":{"title":"Frase clave en la introducci\u00f3n","description":"Su Frase clave aparece en el primer p\u00e1rrafo. \u00a1Bien hecho!","score":9,"maxScore":9,"error":0},"keyphraseInImageAlt":{"title":"Frase clave en los atributos alt de la imagen.","description":"Frase clave no se encuentra en los atributos alt de la imagen. A\u00f1ada una imagen con su Frase clave como texto alternativo.","score":3,"maxScore":9,"error":1}}}]},"primary_term":null,"canonical_url":null,"og_title":null,"og_description":null,"og_object_type":"default","og_image_type":"default","og_image_url":null,"og_image_width":null,"og_image_height":null,"og_image_custom_url":null,"og_image_custom_fields":null,"og_video":"","og_custom_url":null,"og_article_section":null,"og_article_tags":[],"twitter_use_og":false,"twitter_card":"default","twitter_image_type":"default","twitter_image_url":null,"twitter_image_custom_url":null,"twitter_image_custom_fields":null,"twitter_title":null,"twitter_description":null,"schema":{"blockGraphs":[],"customGraphs":[],"default":{"data":{"Article":[],"Course":[],"Dataset":[],"FAQPage":[],"Movie":[],"Person":[],"Product":[],"ProductReview":[],"Car":[],"Recipe":[],"Service":[],"SoftwareApplication":[],"WebPage":[]},"graphName":"","isEnabled":true},"graphs":[],"defaultGraph":"Article","defaultPostTypeGraph":""},"schema_type":"default","schema_type_options":"{\"article\":{\"articleType\":\"BlogPosting\"},\"course\":{\"name\":\"\",\"description\":\"\",\"provider\":\"\"},\"faq\":{\"pages\":[]},\"product\":{\"reviews\":[]},\"recipe\":{\"ingredients\":[],\"instructions\":[],\"keywords\":[]},\"software\":{\"reviews\":[],\"operatingSystems\":[]},\"webPage\":{\"webPageType\":\"WebPage\"}}","pillar_content":false,"robots_default":true,"robots_noindex":false,"robots_noarchive":false,"robots_nosnippet":false,"robots_nofollow":false,"robots_noimageindex":false,"robots_noodp":false,"robots_notranslate":false,"robots_max_snippet":"-1","robots_max_videopreview":"-1","robots_max_imagepreview":"large","priority":null,"frequency":"default","location":null,"local_seo":{"locations":{"business":{"name":"","businessType":"","image":"","areaServed":"","urls":{"website":"","aboutPage":"","contactPage":""},"address":{"streetLine1":"","streetLine2":"","zipCode":"","city":"","state":"","country":"","addressFormat":"#streetLineOne\n#streetLineTwo\n#city, #state #zipCode"},"contact":{"email":"","phone":"","phoneFormatted":"","fax":"","faxFormatted":""},"ids":{"vat":"","tax":"","chamberOfCommerce":""},"payment":{"priceRange":"","currenciesAccepted":"","methods":""}}},"openingHours":{"useDefaults":true,"show":true,"alwaysOpen":false,"use24hFormat":false,"timezone":"","labels":{"closed":"","alwaysOpen":""},"days":{"monday":{"open24h":false,"closed":false,"openTime":"09:00","closeTime":"17:00"},"tuesday":{"open24h":false,"closed":false,"openTime":"09:00","closeTime":"17:00"},"wednesday":{"open24h":false,"closed":false,"openTime":"09:00","closeTime":"17:00"},"thursday":{"open24h":false,"closed":false,"openTime":"09:00","closeTime":"17:00"},"friday":{"open24h":false,"closed":false,"openTime":"09:00","closeTime":"17:00"},"saturday":{"open24h":false,"closed":false,"openTime":"09:00","closeTime":"17:00"},"sunday":{"open24h":false,"closed":false,"openTime":"09:00","closeTime":"17:00"}}}},"seo_analyzer_scan_date":"2025-09-01 00:51:10","breadcrumb_settings":null,"limit_modified_date":false,"reviewed_by":null,"open_ai":null,"ai":null,"created":"2021-08-22 23:32:12","updated":"2025-09-01 00:51:10"},"aioseo_breadcrumb":"<div class=\"aioseo-breadcrumbs\"><span class=\"aioseo-breadcrumb\">\n\t<a href=\"https:\/\/candas365.es\/noticias\" title=\"Home\">Home<\/a>\n<\/span><span class=\"aioseo-breadcrumb-separator\">&ndash;<\/span><span class=\"aioseo-breadcrumb\">\n\t<a href=\"https:\/\/candas365.es\/noticias\/category\/revista\/\" title=\"Revista\">Revista<\/a>\n<\/span><span class=\"aioseo-breadcrumb-separator\">&ndash;<\/span><span class=\"aioseo-breadcrumb\">\n\tUn zapato de la talla 240 !!\n<\/span><\/div>","aioseo_breadcrumb_json":[{"label":"Home","link":"https:\/\/candas365.es\/noticias"},{"label":"Revista","link":"https:\/\/candas365.es\/noticias\/category\/revista\/"},{"label":"Un zapato de la talla 240 !!","link":"https:\/\/candas365.es\/noticias\/un-zapato-de-la-talla-240\/"}],"_links":{"self":[{"href":"https:\/\/candas365.es\/noticias\/wp-json\/wp\/v2\/posts\/157456","targetHints":{"allow":["GET"]}}],"collection":[{"href":"https:\/\/candas365.es\/noticias\/wp-json\/wp\/v2\/posts"}],"about":[{"href":"https:\/\/candas365.es\/noticias\/wp-json\/wp\/v2\/types\/post"}],"author":[{"embeddable":true,"href":"https:\/\/candas365.es\/noticias\/wp-json\/wp\/v2\/users\/1"}],"replies":[{"embeddable":true,"href":"https:\/\/candas365.es\/noticias\/wp-json\/wp\/v2\/comments?post=157456"}],"version-history":[{"count":0,"href":"https:\/\/candas365.es\/noticias\/wp-json\/wp\/v2\/posts\/157456\/revisions"}],"wp:featuredmedia":[{"embeddable":true,"href":"https:\/\/candas365.es\/noticias\/wp-json\/wp\/v2\/media\/157457"}],"wp:attachment":[{"href":"https:\/\/candas365.es\/noticias\/wp-json\/wp\/v2\/media?parent=157456"}],"wp:term":[{"taxonomy":"category","embeddable":true,"href":"https:\/\/candas365.es\/noticias\/wp-json\/wp\/v2\/categories?post=157456"},{"taxonomy":"post_tag","embeddable":true,"href":"https:\/\/candas365.es\/noticias\/wp-json\/wp\/v2\/tags?post=157456"}],"curies":[{"name":"wp","href":"https:\/\/api.w.org\/{rel}","templated":true}]}}