{"id":157447,"date":"2021-08-21T18:16:05","date_gmt":"2021-08-21T18:16:05","guid":{"rendered":"http:\/\/candas365.es\/noticias\/?p=157447"},"modified":"2021-08-21T18:16:05","modified_gmt":"2021-08-21T18:16:05","slug":"ancelotti-el-tema-con-cristiano-se-ha-terminado","status":"publish","type":"post","link":"https:\/\/candas365.es\/noticias\/ancelotti-el-tema-con-cristiano-se-ha-terminado\/","title":{"rendered":"Ancelotti: \u00abEl tema con Cristiano se ha terminado\u00bb"},"content":{"rendered":"<p><img fetchpriority=\"high\" decoding=\"async\" class=\"alignleft size-medium wp-image-94788\" src=\"https:\/\/candas365.es\/noticias\/wp-content\/uploads\/2018\/04\/stadium-1813343_960_720-360x239.jpg\" alt=\"\" width=\"360\" height=\"239\" srcset=\"https:\/\/candas365.es\/noticias\/wp-content\/uploads\/2018\/04\/stadium-1813343_960_720-360x239.jpg 360w, https:\/\/candas365.es\/noticias\/wp-content\/uploads\/2018\/04\/stadium-1813343_960_720-768x510.jpg 768w, https:\/\/candas365.es\/noticias\/wp-content\/uploads\/2018\/04\/stadium-1813343_960_720-655x435.jpg 655w, https:\/\/candas365.es\/noticias\/wp-content\/uploads\/2018\/04\/stadium-1813343_960_720-696x463.jpg 696w, https:\/\/candas365.es\/noticias\/wp-content\/uploads\/2018\/04\/stadium-1813343_960_720-632x420.jpg 632w, https:\/\/candas365.es\/noticias\/wp-content\/uploads\/2018\/04\/stadium-1813343_960_720.jpg 960w\" sizes=\"(max-width: 360px) 100vw, 360px\" \/>(EP) &#8211; El entrenador del Real Madrid,<strong> Carlo Ancelotti, asegur\u00f3 que no est\u00e1 preocupado ni le importa \u00ablo que pase en el cierre de mercado\u00bb<\/strong> dando a entender que el conjunto blanco no realizar\u00e1 ninguna incorporaci\u00f3n en los diez d\u00edas que restan, adem\u00e1s de afirmar que la plantilla merengue est\u00e1 \u00abllena de estrellas\u00bb.<\/p>\n<p>\u00abNo me importa lo que pase en los pr\u00f3ximos d\u00edas antes del cierre de mercado\u00bb, dijo Ancelotti, que neg\u00f3 saber algo sobre la posible llegada de Kylian Mbapp\u00e9. \u00abNo s\u00e9 lo que va a pasar con \u00e9l. De verdad, no lo s\u00e9. Yo me centro en entrenar a los magn\u00edficos jugadores que tenemos aqu\u00ed y ya est\u00e1\u00bb, a\u00f1adi\u00f3 el italiano en la rueda de prensa previa al partido contra el Levante de este domingo.<\/p>\n<p>\u00abClaro que hablo con el club (sobre los posibles fichajes) y vamos en la misma sinton\u00eda sobre lo que hay que hacer, pero no s\u00e9 nada de lo que pueda pasar\u00bb, indic\u00f3 Ancelotti, que tambi\u00e9n volvi\u00f3 a zanjar la pol\u00e9mica surgida sobre el futuro de Cristiano Ronaldo. \u00ab<span style=\"color: #ff6600;\"><a style=\"color: #ff6600;\" href=\"https:\/\/www.eldigitaldeasturias.com\/noticias\/cristiano-ronaldo-seguira-en-la-juventus\/\" target=\"_blank\" rel=\"noopener\"><strong>El tema con Cristiano se ha terminado<\/strong><\/a><\/span>. Aclar\u00e9 los rumores. Miramos adelante. Todos tenemos cari\u00f1o a Cristiano y yo el que m\u00e1s, que me ayud\u00f3 a ganar t\u00edtulos\u00bb, apunt\u00f3.<\/p>\n<p><strong>En otras cuestiones, el entrenador madridista puso el acento en Karim Benzema, renovado esta semana hasta 2023<\/strong>, dijo que es \u00abuna pieza fundamental de este equipo\u00bb. \u00abLo veo m\u00e1s maduro, con m\u00e1s personalidad. Es un placer entrenarlo y verlo jugar. \u00c9l tiene muchas ganas de seguir en el Real Madrid\u00bb, a\u00f1adi\u00f3.<\/p>\n<p>Y sobre las ausencias para el duelo en el Ciutat de Val\u00e9ncia, Ancelotti confirm\u00f3 que no estar\u00e1n ni Modric, ni Kroos. \u00abNo s\u00e9 si Modric podr\u00e1 jugar contra el Betis (en la tercera jornada) porque tiene un peque\u00f1o problema. Kroos volver\u00e1 tras el par\u00f3n\u00bb, explic\u00f3 el preparador de Reggiolo, que confirm\u00f3 el regreso de Dani Carvajal al lateral derecho.<\/p>\n<p>En este sentido se mostr\u00f3 satisfecho con sus jugadores m\u00e1s all\u00e1 de que se quede como est\u00e1 a 31 de agosto. <strong>\u00abEsta plantilla tal y como est\u00e1 puede competir por todo. \u00bfEstrellas? Courtois, Carvajal, Nacho, Alaba, Benzema, Bale, Hazard&#8230; Tenemos que trabajar como un equipo\u00bb, manifest\u00f3<\/strong>.<\/p>\n<p>\u00abLa ausencia de Modric es importante pero tenemos una plantilla que es capaz de todo. Pienso que podemos tambi\u00e9n podemos competir si no tenemos a Modric y Kroos. La presencia de Casemiro es fundamental, muy, muy importante para este equipo, y tambi\u00e9n Valverde, que lo hizo muy bien ante el Alav\u00e9s. Estamos bien en el centro del campo si no tenemos a las dos estrellas\u00bb, asever\u00f3.<\/p>\n<p><strong>\u00ab\u00bfIsco? Est\u00e1 motivado, tiene ganas de mostrar su calidad y est\u00e1 listo para jugar. Puede ser que ma\u00f1ana juegue o que no, pero tiene todas las condiciones para jugar y mostrar su calidad\u00bb, reiter\u00f3<\/strong>. \u00abEn los \u00faltimos a\u00f1os no lo ha pasado bien, pero est\u00e1 trabajando bien y ahora lo ha entendido\u00bb, agreg\u00f3 Ancelotti, que confirm\u00f3 las pruebas con Marco Asensio en banda izquierda o derecha. \u00abLe estoy entrenando en una posici\u00f3n un poco distinta y le est\u00e1 gustando\u00bb, desvel\u00f3.<\/p>\n<h2>\u00abHAZARD NO TIENE MIEDO DE IR AL CHOQUE\u00bb<\/h2>\n<p>En otras cuestiones, Ancelotti se mostr\u00f3 satisfecho con el nivel de Eden Hazard y asegur\u00f3 que \u00abno tiene miedo de ir al choque\u00bb debido a sus recurrentes lesiones en la \u00faltima temporada. \u00abLo est\u00e1 haciendo bien, es verdad que no est\u00e1 en su condici\u00f3n \u00f3ptima, pero est\u00e1 cerca. Est\u00e1 trabajando bien y ha hecho todos los entrenamientos. Lucha y compite y no veo a un jugador que tenga miedo de ir al choque\u00bb.<\/p>\n<p>\u00abVeo a un jugador que tiene muchas ganas de mostrar su calidad\u00bb, sentenci\u00f3 Ancelotti, que considera un \u00abaspecto diferencial\u00bb la fortaleza mental para jugar en el Real Madrid. \u00abSi uno llega aqu\u00ed es porque tiene cualidades f\u00edsicas o t\u00e9cnicas, pero despu\u00e9s ese gran jugador tiene que manifestar y mostrar su car\u00e1cter y personalidad. Esto no siempre pasa\u00bb, avis\u00f3.<\/p>\n<p>\u00abHay jugadores que tienen problemas mentales para desarrollar sus condiciones. Esto es m\u00e1s importante ahora que cuando yo jugaba hace 20 a\u00f1os. Ahora el f\u00fatbol ha cambiado un poco\u00bb, finaliz\u00f3 Ancelotti antes de la visita al Levante, contra quien cree que pueden \u00abhacer un buen partido\u00bb con motivo de la segunda jornada en la Liga Santander (22.00 horas).<\/p>\n","protected":false},"excerpt":{"rendered":"<p>(EP) &#8211; El entrenador del Real Madrid, Carlo Ancelotti, asegur\u00f3 que no est\u00e1 preocupado ni le importa \u00ablo que pase en el cierre de mercado\u00bb dando a entender que el conjunto blanco no realizar\u00e1 ninguna incorporaci\u00f3n en los diez d\u00edas que restan, adem\u00e1s de afirmar que la plantilla merengue est\u00e1 \u00abllena de estrellas\u00bb. \u00abNo me<\/p>\n","protected":false},"author":1,"featured_media":94788,"comment_status":"closed","ping_status":"closed","sticky":false,"template":"","format":"standard","meta":{"footnotes":""},"categories":[319],"tags":[387,389],"class_list":{"0":"post-157447","1":"post","2":"type-post","3":"status-publish","4":"format-standard","5":"has-post-thumbnail","7":"category-deporte","8":"tag-deporte","9":"tag-futbol"},"aioseo_notices":[],"aioseo_head":"\n\t\t<!-- All in One SEO Pro 4.9.6.2 - aioseo.com -->\n\t<meta name=\"description\" content=\"El entrenador del Real Madrid, Carlo Ancelotti, asegur\u00f3 que no est\u00e1 preocupado ni le importa &quot;lo que pase en el cierre de mercado&quot;\" \/>\n\t<meta name=\"robots\" content=\"max-image-preview:large\" \/>\n\t<meta name=\"author\" content=\"Cand\u00e1s 365\"\/>\n\t<meta name=\"google-site-verification\" content=\"UA-32230408-1\" \/>\n\t<meta name=\"msvalidate.01\" content=\"354F3CDFB2DA171B47FBE9ABF1F88D5\" \/>\n\t<meta name=\"keywords\" content=\"deportes,f\u00fatbol,real madrid,deporte\" \/>\n\t<link rel=\"canonical\" href=\"https:\/\/candas365.es\/noticias\/ancelotti-el-tema-con-cristiano-se-ha-terminado\/\" \/>\n\t<meta name=\"generator\" content=\"All in One SEO Pro (AIOSEO) 4.9.6.2\" \/>\n\t\t<meta property=\"og:locale\" content=\"es_ES\" \/>\n\t\t<meta property=\"og:site_name\" content=\"Cand\u00e1s 365\" \/>\n\t\t<meta property=\"og:type\" content=\"article\" \/>\n\t\t<meta property=\"og:title\" content=\"Ancelotti: \u00abEl tema con Cristiano se ha terminado\u00bb | Cand\u00e1s 365\" \/>\n\t\t<meta property=\"og:description\" content=\"El entrenador del Real Madrid, Carlo Ancelotti, asegur\u00f3 que no est\u00e1 preocupado ni le importa &quot;lo que pase en el cierre de mercado&quot;\" \/>\n\t\t<meta property=\"og:url\" content=\"https:\/\/candas365.es\/noticias\/ancelotti-el-tema-con-cristiano-se-ha-terminado\/\" \/>\n\t\t<meta property=\"og:image\" content=\"https:\/\/candas365.es\/noticias\/wp-content\/uploads\/2018\/04\/stadium-1813343_960_720.jpg\" \/>\n\t\t<meta property=\"og:image:secure_url\" content=\"https:\/\/candas365.es\/noticias\/wp-content\/uploads\/2018\/04\/stadium-1813343_960_720.jpg\" \/>\n\t\t<meta property=\"og:image:width\" content=\"960\" \/>\n\t\t<meta property=\"og:image:height\" content=\"638\" \/>\n\t\t<meta property=\"article:published_time\" content=\"2021-08-21T18:16:05+00:00\" \/>\n\t\t<meta property=\"article:modified_time\" content=\"2021-08-21T18:16:05+00:00\" \/>\n\t\t<meta property=\"article:publisher\" content=\"https:\/\/www.facebook.com\/Nachofdezber\" \/>\n\t\t<meta property=\"article:author\" content=\"https:\/\/www.facebook.com\/carrenoactualidad\" \/>\n\t\t<meta name=\"twitter:card\" content=\"summary_large_image\" \/>\n\t\t<meta name=\"twitter:site\" content=\"@NabercoDigital\" \/>\n\t\t<meta name=\"twitter:title\" content=\"Ancelotti: \u00abEl tema con Cristiano se ha terminado\u00bb | Cand\u00e1s 365\" \/>\n\t\t<meta name=\"twitter:description\" content=\"El entrenador del Real Madrid, Carlo Ancelotti, asegur\u00f3 que no est\u00e1 preocupado ni le importa &quot;lo que pase en el cierre de mercado&quot;\" \/>\n\t\t<meta name=\"twitter:creator\" content=\"@nbasturias\" \/>\n\t\t<meta name=\"twitter:image\" content=\"https:\/\/candas365.es\/noticias\/wp-content\/uploads\/2018\/04\/stadium-1813343_960_720.jpg\" \/>\n\t\t<meta name=\"twitter:label1\" content=\"Escrito por\" \/>\n\t\t<meta name=\"twitter:data1\" content=\"Cand\u00e1s 365\" \/>\n\t\t<meta name=\"twitter:label2\" content=\"Tiempo de lectura estimado\" \/>\n\t\t<meta name=\"twitter:data2\" content=\"4 minutos\" \/>\n\t\t<script type=\"application\/ld+json\" class=\"aioseo-schema\">\n\t\t\t{\"@context\":\"https:\\\/\\\/schema.org\",\"@graph\":[{\"@type\":\"BreadcrumbList\",\"@id\":\"https:\\\/\\\/candas365.es\\\/noticias\\\/ancelotti-el-tema-con-cristiano-se-ha-terminado\\\/#breadcrumblist\",\"itemListElement\":[{\"@type\":\"ListItem\",\"@id\":\"https:\\\/\\\/candas365.es\\\/noticias#listItem\",\"position\":1,\"name\":\"Home\",\"item\":\"https:\\\/\\\/candas365.es\\\/noticias\",\"nextItem\":{\"@type\":\"ListItem\",\"@id\":\"https:\\\/\\\/candas365.es\\\/noticias\\\/category\\\/deporte\\\/#listItem\",\"name\":\"Deporte\"}},{\"@type\":\"ListItem\",\"@id\":\"https:\\\/\\\/candas365.es\\\/noticias\\\/category\\\/deporte\\\/#listItem\",\"position\":2,\"name\":\"Deporte\",\"item\":\"https:\\\/\\\/candas365.es\\\/noticias\\\/category\\\/deporte\\\/\",\"nextItem\":{\"@type\":\"ListItem\",\"@id\":\"https:\\\/\\\/candas365.es\\\/noticias\\\/ancelotti-el-tema-con-cristiano-se-ha-terminado\\\/#listItem\",\"name\":\"Ancelotti: \\u00abEl tema con Cristiano se ha terminado\\u00bb\"},\"previousItem\":{\"@type\":\"ListItem\",\"@id\":\"https:\\\/\\\/candas365.es\\\/noticias#listItem\",\"name\":\"Home\"}},{\"@type\":\"ListItem\",\"@id\":\"https:\\\/\\\/candas365.es\\\/noticias\\\/ancelotti-el-tema-con-cristiano-se-ha-terminado\\\/#listItem\",\"position\":3,\"name\":\"Ancelotti: \\u00abEl tema con Cristiano se ha terminado\\u00bb\",\"previousItem\":{\"@type\":\"ListItem\",\"@id\":\"https:\\\/\\\/candas365.es\\\/noticias\\\/category\\\/deporte\\\/#listItem\",\"name\":\"Deporte\"}}]},{\"@type\":\"NewsArticle\",\"@id\":\"https:\\\/\\\/candas365.es\\\/noticias\\\/ancelotti-el-tema-con-cristiano-se-ha-terminado\\\/#newsarticle\",\"name\":\"Ancelotti: \\u00abEl tema con Cristiano se ha terminado\\u00bb | Cand\\u00e1s 365\",\"headline\":\"Ancelotti: \\u00abEl tema con Cristiano se ha terminado\\u00bb\",\"author\":{\"@id\":\"https:\\\/\\\/candas365.es\\\/noticias\\\/author\\\/admin\\\/#author\"},\"publisher\":{\"@id\":\"https:\\\/\\\/candas365.es\\\/noticias\\\/#organization\"},\"image\":{\"@type\":\"ImageObject\",\"url\":\"https:\\\/\\\/candas365.es\\\/noticias\\\/wp-content\\\/uploads\\\/2018\\\/04\\\/stadium-1813343_960_720.jpg\",\"width\":960,\"height\":638},\"datePublished\":\"2021-08-21T18:16:05+02:00\",\"dateModified\":\"2021-08-21T18:16:05+02:00\",\"inLanguage\":\"es-ES\",\"mainEntityOfPage\":{\"@id\":\"https:\\\/\\\/candas365.es\\\/noticias\\\/ancelotti-el-tema-con-cristiano-se-ha-terminado\\\/#webpage\"},\"isPartOf\":{\"@id\":\"https:\\\/\\\/candas365.es\\\/noticias\\\/ancelotti-el-tema-con-cristiano-se-ha-terminado\\\/#webpage\"},\"articleSection\":\"Deporte, deporte, f\\u00fatbol\",\"dateline\":\"Publicado el agosto 21, 2021.\"},{\"@type\":\"Organization\",\"@id\":\"https:\\\/\\\/candas365.es\\\/noticias\\\/#organization\",\"name\":\"Cand\\u00e1s 365\",\"description\":\"Cand\\u00e1s 365 es un diario digital independiente, fundado en 2012, con base en Asturias. Informamos con rigor sobre actualidad, sociedad, cultura y ocio, con una mirada local y global.\",\"url\":\"https:\\\/\\\/candas365.es\\\/noticias\\\/\",\"email\":\"info@candas365.es\",\"telephone\":\"+34652131393\",\"foundingDate\":\"2012-06-10\",\"logo\":{\"@type\":\"ImageObject\",\"url\":\"https:\\\/\\\/candas365.es\\\/noticias\\\/wp-content\\\/uploads\\\/2024\\\/09\\\/Candas-365-Redes.jpg\",\"@id\":\"https:\\\/\\\/candas365.es\\\/noticias\\\/ancelotti-el-tema-con-cristiano-se-ha-terminado\\\/#organizationLogo\",\"width\":1152,\"height\":864,\"caption\":\"Cand\\u00e1s 365 Redes\"},\"image\":{\"@id\":\"https:\\\/\\\/candas365.es\\\/noticias\\\/ancelotti-el-tema-con-cristiano-se-ha-terminado\\\/#organizationLogo\"},\"sameAs\":[\"https:\\\/\\\/www.facebook.com\\\/Nachofdezber\",\"https:\\\/\\\/x.com\\\/NabercoDigital\",\"https:\\\/\\\/www.instagram.com\\\/nachofdezber\\\/\",\"https:\\\/\\\/www.youtube.com\\\/channel\\\/UCZP-2wLEB9Rv6erhFmqVnvg\"],\"address\":{\"@id\":\"https:\\\/\\\/candas365.es\\\/noticias\\\/#postaladdress\",\"@type\":\"PostalAddress\",\"streetAddress\":\"san antonio 4, san antonio 4\",\"postalCode\":\"33430\",\"addressLocality\":\"Cand\\u00e1s\",\"addressRegion\":\"Asturias\",\"addressCountry\":\"ES\"}},{\"@type\":\"Person\",\"@id\":\"https:\\\/\\\/candas365.es\\\/noticias\\\/author\\\/admin\\\/#author\",\"url\":\"https:\\\/\\\/candas365.es\\\/noticias\\\/author\\\/admin\\\/\",\"name\":\"Cand\\u00e1s 365\",\"image\":{\"@type\":\"ImageObject\",\"@id\":\"https:\\\/\\\/candas365.es\\\/noticias\\\/ancelotti-el-tema-con-cristiano-se-ha-terminado\\\/#authorImage\",\"url\":\"https:\\\/\\\/secure.gravatar.com\\\/avatar\\\/496a8e03d0c493ede1718b7934145dbdf8d89be1036b0eec9544e1094c9de390?s=96&d=mm&r=g\",\"width\":96,\"height\":96,\"caption\":\"Cand\\u00e1s 365\"},\"sameAs\":[\"https:\\\/\\\/www.facebook.com\\\/carrenoactualidad\",\"https:\\\/\\\/twitter.com\\\/nbasturias\",\"https:\\\/\\\/www.instagram.com\\\/nachofdezber\\\/\",\"https:\\\/\\\/www.youtube.com\\\/channel\\\/UCZP-2wLEB9Rv6erhFmqVnvg\"]},{\"@type\":\"WebPage\",\"@id\":\"https:\\\/\\\/candas365.es\\\/noticias\\\/ancelotti-el-tema-con-cristiano-se-ha-terminado\\\/#webpage\",\"url\":\"https:\\\/\\\/candas365.es\\\/noticias\\\/ancelotti-el-tema-con-cristiano-se-ha-terminado\\\/\",\"name\":\"Ancelotti: \\u00abEl tema con Cristiano se ha terminado\\u00bb | Cand\\u00e1s 365\",\"description\":\"El entrenador del Real Madrid, Carlo Ancelotti, asegur\\u00f3 que no est\\u00e1 preocupado ni le importa \\\"lo que pase en el cierre de mercado\\\"\",\"inLanguage\":\"es-ES\",\"isPartOf\":{\"@id\":\"https:\\\/\\\/candas365.es\\\/noticias\\\/#website\"},\"breadcrumb\":{\"@id\":\"https:\\\/\\\/candas365.es\\\/noticias\\\/ancelotti-el-tema-con-cristiano-se-ha-terminado\\\/#breadcrumblist\"},\"author\":{\"@id\":\"https:\\\/\\\/candas365.es\\\/noticias\\\/author\\\/admin\\\/#author\"},\"creator\":{\"@id\":\"https:\\\/\\\/candas365.es\\\/noticias\\\/author\\\/admin\\\/#author\"},\"image\":{\"@type\":\"ImageObject\",\"url\":\"https:\\\/\\\/candas365.es\\\/noticias\\\/wp-content\\\/uploads\\\/2018\\\/04\\\/stadium-1813343_960_720.jpg\",\"@id\":\"https:\\\/\\\/candas365.es\\\/noticias\\\/ancelotti-el-tema-con-cristiano-se-ha-terminado\\\/#mainImage\",\"width\":960,\"height\":638},\"primaryImageOfPage\":{\"@id\":\"https:\\\/\\\/candas365.es\\\/noticias\\\/ancelotti-el-tema-con-cristiano-se-ha-terminado\\\/#mainImage\"},\"datePublished\":\"2021-08-21T18:16:05+02:00\",\"dateModified\":\"2021-08-21T18:16:05+02:00\"},{\"@type\":\"WebSite\",\"@id\":\"https:\\\/\\\/candas365.es\\\/noticias\\\/#website\",\"url\":\"https:\\\/\\\/candas365.es\\\/noticias\\\/\",\"name\":\"Cand\\u00e1s 365\",\"alternateName\":\"Cand\\u00e1s 365 Noticias\",\"description\":\"Actualidad desde Carre\\u00f1o para el mundo\",\"inLanguage\":\"es-ES\",\"publisher\":{\"@id\":\"https:\\\/\\\/candas365.es\\\/noticias\\\/#organization\"}}]}\n\t\t<\/script>\n\t\t<!-- All in One SEO Pro -->\r\n\t\t<title>Ancelotti: \u00abEl tema con Cristiano se ha terminado\u00bb | Cand\u00e1s 365<\/title>\n\n","aioseo_head_json":{"title":"Ancelotti: \u00abEl tema con Cristiano se ha terminado\u00bb | Cand\u00e1s 365","description":"El entrenador del Real Madrid, Carlo Ancelotti, asegur\u00f3 que no est\u00e1 preocupado ni le importa \"lo que pase en el cierre de mercado\"","canonical_url":"https:\/\/candas365.es\/noticias\/ancelotti-el-tema-con-cristiano-se-ha-terminado\/","robots":"max-image-preview:large","keywords":"deportes,f\u00fatbol,real madrid,deporte","webmasterTools":{"google-site-verification":"UA-32230408-1","msvalidate.01":"354F3CDFB2DA171B47FBE9ABF1F88D5","miscellaneous":""},"schema":{"@context":"https:\/\/schema.org","@graph":[{"@type":"BreadcrumbList","@id":"https:\/\/candas365.es\/noticias\/ancelotti-el-tema-con-cristiano-se-ha-terminado\/#breadcrumblist","itemListElement":[{"@type":"ListItem","@id":"https:\/\/candas365.es\/noticias#listItem","position":1,"name":"Home","item":"https:\/\/candas365.es\/noticias","nextItem":{"@type":"ListItem","@id":"https:\/\/candas365.es\/noticias\/category\/deporte\/#listItem","name":"Deporte"}},{"@type":"ListItem","@id":"https:\/\/candas365.es\/noticias\/category\/deporte\/#listItem","position":2,"name":"Deporte","item":"https:\/\/candas365.es\/noticias\/category\/deporte\/","nextItem":{"@type":"ListItem","@id":"https:\/\/candas365.es\/noticias\/ancelotti-el-tema-con-cristiano-se-ha-terminado\/#listItem","name":"Ancelotti: \u00abEl tema con Cristiano se ha terminado\u00bb"},"previousItem":{"@type":"ListItem","@id":"https:\/\/candas365.es\/noticias#listItem","name":"Home"}},{"@type":"ListItem","@id":"https:\/\/candas365.es\/noticias\/ancelotti-el-tema-con-cristiano-se-ha-terminado\/#listItem","position":3,"name":"Ancelotti: \u00abEl tema con Cristiano se ha terminado\u00bb","previousItem":{"@type":"ListItem","@id":"https:\/\/candas365.es\/noticias\/category\/deporte\/#listItem","name":"Deporte"}}]},{"@type":"NewsArticle","@id":"https:\/\/candas365.es\/noticias\/ancelotti-el-tema-con-cristiano-se-ha-terminado\/#newsarticle","name":"Ancelotti: \u00abEl tema con Cristiano se ha terminado\u00bb | Cand\u00e1s 365","headline":"Ancelotti: \u00abEl tema con Cristiano se ha terminado\u00bb","author":{"@id":"https:\/\/candas365.es\/noticias\/author\/admin\/#author"},"publisher":{"@id":"https:\/\/candas365.es\/noticias\/#organization"},"image":{"@type":"ImageObject","url":"https:\/\/candas365.es\/noticias\/wp-content\/uploads\/2018\/04\/stadium-1813343_960_720.jpg","width":960,"height":638},"datePublished":"2021-08-21T18:16:05+02:00","dateModified":"2021-08-21T18:16:05+02:00","inLanguage":"es-ES","mainEntityOfPage":{"@id":"https:\/\/candas365.es\/noticias\/ancelotti-el-tema-con-cristiano-se-ha-terminado\/#webpage"},"isPartOf":{"@id":"https:\/\/candas365.es\/noticias\/ancelotti-el-tema-con-cristiano-se-ha-terminado\/#webpage"},"articleSection":"Deporte, deporte, f\u00fatbol","dateline":"Publicado el agosto 21, 2021."},{"@type":"Organization","@id":"https:\/\/candas365.es\/noticias\/#organization","name":"Cand\u00e1s 365","description":"Cand\u00e1s 365 es un diario digital independiente, fundado en 2012, con base en Asturias. Informamos con rigor sobre actualidad, sociedad, cultura y ocio, con una mirada local y global.","url":"https:\/\/candas365.es\/noticias\/","email":"info@candas365.es","telephone":"+34652131393","foundingDate":"2012-06-10","logo":{"@type":"ImageObject","url":"https:\/\/candas365.es\/noticias\/wp-content\/uploads\/2024\/09\/Candas-365-Redes.jpg","@id":"https:\/\/candas365.es\/noticias\/ancelotti-el-tema-con-cristiano-se-ha-terminado\/#organizationLogo","width":1152,"height":864,"caption":"Cand\u00e1s 365 Redes"},"image":{"@id":"https:\/\/candas365.es\/noticias\/ancelotti-el-tema-con-cristiano-se-ha-terminado\/#organizationLogo"},"sameAs":["https:\/\/www.facebook.com\/Nachofdezber","https:\/\/x.com\/NabercoDigital","https:\/\/www.instagram.com\/nachofdezber\/","https:\/\/www.youtube.com\/channel\/UCZP-2wLEB9Rv6erhFmqVnvg"],"address":{"@id":"https:\/\/candas365.es\/noticias\/#postaladdress","@type":"PostalAddress","streetAddress":"san antonio 4, san antonio 4","postalCode":"33430","addressLocality":"Cand\u00e1s","addressRegion":"Asturias","addressCountry":"ES"}},{"@type":"Person","@id":"https:\/\/candas365.es\/noticias\/author\/admin\/#author","url":"https:\/\/candas365.es\/noticias\/author\/admin\/","name":"Cand\u00e1s 365","image":{"@type":"ImageObject","@id":"https:\/\/candas365.es\/noticias\/ancelotti-el-tema-con-cristiano-se-ha-terminado\/#authorImage","url":"https:\/\/secure.gravatar.com\/avatar\/496a8e03d0c493ede1718b7934145dbdf8d89be1036b0eec9544e1094c9de390?s=96&d=mm&r=g","width":96,"height":96,"caption":"Cand\u00e1s 365"},"sameAs":["https:\/\/www.facebook.com\/carrenoactualidad","https:\/\/twitter.com\/nbasturias","https:\/\/www.instagram.com\/nachofdezber\/","https:\/\/www.youtube.com\/channel\/UCZP-2wLEB9Rv6erhFmqVnvg"]},{"@type":"WebPage","@id":"https:\/\/candas365.es\/noticias\/ancelotti-el-tema-con-cristiano-se-ha-terminado\/#webpage","url":"https:\/\/candas365.es\/noticias\/ancelotti-el-tema-con-cristiano-se-ha-terminado\/","name":"Ancelotti: \u00abEl tema con Cristiano se ha terminado\u00bb | Cand\u00e1s 365","description":"El entrenador del Real Madrid, Carlo Ancelotti, asegur\u00f3 que no est\u00e1 preocupado ni le importa \"lo que pase en el cierre de mercado\"","inLanguage":"es-ES","isPartOf":{"@id":"https:\/\/candas365.es\/noticias\/#website"},"breadcrumb":{"@id":"https:\/\/candas365.es\/noticias\/ancelotti-el-tema-con-cristiano-se-ha-terminado\/#breadcrumblist"},"author":{"@id":"https:\/\/candas365.es\/noticias\/author\/admin\/#author"},"creator":{"@id":"https:\/\/candas365.es\/noticias\/author\/admin\/#author"},"image":{"@type":"ImageObject","url":"https:\/\/candas365.es\/noticias\/wp-content\/uploads\/2018\/04\/stadium-1813343_960_720.jpg","@id":"https:\/\/candas365.es\/noticias\/ancelotti-el-tema-con-cristiano-se-ha-terminado\/#mainImage","width":960,"height":638},"primaryImageOfPage":{"@id":"https:\/\/candas365.es\/noticias\/ancelotti-el-tema-con-cristiano-se-ha-terminado\/#mainImage"},"datePublished":"2021-08-21T18:16:05+02:00","dateModified":"2021-08-21T18:16:05+02:00"},{"@type":"WebSite","@id":"https:\/\/candas365.es\/noticias\/#website","url":"https:\/\/candas365.es\/noticias\/","name":"Cand\u00e1s 365","alternateName":"Cand\u00e1s 365 Noticias","description":"Actualidad desde Carre\u00f1o para el mundo","inLanguage":"es-ES","publisher":{"@id":"https:\/\/candas365.es\/noticias\/#organization"}}]},"og:locale":"es_ES","og:site_name":"Cand\u00e1s 365","og:type":"article","og:title":"Ancelotti: \u00abEl tema con Cristiano se ha terminado\u00bb | Cand\u00e1s 365","og:description":"El entrenador del Real Madrid, Carlo Ancelotti, asegur\u00f3 que no est\u00e1 preocupado ni le importa &quot;lo que pase en el cierre de mercado&quot;","og:url":"https:\/\/candas365.es\/noticias\/ancelotti-el-tema-con-cristiano-se-ha-terminado\/","og:image":"https:\/\/candas365.es\/noticias\/wp-content\/uploads\/2018\/04\/stadium-1813343_960_720.jpg","og:image:secure_url":"https:\/\/candas365.es\/noticias\/wp-content\/uploads\/2018\/04\/stadium-1813343_960_720.jpg","og:image:width":960,"og:image:height":638,"article:published_time":"2021-08-21T18:16:05+00:00","article:modified_time":"2021-08-21T18:16:05+00:00","article:publisher":"https:\/\/www.facebook.com\/Nachofdezber","article:author":"https:\/\/www.facebook.com\/carrenoactualidad","twitter:card":"summary_large_image","twitter:site":"@NabercoDigital","twitter:title":"Ancelotti: \u00abEl tema con Cristiano se ha terminado\u00bb | Cand\u00e1s 365","twitter:description":"El entrenador del Real Madrid, Carlo Ancelotti, asegur\u00f3 que no est\u00e1 preocupado ni le importa &quot;lo que pase en el cierre de mercado&quot;","twitter:creator":"@nbasturias","twitter:image":"https:\/\/candas365.es\/noticias\/wp-content\/uploads\/2018\/04\/stadium-1813343_960_720.jpg","twitter:label1":"Escrito por","twitter:data1":"Cand\u00e1s 365","twitter:label2":"Tiempo de lectura estimado","twitter:data2":"4 minutos"},"aioseo_meta_data":{"post_id":"157447","title":null,"description":"El entrenador del Real Madrid, Carlo Ancelotti, asegur\u00f3 que no est\u00e1 preocupado ni le importa \"lo que pase en el cierre de mercado\"","keywords":[{"label":"Deportes","value":"Deportes"},{"label":" f\u00fatbol","value":" f\u00fatbol"},{"label":" Real Madrid","value":" Real Madrid"}],"keyphrases":{"focus":{"keyphrase":"Ancelotti","score":78,"analysis":{"keyphraseInTitle":{"title":"Frase clave objetivo en el t\u00edtulo SEO","description":"Frase clave objetivo encontrada en el t\u00edtulo SEO.","score":9,"maxScore":9,"error":0},"keyphraseInDescription":{"title":"Frase clave objetivo en la meta descripci\u00f3n","description":"Frase clave objetivo encontrada en la meta descripci\u00f3n.","score":9,"maxScore":9,"error":0},"keyphraseInURL":[],"keyphraseLength":{"title":"Longitud de la Frase clave objetivo","description":"\u00a1Buen trabajo!","score":9,"maxScore":9,"error":0,"length":1},"keyphraseInIntroduction":{"title":"Frase clave objetivo en la introducci\u00f3n","description":"Su Frase clave objetivo aparece en el primer p\u00e1rrafo. \u00a1Bien hecho!","score":9,"maxScore":9,"error":0},"keyphraseInSubHeadings":{"title":"Frase clave objetivo sus subt\u00edtulos","description":"Use your focus keyphrase more in your H2 and H3 subheadings.","score":3,"maxScore":9,"error":1},"keyphraseInImageAlt":{"title":"Frase clave objetivo en los atributos alt de la imagen.","description":"Frase clave objetivo no se encuentra en los atributos alt de la imagen. A\u00f1ada una imagen con su Frase clave objetivo como texto alternativo.","score":3,"maxScore":9,"error":1}}},"additional":[{"keyphrase":"Real Madrid","score":83,"analysis":{"keyphraseInDescription":{"title":"Frase clave en la meta descripci\u00f3n","description":"Frase clave encontrada en la meta descripci\u00f3n.","score":9,"maxScore":9,"error":0},"keyphraseLength":{"title":"Longitud de la Frase clave","description":"\u00a1Buen trabajo!","score":9,"maxScore":9,"error":0,"length":2},"keyphraseInIntroduction":{"title":"Frase clave en la introducci\u00f3n","description":"Su Frase clave aparece en el primer p\u00e1rrafo. \u00a1Bien hecho!","score":9,"maxScore":9,"error":0},"keyphraseInImageAlt":{"title":"Frase clave en los atributos alt de la imagen.","description":"Frase clave no se encuentra en los atributos alt de la imagen. A\u00f1ada una imagen con su Frase clave como texto alternativo.","score":3,"maxScore":9,"error":1}}},{"keyphrase":"cierre de mercado","score":83,"analysis":{"keyphraseInDescription":{"title":"Frase clave en la meta descripci\u00f3n","description":"Frase clave encontrada en la meta descripci\u00f3n.","score":9,"maxScore":9,"error":0},"keyphraseLength":{"title":"Longitud de la Frase clave","description":"\u00a1Buen trabajo!","score":9,"maxScore":9,"error":0,"length":3},"keyphraseInIntroduction":{"title":"Frase clave en la introducci\u00f3n","description":"Su Frase clave aparece en el primer p\u00e1rrafo. \u00a1Bien hecho!","score":9,"maxScore":9,"error":0},"keyphraseInImageAlt":{"title":"Frase clave en los atributos alt de la imagen.","description":"Frase clave no se encuentra en los atributos alt de la imagen. A\u00f1ada una imagen con su Frase clave como texto alternativo.","score":3,"maxScore":9,"error":1}}},{"keyphrase":"entrenador ","score":83,"analysis":{"keyphraseInDescription":{"title":"Frase clave en la meta descripci\u00f3n","description":"Frase clave encontrada en la meta descripci\u00f3n.","score":9,"maxScore":9,"error":0},"keyphraseLength":{"title":"Longitud de la Frase clave","description":"\u00a1Buen trabajo!","score":9,"maxScore":9,"error":0,"length":1},"keyphraseInIntroduction":{"title":"Frase clave en la introducci\u00f3n","description":"Su Frase clave aparece en el primer p\u00e1rrafo. \u00a1Bien hecho!","score":9,"maxScore":9,"error":0},"keyphraseInImageAlt":{"title":"Frase clave en los atributos alt de la imagen.","description":"Frase clave no se encuentra en los atributos alt de la imagen. A\u00f1ada una imagen con su Frase clave como texto alternativo.","score":3,"maxScore":9,"error":1}}}]},"primary_term":null,"canonical_url":null,"og_title":null,"og_description":null,"og_object_type":"default","og_image_type":"default","og_image_url":null,"og_image_width":null,"og_image_height":null,"og_image_custom_url":null,"og_image_custom_fields":null,"og_video":"","og_custom_url":null,"og_article_section":null,"og_article_tags":[],"twitter_use_og":false,"twitter_card":"default","twitter_image_type":"default","twitter_image_url":null,"twitter_image_custom_url":null,"twitter_image_custom_fields":null,"twitter_title":null,"twitter_description":null,"schema":{"blockGraphs":[],"customGraphs":[],"default":{"data":{"Article":[],"Course":[],"Dataset":[],"FAQPage":[],"Movie":[],"Person":[],"Product":[],"ProductReview":[],"Car":[],"Recipe":[],"Service":[],"SoftwareApplication":[],"WebPage":[]},"graphName":"","isEnabled":true},"graphs":[]},"schema_type":"default","schema_type_options":"{\"article\":{\"articleType\":\"BlogPosting\"},\"course\":{\"name\":\"\",\"description\":\"\",\"provider\":\"\"},\"faq\":{\"pages\":[]},\"product\":{\"reviews\":[]},\"recipe\":{\"ingredients\":[],\"instructions\":[],\"keywords\":[]},\"software\":{\"reviews\":[],\"operatingSystems\":[]},\"webPage\":{\"webPageType\":\"WebPage\"}}","pillar_content":false,"robots_default":true,"robots_noindex":false,"robots_noarchive":false,"robots_nosnippet":false,"robots_nofollow":false,"robots_noimageindex":false,"robots_noodp":false,"robots_notranslate":false,"robots_max_snippet":"-1","robots_max_videopreview":"-1","robots_max_imagepreview":"large","priority":null,"frequency":"default","location":null,"local_seo":{"locations":{"business":{"name":"","businessType":"","image":"","areaServed":"","urls":{"website":"","aboutPage":"","contactPage":""},"address":{"streetLine1":"","streetLine2":"","zipCode":"","city":"","state":"","country":"","addressFormat":"#streetLineOne\n#streetLineTwo\n#city, #state #zipCode"},"contact":{"email":"","phone":"","phoneFormatted":"","fax":"","faxFormatted":""},"ids":{"vat":"","tax":"","chamberOfCommerce":""},"payment":{"priceRange":"","currenciesAccepted":"","methods":""}}},"openingHours":{"useDefaults":true,"show":true,"alwaysOpen":false,"use24hFormat":false,"timezone":"","labels":{"closed":"","alwaysOpen":""},"days":{"monday":{"open24h":false,"closed":false,"openTime":"09:00","closeTime":"17:00"},"tuesday":{"open24h":false,"closed":false,"openTime":"09:00","closeTime":"17:00"},"wednesday":{"open24h":false,"closed":false,"openTime":"09:00","closeTime":"17:00"},"thursday":{"open24h":false,"closed":false,"openTime":"09:00","closeTime":"17:00"},"friday":{"open24h":false,"closed":false,"openTime":"09:00","closeTime":"17:00"},"saturday":{"open24h":false,"closed":false,"openTime":"09:00","closeTime":"17:00"},"sunday":{"open24h":false,"closed":false,"openTime":"09:00","closeTime":"17:00"}}}},"seo_analyzer_scan_date":"2025-09-01 00:50:12","breadcrumb_settings":null,"limit_modified_date":false,"reviewed_by":null,"open_ai":null,"ai":null,"created":"2021-08-21 18:11:40","updated":"2025-09-01 00:50:12"},"aioseo_breadcrumb":"<div class=\"aioseo-breadcrumbs\"><span class=\"aioseo-breadcrumb\">\n\t<a href=\"https:\/\/candas365.es\/noticias\" title=\"Home\">Home<\/a>\n<\/span><span class=\"aioseo-breadcrumb-separator\">&ndash;<\/span><span class=\"aioseo-breadcrumb\">\n\t<a href=\"https:\/\/candas365.es\/noticias\/category\/deporte\/\" title=\"Deporte\">Deporte<\/a>\n<\/span><span class=\"aioseo-breadcrumb-separator\">&ndash;<\/span><span class=\"aioseo-breadcrumb\">\n\tAncelotti: \u00abEl tema con Cristiano se ha terminado\u00bb\n<\/span><\/div>","aioseo_breadcrumb_json":[{"label":"Home","link":"https:\/\/candas365.es\/noticias"},{"label":"Deporte","link":"https:\/\/candas365.es\/noticias\/category\/deporte\/"},{"label":"Ancelotti: \u00abEl tema con Cristiano se ha terminado\u00bb","link":"https:\/\/candas365.es\/noticias\/ancelotti-el-tema-con-cristiano-se-ha-terminado\/"}],"_links":{"self":[{"href":"https:\/\/candas365.es\/noticias\/wp-json\/wp\/v2\/posts\/157447","targetHints":{"allow":["GET"]}}],"collection":[{"href":"https:\/\/candas365.es\/noticias\/wp-json\/wp\/v2\/posts"}],"about":[{"href":"https:\/\/candas365.es\/noticias\/wp-json\/wp\/v2\/types\/post"}],"author":[{"embeddable":true,"href":"https:\/\/candas365.es\/noticias\/wp-json\/wp\/v2\/users\/1"}],"replies":[{"embeddable":true,"href":"https:\/\/candas365.es\/noticias\/wp-json\/wp\/v2\/comments?post=157447"}],"version-history":[{"count":0,"href":"https:\/\/candas365.es\/noticias\/wp-json\/wp\/v2\/posts\/157447\/revisions"}],"wp:featuredmedia":[{"embeddable":true,"href":"https:\/\/candas365.es\/noticias\/wp-json\/wp\/v2\/media\/94788"}],"wp:attachment":[{"href":"https:\/\/candas365.es\/noticias\/wp-json\/wp\/v2\/media?parent=157447"}],"wp:term":[{"taxonomy":"category","embeddable":true,"href":"https:\/\/candas365.es\/noticias\/wp-json\/wp\/v2\/categories?post=157447"},{"taxonomy":"post_tag","embeddable":true,"href":"https:\/\/candas365.es\/noticias\/wp-json\/wp\/v2\/tags?post=157447"}],"curies":[{"name":"wp","href":"https:\/\/api.w.org\/{rel}","templated":true}]}}