{"id":157443,"date":"2021-08-21T13:54:24","date_gmt":"2021-08-21T13:54:24","guid":{"rendered":"http:\/\/candas365.es\/noticias\/?p=157443"},"modified":"2021-08-31T14:05:18","modified_gmt":"2021-08-31T14:05:18","slug":"ronald-koeman-nos-sobran-jugadores","status":"publish","type":"post","link":"https:\/\/candas365.es\/noticias\/ronald-koeman-nos-sobran-jugadores\/","title":{"rendered":"Ronald Koeman: \u00abNos sobran jugadores\u00bb"},"content":{"rendered":"<p><img fetchpriority=\"high\" decoding=\"async\" class=\"alignleft size-medium wp-image-98026\" src=\"https:\/\/candas365.es\/noticias\/wp-content\/uploads\/2018\/06\/football-1406106_960_720-1-360x241.jpg\" alt=\"\" width=\"360\" height=\"241\" srcset=\"https:\/\/candas365.es\/noticias\/wp-content\/uploads\/2018\/06\/football-1406106_960_720-1-360x241.jpg 360w, https:\/\/candas365.es\/noticias\/wp-content\/uploads\/2018\/06\/football-1406106_960_720-1-768x514.jpg 768w, https:\/\/candas365.es\/noticias\/wp-content\/uploads\/2018\/06\/football-1406106_960_720-1-655x439.jpg 655w, https:\/\/candas365.es\/noticias\/wp-content\/uploads\/2018\/06\/football-1406106_960_720-1-696x466.jpg 696w, https:\/\/candas365.es\/noticias\/wp-content\/uploads\/2018\/06\/football-1406106_960_720-1-627x420.jpg 627w, https:\/\/candas365.es\/noticias\/wp-content\/uploads\/2018\/06\/football-1406106_960_720-1.jpg 960w\" sizes=\"(max-width: 360px) 100vw, 360px\" \/>(EP) &#8211; El entrenador del FC Barcelona, Ronald Koeman, se ha erigido en portavoz de la actualidad deportiva del equipo y ha puesto en la rampa de salida a Umtiti y Pjanic, que tienen \u00abmuy complicado\u00bb jugar, mientras que ha defendido a Braithwaite y Coutinho y ha calificado de \u00abdecepci\u00f3n\u00bb lo que sucede con Ilaix Moriba, apartado porque su entorno prefiere el dinero a jugar.<\/p>\n<p>\u00abNos sobran jugadores. Si contamos a los que tenemos con lesiones, como Demb\u00e9l\u00e9, Ag\u00fcero, Mingueza y Ansu Fati, pues hay demasiados jugadores. Umtiti y Pjanic tienen muy complicado tener minutos, la decisi\u00f3n final es del jugador pero tienen una situaci\u00f3n complicada, s\u00ed\u00bb, manifest\u00f3 en rueda de prensa, antes de medirse al Athletic Club.<\/p>\n<p>As\u00ed, confirma en p\u00fablico que no cuenta ni con el central ni con el centrocampista, que no han entrado en las dos primeras convocatorias para LaLiga Santander. Situaci\u00f3n contraria a la de Martin Braithwaite, que parec\u00eda estar tambi\u00e9n en la rampa de salida pero, la lesi\u00f3n de Ag\u00fcero y su doblete ante la Real Sociedad, pueden haber cambiado la situaci\u00f3n.<\/p>\n<p>\u00abSi hay un inter\u00e9s por un jugador, lo escuchamos. Pero creo que Martin es un jugador que nos va muy bien, juega en diferentes posiciones arriba y demostr\u00f3 el otro d\u00eda que es importante. Siempre he dicho que me encanta trabajar con \u00e9l, es un jugador muy disciplinado, acepta su rol de no jugar siempre; es perfecto. Por m\u00ed tiene que quedarse\u00bb, asegur\u00f3.<\/p>\n<p>Y tambi\u00e9n cuenta con Coutinho. \u00abPhilippe est\u00e1 fuera porque necesita una semana m\u00e1s de entrenar con el grupo antes de volver. Cuento con \u00e9l, puede ser importante para el Bar\u00e7a. Ha tenido una lesi\u00f3n que dur\u00f3 m\u00e1s de lo esperado pero de verdad que s\u00ed que cuento con Coutinho para esta temporada, s\u00ed. Hemos perdido goles con Messi, hay que buscarlos en otros jugadores y Coutinho es uno de ellos\u00bb, reconoci\u00f3.<\/p>\n<p>Por otro lado, sorprendi\u00f3 al anunciar que Pedri jugar\u00e1 en San Mam\u00e9s y que despu\u00e9s tendr\u00e1 dos semanas de vacaciones, m\u00ednimo, perdi\u00e9ndose el partido contra el Getafe. \u00abLlevamos un tiempo de pensar qu\u00e9 es lo mejor para Pedri. Decidimos que juegue ma\u00f1ana, y a partir de entonces tendr\u00e1 dos semanas de vacaciones para no entrar en noviembre con problemas f\u00edsicos\u00bb, apunt\u00f3.<\/p>\n<p>\u00abHe hablado con Luis Enrique, son decisiones de ellos que yo no puedo explicar. Pero nosotros le daremos dos semanas de vacaciones a Pedri porque las necesita, es imposible aguantar tantos torneos\u00bb, ahond\u00f3 en este sentido, en una indirecta para el seleccionador nacional y la RFEF, despu\u00e9s de que Pedri enlazara la Euro 2020 con los Juegos Ol\u00edmpicos y apenas tuviera descanso desde el verano pasado.<\/p>\n<p>En cuanto a Gerard Piqu\u00e9, tranquiliz\u00f3 a los barcelonistas. \u00abMe ha sorprendido la alarma de Piqu\u00e9 de ayer, tuvo peque\u00f1as molestias en el entreno pero no es nada, ha entrenado normal este viernes y est\u00e1 disponible para jugar. Ter Stegen ha hecho parte del entreno con el grupo, se ha recuperado bien pero necesita entrenar m\u00e1s\u00bb, se\u00f1al\u00f3 tambi\u00e9n sobre el guardameta alem\u00e1n.<\/p>\n<p>A nivel personal, tras cumplirse este jueves su primer a\u00f1o como entrenador blaugrana, se mostr\u00f3 encantado. \u00abEstoy donde quiero estar, me encanta ser entrenador de este club y s\u00e9 que estar en clubes muy grandes tiene m\u00e1s presi\u00f3n. Hay buena actitud, buena atm\u00f3sfera en el equipo y es un placer trabajar aqu\u00ed. S\u00e9 que todo depende de ganar,lo sabemos y no hay ning\u00fan problema en este sentido\u00bb, se sincer\u00f3.<\/p>\n<p>En cuanto al choque en San Mam\u00e9s, lo ve complicado. \u00abSabemos que siempre es un partido complicado, en un campo complicado. El Athletic ha mejorado, llevan una pretemporada de seis semanas y han podido trabajar bien, y mucho. Se not\u00f3 el otro d\u00eda, es un equipo fuerte que juega con su sistema. Sabemos lo que nos vamos a encontrar\u00bb, reconoci\u00f3.<\/p>\n<h2>DECEPCIONADO CON EL ENTORNO DE ILAIX MORIBA<\/h2>\n<p>Koeman fue contundente sobre la situaci\u00f3n del canterano. \u00abHabl\u00e9 con Ilaix hace unas semanas, m\u00e1s como persona que como entrenador del Bar\u00e7a. Su situaci\u00f3n para m\u00ed es horrible. Es un jugador joven de 18 a\u00f1os, ha tenido la oportunidad de jugar en el primer equipo, es futuro del club y est\u00e1 en una situaci\u00f3n que no juega, que no est\u00e1 con nosotros\u00bb, lament\u00f3.<\/p>\n<p>\u00abS\u00e9 de parte del club que (entorno Ilaix Moriba) quiere ofrecer al jugador. Mi consejo es que el dinero no es lo m\u00e1s importante, es jugar partidos. Ese fue mi mensaje. Pero el jugador, con su gente, decidieron diferente. Estoy decepcionado por eso, porque creo que para alguien de 18 a\u00f1os el dinero no debe ser lo m\u00e1s importante\u00bb, apostill\u00f3. De momento, el pulso entre club y jugador es para que renueve o se marche traspasado, pero sin jugar hasta llegar ese momento.<\/p>\n","protected":false},"excerpt":{"rendered":"<p>(EP) &#8211; El entrenador del FC Barcelona, Ronald Koeman, se ha erigido en portavoz de la actualidad deportiva del equipo y ha puesto en la rampa de salida a Umtiti y Pjanic, que tienen \u00abmuy complicado\u00bb jugar, mientras que ha defendido a Braithwaite y Coutinho y ha calificado de \u00abdecepci\u00f3n\u00bb lo que sucede con Ilaix<\/p>\n","protected":false},"author":1,"featured_media":98026,"comment_status":"closed","ping_status":"closed","sticky":false,"template":"","format":"standard","meta":{"footnotes":""},"categories":[319],"tags":[387],"class_list":{"0":"post-157443","1":"post","2":"type-post","3":"status-publish","4":"format-standard","5":"has-post-thumbnail","7":"category-deporte","8":"tag-deporte"},"aioseo_notices":[],"aioseo_head":"\n\t\t<!-- All in One SEO Pro 4.9.6.2 - aioseo.com -->\n\t<meta name=\"description\" content=\"El entrenador del FC Barcelona, Ronald Koeman, se ha erigido en portavoz de la actualidad deportiva del equipo y ha puesto en la rampa de salida a Umtiti y Pjanic\" \/>\n\t<meta name=\"robots\" content=\"max-image-preview:large\" \/>\n\t<meta name=\"author\" content=\"Cand\u00e1s 365\"\/>\n\t<meta name=\"google-site-verification\" content=\"UA-32230408-1\" \/>\n\t<meta name=\"msvalidate.01\" content=\"354F3CDFB2DA171B47FBE9ABF1F88D5\" \/>\n\t<meta name=\"keywords\" content=\"deporte\" \/>\n\t<link rel=\"canonical\" href=\"https:\/\/candas365.es\/noticias\/ronald-koeman-nos-sobran-jugadores\/\" \/>\n\t<meta name=\"generator\" content=\"All in One SEO Pro (AIOSEO) 4.9.6.2\" \/>\n\t\t<meta property=\"og:locale\" content=\"es_ES\" \/>\n\t\t<meta property=\"og:site_name\" content=\"Cand\u00e1s 365\" \/>\n\t\t<meta property=\"og:type\" content=\"article\" \/>\n\t\t<meta property=\"og:title\" content=\"Ronald Koeman: \u00abNos sobran jugadores\u00bb | Cand\u00e1s 365\" \/>\n\t\t<meta property=\"og:description\" content=\"El entrenador del FC Barcelona, Ronald Koeman, se ha erigido en portavoz de la actualidad deportiva del equipo y ha puesto en la rampa de salida a Umtiti y Pjanic\" \/>\n\t\t<meta property=\"og:url\" content=\"https:\/\/candas365.es\/noticias\/ronald-koeman-nos-sobran-jugadores\/\" \/>\n\t\t<meta property=\"og:image\" content=\"https:\/\/candas365.es\/noticias\/wp-content\/uploads\/2018\/06\/football-1406106_960_720-1.jpg\" \/>\n\t\t<meta property=\"og:image:secure_url\" content=\"https:\/\/candas365.es\/noticias\/wp-content\/uploads\/2018\/06\/football-1406106_960_720-1.jpg\" \/>\n\t\t<meta property=\"og:image:width\" content=\"960\" \/>\n\t\t<meta property=\"og:image:height\" content=\"643\" \/>\n\t\t<meta property=\"article:published_time\" content=\"2021-08-21T13:54:24+00:00\" \/>\n\t\t<meta property=\"article:modified_time\" content=\"2021-08-31T14:05:18+00:00\" \/>\n\t\t<meta property=\"article:publisher\" content=\"https:\/\/www.facebook.com\/Nachofdezber\" \/>\n\t\t<meta property=\"article:author\" content=\"https:\/\/www.facebook.com\/carrenoactualidad\" \/>\n\t\t<meta name=\"twitter:card\" content=\"summary_large_image\" \/>\n\t\t<meta name=\"twitter:site\" content=\"@NabercoDigital\" \/>\n\t\t<meta name=\"twitter:title\" content=\"Ronald Koeman: \u00abNos sobran jugadores\u00bb | Cand\u00e1s 365\" \/>\n\t\t<meta name=\"twitter:description\" content=\"El entrenador del FC Barcelona, Ronald Koeman, se ha erigido en portavoz de la actualidad deportiva del equipo y ha puesto en la rampa de salida a Umtiti y Pjanic\" \/>\n\t\t<meta name=\"twitter:creator\" content=\"@nbasturias\" \/>\n\t\t<meta name=\"twitter:image\" content=\"https:\/\/candas365.es\/noticias\/wp-content\/uploads\/2018\/06\/football-1406106_960_720-1.jpg\" \/>\n\t\t<meta name=\"twitter:label1\" content=\"Escrito por\" \/>\n\t\t<meta name=\"twitter:data1\" content=\"Cand\u00e1s 365\" \/>\n\t\t<meta name=\"twitter:label2\" content=\"Tiempo de lectura estimado\" \/>\n\t\t<meta name=\"twitter:data2\" content=\"4 minutos\" \/>\n\t\t<script type=\"application\/ld+json\" class=\"aioseo-schema\">\n\t\t\t{\"@context\":\"https:\\\/\\\/schema.org\",\"@graph\":[{\"@type\":\"BreadcrumbList\",\"@id\":\"https:\\\/\\\/candas365.es\\\/noticias\\\/ronald-koeman-nos-sobran-jugadores\\\/#breadcrumblist\",\"itemListElement\":[{\"@type\":\"ListItem\",\"@id\":\"https:\\\/\\\/candas365.es\\\/noticias#listItem\",\"position\":1,\"name\":\"Home\",\"item\":\"https:\\\/\\\/candas365.es\\\/noticias\",\"nextItem\":{\"@type\":\"ListItem\",\"@id\":\"https:\\\/\\\/candas365.es\\\/noticias\\\/category\\\/deporte\\\/#listItem\",\"name\":\"Deporte\"}},{\"@type\":\"ListItem\",\"@id\":\"https:\\\/\\\/candas365.es\\\/noticias\\\/category\\\/deporte\\\/#listItem\",\"position\":2,\"name\":\"Deporte\",\"item\":\"https:\\\/\\\/candas365.es\\\/noticias\\\/category\\\/deporte\\\/\",\"nextItem\":{\"@type\":\"ListItem\",\"@id\":\"https:\\\/\\\/candas365.es\\\/noticias\\\/ronald-koeman-nos-sobran-jugadores\\\/#listItem\",\"name\":\"Ronald Koeman: \\u00abNos sobran jugadores\\u00bb\"},\"previousItem\":{\"@type\":\"ListItem\",\"@id\":\"https:\\\/\\\/candas365.es\\\/noticias#listItem\",\"name\":\"Home\"}},{\"@type\":\"ListItem\",\"@id\":\"https:\\\/\\\/candas365.es\\\/noticias\\\/ronald-koeman-nos-sobran-jugadores\\\/#listItem\",\"position\":3,\"name\":\"Ronald Koeman: \\u00abNos sobran jugadores\\u00bb\",\"previousItem\":{\"@type\":\"ListItem\",\"@id\":\"https:\\\/\\\/candas365.es\\\/noticias\\\/category\\\/deporte\\\/#listItem\",\"name\":\"Deporte\"}}]},{\"@type\":\"NewsArticle\",\"@id\":\"https:\\\/\\\/candas365.es\\\/noticias\\\/ronald-koeman-nos-sobran-jugadores\\\/#newsarticle\",\"name\":\"Ronald Koeman: \\u00abNos sobran jugadores\\u00bb | Cand\\u00e1s 365\",\"headline\":\"Ronald Koeman: \\u00abNos sobran jugadores\\u00bb\",\"author\":{\"@id\":\"https:\\\/\\\/candas365.es\\\/noticias\\\/author\\\/admin\\\/#author\"},\"publisher\":{\"@id\":\"https:\\\/\\\/candas365.es\\\/noticias\\\/#organization\"},\"image\":{\"@type\":\"ImageObject\",\"url\":\"https:\\\/\\\/candas365.es\\\/noticias\\\/wp-content\\\/uploads\\\/2018\\\/06\\\/football-1406106_960_720-1.jpg\",\"width\":960,\"height\":643},\"datePublished\":\"2021-08-21T13:54:24+02:00\",\"dateModified\":\"2021-08-31T14:05:18+02:00\",\"inLanguage\":\"es-ES\",\"mainEntityOfPage\":{\"@id\":\"https:\\\/\\\/candas365.es\\\/noticias\\\/ronald-koeman-nos-sobran-jugadores\\\/#webpage\"},\"isPartOf\":{\"@id\":\"https:\\\/\\\/candas365.es\\\/noticias\\\/ronald-koeman-nos-sobran-jugadores\\\/#webpage\"},\"articleSection\":\"Deporte, deporte\",\"dateline\":\"Publicado el agosto 21, 2021.\"},{\"@type\":\"Organization\",\"@id\":\"https:\\\/\\\/candas365.es\\\/noticias\\\/#organization\",\"name\":\"Cand\\u00e1s 365\",\"description\":\"Cand\\u00e1s 365 es un diario digital independiente, fundado en 2012, con base en Asturias. Informamos con rigor sobre actualidad, sociedad, cultura y ocio, con una mirada local y global.\",\"url\":\"https:\\\/\\\/candas365.es\\\/noticias\\\/\",\"email\":\"info@candas365.es\",\"telephone\":\"+34652131393\",\"foundingDate\":\"2012-06-10\",\"logo\":{\"@type\":\"ImageObject\",\"url\":\"https:\\\/\\\/candas365.es\\\/noticias\\\/wp-content\\\/uploads\\\/2024\\\/09\\\/Candas-365-Redes.jpg\",\"@id\":\"https:\\\/\\\/candas365.es\\\/noticias\\\/ronald-koeman-nos-sobran-jugadores\\\/#organizationLogo\",\"width\":1152,\"height\":864,\"caption\":\"Cand\\u00e1s 365 Redes\"},\"image\":{\"@id\":\"https:\\\/\\\/candas365.es\\\/noticias\\\/ronald-koeman-nos-sobran-jugadores\\\/#organizationLogo\"},\"sameAs\":[\"https:\\\/\\\/www.facebook.com\\\/Nachofdezber\",\"https:\\\/\\\/x.com\\\/NabercoDigital\",\"https:\\\/\\\/www.instagram.com\\\/nachofdezber\\\/\",\"https:\\\/\\\/www.youtube.com\\\/channel\\\/UCZP-2wLEB9Rv6erhFmqVnvg\"],\"address\":{\"@id\":\"https:\\\/\\\/candas365.es\\\/noticias\\\/#postaladdress\",\"@type\":\"PostalAddress\",\"streetAddress\":\"san antonio 4, san antonio 4\",\"postalCode\":\"33430\",\"addressLocality\":\"Cand\\u00e1s\",\"addressRegion\":\"Asturias\",\"addressCountry\":\"ES\"}},{\"@type\":\"Person\",\"@id\":\"https:\\\/\\\/candas365.es\\\/noticias\\\/author\\\/admin\\\/#author\",\"url\":\"https:\\\/\\\/candas365.es\\\/noticias\\\/author\\\/admin\\\/\",\"name\":\"Cand\\u00e1s 365\",\"image\":{\"@type\":\"ImageObject\",\"@id\":\"https:\\\/\\\/candas365.es\\\/noticias\\\/ronald-koeman-nos-sobran-jugadores\\\/#authorImage\",\"url\":\"https:\\\/\\\/secure.gravatar.com\\\/avatar\\\/496a8e03d0c493ede1718b7934145dbdf8d89be1036b0eec9544e1094c9de390?s=96&d=mm&r=g\",\"width\":96,\"height\":96,\"caption\":\"Cand\\u00e1s 365\"},\"sameAs\":[\"https:\\\/\\\/www.facebook.com\\\/carrenoactualidad\",\"https:\\\/\\\/twitter.com\\\/nbasturias\",\"https:\\\/\\\/www.instagram.com\\\/nachofdezber\\\/\",\"https:\\\/\\\/www.youtube.com\\\/channel\\\/UCZP-2wLEB9Rv6erhFmqVnvg\"]},{\"@type\":\"WebPage\",\"@id\":\"https:\\\/\\\/candas365.es\\\/noticias\\\/ronald-koeman-nos-sobran-jugadores\\\/#webpage\",\"url\":\"https:\\\/\\\/candas365.es\\\/noticias\\\/ronald-koeman-nos-sobran-jugadores\\\/\",\"name\":\"Ronald Koeman: \\u00abNos sobran jugadores\\u00bb | Cand\\u00e1s 365\",\"description\":\"El entrenador del FC Barcelona, Ronald Koeman, se ha erigido en portavoz de la actualidad deportiva del equipo y ha puesto en la rampa de salida a Umtiti y Pjanic\",\"inLanguage\":\"es-ES\",\"isPartOf\":{\"@id\":\"https:\\\/\\\/candas365.es\\\/noticias\\\/#website\"},\"breadcrumb\":{\"@id\":\"https:\\\/\\\/candas365.es\\\/noticias\\\/ronald-koeman-nos-sobran-jugadores\\\/#breadcrumblist\"},\"author\":{\"@id\":\"https:\\\/\\\/candas365.es\\\/noticias\\\/author\\\/admin\\\/#author\"},\"creator\":{\"@id\":\"https:\\\/\\\/candas365.es\\\/noticias\\\/author\\\/admin\\\/#author\"},\"image\":{\"@type\":\"ImageObject\",\"url\":\"https:\\\/\\\/candas365.es\\\/noticias\\\/wp-content\\\/uploads\\\/2018\\\/06\\\/football-1406106_960_720-1.jpg\",\"@id\":\"https:\\\/\\\/candas365.es\\\/noticias\\\/ronald-koeman-nos-sobran-jugadores\\\/#mainImage\",\"width\":960,\"height\":643},\"primaryImageOfPage\":{\"@id\":\"https:\\\/\\\/candas365.es\\\/noticias\\\/ronald-koeman-nos-sobran-jugadores\\\/#mainImage\"},\"datePublished\":\"2021-08-21T13:54:24+02:00\",\"dateModified\":\"2021-08-31T14:05:18+02:00\"},{\"@type\":\"WebSite\",\"@id\":\"https:\\\/\\\/candas365.es\\\/noticias\\\/#website\",\"url\":\"https:\\\/\\\/candas365.es\\\/noticias\\\/\",\"name\":\"Cand\\u00e1s 365\",\"alternateName\":\"Cand\\u00e1s 365 Noticias\",\"description\":\"Actualidad desde Carre\\u00f1o para el mundo\",\"inLanguage\":\"es-ES\",\"publisher\":{\"@id\":\"https:\\\/\\\/candas365.es\\\/noticias\\\/#organization\"}}]}\n\t\t<\/script>\n\t\t<!-- All in One SEO Pro -->\r\n\t\t<title>Ronald Koeman: \u00abNos sobran jugadores\u00bb | Cand\u00e1s 365<\/title>\n\n","aioseo_head_json":{"title":"Ronald Koeman: \u00abNos sobran jugadores\u00bb | Cand\u00e1s 365","description":"El entrenador del FC Barcelona, Ronald Koeman, se ha erigido en portavoz de la actualidad deportiva del equipo y ha puesto en la rampa de salida a Umtiti y Pjanic","canonical_url":"https:\/\/candas365.es\/noticias\/ronald-koeman-nos-sobran-jugadores\/","robots":"max-image-preview:large","keywords":"deporte","webmasterTools":{"google-site-verification":"UA-32230408-1","msvalidate.01":"354F3CDFB2DA171B47FBE9ABF1F88D5","miscellaneous":""},"schema":{"@context":"https:\/\/schema.org","@graph":[{"@type":"BreadcrumbList","@id":"https:\/\/candas365.es\/noticias\/ronald-koeman-nos-sobran-jugadores\/#breadcrumblist","itemListElement":[{"@type":"ListItem","@id":"https:\/\/candas365.es\/noticias#listItem","position":1,"name":"Home","item":"https:\/\/candas365.es\/noticias","nextItem":{"@type":"ListItem","@id":"https:\/\/candas365.es\/noticias\/category\/deporte\/#listItem","name":"Deporte"}},{"@type":"ListItem","@id":"https:\/\/candas365.es\/noticias\/category\/deporte\/#listItem","position":2,"name":"Deporte","item":"https:\/\/candas365.es\/noticias\/category\/deporte\/","nextItem":{"@type":"ListItem","@id":"https:\/\/candas365.es\/noticias\/ronald-koeman-nos-sobran-jugadores\/#listItem","name":"Ronald Koeman: \u00abNos sobran jugadores\u00bb"},"previousItem":{"@type":"ListItem","@id":"https:\/\/candas365.es\/noticias#listItem","name":"Home"}},{"@type":"ListItem","@id":"https:\/\/candas365.es\/noticias\/ronald-koeman-nos-sobran-jugadores\/#listItem","position":3,"name":"Ronald Koeman: \u00abNos sobran jugadores\u00bb","previousItem":{"@type":"ListItem","@id":"https:\/\/candas365.es\/noticias\/category\/deporte\/#listItem","name":"Deporte"}}]},{"@type":"NewsArticle","@id":"https:\/\/candas365.es\/noticias\/ronald-koeman-nos-sobran-jugadores\/#newsarticle","name":"Ronald Koeman: \u00abNos sobran jugadores\u00bb | Cand\u00e1s 365","headline":"Ronald Koeman: \u00abNos sobran jugadores\u00bb","author":{"@id":"https:\/\/candas365.es\/noticias\/author\/admin\/#author"},"publisher":{"@id":"https:\/\/candas365.es\/noticias\/#organization"},"image":{"@type":"ImageObject","url":"https:\/\/candas365.es\/noticias\/wp-content\/uploads\/2018\/06\/football-1406106_960_720-1.jpg","width":960,"height":643},"datePublished":"2021-08-21T13:54:24+02:00","dateModified":"2021-08-31T14:05:18+02:00","inLanguage":"es-ES","mainEntityOfPage":{"@id":"https:\/\/candas365.es\/noticias\/ronald-koeman-nos-sobran-jugadores\/#webpage"},"isPartOf":{"@id":"https:\/\/candas365.es\/noticias\/ronald-koeman-nos-sobran-jugadores\/#webpage"},"articleSection":"Deporte, deporte","dateline":"Publicado el agosto 21, 2021."},{"@type":"Organization","@id":"https:\/\/candas365.es\/noticias\/#organization","name":"Cand\u00e1s 365","description":"Cand\u00e1s 365 es un diario digital independiente, fundado en 2012, con base en Asturias. Informamos con rigor sobre actualidad, sociedad, cultura y ocio, con una mirada local y global.","url":"https:\/\/candas365.es\/noticias\/","email":"info@candas365.es","telephone":"+34652131393","foundingDate":"2012-06-10","logo":{"@type":"ImageObject","url":"https:\/\/candas365.es\/noticias\/wp-content\/uploads\/2024\/09\/Candas-365-Redes.jpg","@id":"https:\/\/candas365.es\/noticias\/ronald-koeman-nos-sobran-jugadores\/#organizationLogo","width":1152,"height":864,"caption":"Cand\u00e1s 365 Redes"},"image":{"@id":"https:\/\/candas365.es\/noticias\/ronald-koeman-nos-sobran-jugadores\/#organizationLogo"},"sameAs":["https:\/\/www.facebook.com\/Nachofdezber","https:\/\/x.com\/NabercoDigital","https:\/\/www.instagram.com\/nachofdezber\/","https:\/\/www.youtube.com\/channel\/UCZP-2wLEB9Rv6erhFmqVnvg"],"address":{"@id":"https:\/\/candas365.es\/noticias\/#postaladdress","@type":"PostalAddress","streetAddress":"san antonio 4, san antonio 4","postalCode":"33430","addressLocality":"Cand\u00e1s","addressRegion":"Asturias","addressCountry":"ES"}},{"@type":"Person","@id":"https:\/\/candas365.es\/noticias\/author\/admin\/#author","url":"https:\/\/candas365.es\/noticias\/author\/admin\/","name":"Cand\u00e1s 365","image":{"@type":"ImageObject","@id":"https:\/\/candas365.es\/noticias\/ronald-koeman-nos-sobran-jugadores\/#authorImage","url":"https:\/\/secure.gravatar.com\/avatar\/496a8e03d0c493ede1718b7934145dbdf8d89be1036b0eec9544e1094c9de390?s=96&d=mm&r=g","width":96,"height":96,"caption":"Cand\u00e1s 365"},"sameAs":["https:\/\/www.facebook.com\/carrenoactualidad","https:\/\/twitter.com\/nbasturias","https:\/\/www.instagram.com\/nachofdezber\/","https:\/\/www.youtube.com\/channel\/UCZP-2wLEB9Rv6erhFmqVnvg"]},{"@type":"WebPage","@id":"https:\/\/candas365.es\/noticias\/ronald-koeman-nos-sobran-jugadores\/#webpage","url":"https:\/\/candas365.es\/noticias\/ronald-koeman-nos-sobran-jugadores\/","name":"Ronald Koeman: \u00abNos sobran jugadores\u00bb | Cand\u00e1s 365","description":"El entrenador del FC Barcelona, Ronald Koeman, se ha erigido en portavoz de la actualidad deportiva del equipo y ha puesto en la rampa de salida a Umtiti y Pjanic","inLanguage":"es-ES","isPartOf":{"@id":"https:\/\/candas365.es\/noticias\/#website"},"breadcrumb":{"@id":"https:\/\/candas365.es\/noticias\/ronald-koeman-nos-sobran-jugadores\/#breadcrumblist"},"author":{"@id":"https:\/\/candas365.es\/noticias\/author\/admin\/#author"},"creator":{"@id":"https:\/\/candas365.es\/noticias\/author\/admin\/#author"},"image":{"@type":"ImageObject","url":"https:\/\/candas365.es\/noticias\/wp-content\/uploads\/2018\/06\/football-1406106_960_720-1.jpg","@id":"https:\/\/candas365.es\/noticias\/ronald-koeman-nos-sobran-jugadores\/#mainImage","width":960,"height":643},"primaryImageOfPage":{"@id":"https:\/\/candas365.es\/noticias\/ronald-koeman-nos-sobran-jugadores\/#mainImage"},"datePublished":"2021-08-21T13:54:24+02:00","dateModified":"2021-08-31T14:05:18+02:00"},{"@type":"WebSite","@id":"https:\/\/candas365.es\/noticias\/#website","url":"https:\/\/candas365.es\/noticias\/","name":"Cand\u00e1s 365","alternateName":"Cand\u00e1s 365 Noticias","description":"Actualidad desde Carre\u00f1o para el mundo","inLanguage":"es-ES","publisher":{"@id":"https:\/\/candas365.es\/noticias\/#organization"}}]},"og:locale":"es_ES","og:site_name":"Cand\u00e1s 365","og:type":"article","og:title":"Ronald Koeman: \u00abNos sobran jugadores\u00bb | Cand\u00e1s 365","og:description":"El entrenador del FC Barcelona, Ronald Koeman, se ha erigido en portavoz de la actualidad deportiva del equipo y ha puesto en la rampa de salida a Umtiti y Pjanic","og:url":"https:\/\/candas365.es\/noticias\/ronald-koeman-nos-sobran-jugadores\/","og:image":"https:\/\/candas365.es\/noticias\/wp-content\/uploads\/2018\/06\/football-1406106_960_720-1.jpg","og:image:secure_url":"https:\/\/candas365.es\/noticias\/wp-content\/uploads\/2018\/06\/football-1406106_960_720-1.jpg","og:image:width":960,"og:image:height":643,"article:published_time":"2021-08-21T13:54:24+00:00","article:modified_time":"2021-08-31T14:05:18+00:00","article:publisher":"https:\/\/www.facebook.com\/Nachofdezber","article:author":"https:\/\/www.facebook.com\/carrenoactualidad","twitter:card":"summary_large_image","twitter:site":"@NabercoDigital","twitter:title":"Ronald Koeman: \u00abNos sobran jugadores\u00bb | Cand\u00e1s 365","twitter:description":"El entrenador del FC Barcelona, Ronald Koeman, se ha erigido en portavoz de la actualidad deportiva del equipo y ha puesto en la rampa de salida a Umtiti y Pjanic","twitter:creator":"@nbasturias","twitter:image":"https:\/\/candas365.es\/noticias\/wp-content\/uploads\/2018\/06\/football-1406106_960_720-1.jpg","twitter:label1":"Escrito por","twitter:data1":"Cand\u00e1s 365","twitter:label2":"Tiempo de lectura estimado","twitter:data2":"4 minutos"},"aioseo_meta_data":{"post_id":"157443","title":null,"description":"El entrenador del FC Barcelona, Ronald Koeman, se ha erigido en portavoz de la actualidad deportiva del equipo y ha puesto en la rampa de salida a Umtiti y Pjanic","keywords":[],"keyphrases":{"focus":{"keyphrase":" Ronald Koeman","score":89,"analysis":{"keyphraseInTitle":{"title":"Frase clave objetivo en el t\u00edtulo SEO","description":"Frase clave objetivo encontrada en el t\u00edtulo SEO.","score":9,"maxScore":9,"error":0},"keyphraseInDescription":{"title":"Frase clave objetivo en la meta descripci\u00f3n","description":"Frase clave objetivo encontrada en la meta descripci\u00f3n.","score":9,"maxScore":9,"error":0},"keyphraseInURL":[],"keyphraseLength":{"title":"Longitud de la Frase clave objetivo","description":"\u00a1Buen trabajo!","score":9,"maxScore":9,"error":0,"length":2},"keyphraseInIntroduction":{"title":"Frase clave objetivo en la introducci\u00f3n","description":"Su Frase clave objetivo aparece en el primer p\u00e1rrafo. \u00a1Bien hecho!","score":9,"maxScore":9,"error":0},"keyphraseInSubHeadings":{"title":"Frase clave objetivo sus subt\u00edtulos","description":"Use your focus keyphrase more in your H2 and H3 subheadings.","score":3,"maxScore":9,"error":1},"keyphraseInImageAlt":{"title":"Frase clave objetivo en los atributos alt de la imagen.","description":"Frase clave objetivo encontrada en los atributos alt de la(s) imagen(es).","score":9,"maxScore":9,"error":0}}},"additional":[]},"primary_term":null,"canonical_url":null,"og_title":null,"og_description":null,"og_object_type":"default","og_image_type":"default","og_image_url":null,"og_image_width":null,"og_image_height":null,"og_image_custom_url":null,"og_image_custom_fields":null,"og_video":"","og_custom_url":null,"og_article_section":null,"og_article_tags":[],"twitter_use_og":false,"twitter_card":"default","twitter_image_type":"default","twitter_image_url":null,"twitter_image_custom_url":null,"twitter_image_custom_fields":null,"twitter_title":null,"twitter_description":null,"schema":{"blockGraphs":[],"customGraphs":[],"default":{"data":{"Article":[],"Course":[],"Dataset":[],"FAQPage":[],"Movie":[],"Person":[],"Product":[],"ProductReview":[],"Car":[],"Recipe":[],"Service":[],"SoftwareApplication":[],"WebPage":[]},"graphName":"","isEnabled":true},"graphs":[],"defaultGraph":"Article","defaultPostTypeGraph":""},"schema_type":"default","schema_type_options":"{\"article\":{\"articleType\":\"BlogPosting\"},\"course\":{\"name\":\"\",\"description\":\"\",\"provider\":\"\"},\"faq\":{\"pages\":[]},\"product\":{\"reviews\":[]},\"recipe\":{\"ingredients\":[],\"instructions\":[],\"keywords\":[]},\"software\":{\"reviews\":[],\"operatingSystems\":[]},\"webPage\":{\"webPageType\":\"WebPage\"}}","pillar_content":false,"robots_default":true,"robots_noindex":false,"robots_noarchive":false,"robots_nosnippet":false,"robots_nofollow":false,"robots_noimageindex":false,"robots_noodp":false,"robots_notranslate":false,"robots_max_snippet":"-1","robots_max_videopreview":"-1","robots_max_imagepreview":"large","priority":null,"frequency":"default","location":null,"local_seo":{"locations":{"business":{"name":"","businessType":"","image":"","areaServed":"","urls":{"website":"","aboutPage":"","contactPage":""},"address":{"streetLine1":"","streetLine2":"","zipCode":"","city":"","state":"","country":"","addressFormat":"#streetLineOne\n#streetLineTwo\n#city, #state #zipCode"},"contact":{"email":"","phone":"","phoneFormatted":"","fax":"","faxFormatted":""},"ids":{"vat":"","tax":"","chamberOfCommerce":""},"payment":{"priceRange":"","currenciesAccepted":"","methods":""}}},"openingHours":{"useDefaults":true,"show":true,"alwaysOpen":false,"use24hFormat":false,"timezone":"","labels":{"closed":"","alwaysOpen":""},"days":{"monday":{"open24h":false,"closed":false,"openTime":"09:00","closeTime":"17:00"},"tuesday":{"open24h":false,"closed":false,"openTime":"09:00","closeTime":"17:00"},"wednesday":{"open24h":false,"closed":false,"openTime":"09:00","closeTime":"17:00"},"thursday":{"open24h":false,"closed":false,"openTime":"09:00","closeTime":"17:00"},"friday":{"open24h":false,"closed":false,"openTime":"09:00","closeTime":"17:00"},"saturday":{"open24h":false,"closed":false,"openTime":"09:00","closeTime":"17:00"},"sunday":{"open24h":false,"closed":false,"openTime":"09:00","closeTime":"17:00"}}}},"seo_analyzer_scan_date":"2025-09-01 00:50:09","breadcrumb_settings":null,"limit_modified_date":false,"reviewed_by":null,"open_ai":null,"ai":null,"created":"2021-08-21 13:51:47","updated":"2025-09-01 00:50:09"},"aioseo_breadcrumb":"<div class=\"aioseo-breadcrumbs\"><span class=\"aioseo-breadcrumb\">\n\t<a href=\"https:\/\/candas365.es\/noticias\" title=\"Home\">Home<\/a>\n<\/span><span class=\"aioseo-breadcrumb-separator\">&ndash;<\/span><span class=\"aioseo-breadcrumb\">\n\t<a href=\"https:\/\/candas365.es\/noticias\/category\/deporte\/\" title=\"Deporte\">Deporte<\/a>\n<\/span><span class=\"aioseo-breadcrumb-separator\">&ndash;<\/span><span class=\"aioseo-breadcrumb\">\n\tRonald Koeman: \u00abNos sobran jugadores\u00bb\n<\/span><\/div>","aioseo_breadcrumb_json":[{"label":"Home","link":"https:\/\/candas365.es\/noticias"},{"label":"Deporte","link":"https:\/\/candas365.es\/noticias\/category\/deporte\/"},{"label":"Ronald Koeman: \u00abNos sobran jugadores\u00bb","link":"https:\/\/candas365.es\/noticias\/ronald-koeman-nos-sobran-jugadores\/"}],"_links":{"self":[{"href":"https:\/\/candas365.es\/noticias\/wp-json\/wp\/v2\/posts\/157443","targetHints":{"allow":["GET"]}}],"collection":[{"href":"https:\/\/candas365.es\/noticias\/wp-json\/wp\/v2\/posts"}],"about":[{"href":"https:\/\/candas365.es\/noticias\/wp-json\/wp\/v2\/types\/post"}],"author":[{"embeddable":true,"href":"https:\/\/candas365.es\/noticias\/wp-json\/wp\/v2\/users\/1"}],"replies":[{"embeddable":true,"href":"https:\/\/candas365.es\/noticias\/wp-json\/wp\/v2\/comments?post=157443"}],"version-history":[{"count":0,"href":"https:\/\/candas365.es\/noticias\/wp-json\/wp\/v2\/posts\/157443\/revisions"}],"wp:featuredmedia":[{"embeddable":true,"href":"https:\/\/candas365.es\/noticias\/wp-json\/wp\/v2\/media\/98026"}],"wp:attachment":[{"href":"https:\/\/candas365.es\/noticias\/wp-json\/wp\/v2\/media?parent=157443"}],"wp:term":[{"taxonomy":"category","embeddable":true,"href":"https:\/\/candas365.es\/noticias\/wp-json\/wp\/v2\/categories?post=157443"},{"taxonomy":"post_tag","embeddable":true,"href":"https:\/\/candas365.es\/noticias\/wp-json\/wp\/v2\/tags?post=157443"}],"curies":[{"name":"wp","href":"https:\/\/api.w.org\/{rel}","templated":true}]}}