{"id":15742,"date":"2015-09-14T23:18:56","date_gmt":"2015-09-14T21:48:56","guid":{"rendered":"http:\/\/candas365.es\/noticias\/?p=15742"},"modified":"2015-09-14T23:18:56","modified_gmt":"2015-09-14T21:48:56","slug":"tauro-martes-15-de-septiembre-de-2015","status":"publish","type":"post","link":"https:\/\/candas365.es\/noticias\/tauro-martes-15-de-septiembre-de-2015\/","title":{"rendered":"Tauro martes 15 de septiembre de 2015"},"content":{"rendered":"<p><span style=\"line-height: 115%; font-family: 'Arial','sans-serif'; font-size: 12pt;\"><span style=\"color: #000000;\"><img fetchpriority=\"high\" decoding=\"async\" class=\"alignleft size-medium wp-image-15727\" src=\"https:\/\/candas365.es\/noticias\/wp-content\/uploads\/2015\/09\/HOROSCOPO15SEPTIEMBRE2015-300x300.jpg\" alt=\"HOROSCOPO15SEPTIEMBRE2015\" width=\"300\" height=\"300\" srcset=\"https:\/\/candas365.es\/noticias\/wp-content\/uploads\/2015\/09\/HOROSCOPO15SEPTIEMBRE2015.jpg 300w, https:\/\/candas365.es\/noticias\/wp-content\/uploads\/2015\/09\/HOROSCOPO15SEPTIEMBRE2015-150x150.jpg 150w, https:\/\/candas365.es\/noticias\/wp-content\/uploads\/2015\/09\/HOROSCOPO15SEPTIEMBRE2015-80x80.jpg 80w, https:\/\/candas365.es\/noticias\/wp-content\/uploads\/2015\/09\/HOROSCOPO15SEPTIEMBRE2015-50x50.jpg 50w\" sizes=\"(max-width: 300px) 100vw, 300px\" \/>Nuevo d\u00eda en tu mundo, con un martes en el que quiz\u00e1s necesites m\u00e1s libertad o aire fresco, quiz\u00e1s sea un buen momento para romper con las cadenas que te atan a lo que ya no te identifica o a lo que ya no te gusta.<\/span><\/span><\/p>\n<p><span style=\"line-height: 115%; font-family: 'Arial','sans-serif'; font-size: 12pt;\"><span style=\"color: #000000;\">Rectificar siempre es bueno, en la vida hay momentos para todo, y hoy ser\u00e1 un d\u00eda en el que puedes cambiar de \u201crumbo\u201d si crees que no sigues el adecuado, eso es algo que tienes que valorar t\u00fa, busca lo que te motive de verdad.<\/span><\/span><\/p>\n<p><span style=\"line-height: 115%; font-family: 'Arial','sans-serif'; font-size: 12pt;\"><span style=\"color: #000000;\">En el amor no dejes que la pasi\u00f3n se apague lentamente, no es momento de dejar marchar a los sentimientos, es d\u00eda de cuidar tus relaciones, de mejorar lo que tienes o de seguir esperando por un amor que te llene, se paciente\u2026<\/span><\/span><\/p>\n<p><span style=\"line-height: 115%; font-family: 'Arial','sans-serif'; font-size: 12pt;\"><span style=\"color: #000000;\">N\u00famero diario de la suerte el 4<\/span><\/span><\/p>\n<p>&nbsp;<\/p>\n","protected":false},"excerpt":{"rendered":"<p>Nuevo d\u00eda en tu mundo, con un martes en el que quiz\u00e1s necesites m\u00e1s libertad o aire fresco, quiz\u00e1s sea un buen momento para romper con las cadenas que te atan a lo que ya no te identifica o a lo que ya no te gusta. Rectificar siempre es bueno, en la vida hay momentos<\/p>\n","protected":false},"author":1,"featured_media":15727,"comment_status":"open","ping_status":"closed","sticky":false,"template":"","format":"standard","meta":{"footnotes":""},"categories":[185],"tags":[],"class_list":{"0":"post-15742","1":"post","2":"type-post","3":"status-publish","4":"format-standard","5":"has-post-thumbnail","7":"category-horoscopo-diario"},"aioseo_notices":[],"aioseo_head":"\n\t\t<!-- All in One SEO Pro 4.9.6.2 - aioseo.com -->\n\t<meta name=\"description\" content=\"Nuevo d\u00eda en tu mundo, con un martes en el que quiz\u00e1s necesites m\u00e1s libertad o aire fresco, quiz\u00e1s sea un buen momento para romper con las cadenas que te atan a lo que ya no te identifica o a lo que ya no te gusta. Rectificar siempre es bueno, en la vida hay momentos\" \/>\n\t<meta name=\"robots\" content=\"max-image-preview:large\" \/>\n\t<meta name=\"author\" content=\"Cand\u00e1s 365\"\/>\n\t<meta name=\"google-site-verification\" content=\"UA-32230408-1\" \/>\n\t<meta name=\"msvalidate.01\" content=\"354F3CDFB2DA171B47FBE9ABF1F88D5\" \/>\n\t<meta name=\"keywords\" content=\"hor\u00f3scopo diario\" \/>\n\t<link rel=\"canonical\" href=\"https:\/\/candas365.es\/noticias\/tauro-martes-15-de-septiembre-de-2015\/\" \/>\n\t<meta name=\"generator\" content=\"All in One SEO Pro (AIOSEO) 4.9.6.2\" \/>\n\t\t<meta property=\"og:locale\" content=\"es_ES\" \/>\n\t\t<meta property=\"og:site_name\" content=\"Cand\u00e1s 365\" \/>\n\t\t<meta property=\"og:type\" content=\"article\" \/>\n\t\t<meta property=\"og:title\" content=\"Tauro martes 15 de septiembre de 2015 | Cand\u00e1s 365\" \/>\n\t\t<meta property=\"og:description\" content=\"Nuevo d\u00eda en tu mundo, con un martes en el que quiz\u00e1s necesites m\u00e1s libertad o aire fresco, quiz\u00e1s sea un buen momento para romper con las cadenas que te atan a lo que ya no te identifica o a lo que ya no te gusta. Rectificar siempre es bueno, en la vida hay momentos\" \/>\n\t\t<meta property=\"og:url\" content=\"https:\/\/candas365.es\/noticias\/tauro-martes-15-de-septiembre-de-2015\/\" \/>\n\t\t<meta property=\"og:image\" content=\"https:\/\/candas365.es\/noticias\/wp-content\/uploads\/2015\/09\/HOROSCOPO15SEPTIEMBRE2015.jpg\" \/>\n\t\t<meta property=\"og:image:secure_url\" content=\"https:\/\/candas365.es\/noticias\/wp-content\/uploads\/2015\/09\/HOROSCOPO15SEPTIEMBRE2015.jpg\" \/>\n\t\t<meta property=\"og:image:width\" content=\"300\" \/>\n\t\t<meta property=\"og:image:height\" content=\"300\" \/>\n\t\t<meta property=\"article:published_time\" content=\"2015-09-14T21:48:56+00:00\" \/>\n\t\t<meta property=\"article:modified_time\" content=\"2015-09-14T21:48:56+00:00\" \/>\n\t\t<meta property=\"article:publisher\" content=\"https:\/\/www.facebook.com\/Nachofdezber\" \/>\n\t\t<meta property=\"article:author\" content=\"https:\/\/www.facebook.com\/carrenoactualidad\" \/>\n\t\t<meta name=\"twitter:card\" content=\"summary_large_image\" \/>\n\t\t<meta name=\"twitter:site\" content=\"@NabercoDigital\" \/>\n\t\t<meta name=\"twitter:title\" content=\"Tauro martes 15 de septiembre de 2015 | Cand\u00e1s 365\" \/>\n\t\t<meta name=\"twitter:description\" content=\"Nuevo d\u00eda en tu mundo, con un martes en el que quiz\u00e1s necesites m\u00e1s libertad o aire fresco, quiz\u00e1s sea un buen momento para romper con las cadenas que te atan a lo que ya no te identifica o a lo que ya no te gusta. Rectificar siempre es bueno, en la vida hay momentos\" \/>\n\t\t<meta name=\"twitter:creator\" content=\"@nbasturias\" \/>\n\t\t<meta name=\"twitter:image\" content=\"https:\/\/candas365.es\/noticias\/wp-content\/uploads\/2015\/09\/HOROSCOPO15SEPTIEMBRE2015.jpg\" \/>\n\t\t<meta name=\"twitter:label1\" content=\"Escrito por\" \/>\n\t\t<meta name=\"twitter:data1\" content=\"Cand\u00e1s 365\" \/>\n\t\t<meta name=\"twitter:label2\" content=\"Tiempo de lectura estimado\" \/>\n\t\t<meta name=\"twitter:data2\" content=\"1 minuto\" \/>\n\t\t<script type=\"application\/ld+json\" class=\"aioseo-schema\">\n\t\t\t{\"@context\":\"https:\\\/\\\/schema.org\",\"@graph\":[{\"@type\":\"BreadcrumbList\",\"@id\":\"https:\\\/\\\/candas365.es\\\/noticias\\\/tauro-martes-15-de-septiembre-de-2015\\\/#breadcrumblist\",\"itemListElement\":[{\"@type\":\"ListItem\",\"@id\":\"https:\\\/\\\/candas365.es\\\/noticias#listItem\",\"position\":1,\"name\":\"Home\",\"item\":\"https:\\\/\\\/candas365.es\\\/noticias\",\"nextItem\":{\"@type\":\"ListItem\",\"@id\":\"https:\\\/\\\/candas365.es\\\/noticias\\\/category\\\/horoscopo-diario\\\/#listItem\",\"name\":\"Hor\\u00f3scopo diario\"}},{\"@type\":\"ListItem\",\"@id\":\"https:\\\/\\\/candas365.es\\\/noticias\\\/category\\\/horoscopo-diario\\\/#listItem\",\"position\":2,\"name\":\"Hor\\u00f3scopo diario\",\"item\":\"https:\\\/\\\/candas365.es\\\/noticias\\\/category\\\/horoscopo-diario\\\/\",\"nextItem\":{\"@type\":\"ListItem\",\"@id\":\"https:\\\/\\\/candas365.es\\\/noticias\\\/tauro-martes-15-de-septiembre-de-2015\\\/#listItem\",\"name\":\"Tauro martes 15 de septiembre de 2015\"},\"previousItem\":{\"@type\":\"ListItem\",\"@id\":\"https:\\\/\\\/candas365.es\\\/noticias#listItem\",\"name\":\"Home\"}},{\"@type\":\"ListItem\",\"@id\":\"https:\\\/\\\/candas365.es\\\/noticias\\\/tauro-martes-15-de-septiembre-de-2015\\\/#listItem\",\"position\":3,\"name\":\"Tauro martes 15 de septiembre de 2015\",\"previousItem\":{\"@type\":\"ListItem\",\"@id\":\"https:\\\/\\\/candas365.es\\\/noticias\\\/category\\\/horoscopo-diario\\\/#listItem\",\"name\":\"Hor\\u00f3scopo diario\"}}]},{\"@type\":\"NewsArticle\",\"@id\":\"https:\\\/\\\/candas365.es\\\/noticias\\\/tauro-martes-15-de-septiembre-de-2015\\\/#newsarticle\",\"name\":\"Tauro martes 15 de septiembre de 2015 | Cand\\u00e1s 365\",\"headline\":\"Tauro martes 15 de septiembre de 2015\",\"author\":{\"@id\":\"https:\\\/\\\/candas365.es\\\/noticias\\\/author\\\/admin\\\/#author\"},\"publisher\":{\"@id\":\"https:\\\/\\\/candas365.es\\\/noticias\\\/#organization\"},\"image\":{\"@type\":\"ImageObject\",\"url\":\"https:\\\/\\\/candas365.es\\\/noticias\\\/wp-content\\\/uploads\\\/2015\\\/09\\\/HOROSCOPO15SEPTIEMBRE2015.jpg\",\"width\":300,\"height\":300},\"datePublished\":\"2015-09-14T23:18:56+02:00\",\"dateModified\":\"2015-09-14T23:18:56+02:00\",\"inLanguage\":\"es-ES\",\"mainEntityOfPage\":{\"@id\":\"https:\\\/\\\/candas365.es\\\/noticias\\\/tauro-martes-15-de-septiembre-de-2015\\\/#webpage\"},\"isPartOf\":{\"@id\":\"https:\\\/\\\/candas365.es\\\/noticias\\\/tauro-martes-15-de-septiembre-de-2015\\\/#webpage\"},\"articleSection\":\"Hor\\u00f3scopo diario\",\"dateline\":\"Publicado el septiembre 14, 2015.\"},{\"@type\":\"Organization\",\"@id\":\"https:\\\/\\\/candas365.es\\\/noticias\\\/#organization\",\"name\":\"Cand\\u00e1s 365\",\"description\":\"Cand\\u00e1s 365 es un diario digital independiente, fundado en 2012, con base en Asturias. Informamos con rigor sobre actualidad, sociedad, cultura y ocio, con una mirada local y global.\",\"url\":\"https:\\\/\\\/candas365.es\\\/noticias\\\/\",\"email\":\"info@candas365.es\",\"telephone\":\"+34652131393\",\"foundingDate\":\"2012-06-10\",\"logo\":{\"@type\":\"ImageObject\",\"url\":\"https:\\\/\\\/candas365.es\\\/noticias\\\/wp-content\\\/uploads\\\/2024\\\/09\\\/Candas-365-Redes.jpg\",\"@id\":\"https:\\\/\\\/candas365.es\\\/noticias\\\/tauro-martes-15-de-septiembre-de-2015\\\/#organizationLogo\",\"width\":1152,\"height\":864,\"caption\":\"Cand\\u00e1s 365 Redes\"},\"image\":{\"@id\":\"https:\\\/\\\/candas365.es\\\/noticias\\\/tauro-martes-15-de-septiembre-de-2015\\\/#organizationLogo\"},\"sameAs\":[\"https:\\\/\\\/www.facebook.com\\\/Nachofdezber\",\"https:\\\/\\\/x.com\\\/NabercoDigital\",\"https:\\\/\\\/www.instagram.com\\\/nachofdezber\\\/\",\"https:\\\/\\\/www.youtube.com\\\/channel\\\/UCZP-2wLEB9Rv6erhFmqVnvg\"],\"address\":{\"@id\":\"https:\\\/\\\/candas365.es\\\/noticias\\\/#postaladdress\",\"@type\":\"PostalAddress\",\"streetAddress\":\"san antonio 4, san antonio 4\",\"postalCode\":\"33430\",\"addressLocality\":\"Cand\\u00e1s\",\"addressRegion\":\"Asturias\",\"addressCountry\":\"ES\"}},{\"@type\":\"Person\",\"@id\":\"https:\\\/\\\/candas365.es\\\/noticias\\\/author\\\/admin\\\/#author\",\"url\":\"https:\\\/\\\/candas365.es\\\/noticias\\\/author\\\/admin\\\/\",\"name\":\"Cand\\u00e1s 365\",\"image\":{\"@type\":\"ImageObject\",\"@id\":\"https:\\\/\\\/candas365.es\\\/noticias\\\/tauro-martes-15-de-septiembre-de-2015\\\/#authorImage\",\"url\":\"https:\\\/\\\/secure.gravatar.com\\\/avatar\\\/496a8e03d0c493ede1718b7934145dbdf8d89be1036b0eec9544e1094c9de390?s=96&d=mm&r=g\",\"width\":96,\"height\":96,\"caption\":\"Cand\\u00e1s 365\"},\"sameAs\":[\"https:\\\/\\\/www.facebook.com\\\/carrenoactualidad\",\"https:\\\/\\\/twitter.com\\\/nbasturias\",\"https:\\\/\\\/www.instagram.com\\\/nachofdezber\\\/\",\"https:\\\/\\\/www.youtube.com\\\/channel\\\/UCZP-2wLEB9Rv6erhFmqVnvg\"]},{\"@type\":\"WebPage\",\"@id\":\"https:\\\/\\\/candas365.es\\\/noticias\\\/tauro-martes-15-de-septiembre-de-2015\\\/#webpage\",\"url\":\"https:\\\/\\\/candas365.es\\\/noticias\\\/tauro-martes-15-de-septiembre-de-2015\\\/\",\"name\":\"Tauro martes 15 de septiembre de 2015 | Cand\\u00e1s 365\",\"description\":\"Nuevo d\\u00eda en tu mundo, con un martes en el que quiz\\u00e1s necesites m\\u00e1s libertad o aire fresco, quiz\\u00e1s sea un buen momento para romper con las cadenas que te atan a lo que ya no te identifica o a lo que ya no te gusta. Rectificar siempre es bueno, en la vida hay momentos\",\"inLanguage\":\"es-ES\",\"isPartOf\":{\"@id\":\"https:\\\/\\\/candas365.es\\\/noticias\\\/#website\"},\"breadcrumb\":{\"@id\":\"https:\\\/\\\/candas365.es\\\/noticias\\\/tauro-martes-15-de-septiembre-de-2015\\\/#breadcrumblist\"},\"author\":{\"@id\":\"https:\\\/\\\/candas365.es\\\/noticias\\\/author\\\/admin\\\/#author\"},\"creator\":{\"@id\":\"https:\\\/\\\/candas365.es\\\/noticias\\\/author\\\/admin\\\/#author\"},\"image\":{\"@type\":\"ImageObject\",\"url\":\"https:\\\/\\\/candas365.es\\\/noticias\\\/wp-content\\\/uploads\\\/2015\\\/09\\\/HOROSCOPO15SEPTIEMBRE2015.jpg\",\"@id\":\"https:\\\/\\\/candas365.es\\\/noticias\\\/tauro-martes-15-de-septiembre-de-2015\\\/#mainImage\",\"width\":300,\"height\":300},\"primaryImageOfPage\":{\"@id\":\"https:\\\/\\\/candas365.es\\\/noticias\\\/tauro-martes-15-de-septiembre-de-2015\\\/#mainImage\"},\"datePublished\":\"2015-09-14T23:18:56+02:00\",\"dateModified\":\"2015-09-14T23:18:56+02:00\"},{\"@type\":\"WebSite\",\"@id\":\"https:\\\/\\\/candas365.es\\\/noticias\\\/#website\",\"url\":\"https:\\\/\\\/candas365.es\\\/noticias\\\/\",\"name\":\"Cand\\u00e1s 365\",\"alternateName\":\"Cand\\u00e1s 365 Noticias\",\"description\":\"Actualidad desde Carre\\u00f1o para el mundo\",\"inLanguage\":\"es-ES\",\"publisher\":{\"@id\":\"https:\\\/\\\/candas365.es\\\/noticias\\\/#organization\"}}]}\n\t\t<\/script>\n\t\t<!-- All in One SEO Pro -->\r\n\t\t<title>Tauro martes 15 de septiembre de 2015 | Cand\u00e1s 365<\/title>\n\n","aioseo_head_json":{"title":"Tauro martes 15 de septiembre de 2015 | Cand\u00e1s 365","description":"Nuevo d\u00eda en tu mundo, con un martes en el que quiz\u00e1s necesites m\u00e1s libertad o aire fresco, quiz\u00e1s sea un buen momento para romper con las cadenas que te atan a lo que ya no te identifica o a lo que ya no te gusta. Rectificar siempre es bueno, en la vida hay momentos","canonical_url":"https:\/\/candas365.es\/noticias\/tauro-martes-15-de-septiembre-de-2015\/","robots":"max-image-preview:large","keywords":"hor\u00f3scopo diario","webmasterTools":{"google-site-verification":"UA-32230408-1","msvalidate.01":"354F3CDFB2DA171B47FBE9ABF1F88D5","miscellaneous":""},"schema":{"@context":"https:\/\/schema.org","@graph":[{"@type":"BreadcrumbList","@id":"https:\/\/candas365.es\/noticias\/tauro-martes-15-de-septiembre-de-2015\/#breadcrumblist","itemListElement":[{"@type":"ListItem","@id":"https:\/\/candas365.es\/noticias#listItem","position":1,"name":"Home","item":"https:\/\/candas365.es\/noticias","nextItem":{"@type":"ListItem","@id":"https:\/\/candas365.es\/noticias\/category\/horoscopo-diario\/#listItem","name":"Hor\u00f3scopo diario"}},{"@type":"ListItem","@id":"https:\/\/candas365.es\/noticias\/category\/horoscopo-diario\/#listItem","position":2,"name":"Hor\u00f3scopo diario","item":"https:\/\/candas365.es\/noticias\/category\/horoscopo-diario\/","nextItem":{"@type":"ListItem","@id":"https:\/\/candas365.es\/noticias\/tauro-martes-15-de-septiembre-de-2015\/#listItem","name":"Tauro martes 15 de septiembre de 2015"},"previousItem":{"@type":"ListItem","@id":"https:\/\/candas365.es\/noticias#listItem","name":"Home"}},{"@type":"ListItem","@id":"https:\/\/candas365.es\/noticias\/tauro-martes-15-de-septiembre-de-2015\/#listItem","position":3,"name":"Tauro martes 15 de septiembre de 2015","previousItem":{"@type":"ListItem","@id":"https:\/\/candas365.es\/noticias\/category\/horoscopo-diario\/#listItem","name":"Hor\u00f3scopo diario"}}]},{"@type":"NewsArticle","@id":"https:\/\/candas365.es\/noticias\/tauro-martes-15-de-septiembre-de-2015\/#newsarticle","name":"Tauro martes 15 de septiembre de 2015 | Cand\u00e1s 365","headline":"Tauro martes 15 de septiembre de 2015","author":{"@id":"https:\/\/candas365.es\/noticias\/author\/admin\/#author"},"publisher":{"@id":"https:\/\/candas365.es\/noticias\/#organization"},"image":{"@type":"ImageObject","url":"https:\/\/candas365.es\/noticias\/wp-content\/uploads\/2015\/09\/HOROSCOPO15SEPTIEMBRE2015.jpg","width":300,"height":300},"datePublished":"2015-09-14T23:18:56+02:00","dateModified":"2015-09-14T23:18:56+02:00","inLanguage":"es-ES","mainEntityOfPage":{"@id":"https:\/\/candas365.es\/noticias\/tauro-martes-15-de-septiembre-de-2015\/#webpage"},"isPartOf":{"@id":"https:\/\/candas365.es\/noticias\/tauro-martes-15-de-septiembre-de-2015\/#webpage"},"articleSection":"Hor\u00f3scopo diario","dateline":"Publicado el septiembre 14, 2015."},{"@type":"Organization","@id":"https:\/\/candas365.es\/noticias\/#organization","name":"Cand\u00e1s 365","description":"Cand\u00e1s 365 es un diario digital independiente, fundado en 2012, con base en Asturias. Informamos con rigor sobre actualidad, sociedad, cultura y ocio, con una mirada local y global.","url":"https:\/\/candas365.es\/noticias\/","email":"info@candas365.es","telephone":"+34652131393","foundingDate":"2012-06-10","logo":{"@type":"ImageObject","url":"https:\/\/candas365.es\/noticias\/wp-content\/uploads\/2024\/09\/Candas-365-Redes.jpg","@id":"https:\/\/candas365.es\/noticias\/tauro-martes-15-de-septiembre-de-2015\/#organizationLogo","width":1152,"height":864,"caption":"Cand\u00e1s 365 Redes"},"image":{"@id":"https:\/\/candas365.es\/noticias\/tauro-martes-15-de-septiembre-de-2015\/#organizationLogo"},"sameAs":["https:\/\/www.facebook.com\/Nachofdezber","https:\/\/x.com\/NabercoDigital","https:\/\/www.instagram.com\/nachofdezber\/","https:\/\/www.youtube.com\/channel\/UCZP-2wLEB9Rv6erhFmqVnvg"],"address":{"@id":"https:\/\/candas365.es\/noticias\/#postaladdress","@type":"PostalAddress","streetAddress":"san antonio 4, san antonio 4","postalCode":"33430","addressLocality":"Cand\u00e1s","addressRegion":"Asturias","addressCountry":"ES"}},{"@type":"Person","@id":"https:\/\/candas365.es\/noticias\/author\/admin\/#author","url":"https:\/\/candas365.es\/noticias\/author\/admin\/","name":"Cand\u00e1s 365","image":{"@type":"ImageObject","@id":"https:\/\/candas365.es\/noticias\/tauro-martes-15-de-septiembre-de-2015\/#authorImage","url":"https:\/\/secure.gravatar.com\/avatar\/496a8e03d0c493ede1718b7934145dbdf8d89be1036b0eec9544e1094c9de390?s=96&d=mm&r=g","width":96,"height":96,"caption":"Cand\u00e1s 365"},"sameAs":["https:\/\/www.facebook.com\/carrenoactualidad","https:\/\/twitter.com\/nbasturias","https:\/\/www.instagram.com\/nachofdezber\/","https:\/\/www.youtube.com\/channel\/UCZP-2wLEB9Rv6erhFmqVnvg"]},{"@type":"WebPage","@id":"https:\/\/candas365.es\/noticias\/tauro-martes-15-de-septiembre-de-2015\/#webpage","url":"https:\/\/candas365.es\/noticias\/tauro-martes-15-de-septiembre-de-2015\/","name":"Tauro martes 15 de septiembre de 2015 | Cand\u00e1s 365","description":"Nuevo d\u00eda en tu mundo, con un martes en el que quiz\u00e1s necesites m\u00e1s libertad o aire fresco, quiz\u00e1s sea un buen momento para romper con las cadenas que te atan a lo que ya no te identifica o a lo que ya no te gusta. Rectificar siempre es bueno, en la vida hay momentos","inLanguage":"es-ES","isPartOf":{"@id":"https:\/\/candas365.es\/noticias\/#website"},"breadcrumb":{"@id":"https:\/\/candas365.es\/noticias\/tauro-martes-15-de-septiembre-de-2015\/#breadcrumblist"},"author":{"@id":"https:\/\/candas365.es\/noticias\/author\/admin\/#author"},"creator":{"@id":"https:\/\/candas365.es\/noticias\/author\/admin\/#author"},"image":{"@type":"ImageObject","url":"https:\/\/candas365.es\/noticias\/wp-content\/uploads\/2015\/09\/HOROSCOPO15SEPTIEMBRE2015.jpg","@id":"https:\/\/candas365.es\/noticias\/tauro-martes-15-de-septiembre-de-2015\/#mainImage","width":300,"height":300},"primaryImageOfPage":{"@id":"https:\/\/candas365.es\/noticias\/tauro-martes-15-de-septiembre-de-2015\/#mainImage"},"datePublished":"2015-09-14T23:18:56+02:00","dateModified":"2015-09-14T23:18:56+02:00"},{"@type":"WebSite","@id":"https:\/\/candas365.es\/noticias\/#website","url":"https:\/\/candas365.es\/noticias\/","name":"Cand\u00e1s 365","alternateName":"Cand\u00e1s 365 Noticias","description":"Actualidad desde Carre\u00f1o para el mundo","inLanguage":"es-ES","publisher":{"@id":"https:\/\/candas365.es\/noticias\/#organization"}}]},"og:locale":"es_ES","og:site_name":"Cand\u00e1s 365","og:type":"article","og:title":"Tauro martes 15 de septiembre de 2015 | Cand\u00e1s 365","og:description":"Nuevo d\u00eda en tu mundo, con un martes en el que quiz\u00e1s necesites m\u00e1s libertad o aire fresco, quiz\u00e1s sea un buen momento para romper con las cadenas que te atan a lo que ya no te identifica o a lo que ya no te gusta. Rectificar siempre es bueno, en la vida hay momentos","og:url":"https:\/\/candas365.es\/noticias\/tauro-martes-15-de-septiembre-de-2015\/","og:image":"https:\/\/candas365.es\/noticias\/wp-content\/uploads\/2015\/09\/HOROSCOPO15SEPTIEMBRE2015.jpg","og:image:secure_url":"https:\/\/candas365.es\/noticias\/wp-content\/uploads\/2015\/09\/HOROSCOPO15SEPTIEMBRE2015.jpg","og:image:width":300,"og:image:height":300,"article:published_time":"2015-09-14T21:48:56+00:00","article:modified_time":"2015-09-14T21:48:56+00:00","article:publisher":"https:\/\/www.facebook.com\/Nachofdezber","article:author":"https:\/\/www.facebook.com\/carrenoactualidad","twitter:card":"summary_large_image","twitter:site":"@NabercoDigital","twitter:title":"Tauro martes 15 de septiembre de 2015 | Cand\u00e1s 365","twitter:description":"Nuevo d\u00eda en tu mundo, con un martes en el que quiz\u00e1s necesites m\u00e1s libertad o aire fresco, quiz\u00e1s sea un buen momento para romper con las cadenas que te atan a lo que ya no te identifica o a lo que ya no te gusta. Rectificar siempre es bueno, en la vida hay momentos","twitter:creator":"@nbasturias","twitter:image":"https:\/\/candas365.es\/noticias\/wp-content\/uploads\/2015\/09\/HOROSCOPO15SEPTIEMBRE2015.jpg","twitter:label1":"Escrito por","twitter:data1":"Cand\u00e1s 365","twitter:label2":"Tiempo de lectura estimado","twitter:data2":"1 minuto"},"aioseo_meta_data":{"post_id":"15742","title":null,"description":null,"keywords":null,"keyphrases":null,"primary_term":null,"canonical_url":null,"og_title":null,"og_description":null,"og_object_type":"default","og_image_type":"default","og_image_url":null,"og_image_width":null,"og_image_height":null,"og_image_custom_url":null,"og_image_custom_fields":null,"og_video":null,"og_custom_url":null,"og_article_section":null,"og_article_tags":null,"twitter_use_og":false,"twitter_card":"default","twitter_image_type":"default","twitter_image_url":null,"twitter_image_custom_url":null,"twitter_image_custom_fields":null,"twitter_title":null,"twitter_description":null,"schema":{"blockGraphs":[],"customGraphs":[],"default":{"data":{"Article":[],"Course":[],"Dataset":[],"FAQPage":[],"Movie":[],"Person":[],"Product":[],"ProductReview":[],"Car":[],"Recipe":[],"Service":[],"SoftwareApplication":[],"WebPage":[]},"graphName":"","isEnabled":true},"graphs":[],"defaultGraph":"","defaultPostTypeGraph":""},"schema_type":null,"schema_type_options":null,"pillar_content":false,"robots_default":true,"robots_noindex":false,"robots_noarchive":false,"robots_nosnippet":false,"robots_nofollow":false,"robots_noimageindex":false,"robots_noodp":false,"robots_notranslate":false,"robots_max_snippet":null,"robots_max_videopreview":null,"robots_max_imagepreview":"large","priority":null,"frequency":null,"location":null,"local_seo":null,"seo_analyzer_scan_date":"2025-08-23 17:00:14","breadcrumb_settings":null,"limit_modified_date":false,"reviewed_by":null,"open_ai":null,"ai":null,"created":"2020-12-21 11:43:42","updated":"2025-08-23 17:00:14"},"aioseo_breadcrumb":"<div class=\"aioseo-breadcrumbs\"><span class=\"aioseo-breadcrumb\">\n\t<a href=\"https:\/\/candas365.es\/noticias\" title=\"Home\">Home<\/a>\n<\/span><span class=\"aioseo-breadcrumb-separator\">&ndash;<\/span><span class=\"aioseo-breadcrumb\">\n\t<a href=\"https:\/\/candas365.es\/noticias\/category\/horoscopo-diario\/\" title=\"Hor\u00f3scopo diario\">Hor\u00f3scopo diario<\/a>\n<\/span><span class=\"aioseo-breadcrumb-separator\">&ndash;<\/span><span class=\"aioseo-breadcrumb\">\n\tTauro martes 15 de septiembre de 2015\n<\/span><\/div>","aioseo_breadcrumb_json":[{"label":"Home","link":"https:\/\/candas365.es\/noticias"},{"label":"Hor\u00f3scopo diario","link":"https:\/\/candas365.es\/noticias\/category\/horoscopo-diario\/"},{"label":"Tauro martes 15 de septiembre de 2015","link":"https:\/\/candas365.es\/noticias\/tauro-martes-15-de-septiembre-de-2015\/"}],"_links":{"self":[{"href":"https:\/\/candas365.es\/noticias\/wp-json\/wp\/v2\/posts\/15742","targetHints":{"allow":["GET"]}}],"collection":[{"href":"https:\/\/candas365.es\/noticias\/wp-json\/wp\/v2\/posts"}],"about":[{"href":"https:\/\/candas365.es\/noticias\/wp-json\/wp\/v2\/types\/post"}],"author":[{"embeddable":true,"href":"https:\/\/candas365.es\/noticias\/wp-json\/wp\/v2\/users\/1"}],"replies":[{"embeddable":true,"href":"https:\/\/candas365.es\/noticias\/wp-json\/wp\/v2\/comments?post=15742"}],"version-history":[{"count":0,"href":"https:\/\/candas365.es\/noticias\/wp-json\/wp\/v2\/posts\/15742\/revisions"}],"wp:featuredmedia":[{"embeddable":true,"href":"https:\/\/candas365.es\/noticias\/wp-json\/wp\/v2\/media\/15727"}],"wp:attachment":[{"href":"https:\/\/candas365.es\/noticias\/wp-json\/wp\/v2\/media?parent=15742"}],"wp:term":[{"taxonomy":"category","embeddable":true,"href":"https:\/\/candas365.es\/noticias\/wp-json\/wp\/v2\/categories?post=15742"},{"taxonomy":"post_tag","embeddable":true,"href":"https:\/\/candas365.es\/noticias\/wp-json\/wp\/v2\/tags?post=15742"}],"curies":[{"name":"wp","href":"https:\/\/api.w.org\/{rel}","templated":true}]}}