{"id":157415,"date":"2021-08-17T14:01:46","date_gmt":"2021-08-17T14:01:46","guid":{"rendered":"http:\/\/candas365.es\/noticias\/?p=157415"},"modified":"2021-08-17T14:02:47","modified_gmt":"2021-08-17T14:02:47","slug":"gotze-quiere-volver-a-las-grandes-ligas","status":"publish","type":"post","link":"https:\/\/candas365.es\/noticias\/gotze-quiere-volver-a-las-grandes-ligas\/","title":{"rendered":"G\u00f6tze quiere volver a las grandes ligas"},"content":{"rendered":"<p>Lisboa, 17 ago (dpa) &#8211; Mario G\u00f6tze r\u00ede, marca y hace magia con el bal\u00f3n como en los mejores tiempos.<strong> El h\u00e9roe de la Alemania campeona del mundo en Brasil 2014 ha redescubierto la alegr\u00eda de jugar al f\u00fatbol lejos del barullo del Borussia Dortmund y el Bayern M\u00fanich<\/strong>.<\/p>\n<p>Su pase del f\u00fatbol alem\u00e1n a la primera divisi\u00f3n de los Pa\u00edses Bajos, que al principio fue visto como un retroceso, result\u00f3 haber sido un gran paso hacia adelante para el jugador de 29 a\u00f1os.<\/p>\n<p>G\u00f6tze est\u00e1 a punto de volver con el <strong>PSV Eindhoven<\/strong> a la gran escena internacional.<\/p>\n<p>Visiblemente relajado y con un gran almohad\u00f3n blanco bajo el brazo, el jugador clave del plantel dirigido por Roger Schmidt viaj\u00f3 a Lisboa para el partido de ida de los playoffs de la Liga de Campeones con el Benfica.<\/p>\n<p>Antes del encuentro de este mi\u00e9rcoles, recibi\u00f3 adem\u00e1s noticias positivas de su hermano Felix G\u00f6tze. <strong>El mediocampista del Kaiserslautern est\u00e1 recuper\u00e1ndose tras sufrir una fractura muy peque\u00f1a en el cr\u00e1neo y permanecer en cuidados intensivos en un hospital de Berl\u00edn<\/strong>.<\/p>\n<p>Con tres goles en cuatro partidos de la fase de clasificaci\u00f3n, Mario G\u00f6tze tuvo un papel importante en la campa\u00f1a del Eindhoven para avanzar a la fase de grupos de la m\u00e1xima categor\u00eda por primera vez desde 2018.<\/p>\n<p>G\u00f6tze tambi\u00e9n demostr\u00f3 lo bueno que es en la Supercopa de los Pa\u00edses Bajos contra el campe\u00f3n Ajax de \u00c1msterdam.<\/p>\n<p><strong>El jugador marc\u00f3 un gol de ensue\u00f1o para sellar el 4-0 final en el choque con el eterno rival<\/strong> y demostr\u00f3 toda su clase futbol\u00edstica con una jugada t\u00e9cnica en el centro del campo.<\/p>\n<p>Luego de a\u00f1os dif\u00edcles en el Bayern M\u00fanich y el Borussia Dortmund, G\u00f6tze qued\u00f3 libre y en octubre \u00faltimo fich\u00f3 por el Eindhoven. Que all\u00ed haya recuperado su desparpajo y la diversi\u00f3n tiene mucho que ver con el entrenador Schmidt.<\/p>\n<p>El ex t\u00e9cnico del Bayern Leverkusen conf\u00eda en G\u00f6tze y le da el respaldo que este jugador excepcional necesita. Adem\u00e1s, G\u00f6tze disfruta de un nuevo papel m\u00e1s central en el sistema de juego de Schmidt en esta a\u00fan nueva temporada.<\/p>\n<p><strong>\u00abLa nueva posici\u00f3n me beneficia, tengo m\u00e1s influencia en el juego en el centro del campo y as\u00ed puedo contribuir con nuestro \u00e9xito\u00bb, explic\u00f3 G\u00f6tze<\/strong> al peri\u00f3dico deportivo \u00abSport Bild\u00bb.<\/p>\n<p>El seleccionador alem\u00e1n, Hansi Flick, toma nota de su mejor\u00eda. El nuevo t\u00e9cnico declar\u00f3 recientemente que se alegraba del pase de G\u00f6tze al Eindhoven porque hab\u00eda \u00abrecuperado el rumbo y estaba rindiendo bien\u00bb. G\u00f6tze jug\u00f3 su \u00faltimo partido con la selecci\u00f3n alemana en noviembre de 2017.<\/p>\n<p>Por Thomas Esser (dpa)<\/p>\n","protected":false},"excerpt":{"rendered":"<p>Lisboa, 17 ago (dpa) &#8211; Mario G\u00f6tze r\u00ede, marca y hace magia con el bal\u00f3n como en los mejores tiempos. El h\u00e9roe de la Alemania campeona del mundo en Brasil 2014 ha redescubierto la alegr\u00eda de jugar al f\u00fatbol lejos del barullo del Borussia Dortmund y el Bayern M\u00fanich. Su pase del f\u00fatbol alem\u00e1n a<\/p>\n","protected":false},"author":1,"featured_media":157395,"comment_status":"closed","ping_status":"closed","sticky":false,"template":"","format":"standard","meta":{"footnotes":""},"categories":[319],"tags":[387,389],"class_list":{"0":"post-157415","1":"post","2":"type-post","3":"status-publish","4":"format-standard","5":"has-post-thumbnail","7":"category-deporte","8":"tag-deporte","9":"tag-futbol"},"aioseo_notices":[],"aioseo_head":"\n\t\t<!-- All in One SEO Pro 4.9.6.2 - aioseo.com -->\n\t<meta name=\"description\" content=\"Mario G\u00f6tze r\u00ede, marca y hace magia con el bal\u00f3n como en los mejores tiempos. El h\u00e9roe de la Alemania campeona del mundo\" \/>\n\t<meta name=\"robots\" content=\"max-image-preview:large\" \/>\n\t<meta name=\"author\" content=\"Cand\u00e1s 365\"\/>\n\t<meta name=\"google-site-verification\" content=\"UA-32230408-1\" \/>\n\t<meta name=\"msvalidate.01\" content=\"354F3CDFB2DA171B47FBE9ABF1F88D5\" \/>\n\t<meta name=\"keywords\" content=\"deporte\" \/>\n\t<link rel=\"canonical\" href=\"https:\/\/candas365.es\/noticias\/gotze-quiere-volver-a-las-grandes-ligas\/\" \/>\n\t<meta name=\"generator\" content=\"All in One SEO Pro (AIOSEO) 4.9.6.2\" \/>\n\t\t<meta property=\"og:locale\" content=\"es_ES\" \/>\n\t\t<meta property=\"og:site_name\" content=\"Cand\u00e1s 365\" \/>\n\t\t<meta property=\"og:type\" content=\"article\" \/>\n\t\t<meta property=\"og:title\" content=\"G\u00f6tze quiere volver a las grandes ligas | Cand\u00e1s 365\" \/>\n\t\t<meta property=\"og:description\" content=\"Mario G\u00f6tze r\u00ede, marca y hace magia con el bal\u00f3n como en los mejores tiempos. El h\u00e9roe de la Alemania campeona del mundo\" \/>\n\t\t<meta property=\"og:url\" content=\"https:\/\/candas365.es\/noticias\/gotze-quiere-volver-a-las-grandes-ligas\/\" \/>\n\t\t<meta property=\"og:image\" content=\"https:\/\/candas365.es\/noticias\/wp-content\/uploads\/2021\/08\/futbol.jpg\" \/>\n\t\t<meta property=\"og:image:secure_url\" content=\"https:\/\/candas365.es\/noticias\/wp-content\/uploads\/2021\/08\/futbol.jpg\" \/>\n\t\t<meta property=\"og:image:width\" content=\"640\" \/>\n\t\t<meta property=\"og:image:height\" content=\"428\" \/>\n\t\t<meta property=\"article:published_time\" content=\"2021-08-17T14:01:46+00:00\" \/>\n\t\t<meta property=\"article:modified_time\" content=\"2021-08-17T14:02:47+00:00\" \/>\n\t\t<meta property=\"article:publisher\" content=\"https:\/\/www.facebook.com\/Nachofdezber\" \/>\n\t\t<meta property=\"article:author\" content=\"https:\/\/www.facebook.com\/carrenoactualidad\" \/>\n\t\t<meta name=\"twitter:card\" content=\"summary_large_image\" \/>\n\t\t<meta name=\"twitter:site\" content=\"@NabercoDigital\" \/>\n\t\t<meta name=\"twitter:title\" content=\"G\u00f6tze quiere volver a las grandes ligas | Cand\u00e1s 365\" \/>\n\t\t<meta name=\"twitter:description\" content=\"Mario G\u00f6tze r\u00ede, marca y hace magia con el bal\u00f3n como en los mejores tiempos. El h\u00e9roe de la Alemania campeona del mundo\" \/>\n\t\t<meta name=\"twitter:creator\" content=\"@nbasturias\" \/>\n\t\t<meta name=\"twitter:image\" content=\"https:\/\/candas365.es\/noticias\/wp-content\/uploads\/2021\/08\/futbol.jpg\" \/>\n\t\t<meta name=\"twitter:label1\" content=\"Escrito por\" \/>\n\t\t<meta name=\"twitter:data1\" content=\"Cand\u00e1s 365\" \/>\n\t\t<meta name=\"twitter:label2\" content=\"Tiempo de lectura estimado\" \/>\n\t\t<meta name=\"twitter:data2\" content=\"2 minutos\" \/>\n\t\t<script type=\"application\/ld+json\" class=\"aioseo-schema\">\n\t\t\t{\"@context\":\"https:\\\/\\\/schema.org\",\"@graph\":[{\"@type\":\"BreadcrumbList\",\"@id\":\"https:\\\/\\\/candas365.es\\\/noticias\\\/gotze-quiere-volver-a-las-grandes-ligas\\\/#breadcrumblist\",\"itemListElement\":[{\"@type\":\"ListItem\",\"@id\":\"https:\\\/\\\/candas365.es\\\/noticias#listItem\",\"position\":1,\"name\":\"Home\",\"item\":\"https:\\\/\\\/candas365.es\\\/noticias\",\"nextItem\":{\"@type\":\"ListItem\",\"@id\":\"https:\\\/\\\/candas365.es\\\/noticias\\\/category\\\/deporte\\\/#listItem\",\"name\":\"Deporte\"}},{\"@type\":\"ListItem\",\"@id\":\"https:\\\/\\\/candas365.es\\\/noticias\\\/category\\\/deporte\\\/#listItem\",\"position\":2,\"name\":\"Deporte\",\"item\":\"https:\\\/\\\/candas365.es\\\/noticias\\\/category\\\/deporte\\\/\",\"nextItem\":{\"@type\":\"ListItem\",\"@id\":\"https:\\\/\\\/candas365.es\\\/noticias\\\/gotze-quiere-volver-a-las-grandes-ligas\\\/#listItem\",\"name\":\"G\\u00f6tze quiere volver a las grandes ligas\"},\"previousItem\":{\"@type\":\"ListItem\",\"@id\":\"https:\\\/\\\/candas365.es\\\/noticias#listItem\",\"name\":\"Home\"}},{\"@type\":\"ListItem\",\"@id\":\"https:\\\/\\\/candas365.es\\\/noticias\\\/gotze-quiere-volver-a-las-grandes-ligas\\\/#listItem\",\"position\":3,\"name\":\"G\\u00f6tze quiere volver a las grandes ligas\",\"previousItem\":{\"@type\":\"ListItem\",\"@id\":\"https:\\\/\\\/candas365.es\\\/noticias\\\/category\\\/deporte\\\/#listItem\",\"name\":\"Deporte\"}}]},{\"@type\":\"NewsArticle\",\"@id\":\"https:\\\/\\\/candas365.es\\\/noticias\\\/gotze-quiere-volver-a-las-grandes-ligas\\\/#newsarticle\",\"name\":\"G\\u00f6tze quiere volver a las grandes ligas | Cand\\u00e1s 365\",\"headline\":\"G\\u00f6tze quiere volver a las grandes ligas\",\"author\":{\"@id\":\"https:\\\/\\\/candas365.es\\\/noticias\\\/author\\\/admin\\\/#author\"},\"publisher\":{\"@id\":\"https:\\\/\\\/candas365.es\\\/noticias\\\/#organization\"},\"image\":{\"@type\":\"ImageObject\",\"url\":\"https:\\\/\\\/candas365.es\\\/noticias\\\/wp-content\\\/uploads\\\/2021\\\/08\\\/futbol.jpg\",\"width\":640,\"height\":428,\"caption\":\"f\\u00fatbol\"},\"datePublished\":\"2021-08-17T14:01:46+02:00\",\"dateModified\":\"2021-08-17T14:02:47+02:00\",\"inLanguage\":\"es-ES\",\"mainEntityOfPage\":{\"@id\":\"https:\\\/\\\/candas365.es\\\/noticias\\\/gotze-quiere-volver-a-las-grandes-ligas\\\/#webpage\"},\"isPartOf\":{\"@id\":\"https:\\\/\\\/candas365.es\\\/noticias\\\/gotze-quiere-volver-a-las-grandes-ligas\\\/#webpage\"},\"articleSection\":\"Deporte, deporte, f\\u00fatbol\",\"dateline\":\"Publicado el agosto 17, 2021.\"},{\"@type\":\"Organization\",\"@id\":\"https:\\\/\\\/candas365.es\\\/noticias\\\/#organization\",\"name\":\"Cand\\u00e1s 365\",\"description\":\"Cand\\u00e1s 365 es un diario digital independiente, fundado en 2012, con base en Asturias. Informamos con rigor sobre actualidad, sociedad, cultura y ocio, con una mirada local y global.\",\"url\":\"https:\\\/\\\/candas365.es\\\/noticias\\\/\",\"email\":\"info@candas365.es\",\"telephone\":\"+34652131393\",\"foundingDate\":\"2012-06-10\",\"logo\":{\"@type\":\"ImageObject\",\"url\":\"https:\\\/\\\/candas365.es\\\/noticias\\\/wp-content\\\/uploads\\\/2024\\\/09\\\/Candas-365-Redes.jpg\",\"@id\":\"https:\\\/\\\/candas365.es\\\/noticias\\\/gotze-quiere-volver-a-las-grandes-ligas\\\/#organizationLogo\",\"width\":1152,\"height\":864,\"caption\":\"Cand\\u00e1s 365 Redes\"},\"image\":{\"@id\":\"https:\\\/\\\/candas365.es\\\/noticias\\\/gotze-quiere-volver-a-las-grandes-ligas\\\/#organizationLogo\"},\"sameAs\":[\"https:\\\/\\\/www.facebook.com\\\/Nachofdezber\",\"https:\\\/\\\/x.com\\\/NabercoDigital\",\"https:\\\/\\\/www.instagram.com\\\/nachofdezber\\\/\",\"https:\\\/\\\/www.youtube.com\\\/channel\\\/UCZP-2wLEB9Rv6erhFmqVnvg\"],\"address\":{\"@id\":\"https:\\\/\\\/candas365.es\\\/noticias\\\/#postaladdress\",\"@type\":\"PostalAddress\",\"streetAddress\":\"san antonio 4, san antonio 4\",\"postalCode\":\"33430\",\"addressLocality\":\"Cand\\u00e1s\",\"addressRegion\":\"Asturias\",\"addressCountry\":\"ES\"}},{\"@type\":\"Person\",\"@id\":\"https:\\\/\\\/candas365.es\\\/noticias\\\/author\\\/admin\\\/#author\",\"url\":\"https:\\\/\\\/candas365.es\\\/noticias\\\/author\\\/admin\\\/\",\"name\":\"Cand\\u00e1s 365\",\"image\":{\"@type\":\"ImageObject\",\"@id\":\"https:\\\/\\\/candas365.es\\\/noticias\\\/gotze-quiere-volver-a-las-grandes-ligas\\\/#authorImage\",\"url\":\"https:\\\/\\\/secure.gravatar.com\\\/avatar\\\/496a8e03d0c493ede1718b7934145dbdf8d89be1036b0eec9544e1094c9de390?s=96&d=mm&r=g\",\"width\":96,\"height\":96,\"caption\":\"Cand\\u00e1s 365\"},\"sameAs\":[\"https:\\\/\\\/www.facebook.com\\\/carrenoactualidad\",\"https:\\\/\\\/twitter.com\\\/nbasturias\",\"https:\\\/\\\/www.instagram.com\\\/nachofdezber\\\/\",\"https:\\\/\\\/www.youtube.com\\\/channel\\\/UCZP-2wLEB9Rv6erhFmqVnvg\"]},{\"@type\":\"WebPage\",\"@id\":\"https:\\\/\\\/candas365.es\\\/noticias\\\/gotze-quiere-volver-a-las-grandes-ligas\\\/#webpage\",\"url\":\"https:\\\/\\\/candas365.es\\\/noticias\\\/gotze-quiere-volver-a-las-grandes-ligas\\\/\",\"name\":\"G\\u00f6tze quiere volver a las grandes ligas | Cand\\u00e1s 365\",\"description\":\"Mario G\\u00f6tze r\\u00ede, marca y hace magia con el bal\\u00f3n como en los mejores tiempos. El h\\u00e9roe de la Alemania campeona del mundo\",\"inLanguage\":\"es-ES\",\"isPartOf\":{\"@id\":\"https:\\\/\\\/candas365.es\\\/noticias\\\/#website\"},\"breadcrumb\":{\"@id\":\"https:\\\/\\\/candas365.es\\\/noticias\\\/gotze-quiere-volver-a-las-grandes-ligas\\\/#breadcrumblist\"},\"author\":{\"@id\":\"https:\\\/\\\/candas365.es\\\/noticias\\\/author\\\/admin\\\/#author\"},\"creator\":{\"@id\":\"https:\\\/\\\/candas365.es\\\/noticias\\\/author\\\/admin\\\/#author\"},\"image\":{\"@type\":\"ImageObject\",\"url\":\"https:\\\/\\\/candas365.es\\\/noticias\\\/wp-content\\\/uploads\\\/2021\\\/08\\\/futbol.jpg\",\"@id\":\"https:\\\/\\\/candas365.es\\\/noticias\\\/gotze-quiere-volver-a-las-grandes-ligas\\\/#mainImage\",\"width\":640,\"height\":428,\"caption\":\"f\\u00fatbol\"},\"primaryImageOfPage\":{\"@id\":\"https:\\\/\\\/candas365.es\\\/noticias\\\/gotze-quiere-volver-a-las-grandes-ligas\\\/#mainImage\"},\"datePublished\":\"2021-08-17T14:01:46+02:00\",\"dateModified\":\"2021-08-17T14:02:47+02:00\"},{\"@type\":\"WebSite\",\"@id\":\"https:\\\/\\\/candas365.es\\\/noticias\\\/#website\",\"url\":\"https:\\\/\\\/candas365.es\\\/noticias\\\/\",\"name\":\"Cand\\u00e1s 365\",\"alternateName\":\"Cand\\u00e1s 365 Noticias\",\"description\":\"Actualidad desde Carre\\u00f1o para el mundo\",\"inLanguage\":\"es-ES\",\"publisher\":{\"@id\":\"https:\\\/\\\/candas365.es\\\/noticias\\\/#organization\"}}]}\n\t\t<\/script>\n\t\t<!-- All in One SEO Pro -->\r\n\t\t<title>G\u00f6tze quiere volver a las grandes ligas | Cand\u00e1s 365<\/title>\n\n","aioseo_head_json":{"title":"G\u00f6tze quiere volver a las grandes ligas | Cand\u00e1s 365","description":"Mario G\u00f6tze r\u00ede, marca y hace magia con el bal\u00f3n como en los mejores tiempos. El h\u00e9roe de la Alemania campeona del mundo","canonical_url":"https:\/\/candas365.es\/noticias\/gotze-quiere-volver-a-las-grandes-ligas\/","robots":"max-image-preview:large","keywords":"deporte","webmasterTools":{"google-site-verification":"UA-32230408-1","msvalidate.01":"354F3CDFB2DA171B47FBE9ABF1F88D5","miscellaneous":""},"schema":{"@context":"https:\/\/schema.org","@graph":[{"@type":"BreadcrumbList","@id":"https:\/\/candas365.es\/noticias\/gotze-quiere-volver-a-las-grandes-ligas\/#breadcrumblist","itemListElement":[{"@type":"ListItem","@id":"https:\/\/candas365.es\/noticias#listItem","position":1,"name":"Home","item":"https:\/\/candas365.es\/noticias","nextItem":{"@type":"ListItem","@id":"https:\/\/candas365.es\/noticias\/category\/deporte\/#listItem","name":"Deporte"}},{"@type":"ListItem","@id":"https:\/\/candas365.es\/noticias\/category\/deporte\/#listItem","position":2,"name":"Deporte","item":"https:\/\/candas365.es\/noticias\/category\/deporte\/","nextItem":{"@type":"ListItem","@id":"https:\/\/candas365.es\/noticias\/gotze-quiere-volver-a-las-grandes-ligas\/#listItem","name":"G\u00f6tze quiere volver a las grandes ligas"},"previousItem":{"@type":"ListItem","@id":"https:\/\/candas365.es\/noticias#listItem","name":"Home"}},{"@type":"ListItem","@id":"https:\/\/candas365.es\/noticias\/gotze-quiere-volver-a-las-grandes-ligas\/#listItem","position":3,"name":"G\u00f6tze quiere volver a las grandes ligas","previousItem":{"@type":"ListItem","@id":"https:\/\/candas365.es\/noticias\/category\/deporte\/#listItem","name":"Deporte"}}]},{"@type":"NewsArticle","@id":"https:\/\/candas365.es\/noticias\/gotze-quiere-volver-a-las-grandes-ligas\/#newsarticle","name":"G\u00f6tze quiere volver a las grandes ligas | Cand\u00e1s 365","headline":"G\u00f6tze quiere volver a las grandes ligas","author":{"@id":"https:\/\/candas365.es\/noticias\/author\/admin\/#author"},"publisher":{"@id":"https:\/\/candas365.es\/noticias\/#organization"},"image":{"@type":"ImageObject","url":"https:\/\/candas365.es\/noticias\/wp-content\/uploads\/2021\/08\/futbol.jpg","width":640,"height":428,"caption":"f\u00fatbol"},"datePublished":"2021-08-17T14:01:46+02:00","dateModified":"2021-08-17T14:02:47+02:00","inLanguage":"es-ES","mainEntityOfPage":{"@id":"https:\/\/candas365.es\/noticias\/gotze-quiere-volver-a-las-grandes-ligas\/#webpage"},"isPartOf":{"@id":"https:\/\/candas365.es\/noticias\/gotze-quiere-volver-a-las-grandes-ligas\/#webpage"},"articleSection":"Deporte, deporte, f\u00fatbol","dateline":"Publicado el agosto 17, 2021."},{"@type":"Organization","@id":"https:\/\/candas365.es\/noticias\/#organization","name":"Cand\u00e1s 365","description":"Cand\u00e1s 365 es un diario digital independiente, fundado en 2012, con base en Asturias. Informamos con rigor sobre actualidad, sociedad, cultura y ocio, con una mirada local y global.","url":"https:\/\/candas365.es\/noticias\/","email":"info@candas365.es","telephone":"+34652131393","foundingDate":"2012-06-10","logo":{"@type":"ImageObject","url":"https:\/\/candas365.es\/noticias\/wp-content\/uploads\/2024\/09\/Candas-365-Redes.jpg","@id":"https:\/\/candas365.es\/noticias\/gotze-quiere-volver-a-las-grandes-ligas\/#organizationLogo","width":1152,"height":864,"caption":"Cand\u00e1s 365 Redes"},"image":{"@id":"https:\/\/candas365.es\/noticias\/gotze-quiere-volver-a-las-grandes-ligas\/#organizationLogo"},"sameAs":["https:\/\/www.facebook.com\/Nachofdezber","https:\/\/x.com\/NabercoDigital","https:\/\/www.instagram.com\/nachofdezber\/","https:\/\/www.youtube.com\/channel\/UCZP-2wLEB9Rv6erhFmqVnvg"],"address":{"@id":"https:\/\/candas365.es\/noticias\/#postaladdress","@type":"PostalAddress","streetAddress":"san antonio 4, san antonio 4","postalCode":"33430","addressLocality":"Cand\u00e1s","addressRegion":"Asturias","addressCountry":"ES"}},{"@type":"Person","@id":"https:\/\/candas365.es\/noticias\/author\/admin\/#author","url":"https:\/\/candas365.es\/noticias\/author\/admin\/","name":"Cand\u00e1s 365","image":{"@type":"ImageObject","@id":"https:\/\/candas365.es\/noticias\/gotze-quiere-volver-a-las-grandes-ligas\/#authorImage","url":"https:\/\/secure.gravatar.com\/avatar\/496a8e03d0c493ede1718b7934145dbdf8d89be1036b0eec9544e1094c9de390?s=96&d=mm&r=g","width":96,"height":96,"caption":"Cand\u00e1s 365"},"sameAs":["https:\/\/www.facebook.com\/carrenoactualidad","https:\/\/twitter.com\/nbasturias","https:\/\/www.instagram.com\/nachofdezber\/","https:\/\/www.youtube.com\/channel\/UCZP-2wLEB9Rv6erhFmqVnvg"]},{"@type":"WebPage","@id":"https:\/\/candas365.es\/noticias\/gotze-quiere-volver-a-las-grandes-ligas\/#webpage","url":"https:\/\/candas365.es\/noticias\/gotze-quiere-volver-a-las-grandes-ligas\/","name":"G\u00f6tze quiere volver a las grandes ligas | Cand\u00e1s 365","description":"Mario G\u00f6tze r\u00ede, marca y hace magia con el bal\u00f3n como en los mejores tiempos. El h\u00e9roe de la Alemania campeona del mundo","inLanguage":"es-ES","isPartOf":{"@id":"https:\/\/candas365.es\/noticias\/#website"},"breadcrumb":{"@id":"https:\/\/candas365.es\/noticias\/gotze-quiere-volver-a-las-grandes-ligas\/#breadcrumblist"},"author":{"@id":"https:\/\/candas365.es\/noticias\/author\/admin\/#author"},"creator":{"@id":"https:\/\/candas365.es\/noticias\/author\/admin\/#author"},"image":{"@type":"ImageObject","url":"https:\/\/candas365.es\/noticias\/wp-content\/uploads\/2021\/08\/futbol.jpg","@id":"https:\/\/candas365.es\/noticias\/gotze-quiere-volver-a-las-grandes-ligas\/#mainImage","width":640,"height":428,"caption":"f\u00fatbol"},"primaryImageOfPage":{"@id":"https:\/\/candas365.es\/noticias\/gotze-quiere-volver-a-las-grandes-ligas\/#mainImage"},"datePublished":"2021-08-17T14:01:46+02:00","dateModified":"2021-08-17T14:02:47+02:00"},{"@type":"WebSite","@id":"https:\/\/candas365.es\/noticias\/#website","url":"https:\/\/candas365.es\/noticias\/","name":"Cand\u00e1s 365","alternateName":"Cand\u00e1s 365 Noticias","description":"Actualidad desde Carre\u00f1o para el mundo","inLanguage":"es-ES","publisher":{"@id":"https:\/\/candas365.es\/noticias\/#organization"}}]},"og:locale":"es_ES","og:site_name":"Cand\u00e1s 365","og:type":"article","og:title":"G\u00f6tze quiere volver a las grandes ligas | Cand\u00e1s 365","og:description":"Mario G\u00f6tze r\u00ede, marca y hace magia con el bal\u00f3n como en los mejores tiempos. El h\u00e9roe de la Alemania campeona del mundo","og:url":"https:\/\/candas365.es\/noticias\/gotze-quiere-volver-a-las-grandes-ligas\/","og:image":"https:\/\/candas365.es\/noticias\/wp-content\/uploads\/2021\/08\/futbol.jpg","og:image:secure_url":"https:\/\/candas365.es\/noticias\/wp-content\/uploads\/2021\/08\/futbol.jpg","og:image:width":640,"og:image:height":428,"article:published_time":"2021-08-17T14:01:46+00:00","article:modified_time":"2021-08-17T14:02:47+00:00","article:publisher":"https:\/\/www.facebook.com\/Nachofdezber","article:author":"https:\/\/www.facebook.com\/carrenoactualidad","twitter:card":"summary_large_image","twitter:site":"@NabercoDigital","twitter:title":"G\u00f6tze quiere volver a las grandes ligas | Cand\u00e1s 365","twitter:description":"Mario G\u00f6tze r\u00ede, marca y hace magia con el bal\u00f3n como en los mejores tiempos. El h\u00e9roe de la Alemania campeona del mundo","twitter:creator":"@nbasturias","twitter:image":"https:\/\/candas365.es\/noticias\/wp-content\/uploads\/2021\/08\/futbol.jpg","twitter:label1":"Escrito por","twitter:data1":"Cand\u00e1s 365","twitter:label2":"Tiempo de lectura estimado","twitter:data2":"2 minutos"},"aioseo_meta_data":{"post_id":"157415","title":null,"description":"Mario G\u00f6tze r\u00ede, marca y hace magia con el bal\u00f3n como en los mejores tiempos. El h\u00e9roe de la Alemania campeona del mundo","keywords":[],"keyphrases":{"focus":{"keyphrase":"G\u00f6tze","score":90,"analysis":{"keyphraseInTitle":{"title":"Frase clave objetivo en el t\u00edtulo SEO","description":"Frase clave objetivo encontrada en el t\u00edtulo SEO.","score":9,"maxScore":9,"error":0},"keyphraseInDescription":{"title":"Frase clave objetivo en la meta descripci\u00f3n","description":"Frase clave objetivo encontrada en la meta descripci\u00f3n.","score":9,"maxScore":9,"error":0},"keyphraseInURL":{"title":"Frase clave objetivo en la URL","description":"Frase clave objetivo no encontrada en la URL.","score":1,"maxScore":5,"error":1},"keyphraseLength":{"title":"Longitud de la Frase clave objetivo","description":"\u00a1Buen trabajo!","score":9,"maxScore":9,"error":0,"length":1},"keyphraseInIntroduction":{"title":"Frase clave objetivo en la introducci\u00f3n","description":"Su Frase clave objetivo aparece en el primer p\u00e1rrafo. \u00a1Bien hecho!","score":9,"maxScore":9,"error":0},"keyphraseInSubHeadings":[],"keyphraseInImageAlt":[]}},"additional":[{"keyphrase":"mejores tiempos","score":100,"analysis":{"keyphraseInDescription":{"title":"Frase clave en la meta descripci\u00f3n","description":"Frase clave encontrada en la meta descripci\u00f3n.","score":9,"maxScore":9,"error":0},"keyphraseLength":{"title":"Longitud de la Frase clave","description":"\u00a1Buen trabajo!","score":9,"maxScore":9,"error":0,"length":2},"keyphraseInIntroduction":{"title":"Frase clave en la introducci\u00f3n","description":"Su Frase clave aparece en el primer p\u00e1rrafo. \u00a1Bien hecho!","score":9,"maxScore":9,"error":0},"keyphraseInImageAlt":[]}}]},"primary_term":null,"canonical_url":null,"og_title":null,"og_description":null,"og_object_type":"default","og_image_type":"default","og_image_url":null,"og_image_width":null,"og_image_height":null,"og_image_custom_url":null,"og_image_custom_fields":null,"og_video":"","og_custom_url":null,"og_article_section":null,"og_article_tags":[],"twitter_use_og":false,"twitter_card":"default","twitter_image_type":"default","twitter_image_url":null,"twitter_image_custom_url":null,"twitter_image_custom_fields":null,"twitter_title":null,"twitter_description":null,"schema":{"blockGraphs":[],"customGraphs":[],"default":{"data":{"Article":[],"Course":[],"Dataset":[],"FAQPage":[],"Movie":[],"Person":[],"Product":[],"ProductReview":[],"Car":[],"Recipe":[],"Service":[],"SoftwareApplication":[],"WebPage":[]},"graphName":"","isEnabled":true},"graphs":[]},"schema_type":"default","schema_type_options":"{\"article\":{\"articleType\":\"BlogPosting\"},\"course\":{\"name\":\"\",\"description\":\"\",\"provider\":\"\"},\"faq\":{\"pages\":[]},\"product\":{\"reviews\":[]},\"recipe\":{\"ingredients\":[],\"instructions\":[],\"keywords\":[]},\"software\":{\"reviews\":[],\"operatingSystems\":[]},\"webPage\":{\"webPageType\":\"WebPage\"}}","pillar_content":false,"robots_default":true,"robots_noindex":false,"robots_noarchive":false,"robots_nosnippet":false,"robots_nofollow":false,"robots_noimageindex":false,"robots_noodp":false,"robots_notranslate":false,"robots_max_snippet":"-1","robots_max_videopreview":"-1","robots_max_imagepreview":"large","priority":null,"frequency":"default","location":null,"local_seo":{"locations":{"business":{"name":"","businessType":"","image":"","areaServed":"","urls":{"website":"","aboutPage":"","contactPage":""},"address":{"streetLine1":"","streetLine2":"","zipCode":"","city":"","state":"","country":"","addressFormat":"#streetLineOne\n#streetLineTwo\n#city, #state #zipCode"},"contact":{"email":"","phone":"","phoneFormatted":"","fax":"","faxFormatted":""},"ids":{"vat":"","tax":"","chamberOfCommerce":""},"payment":{"priceRange":"","currenciesAccepted":"","methods":""}}},"openingHours":{"useDefaults":true,"show":true,"alwaysOpen":false,"use24hFormat":false,"timezone":"","labels":{"closed":"","alwaysOpen":""},"days":{"monday":{"open24h":false,"closed":false,"openTime":"09:00","closeTime":"17:00"},"tuesday":{"open24h":false,"closed":false,"openTime":"09:00","closeTime":"17:00"},"wednesday":{"open24h":false,"closed":false,"openTime":"09:00","closeTime":"17:00"},"thursday":{"open24h":false,"closed":false,"openTime":"09:00","closeTime":"17:00"},"friday":{"open24h":false,"closed":false,"openTime":"09:00","closeTime":"17:00"},"saturday":{"open24h":false,"closed":false,"openTime":"09:00","closeTime":"17:00"},"sunday":{"open24h":false,"closed":false,"openTime":"09:00","closeTime":"17:00"}}}},"seo_analyzer_scan_date":"2025-09-01 00:48:30","breadcrumb_settings":null,"limit_modified_date":false,"reviewed_by":null,"open_ai":null,"ai":null,"created":"2021-08-17 13:59:19","updated":"2025-09-01 00:48:30"},"aioseo_breadcrumb":"<div class=\"aioseo-breadcrumbs\"><span class=\"aioseo-breadcrumb\">\n\t<a href=\"https:\/\/candas365.es\/noticias\" title=\"Home\">Home<\/a>\n<\/span><span class=\"aioseo-breadcrumb-separator\">&ndash;<\/span><span class=\"aioseo-breadcrumb\">\n\t<a href=\"https:\/\/candas365.es\/noticias\/category\/deporte\/\" title=\"Deporte\">Deporte<\/a>\n<\/span><span class=\"aioseo-breadcrumb-separator\">&ndash;<\/span><span class=\"aioseo-breadcrumb\">\n\tG\u00f6tze quiere volver a las grandes ligas\n<\/span><\/div>","aioseo_breadcrumb_json":[{"label":"Home","link":"https:\/\/candas365.es\/noticias"},{"label":"Deporte","link":"https:\/\/candas365.es\/noticias\/category\/deporte\/"},{"label":"G\u00f6tze quiere volver a las grandes ligas","link":"https:\/\/candas365.es\/noticias\/gotze-quiere-volver-a-las-grandes-ligas\/"}],"_links":{"self":[{"href":"https:\/\/candas365.es\/noticias\/wp-json\/wp\/v2\/posts\/157415","targetHints":{"allow":["GET"]}}],"collection":[{"href":"https:\/\/candas365.es\/noticias\/wp-json\/wp\/v2\/posts"}],"about":[{"href":"https:\/\/candas365.es\/noticias\/wp-json\/wp\/v2\/types\/post"}],"author":[{"embeddable":true,"href":"https:\/\/candas365.es\/noticias\/wp-json\/wp\/v2\/users\/1"}],"replies":[{"embeddable":true,"href":"https:\/\/candas365.es\/noticias\/wp-json\/wp\/v2\/comments?post=157415"}],"version-history":[{"count":0,"href":"https:\/\/candas365.es\/noticias\/wp-json\/wp\/v2\/posts\/157415\/revisions"}],"wp:featuredmedia":[{"embeddable":true,"href":"https:\/\/candas365.es\/noticias\/wp-json\/wp\/v2\/media\/157395"}],"wp:attachment":[{"href":"https:\/\/candas365.es\/noticias\/wp-json\/wp\/v2\/media?parent=157415"}],"wp:term":[{"taxonomy":"category","embeddable":true,"href":"https:\/\/candas365.es\/noticias\/wp-json\/wp\/v2\/categories?post=157415"},{"taxonomy":"post_tag","embeddable":true,"href":"https:\/\/candas365.es\/noticias\/wp-json\/wp\/v2\/tags?post=157415"}],"curies":[{"name":"wp","href":"https:\/\/api.w.org\/{rel}","templated":true}]}}