{"id":157354,"date":"2021-08-09T16:00:59","date_gmt":"2021-08-09T16:00:59","guid":{"rendered":"http:\/\/candas365.es\/noticias\/?p=157354"},"modified":"2021-08-09T16:00:59","modified_gmt":"2021-08-09T16:00:59","slug":"el-fc-barcelona-ha-ganado-el-trofeu-joan-gamper","status":"publish","type":"post","link":"https:\/\/candas365.es\/noticias\/el-fc-barcelona-ha-ganado-el-trofeu-joan-gamper\/","title":{"rendered":"El FC Barcelona ha ganado el Trofeu Joan Gamper"},"content":{"rendered":"<p>(EP) &#8211; El FC Barcelona ha ganado este domingo el Trofeu Joan Gamper al tumbar a la Juventus (3-0) en el primer partido de la era &#8216;post Messi&#8217;, en un d\u00eda hist\u00f3rico marcado por la despedida del argentino en el Auditori 1899 de un Camp Nou que tambi\u00e9n, como Messi, se qued\u00f3 sin el Gamper.<\/p>\n<figure id=\"attachment_157355\" aria-describedby=\"caption-attachment-157355\" style=\"width: 650px\" class=\"wp-caption aligncenter\"><img fetchpriority=\"high\" decoding=\"async\" class=\"wp-image-157355 size-large\" src=\"https:\/\/candas365.es\/noticias\/wp-content\/uploads\/2021\/08\/FC-Barcelona-650x434.jpg\" alt=\"FC Barcelona \" width=\"650\" height=\"434\" srcset=\"https:\/\/candas365.es\/noticias\/wp-content\/uploads\/2021\/08\/FC-Barcelona-650x434.jpg 650w, https:\/\/candas365.es\/noticias\/wp-content\/uploads\/2021\/08\/FC-Barcelona-360x240.jpg 360w, https:\/\/candas365.es\/noticias\/wp-content\/uploads\/2021\/08\/FC-Barcelona-768x512.jpg 768w, https:\/\/candas365.es\/noticias\/wp-content\/uploads\/2021\/08\/FC-Barcelona.jpg 1280w\" sizes=\"(max-width: 650px) 100vw, 650px\" \/><figcaption id=\"caption-attachment-157355\" class=\"wp-caption-text\">FOTO: FCB \/ Europa Press<\/figcaption><\/figure>\n<p>Por un tema de aforo, para poder acoger espectadores, el trofeo del club blaugrana en honor a su fundador se jug\u00f3 en el Estadi Johan Cruyff de la Ciutat Esportiva. Estadio que, con esos 2.924 aficiondos en las gradas, ovaci\u00f3n a Leo Messi en el minuto 10 de partido.<\/p>\n<p>Messi ya no estaba, y no vestir\u00e1 m\u00e1s de blaugrana. Podr\u00eda haber llorado Joan Gamper y perder el Bar\u00e7a el trofeo veraniego, pero lo cierto es que el Bar\u00e7a estuvo m\u00e1s acertado que una Juventus que por momentos domin\u00f3, y los de Ronald Koeman se llevaron, con goles de Memphis Depay, Martin Braithwaite y Riqui Puig, el duelo.<\/p>\n<p>De hecho, el neerlandes Memphis sigue de dulce y en el minuto 3 abri\u00f3 la lata. Despu\u00e9s de un robo, un pase r\u00e1pido de Yusuf Demir para un Memphis Depay que se desmarc\u00f3 bien al espacio le permiti\u00f3 encarar a Szcesny y superarle con claridad, definiendo bien con su zurda.<\/p>\n<p>Buen partido del joven austriaco Demir, fichado para el Bar\u00e7a B pero que huele a primer equipo, con buen juego y ADN Bar\u00e7a. Tambi\u00e9n destac\u00f3 el propio Memphis y un Riqui Puig que entr\u00f3 de refresco y volvi\u00f3 a marcar, en la \u00faltima jugada, para cerrar el Gamper y reforzar su candidatura a tener presencia en el equipo.<\/p>\n<p>El Bar\u00e7a empez\u00f3 mejor, tuvo buenas oportunidades, si bien es cierto que la Juventus apret\u00f3 antes del descanso y Neto, quien hab\u00eda sido &#8216;bianconero&#8217;, se luci\u00f3 con cuatro buenas paradas a tiros de Cristiano Ronaldo, discreto, o del espa\u00f1ol \u00c1lvaro Morata. Tanto que fue el &#8216;MVP&#8217; de este Gamper.<\/p>\n<p>A los blaugranas les anularon dos goles, uno de manera incorrecta, pero tras el descanso se sac\u00f3 los miedos de encima tras ver a Chiesa, de los mejores de Italia en la Euro 2020, poner a prueba a Neto de nuevo. Poco despu\u00e9s, lleg\u00f3 el gol de Martin Braithwaite, de cabeza y remate picado, llegando solo al interior del \u00e1rea tras un c\u00f3rner.<\/p>\n<p>Con 2-0, en el minuto 62, lleg\u00f3 un momento clave, por partida doble. Debut\u00f3 el lateral Emerson Royal, el \u00fanico en poder hacerlo en este Gamper por la<strong><a href=\"https:\/\/candas365.es\/noticias\/aguero-estara-unas-diez-semanas-de-baja\/\" target=\"_blank\" rel=\"noopener\"><span style=\"color: #ff0000;\"> lesi\u00f3n del Kun Ag\u00fcero<\/span><\/a><\/strong>, y por otro lado entr\u00f3 Samuel Umtiti entre pitidos, repetidos cada vez que tocaba bal\u00f3n, hasta que Gerard Piqu\u00e9, a su lado en el campo, pidi\u00f3 que cesaran.<\/p>\n<h2>ARRANCA LA ERA &#8216;POST MESSI&#8217;<\/h2>\n<p>En agosto de 2005, ante la Juventus y en un Trofeu Joan Gamper, debut\u00f3 como titular Leo Messi. Se llev\u00f3 ovaciones y el cari\u00f1o de una afici\u00f3n que le ha disfrutado hasta este 2021, a\u00f1o en que empieza la era &#8216;post Messi&#8217; y, cosas del destino, siendo el primer partido tras el adi\u00f3s p\u00fablico contra la &#8216;Juve&#8217; y en un Gamper. Fin a 35 t\u00edtulos y a que el faro blaugrana tuviera acento rosarino.<\/p>\n","protected":false},"excerpt":{"rendered":"<p>(EP) &#8211; El FC Barcelona ha ganado este domingo el Trofeu Joan Gamper al tumbar a la Juventus (3-0) en el primer partido de la era &#8216;post Messi&#8217;, en un d\u00eda hist\u00f3rico marcado por la despedida del argentino en el Auditori 1899 de un Camp Nou que tambi\u00e9n, como Messi, se qued\u00f3 sin el Gamper.<\/p>\n","protected":false},"author":1,"featured_media":157355,"comment_status":"closed","ping_status":"closed","sticky":false,"template":"","format":"standard","meta":{"footnotes":""},"categories":[319],"tags":[387,389],"class_list":{"0":"post-157354","1":"post","2":"type-post","3":"status-publish","4":"format-standard","5":"has-post-thumbnail","7":"category-deporte","8":"tag-deporte","9":"tag-futbol"},"aioseo_notices":[],"aioseo_head":"\n\t\t<!-- All in One SEO Pro 4.9.6.2 - aioseo.com -->\n\t<meta name=\"description\" content=\"El FC Barcelona ha ganado este domingo el Trofeu Joan Gamper al tumbar a la Juventus (3-0) en el primer partido de la era &#039;post Messi&#039;\" \/>\n\t<meta name=\"robots\" content=\"max-image-preview:large\" \/>\n\t<meta name=\"author\" content=\"Cand\u00e1s 365\"\/>\n\t<meta name=\"google-site-verification\" content=\"UA-32230408-1\" \/>\n\t<meta name=\"msvalidate.01\" content=\"354F3CDFB2DA171B47FBE9ABF1F88D5\" \/>\n\t<meta name=\"keywords\" content=\"deporte\" \/>\n\t<link rel=\"canonical\" href=\"https:\/\/candas365.es\/noticias\/el-fc-barcelona-ha-ganado-el-trofeu-joan-gamper\/\" \/>\n\t<meta name=\"generator\" content=\"All in One SEO Pro (AIOSEO) 4.9.6.2\" \/>\n\t\t<meta property=\"og:locale\" content=\"es_ES\" \/>\n\t\t<meta property=\"og:site_name\" content=\"Cand\u00e1s 365\" \/>\n\t\t<meta property=\"og:type\" content=\"article\" \/>\n\t\t<meta property=\"og:title\" content=\"El FC Barcelona ha ganado el Trofeu Joan Gamper | Cand\u00e1s 365\" \/>\n\t\t<meta property=\"og:description\" content=\"El FC Barcelona ha ganado este domingo el Trofeu Joan Gamper al tumbar a la Juventus (3-0) en el primer partido de la era &#039;post Messi&#039;\" \/>\n\t\t<meta property=\"og:url\" content=\"https:\/\/candas365.es\/noticias\/el-fc-barcelona-ha-ganado-el-trofeu-joan-gamper\/\" \/>\n\t\t<meta property=\"og:image\" content=\"https:\/\/candas365.es\/noticias\/wp-content\/uploads\/2021\/08\/FC-Barcelona.jpg\" \/>\n\t\t<meta property=\"og:image:secure_url\" content=\"https:\/\/candas365.es\/noticias\/wp-content\/uploads\/2021\/08\/FC-Barcelona.jpg\" \/>\n\t\t<meta property=\"og:image:width\" content=\"1280\" \/>\n\t\t<meta property=\"og:image:height\" content=\"854\" \/>\n\t\t<meta property=\"article:published_time\" content=\"2021-08-09T16:00:59+00:00\" \/>\n\t\t<meta property=\"article:modified_time\" content=\"2021-08-09T16:00:59+00:00\" \/>\n\t\t<meta property=\"article:publisher\" content=\"https:\/\/www.facebook.com\/Nachofdezber\" \/>\n\t\t<meta property=\"article:author\" content=\"https:\/\/www.facebook.com\/carrenoactualidad\" \/>\n\t\t<meta name=\"twitter:card\" content=\"summary_large_image\" \/>\n\t\t<meta name=\"twitter:site\" content=\"@NabercoDigital\" \/>\n\t\t<meta name=\"twitter:title\" content=\"El FC Barcelona ha ganado el Trofeu Joan Gamper | Cand\u00e1s 365\" \/>\n\t\t<meta name=\"twitter:description\" content=\"El FC Barcelona ha ganado este domingo el Trofeu Joan Gamper al tumbar a la Juventus (3-0) en el primer partido de la era &#039;post Messi&#039;\" \/>\n\t\t<meta name=\"twitter:creator\" content=\"@nbasturias\" \/>\n\t\t<meta name=\"twitter:image\" content=\"https:\/\/candas365.es\/noticias\/wp-content\/uploads\/2021\/08\/FC-Barcelona.jpg\" \/>\n\t\t<meta name=\"twitter:label1\" content=\"Escrito por\" \/>\n\t\t<meta name=\"twitter:data1\" content=\"Cand\u00e1s 365\" \/>\n\t\t<meta name=\"twitter:label2\" content=\"Tiempo de lectura estimado\" \/>\n\t\t<meta name=\"twitter:data2\" content=\"3 minutos\" \/>\n\t\t<script type=\"application\/ld+json\" class=\"aioseo-schema\">\n\t\t\t{\"@context\":\"https:\\\/\\\/schema.org\",\"@graph\":[{\"@type\":\"BreadcrumbList\",\"@id\":\"https:\\\/\\\/candas365.es\\\/noticias\\\/el-fc-barcelona-ha-ganado-el-trofeu-joan-gamper\\\/#breadcrumblist\",\"itemListElement\":[{\"@type\":\"ListItem\",\"@id\":\"https:\\\/\\\/candas365.es\\\/noticias#listItem\",\"position\":1,\"name\":\"Home\",\"item\":\"https:\\\/\\\/candas365.es\\\/noticias\",\"nextItem\":{\"@type\":\"ListItem\",\"@id\":\"https:\\\/\\\/candas365.es\\\/noticias\\\/category\\\/deporte\\\/#listItem\",\"name\":\"Deporte\"}},{\"@type\":\"ListItem\",\"@id\":\"https:\\\/\\\/candas365.es\\\/noticias\\\/category\\\/deporte\\\/#listItem\",\"position\":2,\"name\":\"Deporte\",\"item\":\"https:\\\/\\\/candas365.es\\\/noticias\\\/category\\\/deporte\\\/\",\"nextItem\":{\"@type\":\"ListItem\",\"@id\":\"https:\\\/\\\/candas365.es\\\/noticias\\\/el-fc-barcelona-ha-ganado-el-trofeu-joan-gamper\\\/#listItem\",\"name\":\"El FC Barcelona ha ganado el Trofeu Joan Gamper\"},\"previousItem\":{\"@type\":\"ListItem\",\"@id\":\"https:\\\/\\\/candas365.es\\\/noticias#listItem\",\"name\":\"Home\"}},{\"@type\":\"ListItem\",\"@id\":\"https:\\\/\\\/candas365.es\\\/noticias\\\/el-fc-barcelona-ha-ganado-el-trofeu-joan-gamper\\\/#listItem\",\"position\":3,\"name\":\"El FC Barcelona ha ganado el Trofeu Joan Gamper\",\"previousItem\":{\"@type\":\"ListItem\",\"@id\":\"https:\\\/\\\/candas365.es\\\/noticias\\\/category\\\/deporte\\\/#listItem\",\"name\":\"Deporte\"}}]},{\"@type\":\"NewsArticle\",\"@id\":\"https:\\\/\\\/candas365.es\\\/noticias\\\/el-fc-barcelona-ha-ganado-el-trofeu-joan-gamper\\\/#newsarticle\",\"name\":\"El FC Barcelona ha ganado el Trofeu Joan Gamper | Cand\\u00e1s 365\",\"headline\":\"El FC Barcelona ha ganado el Trofeu Joan Gamper\",\"author\":{\"@id\":\"https:\\\/\\\/candas365.es\\\/noticias\\\/author\\\/admin\\\/#author\"},\"publisher\":{\"@id\":\"https:\\\/\\\/candas365.es\\\/noticias\\\/#organization\"},\"image\":{\"@type\":\"ImageObject\",\"url\":\"https:\\\/\\\/candas365.es\\\/noticias\\\/wp-content\\\/uploads\\\/2021\\\/08\\\/FC-Barcelona.jpg\",\"width\":1280,\"height\":854,\"caption\":\"FOTO: FCB \\\/ Europa Press\"},\"datePublished\":\"2021-08-09T16:00:59+02:00\",\"dateModified\":\"2021-08-09T16:00:59+02:00\",\"inLanguage\":\"es-ES\",\"mainEntityOfPage\":{\"@id\":\"https:\\\/\\\/candas365.es\\\/noticias\\\/el-fc-barcelona-ha-ganado-el-trofeu-joan-gamper\\\/#webpage\"},\"isPartOf\":{\"@id\":\"https:\\\/\\\/candas365.es\\\/noticias\\\/el-fc-barcelona-ha-ganado-el-trofeu-joan-gamper\\\/#webpage\"},\"articleSection\":\"Deporte, deporte, f\\u00fatbol\",\"dateline\":\"Publicado el agosto 9, 2021.\"},{\"@type\":\"Organization\",\"@id\":\"https:\\\/\\\/candas365.es\\\/noticias\\\/#organization\",\"name\":\"Cand\\u00e1s 365\",\"description\":\"Cand\\u00e1s 365 es un diario digital independiente, fundado en 2012, con base en Asturias. Informamos con rigor sobre actualidad, sociedad, cultura y ocio, con una mirada local y global.\",\"url\":\"https:\\\/\\\/candas365.es\\\/noticias\\\/\",\"email\":\"info@candas365.es\",\"telephone\":\"+34652131393\",\"foundingDate\":\"2012-06-10\",\"logo\":{\"@type\":\"ImageObject\",\"url\":\"https:\\\/\\\/candas365.es\\\/noticias\\\/wp-content\\\/uploads\\\/2024\\\/09\\\/Candas-365-Redes.jpg\",\"@id\":\"https:\\\/\\\/candas365.es\\\/noticias\\\/el-fc-barcelona-ha-ganado-el-trofeu-joan-gamper\\\/#organizationLogo\",\"width\":1152,\"height\":864,\"caption\":\"Cand\\u00e1s 365 Redes\"},\"image\":{\"@id\":\"https:\\\/\\\/candas365.es\\\/noticias\\\/el-fc-barcelona-ha-ganado-el-trofeu-joan-gamper\\\/#organizationLogo\"},\"sameAs\":[\"https:\\\/\\\/www.facebook.com\\\/Nachofdezber\",\"https:\\\/\\\/x.com\\\/NabercoDigital\",\"https:\\\/\\\/www.instagram.com\\\/nachofdezber\\\/\",\"https:\\\/\\\/www.youtube.com\\\/channel\\\/UCZP-2wLEB9Rv6erhFmqVnvg\"],\"address\":{\"@id\":\"https:\\\/\\\/candas365.es\\\/noticias\\\/#postaladdress\",\"@type\":\"PostalAddress\",\"streetAddress\":\"san antonio 4, san antonio 4\",\"postalCode\":\"33430\",\"addressLocality\":\"Cand\\u00e1s\",\"addressRegion\":\"Asturias\",\"addressCountry\":\"ES\"}},{\"@type\":\"Person\",\"@id\":\"https:\\\/\\\/candas365.es\\\/noticias\\\/author\\\/admin\\\/#author\",\"url\":\"https:\\\/\\\/candas365.es\\\/noticias\\\/author\\\/admin\\\/\",\"name\":\"Cand\\u00e1s 365\",\"image\":{\"@type\":\"ImageObject\",\"@id\":\"https:\\\/\\\/candas365.es\\\/noticias\\\/el-fc-barcelona-ha-ganado-el-trofeu-joan-gamper\\\/#authorImage\",\"url\":\"https:\\\/\\\/secure.gravatar.com\\\/avatar\\\/496a8e03d0c493ede1718b7934145dbdf8d89be1036b0eec9544e1094c9de390?s=96&d=mm&r=g\",\"width\":96,\"height\":96,\"caption\":\"Cand\\u00e1s 365\"},\"sameAs\":[\"https:\\\/\\\/www.facebook.com\\\/carrenoactualidad\",\"https:\\\/\\\/twitter.com\\\/nbasturias\",\"https:\\\/\\\/www.instagram.com\\\/nachofdezber\\\/\",\"https:\\\/\\\/www.youtube.com\\\/channel\\\/UCZP-2wLEB9Rv6erhFmqVnvg\"]},{\"@type\":\"WebPage\",\"@id\":\"https:\\\/\\\/candas365.es\\\/noticias\\\/el-fc-barcelona-ha-ganado-el-trofeu-joan-gamper\\\/#webpage\",\"url\":\"https:\\\/\\\/candas365.es\\\/noticias\\\/el-fc-barcelona-ha-ganado-el-trofeu-joan-gamper\\\/\",\"name\":\"El FC Barcelona ha ganado el Trofeu Joan Gamper | Cand\\u00e1s 365\",\"description\":\"El FC Barcelona ha ganado este domingo el Trofeu Joan Gamper al tumbar a la Juventus (3-0) en el primer partido de la era 'post Messi'\",\"inLanguage\":\"es-ES\",\"isPartOf\":{\"@id\":\"https:\\\/\\\/candas365.es\\\/noticias\\\/#website\"},\"breadcrumb\":{\"@id\":\"https:\\\/\\\/candas365.es\\\/noticias\\\/el-fc-barcelona-ha-ganado-el-trofeu-joan-gamper\\\/#breadcrumblist\"},\"author\":{\"@id\":\"https:\\\/\\\/candas365.es\\\/noticias\\\/author\\\/admin\\\/#author\"},\"creator\":{\"@id\":\"https:\\\/\\\/candas365.es\\\/noticias\\\/author\\\/admin\\\/#author\"},\"image\":{\"@type\":\"ImageObject\",\"url\":\"https:\\\/\\\/candas365.es\\\/noticias\\\/wp-content\\\/uploads\\\/2021\\\/08\\\/FC-Barcelona.jpg\",\"@id\":\"https:\\\/\\\/candas365.es\\\/noticias\\\/el-fc-barcelona-ha-ganado-el-trofeu-joan-gamper\\\/#mainImage\",\"width\":1280,\"height\":854,\"caption\":\"FOTO: FCB \\\/ Europa Press\"},\"primaryImageOfPage\":{\"@id\":\"https:\\\/\\\/candas365.es\\\/noticias\\\/el-fc-barcelona-ha-ganado-el-trofeu-joan-gamper\\\/#mainImage\"},\"datePublished\":\"2021-08-09T16:00:59+02:00\",\"dateModified\":\"2021-08-09T16:00:59+02:00\"},{\"@type\":\"WebSite\",\"@id\":\"https:\\\/\\\/candas365.es\\\/noticias\\\/#website\",\"url\":\"https:\\\/\\\/candas365.es\\\/noticias\\\/\",\"name\":\"Cand\\u00e1s 365\",\"alternateName\":\"Cand\\u00e1s 365 Noticias\",\"description\":\"Actualidad desde Carre\\u00f1o para el mundo\",\"inLanguage\":\"es-ES\",\"publisher\":{\"@id\":\"https:\\\/\\\/candas365.es\\\/noticias\\\/#organization\"}}]}\n\t\t<\/script>\n\t\t<!-- All in One SEO Pro -->\r\n\t\t<title>El FC Barcelona ha ganado el Trofeu Joan Gamper | Cand\u00e1s 365<\/title>\n\n","aioseo_head_json":{"title":"El FC Barcelona ha ganado el Trofeu Joan Gamper | Cand\u00e1s 365","description":"El FC Barcelona ha ganado este domingo el Trofeu Joan Gamper al tumbar a la Juventus (3-0) en el primer partido de la era 'post Messi'","canonical_url":"https:\/\/candas365.es\/noticias\/el-fc-barcelona-ha-ganado-el-trofeu-joan-gamper\/","robots":"max-image-preview:large","keywords":"deporte","webmasterTools":{"google-site-verification":"UA-32230408-1","msvalidate.01":"354F3CDFB2DA171B47FBE9ABF1F88D5","miscellaneous":""},"schema":{"@context":"https:\/\/schema.org","@graph":[{"@type":"BreadcrumbList","@id":"https:\/\/candas365.es\/noticias\/el-fc-barcelona-ha-ganado-el-trofeu-joan-gamper\/#breadcrumblist","itemListElement":[{"@type":"ListItem","@id":"https:\/\/candas365.es\/noticias#listItem","position":1,"name":"Home","item":"https:\/\/candas365.es\/noticias","nextItem":{"@type":"ListItem","@id":"https:\/\/candas365.es\/noticias\/category\/deporte\/#listItem","name":"Deporte"}},{"@type":"ListItem","@id":"https:\/\/candas365.es\/noticias\/category\/deporte\/#listItem","position":2,"name":"Deporte","item":"https:\/\/candas365.es\/noticias\/category\/deporte\/","nextItem":{"@type":"ListItem","@id":"https:\/\/candas365.es\/noticias\/el-fc-barcelona-ha-ganado-el-trofeu-joan-gamper\/#listItem","name":"El FC Barcelona ha ganado el Trofeu Joan Gamper"},"previousItem":{"@type":"ListItem","@id":"https:\/\/candas365.es\/noticias#listItem","name":"Home"}},{"@type":"ListItem","@id":"https:\/\/candas365.es\/noticias\/el-fc-barcelona-ha-ganado-el-trofeu-joan-gamper\/#listItem","position":3,"name":"El FC Barcelona ha ganado el Trofeu Joan Gamper","previousItem":{"@type":"ListItem","@id":"https:\/\/candas365.es\/noticias\/category\/deporte\/#listItem","name":"Deporte"}}]},{"@type":"NewsArticle","@id":"https:\/\/candas365.es\/noticias\/el-fc-barcelona-ha-ganado-el-trofeu-joan-gamper\/#newsarticle","name":"El FC Barcelona ha ganado el Trofeu Joan Gamper | Cand\u00e1s 365","headline":"El FC Barcelona ha ganado el Trofeu Joan Gamper","author":{"@id":"https:\/\/candas365.es\/noticias\/author\/admin\/#author"},"publisher":{"@id":"https:\/\/candas365.es\/noticias\/#organization"},"image":{"@type":"ImageObject","url":"https:\/\/candas365.es\/noticias\/wp-content\/uploads\/2021\/08\/FC-Barcelona.jpg","width":1280,"height":854,"caption":"FOTO: FCB \/ Europa Press"},"datePublished":"2021-08-09T16:00:59+02:00","dateModified":"2021-08-09T16:00:59+02:00","inLanguage":"es-ES","mainEntityOfPage":{"@id":"https:\/\/candas365.es\/noticias\/el-fc-barcelona-ha-ganado-el-trofeu-joan-gamper\/#webpage"},"isPartOf":{"@id":"https:\/\/candas365.es\/noticias\/el-fc-barcelona-ha-ganado-el-trofeu-joan-gamper\/#webpage"},"articleSection":"Deporte, deporte, f\u00fatbol","dateline":"Publicado el agosto 9, 2021."},{"@type":"Organization","@id":"https:\/\/candas365.es\/noticias\/#organization","name":"Cand\u00e1s 365","description":"Cand\u00e1s 365 es un diario digital independiente, fundado en 2012, con base en Asturias. Informamos con rigor sobre actualidad, sociedad, cultura y ocio, con una mirada local y global.","url":"https:\/\/candas365.es\/noticias\/","email":"info@candas365.es","telephone":"+34652131393","foundingDate":"2012-06-10","logo":{"@type":"ImageObject","url":"https:\/\/candas365.es\/noticias\/wp-content\/uploads\/2024\/09\/Candas-365-Redes.jpg","@id":"https:\/\/candas365.es\/noticias\/el-fc-barcelona-ha-ganado-el-trofeu-joan-gamper\/#organizationLogo","width":1152,"height":864,"caption":"Cand\u00e1s 365 Redes"},"image":{"@id":"https:\/\/candas365.es\/noticias\/el-fc-barcelona-ha-ganado-el-trofeu-joan-gamper\/#organizationLogo"},"sameAs":["https:\/\/www.facebook.com\/Nachofdezber","https:\/\/x.com\/NabercoDigital","https:\/\/www.instagram.com\/nachofdezber\/","https:\/\/www.youtube.com\/channel\/UCZP-2wLEB9Rv6erhFmqVnvg"],"address":{"@id":"https:\/\/candas365.es\/noticias\/#postaladdress","@type":"PostalAddress","streetAddress":"san antonio 4, san antonio 4","postalCode":"33430","addressLocality":"Cand\u00e1s","addressRegion":"Asturias","addressCountry":"ES"}},{"@type":"Person","@id":"https:\/\/candas365.es\/noticias\/author\/admin\/#author","url":"https:\/\/candas365.es\/noticias\/author\/admin\/","name":"Cand\u00e1s 365","image":{"@type":"ImageObject","@id":"https:\/\/candas365.es\/noticias\/el-fc-barcelona-ha-ganado-el-trofeu-joan-gamper\/#authorImage","url":"https:\/\/secure.gravatar.com\/avatar\/496a8e03d0c493ede1718b7934145dbdf8d89be1036b0eec9544e1094c9de390?s=96&d=mm&r=g","width":96,"height":96,"caption":"Cand\u00e1s 365"},"sameAs":["https:\/\/www.facebook.com\/carrenoactualidad","https:\/\/twitter.com\/nbasturias","https:\/\/www.instagram.com\/nachofdezber\/","https:\/\/www.youtube.com\/channel\/UCZP-2wLEB9Rv6erhFmqVnvg"]},{"@type":"WebPage","@id":"https:\/\/candas365.es\/noticias\/el-fc-barcelona-ha-ganado-el-trofeu-joan-gamper\/#webpage","url":"https:\/\/candas365.es\/noticias\/el-fc-barcelona-ha-ganado-el-trofeu-joan-gamper\/","name":"El FC Barcelona ha ganado el Trofeu Joan Gamper | Cand\u00e1s 365","description":"El FC Barcelona ha ganado este domingo el Trofeu Joan Gamper al tumbar a la Juventus (3-0) en el primer partido de la era 'post Messi'","inLanguage":"es-ES","isPartOf":{"@id":"https:\/\/candas365.es\/noticias\/#website"},"breadcrumb":{"@id":"https:\/\/candas365.es\/noticias\/el-fc-barcelona-ha-ganado-el-trofeu-joan-gamper\/#breadcrumblist"},"author":{"@id":"https:\/\/candas365.es\/noticias\/author\/admin\/#author"},"creator":{"@id":"https:\/\/candas365.es\/noticias\/author\/admin\/#author"},"image":{"@type":"ImageObject","url":"https:\/\/candas365.es\/noticias\/wp-content\/uploads\/2021\/08\/FC-Barcelona.jpg","@id":"https:\/\/candas365.es\/noticias\/el-fc-barcelona-ha-ganado-el-trofeu-joan-gamper\/#mainImage","width":1280,"height":854,"caption":"FOTO: FCB \/ Europa Press"},"primaryImageOfPage":{"@id":"https:\/\/candas365.es\/noticias\/el-fc-barcelona-ha-ganado-el-trofeu-joan-gamper\/#mainImage"},"datePublished":"2021-08-09T16:00:59+02:00","dateModified":"2021-08-09T16:00:59+02:00"},{"@type":"WebSite","@id":"https:\/\/candas365.es\/noticias\/#website","url":"https:\/\/candas365.es\/noticias\/","name":"Cand\u00e1s 365","alternateName":"Cand\u00e1s 365 Noticias","description":"Actualidad desde Carre\u00f1o para el mundo","inLanguage":"es-ES","publisher":{"@id":"https:\/\/candas365.es\/noticias\/#organization"}}]},"og:locale":"es_ES","og:site_name":"Cand\u00e1s 365","og:type":"article","og:title":"El FC Barcelona ha ganado el Trofeu Joan Gamper | Cand\u00e1s 365","og:description":"El FC Barcelona ha ganado este domingo el Trofeu Joan Gamper al tumbar a la Juventus (3-0) en el primer partido de la era 'post Messi'","og:url":"https:\/\/candas365.es\/noticias\/el-fc-barcelona-ha-ganado-el-trofeu-joan-gamper\/","og:image":"https:\/\/candas365.es\/noticias\/wp-content\/uploads\/2021\/08\/FC-Barcelona.jpg","og:image:secure_url":"https:\/\/candas365.es\/noticias\/wp-content\/uploads\/2021\/08\/FC-Barcelona.jpg","og:image:width":1280,"og:image:height":854,"article:published_time":"2021-08-09T16:00:59+00:00","article:modified_time":"2021-08-09T16:00:59+00:00","article:publisher":"https:\/\/www.facebook.com\/Nachofdezber","article:author":"https:\/\/www.facebook.com\/carrenoactualidad","twitter:card":"summary_large_image","twitter:site":"@NabercoDigital","twitter:title":"El FC Barcelona ha ganado el Trofeu Joan Gamper | Cand\u00e1s 365","twitter:description":"El FC Barcelona ha ganado este domingo el Trofeu Joan Gamper al tumbar a la Juventus (3-0) en el primer partido de la era 'post Messi'","twitter:creator":"@nbasturias","twitter:image":"https:\/\/candas365.es\/noticias\/wp-content\/uploads\/2021\/08\/FC-Barcelona.jpg","twitter:label1":"Escrito por","twitter:data1":"Cand\u00e1s 365","twitter:label2":"Tiempo de lectura estimado","twitter:data2":"3 minutos"},"aioseo_meta_data":{"post_id":"157354","title":null,"description":"El FC Barcelona ha ganado este domingo el Trofeu Joan Gamper al tumbar a la Juventus (3-0) en el primer partido de la era 'post Messi'","keywords":[],"keyphrases":{"focus":{"keyphrase":"FC Barcelona","score":83,"analysis":{"keyphraseInTitle":{"title":"Frase clave objetivo en el t\u00edtulo SEO","description":"Frase clave objetivo encontrada en el t\u00edtulo SEO.","score":9,"maxScore":9,"error":0},"keyphraseInDescription":{"title":"Frase clave objetivo en la meta descripci\u00f3n","description":"Frase clave objetivo encontrada en la meta descripci\u00f3n.","score":9,"maxScore":9,"error":0},"keyphraseInURL":{"title":"Frase clave objetivo en la URL","description":"Frase clave objetivo no encontrada en la URL.","score":1,"maxScore":5,"error":1},"keyphraseLength":{"title":"Longitud de la Frase clave objetivo","description":"\u00a1Buen trabajo!","score":9,"maxScore":9,"error":0,"length":2},"keyphraseInIntroduction":{"title":"Frase clave objetivo en la introducci\u00f3n","description":"Su Frase clave objetivo aparece en el primer p\u00e1rrafo. \u00a1Bien hecho!","score":9,"maxScore":9,"error":0},"keyphraseInSubHeadings":{"title":"Frase clave objetivo sus subt\u00edtulos","description":"Use your focus keyphrase more in your H2 and H3 subheadings.","score":3,"maxScore":9,"error":1},"keyphraseInImageAlt":{"title":"Frase clave objetivo en los atributos alt de la imagen.","description":"Frase clave objetivo encontrada en los atributos alt de la(s) imagen(es).","score":9,"maxScore":9,"error":0}}},"additional":[{"keyphrase":"Joan Gamper ","score":83,"analysis":{"keyphraseInDescription":{"title":"Frase clave en la meta descripci\u00f3n","description":"Frase clave encontrada en la meta descripci\u00f3n.","score":9,"maxScore":9,"error":0},"keyphraseLength":{"title":"Longitud de la Frase clave","description":"\u00a1Buen trabajo!","score":9,"maxScore":9,"error":0,"length":2},"keyphraseInIntroduction":{"title":"Frase clave en la introducci\u00f3n","description":"Su Frase clave aparece en el primer p\u00e1rrafo. \u00a1Bien hecho!","score":9,"maxScore":9,"error":0},"keyphraseInImageAlt":{"title":"Frase clave en los atributos alt de la imagen.","description":"Frase clave no se encuentra en los atributos alt de la imagen. A\u00f1ada una imagen con su Frase clave como texto alternativo.","score":3,"maxScore":9,"error":1}}}]},"primary_term":null,"canonical_url":null,"og_title":null,"og_description":null,"og_object_type":"default","og_image_type":"default","og_image_url":null,"og_image_width":null,"og_image_height":null,"og_image_custom_url":null,"og_image_custom_fields":null,"og_video":"","og_custom_url":null,"og_article_section":null,"og_article_tags":[],"twitter_use_og":false,"twitter_card":"default","twitter_image_type":"default","twitter_image_url":null,"twitter_image_custom_url":null,"twitter_image_custom_fields":null,"twitter_title":null,"twitter_description":null,"schema":{"blockGraphs":[],"customGraphs":[],"default":{"data":{"Article":[],"Course":[],"Dataset":[],"FAQPage":[],"Movie":[],"Person":[],"Product":[],"ProductReview":[],"Car":[],"Recipe":[],"Service":[],"SoftwareApplication":[],"WebPage":[]},"graphName":"","isEnabled":true},"graphs":[]},"schema_type":"default","schema_type_options":"{\"article\":{\"articleType\":\"BlogPosting\"},\"course\":{\"name\":\"\",\"description\":\"\",\"provider\":\"\"},\"faq\":{\"pages\":[]},\"product\":{\"reviews\":[]},\"recipe\":{\"ingredients\":[],\"instructions\":[],\"keywords\":[]},\"software\":{\"reviews\":[],\"operatingSystems\":[]},\"webPage\":{\"webPageType\":\"WebPage\"}}","pillar_content":false,"robots_default":true,"robots_noindex":false,"robots_noarchive":false,"robots_nosnippet":false,"robots_nofollow":false,"robots_noimageindex":false,"robots_noodp":false,"robots_notranslate":false,"robots_max_snippet":"-1","robots_max_videopreview":"-1","robots_max_imagepreview":"large","priority":null,"frequency":"default","location":null,"local_seo":{"locations":{"business":{"name":"","businessType":"","image":"","areaServed":"","urls":{"website":"","aboutPage":"","contactPage":""},"address":{"streetLine1":"","streetLine2":"","zipCode":"","city":"","state":"","country":"","addressFormat":"#streetLineOne\n#streetLineTwo\n#city, #state #zipCode"},"contact":{"email":"","phone":"","phoneFormatted":"","fax":"","faxFormatted":""},"ids":{"vat":"","tax":"","chamberOfCommerce":""},"payment":{"priceRange":"","currenciesAccepted":"","methods":""}}},"openingHours":{"useDefaults":true,"show":true,"alwaysOpen":false,"use24hFormat":false,"timezone":"","labels":{"closed":"","alwaysOpen":""},"days":{"monday":{"open24h":false,"closed":false,"openTime":"09:00","closeTime":"17:00"},"tuesday":{"open24h":false,"closed":false,"openTime":"09:00","closeTime":"17:00"},"wednesday":{"open24h":false,"closed":false,"openTime":"09:00","closeTime":"17:00"},"thursday":{"open24h":false,"closed":false,"openTime":"09:00","closeTime":"17:00"},"friday":{"open24h":false,"closed":false,"openTime":"09:00","closeTime":"17:00"},"saturday":{"open24h":false,"closed":false,"openTime":"09:00","closeTime":"17:00"},"sunday":{"open24h":false,"closed":false,"openTime":"09:00","closeTime":"17:00"}}}},"seo_analyzer_scan_date":"2025-09-01 00:43:20","breadcrumb_settings":null,"limit_modified_date":false,"reviewed_by":null,"open_ai":null,"ai":null,"created":"2021-08-09 15:54:15","updated":"2025-09-01 00:43:20"},"aioseo_breadcrumb":"<div class=\"aioseo-breadcrumbs\"><span class=\"aioseo-breadcrumb\">\n\t<a href=\"https:\/\/candas365.es\/noticias\" title=\"Home\">Home<\/a>\n<\/span><span class=\"aioseo-breadcrumb-separator\">&ndash;<\/span><span class=\"aioseo-breadcrumb\">\n\t<a href=\"https:\/\/candas365.es\/noticias\/category\/deporte\/\" title=\"Deporte\">Deporte<\/a>\n<\/span><span class=\"aioseo-breadcrumb-separator\">&ndash;<\/span><span class=\"aioseo-breadcrumb\">\n\tEl FC Barcelona ha ganado el Trofeu Joan Gamper\n<\/span><\/div>","aioseo_breadcrumb_json":[{"label":"Home","link":"https:\/\/candas365.es\/noticias"},{"label":"Deporte","link":"https:\/\/candas365.es\/noticias\/category\/deporte\/"},{"label":"El FC Barcelona ha ganado el Trofeu Joan Gamper","link":"https:\/\/candas365.es\/noticias\/el-fc-barcelona-ha-ganado-el-trofeu-joan-gamper\/"}],"_links":{"self":[{"href":"https:\/\/candas365.es\/noticias\/wp-json\/wp\/v2\/posts\/157354","targetHints":{"allow":["GET"]}}],"collection":[{"href":"https:\/\/candas365.es\/noticias\/wp-json\/wp\/v2\/posts"}],"about":[{"href":"https:\/\/candas365.es\/noticias\/wp-json\/wp\/v2\/types\/post"}],"author":[{"embeddable":true,"href":"https:\/\/candas365.es\/noticias\/wp-json\/wp\/v2\/users\/1"}],"replies":[{"embeddable":true,"href":"https:\/\/candas365.es\/noticias\/wp-json\/wp\/v2\/comments?post=157354"}],"version-history":[{"count":0,"href":"https:\/\/candas365.es\/noticias\/wp-json\/wp\/v2\/posts\/157354\/revisions"}],"wp:featuredmedia":[{"embeddable":true,"href":"https:\/\/candas365.es\/noticias\/wp-json\/wp\/v2\/media\/157355"}],"wp:attachment":[{"href":"https:\/\/candas365.es\/noticias\/wp-json\/wp\/v2\/media?parent=157354"}],"wp:term":[{"taxonomy":"category","embeddable":true,"href":"https:\/\/candas365.es\/noticias\/wp-json\/wp\/v2\/categories?post=157354"},{"taxonomy":"post_tag","embeddable":true,"href":"https:\/\/candas365.es\/noticias\/wp-json\/wp\/v2\/tags?post=157354"}],"curies":[{"name":"wp","href":"https:\/\/api.w.org\/{rel}","templated":true}]}}