{"id":157336,"date":"2021-08-09T11:57:40","date_gmt":"2021-08-09T11:57:40","guid":{"rendered":"http:\/\/candas365.es\/noticias\/?p=157336"},"modified":"2021-08-09T11:57:40","modified_gmt":"2021-08-09T11:57:40","slug":"copa-alemana-el-frankfurt-analiza-consecuencias-de-su-eliminacion","status":"publish","type":"post","link":"https:\/\/candas365.es\/noticias\/copa-alemana-el-frankfurt-analiza-consecuencias-de-su-eliminacion\/","title":{"rendered":"Copa Alemana: el Frankfurt analiza consecuencias de su eliminaci\u00f3n"},"content":{"rendered":"<p>Berl\u00edn, 9 ago (dpa) &#8211; El Eintracht Frankfurt anunci\u00f3 que a partir de hoy analizar\u00e1 las consecuencias de la derrota en el partido de primera ronda de la Copa Alemana contra el Waldhof Mannheim, de la tercera divisi\u00f3n.<\/p>\n<figure id=\"attachment_157337\" aria-describedby=\"caption-attachment-157337\" style=\"width: 650px\" class=\"wp-caption aligncenter\"><img fetchpriority=\"high\" decoding=\"async\" class=\"wp-image-157337 size-large\" src=\"https:\/\/candas365.es\/noticias\/wp-content\/uploads\/2021\/08\/Frankfurt-650x442.jpg\" alt=\"Frankfurt\" width=\"650\" height=\"442\" srcset=\"https:\/\/candas365.es\/noticias\/wp-content\/uploads\/2021\/08\/Frankfurt-650x442.jpg 650w, https:\/\/candas365.es\/noticias\/wp-content\/uploads\/2021\/08\/Frankfurt-360x245.jpg 360w, https:\/\/candas365.es\/noticias\/wp-content\/uploads\/2021\/08\/Frankfurt-768x522.jpg 768w, https:\/\/candas365.es\/noticias\/wp-content\/uploads\/2021\/08\/Frankfurt.jpg 981w\" sizes=\"(max-width: 650px) 100vw, 650px\" \/><figcaption id=\"caption-attachment-157337\" class=\"wp-caption-text\">Marcel Costly, del Waldhof Mannheim (izq.), y Lucas Silva Melo, del Eintracht Frankfurt, en acci\u00f3n en el partido de primera ronda de la Copa Alemana. Foto: Uwe Anspach\/dpa<\/figcaption><\/figure>\n<p>El Frankfurt perdi\u00f3 el domingo por 2-0 en su visita a Mannheim, en la que su nuevo entrenador, el austriaco Oliver Glasner, comenz\u00f3 su tarea con una temprana eliminaci\u00f3n.<\/p>\n<p>Los locales Marcel Seegert y Joseph Boyamba marcaron r\u00e1pidamente en la segunda mitad antes de que el jugador del Frankfurt Martin Hinteregger fuera expulsado tras ver la segunda tarjeta amarilla a la hora de juego, agravando la situaci\u00f3n de los campeones de Copa de 2018.<\/p>\n<p>\u00abSeremos muy, muy duros con nosotros mismos y analizaremos el partido\u00bb, dijo Glasner. \u00abNo cre\u00edmos en nosotros ni tuvimos convicci\u00f3n como equipo. Por supuesto, ha sido una tarde muy, muy decepcionante\u00bb, manifest\u00f3 el t\u00e9cnico.<\/p>\n<p>Glasner cambi\u00f3 el Wolfsburgo, clasificado para la Liga de Campeones, por el Frankfurt. Su antiguo equipo, bajo la direcci\u00f3n de su nuevo entrenador, el holand\u00e9s Mark van Bommel, tambi\u00e9n pas\u00f3 apuros ante un rival de categor\u00edas inferiores, antes de imponerse en la pr\u00f3rroga.<\/p>\n<p>Frente al Preussen M\u00fcnster, de cuarta divisi\u00f3n, necesitaron un gol de Josip Brekalo en el minuto 90 para conseguir 30 minutos m\u00e1s, antes de que el cabezazo de Wout Weghorst en el minuto 103 y el gol de Ridle Baku en el 120 sellaran la victoria por 3-1.<\/p>\n<p>Sin embargo, Van Bommel realiz\u00f3 seis sustituciones, al parecer sin entender las reglas sobre los cambios adicionales durante la pr\u00f3rroga. Los \u00e1rbitros tampoco parecieron darse cuenta, pero el Wolfsburgo podr\u00eda enfrentarse ahora a una descalificaci\u00f3n.<\/p>\n<p>El Mainz, cuyo delantero Karim Onisiwo fue descartado por dar positivo en un test de coronavirus, tambi\u00e9n marc\u00f3 en los \u00faltimos minutos para empatar 1-1 y forzar la pr\u00f3rroga en el campo del Elversberg, de cuarta divisi\u00f3n.<\/p>\n<p>La pr\u00f3rroga termin\u00f3 con un 2-2 en el minuto 120, y el Mainz pas\u00f3 a la segunda ronda por 8-7 en los penaltis.<\/p>\n<p>Otro equipo de la Bundesliga, el Colonia, tambi\u00e9n se impuso en la tanda de penaltis al Carl Zeiss Jena, de cuarta divisi\u00f3n, tras finalizar el tiempo reglamentario con empate a uno.<\/p>\n<p>Kevin-Prince Boateng regres\u00f3 a la competici\u00f3n con el Hertha Berlin, 14 a\u00f1os despu\u00e9s de su marcha, pero su equipo necesit\u00f3 un gol de cabeza muy tard\u00edo de Davie Selke en una victoria por 1-0 en el campo del Meppen, de tercera divisi\u00f3n.<\/p>\n<p>Max Kruse, despu\u00e9s de pedirle matrimonio a su novia en una conxi\u00f3n televisiva desde los Juegos Ol\u00edmpicos de Tokio, marc\u00f3 el \u00fanico gol del Union Berlin, que se impuso por 1-0 al T\u00fcrkg\u00fcc\u00fc de M\u00fanich, de tercera divisi\u00f3n, en otro ajustado triunfo para un club de la Bundesliga.<\/p>\n<p>El Freiburg, tambi\u00e9n de primera divisi\u00f3n, se impuso por 1-0 al W\u00fcrzburger Kickers, de tercera, en un partido de \u00faltima hora, gracias a Jonathan Schmid.<\/p>\n<p>El Schalke, que descendi\u00f3 a segunda la temporada pasada, gan\u00f3 al Villingen, de quinta divisi\u00f3n, por 4-1, y el Hamburgo, de segunda, elimin\u00f3 al Eintracht Braunschweig por 2-1.<\/p>\n<p>El vigente campe\u00f3n, el Borussia Dortmund, gan\u00f3 el s\u00e1bado en el campo del Wehen Wiesbaden (3-0), con un triplete del goleador noruego Erling Haaland. El Greuther F\u00fcrth, reci\u00e9n ascendido a la Bundesliga, se convirti\u00f3 en la primera v\u00edctima de la m\u00e1xima categor\u00eda, al perder en la tanda de penales el s\u00e1bado ante el Babelsberg, de cuarta divisi\u00f3n.<\/p>\n<p>El nuevo entrenador del Bayern M\u00fanich, Julian Nagelsmann, deber\u00e1 esperar para debutar en competici\u00f3n en su banquillo, ya que su partido de la primera ronda copera en el campo del Bremer SV, de quinta divisi\u00f3n, fue aplazado el viernes debido a que su rival est\u00e1 en cuarentena por coronavirus.<\/p>\n<p><i class=\"lang-es\"><span class=\" readonly\" title=\"\">Por Mark Meadows (dpa)<\/span><\/i><\/p>\n","protected":false},"excerpt":{"rendered":"<p>Berl\u00edn, 9 ago (dpa) &#8211; El Eintracht Frankfurt anunci\u00f3 que a partir de hoy analizar\u00e1 las consecuencias de la derrota en el partido de primera ronda de la Copa Alemana contra el Waldhof Mannheim, de la tercera divisi\u00f3n. El Frankfurt perdi\u00f3 el domingo por 2-0 en su visita a Mannheim, en la que su nuevo<\/p>\n","protected":false},"author":1,"featured_media":157337,"comment_status":"closed","ping_status":"closed","sticky":false,"template":"","format":"standard","meta":{"footnotes":""},"categories":[319],"tags":[387,389],"class_list":{"0":"post-157336","1":"post","2":"type-post","3":"status-publish","4":"format-standard","5":"has-post-thumbnail","7":"category-deporte","8":"tag-deporte","9":"tag-futbol"},"aioseo_notices":[],"aioseo_head":"\n\t\t<!-- All in One SEO Pro 4.9.6.2 - aioseo.com -->\n\t<meta name=\"description\" content=\"El Eintracht Frankfurt anunci\u00f3 que a partir de hoy analizar\u00e1 las consecuencias de la derrota en el partido de primera ronda de la Copa Alemana\" \/>\n\t<meta name=\"robots\" content=\"max-image-preview:large\" \/>\n\t<meta name=\"author\" content=\"Cand\u00e1s 365\"\/>\n\t<meta name=\"google-site-verification\" content=\"UA-32230408-1\" \/>\n\t<meta name=\"msvalidate.01\" content=\"354F3CDFB2DA171B47FBE9ABF1F88D5\" \/>\n\t<meta name=\"keywords\" content=\"deporte\" \/>\n\t<link rel=\"canonical\" href=\"https:\/\/candas365.es\/noticias\/copa-alemana-el-frankfurt-analiza-consecuencias-de-su-eliminacion\/\" \/>\n\t<meta name=\"generator\" content=\"All in One SEO Pro (AIOSEO) 4.9.6.2\" \/>\n\t\t<meta property=\"og:locale\" content=\"es_ES\" \/>\n\t\t<meta property=\"og:site_name\" content=\"Cand\u00e1s 365\" \/>\n\t\t<meta property=\"og:type\" content=\"article\" \/>\n\t\t<meta property=\"og:title\" content=\"Copa Alemana: el Frankfurt analiza consecuencias de su eliminaci\u00f3n | Cand\u00e1s 365\" \/>\n\t\t<meta property=\"og:description\" content=\"El Eintracht Frankfurt anunci\u00f3 que a partir de hoy analizar\u00e1 las consecuencias de la derrota en el partido de primera ronda de la Copa Alemana\" \/>\n\t\t<meta property=\"og:url\" content=\"https:\/\/candas365.es\/noticias\/copa-alemana-el-frankfurt-analiza-consecuencias-de-su-eliminacion\/\" \/>\n\t\t<meta property=\"og:image\" content=\"https:\/\/candas365.es\/noticias\/wp-content\/uploads\/2021\/08\/Frankfurt.jpg\" \/>\n\t\t<meta property=\"og:image:secure_url\" content=\"https:\/\/candas365.es\/noticias\/wp-content\/uploads\/2021\/08\/Frankfurt.jpg\" \/>\n\t\t<meta property=\"og:image:width\" content=\"981\" \/>\n\t\t<meta property=\"og:image:height\" content=\"667\" \/>\n\t\t<meta property=\"article:published_time\" content=\"2021-08-09T11:57:40+00:00\" \/>\n\t\t<meta property=\"article:modified_time\" content=\"2021-08-09T11:57:40+00:00\" \/>\n\t\t<meta property=\"article:publisher\" content=\"https:\/\/www.facebook.com\/Nachofdezber\" \/>\n\t\t<meta property=\"article:author\" content=\"https:\/\/www.facebook.com\/carrenoactualidad\" \/>\n\t\t<meta name=\"twitter:card\" content=\"summary_large_image\" \/>\n\t\t<meta name=\"twitter:site\" content=\"@NabercoDigital\" \/>\n\t\t<meta name=\"twitter:title\" content=\"Copa Alemana: el Frankfurt analiza consecuencias de su eliminaci\u00f3n | Cand\u00e1s 365\" \/>\n\t\t<meta name=\"twitter:description\" content=\"El Eintracht Frankfurt anunci\u00f3 que a partir de hoy analizar\u00e1 las consecuencias de la derrota en el partido de primera ronda de la Copa Alemana\" \/>\n\t\t<meta name=\"twitter:creator\" content=\"@nbasturias\" \/>\n\t\t<meta name=\"twitter:image\" content=\"https:\/\/candas365.es\/noticias\/wp-content\/uploads\/2021\/08\/Frankfurt.jpg\" \/>\n\t\t<meta name=\"twitter:label1\" content=\"Escrito por\" \/>\n\t\t<meta name=\"twitter:data1\" content=\"Cand\u00e1s 365\" \/>\n\t\t<meta name=\"twitter:label2\" content=\"Tiempo de lectura estimado\" \/>\n\t\t<meta name=\"twitter:data2\" content=\"3 minutos\" \/>\n\t\t<script type=\"application\/ld+json\" class=\"aioseo-schema\">\n\t\t\t{\"@context\":\"https:\\\/\\\/schema.org\",\"@graph\":[{\"@type\":\"BreadcrumbList\",\"@id\":\"https:\\\/\\\/candas365.es\\\/noticias\\\/copa-alemana-el-frankfurt-analiza-consecuencias-de-su-eliminacion\\\/#breadcrumblist\",\"itemListElement\":[{\"@type\":\"ListItem\",\"@id\":\"https:\\\/\\\/candas365.es\\\/noticias#listItem\",\"position\":1,\"name\":\"Home\",\"item\":\"https:\\\/\\\/candas365.es\\\/noticias\",\"nextItem\":{\"@type\":\"ListItem\",\"@id\":\"https:\\\/\\\/candas365.es\\\/noticias\\\/category\\\/deporte\\\/#listItem\",\"name\":\"Deporte\"}},{\"@type\":\"ListItem\",\"@id\":\"https:\\\/\\\/candas365.es\\\/noticias\\\/category\\\/deporte\\\/#listItem\",\"position\":2,\"name\":\"Deporte\",\"item\":\"https:\\\/\\\/candas365.es\\\/noticias\\\/category\\\/deporte\\\/\",\"nextItem\":{\"@type\":\"ListItem\",\"@id\":\"https:\\\/\\\/candas365.es\\\/noticias\\\/copa-alemana-el-frankfurt-analiza-consecuencias-de-su-eliminacion\\\/#listItem\",\"name\":\"Copa Alemana: el Frankfurt analiza consecuencias de su eliminaci\\u00f3n\"},\"previousItem\":{\"@type\":\"ListItem\",\"@id\":\"https:\\\/\\\/candas365.es\\\/noticias#listItem\",\"name\":\"Home\"}},{\"@type\":\"ListItem\",\"@id\":\"https:\\\/\\\/candas365.es\\\/noticias\\\/copa-alemana-el-frankfurt-analiza-consecuencias-de-su-eliminacion\\\/#listItem\",\"position\":3,\"name\":\"Copa Alemana: el Frankfurt analiza consecuencias de su eliminaci\\u00f3n\",\"previousItem\":{\"@type\":\"ListItem\",\"@id\":\"https:\\\/\\\/candas365.es\\\/noticias\\\/category\\\/deporte\\\/#listItem\",\"name\":\"Deporte\"}}]},{\"@type\":\"NewsArticle\",\"@id\":\"https:\\\/\\\/candas365.es\\\/noticias\\\/copa-alemana-el-frankfurt-analiza-consecuencias-de-su-eliminacion\\\/#newsarticle\",\"name\":\"Copa Alemana: el Frankfurt analiza consecuencias de su eliminaci\\u00f3n | Cand\\u00e1s 365\",\"headline\":\"Copa Alemana: el Frankfurt analiza consecuencias de su eliminaci\\u00f3n\",\"author\":{\"@id\":\"https:\\\/\\\/candas365.es\\\/noticias\\\/author\\\/admin\\\/#author\"},\"publisher\":{\"@id\":\"https:\\\/\\\/candas365.es\\\/noticias\\\/#organization\"},\"image\":{\"@type\":\"ImageObject\",\"url\":\"https:\\\/\\\/candas365.es\\\/noticias\\\/wp-content\\\/uploads\\\/2021\\\/08\\\/Frankfurt.jpg\",\"width\":981,\"height\":667,\"caption\":\"Marcel Costly, del Waldhof Mannheim (izq.), y Lucas Silva Melo, del Eintracht Frankfurt, en acci\\u00f3n en el partido de primera ronda de la Copa Alemana. Foto: Uwe Anspach\\\/dpa\"},\"datePublished\":\"2021-08-09T11:57:40+02:00\",\"dateModified\":\"2021-08-09T11:57:40+02:00\",\"inLanguage\":\"es-ES\",\"mainEntityOfPage\":{\"@id\":\"https:\\\/\\\/candas365.es\\\/noticias\\\/copa-alemana-el-frankfurt-analiza-consecuencias-de-su-eliminacion\\\/#webpage\"},\"isPartOf\":{\"@id\":\"https:\\\/\\\/candas365.es\\\/noticias\\\/copa-alemana-el-frankfurt-analiza-consecuencias-de-su-eliminacion\\\/#webpage\"},\"articleSection\":\"Deporte, deporte, f\\u00fatbol\",\"dateline\":\"Publicado el agosto 9, 2021.\"},{\"@type\":\"Organization\",\"@id\":\"https:\\\/\\\/candas365.es\\\/noticias\\\/#organization\",\"name\":\"Cand\\u00e1s 365\",\"description\":\"Cand\\u00e1s 365 es un diario digital independiente, fundado en 2012, con base en Asturias. Informamos con rigor sobre actualidad, sociedad, cultura y ocio, con una mirada local y global.\",\"url\":\"https:\\\/\\\/candas365.es\\\/noticias\\\/\",\"email\":\"info@candas365.es\",\"telephone\":\"+34652131393\",\"foundingDate\":\"2012-06-10\",\"logo\":{\"@type\":\"ImageObject\",\"url\":\"https:\\\/\\\/candas365.es\\\/noticias\\\/wp-content\\\/uploads\\\/2024\\\/09\\\/Candas-365-Redes.jpg\",\"@id\":\"https:\\\/\\\/candas365.es\\\/noticias\\\/copa-alemana-el-frankfurt-analiza-consecuencias-de-su-eliminacion\\\/#organizationLogo\",\"width\":1152,\"height\":864,\"caption\":\"Cand\\u00e1s 365 Redes\"},\"image\":{\"@id\":\"https:\\\/\\\/candas365.es\\\/noticias\\\/copa-alemana-el-frankfurt-analiza-consecuencias-de-su-eliminacion\\\/#organizationLogo\"},\"sameAs\":[\"https:\\\/\\\/www.facebook.com\\\/Nachofdezber\",\"https:\\\/\\\/x.com\\\/NabercoDigital\",\"https:\\\/\\\/www.instagram.com\\\/nachofdezber\\\/\",\"https:\\\/\\\/www.youtube.com\\\/channel\\\/UCZP-2wLEB9Rv6erhFmqVnvg\"],\"address\":{\"@id\":\"https:\\\/\\\/candas365.es\\\/noticias\\\/#postaladdress\",\"@type\":\"PostalAddress\",\"streetAddress\":\"san antonio 4, san antonio 4\",\"postalCode\":\"33430\",\"addressLocality\":\"Cand\\u00e1s\",\"addressRegion\":\"Asturias\",\"addressCountry\":\"ES\"}},{\"@type\":\"Person\",\"@id\":\"https:\\\/\\\/candas365.es\\\/noticias\\\/author\\\/admin\\\/#author\",\"url\":\"https:\\\/\\\/candas365.es\\\/noticias\\\/author\\\/admin\\\/\",\"name\":\"Cand\\u00e1s 365\",\"image\":{\"@type\":\"ImageObject\",\"@id\":\"https:\\\/\\\/candas365.es\\\/noticias\\\/copa-alemana-el-frankfurt-analiza-consecuencias-de-su-eliminacion\\\/#authorImage\",\"url\":\"https:\\\/\\\/secure.gravatar.com\\\/avatar\\\/496a8e03d0c493ede1718b7934145dbdf8d89be1036b0eec9544e1094c9de390?s=96&d=mm&r=g\",\"width\":96,\"height\":96,\"caption\":\"Cand\\u00e1s 365\"},\"sameAs\":[\"https:\\\/\\\/www.facebook.com\\\/carrenoactualidad\",\"https:\\\/\\\/twitter.com\\\/nbasturias\",\"https:\\\/\\\/www.instagram.com\\\/nachofdezber\\\/\",\"https:\\\/\\\/www.youtube.com\\\/channel\\\/UCZP-2wLEB9Rv6erhFmqVnvg\"]},{\"@type\":\"WebPage\",\"@id\":\"https:\\\/\\\/candas365.es\\\/noticias\\\/copa-alemana-el-frankfurt-analiza-consecuencias-de-su-eliminacion\\\/#webpage\",\"url\":\"https:\\\/\\\/candas365.es\\\/noticias\\\/copa-alemana-el-frankfurt-analiza-consecuencias-de-su-eliminacion\\\/\",\"name\":\"Copa Alemana: el Frankfurt analiza consecuencias de su eliminaci\\u00f3n | Cand\\u00e1s 365\",\"description\":\"El Eintracht Frankfurt anunci\\u00f3 que a partir de hoy analizar\\u00e1 las consecuencias de la derrota en el partido de primera ronda de la Copa Alemana\",\"inLanguage\":\"es-ES\",\"isPartOf\":{\"@id\":\"https:\\\/\\\/candas365.es\\\/noticias\\\/#website\"},\"breadcrumb\":{\"@id\":\"https:\\\/\\\/candas365.es\\\/noticias\\\/copa-alemana-el-frankfurt-analiza-consecuencias-de-su-eliminacion\\\/#breadcrumblist\"},\"author\":{\"@id\":\"https:\\\/\\\/candas365.es\\\/noticias\\\/author\\\/admin\\\/#author\"},\"creator\":{\"@id\":\"https:\\\/\\\/candas365.es\\\/noticias\\\/author\\\/admin\\\/#author\"},\"image\":{\"@type\":\"ImageObject\",\"url\":\"https:\\\/\\\/candas365.es\\\/noticias\\\/wp-content\\\/uploads\\\/2021\\\/08\\\/Frankfurt.jpg\",\"@id\":\"https:\\\/\\\/candas365.es\\\/noticias\\\/copa-alemana-el-frankfurt-analiza-consecuencias-de-su-eliminacion\\\/#mainImage\",\"width\":981,\"height\":667,\"caption\":\"Marcel Costly, del Waldhof Mannheim (izq.), y Lucas Silva Melo, del Eintracht Frankfurt, en acci\\u00f3n en el partido de primera ronda de la Copa Alemana. Foto: Uwe Anspach\\\/dpa\"},\"primaryImageOfPage\":{\"@id\":\"https:\\\/\\\/candas365.es\\\/noticias\\\/copa-alemana-el-frankfurt-analiza-consecuencias-de-su-eliminacion\\\/#mainImage\"},\"datePublished\":\"2021-08-09T11:57:40+02:00\",\"dateModified\":\"2021-08-09T11:57:40+02:00\"},{\"@type\":\"WebSite\",\"@id\":\"https:\\\/\\\/candas365.es\\\/noticias\\\/#website\",\"url\":\"https:\\\/\\\/candas365.es\\\/noticias\\\/\",\"name\":\"Cand\\u00e1s 365\",\"alternateName\":\"Cand\\u00e1s 365 Noticias\",\"description\":\"Actualidad desde Carre\\u00f1o para el mundo\",\"inLanguage\":\"es-ES\",\"publisher\":{\"@id\":\"https:\\\/\\\/candas365.es\\\/noticias\\\/#organization\"}}]}\n\t\t<\/script>\n\t\t<!-- All in One SEO Pro -->\r\n\t\t<title>Copa Alemana: el Frankfurt analiza consecuencias de su eliminaci\u00f3n | Cand\u00e1s 365<\/title>\n\n","aioseo_head_json":{"title":"Copa Alemana: el Frankfurt analiza consecuencias de su eliminaci\u00f3n | Cand\u00e1s 365","description":"El Eintracht Frankfurt anunci\u00f3 que a partir de hoy analizar\u00e1 las consecuencias de la derrota en el partido de primera ronda de la Copa Alemana","canonical_url":"https:\/\/candas365.es\/noticias\/copa-alemana-el-frankfurt-analiza-consecuencias-de-su-eliminacion\/","robots":"max-image-preview:large","keywords":"deporte","webmasterTools":{"google-site-verification":"UA-32230408-1","msvalidate.01":"354F3CDFB2DA171B47FBE9ABF1F88D5","miscellaneous":""},"schema":{"@context":"https:\/\/schema.org","@graph":[{"@type":"BreadcrumbList","@id":"https:\/\/candas365.es\/noticias\/copa-alemana-el-frankfurt-analiza-consecuencias-de-su-eliminacion\/#breadcrumblist","itemListElement":[{"@type":"ListItem","@id":"https:\/\/candas365.es\/noticias#listItem","position":1,"name":"Home","item":"https:\/\/candas365.es\/noticias","nextItem":{"@type":"ListItem","@id":"https:\/\/candas365.es\/noticias\/category\/deporte\/#listItem","name":"Deporte"}},{"@type":"ListItem","@id":"https:\/\/candas365.es\/noticias\/category\/deporte\/#listItem","position":2,"name":"Deporte","item":"https:\/\/candas365.es\/noticias\/category\/deporte\/","nextItem":{"@type":"ListItem","@id":"https:\/\/candas365.es\/noticias\/copa-alemana-el-frankfurt-analiza-consecuencias-de-su-eliminacion\/#listItem","name":"Copa Alemana: el Frankfurt analiza consecuencias de su eliminaci\u00f3n"},"previousItem":{"@type":"ListItem","@id":"https:\/\/candas365.es\/noticias#listItem","name":"Home"}},{"@type":"ListItem","@id":"https:\/\/candas365.es\/noticias\/copa-alemana-el-frankfurt-analiza-consecuencias-de-su-eliminacion\/#listItem","position":3,"name":"Copa Alemana: el Frankfurt analiza consecuencias de su eliminaci\u00f3n","previousItem":{"@type":"ListItem","@id":"https:\/\/candas365.es\/noticias\/category\/deporte\/#listItem","name":"Deporte"}}]},{"@type":"NewsArticle","@id":"https:\/\/candas365.es\/noticias\/copa-alemana-el-frankfurt-analiza-consecuencias-de-su-eliminacion\/#newsarticle","name":"Copa Alemana: el Frankfurt analiza consecuencias de su eliminaci\u00f3n | Cand\u00e1s 365","headline":"Copa Alemana: el Frankfurt analiza consecuencias de su eliminaci\u00f3n","author":{"@id":"https:\/\/candas365.es\/noticias\/author\/admin\/#author"},"publisher":{"@id":"https:\/\/candas365.es\/noticias\/#organization"},"image":{"@type":"ImageObject","url":"https:\/\/candas365.es\/noticias\/wp-content\/uploads\/2021\/08\/Frankfurt.jpg","width":981,"height":667,"caption":"Marcel Costly, del Waldhof Mannheim (izq.), y Lucas Silva Melo, del Eintracht Frankfurt, en acci\u00f3n en el partido de primera ronda de la Copa Alemana. Foto: Uwe Anspach\/dpa"},"datePublished":"2021-08-09T11:57:40+02:00","dateModified":"2021-08-09T11:57:40+02:00","inLanguage":"es-ES","mainEntityOfPage":{"@id":"https:\/\/candas365.es\/noticias\/copa-alemana-el-frankfurt-analiza-consecuencias-de-su-eliminacion\/#webpage"},"isPartOf":{"@id":"https:\/\/candas365.es\/noticias\/copa-alemana-el-frankfurt-analiza-consecuencias-de-su-eliminacion\/#webpage"},"articleSection":"Deporte, deporte, f\u00fatbol","dateline":"Publicado el agosto 9, 2021."},{"@type":"Organization","@id":"https:\/\/candas365.es\/noticias\/#organization","name":"Cand\u00e1s 365","description":"Cand\u00e1s 365 es un diario digital independiente, fundado en 2012, con base en Asturias. Informamos con rigor sobre actualidad, sociedad, cultura y ocio, con una mirada local y global.","url":"https:\/\/candas365.es\/noticias\/","email":"info@candas365.es","telephone":"+34652131393","foundingDate":"2012-06-10","logo":{"@type":"ImageObject","url":"https:\/\/candas365.es\/noticias\/wp-content\/uploads\/2024\/09\/Candas-365-Redes.jpg","@id":"https:\/\/candas365.es\/noticias\/copa-alemana-el-frankfurt-analiza-consecuencias-de-su-eliminacion\/#organizationLogo","width":1152,"height":864,"caption":"Cand\u00e1s 365 Redes"},"image":{"@id":"https:\/\/candas365.es\/noticias\/copa-alemana-el-frankfurt-analiza-consecuencias-de-su-eliminacion\/#organizationLogo"},"sameAs":["https:\/\/www.facebook.com\/Nachofdezber","https:\/\/x.com\/NabercoDigital","https:\/\/www.instagram.com\/nachofdezber\/","https:\/\/www.youtube.com\/channel\/UCZP-2wLEB9Rv6erhFmqVnvg"],"address":{"@id":"https:\/\/candas365.es\/noticias\/#postaladdress","@type":"PostalAddress","streetAddress":"san antonio 4, san antonio 4","postalCode":"33430","addressLocality":"Cand\u00e1s","addressRegion":"Asturias","addressCountry":"ES"}},{"@type":"Person","@id":"https:\/\/candas365.es\/noticias\/author\/admin\/#author","url":"https:\/\/candas365.es\/noticias\/author\/admin\/","name":"Cand\u00e1s 365","image":{"@type":"ImageObject","@id":"https:\/\/candas365.es\/noticias\/copa-alemana-el-frankfurt-analiza-consecuencias-de-su-eliminacion\/#authorImage","url":"https:\/\/secure.gravatar.com\/avatar\/496a8e03d0c493ede1718b7934145dbdf8d89be1036b0eec9544e1094c9de390?s=96&d=mm&r=g","width":96,"height":96,"caption":"Cand\u00e1s 365"},"sameAs":["https:\/\/www.facebook.com\/carrenoactualidad","https:\/\/twitter.com\/nbasturias","https:\/\/www.instagram.com\/nachofdezber\/","https:\/\/www.youtube.com\/channel\/UCZP-2wLEB9Rv6erhFmqVnvg"]},{"@type":"WebPage","@id":"https:\/\/candas365.es\/noticias\/copa-alemana-el-frankfurt-analiza-consecuencias-de-su-eliminacion\/#webpage","url":"https:\/\/candas365.es\/noticias\/copa-alemana-el-frankfurt-analiza-consecuencias-de-su-eliminacion\/","name":"Copa Alemana: el Frankfurt analiza consecuencias de su eliminaci\u00f3n | Cand\u00e1s 365","description":"El Eintracht Frankfurt anunci\u00f3 que a partir de hoy analizar\u00e1 las consecuencias de la derrota en el partido de primera ronda de la Copa Alemana","inLanguage":"es-ES","isPartOf":{"@id":"https:\/\/candas365.es\/noticias\/#website"},"breadcrumb":{"@id":"https:\/\/candas365.es\/noticias\/copa-alemana-el-frankfurt-analiza-consecuencias-de-su-eliminacion\/#breadcrumblist"},"author":{"@id":"https:\/\/candas365.es\/noticias\/author\/admin\/#author"},"creator":{"@id":"https:\/\/candas365.es\/noticias\/author\/admin\/#author"},"image":{"@type":"ImageObject","url":"https:\/\/candas365.es\/noticias\/wp-content\/uploads\/2021\/08\/Frankfurt.jpg","@id":"https:\/\/candas365.es\/noticias\/copa-alemana-el-frankfurt-analiza-consecuencias-de-su-eliminacion\/#mainImage","width":981,"height":667,"caption":"Marcel Costly, del Waldhof Mannheim (izq.), y Lucas Silva Melo, del Eintracht Frankfurt, en acci\u00f3n en el partido de primera ronda de la Copa Alemana. Foto: Uwe Anspach\/dpa"},"primaryImageOfPage":{"@id":"https:\/\/candas365.es\/noticias\/copa-alemana-el-frankfurt-analiza-consecuencias-de-su-eliminacion\/#mainImage"},"datePublished":"2021-08-09T11:57:40+02:00","dateModified":"2021-08-09T11:57:40+02:00"},{"@type":"WebSite","@id":"https:\/\/candas365.es\/noticias\/#website","url":"https:\/\/candas365.es\/noticias\/","name":"Cand\u00e1s 365","alternateName":"Cand\u00e1s 365 Noticias","description":"Actualidad desde Carre\u00f1o para el mundo","inLanguage":"es-ES","publisher":{"@id":"https:\/\/candas365.es\/noticias\/#organization"}}]},"og:locale":"es_ES","og:site_name":"Cand\u00e1s 365","og:type":"article","og:title":"Copa Alemana: el Frankfurt analiza consecuencias de su eliminaci\u00f3n | Cand\u00e1s 365","og:description":"El Eintracht Frankfurt anunci\u00f3 que a partir de hoy analizar\u00e1 las consecuencias de la derrota en el partido de primera ronda de la Copa Alemana","og:url":"https:\/\/candas365.es\/noticias\/copa-alemana-el-frankfurt-analiza-consecuencias-de-su-eliminacion\/","og:image":"https:\/\/candas365.es\/noticias\/wp-content\/uploads\/2021\/08\/Frankfurt.jpg","og:image:secure_url":"https:\/\/candas365.es\/noticias\/wp-content\/uploads\/2021\/08\/Frankfurt.jpg","og:image:width":981,"og:image:height":667,"article:published_time":"2021-08-09T11:57:40+00:00","article:modified_time":"2021-08-09T11:57:40+00:00","article:publisher":"https:\/\/www.facebook.com\/Nachofdezber","article:author":"https:\/\/www.facebook.com\/carrenoactualidad","twitter:card":"summary_large_image","twitter:site":"@NabercoDigital","twitter:title":"Copa Alemana: el Frankfurt analiza consecuencias de su eliminaci\u00f3n | Cand\u00e1s 365","twitter:description":"El Eintracht Frankfurt anunci\u00f3 que a partir de hoy analizar\u00e1 las consecuencias de la derrota en el partido de primera ronda de la Copa Alemana","twitter:creator":"@nbasturias","twitter:image":"https:\/\/candas365.es\/noticias\/wp-content\/uploads\/2021\/08\/Frankfurt.jpg","twitter:label1":"Escrito por","twitter:data1":"Cand\u00e1s 365","twitter:label2":"Tiempo de lectura estimado","twitter:data2":"3 minutos"},"aioseo_meta_data":{"post_id":"157336","title":null,"description":"El Eintracht Frankfurt anunci\u00f3 que a partir de hoy analizar\u00e1 las consecuencias de la derrota en el partido de primera ronda de la Copa Alemana","keywords":[],"keyphrases":{"focus":{"keyphrase":"Frankfurt","score":100,"analysis":{"keyphraseInTitle":{"title":"Frase clave objetivo en el t\u00edtulo SEO","description":"Frase clave objetivo encontrada en el t\u00edtulo SEO.","score":9,"maxScore":9,"error":0},"keyphraseInDescription":{"title":"Frase clave objetivo en la meta descripci\u00f3n","description":"Frase clave objetivo encontrada en la meta descripci\u00f3n.","score":9,"maxScore":9,"error":0},"keyphraseInURL":[],"keyphraseLength":{"title":"Longitud de la Frase clave objetivo","description":"\u00a1Buen trabajo!","score":9,"maxScore":9,"error":0,"length":1},"keyphraseInIntroduction":{"title":"Frase clave objetivo en la introducci\u00f3n","description":"Su Frase clave objetivo aparece en el primer p\u00e1rrafo. \u00a1Bien hecho!","score":9,"maxScore":9,"error":0},"keyphraseInSubHeadings":[],"keyphraseInImageAlt":{"title":"Frase clave objetivo en los atributos alt de la imagen.","description":"Frase clave objetivo encontrada en los atributos alt de la(s) imagen(es).","score":9,"maxScore":9,"error":0}}},"additional":[{"keyphrase":"Copa Alemana","score":83,"analysis":{"keyphraseInDescription":{"title":"Frase clave en la meta descripci\u00f3n","description":"Frase clave encontrada en la meta descripci\u00f3n.","score":9,"maxScore":9,"error":0},"keyphraseLength":{"title":"Longitud de la Frase clave","description":"\u00a1Buen trabajo!","score":9,"maxScore":9,"error":0,"length":2},"keyphraseInIntroduction":{"title":"Frase clave en la introducci\u00f3n","description":"Su Frase clave aparece en el primer p\u00e1rrafo. \u00a1Bien hecho!","score":9,"maxScore":9,"error":0},"keyphraseInImageAlt":{"title":"Frase clave en los atributos alt de la imagen.","description":"Frase clave no se encuentra en los atributos alt de la imagen. A\u00f1ada una imagen con su Frase clave como texto alternativo.","score":3,"maxScore":9,"error":1}}}]},"primary_term":null,"canonical_url":null,"og_title":null,"og_description":null,"og_object_type":"default","og_image_type":"default","og_image_url":null,"og_image_width":null,"og_image_height":null,"og_image_custom_url":null,"og_image_custom_fields":null,"og_video":"","og_custom_url":null,"og_article_section":null,"og_article_tags":[],"twitter_use_og":false,"twitter_card":"default","twitter_image_type":"default","twitter_image_url":null,"twitter_image_custom_url":null,"twitter_image_custom_fields":null,"twitter_title":null,"twitter_description":null,"schema":{"blockGraphs":[],"customGraphs":[],"default":{"data":{"Article":[],"Course":[],"Dataset":[],"FAQPage":[],"Movie":[],"Person":[],"Product":[],"ProductReview":[],"Car":[],"Recipe":[],"Service":[],"SoftwareApplication":[],"WebPage":[]},"graphName":"","isEnabled":true},"graphs":[]},"schema_type":"default","schema_type_options":"{\"article\":{\"articleType\":\"BlogPosting\"},\"course\":{\"name\":\"\",\"description\":\"\",\"provider\":\"\"},\"faq\":{\"pages\":[]},\"product\":{\"reviews\":[]},\"recipe\":{\"ingredients\":[],\"instructions\":[],\"keywords\":[]},\"software\":{\"reviews\":[],\"operatingSystems\":[]},\"webPage\":{\"webPageType\":\"WebPage\"}}","pillar_content":false,"robots_default":true,"robots_noindex":false,"robots_noarchive":false,"robots_nosnippet":false,"robots_nofollow":false,"robots_noimageindex":false,"robots_noodp":false,"robots_notranslate":false,"robots_max_snippet":"-1","robots_max_videopreview":"-1","robots_max_imagepreview":"large","priority":null,"frequency":"default","location":null,"local_seo":{"locations":{"business":{"name":"","businessType":"","image":"","areaServed":"","urls":{"website":"","aboutPage":"","contactPage":""},"address":{"streetLine1":"","streetLine2":"","zipCode":"","city":"","state":"","country":"","addressFormat":"#streetLineOne\n#streetLineTwo\n#city, #state #zipCode"},"contact":{"email":"","phone":"","phoneFormatted":"","fax":"","faxFormatted":""},"ids":{"vat":"","tax":"","chamberOfCommerce":""},"payment":{"priceRange":"","currenciesAccepted":"","methods":""}}},"openingHours":{"useDefaults":true,"show":true,"alwaysOpen":false,"use24hFormat":false,"timezone":"","labels":{"closed":"","alwaysOpen":""},"days":{"monday":{"open24h":false,"closed":false,"openTime":"09:00","closeTime":"17:00"},"tuesday":{"open24h":false,"closed":false,"openTime":"09:00","closeTime":"17:00"},"wednesday":{"open24h":false,"closed":false,"openTime":"09:00","closeTime":"17:00"},"thursday":{"open24h":false,"closed":false,"openTime":"09:00","closeTime":"17:00"},"friday":{"open24h":false,"closed":false,"openTime":"09:00","closeTime":"17:00"},"saturday":{"open24h":false,"closed":false,"openTime":"09:00","closeTime":"17:00"},"sunday":{"open24h":false,"closed":false,"openTime":"09:00","closeTime":"17:00"}}}},"seo_analyzer_scan_date":"2025-09-01 00:42:08","breadcrumb_settings":null,"limit_modified_date":false,"reviewed_by":null,"open_ai":null,"ai":null,"created":"2021-08-09 11:51:26","updated":"2025-09-01 00:42:08"},"aioseo_breadcrumb":"<div class=\"aioseo-breadcrumbs\"><span class=\"aioseo-breadcrumb\">\n\t<a href=\"https:\/\/candas365.es\/noticias\" title=\"Home\">Home<\/a>\n<\/span><span class=\"aioseo-breadcrumb-separator\">&ndash;<\/span><span class=\"aioseo-breadcrumb\">\n\t<a href=\"https:\/\/candas365.es\/noticias\/category\/deporte\/\" title=\"Deporte\">Deporte<\/a>\n<\/span><span class=\"aioseo-breadcrumb-separator\">&ndash;<\/span><span class=\"aioseo-breadcrumb\">\n\tCopa Alemana: el Frankfurt analiza consecuencias de su eliminaci\u00f3n\n<\/span><\/div>","aioseo_breadcrumb_json":[{"label":"Home","link":"https:\/\/candas365.es\/noticias"},{"label":"Deporte","link":"https:\/\/candas365.es\/noticias\/category\/deporte\/"},{"label":"Copa Alemana: el Frankfurt analiza consecuencias de su eliminaci\u00f3n","link":"https:\/\/candas365.es\/noticias\/copa-alemana-el-frankfurt-analiza-consecuencias-de-su-eliminacion\/"}],"_links":{"self":[{"href":"https:\/\/candas365.es\/noticias\/wp-json\/wp\/v2\/posts\/157336","targetHints":{"allow":["GET"]}}],"collection":[{"href":"https:\/\/candas365.es\/noticias\/wp-json\/wp\/v2\/posts"}],"about":[{"href":"https:\/\/candas365.es\/noticias\/wp-json\/wp\/v2\/types\/post"}],"author":[{"embeddable":true,"href":"https:\/\/candas365.es\/noticias\/wp-json\/wp\/v2\/users\/1"}],"replies":[{"embeddable":true,"href":"https:\/\/candas365.es\/noticias\/wp-json\/wp\/v2\/comments?post=157336"}],"version-history":[{"count":0,"href":"https:\/\/candas365.es\/noticias\/wp-json\/wp\/v2\/posts\/157336\/revisions"}],"wp:featuredmedia":[{"embeddable":true,"href":"https:\/\/candas365.es\/noticias\/wp-json\/wp\/v2\/media\/157337"}],"wp:attachment":[{"href":"https:\/\/candas365.es\/noticias\/wp-json\/wp\/v2\/media?parent=157336"}],"wp:term":[{"taxonomy":"category","embeddable":true,"href":"https:\/\/candas365.es\/noticias\/wp-json\/wp\/v2\/categories?post=157336"},{"taxonomy":"post_tag","embeddable":true,"href":"https:\/\/candas365.es\/noticias\/wp-json\/wp\/v2\/tags?post=157336"}],"curies":[{"name":"wp","href":"https:\/\/api.w.org\/{rel}","templated":true}]}}