{"id":157311,"date":"2021-08-08T12:09:12","date_gmt":"2021-08-08T12:09:12","guid":{"rendered":"http:\/\/candas365.es\/noticias\/?p=157311"},"modified":"2021-08-08T12:09:12","modified_gmt":"2021-08-08T12:09:12","slug":"cdu-de-merkel-sigue-bajando-en-las-encuestas","status":"publish","type":"post","link":"https:\/\/candas365.es\/noticias\/cdu-de-merkel-sigue-bajando-en-las-encuestas\/","title":{"rendered":"CDU de Merkel sigue bajando en las encuestas"},"content":{"rendered":"<p><img fetchpriority=\"high\" decoding=\"async\" class=\"alignleft size-medium wp-image-85069\" src=\"https:\/\/candas365.es\/noticias\/wp-content\/uploads\/2017\/11\/bundestag-2463231_960_720-360x240.jpg\" alt=\"\" width=\"360\" height=\"240\" srcset=\"https:\/\/candas365.es\/noticias\/wp-content\/uploads\/2017\/11\/bundestag-2463231_960_720-360x240.jpg 360w, https:\/\/candas365.es\/noticias\/wp-content\/uploads\/2017\/11\/bundestag-2463231_960_720-768x512.jpg 768w, https:\/\/candas365.es\/noticias\/wp-content\/uploads\/2017\/11\/bundestag-2463231_960_720-655x437.jpg 655w, https:\/\/candas365.es\/noticias\/wp-content\/uploads\/2017\/11\/bundestag-2463231_960_720-696x464.jpg 696w, https:\/\/candas365.es\/noticias\/wp-content\/uploads\/2017\/11\/bundestag-2463231_960_720-630x420.jpg 630w, https:\/\/candas365.es\/noticias\/wp-content\/uploads\/2017\/11\/bundestag-2463231_960_720-84x55.jpg 84w, https:\/\/candas365.es\/noticias\/wp-content\/uploads\/2017\/11\/bundestag-2463231_960_720.jpg 960w\" sizes=\"(max-width: 360px) 100vw, 360px\" \/>Berl\u00edn, 8 ago (dpa) &#8211; Las encuestas contin\u00faan dando malas noticias a la alianza entre las conservadoras Uni\u00f3n Dem\u00f3crata y Social Cristiana (CDU\/CSU) en Alemania, a la cabeza en intenci\u00f3n de voto para las elecciones de septiembre, pero perdiendo apoyo.<\/p>\n<p>Seg\u00fan un sondeo del instituto Insa, el partido de la canciller Angela Merkel y su aliado b\u00e1varo suman un 26 por ciento de intenci\u00f3n de voto, un punto porcentual menos que hace una una semana, seg\u00fan los resultados publicados hoy por el diario \u00abBild am Sonntag\u00bb.<\/p>\n<p>A su vez, los socialdem\u00f3cratas del SPD suben un punto hasta el 18 por ciento y empatan con los Verdes, que mantienen el nivel de la semana anterior.<\/p>\n<p>El Partido Liberal (FDP) baja un punto, hasta el 12 por ciento, la ultraderechista Alternativa para Alemania (AfD) se mantiene en el 11 por ciento y el partido La Izquierda gana un punto hasta el 7 por ciento. Las elecciones se celebran el 26 de septiembre.<\/p>\n<p>Entre los candidatos a canciller, el del SPD, Olaf Scholz, est\u00e1 ahora muy por delante en popularidad. Si fuese posible elegirlo de manera directa, el 27 por ciento votar\u00eda al atual ministro de Finanzas como canciller en unas elecciones (+5 frente a la encuesta anterior).<\/p>\n<p>El l\u00edder de la CDU, Armin Laschet, ser\u00eda elegido por un 14 por ciento (+1). Annalena Baerbock, la candidata de los Verdes, obtendr\u00eda el 13 por ciento, como en la semana anterior. Sin embargo, el 36 por ciento dijo que no votar\u00eda a ninguno de los tres en una elecci\u00f3n directa.<\/p>\n<p>En Alemania el canciller no es elegido por los ciudadanos, sino que se trata de un sistema parlamentario en el que se vota a los partidos y el jefe de Gobierno surge de la mayor\u00eda que se pueda formar en el Bundestag (Parlamento).<\/p>\n<p>Para el sondeo, el instituto de estudios de opini\u00f3n Insa encuest\u00f3 a 2.002 personas del 2 al 8 de agosto. El margen de error se estima en +\/-2,5 puntos porcentuales.<\/p>\n","protected":false},"excerpt":{"rendered":"<p>Berl\u00edn, 8 ago (dpa) &#8211; Las encuestas contin\u00faan dando malas noticias a la alianza entre las conservadoras Uni\u00f3n Dem\u00f3crata y Social Cristiana (CDU\/CSU) en Alemania, a la cabeza en intenci\u00f3n de voto para las elecciones de septiembre, pero perdiendo apoyo. Seg\u00fan un sondeo del instituto Insa, el partido de la canciller Angela Merkel y su<\/p>\n","protected":false},"author":1,"featured_media":85069,"comment_status":"closed","ping_status":"closed","sticky":false,"template":"","format":"standard","meta":{"footnotes":""},"categories":[343],"tags":[364,413,415],"class_list":{"0":"post-157311","1":"post","2":"type-post","3":"status-publish","4":"format-standard","5":"has-post-thumbnail","7":"category-actualidad","8":"tag-destacadas","9":"tag-elecciones","10":"tag-encuestas"},"aioseo_notices":[],"aioseo_head":"\n\t\t<!-- All in One SEO Pro 4.9.6.2 - aioseo.com -->\n\t<meta name=\"description\" content=\"Berl\u00edn, 8 ago (dpa) - Las encuestas contin\u00faan dando malas noticias a la alianza entre las conservadoras Uni\u00f3n Dem\u00f3crata y Social Cristiana (CDU\/CSU) en Alemania, a la cabeza en intenci\u00f3n de voto para las elecciones de septiembre, pero perdiendo apoyo. Seg\u00fan un sondeo del instituto Insa, el partido de la canciller Angela Merkel y su\" \/>\n\t<meta name=\"robots\" content=\"max-image-preview:large\" \/>\n\t<meta name=\"author\" content=\"Cand\u00e1s 365\"\/>\n\t<meta name=\"google-site-verification\" content=\"UA-32230408-1\" \/>\n\t<meta name=\"msvalidate.01\" content=\"354F3CDFB2DA171B47FBE9ABF1F88D5\" \/>\n\t<meta name=\"keywords\" content=\"actualidad\" \/>\n\t<link rel=\"canonical\" href=\"https:\/\/candas365.es\/noticias\/cdu-de-merkel-sigue-bajando-en-las-encuestas\/\" \/>\n\t<meta name=\"generator\" content=\"All in One SEO Pro (AIOSEO) 4.9.6.2\" \/>\n\t\t<meta property=\"og:locale\" content=\"es_ES\" \/>\n\t\t<meta property=\"og:site_name\" content=\"Cand\u00e1s 365\" \/>\n\t\t<meta property=\"og:type\" content=\"article\" \/>\n\t\t<meta property=\"og:title\" content=\"CDU de Merkel sigue bajando en las encuestas | Cand\u00e1s 365\" \/>\n\t\t<meta property=\"og:description\" content=\"Berl\u00edn, 8 ago (dpa) - Las encuestas contin\u00faan dando malas noticias a la alianza entre las conservadoras Uni\u00f3n Dem\u00f3crata y Social Cristiana (CDU\/CSU) en Alemania, a la cabeza en intenci\u00f3n de voto para las elecciones de septiembre, pero perdiendo apoyo. Seg\u00fan un sondeo del instituto Insa, el partido de la canciller Angela Merkel y su\" \/>\n\t\t<meta property=\"og:url\" content=\"https:\/\/candas365.es\/noticias\/cdu-de-merkel-sigue-bajando-en-las-encuestas\/\" \/>\n\t\t<meta property=\"og:image\" content=\"https:\/\/candas365.es\/noticias\/wp-content\/uploads\/2017\/11\/bundestag-2463231_960_720.jpg\" \/>\n\t\t<meta property=\"og:image:secure_url\" content=\"https:\/\/candas365.es\/noticias\/wp-content\/uploads\/2017\/11\/bundestag-2463231_960_720.jpg\" \/>\n\t\t<meta property=\"og:image:width\" content=\"960\" \/>\n\t\t<meta property=\"og:image:height\" content=\"640\" \/>\n\t\t<meta property=\"article:published_time\" content=\"2021-08-08T12:09:12+00:00\" \/>\n\t\t<meta property=\"article:modified_time\" content=\"2021-08-08T12:09:12+00:00\" \/>\n\t\t<meta property=\"article:publisher\" content=\"https:\/\/www.facebook.com\/Nachofdezber\" \/>\n\t\t<meta property=\"article:author\" content=\"https:\/\/www.facebook.com\/carrenoactualidad\" \/>\n\t\t<meta name=\"twitter:card\" content=\"summary_large_image\" \/>\n\t\t<meta name=\"twitter:site\" content=\"@NabercoDigital\" \/>\n\t\t<meta name=\"twitter:title\" content=\"CDU de Merkel sigue bajando en las encuestas | Cand\u00e1s 365\" \/>\n\t\t<meta name=\"twitter:description\" content=\"Berl\u00edn, 8 ago (dpa) - Las encuestas contin\u00faan dando malas noticias a la alianza entre las conservadoras Uni\u00f3n Dem\u00f3crata y Social Cristiana (CDU\/CSU) en Alemania, a la cabeza en intenci\u00f3n de voto para las elecciones de septiembre, pero perdiendo apoyo. Seg\u00fan un sondeo del instituto Insa, el partido de la canciller Angela Merkel y su\" \/>\n\t\t<meta name=\"twitter:creator\" content=\"@nbasturias\" \/>\n\t\t<meta name=\"twitter:image\" content=\"https:\/\/candas365.es\/noticias\/wp-content\/uploads\/2017\/11\/bundestag-2463231_960_720.jpg\" \/>\n\t\t<meta name=\"twitter:label1\" content=\"Escrito por\" \/>\n\t\t<meta name=\"twitter:data1\" content=\"Cand\u00e1s 365\" \/>\n\t\t<meta name=\"twitter:label2\" content=\"Tiempo de lectura estimado\" \/>\n\t\t<meta name=\"twitter:data2\" content=\"2 minutos\" \/>\n\t\t<script type=\"application\/ld+json\" class=\"aioseo-schema\">\n\t\t\t{\"@context\":\"https:\\\/\\\/schema.org\",\"@graph\":[{\"@type\":\"BreadcrumbList\",\"@id\":\"https:\\\/\\\/candas365.es\\\/noticias\\\/cdu-de-merkel-sigue-bajando-en-las-encuestas\\\/#breadcrumblist\",\"itemListElement\":[{\"@type\":\"ListItem\",\"@id\":\"https:\\\/\\\/candas365.es\\\/noticias#listItem\",\"position\":1,\"name\":\"Home\",\"item\":\"https:\\\/\\\/candas365.es\\\/noticias\",\"nextItem\":{\"@type\":\"ListItem\",\"@id\":\"https:\\\/\\\/candas365.es\\\/noticias\\\/category\\\/actualidad\\\/#listItem\",\"name\":\"Actualidad\"}},{\"@type\":\"ListItem\",\"@id\":\"https:\\\/\\\/candas365.es\\\/noticias\\\/category\\\/actualidad\\\/#listItem\",\"position\":2,\"name\":\"Actualidad\",\"item\":\"https:\\\/\\\/candas365.es\\\/noticias\\\/category\\\/actualidad\\\/\",\"nextItem\":{\"@type\":\"ListItem\",\"@id\":\"https:\\\/\\\/candas365.es\\\/noticias\\\/cdu-de-merkel-sigue-bajando-en-las-encuestas\\\/#listItem\",\"name\":\"CDU de Merkel sigue bajando en las encuestas\"},\"previousItem\":{\"@type\":\"ListItem\",\"@id\":\"https:\\\/\\\/candas365.es\\\/noticias#listItem\",\"name\":\"Home\"}},{\"@type\":\"ListItem\",\"@id\":\"https:\\\/\\\/candas365.es\\\/noticias\\\/cdu-de-merkel-sigue-bajando-en-las-encuestas\\\/#listItem\",\"position\":3,\"name\":\"CDU de Merkel sigue bajando en las encuestas\",\"previousItem\":{\"@type\":\"ListItem\",\"@id\":\"https:\\\/\\\/candas365.es\\\/noticias\\\/category\\\/actualidad\\\/#listItem\",\"name\":\"Actualidad\"}}]},{\"@type\":\"NewsArticle\",\"@id\":\"https:\\\/\\\/candas365.es\\\/noticias\\\/cdu-de-merkel-sigue-bajando-en-las-encuestas\\\/#newsarticle\",\"name\":\"CDU de Merkel sigue bajando en las encuestas | Cand\\u00e1s 365\",\"headline\":\"CDU de Merkel sigue bajando en las encuestas\",\"author\":{\"@id\":\"https:\\\/\\\/candas365.es\\\/noticias\\\/author\\\/admin\\\/#author\"},\"publisher\":{\"@id\":\"https:\\\/\\\/candas365.es\\\/noticias\\\/#organization\"},\"image\":{\"@type\":\"ImageObject\",\"url\":\"https:\\\/\\\/candas365.es\\\/noticias\\\/wp-content\\\/uploads\\\/2017\\\/11\\\/bundestag-2463231_960_720.jpg\",\"width\":960,\"height\":640,\"caption\":\"bundestag\"},\"datePublished\":\"2021-08-08T12:09:12+02:00\",\"dateModified\":\"2021-08-08T12:09:12+02:00\",\"inLanguage\":\"es-ES\",\"mainEntityOfPage\":{\"@id\":\"https:\\\/\\\/candas365.es\\\/noticias\\\/cdu-de-merkel-sigue-bajando-en-las-encuestas\\\/#webpage\"},\"isPartOf\":{\"@id\":\"https:\\\/\\\/candas365.es\\\/noticias\\\/cdu-de-merkel-sigue-bajando-en-las-encuestas\\\/#webpage\"},\"articleSection\":\"Actualidad, Destacadas, Elecciones, Encuestas\",\"dateline\":\"Publicado el agosto 8, 2021.\"},{\"@type\":\"Organization\",\"@id\":\"https:\\\/\\\/candas365.es\\\/noticias\\\/#organization\",\"name\":\"Cand\\u00e1s 365\",\"description\":\"Cand\\u00e1s 365 es un diario digital independiente, fundado en 2012, con base en Asturias. Informamos con rigor sobre actualidad, sociedad, cultura y ocio, con una mirada local y global.\",\"url\":\"https:\\\/\\\/candas365.es\\\/noticias\\\/\",\"email\":\"info@candas365.es\",\"telephone\":\"+34652131393\",\"foundingDate\":\"2012-06-10\",\"logo\":{\"@type\":\"ImageObject\",\"url\":\"https:\\\/\\\/candas365.es\\\/noticias\\\/wp-content\\\/uploads\\\/2024\\\/09\\\/Candas-365-Redes.jpg\",\"@id\":\"https:\\\/\\\/candas365.es\\\/noticias\\\/cdu-de-merkel-sigue-bajando-en-las-encuestas\\\/#organizationLogo\",\"width\":1152,\"height\":864,\"caption\":\"Cand\\u00e1s 365 Redes\"},\"image\":{\"@id\":\"https:\\\/\\\/candas365.es\\\/noticias\\\/cdu-de-merkel-sigue-bajando-en-las-encuestas\\\/#organizationLogo\"},\"sameAs\":[\"https:\\\/\\\/www.facebook.com\\\/Nachofdezber\",\"https:\\\/\\\/x.com\\\/NabercoDigital\",\"https:\\\/\\\/www.instagram.com\\\/nachofdezber\\\/\",\"https:\\\/\\\/www.youtube.com\\\/channel\\\/UCZP-2wLEB9Rv6erhFmqVnvg\"],\"address\":{\"@id\":\"https:\\\/\\\/candas365.es\\\/noticias\\\/#postaladdress\",\"@type\":\"PostalAddress\",\"streetAddress\":\"san antonio 4, san antonio 4\",\"postalCode\":\"33430\",\"addressLocality\":\"Cand\\u00e1s\",\"addressRegion\":\"Asturias\",\"addressCountry\":\"ES\"}},{\"@type\":\"Person\",\"@id\":\"https:\\\/\\\/candas365.es\\\/noticias\\\/author\\\/admin\\\/#author\",\"url\":\"https:\\\/\\\/candas365.es\\\/noticias\\\/author\\\/admin\\\/\",\"name\":\"Cand\\u00e1s 365\",\"image\":{\"@type\":\"ImageObject\",\"@id\":\"https:\\\/\\\/candas365.es\\\/noticias\\\/cdu-de-merkel-sigue-bajando-en-las-encuestas\\\/#authorImage\",\"url\":\"https:\\\/\\\/secure.gravatar.com\\\/avatar\\\/496a8e03d0c493ede1718b7934145dbdf8d89be1036b0eec9544e1094c9de390?s=96&d=mm&r=g\",\"width\":96,\"height\":96,\"caption\":\"Cand\\u00e1s 365\"},\"sameAs\":[\"https:\\\/\\\/www.facebook.com\\\/carrenoactualidad\",\"https:\\\/\\\/twitter.com\\\/nbasturias\",\"https:\\\/\\\/www.instagram.com\\\/nachofdezber\\\/\",\"https:\\\/\\\/www.youtube.com\\\/channel\\\/UCZP-2wLEB9Rv6erhFmqVnvg\"]},{\"@type\":\"WebPage\",\"@id\":\"https:\\\/\\\/candas365.es\\\/noticias\\\/cdu-de-merkel-sigue-bajando-en-las-encuestas\\\/#webpage\",\"url\":\"https:\\\/\\\/candas365.es\\\/noticias\\\/cdu-de-merkel-sigue-bajando-en-las-encuestas\\\/\",\"name\":\"CDU de Merkel sigue bajando en las encuestas | Cand\\u00e1s 365\",\"description\":\"Berl\\u00edn, 8 ago (dpa) - Las encuestas contin\\u00faan dando malas noticias a la alianza entre las conservadoras Uni\\u00f3n Dem\\u00f3crata y Social Cristiana (CDU\\\/CSU) en Alemania, a la cabeza en intenci\\u00f3n de voto para las elecciones de septiembre, pero perdiendo apoyo. Seg\\u00fan un sondeo del instituto Insa, el partido de la canciller Angela Merkel y su\",\"inLanguage\":\"es-ES\",\"isPartOf\":{\"@id\":\"https:\\\/\\\/candas365.es\\\/noticias\\\/#website\"},\"breadcrumb\":{\"@id\":\"https:\\\/\\\/candas365.es\\\/noticias\\\/cdu-de-merkel-sigue-bajando-en-las-encuestas\\\/#breadcrumblist\"},\"author\":{\"@id\":\"https:\\\/\\\/candas365.es\\\/noticias\\\/author\\\/admin\\\/#author\"},\"creator\":{\"@id\":\"https:\\\/\\\/candas365.es\\\/noticias\\\/author\\\/admin\\\/#author\"},\"image\":{\"@type\":\"ImageObject\",\"url\":\"https:\\\/\\\/candas365.es\\\/noticias\\\/wp-content\\\/uploads\\\/2017\\\/11\\\/bundestag-2463231_960_720.jpg\",\"@id\":\"https:\\\/\\\/candas365.es\\\/noticias\\\/cdu-de-merkel-sigue-bajando-en-las-encuestas\\\/#mainImage\",\"width\":960,\"height\":640,\"caption\":\"bundestag\"},\"primaryImageOfPage\":{\"@id\":\"https:\\\/\\\/candas365.es\\\/noticias\\\/cdu-de-merkel-sigue-bajando-en-las-encuestas\\\/#mainImage\"},\"datePublished\":\"2021-08-08T12:09:12+02:00\",\"dateModified\":\"2021-08-08T12:09:12+02:00\"},{\"@type\":\"WebSite\",\"@id\":\"https:\\\/\\\/candas365.es\\\/noticias\\\/#website\",\"url\":\"https:\\\/\\\/candas365.es\\\/noticias\\\/\",\"name\":\"Cand\\u00e1s 365\",\"alternateName\":\"Cand\\u00e1s 365 Noticias\",\"description\":\"Actualidad desde Carre\\u00f1o para el mundo\",\"inLanguage\":\"es-ES\",\"publisher\":{\"@id\":\"https:\\\/\\\/candas365.es\\\/noticias\\\/#organization\"}}]}\n\t\t<\/script>\n\t\t<!-- All in One SEO Pro -->\r\n\t\t<title>CDU de Merkel sigue bajando en las encuestas | Cand\u00e1s 365<\/title>\n\n","aioseo_head_json":{"title":"CDU de Merkel sigue bajando en las encuestas | Cand\u00e1s 365","description":"Berl\u00edn, 8 ago (dpa) - Las encuestas contin\u00faan dando malas noticias a la alianza entre las conservadoras Uni\u00f3n Dem\u00f3crata y Social Cristiana (CDU\/CSU) en Alemania, a la cabeza en intenci\u00f3n de voto para las elecciones de septiembre, pero perdiendo apoyo. Seg\u00fan un sondeo del instituto Insa, el partido de la canciller Angela Merkel y su","canonical_url":"https:\/\/candas365.es\/noticias\/cdu-de-merkel-sigue-bajando-en-las-encuestas\/","robots":"max-image-preview:large","keywords":"actualidad","webmasterTools":{"google-site-verification":"UA-32230408-1","msvalidate.01":"354F3CDFB2DA171B47FBE9ABF1F88D5","miscellaneous":""},"schema":{"@context":"https:\/\/schema.org","@graph":[{"@type":"BreadcrumbList","@id":"https:\/\/candas365.es\/noticias\/cdu-de-merkel-sigue-bajando-en-las-encuestas\/#breadcrumblist","itemListElement":[{"@type":"ListItem","@id":"https:\/\/candas365.es\/noticias#listItem","position":1,"name":"Home","item":"https:\/\/candas365.es\/noticias","nextItem":{"@type":"ListItem","@id":"https:\/\/candas365.es\/noticias\/category\/actualidad\/#listItem","name":"Actualidad"}},{"@type":"ListItem","@id":"https:\/\/candas365.es\/noticias\/category\/actualidad\/#listItem","position":2,"name":"Actualidad","item":"https:\/\/candas365.es\/noticias\/category\/actualidad\/","nextItem":{"@type":"ListItem","@id":"https:\/\/candas365.es\/noticias\/cdu-de-merkel-sigue-bajando-en-las-encuestas\/#listItem","name":"CDU de Merkel sigue bajando en las encuestas"},"previousItem":{"@type":"ListItem","@id":"https:\/\/candas365.es\/noticias#listItem","name":"Home"}},{"@type":"ListItem","@id":"https:\/\/candas365.es\/noticias\/cdu-de-merkel-sigue-bajando-en-las-encuestas\/#listItem","position":3,"name":"CDU de Merkel sigue bajando en las encuestas","previousItem":{"@type":"ListItem","@id":"https:\/\/candas365.es\/noticias\/category\/actualidad\/#listItem","name":"Actualidad"}}]},{"@type":"NewsArticle","@id":"https:\/\/candas365.es\/noticias\/cdu-de-merkel-sigue-bajando-en-las-encuestas\/#newsarticle","name":"CDU de Merkel sigue bajando en las encuestas | Cand\u00e1s 365","headline":"CDU de Merkel sigue bajando en las encuestas","author":{"@id":"https:\/\/candas365.es\/noticias\/author\/admin\/#author"},"publisher":{"@id":"https:\/\/candas365.es\/noticias\/#organization"},"image":{"@type":"ImageObject","url":"https:\/\/candas365.es\/noticias\/wp-content\/uploads\/2017\/11\/bundestag-2463231_960_720.jpg","width":960,"height":640,"caption":"bundestag"},"datePublished":"2021-08-08T12:09:12+02:00","dateModified":"2021-08-08T12:09:12+02:00","inLanguage":"es-ES","mainEntityOfPage":{"@id":"https:\/\/candas365.es\/noticias\/cdu-de-merkel-sigue-bajando-en-las-encuestas\/#webpage"},"isPartOf":{"@id":"https:\/\/candas365.es\/noticias\/cdu-de-merkel-sigue-bajando-en-las-encuestas\/#webpage"},"articleSection":"Actualidad, Destacadas, Elecciones, Encuestas","dateline":"Publicado el agosto 8, 2021."},{"@type":"Organization","@id":"https:\/\/candas365.es\/noticias\/#organization","name":"Cand\u00e1s 365","description":"Cand\u00e1s 365 es un diario digital independiente, fundado en 2012, con base en Asturias. Informamos con rigor sobre actualidad, sociedad, cultura y ocio, con una mirada local y global.","url":"https:\/\/candas365.es\/noticias\/","email":"info@candas365.es","telephone":"+34652131393","foundingDate":"2012-06-10","logo":{"@type":"ImageObject","url":"https:\/\/candas365.es\/noticias\/wp-content\/uploads\/2024\/09\/Candas-365-Redes.jpg","@id":"https:\/\/candas365.es\/noticias\/cdu-de-merkel-sigue-bajando-en-las-encuestas\/#organizationLogo","width":1152,"height":864,"caption":"Cand\u00e1s 365 Redes"},"image":{"@id":"https:\/\/candas365.es\/noticias\/cdu-de-merkel-sigue-bajando-en-las-encuestas\/#organizationLogo"},"sameAs":["https:\/\/www.facebook.com\/Nachofdezber","https:\/\/x.com\/NabercoDigital","https:\/\/www.instagram.com\/nachofdezber\/","https:\/\/www.youtube.com\/channel\/UCZP-2wLEB9Rv6erhFmqVnvg"],"address":{"@id":"https:\/\/candas365.es\/noticias\/#postaladdress","@type":"PostalAddress","streetAddress":"san antonio 4, san antonio 4","postalCode":"33430","addressLocality":"Cand\u00e1s","addressRegion":"Asturias","addressCountry":"ES"}},{"@type":"Person","@id":"https:\/\/candas365.es\/noticias\/author\/admin\/#author","url":"https:\/\/candas365.es\/noticias\/author\/admin\/","name":"Cand\u00e1s 365","image":{"@type":"ImageObject","@id":"https:\/\/candas365.es\/noticias\/cdu-de-merkel-sigue-bajando-en-las-encuestas\/#authorImage","url":"https:\/\/secure.gravatar.com\/avatar\/496a8e03d0c493ede1718b7934145dbdf8d89be1036b0eec9544e1094c9de390?s=96&d=mm&r=g","width":96,"height":96,"caption":"Cand\u00e1s 365"},"sameAs":["https:\/\/www.facebook.com\/carrenoactualidad","https:\/\/twitter.com\/nbasturias","https:\/\/www.instagram.com\/nachofdezber\/","https:\/\/www.youtube.com\/channel\/UCZP-2wLEB9Rv6erhFmqVnvg"]},{"@type":"WebPage","@id":"https:\/\/candas365.es\/noticias\/cdu-de-merkel-sigue-bajando-en-las-encuestas\/#webpage","url":"https:\/\/candas365.es\/noticias\/cdu-de-merkel-sigue-bajando-en-las-encuestas\/","name":"CDU de Merkel sigue bajando en las encuestas | Cand\u00e1s 365","description":"Berl\u00edn, 8 ago (dpa) - Las encuestas contin\u00faan dando malas noticias a la alianza entre las conservadoras Uni\u00f3n Dem\u00f3crata y Social Cristiana (CDU\/CSU) en Alemania, a la cabeza en intenci\u00f3n de voto para las elecciones de septiembre, pero perdiendo apoyo. Seg\u00fan un sondeo del instituto Insa, el partido de la canciller Angela Merkel y su","inLanguage":"es-ES","isPartOf":{"@id":"https:\/\/candas365.es\/noticias\/#website"},"breadcrumb":{"@id":"https:\/\/candas365.es\/noticias\/cdu-de-merkel-sigue-bajando-en-las-encuestas\/#breadcrumblist"},"author":{"@id":"https:\/\/candas365.es\/noticias\/author\/admin\/#author"},"creator":{"@id":"https:\/\/candas365.es\/noticias\/author\/admin\/#author"},"image":{"@type":"ImageObject","url":"https:\/\/candas365.es\/noticias\/wp-content\/uploads\/2017\/11\/bundestag-2463231_960_720.jpg","@id":"https:\/\/candas365.es\/noticias\/cdu-de-merkel-sigue-bajando-en-las-encuestas\/#mainImage","width":960,"height":640,"caption":"bundestag"},"primaryImageOfPage":{"@id":"https:\/\/candas365.es\/noticias\/cdu-de-merkel-sigue-bajando-en-las-encuestas\/#mainImage"},"datePublished":"2021-08-08T12:09:12+02:00","dateModified":"2021-08-08T12:09:12+02:00"},{"@type":"WebSite","@id":"https:\/\/candas365.es\/noticias\/#website","url":"https:\/\/candas365.es\/noticias\/","name":"Cand\u00e1s 365","alternateName":"Cand\u00e1s 365 Noticias","description":"Actualidad desde Carre\u00f1o para el mundo","inLanguage":"es-ES","publisher":{"@id":"https:\/\/candas365.es\/noticias\/#organization"}}]},"og:locale":"es_ES","og:site_name":"Cand\u00e1s 365","og:type":"article","og:title":"CDU de Merkel sigue bajando en las encuestas | Cand\u00e1s 365","og:description":"Berl\u00edn, 8 ago (dpa) - Las encuestas contin\u00faan dando malas noticias a la alianza entre las conservadoras Uni\u00f3n Dem\u00f3crata y Social Cristiana (CDU\/CSU) en Alemania, a la cabeza en intenci\u00f3n de voto para las elecciones de septiembre, pero perdiendo apoyo. Seg\u00fan un sondeo del instituto Insa, el partido de la canciller Angela Merkel y su","og:url":"https:\/\/candas365.es\/noticias\/cdu-de-merkel-sigue-bajando-en-las-encuestas\/","og:image":"https:\/\/candas365.es\/noticias\/wp-content\/uploads\/2017\/11\/bundestag-2463231_960_720.jpg","og:image:secure_url":"https:\/\/candas365.es\/noticias\/wp-content\/uploads\/2017\/11\/bundestag-2463231_960_720.jpg","og:image:width":960,"og:image:height":640,"article:published_time":"2021-08-08T12:09:12+00:00","article:modified_time":"2021-08-08T12:09:12+00:00","article:publisher":"https:\/\/www.facebook.com\/Nachofdezber","article:author":"https:\/\/www.facebook.com\/carrenoactualidad","twitter:card":"summary_large_image","twitter:site":"@NabercoDigital","twitter:title":"CDU de Merkel sigue bajando en las encuestas | Cand\u00e1s 365","twitter:description":"Berl\u00edn, 8 ago (dpa) - Las encuestas contin\u00faan dando malas noticias a la alianza entre las conservadoras Uni\u00f3n Dem\u00f3crata y Social Cristiana (CDU\/CSU) en Alemania, a la cabeza en intenci\u00f3n de voto para las elecciones de septiembre, pero perdiendo apoyo. Seg\u00fan un sondeo del instituto Insa, el partido de la canciller Angela Merkel y su","twitter:creator":"@nbasturias","twitter:image":"https:\/\/candas365.es\/noticias\/wp-content\/uploads\/2017\/11\/bundestag-2463231_960_720.jpg","twitter:label1":"Escrito por","twitter:data1":"Cand\u00e1s 365","twitter:label2":"Tiempo de lectura estimado","twitter:data2":"2 minutos"},"aioseo_meta_data":{"post_id":"157311","title":null,"description":null,"keywords":[],"keyphrases":{"focus":[],"additional":[]},"primary_term":null,"canonical_url":null,"og_title":null,"og_description":null,"og_object_type":"default","og_image_type":"default","og_image_url":null,"og_image_width":null,"og_image_height":null,"og_image_custom_url":null,"og_image_custom_fields":null,"og_video":"","og_custom_url":null,"og_article_section":null,"og_article_tags":[],"twitter_use_og":false,"twitter_card":"default","twitter_image_type":"default","twitter_image_url":null,"twitter_image_custom_url":null,"twitter_image_custom_fields":null,"twitter_title":null,"twitter_description":null,"schema":{"blockGraphs":[],"customGraphs":[],"default":{"data":{"Article":[],"Course":[],"Dataset":[],"FAQPage":[],"Movie":[],"Person":[],"Product":[],"ProductReview":[],"Car":[],"Recipe":[],"Service":[],"SoftwareApplication":[],"WebPage":[]},"graphName":"","isEnabled":true},"graphs":[],"defaultGraph":"Article","defaultPostTypeGraph":""},"schema_type":"default","schema_type_options":"{\"article\":{\"articleType\":\"BlogPosting\"},\"course\":{\"name\":\"\",\"description\":\"\",\"provider\":\"\"},\"faq\":{\"pages\":[]},\"product\":{\"reviews\":[]},\"recipe\":{\"ingredients\":[],\"instructions\":[],\"keywords\":[]},\"software\":{\"reviews\":[],\"operatingSystems\":[]},\"webPage\":{\"webPageType\":\"WebPage\"}}","pillar_content":false,"robots_default":true,"robots_noindex":false,"robots_noarchive":false,"robots_nosnippet":false,"robots_nofollow":false,"robots_noimageindex":false,"robots_noodp":false,"robots_notranslate":false,"robots_max_snippet":"-1","robots_max_videopreview":"-1","robots_max_imagepreview":"large","priority":null,"frequency":"default","location":null,"local_seo":{"locations":{"business":{"name":"","businessType":"","image":"","areaServed":"","urls":{"website":"","aboutPage":"","contactPage":""},"address":{"streetLine1":"","streetLine2":"","zipCode":"","city":"","state":"","country":"","addressFormat":"#streetLineOne\n#streetLineTwo\n#city, #state #zipCode"},"contact":{"email":"","phone":"","phoneFormatted":"","fax":"","faxFormatted":""},"ids":{"vat":"","tax":"","chamberOfCommerce":""},"payment":{"priceRange":"","currenciesAccepted":"","methods":""}}},"openingHours":{"useDefaults":true,"show":true,"alwaysOpen":false,"use24hFormat":false,"timezone":"","labels":{"closed":"","alwaysOpen":""},"days":{"monday":{"open24h":false,"closed":false,"openTime":"09:00","closeTime":"17:00"},"tuesday":{"open24h":false,"closed":false,"openTime":"09:00","closeTime":"17:00"},"wednesday":{"open24h":false,"closed":false,"openTime":"09:00","closeTime":"17:00"},"thursday":{"open24h":false,"closed":false,"openTime":"09:00","closeTime":"17:00"},"friday":{"open24h":false,"closed":false,"openTime":"09:00","closeTime":"17:00"},"saturday":{"open24h":false,"closed":false,"openTime":"09:00","closeTime":"17:00"},"sunday":{"open24h":false,"closed":false,"openTime":"09:00","closeTime":"17:00"}}}},"seo_analyzer_scan_date":"2025-09-01 00:39:25","breadcrumb_settings":null,"limit_modified_date":false,"reviewed_by":null,"open_ai":null,"ai":null,"created":"2021-08-08 12:07:38","updated":"2025-09-01 00:39:25"},"aioseo_breadcrumb":"<div class=\"aioseo-breadcrumbs\"><span class=\"aioseo-breadcrumb\">\n\t<a href=\"https:\/\/candas365.es\/noticias\" title=\"Home\">Home<\/a>\n<\/span><span class=\"aioseo-breadcrumb-separator\">&ndash;<\/span><span class=\"aioseo-breadcrumb\">\n\t<a href=\"https:\/\/candas365.es\/noticias\/category\/actualidad\/\" title=\"Actualidad\">Actualidad<\/a>\n<\/span><span class=\"aioseo-breadcrumb-separator\">&ndash;<\/span><span class=\"aioseo-breadcrumb\">\n\tCDU de Merkel sigue bajando en las encuestas\n<\/span><\/div>","aioseo_breadcrumb_json":[{"label":"Home","link":"https:\/\/candas365.es\/noticias"},{"label":"Actualidad","link":"https:\/\/candas365.es\/noticias\/category\/actualidad\/"},{"label":"CDU de Merkel sigue bajando en las encuestas","link":"https:\/\/candas365.es\/noticias\/cdu-de-merkel-sigue-bajando-en-las-encuestas\/"}],"_links":{"self":[{"href":"https:\/\/candas365.es\/noticias\/wp-json\/wp\/v2\/posts\/157311","targetHints":{"allow":["GET"]}}],"collection":[{"href":"https:\/\/candas365.es\/noticias\/wp-json\/wp\/v2\/posts"}],"about":[{"href":"https:\/\/candas365.es\/noticias\/wp-json\/wp\/v2\/types\/post"}],"author":[{"embeddable":true,"href":"https:\/\/candas365.es\/noticias\/wp-json\/wp\/v2\/users\/1"}],"replies":[{"embeddable":true,"href":"https:\/\/candas365.es\/noticias\/wp-json\/wp\/v2\/comments?post=157311"}],"version-history":[{"count":0,"href":"https:\/\/candas365.es\/noticias\/wp-json\/wp\/v2\/posts\/157311\/revisions"}],"wp:featuredmedia":[{"embeddable":true,"href":"https:\/\/candas365.es\/noticias\/wp-json\/wp\/v2\/media\/85069"}],"wp:attachment":[{"href":"https:\/\/candas365.es\/noticias\/wp-json\/wp\/v2\/media?parent=157311"}],"wp:term":[{"taxonomy":"category","embeddable":true,"href":"https:\/\/candas365.es\/noticias\/wp-json\/wp\/v2\/categories?post=157311"},{"taxonomy":"post_tag","embeddable":true,"href":"https:\/\/candas365.es\/noticias\/wp-json\/wp\/v2\/tags?post=157311"}],"curies":[{"name":"wp","href":"https:\/\/api.w.org\/{rel}","templated":true}]}}