{"id":157301,"date":"2021-08-08T11:59:23","date_gmt":"2021-08-08T11:59:23","guid":{"rendered":"http:\/\/candas365.es\/noticias\/?p=157301"},"modified":"2021-08-08T11:59:23","modified_gmt":"2021-08-08T11:59:23","slug":"jjoo-karateca-aleman-horne-dice-adios-a-tokio-tras-lesion-en-combate","status":"publish","type":"post","link":"https:\/\/candas365.es\/noticias\/jjoo-karateca-aleman-horne-dice-adios-a-tokio-tras-lesion-en-combate\/","title":{"rendered":"JJOO: karateca alem\u00e1n Horne dice adi\u00f3s a Tokio tras lesi\u00f3n en combate"},"content":{"rendered":"<p>Tokio, 7 ago (dpa) \u2013 Un grito de dolor del alem\u00e1n Jonathan Horne fue el pre\u00e1mbulo de su abandono por lesi\u00f3n sobre el tatami de la competici\u00f3n ol\u00edmpica de karate, de la que se retir\u00f3 en su segundo combate de la ronda preliminar.<\/p>\n<p><img fetchpriority=\"high\" decoding=\"async\" class=\"aligncenter wp-image-156950 size-full\" src=\"https:\/\/candas365.es\/noticias\/wp-content\/uploads\/2021\/07\/ground.jpg\" alt=\"\" width=\"640\" height=\"285\" srcset=\"https:\/\/candas365.es\/noticias\/wp-content\/uploads\/2021\/07\/ground.jpg 640w, https:\/\/candas365.es\/noticias\/wp-content\/uploads\/2021\/07\/ground-360x160.jpg 360w\" sizes=\"(max-width: 640px) 100vw, 640px\" \/><\/p>\n<p>El sue\u00f1o de una medalla hist\u00f3rica en los Juegos Ol\u00edmpicos de Tokio en el templo de las artes marciales Nippon Budokan lleg\u00f3 hoy tr\u00e1gicamente a su fin para el mejor karateca alem\u00e1n.<\/p>\n<p>Jonathan Horne, de 32 a\u00f1os, se lesion\u00f3 el codo derecho y tuvo que ser retirado en una camilla, ante los aplausos de \u00e1nimo realizados por su oponente, el georgiano Gogita Arkania, que fue declarado vencedor.<\/p>\n<p>El veterano deportista fue trasladado a la villa ol\u00edmpica para ser examinado, seg\u00fan declar\u00f3 el director deportivo del equipo alem\u00e1n, Christian Gr\u00fcner, poco despu\u00e9s del combate.<\/p>\n<p>Solo los primeros y segundos clasificados de los dos grupos de la fase preliminar acceder\u00e1n a las semifinales de la categor\u00eda de peso de m\u00e1s de 75 kilos y, por tanto, tendr\u00e1n opci\u00f3n a colgarse una medalla. Horne, inscrito en la disciplina de kumite, comenz\u00f3 la competici\u00f3n con un empate contra el kazajo Danijar Yuldaschev.<\/p>\n<p>Horne, inspirado por las pel\u00edculas de los legendarios Bruce Lee y Jackie Chan, empez\u00f3 a practicar karate a los cinco a\u00f1os y era uno de los considerados favoritos en Tokio.<\/p>\n<p>Solo unos pocos atletas dominan el \u00abequilibrio de velocidad, dureza y precisi\u00f3n\u00bb que se considera necesario para este arte marcial, y el ex campe\u00f3n del mundo y actual campe\u00f3n de Europa es considerado uno de ellos.<\/p>\n<p>Conseguir un metal era, por tanto, su gran objetivo en Jap\u00f3n. \u00abSiempre compito para ganar\u00bb, hab\u00eda dicho el deportista nacido en la ciudad de Kaiserslautern, en el oeste del pa\u00eds, en la antesala de los Juegos. \u00abAs\u00ed tambi\u00e9n s\u00e9 lo que he conseguido en mi carrera\u00bb, explic\u00f3.<\/p>\n<p>En Tokio, el karate forma parte del programa ol\u00edmpico por primera vez, y volver\u00e1 a estar fuera en Par\u00eds 2024. As\u00ed que es poco probable que Horne tenga otra oportunidad de conseguir una medalla ol\u00edmpica.<\/p>\n<p>\u00abNo puedo entender por qu\u00e9 ahora es ol\u00edmpico y lo sacan antes de que se haya celebrado\u00bb, se hab\u00eda quejado Horne antes del torneo. Para los participantes, dijo, fue \u00abdesmoralizante\u00bb.<\/p>\n<p>Las cosas tampoco fueron bien para los compa\u00f1eros de Horne en Tokio. En las jornadas anteriores, tanto Jasmin J\u00fcttner como Ilja Smorguner, en la disciplina de kata, y Noah Bitsch, tambi\u00e9n en kumite y en el \u00faltimo torneo de su carrera, hab\u00edan sido eliminados en la ronda preliminar.<\/p>\n","protected":false},"excerpt":{"rendered":"<p>Tokio, 7 ago (dpa) \u2013 Un grito de dolor del alem\u00e1n Jonathan Horne fue el pre\u00e1mbulo de su abandono por lesi\u00f3n sobre el tatami de la competici\u00f3n ol\u00edmpica de karate, de la que se retir\u00f3 en su segundo combate de la ronda preliminar. El sue\u00f1o de una medalla hist\u00f3rica en los Juegos Ol\u00edmpicos de Tokio<\/p>\n","protected":false},"author":1,"featured_media":156950,"comment_status":"closed","ping_status":"closed","sticky":false,"template":"","format":"standard","meta":{"footnotes":""},"categories":[319],"tags":[],"class_list":{"0":"post-157301","1":"post","2":"type-post","3":"status-publish","4":"format-standard","5":"has-post-thumbnail","7":"category-deporte"},"aioseo_notices":[],"aioseo_head":"\n\t\t<!-- All in One SEO Pro 4.9.6.2 - aioseo.com -->\n\t<meta name=\"description\" content=\"Un grito de dolor del alem\u00e1n Jonathan Horne fue el pre\u00e1mbulo de su abandono por lesi\u00f3n sobre el tatami de la competici\u00f3n ol\u00edmpica\" \/>\n\t<meta name=\"robots\" content=\"max-image-preview:large\" \/>\n\t<meta name=\"author\" content=\"Cand\u00e1s 365\"\/>\n\t<meta name=\"google-site-verification\" content=\"UA-32230408-1\" \/>\n\t<meta name=\"msvalidate.01\" content=\"354F3CDFB2DA171B47FBE9ABF1F88D5\" \/>\n\t<meta name=\"keywords\" content=\"deporte\" \/>\n\t<link rel=\"canonical\" href=\"https:\/\/candas365.es\/noticias\/jjoo-karateca-aleman-horne-dice-adios-a-tokio-tras-lesion-en-combate\/\" \/>\n\t<meta name=\"generator\" content=\"All in One SEO Pro (AIOSEO) 4.9.6.2\" \/>\n\t\t<meta property=\"og:locale\" content=\"es_ES\" \/>\n\t\t<meta property=\"og:site_name\" content=\"Cand\u00e1s 365\" \/>\n\t\t<meta property=\"og:type\" content=\"article\" \/>\n\t\t<meta property=\"og:title\" content=\"JJOO: karateca alem\u00e1n Horne dice adi\u00f3s a Tokio tras lesi\u00f3n en combate | Cand\u00e1s 365\" \/>\n\t\t<meta property=\"og:description\" content=\"Un grito de dolor del alem\u00e1n Jonathan Horne fue el pre\u00e1mbulo de su abandono por lesi\u00f3n sobre el tatami de la competici\u00f3n ol\u00edmpica\" \/>\n\t\t<meta property=\"og:url\" content=\"https:\/\/candas365.es\/noticias\/jjoo-karateca-aleman-horne-dice-adios-a-tokio-tras-lesion-en-combate\/\" \/>\n\t\t<meta property=\"og:image\" content=\"https:\/\/candas365.es\/noticias\/wp-content\/uploads\/2021\/07\/ground.jpg\" \/>\n\t\t<meta property=\"og:image:secure_url\" content=\"https:\/\/candas365.es\/noticias\/wp-content\/uploads\/2021\/07\/ground.jpg\" \/>\n\t\t<meta property=\"og:image:width\" content=\"640\" \/>\n\t\t<meta property=\"og:image:height\" content=\"285\" \/>\n\t\t<meta property=\"article:published_time\" content=\"2021-08-08T11:59:23+00:00\" \/>\n\t\t<meta property=\"article:modified_time\" content=\"2021-08-08T11:59:23+00:00\" \/>\n\t\t<meta property=\"article:publisher\" content=\"https:\/\/www.facebook.com\/Nachofdezber\" \/>\n\t\t<meta property=\"article:author\" content=\"https:\/\/www.facebook.com\/carrenoactualidad\" \/>\n\t\t<meta name=\"twitter:card\" content=\"summary_large_image\" \/>\n\t\t<meta name=\"twitter:site\" content=\"@NabercoDigital\" \/>\n\t\t<meta name=\"twitter:title\" content=\"JJOO: karateca alem\u00e1n Horne dice adi\u00f3s a Tokio tras lesi\u00f3n en combate | Cand\u00e1s 365\" \/>\n\t\t<meta name=\"twitter:description\" content=\"Un grito de dolor del alem\u00e1n Jonathan Horne fue el pre\u00e1mbulo de su abandono por lesi\u00f3n sobre el tatami de la competici\u00f3n ol\u00edmpica\" \/>\n\t\t<meta name=\"twitter:creator\" content=\"@nbasturias\" \/>\n\t\t<meta name=\"twitter:image\" content=\"https:\/\/candas365.es\/noticias\/wp-content\/uploads\/2021\/07\/ground.jpg\" \/>\n\t\t<meta name=\"twitter:label1\" content=\"Escrito por\" \/>\n\t\t<meta name=\"twitter:data1\" content=\"Cand\u00e1s 365\" \/>\n\t\t<meta name=\"twitter:label2\" content=\"Tiempo de lectura estimado\" \/>\n\t\t<meta name=\"twitter:data2\" content=\"2 minutos\" \/>\n\t\t<script type=\"application\/ld+json\" class=\"aioseo-schema\">\n\t\t\t{\"@context\":\"https:\\\/\\\/schema.org\",\"@graph\":[{\"@type\":\"BreadcrumbList\",\"@id\":\"https:\\\/\\\/candas365.es\\\/noticias\\\/jjoo-karateca-aleman-horne-dice-adios-a-tokio-tras-lesion-en-combate\\\/#breadcrumblist\",\"itemListElement\":[{\"@type\":\"ListItem\",\"@id\":\"https:\\\/\\\/candas365.es\\\/noticias#listItem\",\"position\":1,\"name\":\"Home\",\"item\":\"https:\\\/\\\/candas365.es\\\/noticias\",\"nextItem\":{\"@type\":\"ListItem\",\"@id\":\"https:\\\/\\\/candas365.es\\\/noticias\\\/category\\\/deporte\\\/#listItem\",\"name\":\"Deporte\"}},{\"@type\":\"ListItem\",\"@id\":\"https:\\\/\\\/candas365.es\\\/noticias\\\/category\\\/deporte\\\/#listItem\",\"position\":2,\"name\":\"Deporte\",\"item\":\"https:\\\/\\\/candas365.es\\\/noticias\\\/category\\\/deporte\\\/\",\"nextItem\":{\"@type\":\"ListItem\",\"@id\":\"https:\\\/\\\/candas365.es\\\/noticias\\\/jjoo-karateca-aleman-horne-dice-adios-a-tokio-tras-lesion-en-combate\\\/#listItem\",\"name\":\"JJOO: karateca alem\\u00e1n Horne dice adi\\u00f3s a Tokio tras lesi\\u00f3n en combate\"},\"previousItem\":{\"@type\":\"ListItem\",\"@id\":\"https:\\\/\\\/candas365.es\\\/noticias#listItem\",\"name\":\"Home\"}},{\"@type\":\"ListItem\",\"@id\":\"https:\\\/\\\/candas365.es\\\/noticias\\\/jjoo-karateca-aleman-horne-dice-adios-a-tokio-tras-lesion-en-combate\\\/#listItem\",\"position\":3,\"name\":\"JJOO: karateca alem\\u00e1n Horne dice adi\\u00f3s a Tokio tras lesi\\u00f3n en combate\",\"previousItem\":{\"@type\":\"ListItem\",\"@id\":\"https:\\\/\\\/candas365.es\\\/noticias\\\/category\\\/deporte\\\/#listItem\",\"name\":\"Deporte\"}}]},{\"@type\":\"NewsArticle\",\"@id\":\"https:\\\/\\\/candas365.es\\\/noticias\\\/jjoo-karateca-aleman-horne-dice-adios-a-tokio-tras-lesion-en-combate\\\/#newsarticle\",\"name\":\"JJOO: karateca alem\\u00e1n Horne dice adi\\u00f3s a Tokio tras lesi\\u00f3n en combate | Cand\\u00e1s 365\",\"headline\":\"JJOO: karateca alem\\u00e1n Horne dice adi\\u00f3s a Tokio tras lesi\\u00f3n en combate\",\"author\":{\"@id\":\"https:\\\/\\\/candas365.es\\\/noticias\\\/author\\\/admin\\\/#author\"},\"publisher\":{\"@id\":\"https:\\\/\\\/candas365.es\\\/noticias\\\/#organization\"},\"image\":{\"@type\":\"ImageObject\",\"url\":\"https:\\\/\\\/candas365.es\\\/noticias\\\/wp-content\\\/uploads\\\/2021\\\/07\\\/ground.jpg\",\"width\":640,\"height\":285},\"datePublished\":\"2021-08-08T11:59:23+02:00\",\"dateModified\":\"2021-08-08T11:59:23+02:00\",\"inLanguage\":\"es-ES\",\"mainEntityOfPage\":{\"@id\":\"https:\\\/\\\/candas365.es\\\/noticias\\\/jjoo-karateca-aleman-horne-dice-adios-a-tokio-tras-lesion-en-combate\\\/#webpage\"},\"isPartOf\":{\"@id\":\"https:\\\/\\\/candas365.es\\\/noticias\\\/jjoo-karateca-aleman-horne-dice-adios-a-tokio-tras-lesion-en-combate\\\/#webpage\"},\"articleSection\":\"Deporte\",\"dateline\":\"Publicado el agosto 8, 2021.\"},{\"@type\":\"Organization\",\"@id\":\"https:\\\/\\\/candas365.es\\\/noticias\\\/#organization\",\"name\":\"Cand\\u00e1s 365\",\"description\":\"Cand\\u00e1s 365 es un diario digital independiente, fundado en 2012, con base en Asturias. Informamos con rigor sobre actualidad, sociedad, cultura y ocio, con una mirada local y global.\",\"url\":\"https:\\\/\\\/candas365.es\\\/noticias\\\/\",\"email\":\"info@candas365.es\",\"telephone\":\"+34652131393\",\"foundingDate\":\"2012-06-10\",\"logo\":{\"@type\":\"ImageObject\",\"url\":\"https:\\\/\\\/candas365.es\\\/noticias\\\/wp-content\\\/uploads\\\/2024\\\/09\\\/Candas-365-Redes.jpg\",\"@id\":\"https:\\\/\\\/candas365.es\\\/noticias\\\/jjoo-karateca-aleman-horne-dice-adios-a-tokio-tras-lesion-en-combate\\\/#organizationLogo\",\"width\":1152,\"height\":864,\"caption\":\"Cand\\u00e1s 365 Redes\"},\"image\":{\"@id\":\"https:\\\/\\\/candas365.es\\\/noticias\\\/jjoo-karateca-aleman-horne-dice-adios-a-tokio-tras-lesion-en-combate\\\/#organizationLogo\"},\"sameAs\":[\"https:\\\/\\\/www.facebook.com\\\/Nachofdezber\",\"https:\\\/\\\/x.com\\\/NabercoDigital\",\"https:\\\/\\\/www.instagram.com\\\/nachofdezber\\\/\",\"https:\\\/\\\/www.youtube.com\\\/channel\\\/UCZP-2wLEB9Rv6erhFmqVnvg\"],\"address\":{\"@id\":\"https:\\\/\\\/candas365.es\\\/noticias\\\/#postaladdress\",\"@type\":\"PostalAddress\",\"streetAddress\":\"san antonio 4, san antonio 4\",\"postalCode\":\"33430\",\"addressLocality\":\"Cand\\u00e1s\",\"addressRegion\":\"Asturias\",\"addressCountry\":\"ES\"}},{\"@type\":\"Person\",\"@id\":\"https:\\\/\\\/candas365.es\\\/noticias\\\/author\\\/admin\\\/#author\",\"url\":\"https:\\\/\\\/candas365.es\\\/noticias\\\/author\\\/admin\\\/\",\"name\":\"Cand\\u00e1s 365\",\"image\":{\"@type\":\"ImageObject\",\"@id\":\"https:\\\/\\\/candas365.es\\\/noticias\\\/jjoo-karateca-aleman-horne-dice-adios-a-tokio-tras-lesion-en-combate\\\/#authorImage\",\"url\":\"https:\\\/\\\/secure.gravatar.com\\\/avatar\\\/496a8e03d0c493ede1718b7934145dbdf8d89be1036b0eec9544e1094c9de390?s=96&d=mm&r=g\",\"width\":96,\"height\":96,\"caption\":\"Cand\\u00e1s 365\"},\"sameAs\":[\"https:\\\/\\\/www.facebook.com\\\/carrenoactualidad\",\"https:\\\/\\\/twitter.com\\\/nbasturias\",\"https:\\\/\\\/www.instagram.com\\\/nachofdezber\\\/\",\"https:\\\/\\\/www.youtube.com\\\/channel\\\/UCZP-2wLEB9Rv6erhFmqVnvg\"]},{\"@type\":\"WebPage\",\"@id\":\"https:\\\/\\\/candas365.es\\\/noticias\\\/jjoo-karateca-aleman-horne-dice-adios-a-tokio-tras-lesion-en-combate\\\/#webpage\",\"url\":\"https:\\\/\\\/candas365.es\\\/noticias\\\/jjoo-karateca-aleman-horne-dice-adios-a-tokio-tras-lesion-en-combate\\\/\",\"name\":\"JJOO: karateca alem\\u00e1n Horne dice adi\\u00f3s a Tokio tras lesi\\u00f3n en combate | Cand\\u00e1s 365\",\"description\":\"Un grito de dolor del alem\\u00e1n Jonathan Horne fue el pre\\u00e1mbulo de su abandono por lesi\\u00f3n sobre el tatami de la competici\\u00f3n ol\\u00edmpica\",\"inLanguage\":\"es-ES\",\"isPartOf\":{\"@id\":\"https:\\\/\\\/candas365.es\\\/noticias\\\/#website\"},\"breadcrumb\":{\"@id\":\"https:\\\/\\\/candas365.es\\\/noticias\\\/jjoo-karateca-aleman-horne-dice-adios-a-tokio-tras-lesion-en-combate\\\/#breadcrumblist\"},\"author\":{\"@id\":\"https:\\\/\\\/candas365.es\\\/noticias\\\/author\\\/admin\\\/#author\"},\"creator\":{\"@id\":\"https:\\\/\\\/candas365.es\\\/noticias\\\/author\\\/admin\\\/#author\"},\"image\":{\"@type\":\"ImageObject\",\"url\":\"https:\\\/\\\/candas365.es\\\/noticias\\\/wp-content\\\/uploads\\\/2021\\\/07\\\/ground.jpg\",\"@id\":\"https:\\\/\\\/candas365.es\\\/noticias\\\/jjoo-karateca-aleman-horne-dice-adios-a-tokio-tras-lesion-en-combate\\\/#mainImage\",\"width\":640,\"height\":285},\"primaryImageOfPage\":{\"@id\":\"https:\\\/\\\/candas365.es\\\/noticias\\\/jjoo-karateca-aleman-horne-dice-adios-a-tokio-tras-lesion-en-combate\\\/#mainImage\"},\"datePublished\":\"2021-08-08T11:59:23+02:00\",\"dateModified\":\"2021-08-08T11:59:23+02:00\"},{\"@type\":\"WebSite\",\"@id\":\"https:\\\/\\\/candas365.es\\\/noticias\\\/#website\",\"url\":\"https:\\\/\\\/candas365.es\\\/noticias\\\/\",\"name\":\"Cand\\u00e1s 365\",\"alternateName\":\"Cand\\u00e1s 365 Noticias\",\"description\":\"Actualidad desde Carre\\u00f1o para el mundo\",\"inLanguage\":\"es-ES\",\"publisher\":{\"@id\":\"https:\\\/\\\/candas365.es\\\/noticias\\\/#organization\"}}]}\n\t\t<\/script>\n\t\t<!-- All in One SEO Pro -->\r\n\t\t<title>JJOO: karateca alem\u00e1n Horne dice adi\u00f3s a Tokio tras lesi\u00f3n en combate | Cand\u00e1s 365<\/title>\n\n","aioseo_head_json":{"title":"JJOO: karateca alem\u00e1n Horne dice adi\u00f3s a Tokio tras lesi\u00f3n en combate | Cand\u00e1s 365","description":"Un grito de dolor del alem\u00e1n Jonathan Horne fue el pre\u00e1mbulo de su abandono por lesi\u00f3n sobre el tatami de la competici\u00f3n ol\u00edmpica","canonical_url":"https:\/\/candas365.es\/noticias\/jjoo-karateca-aleman-horne-dice-adios-a-tokio-tras-lesion-en-combate\/","robots":"max-image-preview:large","keywords":"deporte","webmasterTools":{"google-site-verification":"UA-32230408-1","msvalidate.01":"354F3CDFB2DA171B47FBE9ABF1F88D5","miscellaneous":""},"schema":{"@context":"https:\/\/schema.org","@graph":[{"@type":"BreadcrumbList","@id":"https:\/\/candas365.es\/noticias\/jjoo-karateca-aleman-horne-dice-adios-a-tokio-tras-lesion-en-combate\/#breadcrumblist","itemListElement":[{"@type":"ListItem","@id":"https:\/\/candas365.es\/noticias#listItem","position":1,"name":"Home","item":"https:\/\/candas365.es\/noticias","nextItem":{"@type":"ListItem","@id":"https:\/\/candas365.es\/noticias\/category\/deporte\/#listItem","name":"Deporte"}},{"@type":"ListItem","@id":"https:\/\/candas365.es\/noticias\/category\/deporte\/#listItem","position":2,"name":"Deporte","item":"https:\/\/candas365.es\/noticias\/category\/deporte\/","nextItem":{"@type":"ListItem","@id":"https:\/\/candas365.es\/noticias\/jjoo-karateca-aleman-horne-dice-adios-a-tokio-tras-lesion-en-combate\/#listItem","name":"JJOO: karateca alem\u00e1n Horne dice adi\u00f3s a Tokio tras lesi\u00f3n en combate"},"previousItem":{"@type":"ListItem","@id":"https:\/\/candas365.es\/noticias#listItem","name":"Home"}},{"@type":"ListItem","@id":"https:\/\/candas365.es\/noticias\/jjoo-karateca-aleman-horne-dice-adios-a-tokio-tras-lesion-en-combate\/#listItem","position":3,"name":"JJOO: karateca alem\u00e1n Horne dice adi\u00f3s a Tokio tras lesi\u00f3n en combate","previousItem":{"@type":"ListItem","@id":"https:\/\/candas365.es\/noticias\/category\/deporte\/#listItem","name":"Deporte"}}]},{"@type":"NewsArticle","@id":"https:\/\/candas365.es\/noticias\/jjoo-karateca-aleman-horne-dice-adios-a-tokio-tras-lesion-en-combate\/#newsarticle","name":"JJOO: karateca alem\u00e1n Horne dice adi\u00f3s a Tokio tras lesi\u00f3n en combate | Cand\u00e1s 365","headline":"JJOO: karateca alem\u00e1n Horne dice adi\u00f3s a Tokio tras lesi\u00f3n en combate","author":{"@id":"https:\/\/candas365.es\/noticias\/author\/admin\/#author"},"publisher":{"@id":"https:\/\/candas365.es\/noticias\/#organization"},"image":{"@type":"ImageObject","url":"https:\/\/candas365.es\/noticias\/wp-content\/uploads\/2021\/07\/ground.jpg","width":640,"height":285},"datePublished":"2021-08-08T11:59:23+02:00","dateModified":"2021-08-08T11:59:23+02:00","inLanguage":"es-ES","mainEntityOfPage":{"@id":"https:\/\/candas365.es\/noticias\/jjoo-karateca-aleman-horne-dice-adios-a-tokio-tras-lesion-en-combate\/#webpage"},"isPartOf":{"@id":"https:\/\/candas365.es\/noticias\/jjoo-karateca-aleman-horne-dice-adios-a-tokio-tras-lesion-en-combate\/#webpage"},"articleSection":"Deporte","dateline":"Publicado el agosto 8, 2021."},{"@type":"Organization","@id":"https:\/\/candas365.es\/noticias\/#organization","name":"Cand\u00e1s 365","description":"Cand\u00e1s 365 es un diario digital independiente, fundado en 2012, con base en Asturias. Informamos con rigor sobre actualidad, sociedad, cultura y ocio, con una mirada local y global.","url":"https:\/\/candas365.es\/noticias\/","email":"info@candas365.es","telephone":"+34652131393","foundingDate":"2012-06-10","logo":{"@type":"ImageObject","url":"https:\/\/candas365.es\/noticias\/wp-content\/uploads\/2024\/09\/Candas-365-Redes.jpg","@id":"https:\/\/candas365.es\/noticias\/jjoo-karateca-aleman-horne-dice-adios-a-tokio-tras-lesion-en-combate\/#organizationLogo","width":1152,"height":864,"caption":"Cand\u00e1s 365 Redes"},"image":{"@id":"https:\/\/candas365.es\/noticias\/jjoo-karateca-aleman-horne-dice-adios-a-tokio-tras-lesion-en-combate\/#organizationLogo"},"sameAs":["https:\/\/www.facebook.com\/Nachofdezber","https:\/\/x.com\/NabercoDigital","https:\/\/www.instagram.com\/nachofdezber\/","https:\/\/www.youtube.com\/channel\/UCZP-2wLEB9Rv6erhFmqVnvg"],"address":{"@id":"https:\/\/candas365.es\/noticias\/#postaladdress","@type":"PostalAddress","streetAddress":"san antonio 4, san antonio 4","postalCode":"33430","addressLocality":"Cand\u00e1s","addressRegion":"Asturias","addressCountry":"ES"}},{"@type":"Person","@id":"https:\/\/candas365.es\/noticias\/author\/admin\/#author","url":"https:\/\/candas365.es\/noticias\/author\/admin\/","name":"Cand\u00e1s 365","image":{"@type":"ImageObject","@id":"https:\/\/candas365.es\/noticias\/jjoo-karateca-aleman-horne-dice-adios-a-tokio-tras-lesion-en-combate\/#authorImage","url":"https:\/\/secure.gravatar.com\/avatar\/496a8e03d0c493ede1718b7934145dbdf8d89be1036b0eec9544e1094c9de390?s=96&d=mm&r=g","width":96,"height":96,"caption":"Cand\u00e1s 365"},"sameAs":["https:\/\/www.facebook.com\/carrenoactualidad","https:\/\/twitter.com\/nbasturias","https:\/\/www.instagram.com\/nachofdezber\/","https:\/\/www.youtube.com\/channel\/UCZP-2wLEB9Rv6erhFmqVnvg"]},{"@type":"WebPage","@id":"https:\/\/candas365.es\/noticias\/jjoo-karateca-aleman-horne-dice-adios-a-tokio-tras-lesion-en-combate\/#webpage","url":"https:\/\/candas365.es\/noticias\/jjoo-karateca-aleman-horne-dice-adios-a-tokio-tras-lesion-en-combate\/","name":"JJOO: karateca alem\u00e1n Horne dice adi\u00f3s a Tokio tras lesi\u00f3n en combate | Cand\u00e1s 365","description":"Un grito de dolor del alem\u00e1n Jonathan Horne fue el pre\u00e1mbulo de su abandono por lesi\u00f3n sobre el tatami de la competici\u00f3n ol\u00edmpica","inLanguage":"es-ES","isPartOf":{"@id":"https:\/\/candas365.es\/noticias\/#website"},"breadcrumb":{"@id":"https:\/\/candas365.es\/noticias\/jjoo-karateca-aleman-horne-dice-adios-a-tokio-tras-lesion-en-combate\/#breadcrumblist"},"author":{"@id":"https:\/\/candas365.es\/noticias\/author\/admin\/#author"},"creator":{"@id":"https:\/\/candas365.es\/noticias\/author\/admin\/#author"},"image":{"@type":"ImageObject","url":"https:\/\/candas365.es\/noticias\/wp-content\/uploads\/2021\/07\/ground.jpg","@id":"https:\/\/candas365.es\/noticias\/jjoo-karateca-aleman-horne-dice-adios-a-tokio-tras-lesion-en-combate\/#mainImage","width":640,"height":285},"primaryImageOfPage":{"@id":"https:\/\/candas365.es\/noticias\/jjoo-karateca-aleman-horne-dice-adios-a-tokio-tras-lesion-en-combate\/#mainImage"},"datePublished":"2021-08-08T11:59:23+02:00","dateModified":"2021-08-08T11:59:23+02:00"},{"@type":"WebSite","@id":"https:\/\/candas365.es\/noticias\/#website","url":"https:\/\/candas365.es\/noticias\/","name":"Cand\u00e1s 365","alternateName":"Cand\u00e1s 365 Noticias","description":"Actualidad desde Carre\u00f1o para el mundo","inLanguage":"es-ES","publisher":{"@id":"https:\/\/candas365.es\/noticias\/#organization"}}]},"og:locale":"es_ES","og:site_name":"Cand\u00e1s 365","og:type":"article","og:title":"JJOO: karateca alem\u00e1n Horne dice adi\u00f3s a Tokio tras lesi\u00f3n en combate | Cand\u00e1s 365","og:description":"Un grito de dolor del alem\u00e1n Jonathan Horne fue el pre\u00e1mbulo de su abandono por lesi\u00f3n sobre el tatami de la competici\u00f3n ol\u00edmpica","og:url":"https:\/\/candas365.es\/noticias\/jjoo-karateca-aleman-horne-dice-adios-a-tokio-tras-lesion-en-combate\/","og:image":"https:\/\/candas365.es\/noticias\/wp-content\/uploads\/2021\/07\/ground.jpg","og:image:secure_url":"https:\/\/candas365.es\/noticias\/wp-content\/uploads\/2021\/07\/ground.jpg","og:image:width":640,"og:image:height":285,"article:published_time":"2021-08-08T11:59:23+00:00","article:modified_time":"2021-08-08T11:59:23+00:00","article:publisher":"https:\/\/www.facebook.com\/Nachofdezber","article:author":"https:\/\/www.facebook.com\/carrenoactualidad","twitter:card":"summary_large_image","twitter:site":"@NabercoDigital","twitter:title":"JJOO: karateca alem\u00e1n Horne dice adi\u00f3s a Tokio tras lesi\u00f3n en combate | Cand\u00e1s 365","twitter:description":"Un grito de dolor del alem\u00e1n Jonathan Horne fue el pre\u00e1mbulo de su abandono por lesi\u00f3n sobre el tatami de la competici\u00f3n ol\u00edmpica","twitter:creator":"@nbasturias","twitter:image":"https:\/\/candas365.es\/noticias\/wp-content\/uploads\/2021\/07\/ground.jpg","twitter:label1":"Escrito por","twitter:data1":"Cand\u00e1s 365","twitter:label2":"Tiempo de lectura estimado","twitter:data2":"2 minutos"},"aioseo_meta_data":{"post_id":"157301","title":null,"description":"Un grito de dolor del alem\u00e1n Jonathan Horne fue el pre\u00e1mbulo de su abandono por lesi\u00f3n sobre el tatami de la competici\u00f3n ol\u00edmpica","keywords":[],"keyphrases":{"focus":[],"additional":[]},"primary_term":null,"canonical_url":null,"og_title":null,"og_description":null,"og_object_type":"default","og_image_type":"default","og_image_url":null,"og_image_width":null,"og_image_height":null,"og_image_custom_url":null,"og_image_custom_fields":null,"og_video":"","og_custom_url":null,"og_article_section":null,"og_article_tags":[],"twitter_use_og":false,"twitter_card":"default","twitter_image_type":"default","twitter_image_url":null,"twitter_image_custom_url":null,"twitter_image_custom_fields":null,"twitter_title":null,"twitter_description":null,"schema":{"blockGraphs":[],"customGraphs":[],"default":{"data":{"Article":[],"Course":[],"Dataset":[],"FAQPage":[],"Movie":[],"Person":[],"Product":[],"ProductReview":[],"Car":[],"Recipe":[],"Service":[],"SoftwareApplication":[],"WebPage":[]},"graphName":"","isEnabled":true},"graphs":[],"defaultGraph":"Article","defaultPostTypeGraph":""},"schema_type":"default","schema_type_options":"{\"article\":{\"articleType\":\"BlogPosting\"},\"course\":{\"name\":\"\",\"description\":\"\",\"provider\":\"\"},\"faq\":{\"pages\":[]},\"product\":{\"reviews\":[]},\"recipe\":{\"ingredients\":[],\"instructions\":[],\"keywords\":[]},\"software\":{\"reviews\":[],\"operatingSystems\":[]},\"webPage\":{\"webPageType\":\"WebPage\"}}","pillar_content":false,"robots_default":true,"robots_noindex":false,"robots_noarchive":false,"robots_nosnippet":false,"robots_nofollow":false,"robots_noimageindex":false,"robots_noodp":false,"robots_notranslate":false,"robots_max_snippet":"-1","robots_max_videopreview":"-1","robots_max_imagepreview":"large","priority":null,"frequency":"default","location":null,"local_seo":{"locations":{"business":{"name":"","businessType":"","image":"","areaServed":"","urls":{"website":"","aboutPage":"","contactPage":""},"address":{"streetLine1":"","streetLine2":"","zipCode":"","city":"","state":"","country":"","addressFormat":"#streetLineOne\n#streetLineTwo\n#city, #state #zipCode"},"contact":{"email":"","phone":"","phoneFormatted":"","fax":"","faxFormatted":""},"ids":{"vat":"","tax":"","chamberOfCommerce":""},"payment":{"priceRange":"","currenciesAccepted":"","methods":""}}},"openingHours":{"useDefaults":true,"show":true,"alwaysOpen":false,"use24hFormat":false,"timezone":"","labels":{"closed":"","alwaysOpen":""},"days":{"monday":{"open24h":false,"closed":false,"openTime":"09:00","closeTime":"17:00"},"tuesday":{"open24h":false,"closed":false,"openTime":"09:00","closeTime":"17:00"},"wednesday":{"open24h":false,"closed":false,"openTime":"09:00","closeTime":"17:00"},"thursday":{"open24h":false,"closed":false,"openTime":"09:00","closeTime":"17:00"},"friday":{"open24h":false,"closed":false,"openTime":"09:00","closeTime":"17:00"},"saturday":{"open24h":false,"closed":false,"openTime":"09:00","closeTime":"17:00"},"sunday":{"open24h":false,"closed":false,"openTime":"09:00","closeTime":"17:00"}}}},"seo_analyzer_scan_date":"2025-09-01 00:39:20","breadcrumb_settings":null,"limit_modified_date":false,"reviewed_by":null,"open_ai":null,"ai":null,"created":"2021-08-08 11:58:18","updated":"2025-09-01 00:39:20"},"aioseo_breadcrumb":"<div class=\"aioseo-breadcrumbs\"><span class=\"aioseo-breadcrumb\">\n\t<a href=\"https:\/\/candas365.es\/noticias\" title=\"Home\">Home<\/a>\n<\/span><span class=\"aioseo-breadcrumb-separator\">&ndash;<\/span><span class=\"aioseo-breadcrumb\">\n\t<a href=\"https:\/\/candas365.es\/noticias\/category\/deporte\/\" title=\"Deporte\">Deporte<\/a>\n<\/span><span class=\"aioseo-breadcrumb-separator\">&ndash;<\/span><span class=\"aioseo-breadcrumb\">\n\tJJOO: karateca alem\u00e1n Horne dice adi\u00f3s a Tokio tras lesi\u00f3n en combate\n<\/span><\/div>","aioseo_breadcrumb_json":[{"label":"Home","link":"https:\/\/candas365.es\/noticias"},{"label":"Deporte","link":"https:\/\/candas365.es\/noticias\/category\/deporte\/"},{"label":"JJOO: karateca alem\u00e1n Horne dice adi\u00f3s a Tokio tras lesi\u00f3n en combate","link":"https:\/\/candas365.es\/noticias\/jjoo-karateca-aleman-horne-dice-adios-a-tokio-tras-lesion-en-combate\/"}],"_links":{"self":[{"href":"https:\/\/candas365.es\/noticias\/wp-json\/wp\/v2\/posts\/157301","targetHints":{"allow":["GET"]}}],"collection":[{"href":"https:\/\/candas365.es\/noticias\/wp-json\/wp\/v2\/posts"}],"about":[{"href":"https:\/\/candas365.es\/noticias\/wp-json\/wp\/v2\/types\/post"}],"author":[{"embeddable":true,"href":"https:\/\/candas365.es\/noticias\/wp-json\/wp\/v2\/users\/1"}],"replies":[{"embeddable":true,"href":"https:\/\/candas365.es\/noticias\/wp-json\/wp\/v2\/comments?post=157301"}],"version-history":[{"count":0,"href":"https:\/\/candas365.es\/noticias\/wp-json\/wp\/v2\/posts\/157301\/revisions"}],"wp:featuredmedia":[{"embeddable":true,"href":"https:\/\/candas365.es\/noticias\/wp-json\/wp\/v2\/media\/156950"}],"wp:attachment":[{"href":"https:\/\/candas365.es\/noticias\/wp-json\/wp\/v2\/media?parent=157301"}],"wp:term":[{"taxonomy":"category","embeddable":true,"href":"https:\/\/candas365.es\/noticias\/wp-json\/wp\/v2\/categories?post=157301"},{"taxonomy":"post_tag","embeddable":true,"href":"https:\/\/candas365.es\/noticias\/wp-json\/wp\/v2\/tags?post=157301"}],"curies":[{"name":"wp","href":"https:\/\/api.w.org\/{rel}","templated":true}]}}