{"id":157294,"date":"2021-08-08T11:48:42","date_gmt":"2021-08-08T11:48:42","guid":{"rendered":"http:\/\/candas365.es\/noticias\/?p=157294"},"modified":"2021-08-08T11:48:42","modified_gmt":"2021-08-08T11:48:42","slug":"bundesliga-clubes-ya-deciden-sobre-acceso-de-fans-no-vacunados","status":"publish","type":"post","link":"https:\/\/candas365.es\/noticias\/bundesliga-clubes-ya-deciden-sobre-acceso-de-fans-no-vacunados\/","title":{"rendered":"Bundesliga: clubes ya deciden sobre acceso de fans no vacunados"},"content":{"rendered":"<p><img fetchpriority=\"high\" decoding=\"async\" class=\"alignleft size-medium wp-image-98026\" src=\"https:\/\/candas365.es\/noticias\/wp-content\/uploads\/2018\/06\/football-1406106_960_720-1-360x241.jpg\" alt=\"\" width=\"360\" height=\"241\" srcset=\"https:\/\/candas365.es\/noticias\/wp-content\/uploads\/2018\/06\/football-1406106_960_720-1-360x241.jpg 360w, https:\/\/candas365.es\/noticias\/wp-content\/uploads\/2018\/06\/football-1406106_960_720-1-768x514.jpg 768w, https:\/\/candas365.es\/noticias\/wp-content\/uploads\/2018\/06\/football-1406106_960_720-1-655x439.jpg 655w, https:\/\/candas365.es\/noticias\/wp-content\/uploads\/2018\/06\/football-1406106_960_720-1-696x466.jpg 696w, https:\/\/candas365.es\/noticias\/wp-content\/uploads\/2018\/06\/football-1406106_960_720-1-627x420.jpg 627w, https:\/\/candas365.es\/noticias\/wp-content\/uploads\/2018\/06\/football-1406106_960_720-1.jpg 960w\" sizes=\"(max-width: 360px) 100vw, 360px\" \/>Berl\u00edn, 7 ago (dpa) &#8211; La discusi\u00f3n sobre los derechos de los no vacunados ha llegado a la Bundesliga, y algunos clubes ya han anunciado que permitir\u00e1n la entrada solo a aficionados que se hayan vacunado contra el coronavirus o se hayan recuperado de la infecci\u00f3n.<\/p>\n<p>A partir de finales de agosto, el Colonia solo permitir\u00e1 la entrada a su estadio a los espectadores vacunados contra el coronavirus o que se hayan recuperado tras dar positivo por la infecci\u00f3n.<\/p>\n<p>Una portavoz del club confirm\u00f3 el viernes a la cadena \u00abWDR\u00bb que un test negativo ya no ser\u00e1 suficiente a partir del segundo partido de la Bundesliga que disputen como local, a celebrarse el 28 de agosto contra el Bochum.<\/p>\n<p>Por su parte, el Hoffenheim se opone a las restricciones impuestas por el ministro de Salud, Jens Spahn.<\/p>\n<p>\u00abLa entrada a los estadios debe seguir siendo posible para quienes se hayan sometido a las pruebas. No nos parece bien que se convierta la 3G en 2G de forma sigilosa\u00bb, dijo el director general del club, Jan Mayer, a los diarios \u00abStuttgarter Zeitung\u00bb y \u00abStuttgarter Nachrichten\u00bb.<\/p>\n<p>\u00abEso ser\u00eda una vacunaci\u00f3n obligatoria por la puerta de atr\u00e1s. No debemos permitir que se nos instrumentalice con fines pol\u00edticos\u00bb, a\u00f1adi\u00f3.<\/p>\n<p>La regla 3G significa vacunado, recuperado y probado, y se aplica ya en diversos acontecimientos.<\/p>\n<p>La publicaci\u00f3n deportiva \u00abKicker\u00bb y el diario \u00abBild\u00bb detallaron las intenciones del Colonia, que pretende continuar aplicando excepciones a ni\u00f1os y j\u00f3venes de hasta 16 a\u00f1os de edad, as\u00ed como a las personas excluidas de la vacunaci\u00f3n por razones m\u00e9dicas. La base de esta decisi\u00f3n es la normativa de protecci\u00f3n contra el coronavirus vigente en el estado federado de Renania del Norte-Westfalia.<\/p>\n<p>Esta misma ordenanza la aplicar\u00e1 el Borussia Dortmund, que tambi\u00e9n permitir\u00e1 el acceso a su estadio \u00fanicamente a personas vacunadas o recuperadas si la incidencia alcanza los 35 casos por 100.000 habitantes. Los ni\u00f1os est\u00e1n excluidos. Con una incidencia inferior a 35, tambi\u00e9n los que hayan dado negativo en un test podr\u00e1n entrar en su estadio.<\/p>\n<p>En su primer partido en casa, el Colonia, contra el Hertha Berlin el 15 de agosto, los responsables calculan la presencia de 16.500 espectadores, de los cuales 1.000 tendr\u00e1n suficiente con un test negativo.<\/p>\n<p>\u00abLa vacunaci\u00f3n es la clave para volver a una nueva normalidad; sin ella, ser\u00e1 dif\u00edcil a largo plazo\u00bb, cit\u00f3 el peri\u00f3dico \u00abBild\u00bb en su edici\u00f3n del viernes al director general del club, Alexander Wehrle.<\/p>\n<p>El Colonia ofreci\u00f3 recientemente la oportunidad de ser vacunado durante las sesiones de entrenamiento. El mi\u00e9rcoles, 87 personas se acogieron a la oferta, anunci\u00f3 el club.<\/p>\n<p>Spahn hab\u00eda declarado en una entrevista publicada por el peri\u00f3dico \u00abM\u00fcnchner Merkur\u00bb que para \u00abcosas esenciales como el transporte p\u00fablico o la visita a las oficinas municipales o al hospital\u00bb debe mantenerse el acceso solo con mascarrilla o un test negativo.<\/p>\n<p>El ministro de Salud a\u00f1adi\u00f3 que, para las \u00abzonas que no forman parte de los servicios b\u00e1sicos\u00bb, tambi\u00e9n podr\u00eda imaginar el acceso solo para personas vacunadas o recuperadas.<\/p>\n<p>\u00abO el acceso restringido: que, por ejemplo, 30.000 personas vacunadas y otras 2.000 sometidas a test puedan acudir a un partido de f\u00fatbol en el estadio del Bayern M\u00fanich\u00bb, agreg\u00f3.<\/p>\n<p>Los Gobiernos federal y estatales discutir\u00e1n el pr\u00f3ximo martes las medidas contra la pandemia. Sin embargo, hay diversidad de opininones en los partidos que forman el Ejecutivo de coalici\u00f3n de la canciller Angela Merkel.<\/p>\n<p>\u00abCreo que es err\u00f3neo y legalmente inadmisible excluir de la vida p\u00fablica a las personas no vacunadas\u00bb, declar\u00f3 a \u00abBild\u00bb el socialdem\u00f3crata Andreas Bovenschulte, alcalde de Bremen.<\/p>\n","protected":false},"excerpt":{"rendered":"<p>Berl\u00edn, 7 ago (dpa) &#8211; La discusi\u00f3n sobre los derechos de los no vacunados ha llegado a la Bundesliga, y algunos clubes ya han anunciado que permitir\u00e1n la entrada solo a aficionados que se hayan vacunado contra el coronavirus o se hayan recuperado de la infecci\u00f3n. A partir de finales de agosto, el Colonia solo<\/p>\n","protected":false},"author":1,"featured_media":98026,"comment_status":"closed","ping_status":"closed","sticky":false,"template":"","format":"standard","meta":{"footnotes":""},"categories":[319],"tags":[],"class_list":{"0":"post-157294","1":"post","2":"type-post","3":"status-publish","4":"format-standard","5":"has-post-thumbnail","7":"category-deporte"},"aioseo_notices":[],"aioseo_head":"\n\t\t<!-- All in One SEO Pro 4.9.6.2 - aioseo.com -->\n\t<meta name=\"description\" content=\"La discusi\u00f3n sobre los derechos de los no vacunados ha llegado a la Bundesliga, y algunos clubes ya han anunciado que permitir\u00e1n la entrada solo a aficionados\" \/>\n\t<meta name=\"robots\" content=\"max-image-preview:large\" \/>\n\t<meta name=\"author\" content=\"Cand\u00e1s 365\"\/>\n\t<meta name=\"google-site-verification\" content=\"UA-32230408-1\" \/>\n\t<meta name=\"msvalidate.01\" content=\"354F3CDFB2DA171B47FBE9ABF1F88D5\" \/>\n\t<meta name=\"keywords\" content=\"deporte\" \/>\n\t<link rel=\"canonical\" href=\"https:\/\/candas365.es\/noticias\/bundesliga-clubes-ya-deciden-sobre-acceso-de-fans-no-vacunados\/\" \/>\n\t<meta name=\"generator\" content=\"All in One SEO Pro (AIOSEO) 4.9.6.2\" \/>\n\t\t<meta property=\"og:locale\" content=\"es_ES\" \/>\n\t\t<meta property=\"og:site_name\" content=\"Cand\u00e1s 365\" \/>\n\t\t<meta property=\"og:type\" content=\"article\" \/>\n\t\t<meta property=\"og:title\" content=\"Bundesliga: clubes ya deciden sobre acceso de fans no vacunados | Cand\u00e1s 365\" \/>\n\t\t<meta property=\"og:description\" content=\"La discusi\u00f3n sobre los derechos de los no vacunados ha llegado a la Bundesliga, y algunos clubes ya han anunciado que permitir\u00e1n la entrada solo a aficionados\" \/>\n\t\t<meta property=\"og:url\" content=\"https:\/\/candas365.es\/noticias\/bundesliga-clubes-ya-deciden-sobre-acceso-de-fans-no-vacunados\/\" \/>\n\t\t<meta property=\"og:image\" content=\"https:\/\/candas365.es\/noticias\/wp-content\/uploads\/2018\/06\/football-1406106_960_720-1.jpg\" \/>\n\t\t<meta property=\"og:image:secure_url\" content=\"https:\/\/candas365.es\/noticias\/wp-content\/uploads\/2018\/06\/football-1406106_960_720-1.jpg\" \/>\n\t\t<meta property=\"og:image:width\" content=\"960\" \/>\n\t\t<meta property=\"og:image:height\" content=\"643\" \/>\n\t\t<meta property=\"article:published_time\" content=\"2021-08-08T11:48:42+00:00\" \/>\n\t\t<meta property=\"article:modified_time\" content=\"2021-08-08T11:48:42+00:00\" \/>\n\t\t<meta property=\"article:publisher\" content=\"https:\/\/www.facebook.com\/Nachofdezber\" \/>\n\t\t<meta property=\"article:author\" content=\"https:\/\/www.facebook.com\/carrenoactualidad\" \/>\n\t\t<meta name=\"twitter:card\" content=\"summary_large_image\" \/>\n\t\t<meta name=\"twitter:site\" content=\"@NabercoDigital\" \/>\n\t\t<meta name=\"twitter:title\" content=\"Bundesliga: clubes ya deciden sobre acceso de fans no vacunados | Cand\u00e1s 365\" \/>\n\t\t<meta name=\"twitter:description\" content=\"La discusi\u00f3n sobre los derechos de los no vacunados ha llegado a la Bundesliga, y algunos clubes ya han anunciado que permitir\u00e1n la entrada solo a aficionados\" \/>\n\t\t<meta name=\"twitter:creator\" content=\"@nbasturias\" \/>\n\t\t<meta name=\"twitter:image\" content=\"https:\/\/candas365.es\/noticias\/wp-content\/uploads\/2018\/06\/football-1406106_960_720-1.jpg\" \/>\n\t\t<meta name=\"twitter:label1\" content=\"Escrito por\" \/>\n\t\t<meta name=\"twitter:data1\" content=\"Cand\u00e1s 365\" \/>\n\t\t<meta name=\"twitter:label2\" content=\"Tiempo de lectura estimado\" \/>\n\t\t<meta name=\"twitter:data2\" content=\"3 minutos\" \/>\n\t\t<script type=\"application\/ld+json\" class=\"aioseo-schema\">\n\t\t\t{\"@context\":\"https:\\\/\\\/schema.org\",\"@graph\":[{\"@type\":\"BreadcrumbList\",\"@id\":\"https:\\\/\\\/candas365.es\\\/noticias\\\/bundesliga-clubes-ya-deciden-sobre-acceso-de-fans-no-vacunados\\\/#breadcrumblist\",\"itemListElement\":[{\"@type\":\"ListItem\",\"@id\":\"https:\\\/\\\/candas365.es\\\/noticias#listItem\",\"position\":1,\"name\":\"Home\",\"item\":\"https:\\\/\\\/candas365.es\\\/noticias\",\"nextItem\":{\"@type\":\"ListItem\",\"@id\":\"https:\\\/\\\/candas365.es\\\/noticias\\\/category\\\/deporte\\\/#listItem\",\"name\":\"Deporte\"}},{\"@type\":\"ListItem\",\"@id\":\"https:\\\/\\\/candas365.es\\\/noticias\\\/category\\\/deporte\\\/#listItem\",\"position\":2,\"name\":\"Deporte\",\"item\":\"https:\\\/\\\/candas365.es\\\/noticias\\\/category\\\/deporte\\\/\",\"nextItem\":{\"@type\":\"ListItem\",\"@id\":\"https:\\\/\\\/candas365.es\\\/noticias\\\/bundesliga-clubes-ya-deciden-sobre-acceso-de-fans-no-vacunados\\\/#listItem\",\"name\":\"Bundesliga: clubes ya deciden sobre acceso de fans no vacunados\"},\"previousItem\":{\"@type\":\"ListItem\",\"@id\":\"https:\\\/\\\/candas365.es\\\/noticias#listItem\",\"name\":\"Home\"}},{\"@type\":\"ListItem\",\"@id\":\"https:\\\/\\\/candas365.es\\\/noticias\\\/bundesliga-clubes-ya-deciden-sobre-acceso-de-fans-no-vacunados\\\/#listItem\",\"position\":3,\"name\":\"Bundesliga: clubes ya deciden sobre acceso de fans no vacunados\",\"previousItem\":{\"@type\":\"ListItem\",\"@id\":\"https:\\\/\\\/candas365.es\\\/noticias\\\/category\\\/deporte\\\/#listItem\",\"name\":\"Deporte\"}}]},{\"@type\":\"NewsArticle\",\"@id\":\"https:\\\/\\\/candas365.es\\\/noticias\\\/bundesliga-clubes-ya-deciden-sobre-acceso-de-fans-no-vacunados\\\/#newsarticle\",\"name\":\"Bundesliga: clubes ya deciden sobre acceso de fans no vacunados | Cand\\u00e1s 365\",\"headline\":\"Bundesliga: clubes ya deciden sobre acceso de fans no vacunados\",\"author\":{\"@id\":\"https:\\\/\\\/candas365.es\\\/noticias\\\/author\\\/admin\\\/#author\"},\"publisher\":{\"@id\":\"https:\\\/\\\/candas365.es\\\/noticias\\\/#organization\"},\"image\":{\"@type\":\"ImageObject\",\"url\":\"https:\\\/\\\/candas365.es\\\/noticias\\\/wp-content\\\/uploads\\\/2018\\\/06\\\/football-1406106_960_720-1.jpg\",\"width\":960,\"height\":643},\"datePublished\":\"2021-08-08T11:48:42+02:00\",\"dateModified\":\"2021-08-08T11:48:42+02:00\",\"inLanguage\":\"es-ES\",\"mainEntityOfPage\":{\"@id\":\"https:\\\/\\\/candas365.es\\\/noticias\\\/bundesliga-clubes-ya-deciden-sobre-acceso-de-fans-no-vacunados\\\/#webpage\"},\"isPartOf\":{\"@id\":\"https:\\\/\\\/candas365.es\\\/noticias\\\/bundesliga-clubes-ya-deciden-sobre-acceso-de-fans-no-vacunados\\\/#webpage\"},\"articleSection\":\"Deporte\",\"dateline\":\"Publicado el agosto 8, 2021.\"},{\"@type\":\"Organization\",\"@id\":\"https:\\\/\\\/candas365.es\\\/noticias\\\/#organization\",\"name\":\"Cand\\u00e1s 365\",\"description\":\"Cand\\u00e1s 365 es un diario digital independiente, fundado en 2012, con base en Asturias. Informamos con rigor sobre actualidad, sociedad, cultura y ocio, con una mirada local y global.\",\"url\":\"https:\\\/\\\/candas365.es\\\/noticias\\\/\",\"email\":\"info@candas365.es\",\"telephone\":\"+34652131393\",\"foundingDate\":\"2012-06-10\",\"logo\":{\"@type\":\"ImageObject\",\"url\":\"https:\\\/\\\/candas365.es\\\/noticias\\\/wp-content\\\/uploads\\\/2024\\\/09\\\/Candas-365-Redes.jpg\",\"@id\":\"https:\\\/\\\/candas365.es\\\/noticias\\\/bundesliga-clubes-ya-deciden-sobre-acceso-de-fans-no-vacunados\\\/#organizationLogo\",\"width\":1152,\"height\":864,\"caption\":\"Cand\\u00e1s 365 Redes\"},\"image\":{\"@id\":\"https:\\\/\\\/candas365.es\\\/noticias\\\/bundesliga-clubes-ya-deciden-sobre-acceso-de-fans-no-vacunados\\\/#organizationLogo\"},\"sameAs\":[\"https:\\\/\\\/www.facebook.com\\\/Nachofdezber\",\"https:\\\/\\\/x.com\\\/NabercoDigital\",\"https:\\\/\\\/www.instagram.com\\\/nachofdezber\\\/\",\"https:\\\/\\\/www.youtube.com\\\/channel\\\/UCZP-2wLEB9Rv6erhFmqVnvg\"],\"address\":{\"@id\":\"https:\\\/\\\/candas365.es\\\/noticias\\\/#postaladdress\",\"@type\":\"PostalAddress\",\"streetAddress\":\"san antonio 4, san antonio 4\",\"postalCode\":\"33430\",\"addressLocality\":\"Cand\\u00e1s\",\"addressRegion\":\"Asturias\",\"addressCountry\":\"ES\"}},{\"@type\":\"Person\",\"@id\":\"https:\\\/\\\/candas365.es\\\/noticias\\\/author\\\/admin\\\/#author\",\"url\":\"https:\\\/\\\/candas365.es\\\/noticias\\\/author\\\/admin\\\/\",\"name\":\"Cand\\u00e1s 365\",\"image\":{\"@type\":\"ImageObject\",\"@id\":\"https:\\\/\\\/candas365.es\\\/noticias\\\/bundesliga-clubes-ya-deciden-sobre-acceso-de-fans-no-vacunados\\\/#authorImage\",\"url\":\"https:\\\/\\\/secure.gravatar.com\\\/avatar\\\/496a8e03d0c493ede1718b7934145dbdf8d89be1036b0eec9544e1094c9de390?s=96&d=mm&r=g\",\"width\":96,\"height\":96,\"caption\":\"Cand\\u00e1s 365\"},\"sameAs\":[\"https:\\\/\\\/www.facebook.com\\\/carrenoactualidad\",\"https:\\\/\\\/twitter.com\\\/nbasturias\",\"https:\\\/\\\/www.instagram.com\\\/nachofdezber\\\/\",\"https:\\\/\\\/www.youtube.com\\\/channel\\\/UCZP-2wLEB9Rv6erhFmqVnvg\"]},{\"@type\":\"WebPage\",\"@id\":\"https:\\\/\\\/candas365.es\\\/noticias\\\/bundesliga-clubes-ya-deciden-sobre-acceso-de-fans-no-vacunados\\\/#webpage\",\"url\":\"https:\\\/\\\/candas365.es\\\/noticias\\\/bundesliga-clubes-ya-deciden-sobre-acceso-de-fans-no-vacunados\\\/\",\"name\":\"Bundesliga: clubes ya deciden sobre acceso de fans no vacunados | Cand\\u00e1s 365\",\"description\":\"La discusi\\u00f3n sobre los derechos de los no vacunados ha llegado a la Bundesliga, y algunos clubes ya han anunciado que permitir\\u00e1n la entrada solo a aficionados\",\"inLanguage\":\"es-ES\",\"isPartOf\":{\"@id\":\"https:\\\/\\\/candas365.es\\\/noticias\\\/#website\"},\"breadcrumb\":{\"@id\":\"https:\\\/\\\/candas365.es\\\/noticias\\\/bundesliga-clubes-ya-deciden-sobre-acceso-de-fans-no-vacunados\\\/#breadcrumblist\"},\"author\":{\"@id\":\"https:\\\/\\\/candas365.es\\\/noticias\\\/author\\\/admin\\\/#author\"},\"creator\":{\"@id\":\"https:\\\/\\\/candas365.es\\\/noticias\\\/author\\\/admin\\\/#author\"},\"image\":{\"@type\":\"ImageObject\",\"url\":\"https:\\\/\\\/candas365.es\\\/noticias\\\/wp-content\\\/uploads\\\/2018\\\/06\\\/football-1406106_960_720-1.jpg\",\"@id\":\"https:\\\/\\\/candas365.es\\\/noticias\\\/bundesliga-clubes-ya-deciden-sobre-acceso-de-fans-no-vacunados\\\/#mainImage\",\"width\":960,\"height\":643},\"primaryImageOfPage\":{\"@id\":\"https:\\\/\\\/candas365.es\\\/noticias\\\/bundesliga-clubes-ya-deciden-sobre-acceso-de-fans-no-vacunados\\\/#mainImage\"},\"datePublished\":\"2021-08-08T11:48:42+02:00\",\"dateModified\":\"2021-08-08T11:48:42+02:00\"},{\"@type\":\"WebSite\",\"@id\":\"https:\\\/\\\/candas365.es\\\/noticias\\\/#website\",\"url\":\"https:\\\/\\\/candas365.es\\\/noticias\\\/\",\"name\":\"Cand\\u00e1s 365\",\"alternateName\":\"Cand\\u00e1s 365 Noticias\",\"description\":\"Actualidad desde Carre\\u00f1o para el mundo\",\"inLanguage\":\"es-ES\",\"publisher\":{\"@id\":\"https:\\\/\\\/candas365.es\\\/noticias\\\/#organization\"}}]}\n\t\t<\/script>\n\t\t<!-- All in One SEO Pro -->\r\n\t\t<title>Bundesliga: clubes ya deciden sobre acceso de fans no vacunados | Cand\u00e1s 365<\/title>\n\n","aioseo_head_json":{"title":"Bundesliga: clubes ya deciden sobre acceso de fans no vacunados | Cand\u00e1s 365","description":"La discusi\u00f3n sobre los derechos de los no vacunados ha llegado a la Bundesliga, y algunos clubes ya han anunciado que permitir\u00e1n la entrada solo a aficionados","canonical_url":"https:\/\/candas365.es\/noticias\/bundesliga-clubes-ya-deciden-sobre-acceso-de-fans-no-vacunados\/","robots":"max-image-preview:large","keywords":"deporte","webmasterTools":{"google-site-verification":"UA-32230408-1","msvalidate.01":"354F3CDFB2DA171B47FBE9ABF1F88D5","miscellaneous":""},"schema":{"@context":"https:\/\/schema.org","@graph":[{"@type":"BreadcrumbList","@id":"https:\/\/candas365.es\/noticias\/bundesliga-clubes-ya-deciden-sobre-acceso-de-fans-no-vacunados\/#breadcrumblist","itemListElement":[{"@type":"ListItem","@id":"https:\/\/candas365.es\/noticias#listItem","position":1,"name":"Home","item":"https:\/\/candas365.es\/noticias","nextItem":{"@type":"ListItem","@id":"https:\/\/candas365.es\/noticias\/category\/deporte\/#listItem","name":"Deporte"}},{"@type":"ListItem","@id":"https:\/\/candas365.es\/noticias\/category\/deporte\/#listItem","position":2,"name":"Deporte","item":"https:\/\/candas365.es\/noticias\/category\/deporte\/","nextItem":{"@type":"ListItem","@id":"https:\/\/candas365.es\/noticias\/bundesliga-clubes-ya-deciden-sobre-acceso-de-fans-no-vacunados\/#listItem","name":"Bundesliga: clubes ya deciden sobre acceso de fans no vacunados"},"previousItem":{"@type":"ListItem","@id":"https:\/\/candas365.es\/noticias#listItem","name":"Home"}},{"@type":"ListItem","@id":"https:\/\/candas365.es\/noticias\/bundesliga-clubes-ya-deciden-sobre-acceso-de-fans-no-vacunados\/#listItem","position":3,"name":"Bundesliga: clubes ya deciden sobre acceso de fans no vacunados","previousItem":{"@type":"ListItem","@id":"https:\/\/candas365.es\/noticias\/category\/deporte\/#listItem","name":"Deporte"}}]},{"@type":"NewsArticle","@id":"https:\/\/candas365.es\/noticias\/bundesliga-clubes-ya-deciden-sobre-acceso-de-fans-no-vacunados\/#newsarticle","name":"Bundesliga: clubes ya deciden sobre acceso de fans no vacunados | Cand\u00e1s 365","headline":"Bundesliga: clubes ya deciden sobre acceso de fans no vacunados","author":{"@id":"https:\/\/candas365.es\/noticias\/author\/admin\/#author"},"publisher":{"@id":"https:\/\/candas365.es\/noticias\/#organization"},"image":{"@type":"ImageObject","url":"https:\/\/candas365.es\/noticias\/wp-content\/uploads\/2018\/06\/football-1406106_960_720-1.jpg","width":960,"height":643},"datePublished":"2021-08-08T11:48:42+02:00","dateModified":"2021-08-08T11:48:42+02:00","inLanguage":"es-ES","mainEntityOfPage":{"@id":"https:\/\/candas365.es\/noticias\/bundesliga-clubes-ya-deciden-sobre-acceso-de-fans-no-vacunados\/#webpage"},"isPartOf":{"@id":"https:\/\/candas365.es\/noticias\/bundesliga-clubes-ya-deciden-sobre-acceso-de-fans-no-vacunados\/#webpage"},"articleSection":"Deporte","dateline":"Publicado el agosto 8, 2021."},{"@type":"Organization","@id":"https:\/\/candas365.es\/noticias\/#organization","name":"Cand\u00e1s 365","description":"Cand\u00e1s 365 es un diario digital independiente, fundado en 2012, con base en Asturias. Informamos con rigor sobre actualidad, sociedad, cultura y ocio, con una mirada local y global.","url":"https:\/\/candas365.es\/noticias\/","email":"info@candas365.es","telephone":"+34652131393","foundingDate":"2012-06-10","logo":{"@type":"ImageObject","url":"https:\/\/candas365.es\/noticias\/wp-content\/uploads\/2024\/09\/Candas-365-Redes.jpg","@id":"https:\/\/candas365.es\/noticias\/bundesliga-clubes-ya-deciden-sobre-acceso-de-fans-no-vacunados\/#organizationLogo","width":1152,"height":864,"caption":"Cand\u00e1s 365 Redes"},"image":{"@id":"https:\/\/candas365.es\/noticias\/bundesliga-clubes-ya-deciden-sobre-acceso-de-fans-no-vacunados\/#organizationLogo"},"sameAs":["https:\/\/www.facebook.com\/Nachofdezber","https:\/\/x.com\/NabercoDigital","https:\/\/www.instagram.com\/nachofdezber\/","https:\/\/www.youtube.com\/channel\/UCZP-2wLEB9Rv6erhFmqVnvg"],"address":{"@id":"https:\/\/candas365.es\/noticias\/#postaladdress","@type":"PostalAddress","streetAddress":"san antonio 4, san antonio 4","postalCode":"33430","addressLocality":"Cand\u00e1s","addressRegion":"Asturias","addressCountry":"ES"}},{"@type":"Person","@id":"https:\/\/candas365.es\/noticias\/author\/admin\/#author","url":"https:\/\/candas365.es\/noticias\/author\/admin\/","name":"Cand\u00e1s 365","image":{"@type":"ImageObject","@id":"https:\/\/candas365.es\/noticias\/bundesliga-clubes-ya-deciden-sobre-acceso-de-fans-no-vacunados\/#authorImage","url":"https:\/\/secure.gravatar.com\/avatar\/496a8e03d0c493ede1718b7934145dbdf8d89be1036b0eec9544e1094c9de390?s=96&d=mm&r=g","width":96,"height":96,"caption":"Cand\u00e1s 365"},"sameAs":["https:\/\/www.facebook.com\/carrenoactualidad","https:\/\/twitter.com\/nbasturias","https:\/\/www.instagram.com\/nachofdezber\/","https:\/\/www.youtube.com\/channel\/UCZP-2wLEB9Rv6erhFmqVnvg"]},{"@type":"WebPage","@id":"https:\/\/candas365.es\/noticias\/bundesliga-clubes-ya-deciden-sobre-acceso-de-fans-no-vacunados\/#webpage","url":"https:\/\/candas365.es\/noticias\/bundesliga-clubes-ya-deciden-sobre-acceso-de-fans-no-vacunados\/","name":"Bundesliga: clubes ya deciden sobre acceso de fans no vacunados | Cand\u00e1s 365","description":"La discusi\u00f3n sobre los derechos de los no vacunados ha llegado a la Bundesliga, y algunos clubes ya han anunciado que permitir\u00e1n la entrada solo a aficionados","inLanguage":"es-ES","isPartOf":{"@id":"https:\/\/candas365.es\/noticias\/#website"},"breadcrumb":{"@id":"https:\/\/candas365.es\/noticias\/bundesliga-clubes-ya-deciden-sobre-acceso-de-fans-no-vacunados\/#breadcrumblist"},"author":{"@id":"https:\/\/candas365.es\/noticias\/author\/admin\/#author"},"creator":{"@id":"https:\/\/candas365.es\/noticias\/author\/admin\/#author"},"image":{"@type":"ImageObject","url":"https:\/\/candas365.es\/noticias\/wp-content\/uploads\/2018\/06\/football-1406106_960_720-1.jpg","@id":"https:\/\/candas365.es\/noticias\/bundesliga-clubes-ya-deciden-sobre-acceso-de-fans-no-vacunados\/#mainImage","width":960,"height":643},"primaryImageOfPage":{"@id":"https:\/\/candas365.es\/noticias\/bundesliga-clubes-ya-deciden-sobre-acceso-de-fans-no-vacunados\/#mainImage"},"datePublished":"2021-08-08T11:48:42+02:00","dateModified":"2021-08-08T11:48:42+02:00"},{"@type":"WebSite","@id":"https:\/\/candas365.es\/noticias\/#website","url":"https:\/\/candas365.es\/noticias\/","name":"Cand\u00e1s 365","alternateName":"Cand\u00e1s 365 Noticias","description":"Actualidad desde Carre\u00f1o para el mundo","inLanguage":"es-ES","publisher":{"@id":"https:\/\/candas365.es\/noticias\/#organization"}}]},"og:locale":"es_ES","og:site_name":"Cand\u00e1s 365","og:type":"article","og:title":"Bundesliga: clubes ya deciden sobre acceso de fans no vacunados | Cand\u00e1s 365","og:description":"La discusi\u00f3n sobre los derechos de los no vacunados ha llegado a la Bundesliga, y algunos clubes ya han anunciado que permitir\u00e1n la entrada solo a aficionados","og:url":"https:\/\/candas365.es\/noticias\/bundesliga-clubes-ya-deciden-sobre-acceso-de-fans-no-vacunados\/","og:image":"https:\/\/candas365.es\/noticias\/wp-content\/uploads\/2018\/06\/football-1406106_960_720-1.jpg","og:image:secure_url":"https:\/\/candas365.es\/noticias\/wp-content\/uploads\/2018\/06\/football-1406106_960_720-1.jpg","og:image:width":960,"og:image:height":643,"article:published_time":"2021-08-08T11:48:42+00:00","article:modified_time":"2021-08-08T11:48:42+00:00","article:publisher":"https:\/\/www.facebook.com\/Nachofdezber","article:author":"https:\/\/www.facebook.com\/carrenoactualidad","twitter:card":"summary_large_image","twitter:site":"@NabercoDigital","twitter:title":"Bundesliga: clubes ya deciden sobre acceso de fans no vacunados | Cand\u00e1s 365","twitter:description":"La discusi\u00f3n sobre los derechos de los no vacunados ha llegado a la Bundesliga, y algunos clubes ya han anunciado que permitir\u00e1n la entrada solo a aficionados","twitter:creator":"@nbasturias","twitter:image":"https:\/\/candas365.es\/noticias\/wp-content\/uploads\/2018\/06\/football-1406106_960_720-1.jpg","twitter:label1":"Escrito por","twitter:data1":"Cand\u00e1s 365","twitter:label2":"Tiempo de lectura estimado","twitter:data2":"3 minutos"},"aioseo_meta_data":{"post_id":"157294","title":null,"description":"La discusi\u00f3n sobre los derechos de los no vacunados ha llegado a la Bundesliga, y algunos clubes ya han anunciado que permitir\u00e1n la entrada solo a aficionados","keywords":[],"keyphrases":{"focus":[],"additional":[]},"primary_term":null,"canonical_url":null,"og_title":null,"og_description":null,"og_object_type":"default","og_image_type":"default","og_image_url":null,"og_image_width":null,"og_image_height":null,"og_image_custom_url":null,"og_image_custom_fields":null,"og_video":"","og_custom_url":null,"og_article_section":null,"og_article_tags":[],"twitter_use_og":false,"twitter_card":"default","twitter_image_type":"default","twitter_image_url":null,"twitter_image_custom_url":null,"twitter_image_custom_fields":null,"twitter_title":null,"twitter_description":null,"schema":{"blockGraphs":[],"customGraphs":[],"default":{"data":{"Article":[],"Course":[],"Dataset":[],"FAQPage":[],"Movie":[],"Person":[],"Product":[],"ProductReview":[],"Car":[],"Recipe":[],"Service":[],"SoftwareApplication":[],"WebPage":[]},"graphName":"","isEnabled":true},"graphs":[]},"schema_type":"default","schema_type_options":"{\"article\":{\"articleType\":\"BlogPosting\"},\"course\":{\"name\":\"\",\"description\":\"\",\"provider\":\"\"},\"faq\":{\"pages\":[]},\"product\":{\"reviews\":[]},\"recipe\":{\"ingredients\":[],\"instructions\":[],\"keywords\":[]},\"software\":{\"reviews\":[],\"operatingSystems\":[]},\"webPage\":{\"webPageType\":\"WebPage\"}}","pillar_content":false,"robots_default":true,"robots_noindex":false,"robots_noarchive":false,"robots_nosnippet":false,"robots_nofollow":false,"robots_noimageindex":false,"robots_noodp":false,"robots_notranslate":false,"robots_max_snippet":"-1","robots_max_videopreview":"-1","robots_max_imagepreview":"large","priority":null,"frequency":"default","location":null,"local_seo":{"locations":{"business":{"name":"","businessType":"","image":"","areaServed":"","urls":{"website":"","aboutPage":"","contactPage":""},"address":{"streetLine1":"","streetLine2":"","zipCode":"","city":"","state":"","country":"","addressFormat":"#streetLineOne\n#streetLineTwo\n#city, #state #zipCode"},"contact":{"email":"","phone":"","phoneFormatted":"","fax":"","faxFormatted":""},"ids":{"vat":"","tax":"","chamberOfCommerce":""},"payment":{"priceRange":"","currenciesAccepted":"","methods":""}}},"openingHours":{"useDefaults":true,"show":true,"alwaysOpen":false,"use24hFormat":false,"timezone":"","labels":{"closed":"","alwaysOpen":""},"days":{"monday":{"open24h":false,"closed":false,"openTime":"09:00","closeTime":"17:00"},"tuesday":{"open24h":false,"closed":false,"openTime":"09:00","closeTime":"17:00"},"wednesday":{"open24h":false,"closed":false,"openTime":"09:00","closeTime":"17:00"},"thursday":{"open24h":false,"closed":false,"openTime":"09:00","closeTime":"17:00"},"friday":{"open24h":false,"closed":false,"openTime":"09:00","closeTime":"17:00"},"saturday":{"open24h":false,"closed":false,"openTime":"09:00","closeTime":"17:00"},"sunday":{"open24h":false,"closed":false,"openTime":"09:00","closeTime":"17:00"}}}},"seo_analyzer_scan_date":"2025-09-01 00:38:08","breadcrumb_settings":null,"limit_modified_date":false,"reviewed_by":null,"open_ai":null,"ai":null,"created":"2021-08-08 11:47:35","updated":"2025-09-01 00:38:08"},"aioseo_breadcrumb":"<div class=\"aioseo-breadcrumbs\"><span class=\"aioseo-breadcrumb\">\n\t<a href=\"https:\/\/candas365.es\/noticias\" title=\"Home\">Home<\/a>\n<\/span><span class=\"aioseo-breadcrumb-separator\">&ndash;<\/span><span class=\"aioseo-breadcrumb\">\n\t<a href=\"https:\/\/candas365.es\/noticias\/category\/deporte\/\" title=\"Deporte\">Deporte<\/a>\n<\/span><span class=\"aioseo-breadcrumb-separator\">&ndash;<\/span><span class=\"aioseo-breadcrumb\">\n\tBundesliga: clubes ya deciden sobre acceso de fans no vacunados\n<\/span><\/div>","aioseo_breadcrumb_json":[{"label":"Home","link":"https:\/\/candas365.es\/noticias"},{"label":"Deporte","link":"https:\/\/candas365.es\/noticias\/category\/deporte\/"},{"label":"Bundesliga: clubes ya deciden sobre acceso de fans no vacunados","link":"https:\/\/candas365.es\/noticias\/bundesliga-clubes-ya-deciden-sobre-acceso-de-fans-no-vacunados\/"}],"_links":{"self":[{"href":"https:\/\/candas365.es\/noticias\/wp-json\/wp\/v2\/posts\/157294","targetHints":{"allow":["GET"]}}],"collection":[{"href":"https:\/\/candas365.es\/noticias\/wp-json\/wp\/v2\/posts"}],"about":[{"href":"https:\/\/candas365.es\/noticias\/wp-json\/wp\/v2\/types\/post"}],"author":[{"embeddable":true,"href":"https:\/\/candas365.es\/noticias\/wp-json\/wp\/v2\/users\/1"}],"replies":[{"embeddable":true,"href":"https:\/\/candas365.es\/noticias\/wp-json\/wp\/v2\/comments?post=157294"}],"version-history":[{"count":0,"href":"https:\/\/candas365.es\/noticias\/wp-json\/wp\/v2\/posts\/157294\/revisions"}],"wp:featuredmedia":[{"embeddable":true,"href":"https:\/\/candas365.es\/noticias\/wp-json\/wp\/v2\/media\/98026"}],"wp:attachment":[{"href":"https:\/\/candas365.es\/noticias\/wp-json\/wp\/v2\/media?parent=157294"}],"wp:term":[{"taxonomy":"category","embeddable":true,"href":"https:\/\/candas365.es\/noticias\/wp-json\/wp\/v2\/categories?post=157294"},{"taxonomy":"post_tag","embeddable":true,"href":"https:\/\/candas365.es\/noticias\/wp-json\/wp\/v2\/tags?post=157294"}],"curies":[{"name":"wp","href":"https:\/\/api.w.org\/{rel}","templated":true}]}}