{"id":157286,"date":"2021-08-08T11:43:04","date_gmt":"2021-08-08T11:43:04","guid":{"rendered":"http:\/\/candas365.es\/noticias\/?p=157286"},"modified":"2021-08-08T11:43:04","modified_gmt":"2021-08-08T11:43:04","slug":"alemania-orgullosa-de-la-medalla-de-plata-en-tenis-de-mesa","status":"publish","type":"post","link":"https:\/\/candas365.es\/noticias\/alemania-orgullosa-de-la-medalla-de-plata-en-tenis-de-mesa\/","title":{"rendered":"Alemania, orgullosa de la medalla de plata en tenis de mesa"},"content":{"rendered":"<p>Tokio, 6 ago (dpa) &#8211; Alemania confiaba en conquistar la medalla de oro en tenis de mesa por equipo masculino en los Juegos Ol\u00edmpicos de Tokio 2020, pero la poderosa China fue demasiado y frustr\u00f3 su objetivo.<\/p>\n<figure id=\"attachment_157287\" aria-describedby=\"caption-attachment-157287\" style=\"width: 650px\" class=\"wp-caption aligncenter\"><img fetchpriority=\"high\" decoding=\"async\" class=\"wp-image-157287 size-large\" src=\"https:\/\/candas365.es\/noticias\/wp-content\/uploads\/2021\/08\/Tokio-2020-650x451.jpg\" alt=\"\" width=\"650\" height=\"451\" srcset=\"https:\/\/candas365.es\/noticias\/wp-content\/uploads\/2021\/08\/Tokio-2020-650x451.jpg 650w, https:\/\/candas365.es\/noticias\/wp-content\/uploads\/2021\/08\/Tokio-2020-360x250.jpg 360w, https:\/\/candas365.es\/noticias\/wp-content\/uploads\/2021\/08\/Tokio-2020-768x533.jpg 768w, https:\/\/candas365.es\/noticias\/wp-content\/uploads\/2021\/08\/Tokio-2020.jpg 956w\" sizes=\"(max-width: 650px) 100vw, 650px\" \/><figcaption id=\"caption-attachment-157287\" class=\"wp-caption-text\">Foto: Swen Pf\u00f6rtner\/dpa<\/figcaption><\/figure>\n<p>Timo Boll salud\u00f3 con una sonrisa agridulce a los chinos, otra vez superiores, antes de caer en los brazos de sus compa\u00f1eros tras el sue\u00f1o de oro roto.<\/p>\n<p>Los jugadores alemanes cayeron por 3-0 ante China en la final ol\u00edmpica y ganaron la medalla de plata, al igual que en 2008. En tanto, el alem\u00e1n Dimitrij Ovtcharov se llev\u00f3 el bronce en individual masculino.<\/p>\n<p>Solo ganaron tres de los doce sets en la final de hoy, un resultado decepcionante que no fue suficiente para sus expectativas.<\/p>\n<p>No obstante, el tr\u00edo alem\u00e1n puede celebrar su segundo puesto como un gran \u00e9xito. El oro no era de esperar en vista del dominio de los asi\u00e1ticos en este deporte.<\/p>\n<p>\u00abHemos jugado un gran torneo, tambi\u00e9n en la final. Tuvimos nuestra peque\u00f1a posibilidad. Estamos muy orgullosos de este torneo y m\u00e1s que satisfechos con la medalla de plata\u00bb, declar\u00f3 el entrenador alem\u00e1n, J\u00f6rg Rosskopf.<\/p>\n<p>\u00abNuestro equipo le hizo cosquillas al drag\u00f3n chino, luch\u00f3 con valent\u00eda contra \u00e9l, pero lamentablemente al final no logr\u00f3 domarlo\u00bb, evalu\u00f3 el presidente de la Federaci\u00f3n Alemana de Tenis de Mesa (DTTB), Michael Geiger, desde Alemania.<\/p>\n<p>\u00abEn suma, tanto nuestras mujeres como nuestros hombres se presentaron de forma excelente en Tokio y ganaron muchos nuevos seguidores. El equipo de jugadores, entrenadores y personal de apoyo ha trabajado muy bien. Dos medallas son un resultado excelente\u00bb, destac\u00f3.<\/p>\n<p>Luego de la plata ganada hace 13 a\u00f1os y los dos bronces de 2012 y 2016, esta es la cuarta medalla consecutiva para el equipo masculino alem\u00e1n en competencias ol\u00edmpicas.<\/p>\n<p>Y la medalla conquistada hoy se suma a la de bronce ganada por Ovtcharov en individuales. En tanto, el equipo femenino perdi\u00f3 el partido por la medalla de bronce.<\/p>\n<p>Ovtcharov y sus compa\u00f1eros de equipo hab\u00edan so\u00f1ado m\u00e1s que nunca con la sensaci\u00f3n de enfrentarse a los aspirantes chinos por la medalla de oro.<\/p>\n<p>Pero los chinos, con los tres jugadores que lideran el ranking mundial, fueron otra vez demasiado fuertes para los alemanes y se llevaron la victoria por cuarta vez en la cuarta edici\u00f3n de este formato de competici\u00f3n.<\/p>\n<p>El campe\u00f3n ol\u00edmpico individual Ma Long complet\u00f3 su colecci\u00f3n con una quinta medalla de oro. Sin embargo, Ovtcharov ha sido condecorado con una medalla ol\u00edmpica por sexta vez: ning\u00fan otro atleta del tenis de mesa puede presumir de esta cifra.<\/p>\n<p>La derrota por un claro 3-0 de Boll y Franziska frustr\u00f3 el plan de poner a la cabeza de serie n\u00famero uno bajo presi\u00f3n con una victoria inicial.<\/p>\n<p>El d\u00fao germano se qued\u00f3 claramente atr\u00e1s demasiado r\u00e1pido ante Ma Long y Xu Xin. Los chinos animaron con fuerza cada punto, apoyados por un grupo inusualmente numeroso de unos 25 compatriotas s\u00f3lo en el bloque de apoyo.<\/p>\n<p>Por Kristina Puck, Maximilian Haupt y Tom Bachmann (dpa)<\/p>\n","protected":false},"excerpt":{"rendered":"<p>Tokio, 6 ago (dpa) &#8211; Alemania confiaba en conquistar la medalla de oro en tenis de mesa por equipo masculino en los Juegos Ol\u00edmpicos de Tokio 2020, pero la poderosa China fue demasiado y frustr\u00f3 su objetivo. Timo Boll salud\u00f3 con una sonrisa agridulce a los chinos, otra vez superiores, antes de caer en los<\/p>\n","protected":false},"author":1,"featured_media":157287,"comment_status":"closed","ping_status":"closed","sticky":false,"template":"","format":"standard","meta":{"footnotes":""},"categories":[319],"tags":[],"class_list":{"0":"post-157286","1":"post","2":"type-post","3":"status-publish","4":"format-standard","5":"has-post-thumbnail","7":"category-deporte"},"aioseo_notices":[],"aioseo_head":"\n\t\t<!-- All in One SEO Pro 4.9.6.2 - aioseo.com -->\n\t<meta name=\"description\" content=\"Alemania confiaba en conquistar la medalla de oro en tenis de mesa por equipo masculino en los Juegos Ol\u00edmpicos de Tokio 2020\" \/>\n\t<meta name=\"robots\" content=\"max-image-preview:large\" \/>\n\t<meta name=\"author\" content=\"Cand\u00e1s 365\"\/>\n\t<meta name=\"google-site-verification\" content=\"UA-32230408-1\" \/>\n\t<meta name=\"msvalidate.01\" content=\"354F3CDFB2DA171B47FBE9ABF1F88D5\" \/>\n\t<meta name=\"keywords\" content=\"deporte\" \/>\n\t<link rel=\"canonical\" href=\"https:\/\/candas365.es\/noticias\/alemania-orgullosa-de-la-medalla-de-plata-en-tenis-de-mesa\/\" \/>\n\t<meta name=\"generator\" content=\"All in One SEO Pro (AIOSEO) 4.9.6.2\" \/>\n\t\t<meta property=\"og:locale\" content=\"es_ES\" \/>\n\t\t<meta property=\"og:site_name\" content=\"Cand\u00e1s 365\" \/>\n\t\t<meta property=\"og:type\" content=\"article\" \/>\n\t\t<meta property=\"og:title\" content=\"Alemania, orgullosa de la medalla de plata en tenis de mesa | Cand\u00e1s 365\" \/>\n\t\t<meta property=\"og:description\" content=\"Alemania confiaba en conquistar la medalla de oro en tenis de mesa por equipo masculino en los Juegos Ol\u00edmpicos de Tokio 2020\" \/>\n\t\t<meta property=\"og:url\" content=\"https:\/\/candas365.es\/noticias\/alemania-orgullosa-de-la-medalla-de-plata-en-tenis-de-mesa\/\" \/>\n\t\t<meta property=\"og:image\" content=\"https:\/\/candas365.es\/noticias\/wp-content\/uploads\/2021\/08\/Tokio-2020.jpg\" \/>\n\t\t<meta property=\"og:image:secure_url\" content=\"https:\/\/candas365.es\/noticias\/wp-content\/uploads\/2021\/08\/Tokio-2020.jpg\" \/>\n\t\t<meta property=\"og:image:width\" content=\"956\" \/>\n\t\t<meta property=\"og:image:height\" content=\"664\" \/>\n\t\t<meta property=\"article:published_time\" content=\"2021-08-08T11:43:04+00:00\" \/>\n\t\t<meta property=\"article:modified_time\" content=\"2021-08-08T11:43:04+00:00\" \/>\n\t\t<meta property=\"article:publisher\" content=\"https:\/\/www.facebook.com\/Nachofdezber\" \/>\n\t\t<meta property=\"article:author\" content=\"https:\/\/www.facebook.com\/carrenoactualidad\" \/>\n\t\t<meta name=\"twitter:card\" content=\"summary_large_image\" \/>\n\t\t<meta name=\"twitter:site\" content=\"@NabercoDigital\" \/>\n\t\t<meta name=\"twitter:title\" content=\"Alemania, orgullosa de la medalla de plata en tenis de mesa | Cand\u00e1s 365\" \/>\n\t\t<meta name=\"twitter:description\" content=\"Alemania confiaba en conquistar la medalla de oro en tenis de mesa por equipo masculino en los Juegos Ol\u00edmpicos de Tokio 2020\" \/>\n\t\t<meta name=\"twitter:creator\" content=\"@nbasturias\" \/>\n\t\t<meta name=\"twitter:image\" content=\"https:\/\/candas365.es\/noticias\/wp-content\/uploads\/2021\/08\/Tokio-2020.jpg\" \/>\n\t\t<meta name=\"twitter:label1\" content=\"Escrito por\" \/>\n\t\t<meta name=\"twitter:data1\" content=\"Cand\u00e1s 365\" \/>\n\t\t<meta name=\"twitter:label2\" content=\"Tiempo de lectura estimado\" \/>\n\t\t<meta name=\"twitter:data2\" content=\"3 minutos\" \/>\n\t\t<script type=\"application\/ld+json\" class=\"aioseo-schema\">\n\t\t\t{\"@context\":\"https:\\\/\\\/schema.org\",\"@graph\":[{\"@type\":\"BreadcrumbList\",\"@id\":\"https:\\\/\\\/candas365.es\\\/noticias\\\/alemania-orgullosa-de-la-medalla-de-plata-en-tenis-de-mesa\\\/#breadcrumblist\",\"itemListElement\":[{\"@type\":\"ListItem\",\"@id\":\"https:\\\/\\\/candas365.es\\\/noticias#listItem\",\"position\":1,\"name\":\"Home\",\"item\":\"https:\\\/\\\/candas365.es\\\/noticias\",\"nextItem\":{\"@type\":\"ListItem\",\"@id\":\"https:\\\/\\\/candas365.es\\\/noticias\\\/category\\\/deporte\\\/#listItem\",\"name\":\"Deporte\"}},{\"@type\":\"ListItem\",\"@id\":\"https:\\\/\\\/candas365.es\\\/noticias\\\/category\\\/deporte\\\/#listItem\",\"position\":2,\"name\":\"Deporte\",\"item\":\"https:\\\/\\\/candas365.es\\\/noticias\\\/category\\\/deporte\\\/\",\"nextItem\":{\"@type\":\"ListItem\",\"@id\":\"https:\\\/\\\/candas365.es\\\/noticias\\\/alemania-orgullosa-de-la-medalla-de-plata-en-tenis-de-mesa\\\/#listItem\",\"name\":\"Alemania, orgullosa de la medalla de plata en tenis de mesa\"},\"previousItem\":{\"@type\":\"ListItem\",\"@id\":\"https:\\\/\\\/candas365.es\\\/noticias#listItem\",\"name\":\"Home\"}},{\"@type\":\"ListItem\",\"@id\":\"https:\\\/\\\/candas365.es\\\/noticias\\\/alemania-orgullosa-de-la-medalla-de-plata-en-tenis-de-mesa\\\/#listItem\",\"position\":3,\"name\":\"Alemania, orgullosa de la medalla de plata en tenis de mesa\",\"previousItem\":{\"@type\":\"ListItem\",\"@id\":\"https:\\\/\\\/candas365.es\\\/noticias\\\/category\\\/deporte\\\/#listItem\",\"name\":\"Deporte\"}}]},{\"@type\":\"NewsArticle\",\"@id\":\"https:\\\/\\\/candas365.es\\\/noticias\\\/alemania-orgullosa-de-la-medalla-de-plata-en-tenis-de-mesa\\\/#newsarticle\",\"name\":\"Alemania, orgullosa de la medalla de plata en tenis de mesa | Cand\\u00e1s 365\",\"headline\":\"Alemania, orgullosa de la medalla de plata en tenis de mesa\",\"author\":{\"@id\":\"https:\\\/\\\/candas365.es\\\/noticias\\\/author\\\/admin\\\/#author\"},\"publisher\":{\"@id\":\"https:\\\/\\\/candas365.es\\\/noticias\\\/#organization\"},\"image\":{\"@type\":\"ImageObject\",\"url\":\"https:\\\/\\\/candas365.es\\\/noticias\\\/wp-content\\\/uploads\\\/2021\\\/08\\\/Tokio-2020.jpg\",\"width\":956,\"height\":664,\"caption\":\"Foto: Swen Pf\\u00f6rtner\\\/dpa\"},\"datePublished\":\"2021-08-08T11:43:04+02:00\",\"dateModified\":\"2021-08-08T11:43:04+02:00\",\"inLanguage\":\"es-ES\",\"mainEntityOfPage\":{\"@id\":\"https:\\\/\\\/candas365.es\\\/noticias\\\/alemania-orgullosa-de-la-medalla-de-plata-en-tenis-de-mesa\\\/#webpage\"},\"isPartOf\":{\"@id\":\"https:\\\/\\\/candas365.es\\\/noticias\\\/alemania-orgullosa-de-la-medalla-de-plata-en-tenis-de-mesa\\\/#webpage\"},\"articleSection\":\"Deporte\",\"dateline\":\"Publicado el agosto 8, 2021.\"},{\"@type\":\"Organization\",\"@id\":\"https:\\\/\\\/candas365.es\\\/noticias\\\/#organization\",\"name\":\"Cand\\u00e1s 365\",\"description\":\"Cand\\u00e1s 365 es un diario digital independiente, fundado en 2012, con base en Asturias. Informamos con rigor sobre actualidad, sociedad, cultura y ocio, con una mirada local y global.\",\"url\":\"https:\\\/\\\/candas365.es\\\/noticias\\\/\",\"email\":\"info@candas365.es\",\"telephone\":\"+34652131393\",\"foundingDate\":\"2012-06-10\",\"logo\":{\"@type\":\"ImageObject\",\"url\":\"https:\\\/\\\/candas365.es\\\/noticias\\\/wp-content\\\/uploads\\\/2024\\\/09\\\/Candas-365-Redes.jpg\",\"@id\":\"https:\\\/\\\/candas365.es\\\/noticias\\\/alemania-orgullosa-de-la-medalla-de-plata-en-tenis-de-mesa\\\/#organizationLogo\",\"width\":1152,\"height\":864,\"caption\":\"Cand\\u00e1s 365 Redes\"},\"image\":{\"@id\":\"https:\\\/\\\/candas365.es\\\/noticias\\\/alemania-orgullosa-de-la-medalla-de-plata-en-tenis-de-mesa\\\/#organizationLogo\"},\"sameAs\":[\"https:\\\/\\\/www.facebook.com\\\/Nachofdezber\",\"https:\\\/\\\/x.com\\\/NabercoDigital\",\"https:\\\/\\\/www.instagram.com\\\/nachofdezber\\\/\",\"https:\\\/\\\/www.youtube.com\\\/channel\\\/UCZP-2wLEB9Rv6erhFmqVnvg\"],\"address\":{\"@id\":\"https:\\\/\\\/candas365.es\\\/noticias\\\/#postaladdress\",\"@type\":\"PostalAddress\",\"streetAddress\":\"san antonio 4, san antonio 4\",\"postalCode\":\"33430\",\"addressLocality\":\"Cand\\u00e1s\",\"addressRegion\":\"Asturias\",\"addressCountry\":\"ES\"}},{\"@type\":\"Person\",\"@id\":\"https:\\\/\\\/candas365.es\\\/noticias\\\/author\\\/admin\\\/#author\",\"url\":\"https:\\\/\\\/candas365.es\\\/noticias\\\/author\\\/admin\\\/\",\"name\":\"Cand\\u00e1s 365\",\"image\":{\"@type\":\"ImageObject\",\"@id\":\"https:\\\/\\\/candas365.es\\\/noticias\\\/alemania-orgullosa-de-la-medalla-de-plata-en-tenis-de-mesa\\\/#authorImage\",\"url\":\"https:\\\/\\\/secure.gravatar.com\\\/avatar\\\/496a8e03d0c493ede1718b7934145dbdf8d89be1036b0eec9544e1094c9de390?s=96&d=mm&r=g\",\"width\":96,\"height\":96,\"caption\":\"Cand\\u00e1s 365\"},\"sameAs\":[\"https:\\\/\\\/www.facebook.com\\\/carrenoactualidad\",\"https:\\\/\\\/twitter.com\\\/nbasturias\",\"https:\\\/\\\/www.instagram.com\\\/nachofdezber\\\/\",\"https:\\\/\\\/www.youtube.com\\\/channel\\\/UCZP-2wLEB9Rv6erhFmqVnvg\"]},{\"@type\":\"WebPage\",\"@id\":\"https:\\\/\\\/candas365.es\\\/noticias\\\/alemania-orgullosa-de-la-medalla-de-plata-en-tenis-de-mesa\\\/#webpage\",\"url\":\"https:\\\/\\\/candas365.es\\\/noticias\\\/alemania-orgullosa-de-la-medalla-de-plata-en-tenis-de-mesa\\\/\",\"name\":\"Alemania, orgullosa de la medalla de plata en tenis de mesa | Cand\\u00e1s 365\",\"description\":\"Alemania confiaba en conquistar la medalla de oro en tenis de mesa por equipo masculino en los Juegos Ol\\u00edmpicos de Tokio 2020\",\"inLanguage\":\"es-ES\",\"isPartOf\":{\"@id\":\"https:\\\/\\\/candas365.es\\\/noticias\\\/#website\"},\"breadcrumb\":{\"@id\":\"https:\\\/\\\/candas365.es\\\/noticias\\\/alemania-orgullosa-de-la-medalla-de-plata-en-tenis-de-mesa\\\/#breadcrumblist\"},\"author\":{\"@id\":\"https:\\\/\\\/candas365.es\\\/noticias\\\/author\\\/admin\\\/#author\"},\"creator\":{\"@id\":\"https:\\\/\\\/candas365.es\\\/noticias\\\/author\\\/admin\\\/#author\"},\"image\":{\"@type\":\"ImageObject\",\"url\":\"https:\\\/\\\/candas365.es\\\/noticias\\\/wp-content\\\/uploads\\\/2021\\\/08\\\/Tokio-2020.jpg\",\"@id\":\"https:\\\/\\\/candas365.es\\\/noticias\\\/alemania-orgullosa-de-la-medalla-de-plata-en-tenis-de-mesa\\\/#mainImage\",\"width\":956,\"height\":664,\"caption\":\"Foto: Swen Pf\\u00f6rtner\\\/dpa\"},\"primaryImageOfPage\":{\"@id\":\"https:\\\/\\\/candas365.es\\\/noticias\\\/alemania-orgullosa-de-la-medalla-de-plata-en-tenis-de-mesa\\\/#mainImage\"},\"datePublished\":\"2021-08-08T11:43:04+02:00\",\"dateModified\":\"2021-08-08T11:43:04+02:00\"},{\"@type\":\"WebSite\",\"@id\":\"https:\\\/\\\/candas365.es\\\/noticias\\\/#website\",\"url\":\"https:\\\/\\\/candas365.es\\\/noticias\\\/\",\"name\":\"Cand\\u00e1s 365\",\"alternateName\":\"Cand\\u00e1s 365 Noticias\",\"description\":\"Actualidad desde Carre\\u00f1o para el mundo\",\"inLanguage\":\"es-ES\",\"publisher\":{\"@id\":\"https:\\\/\\\/candas365.es\\\/noticias\\\/#organization\"}}]}\n\t\t<\/script>\n\t\t<!-- All in One SEO Pro -->\r\n\t\t<title>Alemania, orgullosa de la medalla de plata en tenis de mesa | Cand\u00e1s 365<\/title>\n\n","aioseo_head_json":{"title":"Alemania, orgullosa de la medalla de plata en tenis de mesa | Cand\u00e1s 365","description":"Alemania confiaba en conquistar la medalla de oro en tenis de mesa por equipo masculino en los Juegos Ol\u00edmpicos de Tokio 2020","canonical_url":"https:\/\/candas365.es\/noticias\/alemania-orgullosa-de-la-medalla-de-plata-en-tenis-de-mesa\/","robots":"max-image-preview:large","keywords":"deporte","webmasterTools":{"google-site-verification":"UA-32230408-1","msvalidate.01":"354F3CDFB2DA171B47FBE9ABF1F88D5","miscellaneous":""},"schema":{"@context":"https:\/\/schema.org","@graph":[{"@type":"BreadcrumbList","@id":"https:\/\/candas365.es\/noticias\/alemania-orgullosa-de-la-medalla-de-plata-en-tenis-de-mesa\/#breadcrumblist","itemListElement":[{"@type":"ListItem","@id":"https:\/\/candas365.es\/noticias#listItem","position":1,"name":"Home","item":"https:\/\/candas365.es\/noticias","nextItem":{"@type":"ListItem","@id":"https:\/\/candas365.es\/noticias\/category\/deporte\/#listItem","name":"Deporte"}},{"@type":"ListItem","@id":"https:\/\/candas365.es\/noticias\/category\/deporte\/#listItem","position":2,"name":"Deporte","item":"https:\/\/candas365.es\/noticias\/category\/deporte\/","nextItem":{"@type":"ListItem","@id":"https:\/\/candas365.es\/noticias\/alemania-orgullosa-de-la-medalla-de-plata-en-tenis-de-mesa\/#listItem","name":"Alemania, orgullosa de la medalla de plata en tenis de mesa"},"previousItem":{"@type":"ListItem","@id":"https:\/\/candas365.es\/noticias#listItem","name":"Home"}},{"@type":"ListItem","@id":"https:\/\/candas365.es\/noticias\/alemania-orgullosa-de-la-medalla-de-plata-en-tenis-de-mesa\/#listItem","position":3,"name":"Alemania, orgullosa de la medalla de plata en tenis de mesa","previousItem":{"@type":"ListItem","@id":"https:\/\/candas365.es\/noticias\/category\/deporte\/#listItem","name":"Deporte"}}]},{"@type":"NewsArticle","@id":"https:\/\/candas365.es\/noticias\/alemania-orgullosa-de-la-medalla-de-plata-en-tenis-de-mesa\/#newsarticle","name":"Alemania, orgullosa de la medalla de plata en tenis de mesa | Cand\u00e1s 365","headline":"Alemania, orgullosa de la medalla de plata en tenis de mesa","author":{"@id":"https:\/\/candas365.es\/noticias\/author\/admin\/#author"},"publisher":{"@id":"https:\/\/candas365.es\/noticias\/#organization"},"image":{"@type":"ImageObject","url":"https:\/\/candas365.es\/noticias\/wp-content\/uploads\/2021\/08\/Tokio-2020.jpg","width":956,"height":664,"caption":"Foto: Swen Pf\u00f6rtner\/dpa"},"datePublished":"2021-08-08T11:43:04+02:00","dateModified":"2021-08-08T11:43:04+02:00","inLanguage":"es-ES","mainEntityOfPage":{"@id":"https:\/\/candas365.es\/noticias\/alemania-orgullosa-de-la-medalla-de-plata-en-tenis-de-mesa\/#webpage"},"isPartOf":{"@id":"https:\/\/candas365.es\/noticias\/alemania-orgullosa-de-la-medalla-de-plata-en-tenis-de-mesa\/#webpage"},"articleSection":"Deporte","dateline":"Publicado el agosto 8, 2021."},{"@type":"Organization","@id":"https:\/\/candas365.es\/noticias\/#organization","name":"Cand\u00e1s 365","description":"Cand\u00e1s 365 es un diario digital independiente, fundado en 2012, con base en Asturias. Informamos con rigor sobre actualidad, sociedad, cultura y ocio, con una mirada local y global.","url":"https:\/\/candas365.es\/noticias\/","email":"info@candas365.es","telephone":"+34652131393","foundingDate":"2012-06-10","logo":{"@type":"ImageObject","url":"https:\/\/candas365.es\/noticias\/wp-content\/uploads\/2024\/09\/Candas-365-Redes.jpg","@id":"https:\/\/candas365.es\/noticias\/alemania-orgullosa-de-la-medalla-de-plata-en-tenis-de-mesa\/#organizationLogo","width":1152,"height":864,"caption":"Cand\u00e1s 365 Redes"},"image":{"@id":"https:\/\/candas365.es\/noticias\/alemania-orgullosa-de-la-medalla-de-plata-en-tenis-de-mesa\/#organizationLogo"},"sameAs":["https:\/\/www.facebook.com\/Nachofdezber","https:\/\/x.com\/NabercoDigital","https:\/\/www.instagram.com\/nachofdezber\/","https:\/\/www.youtube.com\/channel\/UCZP-2wLEB9Rv6erhFmqVnvg"],"address":{"@id":"https:\/\/candas365.es\/noticias\/#postaladdress","@type":"PostalAddress","streetAddress":"san antonio 4, san antonio 4","postalCode":"33430","addressLocality":"Cand\u00e1s","addressRegion":"Asturias","addressCountry":"ES"}},{"@type":"Person","@id":"https:\/\/candas365.es\/noticias\/author\/admin\/#author","url":"https:\/\/candas365.es\/noticias\/author\/admin\/","name":"Cand\u00e1s 365","image":{"@type":"ImageObject","@id":"https:\/\/candas365.es\/noticias\/alemania-orgullosa-de-la-medalla-de-plata-en-tenis-de-mesa\/#authorImage","url":"https:\/\/secure.gravatar.com\/avatar\/496a8e03d0c493ede1718b7934145dbdf8d89be1036b0eec9544e1094c9de390?s=96&d=mm&r=g","width":96,"height":96,"caption":"Cand\u00e1s 365"},"sameAs":["https:\/\/www.facebook.com\/carrenoactualidad","https:\/\/twitter.com\/nbasturias","https:\/\/www.instagram.com\/nachofdezber\/","https:\/\/www.youtube.com\/channel\/UCZP-2wLEB9Rv6erhFmqVnvg"]},{"@type":"WebPage","@id":"https:\/\/candas365.es\/noticias\/alemania-orgullosa-de-la-medalla-de-plata-en-tenis-de-mesa\/#webpage","url":"https:\/\/candas365.es\/noticias\/alemania-orgullosa-de-la-medalla-de-plata-en-tenis-de-mesa\/","name":"Alemania, orgullosa de la medalla de plata en tenis de mesa | Cand\u00e1s 365","description":"Alemania confiaba en conquistar la medalla de oro en tenis de mesa por equipo masculino en los Juegos Ol\u00edmpicos de Tokio 2020","inLanguage":"es-ES","isPartOf":{"@id":"https:\/\/candas365.es\/noticias\/#website"},"breadcrumb":{"@id":"https:\/\/candas365.es\/noticias\/alemania-orgullosa-de-la-medalla-de-plata-en-tenis-de-mesa\/#breadcrumblist"},"author":{"@id":"https:\/\/candas365.es\/noticias\/author\/admin\/#author"},"creator":{"@id":"https:\/\/candas365.es\/noticias\/author\/admin\/#author"},"image":{"@type":"ImageObject","url":"https:\/\/candas365.es\/noticias\/wp-content\/uploads\/2021\/08\/Tokio-2020.jpg","@id":"https:\/\/candas365.es\/noticias\/alemania-orgullosa-de-la-medalla-de-plata-en-tenis-de-mesa\/#mainImage","width":956,"height":664,"caption":"Foto: Swen Pf\u00f6rtner\/dpa"},"primaryImageOfPage":{"@id":"https:\/\/candas365.es\/noticias\/alemania-orgullosa-de-la-medalla-de-plata-en-tenis-de-mesa\/#mainImage"},"datePublished":"2021-08-08T11:43:04+02:00","dateModified":"2021-08-08T11:43:04+02:00"},{"@type":"WebSite","@id":"https:\/\/candas365.es\/noticias\/#website","url":"https:\/\/candas365.es\/noticias\/","name":"Cand\u00e1s 365","alternateName":"Cand\u00e1s 365 Noticias","description":"Actualidad desde Carre\u00f1o para el mundo","inLanguage":"es-ES","publisher":{"@id":"https:\/\/candas365.es\/noticias\/#organization"}}]},"og:locale":"es_ES","og:site_name":"Cand\u00e1s 365","og:type":"article","og:title":"Alemania, orgullosa de la medalla de plata en tenis de mesa | Cand\u00e1s 365","og:description":"Alemania confiaba en conquistar la medalla de oro en tenis de mesa por equipo masculino en los Juegos Ol\u00edmpicos de Tokio 2020","og:url":"https:\/\/candas365.es\/noticias\/alemania-orgullosa-de-la-medalla-de-plata-en-tenis-de-mesa\/","og:image":"https:\/\/candas365.es\/noticias\/wp-content\/uploads\/2021\/08\/Tokio-2020.jpg","og:image:secure_url":"https:\/\/candas365.es\/noticias\/wp-content\/uploads\/2021\/08\/Tokio-2020.jpg","og:image:width":956,"og:image:height":664,"article:published_time":"2021-08-08T11:43:04+00:00","article:modified_time":"2021-08-08T11:43:04+00:00","article:publisher":"https:\/\/www.facebook.com\/Nachofdezber","article:author":"https:\/\/www.facebook.com\/carrenoactualidad","twitter:card":"summary_large_image","twitter:site":"@NabercoDigital","twitter:title":"Alemania, orgullosa de la medalla de plata en tenis de mesa | Cand\u00e1s 365","twitter:description":"Alemania confiaba en conquistar la medalla de oro en tenis de mesa por equipo masculino en los Juegos Ol\u00edmpicos de Tokio 2020","twitter:creator":"@nbasturias","twitter:image":"https:\/\/candas365.es\/noticias\/wp-content\/uploads\/2021\/08\/Tokio-2020.jpg","twitter:label1":"Escrito por","twitter:data1":"Cand\u00e1s 365","twitter:label2":"Tiempo de lectura estimado","twitter:data2":"3 minutos"},"aioseo_meta_data":{"post_id":"157286","title":null,"description":"Alemania confiaba en conquistar la medalla de oro en tenis de mesa por equipo masculino en los Juegos Ol\u00edmpicos de Tokio 2020","keywords":[],"keyphrases":{"focus":[],"additional":[]},"primary_term":null,"canonical_url":null,"og_title":null,"og_description":null,"og_object_type":"default","og_image_type":"default","og_image_url":null,"og_image_width":null,"og_image_height":null,"og_image_custom_url":null,"og_image_custom_fields":null,"og_video":"","og_custom_url":null,"og_article_section":null,"og_article_tags":[],"twitter_use_og":false,"twitter_card":"default","twitter_image_type":"default","twitter_image_url":null,"twitter_image_custom_url":null,"twitter_image_custom_fields":null,"twitter_title":null,"twitter_description":null,"schema":{"blockGraphs":[],"customGraphs":[],"default":{"data":{"Article":[],"Course":[],"Dataset":[],"FAQPage":[],"Movie":[],"Person":[],"Product":[],"ProductReview":[],"Car":[],"Recipe":[],"Service":[],"SoftwareApplication":[],"WebPage":[]},"graphName":"","isEnabled":true},"graphs":[]},"schema_type":"default","schema_type_options":"{\"article\":{\"articleType\":\"BlogPosting\"},\"course\":{\"name\":\"\",\"description\":\"\",\"provider\":\"\"},\"faq\":{\"pages\":[]},\"product\":{\"reviews\":[]},\"recipe\":{\"ingredients\":[],\"instructions\":[],\"keywords\":[]},\"software\":{\"reviews\":[],\"operatingSystems\":[]},\"webPage\":{\"webPageType\":\"WebPage\"}}","pillar_content":false,"robots_default":true,"robots_noindex":false,"robots_noarchive":false,"robots_nosnippet":false,"robots_nofollow":false,"robots_noimageindex":false,"robots_noodp":false,"robots_notranslate":false,"robots_max_snippet":"-1","robots_max_videopreview":"-1","robots_max_imagepreview":"large","priority":null,"frequency":"default","location":null,"local_seo":{"locations":{"business":{"name":"","businessType":"","image":"","areaServed":"","urls":{"website":"","aboutPage":"","contactPage":""},"address":{"streetLine1":"","streetLine2":"","zipCode":"","city":"","state":"","country":"","addressFormat":"#streetLineOne\n#streetLineTwo\n#city, #state #zipCode"},"contact":{"email":"","phone":"","phoneFormatted":"","fax":"","faxFormatted":""},"ids":{"vat":"","tax":"","chamberOfCommerce":""},"payment":{"priceRange":"","currenciesAccepted":"","methods":""}}},"openingHours":{"useDefaults":true,"show":true,"alwaysOpen":false,"use24hFormat":false,"timezone":"","labels":{"closed":"","alwaysOpen":""},"days":{"monday":{"open24h":false,"closed":false,"openTime":"09:00","closeTime":"17:00"},"tuesday":{"open24h":false,"closed":false,"openTime":"09:00","closeTime":"17:00"},"wednesday":{"open24h":false,"closed":false,"openTime":"09:00","closeTime":"17:00"},"thursday":{"open24h":false,"closed":false,"openTime":"09:00","closeTime":"17:00"},"friday":{"open24h":false,"closed":false,"openTime":"09:00","closeTime":"17:00"},"saturday":{"open24h":false,"closed":false,"openTime":"09:00","closeTime":"17:00"},"sunday":{"open24h":false,"closed":false,"openTime":"09:00","closeTime":"17:00"}}}},"seo_analyzer_scan_date":"2025-09-01 00:37:16","breadcrumb_settings":null,"limit_modified_date":false,"reviewed_by":null,"open_ai":null,"ai":null,"created":"2021-08-08 11:40:33","updated":"2025-09-01 00:37:16"},"aioseo_breadcrumb":"<div class=\"aioseo-breadcrumbs\"><span class=\"aioseo-breadcrumb\">\n\t<a href=\"https:\/\/candas365.es\/noticias\" title=\"Home\">Home<\/a>\n<\/span><span class=\"aioseo-breadcrumb-separator\">&ndash;<\/span><span class=\"aioseo-breadcrumb\">\n\t<a href=\"https:\/\/candas365.es\/noticias\/category\/deporte\/\" title=\"Deporte\">Deporte<\/a>\n<\/span><span class=\"aioseo-breadcrumb-separator\">&ndash;<\/span><span class=\"aioseo-breadcrumb\">\n\tAlemania, orgullosa de la medalla de plata en tenis de mesa\n<\/span><\/div>","aioseo_breadcrumb_json":[{"label":"Home","link":"https:\/\/candas365.es\/noticias"},{"label":"Deporte","link":"https:\/\/candas365.es\/noticias\/category\/deporte\/"},{"label":"Alemania, orgullosa de la medalla de plata en tenis de mesa","link":"https:\/\/candas365.es\/noticias\/alemania-orgullosa-de-la-medalla-de-plata-en-tenis-de-mesa\/"}],"_links":{"self":[{"href":"https:\/\/candas365.es\/noticias\/wp-json\/wp\/v2\/posts\/157286","targetHints":{"allow":["GET"]}}],"collection":[{"href":"https:\/\/candas365.es\/noticias\/wp-json\/wp\/v2\/posts"}],"about":[{"href":"https:\/\/candas365.es\/noticias\/wp-json\/wp\/v2\/types\/post"}],"author":[{"embeddable":true,"href":"https:\/\/candas365.es\/noticias\/wp-json\/wp\/v2\/users\/1"}],"replies":[{"embeddable":true,"href":"https:\/\/candas365.es\/noticias\/wp-json\/wp\/v2\/comments?post=157286"}],"version-history":[{"count":0,"href":"https:\/\/candas365.es\/noticias\/wp-json\/wp\/v2\/posts\/157286\/revisions"}],"wp:featuredmedia":[{"embeddable":true,"href":"https:\/\/candas365.es\/noticias\/wp-json\/wp\/v2\/media\/157287"}],"wp:attachment":[{"href":"https:\/\/candas365.es\/noticias\/wp-json\/wp\/v2\/media?parent=157286"}],"wp:term":[{"taxonomy":"category","embeddable":true,"href":"https:\/\/candas365.es\/noticias\/wp-json\/wp\/v2\/categories?post=157286"},{"taxonomy":"post_tag","embeddable":true,"href":"https:\/\/candas365.es\/noticias\/wp-json\/wp\/v2\/tags?post=157286"}],"curies":[{"name":"wp","href":"https:\/\/api.w.org\/{rel}","templated":true}]}}