{"id":157274,"date":"2021-08-08T07:49:29","date_gmt":"2021-08-08T07:49:29","guid":{"rendered":"http:\/\/candas365.es\/noticias\/?p=157274"},"modified":"2021-08-08T07:49:29","modified_gmt":"2021-08-08T07:49:29","slug":"la-garganta-de-hollental-al-pie-de-la-montana-mas-alta-de-alemania","status":"publish","type":"post","link":"https:\/\/candas365.es\/noticias\/la-garganta-de-hollental-al-pie-de-la-montana-mas-alta-de-alemania\/","title":{"rendered":"La garganta de H\u00f6llental, al pie de la monta\u00f1a m\u00e1s alta de Alemania"},"content":{"rendered":"<p>(dpa) &#8211; La idea no abandonaba a Adolf Zoeppritz. En torno al pen\u00faltimo cambio de siglo, al ingeniero germano se le hab\u00eda metido en la cabeza hacer transitable y, por lo tanto, disfrutable la garganta de H\u00f6llental, en el extremo sur de Alemania. Era una empresa audaz, dado el terreno salvaje.<\/p>\n<figure id=\"attachment_157275\" aria-describedby=\"caption-attachment-157275\" style=\"width: 650px\" class=\"wp-caption aligncenter\"><img fetchpriority=\"high\" decoding=\"async\" class=\"wp-image-157275 size-large\" src=\"https:\/\/candas365.es\/noticias\/wp-content\/uploads\/2021\/08\/Hollental-650x427.jpg\" alt=\"H\u00f6llental\" width=\"650\" height=\"427\" srcset=\"https:\/\/candas365.es\/noticias\/wp-content\/uploads\/2021\/08\/Hollental-650x427.jpg 650w, https:\/\/candas365.es\/noticias\/wp-content\/uploads\/2021\/08\/Hollental-360x237.jpg 360w, https:\/\/candas365.es\/noticias\/wp-content\/uploads\/2021\/08\/Hollental-768x505.jpg 768w, https:\/\/candas365.es\/noticias\/wp-content\/uploads\/2021\/08\/Hollental.jpg 1004w\" sizes=\"(max-width: 650px) 100vw, 650px\" \/><figcaption id=\"caption-attachment-157275\" class=\"wp-caption-text\">El sendero a lo largo de la garganta de H\u00f6llental (H\u00f6llentalklamm) est\u00e1 asegurado con un vallado. Foto: Verena Wolff\/dpa<\/figcaption><\/figure>\n<p>Para llegar a la entrada de la garganta, a los pies del macizo del Zugspitze, la monta\u00f1a m\u00e1s alta de Alemania, los excursionistas deben recorrer tres kil\u00f3metros desde el distrito de Hammersbach, en Grainau, por el bosque, superando unos 300 metros de altitud. Los m\u00e1s entrenados demoran casi una hora, los poco amantes del senderismo, m\u00e1s.<\/p>\n<p>Y entonces se llega a la caba\u00f1a de entrada al H\u00f6llental (Valle del Infierno), una peque\u00f1a posada a la entrada de la garganta, encastrada en la quebrada. Para muchos, ver la posada es una alegr\u00eda. All\u00ed hay bebidas frescas, una sopa caliente y un postre t\u00edpico de la zona llamado Kaiserschmarrn, preparado con toda tranquilidad.<\/p>\n<h2>Senderismo en compa\u00f1\u00eda del sonido del agua<\/h2>\n<p>Ya durante el recorrido desde Hammersbach se oye el sonido del r\u00edo del mismo nombre que corre junto al ascendente camino. En el molinete en la entrada a la garganta, el ruido del agua se hace m\u00e1s fuerte.<\/p>\n<p>En la \u00e9poca del ingeniero Zoeppritz, en su momento presidente de la secci\u00f3n Garmisch-Partenkirchen del Club Alpino Alem\u00e1n (DAV), aqu\u00ed, a 1.045 metros de altura, todo se ve\u00eda distinto. No hab\u00eda refugio, ni suministro el\u00e9ctrico, ni ba\u00f1os p\u00fablicos. Solo el H\u00f6llental, apretado entre otras cimas: Blassenkamm y Waxensteinkamm.<\/p>\n<p>En invierno, la quebrada queda escondida bajo seis senderos de avalanchas. Durante mucho tiempo no era conocida como destino de excursiones, sino porque all\u00ed se extra\u00edan mineral de plomo y cadm\u00eda para la fabricaci\u00f3n de lat\u00f3n. M\u00e1s adelante, tambi\u00e9n se hall\u00f3 el metal molibdeno, que hace m\u00e1s duro el acero. \u00abPero Zoeppritz quer\u00eda que pudieran venir las personas (a la garganta)\u00bb, dice Hans Hofmann, que durante d\u00e9cadas fue referente del DAV para esta zona.<\/p>\n<h2>El camino le fue arrancado a la monta\u00f1a<\/h2>\n<p>A\u00fan hoy se sigue utilizando lo que con tanto esfuerzo se instal\u00f3 en aquella \u00e9poca. La garganta de H\u00f6llental tiene 1.027 metros de largo. De ellos, 448 metros pasan por debajo de diez t\u00faneles, que fueron abiertos y dinamitados en la monta\u00f1a. Los visitantes recorren 56 metros caminando por pasarelas empotradas en la pared escarpada de la monta\u00f1a. Adem\u00e1s, varios puentes cruzan el Hammersbach, que se alimenta de agua de deshielo y de lluvia y se abre camino en la roca de piedra caliza.<\/p>\n<p>\u00abSe utilizaron 2.500 kilos de explosivos en aquel entonces\u00bb, relata Hofmann. \u00abSe instalaron 14 toneladas de piezas de hierro, 750 metros de cable de acero y dos kil\u00f3metros de tuber\u00edas de agua\u00bb. Para los primeros trabajos se bajaba a los hombres colgados de sogas por la quebrada, para hacer agujeros en la roca. \u00abAll\u00ed se colocaron ganchos y soportes de hierro, sobre los cuales se ubicaron tablas de madera. Esa fue la primera pasarela, desde la cual se dinamit\u00f3 el camino\u00bb.<\/p>\n<h2>Tareas de mantenimiento el a\u00f1o pasado<\/h2>\n<p>M\u00e1s de 3.500 kilos de material tuvieron que ser retirados en la primavera europea de 2020 de la garganta. La raz\u00f3n: 115 a\u00f1os despu\u00e9s de su apertura se renovaron un puente de arco y algunas pasarelas.<\/p>\n<p>\u00abLos nuevos elementos se transportaron, en la medida de lo posible, hasta la caba\u00f1a de la entrada en helic\u00f3ptero\u00bb, relata Antonius Huber, tesorero del DAV y director de los trabajos de saneamiento. Las partes fueron patrocinadas por diferentes empresas. Mucho trabajo qued\u00f3 en manos de los voluntarios del club alpino, que trabajaron colgados de la monta\u00f1a, por encima del agua rugiente.<\/p>\n<p>\u00abCabe aclarar que el nombre de la garganta no tiene nada que ver con el infierno\u00bb, dice Hans Hofmann. \u00abM\u00e1s bien se refiere a ahuecar (aush\u00f6hlen, en alem\u00e1n)\u00bb.<\/p>\n<p>Las duras capas de caliza conch\u00edfera, que se depositaron hace cientos de millones de a\u00f1os, se dislocaron cuando se formaron los Alpes. \u00abPor el agua de lluvia y de deshielo se form\u00f3 all\u00ed, a lo largo de muchos siglos, esta profunda quebrada, por la que el Hammersbach corre a\u00fan hoy\u00bb, explica Hofmann.<\/p>\n<p>Debido a las condiciones en parte extremas del clima en la monta\u00f1a, la garganta de H\u00f6llental solo est\u00e1 abierta generalmente desde el D\u00eda de la Ascensi\u00f3n (en mayo) hasta octubre, pero entonces las 24 horas. \u00abEn invierno y en primavera (europeos) es demasiado peligroso dejar entrar a visitantes\u00bb, indica Hofmann.<\/p>\n<h2>Posibilidades de excursiones<\/h2>\n<p>Quien atraviesa completamente la quebrada, alcanza despu\u00e9s de un kil\u00f3metro y un ascenso de otros 220 metros de altura un segundo valle. All\u00ed est\u00e1 la H\u00f6llentalangerh\u00fctte, caba\u00f1a cuya construcci\u00f3n original data de 1893. La antigua caba\u00f1a, sin embargo, fue reemplazada en 2015 por una construcci\u00f3n nueva, que resiste mejor las inclemencias del tiempo.<\/p>\n<p>Los escaladores experimentados que quieren llegar al Zugspitze a trav\u00e9s del glaciar H\u00f6llentalferner y una v\u00eda ferrata suelen pasar la noche all\u00ed. Este alojamiento tambi\u00e9n es un buen punto de partida para los senderistas que quieran encarar el ascenso al Osterfelderkopf a trav\u00e9s del paso Hupfleitenjoch. Desde el otro lado, el telef\u00e9rico Alpspitzbahn lleva a los senderistas hasta la cima del Osterfelderkopf.<\/p>\n<p>La garganta de H\u00f6llental (H\u00f6llentalklamm, en alem\u00e1n) no es la \u00fanica quebrada a los pies del Zugspitze. Desde el estadio de esqu\u00ed de Garmisch-Partenkirchen se puede alcanzar la garganta de Partnach (Partnachklamm) en un paseo que requiere menos esfuerzo. Esta quebrada est\u00e1 abierta todo el a\u00f1o para los visitantes.<\/p>\n<p><i class=\"lang-es\"><span class=\" readonly\" title=\"\">Por Verena Wolff (dpa)<\/span><\/i><\/p>\n<p>&nbsp;<\/p>\n","protected":false},"excerpt":{"rendered":"<p>(dpa) &#8211; La idea no abandonaba a Adolf Zoeppritz. En torno al pen\u00faltimo cambio de siglo, al ingeniero germano se le hab\u00eda metido en la cabeza hacer transitable y, por lo tanto, disfrutable la garganta de H\u00f6llental, en el extremo sur de Alemania. Era una empresa audaz, dado el terreno salvaje. Para llegar a la<\/p>\n","protected":false},"author":1,"featured_media":157275,"comment_status":"closed","ping_status":"closed","sticky":false,"template":"","format":"standard","meta":{"footnotes":""},"categories":[359],"tags":[412,411],"class_list":{"0":"post-157274","1":"post","2":"type-post","3":"status-publish","4":"format-standard","5":"has-post-thumbnail","7":"category-turismo","8":"tag-turismo","9":"tag-viajes"},"aioseo_notices":[],"aioseo_head":"\n\t\t<!-- All in One SEO Pro 4.9.6.2 - aioseo.com -->\n\t<meta name=\"description\" content=\"La idea no abandonaba a Adolf Zoeppritz. En torno al pen\u00faltimo cambio de siglo, al ingeniero germano se le hab\u00eda metido en la cabeza hacer transitable ..\" \/>\n\t<meta name=\"robots\" content=\"max-image-preview:large\" \/>\n\t<meta name=\"author\" content=\"Cand\u00e1s 365\"\/>\n\t<meta name=\"google-site-verification\" content=\"UA-32230408-1\" \/>\n\t<meta name=\"msvalidate.01\" content=\"354F3CDFB2DA171B47FBE9ABF1F88D5\" \/>\n\t<meta name=\"keywords\" content=\"turismo\" \/>\n\t<link rel=\"canonical\" href=\"https:\/\/candas365.es\/noticias\/la-garganta-de-hollental-al-pie-de-la-montana-mas-alta-de-alemania\/\" \/>\n\t<meta name=\"generator\" content=\"All in One SEO Pro (AIOSEO) 4.9.6.2\" \/>\n\t\t<meta property=\"og:locale\" content=\"es_ES\" \/>\n\t\t<meta property=\"og:site_name\" content=\"Cand\u00e1s 365\" \/>\n\t\t<meta property=\"og:type\" content=\"article\" \/>\n\t\t<meta property=\"og:title\" content=\"La garganta de H\u00f6llental, al pie de la monta\u00f1a m\u00e1s alta de Alemania | Cand\u00e1s 365\" \/>\n\t\t<meta property=\"og:description\" content=\"La idea no abandonaba a Adolf Zoeppritz. En torno al pen\u00faltimo cambio de siglo, al ingeniero germano se le hab\u00eda metido en la cabeza hacer transitable ..\" \/>\n\t\t<meta property=\"og:url\" content=\"https:\/\/candas365.es\/noticias\/la-garganta-de-hollental-al-pie-de-la-montana-mas-alta-de-alemania\/\" \/>\n\t\t<meta property=\"og:image\" content=\"https:\/\/candas365.es\/noticias\/wp-content\/uploads\/2021\/08\/Hollental.jpg\" \/>\n\t\t<meta property=\"og:image:secure_url\" content=\"https:\/\/candas365.es\/noticias\/wp-content\/uploads\/2021\/08\/Hollental.jpg\" \/>\n\t\t<meta property=\"og:image:width\" content=\"1004\" \/>\n\t\t<meta property=\"og:image:height\" content=\"660\" \/>\n\t\t<meta property=\"article:published_time\" content=\"2021-08-08T07:49:29+00:00\" \/>\n\t\t<meta property=\"article:modified_time\" content=\"2021-08-08T07:49:29+00:00\" \/>\n\t\t<meta property=\"article:publisher\" content=\"https:\/\/www.facebook.com\/Nachofdezber\" \/>\n\t\t<meta property=\"article:author\" content=\"https:\/\/www.facebook.com\/carrenoactualidad\" \/>\n\t\t<meta name=\"twitter:card\" content=\"summary_large_image\" \/>\n\t\t<meta name=\"twitter:site\" content=\"@NabercoDigital\" \/>\n\t\t<meta name=\"twitter:title\" content=\"La garganta de H\u00f6llental, al pie de la monta\u00f1a m\u00e1s alta de Alemania | Cand\u00e1s 365\" \/>\n\t\t<meta name=\"twitter:description\" content=\"La idea no abandonaba a Adolf Zoeppritz. En torno al pen\u00faltimo cambio de siglo, al ingeniero germano se le hab\u00eda metido en la cabeza hacer transitable ..\" \/>\n\t\t<meta name=\"twitter:creator\" content=\"@nbasturias\" \/>\n\t\t<meta name=\"twitter:image\" content=\"https:\/\/candas365.es\/noticias\/wp-content\/uploads\/2021\/08\/Hollental.jpg\" \/>\n\t\t<meta name=\"twitter:label1\" content=\"Escrito por\" \/>\n\t\t<meta name=\"twitter:data1\" content=\"Cand\u00e1s 365\" \/>\n\t\t<meta name=\"twitter:label2\" content=\"Tiempo de lectura estimado\" \/>\n\t\t<meta name=\"twitter:data2\" content=\"5 minutos\" \/>\n\t\t<script type=\"application\/ld+json\" class=\"aioseo-schema\">\n\t\t\t{\"@context\":\"https:\\\/\\\/schema.org\",\"@graph\":[{\"@type\":\"BreadcrumbList\",\"@id\":\"https:\\\/\\\/candas365.es\\\/noticias\\\/la-garganta-de-hollental-al-pie-de-la-montana-mas-alta-de-alemania\\\/#breadcrumblist\",\"itemListElement\":[{\"@type\":\"ListItem\",\"@id\":\"https:\\\/\\\/candas365.es\\\/noticias#listItem\",\"position\":1,\"name\":\"Home\",\"item\":\"https:\\\/\\\/candas365.es\\\/noticias\",\"nextItem\":{\"@type\":\"ListItem\",\"@id\":\"https:\\\/\\\/candas365.es\\\/noticias\\\/category\\\/turismo\\\/#listItem\",\"name\":\"Turismo\"}},{\"@type\":\"ListItem\",\"@id\":\"https:\\\/\\\/candas365.es\\\/noticias\\\/category\\\/turismo\\\/#listItem\",\"position\":2,\"name\":\"Turismo\",\"item\":\"https:\\\/\\\/candas365.es\\\/noticias\\\/category\\\/turismo\\\/\",\"nextItem\":{\"@type\":\"ListItem\",\"@id\":\"https:\\\/\\\/candas365.es\\\/noticias\\\/la-garganta-de-hollental-al-pie-de-la-montana-mas-alta-de-alemania\\\/#listItem\",\"name\":\"La garganta de H\\u00f6llental, al pie de la monta\\u00f1a m\\u00e1s alta de Alemania\"},\"previousItem\":{\"@type\":\"ListItem\",\"@id\":\"https:\\\/\\\/candas365.es\\\/noticias#listItem\",\"name\":\"Home\"}},{\"@type\":\"ListItem\",\"@id\":\"https:\\\/\\\/candas365.es\\\/noticias\\\/la-garganta-de-hollental-al-pie-de-la-montana-mas-alta-de-alemania\\\/#listItem\",\"position\":3,\"name\":\"La garganta de H\\u00f6llental, al pie de la monta\\u00f1a m\\u00e1s alta de Alemania\",\"previousItem\":{\"@type\":\"ListItem\",\"@id\":\"https:\\\/\\\/candas365.es\\\/noticias\\\/category\\\/turismo\\\/#listItem\",\"name\":\"Turismo\"}}]},{\"@type\":\"NewsArticle\",\"@id\":\"https:\\\/\\\/candas365.es\\\/noticias\\\/la-garganta-de-hollental-al-pie-de-la-montana-mas-alta-de-alemania\\\/#newsarticle\",\"name\":\"La garganta de H\\u00f6llental, al pie de la monta\\u00f1a m\\u00e1s alta de Alemania | Cand\\u00e1s 365\",\"headline\":\"La garganta de H\\u00f6llental, al pie de la monta\\u00f1a m\\u00e1s alta de Alemania\",\"author\":{\"@id\":\"https:\\\/\\\/candas365.es\\\/noticias\\\/author\\\/admin\\\/#author\"},\"publisher\":{\"@id\":\"https:\\\/\\\/candas365.es\\\/noticias\\\/#organization\"},\"image\":{\"@type\":\"ImageObject\",\"url\":\"https:\\\/\\\/candas365.es\\\/noticias\\\/wp-content\\\/uploads\\\/2021\\\/08\\\/Hollental.jpg\",\"width\":1004,\"height\":660,\"caption\":\"El sendero a lo largo de la garganta de H\\u00f6llental (H\\u00f6llentalklamm) est\\u00e1 asegurado con un vallado. Foto: Verena Wolff\\\/dpa\"},\"datePublished\":\"2021-08-08T07:49:29+02:00\",\"dateModified\":\"2021-08-08T07:49:29+02:00\",\"inLanguage\":\"es-ES\",\"mainEntityOfPage\":{\"@id\":\"https:\\\/\\\/candas365.es\\\/noticias\\\/la-garganta-de-hollental-al-pie-de-la-montana-mas-alta-de-alemania\\\/#webpage\"},\"isPartOf\":{\"@id\":\"https:\\\/\\\/candas365.es\\\/noticias\\\/la-garganta-de-hollental-al-pie-de-la-montana-mas-alta-de-alemania\\\/#webpage\"},\"articleSection\":\"Turismo, turismo, viajes\",\"dateline\":\"Publicado el agosto 8, 2021.\"},{\"@type\":\"Organization\",\"@id\":\"https:\\\/\\\/candas365.es\\\/noticias\\\/#organization\",\"name\":\"Cand\\u00e1s 365\",\"description\":\"Cand\\u00e1s 365 es un diario digital independiente, fundado en 2012, con base en Asturias. Informamos con rigor sobre actualidad, sociedad, cultura y ocio, con una mirada local y global.\",\"url\":\"https:\\\/\\\/candas365.es\\\/noticias\\\/\",\"email\":\"info@candas365.es\",\"telephone\":\"+34652131393\",\"foundingDate\":\"2012-06-10\",\"logo\":{\"@type\":\"ImageObject\",\"url\":\"https:\\\/\\\/candas365.es\\\/noticias\\\/wp-content\\\/uploads\\\/2024\\\/09\\\/Candas-365-Redes.jpg\",\"@id\":\"https:\\\/\\\/candas365.es\\\/noticias\\\/la-garganta-de-hollental-al-pie-de-la-montana-mas-alta-de-alemania\\\/#organizationLogo\",\"width\":1152,\"height\":864,\"caption\":\"Cand\\u00e1s 365 Redes\"},\"image\":{\"@id\":\"https:\\\/\\\/candas365.es\\\/noticias\\\/la-garganta-de-hollental-al-pie-de-la-montana-mas-alta-de-alemania\\\/#organizationLogo\"},\"sameAs\":[\"https:\\\/\\\/www.facebook.com\\\/Nachofdezber\",\"https:\\\/\\\/x.com\\\/NabercoDigital\",\"https:\\\/\\\/www.instagram.com\\\/nachofdezber\\\/\",\"https:\\\/\\\/www.youtube.com\\\/channel\\\/UCZP-2wLEB9Rv6erhFmqVnvg\"],\"address\":{\"@id\":\"https:\\\/\\\/candas365.es\\\/noticias\\\/#postaladdress\",\"@type\":\"PostalAddress\",\"streetAddress\":\"san antonio 4, san antonio 4\",\"postalCode\":\"33430\",\"addressLocality\":\"Cand\\u00e1s\",\"addressRegion\":\"Asturias\",\"addressCountry\":\"ES\"}},{\"@type\":\"Person\",\"@id\":\"https:\\\/\\\/candas365.es\\\/noticias\\\/author\\\/admin\\\/#author\",\"url\":\"https:\\\/\\\/candas365.es\\\/noticias\\\/author\\\/admin\\\/\",\"name\":\"Cand\\u00e1s 365\",\"image\":{\"@type\":\"ImageObject\",\"@id\":\"https:\\\/\\\/candas365.es\\\/noticias\\\/la-garganta-de-hollental-al-pie-de-la-montana-mas-alta-de-alemania\\\/#authorImage\",\"url\":\"https:\\\/\\\/secure.gravatar.com\\\/avatar\\\/496a8e03d0c493ede1718b7934145dbdf8d89be1036b0eec9544e1094c9de390?s=96&d=mm&r=g\",\"width\":96,\"height\":96,\"caption\":\"Cand\\u00e1s 365\"},\"sameAs\":[\"https:\\\/\\\/www.facebook.com\\\/carrenoactualidad\",\"https:\\\/\\\/twitter.com\\\/nbasturias\",\"https:\\\/\\\/www.instagram.com\\\/nachofdezber\\\/\",\"https:\\\/\\\/www.youtube.com\\\/channel\\\/UCZP-2wLEB9Rv6erhFmqVnvg\"]},{\"@type\":\"WebPage\",\"@id\":\"https:\\\/\\\/candas365.es\\\/noticias\\\/la-garganta-de-hollental-al-pie-de-la-montana-mas-alta-de-alemania\\\/#webpage\",\"url\":\"https:\\\/\\\/candas365.es\\\/noticias\\\/la-garganta-de-hollental-al-pie-de-la-montana-mas-alta-de-alemania\\\/\",\"name\":\"La garganta de H\\u00f6llental, al pie de la monta\\u00f1a m\\u00e1s alta de Alemania | Cand\\u00e1s 365\",\"description\":\"La idea no abandonaba a Adolf Zoeppritz. En torno al pen\\u00faltimo cambio de siglo, al ingeniero germano se le hab\\u00eda metido en la cabeza hacer transitable ..\",\"inLanguage\":\"es-ES\",\"isPartOf\":{\"@id\":\"https:\\\/\\\/candas365.es\\\/noticias\\\/#website\"},\"breadcrumb\":{\"@id\":\"https:\\\/\\\/candas365.es\\\/noticias\\\/la-garganta-de-hollental-al-pie-de-la-montana-mas-alta-de-alemania\\\/#breadcrumblist\"},\"author\":{\"@id\":\"https:\\\/\\\/candas365.es\\\/noticias\\\/author\\\/admin\\\/#author\"},\"creator\":{\"@id\":\"https:\\\/\\\/candas365.es\\\/noticias\\\/author\\\/admin\\\/#author\"},\"image\":{\"@type\":\"ImageObject\",\"url\":\"https:\\\/\\\/candas365.es\\\/noticias\\\/wp-content\\\/uploads\\\/2021\\\/08\\\/Hollental.jpg\",\"@id\":\"https:\\\/\\\/candas365.es\\\/noticias\\\/la-garganta-de-hollental-al-pie-de-la-montana-mas-alta-de-alemania\\\/#mainImage\",\"width\":1004,\"height\":660,\"caption\":\"El sendero a lo largo de la garganta de H\\u00f6llental (H\\u00f6llentalklamm) est\\u00e1 asegurado con un vallado. Foto: Verena Wolff\\\/dpa\"},\"primaryImageOfPage\":{\"@id\":\"https:\\\/\\\/candas365.es\\\/noticias\\\/la-garganta-de-hollental-al-pie-de-la-montana-mas-alta-de-alemania\\\/#mainImage\"},\"datePublished\":\"2021-08-08T07:49:29+02:00\",\"dateModified\":\"2021-08-08T07:49:29+02:00\"},{\"@type\":\"WebSite\",\"@id\":\"https:\\\/\\\/candas365.es\\\/noticias\\\/#website\",\"url\":\"https:\\\/\\\/candas365.es\\\/noticias\\\/\",\"name\":\"Cand\\u00e1s 365\",\"alternateName\":\"Cand\\u00e1s 365 Noticias\",\"description\":\"Actualidad desde Carre\\u00f1o para el mundo\",\"inLanguage\":\"es-ES\",\"publisher\":{\"@id\":\"https:\\\/\\\/candas365.es\\\/noticias\\\/#organization\"}}]}\n\t\t<\/script>\n\t\t<!-- All in One SEO Pro -->\r\n\t\t<title>La garganta de H\u00f6llental, al pie de la monta\u00f1a m\u00e1s alta de Alemania | Cand\u00e1s 365<\/title>\n\n","aioseo_head_json":{"title":"La garganta de H\u00f6llental, al pie de la monta\u00f1a m\u00e1s alta de Alemania | Cand\u00e1s 365","description":"La idea no abandonaba a Adolf Zoeppritz. En torno al pen\u00faltimo cambio de siglo, al ingeniero germano se le hab\u00eda metido en la cabeza hacer transitable ..","canonical_url":"https:\/\/candas365.es\/noticias\/la-garganta-de-hollental-al-pie-de-la-montana-mas-alta-de-alemania\/","robots":"max-image-preview:large","keywords":"turismo","webmasterTools":{"google-site-verification":"UA-32230408-1","msvalidate.01":"354F3CDFB2DA171B47FBE9ABF1F88D5","miscellaneous":""},"schema":{"@context":"https:\/\/schema.org","@graph":[{"@type":"BreadcrumbList","@id":"https:\/\/candas365.es\/noticias\/la-garganta-de-hollental-al-pie-de-la-montana-mas-alta-de-alemania\/#breadcrumblist","itemListElement":[{"@type":"ListItem","@id":"https:\/\/candas365.es\/noticias#listItem","position":1,"name":"Home","item":"https:\/\/candas365.es\/noticias","nextItem":{"@type":"ListItem","@id":"https:\/\/candas365.es\/noticias\/category\/turismo\/#listItem","name":"Turismo"}},{"@type":"ListItem","@id":"https:\/\/candas365.es\/noticias\/category\/turismo\/#listItem","position":2,"name":"Turismo","item":"https:\/\/candas365.es\/noticias\/category\/turismo\/","nextItem":{"@type":"ListItem","@id":"https:\/\/candas365.es\/noticias\/la-garganta-de-hollental-al-pie-de-la-montana-mas-alta-de-alemania\/#listItem","name":"La garganta de H\u00f6llental, al pie de la monta\u00f1a m\u00e1s alta de Alemania"},"previousItem":{"@type":"ListItem","@id":"https:\/\/candas365.es\/noticias#listItem","name":"Home"}},{"@type":"ListItem","@id":"https:\/\/candas365.es\/noticias\/la-garganta-de-hollental-al-pie-de-la-montana-mas-alta-de-alemania\/#listItem","position":3,"name":"La garganta de H\u00f6llental, al pie de la monta\u00f1a m\u00e1s alta de Alemania","previousItem":{"@type":"ListItem","@id":"https:\/\/candas365.es\/noticias\/category\/turismo\/#listItem","name":"Turismo"}}]},{"@type":"NewsArticle","@id":"https:\/\/candas365.es\/noticias\/la-garganta-de-hollental-al-pie-de-la-montana-mas-alta-de-alemania\/#newsarticle","name":"La garganta de H\u00f6llental, al pie de la monta\u00f1a m\u00e1s alta de Alemania | Cand\u00e1s 365","headline":"La garganta de H\u00f6llental, al pie de la monta\u00f1a m\u00e1s alta de Alemania","author":{"@id":"https:\/\/candas365.es\/noticias\/author\/admin\/#author"},"publisher":{"@id":"https:\/\/candas365.es\/noticias\/#organization"},"image":{"@type":"ImageObject","url":"https:\/\/candas365.es\/noticias\/wp-content\/uploads\/2021\/08\/Hollental.jpg","width":1004,"height":660,"caption":"El sendero a lo largo de la garganta de H\u00f6llental (H\u00f6llentalklamm) est\u00e1 asegurado con un vallado. Foto: Verena Wolff\/dpa"},"datePublished":"2021-08-08T07:49:29+02:00","dateModified":"2021-08-08T07:49:29+02:00","inLanguage":"es-ES","mainEntityOfPage":{"@id":"https:\/\/candas365.es\/noticias\/la-garganta-de-hollental-al-pie-de-la-montana-mas-alta-de-alemania\/#webpage"},"isPartOf":{"@id":"https:\/\/candas365.es\/noticias\/la-garganta-de-hollental-al-pie-de-la-montana-mas-alta-de-alemania\/#webpage"},"articleSection":"Turismo, turismo, viajes","dateline":"Publicado el agosto 8, 2021."},{"@type":"Organization","@id":"https:\/\/candas365.es\/noticias\/#organization","name":"Cand\u00e1s 365","description":"Cand\u00e1s 365 es un diario digital independiente, fundado en 2012, con base en Asturias. Informamos con rigor sobre actualidad, sociedad, cultura y ocio, con una mirada local y global.","url":"https:\/\/candas365.es\/noticias\/","email":"info@candas365.es","telephone":"+34652131393","foundingDate":"2012-06-10","logo":{"@type":"ImageObject","url":"https:\/\/candas365.es\/noticias\/wp-content\/uploads\/2024\/09\/Candas-365-Redes.jpg","@id":"https:\/\/candas365.es\/noticias\/la-garganta-de-hollental-al-pie-de-la-montana-mas-alta-de-alemania\/#organizationLogo","width":1152,"height":864,"caption":"Cand\u00e1s 365 Redes"},"image":{"@id":"https:\/\/candas365.es\/noticias\/la-garganta-de-hollental-al-pie-de-la-montana-mas-alta-de-alemania\/#organizationLogo"},"sameAs":["https:\/\/www.facebook.com\/Nachofdezber","https:\/\/x.com\/NabercoDigital","https:\/\/www.instagram.com\/nachofdezber\/","https:\/\/www.youtube.com\/channel\/UCZP-2wLEB9Rv6erhFmqVnvg"],"address":{"@id":"https:\/\/candas365.es\/noticias\/#postaladdress","@type":"PostalAddress","streetAddress":"san antonio 4, san antonio 4","postalCode":"33430","addressLocality":"Cand\u00e1s","addressRegion":"Asturias","addressCountry":"ES"}},{"@type":"Person","@id":"https:\/\/candas365.es\/noticias\/author\/admin\/#author","url":"https:\/\/candas365.es\/noticias\/author\/admin\/","name":"Cand\u00e1s 365","image":{"@type":"ImageObject","@id":"https:\/\/candas365.es\/noticias\/la-garganta-de-hollental-al-pie-de-la-montana-mas-alta-de-alemania\/#authorImage","url":"https:\/\/secure.gravatar.com\/avatar\/496a8e03d0c493ede1718b7934145dbdf8d89be1036b0eec9544e1094c9de390?s=96&d=mm&r=g","width":96,"height":96,"caption":"Cand\u00e1s 365"},"sameAs":["https:\/\/www.facebook.com\/carrenoactualidad","https:\/\/twitter.com\/nbasturias","https:\/\/www.instagram.com\/nachofdezber\/","https:\/\/www.youtube.com\/channel\/UCZP-2wLEB9Rv6erhFmqVnvg"]},{"@type":"WebPage","@id":"https:\/\/candas365.es\/noticias\/la-garganta-de-hollental-al-pie-de-la-montana-mas-alta-de-alemania\/#webpage","url":"https:\/\/candas365.es\/noticias\/la-garganta-de-hollental-al-pie-de-la-montana-mas-alta-de-alemania\/","name":"La garganta de H\u00f6llental, al pie de la monta\u00f1a m\u00e1s alta de Alemania | Cand\u00e1s 365","description":"La idea no abandonaba a Adolf Zoeppritz. En torno al pen\u00faltimo cambio de siglo, al ingeniero germano se le hab\u00eda metido en la cabeza hacer transitable ..","inLanguage":"es-ES","isPartOf":{"@id":"https:\/\/candas365.es\/noticias\/#website"},"breadcrumb":{"@id":"https:\/\/candas365.es\/noticias\/la-garganta-de-hollental-al-pie-de-la-montana-mas-alta-de-alemania\/#breadcrumblist"},"author":{"@id":"https:\/\/candas365.es\/noticias\/author\/admin\/#author"},"creator":{"@id":"https:\/\/candas365.es\/noticias\/author\/admin\/#author"},"image":{"@type":"ImageObject","url":"https:\/\/candas365.es\/noticias\/wp-content\/uploads\/2021\/08\/Hollental.jpg","@id":"https:\/\/candas365.es\/noticias\/la-garganta-de-hollental-al-pie-de-la-montana-mas-alta-de-alemania\/#mainImage","width":1004,"height":660,"caption":"El sendero a lo largo de la garganta de H\u00f6llental (H\u00f6llentalklamm) est\u00e1 asegurado con un vallado. Foto: Verena Wolff\/dpa"},"primaryImageOfPage":{"@id":"https:\/\/candas365.es\/noticias\/la-garganta-de-hollental-al-pie-de-la-montana-mas-alta-de-alemania\/#mainImage"},"datePublished":"2021-08-08T07:49:29+02:00","dateModified":"2021-08-08T07:49:29+02:00"},{"@type":"WebSite","@id":"https:\/\/candas365.es\/noticias\/#website","url":"https:\/\/candas365.es\/noticias\/","name":"Cand\u00e1s 365","alternateName":"Cand\u00e1s 365 Noticias","description":"Actualidad desde Carre\u00f1o para el mundo","inLanguage":"es-ES","publisher":{"@id":"https:\/\/candas365.es\/noticias\/#organization"}}]},"og:locale":"es_ES","og:site_name":"Cand\u00e1s 365","og:type":"article","og:title":"La garganta de H\u00f6llental, al pie de la monta\u00f1a m\u00e1s alta de Alemania | Cand\u00e1s 365","og:description":"La idea no abandonaba a Adolf Zoeppritz. En torno al pen\u00faltimo cambio de siglo, al ingeniero germano se le hab\u00eda metido en la cabeza hacer transitable ..","og:url":"https:\/\/candas365.es\/noticias\/la-garganta-de-hollental-al-pie-de-la-montana-mas-alta-de-alemania\/","og:image":"https:\/\/candas365.es\/noticias\/wp-content\/uploads\/2021\/08\/Hollental.jpg","og:image:secure_url":"https:\/\/candas365.es\/noticias\/wp-content\/uploads\/2021\/08\/Hollental.jpg","og:image:width":1004,"og:image:height":660,"article:published_time":"2021-08-08T07:49:29+00:00","article:modified_time":"2021-08-08T07:49:29+00:00","article:publisher":"https:\/\/www.facebook.com\/Nachofdezber","article:author":"https:\/\/www.facebook.com\/carrenoactualidad","twitter:card":"summary_large_image","twitter:site":"@NabercoDigital","twitter:title":"La garganta de H\u00f6llental, al pie de la monta\u00f1a m\u00e1s alta de Alemania | Cand\u00e1s 365","twitter:description":"La idea no abandonaba a Adolf Zoeppritz. En torno al pen\u00faltimo cambio de siglo, al ingeniero germano se le hab\u00eda metido en la cabeza hacer transitable ..","twitter:creator":"@nbasturias","twitter:image":"https:\/\/candas365.es\/noticias\/wp-content\/uploads\/2021\/08\/Hollental.jpg","twitter:label1":"Escrito por","twitter:data1":"Cand\u00e1s 365","twitter:label2":"Tiempo de lectura estimado","twitter:data2":"5 minutos"},"aioseo_meta_data":{"post_id":"157274","title":null,"description":"La idea no abandonaba a Adolf Zoeppritz. En torno al pen\u00faltimo cambio de siglo, al ingeniero germano se le hab\u00eda metido en la cabeza hacer transitable ..","keywords":[],"keyphrases":{"focus":{"keyphrase":"H\u00f6llental","score":78,"analysis":{"keyphraseInTitle":{"title":"Frase clave objetivo en el t\u00edtulo SEO","description":"Frase clave objetivo encontrada en el t\u00edtulo SEO.","score":9,"maxScore":9,"error":0},"keyphraseInDescription":{"title":"Frase clave objetivo en la meta descripci\u00f3n","description":"Frase clave objetivo no se encuentra en la meta descripci\u00f3n.","score":3,"maxScore":9,"error":1},"keyphraseInURL":[],"keyphraseLength":{"title":"Longitud de la Frase clave objetivo","description":"\u00a1Buen trabajo!","score":9,"maxScore":9,"error":0,"length":1},"keyphraseInIntroduction":{"title":"Frase clave objetivo en la introducci\u00f3n","description":"Su Frase clave objetivo aparece en el primer p\u00e1rrafo. \u00a1Bien hecho!","score":9,"maxScore":9,"error":0},"keyphraseInSubHeadings":{"title":"Frase clave objetivo sus subt\u00edtulos","description":"Use your focus keyphrase more in your H2 and H3 subheadings.","score":3,"maxScore":9,"error":1},"keyphraseInImageAlt":{"title":"Frase clave objetivo en los atributos alt de la imagen.","description":"Frase clave objetivo encontrada en los atributos alt de la(s) imagen(es).","score":9,"maxScore":9,"error":0}}},"additional":[{"keyphrase":"Adolf Zoeppritz","score":83,"analysis":{"keyphraseInDescription":{"title":"Frase clave en la meta descripci\u00f3n","description":"Frase clave encontrada en la meta descripci\u00f3n.","score":9,"maxScore":9,"error":0},"keyphraseLength":{"title":"Longitud de la Frase clave","description":"\u00a1Buen trabajo!","score":9,"maxScore":9,"error":0,"length":2},"keyphraseInIntroduction":{"title":"Frase clave en la introducci\u00f3n","description":"Su Frase clave aparece en el primer p\u00e1rrafo. \u00a1Bien hecho!","score":9,"maxScore":9,"error":0},"keyphraseInImageAlt":{"title":"Frase clave en los atributos alt de la imagen.","description":"Frase clave no se encuentra en los atributos alt de la imagen. A\u00f1ada una imagen con su Frase clave como texto alternativo.","score":3,"maxScore":9,"error":1}}},{"keyphrase":"hacer transitable","score":83,"analysis":{"keyphraseInDescription":{"title":"Frase clave en la meta descripci\u00f3n","description":"Frase clave encontrada en la meta descripci\u00f3n.","score":9,"maxScore":9,"error":0},"keyphraseLength":{"title":"Longitud de la Frase clave","description":"\u00a1Buen trabajo!","score":9,"maxScore":9,"error":0,"length":2},"keyphraseInIntroduction":{"title":"Frase clave en la introducci\u00f3n","description":"Su Frase clave aparece en el primer p\u00e1rrafo. \u00a1Bien hecho!","score":9,"maxScore":9,"error":0},"keyphraseInImageAlt":{"title":"Frase clave en los atributos alt de la imagen.","description":"Frase clave no se encuentra en los atributos alt de la imagen. A\u00f1ada una imagen con su Frase clave como texto alternativo.","score":3,"maxScore":9,"error":1}}}]},"primary_term":null,"canonical_url":null,"og_title":null,"og_description":null,"og_object_type":"default","og_image_type":"default","og_image_url":null,"og_image_width":null,"og_image_height":null,"og_image_custom_url":null,"og_image_custom_fields":null,"og_video":"","og_custom_url":null,"og_article_section":null,"og_article_tags":[],"twitter_use_og":false,"twitter_card":"default","twitter_image_type":"default","twitter_image_url":null,"twitter_image_custom_url":null,"twitter_image_custom_fields":null,"twitter_title":null,"twitter_description":null,"schema":{"blockGraphs":[],"customGraphs":[],"default":{"data":{"Article":[],"Course":[],"Dataset":[],"FAQPage":[],"Movie":[],"Person":[],"Product":[],"ProductReview":[],"Car":[],"Recipe":[],"Service":[],"SoftwareApplication":[],"WebPage":[]},"graphName":"","isEnabled":true},"graphs":[]},"schema_type":"default","schema_type_options":"{\"article\":{\"articleType\":\"BlogPosting\"},\"course\":{\"name\":\"\",\"description\":\"\",\"provider\":\"\"},\"faq\":{\"pages\":[]},\"product\":{\"reviews\":[]},\"recipe\":{\"ingredients\":[],\"instructions\":[],\"keywords\":[]},\"software\":{\"reviews\":[],\"operatingSystems\":[]},\"webPage\":{\"webPageType\":\"WebPage\"}}","pillar_content":false,"robots_default":true,"robots_noindex":false,"robots_noarchive":false,"robots_nosnippet":false,"robots_nofollow":false,"robots_noimageindex":false,"robots_noodp":false,"robots_notranslate":false,"robots_max_snippet":"-1","robots_max_videopreview":"-1","robots_max_imagepreview":"large","priority":null,"frequency":"default","location":null,"local_seo":{"locations":{"business":{"name":"","businessType":"","image":"","areaServed":"","urls":{"website":"","aboutPage":"","contactPage":""},"address":{"streetLine1":"","streetLine2":"","zipCode":"","city":"","state":"","country":"","addressFormat":"#streetLineOne\n#streetLineTwo\n#city, #state #zipCode"},"contact":{"email":"","phone":"","phoneFormatted":"","fax":"","faxFormatted":""},"ids":{"vat":"","tax":"","chamberOfCommerce":""},"payment":{"priceRange":"","currenciesAccepted":"","methods":""}}},"openingHours":{"useDefaults":true,"show":true,"alwaysOpen":false,"use24hFormat":false,"timezone":"","labels":{"closed":"","alwaysOpen":""},"days":{"monday":{"open24h":false,"closed":false,"openTime":"09:00","closeTime":"17:00"},"tuesday":{"open24h":false,"closed":false,"openTime":"09:00","closeTime":"17:00"},"wednesday":{"open24h":false,"closed":false,"openTime":"09:00","closeTime":"17:00"},"thursday":{"open24h":false,"closed":false,"openTime":"09:00","closeTime":"17:00"},"friday":{"open24h":false,"closed":false,"openTime":"09:00","closeTime":"17:00"},"saturday":{"open24h":false,"closed":false,"openTime":"09:00","closeTime":"17:00"},"sunday":{"open24h":false,"closed":false,"openTime":"09:00","closeTime":"17:00"}}}},"seo_analyzer_scan_date":"2025-09-01 00:37:11","breadcrumb_settings":null,"limit_modified_date":false,"reviewed_by":null,"open_ai":null,"ai":null,"created":"2021-08-08 07:44:43","updated":"2025-09-01 00:37:11"},"aioseo_breadcrumb":"<div class=\"aioseo-breadcrumbs\"><span class=\"aioseo-breadcrumb\">\n\t<a href=\"https:\/\/candas365.es\/noticias\" title=\"Home\">Home<\/a>\n<\/span><span class=\"aioseo-breadcrumb-separator\">&ndash;<\/span><span class=\"aioseo-breadcrumb\">\n\t<a href=\"https:\/\/candas365.es\/noticias\/category\/turismo\/\" title=\"Turismo\">Turismo<\/a>\n<\/span><span class=\"aioseo-breadcrumb-separator\">&ndash;<\/span><span class=\"aioseo-breadcrumb\">\n\tLa garganta de H\u00f6llental, al pie de la monta\u00f1a m\u00e1s alta de Alemania\n<\/span><\/div>","aioseo_breadcrumb_json":[{"label":"Home","link":"https:\/\/candas365.es\/noticias"},{"label":"Turismo","link":"https:\/\/candas365.es\/noticias\/category\/turismo\/"},{"label":"La garganta de H\u00f6llental, al pie de la monta\u00f1a m\u00e1s alta de Alemania","link":"https:\/\/candas365.es\/noticias\/la-garganta-de-hollental-al-pie-de-la-montana-mas-alta-de-alemania\/"}],"_links":{"self":[{"href":"https:\/\/candas365.es\/noticias\/wp-json\/wp\/v2\/posts\/157274","targetHints":{"allow":["GET"]}}],"collection":[{"href":"https:\/\/candas365.es\/noticias\/wp-json\/wp\/v2\/posts"}],"about":[{"href":"https:\/\/candas365.es\/noticias\/wp-json\/wp\/v2\/types\/post"}],"author":[{"embeddable":true,"href":"https:\/\/candas365.es\/noticias\/wp-json\/wp\/v2\/users\/1"}],"replies":[{"embeddable":true,"href":"https:\/\/candas365.es\/noticias\/wp-json\/wp\/v2\/comments?post=157274"}],"version-history":[{"count":0,"href":"https:\/\/candas365.es\/noticias\/wp-json\/wp\/v2\/posts\/157274\/revisions"}],"wp:featuredmedia":[{"embeddable":true,"href":"https:\/\/candas365.es\/noticias\/wp-json\/wp\/v2\/media\/157275"}],"wp:attachment":[{"href":"https:\/\/candas365.es\/noticias\/wp-json\/wp\/v2\/media?parent=157274"}],"wp:term":[{"taxonomy":"category","embeddable":true,"href":"https:\/\/candas365.es\/noticias\/wp-json\/wp\/v2\/categories?post=157274"},{"taxonomy":"post_tag","embeddable":true,"href":"https:\/\/candas365.es\/noticias\/wp-json\/wp\/v2\/tags?post=157274"}],"curies":[{"name":"wp","href":"https:\/\/api.w.org\/{rel}","templated":true}]}}