{"id":157198,"date":"2021-08-03T10:19:30","date_gmt":"2021-08-03T10:19:30","guid":{"rendered":"http:\/\/candas365.es\/noticias\/?p=157198"},"modified":"2021-08-03T10:19:30","modified_gmt":"2021-08-03T10:19:30","slug":"finalistas-del-v-premio-de-teatro-profesional-nel-amaro-en-lengua-asturiana","status":"publish","type":"post","link":"https:\/\/candas365.es\/noticias\/finalistas-del-v-premio-de-teatro-profesional-nel-amaro-en-lengua-asturiana\/","title":{"rendered":"Finalistas del V Premio de Teatro Profesional Nel Amaro en lengua asturiana"},"content":{"rendered":"<p><img fetchpriority=\"high\" decoding=\"async\" class=\"alignleft size-medium wp-image-270\" src=\"https:\/\/candas365.es\/noticias\/wp-content\/uploads\/2014\/09\/agenda-360x238.jpg\" alt=\"\" width=\"360\" height=\"238\" srcset=\"https:\/\/candas365.es\/noticias\/wp-content\/uploads\/2014\/09\/agenda-360x238.jpg 360w, https:\/\/candas365.es\/noticias\/wp-content\/uploads\/2014\/09\/agenda-150x99.jpg 150w, https:\/\/candas365.es\/noticias\/wp-content\/uploads\/2014\/09\/agenda-450x298.jpg 450w, https:\/\/candas365.es\/noticias\/wp-content\/uploads\/2014\/09\/agenda-84x55.jpg 84w, https:\/\/candas365.es\/noticias\/wp-content\/uploads\/2014\/09\/agenda.jpg 500w\" sizes=\"(max-width: 360px) 100vw, 360px\" \/>El <strong>Teatro Filarm\u00f3nica de Ovied<\/strong>o acoger\u00e1 los viernes 1, 8, 15 y 22 de octubre las representaciones de las obras finalistas que optan al <strong>V Premio Nel Amaro de Teatro<\/strong> Profesional en lengua asturiana o gallego-asturiano.<\/p>\n<p>El jurado, integrado por especialistas en teatro y lengua asturiana y tras una primera deliberaci\u00f3n el 21 de julio, realiz\u00f3 la selecci\u00f3n de las cuatro compa\u00f1\u00edas teatrales finalistas y que participar\u00e1n en este V Festival Nel Amaro. Son, por orden de actuaci\u00f3n:<\/p>\n<ul>\n<li>El Callej\u00f3n del Gato, con el espect\u00e1culo Grana de cardamomu.<\/li>\n<li>Producciones Nun Tris, con el espect\u00e1culo La reina la guapura de Leenane<\/li>\n<li>Factor\u00eda Norte, con el espect\u00e1culo Les piripiripirates con parches y a lo xole.<\/li>\n<li>Arte Producciones, con el espect\u00e1culo Setiembre.<\/li>\n<\/ul>\n<p>El Premio Nel Amaro de Teatro Profesional en lengua asturiana o gallego-asturiano se convoca con el objetivo de consolidar, enriquecer y prestigiar estas dos lenguas en el \u00e1mbito del arte dram\u00e1tico, y est\u00e1 dotado con 6.000 euros. La entrega del galard\u00f3n tendr\u00e1 lugar en una ceremonia en la que compartir\u00e1 protagonismo con quienes hayan obtenido los premios literarios en lengua asturiana en las categor\u00edas de c\u00f3mic, ensayo, literatura infantil y juvenil, novela y poes\u00eda, que convoca tambi\u00e9n el Gobierno del Principado de Asturias.<\/p>\n<p>El premio y el festival llevan el nombre de Nel Amaro, autor turon\u00e9s fallecido en 2011, al que este a\u00f1o se le dedic\u00f3 la 42 Selmana de les Lletres Asturianes, y que a \u00faltimos de la d\u00e9cada de los setenta del siglo pasado abri\u00f3 el camino para la vanguardia teatral en asturiano. Entre sus obras de teatro destacan X\u00e9nesis o albor\u00e1 de la concencia (1978), Glay\u00edos nueos, vieya murnia (1979), L\u2019\u00fanicu rebalbu (1980) y Ant\u00edgona, por exemplu, que gan\u00f3 el premio de teatro de la Academia de la Llingua Asturiana en 1991. Les manes en cax\u00f3n (2003) fue su \u00faltima publicaci\u00f3n teatral.<\/p>\n<p>En la pasada edici\u00f3n de este premio, el espect\u00e1culo ganador result\u00f3 ser El viaxe de Covaletti, de Higi\u00e9nico Papel Teatro.<\/p>\n<p>&nbsp;<\/p>\n","protected":false},"excerpt":{"rendered":"<p>El Teatro Filarm\u00f3nica de Oviedo acoger\u00e1 los viernes 1, 8, 15 y 22 de octubre las representaciones de las obras finalistas que optan al V Premio Nel Amaro de Teatro Profesional en lengua asturiana o gallego-asturiano. El jurado, integrado por especialistas en teatro y lengua asturiana y tras una primera deliberaci\u00f3n el 21 de julio,<\/p>\n","protected":false},"author":1,"featured_media":270,"comment_status":"closed","ping_status":"closed","sticky":false,"template":"","format":"standard","meta":{"footnotes":""},"categories":[1],"tags":[],"class_list":{"0":"post-157198","1":"post","2":"type-post","3":"status-publish","4":"format-standard","5":"has-post-thumbnail","7":"category-agenda"},"aioseo_notices":[],"aioseo_head":"\n\t\t<!-- All in One SEO Pro 4.9.6.2 - aioseo.com -->\n\t<meta name=\"description\" content=\"El Teatro Filarm\u00f3nica de Oviedo acoger\u00e1 los viernes 1, 8, 15 y 22 de octubre las representaciones de las obras finalistas que optan al V Premio Nel Amaro\" \/>\n\t<meta name=\"robots\" content=\"max-image-preview:large\" \/>\n\t<meta name=\"author\" content=\"Cand\u00e1s 365\"\/>\n\t<meta name=\"google-site-verification\" content=\"UA-32230408-1\" \/>\n\t<meta name=\"msvalidate.01\" content=\"354F3CDFB2DA171B47FBE9ABF1F88D5\" \/>\n\t<meta name=\"keywords\" content=\"agenda\" \/>\n\t<link rel=\"canonical\" href=\"https:\/\/candas365.es\/noticias\/finalistas-del-v-premio-de-teatro-profesional-nel-amaro-en-lengua-asturiana\/\" \/>\n\t<meta name=\"generator\" content=\"All in One SEO Pro (AIOSEO) 4.9.6.2\" \/>\n\t\t<meta property=\"og:locale\" content=\"es_ES\" \/>\n\t\t<meta property=\"og:site_name\" content=\"Cand\u00e1s 365\" \/>\n\t\t<meta property=\"og:type\" content=\"article\" \/>\n\t\t<meta property=\"og:title\" content=\"Finalistas del V Premio de Teatro Profesional Nel Amaro en lengua asturiana | Cand\u00e1s 365\" \/>\n\t\t<meta property=\"og:description\" content=\"El Teatro Filarm\u00f3nica de Oviedo acoger\u00e1 los viernes 1, 8, 15 y 22 de octubre las representaciones de las obras finalistas que optan al V Premio Nel Amaro\" \/>\n\t\t<meta property=\"og:url\" content=\"https:\/\/candas365.es\/noticias\/finalistas-del-v-premio-de-teatro-profesional-nel-amaro-en-lengua-asturiana\/\" \/>\n\t\t<meta property=\"og:image\" content=\"https:\/\/candas365.es\/noticias\/wp-content\/uploads\/2014\/09\/agenda.jpg\" \/>\n\t\t<meta property=\"og:image:secure_url\" content=\"https:\/\/candas365.es\/noticias\/wp-content\/uploads\/2014\/09\/agenda.jpg\" \/>\n\t\t<meta property=\"og:image:width\" content=\"500\" \/>\n\t\t<meta property=\"og:image:height\" content=\"331\" \/>\n\t\t<meta property=\"article:published_time\" content=\"2021-08-03T10:19:30+00:00\" \/>\n\t\t<meta property=\"article:modified_time\" content=\"2021-08-03T10:19:30+00:00\" \/>\n\t\t<meta property=\"article:publisher\" content=\"https:\/\/www.facebook.com\/Nachofdezber\" \/>\n\t\t<meta property=\"article:author\" content=\"https:\/\/www.facebook.com\/carrenoactualidad\" \/>\n\t\t<meta name=\"twitter:card\" content=\"summary_large_image\" \/>\n\t\t<meta name=\"twitter:site\" content=\"@NabercoDigital\" \/>\n\t\t<meta name=\"twitter:title\" content=\"Finalistas del V Premio de Teatro Profesional Nel Amaro en lengua asturiana | Cand\u00e1s 365\" \/>\n\t\t<meta name=\"twitter:description\" content=\"El Teatro Filarm\u00f3nica de Oviedo acoger\u00e1 los viernes 1, 8, 15 y 22 de octubre las representaciones de las obras finalistas que optan al V Premio Nel Amaro\" \/>\n\t\t<meta name=\"twitter:creator\" content=\"@nbasturias\" \/>\n\t\t<meta name=\"twitter:image\" content=\"https:\/\/candas365.es\/noticias\/wp-content\/uploads\/2014\/09\/agenda.jpg\" \/>\n\t\t<meta name=\"twitter:label1\" content=\"Escrito por\" \/>\n\t\t<meta name=\"twitter:data1\" content=\"Cand\u00e1s 365\" \/>\n\t\t<meta name=\"twitter:label2\" content=\"Tiempo de lectura estimado\" \/>\n\t\t<meta name=\"twitter:data2\" content=\"2 minutos\" \/>\n\t\t<script type=\"application\/ld+json\" class=\"aioseo-schema\">\n\t\t\t{\"@context\":\"https:\\\/\\\/schema.org\",\"@graph\":[{\"@type\":\"BreadcrumbList\",\"@id\":\"https:\\\/\\\/candas365.es\\\/noticias\\\/finalistas-del-v-premio-de-teatro-profesional-nel-amaro-en-lengua-asturiana\\\/#breadcrumblist\",\"itemListElement\":[{\"@type\":\"ListItem\",\"@id\":\"https:\\\/\\\/candas365.es\\\/noticias#listItem\",\"position\":1,\"name\":\"Home\",\"item\":\"https:\\\/\\\/candas365.es\\\/noticias\",\"nextItem\":{\"@type\":\"ListItem\",\"@id\":\"https:\\\/\\\/candas365.es\\\/noticias\\\/category\\\/agenda\\\/#listItem\",\"name\":\"Agenda\"}},{\"@type\":\"ListItem\",\"@id\":\"https:\\\/\\\/candas365.es\\\/noticias\\\/category\\\/agenda\\\/#listItem\",\"position\":2,\"name\":\"Agenda\",\"item\":\"https:\\\/\\\/candas365.es\\\/noticias\\\/category\\\/agenda\\\/\",\"nextItem\":{\"@type\":\"ListItem\",\"@id\":\"https:\\\/\\\/candas365.es\\\/noticias\\\/finalistas-del-v-premio-de-teatro-profesional-nel-amaro-en-lengua-asturiana\\\/#listItem\",\"name\":\"Finalistas del V Premio de Teatro Profesional Nel Amaro en lengua asturiana\"},\"previousItem\":{\"@type\":\"ListItem\",\"@id\":\"https:\\\/\\\/candas365.es\\\/noticias#listItem\",\"name\":\"Home\"}},{\"@type\":\"ListItem\",\"@id\":\"https:\\\/\\\/candas365.es\\\/noticias\\\/finalistas-del-v-premio-de-teatro-profesional-nel-amaro-en-lengua-asturiana\\\/#listItem\",\"position\":3,\"name\":\"Finalistas del V Premio de Teatro Profesional Nel Amaro en lengua asturiana\",\"previousItem\":{\"@type\":\"ListItem\",\"@id\":\"https:\\\/\\\/candas365.es\\\/noticias\\\/category\\\/agenda\\\/#listItem\",\"name\":\"Agenda\"}}]},{\"@type\":\"NewsArticle\",\"@id\":\"https:\\\/\\\/candas365.es\\\/noticias\\\/finalistas-del-v-premio-de-teatro-profesional-nel-amaro-en-lengua-asturiana\\\/#newsarticle\",\"name\":\"Finalistas del V Premio de Teatro Profesional Nel Amaro en lengua asturiana | Cand\\u00e1s 365\",\"headline\":\"Finalistas del V Premio de Teatro Profesional Nel Amaro en lengua asturiana\",\"author\":{\"@id\":\"https:\\\/\\\/candas365.es\\\/noticias\\\/author\\\/admin\\\/#author\"},\"publisher\":{\"@id\":\"https:\\\/\\\/candas365.es\\\/noticias\\\/#organization\"},\"image\":{\"@type\":\"ImageObject\",\"url\":\"https:\\\/\\\/candas365.es\\\/noticias\\\/wp-content\\\/uploads\\\/2014\\\/09\\\/agenda.jpg\",\"width\":500,\"height\":331},\"datePublished\":\"2021-08-03T10:19:30+02:00\",\"dateModified\":\"2021-08-03T10:19:30+02:00\",\"inLanguage\":\"es-ES\",\"mainEntityOfPage\":{\"@id\":\"https:\\\/\\\/candas365.es\\\/noticias\\\/finalistas-del-v-premio-de-teatro-profesional-nel-amaro-en-lengua-asturiana\\\/#webpage\"},\"isPartOf\":{\"@id\":\"https:\\\/\\\/candas365.es\\\/noticias\\\/finalistas-del-v-premio-de-teatro-profesional-nel-amaro-en-lengua-asturiana\\\/#webpage\"},\"articleSection\":\"Agenda\",\"dateline\":\"Publicado el agosto 3, 2021.\"},{\"@type\":\"Organization\",\"@id\":\"https:\\\/\\\/candas365.es\\\/noticias\\\/#organization\",\"name\":\"Cand\\u00e1s 365\",\"description\":\"Cand\\u00e1s 365 es un diario digital independiente, fundado en 2012, con base en Asturias. Informamos con rigor sobre actualidad, sociedad, cultura y ocio, con una mirada local y global.\",\"url\":\"https:\\\/\\\/candas365.es\\\/noticias\\\/\",\"email\":\"info@candas365.es\",\"telephone\":\"+34652131393\",\"foundingDate\":\"2012-06-10\",\"logo\":{\"@type\":\"ImageObject\",\"url\":\"https:\\\/\\\/candas365.es\\\/noticias\\\/wp-content\\\/uploads\\\/2024\\\/09\\\/Candas-365-Redes.jpg\",\"@id\":\"https:\\\/\\\/candas365.es\\\/noticias\\\/finalistas-del-v-premio-de-teatro-profesional-nel-amaro-en-lengua-asturiana\\\/#organizationLogo\",\"width\":1152,\"height\":864,\"caption\":\"Cand\\u00e1s 365 Redes\"},\"image\":{\"@id\":\"https:\\\/\\\/candas365.es\\\/noticias\\\/finalistas-del-v-premio-de-teatro-profesional-nel-amaro-en-lengua-asturiana\\\/#organizationLogo\"},\"sameAs\":[\"https:\\\/\\\/www.facebook.com\\\/Nachofdezber\",\"https:\\\/\\\/x.com\\\/NabercoDigital\",\"https:\\\/\\\/www.instagram.com\\\/nachofdezber\\\/\",\"https:\\\/\\\/www.youtube.com\\\/channel\\\/UCZP-2wLEB9Rv6erhFmqVnvg\"],\"address\":{\"@id\":\"https:\\\/\\\/candas365.es\\\/noticias\\\/#postaladdress\",\"@type\":\"PostalAddress\",\"streetAddress\":\"san antonio 4, san antonio 4\",\"postalCode\":\"33430\",\"addressLocality\":\"Cand\\u00e1s\",\"addressRegion\":\"Asturias\",\"addressCountry\":\"ES\"}},{\"@type\":\"Person\",\"@id\":\"https:\\\/\\\/candas365.es\\\/noticias\\\/author\\\/admin\\\/#author\",\"url\":\"https:\\\/\\\/candas365.es\\\/noticias\\\/author\\\/admin\\\/\",\"name\":\"Cand\\u00e1s 365\",\"image\":{\"@type\":\"ImageObject\",\"@id\":\"https:\\\/\\\/candas365.es\\\/noticias\\\/finalistas-del-v-premio-de-teatro-profesional-nel-amaro-en-lengua-asturiana\\\/#authorImage\",\"url\":\"https:\\\/\\\/secure.gravatar.com\\\/avatar\\\/496a8e03d0c493ede1718b7934145dbdf8d89be1036b0eec9544e1094c9de390?s=96&d=mm&r=g\",\"width\":96,\"height\":96,\"caption\":\"Cand\\u00e1s 365\"},\"sameAs\":[\"https:\\\/\\\/www.facebook.com\\\/carrenoactualidad\",\"https:\\\/\\\/twitter.com\\\/nbasturias\",\"https:\\\/\\\/www.instagram.com\\\/nachofdezber\\\/\",\"https:\\\/\\\/www.youtube.com\\\/channel\\\/UCZP-2wLEB9Rv6erhFmqVnvg\"]},{\"@type\":\"WebPage\",\"@id\":\"https:\\\/\\\/candas365.es\\\/noticias\\\/finalistas-del-v-premio-de-teatro-profesional-nel-amaro-en-lengua-asturiana\\\/#webpage\",\"url\":\"https:\\\/\\\/candas365.es\\\/noticias\\\/finalistas-del-v-premio-de-teatro-profesional-nel-amaro-en-lengua-asturiana\\\/\",\"name\":\"Finalistas del V Premio de Teatro Profesional Nel Amaro en lengua asturiana | Cand\\u00e1s 365\",\"description\":\"El Teatro Filarm\\u00f3nica de Oviedo acoger\\u00e1 los viernes 1, 8, 15 y 22 de octubre las representaciones de las obras finalistas que optan al V Premio Nel Amaro\",\"inLanguage\":\"es-ES\",\"isPartOf\":{\"@id\":\"https:\\\/\\\/candas365.es\\\/noticias\\\/#website\"},\"breadcrumb\":{\"@id\":\"https:\\\/\\\/candas365.es\\\/noticias\\\/finalistas-del-v-premio-de-teatro-profesional-nel-amaro-en-lengua-asturiana\\\/#breadcrumblist\"},\"author\":{\"@id\":\"https:\\\/\\\/candas365.es\\\/noticias\\\/author\\\/admin\\\/#author\"},\"creator\":{\"@id\":\"https:\\\/\\\/candas365.es\\\/noticias\\\/author\\\/admin\\\/#author\"},\"image\":{\"@type\":\"ImageObject\",\"url\":\"https:\\\/\\\/candas365.es\\\/noticias\\\/wp-content\\\/uploads\\\/2014\\\/09\\\/agenda.jpg\",\"@id\":\"https:\\\/\\\/candas365.es\\\/noticias\\\/finalistas-del-v-premio-de-teatro-profesional-nel-amaro-en-lengua-asturiana\\\/#mainImage\",\"width\":500,\"height\":331},\"primaryImageOfPage\":{\"@id\":\"https:\\\/\\\/candas365.es\\\/noticias\\\/finalistas-del-v-premio-de-teatro-profesional-nel-amaro-en-lengua-asturiana\\\/#mainImage\"},\"datePublished\":\"2021-08-03T10:19:30+02:00\",\"dateModified\":\"2021-08-03T10:19:30+02:00\"},{\"@type\":\"WebSite\",\"@id\":\"https:\\\/\\\/candas365.es\\\/noticias\\\/#website\",\"url\":\"https:\\\/\\\/candas365.es\\\/noticias\\\/\",\"name\":\"Cand\\u00e1s 365\",\"alternateName\":\"Cand\\u00e1s 365 Noticias\",\"description\":\"Actualidad desde Carre\\u00f1o para el mundo\",\"inLanguage\":\"es-ES\",\"publisher\":{\"@id\":\"https:\\\/\\\/candas365.es\\\/noticias\\\/#organization\"}}]}\n\t\t<\/script>\n\t\t<!-- All in One SEO Pro -->\r\n\t\t<title>Finalistas del V Premio de Teatro Profesional Nel Amaro en lengua asturiana | Cand\u00e1s 365<\/title>\n\n","aioseo_head_json":{"title":"Finalistas del V Premio de Teatro Profesional Nel Amaro en lengua asturiana | Cand\u00e1s 365","description":"El Teatro Filarm\u00f3nica de Oviedo acoger\u00e1 los viernes 1, 8, 15 y 22 de octubre las representaciones de las obras finalistas que optan al V Premio Nel Amaro","canonical_url":"https:\/\/candas365.es\/noticias\/finalistas-del-v-premio-de-teatro-profesional-nel-amaro-en-lengua-asturiana\/","robots":"max-image-preview:large","keywords":"agenda","webmasterTools":{"google-site-verification":"UA-32230408-1","msvalidate.01":"354F3CDFB2DA171B47FBE9ABF1F88D5","miscellaneous":""},"schema":{"@context":"https:\/\/schema.org","@graph":[{"@type":"BreadcrumbList","@id":"https:\/\/candas365.es\/noticias\/finalistas-del-v-premio-de-teatro-profesional-nel-amaro-en-lengua-asturiana\/#breadcrumblist","itemListElement":[{"@type":"ListItem","@id":"https:\/\/candas365.es\/noticias#listItem","position":1,"name":"Home","item":"https:\/\/candas365.es\/noticias","nextItem":{"@type":"ListItem","@id":"https:\/\/candas365.es\/noticias\/category\/agenda\/#listItem","name":"Agenda"}},{"@type":"ListItem","@id":"https:\/\/candas365.es\/noticias\/category\/agenda\/#listItem","position":2,"name":"Agenda","item":"https:\/\/candas365.es\/noticias\/category\/agenda\/","nextItem":{"@type":"ListItem","@id":"https:\/\/candas365.es\/noticias\/finalistas-del-v-premio-de-teatro-profesional-nel-amaro-en-lengua-asturiana\/#listItem","name":"Finalistas del V Premio de Teatro Profesional Nel Amaro en lengua asturiana"},"previousItem":{"@type":"ListItem","@id":"https:\/\/candas365.es\/noticias#listItem","name":"Home"}},{"@type":"ListItem","@id":"https:\/\/candas365.es\/noticias\/finalistas-del-v-premio-de-teatro-profesional-nel-amaro-en-lengua-asturiana\/#listItem","position":3,"name":"Finalistas del V Premio de Teatro Profesional Nel Amaro en lengua asturiana","previousItem":{"@type":"ListItem","@id":"https:\/\/candas365.es\/noticias\/category\/agenda\/#listItem","name":"Agenda"}}]},{"@type":"NewsArticle","@id":"https:\/\/candas365.es\/noticias\/finalistas-del-v-premio-de-teatro-profesional-nel-amaro-en-lengua-asturiana\/#newsarticle","name":"Finalistas del V Premio de Teatro Profesional Nel Amaro en lengua asturiana | Cand\u00e1s 365","headline":"Finalistas del V Premio de Teatro Profesional Nel Amaro en lengua asturiana","author":{"@id":"https:\/\/candas365.es\/noticias\/author\/admin\/#author"},"publisher":{"@id":"https:\/\/candas365.es\/noticias\/#organization"},"image":{"@type":"ImageObject","url":"https:\/\/candas365.es\/noticias\/wp-content\/uploads\/2014\/09\/agenda.jpg","width":500,"height":331},"datePublished":"2021-08-03T10:19:30+02:00","dateModified":"2021-08-03T10:19:30+02:00","inLanguage":"es-ES","mainEntityOfPage":{"@id":"https:\/\/candas365.es\/noticias\/finalistas-del-v-premio-de-teatro-profesional-nel-amaro-en-lengua-asturiana\/#webpage"},"isPartOf":{"@id":"https:\/\/candas365.es\/noticias\/finalistas-del-v-premio-de-teatro-profesional-nel-amaro-en-lengua-asturiana\/#webpage"},"articleSection":"Agenda","dateline":"Publicado el agosto 3, 2021."},{"@type":"Organization","@id":"https:\/\/candas365.es\/noticias\/#organization","name":"Cand\u00e1s 365","description":"Cand\u00e1s 365 es un diario digital independiente, fundado en 2012, con base en Asturias. Informamos con rigor sobre actualidad, sociedad, cultura y ocio, con una mirada local y global.","url":"https:\/\/candas365.es\/noticias\/","email":"info@candas365.es","telephone":"+34652131393","foundingDate":"2012-06-10","logo":{"@type":"ImageObject","url":"https:\/\/candas365.es\/noticias\/wp-content\/uploads\/2024\/09\/Candas-365-Redes.jpg","@id":"https:\/\/candas365.es\/noticias\/finalistas-del-v-premio-de-teatro-profesional-nel-amaro-en-lengua-asturiana\/#organizationLogo","width":1152,"height":864,"caption":"Cand\u00e1s 365 Redes"},"image":{"@id":"https:\/\/candas365.es\/noticias\/finalistas-del-v-premio-de-teatro-profesional-nel-amaro-en-lengua-asturiana\/#organizationLogo"},"sameAs":["https:\/\/www.facebook.com\/Nachofdezber","https:\/\/x.com\/NabercoDigital","https:\/\/www.instagram.com\/nachofdezber\/","https:\/\/www.youtube.com\/channel\/UCZP-2wLEB9Rv6erhFmqVnvg"],"address":{"@id":"https:\/\/candas365.es\/noticias\/#postaladdress","@type":"PostalAddress","streetAddress":"san antonio 4, san antonio 4","postalCode":"33430","addressLocality":"Cand\u00e1s","addressRegion":"Asturias","addressCountry":"ES"}},{"@type":"Person","@id":"https:\/\/candas365.es\/noticias\/author\/admin\/#author","url":"https:\/\/candas365.es\/noticias\/author\/admin\/","name":"Cand\u00e1s 365","image":{"@type":"ImageObject","@id":"https:\/\/candas365.es\/noticias\/finalistas-del-v-premio-de-teatro-profesional-nel-amaro-en-lengua-asturiana\/#authorImage","url":"https:\/\/secure.gravatar.com\/avatar\/496a8e03d0c493ede1718b7934145dbdf8d89be1036b0eec9544e1094c9de390?s=96&d=mm&r=g","width":96,"height":96,"caption":"Cand\u00e1s 365"},"sameAs":["https:\/\/www.facebook.com\/carrenoactualidad","https:\/\/twitter.com\/nbasturias","https:\/\/www.instagram.com\/nachofdezber\/","https:\/\/www.youtube.com\/channel\/UCZP-2wLEB9Rv6erhFmqVnvg"]},{"@type":"WebPage","@id":"https:\/\/candas365.es\/noticias\/finalistas-del-v-premio-de-teatro-profesional-nel-amaro-en-lengua-asturiana\/#webpage","url":"https:\/\/candas365.es\/noticias\/finalistas-del-v-premio-de-teatro-profesional-nel-amaro-en-lengua-asturiana\/","name":"Finalistas del V Premio de Teatro Profesional Nel Amaro en lengua asturiana | Cand\u00e1s 365","description":"El Teatro Filarm\u00f3nica de Oviedo acoger\u00e1 los viernes 1, 8, 15 y 22 de octubre las representaciones de las obras finalistas que optan al V Premio Nel Amaro","inLanguage":"es-ES","isPartOf":{"@id":"https:\/\/candas365.es\/noticias\/#website"},"breadcrumb":{"@id":"https:\/\/candas365.es\/noticias\/finalistas-del-v-premio-de-teatro-profesional-nel-amaro-en-lengua-asturiana\/#breadcrumblist"},"author":{"@id":"https:\/\/candas365.es\/noticias\/author\/admin\/#author"},"creator":{"@id":"https:\/\/candas365.es\/noticias\/author\/admin\/#author"},"image":{"@type":"ImageObject","url":"https:\/\/candas365.es\/noticias\/wp-content\/uploads\/2014\/09\/agenda.jpg","@id":"https:\/\/candas365.es\/noticias\/finalistas-del-v-premio-de-teatro-profesional-nel-amaro-en-lengua-asturiana\/#mainImage","width":500,"height":331},"primaryImageOfPage":{"@id":"https:\/\/candas365.es\/noticias\/finalistas-del-v-premio-de-teatro-profesional-nel-amaro-en-lengua-asturiana\/#mainImage"},"datePublished":"2021-08-03T10:19:30+02:00","dateModified":"2021-08-03T10:19:30+02:00"},{"@type":"WebSite","@id":"https:\/\/candas365.es\/noticias\/#website","url":"https:\/\/candas365.es\/noticias\/","name":"Cand\u00e1s 365","alternateName":"Cand\u00e1s 365 Noticias","description":"Actualidad desde Carre\u00f1o para el mundo","inLanguage":"es-ES","publisher":{"@id":"https:\/\/candas365.es\/noticias\/#organization"}}]},"og:locale":"es_ES","og:site_name":"Cand\u00e1s 365","og:type":"article","og:title":"Finalistas del V Premio de Teatro Profesional Nel Amaro en lengua asturiana | Cand\u00e1s 365","og:description":"El Teatro Filarm\u00f3nica de Oviedo acoger\u00e1 los viernes 1, 8, 15 y 22 de octubre las representaciones de las obras finalistas que optan al V Premio Nel Amaro","og:url":"https:\/\/candas365.es\/noticias\/finalistas-del-v-premio-de-teatro-profesional-nel-amaro-en-lengua-asturiana\/","og:image":"https:\/\/candas365.es\/noticias\/wp-content\/uploads\/2014\/09\/agenda.jpg","og:image:secure_url":"https:\/\/candas365.es\/noticias\/wp-content\/uploads\/2014\/09\/agenda.jpg","og:image:width":500,"og:image:height":331,"article:published_time":"2021-08-03T10:19:30+00:00","article:modified_time":"2021-08-03T10:19:30+00:00","article:publisher":"https:\/\/www.facebook.com\/Nachofdezber","article:author":"https:\/\/www.facebook.com\/carrenoactualidad","twitter:card":"summary_large_image","twitter:site":"@NabercoDigital","twitter:title":"Finalistas del V Premio de Teatro Profesional Nel Amaro en lengua asturiana | Cand\u00e1s 365","twitter:description":"El Teatro Filarm\u00f3nica de Oviedo acoger\u00e1 los viernes 1, 8, 15 y 22 de octubre las representaciones de las obras finalistas que optan al V Premio Nel Amaro","twitter:creator":"@nbasturias","twitter:image":"https:\/\/candas365.es\/noticias\/wp-content\/uploads\/2014\/09\/agenda.jpg","twitter:label1":"Escrito por","twitter:data1":"Cand\u00e1s 365","twitter:label2":"Tiempo de lectura estimado","twitter:data2":"2 minutos"},"aioseo_meta_data":{"post_id":"157198","title":null,"description":"El Teatro Filarm\u00f3nica de Oviedo acoger\u00e1 los viernes 1, 8, 15 y 22 de octubre las representaciones de las obras finalistas que optan al V Premio Nel Amaro","keywords":[],"keyphrases":{"focus":{"keyphrase":"Nel Amaro","score":87,"analysis":{"keyphraseInTitle":{"title":"Frase clave objetivo en el t\u00edtulo SEO","description":"Frase clave objetivo encontrada en el t\u00edtulo SEO.","score":9,"maxScore":9,"error":0},"keyphraseInDescription":{"title":"Frase clave objetivo en la meta descripci\u00f3n","description":"Frase clave objetivo encontrada en la meta descripci\u00f3n.","score":9,"maxScore":9,"error":0},"keyphraseInURL":[],"keyphraseLength":{"title":"Longitud de la Frase clave objetivo","description":"\u00a1Buen trabajo!","score":9,"maxScore":9,"error":0,"length":2},"keyphraseInIntroduction":{"title":"Frase clave objetivo en la introducci\u00f3n","description":"Su Frase clave objetivo aparece en el primer p\u00e1rrafo. \u00a1Bien hecho!","score":9,"maxScore":9,"error":0},"keyphraseInSubHeadings":[],"keyphraseInImageAlt":{"title":"Frase clave objetivo en los atributos alt de la imagen.","description":"Frase clave objetivo no se encuentra en los atributos alt de la imagen. A\u00f1ada una imagen con su Frase clave objetivo como texto alternativo.","score":3,"maxScore":9,"error":1}}},"additional":[{"keyphrase":"Teatro Filarm\u00f3nica de Oviedo","score":83,"analysis":{"keyphraseInDescription":{"title":"Frase clave en la meta descripci\u00f3n","description":"Frase clave encontrada en la meta descripci\u00f3n.","score":9,"maxScore":9,"error":0},"keyphraseLength":{"title":"Longitud de la Frase clave","description":"\u00a1Buen trabajo!","score":9,"maxScore":9,"error":0,"length":4},"keyphraseInIntroduction":{"title":"Frase clave en la introducci\u00f3n","description":"Su Frase clave aparece en el primer p\u00e1rrafo. \u00a1Bien hecho!","score":9,"maxScore":9,"error":0},"keyphraseInImageAlt":{"title":"Frase clave en los atributos alt de la imagen.","description":"Frase clave no se encuentra en los atributos alt de la imagen. A\u00f1ada una imagen con su Frase clave como texto alternativo.","score":3,"maxScore":9,"error":1}}},{"keyphrase":"V Premio Nel Amaro","score":83,"analysis":{"keyphraseInDescription":{"title":"Frase clave en la meta descripci\u00f3n","description":"Frase clave encontrada en la meta descripci\u00f3n.","score":9,"maxScore":9,"error":0},"keyphraseLength":{"title":"Longitud de la Frase clave","description":"\u00a1Buen trabajo!","score":9,"maxScore":9,"error":0,"length":4},"keyphraseInIntroduction":{"title":"Frase clave en la introducci\u00f3n","description":"Su Frase clave aparece en el primer p\u00e1rrafo. \u00a1Bien hecho!","score":9,"maxScore":9,"error":0},"keyphraseInImageAlt":{"title":"Frase clave en los atributos alt de la imagen.","description":"Frase clave no se encuentra en los atributos alt de la imagen. A\u00f1ada una imagen con su Frase clave como texto alternativo.","score":3,"maxScore":9,"error":1}}}]},"primary_term":null,"canonical_url":null,"og_title":null,"og_description":null,"og_object_type":"default","og_image_type":"default","og_image_url":null,"og_image_width":null,"og_image_height":null,"og_image_custom_url":null,"og_image_custom_fields":null,"og_video":"","og_custom_url":null,"og_article_section":null,"og_article_tags":[],"twitter_use_og":false,"twitter_card":"default","twitter_image_type":"default","twitter_image_url":null,"twitter_image_custom_url":null,"twitter_image_custom_fields":null,"twitter_title":null,"twitter_description":null,"schema":{"blockGraphs":[],"customGraphs":[],"default":{"data":{"Article":[],"Course":[],"Dataset":[],"FAQPage":[],"Movie":[],"Person":[],"Product":[],"ProductReview":[],"Car":[],"Recipe":[],"Service":[],"SoftwareApplication":[],"WebPage":[]},"graphName":"","isEnabled":true},"graphs":[],"defaultGraph":"Article","defaultPostTypeGraph":""},"schema_type":"default","schema_type_options":"{\"article\":{\"articleType\":\"BlogPosting\"},\"course\":{\"name\":\"\",\"description\":\"\",\"provider\":\"\"},\"faq\":{\"pages\":[]},\"product\":{\"reviews\":[]},\"recipe\":{\"ingredients\":[],\"instructions\":[],\"keywords\":[]},\"software\":{\"reviews\":[],\"operatingSystems\":[]},\"webPage\":{\"webPageType\":\"WebPage\"}}","pillar_content":false,"robots_default":true,"robots_noindex":false,"robots_noarchive":false,"robots_nosnippet":false,"robots_nofollow":false,"robots_noimageindex":false,"robots_noodp":false,"robots_notranslate":false,"robots_max_snippet":"-1","robots_max_videopreview":"-1","robots_max_imagepreview":"large","priority":null,"frequency":"default","location":null,"local_seo":{"locations":{"business":{"name":"","businessType":"","image":"","areaServed":"","urls":{"website":"","aboutPage":"","contactPage":""},"address":{"streetLine1":"","streetLine2":"","zipCode":"","city":"","state":"","country":"","addressFormat":"#streetLineOne\n#streetLineTwo\n#city, #state #zipCode"},"contact":{"email":"","phone":"","phoneFormatted":"","fax":"","faxFormatted":""},"ids":{"vat":"","tax":"","chamberOfCommerce":""},"payment":{"priceRange":"","currenciesAccepted":"","methods":""}}},"openingHours":{"useDefaults":true,"show":true,"alwaysOpen":false,"use24hFormat":false,"timezone":"","labels":{"closed":"","alwaysOpen":""},"days":{"monday":{"open24h":false,"closed":false,"openTime":"09:00","closeTime":"17:00"},"tuesday":{"open24h":false,"closed":false,"openTime":"09:00","closeTime":"17:00"},"wednesday":{"open24h":false,"closed":false,"openTime":"09:00","closeTime":"17:00"},"thursday":{"open24h":false,"closed":false,"openTime":"09:00","closeTime":"17:00"},"friday":{"open24h":false,"closed":false,"openTime":"09:00","closeTime":"17:00"},"saturday":{"open24h":false,"closed":false,"openTime":"09:00","closeTime":"17:00"},"sunday":{"open24h":false,"closed":false,"openTime":"09:00","closeTime":"17:00"}}}},"seo_analyzer_scan_date":"2025-09-01 00:32:20","breadcrumb_settings":null,"limit_modified_date":false,"reviewed_by":null,"open_ai":null,"ai":null,"created":"2021-08-03 10:10:21","updated":"2025-09-01 00:32:20"},"aioseo_breadcrumb":"<div class=\"aioseo-breadcrumbs\"><span class=\"aioseo-breadcrumb\">\n\t<a href=\"https:\/\/candas365.es\/noticias\" title=\"Home\">Home<\/a>\n<\/span><span class=\"aioseo-breadcrumb-separator\">&ndash;<\/span><span class=\"aioseo-breadcrumb\">\n\t<a href=\"https:\/\/candas365.es\/noticias\/category\/agenda\/\" title=\"Agenda\">Agenda<\/a>\n<\/span><span class=\"aioseo-breadcrumb-separator\">&ndash;<\/span><span class=\"aioseo-breadcrumb\">\n\tFinalistas del V Premio de Teatro Profesional Nel Amaro en lengua asturiana\n<\/span><\/div>","aioseo_breadcrumb_json":[{"label":"Home","link":"https:\/\/candas365.es\/noticias"},{"label":"Agenda","link":"https:\/\/candas365.es\/noticias\/category\/agenda\/"},{"label":"Finalistas del V Premio de Teatro Profesional Nel Amaro en lengua asturiana","link":"https:\/\/candas365.es\/noticias\/finalistas-del-v-premio-de-teatro-profesional-nel-amaro-en-lengua-asturiana\/"}],"_links":{"self":[{"href":"https:\/\/candas365.es\/noticias\/wp-json\/wp\/v2\/posts\/157198","targetHints":{"allow":["GET"]}}],"collection":[{"href":"https:\/\/candas365.es\/noticias\/wp-json\/wp\/v2\/posts"}],"about":[{"href":"https:\/\/candas365.es\/noticias\/wp-json\/wp\/v2\/types\/post"}],"author":[{"embeddable":true,"href":"https:\/\/candas365.es\/noticias\/wp-json\/wp\/v2\/users\/1"}],"replies":[{"embeddable":true,"href":"https:\/\/candas365.es\/noticias\/wp-json\/wp\/v2\/comments?post=157198"}],"version-history":[{"count":0,"href":"https:\/\/candas365.es\/noticias\/wp-json\/wp\/v2\/posts\/157198\/revisions"}],"wp:featuredmedia":[{"embeddable":true,"href":"https:\/\/candas365.es\/noticias\/wp-json\/wp\/v2\/media\/270"}],"wp:attachment":[{"href":"https:\/\/candas365.es\/noticias\/wp-json\/wp\/v2\/media?parent=157198"}],"wp:term":[{"taxonomy":"category","embeddable":true,"href":"https:\/\/candas365.es\/noticias\/wp-json\/wp\/v2\/categories?post=157198"},{"taxonomy":"post_tag","embeddable":true,"href":"https:\/\/candas365.es\/noticias\/wp-json\/wp\/v2\/tags?post=157198"}],"curies":[{"name":"wp","href":"https:\/\/api.w.org\/{rel}","templated":true}]}}