{"id":157061,"date":"2021-07-29T11:19:23","date_gmt":"2021-07-29T11:19:23","guid":{"rendered":"http:\/\/candas365.es\/noticias\/?p=157061"},"modified":"2021-07-29T11:19:23","modified_gmt":"2021-07-29T11:19:23","slug":"exposicion-ekumen-souvenirs-en-candas","status":"publish","type":"post","link":"https:\/\/candas365.es\/noticias\/exposicion-ekumen-souvenirs-en-candas\/","title":{"rendered":"Exposici\u00f3n \u201cEkumen souvenirs\u201d en Cand\u00e1s"},"content":{"rendered":"<p><img fetchpriority=\"high\" decoding=\"async\" class=\"alignleft size-medium wp-image-11794\" src=\"https:\/\/candas365.es\/noticias\/wp-content\/uploads\/2015\/06\/museo-322x300.jpg\" alt=\"\" width=\"322\" height=\"300\" srcset=\"https:\/\/candas365.es\/noticias\/wp-content\/uploads\/2015\/06\/museo-322x300.jpg 322w, https:\/\/candas365.es\/noticias\/wp-content\/uploads\/2015\/06\/museo-516x480.jpg 516w, https:\/\/candas365.es\/noticias\/wp-content\/uploads\/2015\/06\/museo-768x715.jpg 768w, https:\/\/candas365.es\/noticias\/wp-content\/uploads\/2015\/06\/museo-1536x1430.jpg 1536w, https:\/\/candas365.es\/noticias\/wp-content\/uploads\/2015\/06\/museo-150x140.jpg 150w, https:\/\/candas365.es\/noticias\/wp-content\/uploads\/2015\/06\/museo-450x419.jpg 450w, https:\/\/candas365.es\/noticias\/wp-content\/uploads\/2015\/06\/museo-1200x1117.jpg 1200w, https:\/\/candas365.es\/noticias\/wp-content\/uploads\/2015\/06\/museo-696x648.jpg 696w, https:\/\/candas365.es\/noticias\/wp-content\/uploads\/2015\/06\/museo-1068x994.jpg 1068w, https:\/\/candas365.es\/noticias\/wp-content\/uploads\/2015\/06\/museo-451x420.jpg 451w, https:\/\/candas365.es\/noticias\/wp-content\/uploads\/2015\/06\/museo.jpg 1904w\" sizes=\"(max-width: 322px) 100vw, 322px\" \/>El Centro de Escultura de Cand\u00e1s, Museo Ant\u00f3n la ofrece la exposici\u00f3n \u201cEkumen souvenirs\u201d de \u00c1ngeles Angulo y Rom\u00e1n Torre, ganadores de la Beca Ant\u00f3n de Ayuda a la Creaci\u00f3n e Investigaci\u00f3n Escult\u00f3rica de 2020, patrocinada por la Fundaci\u00f3n EDP.<\/p>\n<p>EKUMEN SOUVENIRS es un proyecto inspirado en textos de la estadounidense Ursula K Le Guin, concretamente en la serie de libros que hace referencia a la confederaci\u00f3n gal\u00e1ctica de planetas en los que habita vida humanoide y que da nombre a la pieza, el Ekumen o tambi\u00e9n llamado Ciclo Hainish.<\/p>\n<p>El Ekumen (del griego ec\u00famene o mundo habitado) es el dispositivo literario que inventa Le Guin para presentarnos formas alternativas de vivir y de ser, de relacionarnos con otros seres humanos y con el planeta.<\/p>\n<p>EKUMEN SOUVENIRS es un proyecto art\u00edstico que usa multitud de t\u00e9cnicas pl\u00e1sticas, anal\u00f3gicas y digitales, para recrear objetos y escenas que reinterpretan ciertos momentos y pasajes de las obras de Ursula K Le Guin.<\/p>\n<p>Como hilo conductor de las diferentes piezas e instalaciones y como si otra obra de ciencia ficci\u00f3n se tratara, Angulo y Torre recrean una situaci\u00f3n hipot\u00e9tica en la que se muestran una serie de objetos y escenas que est\u00e1n fuera de contexto y tiempo. Estos objetos y otra serie de posibles souvenirs planetarios, probablemente datados en fechas muy dispares entre s\u00ed, ser\u00e1n organizados y exhibidos con el prop\u00f3sito de reconstruir una historia a trav\u00e9s de ellos.<\/p>\n<p>Los objetos y escenas propuestas, invitar\u00e1n al p\u00fablico a reflexionar acerca de la posibilidad de otros mundos, de otras costumbres y entornos sociales. Estos territorios ficticios servir\u00e1n de pretexto para reflexionar sobre nuestra propia deriva como especie, nuestro entorno cultural, cient\u00edfico y tecnol\u00f3gico y su desarrollo material a trav\u00e9s de nuestra propia historia.<\/p>\n<p>\u00c1ngeles Angulo (Lorca, 1972) y Rom\u00e1n Torre (Cand\u00e1s, 1978), colaboran habitualmente bajo el nombre de Rotor Studio. La uni\u00f3n de su amplia experiencia en campos tan amplios como las artes esc\u00e9nicas, pl\u00e1sticas o el arte creado con un fuerte componente tecnol\u00f3gico, convergen en diferentes propuestas art\u00edsticas que intentan reflexionar sobre diferentes aspectos y visiones contempor\u00e1neas de nuestra tecnolog\u00eda \/ ciencia \/ sociedad.<\/p>\n<p>Juntos y partiendo de t\u00e9cnicas y formatos diversos transitan por todo tipo de lenguajes: desde el arte m\u00e1s pl\u00e1stico o el dise\u00f1o industrial\/interactivo de car\u00e1cter especulativo, hasta la pura experiencia audiovisual.<\/p>\n<p>Han presentado su trabajo dentro del territorio nacional como Laboral Centro de Arte en Gij\u00f3n, Centro de Arte Reina Sofia y centro de arte El Matadero en Madrid o Mercat de les Flors en Barcelona. Tambi\u00e9n internacionalmente han mostrado sus obras y colaboraciones con otros artistas en diferentes instituciones y museos o teatros de pa\u00edses como Egipto, Portugal, Colombia, Francia Jap\u00f3n entre otros.<\/p>\n<p>La exposici\u00f3n, podr\u00e1 ser visitada en el Centro de Escultura de Cand\u00e1s, Museo Ant\u00f3n hasta el 19 de septiembre. El horario de visitas es martes a domingos de 12:00 a 14:00 h. y de 18:00 a 21:00 h. La entrada es gratuita.<\/p>\n","protected":false},"excerpt":{"rendered":"<p>El Centro de Escultura de Cand\u00e1s, Museo Ant\u00f3n la ofrece la exposici\u00f3n \u201cEkumen souvenirs\u201d de \u00c1ngeles Angulo y Rom\u00e1n Torre, ganadores de la Beca Ant\u00f3n de Ayuda a la Creaci\u00f3n e Investigaci\u00f3n Escult\u00f3rica de 2020, patrocinada por la Fundaci\u00f3n EDP. EKUMEN SOUVENIRS es un proyecto inspirado en textos de la estadounidense Ursula K Le Guin,<\/p>\n","protected":false},"author":1,"featured_media":11794,"comment_status":"closed","ping_status":"closed","sticky":false,"template":"","format":"standard","meta":{"footnotes":""},"categories":[1],"tags":[],"class_list":{"0":"post-157061","1":"post","2":"type-post","3":"status-publish","4":"format-standard","5":"has-post-thumbnail","7":"category-agenda"},"aioseo_notices":[],"aioseo_head":"\n\t\t<!-- All in One SEO Pro 4.9.6.2 - aioseo.com -->\n\t<meta name=\"description\" content=\"El Centro de Escultura de Cand\u00e1s, Museo Ant\u00f3n la ofrece la exposici\u00f3n \u201cEkumen souvenirs\u201d de \u00c1ngeles Angulo y Rom\u00e1n Torre, ganadores de la Beca Ant\u00f3n\" \/>\n\t<meta name=\"robots\" content=\"max-image-preview:large\" \/>\n\t<meta name=\"author\" content=\"Cand\u00e1s 365\"\/>\n\t<meta name=\"google-site-verification\" content=\"UA-32230408-1\" \/>\n\t<meta name=\"msvalidate.01\" content=\"354F3CDFB2DA171B47FBE9ABF1F88D5\" \/>\n\t<meta name=\"keywords\" content=\"agenda\" \/>\n\t<link rel=\"canonical\" href=\"https:\/\/candas365.es\/noticias\/exposicion-ekumen-souvenirs-en-candas\/\" \/>\n\t<meta name=\"generator\" content=\"All in One SEO Pro (AIOSEO) 4.9.6.2\" \/>\n\t\t<meta property=\"og:locale\" content=\"es_ES\" \/>\n\t\t<meta property=\"og:site_name\" content=\"Cand\u00e1s 365\" \/>\n\t\t<meta property=\"og:type\" content=\"article\" \/>\n\t\t<meta property=\"og:title\" content=\"Exposici\u00f3n \u201cEkumen souvenirs\u201d en Cand\u00e1s | Cand\u00e1s 365\" \/>\n\t\t<meta property=\"og:description\" content=\"El Centro de Escultura de Cand\u00e1s, Museo Ant\u00f3n la ofrece la exposici\u00f3n \u201cEkumen souvenirs\u201d de \u00c1ngeles Angulo y Rom\u00e1n Torre, ganadores de la Beca Ant\u00f3n\" \/>\n\t\t<meta property=\"og:url\" content=\"https:\/\/candas365.es\/noticias\/exposicion-ekumen-souvenirs-en-candas\/\" \/>\n\t\t<meta property=\"og:image\" content=\"https:\/\/candas365.es\/noticias\/wp-content\/uploads\/2015\/06\/museo.jpg\" \/>\n\t\t<meta property=\"og:image:secure_url\" content=\"https:\/\/candas365.es\/noticias\/wp-content\/uploads\/2015\/06\/museo.jpg\" \/>\n\t\t<meta property=\"og:image:width\" content=\"1904\" \/>\n\t\t<meta property=\"og:image:height\" content=\"1772\" \/>\n\t\t<meta property=\"article:published_time\" content=\"2021-07-29T11:19:23+00:00\" \/>\n\t\t<meta property=\"article:modified_time\" content=\"2021-07-29T11:19:23+00:00\" \/>\n\t\t<meta property=\"article:publisher\" content=\"https:\/\/www.facebook.com\/Nachofdezber\" \/>\n\t\t<meta property=\"article:author\" content=\"https:\/\/www.facebook.com\/carrenoactualidad\" \/>\n\t\t<meta name=\"twitter:card\" content=\"summary_large_image\" \/>\n\t\t<meta name=\"twitter:site\" content=\"@NabercoDigital\" \/>\n\t\t<meta name=\"twitter:title\" content=\"Exposici\u00f3n \u201cEkumen souvenirs\u201d en Cand\u00e1s | Cand\u00e1s 365\" \/>\n\t\t<meta name=\"twitter:description\" content=\"El Centro de Escultura de Cand\u00e1s, Museo Ant\u00f3n la ofrece la exposici\u00f3n \u201cEkumen souvenirs\u201d de \u00c1ngeles Angulo y Rom\u00e1n Torre, ganadores de la Beca Ant\u00f3n\" \/>\n\t\t<meta name=\"twitter:creator\" content=\"@nbasturias\" \/>\n\t\t<meta name=\"twitter:image\" content=\"https:\/\/candas365.es\/noticias\/wp-content\/uploads\/2015\/06\/museo.jpg\" \/>\n\t\t<meta name=\"twitter:label1\" content=\"Escrito por\" \/>\n\t\t<meta name=\"twitter:data1\" content=\"Cand\u00e1s 365\" \/>\n\t\t<meta name=\"twitter:label2\" content=\"Tiempo de lectura estimado\" \/>\n\t\t<meta name=\"twitter:data2\" content=\"3 minutos\" \/>\n\t\t<script type=\"application\/ld+json\" class=\"aioseo-schema\">\n\t\t\t{\"@context\":\"https:\\\/\\\/schema.org\",\"@graph\":[{\"@type\":\"BreadcrumbList\",\"@id\":\"https:\\\/\\\/candas365.es\\\/noticias\\\/exposicion-ekumen-souvenirs-en-candas\\\/#breadcrumblist\",\"itemListElement\":[{\"@type\":\"ListItem\",\"@id\":\"https:\\\/\\\/candas365.es\\\/noticias#listItem\",\"position\":1,\"name\":\"Home\",\"item\":\"https:\\\/\\\/candas365.es\\\/noticias\",\"nextItem\":{\"@type\":\"ListItem\",\"@id\":\"https:\\\/\\\/candas365.es\\\/noticias\\\/category\\\/agenda\\\/#listItem\",\"name\":\"Agenda\"}},{\"@type\":\"ListItem\",\"@id\":\"https:\\\/\\\/candas365.es\\\/noticias\\\/category\\\/agenda\\\/#listItem\",\"position\":2,\"name\":\"Agenda\",\"item\":\"https:\\\/\\\/candas365.es\\\/noticias\\\/category\\\/agenda\\\/\",\"nextItem\":{\"@type\":\"ListItem\",\"@id\":\"https:\\\/\\\/candas365.es\\\/noticias\\\/exposicion-ekumen-souvenirs-en-candas\\\/#listItem\",\"name\":\"Exposici\\u00f3n \\u201cEkumen souvenirs\\u201d en Cand\\u00e1s\"},\"previousItem\":{\"@type\":\"ListItem\",\"@id\":\"https:\\\/\\\/candas365.es\\\/noticias#listItem\",\"name\":\"Home\"}},{\"@type\":\"ListItem\",\"@id\":\"https:\\\/\\\/candas365.es\\\/noticias\\\/exposicion-ekumen-souvenirs-en-candas\\\/#listItem\",\"position\":3,\"name\":\"Exposici\\u00f3n \\u201cEkumen souvenirs\\u201d en Cand\\u00e1s\",\"previousItem\":{\"@type\":\"ListItem\",\"@id\":\"https:\\\/\\\/candas365.es\\\/noticias\\\/category\\\/agenda\\\/#listItem\",\"name\":\"Agenda\"}}]},{\"@type\":\"NewsArticle\",\"@id\":\"https:\\\/\\\/candas365.es\\\/noticias\\\/exposicion-ekumen-souvenirs-en-candas\\\/#newsarticle\",\"name\":\"Exposici\\u00f3n \\u201cEkumen souvenirs\\u201d en Cand\\u00e1s | Cand\\u00e1s 365\",\"headline\":\"Exposici\\u00f3n \\u201cEkumen souvenirs\\u201d en Cand\\u00e1s\",\"author\":{\"@id\":\"https:\\\/\\\/candas365.es\\\/noticias\\\/author\\\/admin\\\/#author\"},\"publisher\":{\"@id\":\"https:\\\/\\\/candas365.es\\\/noticias\\\/#organization\"},\"image\":{\"@type\":\"ImageObject\",\"url\":\"https:\\\/\\\/candas365.es\\\/noticias\\\/wp-content\\\/uploads\\\/2015\\\/06\\\/museo.jpg\",\"width\":1904,\"height\":1772},\"datePublished\":\"2021-07-29T11:19:23+02:00\",\"dateModified\":\"2021-07-29T11:19:23+02:00\",\"inLanguage\":\"es-ES\",\"mainEntityOfPage\":{\"@id\":\"https:\\\/\\\/candas365.es\\\/noticias\\\/exposicion-ekumen-souvenirs-en-candas\\\/#webpage\"},\"isPartOf\":{\"@id\":\"https:\\\/\\\/candas365.es\\\/noticias\\\/exposicion-ekumen-souvenirs-en-candas\\\/#webpage\"},\"articleSection\":\"Agenda\",\"dateline\":\"Publicado el julio 29, 2021.\"},{\"@type\":\"Organization\",\"@id\":\"https:\\\/\\\/candas365.es\\\/noticias\\\/#organization\",\"name\":\"Cand\\u00e1s 365\",\"description\":\"Cand\\u00e1s 365 es un diario digital independiente, fundado en 2012, con base en Asturias. Informamos con rigor sobre actualidad, sociedad, cultura y ocio, con una mirada local y global.\",\"url\":\"https:\\\/\\\/candas365.es\\\/noticias\\\/\",\"email\":\"info@candas365.es\",\"telephone\":\"+34652131393\",\"foundingDate\":\"2012-06-10\",\"logo\":{\"@type\":\"ImageObject\",\"url\":\"https:\\\/\\\/candas365.es\\\/noticias\\\/wp-content\\\/uploads\\\/2024\\\/09\\\/Candas-365-Redes.jpg\",\"@id\":\"https:\\\/\\\/candas365.es\\\/noticias\\\/exposicion-ekumen-souvenirs-en-candas\\\/#organizationLogo\",\"width\":1152,\"height\":864,\"caption\":\"Cand\\u00e1s 365 Redes\"},\"image\":{\"@id\":\"https:\\\/\\\/candas365.es\\\/noticias\\\/exposicion-ekumen-souvenirs-en-candas\\\/#organizationLogo\"},\"sameAs\":[\"https:\\\/\\\/www.facebook.com\\\/Nachofdezber\",\"https:\\\/\\\/x.com\\\/NabercoDigital\",\"https:\\\/\\\/www.instagram.com\\\/nachofdezber\\\/\",\"https:\\\/\\\/www.youtube.com\\\/channel\\\/UCZP-2wLEB9Rv6erhFmqVnvg\"],\"address\":{\"@id\":\"https:\\\/\\\/candas365.es\\\/noticias\\\/#postaladdress\",\"@type\":\"PostalAddress\",\"streetAddress\":\"san antonio 4, san antonio 4\",\"postalCode\":\"33430\",\"addressLocality\":\"Cand\\u00e1s\",\"addressRegion\":\"Asturias\",\"addressCountry\":\"ES\"}},{\"@type\":\"Person\",\"@id\":\"https:\\\/\\\/candas365.es\\\/noticias\\\/author\\\/admin\\\/#author\",\"url\":\"https:\\\/\\\/candas365.es\\\/noticias\\\/author\\\/admin\\\/\",\"name\":\"Cand\\u00e1s 365\",\"image\":{\"@type\":\"ImageObject\",\"@id\":\"https:\\\/\\\/candas365.es\\\/noticias\\\/exposicion-ekumen-souvenirs-en-candas\\\/#authorImage\",\"url\":\"https:\\\/\\\/secure.gravatar.com\\\/avatar\\\/496a8e03d0c493ede1718b7934145dbdf8d89be1036b0eec9544e1094c9de390?s=96&d=mm&r=g\",\"width\":96,\"height\":96,\"caption\":\"Cand\\u00e1s 365\"},\"sameAs\":[\"https:\\\/\\\/www.facebook.com\\\/carrenoactualidad\",\"https:\\\/\\\/twitter.com\\\/nbasturias\",\"https:\\\/\\\/www.instagram.com\\\/nachofdezber\\\/\",\"https:\\\/\\\/www.youtube.com\\\/channel\\\/UCZP-2wLEB9Rv6erhFmqVnvg\"]},{\"@type\":\"WebPage\",\"@id\":\"https:\\\/\\\/candas365.es\\\/noticias\\\/exposicion-ekumen-souvenirs-en-candas\\\/#webpage\",\"url\":\"https:\\\/\\\/candas365.es\\\/noticias\\\/exposicion-ekumen-souvenirs-en-candas\\\/\",\"name\":\"Exposici\\u00f3n \\u201cEkumen souvenirs\\u201d en Cand\\u00e1s | Cand\\u00e1s 365\",\"description\":\"El Centro de Escultura de Cand\\u00e1s, Museo Ant\\u00f3n la ofrece la exposici\\u00f3n \\u201cEkumen souvenirs\\u201d de \\u00c1ngeles Angulo y Rom\\u00e1n Torre, ganadores de la Beca Ant\\u00f3n\",\"inLanguage\":\"es-ES\",\"isPartOf\":{\"@id\":\"https:\\\/\\\/candas365.es\\\/noticias\\\/#website\"},\"breadcrumb\":{\"@id\":\"https:\\\/\\\/candas365.es\\\/noticias\\\/exposicion-ekumen-souvenirs-en-candas\\\/#breadcrumblist\"},\"author\":{\"@id\":\"https:\\\/\\\/candas365.es\\\/noticias\\\/author\\\/admin\\\/#author\"},\"creator\":{\"@id\":\"https:\\\/\\\/candas365.es\\\/noticias\\\/author\\\/admin\\\/#author\"},\"image\":{\"@type\":\"ImageObject\",\"url\":\"https:\\\/\\\/candas365.es\\\/noticias\\\/wp-content\\\/uploads\\\/2015\\\/06\\\/museo.jpg\",\"@id\":\"https:\\\/\\\/candas365.es\\\/noticias\\\/exposicion-ekumen-souvenirs-en-candas\\\/#mainImage\",\"width\":1904,\"height\":1772},\"primaryImageOfPage\":{\"@id\":\"https:\\\/\\\/candas365.es\\\/noticias\\\/exposicion-ekumen-souvenirs-en-candas\\\/#mainImage\"},\"datePublished\":\"2021-07-29T11:19:23+02:00\",\"dateModified\":\"2021-07-29T11:19:23+02:00\"},{\"@type\":\"WebSite\",\"@id\":\"https:\\\/\\\/candas365.es\\\/noticias\\\/#website\",\"url\":\"https:\\\/\\\/candas365.es\\\/noticias\\\/\",\"name\":\"Cand\\u00e1s 365\",\"alternateName\":\"Cand\\u00e1s 365 Noticias\",\"description\":\"Actualidad desde Carre\\u00f1o para el mundo\",\"inLanguage\":\"es-ES\",\"publisher\":{\"@id\":\"https:\\\/\\\/candas365.es\\\/noticias\\\/#organization\"}}]}\n\t\t<\/script>\n\t\t<!-- All in One SEO Pro -->\r\n\t\t<title>Exposici\u00f3n \u201cEkumen souvenirs\u201d en Cand\u00e1s | Cand\u00e1s 365<\/title>\n\n","aioseo_head_json":{"title":"Exposici\u00f3n \u201cEkumen souvenirs\u201d en Cand\u00e1s | Cand\u00e1s 365","description":"El Centro de Escultura de Cand\u00e1s, Museo Ant\u00f3n la ofrece la exposici\u00f3n \u201cEkumen souvenirs\u201d de \u00c1ngeles Angulo y Rom\u00e1n Torre, ganadores de la Beca Ant\u00f3n","canonical_url":"https:\/\/candas365.es\/noticias\/exposicion-ekumen-souvenirs-en-candas\/","robots":"max-image-preview:large","keywords":"agenda","webmasterTools":{"google-site-verification":"UA-32230408-1","msvalidate.01":"354F3CDFB2DA171B47FBE9ABF1F88D5","miscellaneous":""},"schema":{"@context":"https:\/\/schema.org","@graph":[{"@type":"BreadcrumbList","@id":"https:\/\/candas365.es\/noticias\/exposicion-ekumen-souvenirs-en-candas\/#breadcrumblist","itemListElement":[{"@type":"ListItem","@id":"https:\/\/candas365.es\/noticias#listItem","position":1,"name":"Home","item":"https:\/\/candas365.es\/noticias","nextItem":{"@type":"ListItem","@id":"https:\/\/candas365.es\/noticias\/category\/agenda\/#listItem","name":"Agenda"}},{"@type":"ListItem","@id":"https:\/\/candas365.es\/noticias\/category\/agenda\/#listItem","position":2,"name":"Agenda","item":"https:\/\/candas365.es\/noticias\/category\/agenda\/","nextItem":{"@type":"ListItem","@id":"https:\/\/candas365.es\/noticias\/exposicion-ekumen-souvenirs-en-candas\/#listItem","name":"Exposici\u00f3n \u201cEkumen souvenirs\u201d en Cand\u00e1s"},"previousItem":{"@type":"ListItem","@id":"https:\/\/candas365.es\/noticias#listItem","name":"Home"}},{"@type":"ListItem","@id":"https:\/\/candas365.es\/noticias\/exposicion-ekumen-souvenirs-en-candas\/#listItem","position":3,"name":"Exposici\u00f3n \u201cEkumen souvenirs\u201d en Cand\u00e1s","previousItem":{"@type":"ListItem","@id":"https:\/\/candas365.es\/noticias\/category\/agenda\/#listItem","name":"Agenda"}}]},{"@type":"NewsArticle","@id":"https:\/\/candas365.es\/noticias\/exposicion-ekumen-souvenirs-en-candas\/#newsarticle","name":"Exposici\u00f3n \u201cEkumen souvenirs\u201d en Cand\u00e1s | Cand\u00e1s 365","headline":"Exposici\u00f3n \u201cEkumen souvenirs\u201d en Cand\u00e1s","author":{"@id":"https:\/\/candas365.es\/noticias\/author\/admin\/#author"},"publisher":{"@id":"https:\/\/candas365.es\/noticias\/#organization"},"image":{"@type":"ImageObject","url":"https:\/\/candas365.es\/noticias\/wp-content\/uploads\/2015\/06\/museo.jpg","width":1904,"height":1772},"datePublished":"2021-07-29T11:19:23+02:00","dateModified":"2021-07-29T11:19:23+02:00","inLanguage":"es-ES","mainEntityOfPage":{"@id":"https:\/\/candas365.es\/noticias\/exposicion-ekumen-souvenirs-en-candas\/#webpage"},"isPartOf":{"@id":"https:\/\/candas365.es\/noticias\/exposicion-ekumen-souvenirs-en-candas\/#webpage"},"articleSection":"Agenda","dateline":"Publicado el julio 29, 2021."},{"@type":"Organization","@id":"https:\/\/candas365.es\/noticias\/#organization","name":"Cand\u00e1s 365","description":"Cand\u00e1s 365 es un diario digital independiente, fundado en 2012, con base en Asturias. Informamos con rigor sobre actualidad, sociedad, cultura y ocio, con una mirada local y global.","url":"https:\/\/candas365.es\/noticias\/","email":"info@candas365.es","telephone":"+34652131393","foundingDate":"2012-06-10","logo":{"@type":"ImageObject","url":"https:\/\/candas365.es\/noticias\/wp-content\/uploads\/2024\/09\/Candas-365-Redes.jpg","@id":"https:\/\/candas365.es\/noticias\/exposicion-ekumen-souvenirs-en-candas\/#organizationLogo","width":1152,"height":864,"caption":"Cand\u00e1s 365 Redes"},"image":{"@id":"https:\/\/candas365.es\/noticias\/exposicion-ekumen-souvenirs-en-candas\/#organizationLogo"},"sameAs":["https:\/\/www.facebook.com\/Nachofdezber","https:\/\/x.com\/NabercoDigital","https:\/\/www.instagram.com\/nachofdezber\/","https:\/\/www.youtube.com\/channel\/UCZP-2wLEB9Rv6erhFmqVnvg"],"address":{"@id":"https:\/\/candas365.es\/noticias\/#postaladdress","@type":"PostalAddress","streetAddress":"san antonio 4, san antonio 4","postalCode":"33430","addressLocality":"Cand\u00e1s","addressRegion":"Asturias","addressCountry":"ES"}},{"@type":"Person","@id":"https:\/\/candas365.es\/noticias\/author\/admin\/#author","url":"https:\/\/candas365.es\/noticias\/author\/admin\/","name":"Cand\u00e1s 365","image":{"@type":"ImageObject","@id":"https:\/\/candas365.es\/noticias\/exposicion-ekumen-souvenirs-en-candas\/#authorImage","url":"https:\/\/secure.gravatar.com\/avatar\/496a8e03d0c493ede1718b7934145dbdf8d89be1036b0eec9544e1094c9de390?s=96&d=mm&r=g","width":96,"height":96,"caption":"Cand\u00e1s 365"},"sameAs":["https:\/\/www.facebook.com\/carrenoactualidad","https:\/\/twitter.com\/nbasturias","https:\/\/www.instagram.com\/nachofdezber\/","https:\/\/www.youtube.com\/channel\/UCZP-2wLEB9Rv6erhFmqVnvg"]},{"@type":"WebPage","@id":"https:\/\/candas365.es\/noticias\/exposicion-ekumen-souvenirs-en-candas\/#webpage","url":"https:\/\/candas365.es\/noticias\/exposicion-ekumen-souvenirs-en-candas\/","name":"Exposici\u00f3n \u201cEkumen souvenirs\u201d en Cand\u00e1s | Cand\u00e1s 365","description":"El Centro de Escultura de Cand\u00e1s, Museo Ant\u00f3n la ofrece la exposici\u00f3n \u201cEkumen souvenirs\u201d de \u00c1ngeles Angulo y Rom\u00e1n Torre, ganadores de la Beca Ant\u00f3n","inLanguage":"es-ES","isPartOf":{"@id":"https:\/\/candas365.es\/noticias\/#website"},"breadcrumb":{"@id":"https:\/\/candas365.es\/noticias\/exposicion-ekumen-souvenirs-en-candas\/#breadcrumblist"},"author":{"@id":"https:\/\/candas365.es\/noticias\/author\/admin\/#author"},"creator":{"@id":"https:\/\/candas365.es\/noticias\/author\/admin\/#author"},"image":{"@type":"ImageObject","url":"https:\/\/candas365.es\/noticias\/wp-content\/uploads\/2015\/06\/museo.jpg","@id":"https:\/\/candas365.es\/noticias\/exposicion-ekumen-souvenirs-en-candas\/#mainImage","width":1904,"height":1772},"primaryImageOfPage":{"@id":"https:\/\/candas365.es\/noticias\/exposicion-ekumen-souvenirs-en-candas\/#mainImage"},"datePublished":"2021-07-29T11:19:23+02:00","dateModified":"2021-07-29T11:19:23+02:00"},{"@type":"WebSite","@id":"https:\/\/candas365.es\/noticias\/#website","url":"https:\/\/candas365.es\/noticias\/","name":"Cand\u00e1s 365","alternateName":"Cand\u00e1s 365 Noticias","description":"Actualidad desde Carre\u00f1o para el mundo","inLanguage":"es-ES","publisher":{"@id":"https:\/\/candas365.es\/noticias\/#organization"}}]},"og:locale":"es_ES","og:site_name":"Cand\u00e1s 365","og:type":"article","og:title":"Exposici\u00f3n \u201cEkumen souvenirs\u201d en Cand\u00e1s | Cand\u00e1s 365","og:description":"El Centro de Escultura de Cand\u00e1s, Museo Ant\u00f3n la ofrece la exposici\u00f3n \u201cEkumen souvenirs\u201d de \u00c1ngeles Angulo y Rom\u00e1n Torre, ganadores de la Beca Ant\u00f3n","og:url":"https:\/\/candas365.es\/noticias\/exposicion-ekumen-souvenirs-en-candas\/","og:image":"https:\/\/candas365.es\/noticias\/wp-content\/uploads\/2015\/06\/museo.jpg","og:image:secure_url":"https:\/\/candas365.es\/noticias\/wp-content\/uploads\/2015\/06\/museo.jpg","og:image:width":1904,"og:image:height":1772,"article:published_time":"2021-07-29T11:19:23+00:00","article:modified_time":"2021-07-29T11:19:23+00:00","article:publisher":"https:\/\/www.facebook.com\/Nachofdezber","article:author":"https:\/\/www.facebook.com\/carrenoactualidad","twitter:card":"summary_large_image","twitter:site":"@NabercoDigital","twitter:title":"Exposici\u00f3n \u201cEkumen souvenirs\u201d en Cand\u00e1s | Cand\u00e1s 365","twitter:description":"El Centro de Escultura de Cand\u00e1s, Museo Ant\u00f3n la ofrece la exposici\u00f3n \u201cEkumen souvenirs\u201d de \u00c1ngeles Angulo y Rom\u00e1n Torre, ganadores de la Beca Ant\u00f3n","twitter:creator":"@nbasturias","twitter:image":"https:\/\/candas365.es\/noticias\/wp-content\/uploads\/2015\/06\/museo.jpg","twitter:label1":"Escrito por","twitter:data1":"Cand\u00e1s 365","twitter:label2":"Tiempo de lectura estimado","twitter:data2":"3 minutos"},"aioseo_meta_data":{"post_id":"157061","title":null,"description":"El Centro de Escultura de Cand\u00e1s, Museo Ant\u00f3n la ofrece la exposici\u00f3n \u201cEkumen souvenirs\u201d de \u00c1ngeles Angulo y Rom\u00e1n Torre, ganadores de la Beca Ant\u00f3n","keywords":[],"keyphrases":{"focus":{"keyphrase":"Cand\u00e1s","score":87,"analysis":{"keyphraseInTitle":{"title":"Frase clave objetivo en el t\u00edtulo SEO","description":"Frase clave objetivo encontrada en el t\u00edtulo SEO.","score":9,"maxScore":9,"error":0},"keyphraseInDescription":{"title":"Frase clave objetivo en la meta descripci\u00f3n","description":"Frase clave objetivo encontrada en la meta descripci\u00f3n.","score":9,"maxScore":9,"error":0},"keyphraseInURL":[],"keyphraseLength":{"title":"Longitud de la Frase clave objetivo","description":"\u00a1Buen trabajo!","score":9,"maxScore":9,"error":0,"length":1},"keyphraseInIntroduction":{"title":"Frase clave objetivo en la introducci\u00f3n","description":"Su Frase clave objetivo aparece en el primer p\u00e1rrafo. \u00a1Bien hecho!","score":9,"maxScore":9,"error":0},"keyphraseInSubHeadings":[],"keyphraseInImageAlt":{"title":"Frase clave objetivo en los atributos alt de la imagen.","description":"Frase clave objetivo no se encuentra en los atributos alt de la imagen. A\u00f1ada una imagen con su Frase clave objetivo como texto alternativo.","score":3,"maxScore":9,"error":1}}},"additional":[{"keyphrase":"exposici\u00f3n \u201cEkumen souvenirs\u201d","score":83,"analysis":{"keyphraseInDescription":{"title":"Frase clave en la meta descripci\u00f3n","description":"Frase clave encontrada en la meta descripci\u00f3n.","score":9,"maxScore":9,"error":0},"keyphraseLength":{"title":"Longitud de la Frase clave","description":"\u00a1Buen trabajo!","score":9,"maxScore":9,"error":0,"length":3},"keyphraseInIntroduction":{"title":"Frase clave en la introducci\u00f3n","description":"Su Frase clave aparece en el primer p\u00e1rrafo. \u00a1Bien hecho!","score":9,"maxScore":9,"error":0},"keyphraseInImageAlt":{"title":"Frase clave en los atributos alt de la imagen.","description":"Frase clave no se encuentra en los atributos alt de la imagen. A\u00f1ada una imagen con su Frase clave como texto alternativo.","score":3,"maxScore":9,"error":1}}}]},"primary_term":null,"canonical_url":null,"og_title":null,"og_description":null,"og_object_type":"default","og_image_type":"default","og_image_url":null,"og_image_width":null,"og_image_height":null,"og_image_custom_url":null,"og_image_custom_fields":null,"og_video":"","og_custom_url":null,"og_article_section":null,"og_article_tags":[],"twitter_use_og":false,"twitter_card":"default","twitter_image_type":"default","twitter_image_url":null,"twitter_image_custom_url":null,"twitter_image_custom_fields":null,"twitter_title":null,"twitter_description":null,"schema":{"blockGraphs":[],"customGraphs":[],"default":{"data":{"Article":[],"Course":[],"Dataset":[],"FAQPage":[],"Movie":[],"Person":[],"Product":[],"ProductReview":[],"Car":[],"Recipe":[],"Service":[],"SoftwareApplication":[],"WebPage":[]},"graphName":"","isEnabled":true},"graphs":[]},"schema_type":"default","schema_type_options":"{\"article\":{\"articleType\":\"BlogPosting\"},\"course\":{\"name\":\"\",\"description\":\"\",\"provider\":\"\"},\"faq\":{\"pages\":[]},\"product\":{\"reviews\":[]},\"recipe\":{\"ingredients\":[],\"instructions\":[],\"keywords\":[]},\"software\":{\"reviews\":[],\"operatingSystems\":[]},\"webPage\":{\"webPageType\":\"WebPage\"}}","pillar_content":false,"robots_default":true,"robots_noindex":false,"robots_noarchive":false,"robots_nosnippet":false,"robots_nofollow":false,"robots_noimageindex":false,"robots_noodp":false,"robots_notranslate":false,"robots_max_snippet":"-1","robots_max_videopreview":"-1","robots_max_imagepreview":"large","priority":null,"frequency":"default","location":null,"local_seo":{"locations":{"business":{"name":"","businessType":"","image":"","areaServed":"","urls":{"website":"","aboutPage":"","contactPage":""},"address":{"streetLine1":"","streetLine2":"","zipCode":"","city":"","state":"","country":"","addressFormat":"#streetLineOne\n#streetLineTwo\n#city, #state #zipCode"},"contact":{"email":"","phone":"","phoneFormatted":"","fax":"","faxFormatted":""},"ids":{"vat":"","tax":"","chamberOfCommerce":""},"payment":{"priceRange":"","currenciesAccepted":"","methods":""}}},"openingHours":{"useDefaults":true,"show":true,"alwaysOpen":false,"use24hFormat":false,"timezone":"","labels":{"closed":"","alwaysOpen":""},"days":{"monday":{"open24h":false,"closed":false,"openTime":"09:00","closeTime":"17:00"},"tuesday":{"open24h":false,"closed":false,"openTime":"09:00","closeTime":"17:00"},"wednesday":{"open24h":false,"closed":false,"openTime":"09:00","closeTime":"17:00"},"thursday":{"open24h":false,"closed":false,"openTime":"09:00","closeTime":"17:00"},"friday":{"open24h":false,"closed":false,"openTime":"09:00","closeTime":"17:00"},"saturday":{"open24h":false,"closed":false,"openTime":"09:00","closeTime":"17:00"},"sunday":{"open24h":false,"closed":false,"openTime":"09:00","closeTime":"17:00"}}}},"seo_analyzer_scan_date":"2025-09-01 00:21:18","breadcrumb_settings":null,"limit_modified_date":false,"reviewed_by":null,"open_ai":null,"ai":null,"created":"2021-07-29 11:16:04","updated":"2025-09-01 00:21:18"},"aioseo_breadcrumb":"<div class=\"aioseo-breadcrumbs\"><span class=\"aioseo-breadcrumb\">\n\t<a href=\"https:\/\/candas365.es\/noticias\" title=\"Home\">Home<\/a>\n<\/span><span class=\"aioseo-breadcrumb-separator\">&ndash;<\/span><span class=\"aioseo-breadcrumb\">\n\t<a href=\"https:\/\/candas365.es\/noticias\/category\/agenda\/\" title=\"Agenda\">Agenda<\/a>\n<\/span><span class=\"aioseo-breadcrumb-separator\">&ndash;<\/span><span class=\"aioseo-breadcrumb\">\n\tExposici\u00f3n \u201cEkumen souvenirs\u201d en Cand\u00e1s\n<\/span><\/div>","aioseo_breadcrumb_json":[{"label":"Home","link":"https:\/\/candas365.es\/noticias"},{"label":"Agenda","link":"https:\/\/candas365.es\/noticias\/category\/agenda\/"},{"label":"Exposici\u00f3n \u201cEkumen souvenirs\u201d en Cand\u00e1s","link":"https:\/\/candas365.es\/noticias\/exposicion-ekumen-souvenirs-en-candas\/"}],"_links":{"self":[{"href":"https:\/\/candas365.es\/noticias\/wp-json\/wp\/v2\/posts\/157061","targetHints":{"allow":["GET"]}}],"collection":[{"href":"https:\/\/candas365.es\/noticias\/wp-json\/wp\/v2\/posts"}],"about":[{"href":"https:\/\/candas365.es\/noticias\/wp-json\/wp\/v2\/types\/post"}],"author":[{"embeddable":true,"href":"https:\/\/candas365.es\/noticias\/wp-json\/wp\/v2\/users\/1"}],"replies":[{"embeddable":true,"href":"https:\/\/candas365.es\/noticias\/wp-json\/wp\/v2\/comments?post=157061"}],"version-history":[{"count":0,"href":"https:\/\/candas365.es\/noticias\/wp-json\/wp\/v2\/posts\/157061\/revisions"}],"wp:featuredmedia":[{"embeddable":true,"href":"https:\/\/candas365.es\/noticias\/wp-json\/wp\/v2\/media\/11794"}],"wp:attachment":[{"href":"https:\/\/candas365.es\/noticias\/wp-json\/wp\/v2\/media?parent=157061"}],"wp:term":[{"taxonomy":"category","embeddable":true,"href":"https:\/\/candas365.es\/noticias\/wp-json\/wp\/v2\/categories?post=157061"},{"taxonomy":"post_tag","embeddable":true,"href":"https:\/\/candas365.es\/noticias\/wp-json\/wp\/v2\/tags?post=157061"}],"curies":[{"name":"wp","href":"https:\/\/api.w.org\/{rel}","templated":true}]}}