{"id":157039,"date":"2021-07-29T09:02:46","date_gmt":"2021-07-29T09:02:46","guid":{"rendered":"http:\/\/candas365.es\/noticias\/?p=157039"},"modified":"2021-07-29T09:02:46","modified_gmt":"2021-07-29T09:02:46","slug":"angel-torres-messi-tiene-que-estar-en-la-mejor-liga-del-mundo","status":"publish","type":"post","link":"https:\/\/candas365.es\/noticias\/angel-torres-messi-tiene-que-estar-en-la-mejor-liga-del-mundo\/","title":{"rendered":"\u00c1ngel Torres: \u00abMessi tiene que estar en la mejor liga del mundo\u00bb"},"content":{"rendered":"<p>(EP) &#8211; El presidente del Getafe CF, \u00c1ngel Torres, se mostr\u00f3 partidario de que LaLiga ponga las cosas f\u00e1ciles al FC Barcelona para que Leo Messi pueda quedarse en Espa\u00f1a, por lo que adelant\u00f3 que la patronal ser\u00e1 \u00abun poco flexible\u00bb en su control financiero en favor del bien de todos, que ser\u00eda retener al mejor del mundo.<\/p>\n<figure id=\"attachment_157040\" aria-describedby=\"caption-attachment-157040\" style=\"width: 650px\" class=\"wp-caption aligncenter\"><img fetchpriority=\"high\" decoding=\"async\" class=\"wp-image-157040 size-large\" src=\"https:\/\/candas365.es\/noticias\/wp-content\/uploads\/2021\/07\/Angel-Torres-650x439.jpg\" alt=\"\u00c1ngel Torres\" width=\"650\" height=\"439\" srcset=\"https:\/\/candas365.es\/noticias\/wp-content\/uploads\/2021\/07\/Angel-Torres-650x439.jpg 650w, https:\/\/candas365.es\/noticias\/wp-content\/uploads\/2021\/07\/Angel-Torres-360x243.jpg 360w, https:\/\/candas365.es\/noticias\/wp-content\/uploads\/2021\/07\/Angel-Torres-768x518.jpg 768w, https:\/\/candas365.es\/noticias\/wp-content\/uploads\/2021\/07\/Angel-Torres.jpg 985w\" sizes=\"(max-width: 650px) 100vw, 650px\" \/><figcaption id=\"caption-attachment-157040\" class=\"wp-caption-text\">FOTO: Europa Press<\/figcaption><\/figure>\n<p>\u00abLo he hablado con Laporta y Tebas. LaLiga no se puede permitir que Messi se fuera este a\u00f1o. Cometer\u00edan un error y nos arrepentir\u00edamos todos. El mejor futbolista del mundo tiene que jubilarse en Espa\u00f1a, cumpliendo las normas del control econ\u00f3mico. Pero a veces hay que levantar un poco la mano\u00bb, dijo este martes durante un acto con motivo del 75 aniversario del club azul\u00f3n.<\/p>\n<p>Torres confi\u00f3 en que, seg\u00fan lo que escucha tanto de Javier Tebas, presidente de LaLiga, como de Joan Laporta, m\u00e1ximo dirigente del Bar\u00e7a, el argentino finalmente pueda tener un contrato con el cuadro cul\u00e9 pese a su delicada situaci\u00f3n econ\u00f3mica.<\/p>\n<p>\u00abPor las declaraciones que tanto LaLiga est\u00e1 haciendo como el propio Laporta, espero que est\u00e9n en ese camino. LaLiga ser\u00e1 un poco flexible este a\u00f1o despu\u00e9s del a\u00f1o tan malo para el f\u00fatbol espa\u00f1ol, que ha perdido 1.000 millones por el covid\u00bb, apunt\u00f3.<\/p>\n<p>\u00abHago lo que haga falta porque futbolistas como Messi o Cristiano no se vayan nunca, salimos todos perjudicados. A m\u00ed me gusta el f\u00fatbol, me da igual d\u00f3nde est\u00e9n. Para m\u00ed, Messi es el mejor futbolista del mundo y tiene que estar en la mejor liga del mundo que es la espa\u00f1ola\u00bb, termin\u00f3.<\/p>\n","protected":false},"excerpt":{"rendered":"<p>(EP) &#8211; El presidente del Getafe CF, \u00c1ngel Torres, se mostr\u00f3 partidario de que LaLiga ponga las cosas f\u00e1ciles al FC Barcelona para que Leo Messi pueda quedarse en Espa\u00f1a, por lo que adelant\u00f3 que la patronal ser\u00e1 \u00abun poco flexible\u00bb en su control financiero en favor del bien de todos, que ser\u00eda retener al<\/p>\n","protected":false},"author":1,"featured_media":157040,"comment_status":"closed","ping_status":"closed","sticky":false,"template":"","format":"standard","meta":{"footnotes":""},"categories":[319],"tags":[],"class_list":{"0":"post-157039","1":"post","2":"type-post","3":"status-publish","4":"format-standard","5":"has-post-thumbnail","7":"category-deporte"},"aioseo_notices":[],"aioseo_head":"\n\t\t<!-- All in One SEO Pro 4.9.6.2 - aioseo.com -->\n\t<meta name=\"description\" content=\"El presidente del Getafe CF, \u00c1ngel Torres, se mostr\u00f3 partidario de que LaLiga ponga las cosas f\u00e1ciles al FC Barcelona para que Leo Messi\" \/>\n\t<meta name=\"robots\" content=\"max-image-preview:large\" \/>\n\t<meta name=\"author\" content=\"Cand\u00e1s 365\"\/>\n\t<meta name=\"google-site-verification\" content=\"UA-32230408-1\" \/>\n\t<meta name=\"msvalidate.01\" content=\"354F3CDFB2DA171B47FBE9ABF1F88D5\" \/>\n\t<meta name=\"keywords\" content=\"deporte\" \/>\n\t<link rel=\"canonical\" href=\"https:\/\/candas365.es\/noticias\/angel-torres-messi-tiene-que-estar-en-la-mejor-liga-del-mundo\/\" \/>\n\t<meta name=\"generator\" content=\"All in One SEO Pro (AIOSEO) 4.9.6.2\" \/>\n\t\t<meta property=\"og:locale\" content=\"es_ES\" \/>\n\t\t<meta property=\"og:site_name\" content=\"Cand\u00e1s 365\" \/>\n\t\t<meta property=\"og:type\" content=\"article\" \/>\n\t\t<meta property=\"og:title\" content=\"\u00c1ngel Torres: \u00abMessi tiene que estar en la mejor liga del mundo\u00bb | Cand\u00e1s 365\" \/>\n\t\t<meta property=\"og:description\" content=\"El presidente del Getafe CF, \u00c1ngel Torres, se mostr\u00f3 partidario de que LaLiga ponga las cosas f\u00e1ciles al FC Barcelona para que Leo Messi\" \/>\n\t\t<meta property=\"og:url\" content=\"https:\/\/candas365.es\/noticias\/angel-torres-messi-tiene-que-estar-en-la-mejor-liga-del-mundo\/\" \/>\n\t\t<meta property=\"og:image\" content=\"https:\/\/candas365.es\/noticias\/wp-content\/uploads\/2021\/07\/Angel-Torres.jpg\" \/>\n\t\t<meta property=\"og:image:secure_url\" content=\"https:\/\/candas365.es\/noticias\/wp-content\/uploads\/2021\/07\/Angel-Torres.jpg\" \/>\n\t\t<meta property=\"og:image:width\" content=\"985\" \/>\n\t\t<meta property=\"og:image:height\" content=\"665\" \/>\n\t\t<meta property=\"article:published_time\" content=\"2021-07-29T09:02:46+00:00\" \/>\n\t\t<meta property=\"article:modified_time\" content=\"2021-07-29T09:02:46+00:00\" \/>\n\t\t<meta property=\"article:publisher\" content=\"https:\/\/www.facebook.com\/Nachofdezber\" \/>\n\t\t<meta property=\"article:author\" content=\"https:\/\/www.facebook.com\/carrenoactualidad\" \/>\n\t\t<meta name=\"twitter:card\" content=\"summary_large_image\" \/>\n\t\t<meta name=\"twitter:site\" content=\"@NabercoDigital\" \/>\n\t\t<meta name=\"twitter:title\" content=\"\u00c1ngel Torres: \u00abMessi tiene que estar en la mejor liga del mundo\u00bb | Cand\u00e1s 365\" \/>\n\t\t<meta name=\"twitter:description\" content=\"El presidente del Getafe CF, \u00c1ngel Torres, se mostr\u00f3 partidario de que LaLiga ponga las cosas f\u00e1ciles al FC Barcelona para que Leo Messi\" \/>\n\t\t<meta name=\"twitter:creator\" content=\"@nbasturias\" \/>\n\t\t<meta name=\"twitter:image\" content=\"https:\/\/candas365.es\/noticias\/wp-content\/uploads\/2021\/07\/Angel-Torres.jpg\" \/>\n\t\t<meta name=\"twitter:label1\" content=\"Escrito por\" \/>\n\t\t<meta name=\"twitter:data1\" content=\"Cand\u00e1s 365\" \/>\n\t\t<meta name=\"twitter:label2\" content=\"Tiempo de lectura estimado\" \/>\n\t\t<meta name=\"twitter:data2\" content=\"1 minuto\" \/>\n\t\t<script type=\"application\/ld+json\" class=\"aioseo-schema\">\n\t\t\t{\"@context\":\"https:\\\/\\\/schema.org\",\"@graph\":[{\"@type\":\"BreadcrumbList\",\"@id\":\"https:\\\/\\\/candas365.es\\\/noticias\\\/angel-torres-messi-tiene-que-estar-en-la-mejor-liga-del-mundo\\\/#breadcrumblist\",\"itemListElement\":[{\"@type\":\"ListItem\",\"@id\":\"https:\\\/\\\/candas365.es\\\/noticias#listItem\",\"position\":1,\"name\":\"Home\",\"item\":\"https:\\\/\\\/candas365.es\\\/noticias\",\"nextItem\":{\"@type\":\"ListItem\",\"@id\":\"https:\\\/\\\/candas365.es\\\/noticias\\\/category\\\/deporte\\\/#listItem\",\"name\":\"Deporte\"}},{\"@type\":\"ListItem\",\"@id\":\"https:\\\/\\\/candas365.es\\\/noticias\\\/category\\\/deporte\\\/#listItem\",\"position\":2,\"name\":\"Deporte\",\"item\":\"https:\\\/\\\/candas365.es\\\/noticias\\\/category\\\/deporte\\\/\",\"nextItem\":{\"@type\":\"ListItem\",\"@id\":\"https:\\\/\\\/candas365.es\\\/noticias\\\/angel-torres-messi-tiene-que-estar-en-la-mejor-liga-del-mundo\\\/#listItem\",\"name\":\"\\u00c1ngel Torres: \\u00abMessi tiene que estar en la mejor liga del mundo\\u00bb\"},\"previousItem\":{\"@type\":\"ListItem\",\"@id\":\"https:\\\/\\\/candas365.es\\\/noticias#listItem\",\"name\":\"Home\"}},{\"@type\":\"ListItem\",\"@id\":\"https:\\\/\\\/candas365.es\\\/noticias\\\/angel-torres-messi-tiene-que-estar-en-la-mejor-liga-del-mundo\\\/#listItem\",\"position\":3,\"name\":\"\\u00c1ngel Torres: \\u00abMessi tiene que estar en la mejor liga del mundo\\u00bb\",\"previousItem\":{\"@type\":\"ListItem\",\"@id\":\"https:\\\/\\\/candas365.es\\\/noticias\\\/category\\\/deporte\\\/#listItem\",\"name\":\"Deporte\"}}]},{\"@type\":\"NewsArticle\",\"@id\":\"https:\\\/\\\/candas365.es\\\/noticias\\\/angel-torres-messi-tiene-que-estar-en-la-mejor-liga-del-mundo\\\/#newsarticle\",\"name\":\"\\u00c1ngel Torres: \\u00abMessi tiene que estar en la mejor liga del mundo\\u00bb | Cand\\u00e1s 365\",\"headline\":\"\\u00c1ngel Torres: \\u00abMessi tiene que estar en la mejor liga del mundo\\u00bb\",\"author\":{\"@id\":\"https:\\\/\\\/candas365.es\\\/noticias\\\/author\\\/admin\\\/#author\"},\"publisher\":{\"@id\":\"https:\\\/\\\/candas365.es\\\/noticias\\\/#organization\"},\"image\":{\"@type\":\"ImageObject\",\"url\":\"https:\\\/\\\/candas365.es\\\/noticias\\\/wp-content\\\/uploads\\\/2021\\\/07\\\/Angel-Torres.jpg\",\"width\":985,\"height\":665,\"caption\":\"FOTO: Europa Press\"},\"datePublished\":\"2021-07-29T09:02:46+02:00\",\"dateModified\":\"2021-07-29T09:02:46+02:00\",\"inLanguage\":\"es-ES\",\"mainEntityOfPage\":{\"@id\":\"https:\\\/\\\/candas365.es\\\/noticias\\\/angel-torres-messi-tiene-que-estar-en-la-mejor-liga-del-mundo\\\/#webpage\"},\"isPartOf\":{\"@id\":\"https:\\\/\\\/candas365.es\\\/noticias\\\/angel-torres-messi-tiene-que-estar-en-la-mejor-liga-del-mundo\\\/#webpage\"},\"articleSection\":\"Deporte\",\"dateline\":\"Publicado el julio 29, 2021.\"},{\"@type\":\"Organization\",\"@id\":\"https:\\\/\\\/candas365.es\\\/noticias\\\/#organization\",\"name\":\"Cand\\u00e1s 365\",\"description\":\"Cand\\u00e1s 365 es un diario digital independiente, fundado en 2012, con base en Asturias. Informamos con rigor sobre actualidad, sociedad, cultura y ocio, con una mirada local y global.\",\"url\":\"https:\\\/\\\/candas365.es\\\/noticias\\\/\",\"email\":\"info@candas365.es\",\"telephone\":\"+34652131393\",\"foundingDate\":\"2012-06-10\",\"logo\":{\"@type\":\"ImageObject\",\"url\":\"https:\\\/\\\/candas365.es\\\/noticias\\\/wp-content\\\/uploads\\\/2024\\\/09\\\/Candas-365-Redes.jpg\",\"@id\":\"https:\\\/\\\/candas365.es\\\/noticias\\\/angel-torres-messi-tiene-que-estar-en-la-mejor-liga-del-mundo\\\/#organizationLogo\",\"width\":1152,\"height\":864,\"caption\":\"Cand\\u00e1s 365 Redes\"},\"image\":{\"@id\":\"https:\\\/\\\/candas365.es\\\/noticias\\\/angel-torres-messi-tiene-que-estar-en-la-mejor-liga-del-mundo\\\/#organizationLogo\"},\"sameAs\":[\"https:\\\/\\\/www.facebook.com\\\/Nachofdezber\",\"https:\\\/\\\/x.com\\\/NabercoDigital\",\"https:\\\/\\\/www.instagram.com\\\/nachofdezber\\\/\",\"https:\\\/\\\/www.youtube.com\\\/channel\\\/UCZP-2wLEB9Rv6erhFmqVnvg\"],\"address\":{\"@id\":\"https:\\\/\\\/candas365.es\\\/noticias\\\/#postaladdress\",\"@type\":\"PostalAddress\",\"streetAddress\":\"san antonio 4, san antonio 4\",\"postalCode\":\"33430\",\"addressLocality\":\"Cand\\u00e1s\",\"addressRegion\":\"Asturias\",\"addressCountry\":\"ES\"}},{\"@type\":\"Person\",\"@id\":\"https:\\\/\\\/candas365.es\\\/noticias\\\/author\\\/admin\\\/#author\",\"url\":\"https:\\\/\\\/candas365.es\\\/noticias\\\/author\\\/admin\\\/\",\"name\":\"Cand\\u00e1s 365\",\"image\":{\"@type\":\"ImageObject\",\"@id\":\"https:\\\/\\\/candas365.es\\\/noticias\\\/angel-torres-messi-tiene-que-estar-en-la-mejor-liga-del-mundo\\\/#authorImage\",\"url\":\"https:\\\/\\\/secure.gravatar.com\\\/avatar\\\/496a8e03d0c493ede1718b7934145dbdf8d89be1036b0eec9544e1094c9de390?s=96&d=mm&r=g\",\"width\":96,\"height\":96,\"caption\":\"Cand\\u00e1s 365\"},\"sameAs\":[\"https:\\\/\\\/www.facebook.com\\\/carrenoactualidad\",\"https:\\\/\\\/twitter.com\\\/nbasturias\",\"https:\\\/\\\/www.instagram.com\\\/nachofdezber\\\/\",\"https:\\\/\\\/www.youtube.com\\\/channel\\\/UCZP-2wLEB9Rv6erhFmqVnvg\"]},{\"@type\":\"WebPage\",\"@id\":\"https:\\\/\\\/candas365.es\\\/noticias\\\/angel-torres-messi-tiene-que-estar-en-la-mejor-liga-del-mundo\\\/#webpage\",\"url\":\"https:\\\/\\\/candas365.es\\\/noticias\\\/angel-torres-messi-tiene-que-estar-en-la-mejor-liga-del-mundo\\\/\",\"name\":\"\\u00c1ngel Torres: \\u00abMessi tiene que estar en la mejor liga del mundo\\u00bb | Cand\\u00e1s 365\",\"description\":\"El presidente del Getafe CF, \\u00c1ngel Torres, se mostr\\u00f3 partidario de que LaLiga ponga las cosas f\\u00e1ciles al FC Barcelona para que Leo Messi\",\"inLanguage\":\"es-ES\",\"isPartOf\":{\"@id\":\"https:\\\/\\\/candas365.es\\\/noticias\\\/#website\"},\"breadcrumb\":{\"@id\":\"https:\\\/\\\/candas365.es\\\/noticias\\\/angel-torres-messi-tiene-que-estar-en-la-mejor-liga-del-mundo\\\/#breadcrumblist\"},\"author\":{\"@id\":\"https:\\\/\\\/candas365.es\\\/noticias\\\/author\\\/admin\\\/#author\"},\"creator\":{\"@id\":\"https:\\\/\\\/candas365.es\\\/noticias\\\/author\\\/admin\\\/#author\"},\"image\":{\"@type\":\"ImageObject\",\"url\":\"https:\\\/\\\/candas365.es\\\/noticias\\\/wp-content\\\/uploads\\\/2021\\\/07\\\/Angel-Torres.jpg\",\"@id\":\"https:\\\/\\\/candas365.es\\\/noticias\\\/angel-torres-messi-tiene-que-estar-en-la-mejor-liga-del-mundo\\\/#mainImage\",\"width\":985,\"height\":665,\"caption\":\"FOTO: Europa Press\"},\"primaryImageOfPage\":{\"@id\":\"https:\\\/\\\/candas365.es\\\/noticias\\\/angel-torres-messi-tiene-que-estar-en-la-mejor-liga-del-mundo\\\/#mainImage\"},\"datePublished\":\"2021-07-29T09:02:46+02:00\",\"dateModified\":\"2021-07-29T09:02:46+02:00\"},{\"@type\":\"WebSite\",\"@id\":\"https:\\\/\\\/candas365.es\\\/noticias\\\/#website\",\"url\":\"https:\\\/\\\/candas365.es\\\/noticias\\\/\",\"name\":\"Cand\\u00e1s 365\",\"alternateName\":\"Cand\\u00e1s 365 Noticias\",\"description\":\"Actualidad desde Carre\\u00f1o para el mundo\",\"inLanguage\":\"es-ES\",\"publisher\":{\"@id\":\"https:\\\/\\\/candas365.es\\\/noticias\\\/#organization\"}}]}\n\t\t<\/script>\n\t\t<!-- All in One SEO Pro -->\r\n\t\t<title>\u00c1ngel Torres: \u00abMessi tiene que estar en la mejor liga del mundo\u00bb | Cand\u00e1s 365<\/title>\n\n","aioseo_head_json":{"title":"\u00c1ngel Torres: \u00abMessi tiene que estar en la mejor liga del mundo\u00bb | Cand\u00e1s 365","description":"El presidente del Getafe CF, \u00c1ngel Torres, se mostr\u00f3 partidario de que LaLiga ponga las cosas f\u00e1ciles al FC Barcelona para que Leo Messi","canonical_url":"https:\/\/candas365.es\/noticias\/angel-torres-messi-tiene-que-estar-en-la-mejor-liga-del-mundo\/","robots":"max-image-preview:large","keywords":"deporte","webmasterTools":{"google-site-verification":"UA-32230408-1","msvalidate.01":"354F3CDFB2DA171B47FBE9ABF1F88D5","miscellaneous":""},"schema":{"@context":"https:\/\/schema.org","@graph":[{"@type":"BreadcrumbList","@id":"https:\/\/candas365.es\/noticias\/angel-torres-messi-tiene-que-estar-en-la-mejor-liga-del-mundo\/#breadcrumblist","itemListElement":[{"@type":"ListItem","@id":"https:\/\/candas365.es\/noticias#listItem","position":1,"name":"Home","item":"https:\/\/candas365.es\/noticias","nextItem":{"@type":"ListItem","@id":"https:\/\/candas365.es\/noticias\/category\/deporte\/#listItem","name":"Deporte"}},{"@type":"ListItem","@id":"https:\/\/candas365.es\/noticias\/category\/deporte\/#listItem","position":2,"name":"Deporte","item":"https:\/\/candas365.es\/noticias\/category\/deporte\/","nextItem":{"@type":"ListItem","@id":"https:\/\/candas365.es\/noticias\/angel-torres-messi-tiene-que-estar-en-la-mejor-liga-del-mundo\/#listItem","name":"\u00c1ngel Torres: \u00abMessi tiene que estar en la mejor liga del mundo\u00bb"},"previousItem":{"@type":"ListItem","@id":"https:\/\/candas365.es\/noticias#listItem","name":"Home"}},{"@type":"ListItem","@id":"https:\/\/candas365.es\/noticias\/angel-torres-messi-tiene-que-estar-en-la-mejor-liga-del-mundo\/#listItem","position":3,"name":"\u00c1ngel Torres: \u00abMessi tiene que estar en la mejor liga del mundo\u00bb","previousItem":{"@type":"ListItem","@id":"https:\/\/candas365.es\/noticias\/category\/deporte\/#listItem","name":"Deporte"}}]},{"@type":"NewsArticle","@id":"https:\/\/candas365.es\/noticias\/angel-torres-messi-tiene-que-estar-en-la-mejor-liga-del-mundo\/#newsarticle","name":"\u00c1ngel Torres: \u00abMessi tiene que estar en la mejor liga del mundo\u00bb | Cand\u00e1s 365","headline":"\u00c1ngel Torres: \u00abMessi tiene que estar en la mejor liga del mundo\u00bb","author":{"@id":"https:\/\/candas365.es\/noticias\/author\/admin\/#author"},"publisher":{"@id":"https:\/\/candas365.es\/noticias\/#organization"},"image":{"@type":"ImageObject","url":"https:\/\/candas365.es\/noticias\/wp-content\/uploads\/2021\/07\/Angel-Torres.jpg","width":985,"height":665,"caption":"FOTO: Europa Press"},"datePublished":"2021-07-29T09:02:46+02:00","dateModified":"2021-07-29T09:02:46+02:00","inLanguage":"es-ES","mainEntityOfPage":{"@id":"https:\/\/candas365.es\/noticias\/angel-torres-messi-tiene-que-estar-en-la-mejor-liga-del-mundo\/#webpage"},"isPartOf":{"@id":"https:\/\/candas365.es\/noticias\/angel-torres-messi-tiene-que-estar-en-la-mejor-liga-del-mundo\/#webpage"},"articleSection":"Deporte","dateline":"Publicado el julio 29, 2021."},{"@type":"Organization","@id":"https:\/\/candas365.es\/noticias\/#organization","name":"Cand\u00e1s 365","description":"Cand\u00e1s 365 es un diario digital independiente, fundado en 2012, con base en Asturias. Informamos con rigor sobre actualidad, sociedad, cultura y ocio, con una mirada local y global.","url":"https:\/\/candas365.es\/noticias\/","email":"info@candas365.es","telephone":"+34652131393","foundingDate":"2012-06-10","logo":{"@type":"ImageObject","url":"https:\/\/candas365.es\/noticias\/wp-content\/uploads\/2024\/09\/Candas-365-Redes.jpg","@id":"https:\/\/candas365.es\/noticias\/angel-torres-messi-tiene-que-estar-en-la-mejor-liga-del-mundo\/#organizationLogo","width":1152,"height":864,"caption":"Cand\u00e1s 365 Redes"},"image":{"@id":"https:\/\/candas365.es\/noticias\/angel-torres-messi-tiene-que-estar-en-la-mejor-liga-del-mundo\/#organizationLogo"},"sameAs":["https:\/\/www.facebook.com\/Nachofdezber","https:\/\/x.com\/NabercoDigital","https:\/\/www.instagram.com\/nachofdezber\/","https:\/\/www.youtube.com\/channel\/UCZP-2wLEB9Rv6erhFmqVnvg"],"address":{"@id":"https:\/\/candas365.es\/noticias\/#postaladdress","@type":"PostalAddress","streetAddress":"san antonio 4, san antonio 4","postalCode":"33430","addressLocality":"Cand\u00e1s","addressRegion":"Asturias","addressCountry":"ES"}},{"@type":"Person","@id":"https:\/\/candas365.es\/noticias\/author\/admin\/#author","url":"https:\/\/candas365.es\/noticias\/author\/admin\/","name":"Cand\u00e1s 365","image":{"@type":"ImageObject","@id":"https:\/\/candas365.es\/noticias\/angel-torres-messi-tiene-que-estar-en-la-mejor-liga-del-mundo\/#authorImage","url":"https:\/\/secure.gravatar.com\/avatar\/496a8e03d0c493ede1718b7934145dbdf8d89be1036b0eec9544e1094c9de390?s=96&d=mm&r=g","width":96,"height":96,"caption":"Cand\u00e1s 365"},"sameAs":["https:\/\/www.facebook.com\/carrenoactualidad","https:\/\/twitter.com\/nbasturias","https:\/\/www.instagram.com\/nachofdezber\/","https:\/\/www.youtube.com\/channel\/UCZP-2wLEB9Rv6erhFmqVnvg"]},{"@type":"WebPage","@id":"https:\/\/candas365.es\/noticias\/angel-torres-messi-tiene-que-estar-en-la-mejor-liga-del-mundo\/#webpage","url":"https:\/\/candas365.es\/noticias\/angel-torres-messi-tiene-que-estar-en-la-mejor-liga-del-mundo\/","name":"\u00c1ngel Torres: \u00abMessi tiene que estar en la mejor liga del mundo\u00bb | Cand\u00e1s 365","description":"El presidente del Getafe CF, \u00c1ngel Torres, se mostr\u00f3 partidario de que LaLiga ponga las cosas f\u00e1ciles al FC Barcelona para que Leo Messi","inLanguage":"es-ES","isPartOf":{"@id":"https:\/\/candas365.es\/noticias\/#website"},"breadcrumb":{"@id":"https:\/\/candas365.es\/noticias\/angel-torres-messi-tiene-que-estar-en-la-mejor-liga-del-mundo\/#breadcrumblist"},"author":{"@id":"https:\/\/candas365.es\/noticias\/author\/admin\/#author"},"creator":{"@id":"https:\/\/candas365.es\/noticias\/author\/admin\/#author"},"image":{"@type":"ImageObject","url":"https:\/\/candas365.es\/noticias\/wp-content\/uploads\/2021\/07\/Angel-Torres.jpg","@id":"https:\/\/candas365.es\/noticias\/angel-torres-messi-tiene-que-estar-en-la-mejor-liga-del-mundo\/#mainImage","width":985,"height":665,"caption":"FOTO: Europa Press"},"primaryImageOfPage":{"@id":"https:\/\/candas365.es\/noticias\/angel-torres-messi-tiene-que-estar-en-la-mejor-liga-del-mundo\/#mainImage"},"datePublished":"2021-07-29T09:02:46+02:00","dateModified":"2021-07-29T09:02:46+02:00"},{"@type":"WebSite","@id":"https:\/\/candas365.es\/noticias\/#website","url":"https:\/\/candas365.es\/noticias\/","name":"Cand\u00e1s 365","alternateName":"Cand\u00e1s 365 Noticias","description":"Actualidad desde Carre\u00f1o para el mundo","inLanguage":"es-ES","publisher":{"@id":"https:\/\/candas365.es\/noticias\/#organization"}}]},"og:locale":"es_ES","og:site_name":"Cand\u00e1s 365","og:type":"article","og:title":"\u00c1ngel Torres: \u00abMessi tiene que estar en la mejor liga del mundo\u00bb | Cand\u00e1s 365","og:description":"El presidente del Getafe CF, \u00c1ngel Torres, se mostr\u00f3 partidario de que LaLiga ponga las cosas f\u00e1ciles al FC Barcelona para que Leo Messi","og:url":"https:\/\/candas365.es\/noticias\/angel-torres-messi-tiene-que-estar-en-la-mejor-liga-del-mundo\/","og:image":"https:\/\/candas365.es\/noticias\/wp-content\/uploads\/2021\/07\/Angel-Torres.jpg","og:image:secure_url":"https:\/\/candas365.es\/noticias\/wp-content\/uploads\/2021\/07\/Angel-Torres.jpg","og:image:width":985,"og:image:height":665,"article:published_time":"2021-07-29T09:02:46+00:00","article:modified_time":"2021-07-29T09:02:46+00:00","article:publisher":"https:\/\/www.facebook.com\/Nachofdezber","article:author":"https:\/\/www.facebook.com\/carrenoactualidad","twitter:card":"summary_large_image","twitter:site":"@NabercoDigital","twitter:title":"\u00c1ngel Torres: \u00abMessi tiene que estar en la mejor liga del mundo\u00bb | Cand\u00e1s 365","twitter:description":"El presidente del Getafe CF, \u00c1ngel Torres, se mostr\u00f3 partidario de que LaLiga ponga las cosas f\u00e1ciles al FC Barcelona para que Leo Messi","twitter:creator":"@nbasturias","twitter:image":"https:\/\/candas365.es\/noticias\/wp-content\/uploads\/2021\/07\/Angel-Torres.jpg","twitter:label1":"Escrito por","twitter:data1":"Cand\u00e1s 365","twitter:label2":"Tiempo de lectura estimado","twitter:data2":"1 minuto"},"aioseo_meta_data":{"post_id":"157039","title":null,"description":"El presidente del Getafe CF, \u00c1ngel Torres, se mostr\u00f3 partidario de que LaLiga ponga las cosas f\u00e1ciles al FC Barcelona para que Leo Messi","keywords":[],"keyphrases":{"focus":{"keyphrase":"\u00c1ngel Torres","score":100,"analysis":{"keyphraseInTitle":{"title":"Frase clave objetivo en el t\u00edtulo SEO","description":"Frase clave objetivo encontrada en el t\u00edtulo SEO.","score":9,"maxScore":9,"error":0},"keyphraseInDescription":{"title":"Frase clave objetivo en la meta descripci\u00f3n","description":"Frase clave objetivo encontrada en la meta descripci\u00f3n.","score":9,"maxScore":9,"error":0},"keyphraseInURL":[],"keyphraseLength":{"title":"Longitud de la Frase clave objetivo","description":"\u00a1Buen trabajo!","score":9,"maxScore":9,"error":0,"length":2},"keyphraseInIntroduction":{"title":"Frase clave objetivo en la introducci\u00f3n","description":"Su Frase clave objetivo aparece en el primer p\u00e1rrafo. \u00a1Bien hecho!","score":9,"maxScore":9,"error":0},"keyphraseInSubHeadings":[],"keyphraseInImageAlt":{"title":"Frase clave objetivo en los atributos alt de la imagen.","description":"Frase clave objetivo encontrada en los atributos alt de la(s) imagen(es).","score":9,"maxScore":9,"error":0}}},"additional":[{"keyphrase":"Leo Messi","score":83,"analysis":{"keyphraseInDescription":{"title":"Frase clave en la meta descripci\u00f3n","description":"Frase clave encontrada en la meta descripci\u00f3n.","score":9,"maxScore":9,"error":0},"keyphraseLength":{"title":"Longitud de la Frase clave","description":"\u00a1Buen trabajo!","score":9,"maxScore":9,"error":0,"length":2},"keyphraseInIntroduction":{"title":"Frase clave en la introducci\u00f3n","description":"Su Frase clave aparece en el primer p\u00e1rrafo. \u00a1Bien hecho!","score":9,"maxScore":9,"error":0},"keyphraseInImageAlt":{"title":"Frase clave en los atributos alt de la imagen.","description":"Frase clave no se encuentra en los atributos alt de la imagen. A\u00f1ada una imagen con su Frase clave como texto alternativo.","score":3,"maxScore":9,"error":1}}},{"keyphrase":"presidente del Getafe ","score":83,"analysis":{"keyphraseInDescription":{"title":"Frase clave en la meta descripci\u00f3n","description":"Frase clave encontrada en la meta descripci\u00f3n.","score":9,"maxScore":9,"error":0},"keyphraseLength":{"title":"Longitud de la Frase clave","description":"\u00a1Buen trabajo!","score":9,"maxScore":9,"error":0,"length":3},"keyphraseInIntroduction":{"title":"Frase clave en la introducci\u00f3n","description":"Su Frase clave aparece en el primer p\u00e1rrafo. \u00a1Bien hecho!","score":9,"maxScore":9,"error":0},"keyphraseInImageAlt":{"title":"Frase clave en los atributos alt de la imagen.","description":"Frase clave no se encuentra en los atributos alt de la imagen. A\u00f1ada una imagen con su Frase clave como texto alternativo.","score":3,"maxScore":9,"error":1}}}]},"primary_term":null,"canonical_url":null,"og_title":null,"og_description":null,"og_object_type":"default","og_image_type":"default","og_image_url":null,"og_image_width":null,"og_image_height":null,"og_image_custom_url":null,"og_image_custom_fields":null,"og_video":"","og_custom_url":null,"og_article_section":null,"og_article_tags":[],"twitter_use_og":false,"twitter_card":"default","twitter_image_type":"default","twitter_image_url":null,"twitter_image_custom_url":null,"twitter_image_custom_fields":null,"twitter_title":null,"twitter_description":null,"schema":{"blockGraphs":[],"customGraphs":[],"default":{"data":{"Article":[],"Course":[],"Dataset":[],"FAQPage":[],"Movie":[],"Person":[],"Product":[],"ProductReview":[],"Car":[],"Recipe":[],"Service":[],"SoftwareApplication":[],"WebPage":[]},"graphName":"","isEnabled":true},"graphs":[],"defaultGraph":"Article","defaultPostTypeGraph":""},"schema_type":"default","schema_type_options":"{\"article\":{\"articleType\":\"BlogPosting\"},\"course\":{\"name\":\"\",\"description\":\"\",\"provider\":\"\"},\"faq\":{\"pages\":[]},\"product\":{\"reviews\":[]},\"recipe\":{\"ingredients\":[],\"instructions\":[],\"keywords\":[]},\"software\":{\"reviews\":[],\"operatingSystems\":[]},\"webPage\":{\"webPageType\":\"WebPage\"}}","pillar_content":false,"robots_default":true,"robots_noindex":false,"robots_noarchive":false,"robots_nosnippet":false,"robots_nofollow":false,"robots_noimageindex":false,"robots_noodp":false,"robots_notranslate":false,"robots_max_snippet":"-1","robots_max_videopreview":"-1","robots_max_imagepreview":"large","priority":null,"frequency":"default","location":null,"local_seo":{"locations":{"business":{"name":"","businessType":"","image":"","areaServed":"","urls":{"website":"","aboutPage":"","contactPage":""},"address":{"streetLine1":"","streetLine2":"","zipCode":"","city":"","state":"","country":"","addressFormat":"#streetLineOne\n#streetLineTwo\n#city, #state #zipCode"},"contact":{"email":"","phone":"","phoneFormatted":"","fax":"","faxFormatted":""},"ids":{"vat":"","tax":"","chamberOfCommerce":""},"payment":{"priceRange":"","currenciesAccepted":"","methods":""}}},"openingHours":{"useDefaults":true,"show":true,"alwaysOpen":false,"use24hFormat":false,"timezone":"","labels":{"closed":"","alwaysOpen":""},"days":{"monday":{"open24h":false,"closed":false,"openTime":"09:00","closeTime":"17:00"},"tuesday":{"open24h":false,"closed":false,"openTime":"09:00","closeTime":"17:00"},"wednesday":{"open24h":false,"closed":false,"openTime":"09:00","closeTime":"17:00"},"thursday":{"open24h":false,"closed":false,"openTime":"09:00","closeTime":"17:00"},"friday":{"open24h":false,"closed":false,"openTime":"09:00","closeTime":"17:00"},"saturday":{"open24h":false,"closed":false,"openTime":"09:00","closeTime":"17:00"},"sunday":{"open24h":false,"closed":false,"openTime":"09:00","closeTime":"17:00"}}}},"seo_analyzer_scan_date":"2025-09-01 00:19:52","breadcrumb_settings":null,"limit_modified_date":false,"reviewed_by":null,"open_ai":null,"ai":null,"created":"2021-07-29 08:50:47","updated":"2025-09-01 00:19:52"},"aioseo_breadcrumb":"<div class=\"aioseo-breadcrumbs\"><span class=\"aioseo-breadcrumb\">\n\t<a href=\"https:\/\/candas365.es\/noticias\" title=\"Home\">Home<\/a>\n<\/span><span class=\"aioseo-breadcrumb-separator\">&ndash;<\/span><span class=\"aioseo-breadcrumb\">\n\t<a href=\"https:\/\/candas365.es\/noticias\/category\/deporte\/\" title=\"Deporte\">Deporte<\/a>\n<\/span><span class=\"aioseo-breadcrumb-separator\">&ndash;<\/span><span class=\"aioseo-breadcrumb\">\n\t\u00c1ngel Torres: \u00abMessi tiene que estar en la mejor liga del mundo\u00bb\n<\/span><\/div>","aioseo_breadcrumb_json":[{"label":"Home","link":"https:\/\/candas365.es\/noticias"},{"label":"Deporte","link":"https:\/\/candas365.es\/noticias\/category\/deporte\/"},{"label":"\u00c1ngel Torres: \u00abMessi tiene que estar en la mejor liga del mundo\u00bb","link":"https:\/\/candas365.es\/noticias\/angel-torres-messi-tiene-que-estar-en-la-mejor-liga-del-mundo\/"}],"_links":{"self":[{"href":"https:\/\/candas365.es\/noticias\/wp-json\/wp\/v2\/posts\/157039","targetHints":{"allow":["GET"]}}],"collection":[{"href":"https:\/\/candas365.es\/noticias\/wp-json\/wp\/v2\/posts"}],"about":[{"href":"https:\/\/candas365.es\/noticias\/wp-json\/wp\/v2\/types\/post"}],"author":[{"embeddable":true,"href":"https:\/\/candas365.es\/noticias\/wp-json\/wp\/v2\/users\/1"}],"replies":[{"embeddable":true,"href":"https:\/\/candas365.es\/noticias\/wp-json\/wp\/v2\/comments?post=157039"}],"version-history":[{"count":0,"href":"https:\/\/candas365.es\/noticias\/wp-json\/wp\/v2\/posts\/157039\/revisions"}],"wp:featuredmedia":[{"embeddable":true,"href":"https:\/\/candas365.es\/noticias\/wp-json\/wp\/v2\/media\/157040"}],"wp:attachment":[{"href":"https:\/\/candas365.es\/noticias\/wp-json\/wp\/v2\/media?parent=157039"}],"wp:term":[{"taxonomy":"category","embeddable":true,"href":"https:\/\/candas365.es\/noticias\/wp-json\/wp\/v2\/categories?post=157039"},{"taxonomy":"post_tag","embeddable":true,"href":"https:\/\/candas365.es\/noticias\/wp-json\/wp\/v2\/tags?post=157039"}],"curies":[{"name":"wp","href":"https:\/\/api.w.org\/{rel}","templated":true}]}}