{"id":156976,"date":"2021-07-26T14:59:36","date_gmt":"2021-07-26T14:59:36","guid":{"rendered":"http:\/\/candas365.es\/noticias\/?p=156976"},"modified":"2021-07-26T14:59:36","modified_gmt":"2021-07-26T14:59:36","slug":"tokio-zverev-y-koepfer-a-octavos","status":"publish","type":"post","link":"https:\/\/candas365.es\/noticias\/tokio-zverev-y-koepfer-a-octavos\/","title":{"rendered":"Tokio: Zverev y Koepfer a octavos"},"content":{"rendered":"<p>Tokio, 26 jul (dpa) \u2013 Los tenistas alemanes Alexander Zverev y Dominik Koepfer lograron el paso a octavos de final del torneo ol\u00edmpico de Tokio, mientras sus compatriotas Jan-Lennard Struff y Anna-Lena Friedsam fueron eliminados.<\/p>\n<figure id=\"attachment_156977\" aria-describedby=\"caption-attachment-156977\" style=\"width: 650px\" class=\"wp-caption aligncenter\"><img fetchpriority=\"high\" decoding=\"async\" class=\"wp-image-156977 size-large\" src=\"https:\/\/candas365.es\/noticias\/wp-content\/uploads\/2021\/07\/Zverev-650x438.jpg\" alt=\"Zverev\" width=\"650\" height=\"438\" srcset=\"https:\/\/candas365.es\/noticias\/wp-content\/uploads\/2021\/07\/Zverev-650x438.jpg 650w, https:\/\/candas365.es\/noticias\/wp-content\/uploads\/2021\/07\/Zverev-360x242.jpg 360w, https:\/\/candas365.es\/noticias\/wp-content\/uploads\/2021\/07\/Zverev-768x517.jpg 768w, https:\/\/candas365.es\/noticias\/wp-content\/uploads\/2021\/07\/Zverev.jpg 965w\" sizes=\"(max-width: 650px) 100vw, 650px\" \/><figcaption id=\"caption-attachment-156977\" class=\"wp-caption-text\">Foto: Marijan Murat\/dpa<\/figcaption><\/figure>\n<p>Zverev se impuso con autoridad al colombiano Daniel Elahi Gal\u00e1n por 6-2 y 6-2 y logr\u00f3 el pase a octavos de final. El jugador de Hamburgo, que se mostr\u00f3 relajado y a gusto, se acerc\u00f3 un poco m\u00e1s a sus aspiraciones de medalla.<\/p>\n<p>Contra Gal\u00e1n, Zverev domin\u00f3 claramente el partido bajo un cielo nublado, especialmente gracias a su propio servicio. \u00abHoy ha sido un partido relativamente positivo para m\u00ed. Estoy contento de continuar adelante\u00bb, dijo el n\u00famero cinco del mundo.<\/p>\n<p>En su primera aparici\u00f3n en la pista central del Parque de Tenis de Ariake, Zverev comenz\u00f3 el partido con un break y volvi\u00f3 a romper el servicio de Gal\u00e1n una vez m\u00e1s para el 5-2.<\/p>\n<p>Zverev tambi\u00e9n le quit\u00f3 las opciones al n\u00famero 13 del mundo al principio del segundo set, sin darle ninguna oportunidad en varias ocasiones cuando aceler\u00f3 el ritmo de sus golpes.<\/p>\n<p>Al n\u00famero uno alem\u00e1n le espera una prueba dif\u00edcil, pero en cualquier caso tambi\u00e9n factible, en los octavos de final contra el georgiano Nikolos Bassilashvili, que no es cabeza de serie. Zverev compite en la capital japonesa como uno de los favoritos a las medallas y ha reafirmado esa ambici\u00f3n en varias ocasiones.<\/p>\n<p>El joven de 24 a\u00f1os tambi\u00e9n est\u00e1 en la ronda de octavos en la competici\u00f3n de dobles formando pareja con Jan-Lennard Struff, a quien Zverev quer\u00eda animar en su partido de segunda ronda contra el n\u00famero uno del mundo, Novak Djokovic.<\/p>\n<p>Pero Struff no pudo ante Djokovic. El alem\u00e1n fue derrotado por el n\u00famero uno del mundo por 6-4 y 6-3. Djokovic tiene la oportunidad de convertirse en el primer tenista en ganar el llamado Golden Slam masculino este a\u00f1o. Todav\u00eda necesita el oro ol\u00edmpico y el t\u00edtulo del Abierto de Estados Unidos para conseguirlo.<\/p>\n<p>El serbio ya ha triunfado en los otros tres torneos del Grand Slam en 2021, Australia, Roland Garros y Wimbledon.<\/p>\n<p>Mejor suerte corri\u00f3 Dominik Koepfer, que tambi\u00e9n alcanz\u00f3 hoy los octavos de final. El jugador de 27 a\u00f1os gan\u00f3 por 6-3 y 6-0 su partido de segunda ronda contra el australiano Max Purcell, 198 del mundo.<\/p>\n<p>Purcell sustituy\u00f3 al brit\u00e1nico Andy Murray, que se retir\u00f3 por problemas en un muslo. Koepfer se enfrentar\u00e1 ahora al espa\u00f1ol Pablo Carre\u00f1o por un puesto en los cuartos de final.<\/p>\n<p>En el cuadro femenino, cinco a\u00f1os despu\u00e9s de la medalla de plata de Angelique Kerber en R\u00edo 2016, ninguna tenista alemana estar\u00e1 en los octavos de final de Tokio. Anna-Lena Friedsam, la \u00faltima participante germana en juego, fue eliminada hoy por la rusa Anastasia Pavliuchenkova, finalista del Abierto de Francia, por un doble 6-1 en solo 54 minutos.<\/p>\n<p>Por otra parte, el equipo ol\u00edmpico alem\u00e1n de tenis comunic\u00f3 hoy que Zverev no jugar\u00e1 finalmente en el torneo de parejas mixtas. El n\u00famero cinco del mundo no fue inscrito en la competici\u00f3n que comienza el mi\u00e9rcoles, seg\u00fan anunci\u00f3 hoy la Federaci\u00f3n Alemana de Tenis (DTB).<\/p>\n<p>La DTB decidi\u00f3 a favor de las parejas Laura Siegemund\/Kevin Krawietz y Anna-Lena Friedsam\/Tim P\u00fctz. Sin embargo, el hecho de que una pareja alemana entre en el cuadro de 16 equipos depende de sus posiciones combinadas en el ranking mundial y no se decidir\u00e1 hasta el martes.<\/p>\n","protected":false},"excerpt":{"rendered":"<p>Tokio, 26 jul (dpa) \u2013 Los tenistas alemanes Alexander Zverev y Dominik Koepfer lograron el paso a octavos de final del torneo ol\u00edmpico de Tokio, mientras sus compatriotas Jan-Lennard Struff y Anna-Lena Friedsam fueron eliminados. Zverev se impuso con autoridad al colombiano Daniel Elahi Gal\u00e1n por 6-2 y 6-2 y logr\u00f3 el pase a octavos<\/p>\n","protected":false},"author":1,"featured_media":156977,"comment_status":"closed","ping_status":"closed","sticky":false,"template":"","format":"standard","meta":{"footnotes":""},"categories":[319],"tags":[],"class_list":{"0":"post-156976","1":"post","2":"type-post","3":"status-publish","4":"format-standard","5":"has-post-thumbnail","7":"category-deporte"},"aioseo_notices":[],"aioseo_head":"\n\t\t<!-- All in One SEO Pro 4.9.6.2 - aioseo.com -->\n\t<meta name=\"description\" content=\"Los tenistas alemanes Alexander Zverev y Dominik Koepfer lograron el paso a octavos de final del torneo ol\u00edmpico de Tokio\" \/>\n\t<meta name=\"robots\" content=\"max-image-preview:large\" \/>\n\t<meta name=\"author\" content=\"Cand\u00e1s 365\"\/>\n\t<meta name=\"google-site-verification\" content=\"UA-32230408-1\" \/>\n\t<meta name=\"msvalidate.01\" content=\"354F3CDFB2DA171B47FBE9ABF1F88D5\" \/>\n\t<meta name=\"keywords\" content=\"deporte\" \/>\n\t<link rel=\"canonical\" href=\"https:\/\/candas365.es\/noticias\/tokio-zverev-y-koepfer-a-octavos\/\" \/>\n\t<meta name=\"generator\" content=\"All in One SEO Pro (AIOSEO) 4.9.6.2\" \/>\n\t\t<meta property=\"og:locale\" content=\"es_ES\" \/>\n\t\t<meta property=\"og:site_name\" content=\"Cand\u00e1s 365\" \/>\n\t\t<meta property=\"og:type\" content=\"article\" \/>\n\t\t<meta property=\"og:title\" content=\"Tokio: Zverev y Koepfer a octavos | Cand\u00e1s 365\" \/>\n\t\t<meta property=\"og:description\" content=\"Los tenistas alemanes Alexander Zverev y Dominik Koepfer lograron el paso a octavos de final del torneo ol\u00edmpico de Tokio\" \/>\n\t\t<meta property=\"og:url\" content=\"https:\/\/candas365.es\/noticias\/tokio-zverev-y-koepfer-a-octavos\/\" \/>\n\t\t<meta property=\"og:image\" content=\"https:\/\/candas365.es\/noticias\/wp-content\/uploads\/2021\/07\/Zverev.jpg\" \/>\n\t\t<meta property=\"og:image:secure_url\" content=\"https:\/\/candas365.es\/noticias\/wp-content\/uploads\/2021\/07\/Zverev.jpg\" \/>\n\t\t<meta property=\"og:image:width\" content=\"965\" \/>\n\t\t<meta property=\"og:image:height\" content=\"650\" \/>\n\t\t<meta property=\"article:published_time\" content=\"2021-07-26T14:59:36+00:00\" \/>\n\t\t<meta property=\"article:modified_time\" content=\"2021-07-26T14:59:36+00:00\" \/>\n\t\t<meta property=\"article:publisher\" content=\"https:\/\/www.facebook.com\/Nachofdezber\" \/>\n\t\t<meta property=\"article:author\" content=\"https:\/\/www.facebook.com\/carrenoactualidad\" \/>\n\t\t<meta name=\"twitter:card\" content=\"summary_large_image\" \/>\n\t\t<meta name=\"twitter:site\" content=\"@NabercoDigital\" \/>\n\t\t<meta name=\"twitter:title\" content=\"Tokio: Zverev y Koepfer a octavos | Cand\u00e1s 365\" \/>\n\t\t<meta name=\"twitter:description\" content=\"Los tenistas alemanes Alexander Zverev y Dominik Koepfer lograron el paso a octavos de final del torneo ol\u00edmpico de Tokio\" \/>\n\t\t<meta name=\"twitter:creator\" content=\"@nbasturias\" \/>\n\t\t<meta name=\"twitter:image\" content=\"https:\/\/candas365.es\/noticias\/wp-content\/uploads\/2021\/07\/Zverev.jpg\" \/>\n\t\t<meta name=\"twitter:label1\" content=\"Escrito por\" \/>\n\t\t<meta name=\"twitter:data1\" content=\"Cand\u00e1s 365\" \/>\n\t\t<meta name=\"twitter:label2\" content=\"Tiempo de lectura estimado\" \/>\n\t\t<meta name=\"twitter:data2\" content=\"3 minutos\" \/>\n\t\t<script type=\"application\/ld+json\" class=\"aioseo-schema\">\n\t\t\t{\"@context\":\"https:\\\/\\\/schema.org\",\"@graph\":[{\"@type\":\"BreadcrumbList\",\"@id\":\"https:\\\/\\\/candas365.es\\\/noticias\\\/tokio-zverev-y-koepfer-a-octavos\\\/#breadcrumblist\",\"itemListElement\":[{\"@type\":\"ListItem\",\"@id\":\"https:\\\/\\\/candas365.es\\\/noticias#listItem\",\"position\":1,\"name\":\"Home\",\"item\":\"https:\\\/\\\/candas365.es\\\/noticias\",\"nextItem\":{\"@type\":\"ListItem\",\"@id\":\"https:\\\/\\\/candas365.es\\\/noticias\\\/category\\\/deporte\\\/#listItem\",\"name\":\"Deporte\"}},{\"@type\":\"ListItem\",\"@id\":\"https:\\\/\\\/candas365.es\\\/noticias\\\/category\\\/deporte\\\/#listItem\",\"position\":2,\"name\":\"Deporte\",\"item\":\"https:\\\/\\\/candas365.es\\\/noticias\\\/category\\\/deporte\\\/\",\"nextItem\":{\"@type\":\"ListItem\",\"@id\":\"https:\\\/\\\/candas365.es\\\/noticias\\\/tokio-zverev-y-koepfer-a-octavos\\\/#listItem\",\"name\":\"Tokio: Zverev y Koepfer a octavos\"},\"previousItem\":{\"@type\":\"ListItem\",\"@id\":\"https:\\\/\\\/candas365.es\\\/noticias#listItem\",\"name\":\"Home\"}},{\"@type\":\"ListItem\",\"@id\":\"https:\\\/\\\/candas365.es\\\/noticias\\\/tokio-zverev-y-koepfer-a-octavos\\\/#listItem\",\"position\":3,\"name\":\"Tokio: Zverev y Koepfer a octavos\",\"previousItem\":{\"@type\":\"ListItem\",\"@id\":\"https:\\\/\\\/candas365.es\\\/noticias\\\/category\\\/deporte\\\/#listItem\",\"name\":\"Deporte\"}}]},{\"@type\":\"NewsArticle\",\"@id\":\"https:\\\/\\\/candas365.es\\\/noticias\\\/tokio-zverev-y-koepfer-a-octavos\\\/#newsarticle\",\"name\":\"Tokio: Zverev y Koepfer a octavos | Cand\\u00e1s 365\",\"headline\":\"Tokio: Zverev y Koepfer a octavos\",\"author\":{\"@id\":\"https:\\\/\\\/candas365.es\\\/noticias\\\/author\\\/admin\\\/#author\"},\"publisher\":{\"@id\":\"https:\\\/\\\/candas365.es\\\/noticias\\\/#organization\"},\"image\":{\"@type\":\"ImageObject\",\"url\":\"https:\\\/\\\/candas365.es\\\/noticias\\\/wp-content\\\/uploads\\\/2021\\\/07\\\/Zverev.jpg\",\"width\":965,\"height\":650,\"caption\":\"Foto: Marijan Murat\\\/dpa\"},\"datePublished\":\"2021-07-26T14:59:36+02:00\",\"dateModified\":\"2021-07-26T14:59:36+02:00\",\"inLanguage\":\"es-ES\",\"mainEntityOfPage\":{\"@id\":\"https:\\\/\\\/candas365.es\\\/noticias\\\/tokio-zverev-y-koepfer-a-octavos\\\/#webpage\"},\"isPartOf\":{\"@id\":\"https:\\\/\\\/candas365.es\\\/noticias\\\/tokio-zverev-y-koepfer-a-octavos\\\/#webpage\"},\"articleSection\":\"Deporte\",\"dateline\":\"Publicado el julio 26, 2021.\"},{\"@type\":\"Organization\",\"@id\":\"https:\\\/\\\/candas365.es\\\/noticias\\\/#organization\",\"name\":\"Cand\\u00e1s 365\",\"description\":\"Cand\\u00e1s 365 es un diario digital independiente, fundado en 2012, con base en Asturias. Informamos con rigor sobre actualidad, sociedad, cultura y ocio, con una mirada local y global.\",\"url\":\"https:\\\/\\\/candas365.es\\\/noticias\\\/\",\"email\":\"info@candas365.es\",\"telephone\":\"+34652131393\",\"foundingDate\":\"2012-06-10\",\"logo\":{\"@type\":\"ImageObject\",\"url\":\"https:\\\/\\\/candas365.es\\\/noticias\\\/wp-content\\\/uploads\\\/2024\\\/09\\\/Candas-365-Redes.jpg\",\"@id\":\"https:\\\/\\\/candas365.es\\\/noticias\\\/tokio-zverev-y-koepfer-a-octavos\\\/#organizationLogo\",\"width\":1152,\"height\":864,\"caption\":\"Cand\\u00e1s 365 Redes\"},\"image\":{\"@id\":\"https:\\\/\\\/candas365.es\\\/noticias\\\/tokio-zverev-y-koepfer-a-octavos\\\/#organizationLogo\"},\"sameAs\":[\"https:\\\/\\\/www.facebook.com\\\/Nachofdezber\",\"https:\\\/\\\/x.com\\\/NabercoDigital\",\"https:\\\/\\\/www.instagram.com\\\/nachofdezber\\\/\",\"https:\\\/\\\/www.youtube.com\\\/channel\\\/UCZP-2wLEB9Rv6erhFmqVnvg\"],\"address\":{\"@id\":\"https:\\\/\\\/candas365.es\\\/noticias\\\/#postaladdress\",\"@type\":\"PostalAddress\",\"streetAddress\":\"san antonio 4, san antonio 4\",\"postalCode\":\"33430\",\"addressLocality\":\"Cand\\u00e1s\",\"addressRegion\":\"Asturias\",\"addressCountry\":\"ES\"}},{\"@type\":\"Person\",\"@id\":\"https:\\\/\\\/candas365.es\\\/noticias\\\/author\\\/admin\\\/#author\",\"url\":\"https:\\\/\\\/candas365.es\\\/noticias\\\/author\\\/admin\\\/\",\"name\":\"Cand\\u00e1s 365\",\"image\":{\"@type\":\"ImageObject\",\"@id\":\"https:\\\/\\\/candas365.es\\\/noticias\\\/tokio-zverev-y-koepfer-a-octavos\\\/#authorImage\",\"url\":\"https:\\\/\\\/secure.gravatar.com\\\/avatar\\\/496a8e03d0c493ede1718b7934145dbdf8d89be1036b0eec9544e1094c9de390?s=96&d=mm&r=g\",\"width\":96,\"height\":96,\"caption\":\"Cand\\u00e1s 365\"},\"sameAs\":[\"https:\\\/\\\/www.facebook.com\\\/carrenoactualidad\",\"https:\\\/\\\/twitter.com\\\/nbasturias\",\"https:\\\/\\\/www.instagram.com\\\/nachofdezber\\\/\",\"https:\\\/\\\/www.youtube.com\\\/channel\\\/UCZP-2wLEB9Rv6erhFmqVnvg\"]},{\"@type\":\"WebPage\",\"@id\":\"https:\\\/\\\/candas365.es\\\/noticias\\\/tokio-zverev-y-koepfer-a-octavos\\\/#webpage\",\"url\":\"https:\\\/\\\/candas365.es\\\/noticias\\\/tokio-zverev-y-koepfer-a-octavos\\\/\",\"name\":\"Tokio: Zverev y Koepfer a octavos | Cand\\u00e1s 365\",\"description\":\"Los tenistas alemanes Alexander Zverev y Dominik Koepfer lograron el paso a octavos de final del torneo ol\\u00edmpico de Tokio\",\"inLanguage\":\"es-ES\",\"isPartOf\":{\"@id\":\"https:\\\/\\\/candas365.es\\\/noticias\\\/#website\"},\"breadcrumb\":{\"@id\":\"https:\\\/\\\/candas365.es\\\/noticias\\\/tokio-zverev-y-koepfer-a-octavos\\\/#breadcrumblist\"},\"author\":{\"@id\":\"https:\\\/\\\/candas365.es\\\/noticias\\\/author\\\/admin\\\/#author\"},\"creator\":{\"@id\":\"https:\\\/\\\/candas365.es\\\/noticias\\\/author\\\/admin\\\/#author\"},\"image\":{\"@type\":\"ImageObject\",\"url\":\"https:\\\/\\\/candas365.es\\\/noticias\\\/wp-content\\\/uploads\\\/2021\\\/07\\\/Zverev.jpg\",\"@id\":\"https:\\\/\\\/candas365.es\\\/noticias\\\/tokio-zverev-y-koepfer-a-octavos\\\/#mainImage\",\"width\":965,\"height\":650,\"caption\":\"Foto: Marijan Murat\\\/dpa\"},\"primaryImageOfPage\":{\"@id\":\"https:\\\/\\\/candas365.es\\\/noticias\\\/tokio-zverev-y-koepfer-a-octavos\\\/#mainImage\"},\"datePublished\":\"2021-07-26T14:59:36+02:00\",\"dateModified\":\"2021-07-26T14:59:36+02:00\"},{\"@type\":\"WebSite\",\"@id\":\"https:\\\/\\\/candas365.es\\\/noticias\\\/#website\",\"url\":\"https:\\\/\\\/candas365.es\\\/noticias\\\/\",\"name\":\"Cand\\u00e1s 365\",\"alternateName\":\"Cand\\u00e1s 365 Noticias\",\"description\":\"Actualidad desde Carre\\u00f1o para el mundo\",\"inLanguage\":\"es-ES\",\"publisher\":{\"@id\":\"https:\\\/\\\/candas365.es\\\/noticias\\\/#organization\"}}]}\n\t\t<\/script>\n\t\t<!-- All in One SEO Pro -->\r\n\t\t<title>Tokio: Zverev y Koepfer a octavos | Cand\u00e1s 365<\/title>\n\n","aioseo_head_json":{"title":"Tokio: Zverev y Koepfer a octavos | Cand\u00e1s 365","description":"Los tenistas alemanes Alexander Zverev y Dominik Koepfer lograron el paso a octavos de final del torneo ol\u00edmpico de Tokio","canonical_url":"https:\/\/candas365.es\/noticias\/tokio-zverev-y-koepfer-a-octavos\/","robots":"max-image-preview:large","keywords":"deporte","webmasterTools":{"google-site-verification":"UA-32230408-1","msvalidate.01":"354F3CDFB2DA171B47FBE9ABF1F88D5","miscellaneous":""},"schema":{"@context":"https:\/\/schema.org","@graph":[{"@type":"BreadcrumbList","@id":"https:\/\/candas365.es\/noticias\/tokio-zverev-y-koepfer-a-octavos\/#breadcrumblist","itemListElement":[{"@type":"ListItem","@id":"https:\/\/candas365.es\/noticias#listItem","position":1,"name":"Home","item":"https:\/\/candas365.es\/noticias","nextItem":{"@type":"ListItem","@id":"https:\/\/candas365.es\/noticias\/category\/deporte\/#listItem","name":"Deporte"}},{"@type":"ListItem","@id":"https:\/\/candas365.es\/noticias\/category\/deporte\/#listItem","position":2,"name":"Deporte","item":"https:\/\/candas365.es\/noticias\/category\/deporte\/","nextItem":{"@type":"ListItem","@id":"https:\/\/candas365.es\/noticias\/tokio-zverev-y-koepfer-a-octavos\/#listItem","name":"Tokio: Zverev y Koepfer a octavos"},"previousItem":{"@type":"ListItem","@id":"https:\/\/candas365.es\/noticias#listItem","name":"Home"}},{"@type":"ListItem","@id":"https:\/\/candas365.es\/noticias\/tokio-zverev-y-koepfer-a-octavos\/#listItem","position":3,"name":"Tokio: Zverev y Koepfer a octavos","previousItem":{"@type":"ListItem","@id":"https:\/\/candas365.es\/noticias\/category\/deporte\/#listItem","name":"Deporte"}}]},{"@type":"NewsArticle","@id":"https:\/\/candas365.es\/noticias\/tokio-zverev-y-koepfer-a-octavos\/#newsarticle","name":"Tokio: Zverev y Koepfer a octavos | Cand\u00e1s 365","headline":"Tokio: Zverev y Koepfer a octavos","author":{"@id":"https:\/\/candas365.es\/noticias\/author\/admin\/#author"},"publisher":{"@id":"https:\/\/candas365.es\/noticias\/#organization"},"image":{"@type":"ImageObject","url":"https:\/\/candas365.es\/noticias\/wp-content\/uploads\/2021\/07\/Zverev.jpg","width":965,"height":650,"caption":"Foto: Marijan Murat\/dpa"},"datePublished":"2021-07-26T14:59:36+02:00","dateModified":"2021-07-26T14:59:36+02:00","inLanguage":"es-ES","mainEntityOfPage":{"@id":"https:\/\/candas365.es\/noticias\/tokio-zverev-y-koepfer-a-octavos\/#webpage"},"isPartOf":{"@id":"https:\/\/candas365.es\/noticias\/tokio-zverev-y-koepfer-a-octavos\/#webpage"},"articleSection":"Deporte","dateline":"Publicado el julio 26, 2021."},{"@type":"Organization","@id":"https:\/\/candas365.es\/noticias\/#organization","name":"Cand\u00e1s 365","description":"Cand\u00e1s 365 es un diario digital independiente, fundado en 2012, con base en Asturias. Informamos con rigor sobre actualidad, sociedad, cultura y ocio, con una mirada local y global.","url":"https:\/\/candas365.es\/noticias\/","email":"info@candas365.es","telephone":"+34652131393","foundingDate":"2012-06-10","logo":{"@type":"ImageObject","url":"https:\/\/candas365.es\/noticias\/wp-content\/uploads\/2024\/09\/Candas-365-Redes.jpg","@id":"https:\/\/candas365.es\/noticias\/tokio-zverev-y-koepfer-a-octavos\/#organizationLogo","width":1152,"height":864,"caption":"Cand\u00e1s 365 Redes"},"image":{"@id":"https:\/\/candas365.es\/noticias\/tokio-zverev-y-koepfer-a-octavos\/#organizationLogo"},"sameAs":["https:\/\/www.facebook.com\/Nachofdezber","https:\/\/x.com\/NabercoDigital","https:\/\/www.instagram.com\/nachofdezber\/","https:\/\/www.youtube.com\/channel\/UCZP-2wLEB9Rv6erhFmqVnvg"],"address":{"@id":"https:\/\/candas365.es\/noticias\/#postaladdress","@type":"PostalAddress","streetAddress":"san antonio 4, san antonio 4","postalCode":"33430","addressLocality":"Cand\u00e1s","addressRegion":"Asturias","addressCountry":"ES"}},{"@type":"Person","@id":"https:\/\/candas365.es\/noticias\/author\/admin\/#author","url":"https:\/\/candas365.es\/noticias\/author\/admin\/","name":"Cand\u00e1s 365","image":{"@type":"ImageObject","@id":"https:\/\/candas365.es\/noticias\/tokio-zverev-y-koepfer-a-octavos\/#authorImage","url":"https:\/\/secure.gravatar.com\/avatar\/496a8e03d0c493ede1718b7934145dbdf8d89be1036b0eec9544e1094c9de390?s=96&d=mm&r=g","width":96,"height":96,"caption":"Cand\u00e1s 365"},"sameAs":["https:\/\/www.facebook.com\/carrenoactualidad","https:\/\/twitter.com\/nbasturias","https:\/\/www.instagram.com\/nachofdezber\/","https:\/\/www.youtube.com\/channel\/UCZP-2wLEB9Rv6erhFmqVnvg"]},{"@type":"WebPage","@id":"https:\/\/candas365.es\/noticias\/tokio-zverev-y-koepfer-a-octavos\/#webpage","url":"https:\/\/candas365.es\/noticias\/tokio-zverev-y-koepfer-a-octavos\/","name":"Tokio: Zverev y Koepfer a octavos | Cand\u00e1s 365","description":"Los tenistas alemanes Alexander Zverev y Dominik Koepfer lograron el paso a octavos de final del torneo ol\u00edmpico de Tokio","inLanguage":"es-ES","isPartOf":{"@id":"https:\/\/candas365.es\/noticias\/#website"},"breadcrumb":{"@id":"https:\/\/candas365.es\/noticias\/tokio-zverev-y-koepfer-a-octavos\/#breadcrumblist"},"author":{"@id":"https:\/\/candas365.es\/noticias\/author\/admin\/#author"},"creator":{"@id":"https:\/\/candas365.es\/noticias\/author\/admin\/#author"},"image":{"@type":"ImageObject","url":"https:\/\/candas365.es\/noticias\/wp-content\/uploads\/2021\/07\/Zverev.jpg","@id":"https:\/\/candas365.es\/noticias\/tokio-zverev-y-koepfer-a-octavos\/#mainImage","width":965,"height":650,"caption":"Foto: Marijan Murat\/dpa"},"primaryImageOfPage":{"@id":"https:\/\/candas365.es\/noticias\/tokio-zverev-y-koepfer-a-octavos\/#mainImage"},"datePublished":"2021-07-26T14:59:36+02:00","dateModified":"2021-07-26T14:59:36+02:00"},{"@type":"WebSite","@id":"https:\/\/candas365.es\/noticias\/#website","url":"https:\/\/candas365.es\/noticias\/","name":"Cand\u00e1s 365","alternateName":"Cand\u00e1s 365 Noticias","description":"Actualidad desde Carre\u00f1o para el mundo","inLanguage":"es-ES","publisher":{"@id":"https:\/\/candas365.es\/noticias\/#organization"}}]},"og:locale":"es_ES","og:site_name":"Cand\u00e1s 365","og:type":"article","og:title":"Tokio: Zverev y Koepfer a octavos | Cand\u00e1s 365","og:description":"Los tenistas alemanes Alexander Zverev y Dominik Koepfer lograron el paso a octavos de final del torneo ol\u00edmpico de Tokio","og:url":"https:\/\/candas365.es\/noticias\/tokio-zverev-y-koepfer-a-octavos\/","og:image":"https:\/\/candas365.es\/noticias\/wp-content\/uploads\/2021\/07\/Zverev.jpg","og:image:secure_url":"https:\/\/candas365.es\/noticias\/wp-content\/uploads\/2021\/07\/Zverev.jpg","og:image:width":965,"og:image:height":650,"article:published_time":"2021-07-26T14:59:36+00:00","article:modified_time":"2021-07-26T14:59:36+00:00","article:publisher":"https:\/\/www.facebook.com\/Nachofdezber","article:author":"https:\/\/www.facebook.com\/carrenoactualidad","twitter:card":"summary_large_image","twitter:site":"@NabercoDigital","twitter:title":"Tokio: Zverev y Koepfer a octavos | Cand\u00e1s 365","twitter:description":"Los tenistas alemanes Alexander Zverev y Dominik Koepfer lograron el paso a octavos de final del torneo ol\u00edmpico de Tokio","twitter:creator":"@nbasturias","twitter:image":"https:\/\/candas365.es\/noticias\/wp-content\/uploads\/2021\/07\/Zverev.jpg","twitter:label1":"Escrito por","twitter:data1":"Cand\u00e1s 365","twitter:label2":"Tiempo de lectura estimado","twitter:data2":"3 minutos"},"aioseo_meta_data":{"post_id":"156976","title":null,"description":"Los tenistas alemanes Alexander Zverev y Dominik Koepfer lograron el paso a octavos de final del torneo ol\u00edmpico de Tokio","keywords":[],"keyphrases":{"focus":{"keyphrase":"Tokio","score":87,"analysis":{"keyphraseInTitle":{"title":"Frase clave objetivo en el t\u00edtulo SEO","description":"Frase clave objetivo encontrada en el t\u00edtulo SEO.","score":9,"maxScore":9,"error":0},"keyphraseInDescription":{"title":"Frase clave objetivo en la meta descripci\u00f3n","description":"Frase clave objetivo encontrada en la meta descripci\u00f3n.","score":9,"maxScore":9,"error":0},"keyphraseInURL":[],"keyphraseLength":{"title":"Longitud de la Frase clave objetivo","description":"\u00a1Buen trabajo!","score":9,"maxScore":9,"error":0,"length":1},"keyphraseInIntroduction":{"title":"Frase clave objetivo en la introducci\u00f3n","description":"Su Frase clave objetivo aparece en el primer p\u00e1rrafo. \u00a1Bien hecho!","score":9,"maxScore":9,"error":0},"keyphraseInSubHeadings":[],"keyphraseInImageAlt":{"title":"Frase clave objetivo en los atributos alt de la imagen.","description":"Frase clave objetivo no se encuentra en los atributos alt de la imagen. A\u00f1ada una imagen con su Frase clave objetivo como texto alternativo.","score":3,"maxScore":9,"error":1}}},"additional":[{"keyphrase":"Zverev ","score":100,"analysis":{"keyphraseInDescription":{"title":"Frase clave en la meta descripci\u00f3n","description":"Frase clave encontrada en la meta descripci\u00f3n.","score":9,"maxScore":9,"error":0},"keyphraseLength":{"title":"Longitud de la Frase clave","description":"\u00a1Buen trabajo!","score":9,"maxScore":9,"error":0,"length":1},"keyphraseInIntroduction":{"title":"Frase clave en la introducci\u00f3n","description":"Su Frase clave aparece en el primer p\u00e1rrafo. \u00a1Bien hecho!","score":9,"maxScore":9,"error":0},"keyphraseInImageAlt":{"title":"Frase clave en los atributos alt de la imagen.","description":"Frase clave encontrada en los atributos alt de la(s) imagen(es).","score":9,"maxScore":9,"error":0}}},{"keyphrase":"tenistas alemanes ","score":83,"analysis":{"keyphraseInDescription":{"title":"Frase clave en la meta descripci\u00f3n","description":"Frase clave encontrada en la meta descripci\u00f3n.","score":9,"maxScore":9,"error":0},"keyphraseLength":{"title":"Longitud de la Frase clave","description":"\u00a1Buen trabajo!","score":9,"maxScore":9,"error":0,"length":2},"keyphraseInIntroduction":{"title":"Frase clave en la introducci\u00f3n","description":"Su Frase clave aparece en el primer p\u00e1rrafo. \u00a1Bien hecho!","score":9,"maxScore":9,"error":0},"keyphraseInImageAlt":{"title":"Frase clave en los atributos alt de la imagen.","description":"Frase clave no se encuentra en los atributos alt de la imagen. A\u00f1ada una imagen con su Frase clave como texto alternativo.","score":3,"maxScore":9,"error":1}}},{"keyphrase":"torneo ol\u00edmpico de Tokio","score":83,"analysis":{"keyphraseInDescription":{"title":"Frase clave en la meta descripci\u00f3n","description":"Frase clave encontrada en la meta descripci\u00f3n.","score":9,"maxScore":9,"error":0},"keyphraseLength":{"title":"Longitud de la Frase clave","description":"\u00a1Buen trabajo!","score":9,"maxScore":9,"error":0,"length":4},"keyphraseInIntroduction":{"title":"Frase clave en la introducci\u00f3n","description":"Su Frase clave aparece en el primer p\u00e1rrafo. \u00a1Bien hecho!","score":9,"maxScore":9,"error":0},"keyphraseInImageAlt":{"title":"Frase clave en los atributos alt de la imagen.","description":"Frase clave no se encuentra en los atributos alt de la imagen. A\u00f1ada una imagen con su Frase clave como texto alternativo.","score":3,"maxScore":9,"error":1}}}]},"primary_term":null,"canonical_url":null,"og_title":null,"og_description":null,"og_object_type":"default","og_image_type":"default","og_image_url":null,"og_image_width":null,"og_image_height":null,"og_image_custom_url":null,"og_image_custom_fields":null,"og_video":"","og_custom_url":null,"og_article_section":null,"og_article_tags":[],"twitter_use_og":false,"twitter_card":"default","twitter_image_type":"default","twitter_image_url":null,"twitter_image_custom_url":null,"twitter_image_custom_fields":null,"twitter_title":null,"twitter_description":null,"schema":{"blockGraphs":[],"customGraphs":[],"default":{"data":{"Article":[],"Course":[],"Dataset":[],"FAQPage":[],"Movie":[],"Person":[],"Product":[],"ProductReview":[],"Car":[],"Recipe":[],"Service":[],"SoftwareApplication":[],"WebPage":[]},"graphName":"","isEnabled":true},"graphs":[],"defaultGraph":"Article","defaultPostTypeGraph":""},"schema_type":"default","schema_type_options":"{\"article\":{\"articleType\":\"BlogPosting\"},\"course\":{\"name\":\"\",\"description\":\"\",\"provider\":\"\"},\"faq\":{\"pages\":[]},\"product\":{\"reviews\":[]},\"recipe\":{\"ingredients\":[],\"instructions\":[],\"keywords\":[]},\"software\":{\"reviews\":[],\"operatingSystems\":[]},\"webPage\":{\"webPageType\":\"WebPage\"}}","pillar_content":false,"robots_default":true,"robots_noindex":false,"robots_noarchive":false,"robots_nosnippet":false,"robots_nofollow":false,"robots_noimageindex":false,"robots_noodp":false,"robots_notranslate":false,"robots_max_snippet":"-1","robots_max_videopreview":"-1","robots_max_imagepreview":"large","priority":null,"frequency":"default","location":null,"local_seo":{"locations":{"business":{"name":"","businessType":"","image":"","areaServed":"","urls":{"website":"","aboutPage":"","contactPage":""},"address":{"streetLine1":"","streetLine2":"","zipCode":"","city":"","state":"","country":"","addressFormat":"#streetLineOne\n#streetLineTwo\n#city, #state #zipCode"},"contact":{"email":"","phone":"","phoneFormatted":"","fax":"","faxFormatted":""},"ids":{"vat":"","tax":"","chamberOfCommerce":""},"payment":{"priceRange":"","currenciesAccepted":"","methods":""}}},"openingHours":{"useDefaults":true,"show":true,"alwaysOpen":false,"use24hFormat":false,"timezone":"","labels":{"closed":"","alwaysOpen":""},"days":{"monday":{"open24h":false,"closed":false,"openTime":"09:00","closeTime":"17:00"},"tuesday":{"open24h":false,"closed":false,"openTime":"09:00","closeTime":"17:00"},"wednesday":{"open24h":false,"closed":false,"openTime":"09:00","closeTime":"17:00"},"thursday":{"open24h":false,"closed":false,"openTime":"09:00","closeTime":"17:00"},"friday":{"open24h":false,"closed":false,"openTime":"09:00","closeTime":"17:00"},"saturday":{"open24h":false,"closed":false,"openTime":"09:00","closeTime":"17:00"},"sunday":{"open24h":false,"closed":false,"openTime":"09:00","closeTime":"17:00"}}}},"seo_analyzer_scan_date":"2025-09-01 00:14:34","breadcrumb_settings":null,"limit_modified_date":false,"reviewed_by":null,"open_ai":null,"ai":null,"created":"2021-07-26 14:55:34","updated":"2025-09-01 00:14:34"},"aioseo_breadcrumb":"<div class=\"aioseo-breadcrumbs\"><span class=\"aioseo-breadcrumb\">\n\t<a href=\"https:\/\/candas365.es\/noticias\" title=\"Home\">Home<\/a>\n<\/span><span class=\"aioseo-breadcrumb-separator\">&ndash;<\/span><span class=\"aioseo-breadcrumb\">\n\t<a href=\"https:\/\/candas365.es\/noticias\/category\/deporte\/\" title=\"Deporte\">Deporte<\/a>\n<\/span><span class=\"aioseo-breadcrumb-separator\">&ndash;<\/span><span class=\"aioseo-breadcrumb\">\n\tTokio: Zverev y Koepfer a octavos\n<\/span><\/div>","aioseo_breadcrumb_json":[{"label":"Home","link":"https:\/\/candas365.es\/noticias"},{"label":"Deporte","link":"https:\/\/candas365.es\/noticias\/category\/deporte\/"},{"label":"Tokio: Zverev y Koepfer a octavos","link":"https:\/\/candas365.es\/noticias\/tokio-zverev-y-koepfer-a-octavos\/"}],"_links":{"self":[{"href":"https:\/\/candas365.es\/noticias\/wp-json\/wp\/v2\/posts\/156976","targetHints":{"allow":["GET"]}}],"collection":[{"href":"https:\/\/candas365.es\/noticias\/wp-json\/wp\/v2\/posts"}],"about":[{"href":"https:\/\/candas365.es\/noticias\/wp-json\/wp\/v2\/types\/post"}],"author":[{"embeddable":true,"href":"https:\/\/candas365.es\/noticias\/wp-json\/wp\/v2\/users\/1"}],"replies":[{"embeddable":true,"href":"https:\/\/candas365.es\/noticias\/wp-json\/wp\/v2\/comments?post=156976"}],"version-history":[{"count":0,"href":"https:\/\/candas365.es\/noticias\/wp-json\/wp\/v2\/posts\/156976\/revisions"}],"wp:featuredmedia":[{"embeddable":true,"href":"https:\/\/candas365.es\/noticias\/wp-json\/wp\/v2\/media\/156977"}],"wp:attachment":[{"href":"https:\/\/candas365.es\/noticias\/wp-json\/wp\/v2\/media?parent=156976"}],"wp:term":[{"taxonomy":"category","embeddable":true,"href":"https:\/\/candas365.es\/noticias\/wp-json\/wp\/v2\/categories?post=156976"},{"taxonomy":"post_tag","embeddable":true,"href":"https:\/\/candas365.es\/noticias\/wp-json\/wp\/v2\/tags?post=156976"}],"curies":[{"name":"wp","href":"https:\/\/api.w.org\/{rel}","templated":true}]}}