{"id":156679,"date":"2021-07-03T10:39:53","date_gmt":"2021-07-03T10:39:53","guid":{"rendered":"http:\/\/candas365.es\/noticias\/?p=156679"},"modified":"2021-07-10T10:43:06","modified_gmt":"2021-07-10T10:43:06","slug":"vipasa-y-carreno-firman-un-convenio","status":"publish","type":"post","link":"https:\/\/candas365.es\/noticias\/vipasa-y-carreno-firman-un-convenio\/","title":{"rendered":"Vipasa y Carre\u00f1o firman un convenio"},"content":{"rendered":"<p><img fetchpriority=\"high\" decoding=\"async\" class=\"alignleft size-medium wp-image-156680\" src=\"https:\/\/candas365.es\/noticias\/wp-content\/uploads\/2021\/07\/Convenio-Vipasa-360x241.jpg\" alt=\"\" width=\"360\" height=\"241\" srcset=\"https:\/\/candas365.es\/noticias\/wp-content\/uploads\/2021\/07\/Convenio-Vipasa-360x241.jpg 360w, https:\/\/candas365.es\/noticias\/wp-content\/uploads\/2021\/07\/Convenio-Vipasa-650x435.jpg 650w, https:\/\/candas365.es\/noticias\/wp-content\/uploads\/2021\/07\/Convenio-Vipasa-768x514.jpg 768w, https:\/\/candas365.es\/noticias\/wp-content\/uploads\/2021\/07\/Convenio-Vipasa.jpg 795w\" sizes=\"(max-width: 360px) 100vw, 360px\" \/>La consejera de Derechos Sociales y Bienestar, Melania \u00c1lvarez, ha firmado recientemente, como presidenta de Vipasa, <strong>dos convenios de colaboraci\u00f3n pioneros con la alcaldesa de Carre\u00f1o, Amelia Fern\u00e1ndez, y el alcalde de Llanera, Gerardo Sanz<\/strong>, para mejorar la gesti\u00f3n de las viviendas p\u00fablicas de titularidad municipal. Se trata de un sistema de especializaci\u00f3n en el servicio que garantiza que las condiciones de los inquilinos sean similares en una vivienda p\u00fablica auton\u00f3mica y municipal. <strong>El convenio firmado hoy permitir\u00e1 aplicar este m\u00e9todo de gesti\u00f3n en 44 pisos en Carre\u00f1o y en otros 9 de Llanera<\/strong>.<\/p>\n<p>Las dos administraciones asumen varios compromisos dirigidos a nivelar y fortalecer la gesti\u00f3n de estas viviendas. Vipasa se encargar\u00e1 de las tareas de recaudaci\u00f3n de rentas; atenci\u00f3n de incidencias, reclamaciones y quejas; tareas de inspecci\u00f3n, mantenimiento y reparaci\u00f3n de los pisos ocupados, as\u00ed como de la reparaci\u00f3n de los vacantes, las labores administrativas y jur\u00eddicas y aquellos tr\u00e1mites relacionados con el acceso y mantenimiento en dichas viviendas (contratos de alquiler, cambios, subrogaciones).<\/p>\n<p>Adem\u00e1s, la empresa p\u00fablica impartir\u00e1 dos talleres anuales de formaci\u00f3n y sensibilizaci\u00f3n con los inquilinos para trabajar aspectos relacionados con derechos y obligaciones del contrato de arrendamiento, uso y mantenimiento de los pisos y ahorro y eficiencia energ\u00e9tica. Tambi\u00e9n se organizar\u00e1 un seminario de buenas pr\u00e1cticas con trabajadores sociales y t\u00e9cnicos de vivienda y de urbanismo municipales para mejorar su capacitaci\u00f3n en la materia.<\/p>\n<p>Vipasa se compromete tambi\u00e9n a comunicar a las entidades locales todas aquellas incidencias de gravedad que afecten a viviendas o edificios con el fin de articular soluciones a cada uno de los problemas que puedan surgir.<\/p>\n<p>Por su parte, las entidades locales se comprometen a colaborar en los talleres de formaci\u00f3n, participar en los seminarios de buenas pr\u00e1cticas, proponer adjudicatarios y proporcionar a Vipasa la informaci\u00f3n necesaria para poder llevar a cabo una correcta gesti\u00f3n.<\/p>\n<p>\u201cSe trata de una f\u00f3rmula que permitir\u00e1 equiparar la gesti\u00f3n de la vivienda p\u00fablica, ya sea de titularidad municipal o auton\u00f3mica, que ofrece mayor seguridad tanto a los inquilinos como a los ayuntamientos\u201d ha explicado el director general de Vivienda, Ferm\u00edn Bravo. \u201cPonemos al alcance de las entidades locales la experiencia que nos avala, ya que llevamos gestionando desde el a\u00f1o 1991 el parque p\u00fablico de viviendas en Asturias\u201d<\/p>\n<p>El responsable de Vivienda ha a\u00f1adido, que, gracias a estos convenios, \u201cse llevar\u00e1n a cabo de manera \u00f3ptima todas las actividades que tienen que ver con la gesti\u00f3n de vivienda p\u00fablica, desde los aspectos jur\u00eddicos hasta el mantenimiento y dispondremos de procedimientos claros y transparentes\u201d.<\/p>\n<p>&nbsp;<\/p>\n","protected":false},"excerpt":{"rendered":"<p>La consejera de Derechos Sociales y Bienestar, Melania \u00c1lvarez, ha firmado recientemente, como presidenta de Vipasa, dos convenios de colaboraci\u00f3n pioneros con la alcaldesa de Carre\u00f1o, Amelia Fern\u00e1ndez, y el alcalde de Llanera, Gerardo Sanz, para mejorar la gesti\u00f3n de las viviendas p\u00fablicas de titularidad municipal. Se trata de un sistema de especializaci\u00f3n en el<\/p>\n","protected":false},"author":1,"featured_media":156680,"comment_status":"closed","ping_status":"closed","sticky":false,"template":"","format":"standard","meta":{"footnotes":""},"categories":[2],"tags":[],"class_list":{"0":"post-156679","1":"post","2":"type-post","3":"status-publish","4":"format-standard","5":"has-post-thumbnail","7":"category-noticias-carreno"},"aioseo_notices":[],"aioseo_head":"\n\t\t<!-- All in One SEO Pro 4.9.6.2 - aioseo.com -->\n\t<meta name=\"description\" content=\"La consejera de Derechos Sociales y Bienestar, Melania \u00c1lvarez, ha firmado recientemente, como presidenta de Vipasa, dos convenios de colaboraci\u00f3n\" \/>\n\t<meta name=\"robots\" content=\"max-image-preview:large\" \/>\n\t<meta name=\"author\" content=\"Cand\u00e1s 365\"\/>\n\t<meta name=\"google-site-verification\" content=\"UA-32230408-1\" \/>\n\t<meta name=\"msvalidate.01\" content=\"354F3CDFB2DA171B47FBE9ABF1F88D5\" \/>\n\t<meta name=\"keywords\" content=\"noticias carre\u00f1o\" \/>\n\t<link rel=\"canonical\" href=\"https:\/\/candas365.es\/noticias\/vipasa-y-carreno-firman-un-convenio\/\" \/>\n\t<meta name=\"generator\" content=\"All in One SEO Pro (AIOSEO) 4.9.6.2\" \/>\n\t\t<meta property=\"og:locale\" content=\"es_ES\" \/>\n\t\t<meta property=\"og:site_name\" content=\"Cand\u00e1s 365\" \/>\n\t\t<meta property=\"og:type\" content=\"article\" \/>\n\t\t<meta property=\"og:title\" content=\"Vipasa y Carre\u00f1o firman un convenio | Cand\u00e1s 365\" \/>\n\t\t<meta property=\"og:description\" content=\"La consejera de Derechos Sociales y Bienestar, Melania \u00c1lvarez, ha firmado recientemente, como presidenta de Vipasa, dos convenios de colaboraci\u00f3n\" \/>\n\t\t<meta property=\"og:url\" content=\"https:\/\/candas365.es\/noticias\/vipasa-y-carreno-firman-un-convenio\/\" \/>\n\t\t<meta property=\"og:image\" content=\"https:\/\/candas365.es\/noticias\/wp-content\/uploads\/2021\/07\/Convenio-Vipasa.jpg\" \/>\n\t\t<meta property=\"og:image:secure_url\" content=\"https:\/\/candas365.es\/noticias\/wp-content\/uploads\/2021\/07\/Convenio-Vipasa.jpg\" \/>\n\t\t<meta property=\"og:image:width\" content=\"795\" \/>\n\t\t<meta property=\"og:image:height\" content=\"532\" \/>\n\t\t<meta property=\"article:published_time\" content=\"2021-07-03T10:39:53+00:00\" \/>\n\t\t<meta property=\"article:modified_time\" content=\"2021-07-10T10:43:06+00:00\" \/>\n\t\t<meta property=\"article:publisher\" content=\"https:\/\/www.facebook.com\/Nachofdezber\" \/>\n\t\t<meta property=\"article:author\" content=\"https:\/\/www.facebook.com\/carrenoactualidad\" \/>\n\t\t<meta name=\"twitter:card\" content=\"summary_large_image\" \/>\n\t\t<meta name=\"twitter:site\" content=\"@NabercoDigital\" \/>\n\t\t<meta name=\"twitter:title\" content=\"Vipasa y Carre\u00f1o firman un convenio | Cand\u00e1s 365\" \/>\n\t\t<meta name=\"twitter:description\" content=\"La consejera de Derechos Sociales y Bienestar, Melania \u00c1lvarez, ha firmado recientemente, como presidenta de Vipasa, dos convenios de colaboraci\u00f3n\" \/>\n\t\t<meta name=\"twitter:creator\" content=\"@nbasturias\" \/>\n\t\t<meta name=\"twitter:image\" content=\"https:\/\/candas365.es\/noticias\/wp-content\/uploads\/2021\/07\/Convenio-Vipasa.jpg\" \/>\n\t\t<meta name=\"twitter:label1\" content=\"Escrito por\" \/>\n\t\t<meta name=\"twitter:data1\" content=\"Cand\u00e1s 365\" \/>\n\t\t<meta name=\"twitter:label2\" content=\"Tiempo de lectura estimado\" \/>\n\t\t<meta name=\"twitter:data2\" content=\"2 minutos\" \/>\n\t\t<script type=\"application\/ld+json\" class=\"aioseo-schema\">\n\t\t\t{\"@context\":\"https:\\\/\\\/schema.org\",\"@graph\":[{\"@type\":\"BreadcrumbList\",\"@id\":\"https:\\\/\\\/candas365.es\\\/noticias\\\/vipasa-y-carreno-firman-un-convenio\\\/#breadcrumblist\",\"itemListElement\":[{\"@type\":\"ListItem\",\"@id\":\"https:\\\/\\\/candas365.es\\\/noticias#listItem\",\"position\":1,\"name\":\"Home\",\"item\":\"https:\\\/\\\/candas365.es\\\/noticias\",\"nextItem\":{\"@type\":\"ListItem\",\"@id\":\"https:\\\/\\\/candas365.es\\\/noticias\\\/category\\\/noticias-carreno\\\/#listItem\",\"name\":\"Noticias Carre\\u00f1o\"}},{\"@type\":\"ListItem\",\"@id\":\"https:\\\/\\\/candas365.es\\\/noticias\\\/category\\\/noticias-carreno\\\/#listItem\",\"position\":2,\"name\":\"Noticias Carre\\u00f1o\",\"item\":\"https:\\\/\\\/candas365.es\\\/noticias\\\/category\\\/noticias-carreno\\\/\",\"nextItem\":{\"@type\":\"ListItem\",\"@id\":\"https:\\\/\\\/candas365.es\\\/noticias\\\/vipasa-y-carreno-firman-un-convenio\\\/#listItem\",\"name\":\"Vipasa y Carre\\u00f1o firman un convenio\"},\"previousItem\":{\"@type\":\"ListItem\",\"@id\":\"https:\\\/\\\/candas365.es\\\/noticias#listItem\",\"name\":\"Home\"}},{\"@type\":\"ListItem\",\"@id\":\"https:\\\/\\\/candas365.es\\\/noticias\\\/vipasa-y-carreno-firman-un-convenio\\\/#listItem\",\"position\":3,\"name\":\"Vipasa y Carre\\u00f1o firman un convenio\",\"previousItem\":{\"@type\":\"ListItem\",\"@id\":\"https:\\\/\\\/candas365.es\\\/noticias\\\/category\\\/noticias-carreno\\\/#listItem\",\"name\":\"Noticias Carre\\u00f1o\"}}]},{\"@type\":\"NewsArticle\",\"@id\":\"https:\\\/\\\/candas365.es\\\/noticias\\\/vipasa-y-carreno-firman-un-convenio\\\/#newsarticle\",\"name\":\"Vipasa y Carre\\u00f1o firman un convenio | Cand\\u00e1s 365\",\"headline\":\"Vipasa y Carre\\u00f1o firman un convenio\",\"author\":{\"@id\":\"https:\\\/\\\/candas365.es\\\/noticias\\\/author\\\/admin\\\/#author\"},\"publisher\":{\"@id\":\"https:\\\/\\\/candas365.es\\\/noticias\\\/#organization\"},\"image\":{\"@type\":\"ImageObject\",\"url\":\"https:\\\/\\\/candas365.es\\\/noticias\\\/wp-content\\\/uploads\\\/2021\\\/07\\\/Convenio-Vipasa.jpg\",\"width\":795,\"height\":532},\"datePublished\":\"2021-07-03T10:39:53+02:00\",\"dateModified\":\"2021-07-10T10:43:06+02:00\",\"inLanguage\":\"es-ES\",\"mainEntityOfPage\":{\"@id\":\"https:\\\/\\\/candas365.es\\\/noticias\\\/vipasa-y-carreno-firman-un-convenio\\\/#webpage\"},\"isPartOf\":{\"@id\":\"https:\\\/\\\/candas365.es\\\/noticias\\\/vipasa-y-carreno-firman-un-convenio\\\/#webpage\"},\"articleSection\":\"Noticias Carre\\u00f1o\",\"dateline\":\"Publicado el julio 3, 2021.\"},{\"@type\":\"Organization\",\"@id\":\"https:\\\/\\\/candas365.es\\\/noticias\\\/#organization\",\"name\":\"Cand\\u00e1s 365\",\"description\":\"Cand\\u00e1s 365 es un diario digital independiente, fundado en 2012, con base en Asturias. Informamos con rigor sobre actualidad, sociedad, cultura y ocio, con una mirada local y global.\",\"url\":\"https:\\\/\\\/candas365.es\\\/noticias\\\/\",\"email\":\"info@candas365.es\",\"telephone\":\"+34652131393\",\"foundingDate\":\"2012-06-10\",\"logo\":{\"@type\":\"ImageObject\",\"url\":\"https:\\\/\\\/candas365.es\\\/noticias\\\/wp-content\\\/uploads\\\/2024\\\/09\\\/Candas-365-Redes.jpg\",\"@id\":\"https:\\\/\\\/candas365.es\\\/noticias\\\/vipasa-y-carreno-firman-un-convenio\\\/#organizationLogo\",\"width\":1152,\"height\":864,\"caption\":\"Cand\\u00e1s 365 Redes\"},\"image\":{\"@id\":\"https:\\\/\\\/candas365.es\\\/noticias\\\/vipasa-y-carreno-firman-un-convenio\\\/#organizationLogo\"},\"sameAs\":[\"https:\\\/\\\/www.facebook.com\\\/Nachofdezber\",\"https:\\\/\\\/x.com\\\/NabercoDigital\",\"https:\\\/\\\/www.instagram.com\\\/nachofdezber\\\/\",\"https:\\\/\\\/www.youtube.com\\\/channel\\\/UCZP-2wLEB9Rv6erhFmqVnvg\"],\"address\":{\"@id\":\"https:\\\/\\\/candas365.es\\\/noticias\\\/#postaladdress\",\"@type\":\"PostalAddress\",\"streetAddress\":\"san antonio 4, san antonio 4\",\"postalCode\":\"33430\",\"addressLocality\":\"Cand\\u00e1s\",\"addressRegion\":\"Asturias\",\"addressCountry\":\"ES\"}},{\"@type\":\"Person\",\"@id\":\"https:\\\/\\\/candas365.es\\\/noticias\\\/author\\\/admin\\\/#author\",\"url\":\"https:\\\/\\\/candas365.es\\\/noticias\\\/author\\\/admin\\\/\",\"name\":\"Cand\\u00e1s 365\",\"image\":{\"@type\":\"ImageObject\",\"@id\":\"https:\\\/\\\/candas365.es\\\/noticias\\\/vipasa-y-carreno-firman-un-convenio\\\/#authorImage\",\"url\":\"https:\\\/\\\/secure.gravatar.com\\\/avatar\\\/496a8e03d0c493ede1718b7934145dbdf8d89be1036b0eec9544e1094c9de390?s=96&d=mm&r=g\",\"width\":96,\"height\":96,\"caption\":\"Cand\\u00e1s 365\"},\"sameAs\":[\"https:\\\/\\\/www.facebook.com\\\/carrenoactualidad\",\"https:\\\/\\\/twitter.com\\\/nbasturias\",\"https:\\\/\\\/www.instagram.com\\\/nachofdezber\\\/\",\"https:\\\/\\\/www.youtube.com\\\/channel\\\/UCZP-2wLEB9Rv6erhFmqVnvg\"]},{\"@type\":\"WebPage\",\"@id\":\"https:\\\/\\\/candas365.es\\\/noticias\\\/vipasa-y-carreno-firman-un-convenio\\\/#webpage\",\"url\":\"https:\\\/\\\/candas365.es\\\/noticias\\\/vipasa-y-carreno-firman-un-convenio\\\/\",\"name\":\"Vipasa y Carre\\u00f1o firman un convenio | Cand\\u00e1s 365\",\"description\":\"La consejera de Derechos Sociales y Bienestar, Melania \\u00c1lvarez, ha firmado recientemente, como presidenta de Vipasa, dos convenios de colaboraci\\u00f3n\",\"inLanguage\":\"es-ES\",\"isPartOf\":{\"@id\":\"https:\\\/\\\/candas365.es\\\/noticias\\\/#website\"},\"breadcrumb\":{\"@id\":\"https:\\\/\\\/candas365.es\\\/noticias\\\/vipasa-y-carreno-firman-un-convenio\\\/#breadcrumblist\"},\"author\":{\"@id\":\"https:\\\/\\\/candas365.es\\\/noticias\\\/author\\\/admin\\\/#author\"},\"creator\":{\"@id\":\"https:\\\/\\\/candas365.es\\\/noticias\\\/author\\\/admin\\\/#author\"},\"image\":{\"@type\":\"ImageObject\",\"url\":\"https:\\\/\\\/candas365.es\\\/noticias\\\/wp-content\\\/uploads\\\/2021\\\/07\\\/Convenio-Vipasa.jpg\",\"@id\":\"https:\\\/\\\/candas365.es\\\/noticias\\\/vipasa-y-carreno-firman-un-convenio\\\/#mainImage\",\"width\":795,\"height\":532},\"primaryImageOfPage\":{\"@id\":\"https:\\\/\\\/candas365.es\\\/noticias\\\/vipasa-y-carreno-firman-un-convenio\\\/#mainImage\"},\"datePublished\":\"2021-07-03T10:39:53+02:00\",\"dateModified\":\"2021-07-10T10:43:06+02:00\"},{\"@type\":\"WebSite\",\"@id\":\"https:\\\/\\\/candas365.es\\\/noticias\\\/#website\",\"url\":\"https:\\\/\\\/candas365.es\\\/noticias\\\/\",\"name\":\"Cand\\u00e1s 365\",\"alternateName\":\"Cand\\u00e1s 365 Noticias\",\"description\":\"Actualidad desde Carre\\u00f1o para el mundo\",\"inLanguage\":\"es-ES\",\"publisher\":{\"@id\":\"https:\\\/\\\/candas365.es\\\/noticias\\\/#organization\"}}]}\n\t\t<\/script>\n\t\t<!-- All in One SEO Pro -->\r\n\t\t<title>Vipasa y Carre\u00f1o firman un convenio | Cand\u00e1s 365<\/title>\n\n","aioseo_head_json":{"title":"Vipasa y Carre\u00f1o firman un convenio | Cand\u00e1s 365","description":"La consejera de Derechos Sociales y Bienestar, Melania \u00c1lvarez, ha firmado recientemente, como presidenta de Vipasa, dos convenios de colaboraci\u00f3n","canonical_url":"https:\/\/candas365.es\/noticias\/vipasa-y-carreno-firman-un-convenio\/","robots":"max-image-preview:large","keywords":"noticias carre\u00f1o","webmasterTools":{"google-site-verification":"UA-32230408-1","msvalidate.01":"354F3CDFB2DA171B47FBE9ABF1F88D5","miscellaneous":""},"schema":{"@context":"https:\/\/schema.org","@graph":[{"@type":"BreadcrumbList","@id":"https:\/\/candas365.es\/noticias\/vipasa-y-carreno-firman-un-convenio\/#breadcrumblist","itemListElement":[{"@type":"ListItem","@id":"https:\/\/candas365.es\/noticias#listItem","position":1,"name":"Home","item":"https:\/\/candas365.es\/noticias","nextItem":{"@type":"ListItem","@id":"https:\/\/candas365.es\/noticias\/category\/noticias-carreno\/#listItem","name":"Noticias Carre\u00f1o"}},{"@type":"ListItem","@id":"https:\/\/candas365.es\/noticias\/category\/noticias-carreno\/#listItem","position":2,"name":"Noticias Carre\u00f1o","item":"https:\/\/candas365.es\/noticias\/category\/noticias-carreno\/","nextItem":{"@type":"ListItem","@id":"https:\/\/candas365.es\/noticias\/vipasa-y-carreno-firman-un-convenio\/#listItem","name":"Vipasa y Carre\u00f1o firman un convenio"},"previousItem":{"@type":"ListItem","@id":"https:\/\/candas365.es\/noticias#listItem","name":"Home"}},{"@type":"ListItem","@id":"https:\/\/candas365.es\/noticias\/vipasa-y-carreno-firman-un-convenio\/#listItem","position":3,"name":"Vipasa y Carre\u00f1o firman un convenio","previousItem":{"@type":"ListItem","@id":"https:\/\/candas365.es\/noticias\/category\/noticias-carreno\/#listItem","name":"Noticias Carre\u00f1o"}}]},{"@type":"NewsArticle","@id":"https:\/\/candas365.es\/noticias\/vipasa-y-carreno-firman-un-convenio\/#newsarticle","name":"Vipasa y Carre\u00f1o firman un convenio | Cand\u00e1s 365","headline":"Vipasa y Carre\u00f1o firman un convenio","author":{"@id":"https:\/\/candas365.es\/noticias\/author\/admin\/#author"},"publisher":{"@id":"https:\/\/candas365.es\/noticias\/#organization"},"image":{"@type":"ImageObject","url":"https:\/\/candas365.es\/noticias\/wp-content\/uploads\/2021\/07\/Convenio-Vipasa.jpg","width":795,"height":532},"datePublished":"2021-07-03T10:39:53+02:00","dateModified":"2021-07-10T10:43:06+02:00","inLanguage":"es-ES","mainEntityOfPage":{"@id":"https:\/\/candas365.es\/noticias\/vipasa-y-carreno-firman-un-convenio\/#webpage"},"isPartOf":{"@id":"https:\/\/candas365.es\/noticias\/vipasa-y-carreno-firman-un-convenio\/#webpage"},"articleSection":"Noticias Carre\u00f1o","dateline":"Publicado el julio 3, 2021."},{"@type":"Organization","@id":"https:\/\/candas365.es\/noticias\/#organization","name":"Cand\u00e1s 365","description":"Cand\u00e1s 365 es un diario digital independiente, fundado en 2012, con base en Asturias. Informamos con rigor sobre actualidad, sociedad, cultura y ocio, con una mirada local y global.","url":"https:\/\/candas365.es\/noticias\/","email":"info@candas365.es","telephone":"+34652131393","foundingDate":"2012-06-10","logo":{"@type":"ImageObject","url":"https:\/\/candas365.es\/noticias\/wp-content\/uploads\/2024\/09\/Candas-365-Redes.jpg","@id":"https:\/\/candas365.es\/noticias\/vipasa-y-carreno-firman-un-convenio\/#organizationLogo","width":1152,"height":864,"caption":"Cand\u00e1s 365 Redes"},"image":{"@id":"https:\/\/candas365.es\/noticias\/vipasa-y-carreno-firman-un-convenio\/#organizationLogo"},"sameAs":["https:\/\/www.facebook.com\/Nachofdezber","https:\/\/x.com\/NabercoDigital","https:\/\/www.instagram.com\/nachofdezber\/","https:\/\/www.youtube.com\/channel\/UCZP-2wLEB9Rv6erhFmqVnvg"],"address":{"@id":"https:\/\/candas365.es\/noticias\/#postaladdress","@type":"PostalAddress","streetAddress":"san antonio 4, san antonio 4","postalCode":"33430","addressLocality":"Cand\u00e1s","addressRegion":"Asturias","addressCountry":"ES"}},{"@type":"Person","@id":"https:\/\/candas365.es\/noticias\/author\/admin\/#author","url":"https:\/\/candas365.es\/noticias\/author\/admin\/","name":"Cand\u00e1s 365","image":{"@type":"ImageObject","@id":"https:\/\/candas365.es\/noticias\/vipasa-y-carreno-firman-un-convenio\/#authorImage","url":"https:\/\/secure.gravatar.com\/avatar\/496a8e03d0c493ede1718b7934145dbdf8d89be1036b0eec9544e1094c9de390?s=96&d=mm&r=g","width":96,"height":96,"caption":"Cand\u00e1s 365"},"sameAs":["https:\/\/www.facebook.com\/carrenoactualidad","https:\/\/twitter.com\/nbasturias","https:\/\/www.instagram.com\/nachofdezber\/","https:\/\/www.youtube.com\/channel\/UCZP-2wLEB9Rv6erhFmqVnvg"]},{"@type":"WebPage","@id":"https:\/\/candas365.es\/noticias\/vipasa-y-carreno-firman-un-convenio\/#webpage","url":"https:\/\/candas365.es\/noticias\/vipasa-y-carreno-firman-un-convenio\/","name":"Vipasa y Carre\u00f1o firman un convenio | Cand\u00e1s 365","description":"La consejera de Derechos Sociales y Bienestar, Melania \u00c1lvarez, ha firmado recientemente, como presidenta de Vipasa, dos convenios de colaboraci\u00f3n","inLanguage":"es-ES","isPartOf":{"@id":"https:\/\/candas365.es\/noticias\/#website"},"breadcrumb":{"@id":"https:\/\/candas365.es\/noticias\/vipasa-y-carreno-firman-un-convenio\/#breadcrumblist"},"author":{"@id":"https:\/\/candas365.es\/noticias\/author\/admin\/#author"},"creator":{"@id":"https:\/\/candas365.es\/noticias\/author\/admin\/#author"},"image":{"@type":"ImageObject","url":"https:\/\/candas365.es\/noticias\/wp-content\/uploads\/2021\/07\/Convenio-Vipasa.jpg","@id":"https:\/\/candas365.es\/noticias\/vipasa-y-carreno-firman-un-convenio\/#mainImage","width":795,"height":532},"primaryImageOfPage":{"@id":"https:\/\/candas365.es\/noticias\/vipasa-y-carreno-firman-un-convenio\/#mainImage"},"datePublished":"2021-07-03T10:39:53+02:00","dateModified":"2021-07-10T10:43:06+02:00"},{"@type":"WebSite","@id":"https:\/\/candas365.es\/noticias\/#website","url":"https:\/\/candas365.es\/noticias\/","name":"Cand\u00e1s 365","alternateName":"Cand\u00e1s 365 Noticias","description":"Actualidad desde Carre\u00f1o para el mundo","inLanguage":"es-ES","publisher":{"@id":"https:\/\/candas365.es\/noticias\/#organization"}}]},"og:locale":"es_ES","og:site_name":"Cand\u00e1s 365","og:type":"article","og:title":"Vipasa y Carre\u00f1o firman un convenio | Cand\u00e1s 365","og:description":"La consejera de Derechos Sociales y Bienestar, Melania \u00c1lvarez, ha firmado recientemente, como presidenta de Vipasa, dos convenios de colaboraci\u00f3n","og:url":"https:\/\/candas365.es\/noticias\/vipasa-y-carreno-firman-un-convenio\/","og:image":"https:\/\/candas365.es\/noticias\/wp-content\/uploads\/2021\/07\/Convenio-Vipasa.jpg","og:image:secure_url":"https:\/\/candas365.es\/noticias\/wp-content\/uploads\/2021\/07\/Convenio-Vipasa.jpg","og:image:width":795,"og:image:height":532,"article:published_time":"2021-07-03T10:39:53+00:00","article:modified_time":"2021-07-10T10:43:06+00:00","article:publisher":"https:\/\/www.facebook.com\/Nachofdezber","article:author":"https:\/\/www.facebook.com\/carrenoactualidad","twitter:card":"summary_large_image","twitter:site":"@NabercoDigital","twitter:title":"Vipasa y Carre\u00f1o firman un convenio | Cand\u00e1s 365","twitter:description":"La consejera de Derechos Sociales y Bienestar, Melania \u00c1lvarez, ha firmado recientemente, como presidenta de Vipasa, dos convenios de colaboraci\u00f3n","twitter:creator":"@nbasturias","twitter:image":"https:\/\/candas365.es\/noticias\/wp-content\/uploads\/2021\/07\/Convenio-Vipasa.jpg","twitter:label1":"Escrito por","twitter:data1":"Cand\u00e1s 365","twitter:label2":"Tiempo de lectura estimado","twitter:data2":"2 minutos"},"aioseo_meta_data":{"post_id":"156679","title":null,"description":"La consejera de Derechos Sociales y Bienestar, Melania \u00c1lvarez, ha firmado recientemente, como presidenta de Vipasa, dos convenios de colaboraci\u00f3n","keywords":[],"keyphrases":{"focus":[],"additional":[]},"primary_term":null,"canonical_url":null,"og_title":null,"og_description":null,"og_object_type":"default","og_image_type":"default","og_image_url":null,"og_image_width":null,"og_image_height":null,"og_image_custom_url":null,"og_image_custom_fields":null,"og_video":"","og_custom_url":null,"og_article_section":null,"og_article_tags":[],"twitter_use_og":false,"twitter_card":"default","twitter_image_type":"default","twitter_image_url":null,"twitter_image_custom_url":null,"twitter_image_custom_fields":null,"twitter_title":null,"twitter_description":null,"schema":{"blockGraphs":[],"customGraphs":[],"default":{"data":{"Article":[],"Course":[],"Dataset":[],"FAQPage":[],"Movie":[],"Person":[],"Product":[],"ProductReview":[],"Car":[],"Recipe":[],"Service":[],"SoftwareApplication":[],"WebPage":[]},"graphName":"","isEnabled":true},"graphs":[],"defaultGraph":"Article","defaultPostTypeGraph":""},"schema_type":"default","schema_type_options":"{\"article\":{\"articleType\":\"BlogPosting\"},\"course\":{\"name\":\"\",\"description\":\"\",\"provider\":\"\"},\"faq\":{\"pages\":[]},\"product\":{\"reviews\":[]},\"recipe\":{\"ingredients\":[],\"instructions\":[],\"keywords\":[]},\"software\":{\"reviews\":[],\"operatingSystems\":[]},\"webPage\":{\"webPageType\":\"WebPage\"}}","pillar_content":false,"robots_default":true,"robots_noindex":false,"robots_noarchive":false,"robots_nosnippet":false,"robots_nofollow":false,"robots_noimageindex":false,"robots_noodp":false,"robots_notranslate":false,"robots_max_snippet":"-1","robots_max_videopreview":"-1","robots_max_imagepreview":"large","priority":null,"frequency":"default","location":null,"local_seo":{"locations":{"business":{"name":"","businessType":"","image":"","areaServed":"","urls":{"website":"","aboutPage":"","contactPage":""},"address":{"streetLine1":"","streetLine2":"","zipCode":"","city":"","state":"","country":"","addressFormat":"#streetLineOne\n#streetLineTwo\n#city, #state #zipCode"},"contact":{"email":"","phone":"","phoneFormatted":"","fax":"","faxFormatted":""},"ids":{"vat":"","tax":"","chamberOfCommerce":""},"payment":{"priceRange":"","currenciesAccepted":"","methods":""}}},"openingHours":{"useDefaults":true,"show":true,"alwaysOpen":false,"use24hFormat":false,"timezone":"","labels":{"closed":"","alwaysOpen":""},"days":{"monday":{"open24h":false,"closed":false,"openTime":"09:00","closeTime":"17:00"},"tuesday":{"open24h":false,"closed":false,"openTime":"09:00","closeTime":"17:00"},"wednesday":{"open24h":false,"closed":false,"openTime":"09:00","closeTime":"17:00"},"thursday":{"open24h":false,"closed":false,"openTime":"09:00","closeTime":"17:00"},"friday":{"open24h":false,"closed":false,"openTime":"09:00","closeTime":"17:00"},"saturday":{"open24h":false,"closed":false,"openTime":"09:00","closeTime":"17:00"},"sunday":{"open24h":false,"closed":false,"openTime":"09:00","closeTime":"17:00"}}}},"seo_analyzer_scan_date":"2025-09-01 00:00:17","breadcrumb_settings":null,"limit_modified_date":false,"reviewed_by":null,"open_ai":null,"ai":null,"created":"2021-07-10 10:39:53","updated":"2025-09-01 00:00:17"},"aioseo_breadcrumb":"<div class=\"aioseo-breadcrumbs\"><span class=\"aioseo-breadcrumb\">\n\t<a href=\"https:\/\/candas365.es\/noticias\" title=\"Home\">Home<\/a>\n<\/span><span class=\"aioseo-breadcrumb-separator\">&ndash;<\/span><span class=\"aioseo-breadcrumb\">\n\t<a href=\"https:\/\/candas365.es\/noticias\/category\/noticias-carreno\/\" title=\"Noticias Carre\u00f1o\">Noticias Carre\u00f1o<\/a>\n<\/span><span class=\"aioseo-breadcrumb-separator\">&ndash;<\/span><span class=\"aioseo-breadcrumb\">\n\tVipasa y Carre\u00f1o firman un convenio\n<\/span><\/div>","aioseo_breadcrumb_json":[{"label":"Home","link":"https:\/\/candas365.es\/noticias"},{"label":"Noticias Carre\u00f1o","link":"https:\/\/candas365.es\/noticias\/category\/noticias-carreno\/"},{"label":"Vipasa y Carre\u00f1o firman un convenio","link":"https:\/\/candas365.es\/noticias\/vipasa-y-carreno-firman-un-convenio\/"}],"_links":{"self":[{"href":"https:\/\/candas365.es\/noticias\/wp-json\/wp\/v2\/posts\/156679","targetHints":{"allow":["GET"]}}],"collection":[{"href":"https:\/\/candas365.es\/noticias\/wp-json\/wp\/v2\/posts"}],"about":[{"href":"https:\/\/candas365.es\/noticias\/wp-json\/wp\/v2\/types\/post"}],"author":[{"embeddable":true,"href":"https:\/\/candas365.es\/noticias\/wp-json\/wp\/v2\/users\/1"}],"replies":[{"embeddable":true,"href":"https:\/\/candas365.es\/noticias\/wp-json\/wp\/v2\/comments?post=156679"}],"version-history":[{"count":0,"href":"https:\/\/candas365.es\/noticias\/wp-json\/wp\/v2\/posts\/156679\/revisions"}],"wp:featuredmedia":[{"embeddable":true,"href":"https:\/\/candas365.es\/noticias\/wp-json\/wp\/v2\/media\/156680"}],"wp:attachment":[{"href":"https:\/\/candas365.es\/noticias\/wp-json\/wp\/v2\/media?parent=156679"}],"wp:term":[{"taxonomy":"category","embeddable":true,"href":"https:\/\/candas365.es\/noticias\/wp-json\/wp\/v2\/categories?post=156679"},{"taxonomy":"post_tag","embeddable":true,"href":"https:\/\/candas365.es\/noticias\/wp-json\/wp\/v2\/tags?post=156679"}],"curies":[{"name":"wp","href":"https:\/\/api.w.org\/{rel}","templated":true}]}}