{"id":156677,"date":"2021-07-01T10:36:49","date_gmt":"2021-07-01T10:36:49","guid":{"rendered":"http:\/\/candas365.es\/noticias\/?p=156677"},"modified":"2021-07-10T10:38:45","modified_gmt":"2021-07-10T10:38:45","slug":"carreno-apoya-el-proyecto-editorial-solidario-instant-es","status":"publish","type":"post","link":"https:\/\/candas365.es\/noticias\/carreno-apoya-el-proyecto-editorial-solidario-instant-es\/","title":{"rendered":"Carre\u00f1o apoya el proyecto editorial solidario \u00abInstant.es\u00bb"},"content":{"rendered":"<p><img fetchpriority=\"high\" decoding=\"async\" class=\"alignleft size-medium wp-image-6453\" src=\"https:\/\/candas365.es\/noticias\/wp-content\/uploads\/2015\/01\/ayuntamiento-360x270.jpg\" alt=\"\" width=\"360\" height=\"270\" srcset=\"https:\/\/candas365.es\/noticias\/wp-content\/uploads\/2015\/01\/ayuntamiento-360x270.jpg 360w, https:\/\/candas365.es\/noticias\/wp-content\/uploads\/2015\/01\/ayuntamiento-640x480.jpg 640w, https:\/\/candas365.es\/noticias\/wp-content\/uploads\/2015\/01\/ayuntamiento-768x576.jpg 768w, https:\/\/candas365.es\/noticias\/wp-content\/uploads\/2015\/01\/ayuntamiento-150x113.jpg 150w, https:\/\/candas365.es\/noticias\/wp-content\/uploads\/2015\/01\/ayuntamiento-450x338.jpg 450w, https:\/\/candas365.es\/noticias\/wp-content\/uploads\/2015\/01\/ayuntamiento-80x60.jpg 80w, https:\/\/candas365.es\/noticias\/wp-content\/uploads\/2015\/01\/ayuntamiento-265x198.jpg 265w, https:\/\/candas365.es\/noticias\/wp-content\/uploads\/2015\/01\/ayuntamiento-696x522.jpg 696w, https:\/\/candas365.es\/noticias\/wp-content\/uploads\/2015\/01\/ayuntamiento-560x420.jpg 560w, https:\/\/candas365.es\/noticias\/wp-content\/uploads\/2015\/01\/ayuntamiento-90x67.jpg 90w, https:\/\/candas365.es\/noticias\/wp-content\/uploads\/2015\/01\/ayuntamiento.jpg 800w\" sizes=\"(max-width: 360px) 100vw, 360px\" \/>La Asociaci\u00f3n de Escritores y Escritoras de Asturias (AEA), con sede en Cand\u00e1s, present\u00f3 al consistorio el proyecto de edici\u00f3n del libro-disco solidario \u00abInstant.es\u00bb. Los beneficios de su venta la Asociaci\u00f3n regional los donar\u00e1 al Banco de Alimentos de Asturias.<\/p>\n<p>El proyecto editorial solidario incluye 45 textos en verso y en prosa y 21 cantautores asturianos. Entre ellos Antonio Gamoneda, Olvido Garc\u00eda Vald\u00e9s, Pedro de Silva o Aurelio Gonz\u00e1lez Ovies, todos ellos Premio de las Letras de Asturias, entre otros autores hasta un total de 45. Para el disco cuentan con canciones, entre otros, de V\u00edctor Manuel, Anabel Santiago, Rodrigo Cuevas, Pipo Prendes, Joaqu\u00edn Pix\u00e1n, Ernesto Paredano, Tina Guti\u00e9rrez, Rosa Mar\u00eda Lobo, Chus Pedro, etc.<\/p>\n<p>El libro lo edit\u00f3 Setentayocho E. Ser\u00e1 el n\u00ba 3 de la colecci\u00f3n Satiria. El CD lo produjo Movusic.Se editaron en principio un total de 500 ejemplares.<\/p>\n<p>El Ayuntamiento de Carre\u00f1o pone a disposici\u00f3n del vecindario de Carre\u00f1o, en la biblioteca municipal ubicada en Cand\u00e1s ejemplares de consulta sobre esta publicaci\u00f3n solidaria con la que colabora.<\/p>\n<p>Las personas interesadas en adquirir dicho libro cuyas ventas ir\u00e1n destinadas al Banco de Alimentos de Asturias pueden recabar m\u00e1s informaci\u00f3n aqu\u00ed <a href=\"https:\/\/www.verkami.com\/projects\/29662-instantes\" target=\"_blank\" rel=\"nofollow noopener\"><span style=\"color: #ff0000;\"><strong>https:\/\/www.verkami.com\/projects\/29662-instantes<\/strong><\/span><\/a><\/p>\n<p>\u201c Se hizo un llamamiento y cada cual, hizo un poco lo que quiso bajo el hilo conductor de la tem\u00e1tica instante. El resultado es un producto cohesionado, pero libre, guiado por peque\u00f1os poemas de un autor que se esconde en el anonimato. En el libro-disco se mezclan el castellano y el asturiano, el verso y la prosa al tiempo que se conjugan el arte y la solidaridad\u201d se\u00f1al\u00f3 Esther Garc\u00eda L\u00f3pez , escritora y presidenta de la Asociaci\u00f3n de Escritores y escritoras de Asturias,<\/p>\n<p>\u201c En este libro podr\u00e9is vivir o revivir instantes distintos y singulares. La vida es una l\u00ednea formada por sucesi\u00f3n de instantes ef\u00edmeros que perdemos en un tris. Instantes fugaces que, por veces, no los percibimos. En un instante nos cambi\u00f3 la vida. Fue en este instante en el que el virus COVID se col\u00f3 en el ambiente y f\u00edzose due\u00f1o de n\u00f3s. Nun instante perdimos la llibert\u00e1\u201d &#8211; detall\u00f3 Garc\u00eda L\u00f3pez.<\/p>\n<p>\u201c Felicitar y agradecer a la Asociaci\u00f3n por este magn\u00edfico y solidario trabajo. El t\u00edtulo, Instant.es, es un acierto muy relacionado con lo virtual, con la forma de comunicarnos en estos tiempos de aislamiento que nos sobrevinieron por la covid-19. Gracias a los autores, autoras, cantautores e int\u00e9rpretes de las canciones que, con la magia de la m\u00fasica, completan esta obra in\u00e9dita con textos e instantes de voz irrepetibles\u201d &#8211; se\u00f1al\u00f3 la Alcaldesa.<\/p>\n<h2>Solo un instante.<\/h2>\n<p>Reconozco ese instante donde no estuve nunca. Dime, ven esta noche a mi sue\u00f1o un instante. P\u00f3sate en estos ojos que te miran, un instante. Como flecha sin arco, un mensaje muy breve. Un instante. Unos rayos de luna tras la ventana. Me muero de belleza. Un instante, suma de instantes. Aguardo en ese instante el aroma amizclado de tus ojos. Ese instante eterno, sin trampa, que aspira y suspira ante su burladura belleza. Sentir, sentir un instante la m\u00fasica de tus ojos, el calor de una estrella, un solo gesto, una mirada fugaz, un instante decisivo. Susurro el silencio. Quiz\u00e1s sea posible esta noche sin luna. De momento, solo un instante. Aguardo ese instante, te espero. La historia completa est\u00e1 escrita en ese instante.<\/p>\n<p>(Esgay\u00e1u de los versos de los autores. Ente los antiguo, esti tipu de composiciones nom\u00e1base cent\u00f3n)<\/p>\n","protected":false},"excerpt":{"rendered":"<p>La Asociaci\u00f3n de Escritores y Escritoras de Asturias (AEA), con sede en Cand\u00e1s, present\u00f3 al consistorio el proyecto de edici\u00f3n del libro-disco solidario \u00abInstant.es\u00bb. Los beneficios de su venta la Asociaci\u00f3n regional los donar\u00e1 al Banco de Alimentos de Asturias. El proyecto editorial solidario incluye 45 textos en verso y en prosa y 21 cantautores<\/p>\n","protected":false},"author":1,"featured_media":6453,"comment_status":"closed","ping_status":"closed","sticky":false,"template":"","format":"standard","meta":{"footnotes":""},"categories":[2],"tags":[],"class_list":{"0":"post-156677","1":"post","2":"type-post","3":"status-publish","4":"format-standard","5":"has-post-thumbnail","7":"category-noticias-carreno"},"aioseo_notices":[],"aioseo_head":"\n\t\t<!-- All in One SEO Pro 4.9.6.2 - aioseo.com -->\n\t<meta name=\"description\" content=\"La Asociaci\u00f3n de Escritores y Escritoras de Asturias (AEA), con sede en Cand\u00e1s, present\u00f3 al consistorio el proyecto de edici\u00f3n del libro-disco solidario &quot;Instant.es&quot;. Los beneficios de su venta la Asociaci\u00f3n regional los donar\u00e1 al Banco de Alimentos de Asturias. El proyecto editorial solidario incluye 45 textos en verso y en prosa y 21 cantautores\" \/>\n\t<meta name=\"robots\" content=\"max-image-preview:large\" \/>\n\t<meta name=\"author\" content=\"Cand\u00e1s 365\"\/>\n\t<meta name=\"google-site-verification\" content=\"UA-32230408-1\" \/>\n\t<meta name=\"msvalidate.01\" content=\"354F3CDFB2DA171B47FBE9ABF1F88D5\" \/>\n\t<meta name=\"keywords\" content=\"noticias carre\u00f1o\" \/>\n\t<link rel=\"canonical\" href=\"https:\/\/candas365.es\/noticias\/carreno-apoya-el-proyecto-editorial-solidario-instant-es\/\" \/>\n\t<meta name=\"generator\" content=\"All in One SEO Pro (AIOSEO) 4.9.6.2\" \/>\n\t\t<meta property=\"og:locale\" content=\"es_ES\" \/>\n\t\t<meta property=\"og:site_name\" content=\"Cand\u00e1s 365\" \/>\n\t\t<meta property=\"og:type\" content=\"article\" \/>\n\t\t<meta property=\"og:title\" content=\"Carre\u00f1o apoya el proyecto editorial solidario \u00abInstant.es\u00bb | Cand\u00e1s 365\" \/>\n\t\t<meta property=\"og:description\" content=\"La Asociaci\u00f3n de Escritores y Escritoras de Asturias (AEA), con sede en Cand\u00e1s, present\u00f3 al consistorio el proyecto de edici\u00f3n del libro-disco solidario &quot;Instant.es&quot;. Los beneficios de su venta la Asociaci\u00f3n regional los donar\u00e1 al Banco de Alimentos de Asturias. El proyecto editorial solidario incluye 45 textos en verso y en prosa y 21 cantautores\" \/>\n\t\t<meta property=\"og:url\" content=\"https:\/\/candas365.es\/noticias\/carreno-apoya-el-proyecto-editorial-solidario-instant-es\/\" \/>\n\t\t<meta property=\"og:image\" content=\"https:\/\/candas365.es\/noticias\/wp-content\/uploads\/2015\/01\/ayuntamiento.jpg\" \/>\n\t\t<meta property=\"og:image:secure_url\" content=\"https:\/\/candas365.es\/noticias\/wp-content\/uploads\/2015\/01\/ayuntamiento.jpg\" \/>\n\t\t<meta property=\"og:image:width\" content=\"800\" \/>\n\t\t<meta property=\"og:image:height\" content=\"600\" \/>\n\t\t<meta property=\"article:published_time\" content=\"2021-07-01T10:36:49+00:00\" \/>\n\t\t<meta property=\"article:modified_time\" content=\"2021-07-10T10:38:45+00:00\" \/>\n\t\t<meta property=\"article:publisher\" content=\"https:\/\/www.facebook.com\/Nachofdezber\" \/>\n\t\t<meta property=\"article:author\" content=\"https:\/\/www.facebook.com\/carrenoactualidad\" \/>\n\t\t<meta name=\"twitter:card\" content=\"summary_large_image\" \/>\n\t\t<meta name=\"twitter:site\" content=\"@NabercoDigital\" \/>\n\t\t<meta name=\"twitter:title\" content=\"Carre\u00f1o apoya el proyecto editorial solidario \u00abInstant.es\u00bb | Cand\u00e1s 365\" \/>\n\t\t<meta name=\"twitter:description\" content=\"La Asociaci\u00f3n de Escritores y Escritoras de Asturias (AEA), con sede en Cand\u00e1s, present\u00f3 al consistorio el proyecto de edici\u00f3n del libro-disco solidario &quot;Instant.es&quot;. Los beneficios de su venta la Asociaci\u00f3n regional los donar\u00e1 al Banco de Alimentos de Asturias. El proyecto editorial solidario incluye 45 textos en verso y en prosa y 21 cantautores\" \/>\n\t\t<meta name=\"twitter:creator\" content=\"@nbasturias\" \/>\n\t\t<meta name=\"twitter:image\" content=\"https:\/\/candas365.es\/noticias\/wp-content\/uploads\/2015\/01\/ayuntamiento.jpg\" \/>\n\t\t<meta name=\"twitter:label1\" content=\"Escrito por\" \/>\n\t\t<meta name=\"twitter:data1\" content=\"Cand\u00e1s 365\" \/>\n\t\t<meta name=\"twitter:label2\" content=\"Tiempo de lectura estimado\" \/>\n\t\t<meta name=\"twitter:data2\" content=\"3 minutos\" \/>\n\t\t<script type=\"application\/ld+json\" class=\"aioseo-schema\">\n\t\t\t{\"@context\":\"https:\\\/\\\/schema.org\",\"@graph\":[{\"@type\":\"BreadcrumbList\",\"@id\":\"https:\\\/\\\/candas365.es\\\/noticias\\\/carreno-apoya-el-proyecto-editorial-solidario-instant-es\\\/#breadcrumblist\",\"itemListElement\":[{\"@type\":\"ListItem\",\"@id\":\"https:\\\/\\\/candas365.es\\\/noticias#listItem\",\"position\":1,\"name\":\"Home\",\"item\":\"https:\\\/\\\/candas365.es\\\/noticias\",\"nextItem\":{\"@type\":\"ListItem\",\"@id\":\"https:\\\/\\\/candas365.es\\\/noticias\\\/category\\\/noticias-carreno\\\/#listItem\",\"name\":\"Noticias Carre\\u00f1o\"}},{\"@type\":\"ListItem\",\"@id\":\"https:\\\/\\\/candas365.es\\\/noticias\\\/category\\\/noticias-carreno\\\/#listItem\",\"position\":2,\"name\":\"Noticias Carre\\u00f1o\",\"item\":\"https:\\\/\\\/candas365.es\\\/noticias\\\/category\\\/noticias-carreno\\\/\",\"nextItem\":{\"@type\":\"ListItem\",\"@id\":\"https:\\\/\\\/candas365.es\\\/noticias\\\/carreno-apoya-el-proyecto-editorial-solidario-instant-es\\\/#listItem\",\"name\":\"Carre\\u00f1o apoya el proyecto editorial solidario \\u00abInstant.es\\u00bb\"},\"previousItem\":{\"@type\":\"ListItem\",\"@id\":\"https:\\\/\\\/candas365.es\\\/noticias#listItem\",\"name\":\"Home\"}},{\"@type\":\"ListItem\",\"@id\":\"https:\\\/\\\/candas365.es\\\/noticias\\\/carreno-apoya-el-proyecto-editorial-solidario-instant-es\\\/#listItem\",\"position\":3,\"name\":\"Carre\\u00f1o apoya el proyecto editorial solidario \\u00abInstant.es\\u00bb\",\"previousItem\":{\"@type\":\"ListItem\",\"@id\":\"https:\\\/\\\/candas365.es\\\/noticias\\\/category\\\/noticias-carreno\\\/#listItem\",\"name\":\"Noticias Carre\\u00f1o\"}}]},{\"@type\":\"NewsArticle\",\"@id\":\"https:\\\/\\\/candas365.es\\\/noticias\\\/carreno-apoya-el-proyecto-editorial-solidario-instant-es\\\/#newsarticle\",\"name\":\"Carre\\u00f1o apoya el proyecto editorial solidario \\u00abInstant.es\\u00bb | Cand\\u00e1s 365\",\"headline\":\"Carre\\u00f1o apoya el proyecto editorial solidario \\u00abInstant.es\\u00bb\",\"author\":{\"@id\":\"https:\\\/\\\/candas365.es\\\/noticias\\\/author\\\/admin\\\/#author\"},\"publisher\":{\"@id\":\"https:\\\/\\\/candas365.es\\\/noticias\\\/#organization\"},\"image\":{\"@type\":\"ImageObject\",\"url\":\"https:\\\/\\\/candas365.es\\\/noticias\\\/wp-content\\\/uploads\\\/2015\\\/01\\\/ayuntamiento.jpg\",\"width\":800,\"height\":600,\"caption\":\"Carre\\u00f1o\"},\"datePublished\":\"2021-07-01T10:36:49+02:00\",\"dateModified\":\"2021-07-10T10:38:45+02:00\",\"inLanguage\":\"es-ES\",\"mainEntityOfPage\":{\"@id\":\"https:\\\/\\\/candas365.es\\\/noticias\\\/carreno-apoya-el-proyecto-editorial-solidario-instant-es\\\/#webpage\"},\"isPartOf\":{\"@id\":\"https:\\\/\\\/candas365.es\\\/noticias\\\/carreno-apoya-el-proyecto-editorial-solidario-instant-es\\\/#webpage\"},\"articleSection\":\"Noticias Carre\\u00f1o\",\"dateline\":\"Publicado el julio 1, 2021.\"},{\"@type\":\"Organization\",\"@id\":\"https:\\\/\\\/candas365.es\\\/noticias\\\/#organization\",\"name\":\"Cand\\u00e1s 365\",\"description\":\"Cand\\u00e1s 365 es un diario digital independiente, fundado en 2012, con base en Asturias. Informamos con rigor sobre actualidad, sociedad, cultura y ocio, con una mirada local y global.\",\"url\":\"https:\\\/\\\/candas365.es\\\/noticias\\\/\",\"email\":\"info@candas365.es\",\"telephone\":\"+34652131393\",\"foundingDate\":\"2012-06-10\",\"logo\":{\"@type\":\"ImageObject\",\"url\":\"https:\\\/\\\/candas365.es\\\/noticias\\\/wp-content\\\/uploads\\\/2024\\\/09\\\/Candas-365-Redes.jpg\",\"@id\":\"https:\\\/\\\/candas365.es\\\/noticias\\\/carreno-apoya-el-proyecto-editorial-solidario-instant-es\\\/#organizationLogo\",\"width\":1152,\"height\":864,\"caption\":\"Cand\\u00e1s 365 Redes\"},\"image\":{\"@id\":\"https:\\\/\\\/candas365.es\\\/noticias\\\/carreno-apoya-el-proyecto-editorial-solidario-instant-es\\\/#organizationLogo\"},\"sameAs\":[\"https:\\\/\\\/www.facebook.com\\\/Nachofdezber\",\"https:\\\/\\\/x.com\\\/NabercoDigital\",\"https:\\\/\\\/www.instagram.com\\\/nachofdezber\\\/\",\"https:\\\/\\\/www.youtube.com\\\/channel\\\/UCZP-2wLEB9Rv6erhFmqVnvg\"],\"address\":{\"@id\":\"https:\\\/\\\/candas365.es\\\/noticias\\\/#postaladdress\",\"@type\":\"PostalAddress\",\"streetAddress\":\"san antonio 4, san antonio 4\",\"postalCode\":\"33430\",\"addressLocality\":\"Cand\\u00e1s\",\"addressRegion\":\"Asturias\",\"addressCountry\":\"ES\"}},{\"@type\":\"Person\",\"@id\":\"https:\\\/\\\/candas365.es\\\/noticias\\\/author\\\/admin\\\/#author\",\"url\":\"https:\\\/\\\/candas365.es\\\/noticias\\\/author\\\/admin\\\/\",\"name\":\"Cand\\u00e1s 365\",\"image\":{\"@type\":\"ImageObject\",\"@id\":\"https:\\\/\\\/candas365.es\\\/noticias\\\/carreno-apoya-el-proyecto-editorial-solidario-instant-es\\\/#authorImage\",\"url\":\"https:\\\/\\\/secure.gravatar.com\\\/avatar\\\/496a8e03d0c493ede1718b7934145dbdf8d89be1036b0eec9544e1094c9de390?s=96&d=mm&r=g\",\"width\":96,\"height\":96,\"caption\":\"Cand\\u00e1s 365\"},\"sameAs\":[\"https:\\\/\\\/www.facebook.com\\\/carrenoactualidad\",\"https:\\\/\\\/twitter.com\\\/nbasturias\",\"https:\\\/\\\/www.instagram.com\\\/nachofdezber\\\/\",\"https:\\\/\\\/www.youtube.com\\\/channel\\\/UCZP-2wLEB9Rv6erhFmqVnvg\"]},{\"@type\":\"WebPage\",\"@id\":\"https:\\\/\\\/candas365.es\\\/noticias\\\/carreno-apoya-el-proyecto-editorial-solidario-instant-es\\\/#webpage\",\"url\":\"https:\\\/\\\/candas365.es\\\/noticias\\\/carreno-apoya-el-proyecto-editorial-solidario-instant-es\\\/\",\"name\":\"Carre\\u00f1o apoya el proyecto editorial solidario \\u00abInstant.es\\u00bb | Cand\\u00e1s 365\",\"description\":\"La Asociaci\\u00f3n de Escritores y Escritoras de Asturias (AEA), con sede en Cand\\u00e1s, present\\u00f3 al consistorio el proyecto de edici\\u00f3n del libro-disco solidario \\\"Instant.es\\\". Los beneficios de su venta la Asociaci\\u00f3n regional los donar\\u00e1 al Banco de Alimentos de Asturias. El proyecto editorial solidario incluye 45 textos en verso y en prosa y 21 cantautores\",\"inLanguage\":\"es-ES\",\"isPartOf\":{\"@id\":\"https:\\\/\\\/candas365.es\\\/noticias\\\/#website\"},\"breadcrumb\":{\"@id\":\"https:\\\/\\\/candas365.es\\\/noticias\\\/carreno-apoya-el-proyecto-editorial-solidario-instant-es\\\/#breadcrumblist\"},\"author\":{\"@id\":\"https:\\\/\\\/candas365.es\\\/noticias\\\/author\\\/admin\\\/#author\"},\"creator\":{\"@id\":\"https:\\\/\\\/candas365.es\\\/noticias\\\/author\\\/admin\\\/#author\"},\"image\":{\"@type\":\"ImageObject\",\"url\":\"https:\\\/\\\/candas365.es\\\/noticias\\\/wp-content\\\/uploads\\\/2015\\\/01\\\/ayuntamiento.jpg\",\"@id\":\"https:\\\/\\\/candas365.es\\\/noticias\\\/carreno-apoya-el-proyecto-editorial-solidario-instant-es\\\/#mainImage\",\"width\":800,\"height\":600,\"caption\":\"Carre\\u00f1o\"},\"primaryImageOfPage\":{\"@id\":\"https:\\\/\\\/candas365.es\\\/noticias\\\/carreno-apoya-el-proyecto-editorial-solidario-instant-es\\\/#mainImage\"},\"datePublished\":\"2021-07-01T10:36:49+02:00\",\"dateModified\":\"2021-07-10T10:38:45+02:00\"},{\"@type\":\"WebSite\",\"@id\":\"https:\\\/\\\/candas365.es\\\/noticias\\\/#website\",\"url\":\"https:\\\/\\\/candas365.es\\\/noticias\\\/\",\"name\":\"Cand\\u00e1s 365\",\"alternateName\":\"Cand\\u00e1s 365 Noticias\",\"description\":\"Actualidad desde Carre\\u00f1o para el mundo\",\"inLanguage\":\"es-ES\",\"publisher\":{\"@id\":\"https:\\\/\\\/candas365.es\\\/noticias\\\/#organization\"}}]}\n\t\t<\/script>\n\t\t<!-- All in One SEO Pro -->\r\n\t\t<title>Carre\u00f1o apoya el proyecto editorial solidario \u00abInstant.es\u00bb | Cand\u00e1s 365<\/title>\n\n","aioseo_head_json":{"title":"Carre\u00f1o apoya el proyecto editorial solidario \u00abInstant.es\u00bb | Cand\u00e1s 365","description":"La Asociaci\u00f3n de Escritores y Escritoras de Asturias (AEA), con sede en Cand\u00e1s, present\u00f3 al consistorio el proyecto de edici\u00f3n del libro-disco solidario \"Instant.es\". Los beneficios de su venta la Asociaci\u00f3n regional los donar\u00e1 al Banco de Alimentos de Asturias. El proyecto editorial solidario incluye 45 textos en verso y en prosa y 21 cantautores","canonical_url":"https:\/\/candas365.es\/noticias\/carreno-apoya-el-proyecto-editorial-solidario-instant-es\/","robots":"max-image-preview:large","keywords":"noticias carre\u00f1o","webmasterTools":{"google-site-verification":"UA-32230408-1","msvalidate.01":"354F3CDFB2DA171B47FBE9ABF1F88D5","miscellaneous":""},"schema":{"@context":"https:\/\/schema.org","@graph":[{"@type":"BreadcrumbList","@id":"https:\/\/candas365.es\/noticias\/carreno-apoya-el-proyecto-editorial-solidario-instant-es\/#breadcrumblist","itemListElement":[{"@type":"ListItem","@id":"https:\/\/candas365.es\/noticias#listItem","position":1,"name":"Home","item":"https:\/\/candas365.es\/noticias","nextItem":{"@type":"ListItem","@id":"https:\/\/candas365.es\/noticias\/category\/noticias-carreno\/#listItem","name":"Noticias Carre\u00f1o"}},{"@type":"ListItem","@id":"https:\/\/candas365.es\/noticias\/category\/noticias-carreno\/#listItem","position":2,"name":"Noticias Carre\u00f1o","item":"https:\/\/candas365.es\/noticias\/category\/noticias-carreno\/","nextItem":{"@type":"ListItem","@id":"https:\/\/candas365.es\/noticias\/carreno-apoya-el-proyecto-editorial-solidario-instant-es\/#listItem","name":"Carre\u00f1o apoya el proyecto editorial solidario \u00abInstant.es\u00bb"},"previousItem":{"@type":"ListItem","@id":"https:\/\/candas365.es\/noticias#listItem","name":"Home"}},{"@type":"ListItem","@id":"https:\/\/candas365.es\/noticias\/carreno-apoya-el-proyecto-editorial-solidario-instant-es\/#listItem","position":3,"name":"Carre\u00f1o apoya el proyecto editorial solidario \u00abInstant.es\u00bb","previousItem":{"@type":"ListItem","@id":"https:\/\/candas365.es\/noticias\/category\/noticias-carreno\/#listItem","name":"Noticias Carre\u00f1o"}}]},{"@type":"NewsArticle","@id":"https:\/\/candas365.es\/noticias\/carreno-apoya-el-proyecto-editorial-solidario-instant-es\/#newsarticle","name":"Carre\u00f1o apoya el proyecto editorial solidario \u00abInstant.es\u00bb | Cand\u00e1s 365","headline":"Carre\u00f1o apoya el proyecto editorial solidario \u00abInstant.es\u00bb","author":{"@id":"https:\/\/candas365.es\/noticias\/author\/admin\/#author"},"publisher":{"@id":"https:\/\/candas365.es\/noticias\/#organization"},"image":{"@type":"ImageObject","url":"https:\/\/candas365.es\/noticias\/wp-content\/uploads\/2015\/01\/ayuntamiento.jpg","width":800,"height":600,"caption":"Carre\u00f1o"},"datePublished":"2021-07-01T10:36:49+02:00","dateModified":"2021-07-10T10:38:45+02:00","inLanguage":"es-ES","mainEntityOfPage":{"@id":"https:\/\/candas365.es\/noticias\/carreno-apoya-el-proyecto-editorial-solidario-instant-es\/#webpage"},"isPartOf":{"@id":"https:\/\/candas365.es\/noticias\/carreno-apoya-el-proyecto-editorial-solidario-instant-es\/#webpage"},"articleSection":"Noticias Carre\u00f1o","dateline":"Publicado el julio 1, 2021."},{"@type":"Organization","@id":"https:\/\/candas365.es\/noticias\/#organization","name":"Cand\u00e1s 365","description":"Cand\u00e1s 365 es un diario digital independiente, fundado en 2012, con base en Asturias. Informamos con rigor sobre actualidad, sociedad, cultura y ocio, con una mirada local y global.","url":"https:\/\/candas365.es\/noticias\/","email":"info@candas365.es","telephone":"+34652131393","foundingDate":"2012-06-10","logo":{"@type":"ImageObject","url":"https:\/\/candas365.es\/noticias\/wp-content\/uploads\/2024\/09\/Candas-365-Redes.jpg","@id":"https:\/\/candas365.es\/noticias\/carreno-apoya-el-proyecto-editorial-solidario-instant-es\/#organizationLogo","width":1152,"height":864,"caption":"Cand\u00e1s 365 Redes"},"image":{"@id":"https:\/\/candas365.es\/noticias\/carreno-apoya-el-proyecto-editorial-solidario-instant-es\/#organizationLogo"},"sameAs":["https:\/\/www.facebook.com\/Nachofdezber","https:\/\/x.com\/NabercoDigital","https:\/\/www.instagram.com\/nachofdezber\/","https:\/\/www.youtube.com\/channel\/UCZP-2wLEB9Rv6erhFmqVnvg"],"address":{"@id":"https:\/\/candas365.es\/noticias\/#postaladdress","@type":"PostalAddress","streetAddress":"san antonio 4, san antonio 4","postalCode":"33430","addressLocality":"Cand\u00e1s","addressRegion":"Asturias","addressCountry":"ES"}},{"@type":"Person","@id":"https:\/\/candas365.es\/noticias\/author\/admin\/#author","url":"https:\/\/candas365.es\/noticias\/author\/admin\/","name":"Cand\u00e1s 365","image":{"@type":"ImageObject","@id":"https:\/\/candas365.es\/noticias\/carreno-apoya-el-proyecto-editorial-solidario-instant-es\/#authorImage","url":"https:\/\/secure.gravatar.com\/avatar\/496a8e03d0c493ede1718b7934145dbdf8d89be1036b0eec9544e1094c9de390?s=96&d=mm&r=g","width":96,"height":96,"caption":"Cand\u00e1s 365"},"sameAs":["https:\/\/www.facebook.com\/carrenoactualidad","https:\/\/twitter.com\/nbasturias","https:\/\/www.instagram.com\/nachofdezber\/","https:\/\/www.youtube.com\/channel\/UCZP-2wLEB9Rv6erhFmqVnvg"]},{"@type":"WebPage","@id":"https:\/\/candas365.es\/noticias\/carreno-apoya-el-proyecto-editorial-solidario-instant-es\/#webpage","url":"https:\/\/candas365.es\/noticias\/carreno-apoya-el-proyecto-editorial-solidario-instant-es\/","name":"Carre\u00f1o apoya el proyecto editorial solidario \u00abInstant.es\u00bb | Cand\u00e1s 365","description":"La Asociaci\u00f3n de Escritores y Escritoras de Asturias (AEA), con sede en Cand\u00e1s, present\u00f3 al consistorio el proyecto de edici\u00f3n del libro-disco solidario \"Instant.es\". Los beneficios de su venta la Asociaci\u00f3n regional los donar\u00e1 al Banco de Alimentos de Asturias. El proyecto editorial solidario incluye 45 textos en verso y en prosa y 21 cantautores","inLanguage":"es-ES","isPartOf":{"@id":"https:\/\/candas365.es\/noticias\/#website"},"breadcrumb":{"@id":"https:\/\/candas365.es\/noticias\/carreno-apoya-el-proyecto-editorial-solidario-instant-es\/#breadcrumblist"},"author":{"@id":"https:\/\/candas365.es\/noticias\/author\/admin\/#author"},"creator":{"@id":"https:\/\/candas365.es\/noticias\/author\/admin\/#author"},"image":{"@type":"ImageObject","url":"https:\/\/candas365.es\/noticias\/wp-content\/uploads\/2015\/01\/ayuntamiento.jpg","@id":"https:\/\/candas365.es\/noticias\/carreno-apoya-el-proyecto-editorial-solidario-instant-es\/#mainImage","width":800,"height":600,"caption":"Carre\u00f1o"},"primaryImageOfPage":{"@id":"https:\/\/candas365.es\/noticias\/carreno-apoya-el-proyecto-editorial-solidario-instant-es\/#mainImage"},"datePublished":"2021-07-01T10:36:49+02:00","dateModified":"2021-07-10T10:38:45+02:00"},{"@type":"WebSite","@id":"https:\/\/candas365.es\/noticias\/#website","url":"https:\/\/candas365.es\/noticias\/","name":"Cand\u00e1s 365","alternateName":"Cand\u00e1s 365 Noticias","description":"Actualidad desde Carre\u00f1o para el mundo","inLanguage":"es-ES","publisher":{"@id":"https:\/\/candas365.es\/noticias\/#organization"}}]},"og:locale":"es_ES","og:site_name":"Cand\u00e1s 365","og:type":"article","og:title":"Carre\u00f1o apoya el proyecto editorial solidario \u00abInstant.es\u00bb | Cand\u00e1s 365","og:description":"La Asociaci\u00f3n de Escritores y Escritoras de Asturias (AEA), con sede en Cand\u00e1s, present\u00f3 al consistorio el proyecto de edici\u00f3n del libro-disco solidario &quot;Instant.es&quot;. Los beneficios de su venta la Asociaci\u00f3n regional los donar\u00e1 al Banco de Alimentos de Asturias. El proyecto editorial solidario incluye 45 textos en verso y en prosa y 21 cantautores","og:url":"https:\/\/candas365.es\/noticias\/carreno-apoya-el-proyecto-editorial-solidario-instant-es\/","og:image":"https:\/\/candas365.es\/noticias\/wp-content\/uploads\/2015\/01\/ayuntamiento.jpg","og:image:secure_url":"https:\/\/candas365.es\/noticias\/wp-content\/uploads\/2015\/01\/ayuntamiento.jpg","og:image:width":800,"og:image:height":600,"article:published_time":"2021-07-01T10:36:49+00:00","article:modified_time":"2021-07-10T10:38:45+00:00","article:publisher":"https:\/\/www.facebook.com\/Nachofdezber","article:author":"https:\/\/www.facebook.com\/carrenoactualidad","twitter:card":"summary_large_image","twitter:site":"@NabercoDigital","twitter:title":"Carre\u00f1o apoya el proyecto editorial solidario \u00abInstant.es\u00bb | Cand\u00e1s 365","twitter:description":"La Asociaci\u00f3n de Escritores y Escritoras de Asturias (AEA), con sede en Cand\u00e1s, present\u00f3 al consistorio el proyecto de edici\u00f3n del libro-disco solidario &quot;Instant.es&quot;. Los beneficios de su venta la Asociaci\u00f3n regional los donar\u00e1 al Banco de Alimentos de Asturias. El proyecto editorial solidario incluye 45 textos en verso y en prosa y 21 cantautores","twitter:creator":"@nbasturias","twitter:image":"https:\/\/candas365.es\/noticias\/wp-content\/uploads\/2015\/01\/ayuntamiento.jpg","twitter:label1":"Escrito por","twitter:data1":"Cand\u00e1s 365","twitter:label2":"Tiempo de lectura estimado","twitter:data2":"3 minutos"},"aioseo_meta_data":{"post_id":"156677","title":null,"description":null,"keywords":[],"keyphrases":{"focus":[],"additional":[]},"primary_term":null,"canonical_url":null,"og_title":null,"og_description":null,"og_object_type":"default","og_image_type":"default","og_image_url":null,"og_image_width":null,"og_image_height":null,"og_image_custom_url":null,"og_image_custom_fields":null,"og_video":"","og_custom_url":null,"og_article_section":null,"og_article_tags":[],"twitter_use_og":false,"twitter_card":"default","twitter_image_type":"default","twitter_image_url":null,"twitter_image_custom_url":null,"twitter_image_custom_fields":null,"twitter_title":null,"twitter_description":null,"schema":{"blockGraphs":[],"customGraphs":[],"default":{"data":{"Article":[],"Course":[],"Dataset":[],"FAQPage":[],"Movie":[],"Person":[],"Product":[],"ProductReview":[],"Car":[],"Recipe":[],"Service":[],"SoftwareApplication":[],"WebPage":[]},"graphName":"","isEnabled":true},"graphs":[],"defaultGraph":"Article","defaultPostTypeGraph":""},"schema_type":"default","schema_type_options":"{\"article\":{\"articleType\":\"BlogPosting\"},\"course\":{\"name\":\"\",\"description\":\"\",\"provider\":\"\"},\"faq\":{\"pages\":[]},\"product\":{\"reviews\":[]},\"recipe\":{\"ingredients\":[],\"instructions\":[],\"keywords\":[]},\"software\":{\"reviews\":[],\"operatingSystems\":[]},\"webPage\":{\"webPageType\":\"WebPage\"}}","pillar_content":false,"robots_default":true,"robots_noindex":false,"robots_noarchive":false,"robots_nosnippet":false,"robots_nofollow":false,"robots_noimageindex":false,"robots_noodp":false,"robots_notranslate":false,"robots_max_snippet":"-1","robots_max_videopreview":"-1","robots_max_imagepreview":"large","priority":null,"frequency":"default","location":null,"local_seo":{"locations":{"business":{"name":"","businessType":"","image":"","areaServed":"","urls":{"website":"","aboutPage":"","contactPage":""},"address":{"streetLine1":"","streetLine2":"","zipCode":"","city":"","state":"","country":"","addressFormat":"#streetLineOne\n#streetLineTwo\n#city, #state #zipCode"},"contact":{"email":"","phone":"","phoneFormatted":"","fax":"","faxFormatted":""},"ids":{"vat":"","tax":"","chamberOfCommerce":""},"payment":{"priceRange":"","currenciesAccepted":"","methods":""}}},"openingHours":{"useDefaults":true,"show":true,"alwaysOpen":false,"use24hFormat":false,"timezone":"","labels":{"closed":"","alwaysOpen":""},"days":{"monday":{"open24h":false,"closed":false,"openTime":"09:00","closeTime":"17:00"},"tuesday":{"open24h":false,"closed":false,"openTime":"09:00","closeTime":"17:00"},"wednesday":{"open24h":false,"closed":false,"openTime":"09:00","closeTime":"17:00"},"thursday":{"open24h":false,"closed":false,"openTime":"09:00","closeTime":"17:00"},"friday":{"open24h":false,"closed":false,"openTime":"09:00","closeTime":"17:00"},"saturday":{"open24h":false,"closed":false,"openTime":"09:00","closeTime":"17:00"},"sunday":{"open24h":false,"closed":false,"openTime":"09:00","closeTime":"17:00"}}}},"seo_analyzer_scan_date":"2025-08-31 23:55:17","breadcrumb_settings":null,"limit_modified_date":false,"reviewed_by":null,"open_ai":null,"ai":null,"created":"2021-07-10 10:36:49","updated":"2025-08-31 23:55:17"},"aioseo_breadcrumb":"<div class=\"aioseo-breadcrumbs\"><span class=\"aioseo-breadcrumb\">\n\t<a href=\"https:\/\/candas365.es\/noticias\" title=\"Home\">Home<\/a>\n<\/span><span class=\"aioseo-breadcrumb-separator\">&ndash;<\/span><span class=\"aioseo-breadcrumb\">\n\t<a href=\"https:\/\/candas365.es\/noticias\/category\/noticias-carreno\/\" title=\"Noticias Carre\u00f1o\">Noticias Carre\u00f1o<\/a>\n<\/span><span class=\"aioseo-breadcrumb-separator\">&ndash;<\/span><span class=\"aioseo-breadcrumb\">\n\tCarre\u00f1o apoya el proyecto editorial solidario \u00abInstant.es\u00bb\n<\/span><\/div>","aioseo_breadcrumb_json":[{"label":"Home","link":"https:\/\/candas365.es\/noticias"},{"label":"Noticias Carre\u00f1o","link":"https:\/\/candas365.es\/noticias\/category\/noticias-carreno\/"},{"label":"Carre\u00f1o apoya el proyecto editorial solidario \u00abInstant.es\u00bb","link":"https:\/\/candas365.es\/noticias\/carreno-apoya-el-proyecto-editorial-solidario-instant-es\/"}],"_links":{"self":[{"href":"https:\/\/candas365.es\/noticias\/wp-json\/wp\/v2\/posts\/156677","targetHints":{"allow":["GET"]}}],"collection":[{"href":"https:\/\/candas365.es\/noticias\/wp-json\/wp\/v2\/posts"}],"about":[{"href":"https:\/\/candas365.es\/noticias\/wp-json\/wp\/v2\/types\/post"}],"author":[{"embeddable":true,"href":"https:\/\/candas365.es\/noticias\/wp-json\/wp\/v2\/users\/1"}],"replies":[{"embeddable":true,"href":"https:\/\/candas365.es\/noticias\/wp-json\/wp\/v2\/comments?post=156677"}],"version-history":[{"count":0,"href":"https:\/\/candas365.es\/noticias\/wp-json\/wp\/v2\/posts\/156677\/revisions"}],"wp:featuredmedia":[{"embeddable":true,"href":"https:\/\/candas365.es\/noticias\/wp-json\/wp\/v2\/media\/6453"}],"wp:attachment":[{"href":"https:\/\/candas365.es\/noticias\/wp-json\/wp\/v2\/media?parent=156677"}],"wp:term":[{"taxonomy":"category","embeddable":true,"href":"https:\/\/candas365.es\/noticias\/wp-json\/wp\/v2\/categories?post=156677"},{"taxonomy":"post_tag","embeddable":true,"href":"https:\/\/candas365.es\/noticias\/wp-json\/wp\/v2\/tags?post=156677"}],"curies":[{"name":"wp","href":"https:\/\/api.w.org\/{rel}","templated":true}]}}