{"id":156669,"date":"2021-06-22T10:27:15","date_gmt":"2021-06-22T10:27:15","guid":{"rendered":"http:\/\/candas365.es\/noticias\/?p=156669"},"modified":"2021-07-10T10:28:44","modified_gmt":"2021-07-10T10:28:44","slug":"cultura-y-verano-en-teatro-prendes-de-candas","status":"publish","type":"post","link":"https:\/\/candas365.es\/noticias\/cultura-y-verano-en-teatro-prendes-de-candas\/","title":{"rendered":"Cultura y verano en Teatro Prendes de Cand\u00e1s"},"content":{"rendered":"<p><img fetchpriority=\"high\" decoding=\"async\" class=\"alignleft size-medium wp-image-937\" src=\"https:\/\/candas365.es\/noticias\/wp-content\/uploads\/2014\/09\/cinecandas-360x240.jpg\" alt=\"\" width=\"360\" height=\"240\" srcset=\"https:\/\/candas365.es\/noticias\/wp-content\/uploads\/2014\/09\/cinecandas-360x240.jpg 360w, https:\/\/candas365.es\/noticias\/wp-content\/uploads\/2014\/09\/cinecandas-650x433.jpg 650w, https:\/\/candas365.es\/noticias\/wp-content\/uploads\/2014\/09\/cinecandas-768x512.jpg 768w, https:\/\/candas365.es\/noticias\/wp-content\/uploads\/2014\/09\/cinecandas-150x100.jpg 150w, https:\/\/candas365.es\/noticias\/wp-content\/uploads\/2014\/09\/cinecandas-450x300.jpg 450w, https:\/\/candas365.es\/noticias\/wp-content\/uploads\/2014\/09\/cinecandas-655x436.jpg 655w, https:\/\/candas365.es\/noticias\/wp-content\/uploads\/2014\/09\/cinecandas-696x464.jpg 696w, https:\/\/candas365.es\/noticias\/wp-content\/uploads\/2014\/09\/cinecandas-630x420.jpg 630w, https:\/\/candas365.es\/noticias\/wp-content\/uploads\/2014\/09\/cinecandas-84x55.jpg 84w, https:\/\/candas365.es\/noticias\/wp-content\/uploads\/2014\/09\/cinecandas.jpg 980w\" sizes=\"(max-width: 360px) 100vw, 360px\" \/>El edil de Cultura y presidente del Patronato Centro Cultural Teatro Prendes, Jos\u00e9 Jes\u00fas Varela, dio a conocer ayer a la Junta Rectora de la instituci\u00f3n municipal, las actividades culturales previstas para la temporada estival en Carre\u00f1o.<\/p>\n<p>El Ayuntamiento de Carre\u00f1o, a trav\u00e9s de sus patronatos culturales, sigue apostando por la cultura como eje principal de sus actividades, posibilitando, en el caso de Teatro Prendes, que la ciudadan\u00eda disfrute como siempre lo ha hecho del mejor cine, el mejor Teatro y la mejor oferta cultural en uno de los teatros referentes de la cultura asturiana.<\/p>\n<p>\u00abVolveremos a la normalidad y volveremos a llenar el teatro prendes posibilitando que la industria de la cultura asturiana vuelva a reactivarse\u00bb &#8211; coment\u00f3 Jos\u00e9 Jes\u00fas Varela, edil de Cultura.<\/p>\n<p>En los pr\u00f3ximos d\u00edas el Ayuntamiento de Carre\u00f1o presentar\u00e1 el amplio programa de actividades que se organiza en colaboraci\u00f3n con los diferentes patronatos municipales durante los meses de verano 2021 bajo el nombre de Manual de verano 2021 \u00abNo hay nada mejor que un verano en Cand\u00e1s\u00bb.<\/p>\n<p>Otro de los asuntos tratados en la junta rectora del Patronato Municipal, fue el reconocimiento extrajudicial de facturas del a\u00f1o 2020, aprobadas con el voto favorable del Psoe, PP, Somos Carre\u00f1o Podemos y los representantes de los centros educativos y AMPAS. Por su parte, Izquierda Unida opt\u00f3 por la abstenci\u00f3n<\/p>\n<p>En el a\u00f1o 2020 el Teatro Prendes tuvo que permanecer cerrado un total de cuatro meses. A su reapertura, la limitaci\u00f3n obligada de aforo (pasando de 520 a 262 butacas), as\u00ed como los cierres perimetrales y el toque de queda han tenido como consecuencia una notable disminuci\u00f3n de p\u00fablico y por lo tanto de ingresos.<\/p>\n<p>\u00abEl gasto obligado en una aver\u00eda del proyector digital a principios de a\u00f1o, as\u00ed como poner en marcha las medidas preventivas anti-covid19 para poder reabrir con las m\u00e1ximas garant\u00edas sanitarias supusieron una serie de inversiones no previstas inicialmente de 17.150,00 euros que afectaron al presupuesto del Teatro. En este sentido, tuvieron que quedar sin aprobar por falta de consignaci\u00f3n un total de cuatro facturas por un valor total de 4.200,00 euros\u00bb &#8211; explic\u00f3 Jos\u00e9 Jes\u00fas Varela concejal de Cultura y presidente del Teatro Prendes.<\/p>\n<p>El importe total de las facturas se ha llev\u00f3 al Consejo de Gerencia y a la junta rectora del Teatro para su aprobaci\u00f3n definitiva por la v\u00eda extrajudicial y su incorporaci\u00f3n al presupuesto vigente del presente ejercicio 2021.<\/p>\n<p>\u00bb A pesar de estas dificultades que afectaron a muchos sectores de nuestra sociedad y tambi\u00e9n al cultural, el Ayuntamiento de Carre\u00f1o a trav\u00e9s del patronato cultural confirma el compromiso de la corporaci\u00f3n con la promoci\u00f3n de la cultura y la apuesta por una oferta p\u00fablica de calidad y accesible \u00bb &#8211; concluy\u00f3 Jos\u00e9 Jes\u00fas Varela.<\/p>\n","protected":false},"excerpt":{"rendered":"<p>El edil de Cultura y presidente del Patronato Centro Cultural Teatro Prendes, Jos\u00e9 Jes\u00fas Varela, dio a conocer ayer a la Junta Rectora de la instituci\u00f3n municipal, las actividades culturales previstas para la temporada estival en Carre\u00f1o. El Ayuntamiento de Carre\u00f1o, a trav\u00e9s de sus patronatos culturales, sigue apostando por la cultura como eje principal<\/p>\n","protected":false},"author":1,"featured_media":16323,"comment_status":"closed","ping_status":"closed","sticky":false,"template":"","format":"standard","meta":{"footnotes":""},"categories":[2],"tags":[],"class_list":{"0":"post-156669","1":"post","2":"type-post","3":"status-publish","4":"format-standard","5":"has-post-thumbnail","7":"category-noticias-carreno"},"aioseo_notices":[],"aioseo_head":"\n\t\t<!-- All in One SEO Pro 4.9.6.2 - aioseo.com -->\n\t<meta name=\"description\" content=\"El edil de Cultura y presidente del Patronato Centro Cultural Teatro Prendes, Jos\u00e9 Jes\u00fas Varela, dio a conocer ayer a la Junta Rectora de la instituci\u00f3n municipal\" \/>\n\t<meta name=\"robots\" content=\"max-image-preview:large\" \/>\n\t<meta name=\"author\" content=\"Cand\u00e1s 365\"\/>\n\t<meta name=\"google-site-verification\" content=\"UA-32230408-1\" \/>\n\t<meta name=\"msvalidate.01\" content=\"354F3CDFB2DA171B47FBE9ABF1F88D5\" \/>\n\t<meta name=\"keywords\" content=\"noticias carre\u00f1o\" \/>\n\t<link rel=\"canonical\" href=\"https:\/\/candas365.es\/noticias\/cultura-y-verano-en-teatro-prendes-de-candas\/\" \/>\n\t<meta name=\"generator\" content=\"All in One SEO Pro (AIOSEO) 4.9.6.2\" \/>\n\t\t<meta property=\"og:locale\" content=\"es_ES\" \/>\n\t\t<meta property=\"og:site_name\" content=\"Cand\u00e1s 365\" \/>\n\t\t<meta property=\"og:type\" content=\"article\" \/>\n\t\t<meta property=\"og:title\" content=\"Cultura y verano en Teatro Prendes de Cand\u00e1s | Cand\u00e1s 365\" \/>\n\t\t<meta property=\"og:description\" content=\"El edil de Cultura y presidente del Patronato Centro Cultural Teatro Prendes, Jos\u00e9 Jes\u00fas Varela, dio a conocer ayer a la Junta Rectora de la instituci\u00f3n municipal\" \/>\n\t\t<meta property=\"og:url\" content=\"https:\/\/candas365.es\/noticias\/cultura-y-verano-en-teatro-prendes-de-candas\/\" \/>\n\t\t<meta property=\"og:image\" content=\"https:\/\/candas365.es\/noticias\/wp-content\/uploads\/2015\/09\/cine-candas.jpg\" \/>\n\t\t<meta property=\"og:image:secure_url\" content=\"https:\/\/candas365.es\/noticias\/wp-content\/uploads\/2015\/09\/cine-candas.jpg\" \/>\n\t\t<meta property=\"og:image:width\" content=\"655\" \/>\n\t\t<meta property=\"og:image:height\" content=\"360\" \/>\n\t\t<meta property=\"article:published_time\" content=\"2021-06-22T10:27:15+00:00\" \/>\n\t\t<meta property=\"article:modified_time\" content=\"2021-07-10T10:28:44+00:00\" \/>\n\t\t<meta property=\"article:publisher\" content=\"https:\/\/www.facebook.com\/Nachofdezber\" \/>\n\t\t<meta property=\"article:author\" content=\"https:\/\/www.facebook.com\/carrenoactualidad\" \/>\n\t\t<meta name=\"twitter:card\" content=\"summary_large_image\" \/>\n\t\t<meta name=\"twitter:site\" content=\"@NabercoDigital\" \/>\n\t\t<meta name=\"twitter:title\" content=\"Cultura y verano en Teatro Prendes de Cand\u00e1s | Cand\u00e1s 365\" \/>\n\t\t<meta name=\"twitter:description\" content=\"El edil de Cultura y presidente del Patronato Centro Cultural Teatro Prendes, Jos\u00e9 Jes\u00fas Varela, dio a conocer ayer a la Junta Rectora de la instituci\u00f3n municipal\" \/>\n\t\t<meta name=\"twitter:creator\" content=\"@nbasturias\" \/>\n\t\t<meta name=\"twitter:image\" content=\"https:\/\/candas365.es\/noticias\/wp-content\/uploads\/2015\/09\/cine-candas.jpg\" \/>\n\t\t<meta name=\"twitter:label1\" content=\"Escrito por\" \/>\n\t\t<meta name=\"twitter:data1\" content=\"Cand\u00e1s 365\" \/>\n\t\t<meta name=\"twitter:label2\" content=\"Tiempo de lectura estimado\" \/>\n\t\t<meta name=\"twitter:data2\" content=\"2 minutos\" \/>\n\t\t<script type=\"application\/ld+json\" class=\"aioseo-schema\">\n\t\t\t{\"@context\":\"https:\\\/\\\/schema.org\",\"@graph\":[{\"@type\":\"BreadcrumbList\",\"@id\":\"https:\\\/\\\/candas365.es\\\/noticias\\\/cultura-y-verano-en-teatro-prendes-de-candas\\\/#breadcrumblist\",\"itemListElement\":[{\"@type\":\"ListItem\",\"@id\":\"https:\\\/\\\/candas365.es\\\/noticias#listItem\",\"position\":1,\"name\":\"Home\",\"item\":\"https:\\\/\\\/candas365.es\\\/noticias\",\"nextItem\":{\"@type\":\"ListItem\",\"@id\":\"https:\\\/\\\/candas365.es\\\/noticias\\\/category\\\/noticias-carreno\\\/#listItem\",\"name\":\"Noticias Carre\\u00f1o\"}},{\"@type\":\"ListItem\",\"@id\":\"https:\\\/\\\/candas365.es\\\/noticias\\\/category\\\/noticias-carreno\\\/#listItem\",\"position\":2,\"name\":\"Noticias Carre\\u00f1o\",\"item\":\"https:\\\/\\\/candas365.es\\\/noticias\\\/category\\\/noticias-carreno\\\/\",\"nextItem\":{\"@type\":\"ListItem\",\"@id\":\"https:\\\/\\\/candas365.es\\\/noticias\\\/cultura-y-verano-en-teatro-prendes-de-candas\\\/#listItem\",\"name\":\"Cultura y verano en Teatro Prendes de Cand\\u00e1s\"},\"previousItem\":{\"@type\":\"ListItem\",\"@id\":\"https:\\\/\\\/candas365.es\\\/noticias#listItem\",\"name\":\"Home\"}},{\"@type\":\"ListItem\",\"@id\":\"https:\\\/\\\/candas365.es\\\/noticias\\\/cultura-y-verano-en-teatro-prendes-de-candas\\\/#listItem\",\"position\":3,\"name\":\"Cultura y verano en Teatro Prendes de Cand\\u00e1s\",\"previousItem\":{\"@type\":\"ListItem\",\"@id\":\"https:\\\/\\\/candas365.es\\\/noticias\\\/category\\\/noticias-carreno\\\/#listItem\",\"name\":\"Noticias Carre\\u00f1o\"}}]},{\"@type\":\"NewsArticle\",\"@id\":\"https:\\\/\\\/candas365.es\\\/noticias\\\/cultura-y-verano-en-teatro-prendes-de-candas\\\/#newsarticle\",\"name\":\"Cultura y verano en Teatro Prendes de Cand\\u00e1s | Cand\\u00e1s 365\",\"headline\":\"Cultura y verano en Teatro Prendes de Cand\\u00e1s\",\"author\":{\"@id\":\"https:\\\/\\\/candas365.es\\\/noticias\\\/author\\\/admin\\\/#author\"},\"publisher\":{\"@id\":\"https:\\\/\\\/candas365.es\\\/noticias\\\/#organization\"},\"image\":{\"@type\":\"ImageObject\",\"url\":\"https:\\\/\\\/candas365.es\\\/noticias\\\/wp-content\\\/uploads\\\/2015\\\/09\\\/cine-candas.jpg\",\"width\":655,\"height\":360},\"datePublished\":\"2021-06-22T10:27:15+02:00\",\"dateModified\":\"2021-07-10T10:28:44+02:00\",\"inLanguage\":\"es-ES\",\"mainEntityOfPage\":{\"@id\":\"https:\\\/\\\/candas365.es\\\/noticias\\\/cultura-y-verano-en-teatro-prendes-de-candas\\\/#webpage\"},\"isPartOf\":{\"@id\":\"https:\\\/\\\/candas365.es\\\/noticias\\\/cultura-y-verano-en-teatro-prendes-de-candas\\\/#webpage\"},\"articleSection\":\"Noticias Carre\\u00f1o\",\"dateline\":\"Publicado el junio 22, 2021.\"},{\"@type\":\"Organization\",\"@id\":\"https:\\\/\\\/candas365.es\\\/noticias\\\/#organization\",\"name\":\"Cand\\u00e1s 365\",\"description\":\"Cand\\u00e1s 365 es un diario digital independiente, fundado en 2012, con base en Asturias. Informamos con rigor sobre actualidad, sociedad, cultura y ocio, con una mirada local y global.\",\"url\":\"https:\\\/\\\/candas365.es\\\/noticias\\\/\",\"email\":\"info@candas365.es\",\"telephone\":\"+34652131393\",\"foundingDate\":\"2012-06-10\",\"logo\":{\"@type\":\"ImageObject\",\"url\":\"https:\\\/\\\/candas365.es\\\/noticias\\\/wp-content\\\/uploads\\\/2024\\\/09\\\/Candas-365-Redes.jpg\",\"@id\":\"https:\\\/\\\/candas365.es\\\/noticias\\\/cultura-y-verano-en-teatro-prendes-de-candas\\\/#organizationLogo\",\"width\":1152,\"height\":864,\"caption\":\"Cand\\u00e1s 365 Redes\"},\"image\":{\"@id\":\"https:\\\/\\\/candas365.es\\\/noticias\\\/cultura-y-verano-en-teatro-prendes-de-candas\\\/#organizationLogo\"},\"sameAs\":[\"https:\\\/\\\/www.facebook.com\\\/Nachofdezber\",\"https:\\\/\\\/x.com\\\/NabercoDigital\",\"https:\\\/\\\/www.instagram.com\\\/nachofdezber\\\/\",\"https:\\\/\\\/www.youtube.com\\\/channel\\\/UCZP-2wLEB9Rv6erhFmqVnvg\"],\"address\":{\"@id\":\"https:\\\/\\\/candas365.es\\\/noticias\\\/#postaladdress\",\"@type\":\"PostalAddress\",\"streetAddress\":\"san antonio 4, san antonio 4\",\"postalCode\":\"33430\",\"addressLocality\":\"Cand\\u00e1s\",\"addressRegion\":\"Asturias\",\"addressCountry\":\"ES\"}},{\"@type\":\"Person\",\"@id\":\"https:\\\/\\\/candas365.es\\\/noticias\\\/author\\\/admin\\\/#author\",\"url\":\"https:\\\/\\\/candas365.es\\\/noticias\\\/author\\\/admin\\\/\",\"name\":\"Cand\\u00e1s 365\",\"image\":{\"@type\":\"ImageObject\",\"@id\":\"https:\\\/\\\/candas365.es\\\/noticias\\\/cultura-y-verano-en-teatro-prendes-de-candas\\\/#authorImage\",\"url\":\"https:\\\/\\\/secure.gravatar.com\\\/avatar\\\/496a8e03d0c493ede1718b7934145dbdf8d89be1036b0eec9544e1094c9de390?s=96&d=mm&r=g\",\"width\":96,\"height\":96,\"caption\":\"Cand\\u00e1s 365\"},\"sameAs\":[\"https:\\\/\\\/www.facebook.com\\\/carrenoactualidad\",\"https:\\\/\\\/twitter.com\\\/nbasturias\",\"https:\\\/\\\/www.instagram.com\\\/nachofdezber\\\/\",\"https:\\\/\\\/www.youtube.com\\\/channel\\\/UCZP-2wLEB9Rv6erhFmqVnvg\"]},{\"@type\":\"WebPage\",\"@id\":\"https:\\\/\\\/candas365.es\\\/noticias\\\/cultura-y-verano-en-teatro-prendes-de-candas\\\/#webpage\",\"url\":\"https:\\\/\\\/candas365.es\\\/noticias\\\/cultura-y-verano-en-teatro-prendes-de-candas\\\/\",\"name\":\"Cultura y verano en Teatro Prendes de Cand\\u00e1s | Cand\\u00e1s 365\",\"description\":\"El edil de Cultura y presidente del Patronato Centro Cultural Teatro Prendes, Jos\\u00e9 Jes\\u00fas Varela, dio a conocer ayer a la Junta Rectora de la instituci\\u00f3n municipal\",\"inLanguage\":\"es-ES\",\"isPartOf\":{\"@id\":\"https:\\\/\\\/candas365.es\\\/noticias\\\/#website\"},\"breadcrumb\":{\"@id\":\"https:\\\/\\\/candas365.es\\\/noticias\\\/cultura-y-verano-en-teatro-prendes-de-candas\\\/#breadcrumblist\"},\"author\":{\"@id\":\"https:\\\/\\\/candas365.es\\\/noticias\\\/author\\\/admin\\\/#author\"},\"creator\":{\"@id\":\"https:\\\/\\\/candas365.es\\\/noticias\\\/author\\\/admin\\\/#author\"},\"image\":{\"@type\":\"ImageObject\",\"url\":\"https:\\\/\\\/candas365.es\\\/noticias\\\/wp-content\\\/uploads\\\/2015\\\/09\\\/cine-candas.jpg\",\"@id\":\"https:\\\/\\\/candas365.es\\\/noticias\\\/cultura-y-verano-en-teatro-prendes-de-candas\\\/#mainImage\",\"width\":655,\"height\":360},\"primaryImageOfPage\":{\"@id\":\"https:\\\/\\\/candas365.es\\\/noticias\\\/cultura-y-verano-en-teatro-prendes-de-candas\\\/#mainImage\"},\"datePublished\":\"2021-06-22T10:27:15+02:00\",\"dateModified\":\"2021-07-10T10:28:44+02:00\"},{\"@type\":\"WebSite\",\"@id\":\"https:\\\/\\\/candas365.es\\\/noticias\\\/#website\",\"url\":\"https:\\\/\\\/candas365.es\\\/noticias\\\/\",\"name\":\"Cand\\u00e1s 365\",\"alternateName\":\"Cand\\u00e1s 365 Noticias\",\"description\":\"Actualidad desde Carre\\u00f1o para el mundo\",\"inLanguage\":\"es-ES\",\"publisher\":{\"@id\":\"https:\\\/\\\/candas365.es\\\/noticias\\\/#organization\"}}]}\n\t\t<\/script>\n\t\t<!-- All in One SEO Pro -->\r\n\t\t<title>Cultura y verano en Teatro Prendes de Cand\u00e1s | Cand\u00e1s 365<\/title>\n\n","aioseo_head_json":{"title":"Cultura y verano en Teatro Prendes de Cand\u00e1s | Cand\u00e1s 365","description":"El edil de Cultura y presidente del Patronato Centro Cultural Teatro Prendes, Jos\u00e9 Jes\u00fas Varela, dio a conocer ayer a la Junta Rectora de la instituci\u00f3n municipal","canonical_url":"https:\/\/candas365.es\/noticias\/cultura-y-verano-en-teatro-prendes-de-candas\/","robots":"max-image-preview:large","keywords":"noticias carre\u00f1o","webmasterTools":{"google-site-verification":"UA-32230408-1","msvalidate.01":"354F3CDFB2DA171B47FBE9ABF1F88D5","miscellaneous":""},"schema":{"@context":"https:\/\/schema.org","@graph":[{"@type":"BreadcrumbList","@id":"https:\/\/candas365.es\/noticias\/cultura-y-verano-en-teatro-prendes-de-candas\/#breadcrumblist","itemListElement":[{"@type":"ListItem","@id":"https:\/\/candas365.es\/noticias#listItem","position":1,"name":"Home","item":"https:\/\/candas365.es\/noticias","nextItem":{"@type":"ListItem","@id":"https:\/\/candas365.es\/noticias\/category\/noticias-carreno\/#listItem","name":"Noticias Carre\u00f1o"}},{"@type":"ListItem","@id":"https:\/\/candas365.es\/noticias\/category\/noticias-carreno\/#listItem","position":2,"name":"Noticias Carre\u00f1o","item":"https:\/\/candas365.es\/noticias\/category\/noticias-carreno\/","nextItem":{"@type":"ListItem","@id":"https:\/\/candas365.es\/noticias\/cultura-y-verano-en-teatro-prendes-de-candas\/#listItem","name":"Cultura y verano en Teatro Prendes de Cand\u00e1s"},"previousItem":{"@type":"ListItem","@id":"https:\/\/candas365.es\/noticias#listItem","name":"Home"}},{"@type":"ListItem","@id":"https:\/\/candas365.es\/noticias\/cultura-y-verano-en-teatro-prendes-de-candas\/#listItem","position":3,"name":"Cultura y verano en Teatro Prendes de Cand\u00e1s","previousItem":{"@type":"ListItem","@id":"https:\/\/candas365.es\/noticias\/category\/noticias-carreno\/#listItem","name":"Noticias Carre\u00f1o"}}]},{"@type":"NewsArticle","@id":"https:\/\/candas365.es\/noticias\/cultura-y-verano-en-teatro-prendes-de-candas\/#newsarticle","name":"Cultura y verano en Teatro Prendes de Cand\u00e1s | Cand\u00e1s 365","headline":"Cultura y verano en Teatro Prendes de Cand\u00e1s","author":{"@id":"https:\/\/candas365.es\/noticias\/author\/admin\/#author"},"publisher":{"@id":"https:\/\/candas365.es\/noticias\/#organization"},"image":{"@type":"ImageObject","url":"https:\/\/candas365.es\/noticias\/wp-content\/uploads\/2015\/09\/cine-candas.jpg","width":655,"height":360},"datePublished":"2021-06-22T10:27:15+02:00","dateModified":"2021-07-10T10:28:44+02:00","inLanguage":"es-ES","mainEntityOfPage":{"@id":"https:\/\/candas365.es\/noticias\/cultura-y-verano-en-teatro-prendes-de-candas\/#webpage"},"isPartOf":{"@id":"https:\/\/candas365.es\/noticias\/cultura-y-verano-en-teatro-prendes-de-candas\/#webpage"},"articleSection":"Noticias Carre\u00f1o","dateline":"Publicado el junio 22, 2021."},{"@type":"Organization","@id":"https:\/\/candas365.es\/noticias\/#organization","name":"Cand\u00e1s 365","description":"Cand\u00e1s 365 es un diario digital independiente, fundado en 2012, con base en Asturias. Informamos con rigor sobre actualidad, sociedad, cultura y ocio, con una mirada local y global.","url":"https:\/\/candas365.es\/noticias\/","email":"info@candas365.es","telephone":"+34652131393","foundingDate":"2012-06-10","logo":{"@type":"ImageObject","url":"https:\/\/candas365.es\/noticias\/wp-content\/uploads\/2024\/09\/Candas-365-Redes.jpg","@id":"https:\/\/candas365.es\/noticias\/cultura-y-verano-en-teatro-prendes-de-candas\/#organizationLogo","width":1152,"height":864,"caption":"Cand\u00e1s 365 Redes"},"image":{"@id":"https:\/\/candas365.es\/noticias\/cultura-y-verano-en-teatro-prendes-de-candas\/#organizationLogo"},"sameAs":["https:\/\/www.facebook.com\/Nachofdezber","https:\/\/x.com\/NabercoDigital","https:\/\/www.instagram.com\/nachofdezber\/","https:\/\/www.youtube.com\/channel\/UCZP-2wLEB9Rv6erhFmqVnvg"],"address":{"@id":"https:\/\/candas365.es\/noticias\/#postaladdress","@type":"PostalAddress","streetAddress":"san antonio 4, san antonio 4","postalCode":"33430","addressLocality":"Cand\u00e1s","addressRegion":"Asturias","addressCountry":"ES"}},{"@type":"Person","@id":"https:\/\/candas365.es\/noticias\/author\/admin\/#author","url":"https:\/\/candas365.es\/noticias\/author\/admin\/","name":"Cand\u00e1s 365","image":{"@type":"ImageObject","@id":"https:\/\/candas365.es\/noticias\/cultura-y-verano-en-teatro-prendes-de-candas\/#authorImage","url":"https:\/\/secure.gravatar.com\/avatar\/496a8e03d0c493ede1718b7934145dbdf8d89be1036b0eec9544e1094c9de390?s=96&d=mm&r=g","width":96,"height":96,"caption":"Cand\u00e1s 365"},"sameAs":["https:\/\/www.facebook.com\/carrenoactualidad","https:\/\/twitter.com\/nbasturias","https:\/\/www.instagram.com\/nachofdezber\/","https:\/\/www.youtube.com\/channel\/UCZP-2wLEB9Rv6erhFmqVnvg"]},{"@type":"WebPage","@id":"https:\/\/candas365.es\/noticias\/cultura-y-verano-en-teatro-prendes-de-candas\/#webpage","url":"https:\/\/candas365.es\/noticias\/cultura-y-verano-en-teatro-prendes-de-candas\/","name":"Cultura y verano en Teatro Prendes de Cand\u00e1s | Cand\u00e1s 365","description":"El edil de Cultura y presidente del Patronato Centro Cultural Teatro Prendes, Jos\u00e9 Jes\u00fas Varela, dio a conocer ayer a la Junta Rectora de la instituci\u00f3n municipal","inLanguage":"es-ES","isPartOf":{"@id":"https:\/\/candas365.es\/noticias\/#website"},"breadcrumb":{"@id":"https:\/\/candas365.es\/noticias\/cultura-y-verano-en-teatro-prendes-de-candas\/#breadcrumblist"},"author":{"@id":"https:\/\/candas365.es\/noticias\/author\/admin\/#author"},"creator":{"@id":"https:\/\/candas365.es\/noticias\/author\/admin\/#author"},"image":{"@type":"ImageObject","url":"https:\/\/candas365.es\/noticias\/wp-content\/uploads\/2015\/09\/cine-candas.jpg","@id":"https:\/\/candas365.es\/noticias\/cultura-y-verano-en-teatro-prendes-de-candas\/#mainImage","width":655,"height":360},"primaryImageOfPage":{"@id":"https:\/\/candas365.es\/noticias\/cultura-y-verano-en-teatro-prendes-de-candas\/#mainImage"},"datePublished":"2021-06-22T10:27:15+02:00","dateModified":"2021-07-10T10:28:44+02:00"},{"@type":"WebSite","@id":"https:\/\/candas365.es\/noticias\/#website","url":"https:\/\/candas365.es\/noticias\/","name":"Cand\u00e1s 365","alternateName":"Cand\u00e1s 365 Noticias","description":"Actualidad desde Carre\u00f1o para el mundo","inLanguage":"es-ES","publisher":{"@id":"https:\/\/candas365.es\/noticias\/#organization"}}]},"og:locale":"es_ES","og:site_name":"Cand\u00e1s 365","og:type":"article","og:title":"Cultura y verano en Teatro Prendes de Cand\u00e1s | Cand\u00e1s 365","og:description":"El edil de Cultura y presidente del Patronato Centro Cultural Teatro Prendes, Jos\u00e9 Jes\u00fas Varela, dio a conocer ayer a la Junta Rectora de la instituci\u00f3n municipal","og:url":"https:\/\/candas365.es\/noticias\/cultura-y-verano-en-teatro-prendes-de-candas\/","og:image":"https:\/\/candas365.es\/noticias\/wp-content\/uploads\/2015\/09\/cine-candas.jpg","og:image:secure_url":"https:\/\/candas365.es\/noticias\/wp-content\/uploads\/2015\/09\/cine-candas.jpg","og:image:width":655,"og:image:height":360,"article:published_time":"2021-06-22T10:27:15+00:00","article:modified_time":"2021-07-10T10:28:44+00:00","article:publisher":"https:\/\/www.facebook.com\/Nachofdezber","article:author":"https:\/\/www.facebook.com\/carrenoactualidad","twitter:card":"summary_large_image","twitter:site":"@NabercoDigital","twitter:title":"Cultura y verano en Teatro Prendes de Cand\u00e1s | Cand\u00e1s 365","twitter:description":"El edil de Cultura y presidente del Patronato Centro Cultural Teatro Prendes, Jos\u00e9 Jes\u00fas Varela, dio a conocer ayer a la Junta Rectora de la instituci\u00f3n municipal","twitter:creator":"@nbasturias","twitter:image":"https:\/\/candas365.es\/noticias\/wp-content\/uploads\/2015\/09\/cine-candas.jpg","twitter:label1":"Escrito por","twitter:data1":"Cand\u00e1s 365","twitter:label2":"Tiempo de lectura estimado","twitter:data2":"2 minutos"},"aioseo_meta_data":{"post_id":"156669","title":null,"description":"El edil de Cultura y presidente del Patronato Centro Cultural Teatro Prendes, Jos\u00e9 Jes\u00fas Varela, dio a conocer ayer a la Junta Rectora de la instituci\u00f3n municipal","keywords":[],"keyphrases":{"focus":[],"additional":[]},"primary_term":null,"canonical_url":null,"og_title":null,"og_description":null,"og_object_type":"default","og_image_type":"default","og_image_url":null,"og_image_width":null,"og_image_height":null,"og_image_custom_url":null,"og_image_custom_fields":null,"og_video":"","og_custom_url":null,"og_article_section":null,"og_article_tags":[],"twitter_use_og":false,"twitter_card":"default","twitter_image_type":"default","twitter_image_url":null,"twitter_image_custom_url":null,"twitter_image_custom_fields":null,"twitter_title":null,"twitter_description":null,"schema":{"blockGraphs":[],"customGraphs":[],"default":{"data":{"Article":[],"Course":[],"Dataset":[],"FAQPage":[],"Movie":[],"Person":[],"Product":[],"ProductReview":[],"Car":[],"Recipe":[],"Service":[],"SoftwareApplication":[],"WebPage":[]},"graphName":"","isEnabled":true},"graphs":[],"defaultGraph":"Article","defaultPostTypeGraph":""},"schema_type":"default","schema_type_options":"{\"article\":{\"articleType\":\"BlogPosting\"},\"course\":{\"name\":\"\",\"description\":\"\",\"provider\":\"\"},\"faq\":{\"pages\":[]},\"product\":{\"reviews\":[]},\"recipe\":{\"ingredients\":[],\"instructions\":[],\"keywords\":[]},\"software\":{\"reviews\":[],\"operatingSystems\":[]},\"webPage\":{\"webPageType\":\"WebPage\"}}","pillar_content":false,"robots_default":true,"robots_noindex":false,"robots_noarchive":false,"robots_nosnippet":false,"robots_nofollow":false,"robots_noimageindex":false,"robots_noodp":false,"robots_notranslate":false,"robots_max_snippet":"-1","robots_max_videopreview":"-1","robots_max_imagepreview":"large","priority":null,"frequency":"default","location":null,"local_seo":{"locations":{"business":{"name":"","businessType":"","image":"","areaServed":"","urls":{"website":"","aboutPage":"","contactPage":""},"address":{"streetLine1":"","streetLine2":"","zipCode":"","city":"","state":"","country":"","addressFormat":"#streetLineOne\n#streetLineTwo\n#city, #state #zipCode"},"contact":{"email":"","phone":"","phoneFormatted":"","fax":"","faxFormatted":""},"ids":{"vat":"","tax":"","chamberOfCommerce":""},"payment":{"priceRange":"","currenciesAccepted":"","methods":""}}},"openingHours":{"useDefaults":true,"show":true,"alwaysOpen":false,"use24hFormat":false,"timezone":"","labels":{"closed":"","alwaysOpen":""},"days":{"monday":{"open24h":false,"closed":false,"openTime":"09:00","closeTime":"17:00"},"tuesday":{"open24h":false,"closed":false,"openTime":"09:00","closeTime":"17:00"},"wednesday":{"open24h":false,"closed":false,"openTime":"09:00","closeTime":"17:00"},"thursday":{"open24h":false,"closed":false,"openTime":"09:00","closeTime":"17:00"},"friday":{"open24h":false,"closed":false,"openTime":"09:00","closeTime":"17:00"},"saturday":{"open24h":false,"closed":false,"openTime":"09:00","closeTime":"17:00"},"sunday":{"open24h":false,"closed":false,"openTime":"09:00","closeTime":"17:00"}}}},"seo_analyzer_scan_date":"2025-08-31 23:29:14","breadcrumb_settings":null,"limit_modified_date":false,"reviewed_by":null,"open_ai":null,"ai":null,"created":"2021-07-10 10:27:15","updated":"2025-08-31 23:29:14"},"aioseo_breadcrumb":"<div class=\"aioseo-breadcrumbs\"><span class=\"aioseo-breadcrumb\">\n\t<a href=\"https:\/\/candas365.es\/noticias\" title=\"Home\">Home<\/a>\n<\/span><span class=\"aioseo-breadcrumb-separator\">&ndash;<\/span><span class=\"aioseo-breadcrumb\">\n\t<a href=\"https:\/\/candas365.es\/noticias\/category\/noticias-carreno\/\" title=\"Noticias Carre\u00f1o\">Noticias Carre\u00f1o<\/a>\n<\/span><span class=\"aioseo-breadcrumb-separator\">&ndash;<\/span><span class=\"aioseo-breadcrumb\">\n\tCultura y verano en Teatro Prendes de Cand\u00e1s\n<\/span><\/div>","aioseo_breadcrumb_json":[{"label":"Home","link":"https:\/\/candas365.es\/noticias"},{"label":"Noticias Carre\u00f1o","link":"https:\/\/candas365.es\/noticias\/category\/noticias-carreno\/"},{"label":"Cultura y verano en Teatro Prendes de Cand\u00e1s","link":"https:\/\/candas365.es\/noticias\/cultura-y-verano-en-teatro-prendes-de-candas\/"}],"_links":{"self":[{"href":"https:\/\/candas365.es\/noticias\/wp-json\/wp\/v2\/posts\/156669","targetHints":{"allow":["GET"]}}],"collection":[{"href":"https:\/\/candas365.es\/noticias\/wp-json\/wp\/v2\/posts"}],"about":[{"href":"https:\/\/candas365.es\/noticias\/wp-json\/wp\/v2\/types\/post"}],"author":[{"embeddable":true,"href":"https:\/\/candas365.es\/noticias\/wp-json\/wp\/v2\/users\/1"}],"replies":[{"embeddable":true,"href":"https:\/\/candas365.es\/noticias\/wp-json\/wp\/v2\/comments?post=156669"}],"version-history":[{"count":0,"href":"https:\/\/candas365.es\/noticias\/wp-json\/wp\/v2\/posts\/156669\/revisions"}],"wp:featuredmedia":[{"embeddable":true,"href":"https:\/\/candas365.es\/noticias\/wp-json\/wp\/v2\/media\/16323"}],"wp:attachment":[{"href":"https:\/\/candas365.es\/noticias\/wp-json\/wp\/v2\/media?parent=156669"}],"wp:term":[{"taxonomy":"category","embeddable":true,"href":"https:\/\/candas365.es\/noticias\/wp-json\/wp\/v2\/categories?post=156669"},{"taxonomy":"post_tag","embeddable":true,"href":"https:\/\/candas365.es\/noticias\/wp-json\/wp\/v2\/tags?post=156669"}],"curies":[{"name":"wp","href":"https:\/\/api.w.org\/{rel}","templated":true}]}}